{"id":1498,"date":"2019-04-30T13:42:00","date_gmt":"2019-04-30T11:42:00","guid":{"rendered":"https:\/\/instytutpolski.pl\/bucuresti\/?p=1498"},"modified":"2020-05-13T14:21:48","modified_gmt":"2020-05-13T12:21:48","slug":"15-ani-de-la-aderarea-poloniei-la-ue","status":"publish","type":"post","link":"https:\/\/instytutpolski.pl\/bucuresti\/2019\/04\/30\/15-ani-de-la-aderarea-poloniei-la-ue\/","title":{"rendered":"15 ani de la aderarea Poloniei la UE"},"content":{"rendered":"\n<p>Primul pas a fost semnarea, la 16 decembrie 1991, a Acordului European ce punea bazele asocierii dintre Polonia \u0219i Comunit\u0103\u021bile Europene al\u0103turi de statele sale membre. Momentul simbolic a fost depunerea de c\u0103tre Guvernul Republicii Polone, pe 8 aprilie 1994, la Atena, a cererii formale de aderare la Uniunea European\u0103. Patru ani mai t\u00e2rziu au \u00eenceput negocierile propriu-zise &#8211; \u00een referendumul de aderare, care a avut loc \u00een perioada 7-8 iunie 2003, 77,45% dintre polonezi au votat \u00een favoarea ader\u0103rii la Uniunea European\u0103. Polonia este cea mai populat\u0103 \u0219i cea mai mare \u021bar\u0103 ca suprafa\u021b\u0103 care a aderat la UE dup\u0103 anul 2004. Economia polonez\u0103 este a \u0219asea din punct de vedere al PIB-ului \u00een Uniunea European\u0103, men\u021bin\u00e2nd-\u0219i \u00een acela\u0219i timp unul dintre cele mai \u00eenalte niveluri de cre\u0219tere din Comunitate. Polonia este un membru activ \u0219i important al UE, care ia parte la la cele mai importante dezbateri \u00een forumul Uniunii Europene privind viitorul UE, politica de migra\u021bie, cea climatic\u0103 \u0219i economic\u0103. Apartenen\u021ba Poloniei consolideaz\u0103 pozi\u021bia Republicii pe arena interna\u021bional\u0103, aduc\u00e2nd numeroase beneficii economice, politice \u0219i sociale.<\/p>\n<p><em>Aderarea Poloniei la Uniunea European\u0103 a fost \u00eencununarea eforturilor tuturor guvernelor formate dup\u0103 victoria Solidarit\u0103\u021bii din anul 1989. [&#8230;] Aderarea la Uniunea European\u0103 a devenit planul permanent de modernizare a \u021b\u0103rii, economiei \u0219i politicii noastre externe\u00a0<\/em>&#8211; a declarat ministrul de externe Jacek Czaputowicz \u00een cadrul discursului sus\u021binut \u00een fa\u021ba Seimului Republicii Polone pe 14 martie 2019.<\/p>\n<p>Biroul de Pres\u0103 al Ministerului Afacerilor Externe din Polonia<\/p>\n","protected":false},"excerpt":{"rendered":"<p>Primul pas a fost semnarea, la 16 decembrie 1991, a Acordului European ce punea bazele asocierii dintre Polonia \u0219i Comunit\u0103\u021bile Europene al\u0103turi de statele sale membre. Momentul simbolic a fost depunerea de c\u0103tre Guvernul Republicii Polone, pe 8 aprilie 1994, la Atena, a cererii formale de aderare la Uniunea European\u0103. Patru ani mai t\u00e2rziu au [&hellip;]<\/p>\n","protected":false},"author":40,"featured_media":1502,"comment_status":"open","ping_status":"open","sticky":false,"template":"","format":"standard","meta":{"inline_featured_image":false,"_monsterinsights_skip_tracking":false,"_monsterinsights_sitenote_active":false,"_monsterinsights_sitenote_note":"","_monsterinsights_sitenote_category":0,"footnotes":""},"categories":[14,100],"tags":[],"class_list":["post-1498","post","type-post","status-publish","format-standard","has-post-thumbnail","hentry","category-istorie","category-stiri-ro"],"yoast_head":"<!-- This site is optimized with the Yoast SEO plugin v24.6 - https:\/\/yoast.com\/wordpress\/plugins\/seo\/ -->\n<title>15 ani de la aderarea Poloniei la UE - Instytut Polski w Bukareszcie<\/title>\n<meta name=\"robots\" content=\"index, follow, max-snippet:-1, max-image-preview:large, max-video-preview:-1\" \/>\n<link rel=\"canonical\" href=\"https:\/\/instytutpolski.pl\/bucuresti\/2019\/04\/30\/15-ani-de-la-aderarea-poloniei-la-ue\/\" \/>\n<meta property=\"og:locale\" content=\"pl_PL\" \/>\n<meta property=\"og:type\" content=\"article\" \/>\n<meta property=\"og:title\" content=\"15 ani de la aderarea Poloniei la UE - Instytut Polski w Bukareszcie\" \/>\n<meta property=\"og:description\" content=\"Primul pas a fost semnarea, la 16 decembrie 1991, a Acordului European ce punea bazele asocierii dintre Polonia \u0219i Comunit\u0103\u021bile Europene al\u0103turi de statele sale membre. Momentul simbolic a fost depunerea de c\u0103tre Guvernul Republicii Polone, pe 8 aprilie 1994, la Atena, a cererii formale de aderare la Uniunea European\u0103. Patru ani mai t\u00e2rziu au [&hellip;]\" \/>\n<meta property=\"og:url\" content=\"https:\/\/instytutpolski.pl\/bucuresti\/2019\/04\/30\/15-ani-de-la-aderarea-poloniei-la-ue\/\" \/>\n<meta property=\"og:site_name\" content=\"Instytut Polski w Bukareszcie\" \/>\n<meta property=\"article:published_time\" content=\"2019-04-30T11:42:00+00:00\" \/>\n<meta property=\"article:modified_time\" content=\"2020-05-13T12:21:48+00:00\" \/>\n<meta property=\"og:image\" content=\"https:\/\/instytutpolski.pl\/bucuresti\/wp-content\/uploads\/sites\/11\/2019\/04\/15-ani-de-la-aderarea-poloniei-la-ue_192f17.png\" \/>\n\t<meta property=\"og:image:width\" content=\"828\" \/>\n\t<meta property=\"og:image:height\" content=\"848\" \/>\n\t<meta property=\"og:image:type\" content=\"image\/png\" \/>\n<meta name=\"author\" content=\"mrozowskiw\" \/>\n<meta name=\"twitter:card\" content=\"summary_large_image\" \/>\n<meta name=\"twitter:label1\" content=\"Napisane przez\" \/>\n\t<meta name=\"twitter:data1\" content=\"mrozowskiw\" \/>\n\t<meta name=\"twitter:label2\" content=\"Szacowany czas czytania\" \/>\n\t<meta name=\"twitter:data2\" content=\"1 minuta\" \/>\n<script type=\"application\/ld+json\" class=\"yoast-schema-graph\">{\"@context\":\"https:\/\/schema.org\",\"@graph\":[{\"@type\":\"event\",\"@id\":\"https:\/\/instytutpolski.pl\/bucuresti\/2019\/04\/30\/15-ani-de-la-aderarea-poloniei-la-ue\/\",\"url\":\"https:\/\/instytutpolski.pl\/bucuresti\/2019\/04\/30\/15-ani-de-la-aderarea-poloniei-la-ue\/\",\"name\":\"15 ani de la aderarea Poloniei la UE\",\"isPartOf\":{\"@id\":\"https:\/\/instytutpolski.pl\/bucuresti\/#website\"},\"primaryImageOfPage\":{\"@id\":\"https:\/\/instytutpolski.pl\/bucuresti\/2019\/04\/30\/15-ani-de-la-aderarea-poloniei-la-ue\/#primaryimage\"},\"image\":[\"https:\/\/instytutpolski.pl\/bucuresti\/wp-content\/uploads\/sites\/11\/2019\/04\/15-ani-de-la-aderarea-poloniei-la-ue_192f17.png\",\"https:\/\/instytutpolski.pl\/bucuresti\/wp-content\/uploads\/sites\/11\/2019\/04\/15-ani-de-la-aderarea-poloniei-la-ue_192f17-293x300.png\",\"https:\/\/instytutpolski.pl\/bucuresti\/wp-content\/uploads\/sites\/11\/2019\/04\/15-ani-de-la-aderarea-poloniei-la-ue_192f17.png\",\"https:\/\/instytutpolski.pl\/bucuresti\/wp-content\/uploads\/sites\/11\/2019\/04\/15-ani-de-la-aderarea-poloniei-la-ue_192f17.png\"],\"thumbnailUrl\":\"https:\/\/instytutpolski.pl\/bucuresti\/wp-content\/uploads\/sites\/11\/2019\/04\/15-ani-de-la-aderarea-poloniei-la-ue_192f17.png\",\"datePublished\":\"2019-04-30T11:42:00+02:00\",\"dateModified\":\"2020-05-13T12:21:48+02:00\",\"author\":{\"@id\":\"https:\/\/instytutpolski.pl\/bucuresti\/#\/schema\/person\/bb4c505717d34987a9f9d15c79a24bb8\"},\"breadcrumb\":{\"@id\":\"https:\/\/instytutpolski.pl\/bucuresti\/2019\/04\/30\/15-ani-de-la-aderarea-poloniei-la-ue\/#breadcrumb\"},\"inLanguage\":\"pl-PL\",\"potentialAction\":[{\"@type\":\"ReadAction\",\"target\":[\"https:\/\/instytutpolski.pl\/bucuresti\/2019\/04\/30\/15-ani-de-la-aderarea-poloniei-la-ue\/\"]}],\"@context\":\"https:\/\/schema.org\",\"startDate\":\"2019-05-01\",\"endDate\":\"2019-05-05\",\"eventStatus\":\"EventScheduled\",\"eventAttendanceMode\":\"OfflineEventAttendanceMode\",\"location\":{\"@type\":\"place\",\"name\":\"\",\"address\":\"\",\"geo\":{\"@type\":\"GeoCoordinates\",\"latitude\":\"\",\"longitude\":\"\"}},\"description\":\"Primul pas a fost semnarea, la 16 decembrie 1991, a Acordului European ce punea bazele asocierii dintre Polonia \u0219i Comunit\u0103\u021bile Europene al\u0103turi de statele sale membre. Momentul simbolic a fost depunerea de c\u0103tre Guvernul Republicii Polone, pe 8 aprilie 1994, la Atena, a cererii formale de aderare la Uniunea European\u0103. Patru ani mai t\u00e2rziu au \u00eenceput negocierile propriu-zise - \u00een referendumul de aderare, care a avut loc \u00een perioada 7-8 iunie 2003, 77,45% dintre polonezi au votat \u00een favoarea ader\u0103rii la Uniunea European\u0103. Polonia este cea mai populat\u0103 \u0219i cea mai mare \u021bar\u0103 ca suprafa\u021b\u0103 care a aderat la UE dup\u0103 anul 2004. Economia polonez\u0103 este a \u0219asea din punct de vedere al PIB-ului \u00een Uniunea European\u0103, men\u021bin\u00e2nd-\u0219i \u00een acela\u0219i timp unul dintre cele mai \u00eenalte niveluri de cre\u0219tere din Comunitate. Polonia este un membru activ \u0219i important al UE, care ia parte la la cele mai importante dezbateri \u00een forumul Uniunii Europene privind viitorul UE, politica de migra\u021bie, cea climatic\u0103 \u0219i economic\u0103. Apartenen\u021ba Poloniei consolideaz\u0103 pozi\u021bia Republicii pe arena interna\u021bional\u0103, aduc\u00e2nd numeroase beneficii economice, politice \u0219i sociale.\\nAderarea Poloniei la Uniunea European\u0103 a fost \u00eencununarea eforturilor tuturor guvernelor formate dup\u0103 victoria Solidarit\u0103\u021bii din anul 1989. [...] Aderarea la Uniunea European\u0103 a devenit planul permanent de modernizare a \u021b\u0103rii, economiei \u0219i politicii noastre externe\u00a0- a declarat ministrul de externe Jacek Czaputowicz \u00een cadrul discursului sus\u021binut \u00een fa\u021ba Seimului Republicii Polone pe 14 martie 2019.\\nBiroul de Pres\u0103 al Ministerului Afacerilor Externe din Polonia\"},{\"@type\":\"ImageObject\",\"inLanguage\":\"pl-PL\",\"@id\":\"https:\/\/instytutpolski.pl\/bucuresti\/2019\/04\/30\/15-ani-de-la-aderarea-poloniei-la-ue\/#primaryimage\",\"url\":\"https:\/\/instytutpolski.pl\/bucuresti\/wp-content\/uploads\/sites\/11\/2019\/04\/15-ani-de-la-aderarea-poloniei-la-ue_192f17.png\",\"contentUrl\":\"https:\/\/instytutpolski.pl\/bucuresti\/wp-content\/uploads\/sites\/11\/2019\/04\/15-ani-de-la-aderarea-poloniei-la-ue_192f17.png\",\"width\":828,\"height\":848},{\"@type\":\"BreadcrumbList\",\"@id\":\"https:\/\/instytutpolski.pl\/bucuresti\/2019\/04\/30\/15-ani-de-la-aderarea-poloniei-la-ue\/#breadcrumb\",\"itemListElement\":[{\"@type\":\"ListItem\",\"position\":1,\"name\":\"Home\",\"item\":\"https:\/\/instytutpolski.pl\/bucuresti\/\"},{\"@type\":\"ListItem\",\"position\":2,\"name\":\"15 ani de la aderarea Poloniei la UE\"}]},{\"@type\":\"WebSite\",\"@id\":\"https:\/\/instytutpolski.pl\/bucuresti\/#website\",\"url\":\"https:\/\/instytutpolski.pl\/bucuresti\/\",\"name\":\"Instytut Polski w Bukareszcie\",\"description\":\"Instytuty Polskie\",\"potentialAction\":[{\"@type\":\"SearchAction\",\"target\":{\"@type\":\"EntryPoint\",\"urlTemplate\":\"https:\/\/instytutpolski.pl\/bucuresti\/?s={search_term_string}\"},\"query-input\":{\"@type\":\"PropertyValueSpecification\",\"valueRequired\":true,\"valueName\":\"search_term_string\"}}],\"inLanguage\":\"pl-PL\"},{\"@type\":\"Person\",\"@id\":\"https:\/\/instytutpolski.pl\/bucuresti\/#\/schema\/person\/bb4c505717d34987a9f9d15c79a24bb8\",\"name\":\"mrozowskiw\",\"image\":{\"@type\":\"ImageObject\",\"inLanguage\":\"pl-PL\",\"@id\":\"https:\/\/instytutpolski.pl\/bucuresti\/#\/schema\/person\/image\/\",\"url\":\"https:\/\/secure.gravatar.com\/avatar\/563584068e0e0cfe9f36feb55c42a1e4?s=96&d=mm&r=g\",\"contentUrl\":\"https:\/\/secure.gravatar.com\/avatar\/563584068e0e0cfe9f36feb55c42a1e4?s=96&d=mm&r=g\",\"caption\":\"mrozowskiw\"},\"sameAs\":[\"http:\/\/instytutpolski.pl\/bucuresti\/\",\"mrozowskiw\"],\"url\":\"https:\/\/instytutpolski.pl\/bucuresti\/author\/mrozowskiw\/\"}]}<\/script>\n<!-- \/ Yoast SEO plugin. -->","yoast_head_json":{"title":"15 ani de la aderarea Poloniei la UE - Instytut Polski w Bukareszcie","robots":{"index":"index","follow":"follow","max-snippet":"max-snippet:-1","max-image-preview":"max-image-preview:large","max-video-preview":"max-video-preview:-1"},"canonical":"https:\/\/instytutpolski.pl\/bucuresti\/2019\/04\/30\/15-ani-de-la-aderarea-poloniei-la-ue\/","og_locale":"pl_PL","og_type":"article","og_title":"15 ani de la aderarea Poloniei la UE - Instytut Polski w Bukareszcie","og_description":"Primul pas a fost semnarea, la 16 decembrie 1991, a Acordului European ce punea bazele asocierii dintre Polonia \u0219i Comunit\u0103\u021bile Europene al\u0103turi de statele sale membre. Momentul simbolic a fost depunerea de c\u0103tre Guvernul Republicii Polone, pe 8 aprilie 1994, la Atena, a cererii formale de aderare la Uniunea European\u0103. Patru ani mai t\u00e2rziu au [&hellip;]","og_url":"https:\/\/instytutpolski.pl\/bucuresti\/2019\/04\/30\/15-ani-de-la-aderarea-poloniei-la-ue\/","og_site_name":"Instytut Polski w Bukareszcie","article_published_time":"2019-04-30T11:42:00+00:00","article_modified_time":"2020-05-13T12:21:48+00:00","og_image":[{"width":828,"height":848,"url":"https:\/\/instytutpolski.pl\/bucuresti\/wp-content\/uploads\/sites\/11\/2019\/04\/15-ani-de-la-aderarea-poloniei-la-ue_192f17.png","type":"image\/png"}],"author":"mrozowskiw","twitter_card":"summary_large_image","twitter_misc":{"Napisane przez":"mrozowskiw","Szacowany czas czytania":"1 minuta"},"schema":{"@context":"https:\/\/schema.org","@graph":[{"@type":"event","@id":"https:\/\/instytutpolski.pl\/bucuresti\/2019\/04\/30\/15-ani-de-la-aderarea-poloniei-la-ue\/","url":"https:\/\/instytutpolski.pl\/bucuresti\/2019\/04\/30\/15-ani-de-la-aderarea-poloniei-la-ue\/","name":"15 ani de la aderarea Poloniei la UE","isPartOf":{"@id":"https:\/\/instytutpolski.pl\/bucuresti\/#website"},"primaryImageOfPage":{"@id":"https:\/\/instytutpolski.pl\/bucuresti\/2019\/04\/30\/15-ani-de-la-aderarea-poloniei-la-ue\/#primaryimage"},"image":["https:\/\/instytutpolski.pl\/bucuresti\/wp-content\/uploads\/sites\/11\/2019\/04\/15-ani-de-la-aderarea-poloniei-la-ue_192f17.png","https:\/\/instytutpolski.pl\/bucuresti\/wp-content\/uploads\/sites\/11\/2019\/04\/15-ani-de-la-aderarea-poloniei-la-ue_192f17-293x300.png","https:\/\/instytutpolski.pl\/bucuresti\/wp-content\/uploads\/sites\/11\/2019\/04\/15-ani-de-la-aderarea-poloniei-la-ue_192f17.png","https:\/\/instytutpolski.pl\/bucuresti\/wp-content\/uploads\/sites\/11\/2019\/04\/15-ani-de-la-aderarea-poloniei-la-ue_192f17.png"],"thumbnailUrl":"https:\/\/instytutpolski.pl\/bucuresti\/wp-content\/uploads\/sites\/11\/2019\/04\/15-ani-de-la-aderarea-poloniei-la-ue_192f17.png","datePublished":"2019-04-30T11:42:00+02:00","dateModified":"2020-05-13T12:21:48+02:00","author":{"@id":"https:\/\/instytutpolski.pl\/bucuresti\/#\/schema\/person\/bb4c505717d34987a9f9d15c79a24bb8"},"breadcrumb":{"@id":"https:\/\/instytutpolski.pl\/bucuresti\/2019\/04\/30\/15-ani-de-la-aderarea-poloniei-la-ue\/#breadcrumb"},"inLanguage":"pl-PL","potentialAction":[{"@type":"ReadAction","target":["https:\/\/instytutpolski.pl\/bucuresti\/2019\/04\/30\/15-ani-de-la-aderarea-poloniei-la-ue\/"]}],"@context":"https:\/\/schema.org","startDate":"2019-05-01","endDate":"2019-05-05","eventStatus":"EventScheduled","eventAttendanceMode":"OfflineEventAttendanceMode","location":{"@type":"place","name":"","address":"","geo":{"@type":"GeoCoordinates","latitude":"","longitude":""}},"description":"Primul pas a fost semnarea, la 16 decembrie 1991, a Acordului European ce punea bazele asocierii dintre Polonia \u0219i Comunit\u0103\u021bile Europene al\u0103turi de statele sale membre. Momentul simbolic a fost depunerea de c\u0103tre Guvernul Republicii Polone, pe 8 aprilie 1994, la Atena, a cererii formale de aderare la Uniunea European\u0103. Patru ani mai t\u00e2rziu au \u00eenceput negocierile propriu-zise - \u00een referendumul de aderare, care a avut loc \u00een perioada 7-8 iunie 2003, 77,45% dintre polonezi au votat \u00een favoarea ader\u0103rii la Uniunea European\u0103. Polonia este cea mai populat\u0103 \u0219i cea mai mare \u021bar\u0103 ca suprafa\u021b\u0103 care a aderat la UE dup\u0103 anul 2004. Economia polonez\u0103 este a \u0219asea din punct de vedere al PIB-ului \u00een Uniunea European\u0103, men\u021bin\u00e2nd-\u0219i \u00een acela\u0219i timp unul dintre cele mai \u00eenalte niveluri de cre\u0219tere din Comunitate. Polonia este un membru activ \u0219i important al UE, care ia parte la la cele mai importante dezbateri \u00een forumul Uniunii Europene privind viitorul UE, politica de migra\u021bie, cea climatic\u0103 \u0219i economic\u0103. Apartenen\u021ba Poloniei consolideaz\u0103 pozi\u021bia Republicii pe arena interna\u021bional\u0103, aduc\u00e2nd numeroase beneficii economice, politice \u0219i sociale.\nAderarea Poloniei la Uniunea European\u0103 a fost \u00eencununarea eforturilor tuturor guvernelor formate dup\u0103 victoria Solidarit\u0103\u021bii din anul 1989. [...] Aderarea la Uniunea European\u0103 a devenit planul permanent de modernizare a \u021b\u0103rii, economiei \u0219i politicii noastre externe\u00a0- a declarat ministrul de externe Jacek Czaputowicz \u00een cadrul discursului sus\u021binut \u00een fa\u021ba Seimului Republicii Polone pe 14 martie 2019.\nBiroul de Pres\u0103 al Ministerului Afacerilor Externe din Polonia"},{"@type":"ImageObject","inLanguage":"pl-PL","@id":"https:\/\/instytutpolski.pl\/bucuresti\/2019\/04\/30\/15-ani-de-la-aderarea-poloniei-la-ue\/#primaryimage","url":"https:\/\/instytutpolski.pl\/bucuresti\/wp-content\/uploads\/sites\/11\/2019\/04\/15-ani-de-la-aderarea-poloniei-la-ue_192f17.png","contentUrl":"https:\/\/instytutpolski.pl\/bucuresti\/wp-content\/uploads\/sites\/11\/2019\/04\/15-ani-de-la-aderarea-poloniei-la-ue_192f17.png","width":828,"height":848},{"@type":"BreadcrumbList","@id":"https:\/\/instytutpolski.pl\/bucuresti\/2019\/04\/30\/15-ani-de-la-aderarea-poloniei-la-ue\/#breadcrumb","itemListElement":[{"@type":"ListItem","position":1,"name":"Home","item":"https:\/\/instytutpolski.pl\/bucuresti\/"},{"@type":"ListItem","position":2,"name":"15 ani de la aderarea Poloniei la UE"}]},{"@type":"WebSite","@id":"https:\/\/instytutpolski.pl\/bucuresti\/#website","url":"https:\/\/instytutpolski.pl\/bucuresti\/","name":"Instytut Polski w Bukareszcie","description":"Instytuty Polskie","potentialAction":[{"@type":"SearchAction","target":{"@type":"EntryPoint","urlTemplate":"https:\/\/instytutpolski.pl\/bucuresti\/?s={search_term_string}"},"query-input":{"@type":"PropertyValueSpecification","valueRequired":true,"valueName":"search_term_string"}}],"inLanguage":"pl-PL"},{"@type":"Person","@id":"https:\/\/instytutpolski.pl\/bucuresti\/#\/schema\/person\/bb4c505717d34987a9f9d15c79a24bb8","name":"mrozowskiw","image":{"@type":"ImageObject","inLanguage":"pl-PL","@id":"https:\/\/instytutpolski.pl\/bucuresti\/#\/schema\/person\/image\/","url":"https:\/\/secure.gravatar.com\/avatar\/563584068e0e0cfe9f36feb55c42a1e4?s=96&d=mm&r=g","contentUrl":"https:\/\/secure.gravatar.com\/avatar\/563584068e0e0cfe9f36feb55c42a1e4?s=96&d=mm&r=g","caption":"mrozowskiw"},"sameAs":["http:\/\/instytutpolski.pl\/bucuresti\/","mrozowskiw"],"url":"https:\/\/instytutpolski.pl\/bucuresti\/author\/mrozowskiw\/"}]}},"_links":{"self":[{"href":"https:\/\/instytutpolski.pl\/bucuresti\/wp-json\/wp\/v2\/posts\/1498","targetHints":{"allow":["GET"]}}],"collection":[{"href":"https:\/\/instytutpolski.pl\/bucuresti\/wp-json\/wp\/v2\/posts"}],"about":[{"href":"https:\/\/instytutpolski.pl\/bucuresti\/wp-json\/wp\/v2\/types\/post"}],"author":[{"embeddable":true,"href":"https:\/\/instytutpolski.pl\/bucuresti\/wp-json\/wp\/v2\/users\/40"}],"replies":[{"embeddable":true,"href":"https:\/\/instytutpolski.pl\/bucuresti\/wp-json\/wp\/v2\/comments?post=1498"}],"version-history":[{"count":3,"href":"https:\/\/instytutpolski.pl\/bucuresti\/wp-json\/wp\/v2\/posts\/1498\/revisions"}],"predecessor-version":[{"id":1501,"href":"https:\/\/instytutpolski.pl\/bucuresti\/wp-json\/wp\/v2\/posts\/1498\/revisions\/1501"}],"wp:featuredmedia":[{"embeddable":true,"href":"https:\/\/instytutpolski.pl\/bucuresti\/wp-json\/wp\/v2\/media\/1502"}],"wp:attachment":[{"href":"https:\/\/instytutpolski.pl\/bucuresti\/wp-json\/wp\/v2\/media?parent=1498"}],"wp:term":[{"taxonomy":"category","embeddable":true,"href":"https:\/\/instytutpolski.pl\/bucuresti\/wp-json\/wp\/v2\/categories?post=1498"},{"taxonomy":"post_tag","embeddable":true,"href":"https:\/\/instytutpolski.pl\/bucuresti\/wp-json\/wp\/v2\/tags?post=1498"}],"curies":[{"name":"wp","href":"https:\/\/api.w.org\/{rel}","templated":true}]}}