{"id":15510,"date":"2026-09-02T11:09:59","date_gmt":"2026-09-02T09:09:59","guid":{"rendered":"https:\/\/instytutpolski.pl\/bucuresti\/?p=15510"},"modified":"2026-09-03T14:59:13","modified_gmt":"2026-09-03T12:59:13","slug":"distinctia-bene-merito-pentru-elzbieta-wieruszewska-calistru","status":"publish","type":"post","link":"https:\/\/instytutpolski.pl\/bucuresti\/2026\/09\/02\/distinctia-bene-merito-pentru-elzbieta-wieruszewska-calistru\/","title":{"rendered":"Distinc\u021bia Bene Merito pentru El\u017cbieta Wieruszewska-Calistru"},"content":{"rendered":"\n\n\n<p class=\"isSelectedEnd\">Distinc\u021bia reprezint\u0103 o recunoa\u0219tere a unei activit\u0103\u021bi de peste dou\u0103 decenii dedicate promov\u0103rii culturii \u0219i limbii poloneze \u00een Rom\u00e2nia, conserv\u0103rii identit\u0103\u021bii na\u021bionale a comunit\u0103\u021bii poloneze \u0219i dezvolt\u0103rii rela\u021biilor polono-rom\u00e2ne.<\/p>\n<p class=\"isSelectedEnd\">Absolvent\u0103 a \u0218colii Superioare de Pedagogie din Zielona G\u00f3ra, cu un master \u00een filologie rus\u0103, El\u017cbieta Wieruszewska-Calistru locuie\u0219te \u00een Rom\u00e2nia din anul 1999. \u00cen perioada 1999\u20132008 a fost profesoar\u0103 de limba polon\u0103, delegat\u0103 de Centrul pentru Dezvoltarea Educa\u021biei Profesorilor (CODN), iar din anul 2005 este angajat\u0103 a Uniunii Polonezilor din Rom\u00e2nia. \u00cen aceast\u0103 calitate, este \u0219i redactor-\u0219ef al revistelor <strong>\u201ePolonus\u201d<\/strong> \u0219i <strong>\u201eMa\u0142y Polonus\u201d<\/strong>, publica\u021bii dedicate comunit\u0103\u021bii poloneze din Rom\u00e2nia.<\/p>\n<p class=\"isSelectedEnd\">Activitatea sa dep\u0103\u0219e\u0219te \u00eens\u0103 cu mult cadrul profesional. De-a lungul anilor, El\u017cbieta Wieruszewska-Calistru s-a implicat constant \u00een proiecte menite s\u0103 promoveze cultura polonez\u0103, istoria \u0219i patrimoniul Poloniei \u00een r\u00e2ndul publicului rom\u00e2n. Prin ini\u021biativele pe care le coordoneaz\u0103 \u0219i prin colabor\u0103rile sale cu institu\u021bii culturale, academice \u0219i educa\u021bionale, contribuie la o mai bun\u0103 cunoa\u0219tere reciproc\u0103 \u0219i la consolidarea leg\u0103turilor dintre societ\u0103\u021bile rom\u00e2n\u0103 \u0219i polonez\u0103.<\/p>\n<p class=\"isSelectedEnd\">Un loc aparte \u00een aceast\u0103 activitate \u00eel ocup\u0103 <strong>Zilele Poloneze din Bucovina<\/strong>, al c\u0103ror organizator important este \u00eenc\u0103 din anul 1999. Manifestarea a devenit, de-a lungul timpului, un reper pentru comunitatea polonez\u0103 din Rom\u00e2nia, contribuind la p\u0103strarea \u0219i transmiterea memoriei, tradi\u021biilor \u0219i identit\u0103\u021bii acesteia.<\/p>\n<p class=\"isSelectedEnd\">\u00cen str\u00e2ns\u0103 leg\u0103tur\u0103 cu Zilele Poloneze se desf\u0103\u0219oar\u0103 \u0219i <strong>Simpozionul \u0219tiin\u021bific polono-rom\u00e2n<\/strong>, care reune\u0219te cercet\u0103tori \u0219i speciali\u0219ti interesa\u021bi de rela\u021biile dintre cele dou\u0103 \u021b\u0103ri. Prin amploarea \u0219i continuitatea sa, simpozionul s-a afirmat drept unul dintre cele mai importante evenimente \u0219tiin\u021bifice dedicate rela\u021biilor polono-rom\u00e2ne \u00een \u00eentreaga lor complexitate. Volumele \u0219i materialele publicate \u00een urma conferin\u021belor constituie o surs\u0103 deosebit de valoroas\u0103 pentru cercet\u0103torii interesa\u021bi de istoria, cultura, societatea \u0219i rela\u021biile dintre Polonia \u0219i Rom\u00e2nia.<\/p>\n<p class=\"isSelectedEnd\">De-a lungul anilor, colaborarea dintre El\u017cbieta Wieruszewska-Calistru \u0219i <strong>Institutul Polonez din Bucure\u0219ti<\/strong> a contribuit la numeroase proiecte de promovare a culturii \u0219i cunoa\u0219terii Poloniei \u00een Rom\u00e2nia. Prin aceast\u0103 colaborare, precum \u0219i prin implicarea sa \u00een mediile academice \u0219i culturale, doamna Wieruszewska-Calistru a devenit o important\u0103 punte de leg\u0103tur\u0103 \u00eentre Polonia, Rom\u00e2nia \u0219i Republica Moldova.<\/p>\n<p class=\"isSelectedEnd\">\u00cen mod simbolic, acordarea distinc\u021biei <strong>Bene Merito<\/strong> are loc \u00eentr-un an aniversar pentru Institutul Polonez din Bucure\u0219ti. Cei <strong>25 de ani de activitate ai Institutului<\/strong> reprezint\u0103 un sfert de secol de proiecte, \u00eent\u00e2lniri \u0219i colabor\u0103ri dedicate apropierii dintre Polonia \u0219i Rom\u00e2nia. \u00cen acest parcurs, contribu\u021bia unor oameni care, asemenea El\u017cbietei Wieruszewska-Calistru, au construit cu perseveren\u021b\u0103 rela\u021bii durabile \u00eentre cele dou\u0103 \u021b\u0103ri are o valoare aparte.<\/p>\n<p class=\"isSelectedEnd\">Prin activitatea sa \u00eendelungat\u0103, prin implicarea personal\u0103 \u0219i prin capacitatea de a reuni comunit\u0103\u021bi academice, culturale \u0219i civice, El\u017cbieta Wieruszewska-Calistru a devenit pentru numero\u0219i parteneri \u0219i participan\u021bi la proiectele sale un adev\u0103rat <strong>punct de referin\u021b\u0103 al cooper\u0103rii polono-rom\u00e2ne<\/strong>.<\/p>\n<p>Distinc\u021bia <strong>Bene Merito<\/strong> \u00eencununeaz\u0103 astfel un parcurs profesional \u0219i uman dedicat limbii, culturii \u0219i identit\u0103\u021bii poloneze \u0219i, \u00een acela\u0219i timp, construirii unor pun\u021bi solide \u00eentre Polonia \u0219i Rom\u00e2nia.<\/p>\n<p>\u00a0<\/p>\n<p>fot. Adrian Cuba<\/p>\n","protected":false},"excerpt":{"rendered":"<p>Distinc\u021bia reprezint\u0103 o recunoa\u0219tere a unei activit\u0103\u021bi de peste dou\u0103 decenii dedicate promov\u0103rii culturii \u0219i limbii poloneze \u00een Rom\u00e2nia, conserv\u0103rii identit\u0103\u021bii na\u021bionale a comunit\u0103\u021bii poloneze \u0219i dezvolt\u0103rii rela\u021biilor polono-rom\u00e2ne. Absolvent\u0103 a \u0218colii Superioare de Pedagogie din Zielona G\u00f3ra, cu un master \u00een filologie rus\u0103, El\u017cbieta Wieruszewska-Calistru locuie\u0219te \u00een Rom\u00e2nia din anul 1999. \u00cen perioada 1999\u20132008 [&hellip;]<\/p>\n","protected":false},"author":44,"featured_media":15519,"comment_status":"open","ping_status":"open","sticky":false,"template":"","format":"standard","meta":{"inline_featured_image":false,"_monsterinsights_skip_tracking":false,"_monsterinsights_sitenote_active":false,"_monsterinsights_sitenote_note":"","_monsterinsights_sitenote_category":0,"footnotes":""},"categories":[100],"tags":[],"class_list":["post-15510","post","type-post","status-publish","format-standard","has-post-thumbnail","hentry","category-stiri-ro"],"yoast_head":"<!-- This site is optimized with the Yoast SEO plugin v24.6 - https:\/\/yoast.com\/wordpress\/plugins\/seo\/ -->\n<title>Distinc\u021bia Bene Merito pentru El\u017cbieta Wieruszewska-Calistru - Instytut Polski w Bukareszcie<\/title>\n<meta name=\"robots\" content=\"index, follow, max-snippet:-1, max-image-preview:large, max-video-preview:-1\" \/>\n<link rel=\"canonical\" href=\"https:\/\/instytutpolski.pl\/bucuresti\/2026\/09\/02\/distinctia-bene-merito-pentru-elzbieta-wieruszewska-calistru\/\" \/>\n<meta property=\"og:locale\" content=\"pl_PL\" \/>\n<meta property=\"og:type\" content=\"article\" \/>\n<meta property=\"og:title\" content=\"Distinc\u021bia Bene Merito pentru El\u017cbieta Wieruszewska-Calistru - Instytut Polski w Bukareszcie\" \/>\n<meta property=\"og:description\" content=\"Distinc\u021bia reprezint\u0103 o recunoa\u0219tere a unei activit\u0103\u021bi de peste dou\u0103 decenii dedicate promov\u0103rii culturii \u0219i limbii poloneze \u00een Rom\u00e2nia, conserv\u0103rii identit\u0103\u021bii na\u021bionale a comunit\u0103\u021bii poloneze \u0219i dezvolt\u0103rii rela\u021biilor polono-rom\u00e2ne. Absolvent\u0103 a \u0218colii Superioare de Pedagogie din Zielona G\u00f3ra, cu un master \u00een filologie rus\u0103, El\u017cbieta Wieruszewska-Calistru locuie\u0219te \u00een Rom\u00e2nia din anul 1999. \u00cen perioada 1999\u20132008 [&hellip;]\" \/>\n<meta property=\"og:url\" content=\"https:\/\/instytutpolski.pl\/bucuresti\/2026\/09\/02\/distinctia-bene-merito-pentru-elzbieta-wieruszewska-calistru\/\" \/>\n<meta property=\"og:site_name\" content=\"Instytut Polski w Bukareszcie\" \/>\n<meta property=\"article:published_time\" content=\"2026-09-02T09:09:59+00:00\" \/>\n<meta property=\"article:modified_time\" content=\"2026-09-03T12:59:13+00:00\" \/>\n<meta property=\"og:image\" content=\"https:\/\/instytutpolski.pl\/bucuresti\/wp-content\/uploads\/sites\/11\/2026\/09\/ela.jpg\" \/>\n\t<meta property=\"og:image:width\" content=\"2048\" \/>\n\t<meta property=\"og:image:height\" content=\"1365\" \/>\n\t<meta property=\"og:image:type\" content=\"image\/jpeg\" \/>\n<meta name=\"author\" content=\"zalaszewskak\" \/>\n<meta name=\"twitter:card\" content=\"summary_large_image\" \/>\n<meta name=\"twitter:label1\" content=\"Napisane przez\" \/>\n\t<meta name=\"twitter:data1\" content=\"zalaszewskak\" \/>\n\t<meta name=\"twitter:label2\" content=\"Szacowany czas czytania\" \/>\n\t<meta name=\"twitter:data2\" content=\"4 minuty\" \/>\n<script type=\"application\/ld+json\" class=\"yoast-schema-graph\">{\"@context\":\"https:\/\/schema.org\",\"@graph\":[{\"@type\":\"event\",\"@id\":\"https:\/\/instytutpolski.pl\/bucuresti\/2026\/09\/02\/distinctia-bene-merito-pentru-elzbieta-wieruszewska-calistru\/\",\"url\":\"https:\/\/instytutpolski.pl\/bucuresti\/2026\/09\/02\/distinctia-bene-merito-pentru-elzbieta-wieruszewska-calistru\/\",\"name\":\"Distinc\u021bia Bene Merito pentru El\u017cbieta Wieruszewska-Calistru\",\"isPartOf\":{\"@id\":\"https:\/\/instytutpolski.pl\/bucuresti\/#website\"},\"primaryImageOfPage\":{\"@id\":\"https:\/\/instytutpolski.pl\/bucuresti\/2026\/09\/02\/distinctia-bene-merito-pentru-elzbieta-wieruszewska-calistru\/#primaryimage\"},\"image\":[\"https:\/\/instytutpolski.pl\/bucuresti\/wp-content\/uploads\/sites\/11\/2026\/09\/ela.jpg\",\"https:\/\/instytutpolski.pl\/bucuresti\/wp-content\/uploads\/sites\/11\/2026\/09\/ela-300x200.jpg\",\"https:\/\/instytutpolski.pl\/bucuresti\/wp-content\/uploads\/sites\/11\/2026\/09\/ela-1024x683.jpg\",\"https:\/\/instytutpolski.pl\/bucuresti\/wp-content\/uploads\/sites\/11\/2026\/09\/ela.jpg\"],\"thumbnailUrl\":\"https:\/\/instytutpolski.pl\/bucuresti\/wp-content\/uploads\/sites\/11\/2026\/09\/ela.jpg\",\"datePublished\":\"2026-09-02T09:09:59+02:00\",\"dateModified\":\"2026-09-03T12:59:13+02:00\",\"author\":{\"@id\":\"https:\/\/instytutpolski.pl\/bucuresti\/#\/schema\/person\/cbf38f4ffa10f919673d0e5f3ee6677d\"},\"breadcrumb\":{\"@id\":\"https:\/\/instytutpolski.pl\/bucuresti\/2026\/09\/02\/distinctia-bene-merito-pentru-elzbieta-wieruszewska-calistru\/#breadcrumb\"},\"inLanguage\":\"pl-PL\",\"potentialAction\":[{\"@type\":\"ReadAction\",\"target\":[\"https:\/\/instytutpolski.pl\/bucuresti\/2026\/09\/02\/distinctia-bene-merito-pentru-elzbieta-wieruszewska-calistru\/\"]}],\"@context\":\"https:\/\/schema.org\",\"startDate\":\"2026-08-28\",\"endDate\":\"2026-08-28\",\"eventStatus\":\"EventScheduled\",\"eventAttendanceMode\":\"OfflineEventAttendanceMode\",\"location\":{\"@type\":\"place\",\"name\":\"\",\"address\":\"\",\"geo\":{\"@type\":\"GeoCoordinates\",\"latitude\":\"\",\"longitude\":\"\"}},\"description\":\"Distinc\u021bia reprezint\u0103 o recunoa\u0219tere a unei activit\u0103\u021bi de peste dou\u0103 decenii dedicate promov\u0103rii culturii \u0219i limbii poloneze \u00een Rom\u00e2nia, conserv\u0103rii identit\u0103\u021bii na\u021bionale a comunit\u0103\u021bii poloneze \u0219i dezvolt\u0103rii rela\u021biilor polono-rom\u00e2ne.\\nAbsolvent\u0103 a \u0218colii Superioare de Pedagogie din Zielona G\u00f3ra, cu un master \u00een filologie rus\u0103, El\u017cbieta Wieruszewska-Calistru locuie\u0219te \u00een Rom\u00e2nia din anul 1999. \u00cen perioada 1999\u20132008 a fost profesoar\u0103 de limba polon\u0103, delegat\u0103 de Centrul pentru Dezvoltarea Educa\u021biei Profesorilor (CODN), iar din anul 2005 este angajat\u0103 a Uniunii Polonezilor din Rom\u00e2nia. \u00cen aceast\u0103 calitate, este \u0219i redactor-\u0219ef al revistelor \u201ePolonus\u201d \u0219i \u201eMa\u0142y Polonus\u201d, publica\u021bii dedicate comunit\u0103\u021bii poloneze din Rom\u00e2nia.\\nActivitatea sa dep\u0103\u0219e\u0219te \u00eens\u0103 cu mult cadrul profesional. De-a lungul anilor, El\u017cbieta Wieruszewska-Calistru s-a implicat constant \u00een proiecte menite s\u0103 promoveze cultura polonez\u0103, istoria \u0219i patrimoniul Poloniei \u00een r\u00e2ndul publicului rom\u00e2n. Prin ini\u021biativele pe care le coordoneaz\u0103 \u0219i prin colabor\u0103rile sale cu institu\u021bii culturale, academice \u0219i educa\u021bionale, contribuie la o mai bun\u0103 cunoa\u0219tere reciproc\u0103 \u0219i la consolidarea leg\u0103turilor dintre societ\u0103\u021bile rom\u00e2n\u0103 \u0219i polonez\u0103.\\nUn loc aparte \u00een aceast\u0103 activitate \u00eel ocup\u0103 Zilele Poloneze din Bucovina, al c\u0103ror organizator important este \u00eenc\u0103 din anul 1999. Manifestarea a devenit, de-a lungul timpului, un reper pentru comunitatea polonez\u0103 din Rom\u00e2nia, contribuind la p\u0103strarea \u0219i transmiterea memoriei, tradi\u021biilor \u0219i identit\u0103\u021bii acesteia.\\n\u00cen str\u00e2ns\u0103 leg\u0103tur\u0103 cu Zilele Poloneze se desf\u0103\u0219oar\u0103 \u0219i Simpozionul \u0219tiin\u021bific polono-rom\u00e2n, care reune\u0219te cercet\u0103tori \u0219i speciali\u0219ti interesa\u021bi de rela\u021biile dintre cele dou\u0103 \u021b\u0103ri. Prin amploarea \u0219i continuitatea sa, simpozionul s-a afirmat drept unul dintre cele mai importante evenimente \u0219tiin\u021bifice dedicate rela\u021biilor polono-rom\u00e2ne \u00een \u00eentreaga lor complexitate. Volumele \u0219i materialele publicate \u00een urma conferin\u021belor constituie o surs\u0103 deosebit de valoroas\u0103 pentru cercet\u0103torii interesa\u021bi de istoria, cultura, societatea \u0219i rela\u021biile dintre Polonia \u0219i Rom\u00e2nia.\\nDe-a lungul anilor, colaborarea dintre El\u017cbieta Wieruszewska-Calistru \u0219i Institutul Polonez din Bucure\u0219ti a contribuit la numeroase proiecte de promovare a culturii \u0219i cunoa\u0219terii Poloniei \u00een Rom\u00e2nia. Prin aceast\u0103 colaborare, precum \u0219i prin implicarea sa \u00een mediile academice \u0219i culturale, doamna Wieruszewska-Calistru a devenit o important\u0103 punte de leg\u0103tur\u0103 \u00eentre Polonia, Rom\u00e2nia \u0219i Republica Moldova.\\n\u00cen mod simbolic, acordarea distinc\u021biei Bene Merito are loc \u00eentr-un an aniversar pentru Institutul Polonez din Bucure\u0219ti. Cei 25 de ani de activitate ai Institutului reprezint\u0103 un sfert de secol de proiecte, \u00eent\u00e2lniri \u0219i colabor\u0103ri dedicate apropierii dintre Polonia \u0219i Rom\u00e2nia. \u00cen acest parcurs, contribu\u021bia unor oameni care, asemenea El\u017cbietei Wieruszewska-Calistru, au construit cu perseveren\u021b\u0103 rela\u021bii durabile \u00eentre cele dou\u0103 \u021b\u0103ri are o valoare aparte.\\nPrin activitatea sa \u00eendelungat\u0103, prin implicarea personal\u0103 \u0219i prin capacitatea de a reuni comunit\u0103\u021bi academice, culturale \u0219i civice, El\u017cbieta Wieruszewska-Calistru a devenit pentru numero\u0219i parteneri \u0219i participan\u021bi la proiectele sale un adev\u0103rat punct de referin\u021b\u0103 al cooper\u0103rii polono-rom\u00e2ne.\\nDistinc\u021bia Bene Merito \u00eencununeaz\u0103 astfel un parcurs profesional \u0219i uman dedicat limbii, culturii \u0219i identit\u0103\u021bii poloneze \u0219i, \u00een acela\u0219i timp, construirii unor pun\u021bi solide \u00eentre Polonia \u0219i Rom\u00e2nia.\\n\u00a0\\nfot. Adrian Cuba\"},{\"@type\":\"ImageObject\",\"inLanguage\":\"pl-PL\",\"@id\":\"https:\/\/instytutpolski.pl\/bucuresti\/2026\/09\/02\/distinctia-bene-merito-pentru-elzbieta-wieruszewska-calistru\/#primaryimage\",\"url\":\"https:\/\/instytutpolski.pl\/bucuresti\/wp-content\/uploads\/sites\/11\/2026\/09\/ela.jpg\",\"contentUrl\":\"https:\/\/instytutpolski.pl\/bucuresti\/wp-content\/uploads\/sites\/11\/2026\/09\/ela.jpg\",\"width\":2048,\"height\":1365},{\"@type\":\"BreadcrumbList\",\"@id\":\"https:\/\/instytutpolski.pl\/bucuresti\/2026\/09\/02\/distinctia-bene-merito-pentru-elzbieta-wieruszewska-calistru\/#breadcrumb\",\"itemListElement\":[{\"@type\":\"ListItem\",\"position\":1,\"name\":\"Home\",\"item\":\"https:\/\/instytutpolski.pl\/bucuresti\/\"},{\"@type\":\"ListItem\",\"position\":2,\"name\":\"Distinc\u021bia Bene Merito pentru El\u017cbieta Wieruszewska-Calistru\"}]},{\"@type\":\"WebSite\",\"@id\":\"https:\/\/instytutpolski.pl\/bucuresti\/#website\",\"url\":\"https:\/\/instytutpolski.pl\/bucuresti\/\",\"name\":\"Instytut Polski w Bukareszcie\",\"description\":\"Instytuty Polskie\",\"potentialAction\":[{\"@type\":\"SearchAction\",\"target\":{\"@type\":\"EntryPoint\",\"urlTemplate\":\"https:\/\/instytutpolski.pl\/bucuresti\/?s={search_term_string}\"},\"query-input\":{\"@type\":\"PropertyValueSpecification\",\"valueRequired\":true,\"valueName\":\"search_term_string\"}}],\"inLanguage\":\"pl-PL\"},{\"@type\":\"Person\",\"@id\":\"https:\/\/instytutpolski.pl\/bucuresti\/#\/schema\/person\/cbf38f4ffa10f919673d0e5f3ee6677d\",\"name\":\"zalaszewskak\",\"image\":{\"@type\":\"ImageObject\",\"inLanguage\":\"pl-PL\",\"@id\":\"https:\/\/instytutpolski.pl\/bucuresti\/#\/schema\/person\/image\/\",\"url\":\"https:\/\/secure.gravatar.com\/avatar\/c2e847fb86e9b9e6a80aa771ff34772f?s=96&d=mm&r=g\",\"contentUrl\":\"https:\/\/secure.gravatar.com\/avatar\/c2e847fb86e9b9e6a80aa771ff34772f?s=96&d=mm&r=g\",\"caption\":\"zalaszewskak\"},\"url\":\"https:\/\/instytutpolski.pl\/bucuresti\/author\/zalaszewskak\/\"}]}<\/script>\n<!-- \/ Yoast SEO plugin. -->","yoast_head_json":{"title":"Distinc\u021bia Bene Merito pentru El\u017cbieta Wieruszewska-Calistru - Instytut Polski w Bukareszcie","robots":{"index":"index","follow":"follow","max-snippet":"max-snippet:-1","max-image-preview":"max-image-preview:large","max-video-preview":"max-video-preview:-1"},"canonical":"https:\/\/instytutpolski.pl\/bucuresti\/2026\/09\/02\/distinctia-bene-merito-pentru-elzbieta-wieruszewska-calistru\/","og_locale":"pl_PL","og_type":"article","og_title":"Distinc\u021bia Bene Merito pentru El\u017cbieta Wieruszewska-Calistru - Instytut Polski w Bukareszcie","og_description":"Distinc\u021bia reprezint\u0103 o recunoa\u0219tere a unei activit\u0103\u021bi de peste dou\u0103 decenii dedicate promov\u0103rii culturii \u0219i limbii poloneze \u00een Rom\u00e2nia, conserv\u0103rii identit\u0103\u021bii na\u021bionale a comunit\u0103\u021bii poloneze \u0219i dezvolt\u0103rii rela\u021biilor polono-rom\u00e2ne. Absolvent\u0103 a \u0218colii Superioare de Pedagogie din Zielona G\u00f3ra, cu un master \u00een filologie rus\u0103, El\u017cbieta Wieruszewska-Calistru locuie\u0219te \u00een Rom\u00e2nia din anul 1999. \u00cen perioada 1999\u20132008 [&hellip;]","og_url":"https:\/\/instytutpolski.pl\/bucuresti\/2026\/09\/02\/distinctia-bene-merito-pentru-elzbieta-wieruszewska-calistru\/","og_site_name":"Instytut Polski w Bukareszcie","article_published_time":"2026-09-02T09:09:59+00:00","article_modified_time":"2026-09-03T12:59:13+00:00","og_image":[{"width":2048,"height":1365,"url":"https:\/\/instytutpolski.pl\/bucuresti\/wp-content\/uploads\/sites\/11\/2026\/09\/ela.jpg","type":"image\/jpeg"}],"author":"zalaszewskak","twitter_card":"summary_large_image","twitter_misc":{"Napisane przez":"zalaszewskak","Szacowany czas czytania":"4 minuty"},"schema":{"@context":"https:\/\/schema.org","@graph":[{"@type":"event","@id":"https:\/\/instytutpolski.pl\/bucuresti\/2026\/09\/02\/distinctia-bene-merito-pentru-elzbieta-wieruszewska-calistru\/","url":"https:\/\/instytutpolski.pl\/bucuresti\/2026\/09\/02\/distinctia-bene-merito-pentru-elzbieta-wieruszewska-calistru\/","name":"Distinc\u021bia Bene Merito pentru El\u017cbieta Wieruszewska-Calistru","isPartOf":{"@id":"https:\/\/instytutpolski.pl\/bucuresti\/#website"},"primaryImageOfPage":{"@id":"https:\/\/instytutpolski.pl\/bucuresti\/2026\/09\/02\/distinctia-bene-merito-pentru-elzbieta-wieruszewska-calistru\/#primaryimage"},"image":["https:\/\/instytutpolski.pl\/bucuresti\/wp-content\/uploads\/sites\/11\/2026\/09\/ela.jpg","https:\/\/instytutpolski.pl\/bucuresti\/wp-content\/uploads\/sites\/11\/2026\/09\/ela-300x200.jpg","https:\/\/instytutpolski.pl\/bucuresti\/wp-content\/uploads\/sites\/11\/2026\/09\/ela-1024x683.jpg","https:\/\/instytutpolski.pl\/bucuresti\/wp-content\/uploads\/sites\/11\/2026\/09\/ela.jpg"],"thumbnailUrl":"https:\/\/instytutpolski.pl\/bucuresti\/wp-content\/uploads\/sites\/11\/2026\/09\/ela.jpg","datePublished":"2026-09-02T09:09:59+02:00","dateModified":"2026-09-03T12:59:13+02:00","author":{"@id":"https:\/\/instytutpolski.pl\/bucuresti\/#\/schema\/person\/cbf38f4ffa10f919673d0e5f3ee6677d"},"breadcrumb":{"@id":"https:\/\/instytutpolski.pl\/bucuresti\/2026\/09\/02\/distinctia-bene-merito-pentru-elzbieta-wieruszewska-calistru\/#breadcrumb"},"inLanguage":"pl-PL","potentialAction":[{"@type":"ReadAction","target":["https:\/\/instytutpolski.pl\/bucuresti\/2026\/09\/02\/distinctia-bene-merito-pentru-elzbieta-wieruszewska-calistru\/"]}],"@context":"https:\/\/schema.org","startDate":"2026-08-28","endDate":"2026-08-28","eventStatus":"EventScheduled","eventAttendanceMode":"OfflineEventAttendanceMode","location":{"@type":"place","name":"","address":"","geo":{"@type":"GeoCoordinates","latitude":"","longitude":""}},"description":"Distinc\u021bia reprezint\u0103 o recunoa\u0219tere a unei activit\u0103\u021bi de peste dou\u0103 decenii dedicate promov\u0103rii culturii \u0219i limbii poloneze \u00een Rom\u00e2nia, conserv\u0103rii identit\u0103\u021bii na\u021bionale a comunit\u0103\u021bii poloneze \u0219i dezvolt\u0103rii rela\u021biilor polono-rom\u00e2ne.\nAbsolvent\u0103 a \u0218colii Superioare de Pedagogie din Zielona G\u00f3ra, cu un master \u00een filologie rus\u0103, El\u017cbieta Wieruszewska-Calistru locuie\u0219te \u00een Rom\u00e2nia din anul 1999. \u00cen perioada 1999\u20132008 a fost profesoar\u0103 de limba polon\u0103, delegat\u0103 de Centrul pentru Dezvoltarea Educa\u021biei Profesorilor (CODN), iar din anul 2005 este angajat\u0103 a Uniunii Polonezilor din Rom\u00e2nia. \u00cen aceast\u0103 calitate, este \u0219i redactor-\u0219ef al revistelor \u201ePolonus\u201d \u0219i \u201eMa\u0142y Polonus\u201d, publica\u021bii dedicate comunit\u0103\u021bii poloneze din Rom\u00e2nia.\nActivitatea sa dep\u0103\u0219e\u0219te \u00eens\u0103 cu mult cadrul profesional. De-a lungul anilor, El\u017cbieta Wieruszewska-Calistru s-a implicat constant \u00een proiecte menite s\u0103 promoveze cultura polonez\u0103, istoria \u0219i patrimoniul Poloniei \u00een r\u00e2ndul publicului rom\u00e2n. Prin ini\u021biativele pe care le coordoneaz\u0103 \u0219i prin colabor\u0103rile sale cu institu\u021bii culturale, academice \u0219i educa\u021bionale, contribuie la o mai bun\u0103 cunoa\u0219tere reciproc\u0103 \u0219i la consolidarea leg\u0103turilor dintre societ\u0103\u021bile rom\u00e2n\u0103 \u0219i polonez\u0103.\nUn loc aparte \u00een aceast\u0103 activitate \u00eel ocup\u0103 Zilele Poloneze din Bucovina, al c\u0103ror organizator important este \u00eenc\u0103 din anul 1999. Manifestarea a devenit, de-a lungul timpului, un reper pentru comunitatea polonez\u0103 din Rom\u00e2nia, contribuind la p\u0103strarea \u0219i transmiterea memoriei, tradi\u021biilor \u0219i identit\u0103\u021bii acesteia.\n\u00cen str\u00e2ns\u0103 leg\u0103tur\u0103 cu Zilele Poloneze se desf\u0103\u0219oar\u0103 \u0219i Simpozionul \u0219tiin\u021bific polono-rom\u00e2n, care reune\u0219te cercet\u0103tori \u0219i speciali\u0219ti interesa\u021bi de rela\u021biile dintre cele dou\u0103 \u021b\u0103ri. Prin amploarea \u0219i continuitatea sa, simpozionul s-a afirmat drept unul dintre cele mai importante evenimente \u0219tiin\u021bifice dedicate rela\u021biilor polono-rom\u00e2ne \u00een \u00eentreaga lor complexitate. Volumele \u0219i materialele publicate \u00een urma conferin\u021belor constituie o surs\u0103 deosebit de valoroas\u0103 pentru cercet\u0103torii interesa\u021bi de istoria, cultura, societatea \u0219i rela\u021biile dintre Polonia \u0219i Rom\u00e2nia.\nDe-a lungul anilor, colaborarea dintre El\u017cbieta Wieruszewska-Calistru \u0219i Institutul Polonez din Bucure\u0219ti a contribuit la numeroase proiecte de promovare a culturii \u0219i cunoa\u0219terii Poloniei \u00een Rom\u00e2nia. Prin aceast\u0103 colaborare, precum \u0219i prin implicarea sa \u00een mediile academice \u0219i culturale, doamna Wieruszewska-Calistru a devenit o important\u0103 punte de leg\u0103tur\u0103 \u00eentre Polonia, Rom\u00e2nia \u0219i Republica Moldova.\n\u00cen mod simbolic, acordarea distinc\u021biei Bene Merito are loc \u00eentr-un an aniversar pentru Institutul Polonez din Bucure\u0219ti. Cei 25 de ani de activitate ai Institutului reprezint\u0103 un sfert de secol de proiecte, \u00eent\u00e2lniri \u0219i colabor\u0103ri dedicate apropierii dintre Polonia \u0219i Rom\u00e2nia. \u00cen acest parcurs, contribu\u021bia unor oameni care, asemenea El\u017cbietei Wieruszewska-Calistru, au construit cu perseveren\u021b\u0103 rela\u021bii durabile \u00eentre cele dou\u0103 \u021b\u0103ri are o valoare aparte.\nPrin activitatea sa \u00eendelungat\u0103, prin implicarea personal\u0103 \u0219i prin capacitatea de a reuni comunit\u0103\u021bi academice, culturale \u0219i civice, El\u017cbieta Wieruszewska-Calistru a devenit pentru numero\u0219i parteneri \u0219i participan\u021bi la proiectele sale un adev\u0103rat punct de referin\u021b\u0103 al cooper\u0103rii polono-rom\u00e2ne.\nDistinc\u021bia Bene Merito \u00eencununeaz\u0103 astfel un parcurs profesional \u0219i uman dedicat limbii, culturii \u0219i identit\u0103\u021bii poloneze \u0219i, \u00een acela\u0219i timp, construirii unor pun\u021bi solide \u00eentre Polonia \u0219i Rom\u00e2nia.\n\u00a0\nfot. Adrian Cuba"},{"@type":"ImageObject","inLanguage":"pl-PL","@id":"https:\/\/instytutpolski.pl\/bucuresti\/2026\/09\/02\/distinctia-bene-merito-pentru-elzbieta-wieruszewska-calistru\/#primaryimage","url":"https:\/\/instytutpolski.pl\/bucuresti\/wp-content\/uploads\/sites\/11\/2026\/09\/ela.jpg","contentUrl":"https:\/\/instytutpolski.pl\/bucuresti\/wp-content\/uploads\/sites\/11\/2026\/09\/ela.jpg","width":2048,"height":1365},{"@type":"BreadcrumbList","@id":"https:\/\/instytutpolski.pl\/bucuresti\/2026\/09\/02\/distinctia-bene-merito-pentru-elzbieta-wieruszewska-calistru\/#breadcrumb","itemListElement":[{"@type":"ListItem","position":1,"name":"Home","item":"https:\/\/instytutpolski.pl\/bucuresti\/"},{"@type":"ListItem","position":2,"name":"Distinc\u021bia Bene Merito pentru El\u017cbieta Wieruszewska-Calistru"}]},{"@type":"WebSite","@id":"https:\/\/instytutpolski.pl\/bucuresti\/#website","url":"https:\/\/instytutpolski.pl\/bucuresti\/","name":"Instytut Polski w Bukareszcie","description":"Instytuty Polskie","potentialAction":[{"@type":"SearchAction","target":{"@type":"EntryPoint","urlTemplate":"https:\/\/instytutpolski.pl\/bucuresti\/?s={search_term_string}"},"query-input":{"@type":"PropertyValueSpecification","valueRequired":true,"valueName":"search_term_string"}}],"inLanguage":"pl-PL"},{"@type":"Person","@id":"https:\/\/instytutpolski.pl\/bucuresti\/#\/schema\/person\/cbf38f4ffa10f919673d0e5f3ee6677d","name":"zalaszewskak","image":{"@type":"ImageObject","inLanguage":"pl-PL","@id":"https:\/\/instytutpolski.pl\/bucuresti\/#\/schema\/person\/image\/","url":"https:\/\/secure.gravatar.com\/avatar\/c2e847fb86e9b9e6a80aa771ff34772f?s=96&d=mm&r=g","contentUrl":"https:\/\/secure.gravatar.com\/avatar\/c2e847fb86e9b9e6a80aa771ff34772f?s=96&d=mm&r=g","caption":"zalaszewskak"},"url":"https:\/\/instytutpolski.pl\/bucuresti\/author\/zalaszewskak\/"}]}},"_links":{"self":[{"href":"https:\/\/instytutpolski.pl\/bucuresti\/wp-json\/wp\/v2\/posts\/15510","targetHints":{"allow":["GET"]}}],"collection":[{"href":"https:\/\/instytutpolski.pl\/bucuresti\/wp-json\/wp\/v2\/posts"}],"about":[{"href":"https:\/\/instytutpolski.pl\/bucuresti\/wp-json\/wp\/v2\/types\/post"}],"author":[{"embeddable":true,"href":"https:\/\/instytutpolski.pl\/bucuresti\/wp-json\/wp\/v2\/users\/44"}],"replies":[{"embeddable":true,"href":"https:\/\/instytutpolski.pl\/bucuresti\/wp-json\/wp\/v2\/comments?post=15510"}],"version-history":[{"count":4,"href":"https:\/\/instytutpolski.pl\/bucuresti\/wp-json\/wp\/v2\/posts\/15510\/revisions"}],"predecessor-version":[{"id":15522,"href":"https:\/\/instytutpolski.pl\/bucuresti\/wp-json\/wp\/v2\/posts\/15510\/revisions\/15522"}],"wp:featuredmedia":[{"embeddable":true,"href":"https:\/\/instytutpolski.pl\/bucuresti\/wp-json\/wp\/v2\/media\/15519"}],"wp:attachment":[{"href":"https:\/\/instytutpolski.pl\/bucuresti\/wp-json\/wp\/v2\/media?parent=15510"}],"wp:term":[{"taxonomy":"category","embeddable":true,"href":"https:\/\/instytutpolski.pl\/bucuresti\/wp-json\/wp\/v2\/categories?post=15510"},{"taxonomy":"post_tag","embeddable":true,"href":"https:\/\/instytutpolski.pl\/bucuresti\/wp-json\/wp\/v2\/tags?post=15510"}],"curies":[{"name":"wp","href":"https:\/\/api.w.org\/{rel}","templated":true}]}}