{"id":15513,"date":"2026-09-02T11:09:59","date_gmt":"2026-09-02T09:09:59","guid":{"rendered":"https:\/\/instytutpolski.pl\/bucuresti\/?p=15513"},"modified":"2026-09-03T14:59:34","modified_gmt":"2026-09-03T12:59:34","slug":"odznaka-bene-merito-dla-elzbiety-wieruszewskiej-calistru","status":"publish","type":"post","link":"https:\/\/instytutpolski.pl\/bucuresti\/pl\/2026\/09\/02\/odznaka-bene-merito-dla-elzbiety-wieruszewskiej-calistru\/","title":{"rendered":"Odznaka Bene Merito dla El\u017cbiety Wieruszewskiej-Calistru"},"content":{"rendered":"\n<p class=\"isSelectedEnd\">Odznaczenie jest wyrazem uznania dla jej wieloletniej dzia\u0142alno\u015bci na rzecz promocji j\u0119zyka i kultury polskiej w Rumunii, zachowania to\u017csamo\u015bci narodowej Polak\u00f3w w Rumunii, a tak\u017ce rozwoju stosunk\u00f3w i wzajemnego zrozumienia mi\u0119dzy Polsk\u0105 a Rumuni\u0105.<\/p>\n<p class=\"isSelectedEnd\">El\u017cbieta Wieruszewska-Calistru jest absolwentk\u0105 Wy\u017cszej Szko\u0142y Pedagogicznej w Zielonej G\u00f3rze, gdzie uzyska\u0142a tytu\u0142 magistra filologii rosyjskiej. W Rumunii mieszka od 1999 roku. W latach 1999\u20132008 pracowa\u0142a jako nauczycielka j\u0119zyka polskiego, oddelegowana przez Centralny O\u015brodek Doskonalenia Nauczycieli (CODN). Od 2005 roku jest zwi\u0105zana ze <strong>Zwi\u0105zkiem Polak\u00f3w w Rumunii<\/strong>, a tak\u017ce pe\u0142ni funkcj\u0119 redaktor naczelnej czasopism <strong>\u201ePolonus\u201d<\/strong> i <strong>\u201eMa\u0142y Polonus\u201d<\/strong>, skierowanych do polskiej spo\u0142eczno\u015bci w Rumunii.<\/p>\n<p class=\"isSelectedEnd\">Jej dzia\u0142alno\u015b\u0107 od wielu lat wykracza jednak poza ramy pracy zawodowej. El\u017cbieta Wieruszewska-Calistru aktywnie anga\u017cuje si\u0119 w projekty promuj\u0105ce polsk\u0105 kultur\u0119, histori\u0119 i dziedzictwo oraz przybli\u017caj\u0105ce Rumunom wsp\u00f3\u0142czesn\u0105 Polsk\u0119. Jej dzia\u0142alno\u015b\u0107 przyczynia si\u0119 r\u00f3wnie\u017c do pog\u0142\u0119biania wzajemnego poznania i zrozumienia Polak\u00f3w i Rumun\u00f3w, mi\u0119dzy innymi poprzez regularn\u0105 wsp\u00f3\u0142prac\u0119 z <strong>Instytutem Polskim w Bukareszcie<\/strong>.<\/p>\n<p class=\"isSelectedEnd\">Szczeg\u00f3lne miejsce w jej dzia\u0142alno\u015bci zajmuj\u0105 <strong>Dni Polskie na Bukowinie<\/strong>, kt\u00f3rych jest jednym z najwa\u017cniejszych organizator\u00f3w od 1999 roku. Doroczne wydarzenie od lat s\u0142u\u017cy piel\u0119gnowaniu pami\u0119ci, tradycji i to\u017csamo\u015bci polskiej mniejszo\u015bci na Bukowinie, a zarazem stanowi wa\u017cn\u0105 przestrze\u0144 spotkania przedstawicieli \u015bwiata kultury, nauki i spo\u0142eczno\u015bci lokalnych.<\/p>\n<p class=\"isSelectedEnd\">Integraln\u0105 cz\u0119\u015bci\u0105 Dni Polskich jest <strong>polsko-rumu\u0144skie sympozjum naukowe<\/strong>, po\u015bwi\u0119cone relacjom mi\u0119dzy oboma krajami w ich r\u00f3\u017cnorodnych wymiarach. Dzi\u0119ki wieloletniej ci\u0105g\u0142o\u015bci i wysokiemu poziomowi merytorycznemu sta\u0142o si\u0119 ono jednym z najwa\u017cniejszych wydarze\u0144 naukowych po\u015bwi\u0119conych stosunkom polsko-rumu\u0144skim. Publikacje b\u0119d\u0105ce rezultatem kolejnych konferencji stanowi\u0105 niezwykle cenne \u017ar\u00f3d\u0142o dla badaczy zajmuj\u0105cych si\u0119 histori\u0105, kultur\u0105, spo\u0142ecze\u0144stwem oraz relacjami Polski i Rumunii.<\/p>\n<p class=\"isSelectedEnd\">Dzi\u0119ki osobistemu zaanga\u017cowaniu, kt\u00f3re daleko wykracza poza ramy obowi\u0105zk\u00f3w zawodowych, El\u017cbieta Wieruszewska-Calistru sta\u0142a si\u0119 wa\u017cnym \u0142\u0105cznikiem pomi\u0119dzy \u015brodowiskami naukowymi Polski, Rumunii i Republiki Mo\u0142dawii. Dla uczestnik\u00f3w i odbiorc\u00f3w realizowanych przez ni\u0105 przedsi\u0119wzi\u0119\u0107 jest wa\u017cnym punktem odniesienia oraz osob\u0105, kt\u00f3ra od lat konsekwentnie buduje przestrze\u0144 dialogu i wsp\u00f3\u0142pracy.<\/p>\n<p class=\"isSelectedEnd\">Jej dzia\u0142alno\u015b\u0107 ma istotne znaczenie nie tylko dla zachowania i rozwoju polskiej to\u017csamo\u015bci w Rumunii, lecz tak\u017ce dla <strong>budowania autentycznych i trwa\u0142ych relacji polsko-rumu\u0144skich oraz umacniania obecno\u015bci i pozycji Polski w Rumunii<\/strong>.<\/p>\n<p class=\"isSelectedEnd\">Przyznanie odznaki <strong>Bene Merito<\/strong> w roku jubileuszowym Instytutu Polskiego w Bukareszcie ma r\u00f3wnie\u017c wymiar symboliczny. <strong>25 lat dzia\u0142alno\u015bci Instytutu Polskiego<\/strong> to \u0107wier\u0107 wieku spotka\u0144, projekt\u00f3w, wydarze\u0144 kulturalnych i naukowych oraz wsp\u00f3\u0142pracy, kt\u00f3ra przybli\u017ca Polsk\u0119 Rumunom i Rumuni\u0119 Polakom.<\/p>\n<p class=\"isSelectedEnd\">W tym szczeg\u00f3lnym jubileuszowym momencie uhonorowanie El\u017cbiety Wieruszewskiej-Calistru stanowi wyraz uznania dla osoby, kt\u00f3ra od ponad dw\u00f3ch dekad z zaanga\u017cowaniem, konsekwencj\u0105 i pasj\u0105 dzia\u0142a na rzecz polskiej kultury, polskiej spo\u0142eczno\u015bci w Rumunii oraz dialogu mi\u0119dzy naszymi krajami.<\/p>\n<p><strong>Serdecznie gratulujemy Pani El\u017cbiecie Wieruszewskiej-Calistru otrzymania odznaki Bene Merito i dzi\u0119kujemy za wieloletni\u0105 prac\u0119 na rzecz przyja\u017ani polsko-rumu\u0144skiej.<\/strong><\/p>\n<p>\u00a0<\/p>\n<p>fot. Adrian Cuba<\/p>\n\n\n","protected":false},"excerpt":{"rendered":"<p>Odznaczenie jest wyrazem uznania dla jej wieloletniej dzia\u0142alno\u015bci na rzecz promocji j\u0119zyka i kultury polskiej w Rumunii, zachowania to\u017csamo\u015bci narodowej Polak\u00f3w w Rumunii, a tak\u017ce rozwoju stosunk\u00f3w i wzajemnego zrozumienia mi\u0119dzy Polsk\u0105 a Rumuni\u0105. El\u017cbieta Wieruszewska-Calistru jest absolwentk\u0105 Wy\u017cszej Szko\u0142y Pedagogicznej w Zielonej G\u00f3rze, gdzie uzyska\u0142a tytu\u0142 magistra filologii rosyjskiej. W Rumunii mieszka od 1999 [&hellip;]<\/p>\n","protected":false},"author":44,"featured_media":15519,"comment_status":"open","ping_status":"open","sticky":false,"template":"","format":"standard","meta":{"inline_featured_image":false,"_monsterinsights_skip_tracking":false,"_monsterinsights_sitenote_active":false,"_monsterinsights_sitenote_note":"","_monsterinsights_sitenote_category":0,"footnotes":""},"categories":[120],"tags":[],"class_list":["post-15513","post","type-post","status-publish","format-standard","has-post-thumbnail","hentry","category-aktualnosc"],"yoast_head":"<!-- This site is optimized with the Yoast SEO plugin v24.6 - https:\/\/yoast.com\/wordpress\/plugins\/seo\/ -->\n<title>Odznaka Bene Merito dla El\u017cbiety Wieruszewskiej-Calistru - Instytut Polski w Bukareszcie<\/title>\n<meta name=\"robots\" content=\"index, follow, max-snippet:-1, max-image-preview:large, max-video-preview:-1\" \/>\n<link rel=\"canonical\" href=\"https:\/\/instytutpolski.pl\/bucuresti\/pl\/2026\/09\/02\/odznaka-bene-merito-dla-elzbiety-wieruszewskiej-calistru\/\" \/>\n<meta property=\"og:locale\" content=\"pl_PL\" \/>\n<meta property=\"og:type\" content=\"article\" \/>\n<meta property=\"og:title\" content=\"Odznaka Bene Merito dla El\u017cbiety Wieruszewskiej-Calistru - Instytut Polski w Bukareszcie\" \/>\n<meta property=\"og:description\" content=\"Odznaczenie jest wyrazem uznania dla jej wieloletniej dzia\u0142alno\u015bci na rzecz promocji j\u0119zyka i kultury polskiej w Rumunii, zachowania to\u017csamo\u015bci narodowej Polak\u00f3w w Rumunii, a tak\u017ce rozwoju stosunk\u00f3w i wzajemnego zrozumienia mi\u0119dzy Polsk\u0105 a Rumuni\u0105. El\u017cbieta Wieruszewska-Calistru jest absolwentk\u0105 Wy\u017cszej Szko\u0142y Pedagogicznej w Zielonej G\u00f3rze, gdzie uzyska\u0142a tytu\u0142 magistra filologii rosyjskiej. W Rumunii mieszka od 1999 [&hellip;]\" \/>\n<meta property=\"og:url\" content=\"https:\/\/instytutpolski.pl\/bucuresti\/pl\/2026\/09\/02\/odznaka-bene-merito-dla-elzbiety-wieruszewskiej-calistru\/\" \/>\n<meta property=\"og:site_name\" content=\"Instytut Polski w Bukareszcie\" \/>\n<meta property=\"article:published_time\" content=\"2026-09-02T09:09:59+00:00\" \/>\n<meta property=\"article:modified_time\" content=\"2026-09-03T12:59:34+00:00\" \/>\n<meta property=\"og:image\" content=\"https:\/\/instytutpolski.pl\/bucuresti\/wp-content\/uploads\/sites\/11\/2026\/09\/ela.jpg\" \/>\n\t<meta property=\"og:image:width\" content=\"2048\" \/>\n\t<meta property=\"og:image:height\" content=\"1365\" \/>\n\t<meta property=\"og:image:type\" content=\"image\/jpeg\" \/>\n<meta name=\"author\" content=\"zalaszewskak\" \/>\n<meta name=\"twitter:card\" content=\"summary_large_image\" \/>\n<meta name=\"twitter:label1\" content=\"Napisane przez\" \/>\n\t<meta name=\"twitter:data1\" content=\"zalaszewskak\" \/>\n\t<meta name=\"twitter:label2\" content=\"Szacowany czas czytania\" \/>\n\t<meta name=\"twitter:data2\" content=\"3 minuty\" \/>\n<script type=\"application\/ld+json\" class=\"yoast-schema-graph\">{\"@context\":\"https:\/\/schema.org\",\"@graph\":[{\"@type\":\"event\",\"@id\":\"https:\/\/instytutpolski.pl\/bucuresti\/pl\/2026\/09\/02\/odznaka-bene-merito-dla-elzbiety-wieruszewskiej-calistru\/\",\"url\":\"https:\/\/instytutpolski.pl\/bucuresti\/pl\/2026\/09\/02\/odznaka-bene-merito-dla-elzbiety-wieruszewskiej-calistru\/\",\"name\":\"Odznaka Bene Merito dla El\u017cbiety Wieruszewskiej-Calistru\",\"isPartOf\":{\"@id\":\"https:\/\/instytutpolski.pl\/bucuresti\/#website\"},\"primaryImageOfPage\":{\"@id\":\"https:\/\/instytutpolski.pl\/bucuresti\/pl\/2026\/09\/02\/odznaka-bene-merito-dla-elzbiety-wieruszewskiej-calistru\/#primaryimage\"},\"image\":[\"https:\/\/instytutpolski.pl\/bucuresti\/wp-content\/uploads\/sites\/11\/2026\/09\/ela.jpg\",\"https:\/\/instytutpolski.pl\/bucuresti\/wp-content\/uploads\/sites\/11\/2026\/09\/ela-300x200.jpg\",\"https:\/\/instytutpolski.pl\/bucuresti\/wp-content\/uploads\/sites\/11\/2026\/09\/ela-1024x683.jpg\",\"https:\/\/instytutpolski.pl\/bucuresti\/wp-content\/uploads\/sites\/11\/2026\/09\/ela.jpg\"],\"thumbnailUrl\":\"https:\/\/instytutpolski.pl\/bucuresti\/wp-content\/uploads\/sites\/11\/2026\/09\/ela.jpg\",\"datePublished\":\"2026-09-02T09:09:59+02:00\",\"dateModified\":\"2026-09-03T12:59:34+02:00\",\"author\":{\"@id\":\"https:\/\/instytutpolski.pl\/bucuresti\/#\/schema\/person\/cbf38f4ffa10f919673d0e5f3ee6677d\"},\"breadcrumb\":{\"@id\":\"https:\/\/instytutpolski.pl\/bucuresti\/pl\/2026\/09\/02\/odznaka-bene-merito-dla-elzbiety-wieruszewskiej-calistru\/#breadcrumb\"},\"inLanguage\":\"pl-PL\",\"potentialAction\":[{\"@type\":\"ReadAction\",\"target\":[\"https:\/\/instytutpolski.pl\/bucuresti\/pl\/2026\/09\/02\/odznaka-bene-merito-dla-elzbiety-wieruszewskiej-calistru\/\"]}],\"@context\":\"https:\/\/schema.org\",\"startDate\":\"2026-08-28\",\"endDate\":\"2026-08-28\",\"eventStatus\":\"EventScheduled\",\"eventAttendanceMode\":\"OfflineEventAttendanceMode\",\"location\":{\"@type\":\"place\",\"name\":\"\",\"address\":\"\",\"geo\":{\"@type\":\"GeoCoordinates\",\"latitude\":\"\",\"longitude\":\"\"}},\"description\":\"Odznaczenie jest wyrazem uznania dla jej wieloletniej dzia\u0142alno\u015bci na rzecz promocji j\u0119zyka i kultury polskiej w Rumunii, zachowania to\u017csamo\u015bci narodowej Polak\u00f3w w Rumunii, a tak\u017ce rozwoju stosunk\u00f3w i wzajemnego zrozumienia mi\u0119dzy Polsk\u0105 a Rumuni\u0105.\\nEl\u017cbieta Wieruszewska-Calistru jest absolwentk\u0105 Wy\u017cszej Szko\u0142y Pedagogicznej w Zielonej G\u00f3rze, gdzie uzyska\u0142a tytu\u0142 magistra filologii rosyjskiej. W Rumunii mieszka od 1999 roku. W latach 1999\u20132008 pracowa\u0142a jako nauczycielka j\u0119zyka polskiego, oddelegowana przez Centralny O\u015brodek Doskonalenia Nauczycieli (CODN). Od 2005 roku jest zwi\u0105zana ze Zwi\u0105zkiem Polak\u00f3w w Rumunii, a tak\u017ce pe\u0142ni funkcj\u0119 redaktor naczelnej czasopism \u201ePolonus\u201d i \u201eMa\u0142y Polonus\u201d, skierowanych do polskiej spo\u0142eczno\u015bci w Rumunii.\\nJej dzia\u0142alno\u015b\u0107 od wielu lat wykracza jednak poza ramy pracy zawodowej. El\u017cbieta Wieruszewska-Calistru aktywnie anga\u017cuje si\u0119 w projekty promuj\u0105ce polsk\u0105 kultur\u0119, histori\u0119 i dziedzictwo oraz przybli\u017caj\u0105ce Rumunom wsp\u00f3\u0142czesn\u0105 Polsk\u0119. Jej dzia\u0142alno\u015b\u0107 przyczynia si\u0119 r\u00f3wnie\u017c do pog\u0142\u0119biania wzajemnego poznania i zrozumienia Polak\u00f3w i Rumun\u00f3w, mi\u0119dzy innymi poprzez regularn\u0105 wsp\u00f3\u0142prac\u0119 z Instytutem Polskim w Bukareszcie.\\nSzczeg\u00f3lne miejsce w jej dzia\u0142alno\u015bci zajmuj\u0105 Dni Polskie na Bukowinie, kt\u00f3rych jest jednym z najwa\u017cniejszych organizator\u00f3w od 1999 roku. Doroczne wydarzenie od lat s\u0142u\u017cy piel\u0119gnowaniu pami\u0119ci, tradycji i to\u017csamo\u015bci polskiej mniejszo\u015bci na Bukowinie, a zarazem stanowi wa\u017cn\u0105 przestrze\u0144 spotkania przedstawicieli \u015bwiata kultury, nauki i spo\u0142eczno\u015bci lokalnych.\\nIntegraln\u0105 cz\u0119\u015bci\u0105 Dni Polskich jest polsko-rumu\u0144skie sympozjum naukowe, po\u015bwi\u0119cone relacjom mi\u0119dzy oboma krajami w ich r\u00f3\u017cnorodnych wymiarach. Dzi\u0119ki wieloletniej ci\u0105g\u0142o\u015bci i wysokiemu poziomowi merytorycznemu sta\u0142o si\u0119 ono jednym z najwa\u017cniejszych wydarze\u0144 naukowych po\u015bwi\u0119conych stosunkom polsko-rumu\u0144skim. Publikacje b\u0119d\u0105ce rezultatem kolejnych konferencji stanowi\u0105 niezwykle cenne \u017ar\u00f3d\u0142o dla badaczy zajmuj\u0105cych si\u0119 histori\u0105, kultur\u0105, spo\u0142ecze\u0144stwem oraz relacjami Polski i Rumunii.\\nDzi\u0119ki osobistemu zaanga\u017cowaniu, kt\u00f3re daleko wykracza poza ramy obowi\u0105zk\u00f3w zawodowych, El\u017cbieta Wieruszewska-Calistru sta\u0142a si\u0119 wa\u017cnym \u0142\u0105cznikiem pomi\u0119dzy \u015brodowiskami naukowymi Polski, Rumunii i Republiki Mo\u0142dawii. Dla uczestnik\u00f3w i odbiorc\u00f3w realizowanych przez ni\u0105 przedsi\u0119wzi\u0119\u0107 jest wa\u017cnym punktem odniesienia oraz osob\u0105, kt\u00f3ra od lat konsekwentnie buduje przestrze\u0144 dialogu i wsp\u00f3\u0142pracy.\\nJej dzia\u0142alno\u015b\u0107 ma istotne znaczenie nie tylko dla zachowania i rozwoju polskiej to\u017csamo\u015bci w Rumunii, lecz tak\u017ce dla budowania autentycznych i trwa\u0142ych relacji polsko-rumu\u0144skich oraz umacniania obecno\u015bci i pozycji Polski w Rumunii.\\nPrzyznanie odznaki Bene Merito w roku jubileuszowym Instytutu Polskiego w Bukareszcie ma r\u00f3wnie\u017c wymiar symboliczny. 25 lat dzia\u0142alno\u015bci Instytutu Polskiego to \u0107wier\u0107 wieku spotka\u0144, projekt\u00f3w, wydarze\u0144 kulturalnych i naukowych oraz wsp\u00f3\u0142pracy, kt\u00f3ra przybli\u017ca Polsk\u0119 Rumunom i Rumuni\u0119 Polakom.\\nW tym szczeg\u00f3lnym jubileuszowym momencie uhonorowanie El\u017cbiety Wieruszewskiej-Calistru stanowi wyraz uznania dla osoby, kt\u00f3ra od ponad dw\u00f3ch dekad z zaanga\u017cowaniem, konsekwencj\u0105 i pasj\u0105 dzia\u0142a na rzecz polskiej kultury, polskiej spo\u0142eczno\u015bci w Rumunii oraz dialogu mi\u0119dzy naszymi krajami.\\nSerdecznie gratulujemy Pani El\u017cbiecie Wieruszewskiej-Calistru otrzymania odznaki Bene Merito i dzi\u0119kujemy za wieloletni\u0105 prac\u0119 na rzecz przyja\u017ani polsko-rumu\u0144skiej.\\n\u00a0\\nfot. Adrian Cuba\"},{\"@type\":\"ImageObject\",\"inLanguage\":\"pl-PL\",\"@id\":\"https:\/\/instytutpolski.pl\/bucuresti\/pl\/2026\/09\/02\/odznaka-bene-merito-dla-elzbiety-wieruszewskiej-calistru\/#primaryimage\",\"url\":\"https:\/\/instytutpolski.pl\/bucuresti\/wp-content\/uploads\/sites\/11\/2026\/09\/ela.jpg\",\"contentUrl\":\"https:\/\/instytutpolski.pl\/bucuresti\/wp-content\/uploads\/sites\/11\/2026\/09\/ela.jpg\",\"width\":2048,\"height\":1365},{\"@type\":\"BreadcrumbList\",\"@id\":\"https:\/\/instytutpolski.pl\/bucuresti\/pl\/2026\/09\/02\/odznaka-bene-merito-dla-elzbiety-wieruszewskiej-calistru\/#breadcrumb\",\"itemListElement\":[{\"@type\":\"ListItem\",\"position\":1,\"name\":\"Home\",\"item\":\"https:\/\/instytutpolski.pl\/bucuresti\/\"},{\"@type\":\"ListItem\",\"position\":2,\"name\":\"Odznaka Bene Merito dla El\u017cbiety Wieruszewskiej-Calistru\"}]},{\"@type\":\"WebSite\",\"@id\":\"https:\/\/instytutpolski.pl\/bucuresti\/#website\",\"url\":\"https:\/\/instytutpolski.pl\/bucuresti\/\",\"name\":\"Instytut Polski w Bukareszcie\",\"description\":\"Instytuty Polskie\",\"potentialAction\":[{\"@type\":\"SearchAction\",\"target\":{\"@type\":\"EntryPoint\",\"urlTemplate\":\"https:\/\/instytutpolski.pl\/bucuresti\/?s={search_term_string}\"},\"query-input\":{\"@type\":\"PropertyValueSpecification\",\"valueRequired\":true,\"valueName\":\"search_term_string\"}}],\"inLanguage\":\"pl-PL\"},{\"@type\":\"Person\",\"@id\":\"https:\/\/instytutpolski.pl\/bucuresti\/#\/schema\/person\/cbf38f4ffa10f919673d0e5f3ee6677d\",\"name\":\"zalaszewskak\",\"image\":{\"@type\":\"ImageObject\",\"inLanguage\":\"pl-PL\",\"@id\":\"https:\/\/instytutpolski.pl\/bucuresti\/#\/schema\/person\/image\/\",\"url\":\"https:\/\/secure.gravatar.com\/avatar\/c2e847fb86e9b9e6a80aa771ff34772f?s=96&d=mm&r=g\",\"contentUrl\":\"https:\/\/secure.gravatar.com\/avatar\/c2e847fb86e9b9e6a80aa771ff34772f?s=96&d=mm&r=g\",\"caption\":\"zalaszewskak\"},\"url\":\"https:\/\/instytutpolski.pl\/bucuresti\/author\/zalaszewskak\/\"}]}<\/script>\n<!-- \/ Yoast SEO plugin. -->","yoast_head_json":{"title":"Odznaka Bene Merito dla El\u017cbiety Wieruszewskiej-Calistru - Instytut Polski w Bukareszcie","robots":{"index":"index","follow":"follow","max-snippet":"max-snippet:-1","max-image-preview":"max-image-preview:large","max-video-preview":"max-video-preview:-1"},"canonical":"https:\/\/instytutpolski.pl\/bucuresti\/pl\/2026\/09\/02\/odznaka-bene-merito-dla-elzbiety-wieruszewskiej-calistru\/","og_locale":"pl_PL","og_type":"article","og_title":"Odznaka Bene Merito dla El\u017cbiety Wieruszewskiej-Calistru - Instytut Polski w Bukareszcie","og_description":"Odznaczenie jest wyrazem uznania dla jej wieloletniej dzia\u0142alno\u015bci na rzecz promocji j\u0119zyka i kultury polskiej w Rumunii, zachowania to\u017csamo\u015bci narodowej Polak\u00f3w w Rumunii, a tak\u017ce rozwoju stosunk\u00f3w i wzajemnego zrozumienia mi\u0119dzy Polsk\u0105 a Rumuni\u0105. El\u017cbieta Wieruszewska-Calistru jest absolwentk\u0105 Wy\u017cszej Szko\u0142y Pedagogicznej w Zielonej G\u00f3rze, gdzie uzyska\u0142a tytu\u0142 magistra filologii rosyjskiej. W Rumunii mieszka od 1999 [&hellip;]","og_url":"https:\/\/instytutpolski.pl\/bucuresti\/pl\/2026\/09\/02\/odznaka-bene-merito-dla-elzbiety-wieruszewskiej-calistru\/","og_site_name":"Instytut Polski w Bukareszcie","article_published_time":"2026-09-02T09:09:59+00:00","article_modified_time":"2026-09-03T12:59:34+00:00","og_image":[{"width":2048,"height":1365,"url":"https:\/\/instytutpolski.pl\/bucuresti\/wp-content\/uploads\/sites\/11\/2026\/09\/ela.jpg","type":"image\/jpeg"}],"author":"zalaszewskak","twitter_card":"summary_large_image","twitter_misc":{"Napisane przez":"zalaszewskak","Szacowany czas czytania":"3 minuty"},"schema":{"@context":"https:\/\/schema.org","@graph":[{"@type":"event","@id":"https:\/\/instytutpolski.pl\/bucuresti\/pl\/2026\/09\/02\/odznaka-bene-merito-dla-elzbiety-wieruszewskiej-calistru\/","url":"https:\/\/instytutpolski.pl\/bucuresti\/pl\/2026\/09\/02\/odznaka-bene-merito-dla-elzbiety-wieruszewskiej-calistru\/","name":"Odznaka Bene Merito dla El\u017cbiety Wieruszewskiej-Calistru","isPartOf":{"@id":"https:\/\/instytutpolski.pl\/bucuresti\/#website"},"primaryImageOfPage":{"@id":"https:\/\/instytutpolski.pl\/bucuresti\/pl\/2026\/09\/02\/odznaka-bene-merito-dla-elzbiety-wieruszewskiej-calistru\/#primaryimage"},"image":["https:\/\/instytutpolski.pl\/bucuresti\/wp-content\/uploads\/sites\/11\/2026\/09\/ela.jpg","https:\/\/instytutpolski.pl\/bucuresti\/wp-content\/uploads\/sites\/11\/2026\/09\/ela-300x200.jpg","https:\/\/instytutpolski.pl\/bucuresti\/wp-content\/uploads\/sites\/11\/2026\/09\/ela-1024x683.jpg","https:\/\/instytutpolski.pl\/bucuresti\/wp-content\/uploads\/sites\/11\/2026\/09\/ela.jpg"],"thumbnailUrl":"https:\/\/instytutpolski.pl\/bucuresti\/wp-content\/uploads\/sites\/11\/2026\/09\/ela.jpg","datePublished":"2026-09-02T09:09:59+02:00","dateModified":"2026-09-03T12:59:34+02:00","author":{"@id":"https:\/\/instytutpolski.pl\/bucuresti\/#\/schema\/person\/cbf38f4ffa10f919673d0e5f3ee6677d"},"breadcrumb":{"@id":"https:\/\/instytutpolski.pl\/bucuresti\/pl\/2026\/09\/02\/odznaka-bene-merito-dla-elzbiety-wieruszewskiej-calistru\/#breadcrumb"},"inLanguage":"pl-PL","potentialAction":[{"@type":"ReadAction","target":["https:\/\/instytutpolski.pl\/bucuresti\/pl\/2026\/09\/02\/odznaka-bene-merito-dla-elzbiety-wieruszewskiej-calistru\/"]}],"@context":"https:\/\/schema.org","startDate":"2026-08-28","endDate":"2026-08-28","eventStatus":"EventScheduled","eventAttendanceMode":"OfflineEventAttendanceMode","location":{"@type":"place","name":"","address":"","geo":{"@type":"GeoCoordinates","latitude":"","longitude":""}},"description":"Odznaczenie jest wyrazem uznania dla jej wieloletniej dzia\u0142alno\u015bci na rzecz promocji j\u0119zyka i kultury polskiej w Rumunii, zachowania to\u017csamo\u015bci narodowej Polak\u00f3w w Rumunii, a tak\u017ce rozwoju stosunk\u00f3w i wzajemnego zrozumienia mi\u0119dzy Polsk\u0105 a Rumuni\u0105.\nEl\u017cbieta Wieruszewska-Calistru jest absolwentk\u0105 Wy\u017cszej Szko\u0142y Pedagogicznej w Zielonej G\u00f3rze, gdzie uzyska\u0142a tytu\u0142 magistra filologii rosyjskiej. W Rumunii mieszka od 1999 roku. W latach 1999\u20132008 pracowa\u0142a jako nauczycielka j\u0119zyka polskiego, oddelegowana przez Centralny O\u015brodek Doskonalenia Nauczycieli (CODN). Od 2005 roku jest zwi\u0105zana ze Zwi\u0105zkiem Polak\u00f3w w Rumunii, a tak\u017ce pe\u0142ni funkcj\u0119 redaktor naczelnej czasopism \u201ePolonus\u201d i \u201eMa\u0142y Polonus\u201d, skierowanych do polskiej spo\u0142eczno\u015bci w Rumunii.\nJej dzia\u0142alno\u015b\u0107 od wielu lat wykracza jednak poza ramy pracy zawodowej. El\u017cbieta Wieruszewska-Calistru aktywnie anga\u017cuje si\u0119 w projekty promuj\u0105ce polsk\u0105 kultur\u0119, histori\u0119 i dziedzictwo oraz przybli\u017caj\u0105ce Rumunom wsp\u00f3\u0142czesn\u0105 Polsk\u0119. Jej dzia\u0142alno\u015b\u0107 przyczynia si\u0119 r\u00f3wnie\u017c do pog\u0142\u0119biania wzajemnego poznania i zrozumienia Polak\u00f3w i Rumun\u00f3w, mi\u0119dzy innymi poprzez regularn\u0105 wsp\u00f3\u0142prac\u0119 z Instytutem Polskim w Bukareszcie.\nSzczeg\u00f3lne miejsce w jej dzia\u0142alno\u015bci zajmuj\u0105 Dni Polskie na Bukowinie, kt\u00f3rych jest jednym z najwa\u017cniejszych organizator\u00f3w od 1999 roku. Doroczne wydarzenie od lat s\u0142u\u017cy piel\u0119gnowaniu pami\u0119ci, tradycji i to\u017csamo\u015bci polskiej mniejszo\u015bci na Bukowinie, a zarazem stanowi wa\u017cn\u0105 przestrze\u0144 spotkania przedstawicieli \u015bwiata kultury, nauki i spo\u0142eczno\u015bci lokalnych.\nIntegraln\u0105 cz\u0119\u015bci\u0105 Dni Polskich jest polsko-rumu\u0144skie sympozjum naukowe, po\u015bwi\u0119cone relacjom mi\u0119dzy oboma krajami w ich r\u00f3\u017cnorodnych wymiarach. Dzi\u0119ki wieloletniej ci\u0105g\u0142o\u015bci i wysokiemu poziomowi merytorycznemu sta\u0142o si\u0119 ono jednym z najwa\u017cniejszych wydarze\u0144 naukowych po\u015bwi\u0119conych stosunkom polsko-rumu\u0144skim. Publikacje b\u0119d\u0105ce rezultatem kolejnych konferencji stanowi\u0105 niezwykle cenne \u017ar\u00f3d\u0142o dla badaczy zajmuj\u0105cych si\u0119 histori\u0105, kultur\u0105, spo\u0142ecze\u0144stwem oraz relacjami Polski i Rumunii.\nDzi\u0119ki osobistemu zaanga\u017cowaniu, kt\u00f3re daleko wykracza poza ramy obowi\u0105zk\u00f3w zawodowych, El\u017cbieta Wieruszewska-Calistru sta\u0142a si\u0119 wa\u017cnym \u0142\u0105cznikiem pomi\u0119dzy \u015brodowiskami naukowymi Polski, Rumunii i Republiki Mo\u0142dawii. Dla uczestnik\u00f3w i odbiorc\u00f3w realizowanych przez ni\u0105 przedsi\u0119wzi\u0119\u0107 jest wa\u017cnym punktem odniesienia oraz osob\u0105, kt\u00f3ra od lat konsekwentnie buduje przestrze\u0144 dialogu i wsp\u00f3\u0142pracy.\nJej dzia\u0142alno\u015b\u0107 ma istotne znaczenie nie tylko dla zachowania i rozwoju polskiej to\u017csamo\u015bci w Rumunii, lecz tak\u017ce dla budowania autentycznych i trwa\u0142ych relacji polsko-rumu\u0144skich oraz umacniania obecno\u015bci i pozycji Polski w Rumunii.\nPrzyznanie odznaki Bene Merito w roku jubileuszowym Instytutu Polskiego w Bukareszcie ma r\u00f3wnie\u017c wymiar symboliczny. 25 lat dzia\u0142alno\u015bci Instytutu Polskiego to \u0107wier\u0107 wieku spotka\u0144, projekt\u00f3w, wydarze\u0144 kulturalnych i naukowych oraz wsp\u00f3\u0142pracy, kt\u00f3ra przybli\u017ca Polsk\u0119 Rumunom i Rumuni\u0119 Polakom.\nW tym szczeg\u00f3lnym jubileuszowym momencie uhonorowanie El\u017cbiety Wieruszewskiej-Calistru stanowi wyraz uznania dla osoby, kt\u00f3ra od ponad dw\u00f3ch dekad z zaanga\u017cowaniem, konsekwencj\u0105 i pasj\u0105 dzia\u0142a na rzecz polskiej kultury, polskiej spo\u0142eczno\u015bci w Rumunii oraz dialogu mi\u0119dzy naszymi krajami.\nSerdecznie gratulujemy Pani El\u017cbiecie Wieruszewskiej-Calistru otrzymania odznaki Bene Merito i dzi\u0119kujemy za wieloletni\u0105 prac\u0119 na rzecz przyja\u017ani polsko-rumu\u0144skiej.\n\u00a0\nfot. Adrian Cuba"},{"@type":"ImageObject","inLanguage":"pl-PL","@id":"https:\/\/instytutpolski.pl\/bucuresti\/pl\/2026\/09\/02\/odznaka-bene-merito-dla-elzbiety-wieruszewskiej-calistru\/#primaryimage","url":"https:\/\/instytutpolski.pl\/bucuresti\/wp-content\/uploads\/sites\/11\/2026\/09\/ela.jpg","contentUrl":"https:\/\/instytutpolski.pl\/bucuresti\/wp-content\/uploads\/sites\/11\/2026\/09\/ela.jpg","width":2048,"height":1365},{"@type":"BreadcrumbList","@id":"https:\/\/instytutpolski.pl\/bucuresti\/pl\/2026\/09\/02\/odznaka-bene-merito-dla-elzbiety-wieruszewskiej-calistru\/#breadcrumb","itemListElement":[{"@type":"ListItem","position":1,"name":"Home","item":"https:\/\/instytutpolski.pl\/bucuresti\/"},{"@type":"ListItem","position":2,"name":"Odznaka Bene Merito dla El\u017cbiety Wieruszewskiej-Calistru"}]},{"@type":"WebSite","@id":"https:\/\/instytutpolski.pl\/bucuresti\/#website","url":"https:\/\/instytutpolski.pl\/bucuresti\/","name":"Instytut Polski w Bukareszcie","description":"Instytuty Polskie","potentialAction":[{"@type":"SearchAction","target":{"@type":"EntryPoint","urlTemplate":"https:\/\/instytutpolski.pl\/bucuresti\/?s={search_term_string}"},"query-input":{"@type":"PropertyValueSpecification","valueRequired":true,"valueName":"search_term_string"}}],"inLanguage":"pl-PL"},{"@type":"Person","@id":"https:\/\/instytutpolski.pl\/bucuresti\/#\/schema\/person\/cbf38f4ffa10f919673d0e5f3ee6677d","name":"zalaszewskak","image":{"@type":"ImageObject","inLanguage":"pl-PL","@id":"https:\/\/instytutpolski.pl\/bucuresti\/#\/schema\/person\/image\/","url":"https:\/\/secure.gravatar.com\/avatar\/c2e847fb86e9b9e6a80aa771ff34772f?s=96&d=mm&r=g","contentUrl":"https:\/\/secure.gravatar.com\/avatar\/c2e847fb86e9b9e6a80aa771ff34772f?s=96&d=mm&r=g","caption":"zalaszewskak"},"url":"https:\/\/instytutpolski.pl\/bucuresti\/author\/zalaszewskak\/"}]}},"_links":{"self":[{"href":"https:\/\/instytutpolski.pl\/bucuresti\/wp-json\/wp\/v2\/posts\/15513","targetHints":{"allow":["GET"]}}],"collection":[{"href":"https:\/\/instytutpolski.pl\/bucuresti\/wp-json\/wp\/v2\/posts"}],"about":[{"href":"https:\/\/instytutpolski.pl\/bucuresti\/wp-json\/wp\/v2\/types\/post"}],"author":[{"embeddable":true,"href":"https:\/\/instytutpolski.pl\/bucuresti\/wp-json\/wp\/v2\/users\/44"}],"replies":[{"embeddable":true,"href":"https:\/\/instytutpolski.pl\/bucuresti\/wp-json\/wp\/v2\/comments?post=15513"}],"version-history":[{"count":4,"href":"https:\/\/instytutpolski.pl\/bucuresti\/wp-json\/wp\/v2\/posts\/15513\/revisions"}],"predecessor-version":[{"id":15523,"href":"https:\/\/instytutpolski.pl\/bucuresti\/wp-json\/wp\/v2\/posts\/15513\/revisions\/15523"}],"wp:featuredmedia":[{"embeddable":true,"href":"https:\/\/instytutpolski.pl\/bucuresti\/wp-json\/wp\/v2\/media\/15519"}],"wp:attachment":[{"href":"https:\/\/instytutpolski.pl\/bucuresti\/wp-json\/wp\/v2\/media?parent=15513"}],"wp:term":[{"taxonomy":"category","embeddable":true,"href":"https:\/\/instytutpolski.pl\/bucuresti\/wp-json\/wp\/v2\/categories?post=15513"},{"taxonomy":"post_tag","embeddable":true,"href":"https:\/\/instytutpolski.pl\/bucuresti\/wp-json\/wp\/v2\/tags?post=15513"}],"curies":[{"name":"wp","href":"https:\/\/api.w.org\/{rel}","templated":true}]}}