{"id":1923,"date":"2018-11-22T11:23:00","date_gmt":"2018-11-22T10:23:00","guid":{"rendered":"https:\/\/instytutpolski.pl\/bucuresti\/?p=1923"},"modified":"2020-05-26T11:30:13","modified_gmt":"2020-05-26T09:30:13","slug":"championi-ochrony-praw-dziecka-nagrodzeni","status":"publish","type":"post","link":"https:\/\/instytutpolski.pl\/bucuresti\/2018\/11\/22\/championi-ochrony-praw-dziecka-nagrodzeni\/","title":{"rendered":"Campionii ap\u0103r\u0103rii drepturilor copilului-premia\u021bi"},"content":{"rendered":"\n<p>Premiile Federa\u021biei Organiza\u021biilor Neguvernamentale pentru Copil (FONPC) din Rom\u00e2nia sunt acordate de nou\u0103 ani, dar de \u0219apte ani, din ini\u021biativa Institutului Polonez din Bucure\u0219ti, ele poart\u0103 numele lui Janusz Korczak (1878-1942), pedagogul care \u0219i-a devansat epoca printr-o abordare modern\u0103 a educa\u021biei copiilor.\u00a0 \u00a0<\/p>\n<p>Gala decern\u0103rii premiilor este un eveniment desf\u0103\u0219urat \u00een cadrul Festivalului Drepturilor Copilului, organizat de FONCP. Festivalul, care are loc \u00een fiecare an, include manifest\u0103ri\u00a0organizate pe tot teritoriul Rom\u00e2niei, adresate celor mai tineri proveni\u021bi din medii defavorizate, \u00eent\u00e2lniri \u0219i conferin\u021be pentru organiza\u021bii \u0219i persoane ce activeaz\u0103 pentru drepturile copilului \u00een Rom\u00e2nia.\u00a0\u00a0<\/p>\n<p>\u00cen acest an, \u00een contextul a dou\u0103 anivers\u0103ri importante &#8211; centenarul recuceririi independen\u021bei de c\u0103tre Polonia \u0219i centenarul Marii Uniri a Rom\u00e2niei &#8211; gala a avut un caracter special. \u00cen cadrul acesteia a avut loc nu doar decernarea Premiilor \u201eJanusz Korczak\u201d celor cinci laurea\u021bi, ci \u0219i\u00a0onorarea Danielei Gheorge, psiholog \u0219i director al FONPC, prin conferirea Distinc\u021biei onorifice \u201eBene merito\u201d, pe care \u0219eful diploma\u021biei poloneze o acord\u0103 persoanelor care consolideaz\u0103 pozi\u021bia Poloniei pe arena interna\u021bional\u0103.\u00a0<\/p>\n<p>\u00cen numele Ministrului Afacerilor Externe al Republicii Polone, Jacek Czaputowicz, distinc\u021bia a fost \u00eenm\u00e2nat\u0103 de c\u0103tre directorul Jan Sobczak, care conduce \u00een cadrul diploma\u021biei poloneze departamentul de protec\u021bie a drepturilor omului.<\/p>\n<p>FONPC \u00eens\u0103\u0219i se ocup\u0103 de monitorizarea, protec\u021bia \u0219i promovarea drepturilor copilului \u00een Rom\u00e2nia. \u00cen acest scop, colaboreaz\u0103, printre altele, cu institu\u021bii de stat pentru elaborarea \u0219i introducerea \u00een \u021bar\u0103 a legisla\u021biei din domeniu.\u00a0<\/p>\n<p>Institutul Polonez din Bucure\u0219ti a \u00eenceput colaborarea cu FONPC \u00een anul 2012, care a fost Anul Janusz Korczak. Atunci a propus ca premiul pentru activitatea desf\u0103\u0219urat\u0103 \u00een beneficiul drepturilor copilului \u00een Rom\u00e2nia s\u0103 poarte numele renumitului educator \u0219i pedagog polonez de origine evreiasc\u0103, care \u00een timpul celui de-Al Doilea R\u0103zboi Mondial, \u00een anul 1942, a fost omor\u00e2t de nem\u021bi \u00een lag\u0103rul de exterminare de la Treblinka.\u00a0<\/p>\n<p>Institutul Polonez este partener permanent al premiului, finan\u021b\u00e2nd, printre altele, realizarea statuetelor acordate \u00een fiecare an, crea\u021bie a artistei rom\u00e2nce Anca Benera.\u00a0<\/p>\n<p><strong>Laurea\u021bii premiilor \u201eJanusz Korczak\u201d \u00een anul 2018:<\/strong><\/p>\n<p><strong>\u2022 pentru \u00eentreaga activitate dedicat\u0103 protec\u0163iei drepturilor copilului: Alin Nicolae St\u0103nescu<\/strong>, doctor \u00een medicin\u0103, pediatru.\u00a0<br \/>Membru-fondator al Funda\u021biei Interna\u021bionale pentru Copil \u0219i Familie. De mul\u021bi ani, activist pentru reforma s\u0103n\u0103t\u0103\u021bii \u00een Rom\u00e2nia, \u00een mod particular pentru \u00eengrijirea s\u0103n\u0103t\u0103\u021bii mamei \u0219i a copilului. A coordonat numeroase proiecte \u0219i studii ale UNICEF.\u00a0 Are o activitate sus\u021binut\u0103 \u00een beneficiul organiza\u021biilor neguvernamentale din Rom\u00e2nia care se ocup\u0103 de asisten\u021ba copiilor.<\/p>\n<p><strong>\u2022 pentru profesionist din cadrul institu\u021biilor\/autorit\u0103\u0163ilor publice locale sau centrale: Ciprian Buhu\u0219i<\/strong>, angajat al Administra\u021biei Na\u021bionale a Penitenciarelor.<br \/>Se ocup\u0103 de reintegrarea social\u0103 a condamna\u021bilor. Vreme de mul\u021bi ani s-a ocupat de problemele legate de adop\u021bie, at\u00e2t \u00een structurile Ministerului Muncii, c\u00e2t \u0219i \u00een cadrul Oficiului Rom\u00e2n pentru Adop\u021bii &#8211; subordonat guvernului Rom\u00e2niei. Cea mai mare realizare a sa din aceast\u0103 perioad\u0103 este modificarea esen\u021bial\u0103 a legii privind adop\u021biile. A fost mult timp legat de organiza\u021bia \u201eSave the Children\u201d Romania.<\/p>\n<p><strong>\u2022 pentru profesionist ONG: Bianca-Elisabeta Bulai,<\/strong>\u00a0SOS Satele Copiilor\u00a0<br \/>Pedagog social, voluntar \u00een cadrul SOS Satele Copiilor, animatoare a jocurilor pentru copii \u00een colaborare cu Hobby Club Bac\u0103u.\u00a0<\/p>\n<p><strong>\u2022 pentru jurnalist: Flavia Dr\u0103gan, Newsweek Romania\u00a0<\/strong><br \/>Jurnalist\u0103 interesat\u0103 de tematica social\u0103, anterior redactor al cotidianului \u201eRomania Liber\u0103\u201d, angajat\u0103, printre altele, \u00een activit\u0103\u021bi \u00een beneficiul copiilor din casele de copii.<\/p>\n<p><strong>\u2022 pentru t\u00e2n\u0103r debutant: Ioana Isari<\/strong>, voluntar \u0219i co-fondator al Organiza\u021biei \u201eArt &#8211; Civica\u201d din Ia\u0219i. Particip\u0103 activ la numeroase proiecte legate de asisten\u021ba social\u0103 \u0219i sprijinirea copiilor din mediul rural.<\/p>\n<p><br \/>Vizioneaz\u0103 filmul despre Janusz Korczak:<\/p>\n<p>https:\/\/www.youtube.com\/watch?v=FZgZIli-Ynw&#038;feature=emb_logo<\/p>\n","protected":false},"excerpt":{"rendered":"<p>Premiile Federa\u021biei Organiza\u021biilor Neguvernamentale pentru Copil (FONPC) din Rom\u00e2nia sunt acordate de nou\u0103 ani, dar de \u0219apte ani, din ini\u021biativa Institutului Polonez din Bucure\u0219ti, ele poart\u0103 numele lui Janusz Korczak (1878-1942), pedagogul care \u0219i-a devansat epoca printr-o abordare modern\u0103 a educa\u021biei copiilor.\u00a0 \u00a0 Gala decern\u0103rii premiilor este un eveniment desf\u0103\u0219urat \u00een cadrul Festivalului Drepturilor Copilului, [&hellip;]<\/p>\n","protected":false},"author":42,"featured_media":1925,"comment_status":"open","ping_status":"open","sticky":false,"template":"","format":"standard","meta":{"inline_featured_image":false,"_monsterinsights_skip_tracking":false,"_monsterinsights_sitenote_active":false,"_monsterinsights_sitenote_note":"","_monsterinsights_sitenote_category":0,"footnotes":""},"categories":[1,188],"tags":[],"class_list":["post-1923","post","type-post","status-publish","format-standard","has-post-thumbnail","hentry","category-alte","category-concursuri"],"yoast_head":"<!-- This site is optimized with the Yoast SEO plugin v24.6 - https:\/\/yoast.com\/wordpress\/plugins\/seo\/ -->\n<title>Campionii ap\u0103r\u0103rii drepturilor copilului-premia\u021bi - Instytut Polski w Bukareszcie<\/title>\n<meta name=\"robots\" content=\"index, follow, max-snippet:-1, max-image-preview:large, max-video-preview:-1\" \/>\n<link rel=\"canonical\" href=\"https:\/\/instytutpolski.pl\/bucuresti\/2018\/11\/22\/championi-ochrony-praw-dziecka-nagrodzeni\/\" \/>\n<meta property=\"og:locale\" content=\"pl_PL\" \/>\n<meta property=\"og:type\" content=\"article\" \/>\n<meta property=\"og:title\" content=\"Campionii ap\u0103r\u0103rii drepturilor copilului-premia\u021bi - Instytut Polski w Bukareszcie\" \/>\n<meta property=\"og:description\" content=\"Premiile Federa\u021biei Organiza\u021biilor Neguvernamentale pentru Copil (FONPC) din Rom\u00e2nia sunt acordate de nou\u0103 ani, dar de \u0219apte ani, din ini\u021biativa Institutului Polonez din Bucure\u0219ti, ele poart\u0103 numele lui Janusz Korczak (1878-1942), pedagogul care \u0219i-a devansat epoca printr-o abordare modern\u0103 a educa\u021biei copiilor.\u00a0 \u00a0 Gala decern\u0103rii premiilor este un eveniment desf\u0103\u0219urat \u00een cadrul Festivalului Drepturilor Copilului, [&hellip;]\" \/>\n<meta property=\"og:url\" content=\"https:\/\/instytutpolski.pl\/bucuresti\/2018\/11\/22\/championi-ochrony-praw-dziecka-nagrodzeni\/\" \/>\n<meta property=\"og:site_name\" content=\"Instytut Polski w Bukareszcie\" \/>\n<meta property=\"article:published_time\" content=\"2018-11-22T10:23:00+00:00\" \/>\n<meta property=\"article:modified_time\" content=\"2020-05-26T09:30:13+00:00\" \/>\n<meta property=\"og:image\" content=\"https:\/\/instytutpolski.pl\/bucuresti\/wp-content\/uploads\/sites\/11\/2020\/05\/campionii-apararii-drepturilor-copilului-premiati_ea3bae.jpg\" \/>\n\t<meta property=\"og:image:width\" content=\"660\" \/>\n\t<meta property=\"og:image:height\" content=\"440\" \/>\n\t<meta property=\"og:image:type\" content=\"image\/jpeg\" \/>\n<meta name=\"author\" content=\"rutkowskip\" \/>\n<meta name=\"twitter:card\" content=\"summary_large_image\" \/>\n<meta name=\"twitter:label1\" content=\"Napisane przez\" \/>\n\t<meta name=\"twitter:data1\" content=\"rutkowskip\" \/>\n\t<meta name=\"twitter:label2\" content=\"Szacowany czas czytania\" \/>\n\t<meta name=\"twitter:data2\" content=\"3 minuty\" \/>\n<script type=\"application\/ld+json\" class=\"yoast-schema-graph\">{\"@context\":\"https:\/\/schema.org\",\"@graph\":[{\"@type\":\"event\",\"@id\":\"https:\/\/instytutpolski.pl\/bucuresti\/2018\/11\/22\/championi-ochrony-praw-dziecka-nagrodzeni\/\",\"url\":\"https:\/\/instytutpolski.pl\/bucuresti\/2018\/11\/22\/championi-ochrony-praw-dziecka-nagrodzeni\/\",\"name\":\"Campionii ap\u0103r\u0103rii drepturilor copilului-premia\u021bi\",\"isPartOf\":{\"@id\":\"https:\/\/instytutpolski.pl\/bucuresti\/#website\"},\"primaryImageOfPage\":{\"@id\":\"https:\/\/instytutpolski.pl\/bucuresti\/2018\/11\/22\/championi-ochrony-praw-dziecka-nagrodzeni\/#primaryimage\"},\"image\":[\"https:\/\/instytutpolski.pl\/bucuresti\/wp-content\/uploads\/sites\/11\/2020\/05\/campionii-apararii-drepturilor-copilului-premiati_ea3bae.jpg\",\"https:\/\/instytutpolski.pl\/bucuresti\/wp-content\/uploads\/sites\/11\/2020\/05\/campionii-apararii-drepturilor-copilului-premiati_ea3bae-300x200.jpg\",\"https:\/\/instytutpolski.pl\/bucuresti\/wp-content\/uploads\/sites\/11\/2020\/05\/campionii-apararii-drepturilor-copilului-premiati_ea3bae.jpg\",\"https:\/\/instytutpolski.pl\/bucuresti\/wp-content\/uploads\/sites\/11\/2020\/05\/campionii-apararii-drepturilor-copilului-premiati_ea3bae.jpg\"],\"thumbnailUrl\":\"https:\/\/instytutpolski.pl\/bucuresti\/wp-content\/uploads\/sites\/11\/2020\/05\/campionii-apararii-drepturilor-copilului-premiati_ea3bae.jpg\",\"datePublished\":\"2018-11-22T10:23:00+02:00\",\"dateModified\":\"2020-05-26T09:30:13+02:00\",\"author\":{\"@id\":\"https:\/\/instytutpolski.pl\/bucuresti\/#\/schema\/person\/980fdccff6ea3f1cab069becadecca5b\"},\"breadcrumb\":{\"@id\":\"https:\/\/instytutpolski.pl\/bucuresti\/2018\/11\/22\/championi-ochrony-praw-dziecka-nagrodzeni\/#breadcrumb\"},\"inLanguage\":\"pl-PL\",\"potentialAction\":[{\"@type\":\"ReadAction\",\"target\":[\"https:\/\/instytutpolski.pl\/bucuresti\/2018\/11\/22\/championi-ochrony-praw-dziecka-nagrodzeni\/\"]}],\"@context\":\"https:\/\/schema.org\",\"startDate\":\"2018-11-22\",\"endDate\":\"2018-11-22\",\"eventStatus\":\"EventScheduled\",\"eventAttendanceMode\":\"OfflineEventAttendanceMode\",\"location\":{\"@type\":\"place\",\"name\":\"\",\"address\":\"\",\"geo\":{\"@type\":\"GeoCoordinates\",\"latitude\":\"\",\"longitude\":\"\"}},\"description\":\"Premiile Federa\u021biei Organiza\u021biilor Neguvernamentale pentru Copil (FONPC) din Rom\u00e2nia sunt acordate de nou\u0103 ani, dar de \u0219apte ani, din ini\u021biativa Institutului Polonez din Bucure\u0219ti, ele poart\u0103 numele lui Janusz Korczak (1878-1942), pedagogul care \u0219i-a devansat epoca printr-o abordare modern\u0103 a educa\u021biei copiilor.\u00a0 \u00a0\\nGala decern\u0103rii premiilor este un eveniment desf\u0103\u0219urat \u00een cadrul Festivalului Drepturilor Copilului, organizat de FONCP. Festivalul, care are loc \u00een fiecare an, include manifest\u0103ri\u00a0organizate pe tot teritoriul Rom\u00e2niei, adresate celor mai tineri proveni\u021bi din medii defavorizate, \u00eent\u00e2lniri \u0219i conferin\u021be pentru organiza\u021bii \u0219i persoane ce activeaz\u0103 pentru drepturile copilului \u00een Rom\u00e2nia.\u00a0\u00a0\\n\u00cen acest an, \u00een contextul a dou\u0103 anivers\u0103ri importante - centenarul recuceririi independen\u021bei de c\u0103tre Polonia \u0219i centenarul Marii Uniri a Rom\u00e2niei - gala a avut un caracter special. \u00cen cadrul acesteia a avut loc nu doar decernarea Premiilor \u201eJanusz Korczak\u201d celor cinci laurea\u021bi, ci \u0219i\u00a0onorarea Danielei Gheorge, psiholog \u0219i director al FONPC, prin conferirea Distinc\u021biei onorifice \u201eBene merito\u201d, pe care \u0219eful diploma\u021biei poloneze o acord\u0103 persoanelor care consolideaz\u0103 pozi\u021bia Poloniei pe arena interna\u021bional\u0103.\u00a0\\n\u00cen numele Ministrului Afacerilor Externe al Republicii Polone, Jacek Czaputowicz, distinc\u021bia a fost \u00eenm\u00e2nat\u0103 de c\u0103tre directorul Jan Sobczak, care conduce \u00een cadrul diploma\u021biei poloneze departamentul de protec\u021bie a drepturilor omului.\\nFONPC \u00eens\u0103\u0219i se ocup\u0103 de monitorizarea, protec\u021bia \u0219i promovarea drepturilor copilului \u00een Rom\u00e2nia. \u00cen acest scop, colaboreaz\u0103, printre altele, cu institu\u021bii de stat pentru elaborarea \u0219i introducerea \u00een \u021bar\u0103 a legisla\u021biei din domeniu.\u00a0\\nInstitutul Polonez din Bucure\u0219ti a \u00eenceput colaborarea cu FONPC \u00een anul 2012, care a fost Anul Janusz Korczak. Atunci a propus ca premiul pentru activitatea desf\u0103\u0219urat\u0103 \u00een beneficiul drepturilor copilului \u00een Rom\u00e2nia s\u0103 poarte numele renumitului educator \u0219i pedagog polonez de origine evreiasc\u0103, care \u00een timpul celui de-Al Doilea R\u0103zboi Mondial, \u00een anul 1942, a fost omor\u00e2t de nem\u021bi \u00een lag\u0103rul de exterminare de la Treblinka.\u00a0\\nInstitutul Polonez este partener permanent al premiului, finan\u021b\u00e2nd, printre altele, realizarea statuetelor acordate \u00een fiecare an, crea\u021bie a artistei rom\u00e2nce Anca Benera.\u00a0\\nLaurea\u021bii premiilor \u201eJanusz Korczak\u201d \u00een anul 2018:\\n\u2022 pentru \u00eentreaga activitate dedicat\u0103 protec\u0163iei drepturilor copilului: Alin Nicolae St\u0103nescu, doctor \u00een medicin\u0103, pediatru.\u00a0Membru-fondator al Funda\u021biei Interna\u021bionale pentru Copil \u0219i Familie. De mul\u021bi ani, activist pentru reforma s\u0103n\u0103t\u0103\u021bii \u00een Rom\u00e2nia, \u00een mod particular pentru \u00eengrijirea s\u0103n\u0103t\u0103\u021bii mamei \u0219i a copilului. A coordonat numeroase proiecte \u0219i studii ale UNICEF.\u00a0 Are o activitate sus\u021binut\u0103 \u00een beneficiul organiza\u021biilor neguvernamentale din Rom\u00e2nia care se ocup\u0103 de asisten\u021ba copiilor.\\n\u2022 pentru profesionist din cadrul institu\u021biilor\/autorit\u0103\u0163ilor publice locale sau centrale: Ciprian Buhu\u0219i, angajat al Administra\u021biei Na\u021bionale a Penitenciarelor.Se ocup\u0103 de reintegrarea social\u0103 a condamna\u021bilor. Vreme de mul\u021bi ani s-a ocupat de problemele legate de adop\u021bie, at\u00e2t \u00een structurile Ministerului Muncii, c\u00e2t \u0219i \u00een cadrul Oficiului Rom\u00e2n pentru Adop\u021bii - subordonat guvernului Rom\u00e2niei. Cea mai mare realizare a sa din aceast\u0103 perioad\u0103 este modificarea esen\u021bial\u0103 a legii privind adop\u021biile. A fost mult timp legat de organiza\u021bia \u201eSave the Children\u201d Romania.\\n\u2022 pentru profesionist ONG: Bianca-Elisabeta Bulai,\u00a0SOS Satele Copiilor\u00a0Pedagog social, voluntar \u00een cadrul SOS Satele Copiilor, animatoare a jocurilor pentru copii \u00een colaborare cu Hobby Club Bac\u0103u.\u00a0\\n\u2022 pentru jurnalist: Flavia Dr\u0103gan, Newsweek Romania\u00a0Jurnalist\u0103 interesat\u0103 de tematica social\u0103, anterior redactor al cotidianului \u201eRomania Liber\u0103\u201d, angajat\u0103, printre altele, \u00een activit\u0103\u021bi \u00een beneficiul copiilor din casele de copii.\\n\u2022 pentru t\u00e2n\u0103r debutant: Ioana Isari, voluntar \u0219i co-fondator al Organiza\u021biei \u201eArt - Civica\u201d din Ia\u0219i. Particip\u0103 activ la numeroase proiecte legate de asisten\u021ba social\u0103 \u0219i sprijinirea copiilor din mediul rural.\\nVizioneaz\u0103 filmul despre Janusz Korczak:\\nhttps:\/\/www.youtube.com\/watch?v=FZgZIli-Ynw&amp;feature=emb_logo\"},{\"@type\":\"ImageObject\",\"inLanguage\":\"pl-PL\",\"@id\":\"https:\/\/instytutpolski.pl\/bucuresti\/2018\/11\/22\/championi-ochrony-praw-dziecka-nagrodzeni\/#primaryimage\",\"url\":\"https:\/\/instytutpolski.pl\/bucuresti\/wp-content\/uploads\/sites\/11\/2020\/05\/campionii-apararii-drepturilor-copilului-premiati_ea3bae.jpg\",\"contentUrl\":\"https:\/\/instytutpolski.pl\/bucuresti\/wp-content\/uploads\/sites\/11\/2020\/05\/campionii-apararii-drepturilor-copilului-premiati_ea3bae.jpg\",\"width\":660,\"height\":440},{\"@type\":\"BreadcrumbList\",\"@id\":\"https:\/\/instytutpolski.pl\/bucuresti\/2018\/11\/22\/championi-ochrony-praw-dziecka-nagrodzeni\/#breadcrumb\",\"itemListElement\":[{\"@type\":\"ListItem\",\"position\":1,\"name\":\"Home\",\"item\":\"https:\/\/instytutpolski.pl\/bucuresti\/\"},{\"@type\":\"ListItem\",\"position\":2,\"name\":\"Campionii ap\u0103r\u0103rii drepturilor copilului-premia\u021bi\"}]},{\"@type\":\"WebSite\",\"@id\":\"https:\/\/instytutpolski.pl\/bucuresti\/#website\",\"url\":\"https:\/\/instytutpolski.pl\/bucuresti\/\",\"name\":\"Instytut Polski w Bukareszcie\",\"description\":\"Instytuty Polskie\",\"potentialAction\":[{\"@type\":\"SearchAction\",\"target\":{\"@type\":\"EntryPoint\",\"urlTemplate\":\"https:\/\/instytutpolski.pl\/bucuresti\/?s={search_term_string}\"},\"query-input\":{\"@type\":\"PropertyValueSpecification\",\"valueRequired\":true,\"valueName\":\"search_term_string\"}}],\"inLanguage\":\"pl-PL\"},{\"@type\":\"Person\",\"@id\":\"https:\/\/instytutpolski.pl\/bucuresti\/#\/schema\/person\/980fdccff6ea3f1cab069becadecca5b\",\"name\":\"rutkowskip\",\"image\":{\"@type\":\"ImageObject\",\"inLanguage\":\"pl-PL\",\"@id\":\"https:\/\/instytutpolski.pl\/bucuresti\/#\/schema\/person\/image\/\",\"url\":\"https:\/\/secure.gravatar.com\/avatar\/a44cb0329dc71f58530e0890a10f5e4d?s=96&d=mm&r=g\",\"contentUrl\":\"https:\/\/secure.gravatar.com\/avatar\/a44cb0329dc71f58530e0890a10f5e4d?s=96&d=mm&r=g\",\"caption\":\"rutkowskip\"},\"url\":\"https:\/\/instytutpolski.pl\/bucuresti\/author\/rutkowskip\/\"}]}<\/script>\n<!-- \/ Yoast SEO plugin. -->","yoast_head_json":{"title":"Campionii ap\u0103r\u0103rii drepturilor copilului-premia\u021bi - Instytut Polski w Bukareszcie","robots":{"index":"index","follow":"follow","max-snippet":"max-snippet:-1","max-image-preview":"max-image-preview:large","max-video-preview":"max-video-preview:-1"},"canonical":"https:\/\/instytutpolski.pl\/bucuresti\/2018\/11\/22\/championi-ochrony-praw-dziecka-nagrodzeni\/","og_locale":"pl_PL","og_type":"article","og_title":"Campionii ap\u0103r\u0103rii drepturilor copilului-premia\u021bi - Instytut Polski w Bukareszcie","og_description":"Premiile Federa\u021biei Organiza\u021biilor Neguvernamentale pentru Copil (FONPC) din Rom\u00e2nia sunt acordate de nou\u0103 ani, dar de \u0219apte ani, din ini\u021biativa Institutului Polonez din Bucure\u0219ti, ele poart\u0103 numele lui Janusz Korczak (1878-1942), pedagogul care \u0219i-a devansat epoca printr-o abordare modern\u0103 a educa\u021biei copiilor.\u00a0 \u00a0 Gala decern\u0103rii premiilor este un eveniment desf\u0103\u0219urat \u00een cadrul Festivalului Drepturilor Copilului, [&hellip;]","og_url":"https:\/\/instytutpolski.pl\/bucuresti\/2018\/11\/22\/championi-ochrony-praw-dziecka-nagrodzeni\/","og_site_name":"Instytut Polski w Bukareszcie","article_published_time":"2018-11-22T10:23:00+00:00","article_modified_time":"2020-05-26T09:30:13+00:00","og_image":[{"width":660,"height":440,"url":"https:\/\/instytutpolski.pl\/bucuresti\/wp-content\/uploads\/sites\/11\/2020\/05\/campionii-apararii-drepturilor-copilului-premiati_ea3bae.jpg","type":"image\/jpeg"}],"author":"rutkowskip","twitter_card":"summary_large_image","twitter_misc":{"Napisane przez":"rutkowskip","Szacowany czas czytania":"3 minuty"},"schema":{"@context":"https:\/\/schema.org","@graph":[{"@type":"event","@id":"https:\/\/instytutpolski.pl\/bucuresti\/2018\/11\/22\/championi-ochrony-praw-dziecka-nagrodzeni\/","url":"https:\/\/instytutpolski.pl\/bucuresti\/2018\/11\/22\/championi-ochrony-praw-dziecka-nagrodzeni\/","name":"Campionii ap\u0103r\u0103rii drepturilor copilului-premia\u021bi","isPartOf":{"@id":"https:\/\/instytutpolski.pl\/bucuresti\/#website"},"primaryImageOfPage":{"@id":"https:\/\/instytutpolski.pl\/bucuresti\/2018\/11\/22\/championi-ochrony-praw-dziecka-nagrodzeni\/#primaryimage"},"image":["https:\/\/instytutpolski.pl\/bucuresti\/wp-content\/uploads\/sites\/11\/2020\/05\/campionii-apararii-drepturilor-copilului-premiati_ea3bae.jpg","https:\/\/instytutpolski.pl\/bucuresti\/wp-content\/uploads\/sites\/11\/2020\/05\/campionii-apararii-drepturilor-copilului-premiati_ea3bae-300x200.jpg","https:\/\/instytutpolski.pl\/bucuresti\/wp-content\/uploads\/sites\/11\/2020\/05\/campionii-apararii-drepturilor-copilului-premiati_ea3bae.jpg","https:\/\/instytutpolski.pl\/bucuresti\/wp-content\/uploads\/sites\/11\/2020\/05\/campionii-apararii-drepturilor-copilului-premiati_ea3bae.jpg"],"thumbnailUrl":"https:\/\/instytutpolski.pl\/bucuresti\/wp-content\/uploads\/sites\/11\/2020\/05\/campionii-apararii-drepturilor-copilului-premiati_ea3bae.jpg","datePublished":"2018-11-22T10:23:00+02:00","dateModified":"2020-05-26T09:30:13+02:00","author":{"@id":"https:\/\/instytutpolski.pl\/bucuresti\/#\/schema\/person\/980fdccff6ea3f1cab069becadecca5b"},"breadcrumb":{"@id":"https:\/\/instytutpolski.pl\/bucuresti\/2018\/11\/22\/championi-ochrony-praw-dziecka-nagrodzeni\/#breadcrumb"},"inLanguage":"pl-PL","potentialAction":[{"@type":"ReadAction","target":["https:\/\/instytutpolski.pl\/bucuresti\/2018\/11\/22\/championi-ochrony-praw-dziecka-nagrodzeni\/"]}],"@context":"https:\/\/schema.org","startDate":"2018-11-22","endDate":"2018-11-22","eventStatus":"EventScheduled","eventAttendanceMode":"OfflineEventAttendanceMode","location":{"@type":"place","name":"","address":"","geo":{"@type":"GeoCoordinates","latitude":"","longitude":""}},"description":"Premiile Federa\u021biei Organiza\u021biilor Neguvernamentale pentru Copil (FONPC) din Rom\u00e2nia sunt acordate de nou\u0103 ani, dar de \u0219apte ani, din ini\u021biativa Institutului Polonez din Bucure\u0219ti, ele poart\u0103 numele lui Janusz Korczak (1878-1942), pedagogul care \u0219i-a devansat epoca printr-o abordare modern\u0103 a educa\u021biei copiilor.\u00a0 \u00a0\nGala decern\u0103rii premiilor este un eveniment desf\u0103\u0219urat \u00een cadrul Festivalului Drepturilor Copilului, organizat de FONCP. Festivalul, care are loc \u00een fiecare an, include manifest\u0103ri\u00a0organizate pe tot teritoriul Rom\u00e2niei, adresate celor mai tineri proveni\u021bi din medii defavorizate, \u00eent\u00e2lniri \u0219i conferin\u021be pentru organiza\u021bii \u0219i persoane ce activeaz\u0103 pentru drepturile copilului \u00een Rom\u00e2nia.\u00a0\u00a0\n\u00cen acest an, \u00een contextul a dou\u0103 anivers\u0103ri importante - centenarul recuceririi independen\u021bei de c\u0103tre Polonia \u0219i centenarul Marii Uniri a Rom\u00e2niei - gala a avut un caracter special. \u00cen cadrul acesteia a avut loc nu doar decernarea Premiilor \u201eJanusz Korczak\u201d celor cinci laurea\u021bi, ci \u0219i\u00a0onorarea Danielei Gheorge, psiholog \u0219i director al FONPC, prin conferirea Distinc\u021biei onorifice \u201eBene merito\u201d, pe care \u0219eful diploma\u021biei poloneze o acord\u0103 persoanelor care consolideaz\u0103 pozi\u021bia Poloniei pe arena interna\u021bional\u0103.\u00a0\n\u00cen numele Ministrului Afacerilor Externe al Republicii Polone, Jacek Czaputowicz, distinc\u021bia a fost \u00eenm\u00e2nat\u0103 de c\u0103tre directorul Jan Sobczak, care conduce \u00een cadrul diploma\u021biei poloneze departamentul de protec\u021bie a drepturilor omului.\nFONPC \u00eens\u0103\u0219i se ocup\u0103 de monitorizarea, protec\u021bia \u0219i promovarea drepturilor copilului \u00een Rom\u00e2nia. \u00cen acest scop, colaboreaz\u0103, printre altele, cu institu\u021bii de stat pentru elaborarea \u0219i introducerea \u00een \u021bar\u0103 a legisla\u021biei din domeniu.\u00a0\nInstitutul Polonez din Bucure\u0219ti a \u00eenceput colaborarea cu FONPC \u00een anul 2012, care a fost Anul Janusz Korczak. Atunci a propus ca premiul pentru activitatea desf\u0103\u0219urat\u0103 \u00een beneficiul drepturilor copilului \u00een Rom\u00e2nia s\u0103 poarte numele renumitului educator \u0219i pedagog polonez de origine evreiasc\u0103, care \u00een timpul celui de-Al Doilea R\u0103zboi Mondial, \u00een anul 1942, a fost omor\u00e2t de nem\u021bi \u00een lag\u0103rul de exterminare de la Treblinka.\u00a0\nInstitutul Polonez este partener permanent al premiului, finan\u021b\u00e2nd, printre altele, realizarea statuetelor acordate \u00een fiecare an, crea\u021bie a artistei rom\u00e2nce Anca Benera.\u00a0\nLaurea\u021bii premiilor \u201eJanusz Korczak\u201d \u00een anul 2018:\n\u2022 pentru \u00eentreaga activitate dedicat\u0103 protec\u0163iei drepturilor copilului: Alin Nicolae St\u0103nescu, doctor \u00een medicin\u0103, pediatru.\u00a0Membru-fondator al Funda\u021biei Interna\u021bionale pentru Copil \u0219i Familie. De mul\u021bi ani, activist pentru reforma s\u0103n\u0103t\u0103\u021bii \u00een Rom\u00e2nia, \u00een mod particular pentru \u00eengrijirea s\u0103n\u0103t\u0103\u021bii mamei \u0219i a copilului. A coordonat numeroase proiecte \u0219i studii ale UNICEF.\u00a0 Are o activitate sus\u021binut\u0103 \u00een beneficiul organiza\u021biilor neguvernamentale din Rom\u00e2nia care se ocup\u0103 de asisten\u021ba copiilor.\n\u2022 pentru profesionist din cadrul institu\u021biilor\/autorit\u0103\u0163ilor publice locale sau centrale: Ciprian Buhu\u0219i, angajat al Administra\u021biei Na\u021bionale a Penitenciarelor.Se ocup\u0103 de reintegrarea social\u0103 a condamna\u021bilor. Vreme de mul\u021bi ani s-a ocupat de problemele legate de adop\u021bie, at\u00e2t \u00een structurile Ministerului Muncii, c\u00e2t \u0219i \u00een cadrul Oficiului Rom\u00e2n pentru Adop\u021bii - subordonat guvernului Rom\u00e2niei. Cea mai mare realizare a sa din aceast\u0103 perioad\u0103 este modificarea esen\u021bial\u0103 a legii privind adop\u021biile. A fost mult timp legat de organiza\u021bia \u201eSave the Children\u201d Romania.\n\u2022 pentru profesionist ONG: Bianca-Elisabeta Bulai,\u00a0SOS Satele Copiilor\u00a0Pedagog social, voluntar \u00een cadrul SOS Satele Copiilor, animatoare a jocurilor pentru copii \u00een colaborare cu Hobby Club Bac\u0103u.\u00a0\n\u2022 pentru jurnalist: Flavia Dr\u0103gan, Newsweek Romania\u00a0Jurnalist\u0103 interesat\u0103 de tematica social\u0103, anterior redactor al cotidianului \u201eRomania Liber\u0103\u201d, angajat\u0103, printre altele, \u00een activit\u0103\u021bi \u00een beneficiul copiilor din casele de copii.\n\u2022 pentru t\u00e2n\u0103r debutant: Ioana Isari, voluntar \u0219i co-fondator al Organiza\u021biei \u201eArt - Civica\u201d din Ia\u0219i. Particip\u0103 activ la numeroase proiecte legate de asisten\u021ba social\u0103 \u0219i sprijinirea copiilor din mediul rural.\nVizioneaz\u0103 filmul despre Janusz Korczak:\nhttps:\/\/www.youtube.com\/watch?v=FZgZIli-Ynw&amp;feature=emb_logo"},{"@type":"ImageObject","inLanguage":"pl-PL","@id":"https:\/\/instytutpolski.pl\/bucuresti\/2018\/11\/22\/championi-ochrony-praw-dziecka-nagrodzeni\/#primaryimage","url":"https:\/\/instytutpolski.pl\/bucuresti\/wp-content\/uploads\/sites\/11\/2020\/05\/campionii-apararii-drepturilor-copilului-premiati_ea3bae.jpg","contentUrl":"https:\/\/instytutpolski.pl\/bucuresti\/wp-content\/uploads\/sites\/11\/2020\/05\/campionii-apararii-drepturilor-copilului-premiati_ea3bae.jpg","width":660,"height":440},{"@type":"BreadcrumbList","@id":"https:\/\/instytutpolski.pl\/bucuresti\/2018\/11\/22\/championi-ochrony-praw-dziecka-nagrodzeni\/#breadcrumb","itemListElement":[{"@type":"ListItem","position":1,"name":"Home","item":"https:\/\/instytutpolski.pl\/bucuresti\/"},{"@type":"ListItem","position":2,"name":"Campionii ap\u0103r\u0103rii drepturilor copilului-premia\u021bi"}]},{"@type":"WebSite","@id":"https:\/\/instytutpolski.pl\/bucuresti\/#website","url":"https:\/\/instytutpolski.pl\/bucuresti\/","name":"Instytut Polski w Bukareszcie","description":"Instytuty Polskie","potentialAction":[{"@type":"SearchAction","target":{"@type":"EntryPoint","urlTemplate":"https:\/\/instytutpolski.pl\/bucuresti\/?s={search_term_string}"},"query-input":{"@type":"PropertyValueSpecification","valueRequired":true,"valueName":"search_term_string"}}],"inLanguage":"pl-PL"},{"@type":"Person","@id":"https:\/\/instytutpolski.pl\/bucuresti\/#\/schema\/person\/980fdccff6ea3f1cab069becadecca5b","name":"rutkowskip","image":{"@type":"ImageObject","inLanguage":"pl-PL","@id":"https:\/\/instytutpolski.pl\/bucuresti\/#\/schema\/person\/image\/","url":"https:\/\/secure.gravatar.com\/avatar\/a44cb0329dc71f58530e0890a10f5e4d?s=96&d=mm&r=g","contentUrl":"https:\/\/secure.gravatar.com\/avatar\/a44cb0329dc71f58530e0890a10f5e4d?s=96&d=mm&r=g","caption":"rutkowskip"},"url":"https:\/\/instytutpolski.pl\/bucuresti\/author\/rutkowskip\/"}]}},"_links":{"self":[{"href":"https:\/\/instytutpolski.pl\/bucuresti\/wp-json\/wp\/v2\/posts\/1923","targetHints":{"allow":["GET"]}}],"collection":[{"href":"https:\/\/instytutpolski.pl\/bucuresti\/wp-json\/wp\/v2\/posts"}],"about":[{"href":"https:\/\/instytutpolski.pl\/bucuresti\/wp-json\/wp\/v2\/types\/post"}],"author":[{"embeddable":true,"href":"https:\/\/instytutpolski.pl\/bucuresti\/wp-json\/wp\/v2\/users\/42"}],"replies":[{"embeddable":true,"href":"https:\/\/instytutpolski.pl\/bucuresti\/wp-json\/wp\/v2\/comments?post=1923"}],"version-history":[{"count":5,"href":"https:\/\/instytutpolski.pl\/bucuresti\/wp-json\/wp\/v2\/posts\/1923\/revisions"}],"predecessor-version":[{"id":1932,"href":"https:\/\/instytutpolski.pl\/bucuresti\/wp-json\/wp\/v2\/posts\/1923\/revisions\/1932"}],"wp:featuredmedia":[{"embeddable":true,"href":"https:\/\/instytutpolski.pl\/bucuresti\/wp-json\/wp\/v2\/media\/1925"}],"wp:attachment":[{"href":"https:\/\/instytutpolski.pl\/bucuresti\/wp-json\/wp\/v2\/media?parent=1923"}],"wp:term":[{"taxonomy":"category","embeddable":true,"href":"https:\/\/instytutpolski.pl\/bucuresti\/wp-json\/wp\/v2\/categories?post=1923"},{"taxonomy":"post_tag","embeddable":true,"href":"https:\/\/instytutpolski.pl\/bucuresti\/wp-json\/wp\/v2\/tags?post=1923"}],"curies":[{"name":"wp","href":"https:\/\/api.w.org\/{rel}","templated":true}]}}