{"id":2012,"date":"2016-03-22T15:10:00","date_gmt":"2016-03-22T14:10:00","guid":{"rendered":"https:\/\/instytutpolski.pl\/bucuresti\/?p=2012"},"modified":"2020-05-26T15:15:52","modified_gmt":"2020-05-26T13:15:52","slug":"polski-wieczor-dla-melomanow-z-timiszoary","status":"publish","type":"post","link":"https:\/\/instytutpolski.pl\/bucuresti\/pl\/2016\/03\/22\/polski-wieczor-dla-melomanow-z-timiszoary\/","title":{"rendered":"Polski wiecz\u00f3r dla meloman\u00f3w z Timiszoary"},"content":{"rendered":"\n<div class=\"post-text-container\">\n<p>Koncert otworzy majestatyczne\u00a0<strong>Andante Spianato i Wielki Polonez<\/strong>\u00a0op.22 na fortepian i orkiestr\u0119\u00a0<strong>Fryderyka Chopina<\/strong>.\u00a0<strong>Wariacje na temat Paganiniego Witolda Lutos\u0142awskiego<\/strong>, jeden z najbardziej znanych utwor\u00f3w tego kompozytora, przeprowadz\u0105 s\u0142uchaczy z muzyki okresu romantycznego do wsp\u00f3\u0142czesno\u015bci. Pierwsz\u0105, \u201epolsk\u0105\u201d cz\u0119\u015b\u0107 programu zwie\u0144czy\u00a0<strong>Koncert na klawesyn i orkiestr\u0119 smyczkow\u0105\u00a0<\/strong>op. 40, zmar\u0142ego przed niespe\u0142na sze\u015bcioma laty wybitnego kompozytora\u00a0<strong>Henryka Miko\u0142aja G\u00f3reckiego<\/strong>. W drugiej cz\u0119\u015bci koncertu melomani z Timiszoary wys\u0142uchaj\u0105 Requiem Gabriela Faur\u00e9.<\/p>\n<p>Solistka pierwszej cz\u0119\u015bci koncertu,\u00a0<strong>Adriana Dogariu<\/strong>\u00a0studiowa\u0142a w klasie fortepianu prof. Dany Bor\u0219an na Narodowym Uniwersytecie Muzycznym w Bukareszcie oraz u prof.\u00a0Drago\u015fa Mih\u0103ilescu na Wydziale Muzyki Uniwersytetu Zachodniego w Timiszoarze, gdzie obecnie sama wyk\u0142ada. Jest laureatk\u0105 Mi\u0119dzynarodowego Konkursu\u00a0<em>Remember Enescu\u00a0<\/em>w Bukareszcie (1999). Wykonywa\u0142a recitale solowe w salach ca\u0142ej Europy, koncerty z orkiestrami Filharmonii w Timiszoarze i Aradzie. Wyda\u0142a trzy p\u0142yty CD w Rumunii i Niemczech.<\/p>\n<p>Przygotowania muzyk\u00f3w Filharmonii Banatul do koncertu z polskim repertuarem wspiera\u0142 Instytut Polski w Bukareszcie.\u00a0<\/p>\n<div class=\"addthis_sharing_toolbox\" data-url=\"https:\/\/www.culturapoloneza.ro\/pl\/events\/item\/polski-wieczor-dla-melomanow-z-timiszoary.html\" data-title=\"Sear\u0103 polonez\u0103 pentru melomanii din Timi\u0219oara\" data-description=\"Trei renumi\u021bi compozitori polonezi: Fryderyk Chopin, Witold Lutos\u0142awski \u0219i Henryk Miko\u0142aj G\u00f3recki sunt protagoni\u0219tii concertului orchestrei Filarmonicii \u201eBanatul\u201d, care va avea loc joi, 24 martie la Timi\u0219oara. Interpretarea lucr\u0103rilor acestora va fi realizat\u0103 sub bagheta lui Leonard Dumitriu, \u00een timp ce solista concertului va fi pianista Adriana Dogariu.\">\n<div id=\"atstbx\" class=\"at-share-tbx-element addthis-smartlayers addthis-animated at4-show\" role=\"region\" aria-labelledby=\"at-28bc9fc1-5e95-4344-bbd2-981e437cd582\"><span id=\"at-28bc9fc1-5e95-4344-bbd2-981e437cd582\" class=\"at4-visually-hidden\"><\/span>\n<div class=\"at-share-btn-elements\">\u00a0<\/div>\n<\/div>\n<\/div>\n<\/div>\n<div class=\"event-sidebar\">\n<section class=\"meta\"><\/section>\n<\/div>\n","protected":false},"excerpt":{"rendered":"<p>Koncert otworzy majestatyczne\u00a0Andante Spianato i Wielki Polonez\u00a0op.22 na fortepian i orkiestr\u0119\u00a0Fryderyka Chopina.\u00a0Wariacje na temat Paganiniego Witolda Lutos\u0142awskiego, jeden z najbardziej znanych utwor\u00f3w tego kompozytora, przeprowadz\u0105 s\u0142uchaczy z muzyki okresu romantycznego do wsp\u00f3\u0142czesno\u015bci. Pierwsz\u0105, \u201epolsk\u0105\u201d cz\u0119\u015b\u0107 programu zwie\u0144czy\u00a0Koncert na klawesyn i orkiestr\u0119 smyczkow\u0105\u00a0op. 40, zmar\u0142ego przed niespe\u0142na sze\u015bcioma laty wybitnego kompozytora\u00a0Henryka Miko\u0142aja G\u00f3reckiego. W drugiej cz\u0119\u015bci [&hellip;]<\/p>\n","protected":false},"author":40,"featured_media":2009,"comment_status":"open","ping_status":"open","sticky":false,"template":"","format":"standard","meta":{"inline_featured_image":false,"_monsterinsights_skip_tracking":false,"_monsterinsights_sitenote_active":false,"_monsterinsights_sitenote_note":"","_monsterinsights_sitenote_category":0,"footnotes":""},"categories":[125,96],"tags":[],"class_list":["post-2012","post","type-post","status-publish","format-standard","has-post-thumbnail","hentry","category-muzyka","category-wydarzenia"],"yoast_head":"<!-- This site is optimized with the Yoast SEO plugin v24.6 - https:\/\/yoast.com\/wordpress\/plugins\/seo\/ -->\n<title>Polski wiecz\u00f3r dla meloman\u00f3w z Timiszoary - Instytut Polski w Bukareszcie<\/title>\n<meta name=\"robots\" content=\"index, follow, max-snippet:-1, max-image-preview:large, max-video-preview:-1\" \/>\n<link rel=\"canonical\" href=\"https:\/\/instytutpolski.pl\/bucuresti\/pl\/2016\/03\/22\/polski-wieczor-dla-melomanow-z-timiszoary\/\" \/>\n<meta property=\"og:locale\" content=\"pl_PL\" \/>\n<meta property=\"og:type\" content=\"article\" \/>\n<meta property=\"og:title\" content=\"Polski wiecz\u00f3r dla meloman\u00f3w z Timiszoary - Instytut Polski w Bukareszcie\" \/>\n<meta property=\"og:description\" content=\"Koncert otworzy majestatyczne\u00a0Andante Spianato i Wielki Polonez\u00a0op.22 na fortepian i orkiestr\u0119\u00a0Fryderyka Chopina.\u00a0Wariacje na temat Paganiniego Witolda Lutos\u0142awskiego, jeden z najbardziej znanych utwor\u00f3w tego kompozytora, przeprowadz\u0105 s\u0142uchaczy z muzyki okresu romantycznego do wsp\u00f3\u0142czesno\u015bci. Pierwsz\u0105, \u201epolsk\u0105\u201d cz\u0119\u015b\u0107 programu zwie\u0144czy\u00a0Koncert na klawesyn i orkiestr\u0119 smyczkow\u0105\u00a0op. 40, zmar\u0142ego przed niespe\u0142na sze\u015bcioma laty wybitnego kompozytora\u00a0Henryka Miko\u0142aja G\u00f3reckiego. W drugiej cz\u0119\u015bci [&hellip;]\" \/>\n<meta property=\"og:url\" content=\"https:\/\/instytutpolski.pl\/bucuresti\/pl\/2016\/03\/22\/polski-wieczor-dla-melomanow-z-timiszoary\/\" \/>\n<meta property=\"og:site_name\" content=\"Instytut Polski w Bukareszcie\" \/>\n<meta property=\"article:published_time\" content=\"2016-03-22T14:10:00+00:00\" \/>\n<meta property=\"article:modified_time\" content=\"2020-05-26T13:15:52+00:00\" \/>\n<meta property=\"og:image\" content=\"https:\/\/instytutpolski.pl\/bucuresti\/wp-content\/uploads\/sites\/11\/2020\/05\/seara-poloneza-pentru-melomanii-din-timisoara_fe75fa.jpg\" \/>\n\t<meta property=\"og:image:width\" content=\"1394\" \/>\n\t<meta property=\"og:image:height\" content=\"824\" \/>\n\t<meta property=\"og:image:type\" content=\"image\/jpeg\" \/>\n<meta name=\"author\" content=\"mrozowskiw\" \/>\n<meta name=\"twitter:card\" content=\"summary_large_image\" \/>\n<meta name=\"twitter:label1\" content=\"Napisane przez\" \/>\n\t<meta name=\"twitter:data1\" content=\"mrozowskiw\" \/>\n\t<meta name=\"twitter:label2\" content=\"Szacowany czas czytania\" \/>\n\t<meta name=\"twitter:data2\" content=\"1 minuta\" \/>\n<script type=\"application\/ld+json\" class=\"yoast-schema-graph\">{\"@context\":\"https:\/\/schema.org\",\"@graph\":[{\"@type\":\"event\",\"@id\":\"https:\/\/instytutpolski.pl\/bucuresti\/pl\/2016\/03\/22\/polski-wieczor-dla-melomanow-z-timiszoary\/\",\"url\":\"https:\/\/instytutpolski.pl\/bucuresti\/pl\/2016\/03\/22\/polski-wieczor-dla-melomanow-z-timiszoary\/\",\"name\":\"Polski wiecz\u00f3r dla meloman\u00f3w z Timiszoary\",\"isPartOf\":{\"@id\":\"https:\/\/instytutpolski.pl\/bucuresti\/#website\"},\"primaryImageOfPage\":{\"@id\":\"https:\/\/instytutpolski.pl\/bucuresti\/pl\/2016\/03\/22\/polski-wieczor-dla-melomanow-z-timiszoary\/#primaryimage\"},\"image\":[\"https:\/\/instytutpolski.pl\/bucuresti\/wp-content\/uploads\/sites\/11\/2020\/05\/seara-poloneza-pentru-melomanii-din-timisoara_fe75fa.jpg\",\"https:\/\/instytutpolski.pl\/bucuresti\/wp-content\/uploads\/sites\/11\/2020\/05\/seara-poloneza-pentru-melomanii-din-timisoara_fe75fa-300x177.jpg\",\"https:\/\/instytutpolski.pl\/bucuresti\/wp-content\/uploads\/sites\/11\/2020\/05\/seara-poloneza-pentru-melomanii-din-timisoara_fe75fa-1024x605.jpg\",\"https:\/\/instytutpolski.pl\/bucuresti\/wp-content\/uploads\/sites\/11\/2020\/05\/seara-poloneza-pentru-melomanii-din-timisoara_fe75fa.jpg\"],\"thumbnailUrl\":\"https:\/\/instytutpolski.pl\/bucuresti\/wp-content\/uploads\/sites\/11\/2020\/05\/seara-poloneza-pentru-melomanii-din-timisoara_fe75fa.jpg\",\"datePublished\":\"2016-03-22T14:10:00+02:00\",\"dateModified\":\"2020-05-26T13:15:52+02:00\",\"author\":{\"@id\":\"https:\/\/instytutpolski.pl\/bucuresti\/#\/schema\/person\/bb4c505717d34987a9f9d15c79a24bb8\"},\"breadcrumb\":{\"@id\":\"https:\/\/instytutpolski.pl\/bucuresti\/pl\/2016\/03\/22\/polski-wieczor-dla-melomanow-z-timiszoary\/#breadcrumb\"},\"inLanguage\":\"pl-PL\",\"potentialAction\":[{\"@type\":\"ReadAction\",\"target\":[\"https:\/\/instytutpolski.pl\/bucuresti\/pl\/2016\/03\/22\/polski-wieczor-dla-melomanow-z-timiszoary\/\"]}],\"@context\":\"https:\/\/schema.org\",\"startDate\":\"2016-03-24\",\"endDate\":\"2016-03-24\",\"eventStatus\":\"EventScheduled\",\"eventAttendanceMode\":\"OfflineEventAttendanceMode\",\"location\":{\"@type\":\"place\",\"name\":\"\",\"address\":\"\",\"geo\":{\"@type\":\"GeoCoordinates\",\"latitude\":\"\",\"longitude\":\"\"}},\"description\":\"Koncert otworzy majestatyczne\u00a0Andante Spianato i Wielki Polonez\u00a0op.22 na fortepian i orkiestr\u0119\u00a0Fryderyka Chopina.\u00a0Wariacje na temat Paganiniego Witolda Lutos\u0142awskiego, jeden z najbardziej znanych utwor\u00f3w tego kompozytora, przeprowadz\u0105 s\u0142uchaczy z muzyki okresu romantycznego do wsp\u00f3\u0142czesno\u015bci. Pierwsz\u0105, \u201epolsk\u0105\u201d cz\u0119\u015b\u0107 programu zwie\u0144czy\u00a0Koncert na klawesyn i orkiestr\u0119 smyczkow\u0105\u00a0op. 40, zmar\u0142ego przed niespe\u0142na sze\u015bcioma laty wybitnego kompozytora\u00a0Henryka Miko\u0142aja G\u00f3reckiego. W drugiej cz\u0119\u015bci koncertu melomani z Timiszoary wys\u0142uchaj\u0105 Requiem Gabriela Faur\u00e9.\\nSolistka pierwszej cz\u0119\u015bci koncertu,\u00a0Adriana Dogariu\u00a0studiowa\u0142a w klasie fortepianu prof. Dany Bor\u0219an na Narodowym Uniwersytecie Muzycznym w Bukareszcie oraz u prof.\u00a0Drago\u015fa Mih\u0103ilescu na Wydziale Muzyki Uniwersytetu Zachodniego w Timiszoarze, gdzie obecnie sama wyk\u0142ada. Jest laureatk\u0105 Mi\u0119dzynarodowego Konkursu\u00a0Remember Enescu\u00a0w Bukareszcie (1999). Wykonywa\u0142a recitale solowe w salach ca\u0142ej Europy, koncerty z orkiestrami Filharmonii w Timiszoarze i Aradzie. Wyda\u0142a trzy p\u0142yty CD w Rumunii i Niemczech.\\nPrzygotowania muzyk\u00f3w Filharmonii Banatul do koncertu z polskim repertuarem wspiera\u0142 Instytut Polski w Bukareszcie.\u00a0\\n\u00a0\"},{\"@type\":\"ImageObject\",\"inLanguage\":\"pl-PL\",\"@id\":\"https:\/\/instytutpolski.pl\/bucuresti\/pl\/2016\/03\/22\/polski-wieczor-dla-melomanow-z-timiszoary\/#primaryimage\",\"url\":\"https:\/\/instytutpolski.pl\/bucuresti\/wp-content\/uploads\/sites\/11\/2020\/05\/seara-poloneza-pentru-melomanii-din-timisoara_fe75fa.jpg\",\"contentUrl\":\"https:\/\/instytutpolski.pl\/bucuresti\/wp-content\/uploads\/sites\/11\/2020\/05\/seara-poloneza-pentru-melomanii-din-timisoara_fe75fa.jpg\",\"width\":1394,\"height\":824,\"caption\":\"Foto: Mariusz Cieszewski\/polska.pl\"},{\"@type\":\"BreadcrumbList\",\"@id\":\"https:\/\/instytutpolski.pl\/bucuresti\/pl\/2016\/03\/22\/polski-wieczor-dla-melomanow-z-timiszoary\/#breadcrumb\",\"itemListElement\":[{\"@type\":\"ListItem\",\"position\":1,\"name\":\"Home\",\"item\":\"https:\/\/instytutpolski.pl\/bucuresti\/\"},{\"@type\":\"ListItem\",\"position\":2,\"name\":\"Polski wiecz\u00f3r dla meloman\u00f3w z Timiszoary\"}]},{\"@type\":\"WebSite\",\"@id\":\"https:\/\/instytutpolski.pl\/bucuresti\/#website\",\"url\":\"https:\/\/instytutpolski.pl\/bucuresti\/\",\"name\":\"Instytut Polski w Bukareszcie\",\"description\":\"Instytuty Polskie\",\"potentialAction\":[{\"@type\":\"SearchAction\",\"target\":{\"@type\":\"EntryPoint\",\"urlTemplate\":\"https:\/\/instytutpolski.pl\/bucuresti\/?s={search_term_string}\"},\"query-input\":{\"@type\":\"PropertyValueSpecification\",\"valueRequired\":true,\"valueName\":\"search_term_string\"}}],\"inLanguage\":\"pl-PL\"},{\"@type\":\"Person\",\"@id\":\"https:\/\/instytutpolski.pl\/bucuresti\/#\/schema\/person\/bb4c505717d34987a9f9d15c79a24bb8\",\"name\":\"mrozowskiw\",\"image\":{\"@type\":\"ImageObject\",\"inLanguage\":\"pl-PL\",\"@id\":\"https:\/\/instytutpolski.pl\/bucuresti\/#\/schema\/person\/image\/\",\"url\":\"https:\/\/secure.gravatar.com\/avatar\/563584068e0e0cfe9f36feb55c42a1e4?s=96&d=mm&r=g\",\"contentUrl\":\"https:\/\/secure.gravatar.com\/avatar\/563584068e0e0cfe9f36feb55c42a1e4?s=96&d=mm&r=g\",\"caption\":\"mrozowskiw\"},\"sameAs\":[\"http:\/\/instytutpolski.pl\/bucuresti\/\",\"mrozowskiw\"],\"url\":\"https:\/\/instytutpolski.pl\/bucuresti\/author\/mrozowskiw\/\"}]}<\/script>\n<!-- \/ Yoast SEO plugin. -->","yoast_head_json":{"title":"Polski wiecz\u00f3r dla meloman\u00f3w z Timiszoary - Instytut Polski w Bukareszcie","robots":{"index":"index","follow":"follow","max-snippet":"max-snippet:-1","max-image-preview":"max-image-preview:large","max-video-preview":"max-video-preview:-1"},"canonical":"https:\/\/instytutpolski.pl\/bucuresti\/pl\/2016\/03\/22\/polski-wieczor-dla-melomanow-z-timiszoary\/","og_locale":"pl_PL","og_type":"article","og_title":"Polski wiecz\u00f3r dla meloman\u00f3w z Timiszoary - Instytut Polski w Bukareszcie","og_description":"Koncert otworzy majestatyczne\u00a0Andante Spianato i Wielki Polonez\u00a0op.22 na fortepian i orkiestr\u0119\u00a0Fryderyka Chopina.\u00a0Wariacje na temat Paganiniego Witolda Lutos\u0142awskiego, jeden z najbardziej znanych utwor\u00f3w tego kompozytora, przeprowadz\u0105 s\u0142uchaczy z muzyki okresu romantycznego do wsp\u00f3\u0142czesno\u015bci. Pierwsz\u0105, \u201epolsk\u0105\u201d cz\u0119\u015b\u0107 programu zwie\u0144czy\u00a0Koncert na klawesyn i orkiestr\u0119 smyczkow\u0105\u00a0op. 40, zmar\u0142ego przed niespe\u0142na sze\u015bcioma laty wybitnego kompozytora\u00a0Henryka Miko\u0142aja G\u00f3reckiego. W drugiej cz\u0119\u015bci [&hellip;]","og_url":"https:\/\/instytutpolski.pl\/bucuresti\/pl\/2016\/03\/22\/polski-wieczor-dla-melomanow-z-timiszoary\/","og_site_name":"Instytut Polski w Bukareszcie","article_published_time":"2016-03-22T14:10:00+00:00","article_modified_time":"2020-05-26T13:15:52+00:00","og_image":[{"width":1394,"height":824,"url":"https:\/\/instytutpolski.pl\/bucuresti\/wp-content\/uploads\/sites\/11\/2020\/05\/seara-poloneza-pentru-melomanii-din-timisoara_fe75fa.jpg","type":"image\/jpeg"}],"author":"mrozowskiw","twitter_card":"summary_large_image","twitter_misc":{"Napisane przez":"mrozowskiw","Szacowany czas czytania":"1 minuta"},"schema":{"@context":"https:\/\/schema.org","@graph":[{"@type":"event","@id":"https:\/\/instytutpolski.pl\/bucuresti\/pl\/2016\/03\/22\/polski-wieczor-dla-melomanow-z-timiszoary\/","url":"https:\/\/instytutpolski.pl\/bucuresti\/pl\/2016\/03\/22\/polski-wieczor-dla-melomanow-z-timiszoary\/","name":"Polski wiecz\u00f3r dla meloman\u00f3w z Timiszoary","isPartOf":{"@id":"https:\/\/instytutpolski.pl\/bucuresti\/#website"},"primaryImageOfPage":{"@id":"https:\/\/instytutpolski.pl\/bucuresti\/pl\/2016\/03\/22\/polski-wieczor-dla-melomanow-z-timiszoary\/#primaryimage"},"image":["https:\/\/instytutpolski.pl\/bucuresti\/wp-content\/uploads\/sites\/11\/2020\/05\/seara-poloneza-pentru-melomanii-din-timisoara_fe75fa.jpg","https:\/\/instytutpolski.pl\/bucuresti\/wp-content\/uploads\/sites\/11\/2020\/05\/seara-poloneza-pentru-melomanii-din-timisoara_fe75fa-300x177.jpg","https:\/\/instytutpolski.pl\/bucuresti\/wp-content\/uploads\/sites\/11\/2020\/05\/seara-poloneza-pentru-melomanii-din-timisoara_fe75fa-1024x605.jpg","https:\/\/instytutpolski.pl\/bucuresti\/wp-content\/uploads\/sites\/11\/2020\/05\/seara-poloneza-pentru-melomanii-din-timisoara_fe75fa.jpg"],"thumbnailUrl":"https:\/\/instytutpolski.pl\/bucuresti\/wp-content\/uploads\/sites\/11\/2020\/05\/seara-poloneza-pentru-melomanii-din-timisoara_fe75fa.jpg","datePublished":"2016-03-22T14:10:00+02:00","dateModified":"2020-05-26T13:15:52+02:00","author":{"@id":"https:\/\/instytutpolski.pl\/bucuresti\/#\/schema\/person\/bb4c505717d34987a9f9d15c79a24bb8"},"breadcrumb":{"@id":"https:\/\/instytutpolski.pl\/bucuresti\/pl\/2016\/03\/22\/polski-wieczor-dla-melomanow-z-timiszoary\/#breadcrumb"},"inLanguage":"pl-PL","potentialAction":[{"@type":"ReadAction","target":["https:\/\/instytutpolski.pl\/bucuresti\/pl\/2016\/03\/22\/polski-wieczor-dla-melomanow-z-timiszoary\/"]}],"@context":"https:\/\/schema.org","startDate":"2016-03-24","endDate":"2016-03-24","eventStatus":"EventScheduled","eventAttendanceMode":"OfflineEventAttendanceMode","location":{"@type":"place","name":"","address":"","geo":{"@type":"GeoCoordinates","latitude":"","longitude":""}},"description":"Koncert otworzy majestatyczne\u00a0Andante Spianato i Wielki Polonez\u00a0op.22 na fortepian i orkiestr\u0119\u00a0Fryderyka Chopina.\u00a0Wariacje na temat Paganiniego Witolda Lutos\u0142awskiego, jeden z najbardziej znanych utwor\u00f3w tego kompozytora, przeprowadz\u0105 s\u0142uchaczy z muzyki okresu romantycznego do wsp\u00f3\u0142czesno\u015bci. Pierwsz\u0105, \u201epolsk\u0105\u201d cz\u0119\u015b\u0107 programu zwie\u0144czy\u00a0Koncert na klawesyn i orkiestr\u0119 smyczkow\u0105\u00a0op. 40, zmar\u0142ego przed niespe\u0142na sze\u015bcioma laty wybitnego kompozytora\u00a0Henryka Miko\u0142aja G\u00f3reckiego. W drugiej cz\u0119\u015bci koncertu melomani z Timiszoary wys\u0142uchaj\u0105 Requiem Gabriela Faur\u00e9.\nSolistka pierwszej cz\u0119\u015bci koncertu,\u00a0Adriana Dogariu\u00a0studiowa\u0142a w klasie fortepianu prof. Dany Bor\u0219an na Narodowym Uniwersytecie Muzycznym w Bukareszcie oraz u prof.\u00a0Drago\u015fa Mih\u0103ilescu na Wydziale Muzyki Uniwersytetu Zachodniego w Timiszoarze, gdzie obecnie sama wyk\u0142ada. Jest laureatk\u0105 Mi\u0119dzynarodowego Konkursu\u00a0Remember Enescu\u00a0w Bukareszcie (1999). Wykonywa\u0142a recitale solowe w salach ca\u0142ej Europy, koncerty z orkiestrami Filharmonii w Timiszoarze i Aradzie. Wyda\u0142a trzy p\u0142yty CD w Rumunii i Niemczech.\nPrzygotowania muzyk\u00f3w Filharmonii Banatul do koncertu z polskim repertuarem wspiera\u0142 Instytut Polski w Bukareszcie.\u00a0\n\u00a0"},{"@type":"ImageObject","inLanguage":"pl-PL","@id":"https:\/\/instytutpolski.pl\/bucuresti\/pl\/2016\/03\/22\/polski-wieczor-dla-melomanow-z-timiszoary\/#primaryimage","url":"https:\/\/instytutpolski.pl\/bucuresti\/wp-content\/uploads\/sites\/11\/2020\/05\/seara-poloneza-pentru-melomanii-din-timisoara_fe75fa.jpg","contentUrl":"https:\/\/instytutpolski.pl\/bucuresti\/wp-content\/uploads\/sites\/11\/2020\/05\/seara-poloneza-pentru-melomanii-din-timisoara_fe75fa.jpg","width":1394,"height":824,"caption":"Foto: Mariusz Cieszewski\/polska.pl"},{"@type":"BreadcrumbList","@id":"https:\/\/instytutpolski.pl\/bucuresti\/pl\/2016\/03\/22\/polski-wieczor-dla-melomanow-z-timiszoary\/#breadcrumb","itemListElement":[{"@type":"ListItem","position":1,"name":"Home","item":"https:\/\/instytutpolski.pl\/bucuresti\/"},{"@type":"ListItem","position":2,"name":"Polski wiecz\u00f3r dla meloman\u00f3w z Timiszoary"}]},{"@type":"WebSite","@id":"https:\/\/instytutpolski.pl\/bucuresti\/#website","url":"https:\/\/instytutpolski.pl\/bucuresti\/","name":"Instytut Polski w Bukareszcie","description":"Instytuty Polskie","potentialAction":[{"@type":"SearchAction","target":{"@type":"EntryPoint","urlTemplate":"https:\/\/instytutpolski.pl\/bucuresti\/?s={search_term_string}"},"query-input":{"@type":"PropertyValueSpecification","valueRequired":true,"valueName":"search_term_string"}}],"inLanguage":"pl-PL"},{"@type":"Person","@id":"https:\/\/instytutpolski.pl\/bucuresti\/#\/schema\/person\/bb4c505717d34987a9f9d15c79a24bb8","name":"mrozowskiw","image":{"@type":"ImageObject","inLanguage":"pl-PL","@id":"https:\/\/instytutpolski.pl\/bucuresti\/#\/schema\/person\/image\/","url":"https:\/\/secure.gravatar.com\/avatar\/563584068e0e0cfe9f36feb55c42a1e4?s=96&d=mm&r=g","contentUrl":"https:\/\/secure.gravatar.com\/avatar\/563584068e0e0cfe9f36feb55c42a1e4?s=96&d=mm&r=g","caption":"mrozowskiw"},"sameAs":["http:\/\/instytutpolski.pl\/bucuresti\/","mrozowskiw"],"url":"https:\/\/instytutpolski.pl\/bucuresti\/author\/mrozowskiw\/"}]}},"_links":{"self":[{"href":"https:\/\/instytutpolski.pl\/bucuresti\/wp-json\/wp\/v2\/posts\/2012","targetHints":{"allow":["GET"]}}],"collection":[{"href":"https:\/\/instytutpolski.pl\/bucuresti\/wp-json\/wp\/v2\/posts"}],"about":[{"href":"https:\/\/instytutpolski.pl\/bucuresti\/wp-json\/wp\/v2\/types\/post"}],"author":[{"embeddable":true,"href":"https:\/\/instytutpolski.pl\/bucuresti\/wp-json\/wp\/v2\/users\/40"}],"replies":[{"embeddable":true,"href":"https:\/\/instytutpolski.pl\/bucuresti\/wp-json\/wp\/v2\/comments?post=2012"}],"version-history":[{"count":2,"href":"https:\/\/instytutpolski.pl\/bucuresti\/wp-json\/wp\/v2\/posts\/2012\/revisions"}],"predecessor-version":[{"id":2014,"href":"https:\/\/instytutpolski.pl\/bucuresti\/wp-json\/wp\/v2\/posts\/2012\/revisions\/2014"}],"wp:featuredmedia":[{"embeddable":true,"href":"https:\/\/instytutpolski.pl\/bucuresti\/wp-json\/wp\/v2\/media\/2009"}],"wp:attachment":[{"href":"https:\/\/instytutpolski.pl\/bucuresti\/wp-json\/wp\/v2\/media?parent=2012"}],"wp:term":[{"taxonomy":"category","embeddable":true,"href":"https:\/\/instytutpolski.pl\/bucuresti\/wp-json\/wp\/v2\/categories?post=2012"},{"taxonomy":"post_tag","embeddable":true,"href":"https:\/\/instytutpolski.pl\/bucuresti\/wp-json\/wp\/v2\/tags?post=2012"}],"curies":[{"name":"wp","href":"https:\/\/api.w.org\/{rel}","templated":true}]}}