{"id":2037,"date":"2018-04-26T16:04:00","date_gmt":"2018-04-26T14:04:00","guid":{"rendered":"https:\/\/instytutpolski.pl\/bucuresti\/?p=2037"},"modified":"2020-05-26T16:55:51","modified_gmt":"2020-05-26T14:55:51","slug":"sto-ikon-polskiego-designu-w-bukareszcie","status":"publish","type":"post","link":"https:\/\/instytutpolski.pl\/bucuresti\/pl\/2018\/04\/26\/sto-ikon-polskiego-designu-w-bukareszcie\/","title":{"rendered":"Sto ikon polskiego designu w Bukareszcie"},"content":{"rendered":"\n<div class=\"post-text-container\">\n<p>Jak pokaza\u0107 100 lat polskiego designu, ograniczaj\u0105c si\u0119 do 100 obiekt\u00f3w? Jak wybra\u0107 to, co najwa\u017cniejsze i\u00a0 nie ulec pokusie pokazania samych ikon? W jaki spos\u00f3b przedstawi\u0107 r\u00f3\u017cnorodno\u015b\u0107 dziedzin, jakimi zajmuje si\u0119 design? Instytut Adama Mickiewicza,\u00a0 kuratorka Ewa Solarz i grupa wsp\u00f3\u0142pracuj\u0105cych z nimi ilustrator\u00f3w podj\u0119li si\u0119 tego wyzwania i przygotowali wystaw\u0119, kt\u00f3ra jest podr\u00f3\u017c\u0105 przez stulecie polskiego designu. Dzi\u0119ki wsp\u00f3\u0142pracy z Instytutem Polskim w Bukareszcie\u00a0wystaw\u0119 \u201eElementarz polskiego designu\u201d\u00a0mo\u017cna zobaczy\u0107 tej wiosny w stolicy Rumunii, w czasie najwa\u017cniejszego wydarzenia w kraju po\u015bwi\u0119conego projektowaniu \u2013\u00a0<a href=\"http:\/\/www.romaniandesignweek.com\/\" target=\"_blank\" rel=\"noopener noreferrer\">Romanian Design Week<\/a>. B\u0119dzie ona najwi\u0119ksz\u0105 ekspozycj\u0105 zagraniczn\u0105 towarzysz\u0105c\u0105 imprezie w tym roku.\u00a0<\/p>\n<p><strong>Wernisa\u017c wystawy odb\u0119dzie si\u0119 w sobot\u0119 19 maja o godzinie 17.00 w NOD Makerspace\u00a0\/ Mater<\/strong>\u00a0(str.\u00a0<a href=\"https:\/\/goo.gl\/maps\/qkeRZwN279Q2\" target=\"_blank\" rel=\"noopener noreferrer\">Splaiul Unirii 160<\/a>). Tu\u017c po nim, w mieszcz\u0105cym si\u0119 w tym samym budynku Deschis GastroBar, rozpocznie si\u0119 koncert Dominika Strycharskiego, polskiego muzyka, kompozytora i performera, tworz\u0105cego wsp\u00f3\u0142czesny jazz w jego wielu eklektycznych odmianach, muzyk\u0119 wsp\u00f3\u0142czesn\u0105, post-hip-hop, noise czy muzyk\u0119 do spektakli teatralnych.<\/p>\n<p>W\u015br\u00f3d 100 polskich projekt\u00f3w prezentowanych w Bukareszcie, obok mebli, szk\u0142a czy porcelany, czyli przedmiot\u00f3w powszechnie kojarzonych z designem, znalaz\u0142y si\u0119 rzeczy mniej oczywiste: dzieci\u0119ce zabawki, lokomotywa, neon, szybowiec, skuter, kroje liter, loga, a nawet najsmaczniejszy polski smako\u0142yk Ptasie Mleczko i gumowe k\u00f3\u0142ko Ringo \u2013 polska gra sportowa. Prezentowane s\u0105 zar\u00f3wno projekty wsp\u00f3\u0142czesne jak i te, kt\u00f3re zyska\u0142y miano klasyki. Unikaty, ocieraj\u0105ce si\u0119 o jednostkowe dzie\u0142a sztuki, prototypy, kt\u00f3re nigdy nie wesz\u0142y do masowej produkcji, ale te\u017c rzeczy bardzo popularne, kt\u00f3rych przez ostatnie 100 lat na co dzie\u0144 u\u017cywali Polacy.<\/p>\n<p>Wystawa, kt\u00f3ra by\u0142a wcze\u015bniej prezentowana w Berlinie i Budapeszcie, \u0142\u0105czy przesz\u0142o\u015b\u0107 z tera\u017aniejszo\u015bci\u0105, pokazuj\u0105c dorobek polskiego wzornictwa przez osi\u0105gni\u0119cia wsp\u00f3\u0142czesnej polskiej grafiki. &#8222;Elementarz polskiego designu&#8221; to tak\u017ce 100 dzie\u0142 polskich projektant\u00f3w zinterpretowanych przez dwudziestu pi\u0119ciu polskich ilustrator\u00f3w \u2013 artyst\u00f3w o bardzo r\u00f3\u017cnym dorobku: do\u015bwiadczonych mistrz\u00f3w polskiej szko\u0142y ilustracji, ilustrator\u00f3w m\u0142odego i \u015bredniego pokolenia zdobywaj\u0105cych dzi\u015b na ca\u0142ym \u015bwiecie nagrody i ca\u0142kiem m\u0142odych, kt\u00f3rzy w\u0142a\u015bnie uko\u0144czyli studia. Wi\u0119kszo\u015b\u0107 z zaproszonych grafik\u00f3w ilustruje ksi\u0105\u017cki dla dzieci, jednocze\u015bnie zajmuj\u0105c si\u0119 szeroko poj\u0119t\u0105 komunikacj\u0105 wizualn\u0105. Prezentuj\u0105 r\u00f3\u017cne style i techniki, wszystkich \u0142\u0105czy ogromny talent.<br \/>Ekspozycja to nie tylko 100 ikonicznych obiekt\u00f3w i 100 ich plastycznych interpretacji, to tak\u017ce 100 historii: o projektantach, o potrzebach, o marzeniach, o mo\u017cliwo\u015bciach i o ograniczeniach. Prezentacja projekt\u00f3w w porz\u0105dku chronologicznym pokazuje, \u017ce w 100-letniej historii polskiego designu pewne materia\u0142y, tematy i formy powracaj\u0105 i przyjmuj\u0105 wci\u0105\u017c nowe oblicza. Ekspozycja kierowana jest do szerokiej publiczno\u015bci, tak\u017ce najm\u0142odszego pokolenia.\u00a0<\/p>\n<p>\u201eElementarz polskiego designu\u201d mo\u017cna ogl\u0105da\u0107 w dniach 18-27 maja w\u00a0<a href=\"http:\/\/nodmakerspace.ro\/\" target=\"_blank\" rel=\"noopener noreferrer\">NOD Makerspace<\/a>\u00a0\/\u00a0<a href=\"http:\/\/materlibrary.ro\/\" target=\"_blank\" rel=\"noopener noreferrer\">Mater<\/a>\u00a0(str. Splaiul Unirii 160) w Bukareszcie.<\/p>\n<p>================<\/p>\n<p><strong>Kalendarz wydarze\u0144 towarzysz\u0105cych:<\/strong><\/p>\n<p><em>Wszystkie wydarzenia obywaj\u0105 si\u0119 Nod Makerspace \/ Mater (ul. Splaiul Unirii 160), a koncert odb\u0119dzie si\u0119 w DESCHIS Gastrobar, kt\u00f3ry mie\u015bci si\u0119 w tym samym budynku.<\/em><\/p>\n<p>&#x2714; 19 maja (sobota), godz. 17.00 \u2013\u00a0\u00a0wernisa\u017c i\u00a0koncert Dominika Strycharskiego<\/p>\n<p>Dominik Strycharski jest polskim kompozytorem, wokalist\u0105 i performerem. Tworzy muzyk\u0119 wsp\u00f3\u0142czesn\u0105 w r\u00f3\u017cnych formach, od elektronicznego i akustycznego jazzu po muzyk\u0119 elektroniczn\u0105, post-hip-hop czy improwizacje. Tworzy r\u00f3wnie\u017c muzyk\u0119 do spektakli teatralnych.<\/p>\n<p>&#x2714; 23 maja (\u015broda), godz. 19.00 \u2013 \u201eIkony rumu\u0144skiego designu\u201d &#8211; prof. Radu Com\u0219a, projektant i wyk\u0142adowca bukareszte\u0144skiej Akademii Sztuk Pi\u0119knych UNARTE opowie o tym, jakie projekty okaza\u0142y si\u0119 kamieniami milowymi rumu\u0144skiego designu ostatnich stu lat i kt\u00f3rzy ich tw\u00f3rcy zapisali si\u0119 w historii. Jego prezentacja b\u0119dzie zwi\u0105zana z polskimi obiektami, projektami i prototypami prezentowanymi w ramach wystawy \u201eElementarz polskiego designu\u201d.<\/p>\n<p>&#x2714; 26 maja (sobota), godz. 16.00 i 17.30 \u2013 oprowadzanie kuratorskie po wystawie \u201eElementarz polskiego designu\u201d<\/p>\n<p>Ewa Solarz, kuratorka wystawy, zosta\u0142a niedawno uznana za jedn\u0105 z najbardziej wp\u0142ywowych kobiet polskiego designu.. Jest tak\u017ce autork\u0105 niezwyk\u0142ych publikacji o designie dla doros\u0142ych i dzieci ,w tym ksi\u0105\u017cki \u201eD.E.S.I.G.N.\u201d czy \u201eIlustrowanego elementarza dizajnu\u201d. W Bukareszcie oprowadzi po wystawie swojego autorstwa.<\/p>\n<p>&#x2714; 27 maja (niedziela), godz. 16.00 \u2013 warsztaty ilustratorskie dla dzieci<\/p>\n<p>Nagradzane polskie ilustratorki Agata Dudek i Ma\u0142gorzata Nowak z Acapulco Studio poka\u017c\u0105 dzieciom, jak tworzy si\u0119 ilustracje do ksi\u0105\u017cek i opowiedz\u0105 o swojej pracy. Obie uko\u0144czy\u0142y wydzia\u0142 grafiki Akademii Sztuk Pi\u0119knych w Warszawie, zaprojektowa\u0142y te\u017c identyfikacj\u0119 wizualn\u0105 wystawy \u201eElementarz polskiego designu\u201d.<\/p>\n<p>================<\/p>\n<p>Wystawa zosta\u0142a zorganizowana przez Instytut Adama Mickiewicza w ramach POLSKA 100 &#8211; mi\u0119dzynarodowego programu kulturalnego towarzysz\u0105cego setnej rocznicy odzyskania przez Polsk\u0119 Niepodleg\u0142o\u015bci. Program POLSKA 100 finansowany jest przez Ministerstwo Kultury i Dziedzictwa Narodowego w ramach wieloletniego programu NIEPODLEG\u0141A 2017-2021.\u00a0Wi\u0119cej informacji o polskiej kulturze na \u015bwiecie na\u00a0<a href=\"http:\/\/www.culture.pl\/\" target=\"_blank\" rel=\"noopener noreferrer\">www.culture.pl<\/a><\/p>\n<p>Organizator: Instytut Adama Mickiewicza<br \/>Wsp\u00f3\u0142organizator: Instytut Polski w Bukareszcie<br \/>Partnerzy: Romanian Design Week, NOD Makerspace<\/p>\n<p>Kuratorka: Ewa Solarz<\/p>\n<p>Ilustratorzy: Jacek Ambro\u017cewski, Edgar B\u0105k, Maciek Bla\u017aniak, Katarzyna Bogucka, Ada Buchholc, Iwona Chmielewska, Robert Czajka, Agata Dudek, Emilia Dziubak, Ma\u0142gorzata Gurowska, Monika Hanulak, Marta Ignerska, Tymek Jezierski, Pawe\u0142 Jo\u0144ca, Agata Kr\u00f3lak, Gra\u017cka Lange, Patryk Mogilnicki, Piotr M\u0142odo\u017ceniec, Ania Niemierko, Ola Niepsuj, Marianna Oklejak, Pawe\u0142 Pawlak, Dawid Ryski, Marianna Sztyma, Ola Wolda\u0144ska-P\u0142oci\u0144ska.<\/p>\n<p>#PL100 #RDW2018 #RDW<\/p>\n<\/div>\n","protected":false},"excerpt":{"rendered":"<p>Jak pokaza\u0107 100 lat polskiego designu, ograniczaj\u0105c si\u0119 do 100 obiekt\u00f3w? Jak wybra\u0107 to, co najwa\u017cniejsze i\u00a0 nie ulec pokusie pokazania samych ikon? W jaki spos\u00f3b przedstawi\u0107 r\u00f3\u017cnorodno\u015b\u0107 dziedzin, jakimi zajmuje si\u0119 design? Instytut Adama Mickiewicza,\u00a0 kuratorka Ewa Solarz i grupa wsp\u00f3\u0142pracuj\u0105cych z nimi ilustrator\u00f3w podj\u0119li si\u0119 tego wyzwania i przygotowali wystaw\u0119, kt\u00f3ra jest podr\u00f3\u017c\u0105 [&hellip;]<\/p>\n","protected":false},"author":45,"featured_media":2031,"comment_status":"open","ping_status":"open","sticky":false,"template":"","format":"standard","meta":{"inline_featured_image":false,"_monsterinsights_skip_tracking":false,"_monsterinsights_sitenote_active":false,"_monsterinsights_sitenote_note":"","_monsterinsights_sitenote_category":0,"footnotes":""},"categories":[43,96],"tags":[],"class_list":["post-2037","post","type-post","status-publish","format-standard","has-post-thumbnail","hentry","category-sztuki-wizualne","category-wydarzenia"],"yoast_head":"<!-- This site is optimized with the Yoast SEO plugin v24.6 - https:\/\/yoast.com\/wordpress\/plugins\/seo\/ -->\n<title>Sto ikon polskiego designu w Bukareszcie - Instytut Polski w Bukareszcie<\/title>\n<meta name=\"robots\" content=\"index, follow, max-snippet:-1, max-image-preview:large, max-video-preview:-1\" \/>\n<link rel=\"canonical\" href=\"https:\/\/instytutpolski.pl\/bucuresti\/pl\/2018\/04\/26\/sto-ikon-polskiego-designu-w-bukareszcie\/\" \/>\n<meta property=\"og:locale\" content=\"pl_PL\" \/>\n<meta property=\"og:type\" content=\"article\" \/>\n<meta property=\"og:title\" content=\"Sto ikon polskiego designu w Bukareszcie - Instytut Polski w Bukareszcie\" \/>\n<meta property=\"og:description\" content=\"Jak pokaza\u0107 100 lat polskiego designu, ograniczaj\u0105c si\u0119 do 100 obiekt\u00f3w? Jak wybra\u0107 to, co najwa\u017cniejsze i\u00a0 nie ulec pokusie pokazania samych ikon? W jaki spos\u00f3b przedstawi\u0107 r\u00f3\u017cnorodno\u015b\u0107 dziedzin, jakimi zajmuje si\u0119 design? Instytut Adama Mickiewicza,\u00a0 kuratorka Ewa Solarz i grupa wsp\u00f3\u0142pracuj\u0105cych z nimi ilustrator\u00f3w podj\u0119li si\u0119 tego wyzwania i przygotowali wystaw\u0119, kt\u00f3ra jest podr\u00f3\u017c\u0105 [&hellip;]\" \/>\n<meta property=\"og:url\" content=\"https:\/\/instytutpolski.pl\/bucuresti\/pl\/2018\/04\/26\/sto-ikon-polskiego-designu-w-bukareszcie\/\" \/>\n<meta property=\"og:site_name\" content=\"Instytut Polski w Bukareszcie\" \/>\n<meta property=\"article:published_time\" content=\"2018-04-26T14:04:00+00:00\" \/>\n<meta property=\"article:modified_time\" content=\"2020-05-26T14:55:51+00:00\" \/>\n<meta property=\"og:image\" content=\"https:\/\/instytutpolski.pl\/bucuresti\/wp-content\/uploads\/sites\/11\/2020\/05\/100-icoane-de-design-polonez-la-bucuresti_6bc871.jpg\" \/>\n\t<meta property=\"og:image:width\" content=\"660\" \/>\n\t<meta property=\"og:image:height\" content=\"400\" \/>\n\t<meta property=\"og:image:type\" content=\"image\/jpeg\" \/>\n<meta name=\"author\" content=\"dumitrul\" \/>\n<meta name=\"twitter:card\" content=\"summary_large_image\" \/>\n<meta name=\"twitter:label1\" content=\"Napisane przez\" \/>\n\t<meta name=\"twitter:data1\" content=\"dumitrul\" \/>\n\t<meta name=\"twitter:label2\" content=\"Szacowany czas czytania\" \/>\n\t<meta name=\"twitter:data2\" content=\"4 minuty\" \/>\n<script type=\"application\/ld+json\" class=\"yoast-schema-graph\">{\"@context\":\"https:\/\/schema.org\",\"@graph\":[{\"@type\":\"event\",\"@id\":\"https:\/\/instytutpolski.pl\/bucuresti\/pl\/2018\/04\/26\/sto-ikon-polskiego-designu-w-bukareszcie\/\",\"url\":\"https:\/\/instytutpolski.pl\/bucuresti\/pl\/2018\/04\/26\/sto-ikon-polskiego-designu-w-bukareszcie\/\",\"name\":\"Sto ikon polskiego designu w Bukareszcie\",\"isPartOf\":{\"@id\":\"https:\/\/instytutpolski.pl\/bucuresti\/#website\"},\"primaryImageOfPage\":{\"@id\":\"https:\/\/instytutpolski.pl\/bucuresti\/pl\/2018\/04\/26\/sto-ikon-polskiego-designu-w-bukareszcie\/#primaryimage\"},\"image\":[\"https:\/\/instytutpolski.pl\/bucuresti\/wp-content\/uploads\/sites\/11\/2020\/05\/100-icoane-de-design-polonez-la-bucuresti_6bc871.jpg\",\"https:\/\/instytutpolski.pl\/bucuresti\/wp-content\/uploads\/sites\/11\/2020\/05\/100-icoane-de-design-polonez-la-bucuresti_6bc871-300x182.jpg\",\"https:\/\/instytutpolski.pl\/bucuresti\/wp-content\/uploads\/sites\/11\/2020\/05\/100-icoane-de-design-polonez-la-bucuresti_6bc871.jpg\",\"https:\/\/instytutpolski.pl\/bucuresti\/wp-content\/uploads\/sites\/11\/2020\/05\/100-icoane-de-design-polonez-la-bucuresti_6bc871.jpg\"],\"thumbnailUrl\":\"https:\/\/instytutpolski.pl\/bucuresti\/wp-content\/uploads\/sites\/11\/2020\/05\/100-icoane-de-design-polonez-la-bucuresti_6bc871.jpg\",\"datePublished\":\"2018-04-26T14:04:00+02:00\",\"dateModified\":\"2020-05-26T14:55:51+02:00\",\"author\":{\"@id\":\"https:\/\/instytutpolski.pl\/bucuresti\/#\/schema\/person\/2ed63dfd835b60dee9a35cda13f87ee7\"},\"breadcrumb\":{\"@id\":\"https:\/\/instytutpolski.pl\/bucuresti\/pl\/2018\/04\/26\/sto-ikon-polskiego-designu-w-bukareszcie\/#breadcrumb\"},\"inLanguage\":\"pl-PL\",\"potentialAction\":[{\"@type\":\"ReadAction\",\"target\":[\"https:\/\/instytutpolski.pl\/bucuresti\/pl\/2018\/04\/26\/sto-ikon-polskiego-designu-w-bukareszcie\/\"]}],\"@context\":\"https:\/\/schema.org\",\"startDate\":\"2018-05-18\",\"endDate\":\"2018-05-27\",\"eventStatus\":\"EventScheduled\",\"eventAttendanceMode\":\"OfflineEventAttendanceMode\",\"location\":{\"@type\":\"place\",\"name\":\"\",\"address\":\"\",\"geo\":{\"@type\":\"GeoCoordinates\",\"latitude\":\"\",\"longitude\":\"\"}},\"description\":\"Jak pokaza\u0107 100 lat polskiego designu, ograniczaj\u0105c si\u0119 do 100 obiekt\u00f3w? Jak wybra\u0107 to, co najwa\u017cniejsze i\u00a0 nie ulec pokusie pokazania samych ikon? W jaki spos\u00f3b przedstawi\u0107 r\u00f3\u017cnorodno\u015b\u0107 dziedzin, jakimi zajmuje si\u0119 design? Instytut Adama Mickiewicza,\u00a0 kuratorka Ewa Solarz i grupa wsp\u00f3\u0142pracuj\u0105cych z nimi ilustrator\u00f3w podj\u0119li si\u0119 tego wyzwania i przygotowali wystaw\u0119, kt\u00f3ra jest podr\u00f3\u017c\u0105 przez stulecie polskiego designu. Dzi\u0119ki wsp\u00f3\u0142pracy z Instytutem Polskim w Bukareszcie\u00a0wystaw\u0119 \u201eElementarz polskiego designu\u201d\u00a0mo\u017cna zobaczy\u0107 tej wiosny w stolicy Rumunii, w czasie najwa\u017cniejszego wydarzenia w kraju po\u015bwi\u0119conego projektowaniu \u2013\u00a0Romanian Design Week. B\u0119dzie ona najwi\u0119ksz\u0105 ekspozycj\u0105 zagraniczn\u0105 towarzysz\u0105c\u0105 imprezie w tym roku.\u00a0\\nWernisa\u017c wystawy odb\u0119dzie si\u0119 w sobot\u0119 19 maja o godzinie 17.00 w NOD Makerspace\u00a0\/ Mater\u00a0(str.\u00a0Splaiul Unirii 160). Tu\u017c po nim, w mieszcz\u0105cym si\u0119 w tym samym budynku Deschis GastroBar, rozpocznie si\u0119 koncert Dominika Strycharskiego, polskiego muzyka, kompozytora i performera, tworz\u0105cego wsp\u00f3\u0142czesny jazz w jego wielu eklektycznych odmianach, muzyk\u0119 wsp\u00f3\u0142czesn\u0105, post-hip-hop, noise czy muzyk\u0119 do spektakli teatralnych.\\nW\u015br\u00f3d 100 polskich projekt\u00f3w prezentowanych w Bukareszcie, obok mebli, szk\u0142a czy porcelany, czyli przedmiot\u00f3w powszechnie kojarzonych z designem, znalaz\u0142y si\u0119 rzeczy mniej oczywiste: dzieci\u0119ce zabawki, lokomotywa, neon, szybowiec, skuter, kroje liter, loga, a nawet najsmaczniejszy polski smako\u0142yk Ptasie Mleczko i gumowe k\u00f3\u0142ko Ringo \u2013 polska gra sportowa. Prezentowane s\u0105 zar\u00f3wno projekty wsp\u00f3\u0142czesne jak i te, kt\u00f3re zyska\u0142y miano klasyki. Unikaty, ocieraj\u0105ce si\u0119 o jednostkowe dzie\u0142a sztuki, prototypy, kt\u00f3re nigdy nie wesz\u0142y do masowej produkcji, ale te\u017c rzeczy bardzo popularne, kt\u00f3rych przez ostatnie 100 lat na co dzie\u0144 u\u017cywali Polacy.\\nWystawa, kt\u00f3ra by\u0142a wcze\u015bniej prezentowana w Berlinie i Budapeszcie, \u0142\u0105czy przesz\u0142o\u015b\u0107 z tera\u017aniejszo\u015bci\u0105, pokazuj\u0105c dorobek polskiego wzornictwa przez osi\u0105gni\u0119cia wsp\u00f3\u0142czesnej polskiej grafiki. \\\"Elementarz polskiego designu\\\" to tak\u017ce 100 dzie\u0142 polskich projektant\u00f3w zinterpretowanych przez dwudziestu pi\u0119ciu polskich ilustrator\u00f3w \u2013 artyst\u00f3w o bardzo r\u00f3\u017cnym dorobku: do\u015bwiadczonych mistrz\u00f3w polskiej szko\u0142y ilustracji, ilustrator\u00f3w m\u0142odego i \u015bredniego pokolenia zdobywaj\u0105cych dzi\u015b na ca\u0142ym \u015bwiecie nagrody i ca\u0142kiem m\u0142odych, kt\u00f3rzy w\u0142a\u015bnie uko\u0144czyli studia. Wi\u0119kszo\u015b\u0107 z zaproszonych grafik\u00f3w ilustruje ksi\u0105\u017cki dla dzieci, jednocze\u015bnie zajmuj\u0105c si\u0119 szeroko poj\u0119t\u0105 komunikacj\u0105 wizualn\u0105. Prezentuj\u0105 r\u00f3\u017cne style i techniki, wszystkich \u0142\u0105czy ogromny talent.Ekspozycja to nie tylko 100 ikonicznych obiekt\u00f3w i 100 ich plastycznych interpretacji, to tak\u017ce 100 historii: o projektantach, o potrzebach, o marzeniach, o mo\u017cliwo\u015bciach i o ograniczeniach. Prezentacja projekt\u00f3w w porz\u0105dku chronologicznym pokazuje, \u017ce w 100-letniej historii polskiego designu pewne materia\u0142y, tematy i formy powracaj\u0105 i przyjmuj\u0105 wci\u0105\u017c nowe oblicza. Ekspozycja kierowana jest do szerokiej publiczno\u015bci, tak\u017ce najm\u0142odszego pokolenia.\u00a0\\n\u201eElementarz polskiego designu\u201d mo\u017cna ogl\u0105da\u0107 w dniach 18-27 maja w\u00a0NOD Makerspace\u00a0\/\u00a0Mater\u00a0(str. Splaiul Unirii 160) w Bukareszcie.\\n================\\nKalendarz wydarze\u0144 towarzysz\u0105cych:\\nWszystkie wydarzenia obywaj\u0105 si\u0119 Nod Makerspace \/ Mater (ul. Splaiul Unirii 160), a koncert odb\u0119dzie si\u0119 w DESCHIS Gastrobar, kt\u00f3ry mie\u015bci si\u0119 w tym samym budynku.\\n&#x2714; 19 maja (sobota), godz. 17.00 \u2013\u00a0\u00a0wernisa\u017c i\u00a0koncert Dominika Strycharskiego\\nDominik Strycharski jest polskim kompozytorem, wokalist\u0105 i performerem. Tworzy muzyk\u0119 wsp\u00f3\u0142czesn\u0105 w r\u00f3\u017cnych formach, od elektronicznego i akustycznego jazzu po muzyk\u0119 elektroniczn\u0105, post-hip-hop czy improwizacje. Tworzy r\u00f3wnie\u017c muzyk\u0119 do spektakli teatralnych.\\n&#x2714; 23 maja (\u015broda), godz. 19.00 \u2013 \u201eIkony rumu\u0144skiego designu\u201d - prof. Radu Com\u0219a, projektant i wyk\u0142adowca bukareszte\u0144skiej Akademii Sztuk Pi\u0119knych UNARTE opowie o tym, jakie projekty okaza\u0142y si\u0119 kamieniami milowymi rumu\u0144skiego designu ostatnich stu lat i kt\u00f3rzy ich tw\u00f3rcy zapisali si\u0119 w historii. Jego prezentacja b\u0119dzie zwi\u0105zana z polskimi obiektami, projektami i prototypami prezentowanymi w ramach wystawy \u201eElementarz polskiego designu\u201d.\\n&#x2714; 26 maja (sobota), godz. 16.00 i 17.30 \u2013 oprowadzanie kuratorskie po wystawie \u201eElementarz polskiego designu\u201d\\nEwa Solarz, kuratorka wystawy, zosta\u0142a niedawno uznana za jedn\u0105 z najbardziej wp\u0142ywowych kobiet polskiego designu.. Jest tak\u017ce autork\u0105 niezwyk\u0142ych publikacji o designie dla doros\u0142ych i dzieci ,w tym ksi\u0105\u017cki \u201eD.E.S.I.G.N.\u201d czy \u201eIlustrowanego elementarza dizajnu\u201d. W Bukareszcie oprowadzi po wystawie swojego autorstwa.\\n&#x2714; 27 maja (niedziela), godz. 16.00 \u2013 warsztaty ilustratorskie dla dzieci\\nNagradzane polskie ilustratorki Agata Dudek i Ma\u0142gorzata Nowak z Acapulco Studio poka\u017c\u0105 dzieciom, jak tworzy si\u0119 ilustracje do ksi\u0105\u017cek i opowiedz\u0105 o swojej pracy. Obie uko\u0144czy\u0142y wydzia\u0142 grafiki Akademii Sztuk Pi\u0119knych w Warszawie, zaprojektowa\u0142y te\u017c identyfikacj\u0119 wizualn\u0105 wystawy \u201eElementarz polskiego designu\u201d.\\n================\\nWystawa zosta\u0142a zorganizowana przez Instytut Adama Mickiewicza w ramach POLSKA 100 - mi\u0119dzynarodowego programu kulturalnego towarzysz\u0105cego setnej rocznicy odzyskania przez Polsk\u0119 Niepodleg\u0142o\u015bci. Program POLSKA 100 finansowany jest przez Ministerstwo Kultury i Dziedzictwa Narodowego w ramach wieloletniego programu NIEPODLEG\u0141A 2017-2021.\u00a0Wi\u0119cej informacji o polskiej kulturze na \u015bwiecie na\u00a0www.culture.pl\\nOrganizator: Instytut Adama MickiewiczaWsp\u00f3\u0142organizator: Instytut Polski w BukareszciePartnerzy: Romanian Design Week, NOD Makerspace\\nKuratorka: Ewa Solarz\\nIlustratorzy: Jacek Ambro\u017cewski, Edgar B\u0105k, Maciek Bla\u017aniak, Katarzyna Bogucka, Ada Buchholc, Iwona Chmielewska, Robert Czajka, Agata Dudek, Emilia Dziubak, Ma\u0142gorzata Gurowska, Monika Hanulak, Marta Ignerska, Tymek Jezierski, Pawe\u0142 Jo\u0144ca, Agata Kr\u00f3lak, Gra\u017cka Lange, Patryk Mogilnicki, Piotr M\u0142odo\u017ceniec, Ania Niemierko, Ola Niepsuj, Marianna Oklejak, Pawe\u0142 Pawlak, Dawid Ryski, Marianna Sztyma, Ola Wolda\u0144ska-P\u0142oci\u0144ska.\\n#PL100 #RDW2018 #RDW\"},{\"@type\":\"ImageObject\",\"inLanguage\":\"pl-PL\",\"@id\":\"https:\/\/instytutpolski.pl\/bucuresti\/pl\/2018\/04\/26\/sto-ikon-polskiego-designu-w-bukareszcie\/#primaryimage\",\"url\":\"https:\/\/instytutpolski.pl\/bucuresti\/wp-content\/uploads\/sites\/11\/2020\/05\/100-icoane-de-design-polonez-la-bucuresti_6bc871.jpg\",\"contentUrl\":\"https:\/\/instytutpolski.pl\/bucuresti\/wp-content\/uploads\/sites\/11\/2020\/05\/100-icoane-de-design-polonez-la-bucuresti_6bc871.jpg\",\"width\":660,\"height\":400,\"caption\":\"Foto: Diana Barbu\"},{\"@type\":\"BreadcrumbList\",\"@id\":\"https:\/\/instytutpolski.pl\/bucuresti\/pl\/2018\/04\/26\/sto-ikon-polskiego-designu-w-bukareszcie\/#breadcrumb\",\"itemListElement\":[{\"@type\":\"ListItem\",\"position\":1,\"name\":\"Home\",\"item\":\"https:\/\/instytutpolski.pl\/bucuresti\/\"},{\"@type\":\"ListItem\",\"position\":2,\"name\":\"Sto ikon polskiego designu w Bukareszcie\"}]},{\"@type\":\"WebSite\",\"@id\":\"https:\/\/instytutpolski.pl\/bucuresti\/#website\",\"url\":\"https:\/\/instytutpolski.pl\/bucuresti\/\",\"name\":\"Instytut Polski w Bukareszcie\",\"description\":\"Instytuty Polskie\",\"potentialAction\":[{\"@type\":\"SearchAction\",\"target\":{\"@type\":\"EntryPoint\",\"urlTemplate\":\"https:\/\/instytutpolski.pl\/bucuresti\/?s={search_term_string}\"},\"query-input\":{\"@type\":\"PropertyValueSpecification\",\"valueRequired\":true,\"valueName\":\"search_term_string\"}}],\"inLanguage\":\"pl-PL\"},{\"@type\":\"Person\",\"@id\":\"https:\/\/instytutpolski.pl\/bucuresti\/#\/schema\/person\/2ed63dfd835b60dee9a35cda13f87ee7\",\"name\":\"dumitrul\",\"image\":{\"@type\":\"ImageObject\",\"inLanguage\":\"pl-PL\",\"@id\":\"https:\/\/instytutpolski.pl\/bucuresti\/#\/schema\/person\/image\/\",\"url\":\"https:\/\/secure.gravatar.com\/avatar\/ec2f0cf209ed0643e762a5d73f4a1b9b?s=96&d=mm&r=g\",\"contentUrl\":\"https:\/\/secure.gravatar.com\/avatar\/ec2f0cf209ed0643e762a5d73f4a1b9b?s=96&d=mm&r=g\",\"caption\":\"dumitrul\"},\"url\":\"https:\/\/instytutpolski.pl\/bucuresti\/author\/dumitrul\/\"}]}<\/script>\n<!-- \/ Yoast SEO plugin. -->","yoast_head_json":{"title":"Sto ikon polskiego designu w Bukareszcie - Instytut Polski w Bukareszcie","robots":{"index":"index","follow":"follow","max-snippet":"max-snippet:-1","max-image-preview":"max-image-preview:large","max-video-preview":"max-video-preview:-1"},"canonical":"https:\/\/instytutpolski.pl\/bucuresti\/pl\/2018\/04\/26\/sto-ikon-polskiego-designu-w-bukareszcie\/","og_locale":"pl_PL","og_type":"article","og_title":"Sto ikon polskiego designu w Bukareszcie - Instytut Polski w Bukareszcie","og_description":"Jak pokaza\u0107 100 lat polskiego designu, ograniczaj\u0105c si\u0119 do 100 obiekt\u00f3w? Jak wybra\u0107 to, co najwa\u017cniejsze i\u00a0 nie ulec pokusie pokazania samych ikon? W jaki spos\u00f3b przedstawi\u0107 r\u00f3\u017cnorodno\u015b\u0107 dziedzin, jakimi zajmuje si\u0119 design? Instytut Adama Mickiewicza,\u00a0 kuratorka Ewa Solarz i grupa wsp\u00f3\u0142pracuj\u0105cych z nimi ilustrator\u00f3w podj\u0119li si\u0119 tego wyzwania i przygotowali wystaw\u0119, kt\u00f3ra jest podr\u00f3\u017c\u0105 [&hellip;]","og_url":"https:\/\/instytutpolski.pl\/bucuresti\/pl\/2018\/04\/26\/sto-ikon-polskiego-designu-w-bukareszcie\/","og_site_name":"Instytut Polski w Bukareszcie","article_published_time":"2018-04-26T14:04:00+00:00","article_modified_time":"2020-05-26T14:55:51+00:00","og_image":[{"width":660,"height":400,"url":"https:\/\/instytutpolski.pl\/bucuresti\/wp-content\/uploads\/sites\/11\/2020\/05\/100-icoane-de-design-polonez-la-bucuresti_6bc871.jpg","type":"image\/jpeg"}],"author":"dumitrul","twitter_card":"summary_large_image","twitter_misc":{"Napisane przez":"dumitrul","Szacowany czas czytania":"4 minuty"},"schema":{"@context":"https:\/\/schema.org","@graph":[{"@type":"event","@id":"https:\/\/instytutpolski.pl\/bucuresti\/pl\/2018\/04\/26\/sto-ikon-polskiego-designu-w-bukareszcie\/","url":"https:\/\/instytutpolski.pl\/bucuresti\/pl\/2018\/04\/26\/sto-ikon-polskiego-designu-w-bukareszcie\/","name":"Sto ikon polskiego designu w Bukareszcie","isPartOf":{"@id":"https:\/\/instytutpolski.pl\/bucuresti\/#website"},"primaryImageOfPage":{"@id":"https:\/\/instytutpolski.pl\/bucuresti\/pl\/2018\/04\/26\/sto-ikon-polskiego-designu-w-bukareszcie\/#primaryimage"},"image":["https:\/\/instytutpolski.pl\/bucuresti\/wp-content\/uploads\/sites\/11\/2020\/05\/100-icoane-de-design-polonez-la-bucuresti_6bc871.jpg","https:\/\/instytutpolski.pl\/bucuresti\/wp-content\/uploads\/sites\/11\/2020\/05\/100-icoane-de-design-polonez-la-bucuresti_6bc871-300x182.jpg","https:\/\/instytutpolski.pl\/bucuresti\/wp-content\/uploads\/sites\/11\/2020\/05\/100-icoane-de-design-polonez-la-bucuresti_6bc871.jpg","https:\/\/instytutpolski.pl\/bucuresti\/wp-content\/uploads\/sites\/11\/2020\/05\/100-icoane-de-design-polonez-la-bucuresti_6bc871.jpg"],"thumbnailUrl":"https:\/\/instytutpolski.pl\/bucuresti\/wp-content\/uploads\/sites\/11\/2020\/05\/100-icoane-de-design-polonez-la-bucuresti_6bc871.jpg","datePublished":"2018-04-26T14:04:00+02:00","dateModified":"2020-05-26T14:55:51+02:00","author":{"@id":"https:\/\/instytutpolski.pl\/bucuresti\/#\/schema\/person\/2ed63dfd835b60dee9a35cda13f87ee7"},"breadcrumb":{"@id":"https:\/\/instytutpolski.pl\/bucuresti\/pl\/2018\/04\/26\/sto-ikon-polskiego-designu-w-bukareszcie\/#breadcrumb"},"inLanguage":"pl-PL","potentialAction":[{"@type":"ReadAction","target":["https:\/\/instytutpolski.pl\/bucuresti\/pl\/2018\/04\/26\/sto-ikon-polskiego-designu-w-bukareszcie\/"]}],"@context":"https:\/\/schema.org","startDate":"2018-05-18","endDate":"2018-05-27","eventStatus":"EventScheduled","eventAttendanceMode":"OfflineEventAttendanceMode","location":{"@type":"place","name":"","address":"","geo":{"@type":"GeoCoordinates","latitude":"","longitude":""}},"description":"Jak pokaza\u0107 100 lat polskiego designu, ograniczaj\u0105c si\u0119 do 100 obiekt\u00f3w? Jak wybra\u0107 to, co najwa\u017cniejsze i\u00a0 nie ulec pokusie pokazania samych ikon? W jaki spos\u00f3b przedstawi\u0107 r\u00f3\u017cnorodno\u015b\u0107 dziedzin, jakimi zajmuje si\u0119 design? Instytut Adama Mickiewicza,\u00a0 kuratorka Ewa Solarz i grupa wsp\u00f3\u0142pracuj\u0105cych z nimi ilustrator\u00f3w podj\u0119li si\u0119 tego wyzwania i przygotowali wystaw\u0119, kt\u00f3ra jest podr\u00f3\u017c\u0105 przez stulecie polskiego designu. Dzi\u0119ki wsp\u00f3\u0142pracy z Instytutem Polskim w Bukareszcie\u00a0wystaw\u0119 \u201eElementarz polskiego designu\u201d\u00a0mo\u017cna zobaczy\u0107 tej wiosny w stolicy Rumunii, w czasie najwa\u017cniejszego wydarzenia w kraju po\u015bwi\u0119conego projektowaniu \u2013\u00a0Romanian Design Week. B\u0119dzie ona najwi\u0119ksz\u0105 ekspozycj\u0105 zagraniczn\u0105 towarzysz\u0105c\u0105 imprezie w tym roku.\u00a0\nWernisa\u017c wystawy odb\u0119dzie si\u0119 w sobot\u0119 19 maja o godzinie 17.00 w NOD Makerspace\u00a0\/ Mater\u00a0(str.\u00a0Splaiul Unirii 160). Tu\u017c po nim, w mieszcz\u0105cym si\u0119 w tym samym budynku Deschis GastroBar, rozpocznie si\u0119 koncert Dominika Strycharskiego, polskiego muzyka, kompozytora i performera, tworz\u0105cego wsp\u00f3\u0142czesny jazz w jego wielu eklektycznych odmianach, muzyk\u0119 wsp\u00f3\u0142czesn\u0105, post-hip-hop, noise czy muzyk\u0119 do spektakli teatralnych.\nW\u015br\u00f3d 100 polskich projekt\u00f3w prezentowanych w Bukareszcie, obok mebli, szk\u0142a czy porcelany, czyli przedmiot\u00f3w powszechnie kojarzonych z designem, znalaz\u0142y si\u0119 rzeczy mniej oczywiste: dzieci\u0119ce zabawki, lokomotywa, neon, szybowiec, skuter, kroje liter, loga, a nawet najsmaczniejszy polski smako\u0142yk Ptasie Mleczko i gumowe k\u00f3\u0142ko Ringo \u2013 polska gra sportowa. Prezentowane s\u0105 zar\u00f3wno projekty wsp\u00f3\u0142czesne jak i te, kt\u00f3re zyska\u0142y miano klasyki. Unikaty, ocieraj\u0105ce si\u0119 o jednostkowe dzie\u0142a sztuki, prototypy, kt\u00f3re nigdy nie wesz\u0142y do masowej produkcji, ale te\u017c rzeczy bardzo popularne, kt\u00f3rych przez ostatnie 100 lat na co dzie\u0144 u\u017cywali Polacy.\nWystawa, kt\u00f3ra by\u0142a wcze\u015bniej prezentowana w Berlinie i Budapeszcie, \u0142\u0105czy przesz\u0142o\u015b\u0107 z tera\u017aniejszo\u015bci\u0105, pokazuj\u0105c dorobek polskiego wzornictwa przez osi\u0105gni\u0119cia wsp\u00f3\u0142czesnej polskiej grafiki. \"Elementarz polskiego designu\" to tak\u017ce 100 dzie\u0142 polskich projektant\u00f3w zinterpretowanych przez dwudziestu pi\u0119ciu polskich ilustrator\u00f3w \u2013 artyst\u00f3w o bardzo r\u00f3\u017cnym dorobku: do\u015bwiadczonych mistrz\u00f3w polskiej szko\u0142y ilustracji, ilustrator\u00f3w m\u0142odego i \u015bredniego pokolenia zdobywaj\u0105cych dzi\u015b na ca\u0142ym \u015bwiecie nagrody i ca\u0142kiem m\u0142odych, kt\u00f3rzy w\u0142a\u015bnie uko\u0144czyli studia. Wi\u0119kszo\u015b\u0107 z zaproszonych grafik\u00f3w ilustruje ksi\u0105\u017cki dla dzieci, jednocze\u015bnie zajmuj\u0105c si\u0119 szeroko poj\u0119t\u0105 komunikacj\u0105 wizualn\u0105. Prezentuj\u0105 r\u00f3\u017cne style i techniki, wszystkich \u0142\u0105czy ogromny talent.Ekspozycja to nie tylko 100 ikonicznych obiekt\u00f3w i 100 ich plastycznych interpretacji, to tak\u017ce 100 historii: o projektantach, o potrzebach, o marzeniach, o mo\u017cliwo\u015bciach i o ograniczeniach. Prezentacja projekt\u00f3w w porz\u0105dku chronologicznym pokazuje, \u017ce w 100-letniej historii polskiego designu pewne materia\u0142y, tematy i formy powracaj\u0105 i przyjmuj\u0105 wci\u0105\u017c nowe oblicza. Ekspozycja kierowana jest do szerokiej publiczno\u015bci, tak\u017ce najm\u0142odszego pokolenia.\u00a0\n\u201eElementarz polskiego designu\u201d mo\u017cna ogl\u0105da\u0107 w dniach 18-27 maja w\u00a0NOD Makerspace\u00a0\/\u00a0Mater\u00a0(str. Splaiul Unirii 160) w Bukareszcie.\n================\nKalendarz wydarze\u0144 towarzysz\u0105cych:\nWszystkie wydarzenia obywaj\u0105 si\u0119 Nod Makerspace \/ Mater (ul. Splaiul Unirii 160), a koncert odb\u0119dzie si\u0119 w DESCHIS Gastrobar, kt\u00f3ry mie\u015bci si\u0119 w tym samym budynku.\n&#x2714; 19 maja (sobota), godz. 17.00 \u2013\u00a0\u00a0wernisa\u017c i\u00a0koncert Dominika Strycharskiego\nDominik Strycharski jest polskim kompozytorem, wokalist\u0105 i performerem. Tworzy muzyk\u0119 wsp\u00f3\u0142czesn\u0105 w r\u00f3\u017cnych formach, od elektronicznego i akustycznego jazzu po muzyk\u0119 elektroniczn\u0105, post-hip-hop czy improwizacje. Tworzy r\u00f3wnie\u017c muzyk\u0119 do spektakli teatralnych.\n&#x2714; 23 maja (\u015broda), godz. 19.00 \u2013 \u201eIkony rumu\u0144skiego designu\u201d - prof. Radu Com\u0219a, projektant i wyk\u0142adowca bukareszte\u0144skiej Akademii Sztuk Pi\u0119knych UNARTE opowie o tym, jakie projekty okaza\u0142y si\u0119 kamieniami milowymi rumu\u0144skiego designu ostatnich stu lat i kt\u00f3rzy ich tw\u00f3rcy zapisali si\u0119 w historii. Jego prezentacja b\u0119dzie zwi\u0105zana z polskimi obiektami, projektami i prototypami prezentowanymi w ramach wystawy \u201eElementarz polskiego designu\u201d.\n&#x2714; 26 maja (sobota), godz. 16.00 i 17.30 \u2013 oprowadzanie kuratorskie po wystawie \u201eElementarz polskiego designu\u201d\nEwa Solarz, kuratorka wystawy, zosta\u0142a niedawno uznana za jedn\u0105 z najbardziej wp\u0142ywowych kobiet polskiego designu.. Jest tak\u017ce autork\u0105 niezwyk\u0142ych publikacji o designie dla doros\u0142ych i dzieci ,w tym ksi\u0105\u017cki \u201eD.E.S.I.G.N.\u201d czy \u201eIlustrowanego elementarza dizajnu\u201d. W Bukareszcie oprowadzi po wystawie swojego autorstwa.\n&#x2714; 27 maja (niedziela), godz. 16.00 \u2013 warsztaty ilustratorskie dla dzieci\nNagradzane polskie ilustratorki Agata Dudek i Ma\u0142gorzata Nowak z Acapulco Studio poka\u017c\u0105 dzieciom, jak tworzy si\u0119 ilustracje do ksi\u0105\u017cek i opowiedz\u0105 o swojej pracy. Obie uko\u0144czy\u0142y wydzia\u0142 grafiki Akademii Sztuk Pi\u0119knych w Warszawie, zaprojektowa\u0142y te\u017c identyfikacj\u0119 wizualn\u0105 wystawy \u201eElementarz polskiego designu\u201d.\n================\nWystawa zosta\u0142a zorganizowana przez Instytut Adama Mickiewicza w ramach POLSKA 100 - mi\u0119dzynarodowego programu kulturalnego towarzysz\u0105cego setnej rocznicy odzyskania przez Polsk\u0119 Niepodleg\u0142o\u015bci. Program POLSKA 100 finansowany jest przez Ministerstwo Kultury i Dziedzictwa Narodowego w ramach wieloletniego programu NIEPODLEG\u0141A 2017-2021.\u00a0Wi\u0119cej informacji o polskiej kulturze na \u015bwiecie na\u00a0www.culture.pl\nOrganizator: Instytut Adama MickiewiczaWsp\u00f3\u0142organizator: Instytut Polski w BukareszciePartnerzy: Romanian Design Week, NOD Makerspace\nKuratorka: Ewa Solarz\nIlustratorzy: Jacek Ambro\u017cewski, Edgar B\u0105k, Maciek Bla\u017aniak, Katarzyna Bogucka, Ada Buchholc, Iwona Chmielewska, Robert Czajka, Agata Dudek, Emilia Dziubak, Ma\u0142gorzata Gurowska, Monika Hanulak, Marta Ignerska, Tymek Jezierski, Pawe\u0142 Jo\u0144ca, Agata Kr\u00f3lak, Gra\u017cka Lange, Patryk Mogilnicki, Piotr M\u0142odo\u017ceniec, Ania Niemierko, Ola Niepsuj, Marianna Oklejak, Pawe\u0142 Pawlak, Dawid Ryski, Marianna Sztyma, Ola Wolda\u0144ska-P\u0142oci\u0144ska.\n#PL100 #RDW2018 #RDW"},{"@type":"ImageObject","inLanguage":"pl-PL","@id":"https:\/\/instytutpolski.pl\/bucuresti\/pl\/2018\/04\/26\/sto-ikon-polskiego-designu-w-bukareszcie\/#primaryimage","url":"https:\/\/instytutpolski.pl\/bucuresti\/wp-content\/uploads\/sites\/11\/2020\/05\/100-icoane-de-design-polonez-la-bucuresti_6bc871.jpg","contentUrl":"https:\/\/instytutpolski.pl\/bucuresti\/wp-content\/uploads\/sites\/11\/2020\/05\/100-icoane-de-design-polonez-la-bucuresti_6bc871.jpg","width":660,"height":400,"caption":"Foto: Diana Barbu"},{"@type":"BreadcrumbList","@id":"https:\/\/instytutpolski.pl\/bucuresti\/pl\/2018\/04\/26\/sto-ikon-polskiego-designu-w-bukareszcie\/#breadcrumb","itemListElement":[{"@type":"ListItem","position":1,"name":"Home","item":"https:\/\/instytutpolski.pl\/bucuresti\/"},{"@type":"ListItem","position":2,"name":"Sto ikon polskiego designu w Bukareszcie"}]},{"@type":"WebSite","@id":"https:\/\/instytutpolski.pl\/bucuresti\/#website","url":"https:\/\/instytutpolski.pl\/bucuresti\/","name":"Instytut Polski w Bukareszcie","description":"Instytuty Polskie","potentialAction":[{"@type":"SearchAction","target":{"@type":"EntryPoint","urlTemplate":"https:\/\/instytutpolski.pl\/bucuresti\/?s={search_term_string}"},"query-input":{"@type":"PropertyValueSpecification","valueRequired":true,"valueName":"search_term_string"}}],"inLanguage":"pl-PL"},{"@type":"Person","@id":"https:\/\/instytutpolski.pl\/bucuresti\/#\/schema\/person\/2ed63dfd835b60dee9a35cda13f87ee7","name":"dumitrul","image":{"@type":"ImageObject","inLanguage":"pl-PL","@id":"https:\/\/instytutpolski.pl\/bucuresti\/#\/schema\/person\/image\/","url":"https:\/\/secure.gravatar.com\/avatar\/ec2f0cf209ed0643e762a5d73f4a1b9b?s=96&d=mm&r=g","contentUrl":"https:\/\/secure.gravatar.com\/avatar\/ec2f0cf209ed0643e762a5d73f4a1b9b?s=96&d=mm&r=g","caption":"dumitrul"},"url":"https:\/\/instytutpolski.pl\/bucuresti\/author\/dumitrul\/"}]}},"_links":{"self":[{"href":"https:\/\/instytutpolski.pl\/bucuresti\/wp-json\/wp\/v2\/posts\/2037","targetHints":{"allow":["GET"]}}],"collection":[{"href":"https:\/\/instytutpolski.pl\/bucuresti\/wp-json\/wp\/v2\/posts"}],"about":[{"href":"https:\/\/instytutpolski.pl\/bucuresti\/wp-json\/wp\/v2\/types\/post"}],"author":[{"embeddable":true,"href":"https:\/\/instytutpolski.pl\/bucuresti\/wp-json\/wp\/v2\/users\/45"}],"replies":[{"embeddable":true,"href":"https:\/\/instytutpolski.pl\/bucuresti\/wp-json\/wp\/v2\/comments?post=2037"}],"version-history":[{"count":4,"href":"https:\/\/instytutpolski.pl\/bucuresti\/wp-json\/wp\/v2\/posts\/2037\/revisions"}],"predecessor-version":[{"id":2042,"href":"https:\/\/instytutpolski.pl\/bucuresti\/wp-json\/wp\/v2\/posts\/2037\/revisions\/2042"}],"wp:featuredmedia":[{"embeddable":true,"href":"https:\/\/instytutpolski.pl\/bucuresti\/wp-json\/wp\/v2\/media\/2031"}],"wp:attachment":[{"href":"https:\/\/instytutpolski.pl\/bucuresti\/wp-json\/wp\/v2\/media?parent=2037"}],"wp:term":[{"taxonomy":"category","embeddable":true,"href":"https:\/\/instytutpolski.pl\/bucuresti\/wp-json\/wp\/v2\/categories?post=2037"},{"taxonomy":"post_tag","embeddable":true,"href":"https:\/\/instytutpolski.pl\/bucuresti\/wp-json\/wp\/v2\/tags?post=2037"}],"curies":[{"name":"wp","href":"https:\/\/api.w.org\/{rel}","templated":true}]}}