{"id":2179,"date":"2018-07-24T19:09:00","date_gmt":"2018-07-24T17:09:00","guid":{"rendered":"https:\/\/instytutpolski.pl\/bucuresti\/?p=2179"},"modified":"2020-05-26T19:14:05","modified_gmt":"2020-05-26T17:14:05","slug":"skautowe-obchody-odzyskania-niepodleglosci","status":"publish","type":"post","link":"https:\/\/instytutpolski.pl\/bucuresti\/pl\/2018\/07\/24\/skautowe-obchody-odzyskania-niepodleglosci\/","title":{"rendered":"Skautowe obchody odzyskania niepodleg\u0142o\u015bci"},"content":{"rendered":"\n<div class=\"post-text-container\">\n<p>Program edukacyjny \u201eSkauci Niepodleg\u0142ej\u201d \/ \u201eCerceta\u0219ii Uni\u021bi\u201d sk\u0142ada\u0142 si\u0119 z dw\u00f3ch cz\u0119\u015bci, w kt\u00f3rych brali udzia\u0142 przedstawiciele najwi\u0119kszych oranizacji skautowych z Polski (Zwi\u0105zek Harcerstwa Polskiego) i Rumunii (Cerceta\u0219ii Rom\u00e2niei, czyli Skauci Rumunii). Pierwsz\u0105 z nich stanowi\u0142a w\u0119dr\u00f3wka po G\u00f3rach Rodnia\u0144skich, podczas kt\u00f3rej m\u0142odzie\u017c poznawa\u0142a wzajmenie siebie oraz kultur\u0119, histori\u0119 i j\u0119zyk obu kraj\u00f3w. Druga, stacjonarna cz\u0119\u015b\u0107 projektu, odby\u0142a si\u0119 w Pleszy, malowniczej wsi na rumu\u0144skiej Bukowinie, zamieszkanej przez ludno\u015b\u0107 polsk\u0105. W okolicach tej miejscowo\u015bci harcerze z Polski zbudowali ob\u00f3z skautowy, w kt\u00f3rym w dniach 19 &#8211; 23 lipca 2018 r. \u00a0dzieci pochodz\u0105ce z mniejszo\u015bci polskiej na Bukowinie wraz z m\u0142odymi rumu\u0144skimi skautami z Jass i Suczawy uczestniczy\u0142y w grach edukacyjnych i zabawach plenerowych.<\/p>\n<p>Ob\u00f3z skautowy na Bukowinie wzbudzi\u0142 zainteresowanie medi\u00f3w, w tym rumu\u0144skiej telewizji publicznej TVR, agencji i portali informacyjnych. Odwiedzili go tak\u017ce wa\u017cni go\u015bcie i przedstawiciele r\u00f3\u017cnych w\u0142adz. W\u015br\u00f3d nich byli m.in. prezes Zwi\u0105zku Polak\u00f3w w Rumunii Gerwazy Longher, wiceprezes tej organizacji Kazimierz Longher, ks. Stanis\u0142aw Kucharek \u2013 wicedziekan dekanatu bukowi\u0144skiego, ks. Andrei Staszkowian \u2013 proboszcz parafii w Pleszy, a tak\u017ce w\u0142adze Narodowej Organizacji Skaut\u00f3w Rumu\u0144skich, na czele z prezesem \u2013 Andreiem Avramem i dyrektor wykonawczym \u2013 Mihael\u0105 G\u00eerleanu. W ich obecno\u015bci 21 lipca 2018 roku w Domu Polskim w Pleszy zosta\u0142a otwarta wystawa prezentuj\u0105ca 100 lat polskiego harcerstwa. Ekspozycja, poza szerokim blokiem po\u015bwi\u0119conym udzia\u0142owi harcerzy w wydarzeniach szczeg\u00f3lnie istotnych dla historii Polski, wspomina tak\u017ce pocz\u0105tki skautowych relacji polsko-rumu\u0144skich. \u00a0<\/p>\n<p>Go\u015bcie oficjalnej cz\u0119\u015bci programu edukacyjnego w Pleszy w swoich wyst\u0105pieniach wiele uwagi po\u015bwi\u0119cili bardzo istotnej roli skautingu w historii Polski i Rumuni, jego idea\u0142om oraz metodom wychowawczym. Projekt \u201eSkauci Niepodleg\u0142ej\u201d poza celami edukacyjnymi mia\u0142 te\u017c zaprezentowa\u0107 skauting dzieciom i m\u0142odzie\u017cy z mniejszo\u015bci polskiej na Bukowinie. \u00a0<\/p>\n<p>\u2013 Zale\u017ca\u0142o nam, aby dzieci pozna\u0142y bli\u017cej histori\u0119 Polski i Rumunii nie w szkolnych \u0142awkach, a w inny, bardzo anga\u017cuj\u0105cy spos\u00f3b. Wa\u017cne by\u0142o tak\u017ce, aby posmakowa\u0142y harcerskiego \u017cycia, nauczy\u0142y si\u0119 jak radzi\u0107 sobie w trudnych warunkach naturalnych, jak pos\u0142ugiwa\u0107 si\u0119 map\u0105 i kompasem i przekona\u0142y si\u0119, \u017ce skauting pomaga w codziennym \u017cyciu \u2013 m\u00f3wi Agnieszka Skieterska, dyrektor Instytutu Polskiego w Bukareszcie, kt\u00f3ry zainicjowa\u0142 projekt. \u2013 Bardzo istotna by\u0142a tak\u017ce nasza bliska i owocna wsp\u00f3\u0142praca ze Zwi\u0105zkiem Polak\u00f3w w Rumunii, za kt\u00f3r\u0105 jestem ogromnie wdzi\u0119czna. Dzi\u0119ki niej np. mogli\u015bmy go\u015bci\u0107 z dzie\u0107mi w Domu Polskim w Pleszy \u2013 dodaje dyrektor Skieterska.<\/p>\n<p>G\u0142\u00f3wnym partnerem akcji by\u0142 Hufiec Wroc\u0142aw P\u00f3\u0142noc Zwi\u0105zku Harcerstwa Polskiego, kt\u00f3rego przedstawiciele organizowali program skautowy.<\/p>\n<p>&#8211; Oznak\u0105, \u017ce program si\u0119 uda\u0142 by\u0142 ostatni dzie\u0144, kiedy dzieci \u015bpiewa\u0142y piosenki, kt\u00f3rych ich nauczyli\u015bmy i ta\u0144czy\u0142y harcerskie ta\u0144ce, kt\u00f3re im pokazywali\u015bmy \u2013 m\u00f3wi komendantka hufca Wroc\u0142aw P\u00f3\u0142noc Joanna Pola\u0144ska. \u2013 To by\u0142 trudny projekt. Bali\u015bmy si\u0119 bardzo, \u017ce nie uda nam si\u0119 spe\u0142ni\u0107 wszystkich za\u0142o\u017ce\u0144 przedwyjazdowych, obawiali\u015bmy si\u0119 r\u00f3\u017cnic kulturowych, a przede wszystkim tego, \u017ce w jednym obozie znale\u017ali si\u0119 skauci oraz dzieci, kt\u00f3re nigdy nie mia\u0142y do czynienia z harcerstwem. Ale po zako\u0144czeniu projektu jeste\u015bmy bardzo zadowoleni. Dzieci bardzo nam pomaga\u0142y np. w t\u0142umaczeniach, a przede wszytkim anga\u017cowa\u0142y si\u0119 zabawy i warsztaty przez nas przygotowane \u2013 dodaje.<\/p>\n<p>Wed\u0142ug wi\u0119kszo\u015bci uczestnik\u00f3w programu \u201eSkauci Niepodleg\u0142ej\u201d, jedn\u0105 z najpi\u0119kniejszych jego chwil by\u0142o uroczyste \u201eogniobranie\u201d, podczas kt\u00f3rego polscy harcerze opowiedzieli o trudnej historii Polski i walce o niepodleg\u0142o\u015b\u0107. Ogniobranie, w formule widowiska poetycko \u2013 muzycznego, po\u015bwi\u0119cone by\u0142o 100 \u2013 leciu odzyskania przez Polsk\u0119 niepodleg\u0142o\u015bci oraz 100 \u2013 leciu zjednoczenia Rumunii.<\/p>\n<p>Po zako\u0144czeniu projektu w Pleszy polscy harcerze wyruszyli jeszcze w kilkudniowy objazd po Rumunii, kt\u00f3ry zako\u0144czy si\u0119 pod koniec lipca.<\/p>\n<p>Pomys\u0142 wsp\u00f3lnego projektu edukacyjnego dla harcerzy z Polski i skaut\u00f3w z Rumunii narodzi\u0142 si\u0119 rok temu w czasie RoJAM, czyli organizowanego co kilka lat najwa\u017cniejszego spotkania skaut\u00f3w rumu\u0144skich z najwi\u0119kszej w kraju organizacji Cerceta\u0219ii Rom\u00e2niei. W\u015br\u00f3d jego mi\u0119dzynarodowych go\u015bci byli tak\u017ce Polacy ze Zwi\u0105zku Harcerstwa Polskiego reprezentuj\u0105cy Chor\u0105giew Dolno\u015bl\u0105sk\u0105 (Hufiec Wroc\u0142aw P\u00f3\u0142noc) i przedstawiciele Instytutu Polskiego w Bukareszcie, kt\u00f3ry rozwija wsp\u00f3\u0142prac\u0119 z ruchem skautowym w Rumunii od 2015 roku.<\/p>\n<p>Program \u201eSkauci Niepodleg\u0142ej\u201d by\u0142 wsp\u00f3\u0142finasnowany przez Instytut Polski z Bukaresztu ze \u015brodk\u00f3w polskiego Ministerstwa Spraw Zagranicznych.\u00a0<\/p>\n<p><a href=\"https:\/\/www.facebook.com\/media\/set\/?set=a.10155378503606433.1073741890.285041241432&amp;type=1&amp;l=13e7ac9ef8\" target=\"_blank\" rel=\"noopener noreferrer\"><strong>Galeria zdj\u0119\u0107 &gt;&gt;&gt;<\/strong><\/a><\/p>\n<\/div>\n","protected":false},"excerpt":{"rendered":"<p>Program edukacyjny \u201eSkauci Niepodleg\u0142ej\u201d \/ \u201eCerceta\u0219ii Uni\u021bi\u201d sk\u0142ada\u0142 si\u0119 z dw\u00f3ch cz\u0119\u015bci, w kt\u00f3rych brali udzia\u0142 przedstawiciele najwi\u0119kszych oranizacji skautowych z Polski (Zwi\u0105zek Harcerstwa Polskiego) i Rumunii (Cerceta\u0219ii Rom\u00e2niei, czyli Skauci Rumunii). Pierwsz\u0105 z nich stanowi\u0142a w\u0119dr\u00f3wka po G\u00f3rach Rodnia\u0144skich, podczas kt\u00f3rej m\u0142odzie\u017c poznawa\u0142a wzajmenie siebie oraz kultur\u0119, histori\u0119 i j\u0119zyk obu kraj\u00f3w. Druga, stacjonarna [&hellip;]<\/p>\n","protected":false},"author":43,"featured_media":2176,"comment_status":"open","ping_status":"open","sticky":false,"template":"","format":"standard","meta":{"inline_featured_image":false,"_monsterinsights_skip_tracking":false,"_monsterinsights_sitenote_active":false,"_monsterinsights_sitenote_note":"","_monsterinsights_sitenote_category":0,"footnotes":""},"categories":[41],"tags":[367],"class_list":["post-2179","post","type-post","status-publish","format-standard","has-post-thumbnail","hentry","category-historia","tag-skauci-niepodleglej"],"yoast_head":"<!-- This site is optimized with the Yoast SEO plugin v24.6 - https:\/\/yoast.com\/wordpress\/plugins\/seo\/ -->\n<title>Skautowe obchody odzyskania niepodleg\u0142o\u015bci - Instytut Polski w Bukareszcie<\/title>\n<meta name=\"robots\" content=\"index, follow, max-snippet:-1, max-image-preview:large, max-video-preview:-1\" \/>\n<link rel=\"canonical\" href=\"https:\/\/instytutpolski.pl\/bucuresti\/pl\/2018\/07\/24\/skautowe-obchody-odzyskania-niepodleglosci\/\" \/>\n<meta property=\"og:locale\" content=\"pl_PL\" \/>\n<meta property=\"og:type\" content=\"article\" \/>\n<meta property=\"og:title\" content=\"Skautowe obchody odzyskania niepodleg\u0142o\u015bci - Instytut Polski w Bukareszcie\" \/>\n<meta property=\"og:description\" content=\"Program edukacyjny \u201eSkauci Niepodleg\u0142ej\u201d \/ \u201eCerceta\u0219ii Uni\u021bi\u201d sk\u0142ada\u0142 si\u0119 z dw\u00f3ch cz\u0119\u015bci, w kt\u00f3rych brali udzia\u0142 przedstawiciele najwi\u0119kszych oranizacji skautowych z Polski (Zwi\u0105zek Harcerstwa Polskiego) i Rumunii (Cerceta\u0219ii Rom\u00e2niei, czyli Skauci Rumunii). Pierwsz\u0105 z nich stanowi\u0142a w\u0119dr\u00f3wka po G\u00f3rach Rodnia\u0144skich, podczas kt\u00f3rej m\u0142odzie\u017c poznawa\u0142a wzajmenie siebie oraz kultur\u0119, histori\u0119 i j\u0119zyk obu kraj\u00f3w. Druga, stacjonarna [&hellip;]\" \/>\n<meta property=\"og:url\" content=\"https:\/\/instytutpolski.pl\/bucuresti\/pl\/2018\/07\/24\/skautowe-obchody-odzyskania-niepodleglosci\/\" \/>\n<meta property=\"og:site_name\" content=\"Instytut Polski w Bukareszcie\" \/>\n<meta property=\"article:published_time\" content=\"2018-07-24T17:09:00+00:00\" \/>\n<meta property=\"article:modified_time\" content=\"2020-05-26T17:14:05+00:00\" \/>\n<meta property=\"og:image\" content=\"https:\/\/instytutpolski.pl\/bucuresti\/wp-content\/uploads\/sites\/11\/2020\/05\/cercetasii-sarbatoresc-recastigarea-independentei_110657.jpg\" \/>\n\t<meta property=\"og:image:width\" content=\"1553\" \/>\n\t<meta property=\"og:image:height\" content=\"970\" \/>\n\t<meta property=\"og:image:type\" content=\"image\/jpeg\" \/>\n<meta name=\"author\" content=\"nicolaua\" \/>\n<meta name=\"twitter:card\" content=\"summary_large_image\" \/>\n<meta name=\"twitter:label1\" content=\"Napisane przez\" \/>\n\t<meta name=\"twitter:data1\" content=\"nicolaua\" \/>\n\t<meta name=\"twitter:label2\" content=\"Szacowany czas czytania\" \/>\n\t<meta name=\"twitter:data2\" content=\"4 minuty\" \/>\n<script type=\"application\/ld+json\" class=\"yoast-schema-graph\">{\"@context\":\"https:\/\/schema.org\",\"@graph\":[{\"@type\":\"event\",\"@id\":\"https:\/\/instytutpolski.pl\/bucuresti\/pl\/2018\/07\/24\/skautowe-obchody-odzyskania-niepodleglosci\/\",\"url\":\"https:\/\/instytutpolski.pl\/bucuresti\/pl\/2018\/07\/24\/skautowe-obchody-odzyskania-niepodleglosci\/\",\"name\":\"Skautowe obchody odzyskania niepodleg\u0142o\u015bci\",\"isPartOf\":{\"@id\":\"https:\/\/instytutpolski.pl\/bucuresti\/#website\"},\"primaryImageOfPage\":{\"@id\":\"https:\/\/instytutpolski.pl\/bucuresti\/pl\/2018\/07\/24\/skautowe-obchody-odzyskania-niepodleglosci\/#primaryimage\"},\"image\":[\"https:\/\/instytutpolski.pl\/bucuresti\/wp-content\/uploads\/sites\/11\/2020\/05\/cercetasii-sarbatoresc-recastigarea-independentei_110657.jpg\",\"https:\/\/instytutpolski.pl\/bucuresti\/wp-content\/uploads\/sites\/11\/2020\/05\/cercetasii-sarbatoresc-recastigarea-independentei_110657-300x187.jpg\",\"https:\/\/instytutpolski.pl\/bucuresti\/wp-content\/uploads\/sites\/11\/2020\/05\/cercetasii-sarbatoresc-recastigarea-independentei_110657-1024x640.jpg\",\"https:\/\/instytutpolski.pl\/bucuresti\/wp-content\/uploads\/sites\/11\/2020\/05\/cercetasii-sarbatoresc-recastigarea-independentei_110657.jpg\"],\"thumbnailUrl\":\"https:\/\/instytutpolski.pl\/bucuresti\/wp-content\/uploads\/sites\/11\/2020\/05\/cercetasii-sarbatoresc-recastigarea-independentei_110657.jpg\",\"datePublished\":\"2018-07-24T17:09:00+02:00\",\"dateModified\":\"2020-05-26T17:14:05+02:00\",\"author\":{\"@id\":\"https:\/\/instytutpolski.pl\/bucuresti\/#\/schema\/person\/a1d5ab39dce466455f60589721519864\"},\"breadcrumb\":{\"@id\":\"https:\/\/instytutpolski.pl\/bucuresti\/pl\/2018\/07\/24\/skautowe-obchody-odzyskania-niepodleglosci\/#breadcrumb\"},\"inLanguage\":\"pl-PL\",\"potentialAction\":[{\"@type\":\"ReadAction\",\"target\":[\"https:\/\/instytutpolski.pl\/bucuresti\/pl\/2018\/07\/24\/skautowe-obchody-odzyskania-niepodleglosci\/\"]}],\"@context\":\"https:\/\/schema.org\",\"startDate\":\"2018-07-19\",\"endDate\":\"2018-07-23\",\"eventStatus\":\"EventScheduled\",\"eventAttendanceMode\":\"OfflineEventAttendanceMode\",\"location\":{\"@type\":\"place\",\"name\":\"\",\"address\":\"\",\"geo\":{\"@type\":\"GeoCoordinates\",\"latitude\":\"\",\"longitude\":\"\"}},\"description\":\"Program edukacyjny \u201eSkauci Niepodleg\u0142ej\u201d \/ \u201eCerceta\u0219ii Uni\u021bi\u201d sk\u0142ada\u0142 si\u0119 z dw\u00f3ch cz\u0119\u015bci, w kt\u00f3rych brali udzia\u0142 przedstawiciele najwi\u0119kszych oranizacji skautowych z Polski (Zwi\u0105zek Harcerstwa Polskiego) i Rumunii (Cerceta\u0219ii Rom\u00e2niei, czyli Skauci Rumunii). Pierwsz\u0105 z nich stanowi\u0142a w\u0119dr\u00f3wka po G\u00f3rach Rodnia\u0144skich, podczas kt\u00f3rej m\u0142odzie\u017c poznawa\u0142a wzajmenie siebie oraz kultur\u0119, histori\u0119 i j\u0119zyk obu kraj\u00f3w. Druga, stacjonarna cz\u0119\u015b\u0107 projektu, odby\u0142a si\u0119 w Pleszy, malowniczej wsi na rumu\u0144skiej Bukowinie, zamieszkanej przez ludno\u015b\u0107 polsk\u0105. W okolicach tej miejscowo\u015bci harcerze z Polski zbudowali ob\u00f3z skautowy, w kt\u00f3rym w dniach 19 - 23 lipca 2018 r. \u00a0dzieci pochodz\u0105ce z mniejszo\u015bci polskiej na Bukowinie wraz z m\u0142odymi rumu\u0144skimi skautami z Jass i Suczawy uczestniczy\u0142y w grach edukacyjnych i zabawach plenerowych.\\nOb\u00f3z skautowy na Bukowinie wzbudzi\u0142 zainteresowanie medi\u00f3w, w tym rumu\u0144skiej telewizji publicznej TVR, agencji i portali informacyjnych. Odwiedzili go tak\u017ce wa\u017cni go\u015bcie i przedstawiciele r\u00f3\u017cnych w\u0142adz. W\u015br\u00f3d nich byli m.in. prezes Zwi\u0105zku Polak\u00f3w w Rumunii Gerwazy Longher, wiceprezes tej organizacji Kazimierz Longher, ks. Stanis\u0142aw Kucharek \u2013 wicedziekan dekanatu bukowi\u0144skiego, ks. Andrei Staszkowian \u2013 proboszcz parafii w Pleszy, a tak\u017ce w\u0142adze Narodowej Organizacji Skaut\u00f3w Rumu\u0144skich, na czele z prezesem \u2013 Andreiem Avramem i dyrektor wykonawczym \u2013 Mihael\u0105 G\u00eerleanu. W ich obecno\u015bci 21 lipca 2018 roku w Domu Polskim w Pleszy zosta\u0142a otwarta wystawa prezentuj\u0105ca 100 lat polskiego harcerstwa. Ekspozycja, poza szerokim blokiem po\u015bwi\u0119conym udzia\u0142owi harcerzy w wydarzeniach szczeg\u00f3lnie istotnych dla historii Polski, wspomina tak\u017ce pocz\u0105tki skautowych relacji polsko-rumu\u0144skich. \u00a0\\nGo\u015bcie oficjalnej cz\u0119\u015bci programu edukacyjnego w Pleszy w swoich wyst\u0105pieniach wiele uwagi po\u015bwi\u0119cili bardzo istotnej roli skautingu w historii Polski i Rumuni, jego idea\u0142om oraz metodom wychowawczym. Projekt \u201eSkauci Niepodleg\u0142ej\u201d poza celami edukacyjnymi mia\u0142 te\u017c zaprezentowa\u0107 skauting dzieciom i m\u0142odzie\u017cy z mniejszo\u015bci polskiej na Bukowinie. \u00a0\\n\u2013 Zale\u017ca\u0142o nam, aby dzieci pozna\u0142y bli\u017cej histori\u0119 Polski i Rumunii nie w szkolnych \u0142awkach, a w inny, bardzo anga\u017cuj\u0105cy spos\u00f3b. Wa\u017cne by\u0142o tak\u017ce, aby posmakowa\u0142y harcerskiego \u017cycia, nauczy\u0142y si\u0119 jak radzi\u0107 sobie w trudnych warunkach naturalnych, jak pos\u0142ugiwa\u0107 si\u0119 map\u0105 i kompasem i przekona\u0142y si\u0119, \u017ce skauting pomaga w codziennym \u017cyciu \u2013 m\u00f3wi Agnieszka Skieterska, dyrektor Instytutu Polskiego w Bukareszcie, kt\u00f3ry zainicjowa\u0142 projekt. \u2013 Bardzo istotna by\u0142a tak\u017ce nasza bliska i owocna wsp\u00f3\u0142praca ze Zwi\u0105zkiem Polak\u00f3w w Rumunii, za kt\u00f3r\u0105 jestem ogromnie wdzi\u0119czna. Dzi\u0119ki niej np. mogli\u015bmy go\u015bci\u0107 z dzie\u0107mi w Domu Polskim w Pleszy \u2013 dodaje dyrektor Skieterska.\\nG\u0142\u00f3wnym partnerem akcji by\u0142 Hufiec Wroc\u0142aw P\u00f3\u0142noc Zwi\u0105zku Harcerstwa Polskiego, kt\u00f3rego przedstawiciele organizowali program skautowy.\\n- Oznak\u0105, \u017ce program si\u0119 uda\u0142 by\u0142 ostatni dzie\u0144, kiedy dzieci \u015bpiewa\u0142y piosenki, kt\u00f3rych ich nauczyli\u015bmy i ta\u0144czy\u0142y harcerskie ta\u0144ce, kt\u00f3re im pokazywali\u015bmy \u2013 m\u00f3wi komendantka hufca Wroc\u0142aw P\u00f3\u0142noc Joanna Pola\u0144ska. \u2013 To by\u0142 trudny projekt. Bali\u015bmy si\u0119 bardzo, \u017ce nie uda nam si\u0119 spe\u0142ni\u0107 wszystkich za\u0142o\u017ce\u0144 przedwyjazdowych, obawiali\u015bmy si\u0119 r\u00f3\u017cnic kulturowych, a przede wszystkim tego, \u017ce w jednym obozie znale\u017ali si\u0119 skauci oraz dzieci, kt\u00f3re nigdy nie mia\u0142y do czynienia z harcerstwem. Ale po zako\u0144czeniu projektu jeste\u015bmy bardzo zadowoleni. Dzieci bardzo nam pomaga\u0142y np. w t\u0142umaczeniach, a przede wszytkim anga\u017cowa\u0142y si\u0119 zabawy i warsztaty przez nas przygotowane \u2013 dodaje.\\nWed\u0142ug wi\u0119kszo\u015bci uczestnik\u00f3w programu \u201eSkauci Niepodleg\u0142ej\u201d, jedn\u0105 z najpi\u0119kniejszych jego chwil by\u0142o uroczyste \u201eogniobranie\u201d, podczas kt\u00f3rego polscy harcerze opowiedzieli o trudnej historii Polski i walce o niepodleg\u0142o\u015b\u0107. Ogniobranie, w formule widowiska poetycko \u2013 muzycznego, po\u015bwi\u0119cone by\u0142o 100 \u2013 leciu odzyskania przez Polsk\u0119 niepodleg\u0142o\u015bci oraz 100 \u2013 leciu zjednoczenia Rumunii.\\nPo zako\u0144czeniu projektu w Pleszy polscy harcerze wyruszyli jeszcze w kilkudniowy objazd po Rumunii, kt\u00f3ry zako\u0144czy si\u0119 pod koniec lipca.\\nPomys\u0142 wsp\u00f3lnego projektu edukacyjnego dla harcerzy z Polski i skaut\u00f3w z Rumunii narodzi\u0142 si\u0119 rok temu w czasie RoJAM, czyli organizowanego co kilka lat najwa\u017cniejszego spotkania skaut\u00f3w rumu\u0144skich z najwi\u0119kszej w kraju organizacji Cerceta\u0219ii Rom\u00e2niei. W\u015br\u00f3d jego mi\u0119dzynarodowych go\u015bci byli tak\u017ce Polacy ze Zwi\u0105zku Harcerstwa Polskiego reprezentuj\u0105cy Chor\u0105giew Dolno\u015bl\u0105sk\u0105 (Hufiec Wroc\u0142aw P\u00f3\u0142noc) i przedstawiciele Instytutu Polskiego w Bukareszcie, kt\u00f3ry rozwija wsp\u00f3\u0142prac\u0119 z ruchem skautowym w Rumunii od 2015 roku.\\nProgram \u201eSkauci Niepodleg\u0142ej\u201d by\u0142 wsp\u00f3\u0142finasnowany przez Instytut Polski z Bukaresztu ze \u015brodk\u00f3w polskiego Ministerstwa Spraw Zagranicznych.\u00a0\\nGaleria zdj\u0119\u0107 &gt;&gt;&gt;\"},{\"@type\":\"ImageObject\",\"inLanguage\":\"pl-PL\",\"@id\":\"https:\/\/instytutpolski.pl\/bucuresti\/pl\/2018\/07\/24\/skautowe-obchody-odzyskania-niepodleglosci\/#primaryimage\",\"url\":\"https:\/\/instytutpolski.pl\/bucuresti\/wp-content\/uploads\/sites\/11\/2020\/05\/cercetasii-sarbatoresc-recastigarea-independentei_110657.jpg\",\"contentUrl\":\"https:\/\/instytutpolski.pl\/bucuresti\/wp-content\/uploads\/sites\/11\/2020\/05\/cercetasii-sarbatoresc-recastigarea-independentei_110657.jpg\",\"width\":1553,\"height\":970},{\"@type\":\"BreadcrumbList\",\"@id\":\"https:\/\/instytutpolski.pl\/bucuresti\/pl\/2018\/07\/24\/skautowe-obchody-odzyskania-niepodleglosci\/#breadcrumb\",\"itemListElement\":[{\"@type\":\"ListItem\",\"position\":1,\"name\":\"Home\",\"item\":\"https:\/\/instytutpolski.pl\/bucuresti\/\"},{\"@type\":\"ListItem\",\"position\":2,\"name\":\"Skautowe obchody odzyskania niepodleg\u0142o\u015bci\"}]},{\"@type\":\"WebSite\",\"@id\":\"https:\/\/instytutpolski.pl\/bucuresti\/#website\",\"url\":\"https:\/\/instytutpolski.pl\/bucuresti\/\",\"name\":\"Instytut Polski w Bukareszcie\",\"description\":\"Instytuty Polskie\",\"potentialAction\":[{\"@type\":\"SearchAction\",\"target\":{\"@type\":\"EntryPoint\",\"urlTemplate\":\"https:\/\/instytutpolski.pl\/bucuresti\/?s={search_term_string}\"},\"query-input\":{\"@type\":\"PropertyValueSpecification\",\"valueRequired\":true,\"valueName\":\"search_term_string\"}}],\"inLanguage\":\"pl-PL\"},{\"@type\":\"Person\",\"@id\":\"https:\/\/instytutpolski.pl\/bucuresti\/#\/schema\/person\/a1d5ab39dce466455f60589721519864\",\"name\":\"nicolaua\",\"image\":{\"@type\":\"ImageObject\",\"inLanguage\":\"pl-PL\",\"@id\":\"https:\/\/instytutpolski.pl\/bucuresti\/#\/schema\/person\/image\/\",\"url\":\"https:\/\/secure.gravatar.com\/avatar\/5029b942a8ac0a6a935e5655abff56ef?s=96&d=mm&r=g\",\"contentUrl\":\"https:\/\/secure.gravatar.com\/avatar\/5029b942a8ac0a6a935e5655abff56ef?s=96&d=mm&r=g\",\"caption\":\"nicolaua\"},\"url\":\"https:\/\/instytutpolski.pl\/bucuresti\/author\/nicolaua\/\"}]}<\/script>\n<!-- \/ Yoast SEO plugin. -->","yoast_head_json":{"title":"Skautowe obchody odzyskania niepodleg\u0142o\u015bci - Instytut Polski w Bukareszcie","robots":{"index":"index","follow":"follow","max-snippet":"max-snippet:-1","max-image-preview":"max-image-preview:large","max-video-preview":"max-video-preview:-1"},"canonical":"https:\/\/instytutpolski.pl\/bucuresti\/pl\/2018\/07\/24\/skautowe-obchody-odzyskania-niepodleglosci\/","og_locale":"pl_PL","og_type":"article","og_title":"Skautowe obchody odzyskania niepodleg\u0142o\u015bci - Instytut Polski w Bukareszcie","og_description":"Program edukacyjny \u201eSkauci Niepodleg\u0142ej\u201d \/ \u201eCerceta\u0219ii Uni\u021bi\u201d sk\u0142ada\u0142 si\u0119 z dw\u00f3ch cz\u0119\u015bci, w kt\u00f3rych brali udzia\u0142 przedstawiciele najwi\u0119kszych oranizacji skautowych z Polski (Zwi\u0105zek Harcerstwa Polskiego) i Rumunii (Cerceta\u0219ii Rom\u00e2niei, czyli Skauci Rumunii). Pierwsz\u0105 z nich stanowi\u0142a w\u0119dr\u00f3wka po G\u00f3rach Rodnia\u0144skich, podczas kt\u00f3rej m\u0142odzie\u017c poznawa\u0142a wzajmenie siebie oraz kultur\u0119, histori\u0119 i j\u0119zyk obu kraj\u00f3w. Druga, stacjonarna [&hellip;]","og_url":"https:\/\/instytutpolski.pl\/bucuresti\/pl\/2018\/07\/24\/skautowe-obchody-odzyskania-niepodleglosci\/","og_site_name":"Instytut Polski w Bukareszcie","article_published_time":"2018-07-24T17:09:00+00:00","article_modified_time":"2020-05-26T17:14:05+00:00","og_image":[{"width":1553,"height":970,"url":"https:\/\/instytutpolski.pl\/bucuresti\/wp-content\/uploads\/sites\/11\/2020\/05\/cercetasii-sarbatoresc-recastigarea-independentei_110657.jpg","type":"image\/jpeg"}],"author":"nicolaua","twitter_card":"summary_large_image","twitter_misc":{"Napisane przez":"nicolaua","Szacowany czas czytania":"4 minuty"},"schema":{"@context":"https:\/\/schema.org","@graph":[{"@type":"event","@id":"https:\/\/instytutpolski.pl\/bucuresti\/pl\/2018\/07\/24\/skautowe-obchody-odzyskania-niepodleglosci\/","url":"https:\/\/instytutpolski.pl\/bucuresti\/pl\/2018\/07\/24\/skautowe-obchody-odzyskania-niepodleglosci\/","name":"Skautowe obchody odzyskania niepodleg\u0142o\u015bci","isPartOf":{"@id":"https:\/\/instytutpolski.pl\/bucuresti\/#website"},"primaryImageOfPage":{"@id":"https:\/\/instytutpolski.pl\/bucuresti\/pl\/2018\/07\/24\/skautowe-obchody-odzyskania-niepodleglosci\/#primaryimage"},"image":["https:\/\/instytutpolski.pl\/bucuresti\/wp-content\/uploads\/sites\/11\/2020\/05\/cercetasii-sarbatoresc-recastigarea-independentei_110657.jpg","https:\/\/instytutpolski.pl\/bucuresti\/wp-content\/uploads\/sites\/11\/2020\/05\/cercetasii-sarbatoresc-recastigarea-independentei_110657-300x187.jpg","https:\/\/instytutpolski.pl\/bucuresti\/wp-content\/uploads\/sites\/11\/2020\/05\/cercetasii-sarbatoresc-recastigarea-independentei_110657-1024x640.jpg","https:\/\/instytutpolski.pl\/bucuresti\/wp-content\/uploads\/sites\/11\/2020\/05\/cercetasii-sarbatoresc-recastigarea-independentei_110657.jpg"],"thumbnailUrl":"https:\/\/instytutpolski.pl\/bucuresti\/wp-content\/uploads\/sites\/11\/2020\/05\/cercetasii-sarbatoresc-recastigarea-independentei_110657.jpg","datePublished":"2018-07-24T17:09:00+02:00","dateModified":"2020-05-26T17:14:05+02:00","author":{"@id":"https:\/\/instytutpolski.pl\/bucuresti\/#\/schema\/person\/a1d5ab39dce466455f60589721519864"},"breadcrumb":{"@id":"https:\/\/instytutpolski.pl\/bucuresti\/pl\/2018\/07\/24\/skautowe-obchody-odzyskania-niepodleglosci\/#breadcrumb"},"inLanguage":"pl-PL","potentialAction":[{"@type":"ReadAction","target":["https:\/\/instytutpolski.pl\/bucuresti\/pl\/2018\/07\/24\/skautowe-obchody-odzyskania-niepodleglosci\/"]}],"@context":"https:\/\/schema.org","startDate":"2018-07-19","endDate":"2018-07-23","eventStatus":"EventScheduled","eventAttendanceMode":"OfflineEventAttendanceMode","location":{"@type":"place","name":"","address":"","geo":{"@type":"GeoCoordinates","latitude":"","longitude":""}},"description":"Program edukacyjny \u201eSkauci Niepodleg\u0142ej\u201d \/ \u201eCerceta\u0219ii Uni\u021bi\u201d sk\u0142ada\u0142 si\u0119 z dw\u00f3ch cz\u0119\u015bci, w kt\u00f3rych brali udzia\u0142 przedstawiciele najwi\u0119kszych oranizacji skautowych z Polski (Zwi\u0105zek Harcerstwa Polskiego) i Rumunii (Cerceta\u0219ii Rom\u00e2niei, czyli Skauci Rumunii). Pierwsz\u0105 z nich stanowi\u0142a w\u0119dr\u00f3wka po G\u00f3rach Rodnia\u0144skich, podczas kt\u00f3rej m\u0142odzie\u017c poznawa\u0142a wzajmenie siebie oraz kultur\u0119, histori\u0119 i j\u0119zyk obu kraj\u00f3w. Druga, stacjonarna cz\u0119\u015b\u0107 projektu, odby\u0142a si\u0119 w Pleszy, malowniczej wsi na rumu\u0144skiej Bukowinie, zamieszkanej przez ludno\u015b\u0107 polsk\u0105. W okolicach tej miejscowo\u015bci harcerze z Polski zbudowali ob\u00f3z skautowy, w kt\u00f3rym w dniach 19 - 23 lipca 2018 r. \u00a0dzieci pochodz\u0105ce z mniejszo\u015bci polskiej na Bukowinie wraz z m\u0142odymi rumu\u0144skimi skautami z Jass i Suczawy uczestniczy\u0142y w grach edukacyjnych i zabawach plenerowych.\nOb\u00f3z skautowy na Bukowinie wzbudzi\u0142 zainteresowanie medi\u00f3w, w tym rumu\u0144skiej telewizji publicznej TVR, agencji i portali informacyjnych. Odwiedzili go tak\u017ce wa\u017cni go\u015bcie i przedstawiciele r\u00f3\u017cnych w\u0142adz. W\u015br\u00f3d nich byli m.in. prezes Zwi\u0105zku Polak\u00f3w w Rumunii Gerwazy Longher, wiceprezes tej organizacji Kazimierz Longher, ks. Stanis\u0142aw Kucharek \u2013 wicedziekan dekanatu bukowi\u0144skiego, ks. Andrei Staszkowian \u2013 proboszcz parafii w Pleszy, a tak\u017ce w\u0142adze Narodowej Organizacji Skaut\u00f3w Rumu\u0144skich, na czele z prezesem \u2013 Andreiem Avramem i dyrektor wykonawczym \u2013 Mihael\u0105 G\u00eerleanu. W ich obecno\u015bci 21 lipca 2018 roku w Domu Polskim w Pleszy zosta\u0142a otwarta wystawa prezentuj\u0105ca 100 lat polskiego harcerstwa. Ekspozycja, poza szerokim blokiem po\u015bwi\u0119conym udzia\u0142owi harcerzy w wydarzeniach szczeg\u00f3lnie istotnych dla historii Polski, wspomina tak\u017ce pocz\u0105tki skautowych relacji polsko-rumu\u0144skich. \u00a0\nGo\u015bcie oficjalnej cz\u0119\u015bci programu edukacyjnego w Pleszy w swoich wyst\u0105pieniach wiele uwagi po\u015bwi\u0119cili bardzo istotnej roli skautingu w historii Polski i Rumuni, jego idea\u0142om oraz metodom wychowawczym. Projekt \u201eSkauci Niepodleg\u0142ej\u201d poza celami edukacyjnymi mia\u0142 te\u017c zaprezentowa\u0107 skauting dzieciom i m\u0142odzie\u017cy z mniejszo\u015bci polskiej na Bukowinie. \u00a0\n\u2013 Zale\u017ca\u0142o nam, aby dzieci pozna\u0142y bli\u017cej histori\u0119 Polski i Rumunii nie w szkolnych \u0142awkach, a w inny, bardzo anga\u017cuj\u0105cy spos\u00f3b. Wa\u017cne by\u0142o tak\u017ce, aby posmakowa\u0142y harcerskiego \u017cycia, nauczy\u0142y si\u0119 jak radzi\u0107 sobie w trudnych warunkach naturalnych, jak pos\u0142ugiwa\u0107 si\u0119 map\u0105 i kompasem i przekona\u0142y si\u0119, \u017ce skauting pomaga w codziennym \u017cyciu \u2013 m\u00f3wi Agnieszka Skieterska, dyrektor Instytutu Polskiego w Bukareszcie, kt\u00f3ry zainicjowa\u0142 projekt. \u2013 Bardzo istotna by\u0142a tak\u017ce nasza bliska i owocna wsp\u00f3\u0142praca ze Zwi\u0105zkiem Polak\u00f3w w Rumunii, za kt\u00f3r\u0105 jestem ogromnie wdzi\u0119czna. Dzi\u0119ki niej np. mogli\u015bmy go\u015bci\u0107 z dzie\u0107mi w Domu Polskim w Pleszy \u2013 dodaje dyrektor Skieterska.\nG\u0142\u00f3wnym partnerem akcji by\u0142 Hufiec Wroc\u0142aw P\u00f3\u0142noc Zwi\u0105zku Harcerstwa Polskiego, kt\u00f3rego przedstawiciele organizowali program skautowy.\n- Oznak\u0105, \u017ce program si\u0119 uda\u0142 by\u0142 ostatni dzie\u0144, kiedy dzieci \u015bpiewa\u0142y piosenki, kt\u00f3rych ich nauczyli\u015bmy i ta\u0144czy\u0142y harcerskie ta\u0144ce, kt\u00f3re im pokazywali\u015bmy \u2013 m\u00f3wi komendantka hufca Wroc\u0142aw P\u00f3\u0142noc Joanna Pola\u0144ska. \u2013 To by\u0142 trudny projekt. Bali\u015bmy si\u0119 bardzo, \u017ce nie uda nam si\u0119 spe\u0142ni\u0107 wszystkich za\u0142o\u017ce\u0144 przedwyjazdowych, obawiali\u015bmy si\u0119 r\u00f3\u017cnic kulturowych, a przede wszystkim tego, \u017ce w jednym obozie znale\u017ali si\u0119 skauci oraz dzieci, kt\u00f3re nigdy nie mia\u0142y do czynienia z harcerstwem. Ale po zako\u0144czeniu projektu jeste\u015bmy bardzo zadowoleni. Dzieci bardzo nam pomaga\u0142y np. w t\u0142umaczeniach, a przede wszytkim anga\u017cowa\u0142y si\u0119 zabawy i warsztaty przez nas przygotowane \u2013 dodaje.\nWed\u0142ug wi\u0119kszo\u015bci uczestnik\u00f3w programu \u201eSkauci Niepodleg\u0142ej\u201d, jedn\u0105 z najpi\u0119kniejszych jego chwil by\u0142o uroczyste \u201eogniobranie\u201d, podczas kt\u00f3rego polscy harcerze opowiedzieli o trudnej historii Polski i walce o niepodleg\u0142o\u015b\u0107. Ogniobranie, w formule widowiska poetycko \u2013 muzycznego, po\u015bwi\u0119cone by\u0142o 100 \u2013 leciu odzyskania przez Polsk\u0119 niepodleg\u0142o\u015bci oraz 100 \u2013 leciu zjednoczenia Rumunii.\nPo zako\u0144czeniu projektu w Pleszy polscy harcerze wyruszyli jeszcze w kilkudniowy objazd po Rumunii, kt\u00f3ry zako\u0144czy si\u0119 pod koniec lipca.\nPomys\u0142 wsp\u00f3lnego projektu edukacyjnego dla harcerzy z Polski i skaut\u00f3w z Rumunii narodzi\u0142 si\u0119 rok temu w czasie RoJAM, czyli organizowanego co kilka lat najwa\u017cniejszego spotkania skaut\u00f3w rumu\u0144skich z najwi\u0119kszej w kraju organizacji Cerceta\u0219ii Rom\u00e2niei. W\u015br\u00f3d jego mi\u0119dzynarodowych go\u015bci byli tak\u017ce Polacy ze Zwi\u0105zku Harcerstwa Polskiego reprezentuj\u0105cy Chor\u0105giew Dolno\u015bl\u0105sk\u0105 (Hufiec Wroc\u0142aw P\u00f3\u0142noc) i przedstawiciele Instytutu Polskiego w Bukareszcie, kt\u00f3ry rozwija wsp\u00f3\u0142prac\u0119 z ruchem skautowym w Rumunii od 2015 roku.\nProgram \u201eSkauci Niepodleg\u0142ej\u201d by\u0142 wsp\u00f3\u0142finasnowany przez Instytut Polski z Bukaresztu ze \u015brodk\u00f3w polskiego Ministerstwa Spraw Zagranicznych.\u00a0\nGaleria zdj\u0119\u0107 &gt;&gt;&gt;"},{"@type":"ImageObject","inLanguage":"pl-PL","@id":"https:\/\/instytutpolski.pl\/bucuresti\/pl\/2018\/07\/24\/skautowe-obchody-odzyskania-niepodleglosci\/#primaryimage","url":"https:\/\/instytutpolski.pl\/bucuresti\/wp-content\/uploads\/sites\/11\/2020\/05\/cercetasii-sarbatoresc-recastigarea-independentei_110657.jpg","contentUrl":"https:\/\/instytutpolski.pl\/bucuresti\/wp-content\/uploads\/sites\/11\/2020\/05\/cercetasii-sarbatoresc-recastigarea-independentei_110657.jpg","width":1553,"height":970},{"@type":"BreadcrumbList","@id":"https:\/\/instytutpolski.pl\/bucuresti\/pl\/2018\/07\/24\/skautowe-obchody-odzyskania-niepodleglosci\/#breadcrumb","itemListElement":[{"@type":"ListItem","position":1,"name":"Home","item":"https:\/\/instytutpolski.pl\/bucuresti\/"},{"@type":"ListItem","position":2,"name":"Skautowe obchody odzyskania niepodleg\u0142o\u015bci"}]},{"@type":"WebSite","@id":"https:\/\/instytutpolski.pl\/bucuresti\/#website","url":"https:\/\/instytutpolski.pl\/bucuresti\/","name":"Instytut Polski w Bukareszcie","description":"Instytuty Polskie","potentialAction":[{"@type":"SearchAction","target":{"@type":"EntryPoint","urlTemplate":"https:\/\/instytutpolski.pl\/bucuresti\/?s={search_term_string}"},"query-input":{"@type":"PropertyValueSpecification","valueRequired":true,"valueName":"search_term_string"}}],"inLanguage":"pl-PL"},{"@type":"Person","@id":"https:\/\/instytutpolski.pl\/bucuresti\/#\/schema\/person\/a1d5ab39dce466455f60589721519864","name":"nicolaua","image":{"@type":"ImageObject","inLanguage":"pl-PL","@id":"https:\/\/instytutpolski.pl\/bucuresti\/#\/schema\/person\/image\/","url":"https:\/\/secure.gravatar.com\/avatar\/5029b942a8ac0a6a935e5655abff56ef?s=96&d=mm&r=g","contentUrl":"https:\/\/secure.gravatar.com\/avatar\/5029b942a8ac0a6a935e5655abff56ef?s=96&d=mm&r=g","caption":"nicolaua"},"url":"https:\/\/instytutpolski.pl\/bucuresti\/author\/nicolaua\/"}]}},"_links":{"self":[{"href":"https:\/\/instytutpolski.pl\/bucuresti\/wp-json\/wp\/v2\/posts\/2179","targetHints":{"allow":["GET"]}}],"collection":[{"href":"https:\/\/instytutpolski.pl\/bucuresti\/wp-json\/wp\/v2\/posts"}],"about":[{"href":"https:\/\/instytutpolski.pl\/bucuresti\/wp-json\/wp\/v2\/types\/post"}],"author":[{"embeddable":true,"href":"https:\/\/instytutpolski.pl\/bucuresti\/wp-json\/wp\/v2\/users\/43"}],"replies":[{"embeddable":true,"href":"https:\/\/instytutpolski.pl\/bucuresti\/wp-json\/wp\/v2\/comments?post=2179"}],"version-history":[{"count":2,"href":"https:\/\/instytutpolski.pl\/bucuresti\/wp-json\/wp\/v2\/posts\/2179\/revisions"}],"predecessor-version":[{"id":2181,"href":"https:\/\/instytutpolski.pl\/bucuresti\/wp-json\/wp\/v2\/posts\/2179\/revisions\/2181"}],"wp:featuredmedia":[{"embeddable":true,"href":"https:\/\/instytutpolski.pl\/bucuresti\/wp-json\/wp\/v2\/media\/2176"}],"wp:attachment":[{"href":"https:\/\/instytutpolski.pl\/bucuresti\/wp-json\/wp\/v2\/media?parent=2179"}],"wp:term":[{"taxonomy":"category","embeddable":true,"href":"https:\/\/instytutpolski.pl\/bucuresti\/wp-json\/wp\/v2\/categories?post=2179"},{"taxonomy":"post_tag","embeddable":true,"href":"https:\/\/instytutpolski.pl\/bucuresti\/wp-json\/wp\/v2\/tags?post=2179"}],"curies":[{"name":"wp","href":"https:\/\/api.w.org\/{rel}","templated":true}]}}