{"id":2189,"date":"2017-10-18T19:42:00","date_gmt":"2017-10-18T17:42:00","guid":{"rendered":"https:\/\/instytutpolski.pl\/bucuresti\/?p=2189"},"modified":"2020-05-26T19:46:09","modified_gmt":"2020-05-26T17:46:09","slug":"celebrarea-anului-tadeusz-kosciuszko-la-chisinau","status":"publish","type":"post","link":"https:\/\/instytutpolski.pl\/bucuresti\/2017\/10\/18\/celebrarea-anului-tadeusz-kosciuszko-la-chisinau\/","title":{"rendered":"Celebrarea Anului Tadeusz Ko\u015bciuszko la Chi\u0219in\u0103u"},"content":{"rendered":"\n<div class=\"post-text-container\">\n<p>Generalul polonez \u0219i american Tadeusz Ko\u015bciuszko (1746-1817) a luptat pentru libertatea ambelor popoare, dar a cerut \u0219i eliberarea \u021b\u0103ranilor \u0219i a sclavilor, iar ca un foarte capabil inginer militar a construit fortifica\u021bii remarcabile, proiect\u00e2nd, printre altele fort\u0103rea\u021ba West Point, \u00een care se afl\u0103 ast\u0103zi sediul renumitei academii militare americane.\u00a0<\/p>\n<p>Gra\u021bie realiz\u0103rilor sale excep\u021bionale \u0219i modului s\u0103u de g\u00e2ndire extrem de modern, conduc\u0103torul uneia dintre insurec\u021biile na\u021bionale poloneze (a\u0219a-numita insurec\u021bie a lui Ko\u015bciuszko, din anul 1794) este ast\u0103zi erou al Poloniei \u0219i al Statelor Unite. Monumente ridicate \u00een cinstea lui se afl\u0103 \u00een numeroase \u021b\u0103ri ale lumii, iar numele s\u0103u este purtat chiar de cel mai \u00eenalt v\u00e2rf muntos din Australia \u2013 V\u00e2rful Ko\u015bciuszko (Mount Kosciuszko).<\/p>\n<p>Cu ocazia declar\u0103rii de c\u0103tre parlamentul polonez a Anului Tadeusz Ko\u015bciuszko, \u00een 2017, \u00een \u00eentreaga lume se desf\u0103\u0219oar\u0103 numeroase evenimente menite s\u0103 evoce personalitatea vestitului comandant.\u00a0<\/p>\n<p>https:\/\/youtu.be\/V6upLxCq9lM<\/p>\n<p>Expozi\u021bia care va fi prezentat\u0103 la Chi\u0219in\u0103u \u00een ajunul Zilei poloneze a Independen\u021bei, s\u0103rb\u0103torit\u0103 la 11 noiembrie, relateaz\u0103 despre renumitul polonez prin intermediul a 24 de plan\u0219e.\u00a0Pe l\u00e2ng\u0103 cele mai importante informa\u021bii despre via\u021ba lui Tadeusz Ko\u015bciuszko, sunt prezentate \u0219i amintiri legate de acest remarcabil comandant \u0219i inginer militar, precum \u0219i fotografii \u0219i tablouri ce \u00eel prezint\u0103 at\u00e2t pe Tadeuszo Ko\u015bciuszko \u00eensu\u0219i \u00een diferite momente ale vie\u021bii sale, c\u00e2t \u0219i locurile sau evenimentele importante pentru istorie de care se leag\u0103 numele s\u0103u.\u00a0<\/p>\n<p>Expozi\u021bia \u00een limba rom\u00e2n\u0103 \u00eel \u00eenf\u0103\u021bi\u0219eaz\u0103 pe Tadeusz Ko\u015bciuszko nu numai \u00een calitate de militar \u0219i politician. Prin intermediul ei, se poate afla nu doar unde s-a format, sau cum a ajuns s\u0103 fie \u00eencununat de glorie, ci \u0219i ce pasiuni, dar \u0219i sl\u0103biciuni avea, cu cine s-a \u00eemprietenit, pe cine a iubit.\u00a0<br \/>V\u0103 invit\u0103m s\u0103 vizita\u021bi expozi\u021bia \u00een perioada<strong>\u00a01-15 noiembrie 2017, \u00eentre orele 10.00-17.00<\/strong>, la\u00a0<a href=\"https:\/\/www.nationalmuseum.md\/ro\/\" target=\"_blank\" rel=\"noopener noreferrer\">Muzeul Na\u021bional de Istorie a Moldovei<\/a>\u00a0(str. 31 August 1989 nr. 121 A).<\/p>\n<p>V\u0103 recomand\u0103m, de asemenea, lectura\u00a0<a href=\"https:\/\/www.historia.ro\/sectiune\/portret\/articol\/adevaratul-fiu-al-libertatii-tadeusz-kosciuszko-1746-1817\" target=\"_blank\" rel=\"noopener noreferrer\">articolului despre Tadeusz Ko\u015bciuszko publicat \u00een revista lunar\u0103 \u201eHistoria\u201d &gt;&gt;&gt;\u00a0<\/a><\/p>\n<div class=\"addthis_sharing_toolbox\" data-url=\"https:\/\/www.culturapoloneza.ro\/events\/item\/tadeusz-kosciuszko.html\" data-title=\"Celebrarea Anului Tadeusz Ko\u015bciuszko la Chi\u0219in\u0103u \" data-description=\"Polonia evoc\u0103 personalitatea lui Tadeusz Ko\u015bciuszko, renumit comandant \u0219i lupt\u0103tor pentru libertatea nu doar a \u021b\u0103rii sale, ci \u0219i a Americii, cu prilejul \u00eemplinirii, \u00een 2017, a 200 de ani de la moartea sa. \u00cen cadrul acestei celebr\u0103ri, \u00een perioada 1-15 noiembrie, Institutul Polonez din Bucure\u0219ti \u0219i Muzeul Na\u021bional de Istorie a Moldovei din Chi\u0219in\u0103u v\u0103 invit\u0103 la expozi\u021bia \u201eTadeusz Ko\u015bciuszko \u2013 pre\u021bul libert\u0103\u021bii\u201d.\">\n<div id=\"atstbx\" class=\"at-share-tbx-element addthis-smartlayers addthis-animated at4-show\" role=\"region\" aria-labelledby=\"at-32ba459e-2bb6-45ce-96d0-157d1e2e0dab\"><span id=\"at-32ba459e-2bb6-45ce-96d0-157d1e2e0dab\" class=\"at4-visually-hidden\"><\/span>\n<div class=\"at-share-btn-elements\">\u00a0<\/div>\n<\/div>\n<\/div>\n<\/div>\n<div class=\"event-sidebar\">\n<section class=\"meta\"><\/section>\n<\/div>\n","protected":false},"excerpt":{"rendered":"<p>Generalul polonez \u0219i american Tadeusz Ko\u015bciuszko (1746-1817) a luptat pentru libertatea ambelor popoare, dar a cerut \u0219i eliberarea \u021b\u0103ranilor \u0219i a sclavilor, iar ca un foarte capabil inginer militar a construit fortifica\u021bii remarcabile, proiect\u00e2nd, printre altele fort\u0103rea\u021ba West Point, \u00een care se afl\u0103 ast\u0103zi sediul renumitei academii militare americane.\u00a0 Gra\u021bie realiz\u0103rilor sale excep\u021bionale \u0219i modului [&hellip;]<\/p>\n","protected":false},"author":43,"featured_media":2196,"comment_status":"open","ping_status":"open","sticky":false,"template":"","format":"standard","meta":{"inline_featured_image":false,"_monsterinsights_skip_tracking":false,"_monsterinsights_sitenote_active":false,"_monsterinsights_sitenote_note":"","_monsterinsights_sitenote_category":0,"footnotes":""},"categories":[14],"tags":[370],"class_list":["post-2189","post","type-post","status-publish","format-standard","has-post-thumbnail","hentry","category-istorie","tag-kosciuszko"],"yoast_head":"<!-- This site is optimized with the Yoast SEO plugin v24.6 - https:\/\/yoast.com\/wordpress\/plugins\/seo\/ -->\n<title>Celebrarea Anului Tadeusz Ko\u015bciuszko la Chi\u0219in\u0103u - Instytut Polski w Bukareszcie<\/title>\n<meta name=\"robots\" content=\"index, follow, max-snippet:-1, max-image-preview:large, max-video-preview:-1\" \/>\n<link rel=\"canonical\" href=\"https:\/\/instytutpolski.pl\/bucuresti\/2017\/10\/18\/celebrarea-anului-tadeusz-kosciuszko-la-chisinau\/\" \/>\n<meta property=\"og:locale\" content=\"pl_PL\" \/>\n<meta property=\"og:type\" content=\"article\" \/>\n<meta property=\"og:title\" content=\"Celebrarea Anului Tadeusz Ko\u015bciuszko la Chi\u0219in\u0103u - Instytut Polski w Bukareszcie\" \/>\n<meta property=\"og:description\" content=\"Generalul polonez \u0219i american Tadeusz Ko\u015bciuszko (1746-1817) a luptat pentru libertatea ambelor popoare, dar a cerut \u0219i eliberarea \u021b\u0103ranilor \u0219i a sclavilor, iar ca un foarte capabil inginer militar a construit fortifica\u021bii remarcabile, proiect\u00e2nd, printre altele fort\u0103rea\u021ba West Point, \u00een care se afl\u0103 ast\u0103zi sediul renumitei academii militare americane.\u00a0 Gra\u021bie realiz\u0103rilor sale excep\u021bionale \u0219i modului [&hellip;]\" \/>\n<meta property=\"og:url\" content=\"https:\/\/instytutpolski.pl\/bucuresti\/2017\/10\/18\/celebrarea-anului-tadeusz-kosciuszko-la-chisinau\/\" \/>\n<meta property=\"og:site_name\" content=\"Instytut Polski w Bukareszcie\" \/>\n<meta property=\"article:published_time\" content=\"2017-10-18T17:42:00+00:00\" \/>\n<meta property=\"article:modified_time\" content=\"2020-05-26T17:46:09+00:00\" \/>\n<meta property=\"og:image\" content=\"https:\/\/instytutpolski.pl\/bucuresti\/wp-content\/uploads\/sites\/11\/2020\/05\/celebrarea-anului-tadeusz-kosciuszko-la-chisinau_d0f518.jpg\" \/>\n\t<meta property=\"og:image:width\" content=\"1003\" \/>\n\t<meta property=\"og:image:height\" content=\"594\" \/>\n\t<meta property=\"og:image:type\" content=\"image\/jpeg\" \/>\n<meta name=\"author\" content=\"nicolaua\" \/>\n<meta name=\"twitter:card\" content=\"summary_large_image\" \/>\n<meta name=\"twitter:label1\" content=\"Napisane przez\" \/>\n\t<meta name=\"twitter:data1\" content=\"nicolaua\" \/>\n\t<meta name=\"twitter:label2\" content=\"Szacowany czas czytania\" \/>\n\t<meta name=\"twitter:data2\" content=\"2 minuty\" \/>\n<script type=\"application\/ld+json\" class=\"yoast-schema-graph\">{\"@context\":\"https:\/\/schema.org\",\"@graph\":[{\"@type\":\"event\",\"@id\":\"https:\/\/instytutpolski.pl\/bucuresti\/2017\/10\/18\/celebrarea-anului-tadeusz-kosciuszko-la-chisinau\/\",\"url\":\"https:\/\/instytutpolski.pl\/bucuresti\/2017\/10\/18\/celebrarea-anului-tadeusz-kosciuszko-la-chisinau\/\",\"name\":\"Celebrarea Anului Tadeusz Ko\u015bciuszko la Chi\u0219in\u0103u\",\"isPartOf\":{\"@id\":\"https:\/\/instytutpolski.pl\/bucuresti\/#website\"},\"primaryImageOfPage\":{\"@id\":\"https:\/\/instytutpolski.pl\/bucuresti\/2017\/10\/18\/celebrarea-anului-tadeusz-kosciuszko-la-chisinau\/#primaryimage\"},\"image\":[\"https:\/\/instytutpolski.pl\/bucuresti\/wp-content\/uploads\/sites\/11\/2020\/05\/celebrarea-anului-tadeusz-kosciuszko-la-chisinau_d0f518.jpg\",\"https:\/\/instytutpolski.pl\/bucuresti\/wp-content\/uploads\/sites\/11\/2020\/05\/celebrarea-anului-tadeusz-kosciuszko-la-chisinau_d0f518-300x178.jpg\",\"https:\/\/instytutpolski.pl\/bucuresti\/wp-content\/uploads\/sites\/11\/2020\/05\/celebrarea-anului-tadeusz-kosciuszko-la-chisinau_d0f518.jpg\",\"https:\/\/instytutpolski.pl\/bucuresti\/wp-content\/uploads\/sites\/11\/2020\/05\/celebrarea-anului-tadeusz-kosciuszko-la-chisinau_d0f518.jpg\"],\"thumbnailUrl\":\"https:\/\/instytutpolski.pl\/bucuresti\/wp-content\/uploads\/sites\/11\/2020\/05\/celebrarea-anului-tadeusz-kosciuszko-la-chisinau_d0f518.jpg\",\"datePublished\":\"2017-10-18T17:42:00+02:00\",\"dateModified\":\"2020-05-26T17:46:09+02:00\",\"author\":{\"@id\":\"https:\/\/instytutpolski.pl\/bucuresti\/#\/schema\/person\/a1d5ab39dce466455f60589721519864\"},\"breadcrumb\":{\"@id\":\"https:\/\/instytutpolski.pl\/bucuresti\/2017\/10\/18\/celebrarea-anului-tadeusz-kosciuszko-la-chisinau\/#breadcrumb\"},\"inLanguage\":\"pl-PL\",\"potentialAction\":[{\"@type\":\"ReadAction\",\"target\":[\"https:\/\/instytutpolski.pl\/bucuresti\/2017\/10\/18\/celebrarea-anului-tadeusz-kosciuszko-la-chisinau\/\"]}],\"@context\":\"https:\/\/schema.org\",\"startDate\":\"2017-11-01\",\"endDate\":\"2017-11-15\",\"eventStatus\":\"EventScheduled\",\"eventAttendanceMode\":\"OfflineEventAttendanceMode\",\"location\":{\"@type\":\"place\",\"name\":\"\",\"address\":\"\",\"geo\":{\"@type\":\"GeoCoordinates\",\"latitude\":\"\",\"longitude\":\"\"}},\"description\":\"Generalul polonez \u0219i american Tadeusz Ko\u015bciuszko (1746-1817) a luptat pentru libertatea ambelor popoare, dar a cerut \u0219i eliberarea \u021b\u0103ranilor \u0219i a sclavilor, iar ca un foarte capabil inginer militar a construit fortifica\u021bii remarcabile, proiect\u00e2nd, printre altele fort\u0103rea\u021ba West Point, \u00een care se afl\u0103 ast\u0103zi sediul renumitei academii militare americane.\u00a0\\nGra\u021bie realiz\u0103rilor sale excep\u021bionale \u0219i modului s\u0103u de g\u00e2ndire extrem de modern, conduc\u0103torul uneia dintre insurec\u021biile na\u021bionale poloneze (a\u0219a-numita insurec\u021bie a lui Ko\u015bciuszko, din anul 1794) este ast\u0103zi erou al Poloniei \u0219i al Statelor Unite. Monumente ridicate \u00een cinstea lui se afl\u0103 \u00een numeroase \u021b\u0103ri ale lumii, iar numele s\u0103u este purtat chiar de cel mai \u00eenalt v\u00e2rf muntos din Australia \u2013 V\u00e2rful Ko\u015bciuszko (Mount Kosciuszko).\\nCu ocazia declar\u0103rii de c\u0103tre parlamentul polonez a Anului Tadeusz Ko\u015bciuszko, \u00een 2017, \u00een \u00eentreaga lume se desf\u0103\u0219oar\u0103 numeroase evenimente menite s\u0103 evoce personalitatea vestitului comandant.\u00a0\\nhttps:\/\/youtu.be\/V6upLxCq9lM\\nExpozi\u021bia care va fi prezentat\u0103 la Chi\u0219in\u0103u \u00een ajunul Zilei poloneze a Independen\u021bei, s\u0103rb\u0103torit\u0103 la 11 noiembrie, relateaz\u0103 despre renumitul polonez prin intermediul a 24 de plan\u0219e.\u00a0Pe l\u00e2ng\u0103 cele mai importante informa\u021bii despre via\u021ba lui Tadeusz Ko\u015bciuszko, sunt prezentate \u0219i amintiri legate de acest remarcabil comandant \u0219i inginer militar, precum \u0219i fotografii \u0219i tablouri ce \u00eel prezint\u0103 at\u00e2t pe Tadeuszo Ko\u015bciuszko \u00eensu\u0219i \u00een diferite momente ale vie\u021bii sale, c\u00e2t \u0219i locurile sau evenimentele importante pentru istorie de care se leag\u0103 numele s\u0103u.\u00a0\\nExpozi\u021bia \u00een limba rom\u00e2n\u0103 \u00eel \u00eenf\u0103\u021bi\u0219eaz\u0103 pe Tadeusz Ko\u015bciuszko nu numai \u00een calitate de militar \u0219i politician. Prin intermediul ei, se poate afla nu doar unde s-a format, sau cum a ajuns s\u0103 fie \u00eencununat de glorie, ci \u0219i ce pasiuni, dar \u0219i sl\u0103biciuni avea, cu cine s-a \u00eemprietenit, pe cine a iubit.\u00a0V\u0103 invit\u0103m s\u0103 vizita\u021bi expozi\u021bia \u00een perioada\u00a01-15 noiembrie 2017, \u00eentre orele 10.00-17.00, la\u00a0Muzeul Na\u021bional de Istorie a Moldovei\u00a0(str. 31 August 1989 nr. 121 A).\\nV\u0103 recomand\u0103m, de asemenea, lectura\u00a0articolului despre Tadeusz Ko\u015bciuszko publicat \u00een revista lunar\u0103 \u201eHistoria\u201d &gt;&gt;&gt;\u00a0\\n\u00a0\"},{\"@type\":\"ImageObject\",\"inLanguage\":\"pl-PL\",\"@id\":\"https:\/\/instytutpolski.pl\/bucuresti\/2017\/10\/18\/celebrarea-anului-tadeusz-kosciuszko-la-chisinau\/#primaryimage\",\"url\":\"https:\/\/instytutpolski.pl\/bucuresti\/wp-content\/uploads\/sites\/11\/2020\/05\/celebrarea-anului-tadeusz-kosciuszko-la-chisinau_d0f518.jpg\",\"contentUrl\":\"https:\/\/instytutpolski.pl\/bucuresti\/wp-content\/uploads\/sites\/11\/2020\/05\/celebrarea-anului-tadeusz-kosciuszko-la-chisinau_d0f518.jpg\",\"width\":1003,\"height\":594},{\"@type\":\"BreadcrumbList\",\"@id\":\"https:\/\/instytutpolski.pl\/bucuresti\/2017\/10\/18\/celebrarea-anului-tadeusz-kosciuszko-la-chisinau\/#breadcrumb\",\"itemListElement\":[{\"@type\":\"ListItem\",\"position\":1,\"name\":\"Home\",\"item\":\"https:\/\/instytutpolski.pl\/bucuresti\/\"},{\"@type\":\"ListItem\",\"position\":2,\"name\":\"Celebrarea Anului Tadeusz Ko\u015bciuszko la Chi\u0219in\u0103u\"}]},{\"@type\":\"WebSite\",\"@id\":\"https:\/\/instytutpolski.pl\/bucuresti\/#website\",\"url\":\"https:\/\/instytutpolski.pl\/bucuresti\/\",\"name\":\"Instytut Polski w Bukareszcie\",\"description\":\"Instytuty Polskie\",\"potentialAction\":[{\"@type\":\"SearchAction\",\"target\":{\"@type\":\"EntryPoint\",\"urlTemplate\":\"https:\/\/instytutpolski.pl\/bucuresti\/?s={search_term_string}\"},\"query-input\":{\"@type\":\"PropertyValueSpecification\",\"valueRequired\":true,\"valueName\":\"search_term_string\"}}],\"inLanguage\":\"pl-PL\"},{\"@type\":\"Person\",\"@id\":\"https:\/\/instytutpolski.pl\/bucuresti\/#\/schema\/person\/a1d5ab39dce466455f60589721519864\",\"name\":\"nicolaua\",\"image\":{\"@type\":\"ImageObject\",\"inLanguage\":\"pl-PL\",\"@id\":\"https:\/\/instytutpolski.pl\/bucuresti\/#\/schema\/person\/image\/\",\"url\":\"https:\/\/secure.gravatar.com\/avatar\/5029b942a8ac0a6a935e5655abff56ef?s=96&d=mm&r=g\",\"contentUrl\":\"https:\/\/secure.gravatar.com\/avatar\/5029b942a8ac0a6a935e5655abff56ef?s=96&d=mm&r=g\",\"caption\":\"nicolaua\"},\"url\":\"https:\/\/instytutpolski.pl\/bucuresti\/author\/nicolaua\/\"}]}<\/script>\n<!-- \/ Yoast SEO plugin. -->","yoast_head_json":{"title":"Celebrarea Anului Tadeusz Ko\u015bciuszko la Chi\u0219in\u0103u - Instytut Polski w Bukareszcie","robots":{"index":"index","follow":"follow","max-snippet":"max-snippet:-1","max-image-preview":"max-image-preview:large","max-video-preview":"max-video-preview:-1"},"canonical":"https:\/\/instytutpolski.pl\/bucuresti\/2017\/10\/18\/celebrarea-anului-tadeusz-kosciuszko-la-chisinau\/","og_locale":"pl_PL","og_type":"article","og_title":"Celebrarea Anului Tadeusz Ko\u015bciuszko la Chi\u0219in\u0103u - Instytut Polski w Bukareszcie","og_description":"Generalul polonez \u0219i american Tadeusz Ko\u015bciuszko (1746-1817) a luptat pentru libertatea ambelor popoare, dar a cerut \u0219i eliberarea \u021b\u0103ranilor \u0219i a sclavilor, iar ca un foarte capabil inginer militar a construit fortifica\u021bii remarcabile, proiect\u00e2nd, printre altele fort\u0103rea\u021ba West Point, \u00een care se afl\u0103 ast\u0103zi sediul renumitei academii militare americane.\u00a0 Gra\u021bie realiz\u0103rilor sale excep\u021bionale \u0219i modului [&hellip;]","og_url":"https:\/\/instytutpolski.pl\/bucuresti\/2017\/10\/18\/celebrarea-anului-tadeusz-kosciuszko-la-chisinau\/","og_site_name":"Instytut Polski w Bukareszcie","article_published_time":"2017-10-18T17:42:00+00:00","article_modified_time":"2020-05-26T17:46:09+00:00","og_image":[{"width":1003,"height":594,"url":"https:\/\/instytutpolski.pl\/bucuresti\/wp-content\/uploads\/sites\/11\/2020\/05\/celebrarea-anului-tadeusz-kosciuszko-la-chisinau_d0f518.jpg","type":"image\/jpeg"}],"author":"nicolaua","twitter_card":"summary_large_image","twitter_misc":{"Napisane przez":"nicolaua","Szacowany czas czytania":"2 minuty"},"schema":{"@context":"https:\/\/schema.org","@graph":[{"@type":"event","@id":"https:\/\/instytutpolski.pl\/bucuresti\/2017\/10\/18\/celebrarea-anului-tadeusz-kosciuszko-la-chisinau\/","url":"https:\/\/instytutpolski.pl\/bucuresti\/2017\/10\/18\/celebrarea-anului-tadeusz-kosciuszko-la-chisinau\/","name":"Celebrarea Anului Tadeusz Ko\u015bciuszko la Chi\u0219in\u0103u","isPartOf":{"@id":"https:\/\/instytutpolski.pl\/bucuresti\/#website"},"primaryImageOfPage":{"@id":"https:\/\/instytutpolski.pl\/bucuresti\/2017\/10\/18\/celebrarea-anului-tadeusz-kosciuszko-la-chisinau\/#primaryimage"},"image":["https:\/\/instytutpolski.pl\/bucuresti\/wp-content\/uploads\/sites\/11\/2020\/05\/celebrarea-anului-tadeusz-kosciuszko-la-chisinau_d0f518.jpg","https:\/\/instytutpolski.pl\/bucuresti\/wp-content\/uploads\/sites\/11\/2020\/05\/celebrarea-anului-tadeusz-kosciuszko-la-chisinau_d0f518-300x178.jpg","https:\/\/instytutpolski.pl\/bucuresti\/wp-content\/uploads\/sites\/11\/2020\/05\/celebrarea-anului-tadeusz-kosciuszko-la-chisinau_d0f518.jpg","https:\/\/instytutpolski.pl\/bucuresti\/wp-content\/uploads\/sites\/11\/2020\/05\/celebrarea-anului-tadeusz-kosciuszko-la-chisinau_d0f518.jpg"],"thumbnailUrl":"https:\/\/instytutpolski.pl\/bucuresti\/wp-content\/uploads\/sites\/11\/2020\/05\/celebrarea-anului-tadeusz-kosciuszko-la-chisinau_d0f518.jpg","datePublished":"2017-10-18T17:42:00+02:00","dateModified":"2020-05-26T17:46:09+02:00","author":{"@id":"https:\/\/instytutpolski.pl\/bucuresti\/#\/schema\/person\/a1d5ab39dce466455f60589721519864"},"breadcrumb":{"@id":"https:\/\/instytutpolski.pl\/bucuresti\/2017\/10\/18\/celebrarea-anului-tadeusz-kosciuszko-la-chisinau\/#breadcrumb"},"inLanguage":"pl-PL","potentialAction":[{"@type":"ReadAction","target":["https:\/\/instytutpolski.pl\/bucuresti\/2017\/10\/18\/celebrarea-anului-tadeusz-kosciuszko-la-chisinau\/"]}],"@context":"https:\/\/schema.org","startDate":"2017-11-01","endDate":"2017-11-15","eventStatus":"EventScheduled","eventAttendanceMode":"OfflineEventAttendanceMode","location":{"@type":"place","name":"","address":"","geo":{"@type":"GeoCoordinates","latitude":"","longitude":""}},"description":"Generalul polonez \u0219i american Tadeusz Ko\u015bciuszko (1746-1817) a luptat pentru libertatea ambelor popoare, dar a cerut \u0219i eliberarea \u021b\u0103ranilor \u0219i a sclavilor, iar ca un foarte capabil inginer militar a construit fortifica\u021bii remarcabile, proiect\u00e2nd, printre altele fort\u0103rea\u021ba West Point, \u00een care se afl\u0103 ast\u0103zi sediul renumitei academii militare americane.\u00a0\nGra\u021bie realiz\u0103rilor sale excep\u021bionale \u0219i modului s\u0103u de g\u00e2ndire extrem de modern, conduc\u0103torul uneia dintre insurec\u021biile na\u021bionale poloneze (a\u0219a-numita insurec\u021bie a lui Ko\u015bciuszko, din anul 1794) este ast\u0103zi erou al Poloniei \u0219i al Statelor Unite. Monumente ridicate \u00een cinstea lui se afl\u0103 \u00een numeroase \u021b\u0103ri ale lumii, iar numele s\u0103u este purtat chiar de cel mai \u00eenalt v\u00e2rf muntos din Australia \u2013 V\u00e2rful Ko\u015bciuszko (Mount Kosciuszko).\nCu ocazia declar\u0103rii de c\u0103tre parlamentul polonez a Anului Tadeusz Ko\u015bciuszko, \u00een 2017, \u00een \u00eentreaga lume se desf\u0103\u0219oar\u0103 numeroase evenimente menite s\u0103 evoce personalitatea vestitului comandant.\u00a0\nhttps:\/\/youtu.be\/V6upLxCq9lM\nExpozi\u021bia care va fi prezentat\u0103 la Chi\u0219in\u0103u \u00een ajunul Zilei poloneze a Independen\u021bei, s\u0103rb\u0103torit\u0103 la 11 noiembrie, relateaz\u0103 despre renumitul polonez prin intermediul a 24 de plan\u0219e.\u00a0Pe l\u00e2ng\u0103 cele mai importante informa\u021bii despre via\u021ba lui Tadeusz Ko\u015bciuszko, sunt prezentate \u0219i amintiri legate de acest remarcabil comandant \u0219i inginer militar, precum \u0219i fotografii \u0219i tablouri ce \u00eel prezint\u0103 at\u00e2t pe Tadeuszo Ko\u015bciuszko \u00eensu\u0219i \u00een diferite momente ale vie\u021bii sale, c\u00e2t \u0219i locurile sau evenimentele importante pentru istorie de care se leag\u0103 numele s\u0103u.\u00a0\nExpozi\u021bia \u00een limba rom\u00e2n\u0103 \u00eel \u00eenf\u0103\u021bi\u0219eaz\u0103 pe Tadeusz Ko\u015bciuszko nu numai \u00een calitate de militar \u0219i politician. Prin intermediul ei, se poate afla nu doar unde s-a format, sau cum a ajuns s\u0103 fie \u00eencununat de glorie, ci \u0219i ce pasiuni, dar \u0219i sl\u0103biciuni avea, cu cine s-a \u00eemprietenit, pe cine a iubit.\u00a0V\u0103 invit\u0103m s\u0103 vizita\u021bi expozi\u021bia \u00een perioada\u00a01-15 noiembrie 2017, \u00eentre orele 10.00-17.00, la\u00a0Muzeul Na\u021bional de Istorie a Moldovei\u00a0(str. 31 August 1989 nr. 121 A).\nV\u0103 recomand\u0103m, de asemenea, lectura\u00a0articolului despre Tadeusz Ko\u015bciuszko publicat \u00een revista lunar\u0103 \u201eHistoria\u201d &gt;&gt;&gt;\u00a0\n\u00a0"},{"@type":"ImageObject","inLanguage":"pl-PL","@id":"https:\/\/instytutpolski.pl\/bucuresti\/2017\/10\/18\/celebrarea-anului-tadeusz-kosciuszko-la-chisinau\/#primaryimage","url":"https:\/\/instytutpolski.pl\/bucuresti\/wp-content\/uploads\/sites\/11\/2020\/05\/celebrarea-anului-tadeusz-kosciuszko-la-chisinau_d0f518.jpg","contentUrl":"https:\/\/instytutpolski.pl\/bucuresti\/wp-content\/uploads\/sites\/11\/2020\/05\/celebrarea-anului-tadeusz-kosciuszko-la-chisinau_d0f518.jpg","width":1003,"height":594},{"@type":"BreadcrumbList","@id":"https:\/\/instytutpolski.pl\/bucuresti\/2017\/10\/18\/celebrarea-anului-tadeusz-kosciuszko-la-chisinau\/#breadcrumb","itemListElement":[{"@type":"ListItem","position":1,"name":"Home","item":"https:\/\/instytutpolski.pl\/bucuresti\/"},{"@type":"ListItem","position":2,"name":"Celebrarea Anului Tadeusz Ko\u015bciuszko la Chi\u0219in\u0103u"}]},{"@type":"WebSite","@id":"https:\/\/instytutpolski.pl\/bucuresti\/#website","url":"https:\/\/instytutpolski.pl\/bucuresti\/","name":"Instytut Polski w Bukareszcie","description":"Instytuty Polskie","potentialAction":[{"@type":"SearchAction","target":{"@type":"EntryPoint","urlTemplate":"https:\/\/instytutpolski.pl\/bucuresti\/?s={search_term_string}"},"query-input":{"@type":"PropertyValueSpecification","valueRequired":true,"valueName":"search_term_string"}}],"inLanguage":"pl-PL"},{"@type":"Person","@id":"https:\/\/instytutpolski.pl\/bucuresti\/#\/schema\/person\/a1d5ab39dce466455f60589721519864","name":"nicolaua","image":{"@type":"ImageObject","inLanguage":"pl-PL","@id":"https:\/\/instytutpolski.pl\/bucuresti\/#\/schema\/person\/image\/","url":"https:\/\/secure.gravatar.com\/avatar\/5029b942a8ac0a6a935e5655abff56ef?s=96&d=mm&r=g","contentUrl":"https:\/\/secure.gravatar.com\/avatar\/5029b942a8ac0a6a935e5655abff56ef?s=96&d=mm&r=g","caption":"nicolaua"},"url":"https:\/\/instytutpolski.pl\/bucuresti\/author\/nicolaua\/"}]}},"_links":{"self":[{"href":"https:\/\/instytutpolski.pl\/bucuresti\/wp-json\/wp\/v2\/posts\/2189","targetHints":{"allow":["GET"]}}],"collection":[{"href":"https:\/\/instytutpolski.pl\/bucuresti\/wp-json\/wp\/v2\/posts"}],"about":[{"href":"https:\/\/instytutpolski.pl\/bucuresti\/wp-json\/wp\/v2\/types\/post"}],"author":[{"embeddable":true,"href":"https:\/\/instytutpolski.pl\/bucuresti\/wp-json\/wp\/v2\/users\/43"}],"replies":[{"embeddable":true,"href":"https:\/\/instytutpolski.pl\/bucuresti\/wp-json\/wp\/v2\/comments?post=2189"}],"version-history":[{"count":2,"href":"https:\/\/instytutpolski.pl\/bucuresti\/wp-json\/wp\/v2\/posts\/2189\/revisions"}],"predecessor-version":[{"id":2191,"href":"https:\/\/instytutpolski.pl\/bucuresti\/wp-json\/wp\/v2\/posts\/2189\/revisions\/2191"}],"wp:featuredmedia":[{"embeddable":true,"href":"https:\/\/instytutpolski.pl\/bucuresti\/wp-json\/wp\/v2\/media\/2196"}],"wp:attachment":[{"href":"https:\/\/instytutpolski.pl\/bucuresti\/wp-json\/wp\/v2\/media?parent=2189"}],"wp:term":[{"taxonomy":"category","embeddable":true,"href":"https:\/\/instytutpolski.pl\/bucuresti\/wp-json\/wp\/v2\/categories?post=2189"},{"taxonomy":"post_tag","embeddable":true,"href":"https:\/\/instytutpolski.pl\/bucuresti\/wp-json\/wp\/v2\/tags?post=2189"}],"curies":[{"name":"wp","href":"https:\/\/api.w.org\/{rel}","templated":true}]}}