{"id":2367,"date":"2018-02-22T09:56:00","date_gmt":"2018-02-22T08:56:00","guid":{"rendered":"https:\/\/instytutpolski.pl\/bucuresti\/?p=2367"},"modified":"2020-05-28T09:58:20","modified_gmt":"2020-05-28T07:58:20","slug":"cele-mai-bune-filme-montane-la-poalele-carpatilor","status":"publish","type":"post","link":"https:\/\/instytutpolski.pl\/bucuresti\/2018\/02\/22\/cele-mai-bune-filme-montane-la-poalele-carpatilor\/","title":{"rendered":"Cele mai bune filme montane la poalele Carpa\u021bilor"},"content":{"rendered":"\n<p>\u00cen timp ce alpini\u0219tii polonezi \u00eencearc\u0103 de c\u00e2teva s\u0103pt\u0103m\u00e2ni s\u0103 urce mun\u021bii Karakorum pentru a ajunge la ultimul v\u00e2rf necucerit p\u00e2n\u0103 acum pe timp de iarn\u0103 \u2013 v\u00e2rful K2 (8611 metri), av\u00e2nd \u00een\u0103l\u021bimea de 8 mii de metri, Institutul Polonez \u00eei invit\u0103 pe spectatorii festivalului la o expedi\u021bie la poalele acestui munte fascinant.<\/p>\n<p>Multi-premiat la festivaluri montane interna\u021bionale,\u00a0<strong>filmul Elizei Kubarska<\/strong>\u00a0intitulat\u00a0<strong>\u201eK2. Aproape de cer\u201d\u00a0<\/strong>(K2-Touching the Sky)\u00a0va putea fi v\u0103zut\u00a0<strong>s\u00e2mb\u0103t\u0103, 3 martie, la ora 16.30, la Centrul Cultural \u201eAurel Stroe\u201d din Bu\u0219teni\u00a0<\/strong>(bd. Libert\u0103\u021bii nr. 93), \u00een cadrul Galei Alpinismului Rom\u00e2nesc. Nu este o poveste obi\u0219nuit\u0103 despre ni\u0219te alpini\u0219ti curajo\u0219i care-\u0219i \u00eenving sl\u0103biciunile \u0219i cuceresc cei mai \u00eenal\u021bi mun\u021bi din lume, care \u00eendeosebi iarna, c\u00e2nd temperatura la 8 mii de metri scade p\u00e2n\u0103 la -60 grade Celsius, iar v\u00e2ntul dep\u0103\u0219e\u0219te 100 km pe or\u0103, este specialitatea polonezilor.<\/p>\n<p>Regizoarea invit\u0103 \u00een film patru adul\u021bi ai c\u0103ror p\u0103rin\u021bi \u2013 Dobros\u0142awa Midowicz-Wolf, cunoscut\u0103 drept \u201eMr\u00f3wka\u201d (Furnica), Tadeusz Piotrowski \u0219i Julie Tullis \u2013 \u0219i-au pierdut via\u021ba pe K2 \u00een timpul celei mai tragice expedi\u021bii de cucerire a acestui munte \u00een anul 1986.<\/p>\n<p>Ce-\u0219i amintesc copiii lor, adic\u0103 \u0141ukasz Wolf, Hanna Piotrowska, Lindsay \u0219i Chris Tullis despre acele evenimente? Regret\u0103 c\u0103 mun\u021bii au fost adesea mai importan\u021bi pentru p\u0103rin\u021bii lor? Oare pre\u021bul pl\u0103tit de ace\u0219tia pentru pasiunea lor este prea mare? Oare cred c\u0103 un alpinist profesionist poate avea copii? Sunt doar c\u00e2teva dintre \u00eentreb\u0103rile la care regizoarea, ea \u00eens\u0103\u0219i alpinist, caut\u0103 r\u0103spunsuri. Ele sunt foarte importante pentru ea mai ales c\u0103 \u00een perioada \u00een care a realizat filmul era \u00eens\u0103rcinat\u0103.<\/p>\n<p>C\u0103l\u0103toria pe K2 al\u0103turi de cei patru copii deveni\u021bi adul\u021bi este plin\u0103 de emo\u021bii contradictorii &#8211; de la regret la m\u00e2ndrie. Kubarska evit\u0103 r\u0103spunsurile simple, arat\u0103 frumuse\u021bea, dar \u0219i pericolul pe care-l presupune escaladarea celor mai \u00eenal\u021bi mun\u021bi din lume, oferind totodat\u0103 spectatorilor ocazia pentru a reflecta la ceea ce este important pentru ei \u00een via\u021b\u0103.<\/p>\n<p>Mul\u021bumit\u0103 discu\u021biilor lungi purtate cu personajele din film, regizoarea a reu\u0219it s\u0103 prezinte ceea ce nu vedem \u00een relat\u0103rile deopotriv\u0103 entuziaste sau tragice din expedi\u021biile montane \u2013 despre via\u021ba de familie a alpini\u0219tilor \u0219i pre\u021bul pl\u0103tit pentru pasiunea lor.<\/p>\n<p>Filmul Elizei Kubarska a fost premiat, printre altele, la Vancouver International Mountain Film Festival (Canada, 2016 &#8211; Grand Prize), International Mountain Film Festival \u201eVertical\u201d (Rusia, 2016 &#8211; Cel mai bun regizor, Cel mai bun film montan), Dutch Mountain Film Festival (Olanda, 2016 &#8211; Crossborder DMFF Award), Trento Film Festival (Italia, 2016 &#8211; Cel mai bun film montan) sau Graz Mountain Festival (Austria, 2015 &#8211; Alpin Camera in Gold).<\/p>\n<p><strong>Trailer:<\/strong>\u00a0<a href=\"https:\/\/www.youtube.com\/watch?v=gO35ucIbWbw\" target=\"_blank\" rel=\"noopener noreferrer\">www.youtube.com<\/a><\/p>\n<p>Institutul Polonez din Bucure\u0219ti este partenerul celei de-a treia edi\u021bii a Alpin Film Festival. Programul complet al evenimentului poate fi consultat pe\u00a0<a href=\"http:\/\/www.alpinfilmfestival.ro\/evenimente.html\" target=\"_blank\" rel=\"noopener noreferrer\">www.alpinfilmfestival.ro<\/a>.<\/p>\n","protected":false},"excerpt":{"rendered":"<p>\u00cen timp ce alpini\u0219tii polonezi \u00eencearc\u0103 de c\u00e2teva s\u0103pt\u0103m\u00e2ni s\u0103 urce mun\u021bii Karakorum pentru a ajunge la ultimul v\u00e2rf necucerit p\u00e2n\u0103 acum pe timp de iarn\u0103 \u2013 v\u00e2rful K2 (8611 metri), av\u00e2nd \u00een\u0103l\u021bimea de 8 mii de metri, Institutul Polonez \u00eei invit\u0103 pe spectatorii festivalului la o expedi\u021bie la poalele acestui munte fascinant. Multi-premiat la [&hellip;]<\/p>\n","protected":false},"author":44,"featured_media":2368,"comment_status":"open","ping_status":"open","sticky":false,"template":"","format":"standard","meta":{"inline_featured_image":false,"_monsterinsights_skip_tracking":false,"_monsterinsights_sitenote_active":false,"_monsterinsights_sitenote_note":"","_monsterinsights_sitenote_category":0,"footnotes":""},"categories":[18],"tags":[],"class_list":["post-2367","post","type-post","status-publish","format-standard","has-post-thumbnail","hentry","category-cinema"],"yoast_head":"<!-- This site is optimized with the Yoast SEO plugin v24.6 - https:\/\/yoast.com\/wordpress\/plugins\/seo\/ -->\n<title>Cele mai bune filme montane la poalele Carpa\u021bilor - Instytut Polski w Bukareszcie<\/title>\n<meta name=\"robots\" content=\"index, follow, max-snippet:-1, max-image-preview:large, max-video-preview:-1\" \/>\n<link rel=\"canonical\" href=\"https:\/\/instytutpolski.pl\/bucuresti\/2018\/02\/22\/cele-mai-bune-filme-montane-la-poalele-carpatilor\/\" \/>\n<meta property=\"og:locale\" content=\"pl_PL\" \/>\n<meta property=\"og:type\" content=\"article\" \/>\n<meta property=\"og:title\" content=\"Cele mai bune filme montane la poalele Carpa\u021bilor - Instytut Polski w Bukareszcie\" \/>\n<meta property=\"og:description\" content=\"\u00cen timp ce alpini\u0219tii polonezi \u00eencearc\u0103 de c\u00e2teva s\u0103pt\u0103m\u00e2ni s\u0103 urce mun\u021bii Karakorum pentru a ajunge la ultimul v\u00e2rf necucerit p\u00e2n\u0103 acum pe timp de iarn\u0103 \u2013 v\u00e2rful K2 (8611 metri), av\u00e2nd \u00een\u0103l\u021bimea de 8 mii de metri, Institutul Polonez \u00eei invit\u0103 pe spectatorii festivalului la o expedi\u021bie la poalele acestui munte fascinant. Multi-premiat la [&hellip;]\" \/>\n<meta property=\"og:url\" content=\"https:\/\/instytutpolski.pl\/bucuresti\/2018\/02\/22\/cele-mai-bune-filme-montane-la-poalele-carpatilor\/\" \/>\n<meta property=\"og:site_name\" content=\"Instytut Polski w Bukareszcie\" \/>\n<meta property=\"article:published_time\" content=\"2018-02-22T08:56:00+00:00\" \/>\n<meta property=\"article:modified_time\" content=\"2020-05-28T07:58:20+00:00\" \/>\n<meta property=\"og:image\" content=\"https:\/\/instytutpolski.pl\/bucuresti\/wp-content\/uploads\/sites\/11\/2020\/05\/cele-mai-bune-filme-montane-la-poalele-carpatilor_fba2a5.jpg\" \/>\n\t<meta property=\"og:image:width\" content=\"1280\" \/>\n\t<meta property=\"og:image:height\" content=\"720\" \/>\n\t<meta property=\"og:image:type\" content=\"image\/jpeg\" \/>\n<meta name=\"author\" content=\"zalaszewskak\" \/>\n<meta name=\"twitter:card\" content=\"summary_large_image\" \/>\n<meta name=\"twitter:label1\" content=\"Napisane przez\" \/>\n\t<meta name=\"twitter:data1\" content=\"zalaszewskak\" \/>\n\t<meta name=\"twitter:label2\" content=\"Szacowany czas czytania\" \/>\n\t<meta name=\"twitter:data2\" content=\"3 minuty\" \/>\n<script type=\"application\/ld+json\" class=\"yoast-schema-graph\">{\"@context\":\"https:\/\/schema.org\",\"@graph\":[{\"@type\":\"event\",\"@id\":\"https:\/\/instytutpolski.pl\/bucuresti\/2018\/02\/22\/cele-mai-bune-filme-montane-la-poalele-carpatilor\/\",\"url\":\"https:\/\/instytutpolski.pl\/bucuresti\/2018\/02\/22\/cele-mai-bune-filme-montane-la-poalele-carpatilor\/\",\"name\":\"Cele mai bune filme montane la poalele Carpa\u021bilor\",\"isPartOf\":{\"@id\":\"https:\/\/instytutpolski.pl\/bucuresti\/#website\"},\"primaryImageOfPage\":{\"@id\":\"https:\/\/instytutpolski.pl\/bucuresti\/2018\/02\/22\/cele-mai-bune-filme-montane-la-poalele-carpatilor\/#primaryimage\"},\"image\":[\"https:\/\/instytutpolski.pl\/bucuresti\/wp-content\/uploads\/sites\/11\/2020\/05\/cele-mai-bune-filme-montane-la-poalele-carpatilor_fba2a5.jpg\",\"https:\/\/instytutpolski.pl\/bucuresti\/wp-content\/uploads\/sites\/11\/2020\/05\/cele-mai-bune-filme-montane-la-poalele-carpatilor_fba2a5-300x169.jpg\",\"https:\/\/instytutpolski.pl\/bucuresti\/wp-content\/uploads\/sites\/11\/2020\/05\/cele-mai-bune-filme-montane-la-poalele-carpatilor_fba2a5-1024x576.jpg\",\"https:\/\/instytutpolski.pl\/bucuresti\/wp-content\/uploads\/sites\/11\/2020\/05\/cele-mai-bune-filme-montane-la-poalele-carpatilor_fba2a5.jpg\"],\"thumbnailUrl\":\"https:\/\/instytutpolski.pl\/bucuresti\/wp-content\/uploads\/sites\/11\/2020\/05\/cele-mai-bune-filme-montane-la-poalele-carpatilor_fba2a5.jpg\",\"datePublished\":\"2018-02-22T08:56:00+02:00\",\"dateModified\":\"2020-05-28T07:58:20+02:00\",\"author\":{\"@id\":\"https:\/\/instytutpolski.pl\/bucuresti\/#\/schema\/person\/cbf38f4ffa10f919673d0e5f3ee6677d\"},\"breadcrumb\":{\"@id\":\"https:\/\/instytutpolski.pl\/bucuresti\/2018\/02\/22\/cele-mai-bune-filme-montane-la-poalele-carpatilor\/#breadcrumb\"},\"inLanguage\":\"pl-PL\",\"potentialAction\":[{\"@type\":\"ReadAction\",\"target\":[\"https:\/\/instytutpolski.pl\/bucuresti\/2018\/02\/22\/cele-mai-bune-filme-montane-la-poalele-carpatilor\/\"]}],\"@context\":\"https:\/\/schema.org\",\"startDate\":\"2018-02-27\",\"endDate\":\"2018-03-04\",\"eventStatus\":\"EventScheduled\",\"eventAttendanceMode\":\"OfflineEventAttendanceMode\",\"location\":{\"@type\":\"place\",\"name\":\"\",\"address\":\"\",\"geo\":{\"@type\":\"GeoCoordinates\",\"latitude\":\"\",\"longitude\":\"\"}},\"description\":\"\u00cen timp ce alpini\u0219tii polonezi \u00eencearc\u0103 de c\u00e2teva s\u0103pt\u0103m\u00e2ni s\u0103 urce mun\u021bii Karakorum pentru a ajunge la ultimul v\u00e2rf necucerit p\u00e2n\u0103 acum pe timp de iarn\u0103 \u2013 v\u00e2rful K2 (8611 metri), av\u00e2nd \u00een\u0103l\u021bimea de 8 mii de metri, Institutul Polonez \u00eei invit\u0103 pe spectatorii festivalului la o expedi\u021bie la poalele acestui munte fascinant.\\nMulti-premiat la festivaluri montane interna\u021bionale,\u00a0filmul Elizei Kubarska\u00a0intitulat\u00a0\u201eK2. Aproape de cer\u201d\u00a0(K2-Touching the Sky)\u00a0va putea fi v\u0103zut\u00a0s\u00e2mb\u0103t\u0103, 3 martie, la ora 16.30, la Centrul Cultural \u201eAurel Stroe\u201d din Bu\u0219teni\u00a0(bd. Libert\u0103\u021bii nr. 93), \u00een cadrul Galei Alpinismului Rom\u00e2nesc. Nu este o poveste obi\u0219nuit\u0103 despre ni\u0219te alpini\u0219ti curajo\u0219i care-\u0219i \u00eenving sl\u0103biciunile \u0219i cuceresc cei mai \u00eenal\u021bi mun\u021bi din lume, care \u00eendeosebi iarna, c\u00e2nd temperatura la 8 mii de metri scade p\u00e2n\u0103 la -60 grade Celsius, iar v\u00e2ntul dep\u0103\u0219e\u0219te 100 km pe or\u0103, este specialitatea polonezilor.\\nRegizoarea invit\u0103 \u00een film patru adul\u021bi ai c\u0103ror p\u0103rin\u021bi \u2013 Dobros\u0142awa Midowicz-Wolf, cunoscut\u0103 drept \u201eMr\u00f3wka\u201d (Furnica), Tadeusz Piotrowski \u0219i Julie Tullis \u2013 \u0219i-au pierdut via\u021ba pe K2 \u00een timpul celei mai tragice expedi\u021bii de cucerire a acestui munte \u00een anul 1986.\\nCe-\u0219i amintesc copiii lor, adic\u0103 \u0141ukasz Wolf, Hanna Piotrowska, Lindsay \u0219i Chris Tullis despre acele evenimente? Regret\u0103 c\u0103 mun\u021bii au fost adesea mai importan\u021bi pentru p\u0103rin\u021bii lor? Oare pre\u021bul pl\u0103tit de ace\u0219tia pentru pasiunea lor este prea mare? Oare cred c\u0103 un alpinist profesionist poate avea copii? Sunt doar c\u00e2teva dintre \u00eentreb\u0103rile la care regizoarea, ea \u00eens\u0103\u0219i alpinist, caut\u0103 r\u0103spunsuri. Ele sunt foarte importante pentru ea mai ales c\u0103 \u00een perioada \u00een care a realizat filmul era \u00eens\u0103rcinat\u0103.\\nC\u0103l\u0103toria pe K2 al\u0103turi de cei patru copii deveni\u021bi adul\u021bi este plin\u0103 de emo\u021bii contradictorii - de la regret la m\u00e2ndrie. Kubarska evit\u0103 r\u0103spunsurile simple, arat\u0103 frumuse\u021bea, dar \u0219i pericolul pe care-l presupune escaladarea celor mai \u00eenal\u021bi mun\u021bi din lume, oferind totodat\u0103 spectatorilor ocazia pentru a reflecta la ceea ce este important pentru ei \u00een via\u021b\u0103.\\nMul\u021bumit\u0103 discu\u021biilor lungi purtate cu personajele din film, regizoarea a reu\u0219it s\u0103 prezinte ceea ce nu vedem \u00een relat\u0103rile deopotriv\u0103 entuziaste sau tragice din expedi\u021biile montane \u2013 despre via\u021ba de familie a alpini\u0219tilor \u0219i pre\u021bul pl\u0103tit pentru pasiunea lor.\\nFilmul Elizei Kubarska a fost premiat, printre altele, la Vancouver International Mountain Film Festival (Canada, 2016 - Grand Prize), International Mountain Film Festival \u201eVertical\u201d (Rusia, 2016 - Cel mai bun regizor, Cel mai bun film montan), Dutch Mountain Film Festival (Olanda, 2016 - Crossborder DMFF Award), Trento Film Festival (Italia, 2016 - Cel mai bun film montan) sau Graz Mountain Festival (Austria, 2015 - Alpin Camera in Gold).\\nTrailer:\u00a0www.youtube.com\\nInstitutul Polonez din Bucure\u0219ti este partenerul celei de-a treia edi\u021bii a Alpin Film Festival. Programul complet al evenimentului poate fi consultat pe\u00a0www.alpinfilmfestival.ro.\"},{\"@type\":\"ImageObject\",\"inLanguage\":\"pl-PL\",\"@id\":\"https:\/\/instytutpolski.pl\/bucuresti\/2018\/02\/22\/cele-mai-bune-filme-montane-la-poalele-carpatilor\/#primaryimage\",\"url\":\"https:\/\/instytutpolski.pl\/bucuresti\/wp-content\/uploads\/sites\/11\/2020\/05\/cele-mai-bune-filme-montane-la-poalele-carpatilor_fba2a5.jpg\",\"contentUrl\":\"https:\/\/instytutpolski.pl\/bucuresti\/wp-content\/uploads\/sites\/11\/2020\/05\/cele-mai-bune-filme-montane-la-poalele-carpatilor_fba2a5.jpg\",\"width\":1280,\"height\":720},{\"@type\":\"BreadcrumbList\",\"@id\":\"https:\/\/instytutpolski.pl\/bucuresti\/2018\/02\/22\/cele-mai-bune-filme-montane-la-poalele-carpatilor\/#breadcrumb\",\"itemListElement\":[{\"@type\":\"ListItem\",\"position\":1,\"name\":\"Home\",\"item\":\"https:\/\/instytutpolski.pl\/bucuresti\/\"},{\"@type\":\"ListItem\",\"position\":2,\"name\":\"Cele mai bune filme montane la poalele Carpa\u021bilor\"}]},{\"@type\":\"WebSite\",\"@id\":\"https:\/\/instytutpolski.pl\/bucuresti\/#website\",\"url\":\"https:\/\/instytutpolski.pl\/bucuresti\/\",\"name\":\"Instytut Polski w Bukareszcie\",\"description\":\"Instytuty Polskie\",\"potentialAction\":[{\"@type\":\"SearchAction\",\"target\":{\"@type\":\"EntryPoint\",\"urlTemplate\":\"https:\/\/instytutpolski.pl\/bucuresti\/?s={search_term_string}\"},\"query-input\":{\"@type\":\"PropertyValueSpecification\",\"valueRequired\":true,\"valueName\":\"search_term_string\"}}],\"inLanguage\":\"pl-PL\"},{\"@type\":\"Person\",\"@id\":\"https:\/\/instytutpolski.pl\/bucuresti\/#\/schema\/person\/cbf38f4ffa10f919673d0e5f3ee6677d\",\"name\":\"zalaszewskak\",\"image\":{\"@type\":\"ImageObject\",\"inLanguage\":\"pl-PL\",\"@id\":\"https:\/\/instytutpolski.pl\/bucuresti\/#\/schema\/person\/image\/\",\"url\":\"https:\/\/secure.gravatar.com\/avatar\/c2e847fb86e9b9e6a80aa771ff34772f?s=96&d=mm&r=g\",\"contentUrl\":\"https:\/\/secure.gravatar.com\/avatar\/c2e847fb86e9b9e6a80aa771ff34772f?s=96&d=mm&r=g\",\"caption\":\"zalaszewskak\"},\"url\":\"https:\/\/instytutpolski.pl\/bucuresti\/author\/zalaszewskak\/\"}]}<\/script>\n<!-- \/ Yoast SEO plugin. -->","yoast_head_json":{"title":"Cele mai bune filme montane la poalele Carpa\u021bilor - Instytut Polski w Bukareszcie","robots":{"index":"index","follow":"follow","max-snippet":"max-snippet:-1","max-image-preview":"max-image-preview:large","max-video-preview":"max-video-preview:-1"},"canonical":"https:\/\/instytutpolski.pl\/bucuresti\/2018\/02\/22\/cele-mai-bune-filme-montane-la-poalele-carpatilor\/","og_locale":"pl_PL","og_type":"article","og_title":"Cele mai bune filme montane la poalele Carpa\u021bilor - Instytut Polski w Bukareszcie","og_description":"\u00cen timp ce alpini\u0219tii polonezi \u00eencearc\u0103 de c\u00e2teva s\u0103pt\u0103m\u00e2ni s\u0103 urce mun\u021bii Karakorum pentru a ajunge la ultimul v\u00e2rf necucerit p\u00e2n\u0103 acum pe timp de iarn\u0103 \u2013 v\u00e2rful K2 (8611 metri), av\u00e2nd \u00een\u0103l\u021bimea de 8 mii de metri, Institutul Polonez \u00eei invit\u0103 pe spectatorii festivalului la o expedi\u021bie la poalele acestui munte fascinant. Multi-premiat la [&hellip;]","og_url":"https:\/\/instytutpolski.pl\/bucuresti\/2018\/02\/22\/cele-mai-bune-filme-montane-la-poalele-carpatilor\/","og_site_name":"Instytut Polski w Bukareszcie","article_published_time":"2018-02-22T08:56:00+00:00","article_modified_time":"2020-05-28T07:58:20+00:00","og_image":[{"width":1280,"height":720,"url":"https:\/\/instytutpolski.pl\/bucuresti\/wp-content\/uploads\/sites\/11\/2020\/05\/cele-mai-bune-filme-montane-la-poalele-carpatilor_fba2a5.jpg","type":"image\/jpeg"}],"author":"zalaszewskak","twitter_card":"summary_large_image","twitter_misc":{"Napisane przez":"zalaszewskak","Szacowany czas czytania":"3 minuty"},"schema":{"@context":"https:\/\/schema.org","@graph":[{"@type":"event","@id":"https:\/\/instytutpolski.pl\/bucuresti\/2018\/02\/22\/cele-mai-bune-filme-montane-la-poalele-carpatilor\/","url":"https:\/\/instytutpolski.pl\/bucuresti\/2018\/02\/22\/cele-mai-bune-filme-montane-la-poalele-carpatilor\/","name":"Cele mai bune filme montane la poalele Carpa\u021bilor","isPartOf":{"@id":"https:\/\/instytutpolski.pl\/bucuresti\/#website"},"primaryImageOfPage":{"@id":"https:\/\/instytutpolski.pl\/bucuresti\/2018\/02\/22\/cele-mai-bune-filme-montane-la-poalele-carpatilor\/#primaryimage"},"image":["https:\/\/instytutpolski.pl\/bucuresti\/wp-content\/uploads\/sites\/11\/2020\/05\/cele-mai-bune-filme-montane-la-poalele-carpatilor_fba2a5.jpg","https:\/\/instytutpolski.pl\/bucuresti\/wp-content\/uploads\/sites\/11\/2020\/05\/cele-mai-bune-filme-montane-la-poalele-carpatilor_fba2a5-300x169.jpg","https:\/\/instytutpolski.pl\/bucuresti\/wp-content\/uploads\/sites\/11\/2020\/05\/cele-mai-bune-filme-montane-la-poalele-carpatilor_fba2a5-1024x576.jpg","https:\/\/instytutpolski.pl\/bucuresti\/wp-content\/uploads\/sites\/11\/2020\/05\/cele-mai-bune-filme-montane-la-poalele-carpatilor_fba2a5.jpg"],"thumbnailUrl":"https:\/\/instytutpolski.pl\/bucuresti\/wp-content\/uploads\/sites\/11\/2020\/05\/cele-mai-bune-filme-montane-la-poalele-carpatilor_fba2a5.jpg","datePublished":"2018-02-22T08:56:00+02:00","dateModified":"2020-05-28T07:58:20+02:00","author":{"@id":"https:\/\/instytutpolski.pl\/bucuresti\/#\/schema\/person\/cbf38f4ffa10f919673d0e5f3ee6677d"},"breadcrumb":{"@id":"https:\/\/instytutpolski.pl\/bucuresti\/2018\/02\/22\/cele-mai-bune-filme-montane-la-poalele-carpatilor\/#breadcrumb"},"inLanguage":"pl-PL","potentialAction":[{"@type":"ReadAction","target":["https:\/\/instytutpolski.pl\/bucuresti\/2018\/02\/22\/cele-mai-bune-filme-montane-la-poalele-carpatilor\/"]}],"@context":"https:\/\/schema.org","startDate":"2018-02-27","endDate":"2018-03-04","eventStatus":"EventScheduled","eventAttendanceMode":"OfflineEventAttendanceMode","location":{"@type":"place","name":"","address":"","geo":{"@type":"GeoCoordinates","latitude":"","longitude":""}},"description":"\u00cen timp ce alpini\u0219tii polonezi \u00eencearc\u0103 de c\u00e2teva s\u0103pt\u0103m\u00e2ni s\u0103 urce mun\u021bii Karakorum pentru a ajunge la ultimul v\u00e2rf necucerit p\u00e2n\u0103 acum pe timp de iarn\u0103 \u2013 v\u00e2rful K2 (8611 metri), av\u00e2nd \u00een\u0103l\u021bimea de 8 mii de metri, Institutul Polonez \u00eei invit\u0103 pe spectatorii festivalului la o expedi\u021bie la poalele acestui munte fascinant.\nMulti-premiat la festivaluri montane interna\u021bionale,\u00a0filmul Elizei Kubarska\u00a0intitulat\u00a0\u201eK2. Aproape de cer\u201d\u00a0(K2-Touching the Sky)\u00a0va putea fi v\u0103zut\u00a0s\u00e2mb\u0103t\u0103, 3 martie, la ora 16.30, la Centrul Cultural \u201eAurel Stroe\u201d din Bu\u0219teni\u00a0(bd. Libert\u0103\u021bii nr. 93), \u00een cadrul Galei Alpinismului Rom\u00e2nesc. Nu este o poveste obi\u0219nuit\u0103 despre ni\u0219te alpini\u0219ti curajo\u0219i care-\u0219i \u00eenving sl\u0103biciunile \u0219i cuceresc cei mai \u00eenal\u021bi mun\u021bi din lume, care \u00eendeosebi iarna, c\u00e2nd temperatura la 8 mii de metri scade p\u00e2n\u0103 la -60 grade Celsius, iar v\u00e2ntul dep\u0103\u0219e\u0219te 100 km pe or\u0103, este specialitatea polonezilor.\nRegizoarea invit\u0103 \u00een film patru adul\u021bi ai c\u0103ror p\u0103rin\u021bi \u2013 Dobros\u0142awa Midowicz-Wolf, cunoscut\u0103 drept \u201eMr\u00f3wka\u201d (Furnica), Tadeusz Piotrowski \u0219i Julie Tullis \u2013 \u0219i-au pierdut via\u021ba pe K2 \u00een timpul celei mai tragice expedi\u021bii de cucerire a acestui munte \u00een anul 1986.\nCe-\u0219i amintesc copiii lor, adic\u0103 \u0141ukasz Wolf, Hanna Piotrowska, Lindsay \u0219i Chris Tullis despre acele evenimente? Regret\u0103 c\u0103 mun\u021bii au fost adesea mai importan\u021bi pentru p\u0103rin\u021bii lor? Oare pre\u021bul pl\u0103tit de ace\u0219tia pentru pasiunea lor este prea mare? Oare cred c\u0103 un alpinist profesionist poate avea copii? Sunt doar c\u00e2teva dintre \u00eentreb\u0103rile la care regizoarea, ea \u00eens\u0103\u0219i alpinist, caut\u0103 r\u0103spunsuri. Ele sunt foarte importante pentru ea mai ales c\u0103 \u00een perioada \u00een care a realizat filmul era \u00eens\u0103rcinat\u0103.\nC\u0103l\u0103toria pe K2 al\u0103turi de cei patru copii deveni\u021bi adul\u021bi este plin\u0103 de emo\u021bii contradictorii - de la regret la m\u00e2ndrie. Kubarska evit\u0103 r\u0103spunsurile simple, arat\u0103 frumuse\u021bea, dar \u0219i pericolul pe care-l presupune escaladarea celor mai \u00eenal\u021bi mun\u021bi din lume, oferind totodat\u0103 spectatorilor ocazia pentru a reflecta la ceea ce este important pentru ei \u00een via\u021b\u0103.\nMul\u021bumit\u0103 discu\u021biilor lungi purtate cu personajele din film, regizoarea a reu\u0219it s\u0103 prezinte ceea ce nu vedem \u00een relat\u0103rile deopotriv\u0103 entuziaste sau tragice din expedi\u021biile montane \u2013 despre via\u021ba de familie a alpini\u0219tilor \u0219i pre\u021bul pl\u0103tit pentru pasiunea lor.\nFilmul Elizei Kubarska a fost premiat, printre altele, la Vancouver International Mountain Film Festival (Canada, 2016 - Grand Prize), International Mountain Film Festival \u201eVertical\u201d (Rusia, 2016 - Cel mai bun regizor, Cel mai bun film montan), Dutch Mountain Film Festival (Olanda, 2016 - Crossborder DMFF Award), Trento Film Festival (Italia, 2016 - Cel mai bun film montan) sau Graz Mountain Festival (Austria, 2015 - Alpin Camera in Gold).\nTrailer:\u00a0www.youtube.com\nInstitutul Polonez din Bucure\u0219ti este partenerul celei de-a treia edi\u021bii a Alpin Film Festival. Programul complet al evenimentului poate fi consultat pe\u00a0www.alpinfilmfestival.ro."},{"@type":"ImageObject","inLanguage":"pl-PL","@id":"https:\/\/instytutpolski.pl\/bucuresti\/2018\/02\/22\/cele-mai-bune-filme-montane-la-poalele-carpatilor\/#primaryimage","url":"https:\/\/instytutpolski.pl\/bucuresti\/wp-content\/uploads\/sites\/11\/2020\/05\/cele-mai-bune-filme-montane-la-poalele-carpatilor_fba2a5.jpg","contentUrl":"https:\/\/instytutpolski.pl\/bucuresti\/wp-content\/uploads\/sites\/11\/2020\/05\/cele-mai-bune-filme-montane-la-poalele-carpatilor_fba2a5.jpg","width":1280,"height":720},{"@type":"BreadcrumbList","@id":"https:\/\/instytutpolski.pl\/bucuresti\/2018\/02\/22\/cele-mai-bune-filme-montane-la-poalele-carpatilor\/#breadcrumb","itemListElement":[{"@type":"ListItem","position":1,"name":"Home","item":"https:\/\/instytutpolski.pl\/bucuresti\/"},{"@type":"ListItem","position":2,"name":"Cele mai bune filme montane la poalele Carpa\u021bilor"}]},{"@type":"WebSite","@id":"https:\/\/instytutpolski.pl\/bucuresti\/#website","url":"https:\/\/instytutpolski.pl\/bucuresti\/","name":"Instytut Polski w Bukareszcie","description":"Instytuty Polskie","potentialAction":[{"@type":"SearchAction","target":{"@type":"EntryPoint","urlTemplate":"https:\/\/instytutpolski.pl\/bucuresti\/?s={search_term_string}"},"query-input":{"@type":"PropertyValueSpecification","valueRequired":true,"valueName":"search_term_string"}}],"inLanguage":"pl-PL"},{"@type":"Person","@id":"https:\/\/instytutpolski.pl\/bucuresti\/#\/schema\/person\/cbf38f4ffa10f919673d0e5f3ee6677d","name":"zalaszewskak","image":{"@type":"ImageObject","inLanguage":"pl-PL","@id":"https:\/\/instytutpolski.pl\/bucuresti\/#\/schema\/person\/image\/","url":"https:\/\/secure.gravatar.com\/avatar\/c2e847fb86e9b9e6a80aa771ff34772f?s=96&d=mm&r=g","contentUrl":"https:\/\/secure.gravatar.com\/avatar\/c2e847fb86e9b9e6a80aa771ff34772f?s=96&d=mm&r=g","caption":"zalaszewskak"},"url":"https:\/\/instytutpolski.pl\/bucuresti\/author\/zalaszewskak\/"}]}},"_links":{"self":[{"href":"https:\/\/instytutpolski.pl\/bucuresti\/wp-json\/wp\/v2\/posts\/2367","targetHints":{"allow":["GET"]}}],"collection":[{"href":"https:\/\/instytutpolski.pl\/bucuresti\/wp-json\/wp\/v2\/posts"}],"about":[{"href":"https:\/\/instytutpolski.pl\/bucuresti\/wp-json\/wp\/v2\/types\/post"}],"author":[{"embeddable":true,"href":"https:\/\/instytutpolski.pl\/bucuresti\/wp-json\/wp\/v2\/users\/44"}],"replies":[{"embeddable":true,"href":"https:\/\/instytutpolski.pl\/bucuresti\/wp-json\/wp\/v2\/comments?post=2367"}],"version-history":[{"count":2,"href":"https:\/\/instytutpolski.pl\/bucuresti\/wp-json\/wp\/v2\/posts\/2367\/revisions"}],"predecessor-version":[{"id":2371,"href":"https:\/\/instytutpolski.pl\/bucuresti\/wp-json\/wp\/v2\/posts\/2367\/revisions\/2371"}],"wp:featuredmedia":[{"embeddable":true,"href":"https:\/\/instytutpolski.pl\/bucuresti\/wp-json\/wp\/v2\/media\/2368"}],"wp:attachment":[{"href":"https:\/\/instytutpolski.pl\/bucuresti\/wp-json\/wp\/v2\/media?parent=2367"}],"wp:term":[{"taxonomy":"category","embeddable":true,"href":"https:\/\/instytutpolski.pl\/bucuresti\/wp-json\/wp\/v2\/categories?post=2367"},{"taxonomy":"post_tag","embeddable":true,"href":"https:\/\/instytutpolski.pl\/bucuresti\/wp-json\/wp\/v2\/tags?post=2367"}],"curies":[{"name":"wp","href":"https:\/\/api.w.org\/{rel}","templated":true}]}}