{"id":2384,"date":"2018-01-26T10:06:00","date_gmt":"2018-01-26T09:06:00","guid":{"rendered":"https:\/\/instytutpolski.pl\/bucuresti\/?p=2384"},"modified":"2020-05-28T10:08:08","modified_gmt":"2020-05-28T08:08:08","slug":"despre-cercetasii-polonezi-in-moldova","status":"publish","type":"post","link":"https:\/\/instytutpolski.pl\/bucuresti\/2018\/01\/26\/despre-cercetasii-polonezi-in-moldova\/","title":{"rendered":"Despre cerceta\u0219ii polonezi \u00een Moldova"},"content":{"rendered":"\n<p>Expozi\u021bia acord\u0103 o aten\u021bie deosebit\u0103 particip\u0103rii cerceta\u0219ilor la evenimente importante pentru istoria \u0219i independen\u021ba Poloniei. De asemenea, ea este un element al anivers\u0103rii \u00een anul 2018 a 100 de ani de la rec\u00e2\u0219tigarea independen\u021bei Poloniei.<\/p>\n<p>&#8211; Datorit\u0103 accesului la colec\u021biile Muzeului Cercet\u0103\u0219iei, Arhivei Na\u021bionale Digitale din Polonia sau ale Asocia\u021biei Cerceta\u0219ilor Tradi\u021bionali din Rom\u00e2nia am intrat \u00een posesia unor materiale \u0219i publica\u021bii unicat care prezint\u0103 pagini ale istoriei comune a cerceta\u0219ilor &#8211; a declarat Agnieszka Skieterska, directorul Institutului Polonez din Bucure\u0219ti.<\/p>\n<p>Prin intermediul expozi\u021biei putem afla, printre altele, despre includerea cerceta\u0219ilor polonezi \u00een legiuni, despre lupta lor \u00een cadrul R\u00e2ndurilor Cenu\u0219ii sau despre influen\u021ba educa\u021biei cercet\u0103\u0219e\u0219ti asupra genera\u021bii \u00eentregi de tineri polonezi, la baza c\u0103reia se afl\u0103 valori precum patriotismul, tov\u0103r\u0103\u0219ia, prietenia, serviciul \u00een folosul celorlal\u021bi, credin\u021ba, munca, corectitudinea, libertatea \u0219i pacea.<\/p>\n<p>&#8211; Prin intermediul acestei pove\u0219ti despre cercet\u0103\u0219ia polonez\u0103 \u0219i semnfica\u021bia ei pentru Polonia \u00eencepem \u00een Moldova o serie de evenimente \u00een contextul centenarului recuceririi independen\u021bei Poloniei, care a avut loc \u00een noiembrie 1918. Atunci, dup\u0103 123 de ani de anex\u0103ri, de \u00eemp\u0103r\u021biri ale teritoriilor poloneze \u00eentre Rusia, Prusia \u0219i Austria, care le-au acaparat de trei ori \u0219i au \u00eencercat s\u0103-i priveze pe polonezi nu doar de patria lor, ci \u0219i de limba, tradi\u021biile \u0219i cultura lor, \u021bara a revenit pe harta Europei &#8211; aminte\u0219te doamna director Skieterska. &#8211; Aniversarea centenarului va fi \u00eencheiat\u0103 simbolic cu o expozi\u021bie dedicat\u0103 mare\u0219alului J\u00f3zef Pi\u0142sudski, renumit conduc\u0103tor \u0219i politician polonez, pe care o vom prezenta la Muzeul de Istorie a Moldovei \u00een noiembrie 2018 &#8211; a ad\u0103ugat aceasta.<\/p>\n<p>Expozi\u021bia poate fi vizitat\u0103 la Muzeul Na\u021bional de Istorie a Moldovei din Chi\u0219in\u0103u (str. 31 August 1989 nr. 121 A) de luni p\u00e2n\u0103 joi \u0219i de s\u00e2mb\u0103t\u0103 p\u00e2n\u0103 duminic\u0103 \u00eentre orele 10.00-17.00.<\/p>\n<p>Mai multe informa\u021bii despre muzeu pot fi g\u0103site pe pagina\u00a0<a href=\"https:\/\/www.nationalmuseum.md\/\" target=\"_blank\" rel=\"noopener noreferrer\">www.nationalmuseum.md<\/a><\/p>\n","protected":false},"excerpt":{"rendered":"<p>Expozi\u021bia acord\u0103 o aten\u021bie deosebit\u0103 particip\u0103rii cerceta\u0219ilor la evenimente importante pentru istoria \u0219i independen\u021ba Poloniei. De asemenea, ea este un element al anivers\u0103rii \u00een anul 2018 a 100 de ani de la rec\u00e2\u0219tigarea independen\u021bei Poloniei. &#8211; Datorit\u0103 accesului la colec\u021biile Muzeului Cercet\u0103\u0219iei, Arhivei Na\u021bionale Digitale din Polonia sau ale Asocia\u021biei Cerceta\u0219ilor Tradi\u021bionali din Rom\u00e2nia am [&hellip;]<\/p>\n","protected":false},"author":44,"featured_media":2385,"comment_status":"open","ping_status":"open","sticky":false,"template":"","format":"standard","meta":{"inline_featured_image":false,"_monsterinsights_skip_tracking":false,"_monsterinsights_sitenote_active":false,"_monsterinsights_sitenote_note":"","_monsterinsights_sitenote_category":0,"footnotes":""},"categories":[14],"tags":[],"class_list":["post-2384","post","type-post","status-publish","format-standard","has-post-thumbnail","hentry","category-istorie"],"yoast_head":"<!-- This site is optimized with the Yoast SEO plugin v24.6 - https:\/\/yoast.com\/wordpress\/plugins\/seo\/ -->\n<title>Despre cerceta\u0219ii polonezi \u00een Moldova - Instytut Polski w Bukareszcie<\/title>\n<meta name=\"robots\" content=\"index, follow, max-snippet:-1, max-image-preview:large, max-video-preview:-1\" \/>\n<link rel=\"canonical\" href=\"https:\/\/instytutpolski.pl\/bucuresti\/2018\/01\/26\/despre-cercetasii-polonezi-in-moldova\/\" \/>\n<meta property=\"og:locale\" content=\"pl_PL\" \/>\n<meta property=\"og:type\" content=\"article\" \/>\n<meta property=\"og:title\" content=\"Despre cerceta\u0219ii polonezi \u00een Moldova - Instytut Polski w Bukareszcie\" \/>\n<meta property=\"og:description\" content=\"Expozi\u021bia acord\u0103 o aten\u021bie deosebit\u0103 particip\u0103rii cerceta\u0219ilor la evenimente importante pentru istoria \u0219i independen\u021ba Poloniei. De asemenea, ea este un element al anivers\u0103rii \u00een anul 2018 a 100 de ani de la rec\u00e2\u0219tigarea independen\u021bei Poloniei. &#8211; Datorit\u0103 accesului la colec\u021biile Muzeului Cercet\u0103\u0219iei, Arhivei Na\u021bionale Digitale din Polonia sau ale Asocia\u021biei Cerceta\u0219ilor Tradi\u021bionali din Rom\u00e2nia am [&hellip;]\" \/>\n<meta property=\"og:url\" content=\"https:\/\/instytutpolski.pl\/bucuresti\/2018\/01\/26\/despre-cercetasii-polonezi-in-moldova\/\" \/>\n<meta property=\"og:site_name\" content=\"Instytut Polski w Bukareszcie\" \/>\n<meta property=\"article:published_time\" content=\"2018-01-26T09:06:00+00:00\" \/>\n<meta property=\"article:modified_time\" content=\"2020-05-28T08:08:08+00:00\" \/>\n<meta property=\"og:image\" content=\"https:\/\/instytutpolski.pl\/bucuresti\/wp-content\/uploads\/sites\/11\/2020\/05\/despre-cercetasii-polonezi-in-moldova_2c28c4.jpg\" \/>\n\t<meta property=\"og:image:width\" content=\"2000\" \/>\n\t<meta property=\"og:image:height\" content=\"1526\" \/>\n\t<meta property=\"og:image:type\" content=\"image\/jpeg\" \/>\n<meta name=\"author\" content=\"zalaszewskak\" \/>\n<meta name=\"twitter:card\" content=\"summary_large_image\" \/>\n<meta name=\"twitter:label1\" content=\"Napisane przez\" \/>\n\t<meta name=\"twitter:data1\" content=\"zalaszewskak\" \/>\n\t<meta name=\"twitter:label2\" content=\"Szacowany czas czytania\" \/>\n\t<meta name=\"twitter:data2\" content=\"2 minuty\" \/>\n<script type=\"application\/ld+json\" class=\"yoast-schema-graph\">{\"@context\":\"https:\/\/schema.org\",\"@graph\":[{\"@type\":\"event\",\"@id\":\"https:\/\/instytutpolski.pl\/bucuresti\/2018\/01\/26\/despre-cercetasii-polonezi-in-moldova\/\",\"url\":\"https:\/\/instytutpolski.pl\/bucuresti\/2018\/01\/26\/despre-cercetasii-polonezi-in-moldova\/\",\"name\":\"Despre cerceta\u0219ii polonezi \u00een Moldova\",\"isPartOf\":{\"@id\":\"https:\/\/instytutpolski.pl\/bucuresti\/#website\"},\"primaryImageOfPage\":{\"@id\":\"https:\/\/instytutpolski.pl\/bucuresti\/2018\/01\/26\/despre-cercetasii-polonezi-in-moldova\/#primaryimage\"},\"image\":[\"https:\/\/instytutpolski.pl\/bucuresti\/wp-content\/uploads\/sites\/11\/2020\/05\/despre-cercetasii-polonezi-in-moldova_2c28c4.jpg\",\"https:\/\/instytutpolski.pl\/bucuresti\/wp-content\/uploads\/sites\/11\/2020\/05\/despre-cercetasii-polonezi-in-moldova_2c28c4-300x229.jpg\",\"https:\/\/instytutpolski.pl\/bucuresti\/wp-content\/uploads\/sites\/11\/2020\/05\/despre-cercetasii-polonezi-in-moldova_2c28c4-1024x781.jpg\",\"https:\/\/instytutpolski.pl\/bucuresti\/wp-content\/uploads\/sites\/11\/2020\/05\/despre-cercetasii-polonezi-in-moldova_2c28c4.jpg\"],\"thumbnailUrl\":\"https:\/\/instytutpolski.pl\/bucuresti\/wp-content\/uploads\/sites\/11\/2020\/05\/despre-cercetasii-polonezi-in-moldova_2c28c4.jpg\",\"datePublished\":\"2018-01-26T09:06:00+02:00\",\"dateModified\":\"2020-05-28T08:08:08+02:00\",\"author\":{\"@id\":\"https:\/\/instytutpolski.pl\/bucuresti\/#\/schema\/person\/cbf38f4ffa10f919673d0e5f3ee6677d\"},\"breadcrumb\":{\"@id\":\"https:\/\/instytutpolski.pl\/bucuresti\/2018\/01\/26\/despre-cercetasii-polonezi-in-moldova\/#breadcrumb\"},\"inLanguage\":\"pl-PL\",\"potentialAction\":[{\"@type\":\"ReadAction\",\"target\":[\"https:\/\/instytutpolski.pl\/bucuresti\/2018\/01\/26\/despre-cercetasii-polonezi-in-moldova\/\"]}],\"@context\":\"https:\/\/schema.org\",\"startDate\":\"2018-02-01\",\"endDate\":\"2018-02-18\",\"eventStatus\":\"EventScheduled\",\"eventAttendanceMode\":\"OfflineEventAttendanceMode\",\"location\":{\"@type\":\"place\",\"name\":\"\",\"address\":\"\",\"geo\":{\"@type\":\"GeoCoordinates\",\"latitude\":\"\",\"longitude\":\"\"}},\"description\":\"Expozi\u021bia acord\u0103 o aten\u021bie deosebit\u0103 particip\u0103rii cerceta\u0219ilor la evenimente importante pentru istoria \u0219i independen\u021ba Poloniei. De asemenea, ea este un element al anivers\u0103rii \u00een anul 2018 a 100 de ani de la rec\u00e2\u0219tigarea independen\u021bei Poloniei.\\n- Datorit\u0103 accesului la colec\u021biile Muzeului Cercet\u0103\u0219iei, Arhivei Na\u021bionale Digitale din Polonia sau ale Asocia\u021biei Cerceta\u0219ilor Tradi\u021bionali din Rom\u00e2nia am intrat \u00een posesia unor materiale \u0219i publica\u021bii unicat care prezint\u0103 pagini ale istoriei comune a cerceta\u0219ilor - a declarat Agnieszka Skieterska, directorul Institutului Polonez din Bucure\u0219ti.\\nPrin intermediul expozi\u021biei putem afla, printre altele, despre includerea cerceta\u0219ilor polonezi \u00een legiuni, despre lupta lor \u00een cadrul R\u00e2ndurilor Cenu\u0219ii sau despre influen\u021ba educa\u021biei cercet\u0103\u0219e\u0219ti asupra genera\u021bii \u00eentregi de tineri polonezi, la baza c\u0103reia se afl\u0103 valori precum patriotismul, tov\u0103r\u0103\u0219ia, prietenia, serviciul \u00een folosul celorlal\u021bi, credin\u021ba, munca, corectitudinea, libertatea \u0219i pacea.\\n- Prin intermediul acestei pove\u0219ti despre cercet\u0103\u0219ia polonez\u0103 \u0219i semnfica\u021bia ei pentru Polonia \u00eencepem \u00een Moldova o serie de evenimente \u00een contextul centenarului recuceririi independen\u021bei Poloniei, care a avut loc \u00een noiembrie 1918. Atunci, dup\u0103 123 de ani de anex\u0103ri, de \u00eemp\u0103r\u021biri ale teritoriilor poloneze \u00eentre Rusia, Prusia \u0219i Austria, care le-au acaparat de trei ori \u0219i au \u00eencercat s\u0103-i priveze pe polonezi nu doar de patria lor, ci \u0219i de limba, tradi\u021biile \u0219i cultura lor, \u021bara a revenit pe harta Europei - aminte\u0219te doamna director Skieterska. - Aniversarea centenarului va fi \u00eencheiat\u0103 simbolic cu o expozi\u021bie dedicat\u0103 mare\u0219alului J\u00f3zef Pi\u0142sudski, renumit conduc\u0103tor \u0219i politician polonez, pe care o vom prezenta la Muzeul de Istorie a Moldovei \u00een noiembrie 2018 - a ad\u0103ugat aceasta.\\nExpozi\u021bia poate fi vizitat\u0103 la Muzeul Na\u021bional de Istorie a Moldovei din Chi\u0219in\u0103u (str. 31 August 1989 nr. 121 A) de luni p\u00e2n\u0103 joi \u0219i de s\u00e2mb\u0103t\u0103 p\u00e2n\u0103 duminic\u0103 \u00eentre orele 10.00-17.00.\\nMai multe informa\u021bii despre muzeu pot fi g\u0103site pe pagina\u00a0www.nationalmuseum.md\"},{\"@type\":\"ImageObject\",\"inLanguage\":\"pl-PL\",\"@id\":\"https:\/\/instytutpolski.pl\/bucuresti\/2018\/01\/26\/despre-cercetasii-polonezi-in-moldova\/#primaryimage\",\"url\":\"https:\/\/instytutpolski.pl\/bucuresti\/wp-content\/uploads\/sites\/11\/2020\/05\/despre-cercetasii-polonezi-in-moldova_2c28c4.jpg\",\"contentUrl\":\"https:\/\/instytutpolski.pl\/bucuresti\/wp-content\/uploads\/sites\/11\/2020\/05\/despre-cercetasii-polonezi-in-moldova_2c28c4.jpg\",\"width\":2000,\"height\":1526},{\"@type\":\"BreadcrumbList\",\"@id\":\"https:\/\/instytutpolski.pl\/bucuresti\/2018\/01\/26\/despre-cercetasii-polonezi-in-moldova\/#breadcrumb\",\"itemListElement\":[{\"@type\":\"ListItem\",\"position\":1,\"name\":\"Home\",\"item\":\"https:\/\/instytutpolski.pl\/bucuresti\/\"},{\"@type\":\"ListItem\",\"position\":2,\"name\":\"Despre cerceta\u0219ii polonezi \u00een Moldova\"}]},{\"@type\":\"WebSite\",\"@id\":\"https:\/\/instytutpolski.pl\/bucuresti\/#website\",\"url\":\"https:\/\/instytutpolski.pl\/bucuresti\/\",\"name\":\"Instytut Polski w Bukareszcie\",\"description\":\"Instytuty Polskie\",\"potentialAction\":[{\"@type\":\"SearchAction\",\"target\":{\"@type\":\"EntryPoint\",\"urlTemplate\":\"https:\/\/instytutpolski.pl\/bucuresti\/?s={search_term_string}\"},\"query-input\":{\"@type\":\"PropertyValueSpecification\",\"valueRequired\":true,\"valueName\":\"search_term_string\"}}],\"inLanguage\":\"pl-PL\"},{\"@type\":\"Person\",\"@id\":\"https:\/\/instytutpolski.pl\/bucuresti\/#\/schema\/person\/cbf38f4ffa10f919673d0e5f3ee6677d\",\"name\":\"zalaszewskak\",\"image\":{\"@type\":\"ImageObject\",\"inLanguage\":\"pl-PL\",\"@id\":\"https:\/\/instytutpolski.pl\/bucuresti\/#\/schema\/person\/image\/\",\"url\":\"https:\/\/secure.gravatar.com\/avatar\/c2e847fb86e9b9e6a80aa771ff34772f?s=96&d=mm&r=g\",\"contentUrl\":\"https:\/\/secure.gravatar.com\/avatar\/c2e847fb86e9b9e6a80aa771ff34772f?s=96&d=mm&r=g\",\"caption\":\"zalaszewskak\"},\"url\":\"https:\/\/instytutpolski.pl\/bucuresti\/author\/zalaszewskak\/\"}]}<\/script>\n<!-- \/ Yoast SEO plugin. -->","yoast_head_json":{"title":"Despre cerceta\u0219ii polonezi \u00een Moldova - Instytut Polski w Bukareszcie","robots":{"index":"index","follow":"follow","max-snippet":"max-snippet:-1","max-image-preview":"max-image-preview:large","max-video-preview":"max-video-preview:-1"},"canonical":"https:\/\/instytutpolski.pl\/bucuresti\/2018\/01\/26\/despre-cercetasii-polonezi-in-moldova\/","og_locale":"pl_PL","og_type":"article","og_title":"Despre cerceta\u0219ii polonezi \u00een Moldova - Instytut Polski w Bukareszcie","og_description":"Expozi\u021bia acord\u0103 o aten\u021bie deosebit\u0103 particip\u0103rii cerceta\u0219ilor la evenimente importante pentru istoria \u0219i independen\u021ba Poloniei. De asemenea, ea este un element al anivers\u0103rii \u00een anul 2018 a 100 de ani de la rec\u00e2\u0219tigarea independen\u021bei Poloniei. &#8211; Datorit\u0103 accesului la colec\u021biile Muzeului Cercet\u0103\u0219iei, Arhivei Na\u021bionale Digitale din Polonia sau ale Asocia\u021biei Cerceta\u0219ilor Tradi\u021bionali din Rom\u00e2nia am [&hellip;]","og_url":"https:\/\/instytutpolski.pl\/bucuresti\/2018\/01\/26\/despre-cercetasii-polonezi-in-moldova\/","og_site_name":"Instytut Polski w Bukareszcie","article_published_time":"2018-01-26T09:06:00+00:00","article_modified_time":"2020-05-28T08:08:08+00:00","og_image":[{"width":2000,"height":1526,"url":"https:\/\/instytutpolski.pl\/bucuresti\/wp-content\/uploads\/sites\/11\/2020\/05\/despre-cercetasii-polonezi-in-moldova_2c28c4.jpg","type":"image\/jpeg"}],"author":"zalaszewskak","twitter_card":"summary_large_image","twitter_misc":{"Napisane przez":"zalaszewskak","Szacowany czas czytania":"2 minuty"},"schema":{"@context":"https:\/\/schema.org","@graph":[{"@type":"event","@id":"https:\/\/instytutpolski.pl\/bucuresti\/2018\/01\/26\/despre-cercetasii-polonezi-in-moldova\/","url":"https:\/\/instytutpolski.pl\/bucuresti\/2018\/01\/26\/despre-cercetasii-polonezi-in-moldova\/","name":"Despre cerceta\u0219ii polonezi \u00een Moldova","isPartOf":{"@id":"https:\/\/instytutpolski.pl\/bucuresti\/#website"},"primaryImageOfPage":{"@id":"https:\/\/instytutpolski.pl\/bucuresti\/2018\/01\/26\/despre-cercetasii-polonezi-in-moldova\/#primaryimage"},"image":["https:\/\/instytutpolski.pl\/bucuresti\/wp-content\/uploads\/sites\/11\/2020\/05\/despre-cercetasii-polonezi-in-moldova_2c28c4.jpg","https:\/\/instytutpolski.pl\/bucuresti\/wp-content\/uploads\/sites\/11\/2020\/05\/despre-cercetasii-polonezi-in-moldova_2c28c4-300x229.jpg","https:\/\/instytutpolski.pl\/bucuresti\/wp-content\/uploads\/sites\/11\/2020\/05\/despre-cercetasii-polonezi-in-moldova_2c28c4-1024x781.jpg","https:\/\/instytutpolski.pl\/bucuresti\/wp-content\/uploads\/sites\/11\/2020\/05\/despre-cercetasii-polonezi-in-moldova_2c28c4.jpg"],"thumbnailUrl":"https:\/\/instytutpolski.pl\/bucuresti\/wp-content\/uploads\/sites\/11\/2020\/05\/despre-cercetasii-polonezi-in-moldova_2c28c4.jpg","datePublished":"2018-01-26T09:06:00+02:00","dateModified":"2020-05-28T08:08:08+02:00","author":{"@id":"https:\/\/instytutpolski.pl\/bucuresti\/#\/schema\/person\/cbf38f4ffa10f919673d0e5f3ee6677d"},"breadcrumb":{"@id":"https:\/\/instytutpolski.pl\/bucuresti\/2018\/01\/26\/despre-cercetasii-polonezi-in-moldova\/#breadcrumb"},"inLanguage":"pl-PL","potentialAction":[{"@type":"ReadAction","target":["https:\/\/instytutpolski.pl\/bucuresti\/2018\/01\/26\/despre-cercetasii-polonezi-in-moldova\/"]}],"@context":"https:\/\/schema.org","startDate":"2018-02-01","endDate":"2018-02-18","eventStatus":"EventScheduled","eventAttendanceMode":"OfflineEventAttendanceMode","location":{"@type":"place","name":"","address":"","geo":{"@type":"GeoCoordinates","latitude":"","longitude":""}},"description":"Expozi\u021bia acord\u0103 o aten\u021bie deosebit\u0103 particip\u0103rii cerceta\u0219ilor la evenimente importante pentru istoria \u0219i independen\u021ba Poloniei. De asemenea, ea este un element al anivers\u0103rii \u00een anul 2018 a 100 de ani de la rec\u00e2\u0219tigarea independen\u021bei Poloniei.\n- Datorit\u0103 accesului la colec\u021biile Muzeului Cercet\u0103\u0219iei, Arhivei Na\u021bionale Digitale din Polonia sau ale Asocia\u021biei Cerceta\u0219ilor Tradi\u021bionali din Rom\u00e2nia am intrat \u00een posesia unor materiale \u0219i publica\u021bii unicat care prezint\u0103 pagini ale istoriei comune a cerceta\u0219ilor - a declarat Agnieszka Skieterska, directorul Institutului Polonez din Bucure\u0219ti.\nPrin intermediul expozi\u021biei putem afla, printre altele, despre includerea cerceta\u0219ilor polonezi \u00een legiuni, despre lupta lor \u00een cadrul R\u00e2ndurilor Cenu\u0219ii sau despre influen\u021ba educa\u021biei cercet\u0103\u0219e\u0219ti asupra genera\u021bii \u00eentregi de tineri polonezi, la baza c\u0103reia se afl\u0103 valori precum patriotismul, tov\u0103r\u0103\u0219ia, prietenia, serviciul \u00een folosul celorlal\u021bi, credin\u021ba, munca, corectitudinea, libertatea \u0219i pacea.\n- Prin intermediul acestei pove\u0219ti despre cercet\u0103\u0219ia polonez\u0103 \u0219i semnfica\u021bia ei pentru Polonia \u00eencepem \u00een Moldova o serie de evenimente \u00een contextul centenarului recuceririi independen\u021bei Poloniei, care a avut loc \u00een noiembrie 1918. Atunci, dup\u0103 123 de ani de anex\u0103ri, de \u00eemp\u0103r\u021biri ale teritoriilor poloneze \u00eentre Rusia, Prusia \u0219i Austria, care le-au acaparat de trei ori \u0219i au \u00eencercat s\u0103-i priveze pe polonezi nu doar de patria lor, ci \u0219i de limba, tradi\u021biile \u0219i cultura lor, \u021bara a revenit pe harta Europei - aminte\u0219te doamna director Skieterska. - Aniversarea centenarului va fi \u00eencheiat\u0103 simbolic cu o expozi\u021bie dedicat\u0103 mare\u0219alului J\u00f3zef Pi\u0142sudski, renumit conduc\u0103tor \u0219i politician polonez, pe care o vom prezenta la Muzeul de Istorie a Moldovei \u00een noiembrie 2018 - a ad\u0103ugat aceasta.\nExpozi\u021bia poate fi vizitat\u0103 la Muzeul Na\u021bional de Istorie a Moldovei din Chi\u0219in\u0103u (str. 31 August 1989 nr. 121 A) de luni p\u00e2n\u0103 joi \u0219i de s\u00e2mb\u0103t\u0103 p\u00e2n\u0103 duminic\u0103 \u00eentre orele 10.00-17.00.\nMai multe informa\u021bii despre muzeu pot fi g\u0103site pe pagina\u00a0www.nationalmuseum.md"},{"@type":"ImageObject","inLanguage":"pl-PL","@id":"https:\/\/instytutpolski.pl\/bucuresti\/2018\/01\/26\/despre-cercetasii-polonezi-in-moldova\/#primaryimage","url":"https:\/\/instytutpolski.pl\/bucuresti\/wp-content\/uploads\/sites\/11\/2020\/05\/despre-cercetasii-polonezi-in-moldova_2c28c4.jpg","contentUrl":"https:\/\/instytutpolski.pl\/bucuresti\/wp-content\/uploads\/sites\/11\/2020\/05\/despre-cercetasii-polonezi-in-moldova_2c28c4.jpg","width":2000,"height":1526},{"@type":"BreadcrumbList","@id":"https:\/\/instytutpolski.pl\/bucuresti\/2018\/01\/26\/despre-cercetasii-polonezi-in-moldova\/#breadcrumb","itemListElement":[{"@type":"ListItem","position":1,"name":"Home","item":"https:\/\/instytutpolski.pl\/bucuresti\/"},{"@type":"ListItem","position":2,"name":"Despre cerceta\u0219ii polonezi \u00een Moldova"}]},{"@type":"WebSite","@id":"https:\/\/instytutpolski.pl\/bucuresti\/#website","url":"https:\/\/instytutpolski.pl\/bucuresti\/","name":"Instytut Polski w Bukareszcie","description":"Instytuty Polskie","potentialAction":[{"@type":"SearchAction","target":{"@type":"EntryPoint","urlTemplate":"https:\/\/instytutpolski.pl\/bucuresti\/?s={search_term_string}"},"query-input":{"@type":"PropertyValueSpecification","valueRequired":true,"valueName":"search_term_string"}}],"inLanguage":"pl-PL"},{"@type":"Person","@id":"https:\/\/instytutpolski.pl\/bucuresti\/#\/schema\/person\/cbf38f4ffa10f919673d0e5f3ee6677d","name":"zalaszewskak","image":{"@type":"ImageObject","inLanguage":"pl-PL","@id":"https:\/\/instytutpolski.pl\/bucuresti\/#\/schema\/person\/image\/","url":"https:\/\/secure.gravatar.com\/avatar\/c2e847fb86e9b9e6a80aa771ff34772f?s=96&d=mm&r=g","contentUrl":"https:\/\/secure.gravatar.com\/avatar\/c2e847fb86e9b9e6a80aa771ff34772f?s=96&d=mm&r=g","caption":"zalaszewskak"},"url":"https:\/\/instytutpolski.pl\/bucuresti\/author\/zalaszewskak\/"}]}},"_links":{"self":[{"href":"https:\/\/instytutpolski.pl\/bucuresti\/wp-json\/wp\/v2\/posts\/2384","targetHints":{"allow":["GET"]}}],"collection":[{"href":"https:\/\/instytutpolski.pl\/bucuresti\/wp-json\/wp\/v2\/posts"}],"about":[{"href":"https:\/\/instytutpolski.pl\/bucuresti\/wp-json\/wp\/v2\/types\/post"}],"author":[{"embeddable":true,"href":"https:\/\/instytutpolski.pl\/bucuresti\/wp-json\/wp\/v2\/users\/44"}],"replies":[{"embeddable":true,"href":"https:\/\/instytutpolski.pl\/bucuresti\/wp-json\/wp\/v2\/comments?post=2384"}],"version-history":[{"count":2,"href":"https:\/\/instytutpolski.pl\/bucuresti\/wp-json\/wp\/v2\/posts\/2384\/revisions"}],"predecessor-version":[{"id":2387,"href":"https:\/\/instytutpolski.pl\/bucuresti\/wp-json\/wp\/v2\/posts\/2384\/revisions\/2387"}],"wp:featuredmedia":[{"embeddable":true,"href":"https:\/\/instytutpolski.pl\/bucuresti\/wp-json\/wp\/v2\/media\/2385"}],"wp:attachment":[{"href":"https:\/\/instytutpolski.pl\/bucuresti\/wp-json\/wp\/v2\/media?parent=2384"}],"wp:term":[{"taxonomy":"category","embeddable":true,"href":"https:\/\/instytutpolski.pl\/bucuresti\/wp-json\/wp\/v2\/categories?post=2384"},{"taxonomy":"post_tag","embeddable":true,"href":"https:\/\/instytutpolski.pl\/bucuresti\/wp-json\/wp\/v2\/tags?post=2384"}],"curies":[{"name":"wp","href":"https:\/\/api.w.org\/{rel}","templated":true}]}}