{"id":2437,"date":"2016-05-10T14:31:00","date_gmt":"2016-05-10T12:31:00","guid":{"rendered":"https:\/\/instytutpolski.pl\/bucuresti\/?p=2437"},"modified":"2020-05-28T14:40:27","modified_gmt":"2020-05-28T12:40:27","slug":"adam-baldych-helge-lien-trio-na-green-hours-jazz","status":"publish","type":"post","link":"https:\/\/instytutpolski.pl\/bucuresti\/pl\/2016\/05\/10\/adam-baldych-helge-lien-trio-na-green-hours-jazz\/","title":{"rendered":"Adam Ba\u0142dych &amp; Helge Lien Trio na Green Hours Jazz"},"content":{"rendered":"\n<div class=\"post-text-container\">\n<p>W czasie tegorocznego koncertu Adam Ba\u0142dych wraz z norweskim Helge Lien Trio zaprezentuje cykl kompozycji napisanych przez Polaka w 2014 roku. P\u0142yta \u201eBridges\u201d ukaza\u0142a si\u0119 w zesz\u0142ym roku nak\u0142adem presti\u017cowej niemieckiej wytw\u00f3rni ACT Music. Jest to ju\u017c trzecia p\u0142yta polskiego jazzmana, wydana przez to studio. Adam Ba\u0142dych po raz pierwszy wyst\u0105pi\u0142 przed bukareszte\u0144sk\u0105 publiczno\u015bci\u0105 trzy lata temu, wraz ze swoim zespo\u0142em Imaginary Quartet.<\/p>\n<p><strong>28 maj, godz. 20.30 &#8211; ogr\u00f3d klubu Green Hours, Calea Victoriei 120, Bukareszt<\/strong><\/p>\n<p>Adam Ba\u0142dych\u00a0(PL) &#8211; skrzypce<br \/>Helge Lien\u00a0(NO) &#8211; fortepian<br \/>Frode Berg\u00a0(NO) &#8211; kontrabas<br \/>Per Oddvar Johanse (NO)\u00a0&#8211; perkusja<\/p>\n<p>Wiecz\u00f3r koncertowy zaczyna si\u0119 o godz. 18.45 z koncertem duetu Michael Wollny (DE) &amp; Vincent Peirani (FR).<\/p>\n<p>https:\/\/www.youtube.com\/watch?v=GSUwfi264Rg<\/p>\n<p><strong>Adam Ba\u0142dych\u00a0<\/strong>(ur. 1986, Polska) &#8211; skrzypek, kompozytor, absolwent Akademii Muzycznej w Katowicach, przez wielu krytyk\u00f3w uznawany jest za nadziej\u0119 \u015bwiatowej wiolinistyki jazzowej oraz wirtuoza skrzypiec. \u00a0W wieku 16 lat zosta\u0142 okrzykni\u0119ty \u201ecudownym dzieckiem\u201d i szybko zacz\u0105\u0142 koncertowa\u0107 z wybitnymi muzykami polskimi i ameryka\u0144skimi na ca\u0142ym \u015bwiecie. Wsp\u00f3\u0142pracuje z wybitnymi artystami europejskimi i wydaje p\u0142yty w presti\u017cowej niemieckiej wytw\u00f3rni fonograficznej ACT MUSIC. Jest laureatem ECHO Jazz 2013, najwa\u017cniejszej nagrody przyznawanej artystom z ca\u0142ego \u015bwiata przez niemiecki przemys\u0142 muzyczny, Grand Prix Jazz Melomani 2011 w kategorii \u201eNadzieja Meloman\u00f3w\u201d oraz Grand Prix Jazz Melomani 2012 w kategorii \u201eArtysta Roku\u201d. By\u0142 r\u00f3wnie\u017c nominowany do polskiej nagrody muzycznej \u201eFryderyk\u201d w latach 2013, 2015 oraz 2016 w kategorii \u201eArtysta Roku Muzyka Jazzowa\u201d, a tak\u017ce do \u00a0ECHO Jazz 2016.<\/p>\n<p>\u201eBez w\u0105tpienia Adam jest najbardziej rozwini\u0119tym skrzypkiem \u017cyj\u0105cym w naszych czasach. Mo\u017cemy spodziewa\u0107 si\u0119 po nim wszystkiego.\u201d &#8211; pisa\u0142 Urlich Olshausen z niemieckiego Frankfurter Allgemeine Zeitung po jednym z koncert\u00f3w Adama.<\/p>\n<p><strong>Helge Lien Trio<\/strong>\u00a0&#8211; jeden z najwa\u017cniejszych skandynawskich zespo\u0142\u00f3w jazzowych, za\u0142o\u017cony w roku 1999 z inicjatywy norweskiego pianisty Helge Liena. W jego tw\u00f3rczo\u015bci nie trudno dopatrz\u0107 si\u0119 odniesie\u0144 do zespo\u0142\u00f3w Billa Evansa, Keitha Jarretta czy mistrza Brada Mehldaua. W 2008 roku trio zdoby\u0142o norweski odpowiednik nagrody Grammy za sw\u00f3j album \u201eHello Troll\u201d i osi\u0105gn\u0119\u0142o mi\u0119dzynarodowe uznanie przypiecz\u0119towane koncertami m.in. w Japonii, Niemczech i Kanadzie. \u0141\u0105cznie ma na swoim koncie osiem album\u00f3w, ostatni wydany w roku 2014.<\/p>\n<p>\u201eHelge Lien da\u0142 si\u0119 pozna\u0107 jako pianista, kt\u00f3ry nie boi si\u0119 eksplorowa\u0107 i eksperymentowa\u0107 z r\u00f3\u017cnymi gatunkami muzycznymi, ale jego cech\u0105 charakterystyczn\u0105 zawsze pozostanie jazz. Jego pomys\u0142owo\u015b\u0107 i spos\u00f3b improwizacji sprawia, \u017ce nazywany jest \u201ekompozytorem chwili\u201d. &#8211; Bjarne S\u00f8ltoft, Jazznytt (Norwegia)<\/p>\n<p><span style=\"color: inherit;font-size: 1.25em;font-weight: 600\">Gdzie i kiedy?<\/span><\/p>\n<\/div>\n<div class=\"event-sidebar\">\n<section class=\"meta\">\n<ul class=\"iconized\">\n<li class=\"event-location\"><a class=\"map-locator\" title=\"Zobacz na mapie\" href=\"https:\/\/maps.google.com\/?q=Bucure%C8%99ti%2C+Green+Hours+Jazz+Cafe\"><i class=\"fa fa-map-marker\"><\/i><b>Bucure\u0219ti, Green Hours Jazz Cafe<\/b><span class=\"period\">28-05-2016 (Godzina 20:30)<\/span><\/a><\/li>\n<\/ul>\n<h4 class=\"clearfix\">Bilety<\/h4>\n<p>Bilety mo\u017cna kupi\u0107 na stronie bilet.ro<\/p>\n<\/section>\n<\/div>\n","protected":false},"excerpt":{"rendered":"<p>W czasie tegorocznego koncertu Adam Ba\u0142dych wraz z norweskim Helge Lien Trio zaprezentuje cykl kompozycji napisanych przez Polaka w 2014 roku. P\u0142yta \u201eBridges\u201d ukaza\u0142a si\u0119 w zesz\u0142ym roku nak\u0142adem presti\u017cowej niemieckiej wytw\u00f3rni ACT Music. Jest to ju\u017c trzecia p\u0142yta polskiego jazzmana, wydana przez to studio. Adam Ba\u0142dych po raz pierwszy wyst\u0105pi\u0142 przed bukareszte\u0144sk\u0105 publiczno\u015bci\u0105 trzy [&hellip;]<\/p>\n","protected":false},"author":40,"featured_media":2434,"comment_status":"open","ping_status":"open","sticky":false,"template":"","format":"standard","meta":{"inline_featured_image":false,"_monsterinsights_skip_tracking":false,"_monsterinsights_sitenote_active":false,"_monsterinsights_sitenote_note":"","_monsterinsights_sitenote_category":0,"footnotes":""},"categories":[125,96],"tags":[],"class_list":["post-2437","post","type-post","status-publish","format-standard","has-post-thumbnail","hentry","category-muzyka","category-wydarzenia"],"yoast_head":"<!-- This site is optimized with the Yoast SEO plugin v24.6 - https:\/\/yoast.com\/wordpress\/plugins\/seo\/ -->\n<title>Adam Ba\u0142dych &amp; Helge Lien Trio na Green Hours Jazz - Instytut Polski w Bukareszcie<\/title>\n<meta name=\"robots\" content=\"index, follow, max-snippet:-1, max-image-preview:large, max-video-preview:-1\" \/>\n<link rel=\"canonical\" href=\"https:\/\/instytutpolski.pl\/bucuresti\/pl\/2016\/05\/10\/adam-baldych-helge-lien-trio-na-green-hours-jazz\/\" \/>\n<meta property=\"og:locale\" content=\"pl_PL\" \/>\n<meta property=\"og:type\" content=\"article\" \/>\n<meta property=\"og:title\" content=\"Adam Ba\u0142dych &amp; Helge Lien Trio na Green Hours Jazz - Instytut Polski w Bukareszcie\" \/>\n<meta property=\"og:description\" content=\"W czasie tegorocznego koncertu Adam Ba\u0142dych wraz z norweskim Helge Lien Trio zaprezentuje cykl kompozycji napisanych przez Polaka w 2014 roku. P\u0142yta \u201eBridges\u201d ukaza\u0142a si\u0119 w zesz\u0142ym roku nak\u0142adem presti\u017cowej niemieckiej wytw\u00f3rni ACT Music. Jest to ju\u017c trzecia p\u0142yta polskiego jazzmana, wydana przez to studio. Adam Ba\u0142dych po raz pierwszy wyst\u0105pi\u0142 przed bukareszte\u0144sk\u0105 publiczno\u015bci\u0105 trzy [&hellip;]\" \/>\n<meta property=\"og:url\" content=\"https:\/\/instytutpolski.pl\/bucuresti\/pl\/2016\/05\/10\/adam-baldych-helge-lien-trio-na-green-hours-jazz\/\" \/>\n<meta property=\"og:site_name\" content=\"Instytut Polski w Bukareszcie\" \/>\n<meta property=\"article:published_time\" content=\"2016-05-10T12:31:00+00:00\" \/>\n<meta property=\"article:modified_time\" content=\"2020-05-28T12:40:27+00:00\" \/>\n<meta property=\"og:image\" content=\"https:\/\/instytutpolski.pl\/bucuresti\/wp-content\/uploads\/sites\/11\/2020\/05\/adam-baldych-helge-lien-trio-2.jpg\" \/>\n\t<meta property=\"og:image:width\" content=\"1900\" \/>\n\t<meta property=\"og:image:height\" content=\"1550\" \/>\n\t<meta property=\"og:image:type\" content=\"image\/jpeg\" \/>\n<meta name=\"author\" content=\"mrozowskiw\" \/>\n<meta name=\"twitter:card\" content=\"summary_large_image\" \/>\n<meta name=\"twitter:label1\" content=\"Napisane przez\" \/>\n\t<meta name=\"twitter:data1\" content=\"mrozowskiw\" \/>\n\t<meta name=\"twitter:label2\" content=\"Szacowany czas czytania\" \/>\n\t<meta name=\"twitter:data2\" content=\"2 minuty\" \/>\n<script type=\"application\/ld+json\" class=\"yoast-schema-graph\">{\"@context\":\"https:\/\/schema.org\",\"@graph\":[{\"@type\":\"event\",\"@id\":\"https:\/\/instytutpolski.pl\/bucuresti\/pl\/2016\/05\/10\/adam-baldych-helge-lien-trio-na-green-hours-jazz\/\",\"url\":\"https:\/\/instytutpolski.pl\/bucuresti\/pl\/2016\/05\/10\/adam-baldych-helge-lien-trio-na-green-hours-jazz\/\",\"name\":\"Adam Ba\u0142dych &amp; Helge Lien Trio na Green Hours Jazz\",\"isPartOf\":{\"@id\":\"https:\/\/instytutpolski.pl\/bucuresti\/#website\"},\"primaryImageOfPage\":{\"@id\":\"https:\/\/instytutpolski.pl\/bucuresti\/pl\/2016\/05\/10\/adam-baldych-helge-lien-trio-na-green-hours-jazz\/#primaryimage\"},\"image\":[\"https:\/\/instytutpolski.pl\/bucuresti\/wp-content\/uploads\/sites\/11\/2020\/05\/adam-baldych-helge-lien-trio-2.jpg\",\"https:\/\/instytutpolski.pl\/bucuresti\/wp-content\/uploads\/sites\/11\/2020\/05\/adam-baldych-helge-lien-trio-2-300x245.jpg\",\"https:\/\/instytutpolski.pl\/bucuresti\/wp-content\/uploads\/sites\/11\/2020\/05\/adam-baldych-helge-lien-trio-2-1024x835.jpg\",\"https:\/\/instytutpolski.pl\/bucuresti\/wp-content\/uploads\/sites\/11\/2020\/05\/adam-baldych-helge-lien-trio-2.jpg\"],\"thumbnailUrl\":\"https:\/\/instytutpolski.pl\/bucuresti\/wp-content\/uploads\/sites\/11\/2020\/05\/adam-baldych-helge-lien-trio-2.jpg\",\"datePublished\":\"2016-05-10T12:31:00+02:00\",\"dateModified\":\"2020-05-28T12:40:27+02:00\",\"author\":{\"@id\":\"https:\/\/instytutpolski.pl\/bucuresti\/#\/schema\/person\/bb4c505717d34987a9f9d15c79a24bb8\"},\"breadcrumb\":{\"@id\":\"https:\/\/instytutpolski.pl\/bucuresti\/pl\/2016\/05\/10\/adam-baldych-helge-lien-trio-na-green-hours-jazz\/#breadcrumb\"},\"inLanguage\":\"pl-PL\",\"potentialAction\":[{\"@type\":\"ReadAction\",\"target\":[\"https:\/\/instytutpolski.pl\/bucuresti\/pl\/2016\/05\/10\/adam-baldych-helge-lien-trio-na-green-hours-jazz\/\"]}],\"@context\":\"https:\/\/schema.org\",\"startDate\":\"2016-05-28\",\"endDate\":\"2016-05-28\",\"eventStatus\":\"EventScheduled\",\"eventAttendanceMode\":\"OfflineEventAttendanceMode\",\"location\":{\"@type\":\"place\",\"name\":\"\",\"address\":\"\",\"geo\":{\"@type\":\"GeoCoordinates\",\"latitude\":\"\",\"longitude\":\"\"}},\"description\":\"W czasie tegorocznego koncertu Adam Ba\u0142dych wraz z norweskim Helge Lien Trio zaprezentuje cykl kompozycji napisanych przez Polaka w 2014 roku. P\u0142yta \u201eBridges\u201d ukaza\u0142a si\u0119 w zesz\u0142ym roku nak\u0142adem presti\u017cowej niemieckiej wytw\u00f3rni ACT Music. Jest to ju\u017c trzecia p\u0142yta polskiego jazzmana, wydana przez to studio. Adam Ba\u0142dych po raz pierwszy wyst\u0105pi\u0142 przed bukareszte\u0144sk\u0105 publiczno\u015bci\u0105 trzy lata temu, wraz ze swoim zespo\u0142em Imaginary Quartet.\\n28 maj, godz. 20.30 - ogr\u00f3d klubu Green Hours, Calea Victoriei 120, Bukareszt\\nAdam Ba\u0142dych\u00a0(PL) - skrzypceHelge Lien\u00a0(NO) - fortepianFrode Berg\u00a0(NO) - kontrabasPer Oddvar Johanse (NO)\u00a0- perkusja\\nWiecz\u00f3r koncertowy zaczyna si\u0119 o godz. 18.45 z koncertem duetu Michael Wollny (DE) &amp; Vincent Peirani (FR).\\nhttps:\/\/www.youtube.com\/watch?v=GSUwfi264Rg\\nAdam Ba\u0142dych\u00a0(ur. 1986, Polska) - skrzypek, kompozytor, absolwent Akademii Muzycznej w Katowicach, przez wielu krytyk\u00f3w uznawany jest za nadziej\u0119 \u015bwiatowej wiolinistyki jazzowej oraz wirtuoza skrzypiec. \u00a0W wieku 16 lat zosta\u0142 okrzykni\u0119ty \u201ecudownym dzieckiem\u201d i szybko zacz\u0105\u0142 koncertowa\u0107 z wybitnymi muzykami polskimi i ameryka\u0144skimi na ca\u0142ym \u015bwiecie. Wsp\u00f3\u0142pracuje z wybitnymi artystami europejskimi i wydaje p\u0142yty w presti\u017cowej niemieckiej wytw\u00f3rni fonograficznej ACT MUSIC. Jest laureatem ECHO Jazz 2013, najwa\u017cniejszej nagrody przyznawanej artystom z ca\u0142ego \u015bwiata przez niemiecki przemys\u0142 muzyczny, Grand Prix Jazz Melomani 2011 w kategorii \u201eNadzieja Meloman\u00f3w\u201d oraz Grand Prix Jazz Melomani 2012 w kategorii \u201eArtysta Roku\u201d. By\u0142 r\u00f3wnie\u017c nominowany do polskiej nagrody muzycznej \u201eFryderyk\u201d w latach 2013, 2015 oraz 2016 w kategorii \u201eArtysta Roku Muzyka Jazzowa\u201d, a tak\u017ce do \u00a0ECHO Jazz 2016.\\n\u201eBez w\u0105tpienia Adam jest najbardziej rozwini\u0119tym skrzypkiem \u017cyj\u0105cym w naszych czasach. Mo\u017cemy spodziewa\u0107 si\u0119 po nim wszystkiego.\u201d - pisa\u0142 Urlich Olshausen z niemieckiego Frankfurter Allgemeine Zeitung po jednym z koncert\u00f3w Adama.\\nHelge Lien Trio\u00a0- jeden z najwa\u017cniejszych skandynawskich zespo\u0142\u00f3w jazzowych, za\u0142o\u017cony w roku 1999 z inicjatywy norweskiego pianisty Helge Liena. W jego tw\u00f3rczo\u015bci nie trudno dopatrz\u0107 si\u0119 odniesie\u0144 do zespo\u0142\u00f3w Billa Evansa, Keitha Jarretta czy mistrza Brada Mehldaua. W 2008 roku trio zdoby\u0142o norweski odpowiednik nagrody Grammy za sw\u00f3j album \u201eHello Troll\u201d i osi\u0105gn\u0119\u0142o mi\u0119dzynarodowe uznanie przypiecz\u0119towane koncertami m.in. w Japonii, Niemczech i Kanadzie. \u0141\u0105cznie ma na swoim koncie osiem album\u00f3w, ostatni wydany w roku 2014.\\n\u201eHelge Lien da\u0142 si\u0119 pozna\u0107 jako pianista, kt\u00f3ry nie boi si\u0119 eksplorowa\u0107 i eksperymentowa\u0107 z r\u00f3\u017cnymi gatunkami muzycznymi, ale jego cech\u0105 charakterystyczn\u0105 zawsze pozostanie jazz. Jego pomys\u0142owo\u015b\u0107 i spos\u00f3b improwizacji sprawia, \u017ce nazywany jest \u201ekompozytorem chwili\u201d. - Bjarne S\u00f8ltoft, Jazznytt (Norwegia)\\nGdzie i kiedy?\\nBucure\u0219ti, Green Hours Jazz Cafe28-05-2016 (Godzina 20:30)\\nBilety\\nBilety mo\u017cna kupi\u0107 na stronie bilet.ro\"},{\"@type\":\"ImageObject\",\"inLanguage\":\"pl-PL\",\"@id\":\"https:\/\/instytutpolski.pl\/bucuresti\/pl\/2016\/05\/10\/adam-baldych-helge-lien-trio-na-green-hours-jazz\/#primaryimage\",\"url\":\"https:\/\/instytutpolski.pl\/bucuresti\/wp-content\/uploads\/sites\/11\/2020\/05\/adam-baldych-helge-lien-trio-2.jpg\",\"contentUrl\":\"https:\/\/instytutpolski.pl\/bucuresti\/wp-content\/uploads\/sites\/11\/2020\/05\/adam-baldych-helge-lien-trio-2.jpg\",\"width\":1900,\"height\":1550,\"caption\":\"Foto: Gregor Hohenberg\"},{\"@type\":\"BreadcrumbList\",\"@id\":\"https:\/\/instytutpolski.pl\/bucuresti\/pl\/2016\/05\/10\/adam-baldych-helge-lien-trio-na-green-hours-jazz\/#breadcrumb\",\"itemListElement\":[{\"@type\":\"ListItem\",\"position\":1,\"name\":\"Home\",\"item\":\"https:\/\/instytutpolski.pl\/bucuresti\/\"},{\"@type\":\"ListItem\",\"position\":2,\"name\":\"Adam Ba\u0142dych &amp; Helge Lien Trio na Green Hours Jazz\"}]},{\"@type\":\"WebSite\",\"@id\":\"https:\/\/instytutpolski.pl\/bucuresti\/#website\",\"url\":\"https:\/\/instytutpolski.pl\/bucuresti\/\",\"name\":\"Instytut Polski w Bukareszcie\",\"description\":\"Instytuty Polskie\",\"potentialAction\":[{\"@type\":\"SearchAction\",\"target\":{\"@type\":\"EntryPoint\",\"urlTemplate\":\"https:\/\/instytutpolski.pl\/bucuresti\/?s={search_term_string}\"},\"query-input\":{\"@type\":\"PropertyValueSpecification\",\"valueRequired\":true,\"valueName\":\"search_term_string\"}}],\"inLanguage\":\"pl-PL\"},{\"@type\":\"Person\",\"@id\":\"https:\/\/instytutpolski.pl\/bucuresti\/#\/schema\/person\/bb4c505717d34987a9f9d15c79a24bb8\",\"name\":\"mrozowskiw\",\"image\":{\"@type\":\"ImageObject\",\"inLanguage\":\"pl-PL\",\"@id\":\"https:\/\/instytutpolski.pl\/bucuresti\/#\/schema\/person\/image\/\",\"url\":\"https:\/\/secure.gravatar.com\/avatar\/563584068e0e0cfe9f36feb55c42a1e4?s=96&d=mm&r=g\",\"contentUrl\":\"https:\/\/secure.gravatar.com\/avatar\/563584068e0e0cfe9f36feb55c42a1e4?s=96&d=mm&r=g\",\"caption\":\"mrozowskiw\"},\"sameAs\":[\"http:\/\/instytutpolski.pl\/bucuresti\/\",\"mrozowskiw\"],\"url\":\"https:\/\/instytutpolski.pl\/bucuresti\/author\/mrozowskiw\/\"}]}<\/script>\n<!-- \/ Yoast SEO plugin. -->","yoast_head_json":{"title":"Adam Ba\u0142dych &amp; Helge Lien Trio na Green Hours Jazz - Instytut Polski w Bukareszcie","robots":{"index":"index","follow":"follow","max-snippet":"max-snippet:-1","max-image-preview":"max-image-preview:large","max-video-preview":"max-video-preview:-1"},"canonical":"https:\/\/instytutpolski.pl\/bucuresti\/pl\/2016\/05\/10\/adam-baldych-helge-lien-trio-na-green-hours-jazz\/","og_locale":"pl_PL","og_type":"article","og_title":"Adam Ba\u0142dych &amp; Helge Lien Trio na Green Hours Jazz - Instytut Polski w Bukareszcie","og_description":"W czasie tegorocznego koncertu Adam Ba\u0142dych wraz z norweskim Helge Lien Trio zaprezentuje cykl kompozycji napisanych przez Polaka w 2014 roku. P\u0142yta \u201eBridges\u201d ukaza\u0142a si\u0119 w zesz\u0142ym roku nak\u0142adem presti\u017cowej niemieckiej wytw\u00f3rni ACT Music. Jest to ju\u017c trzecia p\u0142yta polskiego jazzmana, wydana przez to studio. Adam Ba\u0142dych po raz pierwszy wyst\u0105pi\u0142 przed bukareszte\u0144sk\u0105 publiczno\u015bci\u0105 trzy [&hellip;]","og_url":"https:\/\/instytutpolski.pl\/bucuresti\/pl\/2016\/05\/10\/adam-baldych-helge-lien-trio-na-green-hours-jazz\/","og_site_name":"Instytut Polski w Bukareszcie","article_published_time":"2016-05-10T12:31:00+00:00","article_modified_time":"2020-05-28T12:40:27+00:00","og_image":[{"width":1900,"height":1550,"url":"https:\/\/instytutpolski.pl\/bucuresti\/wp-content\/uploads\/sites\/11\/2020\/05\/adam-baldych-helge-lien-trio-2.jpg","type":"image\/jpeg"}],"author":"mrozowskiw","twitter_card":"summary_large_image","twitter_misc":{"Napisane przez":"mrozowskiw","Szacowany czas czytania":"2 minuty"},"schema":{"@context":"https:\/\/schema.org","@graph":[{"@type":"event","@id":"https:\/\/instytutpolski.pl\/bucuresti\/pl\/2016\/05\/10\/adam-baldych-helge-lien-trio-na-green-hours-jazz\/","url":"https:\/\/instytutpolski.pl\/bucuresti\/pl\/2016\/05\/10\/adam-baldych-helge-lien-trio-na-green-hours-jazz\/","name":"Adam Ba\u0142dych &amp; Helge Lien Trio na Green Hours Jazz","isPartOf":{"@id":"https:\/\/instytutpolski.pl\/bucuresti\/#website"},"primaryImageOfPage":{"@id":"https:\/\/instytutpolski.pl\/bucuresti\/pl\/2016\/05\/10\/adam-baldych-helge-lien-trio-na-green-hours-jazz\/#primaryimage"},"image":["https:\/\/instytutpolski.pl\/bucuresti\/wp-content\/uploads\/sites\/11\/2020\/05\/adam-baldych-helge-lien-trio-2.jpg","https:\/\/instytutpolski.pl\/bucuresti\/wp-content\/uploads\/sites\/11\/2020\/05\/adam-baldych-helge-lien-trio-2-300x245.jpg","https:\/\/instytutpolski.pl\/bucuresti\/wp-content\/uploads\/sites\/11\/2020\/05\/adam-baldych-helge-lien-trio-2-1024x835.jpg","https:\/\/instytutpolski.pl\/bucuresti\/wp-content\/uploads\/sites\/11\/2020\/05\/adam-baldych-helge-lien-trio-2.jpg"],"thumbnailUrl":"https:\/\/instytutpolski.pl\/bucuresti\/wp-content\/uploads\/sites\/11\/2020\/05\/adam-baldych-helge-lien-trio-2.jpg","datePublished":"2016-05-10T12:31:00+02:00","dateModified":"2020-05-28T12:40:27+02:00","author":{"@id":"https:\/\/instytutpolski.pl\/bucuresti\/#\/schema\/person\/bb4c505717d34987a9f9d15c79a24bb8"},"breadcrumb":{"@id":"https:\/\/instytutpolski.pl\/bucuresti\/pl\/2016\/05\/10\/adam-baldych-helge-lien-trio-na-green-hours-jazz\/#breadcrumb"},"inLanguage":"pl-PL","potentialAction":[{"@type":"ReadAction","target":["https:\/\/instytutpolski.pl\/bucuresti\/pl\/2016\/05\/10\/adam-baldych-helge-lien-trio-na-green-hours-jazz\/"]}],"@context":"https:\/\/schema.org","startDate":"2016-05-28","endDate":"2016-05-28","eventStatus":"EventScheduled","eventAttendanceMode":"OfflineEventAttendanceMode","location":{"@type":"place","name":"","address":"","geo":{"@type":"GeoCoordinates","latitude":"","longitude":""}},"description":"W czasie tegorocznego koncertu Adam Ba\u0142dych wraz z norweskim Helge Lien Trio zaprezentuje cykl kompozycji napisanych przez Polaka w 2014 roku. P\u0142yta \u201eBridges\u201d ukaza\u0142a si\u0119 w zesz\u0142ym roku nak\u0142adem presti\u017cowej niemieckiej wytw\u00f3rni ACT Music. Jest to ju\u017c trzecia p\u0142yta polskiego jazzmana, wydana przez to studio. Adam Ba\u0142dych po raz pierwszy wyst\u0105pi\u0142 przed bukareszte\u0144sk\u0105 publiczno\u015bci\u0105 trzy lata temu, wraz ze swoim zespo\u0142em Imaginary Quartet.\n28 maj, godz. 20.30 - ogr\u00f3d klubu Green Hours, Calea Victoriei 120, Bukareszt\nAdam Ba\u0142dych\u00a0(PL) - skrzypceHelge Lien\u00a0(NO) - fortepianFrode Berg\u00a0(NO) - kontrabasPer Oddvar Johanse (NO)\u00a0- perkusja\nWiecz\u00f3r koncertowy zaczyna si\u0119 o godz. 18.45 z koncertem duetu Michael Wollny (DE) &amp; Vincent Peirani (FR).\nhttps:\/\/www.youtube.com\/watch?v=GSUwfi264Rg\nAdam Ba\u0142dych\u00a0(ur. 1986, Polska) - skrzypek, kompozytor, absolwent Akademii Muzycznej w Katowicach, przez wielu krytyk\u00f3w uznawany jest za nadziej\u0119 \u015bwiatowej wiolinistyki jazzowej oraz wirtuoza skrzypiec. \u00a0W wieku 16 lat zosta\u0142 okrzykni\u0119ty \u201ecudownym dzieckiem\u201d i szybko zacz\u0105\u0142 koncertowa\u0107 z wybitnymi muzykami polskimi i ameryka\u0144skimi na ca\u0142ym \u015bwiecie. Wsp\u00f3\u0142pracuje z wybitnymi artystami europejskimi i wydaje p\u0142yty w presti\u017cowej niemieckiej wytw\u00f3rni fonograficznej ACT MUSIC. Jest laureatem ECHO Jazz 2013, najwa\u017cniejszej nagrody przyznawanej artystom z ca\u0142ego \u015bwiata przez niemiecki przemys\u0142 muzyczny, Grand Prix Jazz Melomani 2011 w kategorii \u201eNadzieja Meloman\u00f3w\u201d oraz Grand Prix Jazz Melomani 2012 w kategorii \u201eArtysta Roku\u201d. By\u0142 r\u00f3wnie\u017c nominowany do polskiej nagrody muzycznej \u201eFryderyk\u201d w latach 2013, 2015 oraz 2016 w kategorii \u201eArtysta Roku Muzyka Jazzowa\u201d, a tak\u017ce do \u00a0ECHO Jazz 2016.\n\u201eBez w\u0105tpienia Adam jest najbardziej rozwini\u0119tym skrzypkiem \u017cyj\u0105cym w naszych czasach. Mo\u017cemy spodziewa\u0107 si\u0119 po nim wszystkiego.\u201d - pisa\u0142 Urlich Olshausen z niemieckiego Frankfurter Allgemeine Zeitung po jednym z koncert\u00f3w Adama.\nHelge Lien Trio\u00a0- jeden z najwa\u017cniejszych skandynawskich zespo\u0142\u00f3w jazzowych, za\u0142o\u017cony w roku 1999 z inicjatywy norweskiego pianisty Helge Liena. W jego tw\u00f3rczo\u015bci nie trudno dopatrz\u0107 si\u0119 odniesie\u0144 do zespo\u0142\u00f3w Billa Evansa, Keitha Jarretta czy mistrza Brada Mehldaua. W 2008 roku trio zdoby\u0142o norweski odpowiednik nagrody Grammy za sw\u00f3j album \u201eHello Troll\u201d i osi\u0105gn\u0119\u0142o mi\u0119dzynarodowe uznanie przypiecz\u0119towane koncertami m.in. w Japonii, Niemczech i Kanadzie. \u0141\u0105cznie ma na swoim koncie osiem album\u00f3w, ostatni wydany w roku 2014.\n\u201eHelge Lien da\u0142 si\u0119 pozna\u0107 jako pianista, kt\u00f3ry nie boi si\u0119 eksplorowa\u0107 i eksperymentowa\u0107 z r\u00f3\u017cnymi gatunkami muzycznymi, ale jego cech\u0105 charakterystyczn\u0105 zawsze pozostanie jazz. Jego pomys\u0142owo\u015b\u0107 i spos\u00f3b improwizacji sprawia, \u017ce nazywany jest \u201ekompozytorem chwili\u201d. - Bjarne S\u00f8ltoft, Jazznytt (Norwegia)\nGdzie i kiedy?\nBucure\u0219ti, Green Hours Jazz Cafe28-05-2016 (Godzina 20:30)\nBilety\nBilety mo\u017cna kupi\u0107 na stronie bilet.ro"},{"@type":"ImageObject","inLanguage":"pl-PL","@id":"https:\/\/instytutpolski.pl\/bucuresti\/pl\/2016\/05\/10\/adam-baldych-helge-lien-trio-na-green-hours-jazz\/#primaryimage","url":"https:\/\/instytutpolski.pl\/bucuresti\/wp-content\/uploads\/sites\/11\/2020\/05\/adam-baldych-helge-lien-trio-2.jpg","contentUrl":"https:\/\/instytutpolski.pl\/bucuresti\/wp-content\/uploads\/sites\/11\/2020\/05\/adam-baldych-helge-lien-trio-2.jpg","width":1900,"height":1550,"caption":"Foto: Gregor Hohenberg"},{"@type":"BreadcrumbList","@id":"https:\/\/instytutpolski.pl\/bucuresti\/pl\/2016\/05\/10\/adam-baldych-helge-lien-trio-na-green-hours-jazz\/#breadcrumb","itemListElement":[{"@type":"ListItem","position":1,"name":"Home","item":"https:\/\/instytutpolski.pl\/bucuresti\/"},{"@type":"ListItem","position":2,"name":"Adam Ba\u0142dych &amp; Helge Lien Trio na Green Hours Jazz"}]},{"@type":"WebSite","@id":"https:\/\/instytutpolski.pl\/bucuresti\/#website","url":"https:\/\/instytutpolski.pl\/bucuresti\/","name":"Instytut Polski w Bukareszcie","description":"Instytuty Polskie","potentialAction":[{"@type":"SearchAction","target":{"@type":"EntryPoint","urlTemplate":"https:\/\/instytutpolski.pl\/bucuresti\/?s={search_term_string}"},"query-input":{"@type":"PropertyValueSpecification","valueRequired":true,"valueName":"search_term_string"}}],"inLanguage":"pl-PL"},{"@type":"Person","@id":"https:\/\/instytutpolski.pl\/bucuresti\/#\/schema\/person\/bb4c505717d34987a9f9d15c79a24bb8","name":"mrozowskiw","image":{"@type":"ImageObject","inLanguage":"pl-PL","@id":"https:\/\/instytutpolski.pl\/bucuresti\/#\/schema\/person\/image\/","url":"https:\/\/secure.gravatar.com\/avatar\/563584068e0e0cfe9f36feb55c42a1e4?s=96&d=mm&r=g","contentUrl":"https:\/\/secure.gravatar.com\/avatar\/563584068e0e0cfe9f36feb55c42a1e4?s=96&d=mm&r=g","caption":"mrozowskiw"},"sameAs":["http:\/\/instytutpolski.pl\/bucuresti\/","mrozowskiw"],"url":"https:\/\/instytutpolski.pl\/bucuresti\/author\/mrozowskiw\/"}]}},"_links":{"self":[{"href":"https:\/\/instytutpolski.pl\/bucuresti\/wp-json\/wp\/v2\/posts\/2437","targetHints":{"allow":["GET"]}}],"collection":[{"href":"https:\/\/instytutpolski.pl\/bucuresti\/wp-json\/wp\/v2\/posts"}],"about":[{"href":"https:\/\/instytutpolski.pl\/bucuresti\/wp-json\/wp\/v2\/types\/post"}],"author":[{"embeddable":true,"href":"https:\/\/instytutpolski.pl\/bucuresti\/wp-json\/wp\/v2\/users\/40"}],"replies":[{"embeddable":true,"href":"https:\/\/instytutpolski.pl\/bucuresti\/wp-json\/wp\/v2\/comments?post=2437"}],"version-history":[{"count":2,"href":"https:\/\/instytutpolski.pl\/bucuresti\/wp-json\/wp\/v2\/posts\/2437\/revisions"}],"predecessor-version":[{"id":2439,"href":"https:\/\/instytutpolski.pl\/bucuresti\/wp-json\/wp\/v2\/posts\/2437\/revisions\/2439"}],"wp:featuredmedia":[{"embeddable":true,"href":"https:\/\/instytutpolski.pl\/bucuresti\/wp-json\/wp\/v2\/media\/2434"}],"wp:attachment":[{"href":"https:\/\/instytutpolski.pl\/bucuresti\/wp-json\/wp\/v2\/media?parent=2437"}],"wp:term":[{"taxonomy":"category","embeddable":true,"href":"https:\/\/instytutpolski.pl\/bucuresti\/wp-json\/wp\/v2\/categories?post=2437"},{"taxonomy":"post_tag","embeddable":true,"href":"https:\/\/instytutpolski.pl\/bucuresti\/wp-json\/wp\/v2\/tags?post=2437"}],"curies":[{"name":"wp","href":"https:\/\/api.w.org\/{rel}","templated":true}]}}