{"id":2440,"date":"2017-09-05T15:14:00","date_gmt":"2017-09-05T13:14:00","guid":{"rendered":"https:\/\/instytutpolski.pl\/bucuresti\/?p=2440"},"modified":"2020-05-28T15:18:44","modified_gmt":"2020-05-28T13:18:44","slug":"ziua-europeana-a-limbilor-2017","status":"publish","type":"post","link":"https:\/\/instytutpolski.pl\/bucuresti\/2017\/09\/05\/ziua-europeana-a-limbilor-2017\/","title":{"rendered":"Ziua European\u0103 a Limbilor 2017"},"content":{"rendered":"\n<p>Ziua European\u0103 a Limbilor este o s\u0103rb\u0103toare interna\u021bional\u0103, stabilit\u0103 la ini\u021biativa Consiliului Europei care a fost celebrat\u0103 pe data de 26 septembrie, sau \u00een apropierea acestei date, \u00eencep\u00e2nd cu anul 2001. Scopul acesteia este de a-i \u00eencuraja pe europeni s\u0103 \u00eenve\u021be limbi str\u0103ine \u0219i de a le prezenta avantajele pe care aceast\u0103 activitate le ofer\u0103, dat fiind c\u0103 \u00een Europa exist\u0103 culturi \u0219i limbi diferite.<\/p>\n<p>\u00cen capitala Rom\u00e2niei, Ziua European\u0103 a Limbilor este organizat\u0103 \u00een fiecare an de c\u0103tre institutele culturale ale \u021b\u0103rilor europene, care apar\u021bin re\u021belei European Union National Institutes for Culture (EUNIC). \u00cen acest an, evenimentul dedicat acestei s\u0103rb\u0103tori se va desf\u0103\u0219ura pe data de\u00a023 septembrie, \u00eentre orele 11-16.30 \u00een gr\u0103dina Casei Filipescu Cesianu pe Calea Victoriei 151.<\/p>\n<p>Institutul Polonez din Bucure\u0219ti, care va fi unul dintre participan\u021bii la eveniment, a preg\u0103tit diferite atrac\u021bii pentru copiii \u0219i adul\u021bii interesa\u021bi de Polonia \u0219i limba polon\u0103. \u00cen timpul \u00eent\u00e2lnirii cu echipa noastr\u0103, care va avea loc cu sprijinul studen\u021bilor de la Catedra de Limba Polon\u0103 a Facult\u0103\u021bii de Limbi \u0219i Literaturi Str\u0103ine UB, vei afla, spre exemplu, cum s\u0103 pronun\u021bi numele unor fotbali\u0219ti polonezi faimo\u0219i, cele ale unor oameni de \u0219tiin\u021b\u0103 \u0219i scriitori, sau cum s\u0103 comanzi specialit\u0103\u021bi poloneze \u00eentr-un restaurant. Vei avea ocazia s\u0103 \u201edegu\u0219ti\u201d limba polon\u0103 \u00een timpul unei lec\u021bii demonstrative foarte interesante, vei afla de ce este una dintre cele mai grele limbi din lume, vei putea \u00eencerca gust\u0103ri specific poloneze \u0219i te vei distra cu diferite jocuri \u0219i quiz-uri la care vei putea c\u00e2\u0219tiga premii.<\/p>\n<p>Dac\u0103 vrei s\u0103 exersezi pu\u021bin limba polon\u0103 \u00eenainte de ziua de s\u00e2mb\u0103t\u0103, uit\u0103-te la filmul nostru!\u00a0<\/p>\n<p>https:\/\/youtu.be\/_6bla1gypdU<\/p>\n<p><strong>Programul Institutului Polonez la Ziua European\u0103 a Limbilor:<\/strong><\/p>\n<p><strong>12.00 \u2013 12.30<\/strong>\u00a0\u2013 ateliere pentru copii, realizate de c\u0103tre o student\u0103 la limba polon\u0103<\/p>\n<p><strong>14.00 \u2013 14.30<\/strong>\u00a0\u2013 \u201espeak dating\u201d \u2013 o \u00eent\u00e2lnire culturalo-lingvistic\u0103 cu o persoan\u0103 care studiaz\u0103 limba polon\u0103 sau cu cineva pentru care polona este limb\u0103 matern\u0103 \u2013 aici po\u021bi pune \u00eentreb\u0103ri de tot felul, nu exist\u0103 subiecte tabu \ud83d\ude09<\/p>\n<p><strong>14.30 \u2013 15.00<\/strong>\u00a0\u2013 lec\u021bie demonstrativ\u0103 de limba polon\u0103, realizat\u0103 de c\u0103tre lectorul de limb\u0103 polon\u0103 de la Universitatea Bucure\u0219ti<\/p>\n<p><strong>15.00 \u2013 15.30<\/strong>\u00a0&#8211; ateliere pentru copii, realizate de c\u0103tre o student\u0103 la limba polon\u0103\u00a0<\/p>\n<p><strong>15.30 \u2013 16.00<\/strong>\u00a0&#8211; lec\u021bie demonstrativ\u0103 de limba polon\u0103, realizat\u0103 de c\u0103tre lectorul de limb\u0103 polon\u0103 de la Universitatea Bucure\u0219ti\u00a0<\/p>\n<p>Pe l\u00e2ng\u0103 toate acestea, pe toat\u0103 durata Zilei Europene a Limbilor v\u0103 invit\u0103m la standul Institutului Polonez la care ve\u021bi poate afla o mul\u021bime de lucruri despre Polonia \u0219i ve\u021bi ob\u021bine informa\u021bii despre locurile unde pute\u021bi studia limba polon\u0103 \u00een Rom\u00e2nia.<\/p>\n<p><a href=\"https:\/\/www.facebook.com\/events\/1762865570640663\/\" target=\"_blank\" rel=\"noopener noreferrer\">Mai multe despre programul tuturor institutelor po\u021bi g\u0103si pe pagina de facebook a evenimentului &gt;&gt;&gt;<\/a><\/p>\n<p>https:\/\/www.facebook.com\/institutulpolonez\/posts\/10154713217576433<\/p>\n","protected":false},"excerpt":{"rendered":"<p>Ziua European\u0103 a Limbilor este o s\u0103rb\u0103toare interna\u021bional\u0103, stabilit\u0103 la ini\u021biativa Consiliului Europei care a fost celebrat\u0103 pe data de 26 septembrie, sau \u00een apropierea acestei date, \u00eencep\u00e2nd cu anul 2001. Scopul acesteia este de a-i \u00eencuraja pe europeni s\u0103 \u00eenve\u021be limbi str\u0103ine \u0219i de a le prezenta avantajele pe care aceast\u0103 activitate le ofer\u0103, [&hellip;]<\/p>\n","protected":false},"author":44,"featured_media":2441,"comment_status":"open","ping_status":"open","sticky":false,"template":"","format":"standard","meta":{"inline_featured_image":false,"_monsterinsights_skip_tracking":false,"_monsterinsights_sitenote_active":false,"_monsterinsights_sitenote_note":"","_monsterinsights_sitenote_category":0,"footnotes":""},"categories":[1],"tags":[],"class_list":["post-2440","post","type-post","status-publish","format-standard","has-post-thumbnail","hentry","category-alte"],"yoast_head":"<!-- This site is optimized with the Yoast SEO plugin v24.6 - https:\/\/yoast.com\/wordpress\/plugins\/seo\/ -->\n<title>Ziua European\u0103 a Limbilor 2017 - Instytut Polski w Bukareszcie<\/title>\n<meta name=\"robots\" content=\"index, follow, max-snippet:-1, max-image-preview:large, max-video-preview:-1\" \/>\n<link rel=\"canonical\" href=\"https:\/\/instytutpolski.pl\/bucuresti\/2017\/09\/05\/ziua-europeana-a-limbilor-2017\/\" \/>\n<meta property=\"og:locale\" content=\"pl_PL\" \/>\n<meta property=\"og:type\" content=\"article\" \/>\n<meta property=\"og:title\" content=\"Ziua European\u0103 a Limbilor 2017 - Instytut Polski w Bukareszcie\" \/>\n<meta property=\"og:description\" content=\"Ziua European\u0103 a Limbilor este o s\u0103rb\u0103toare interna\u021bional\u0103, stabilit\u0103 la ini\u021biativa Consiliului Europei care a fost celebrat\u0103 pe data de 26 septembrie, sau \u00een apropierea acestei date, \u00eencep\u00e2nd cu anul 2001. Scopul acesteia este de a-i \u00eencuraja pe europeni s\u0103 \u00eenve\u021be limbi str\u0103ine \u0219i de a le prezenta avantajele pe care aceast\u0103 activitate le ofer\u0103, [&hellip;]\" \/>\n<meta property=\"og:url\" content=\"https:\/\/instytutpolski.pl\/bucuresti\/2017\/09\/05\/ziua-europeana-a-limbilor-2017\/\" \/>\n<meta property=\"og:site_name\" content=\"Instytut Polski w Bukareszcie\" \/>\n<meta property=\"article:published_time\" content=\"2017-09-05T13:14:00+00:00\" \/>\n<meta property=\"article:modified_time\" content=\"2020-05-28T13:18:44+00:00\" \/>\n<meta property=\"og:image\" content=\"https:\/\/instytutpolski.pl\/bucuresti\/wp-content\/uploads\/sites\/11\/2020\/05\/ziua-europeana-a-limbilor-2017_aab9ba.jpg\" \/>\n\t<meta property=\"og:image:width\" content=\"938\" \/>\n\t<meta property=\"og:image:height\" content=\"655\" \/>\n\t<meta property=\"og:image:type\" content=\"image\/jpeg\" \/>\n<meta name=\"author\" content=\"zalaszewskak\" \/>\n<meta name=\"twitter:card\" content=\"summary_large_image\" \/>\n<meta name=\"twitter:label1\" content=\"Napisane przez\" \/>\n\t<meta name=\"twitter:data1\" content=\"zalaszewskak\" \/>\n\t<meta name=\"twitter:label2\" content=\"Szacowany czas czytania\" \/>\n\t<meta name=\"twitter:data2\" content=\"2 minuty\" \/>\n<script type=\"application\/ld+json\" class=\"yoast-schema-graph\">{\"@context\":\"https:\/\/schema.org\",\"@graph\":[{\"@type\":\"event\",\"@id\":\"https:\/\/instytutpolski.pl\/bucuresti\/2017\/09\/05\/ziua-europeana-a-limbilor-2017\/\",\"url\":\"https:\/\/instytutpolski.pl\/bucuresti\/2017\/09\/05\/ziua-europeana-a-limbilor-2017\/\",\"name\":\"Ziua European\u0103 a Limbilor 2017\",\"isPartOf\":{\"@id\":\"https:\/\/instytutpolski.pl\/bucuresti\/#website\"},\"primaryImageOfPage\":{\"@id\":\"https:\/\/instytutpolski.pl\/bucuresti\/2017\/09\/05\/ziua-europeana-a-limbilor-2017\/#primaryimage\"},\"image\":[\"https:\/\/instytutpolski.pl\/bucuresti\/wp-content\/uploads\/sites\/11\/2020\/05\/ziua-europeana-a-limbilor-2017_aab9ba.jpg\",\"https:\/\/instytutpolski.pl\/bucuresti\/wp-content\/uploads\/sites\/11\/2020\/05\/ziua-europeana-a-limbilor-2017_aab9ba-300x209.jpg\",\"https:\/\/instytutpolski.pl\/bucuresti\/wp-content\/uploads\/sites\/11\/2020\/05\/ziua-europeana-a-limbilor-2017_aab9ba.jpg\",\"https:\/\/instytutpolski.pl\/bucuresti\/wp-content\/uploads\/sites\/11\/2020\/05\/ziua-europeana-a-limbilor-2017_aab9ba.jpg\"],\"thumbnailUrl\":\"https:\/\/instytutpolski.pl\/bucuresti\/wp-content\/uploads\/sites\/11\/2020\/05\/ziua-europeana-a-limbilor-2017_aab9ba.jpg\",\"datePublished\":\"2017-09-05T13:14:00+02:00\",\"dateModified\":\"2020-05-28T13:18:44+02:00\",\"author\":{\"@id\":\"https:\/\/instytutpolski.pl\/bucuresti\/#\/schema\/person\/cbf38f4ffa10f919673d0e5f3ee6677d\"},\"breadcrumb\":{\"@id\":\"https:\/\/instytutpolski.pl\/bucuresti\/2017\/09\/05\/ziua-europeana-a-limbilor-2017\/#breadcrumb\"},\"inLanguage\":\"pl-PL\",\"potentialAction\":[{\"@type\":\"ReadAction\",\"target\":[\"https:\/\/instytutpolski.pl\/bucuresti\/2017\/09\/05\/ziua-europeana-a-limbilor-2017\/\"]}],\"@context\":\"https:\/\/schema.org\",\"startDate\":\"2017-09-23\",\"endDate\":\"2017-09-23\",\"eventStatus\":\"EventScheduled\",\"eventAttendanceMode\":\"OfflineEventAttendanceMode\",\"location\":{\"@type\":\"place\",\"name\":\"\",\"address\":\"\",\"geo\":{\"@type\":\"GeoCoordinates\",\"latitude\":\"\",\"longitude\":\"\"}},\"description\":\"Ziua European\u0103 a Limbilor este o s\u0103rb\u0103toare interna\u021bional\u0103, stabilit\u0103 la ini\u021biativa Consiliului Europei care a fost celebrat\u0103 pe data de 26 septembrie, sau \u00een apropierea acestei date, \u00eencep\u00e2nd cu anul 2001. Scopul acesteia este de a-i \u00eencuraja pe europeni s\u0103 \u00eenve\u021be limbi str\u0103ine \u0219i de a le prezenta avantajele pe care aceast\u0103 activitate le ofer\u0103, dat fiind c\u0103 \u00een Europa exist\u0103 culturi \u0219i limbi diferite.\\n\u00cen capitala Rom\u00e2niei, Ziua European\u0103 a Limbilor este organizat\u0103 \u00een fiecare an de c\u0103tre institutele culturale ale \u021b\u0103rilor europene, care apar\u021bin re\u021belei European Union National Institutes for Culture (EUNIC). \u00cen acest an, evenimentul dedicat acestei s\u0103rb\u0103tori se va desf\u0103\u0219ura pe data de\u00a023 septembrie, \u00eentre orele 11-16.30 \u00een gr\u0103dina Casei Filipescu Cesianu pe Calea Victoriei 151.\\nInstitutul Polonez din Bucure\u0219ti, care va fi unul dintre participan\u021bii la eveniment, a preg\u0103tit diferite atrac\u021bii pentru copiii \u0219i adul\u021bii interesa\u021bi de Polonia \u0219i limba polon\u0103. \u00cen timpul \u00eent\u00e2lnirii cu echipa noastr\u0103, care va avea loc cu sprijinul studen\u021bilor de la Catedra de Limba Polon\u0103 a Facult\u0103\u021bii de Limbi \u0219i Literaturi Str\u0103ine UB, vei afla, spre exemplu, cum s\u0103 pronun\u021bi numele unor fotbali\u0219ti polonezi faimo\u0219i, cele ale unor oameni de \u0219tiin\u021b\u0103 \u0219i scriitori, sau cum s\u0103 comanzi specialit\u0103\u021bi poloneze \u00eentr-un restaurant. Vei avea ocazia s\u0103 \u201edegu\u0219ti\u201d limba polon\u0103 \u00een timpul unei lec\u021bii demonstrative foarte interesante, vei afla de ce este una dintre cele mai grele limbi din lume, vei putea \u00eencerca gust\u0103ri specific poloneze \u0219i te vei distra cu diferite jocuri \u0219i quiz-uri la care vei putea c\u00e2\u0219tiga premii.\\nDac\u0103 vrei s\u0103 exersezi pu\u021bin limba polon\u0103 \u00eenainte de ziua de s\u00e2mb\u0103t\u0103, uit\u0103-te la filmul nostru!\u00a0\\nhttps:\/\/youtu.be\/_6bla1gypdU\\nProgramul Institutului Polonez la Ziua European\u0103 a Limbilor:\\n12.00 \u2013 12.30\u00a0\u2013 ateliere pentru copii, realizate de c\u0103tre o student\u0103 la limba polon\u0103\\n14.00 \u2013 14.30\u00a0\u2013 \u201espeak dating\u201d \u2013 o \u00eent\u00e2lnire culturalo-lingvistic\u0103 cu o persoan\u0103 care studiaz\u0103 limba polon\u0103 sau cu cineva pentru care polona este limb\u0103 matern\u0103 \u2013 aici po\u021bi pune \u00eentreb\u0103ri de tot felul, nu exist\u0103 subiecte tabu ;)\\n14.30 \u2013 15.00\u00a0\u2013 lec\u021bie demonstrativ\u0103 de limba polon\u0103, realizat\u0103 de c\u0103tre lectorul de limb\u0103 polon\u0103 de la Universitatea Bucure\u0219ti\\n15.00 \u2013 15.30\u00a0- ateliere pentru copii, realizate de c\u0103tre o student\u0103 la limba polon\u0103\u00a0\\n15.30 \u2013 16.00\u00a0- lec\u021bie demonstrativ\u0103 de limba polon\u0103, realizat\u0103 de c\u0103tre lectorul de limb\u0103 polon\u0103 de la Universitatea Bucure\u0219ti\u00a0\\nPe l\u00e2ng\u0103 toate acestea, pe toat\u0103 durata Zilei Europene a Limbilor v\u0103 invit\u0103m la standul Institutului Polonez la care ve\u021bi poate afla o mul\u021bime de lucruri despre Polonia \u0219i ve\u021bi ob\u021bine informa\u021bii despre locurile unde pute\u021bi studia limba polon\u0103 \u00een Rom\u00e2nia.\\nMai multe despre programul tuturor institutelor po\u021bi g\u0103si pe pagina de facebook a evenimentului &gt;&gt;&gt;\\nhttps:\/\/www.facebook.com\/institutulpolonez\/posts\/10154713217576433\"},{\"@type\":\"ImageObject\",\"inLanguage\":\"pl-PL\",\"@id\":\"https:\/\/instytutpolski.pl\/bucuresti\/2017\/09\/05\/ziua-europeana-a-limbilor-2017\/#primaryimage\",\"url\":\"https:\/\/instytutpolski.pl\/bucuresti\/wp-content\/uploads\/sites\/11\/2020\/05\/ziua-europeana-a-limbilor-2017_aab9ba.jpg\",\"contentUrl\":\"https:\/\/instytutpolski.pl\/bucuresti\/wp-content\/uploads\/sites\/11\/2020\/05\/ziua-europeana-a-limbilor-2017_aab9ba.jpg\",\"width\":938,\"height\":655},{\"@type\":\"BreadcrumbList\",\"@id\":\"https:\/\/instytutpolski.pl\/bucuresti\/2017\/09\/05\/ziua-europeana-a-limbilor-2017\/#breadcrumb\",\"itemListElement\":[{\"@type\":\"ListItem\",\"position\":1,\"name\":\"Home\",\"item\":\"https:\/\/instytutpolski.pl\/bucuresti\/\"},{\"@type\":\"ListItem\",\"position\":2,\"name\":\"Ziua European\u0103 a Limbilor 2017\"}]},{\"@type\":\"WebSite\",\"@id\":\"https:\/\/instytutpolski.pl\/bucuresti\/#website\",\"url\":\"https:\/\/instytutpolski.pl\/bucuresti\/\",\"name\":\"Instytut Polski w Bukareszcie\",\"description\":\"Instytuty Polskie\",\"potentialAction\":[{\"@type\":\"SearchAction\",\"target\":{\"@type\":\"EntryPoint\",\"urlTemplate\":\"https:\/\/instytutpolski.pl\/bucuresti\/?s={search_term_string}\"},\"query-input\":{\"@type\":\"PropertyValueSpecification\",\"valueRequired\":true,\"valueName\":\"search_term_string\"}}],\"inLanguage\":\"pl-PL\"},{\"@type\":\"Person\",\"@id\":\"https:\/\/instytutpolski.pl\/bucuresti\/#\/schema\/person\/cbf38f4ffa10f919673d0e5f3ee6677d\",\"name\":\"zalaszewskak\",\"image\":{\"@type\":\"ImageObject\",\"inLanguage\":\"pl-PL\",\"@id\":\"https:\/\/instytutpolski.pl\/bucuresti\/#\/schema\/person\/image\/\",\"url\":\"https:\/\/secure.gravatar.com\/avatar\/c2e847fb86e9b9e6a80aa771ff34772f?s=96&d=mm&r=g\",\"contentUrl\":\"https:\/\/secure.gravatar.com\/avatar\/c2e847fb86e9b9e6a80aa771ff34772f?s=96&d=mm&r=g\",\"caption\":\"zalaszewskak\"},\"url\":\"https:\/\/instytutpolski.pl\/bucuresti\/author\/zalaszewskak\/\"}]}<\/script>\n<!-- \/ Yoast SEO plugin. -->","yoast_head_json":{"title":"Ziua European\u0103 a Limbilor 2017 - Instytut Polski w Bukareszcie","robots":{"index":"index","follow":"follow","max-snippet":"max-snippet:-1","max-image-preview":"max-image-preview:large","max-video-preview":"max-video-preview:-1"},"canonical":"https:\/\/instytutpolski.pl\/bucuresti\/2017\/09\/05\/ziua-europeana-a-limbilor-2017\/","og_locale":"pl_PL","og_type":"article","og_title":"Ziua European\u0103 a Limbilor 2017 - Instytut Polski w Bukareszcie","og_description":"Ziua European\u0103 a Limbilor este o s\u0103rb\u0103toare interna\u021bional\u0103, stabilit\u0103 la ini\u021biativa Consiliului Europei care a fost celebrat\u0103 pe data de 26 septembrie, sau \u00een apropierea acestei date, \u00eencep\u00e2nd cu anul 2001. Scopul acesteia este de a-i \u00eencuraja pe europeni s\u0103 \u00eenve\u021be limbi str\u0103ine \u0219i de a le prezenta avantajele pe care aceast\u0103 activitate le ofer\u0103, [&hellip;]","og_url":"https:\/\/instytutpolski.pl\/bucuresti\/2017\/09\/05\/ziua-europeana-a-limbilor-2017\/","og_site_name":"Instytut Polski w Bukareszcie","article_published_time":"2017-09-05T13:14:00+00:00","article_modified_time":"2020-05-28T13:18:44+00:00","og_image":[{"width":938,"height":655,"url":"https:\/\/instytutpolski.pl\/bucuresti\/wp-content\/uploads\/sites\/11\/2020\/05\/ziua-europeana-a-limbilor-2017_aab9ba.jpg","type":"image\/jpeg"}],"author":"zalaszewskak","twitter_card":"summary_large_image","twitter_misc":{"Napisane przez":"zalaszewskak","Szacowany czas czytania":"2 minuty"},"schema":{"@context":"https:\/\/schema.org","@graph":[{"@type":"event","@id":"https:\/\/instytutpolski.pl\/bucuresti\/2017\/09\/05\/ziua-europeana-a-limbilor-2017\/","url":"https:\/\/instytutpolski.pl\/bucuresti\/2017\/09\/05\/ziua-europeana-a-limbilor-2017\/","name":"Ziua European\u0103 a Limbilor 2017","isPartOf":{"@id":"https:\/\/instytutpolski.pl\/bucuresti\/#website"},"primaryImageOfPage":{"@id":"https:\/\/instytutpolski.pl\/bucuresti\/2017\/09\/05\/ziua-europeana-a-limbilor-2017\/#primaryimage"},"image":["https:\/\/instytutpolski.pl\/bucuresti\/wp-content\/uploads\/sites\/11\/2020\/05\/ziua-europeana-a-limbilor-2017_aab9ba.jpg","https:\/\/instytutpolski.pl\/bucuresti\/wp-content\/uploads\/sites\/11\/2020\/05\/ziua-europeana-a-limbilor-2017_aab9ba-300x209.jpg","https:\/\/instytutpolski.pl\/bucuresti\/wp-content\/uploads\/sites\/11\/2020\/05\/ziua-europeana-a-limbilor-2017_aab9ba.jpg","https:\/\/instytutpolski.pl\/bucuresti\/wp-content\/uploads\/sites\/11\/2020\/05\/ziua-europeana-a-limbilor-2017_aab9ba.jpg"],"thumbnailUrl":"https:\/\/instytutpolski.pl\/bucuresti\/wp-content\/uploads\/sites\/11\/2020\/05\/ziua-europeana-a-limbilor-2017_aab9ba.jpg","datePublished":"2017-09-05T13:14:00+02:00","dateModified":"2020-05-28T13:18:44+02:00","author":{"@id":"https:\/\/instytutpolski.pl\/bucuresti\/#\/schema\/person\/cbf38f4ffa10f919673d0e5f3ee6677d"},"breadcrumb":{"@id":"https:\/\/instytutpolski.pl\/bucuresti\/2017\/09\/05\/ziua-europeana-a-limbilor-2017\/#breadcrumb"},"inLanguage":"pl-PL","potentialAction":[{"@type":"ReadAction","target":["https:\/\/instytutpolski.pl\/bucuresti\/2017\/09\/05\/ziua-europeana-a-limbilor-2017\/"]}],"@context":"https:\/\/schema.org","startDate":"2017-09-23","endDate":"2017-09-23","eventStatus":"EventScheduled","eventAttendanceMode":"OfflineEventAttendanceMode","location":{"@type":"place","name":"","address":"","geo":{"@type":"GeoCoordinates","latitude":"","longitude":""}},"description":"Ziua European\u0103 a Limbilor este o s\u0103rb\u0103toare interna\u021bional\u0103, stabilit\u0103 la ini\u021biativa Consiliului Europei care a fost celebrat\u0103 pe data de 26 septembrie, sau \u00een apropierea acestei date, \u00eencep\u00e2nd cu anul 2001. Scopul acesteia este de a-i \u00eencuraja pe europeni s\u0103 \u00eenve\u021be limbi str\u0103ine \u0219i de a le prezenta avantajele pe care aceast\u0103 activitate le ofer\u0103, dat fiind c\u0103 \u00een Europa exist\u0103 culturi \u0219i limbi diferite.\n\u00cen capitala Rom\u00e2niei, Ziua European\u0103 a Limbilor este organizat\u0103 \u00een fiecare an de c\u0103tre institutele culturale ale \u021b\u0103rilor europene, care apar\u021bin re\u021belei European Union National Institutes for Culture (EUNIC). \u00cen acest an, evenimentul dedicat acestei s\u0103rb\u0103tori se va desf\u0103\u0219ura pe data de\u00a023 septembrie, \u00eentre orele 11-16.30 \u00een gr\u0103dina Casei Filipescu Cesianu pe Calea Victoriei 151.\nInstitutul Polonez din Bucure\u0219ti, care va fi unul dintre participan\u021bii la eveniment, a preg\u0103tit diferite atrac\u021bii pentru copiii \u0219i adul\u021bii interesa\u021bi de Polonia \u0219i limba polon\u0103. \u00cen timpul \u00eent\u00e2lnirii cu echipa noastr\u0103, care va avea loc cu sprijinul studen\u021bilor de la Catedra de Limba Polon\u0103 a Facult\u0103\u021bii de Limbi \u0219i Literaturi Str\u0103ine UB, vei afla, spre exemplu, cum s\u0103 pronun\u021bi numele unor fotbali\u0219ti polonezi faimo\u0219i, cele ale unor oameni de \u0219tiin\u021b\u0103 \u0219i scriitori, sau cum s\u0103 comanzi specialit\u0103\u021bi poloneze \u00eentr-un restaurant. Vei avea ocazia s\u0103 \u201edegu\u0219ti\u201d limba polon\u0103 \u00een timpul unei lec\u021bii demonstrative foarte interesante, vei afla de ce este una dintre cele mai grele limbi din lume, vei putea \u00eencerca gust\u0103ri specific poloneze \u0219i te vei distra cu diferite jocuri \u0219i quiz-uri la care vei putea c\u00e2\u0219tiga premii.\nDac\u0103 vrei s\u0103 exersezi pu\u021bin limba polon\u0103 \u00eenainte de ziua de s\u00e2mb\u0103t\u0103, uit\u0103-te la filmul nostru!\u00a0\nhttps:\/\/youtu.be\/_6bla1gypdU\nProgramul Institutului Polonez la Ziua European\u0103 a Limbilor:\n12.00 \u2013 12.30\u00a0\u2013 ateliere pentru copii, realizate de c\u0103tre o student\u0103 la limba polon\u0103\n14.00 \u2013 14.30\u00a0\u2013 \u201espeak dating\u201d \u2013 o \u00eent\u00e2lnire culturalo-lingvistic\u0103 cu o persoan\u0103 care studiaz\u0103 limba polon\u0103 sau cu cineva pentru care polona este limb\u0103 matern\u0103 \u2013 aici po\u021bi pune \u00eentreb\u0103ri de tot felul, nu exist\u0103 subiecte tabu ;)\n14.30 \u2013 15.00\u00a0\u2013 lec\u021bie demonstrativ\u0103 de limba polon\u0103, realizat\u0103 de c\u0103tre lectorul de limb\u0103 polon\u0103 de la Universitatea Bucure\u0219ti\n15.00 \u2013 15.30\u00a0- ateliere pentru copii, realizate de c\u0103tre o student\u0103 la limba polon\u0103\u00a0\n15.30 \u2013 16.00\u00a0- lec\u021bie demonstrativ\u0103 de limba polon\u0103, realizat\u0103 de c\u0103tre lectorul de limb\u0103 polon\u0103 de la Universitatea Bucure\u0219ti\u00a0\nPe l\u00e2ng\u0103 toate acestea, pe toat\u0103 durata Zilei Europene a Limbilor v\u0103 invit\u0103m la standul Institutului Polonez la care ve\u021bi poate afla o mul\u021bime de lucruri despre Polonia \u0219i ve\u021bi ob\u021bine informa\u021bii despre locurile unde pute\u021bi studia limba polon\u0103 \u00een Rom\u00e2nia.\nMai multe despre programul tuturor institutelor po\u021bi g\u0103si pe pagina de facebook a evenimentului &gt;&gt;&gt;\nhttps:\/\/www.facebook.com\/institutulpolonez\/posts\/10154713217576433"},{"@type":"ImageObject","inLanguage":"pl-PL","@id":"https:\/\/instytutpolski.pl\/bucuresti\/2017\/09\/05\/ziua-europeana-a-limbilor-2017\/#primaryimage","url":"https:\/\/instytutpolski.pl\/bucuresti\/wp-content\/uploads\/sites\/11\/2020\/05\/ziua-europeana-a-limbilor-2017_aab9ba.jpg","contentUrl":"https:\/\/instytutpolski.pl\/bucuresti\/wp-content\/uploads\/sites\/11\/2020\/05\/ziua-europeana-a-limbilor-2017_aab9ba.jpg","width":938,"height":655},{"@type":"BreadcrumbList","@id":"https:\/\/instytutpolski.pl\/bucuresti\/2017\/09\/05\/ziua-europeana-a-limbilor-2017\/#breadcrumb","itemListElement":[{"@type":"ListItem","position":1,"name":"Home","item":"https:\/\/instytutpolski.pl\/bucuresti\/"},{"@type":"ListItem","position":2,"name":"Ziua European\u0103 a Limbilor 2017"}]},{"@type":"WebSite","@id":"https:\/\/instytutpolski.pl\/bucuresti\/#website","url":"https:\/\/instytutpolski.pl\/bucuresti\/","name":"Instytut Polski w Bukareszcie","description":"Instytuty Polskie","potentialAction":[{"@type":"SearchAction","target":{"@type":"EntryPoint","urlTemplate":"https:\/\/instytutpolski.pl\/bucuresti\/?s={search_term_string}"},"query-input":{"@type":"PropertyValueSpecification","valueRequired":true,"valueName":"search_term_string"}}],"inLanguage":"pl-PL"},{"@type":"Person","@id":"https:\/\/instytutpolski.pl\/bucuresti\/#\/schema\/person\/cbf38f4ffa10f919673d0e5f3ee6677d","name":"zalaszewskak","image":{"@type":"ImageObject","inLanguage":"pl-PL","@id":"https:\/\/instytutpolski.pl\/bucuresti\/#\/schema\/person\/image\/","url":"https:\/\/secure.gravatar.com\/avatar\/c2e847fb86e9b9e6a80aa771ff34772f?s=96&d=mm&r=g","contentUrl":"https:\/\/secure.gravatar.com\/avatar\/c2e847fb86e9b9e6a80aa771ff34772f?s=96&d=mm&r=g","caption":"zalaszewskak"},"url":"https:\/\/instytutpolski.pl\/bucuresti\/author\/zalaszewskak\/"}]}},"_links":{"self":[{"href":"https:\/\/instytutpolski.pl\/bucuresti\/wp-json\/wp\/v2\/posts\/2440","targetHints":{"allow":["GET"]}}],"collection":[{"href":"https:\/\/instytutpolski.pl\/bucuresti\/wp-json\/wp\/v2\/posts"}],"about":[{"href":"https:\/\/instytutpolski.pl\/bucuresti\/wp-json\/wp\/v2\/types\/post"}],"author":[{"embeddable":true,"href":"https:\/\/instytutpolski.pl\/bucuresti\/wp-json\/wp\/v2\/users\/44"}],"replies":[{"embeddable":true,"href":"https:\/\/instytutpolski.pl\/bucuresti\/wp-json\/wp\/v2\/comments?post=2440"}],"version-history":[{"count":2,"href":"https:\/\/instytutpolski.pl\/bucuresti\/wp-json\/wp\/v2\/posts\/2440\/revisions"}],"predecessor-version":[{"id":2443,"href":"https:\/\/instytutpolski.pl\/bucuresti\/wp-json\/wp\/v2\/posts\/2440\/revisions\/2443"}],"wp:featuredmedia":[{"embeddable":true,"href":"https:\/\/instytutpolski.pl\/bucuresti\/wp-json\/wp\/v2\/media\/2441"}],"wp:attachment":[{"href":"https:\/\/instytutpolski.pl\/bucuresti\/wp-json\/wp\/v2\/media?parent=2440"}],"wp:term":[{"taxonomy":"category","embeddable":true,"href":"https:\/\/instytutpolski.pl\/bucuresti\/wp-json\/wp\/v2\/categories?post=2440"},{"taxonomy":"post_tag","embeddable":true,"href":"https:\/\/instytutpolski.pl\/bucuresti\/wp-json\/wp\/v2\/tags?post=2440"}],"curies":[{"name":"wp","href":"https:\/\/api.w.org\/{rel}","templated":true}]}}