{"id":2454,"date":"2017-08-27T15:27:00","date_gmt":"2017-08-27T13:27:00","guid":{"rendered":"https:\/\/instytutpolski.pl\/bucuresti\/?p=2454"},"modified":"2020-05-28T15:30:14","modified_gmt":"2020-05-28T13:30:14","slug":"anul-jozef-pilsudski-in-romania","status":"publish","type":"post","link":"https:\/\/instytutpolski.pl\/bucuresti\/2017\/08\/27\/anul-jozef-pilsudski-in-romania\/","title":{"rendered":"Anul J\u00f3zef Pi\u0142sudski \u00een Rom\u00e2nia"},"content":{"rendered":"\n<p>Mare\u0219alul J\u00f3zef Pi\u0142sudski (1867-1935) reprezint\u0103 simbolul independen\u021bei Poloniei, cucerit\u0103 \u00een anul 1918. Aceasta s-a \u00eent\u00e2mplat dup\u0103 123 de ani de a\u0219a-numite anex\u0103ri, adic\u0103 \u00eemp\u0103r\u021biri ale p\u0103m\u00e2nturilor poloneze \u00eentre Rusia, Prusia \u0219i Austria, care le-au acaparat de trei ori \u0219i au \u00eencercat s\u0103-i priveze pe polonezi nu doar de patria lor, ci \u0219i de limba, tradi\u021biile \u0219i cultura lor.<\/p>\n<p>Pi\u0142sudski s-a aflat \u00een fruntea statului polonez ren\u0103scut, a \u00eenfiin\u021bat armata \u0219i bazele democratice ale acestuia (de ex., \u00een noiembrie 1918 a recunoscut dreptul femeilor la vot). A fost prieten al familiei regale a Rom\u00e2niei, s-a aflat \u00een Rom\u00e2nia \u00een lungi vacan\u021be \u0219i de patru ori \u00een cadrul unor vizite oficiale (1922, 1928, 1931, 1932). De asemenea, a avut merite deosebite pentru \u00eentregul continent \u2013 \u00een anul 1920, c\u00e2\u0219tig\u00e2nd B\u0103t\u0103lia pentru Var\u0219ovia, cunoscut\u0103 \u00een Polonia ca \u201emiracolul de pe Vistula\u201d, \u0219i-a ap\u0103rat propria \u021bar\u0103 dar a ap\u0103rat \u0219i Europa \u00een fa\u021ba bol\u0219evicilor &#8211; pre\u021b de c\u00e2teva decenii.<\/p>\n<p>\u00cen 2017, la 5 decembrie, se vor \u00eemplini 150 de ani de la na\u0219terea sa. Cu aceast\u0103 ocazie, parlamentul polonez a declarat 2017 Anul J\u00f3zef Pi\u0142sudski, iar Institutul Polonez din Bucure\u0219ti, \u00eempreun\u0103 cu partenerii s\u0103i a preg\u0103tit un ciclu de evenimente dedicate renumitului polonez. V\u0103 prezent\u0103m cele mai importante dintre ele.\u00a0<\/p>\n<p>\u00cen cadrul conferin\u021bei \u0219tiin\u021bifice anuale, care \u00eenso\u021be\u0219te\u00a0<strong>Zilele Poloneze de la Suceava<\/strong>, \u00eempreun\u0103 cu Uniunea Polonezilor din Rom\u00e2nia v\u0103 invit\u0103m pe\u00a0<strong>7 septembrie 2017<\/strong>\u00a0la\u00a0<strong>panelul dedicat lui J\u00f3zef Pi\u0142sudsk<\/strong>i, la care vor participa, printre al\u021bi istorici polonezi, prof. Micha\u0142 Klimecki \u0219i prof. Henryk Walczak. \u00cent\u00e2lnirea va fi precedat\u0103 de\u00a0<strong>vernisajul expozi\u021biei \u201eJ\u00f3zef Pi\u0142sudski \u2013 om de stat al Poloniei \u0219i Europei\u201d<\/strong>, care va fi prezentat\u0103 \u00een minunat restauratul\u00a0<strong>Muzeu al Bucovinei \u00een perioada 7-30 septembrie<\/strong>. Expozi\u021bia a fost preg\u0103tit\u0103 din ini\u021biativa Ministerului Afacerilor Externe al Republicii Polone \u0219i Institutului Polonez, de Muzeul \u201eJ\u00f3zef Pi\u0142sudski\u201d din Sulej\u00f3wek.\u00a0<\/p>\n<p>Cu c\u00e2teva zile \u00eenainte de aniversarea a 99 de ani de la c\u00e2\u0219tigarea independen\u021bei Poloniei, la\u00a0<strong>3 noiembrie 2017, la Ia\u0219i<\/strong>, Institutul Polonez \u0219i Ambasada Republicii Polone la Bucure\u0219ti, \u00een colaborare cu Muzeul Unirii \u0219i Centrul de Studii Europene din Universitatea &#8222;Alexandru Ioan Cuza&#8221; din Ia\u0219i organizeaz\u0103\u00a0<strong>conferin\u021ba \u0219tiin\u021bific\u0103 polono-rom\u00e2n\u0103 dedicat\u0103 lui J\u00f3zef Pi\u0142sudski<\/strong>. Cu ocazia conferin\u021bei, va avea loc \u0219i vernisajul expozi\u021biei dedicate Mare\u0219alului la Muzeul Unirii. Se cuvine subliniat faptul c\u0103 aceast\u0103 institu\u021bie se afl\u0103 \u00eentr-un loc cu o valoare simbolic\u0103 deosebit\u0103 \u2013 \u00een palatul care, \u00eentre anii 1859-1862 a fost sediul conduc\u0103torului Moldovei \u0219i \u021a\u0103rii Rom\u00e2ne\u0219ti unificate, prin\u021bul Alexandru Ioan Cuza, iar \u00een timpul Primului R\u0103zboi Mondial, dup\u0103 evacuarea la Ia\u0219i a autorit\u0103\u021bilor rom\u00e2ne, a fost re\u0219edin\u021ba regelui Ferdinand al Rom\u00e2niei. Expozi\u021bia dedicat\u0103 omului de stat polonez va putea fi vizitat\u0103 p\u00e2n\u0103 la 27 noiembrie 2017.\u00a0<\/p>\n<p>\u00cen aceast\u0103 toamn\u0103, personalitatea lui J\u00f3zef Pi\u0142sudski va fi f\u0103cut\u0103 cunoscut\u0103 \u0219i cititorilor\u00a0<strong>revistei rom\u00e2ne\u0219ti \u201eHistoria\u201d<\/strong>, \u00een paginile c\u0103reia va fi publicat un amplu articol de S\u0142awomir Koper, autor polonez a numeroase c\u0103r\u021bi istorice de mare popularitate.\u00a0<\/p>\n","protected":false},"excerpt":{"rendered":"<p>Mare\u0219alul J\u00f3zef Pi\u0142sudski (1867-1935) reprezint\u0103 simbolul independen\u021bei Poloniei, cucerit\u0103 \u00een anul 1918. Aceasta s-a \u00eent\u00e2mplat dup\u0103 123 de ani de a\u0219a-numite anex\u0103ri, adic\u0103 \u00eemp\u0103r\u021biri ale p\u0103m\u00e2nturilor poloneze \u00eentre Rusia, Prusia \u0219i Austria, care le-au acaparat de trei ori \u0219i au \u00eencercat s\u0103-i priveze pe polonezi nu doar de patria lor, ci \u0219i de limba, tradi\u021biile [&hellip;]<\/p>\n","protected":false},"author":44,"featured_media":2455,"comment_status":"open","ping_status":"open","sticky":false,"template":"","format":"standard","meta":{"inline_featured_image":false,"_monsterinsights_skip_tracking":false,"_monsterinsights_sitenote_active":false,"_monsterinsights_sitenote_note":"","_monsterinsights_sitenote_category":0,"footnotes":""},"categories":[14],"tags":[],"class_list":["post-2454","post","type-post","status-publish","format-standard","has-post-thumbnail","hentry","category-istorie"],"yoast_head":"<!-- This site is optimized with the Yoast SEO plugin v24.6 - https:\/\/yoast.com\/wordpress\/plugins\/seo\/ -->\n<title>Anul J\u00f3zef Pi\u0142sudski \u00een Rom\u00e2nia - Instytut Polski w Bukareszcie<\/title>\n<meta name=\"robots\" content=\"index, follow, max-snippet:-1, max-image-preview:large, max-video-preview:-1\" \/>\n<link rel=\"canonical\" href=\"https:\/\/instytutpolski.pl\/bucuresti\/2017\/08\/27\/anul-jozef-pilsudski-in-romania\/\" \/>\n<meta property=\"og:locale\" content=\"pl_PL\" \/>\n<meta property=\"og:type\" content=\"article\" \/>\n<meta property=\"og:title\" content=\"Anul J\u00f3zef Pi\u0142sudski \u00een Rom\u00e2nia - Instytut Polski w Bukareszcie\" \/>\n<meta property=\"og:description\" content=\"Mare\u0219alul J\u00f3zef Pi\u0142sudski (1867-1935) reprezint\u0103 simbolul independen\u021bei Poloniei, cucerit\u0103 \u00een anul 1918. Aceasta s-a \u00eent\u00e2mplat dup\u0103 123 de ani de a\u0219a-numite anex\u0103ri, adic\u0103 \u00eemp\u0103r\u021biri ale p\u0103m\u00e2nturilor poloneze \u00eentre Rusia, Prusia \u0219i Austria, care le-au acaparat de trei ori \u0219i au \u00eencercat s\u0103-i priveze pe polonezi nu doar de patria lor, ci \u0219i de limba, tradi\u021biile [&hellip;]\" \/>\n<meta property=\"og:url\" content=\"https:\/\/instytutpolski.pl\/bucuresti\/2017\/08\/27\/anul-jozef-pilsudski-in-romania\/\" \/>\n<meta property=\"og:site_name\" content=\"Instytut Polski w Bukareszcie\" \/>\n<meta property=\"article:published_time\" content=\"2017-08-27T13:27:00+00:00\" \/>\n<meta property=\"article:modified_time\" content=\"2020-05-28T13:30:14+00:00\" \/>\n<meta property=\"og:image\" content=\"https:\/\/instytutpolski.pl\/bucuresti\/wp-content\/uploads\/sites\/11\/2020\/05\/anul-jozef-pilsudski-in-romania_89a5a7.jpg\" \/>\n\t<meta property=\"og:image:width\" content=\"1500\" \/>\n\t<meta property=\"og:image:height\" content=\"882\" \/>\n\t<meta property=\"og:image:type\" content=\"image\/jpeg\" \/>\n<meta name=\"author\" content=\"zalaszewskak\" \/>\n<meta name=\"twitter:card\" content=\"summary_large_image\" \/>\n<meta name=\"twitter:label1\" content=\"Napisane przez\" \/>\n\t<meta name=\"twitter:data1\" content=\"zalaszewskak\" \/>\n\t<meta name=\"twitter:label2\" content=\"Szacowany czas czytania\" \/>\n\t<meta name=\"twitter:data2\" content=\"3 minuty\" \/>\n<script type=\"application\/ld+json\" class=\"yoast-schema-graph\">{\"@context\":\"https:\/\/schema.org\",\"@graph\":[{\"@type\":\"event\",\"@id\":\"https:\/\/instytutpolski.pl\/bucuresti\/2017\/08\/27\/anul-jozef-pilsudski-in-romania\/\",\"url\":\"https:\/\/instytutpolski.pl\/bucuresti\/2017\/08\/27\/anul-jozef-pilsudski-in-romania\/\",\"name\":\"Anul J\u00f3zef Pi\u0142sudski \u00een Rom\u00e2nia\",\"isPartOf\":{\"@id\":\"https:\/\/instytutpolski.pl\/bucuresti\/#website\"},\"primaryImageOfPage\":{\"@id\":\"https:\/\/instytutpolski.pl\/bucuresti\/2017\/08\/27\/anul-jozef-pilsudski-in-romania\/#primaryimage\"},\"image\":[\"https:\/\/instytutpolski.pl\/bucuresti\/wp-content\/uploads\/sites\/11\/2020\/05\/anul-jozef-pilsudski-in-romania_89a5a7.jpg\",\"https:\/\/instytutpolski.pl\/bucuresti\/wp-content\/uploads\/sites\/11\/2020\/05\/anul-jozef-pilsudski-in-romania_89a5a7-300x176.jpg\",\"https:\/\/instytutpolski.pl\/bucuresti\/wp-content\/uploads\/sites\/11\/2020\/05\/anul-jozef-pilsudski-in-romania_89a5a7-1024x602.jpg\",\"https:\/\/instytutpolski.pl\/bucuresti\/wp-content\/uploads\/sites\/11\/2020\/05\/anul-jozef-pilsudski-in-romania_89a5a7.jpg\"],\"thumbnailUrl\":\"https:\/\/instytutpolski.pl\/bucuresti\/wp-content\/uploads\/sites\/11\/2020\/05\/anul-jozef-pilsudski-in-romania_89a5a7.jpg\",\"datePublished\":\"2017-08-27T13:27:00+02:00\",\"dateModified\":\"2020-05-28T13:30:14+02:00\",\"author\":{\"@id\":\"https:\/\/instytutpolski.pl\/bucuresti\/#\/schema\/person\/cbf38f4ffa10f919673d0e5f3ee6677d\"},\"breadcrumb\":{\"@id\":\"https:\/\/instytutpolski.pl\/bucuresti\/2017\/08\/27\/anul-jozef-pilsudski-in-romania\/#breadcrumb\"},\"inLanguage\":\"pl-PL\",\"potentialAction\":[{\"@type\":\"ReadAction\",\"target\":[\"https:\/\/instytutpolski.pl\/bucuresti\/2017\/08\/27\/anul-jozef-pilsudski-in-romania\/\"]}],\"@context\":\"https:\/\/schema.org\",\"startDate\":\"2017-08-27\",\"endDate\":\"2017-11-28\",\"eventStatus\":\"EventScheduled\",\"eventAttendanceMode\":\"OfflineEventAttendanceMode\",\"location\":{\"@type\":\"place\",\"name\":\"\",\"address\":\"\",\"geo\":{\"@type\":\"GeoCoordinates\",\"latitude\":\"\",\"longitude\":\"\"}},\"description\":\"Mare\u0219alul J\u00f3zef Pi\u0142sudski (1867-1935) reprezint\u0103 simbolul independen\u021bei Poloniei, cucerit\u0103 \u00een anul 1918. Aceasta s-a \u00eent\u00e2mplat dup\u0103 123 de ani de a\u0219a-numite anex\u0103ri, adic\u0103 \u00eemp\u0103r\u021biri ale p\u0103m\u00e2nturilor poloneze \u00eentre Rusia, Prusia \u0219i Austria, care le-au acaparat de trei ori \u0219i au \u00eencercat s\u0103-i priveze pe polonezi nu doar de patria lor, ci \u0219i de limba, tradi\u021biile \u0219i cultura lor.\\nPi\u0142sudski s-a aflat \u00een fruntea statului polonez ren\u0103scut, a \u00eenfiin\u021bat armata \u0219i bazele democratice ale acestuia (de ex., \u00een noiembrie 1918 a recunoscut dreptul femeilor la vot). A fost prieten al familiei regale a Rom\u00e2niei, s-a aflat \u00een Rom\u00e2nia \u00een lungi vacan\u021be \u0219i de patru ori \u00een cadrul unor vizite oficiale (1922, 1928, 1931, 1932). De asemenea, a avut merite deosebite pentru \u00eentregul continent \u2013 \u00een anul 1920, c\u00e2\u0219tig\u00e2nd B\u0103t\u0103lia pentru Var\u0219ovia, cunoscut\u0103 \u00een Polonia ca \u201emiracolul de pe Vistula\u201d, \u0219i-a ap\u0103rat propria \u021bar\u0103 dar a ap\u0103rat \u0219i Europa \u00een fa\u021ba bol\u0219evicilor - pre\u021b de c\u00e2teva decenii.\\n\u00cen 2017, la 5 decembrie, se vor \u00eemplini 150 de ani de la na\u0219terea sa. Cu aceast\u0103 ocazie, parlamentul polonez a declarat 2017 Anul J\u00f3zef Pi\u0142sudski, iar Institutul Polonez din Bucure\u0219ti, \u00eempreun\u0103 cu partenerii s\u0103i a preg\u0103tit un ciclu de evenimente dedicate renumitului polonez. V\u0103 prezent\u0103m cele mai importante dintre ele.\u00a0\\n\u00cen cadrul conferin\u021bei \u0219tiin\u021bifice anuale, care \u00eenso\u021be\u0219te\u00a0Zilele Poloneze de la Suceava, \u00eempreun\u0103 cu Uniunea Polonezilor din Rom\u00e2nia v\u0103 invit\u0103m pe\u00a07 septembrie 2017\u00a0la\u00a0panelul dedicat lui J\u00f3zef Pi\u0142sudski, la care vor participa, printre al\u021bi istorici polonezi, prof. Micha\u0142 Klimecki \u0219i prof. Henryk Walczak. \u00cent\u00e2lnirea va fi precedat\u0103 de\u00a0vernisajul expozi\u021biei \u201eJ\u00f3zef Pi\u0142sudski \u2013 om de stat al Poloniei \u0219i Europei\u201d, care va fi prezentat\u0103 \u00een minunat restauratul\u00a0Muzeu al Bucovinei \u00een perioada 7-30 septembrie. Expozi\u021bia a fost preg\u0103tit\u0103 din ini\u021biativa Ministerului Afacerilor Externe al Republicii Polone \u0219i Institutului Polonez, de Muzeul \u201eJ\u00f3zef Pi\u0142sudski\u201d din Sulej\u00f3wek.\u00a0\\nCu c\u00e2teva zile \u00eenainte de aniversarea a 99 de ani de la c\u00e2\u0219tigarea independen\u021bei Poloniei, la\u00a03 noiembrie 2017, la Ia\u0219i, Institutul Polonez \u0219i Ambasada Republicii Polone la Bucure\u0219ti, \u00een colaborare cu Muzeul Unirii \u0219i Centrul de Studii Europene din Universitatea \\\"Alexandru Ioan Cuza\\\" din Ia\u0219i organizeaz\u0103\u00a0conferin\u021ba \u0219tiin\u021bific\u0103 polono-rom\u00e2n\u0103 dedicat\u0103 lui J\u00f3zef Pi\u0142sudski. Cu ocazia conferin\u021bei, va avea loc \u0219i vernisajul expozi\u021biei dedicate Mare\u0219alului la Muzeul Unirii. Se cuvine subliniat faptul c\u0103 aceast\u0103 institu\u021bie se afl\u0103 \u00eentr-un loc cu o valoare simbolic\u0103 deosebit\u0103 \u2013 \u00een palatul care, \u00eentre anii 1859-1862 a fost sediul conduc\u0103torului Moldovei \u0219i \u021a\u0103rii Rom\u00e2ne\u0219ti unificate, prin\u021bul Alexandru Ioan Cuza, iar \u00een timpul Primului R\u0103zboi Mondial, dup\u0103 evacuarea la Ia\u0219i a autorit\u0103\u021bilor rom\u00e2ne, a fost re\u0219edin\u021ba regelui Ferdinand al Rom\u00e2niei. Expozi\u021bia dedicat\u0103 omului de stat polonez va putea fi vizitat\u0103 p\u00e2n\u0103 la 27 noiembrie 2017.\u00a0\\n\u00cen aceast\u0103 toamn\u0103, personalitatea lui J\u00f3zef Pi\u0142sudski va fi f\u0103cut\u0103 cunoscut\u0103 \u0219i cititorilor\u00a0revistei rom\u00e2ne\u0219ti \u201eHistoria\u201d, \u00een paginile c\u0103reia va fi publicat un amplu articol de S\u0142awomir Koper, autor polonez a numeroase c\u0103r\u021bi istorice de mare popularitate.\u00a0\"},{\"@type\":\"ImageObject\",\"inLanguage\":\"pl-PL\",\"@id\":\"https:\/\/instytutpolski.pl\/bucuresti\/2017\/08\/27\/anul-jozef-pilsudski-in-romania\/#primaryimage\",\"url\":\"https:\/\/instytutpolski.pl\/bucuresti\/wp-content\/uploads\/sites\/11\/2020\/05\/anul-jozef-pilsudski-in-romania_89a5a7.jpg\",\"contentUrl\":\"https:\/\/instytutpolski.pl\/bucuresti\/wp-content\/uploads\/sites\/11\/2020\/05\/anul-jozef-pilsudski-in-romania_89a5a7.jpg\",\"width\":1500,\"height\":882},{\"@type\":\"BreadcrumbList\",\"@id\":\"https:\/\/instytutpolski.pl\/bucuresti\/2017\/08\/27\/anul-jozef-pilsudski-in-romania\/#breadcrumb\",\"itemListElement\":[{\"@type\":\"ListItem\",\"position\":1,\"name\":\"Home\",\"item\":\"https:\/\/instytutpolski.pl\/bucuresti\/\"},{\"@type\":\"ListItem\",\"position\":2,\"name\":\"Anul J\u00f3zef Pi\u0142sudski \u00een Rom\u00e2nia\"}]},{\"@type\":\"WebSite\",\"@id\":\"https:\/\/instytutpolski.pl\/bucuresti\/#website\",\"url\":\"https:\/\/instytutpolski.pl\/bucuresti\/\",\"name\":\"Instytut Polski w Bukareszcie\",\"description\":\"Instytuty Polskie\",\"potentialAction\":[{\"@type\":\"SearchAction\",\"target\":{\"@type\":\"EntryPoint\",\"urlTemplate\":\"https:\/\/instytutpolski.pl\/bucuresti\/?s={search_term_string}\"},\"query-input\":{\"@type\":\"PropertyValueSpecification\",\"valueRequired\":true,\"valueName\":\"search_term_string\"}}],\"inLanguage\":\"pl-PL\"},{\"@type\":\"Person\",\"@id\":\"https:\/\/instytutpolski.pl\/bucuresti\/#\/schema\/person\/cbf38f4ffa10f919673d0e5f3ee6677d\",\"name\":\"zalaszewskak\",\"image\":{\"@type\":\"ImageObject\",\"inLanguage\":\"pl-PL\",\"@id\":\"https:\/\/instytutpolski.pl\/bucuresti\/#\/schema\/person\/image\/\",\"url\":\"https:\/\/secure.gravatar.com\/avatar\/c2e847fb86e9b9e6a80aa771ff34772f?s=96&d=mm&r=g\",\"contentUrl\":\"https:\/\/secure.gravatar.com\/avatar\/c2e847fb86e9b9e6a80aa771ff34772f?s=96&d=mm&r=g\",\"caption\":\"zalaszewskak\"},\"url\":\"https:\/\/instytutpolski.pl\/bucuresti\/author\/zalaszewskak\/\"}]}<\/script>\n<!-- \/ Yoast SEO plugin. -->","yoast_head_json":{"title":"Anul J\u00f3zef Pi\u0142sudski \u00een Rom\u00e2nia - Instytut Polski w Bukareszcie","robots":{"index":"index","follow":"follow","max-snippet":"max-snippet:-1","max-image-preview":"max-image-preview:large","max-video-preview":"max-video-preview:-1"},"canonical":"https:\/\/instytutpolski.pl\/bucuresti\/2017\/08\/27\/anul-jozef-pilsudski-in-romania\/","og_locale":"pl_PL","og_type":"article","og_title":"Anul J\u00f3zef Pi\u0142sudski \u00een Rom\u00e2nia - Instytut Polski w Bukareszcie","og_description":"Mare\u0219alul J\u00f3zef Pi\u0142sudski (1867-1935) reprezint\u0103 simbolul independen\u021bei Poloniei, cucerit\u0103 \u00een anul 1918. Aceasta s-a \u00eent\u00e2mplat dup\u0103 123 de ani de a\u0219a-numite anex\u0103ri, adic\u0103 \u00eemp\u0103r\u021biri ale p\u0103m\u00e2nturilor poloneze \u00eentre Rusia, Prusia \u0219i Austria, care le-au acaparat de trei ori \u0219i au \u00eencercat s\u0103-i priveze pe polonezi nu doar de patria lor, ci \u0219i de limba, tradi\u021biile [&hellip;]","og_url":"https:\/\/instytutpolski.pl\/bucuresti\/2017\/08\/27\/anul-jozef-pilsudski-in-romania\/","og_site_name":"Instytut Polski w Bukareszcie","article_published_time":"2017-08-27T13:27:00+00:00","article_modified_time":"2020-05-28T13:30:14+00:00","og_image":[{"width":1500,"height":882,"url":"https:\/\/instytutpolski.pl\/bucuresti\/wp-content\/uploads\/sites\/11\/2020\/05\/anul-jozef-pilsudski-in-romania_89a5a7.jpg","type":"image\/jpeg"}],"author":"zalaszewskak","twitter_card":"summary_large_image","twitter_misc":{"Napisane przez":"zalaszewskak","Szacowany czas czytania":"3 minuty"},"schema":{"@context":"https:\/\/schema.org","@graph":[{"@type":"event","@id":"https:\/\/instytutpolski.pl\/bucuresti\/2017\/08\/27\/anul-jozef-pilsudski-in-romania\/","url":"https:\/\/instytutpolski.pl\/bucuresti\/2017\/08\/27\/anul-jozef-pilsudski-in-romania\/","name":"Anul J\u00f3zef Pi\u0142sudski \u00een Rom\u00e2nia","isPartOf":{"@id":"https:\/\/instytutpolski.pl\/bucuresti\/#website"},"primaryImageOfPage":{"@id":"https:\/\/instytutpolski.pl\/bucuresti\/2017\/08\/27\/anul-jozef-pilsudski-in-romania\/#primaryimage"},"image":["https:\/\/instytutpolski.pl\/bucuresti\/wp-content\/uploads\/sites\/11\/2020\/05\/anul-jozef-pilsudski-in-romania_89a5a7.jpg","https:\/\/instytutpolski.pl\/bucuresti\/wp-content\/uploads\/sites\/11\/2020\/05\/anul-jozef-pilsudski-in-romania_89a5a7-300x176.jpg","https:\/\/instytutpolski.pl\/bucuresti\/wp-content\/uploads\/sites\/11\/2020\/05\/anul-jozef-pilsudski-in-romania_89a5a7-1024x602.jpg","https:\/\/instytutpolski.pl\/bucuresti\/wp-content\/uploads\/sites\/11\/2020\/05\/anul-jozef-pilsudski-in-romania_89a5a7.jpg"],"thumbnailUrl":"https:\/\/instytutpolski.pl\/bucuresti\/wp-content\/uploads\/sites\/11\/2020\/05\/anul-jozef-pilsudski-in-romania_89a5a7.jpg","datePublished":"2017-08-27T13:27:00+02:00","dateModified":"2020-05-28T13:30:14+02:00","author":{"@id":"https:\/\/instytutpolski.pl\/bucuresti\/#\/schema\/person\/cbf38f4ffa10f919673d0e5f3ee6677d"},"breadcrumb":{"@id":"https:\/\/instytutpolski.pl\/bucuresti\/2017\/08\/27\/anul-jozef-pilsudski-in-romania\/#breadcrumb"},"inLanguage":"pl-PL","potentialAction":[{"@type":"ReadAction","target":["https:\/\/instytutpolski.pl\/bucuresti\/2017\/08\/27\/anul-jozef-pilsudski-in-romania\/"]}],"@context":"https:\/\/schema.org","startDate":"2017-08-27","endDate":"2017-11-28","eventStatus":"EventScheduled","eventAttendanceMode":"OfflineEventAttendanceMode","location":{"@type":"place","name":"","address":"","geo":{"@type":"GeoCoordinates","latitude":"","longitude":""}},"description":"Mare\u0219alul J\u00f3zef Pi\u0142sudski (1867-1935) reprezint\u0103 simbolul independen\u021bei Poloniei, cucerit\u0103 \u00een anul 1918. Aceasta s-a \u00eent\u00e2mplat dup\u0103 123 de ani de a\u0219a-numite anex\u0103ri, adic\u0103 \u00eemp\u0103r\u021biri ale p\u0103m\u00e2nturilor poloneze \u00eentre Rusia, Prusia \u0219i Austria, care le-au acaparat de trei ori \u0219i au \u00eencercat s\u0103-i priveze pe polonezi nu doar de patria lor, ci \u0219i de limba, tradi\u021biile \u0219i cultura lor.\nPi\u0142sudski s-a aflat \u00een fruntea statului polonez ren\u0103scut, a \u00eenfiin\u021bat armata \u0219i bazele democratice ale acestuia (de ex., \u00een noiembrie 1918 a recunoscut dreptul femeilor la vot). A fost prieten al familiei regale a Rom\u00e2niei, s-a aflat \u00een Rom\u00e2nia \u00een lungi vacan\u021be \u0219i de patru ori \u00een cadrul unor vizite oficiale (1922, 1928, 1931, 1932). De asemenea, a avut merite deosebite pentru \u00eentregul continent \u2013 \u00een anul 1920, c\u00e2\u0219tig\u00e2nd B\u0103t\u0103lia pentru Var\u0219ovia, cunoscut\u0103 \u00een Polonia ca \u201emiracolul de pe Vistula\u201d, \u0219i-a ap\u0103rat propria \u021bar\u0103 dar a ap\u0103rat \u0219i Europa \u00een fa\u021ba bol\u0219evicilor - pre\u021b de c\u00e2teva decenii.\n\u00cen 2017, la 5 decembrie, se vor \u00eemplini 150 de ani de la na\u0219terea sa. Cu aceast\u0103 ocazie, parlamentul polonez a declarat 2017 Anul J\u00f3zef Pi\u0142sudski, iar Institutul Polonez din Bucure\u0219ti, \u00eempreun\u0103 cu partenerii s\u0103i a preg\u0103tit un ciclu de evenimente dedicate renumitului polonez. V\u0103 prezent\u0103m cele mai importante dintre ele.\u00a0\n\u00cen cadrul conferin\u021bei \u0219tiin\u021bifice anuale, care \u00eenso\u021be\u0219te\u00a0Zilele Poloneze de la Suceava, \u00eempreun\u0103 cu Uniunea Polonezilor din Rom\u00e2nia v\u0103 invit\u0103m pe\u00a07 septembrie 2017\u00a0la\u00a0panelul dedicat lui J\u00f3zef Pi\u0142sudski, la care vor participa, printre al\u021bi istorici polonezi, prof. Micha\u0142 Klimecki \u0219i prof. Henryk Walczak. \u00cent\u00e2lnirea va fi precedat\u0103 de\u00a0vernisajul expozi\u021biei \u201eJ\u00f3zef Pi\u0142sudski \u2013 om de stat al Poloniei \u0219i Europei\u201d, care va fi prezentat\u0103 \u00een minunat restauratul\u00a0Muzeu al Bucovinei \u00een perioada 7-30 septembrie. Expozi\u021bia a fost preg\u0103tit\u0103 din ini\u021biativa Ministerului Afacerilor Externe al Republicii Polone \u0219i Institutului Polonez, de Muzeul \u201eJ\u00f3zef Pi\u0142sudski\u201d din Sulej\u00f3wek.\u00a0\nCu c\u00e2teva zile \u00eenainte de aniversarea a 99 de ani de la c\u00e2\u0219tigarea independen\u021bei Poloniei, la\u00a03 noiembrie 2017, la Ia\u0219i, Institutul Polonez \u0219i Ambasada Republicii Polone la Bucure\u0219ti, \u00een colaborare cu Muzeul Unirii \u0219i Centrul de Studii Europene din Universitatea \"Alexandru Ioan Cuza\" din Ia\u0219i organizeaz\u0103\u00a0conferin\u021ba \u0219tiin\u021bific\u0103 polono-rom\u00e2n\u0103 dedicat\u0103 lui J\u00f3zef Pi\u0142sudski. Cu ocazia conferin\u021bei, va avea loc \u0219i vernisajul expozi\u021biei dedicate Mare\u0219alului la Muzeul Unirii. Se cuvine subliniat faptul c\u0103 aceast\u0103 institu\u021bie se afl\u0103 \u00eentr-un loc cu o valoare simbolic\u0103 deosebit\u0103 \u2013 \u00een palatul care, \u00eentre anii 1859-1862 a fost sediul conduc\u0103torului Moldovei \u0219i \u021a\u0103rii Rom\u00e2ne\u0219ti unificate, prin\u021bul Alexandru Ioan Cuza, iar \u00een timpul Primului R\u0103zboi Mondial, dup\u0103 evacuarea la Ia\u0219i a autorit\u0103\u021bilor rom\u00e2ne, a fost re\u0219edin\u021ba regelui Ferdinand al Rom\u00e2niei. Expozi\u021bia dedicat\u0103 omului de stat polonez va putea fi vizitat\u0103 p\u00e2n\u0103 la 27 noiembrie 2017.\u00a0\n\u00cen aceast\u0103 toamn\u0103, personalitatea lui J\u00f3zef Pi\u0142sudski va fi f\u0103cut\u0103 cunoscut\u0103 \u0219i cititorilor\u00a0revistei rom\u00e2ne\u0219ti \u201eHistoria\u201d, \u00een paginile c\u0103reia va fi publicat un amplu articol de S\u0142awomir Koper, autor polonez a numeroase c\u0103r\u021bi istorice de mare popularitate.\u00a0"},{"@type":"ImageObject","inLanguage":"pl-PL","@id":"https:\/\/instytutpolski.pl\/bucuresti\/2017\/08\/27\/anul-jozef-pilsudski-in-romania\/#primaryimage","url":"https:\/\/instytutpolski.pl\/bucuresti\/wp-content\/uploads\/sites\/11\/2020\/05\/anul-jozef-pilsudski-in-romania_89a5a7.jpg","contentUrl":"https:\/\/instytutpolski.pl\/bucuresti\/wp-content\/uploads\/sites\/11\/2020\/05\/anul-jozef-pilsudski-in-romania_89a5a7.jpg","width":1500,"height":882},{"@type":"BreadcrumbList","@id":"https:\/\/instytutpolski.pl\/bucuresti\/2017\/08\/27\/anul-jozef-pilsudski-in-romania\/#breadcrumb","itemListElement":[{"@type":"ListItem","position":1,"name":"Home","item":"https:\/\/instytutpolski.pl\/bucuresti\/"},{"@type":"ListItem","position":2,"name":"Anul J\u00f3zef Pi\u0142sudski \u00een Rom\u00e2nia"}]},{"@type":"WebSite","@id":"https:\/\/instytutpolski.pl\/bucuresti\/#website","url":"https:\/\/instytutpolski.pl\/bucuresti\/","name":"Instytut Polski w Bukareszcie","description":"Instytuty Polskie","potentialAction":[{"@type":"SearchAction","target":{"@type":"EntryPoint","urlTemplate":"https:\/\/instytutpolski.pl\/bucuresti\/?s={search_term_string}"},"query-input":{"@type":"PropertyValueSpecification","valueRequired":true,"valueName":"search_term_string"}}],"inLanguage":"pl-PL"},{"@type":"Person","@id":"https:\/\/instytutpolski.pl\/bucuresti\/#\/schema\/person\/cbf38f4ffa10f919673d0e5f3ee6677d","name":"zalaszewskak","image":{"@type":"ImageObject","inLanguage":"pl-PL","@id":"https:\/\/instytutpolski.pl\/bucuresti\/#\/schema\/person\/image\/","url":"https:\/\/secure.gravatar.com\/avatar\/c2e847fb86e9b9e6a80aa771ff34772f?s=96&d=mm&r=g","contentUrl":"https:\/\/secure.gravatar.com\/avatar\/c2e847fb86e9b9e6a80aa771ff34772f?s=96&d=mm&r=g","caption":"zalaszewskak"},"url":"https:\/\/instytutpolski.pl\/bucuresti\/author\/zalaszewskak\/"}]}},"_links":{"self":[{"href":"https:\/\/instytutpolski.pl\/bucuresti\/wp-json\/wp\/v2\/posts\/2454","targetHints":{"allow":["GET"]}}],"collection":[{"href":"https:\/\/instytutpolski.pl\/bucuresti\/wp-json\/wp\/v2\/posts"}],"about":[{"href":"https:\/\/instytutpolski.pl\/bucuresti\/wp-json\/wp\/v2\/types\/post"}],"author":[{"embeddable":true,"href":"https:\/\/instytutpolski.pl\/bucuresti\/wp-json\/wp\/v2\/users\/44"}],"replies":[{"embeddable":true,"href":"https:\/\/instytutpolski.pl\/bucuresti\/wp-json\/wp\/v2\/comments?post=2454"}],"version-history":[{"count":2,"href":"https:\/\/instytutpolski.pl\/bucuresti\/wp-json\/wp\/v2\/posts\/2454\/revisions"}],"predecessor-version":[{"id":2457,"href":"https:\/\/instytutpolski.pl\/bucuresti\/wp-json\/wp\/v2\/posts\/2454\/revisions\/2457"}],"wp:featuredmedia":[{"embeddable":true,"href":"https:\/\/instytutpolski.pl\/bucuresti\/wp-json\/wp\/v2\/media\/2455"}],"wp:attachment":[{"href":"https:\/\/instytutpolski.pl\/bucuresti\/wp-json\/wp\/v2\/media?parent=2454"}],"wp:term":[{"taxonomy":"category","embeddable":true,"href":"https:\/\/instytutpolski.pl\/bucuresti\/wp-json\/wp\/v2\/categories?post=2454"},{"taxonomy":"post_tag","embeddable":true,"href":"https:\/\/instytutpolski.pl\/bucuresti\/wp-json\/wp\/v2\/tags?post=2454"}],"curies":[{"name":"wp","href":"https:\/\/api.w.org\/{rel}","templated":true}]}}