{"id":2468,"date":"2017-07-31T15:42:00","date_gmt":"2017-07-31T13:42:00","guid":{"rendered":"https:\/\/instytutpolski.pl\/bucuresti\/?p=2468"},"modified":"2020-05-28T15:55:58","modified_gmt":"2020-05-28T13:55:58","slug":"cercetasia-poloneza-la-jamboreea-scoutilor-romani","status":"publish","type":"post","link":"https:\/\/instytutpolski.pl\/bucuresti\/2017\/07\/31\/cercetasia-poloneza-la-jamboreea-scoutilor-romani\/","title":{"rendered":"Cercet\u0103\u0219ia polonez\u0103 la jamboreea scou\u021bilor rom\u00e2ni"},"content":{"rendered":"\n<p>Expozi\u021bia va fi prezentat\u0103 \u00een tab\u0103ra jamboreei na\u021bionale din localitatea Cristian, de l\u00e2ng\u0103 Bra\u0219ov. Ea face cunoscute tradi\u021biile scoutingului polonez, \u00eenceputurile acestuia \u0219i personalit\u0103\u021bile fondatoare ale organiza\u021biei. Reaminte\u0219te, de asemenea, faptul c\u0103 Polonia este candidat\u0103 pentru organizarea\u00a0<a href=\"https:\/\/polska2023.pl\/\" target=\"_blank\" rel=\"noopener noreferrer\">Jamboreei Mondiale de Scouting la Gda\u0144sk, \u00een anul 2023<\/a>. Creatorii expozi\u021biei compuse din 30 de plan\u0219e au pus accentul \u0219i pe participarea cerceta\u0219ilor la evenimente importante pentru istoria \u0219i independen\u021ba Poloniei. Scou\u021bii rom\u00e2ni vor afla, printre altele, despre includerea colegilor lor polonezi \u00een legiuni, despre lupta lor \u00een cadrul R\u00e2ndurilor Cenu\u0219ii sau influen\u021ba educa\u021biei cercet\u0103\u0219e\u0219ti asupra genera\u021bii \u00eentregi de tineri polonezi, la baza c\u0103reia se afl\u0103 valori precum patriotismul, tov\u0103r\u0103\u0219ia, prietenia, serviciul \u00een folosul celorlal\u021bi, credin\u021ba, munca, corectitudinea, libertatea \u0219i pacea.<\/p>\n<p>Expozi\u021bia, preg\u0103tit\u0103 special pentru scou\u021bii din Rom\u00e2nia de c\u0103tre Muzeul Cercet\u0103\u0219iei din cadrul Organiza\u021biei Cerceta\u0219ilor Polonezi, prezint\u0103 pove\u0219ti de eroism, prietenii legate \u00een timpul jamboreelor organizate \u00een diferite \u021b\u0103ri, dorin\u021ba continu\u0103 de recuperare a libert\u0103\u021bii \u0219i p\u0103cii, de recunoa\u0219tere a Poloniei independente la nivel interna\u021bional, grija pentru tradi\u021bie \u0219i, de asemenea, sau poate mai \u00eenainte de toate, jocul \u0219i voia bun\u0103 care \u00eenso\u021besc activit\u0103\u021bile cerceta\u0219ilor \u0219i importan\u021ba educativ\u0103 a acestei mi\u0219c\u0103ri.<\/p>\n\n\n\n<figure class=\"wp-block-gallery columns-1 is-cropped wp-block-gallery-1 is-layout-flex wp-block-gallery-is-layout-flex\"><ul class=\"blocks-gallery-grid\"><li class=\"blocks-gallery-item\"><figure><img loading=\"lazy\" decoding=\"async\" width=\"1024\" height=\"781\" src=\"https:\/\/instytutpolski.pl\/bucuresti\/wp-content\/uploads\/sites\/11\/2020\/05\/harcerze-1a-1-1024x781.jpg\" alt=\"\" data-id=\"2471\" data-full-url=\"https:\/\/instytutpolski.pl\/bucuresti\/wp-content\/uploads\/sites\/11\/2020\/05\/harcerze-1a-1.jpg\" data-link=\"https:\/\/instytutpolski.pl\/bucuresti\/?attachment_id=2471\" class=\"wp-image-2471\" srcset=\"https:\/\/instytutpolski.pl\/bucuresti\/wp-content\/uploads\/sites\/11\/2020\/05\/harcerze-1a-1-1024x781.jpg 1024w, https:\/\/instytutpolski.pl\/bucuresti\/wp-content\/uploads\/sites\/11\/2020\/05\/harcerze-1a-1-300x229.jpg 300w, https:\/\/instytutpolski.pl\/bucuresti\/wp-content\/uploads\/sites\/11\/2020\/05\/harcerze-1a-1-768x586.jpg 768w, https:\/\/instytutpolski.pl\/bucuresti\/wp-content\/uploads\/sites\/11\/2020\/05\/harcerze-1a-1-1536x1172.jpg 1536w, https:\/\/instytutpolski.pl\/bucuresti\/wp-content\/uploads\/sites\/11\/2020\/05\/harcerze-1a-1.jpg 2000w\" sizes=\"auto, (max-width: 1024px) 100vw, 1024px\" \/><\/figure><\/li><\/ul><\/figure>\n\n\n\n<p>\u00a0<\/p>\n<p>&#8211; Ne-am dorit foarte mult ca expozi\u021bia s\u0103 prezinte \u0219i rela\u021biile dintre cerceta\u0219ii polonezi \u0219i rom\u00e2ni. Din perioada interbelic\u0103 ele au fost foarte str\u00e2nse. Merit\u0103 s\u0103 relat\u0103m acest lucru celor 1,8 mii de cerceta\u0219i care vor participa la jamboreea na\u021bional\u0103\u00a0 &#8211; a subliniat Agnieszka Skieterska, directorul Institutului Polonez din Bucure\u0219ti, care a avut ini\u021biativa cre\u0103rii expozi\u021biei \u0219i a finan\u021bat realizarea acesteia. &#8211; Datorit\u0103 accesului la colec\u021biile Muzeului Cercet\u0103\u0219iei ZHP, Arhivei Na\u021bionale Digitale din Polonia \u0219i Asocia\u021biei Cerceta\u0219ilor Tradi\u021bionali din Rom\u00e2nia am putut prelua fotografii \u0219i publica\u021bii unicat care prezint\u0103 pagini ale acestei istorii comune a cerceta\u0219ilor. Expozi\u021bia este, de asemenea, un preambul al anivers\u0103rii a 100 de ani de la Rena\u0219terea Statului Polonez \u0219i Centenarul Marii Unirii a Rom\u00e2niei, care vor fi s\u0103rb\u0103torite \u00een anul 2018 &#8211; a declarat doamna director Skieterska.<\/p>\n<p>Expozi\u021bia despre scouting-ul polonez va fi prezentat\u0103 \u00een cadrul jamboreei cerceta\u0219ilor rom\u00e2ni p\u00e2n\u0103 la finalul reuniunii, pe data de 15 august. Cu o zi \u00eenainte de \u00eencheierea acestei \u00eent\u00e2lniri, la Baku, \u00een Azerbaijan, va fi comunicat\u0103 decizia cu privire la \u021bara care va fi gazd\u0103 a edi\u021biei cu nr. XXV a Jamboreei Mondiale din anul 2023. \u00cen numele Poloniei, pentru acest titlu concureaz\u0103 Uniunea Cerceta\u0219ilor Polonezi \u00eempreun\u0103 cu ora\u0219ul Gda\u0144sk.\u00a0<\/p>\n<p>\u00a0<\/p>\n<p><a href=\"http:\/\/rojam.ro\/\" target=\"_blank\" rel=\"noopener noreferrer\">RoJAM 2017 &gt;&gt;&gt;<\/a><\/p>\n<p>Foto: Vincent Malinowski \/ Agnieszka Skieterska \/ Katarzyna Zalaszewska<\/p>\n","protected":false},"excerpt":{"rendered":"<p>Expozi\u021bia va fi prezentat\u0103 \u00een tab\u0103ra jamboreei na\u021bionale din localitatea Cristian, de l\u00e2ng\u0103 Bra\u0219ov. Ea face cunoscute tradi\u021biile scoutingului polonez, \u00eenceputurile acestuia \u0219i personalit\u0103\u021bile fondatoare ale organiza\u021biei. Reaminte\u0219te, de asemenea, faptul c\u0103 Polonia este candidat\u0103 pentru organizarea\u00a0Jamboreei Mondiale de Scouting la Gda\u0144sk, \u00een anul 2023. Creatorii expozi\u021biei compuse din 30 de plan\u0219e au pus accentul [&hellip;]<\/p>\n","protected":false},"author":44,"featured_media":2470,"comment_status":"open","ping_status":"open","sticky":false,"template":"","format":"standard","meta":{"inline_featured_image":false,"_monsterinsights_skip_tracking":false,"_monsterinsights_sitenote_active":false,"_monsterinsights_sitenote_note":"","_monsterinsights_sitenote_category":0,"footnotes":""},"categories":[14],"tags":[],"class_list":["post-2468","post","type-post","status-publish","format-standard","has-post-thumbnail","hentry","category-istorie"],"yoast_head":"<!-- This site is optimized with the Yoast SEO plugin v24.6 - https:\/\/yoast.com\/wordpress\/plugins\/seo\/ -->\n<title>Cercet\u0103\u0219ia polonez\u0103 la jamboreea scou\u021bilor rom\u00e2ni - Instytut Polski w Bukareszcie<\/title>\n<meta name=\"robots\" content=\"index, follow, max-snippet:-1, max-image-preview:large, max-video-preview:-1\" \/>\n<link rel=\"canonical\" href=\"https:\/\/instytutpolski.pl\/bucuresti\/2017\/07\/31\/cercetasia-poloneza-la-jamboreea-scoutilor-romani\/\" \/>\n<meta property=\"og:locale\" content=\"pl_PL\" \/>\n<meta property=\"og:type\" content=\"article\" \/>\n<meta property=\"og:title\" content=\"Cercet\u0103\u0219ia polonez\u0103 la jamboreea scou\u021bilor rom\u00e2ni - Instytut Polski w Bukareszcie\" \/>\n<meta property=\"og:description\" content=\"Expozi\u021bia va fi prezentat\u0103 \u00een tab\u0103ra jamboreei na\u021bionale din localitatea Cristian, de l\u00e2ng\u0103 Bra\u0219ov. Ea face cunoscute tradi\u021biile scoutingului polonez, \u00eenceputurile acestuia \u0219i personalit\u0103\u021bile fondatoare ale organiza\u021biei. Reaminte\u0219te, de asemenea, faptul c\u0103 Polonia este candidat\u0103 pentru organizarea\u00a0Jamboreei Mondiale de Scouting la Gda\u0144sk, \u00een anul 2023. Creatorii expozi\u021biei compuse din 30 de plan\u0219e au pus accentul [&hellip;]\" \/>\n<meta property=\"og:url\" content=\"https:\/\/instytutpolski.pl\/bucuresti\/2017\/07\/31\/cercetasia-poloneza-la-jamboreea-scoutilor-romani\/\" \/>\n<meta property=\"og:site_name\" content=\"Instytut Polski w Bukareszcie\" \/>\n<meta property=\"article:published_time\" content=\"2017-07-31T13:42:00+00:00\" \/>\n<meta property=\"article:modified_time\" content=\"2020-05-28T13:55:58+00:00\" \/>\n<meta property=\"og:image\" content=\"https:\/\/instytutpolski.pl\/bucuresti\/wp-content\/uploads\/sites\/11\/2020\/05\/cercetasia-poloneza-la-jamboreea-scoutilor-romani_bf7d5b.jpg\" \/>\n\t<meta property=\"og:image:width\" content=\"1200\" \/>\n\t<meta property=\"og:image:height\" content=\"766\" \/>\n\t<meta property=\"og:image:type\" content=\"image\/jpeg\" \/>\n<meta name=\"author\" content=\"zalaszewskak\" \/>\n<meta name=\"twitter:card\" content=\"summary_large_image\" \/>\n<meta name=\"twitter:label1\" content=\"Napisane przez\" \/>\n\t<meta name=\"twitter:data1\" content=\"zalaszewskak\" \/>\n\t<meta name=\"twitter:label2\" content=\"Szacowany czas czytania\" \/>\n\t<meta name=\"twitter:data2\" content=\"2 minuty\" \/>\n<script type=\"application\/ld+json\" class=\"yoast-schema-graph\">{\"@context\":\"https:\/\/schema.org\",\"@graph\":[{\"@type\":\"event\",\"@id\":\"https:\/\/instytutpolski.pl\/bucuresti\/2017\/07\/31\/cercetasia-poloneza-la-jamboreea-scoutilor-romani\/\",\"url\":\"https:\/\/instytutpolski.pl\/bucuresti\/2017\/07\/31\/cercetasia-poloneza-la-jamboreea-scoutilor-romani\/\",\"name\":\"Cercet\u0103\u0219ia polonez\u0103 la jamboreea scou\u021bilor rom\u00e2ni\",\"isPartOf\":{\"@id\":\"https:\/\/instytutpolski.pl\/bucuresti\/#website\"},\"primaryImageOfPage\":{\"@id\":\"https:\/\/instytutpolski.pl\/bucuresti\/2017\/07\/31\/cercetasia-poloneza-la-jamboreea-scoutilor-romani\/#primaryimage\"},\"image\":[\"https:\/\/instytutpolski.pl\/bucuresti\/wp-content\/uploads\/sites\/11\/2020\/05\/cercetasia-poloneza-la-jamboreea-scoutilor-romani_bf7d5b.jpg\",\"https:\/\/instytutpolski.pl\/bucuresti\/wp-content\/uploads\/sites\/11\/2020\/05\/cercetasia-poloneza-la-jamboreea-scoutilor-romani_bf7d5b-300x192.jpg\",\"https:\/\/instytutpolski.pl\/bucuresti\/wp-content\/uploads\/sites\/11\/2020\/05\/cercetasia-poloneza-la-jamboreea-scoutilor-romani_bf7d5b-1024x654.jpg\",\"https:\/\/instytutpolski.pl\/bucuresti\/wp-content\/uploads\/sites\/11\/2020\/05\/cercetasia-poloneza-la-jamboreea-scoutilor-romani_bf7d5b.jpg\"],\"thumbnailUrl\":\"https:\/\/instytutpolski.pl\/bucuresti\/wp-content\/uploads\/sites\/11\/2020\/05\/cercetasia-poloneza-la-jamboreea-scoutilor-romani_bf7d5b.jpg\",\"datePublished\":\"2017-07-31T13:42:00+02:00\",\"dateModified\":\"2020-05-28T13:55:58+02:00\",\"author\":{\"@id\":\"https:\/\/instytutpolski.pl\/bucuresti\/#\/schema\/person\/cbf38f4ffa10f919673d0e5f3ee6677d\"},\"breadcrumb\":{\"@id\":\"https:\/\/instytutpolski.pl\/bucuresti\/2017\/07\/31\/cercetasia-poloneza-la-jamboreea-scoutilor-romani\/#breadcrumb\"},\"inLanguage\":\"pl-PL\",\"potentialAction\":[{\"@type\":\"ReadAction\",\"target\":[\"https:\/\/instytutpolski.pl\/bucuresti\/2017\/07\/31\/cercetasia-poloneza-la-jamboreea-scoutilor-romani\/\"]}],\"@context\":\"https:\/\/schema.org\",\"startDate\":\"2017-07-31\",\"endDate\":\"2017-08-15\",\"eventStatus\":\"EventScheduled\",\"eventAttendanceMode\":\"OfflineEventAttendanceMode\",\"location\":{\"@type\":\"place\",\"name\":\"\",\"address\":\"\",\"geo\":{\"@type\":\"GeoCoordinates\",\"latitude\":\"\",\"longitude\":\"\"}},\"description\":\"Expozi\u021bia va fi prezentat\u0103 \u00een tab\u0103ra jamboreei na\u021bionale din localitatea Cristian, de l\u00e2ng\u0103 Bra\u0219ov. Ea face cunoscute tradi\u021biile scoutingului polonez, \u00eenceputurile acestuia \u0219i personalit\u0103\u021bile fondatoare ale organiza\u021biei. Reaminte\u0219te, de asemenea, faptul c\u0103 Polonia este candidat\u0103 pentru organizarea\u00a0Jamboreei Mondiale de Scouting la Gda\u0144sk, \u00een anul 2023. Creatorii expozi\u021biei compuse din 30 de plan\u0219e au pus accentul \u0219i pe participarea cerceta\u0219ilor la evenimente importante pentru istoria \u0219i independen\u021ba Poloniei. Scou\u021bii rom\u00e2ni vor afla, printre altele, despre includerea colegilor lor polonezi \u00een legiuni, despre lupta lor \u00een cadrul R\u00e2ndurilor Cenu\u0219ii sau influen\u021ba educa\u021biei cercet\u0103\u0219e\u0219ti asupra genera\u021bii \u00eentregi de tineri polonezi, la baza c\u0103reia se afl\u0103 valori precum patriotismul, tov\u0103r\u0103\u0219ia, prietenia, serviciul \u00een folosul celorlal\u021bi, credin\u021ba, munca, corectitudinea, libertatea \u0219i pacea.\\nExpozi\u021bia, preg\u0103tit\u0103 special pentru scou\u021bii din Rom\u00e2nia de c\u0103tre Muzeul Cercet\u0103\u0219iei din cadrul Organiza\u021biei Cerceta\u0219ilor Polonezi, prezint\u0103 pove\u0219ti de eroism, prietenii legate \u00een timpul jamboreelor organizate \u00een diferite \u021b\u0103ri, dorin\u021ba continu\u0103 de recuperare a libert\u0103\u021bii \u0219i p\u0103cii, de recunoa\u0219tere a Poloniei independente la nivel interna\u021bional, grija pentru tradi\u021bie \u0219i, de asemenea, sau poate mai \u00eenainte de toate, jocul \u0219i voia bun\u0103 care \u00eenso\u021besc activit\u0103\u021bile cerceta\u0219ilor \u0219i importan\u021ba educativ\u0103 a acestei mi\u0219c\u0103ri.\\n\u00a0\\n- Ne-am dorit foarte mult ca expozi\u021bia s\u0103 prezinte \u0219i rela\u021biile dintre cerceta\u0219ii polonezi \u0219i rom\u00e2ni. Din perioada interbelic\u0103 ele au fost foarte str\u00e2nse. Merit\u0103 s\u0103 relat\u0103m acest lucru celor 1,8 mii de cerceta\u0219i care vor participa la jamboreea na\u021bional\u0103\u00a0 - a subliniat Agnieszka Skieterska, directorul Institutului Polonez din Bucure\u0219ti, care a avut ini\u021biativa cre\u0103rii expozi\u021biei \u0219i a finan\u021bat realizarea acesteia. - Datorit\u0103 accesului la colec\u021biile Muzeului Cercet\u0103\u0219iei ZHP, Arhivei Na\u021bionale Digitale din Polonia \u0219i Asocia\u021biei Cerceta\u0219ilor Tradi\u021bionali din Rom\u00e2nia am putut prelua fotografii \u0219i publica\u021bii unicat care prezint\u0103 pagini ale acestei istorii comune a cerceta\u0219ilor. Expozi\u021bia este, de asemenea, un preambul al anivers\u0103rii a 100 de ani de la Rena\u0219terea Statului Polonez \u0219i Centenarul Marii Unirii a Rom\u00e2niei, care vor fi s\u0103rb\u0103torite \u00een anul 2018 - a declarat doamna director Skieterska.\\nExpozi\u021bia despre scouting-ul polonez va fi prezentat\u0103 \u00een cadrul jamboreei cerceta\u0219ilor rom\u00e2ni p\u00e2n\u0103 la finalul reuniunii, pe data de 15 august. Cu o zi \u00eenainte de \u00eencheierea acestei \u00eent\u00e2lniri, la Baku, \u00een Azerbaijan, va fi comunicat\u0103 decizia cu privire la \u021bara care va fi gazd\u0103 a edi\u021biei cu nr. XXV a Jamboreei Mondiale din anul 2023. \u00cen numele Poloniei, pentru acest titlu concureaz\u0103 Uniunea Cerceta\u0219ilor Polonezi \u00eempreun\u0103 cu ora\u0219ul Gda\u0144sk.\u00a0\\n\u00a0\\nRoJAM 2017 &gt;&gt;&gt;\\nFoto: Vincent Malinowski \/ Agnieszka Skieterska \/ Katarzyna Zalaszewska\"},{\"@type\":\"ImageObject\",\"inLanguage\":\"pl-PL\",\"@id\":\"https:\/\/instytutpolski.pl\/bucuresti\/2017\/07\/31\/cercetasia-poloneza-la-jamboreea-scoutilor-romani\/#primaryimage\",\"url\":\"https:\/\/instytutpolski.pl\/bucuresti\/wp-content\/uploads\/sites\/11\/2020\/05\/cercetasia-poloneza-la-jamboreea-scoutilor-romani_bf7d5b.jpg\",\"contentUrl\":\"https:\/\/instytutpolski.pl\/bucuresti\/wp-content\/uploads\/sites\/11\/2020\/05\/cercetasia-poloneza-la-jamboreea-scoutilor-romani_bf7d5b.jpg\",\"width\":1200,\"height\":766},{\"@type\":\"BreadcrumbList\",\"@id\":\"https:\/\/instytutpolski.pl\/bucuresti\/2017\/07\/31\/cercetasia-poloneza-la-jamboreea-scoutilor-romani\/#breadcrumb\",\"itemListElement\":[{\"@type\":\"ListItem\",\"position\":1,\"name\":\"Home\",\"item\":\"https:\/\/instytutpolski.pl\/bucuresti\/\"},{\"@type\":\"ListItem\",\"position\":2,\"name\":\"Cercet\u0103\u0219ia polonez\u0103 la jamboreea scou\u021bilor rom\u00e2ni\"}]},{\"@type\":\"WebSite\",\"@id\":\"https:\/\/instytutpolski.pl\/bucuresti\/#website\",\"url\":\"https:\/\/instytutpolski.pl\/bucuresti\/\",\"name\":\"Instytut Polski w Bukareszcie\",\"description\":\"Instytuty Polskie\",\"potentialAction\":[{\"@type\":\"SearchAction\",\"target\":{\"@type\":\"EntryPoint\",\"urlTemplate\":\"https:\/\/instytutpolski.pl\/bucuresti\/?s={search_term_string}\"},\"query-input\":{\"@type\":\"PropertyValueSpecification\",\"valueRequired\":true,\"valueName\":\"search_term_string\"}}],\"inLanguage\":\"pl-PL\"},{\"@type\":\"Person\",\"@id\":\"https:\/\/instytutpolski.pl\/bucuresti\/#\/schema\/person\/cbf38f4ffa10f919673d0e5f3ee6677d\",\"name\":\"zalaszewskak\",\"image\":{\"@type\":\"ImageObject\",\"inLanguage\":\"pl-PL\",\"@id\":\"https:\/\/instytutpolski.pl\/bucuresti\/#\/schema\/person\/image\/\",\"url\":\"https:\/\/secure.gravatar.com\/avatar\/c2e847fb86e9b9e6a80aa771ff34772f?s=96&d=mm&r=g\",\"contentUrl\":\"https:\/\/secure.gravatar.com\/avatar\/c2e847fb86e9b9e6a80aa771ff34772f?s=96&d=mm&r=g\",\"caption\":\"zalaszewskak\"},\"url\":\"https:\/\/instytutpolski.pl\/bucuresti\/author\/zalaszewskak\/\"}]}<\/script>\n<!-- \/ Yoast SEO plugin. -->","yoast_head_json":{"title":"Cercet\u0103\u0219ia polonez\u0103 la jamboreea scou\u021bilor rom\u00e2ni - Instytut Polski w Bukareszcie","robots":{"index":"index","follow":"follow","max-snippet":"max-snippet:-1","max-image-preview":"max-image-preview:large","max-video-preview":"max-video-preview:-1"},"canonical":"https:\/\/instytutpolski.pl\/bucuresti\/2017\/07\/31\/cercetasia-poloneza-la-jamboreea-scoutilor-romani\/","og_locale":"pl_PL","og_type":"article","og_title":"Cercet\u0103\u0219ia polonez\u0103 la jamboreea scou\u021bilor rom\u00e2ni - Instytut Polski w Bukareszcie","og_description":"Expozi\u021bia va fi prezentat\u0103 \u00een tab\u0103ra jamboreei na\u021bionale din localitatea Cristian, de l\u00e2ng\u0103 Bra\u0219ov. Ea face cunoscute tradi\u021biile scoutingului polonez, \u00eenceputurile acestuia \u0219i personalit\u0103\u021bile fondatoare ale organiza\u021biei. Reaminte\u0219te, de asemenea, faptul c\u0103 Polonia este candidat\u0103 pentru organizarea\u00a0Jamboreei Mondiale de Scouting la Gda\u0144sk, \u00een anul 2023. Creatorii expozi\u021biei compuse din 30 de plan\u0219e au pus accentul [&hellip;]","og_url":"https:\/\/instytutpolski.pl\/bucuresti\/2017\/07\/31\/cercetasia-poloneza-la-jamboreea-scoutilor-romani\/","og_site_name":"Instytut Polski w Bukareszcie","article_published_time":"2017-07-31T13:42:00+00:00","article_modified_time":"2020-05-28T13:55:58+00:00","og_image":[{"width":1200,"height":766,"url":"https:\/\/instytutpolski.pl\/bucuresti\/wp-content\/uploads\/sites\/11\/2020\/05\/cercetasia-poloneza-la-jamboreea-scoutilor-romani_bf7d5b.jpg","type":"image\/jpeg"}],"author":"zalaszewskak","twitter_card":"summary_large_image","twitter_misc":{"Napisane przez":"zalaszewskak","Szacowany czas czytania":"2 minuty"},"schema":{"@context":"https:\/\/schema.org","@graph":[{"@type":"event","@id":"https:\/\/instytutpolski.pl\/bucuresti\/2017\/07\/31\/cercetasia-poloneza-la-jamboreea-scoutilor-romani\/","url":"https:\/\/instytutpolski.pl\/bucuresti\/2017\/07\/31\/cercetasia-poloneza-la-jamboreea-scoutilor-romani\/","name":"Cercet\u0103\u0219ia polonez\u0103 la jamboreea scou\u021bilor rom\u00e2ni","isPartOf":{"@id":"https:\/\/instytutpolski.pl\/bucuresti\/#website"},"primaryImageOfPage":{"@id":"https:\/\/instytutpolski.pl\/bucuresti\/2017\/07\/31\/cercetasia-poloneza-la-jamboreea-scoutilor-romani\/#primaryimage"},"image":["https:\/\/instytutpolski.pl\/bucuresti\/wp-content\/uploads\/sites\/11\/2020\/05\/cercetasia-poloneza-la-jamboreea-scoutilor-romani_bf7d5b.jpg","https:\/\/instytutpolski.pl\/bucuresti\/wp-content\/uploads\/sites\/11\/2020\/05\/cercetasia-poloneza-la-jamboreea-scoutilor-romani_bf7d5b-300x192.jpg","https:\/\/instytutpolski.pl\/bucuresti\/wp-content\/uploads\/sites\/11\/2020\/05\/cercetasia-poloneza-la-jamboreea-scoutilor-romani_bf7d5b-1024x654.jpg","https:\/\/instytutpolski.pl\/bucuresti\/wp-content\/uploads\/sites\/11\/2020\/05\/cercetasia-poloneza-la-jamboreea-scoutilor-romani_bf7d5b.jpg"],"thumbnailUrl":"https:\/\/instytutpolski.pl\/bucuresti\/wp-content\/uploads\/sites\/11\/2020\/05\/cercetasia-poloneza-la-jamboreea-scoutilor-romani_bf7d5b.jpg","datePublished":"2017-07-31T13:42:00+02:00","dateModified":"2020-05-28T13:55:58+02:00","author":{"@id":"https:\/\/instytutpolski.pl\/bucuresti\/#\/schema\/person\/cbf38f4ffa10f919673d0e5f3ee6677d"},"breadcrumb":{"@id":"https:\/\/instytutpolski.pl\/bucuresti\/2017\/07\/31\/cercetasia-poloneza-la-jamboreea-scoutilor-romani\/#breadcrumb"},"inLanguage":"pl-PL","potentialAction":[{"@type":"ReadAction","target":["https:\/\/instytutpolski.pl\/bucuresti\/2017\/07\/31\/cercetasia-poloneza-la-jamboreea-scoutilor-romani\/"]}],"@context":"https:\/\/schema.org","startDate":"2017-07-31","endDate":"2017-08-15","eventStatus":"EventScheduled","eventAttendanceMode":"OfflineEventAttendanceMode","location":{"@type":"place","name":"","address":"","geo":{"@type":"GeoCoordinates","latitude":"","longitude":""}},"description":"Expozi\u021bia va fi prezentat\u0103 \u00een tab\u0103ra jamboreei na\u021bionale din localitatea Cristian, de l\u00e2ng\u0103 Bra\u0219ov. Ea face cunoscute tradi\u021biile scoutingului polonez, \u00eenceputurile acestuia \u0219i personalit\u0103\u021bile fondatoare ale organiza\u021biei. Reaminte\u0219te, de asemenea, faptul c\u0103 Polonia este candidat\u0103 pentru organizarea\u00a0Jamboreei Mondiale de Scouting la Gda\u0144sk, \u00een anul 2023. Creatorii expozi\u021biei compuse din 30 de plan\u0219e au pus accentul \u0219i pe participarea cerceta\u0219ilor la evenimente importante pentru istoria \u0219i independen\u021ba Poloniei. Scou\u021bii rom\u00e2ni vor afla, printre altele, despre includerea colegilor lor polonezi \u00een legiuni, despre lupta lor \u00een cadrul R\u00e2ndurilor Cenu\u0219ii sau influen\u021ba educa\u021biei cercet\u0103\u0219e\u0219ti asupra genera\u021bii \u00eentregi de tineri polonezi, la baza c\u0103reia se afl\u0103 valori precum patriotismul, tov\u0103r\u0103\u0219ia, prietenia, serviciul \u00een folosul celorlal\u021bi, credin\u021ba, munca, corectitudinea, libertatea \u0219i pacea.\nExpozi\u021bia, preg\u0103tit\u0103 special pentru scou\u021bii din Rom\u00e2nia de c\u0103tre Muzeul Cercet\u0103\u0219iei din cadrul Organiza\u021biei Cerceta\u0219ilor Polonezi, prezint\u0103 pove\u0219ti de eroism, prietenii legate \u00een timpul jamboreelor organizate \u00een diferite \u021b\u0103ri, dorin\u021ba continu\u0103 de recuperare a libert\u0103\u021bii \u0219i p\u0103cii, de recunoa\u0219tere a Poloniei independente la nivel interna\u021bional, grija pentru tradi\u021bie \u0219i, de asemenea, sau poate mai \u00eenainte de toate, jocul \u0219i voia bun\u0103 care \u00eenso\u021besc activit\u0103\u021bile cerceta\u0219ilor \u0219i importan\u021ba educativ\u0103 a acestei mi\u0219c\u0103ri.\n\u00a0\n- Ne-am dorit foarte mult ca expozi\u021bia s\u0103 prezinte \u0219i rela\u021biile dintre cerceta\u0219ii polonezi \u0219i rom\u00e2ni. Din perioada interbelic\u0103 ele au fost foarte str\u00e2nse. Merit\u0103 s\u0103 relat\u0103m acest lucru celor 1,8 mii de cerceta\u0219i care vor participa la jamboreea na\u021bional\u0103\u00a0 - a subliniat Agnieszka Skieterska, directorul Institutului Polonez din Bucure\u0219ti, care a avut ini\u021biativa cre\u0103rii expozi\u021biei \u0219i a finan\u021bat realizarea acesteia. - Datorit\u0103 accesului la colec\u021biile Muzeului Cercet\u0103\u0219iei ZHP, Arhivei Na\u021bionale Digitale din Polonia \u0219i Asocia\u021biei Cerceta\u0219ilor Tradi\u021bionali din Rom\u00e2nia am putut prelua fotografii \u0219i publica\u021bii unicat care prezint\u0103 pagini ale acestei istorii comune a cerceta\u0219ilor. Expozi\u021bia este, de asemenea, un preambul al anivers\u0103rii a 100 de ani de la Rena\u0219terea Statului Polonez \u0219i Centenarul Marii Unirii a Rom\u00e2niei, care vor fi s\u0103rb\u0103torite \u00een anul 2018 - a declarat doamna director Skieterska.\nExpozi\u021bia despre scouting-ul polonez va fi prezentat\u0103 \u00een cadrul jamboreei cerceta\u0219ilor rom\u00e2ni p\u00e2n\u0103 la finalul reuniunii, pe data de 15 august. Cu o zi \u00eenainte de \u00eencheierea acestei \u00eent\u00e2lniri, la Baku, \u00een Azerbaijan, va fi comunicat\u0103 decizia cu privire la \u021bara care va fi gazd\u0103 a edi\u021biei cu nr. XXV a Jamboreei Mondiale din anul 2023. \u00cen numele Poloniei, pentru acest titlu concureaz\u0103 Uniunea Cerceta\u0219ilor Polonezi \u00eempreun\u0103 cu ora\u0219ul Gda\u0144sk.\u00a0\n\u00a0\nRoJAM 2017 &gt;&gt;&gt;\nFoto: Vincent Malinowski \/ Agnieszka Skieterska \/ Katarzyna Zalaszewska"},{"@type":"ImageObject","inLanguage":"pl-PL","@id":"https:\/\/instytutpolski.pl\/bucuresti\/2017\/07\/31\/cercetasia-poloneza-la-jamboreea-scoutilor-romani\/#primaryimage","url":"https:\/\/instytutpolski.pl\/bucuresti\/wp-content\/uploads\/sites\/11\/2020\/05\/cercetasia-poloneza-la-jamboreea-scoutilor-romani_bf7d5b.jpg","contentUrl":"https:\/\/instytutpolski.pl\/bucuresti\/wp-content\/uploads\/sites\/11\/2020\/05\/cercetasia-poloneza-la-jamboreea-scoutilor-romani_bf7d5b.jpg","width":1200,"height":766},{"@type":"BreadcrumbList","@id":"https:\/\/instytutpolski.pl\/bucuresti\/2017\/07\/31\/cercetasia-poloneza-la-jamboreea-scoutilor-romani\/#breadcrumb","itemListElement":[{"@type":"ListItem","position":1,"name":"Home","item":"https:\/\/instytutpolski.pl\/bucuresti\/"},{"@type":"ListItem","position":2,"name":"Cercet\u0103\u0219ia polonez\u0103 la jamboreea scou\u021bilor rom\u00e2ni"}]},{"@type":"WebSite","@id":"https:\/\/instytutpolski.pl\/bucuresti\/#website","url":"https:\/\/instytutpolski.pl\/bucuresti\/","name":"Instytut Polski w Bukareszcie","description":"Instytuty Polskie","potentialAction":[{"@type":"SearchAction","target":{"@type":"EntryPoint","urlTemplate":"https:\/\/instytutpolski.pl\/bucuresti\/?s={search_term_string}"},"query-input":{"@type":"PropertyValueSpecification","valueRequired":true,"valueName":"search_term_string"}}],"inLanguage":"pl-PL"},{"@type":"Person","@id":"https:\/\/instytutpolski.pl\/bucuresti\/#\/schema\/person\/cbf38f4ffa10f919673d0e5f3ee6677d","name":"zalaszewskak","image":{"@type":"ImageObject","inLanguage":"pl-PL","@id":"https:\/\/instytutpolski.pl\/bucuresti\/#\/schema\/person\/image\/","url":"https:\/\/secure.gravatar.com\/avatar\/c2e847fb86e9b9e6a80aa771ff34772f?s=96&d=mm&r=g","contentUrl":"https:\/\/secure.gravatar.com\/avatar\/c2e847fb86e9b9e6a80aa771ff34772f?s=96&d=mm&r=g","caption":"zalaszewskak"},"url":"https:\/\/instytutpolski.pl\/bucuresti\/author\/zalaszewskak\/"}]}},"_links":{"self":[{"href":"https:\/\/instytutpolski.pl\/bucuresti\/wp-json\/wp\/v2\/posts\/2468","targetHints":{"allow":["GET"]}}],"collection":[{"href":"https:\/\/instytutpolski.pl\/bucuresti\/wp-json\/wp\/v2\/posts"}],"about":[{"href":"https:\/\/instytutpolski.pl\/bucuresti\/wp-json\/wp\/v2\/types\/post"}],"author":[{"embeddable":true,"href":"https:\/\/instytutpolski.pl\/bucuresti\/wp-json\/wp\/v2\/users\/44"}],"replies":[{"embeddable":true,"href":"https:\/\/instytutpolski.pl\/bucuresti\/wp-json\/wp\/v2\/comments?post=2468"}],"version-history":[{"count":4,"href":"https:\/\/instytutpolski.pl\/bucuresti\/wp-json\/wp\/v2\/posts\/2468\/revisions"}],"predecessor-version":[{"id":2480,"href":"https:\/\/instytutpolski.pl\/bucuresti\/wp-json\/wp\/v2\/posts\/2468\/revisions\/2480"}],"wp:featuredmedia":[{"embeddable":true,"href":"https:\/\/instytutpolski.pl\/bucuresti\/wp-json\/wp\/v2\/media\/2470"}],"wp:attachment":[{"href":"https:\/\/instytutpolski.pl\/bucuresti\/wp-json\/wp\/v2\/media?parent=2468"}],"wp:term":[{"taxonomy":"category","embeddable":true,"href":"https:\/\/instytutpolski.pl\/bucuresti\/wp-json\/wp\/v2\/categories?post=2468"},{"taxonomy":"post_tag","embeddable":true,"href":"https:\/\/instytutpolski.pl\/bucuresti\/wp-json\/wp\/v2\/tags?post=2468"}],"curies":[{"name":"wp","href":"https:\/\/api.w.org\/{rel}","templated":true}]}}