{"id":2553,"date":"2018-07-30T14:04:00","date_gmt":"2018-07-30T12:04:00","guid":{"rendered":"https:\/\/instytutpolski.pl\/bucuresti\/?p=2553"},"modified":"2020-05-29T14:09:08","modified_gmt":"2020-05-29T12:09:08","slug":"o-ojcu-polskiej-niepodleglosci-w-kluzu","status":"publish","type":"post","link":"https:\/\/instytutpolski.pl\/bucuresti\/pl\/2018\/07\/30\/o-ojcu-polskiej-niepodleglosci-w-kluzu\/","title":{"rendered":"O ojcu polskiej niepodleg\u0142o\u015bci w Klu\u017cu"},"content":{"rendered":"\n<p>W historii Polski XX wieku nie ma postaci bardziej znanej ni\u017c marsza\u0142ek J\u00f3zef Pi\u0142sudski (1867-1935). S\u0142ynny dow\u00f3dca sta\u0142 si\u0119 symbolem odzyskania przez Polsk\u0119 niepodleg\u0142o\u015bci w 1918 roku. W\u00f3wczas &nbsp;po 123 latach zabor\u00f3w, czyli podzia\u0142u ziem polskich mi\u0119dzy Rosj\u0119, Prusy i Austri\u0119, kt\u00f3re rozgrabia\u0142y je trzykrotnie i pr\u00f3bowa\u0142y pozbawi\u0107 Polak\u00f3w nie tylko ich ojczyzny, ale tak\u017ce j\u0119zyka, tradycji i kultury, kraj powr\u00f3ci\u0142 na mapy Europy. Pi\u0142sudski mia\u0142 r\u00f3wnie\u017c decyduj\u0105cy wp\u0142yw na kszta\u0142t Polski po I wojnie \u015bwiatowej.<\/p>\n\n\n\n<p>Ciesz\u0105cy si\u0119 du\u017cym uznaniem mi\u0119dzynarodowym przyw\u00f3dca stan\u0105\u0142 na czele odrodzonego pa\u0144stwa polskiego, stworzy\u0142 jego armi\u0119 i demokratyczne podstawy (np. w listopadzie 1918 roku przyzna\u0142 kobietom prawo g\u0142osu w wyborach). P\u00f3\u017aniej rz\u0105dzi\u0142 tward\u0105 r\u0119k\u0105, nie raz wzbudzaj\u0105c kontrowersje, ale te\u017c podziw nawet w\u015br\u00f3d przeciwnik\u00f3w.<\/p>\n\n\n\n<p>J\u00f3zef Pi\u0142sudski, kt\u00f3rego posta\u0107 prezentuje ekspozycja w Pa\u0142acu Su\u021bu, by\u0142 zaprzyja\u017aniony z rumu\u0144sk\u0105 rodzin\u0105 kr\u00f3lewsk\u0105, bywa\u0142 w Rumunii na d\u0142ugich wakacjach i cztery razy w czasie wizyt oficjalnych (1922, 1928, 1931, 1932). Mia\u0142 r\u00f3wnie\u017c zas\u0142ugi dla ca\u0142ego kontynentu &#8211; w 1920 wygrywaj\u0105c Bitw\u0119 Warszawsk\u0105, znan\u0105 w Polsce jako Cud nad Wis\u0142\u0105, na kilka dekad uchroni\u0142 sw\u00f3j kraj i Europ\u0119 przed bolszewikami.<\/p>\n\n\n\n<p>Wystawa \u201eJ\u00f3zef Pi\u0142sudski \u2013 m\u0105\u017c stanu Polski i Europy\u201d&nbsp;przygotowana w rumu\u0144skiej wersji j\u0119zykowej z inicjatywy Instytutu Polskiego z Bukaresztu, prezentowana b\u0119dzie w Klu\u017cu Napoce w dniach 1-31 sierpnia 2018 roku w Bibliotece Wojew\u00f3dzkiej \u201eOctavian Goga\u201d (Calea Doroban\u021bilor nr&nbsp;104), od poniedzia\u0142ku do pi\u0105tku, w godzinach 8.00-20.00.<\/p>\n","protected":false},"excerpt":{"rendered":"<p>W historii Polski XX wieku nie ma postaci bardziej znanej ni\u017c marsza\u0142ek J\u00f3zef Pi\u0142sudski (1867-1935). S\u0142ynny dow\u00f3dca sta\u0142 si\u0119 symbolem odzyskania przez Polsk\u0119 niepodleg\u0142o\u015bci w 1918 roku. W\u00f3wczas &nbsp;po 123 latach zabor\u00f3w, czyli podzia\u0142u ziem polskich mi\u0119dzy Rosj\u0119, Prusy i Austri\u0119, kt\u00f3re rozgrabia\u0142y je trzykrotnie i pr\u00f3bowa\u0142y pozbawi\u0107 Polak\u00f3w nie tylko ich ojczyzny, ale tak\u017ce [&hellip;]<\/p>\n","protected":false},"author":41,"featured_media":2543,"comment_status":"open","ping_status":"open","sticky":false,"template":"","format":"standard","meta":{"inline_featured_image":false,"_monsterinsights_skip_tracking":false,"_monsterinsights_sitenote_active":false,"_monsterinsights_sitenote_note":"","_monsterinsights_sitenote_category":0,"footnotes":""},"categories":[41,43,96],"tags":[],"class_list":["post-2553","post","type-post","status-publish","format-standard","has-post-thumbnail","hentry","category-historia","category-sztuki-wizualne","category-wydarzenia"],"yoast_head":"<!-- This site is optimized with the Yoast SEO plugin v24.6 - https:\/\/yoast.com\/wordpress\/plugins\/seo\/ -->\n<title>O ojcu polskiej niepodleg\u0142o\u015bci w Klu\u017cu - Instytut Polski w Bukareszcie<\/title>\n<meta name=\"robots\" content=\"index, follow, max-snippet:-1, max-image-preview:large, max-video-preview:-1\" \/>\n<link rel=\"canonical\" href=\"https:\/\/instytutpolski.pl\/bucuresti\/pl\/2018\/07\/30\/o-ojcu-polskiej-niepodleglosci-w-kluzu\/\" \/>\n<meta property=\"og:locale\" content=\"pl_PL\" \/>\n<meta property=\"og:type\" content=\"article\" \/>\n<meta property=\"og:title\" content=\"O ojcu polskiej niepodleg\u0142o\u015bci w Klu\u017cu - Instytut Polski w Bukareszcie\" \/>\n<meta property=\"og:description\" content=\"W historii Polski XX wieku nie ma postaci bardziej znanej ni\u017c marsza\u0142ek J\u00f3zef Pi\u0142sudski (1867-1935). S\u0142ynny dow\u00f3dca sta\u0142 si\u0119 symbolem odzyskania przez Polsk\u0119 niepodleg\u0142o\u015bci w 1918 roku. W\u00f3wczas &nbsp;po 123 latach zabor\u00f3w, czyli podzia\u0142u ziem polskich mi\u0119dzy Rosj\u0119, Prusy i Austri\u0119, kt\u00f3re rozgrabia\u0142y je trzykrotnie i pr\u00f3bowa\u0142y pozbawi\u0107 Polak\u00f3w nie tylko ich ojczyzny, ale tak\u017ce [&hellip;]\" \/>\n<meta property=\"og:url\" content=\"https:\/\/instytutpolski.pl\/bucuresti\/pl\/2018\/07\/30\/o-ojcu-polskiej-niepodleglosci-w-kluzu\/\" \/>\n<meta property=\"og:site_name\" content=\"Instytut Polski w Bukareszcie\" \/>\n<meta property=\"article:published_time\" content=\"2018-07-30T12:04:00+00:00\" \/>\n<meta property=\"article:modified_time\" content=\"2020-05-29T12:09:08+00:00\" \/>\n<meta property=\"og:image\" content=\"https:\/\/instytutpolski.pl\/bucuresti\/wp-content\/uploads\/sites\/11\/2020\/05\/pilsudski-chisinau_c818c5.jpg\" \/>\n\t<meta property=\"og:image:width\" content=\"660\" \/>\n\t<meta property=\"og:image:height\" content=\"389\" \/>\n\t<meta property=\"og:image:type\" content=\"image\/jpeg\" \/>\n<meta name=\"author\" content=\"mirelal\" \/>\n<meta name=\"twitter:card\" content=\"summary_large_image\" \/>\n<meta name=\"twitter:label1\" content=\"Napisane przez\" \/>\n\t<meta name=\"twitter:data1\" content=\"mirelal\" \/>\n\t<meta name=\"twitter:label2\" content=\"Szacowany czas czytania\" \/>\n\t<meta name=\"twitter:data2\" content=\"1 minuta\" \/>\n<script type=\"application\/ld+json\" class=\"yoast-schema-graph\">{\"@context\":\"https:\/\/schema.org\",\"@graph\":[{\"@type\":\"event\",\"@id\":\"https:\/\/instytutpolski.pl\/bucuresti\/pl\/2018\/07\/30\/o-ojcu-polskiej-niepodleglosci-w-kluzu\/\",\"url\":\"https:\/\/instytutpolski.pl\/bucuresti\/pl\/2018\/07\/30\/o-ojcu-polskiej-niepodleglosci-w-kluzu\/\",\"name\":\"O ojcu polskiej niepodleg\u0142o\u015bci w Klu\u017cu\",\"isPartOf\":{\"@id\":\"https:\/\/instytutpolski.pl\/bucuresti\/#website\"},\"primaryImageOfPage\":{\"@id\":\"https:\/\/instytutpolski.pl\/bucuresti\/pl\/2018\/07\/30\/o-ojcu-polskiej-niepodleglosci-w-kluzu\/#primaryimage\"},\"image\":[\"https:\/\/instytutpolski.pl\/bucuresti\/wp-content\/uploads\/sites\/11\/2020\/05\/pilsudski-chisinau_c818c5.jpg\",\"https:\/\/instytutpolski.pl\/bucuresti\/wp-content\/uploads\/sites\/11\/2020\/05\/pilsudski-chisinau_c818c5-300x177.jpg\",\"https:\/\/instytutpolski.pl\/bucuresti\/wp-content\/uploads\/sites\/11\/2020\/05\/pilsudski-chisinau_c818c5.jpg\",\"https:\/\/instytutpolski.pl\/bucuresti\/wp-content\/uploads\/sites\/11\/2020\/05\/pilsudski-chisinau_c818c5.jpg\"],\"thumbnailUrl\":\"https:\/\/instytutpolski.pl\/bucuresti\/wp-content\/uploads\/sites\/11\/2020\/05\/pilsudski-chisinau_c818c5.jpg\",\"datePublished\":\"2018-07-30T12:04:00+02:00\",\"dateModified\":\"2020-05-29T12:09:08+02:00\",\"author\":{\"@id\":\"https:\/\/instytutpolski.pl\/bucuresti\/#\/schema\/person\/36eba23bd65c4ed8774deeb285a19272\"},\"breadcrumb\":{\"@id\":\"https:\/\/instytutpolski.pl\/bucuresti\/pl\/2018\/07\/30\/o-ojcu-polskiej-niepodleglosci-w-kluzu\/#breadcrumb\"},\"inLanguage\":\"pl-PL\",\"potentialAction\":[{\"@type\":\"ReadAction\",\"target\":[\"https:\/\/instytutpolski.pl\/bucuresti\/pl\/2018\/07\/30\/o-ojcu-polskiej-niepodleglosci-w-kluzu\/\"]}],\"@context\":\"https:\/\/schema.org\",\"startDate\":\"2018-08-01\",\"endDate\":\"2018-08-31\",\"eventStatus\":\"EventScheduled\",\"eventAttendanceMode\":\"OfflineEventAttendanceMode\",\"location\":{\"@type\":\"place\",\"name\":\"\",\"address\":\"\",\"geo\":{\"@type\":\"GeoCoordinates\",\"latitude\":\"\",\"longitude\":\"\"}},\"description\":\"W historii Polski XX wieku nie ma postaci bardziej znanej ni\u017c marsza\u0142ek J\u00f3zef Pi\u0142sudski (1867-1935). S\u0142ynny dow\u00f3dca sta\u0142 si\u0119 symbolem odzyskania przez Polsk\u0119 niepodleg\u0142o\u015bci w 1918 roku. W\u00f3wczas  po 123 latach zabor\u00f3w, czyli podzia\u0142u ziem polskich mi\u0119dzy Rosj\u0119, Prusy i Austri\u0119, kt\u00f3re rozgrabia\u0142y je trzykrotnie i pr\u00f3bowa\u0142y pozbawi\u0107 Polak\u00f3w nie tylko ich ojczyzny, ale tak\u017ce j\u0119zyka, tradycji i kultury, kraj powr\u00f3ci\u0142 na mapy Europy. Pi\u0142sudski mia\u0142 r\u00f3wnie\u017c decyduj\u0105cy wp\u0142yw na kszta\u0142t Polski po I wojnie \u015bwiatowej.\\nCiesz\u0105cy si\u0119 du\u017cym uznaniem mi\u0119dzynarodowym przyw\u00f3dca stan\u0105\u0142 na czele odrodzonego pa\u0144stwa polskiego, stworzy\u0142 jego armi\u0119 i demokratyczne podstawy (np. w listopadzie 1918 roku przyzna\u0142 kobietom prawo g\u0142osu w wyborach). P\u00f3\u017aniej rz\u0105dzi\u0142 tward\u0105 r\u0119k\u0105, nie raz wzbudzaj\u0105c kontrowersje, ale te\u017c podziw nawet w\u015br\u00f3d przeciwnik\u00f3w.\\nJ\u00f3zef Pi\u0142sudski, kt\u00f3rego posta\u0107 prezentuje ekspozycja w Pa\u0142acu Su\u021bu, by\u0142 zaprzyja\u017aniony z rumu\u0144sk\u0105 rodzin\u0105 kr\u00f3lewsk\u0105, bywa\u0142 w Rumunii na d\u0142ugich wakacjach i cztery razy w czasie wizyt oficjalnych (1922, 1928, 1931, 1932). Mia\u0142 r\u00f3wnie\u017c zas\u0142ugi dla ca\u0142ego kontynentu - w 1920 wygrywaj\u0105c Bitw\u0119 Warszawsk\u0105, znan\u0105 w Polsce jako Cud nad Wis\u0142\u0105, na kilka dekad uchroni\u0142 sw\u00f3j kraj i Europ\u0119 przed bolszewikami.\\nWystawa \u201eJ\u00f3zef Pi\u0142sudski \u2013 m\u0105\u017c stanu Polski i Europy\u201d przygotowana w rumu\u0144skiej wersji j\u0119zykowej z inicjatywy Instytutu Polskiego z Bukaresztu, prezentowana b\u0119dzie w Klu\u017cu Napoce w dniach 1-31 sierpnia 2018 roku w Bibliotece Wojew\u00f3dzkiej \u201eOctavian Goga\u201d (Calea Doroban\u021bilor nr 104), od poniedzia\u0142ku do pi\u0105tku, w godzinach 8.00-20.00.\"},{\"@type\":\"ImageObject\",\"inLanguage\":\"pl-PL\",\"@id\":\"https:\/\/instytutpolski.pl\/bucuresti\/pl\/2018\/07\/30\/o-ojcu-polskiej-niepodleglosci-w-kluzu\/#primaryimage\",\"url\":\"https:\/\/instytutpolski.pl\/bucuresti\/wp-content\/uploads\/sites\/11\/2020\/05\/pilsudski-chisinau_c818c5.jpg\",\"contentUrl\":\"https:\/\/instytutpolski.pl\/bucuresti\/wp-content\/uploads\/sites\/11\/2020\/05\/pilsudski-chisinau_c818c5.jpg\",\"width\":660,\"height\":389},{\"@type\":\"BreadcrumbList\",\"@id\":\"https:\/\/instytutpolski.pl\/bucuresti\/pl\/2018\/07\/30\/o-ojcu-polskiej-niepodleglosci-w-kluzu\/#breadcrumb\",\"itemListElement\":[{\"@type\":\"ListItem\",\"position\":1,\"name\":\"Home\",\"item\":\"https:\/\/instytutpolski.pl\/bucuresti\/\"},{\"@type\":\"ListItem\",\"position\":2,\"name\":\"O ojcu polskiej niepodleg\u0142o\u015bci w Klu\u017cu\"}]},{\"@type\":\"WebSite\",\"@id\":\"https:\/\/instytutpolski.pl\/bucuresti\/#website\",\"url\":\"https:\/\/instytutpolski.pl\/bucuresti\/\",\"name\":\"Instytut Polski w Bukareszcie\",\"description\":\"Instytuty Polskie\",\"potentialAction\":[{\"@type\":\"SearchAction\",\"target\":{\"@type\":\"EntryPoint\",\"urlTemplate\":\"https:\/\/instytutpolski.pl\/bucuresti\/?s={search_term_string}\"},\"query-input\":{\"@type\":\"PropertyValueSpecification\",\"valueRequired\":true,\"valueName\":\"search_term_string\"}}],\"inLanguage\":\"pl-PL\"},{\"@type\":\"Person\",\"@id\":\"https:\/\/instytutpolski.pl\/bucuresti\/#\/schema\/person\/36eba23bd65c4ed8774deeb285a19272\",\"name\":\"mirelal\",\"image\":{\"@type\":\"ImageObject\",\"inLanguage\":\"pl-PL\",\"@id\":\"https:\/\/instytutpolski.pl\/bucuresti\/#\/schema\/person\/image\/\",\"url\":\"https:\/\/secure.gravatar.com\/avatar\/5838c7614d071fe473f8aeb2de72beb4?s=96&d=mm&r=g\",\"contentUrl\":\"https:\/\/secure.gravatar.com\/avatar\/5838c7614d071fe473f8aeb2de72beb4?s=96&d=mm&r=g\",\"caption\":\"mirelal\"},\"url\":\"https:\/\/instytutpolski.pl\/bucuresti\/author\/mirelal\/\"}]}<\/script>\n<!-- \/ Yoast SEO plugin. -->","yoast_head_json":{"title":"O ojcu polskiej niepodleg\u0142o\u015bci w Klu\u017cu - Instytut Polski w Bukareszcie","robots":{"index":"index","follow":"follow","max-snippet":"max-snippet:-1","max-image-preview":"max-image-preview:large","max-video-preview":"max-video-preview:-1"},"canonical":"https:\/\/instytutpolski.pl\/bucuresti\/pl\/2018\/07\/30\/o-ojcu-polskiej-niepodleglosci-w-kluzu\/","og_locale":"pl_PL","og_type":"article","og_title":"O ojcu polskiej niepodleg\u0142o\u015bci w Klu\u017cu - Instytut Polski w Bukareszcie","og_description":"W historii Polski XX wieku nie ma postaci bardziej znanej ni\u017c marsza\u0142ek J\u00f3zef Pi\u0142sudski (1867-1935). S\u0142ynny dow\u00f3dca sta\u0142 si\u0119 symbolem odzyskania przez Polsk\u0119 niepodleg\u0142o\u015bci w 1918 roku. W\u00f3wczas &nbsp;po 123 latach zabor\u00f3w, czyli podzia\u0142u ziem polskich mi\u0119dzy Rosj\u0119, Prusy i Austri\u0119, kt\u00f3re rozgrabia\u0142y je trzykrotnie i pr\u00f3bowa\u0142y pozbawi\u0107 Polak\u00f3w nie tylko ich ojczyzny, ale tak\u017ce [&hellip;]","og_url":"https:\/\/instytutpolski.pl\/bucuresti\/pl\/2018\/07\/30\/o-ojcu-polskiej-niepodleglosci-w-kluzu\/","og_site_name":"Instytut Polski w Bukareszcie","article_published_time":"2018-07-30T12:04:00+00:00","article_modified_time":"2020-05-29T12:09:08+00:00","og_image":[{"width":660,"height":389,"url":"https:\/\/instytutpolski.pl\/bucuresti\/wp-content\/uploads\/sites\/11\/2020\/05\/pilsudski-chisinau_c818c5.jpg","type":"image\/jpeg"}],"author":"mirelal","twitter_card":"summary_large_image","twitter_misc":{"Napisane przez":"mirelal","Szacowany czas czytania":"1 minuta"},"schema":{"@context":"https:\/\/schema.org","@graph":[{"@type":"event","@id":"https:\/\/instytutpolski.pl\/bucuresti\/pl\/2018\/07\/30\/o-ojcu-polskiej-niepodleglosci-w-kluzu\/","url":"https:\/\/instytutpolski.pl\/bucuresti\/pl\/2018\/07\/30\/o-ojcu-polskiej-niepodleglosci-w-kluzu\/","name":"O ojcu polskiej niepodleg\u0142o\u015bci w Klu\u017cu","isPartOf":{"@id":"https:\/\/instytutpolski.pl\/bucuresti\/#website"},"primaryImageOfPage":{"@id":"https:\/\/instytutpolski.pl\/bucuresti\/pl\/2018\/07\/30\/o-ojcu-polskiej-niepodleglosci-w-kluzu\/#primaryimage"},"image":["https:\/\/instytutpolski.pl\/bucuresti\/wp-content\/uploads\/sites\/11\/2020\/05\/pilsudski-chisinau_c818c5.jpg","https:\/\/instytutpolski.pl\/bucuresti\/wp-content\/uploads\/sites\/11\/2020\/05\/pilsudski-chisinau_c818c5-300x177.jpg","https:\/\/instytutpolski.pl\/bucuresti\/wp-content\/uploads\/sites\/11\/2020\/05\/pilsudski-chisinau_c818c5.jpg","https:\/\/instytutpolski.pl\/bucuresti\/wp-content\/uploads\/sites\/11\/2020\/05\/pilsudski-chisinau_c818c5.jpg"],"thumbnailUrl":"https:\/\/instytutpolski.pl\/bucuresti\/wp-content\/uploads\/sites\/11\/2020\/05\/pilsudski-chisinau_c818c5.jpg","datePublished":"2018-07-30T12:04:00+02:00","dateModified":"2020-05-29T12:09:08+02:00","author":{"@id":"https:\/\/instytutpolski.pl\/bucuresti\/#\/schema\/person\/36eba23bd65c4ed8774deeb285a19272"},"breadcrumb":{"@id":"https:\/\/instytutpolski.pl\/bucuresti\/pl\/2018\/07\/30\/o-ojcu-polskiej-niepodleglosci-w-kluzu\/#breadcrumb"},"inLanguage":"pl-PL","potentialAction":[{"@type":"ReadAction","target":["https:\/\/instytutpolski.pl\/bucuresti\/pl\/2018\/07\/30\/o-ojcu-polskiej-niepodleglosci-w-kluzu\/"]}],"@context":"https:\/\/schema.org","startDate":"2018-08-01","endDate":"2018-08-31","eventStatus":"EventScheduled","eventAttendanceMode":"OfflineEventAttendanceMode","location":{"@type":"place","name":"","address":"","geo":{"@type":"GeoCoordinates","latitude":"","longitude":""}},"description":"W historii Polski XX wieku nie ma postaci bardziej znanej ni\u017c marsza\u0142ek J\u00f3zef Pi\u0142sudski (1867-1935). S\u0142ynny dow\u00f3dca sta\u0142 si\u0119 symbolem odzyskania przez Polsk\u0119 niepodleg\u0142o\u015bci w 1918 roku. W\u00f3wczas  po 123 latach zabor\u00f3w, czyli podzia\u0142u ziem polskich mi\u0119dzy Rosj\u0119, Prusy i Austri\u0119, kt\u00f3re rozgrabia\u0142y je trzykrotnie i pr\u00f3bowa\u0142y pozbawi\u0107 Polak\u00f3w nie tylko ich ojczyzny, ale tak\u017ce j\u0119zyka, tradycji i kultury, kraj powr\u00f3ci\u0142 na mapy Europy. Pi\u0142sudski mia\u0142 r\u00f3wnie\u017c decyduj\u0105cy wp\u0142yw na kszta\u0142t Polski po I wojnie \u015bwiatowej.\nCiesz\u0105cy si\u0119 du\u017cym uznaniem mi\u0119dzynarodowym przyw\u00f3dca stan\u0105\u0142 na czele odrodzonego pa\u0144stwa polskiego, stworzy\u0142 jego armi\u0119 i demokratyczne podstawy (np. w listopadzie 1918 roku przyzna\u0142 kobietom prawo g\u0142osu w wyborach). P\u00f3\u017aniej rz\u0105dzi\u0142 tward\u0105 r\u0119k\u0105, nie raz wzbudzaj\u0105c kontrowersje, ale te\u017c podziw nawet w\u015br\u00f3d przeciwnik\u00f3w.\nJ\u00f3zef Pi\u0142sudski, kt\u00f3rego posta\u0107 prezentuje ekspozycja w Pa\u0142acu Su\u021bu, by\u0142 zaprzyja\u017aniony z rumu\u0144sk\u0105 rodzin\u0105 kr\u00f3lewsk\u0105, bywa\u0142 w Rumunii na d\u0142ugich wakacjach i cztery razy w czasie wizyt oficjalnych (1922, 1928, 1931, 1932). Mia\u0142 r\u00f3wnie\u017c zas\u0142ugi dla ca\u0142ego kontynentu - w 1920 wygrywaj\u0105c Bitw\u0119 Warszawsk\u0105, znan\u0105 w Polsce jako Cud nad Wis\u0142\u0105, na kilka dekad uchroni\u0142 sw\u00f3j kraj i Europ\u0119 przed bolszewikami.\nWystawa \u201eJ\u00f3zef Pi\u0142sudski \u2013 m\u0105\u017c stanu Polski i Europy\u201d przygotowana w rumu\u0144skiej wersji j\u0119zykowej z inicjatywy Instytutu Polskiego z Bukaresztu, prezentowana b\u0119dzie w Klu\u017cu Napoce w dniach 1-31 sierpnia 2018 roku w Bibliotece Wojew\u00f3dzkiej \u201eOctavian Goga\u201d (Calea Doroban\u021bilor nr 104), od poniedzia\u0142ku do pi\u0105tku, w godzinach 8.00-20.00."},{"@type":"ImageObject","inLanguage":"pl-PL","@id":"https:\/\/instytutpolski.pl\/bucuresti\/pl\/2018\/07\/30\/o-ojcu-polskiej-niepodleglosci-w-kluzu\/#primaryimage","url":"https:\/\/instytutpolski.pl\/bucuresti\/wp-content\/uploads\/sites\/11\/2020\/05\/pilsudski-chisinau_c818c5.jpg","contentUrl":"https:\/\/instytutpolski.pl\/bucuresti\/wp-content\/uploads\/sites\/11\/2020\/05\/pilsudski-chisinau_c818c5.jpg","width":660,"height":389},{"@type":"BreadcrumbList","@id":"https:\/\/instytutpolski.pl\/bucuresti\/pl\/2018\/07\/30\/o-ojcu-polskiej-niepodleglosci-w-kluzu\/#breadcrumb","itemListElement":[{"@type":"ListItem","position":1,"name":"Home","item":"https:\/\/instytutpolski.pl\/bucuresti\/"},{"@type":"ListItem","position":2,"name":"O ojcu polskiej niepodleg\u0142o\u015bci w Klu\u017cu"}]},{"@type":"WebSite","@id":"https:\/\/instytutpolski.pl\/bucuresti\/#website","url":"https:\/\/instytutpolski.pl\/bucuresti\/","name":"Instytut Polski w Bukareszcie","description":"Instytuty Polskie","potentialAction":[{"@type":"SearchAction","target":{"@type":"EntryPoint","urlTemplate":"https:\/\/instytutpolski.pl\/bucuresti\/?s={search_term_string}"},"query-input":{"@type":"PropertyValueSpecification","valueRequired":true,"valueName":"search_term_string"}}],"inLanguage":"pl-PL"},{"@type":"Person","@id":"https:\/\/instytutpolski.pl\/bucuresti\/#\/schema\/person\/36eba23bd65c4ed8774deeb285a19272","name":"mirelal","image":{"@type":"ImageObject","inLanguage":"pl-PL","@id":"https:\/\/instytutpolski.pl\/bucuresti\/#\/schema\/person\/image\/","url":"https:\/\/secure.gravatar.com\/avatar\/5838c7614d071fe473f8aeb2de72beb4?s=96&d=mm&r=g","contentUrl":"https:\/\/secure.gravatar.com\/avatar\/5838c7614d071fe473f8aeb2de72beb4?s=96&d=mm&r=g","caption":"mirelal"},"url":"https:\/\/instytutpolski.pl\/bucuresti\/author\/mirelal\/"}]}},"_links":{"self":[{"href":"https:\/\/instytutpolski.pl\/bucuresti\/wp-json\/wp\/v2\/posts\/2553","targetHints":{"allow":["GET"]}}],"collection":[{"href":"https:\/\/instytutpolski.pl\/bucuresti\/wp-json\/wp\/v2\/posts"}],"about":[{"href":"https:\/\/instytutpolski.pl\/bucuresti\/wp-json\/wp\/v2\/types\/post"}],"author":[{"embeddable":true,"href":"https:\/\/instytutpolski.pl\/bucuresti\/wp-json\/wp\/v2\/users\/41"}],"replies":[{"embeddable":true,"href":"https:\/\/instytutpolski.pl\/bucuresti\/wp-json\/wp\/v2\/comments?post=2553"}],"version-history":[{"count":2,"href":"https:\/\/instytutpolski.pl\/bucuresti\/wp-json\/wp\/v2\/posts\/2553\/revisions"}],"predecessor-version":[{"id":2555,"href":"https:\/\/instytutpolski.pl\/bucuresti\/wp-json\/wp\/v2\/posts\/2553\/revisions\/2555"}],"wp:featuredmedia":[{"embeddable":true,"href":"https:\/\/instytutpolski.pl\/bucuresti\/wp-json\/wp\/v2\/media\/2543"}],"wp:attachment":[{"href":"https:\/\/instytutpolski.pl\/bucuresti\/wp-json\/wp\/v2\/media?parent=2553"}],"wp:term":[{"taxonomy":"category","embeddable":true,"href":"https:\/\/instytutpolski.pl\/bucuresti\/wp-json\/wp\/v2\/categories?post=2553"},{"taxonomy":"post_tag","embeddable":true,"href":"https:\/\/instytutpolski.pl\/bucuresti\/wp-json\/wp\/v2\/tags?post=2553"}],"curies":[{"name":"wp","href":"https:\/\/api.w.org\/{rel}","templated":true}]}}