{"id":2580,"date":"2018-07-17T15:06:00","date_gmt":"2018-07-17T13:06:00","guid":{"rendered":"https:\/\/instytutpolski.pl\/bucuresti\/?p=2580"},"modified":"2020-05-29T15:13:03","modified_gmt":"2020-05-29T13:13:03","slug":"opowiesc-o-zimnej-wojnie-w-syhocie-marmaroskim","status":"publish","type":"post","link":"https:\/\/instytutpolski.pl\/bucuresti\/pl\/2018\/07\/17\/opowiesc-o-zimnej-wojnie-w-syhocie-marmaroskim\/","title":{"rendered":"Opowie\u015b\u0107 o \u201eZimnej wojnie\u201d w Syhocie Marmaroskim"},"content":{"rendered":"\n<p>Wystawa \u201eZimna wojna. Kr\u00f3tka historia podzielonego \u015bwiata\u201d to podr\u00f3\u017c w realia konfliktu, kt\u00f3ry przez blisko p\u00f3\u0142 wieku od zako\u0144czenia II wojny \u015bwiatowej zdominowa\u0142 powojenn\u0105 histori\u0119, wp\u0142yn\u0105\u0142 na \u017cycie milion\u00f3w ludzi i ukszta\u0142towa\u0142 oblicze dzisiejszego \u015bwiata.<\/p>\n\n\n\n<p>Konfrontacja mi\u0119dzy Wschodem a Zachodem odcisn\u0119\u0142a swoje pi\u0119tno na tak r\u00f3\u017cnych obszarach \u017cycia, \u017ce ka\u017cda pr\u00f3ba pokazania jej w jednym miejscu i czasie, na jednej wystawie&nbsp; pozostawia poczucie niedosytu. Autorzy ekspozycji, prezentowanej w Rumunii z inicjatywy i przy wsparciu Instytutu Polskiego w Bukareszcie, zaproponowali wi\u0119c autorskie, a co za tym idzie subiektywne spojrzenie na histori\u0119 zimnej wojny i przedstawili j\u0105 jako wielow\u0105tkow\u0105 opowie\u015b\u0107.<\/p>\n\n\n\n<p>Efekt ich prac mo\u017cna ogl\u0105da\u0107 do ko\u0144ca sierpnia w szczeg\u00f3lnym miejscu, naznaczonym brutalnie histori\u0105 XX wieku, czyli w jednym z najci\u0119\u017cszych by\u0142ych wi\u0119zie\u0144 politycznych doby zimnej wojny w Syhocie Marmaroskim, gdzie od&nbsp;1997 r. roku dzia\u0142a Memoria\u0142 Ofiar Komunizmu i Ruchu Oporu. Za\u0142o\u017cy\u0142a go wsp\u00f3lnie z m\u0119\u017cem i nadal prowadzi wraz ze swoj\u0105 Fundacj\u0105 \u201eAcademia Civica\u201d, wybitna poetka, legenda walki o wolno\u015b\u0107 polityczn\u0105 i obywatelsk\u0105 w Rumunii Ana Blandiana.<\/p>\n\n\n\n<p>Otwarcie wystawy 15 lipca 2018 roku zwie\u0144czy\u0142o XX Szko\u0142\u0119 Letni\u0105, w kt\u00f3rej wzi\u0119\u0142o udzia\u0142 wielu wybitnych historyk\u00f3w m.in. St\u00e9phane Courtois i Thierry Wolton. Go\u015bci przywita\u0142a prezes Fundacji \u201eAcademia Civica\u201d Ana Blandiana.&nbsp;Po ekspozycji oprowadzili jej autorzy: dr Pawe\u0142 Sasanka oraz S\u0142awomir St\u0119pie\u0144 z Oddzia\u0142u IPN w Warszawie.<\/p>\n\n\n\n<p>Ana Blandiana, autorzy wystawy oraz zast\u0119pca dyrektora Instytutu Polskiego w Bukareszcie Wojciech Mrozowski z\u0142o\u017cyli tak\u017ce kwiaty pod ods\u0142oni\u0119t\u0105 w tym roku tablic\u0105 upami\u0119tniaj\u0105c\u0105 \u017co\u0142nierzy II Brygady Legion\u00f3w Polskich, kt\u00f3rzy byli&nbsp; wi\u0119zieni przez w\u0142adze austro-wi\u0119gierskie w syhockim wi\u0119zieniu w 1918 roku, po pr\u00f3bie przebicia si\u0119 przez lini\u0119 frontu austriacko \u2013 rosyjskiego w celu po\u0142\u0105czenia si\u0119 z polskimi korpusami na terenie Rosji.<\/p>\n\n\n\n<p>Wydarzenie w Syhocie wpisuje si\u0119 w szerszy kontekst polsko \u2013 rumu\u0144skiego dialogu historycznego w 100- lecie odzyskania przez Polsk\u0119 niepodleg\u0142o\u015bci.<\/p>\n\n\n\n<p>Wystaw\u0119 \u201eZimna Wojna. Kr\u00f3tka historia podzielonego\u201d mo\u017cna ogl\u0105da\u0107 do 30 sierpnia 2018 roku codziennie w godz. 9.30-18.30 w Memoriale Ofiar Komunizmu i Ruchu Oporu w Syhocie Marmaroskim (ul. Corneliu Coposu 4).<\/p>\n","protected":false},"excerpt":{"rendered":"<p>Wystawa \u201eZimna wojna. Kr\u00f3tka historia podzielonego \u015bwiata\u201d to podr\u00f3\u017c w realia konfliktu, kt\u00f3ry przez blisko p\u00f3\u0142 wieku od zako\u0144czenia II wojny \u015bwiatowej zdominowa\u0142 powojenn\u0105 histori\u0119, wp\u0142yn\u0105\u0142 na \u017cycie milion\u00f3w ludzi i ukszta\u0142towa\u0142 oblicze dzisiejszego \u015bwiata. Konfrontacja mi\u0119dzy Wschodem a Zachodem odcisn\u0119\u0142a swoje pi\u0119tno na tak r\u00f3\u017cnych obszarach \u017cycia, \u017ce ka\u017cda pr\u00f3ba pokazania jej w jednym [&hellip;]<\/p>\n","protected":false},"author":41,"featured_media":2571,"comment_status":"open","ping_status":"open","sticky":false,"template":"","format":"standard","meta":{"inline_featured_image":false,"_monsterinsights_skip_tracking":false,"_monsterinsights_sitenote_active":false,"_monsterinsights_sitenote_note":"","_monsterinsights_sitenote_category":0,"footnotes":""},"categories":[41,43,96],"tags":[],"class_list":["post-2580","post","type-post","status-publish","format-standard","has-post-thumbnail","hentry","category-historia","category-sztuki-wizualne","category-wydarzenia"],"yoast_head":"<!-- This site is optimized with the Yoast SEO plugin v24.6 - https:\/\/yoast.com\/wordpress\/plugins\/seo\/ -->\n<title>Opowie\u015b\u0107 o \u201eZimnej wojnie\u201d w Syhocie Marmaroskim - Instytut Polski w Bukareszcie<\/title>\n<meta name=\"robots\" content=\"index, follow, max-snippet:-1, max-image-preview:large, max-video-preview:-1\" \/>\n<link rel=\"canonical\" href=\"https:\/\/instytutpolski.pl\/bucuresti\/pl\/2018\/07\/17\/opowiesc-o-zimnej-wojnie-w-syhocie-marmaroskim\/\" \/>\n<meta property=\"og:locale\" content=\"pl_PL\" \/>\n<meta property=\"og:type\" content=\"article\" \/>\n<meta property=\"og:title\" content=\"Opowie\u015b\u0107 o \u201eZimnej wojnie\u201d w Syhocie Marmaroskim - Instytut Polski w Bukareszcie\" \/>\n<meta property=\"og:description\" content=\"Wystawa \u201eZimna wojna. Kr\u00f3tka historia podzielonego \u015bwiata\u201d to podr\u00f3\u017c w realia konfliktu, kt\u00f3ry przez blisko p\u00f3\u0142 wieku od zako\u0144czenia II wojny \u015bwiatowej zdominowa\u0142 powojenn\u0105 histori\u0119, wp\u0142yn\u0105\u0142 na \u017cycie milion\u00f3w ludzi i ukszta\u0142towa\u0142 oblicze dzisiejszego \u015bwiata. Konfrontacja mi\u0119dzy Wschodem a Zachodem odcisn\u0119\u0142a swoje pi\u0119tno na tak r\u00f3\u017cnych obszarach \u017cycia, \u017ce ka\u017cda pr\u00f3ba pokazania jej w jednym [&hellip;]\" \/>\n<meta property=\"og:url\" content=\"https:\/\/instytutpolski.pl\/bucuresti\/pl\/2018\/07\/17\/opowiesc-o-zimnej-wojnie-w-syhocie-marmaroskim\/\" \/>\n<meta property=\"og:site_name\" content=\"Instytut Polski w Bukareszcie\" \/>\n<meta property=\"article:published_time\" content=\"2018-07-17T13:06:00+00:00\" \/>\n<meta property=\"article:modified_time\" content=\"2020-05-29T13:13:03+00:00\" \/>\n<meta property=\"og:image\" content=\"https:\/\/instytutpolski.pl\/bucuresti\/wp-content\/uploads\/sites\/11\/2020\/05\/povestea-razboiului-rece-in-cluj-napoca_908f7d.jpg\" \/>\n\t<meta property=\"og:image:width\" content=\"660\" \/>\n\t<meta property=\"og:image:height\" content=\"440\" \/>\n\t<meta property=\"og:image:type\" content=\"image\/jpeg\" \/>\n<meta name=\"author\" content=\"mirelal\" \/>\n<meta name=\"twitter:card\" content=\"summary_large_image\" \/>\n<meta name=\"twitter:label1\" content=\"Napisane przez\" \/>\n\t<meta name=\"twitter:data1\" content=\"mirelal\" \/>\n\t<meta name=\"twitter:label2\" content=\"Szacowany czas czytania\" \/>\n\t<meta name=\"twitter:data2\" content=\"2 minuty\" \/>\n<script type=\"application\/ld+json\" class=\"yoast-schema-graph\">{\"@context\":\"https:\/\/schema.org\",\"@graph\":[{\"@type\":\"event\",\"@id\":\"https:\/\/instytutpolski.pl\/bucuresti\/pl\/2018\/07\/17\/opowiesc-o-zimnej-wojnie-w-syhocie-marmaroskim\/\",\"url\":\"https:\/\/instytutpolski.pl\/bucuresti\/pl\/2018\/07\/17\/opowiesc-o-zimnej-wojnie-w-syhocie-marmaroskim\/\",\"name\":\"Opowie\u015b\u0107 o \u201eZimnej wojnie\u201d w Syhocie Marmaroskim\",\"isPartOf\":{\"@id\":\"https:\/\/instytutpolski.pl\/bucuresti\/#website\"},\"primaryImageOfPage\":{\"@id\":\"https:\/\/instytutpolski.pl\/bucuresti\/pl\/2018\/07\/17\/opowiesc-o-zimnej-wojnie-w-syhocie-marmaroskim\/#primaryimage\"},\"image\":[\"https:\/\/instytutpolski.pl\/bucuresti\/wp-content\/uploads\/sites\/11\/2020\/05\/povestea-razboiului-rece-in-cluj-napoca_908f7d.jpg\",\"https:\/\/instytutpolski.pl\/bucuresti\/wp-content\/uploads\/sites\/11\/2020\/05\/povestea-razboiului-rece-in-cluj-napoca_908f7d-300x200.jpg\",\"https:\/\/instytutpolski.pl\/bucuresti\/wp-content\/uploads\/sites\/11\/2020\/05\/povestea-razboiului-rece-in-cluj-napoca_908f7d.jpg\",\"https:\/\/instytutpolski.pl\/bucuresti\/wp-content\/uploads\/sites\/11\/2020\/05\/povestea-razboiului-rece-in-cluj-napoca_908f7d.jpg\"],\"thumbnailUrl\":\"https:\/\/instytutpolski.pl\/bucuresti\/wp-content\/uploads\/sites\/11\/2020\/05\/povestea-razboiului-rece-in-cluj-napoca_908f7d.jpg\",\"datePublished\":\"2018-07-17T13:06:00+02:00\",\"dateModified\":\"2020-05-29T13:13:03+02:00\",\"author\":{\"@id\":\"https:\/\/instytutpolski.pl\/bucuresti\/#\/schema\/person\/36eba23bd65c4ed8774deeb285a19272\"},\"breadcrumb\":{\"@id\":\"https:\/\/instytutpolski.pl\/bucuresti\/pl\/2018\/07\/17\/opowiesc-o-zimnej-wojnie-w-syhocie-marmaroskim\/#breadcrumb\"},\"inLanguage\":\"pl-PL\",\"potentialAction\":[{\"@type\":\"ReadAction\",\"target\":[\"https:\/\/instytutpolski.pl\/bucuresti\/pl\/2018\/07\/17\/opowiesc-o-zimnej-wojnie-w-syhocie-marmaroskim\/\"]}],\"@context\":\"https:\/\/schema.org\",\"startDate\":\"2018-07-15\",\"endDate\":\"2018-08-30\",\"eventStatus\":\"EventScheduled\",\"eventAttendanceMode\":\"OfflineEventAttendanceMode\",\"location\":{\"@type\":\"place\",\"name\":\"\",\"address\":\"\",\"geo\":{\"@type\":\"GeoCoordinates\",\"latitude\":\"\",\"longitude\":\"\"}},\"description\":\"Wystawa \u201eZimna wojna. Kr\u00f3tka historia podzielonego \u015bwiata\u201d to podr\u00f3\u017c w realia konfliktu, kt\u00f3ry przez blisko p\u00f3\u0142 wieku od zako\u0144czenia II wojny \u015bwiatowej zdominowa\u0142 powojenn\u0105 histori\u0119, wp\u0142yn\u0105\u0142 na \u017cycie milion\u00f3w ludzi i ukszta\u0142towa\u0142 oblicze dzisiejszego \u015bwiata.\\nKonfrontacja mi\u0119dzy Wschodem a Zachodem odcisn\u0119\u0142a swoje pi\u0119tno na tak r\u00f3\u017cnych obszarach \u017cycia, \u017ce ka\u017cda pr\u00f3ba pokazania jej w jednym miejscu i czasie, na jednej wystawie  pozostawia poczucie niedosytu. Autorzy ekspozycji, prezentowanej w Rumunii z inicjatywy i przy wsparciu Instytutu Polskiego w Bukareszcie, zaproponowali wi\u0119c autorskie, a co za tym idzie subiektywne spojrzenie na histori\u0119 zimnej wojny i przedstawili j\u0105 jako wielow\u0105tkow\u0105 opowie\u015b\u0107.\\nEfekt ich prac mo\u017cna ogl\u0105da\u0107 do ko\u0144ca sierpnia w szczeg\u00f3lnym miejscu, naznaczonym brutalnie histori\u0105 XX wieku, czyli w jednym z najci\u0119\u017cszych by\u0142ych wi\u0119zie\u0144 politycznych doby zimnej wojny w Syhocie Marmaroskim, gdzie od 1997 r. roku dzia\u0142a Memoria\u0142 Ofiar Komunizmu i Ruchu Oporu. Za\u0142o\u017cy\u0142a go wsp\u00f3lnie z m\u0119\u017cem i nadal prowadzi wraz ze swoj\u0105 Fundacj\u0105 \u201eAcademia Civica\u201d, wybitna poetka, legenda walki o wolno\u015b\u0107 polityczn\u0105 i obywatelsk\u0105 w Rumunii Ana Blandiana.\\nOtwarcie wystawy 15 lipca 2018 roku zwie\u0144czy\u0142o XX Szko\u0142\u0119 Letni\u0105, w kt\u00f3rej wzi\u0119\u0142o udzia\u0142 wielu wybitnych historyk\u00f3w m.in. St\u00e9phane Courtois i Thierry Wolton. Go\u015bci przywita\u0142a prezes Fundacji \u201eAcademia Civica\u201d Ana Blandiana. Po ekspozycji oprowadzili jej autorzy: dr Pawe\u0142 Sasanka oraz S\u0142awomir St\u0119pie\u0144 z Oddzia\u0142u IPN w Warszawie.\\nAna Blandiana, autorzy wystawy oraz zast\u0119pca dyrektora Instytutu Polskiego w Bukareszcie Wojciech Mrozowski z\u0142o\u017cyli tak\u017ce kwiaty pod ods\u0142oni\u0119t\u0105 w tym roku tablic\u0105 upami\u0119tniaj\u0105c\u0105 \u017co\u0142nierzy II Brygady Legion\u00f3w Polskich, kt\u00f3rzy byli  wi\u0119zieni przez w\u0142adze austro-wi\u0119gierskie w syhockim wi\u0119zieniu w 1918 roku, po pr\u00f3bie przebicia si\u0119 przez lini\u0119 frontu austriacko \u2013 rosyjskiego w celu po\u0142\u0105czenia si\u0119 z polskimi korpusami na terenie Rosji.\\nWydarzenie w Syhocie wpisuje si\u0119 w szerszy kontekst polsko \u2013 rumu\u0144skiego dialogu historycznego w 100- lecie odzyskania przez Polsk\u0119 niepodleg\u0142o\u015bci.\\nWystaw\u0119 \u201eZimna Wojna. Kr\u00f3tka historia podzielonego\u201d mo\u017cna ogl\u0105da\u0107 do 30 sierpnia 2018 roku codziennie w godz. 9.30-18.30 w Memoriale Ofiar Komunizmu i Ruchu Oporu w Syhocie Marmaroskim (ul. Corneliu Coposu 4).\"},{\"@type\":\"ImageObject\",\"inLanguage\":\"pl-PL\",\"@id\":\"https:\/\/instytutpolski.pl\/bucuresti\/pl\/2018\/07\/17\/opowiesc-o-zimnej-wojnie-w-syhocie-marmaroskim\/#primaryimage\",\"url\":\"https:\/\/instytutpolski.pl\/bucuresti\/wp-content\/uploads\/sites\/11\/2020\/05\/povestea-razboiului-rece-in-cluj-napoca_908f7d.jpg\",\"contentUrl\":\"https:\/\/instytutpolski.pl\/bucuresti\/wp-content\/uploads\/sites\/11\/2020\/05\/povestea-razboiului-rece-in-cluj-napoca_908f7d.jpg\",\"width\":660,\"height\":440},{\"@type\":\"BreadcrumbList\",\"@id\":\"https:\/\/instytutpolski.pl\/bucuresti\/pl\/2018\/07\/17\/opowiesc-o-zimnej-wojnie-w-syhocie-marmaroskim\/#breadcrumb\",\"itemListElement\":[{\"@type\":\"ListItem\",\"position\":1,\"name\":\"Home\",\"item\":\"https:\/\/instytutpolski.pl\/bucuresti\/\"},{\"@type\":\"ListItem\",\"position\":2,\"name\":\"Opowie\u015b\u0107 o \u201eZimnej wojnie\u201d w Syhocie Marmaroskim\"}]},{\"@type\":\"WebSite\",\"@id\":\"https:\/\/instytutpolski.pl\/bucuresti\/#website\",\"url\":\"https:\/\/instytutpolski.pl\/bucuresti\/\",\"name\":\"Instytut Polski w Bukareszcie\",\"description\":\"Instytuty Polskie\",\"potentialAction\":[{\"@type\":\"SearchAction\",\"target\":{\"@type\":\"EntryPoint\",\"urlTemplate\":\"https:\/\/instytutpolski.pl\/bucuresti\/?s={search_term_string}\"},\"query-input\":{\"@type\":\"PropertyValueSpecification\",\"valueRequired\":true,\"valueName\":\"search_term_string\"}}],\"inLanguage\":\"pl-PL\"},{\"@type\":\"Person\",\"@id\":\"https:\/\/instytutpolski.pl\/bucuresti\/#\/schema\/person\/36eba23bd65c4ed8774deeb285a19272\",\"name\":\"mirelal\",\"image\":{\"@type\":\"ImageObject\",\"inLanguage\":\"pl-PL\",\"@id\":\"https:\/\/instytutpolski.pl\/bucuresti\/#\/schema\/person\/image\/\",\"url\":\"https:\/\/secure.gravatar.com\/avatar\/5838c7614d071fe473f8aeb2de72beb4?s=96&d=mm&r=g\",\"contentUrl\":\"https:\/\/secure.gravatar.com\/avatar\/5838c7614d071fe473f8aeb2de72beb4?s=96&d=mm&r=g\",\"caption\":\"mirelal\"},\"url\":\"https:\/\/instytutpolski.pl\/bucuresti\/author\/mirelal\/\"}]}<\/script>\n<!-- \/ Yoast SEO plugin. -->","yoast_head_json":{"title":"Opowie\u015b\u0107 o \u201eZimnej wojnie\u201d w Syhocie Marmaroskim - Instytut Polski w Bukareszcie","robots":{"index":"index","follow":"follow","max-snippet":"max-snippet:-1","max-image-preview":"max-image-preview:large","max-video-preview":"max-video-preview:-1"},"canonical":"https:\/\/instytutpolski.pl\/bucuresti\/pl\/2018\/07\/17\/opowiesc-o-zimnej-wojnie-w-syhocie-marmaroskim\/","og_locale":"pl_PL","og_type":"article","og_title":"Opowie\u015b\u0107 o \u201eZimnej wojnie\u201d w Syhocie Marmaroskim - Instytut Polski w Bukareszcie","og_description":"Wystawa \u201eZimna wojna. Kr\u00f3tka historia podzielonego \u015bwiata\u201d to podr\u00f3\u017c w realia konfliktu, kt\u00f3ry przez blisko p\u00f3\u0142 wieku od zako\u0144czenia II wojny \u015bwiatowej zdominowa\u0142 powojenn\u0105 histori\u0119, wp\u0142yn\u0105\u0142 na \u017cycie milion\u00f3w ludzi i ukszta\u0142towa\u0142 oblicze dzisiejszego \u015bwiata. Konfrontacja mi\u0119dzy Wschodem a Zachodem odcisn\u0119\u0142a swoje pi\u0119tno na tak r\u00f3\u017cnych obszarach \u017cycia, \u017ce ka\u017cda pr\u00f3ba pokazania jej w jednym [&hellip;]","og_url":"https:\/\/instytutpolski.pl\/bucuresti\/pl\/2018\/07\/17\/opowiesc-o-zimnej-wojnie-w-syhocie-marmaroskim\/","og_site_name":"Instytut Polski w Bukareszcie","article_published_time":"2018-07-17T13:06:00+00:00","article_modified_time":"2020-05-29T13:13:03+00:00","og_image":[{"width":660,"height":440,"url":"https:\/\/instytutpolski.pl\/bucuresti\/wp-content\/uploads\/sites\/11\/2020\/05\/povestea-razboiului-rece-in-cluj-napoca_908f7d.jpg","type":"image\/jpeg"}],"author":"mirelal","twitter_card":"summary_large_image","twitter_misc":{"Napisane przez":"mirelal","Szacowany czas czytania":"2 minuty"},"schema":{"@context":"https:\/\/schema.org","@graph":[{"@type":"event","@id":"https:\/\/instytutpolski.pl\/bucuresti\/pl\/2018\/07\/17\/opowiesc-o-zimnej-wojnie-w-syhocie-marmaroskim\/","url":"https:\/\/instytutpolski.pl\/bucuresti\/pl\/2018\/07\/17\/opowiesc-o-zimnej-wojnie-w-syhocie-marmaroskim\/","name":"Opowie\u015b\u0107 o \u201eZimnej wojnie\u201d w Syhocie Marmaroskim","isPartOf":{"@id":"https:\/\/instytutpolski.pl\/bucuresti\/#website"},"primaryImageOfPage":{"@id":"https:\/\/instytutpolski.pl\/bucuresti\/pl\/2018\/07\/17\/opowiesc-o-zimnej-wojnie-w-syhocie-marmaroskim\/#primaryimage"},"image":["https:\/\/instytutpolski.pl\/bucuresti\/wp-content\/uploads\/sites\/11\/2020\/05\/povestea-razboiului-rece-in-cluj-napoca_908f7d.jpg","https:\/\/instytutpolski.pl\/bucuresti\/wp-content\/uploads\/sites\/11\/2020\/05\/povestea-razboiului-rece-in-cluj-napoca_908f7d-300x200.jpg","https:\/\/instytutpolski.pl\/bucuresti\/wp-content\/uploads\/sites\/11\/2020\/05\/povestea-razboiului-rece-in-cluj-napoca_908f7d.jpg","https:\/\/instytutpolski.pl\/bucuresti\/wp-content\/uploads\/sites\/11\/2020\/05\/povestea-razboiului-rece-in-cluj-napoca_908f7d.jpg"],"thumbnailUrl":"https:\/\/instytutpolski.pl\/bucuresti\/wp-content\/uploads\/sites\/11\/2020\/05\/povestea-razboiului-rece-in-cluj-napoca_908f7d.jpg","datePublished":"2018-07-17T13:06:00+02:00","dateModified":"2020-05-29T13:13:03+02:00","author":{"@id":"https:\/\/instytutpolski.pl\/bucuresti\/#\/schema\/person\/36eba23bd65c4ed8774deeb285a19272"},"breadcrumb":{"@id":"https:\/\/instytutpolski.pl\/bucuresti\/pl\/2018\/07\/17\/opowiesc-o-zimnej-wojnie-w-syhocie-marmaroskim\/#breadcrumb"},"inLanguage":"pl-PL","potentialAction":[{"@type":"ReadAction","target":["https:\/\/instytutpolski.pl\/bucuresti\/pl\/2018\/07\/17\/opowiesc-o-zimnej-wojnie-w-syhocie-marmaroskim\/"]}],"@context":"https:\/\/schema.org","startDate":"2018-07-15","endDate":"2018-08-30","eventStatus":"EventScheduled","eventAttendanceMode":"OfflineEventAttendanceMode","location":{"@type":"place","name":"","address":"","geo":{"@type":"GeoCoordinates","latitude":"","longitude":""}},"description":"Wystawa \u201eZimna wojna. Kr\u00f3tka historia podzielonego \u015bwiata\u201d to podr\u00f3\u017c w realia konfliktu, kt\u00f3ry przez blisko p\u00f3\u0142 wieku od zako\u0144czenia II wojny \u015bwiatowej zdominowa\u0142 powojenn\u0105 histori\u0119, wp\u0142yn\u0105\u0142 na \u017cycie milion\u00f3w ludzi i ukszta\u0142towa\u0142 oblicze dzisiejszego \u015bwiata.\nKonfrontacja mi\u0119dzy Wschodem a Zachodem odcisn\u0119\u0142a swoje pi\u0119tno na tak r\u00f3\u017cnych obszarach \u017cycia, \u017ce ka\u017cda pr\u00f3ba pokazania jej w jednym miejscu i czasie, na jednej wystawie  pozostawia poczucie niedosytu. Autorzy ekspozycji, prezentowanej w Rumunii z inicjatywy i przy wsparciu Instytutu Polskiego w Bukareszcie, zaproponowali wi\u0119c autorskie, a co za tym idzie subiektywne spojrzenie na histori\u0119 zimnej wojny i przedstawili j\u0105 jako wielow\u0105tkow\u0105 opowie\u015b\u0107.\nEfekt ich prac mo\u017cna ogl\u0105da\u0107 do ko\u0144ca sierpnia w szczeg\u00f3lnym miejscu, naznaczonym brutalnie histori\u0105 XX wieku, czyli w jednym z najci\u0119\u017cszych by\u0142ych wi\u0119zie\u0144 politycznych doby zimnej wojny w Syhocie Marmaroskim, gdzie od 1997 r. roku dzia\u0142a Memoria\u0142 Ofiar Komunizmu i Ruchu Oporu. Za\u0142o\u017cy\u0142a go wsp\u00f3lnie z m\u0119\u017cem i nadal prowadzi wraz ze swoj\u0105 Fundacj\u0105 \u201eAcademia Civica\u201d, wybitna poetka, legenda walki o wolno\u015b\u0107 polityczn\u0105 i obywatelsk\u0105 w Rumunii Ana Blandiana.\nOtwarcie wystawy 15 lipca 2018 roku zwie\u0144czy\u0142o XX Szko\u0142\u0119 Letni\u0105, w kt\u00f3rej wzi\u0119\u0142o udzia\u0142 wielu wybitnych historyk\u00f3w m.in. St\u00e9phane Courtois i Thierry Wolton. Go\u015bci przywita\u0142a prezes Fundacji \u201eAcademia Civica\u201d Ana Blandiana. Po ekspozycji oprowadzili jej autorzy: dr Pawe\u0142 Sasanka oraz S\u0142awomir St\u0119pie\u0144 z Oddzia\u0142u IPN w Warszawie.\nAna Blandiana, autorzy wystawy oraz zast\u0119pca dyrektora Instytutu Polskiego w Bukareszcie Wojciech Mrozowski z\u0142o\u017cyli tak\u017ce kwiaty pod ods\u0142oni\u0119t\u0105 w tym roku tablic\u0105 upami\u0119tniaj\u0105c\u0105 \u017co\u0142nierzy II Brygady Legion\u00f3w Polskich, kt\u00f3rzy byli  wi\u0119zieni przez w\u0142adze austro-wi\u0119gierskie w syhockim wi\u0119zieniu w 1918 roku, po pr\u00f3bie przebicia si\u0119 przez lini\u0119 frontu austriacko \u2013 rosyjskiego w celu po\u0142\u0105czenia si\u0119 z polskimi korpusami na terenie Rosji.\nWydarzenie w Syhocie wpisuje si\u0119 w szerszy kontekst polsko \u2013 rumu\u0144skiego dialogu historycznego w 100- lecie odzyskania przez Polsk\u0119 niepodleg\u0142o\u015bci.\nWystaw\u0119 \u201eZimna Wojna. Kr\u00f3tka historia podzielonego\u201d mo\u017cna ogl\u0105da\u0107 do 30 sierpnia 2018 roku codziennie w godz. 9.30-18.30 w Memoriale Ofiar Komunizmu i Ruchu Oporu w Syhocie Marmaroskim (ul. Corneliu Coposu 4)."},{"@type":"ImageObject","inLanguage":"pl-PL","@id":"https:\/\/instytutpolski.pl\/bucuresti\/pl\/2018\/07\/17\/opowiesc-o-zimnej-wojnie-w-syhocie-marmaroskim\/#primaryimage","url":"https:\/\/instytutpolski.pl\/bucuresti\/wp-content\/uploads\/sites\/11\/2020\/05\/povestea-razboiului-rece-in-cluj-napoca_908f7d.jpg","contentUrl":"https:\/\/instytutpolski.pl\/bucuresti\/wp-content\/uploads\/sites\/11\/2020\/05\/povestea-razboiului-rece-in-cluj-napoca_908f7d.jpg","width":660,"height":440},{"@type":"BreadcrumbList","@id":"https:\/\/instytutpolski.pl\/bucuresti\/pl\/2018\/07\/17\/opowiesc-o-zimnej-wojnie-w-syhocie-marmaroskim\/#breadcrumb","itemListElement":[{"@type":"ListItem","position":1,"name":"Home","item":"https:\/\/instytutpolski.pl\/bucuresti\/"},{"@type":"ListItem","position":2,"name":"Opowie\u015b\u0107 o \u201eZimnej wojnie\u201d w Syhocie Marmaroskim"}]},{"@type":"WebSite","@id":"https:\/\/instytutpolski.pl\/bucuresti\/#website","url":"https:\/\/instytutpolski.pl\/bucuresti\/","name":"Instytut Polski w Bukareszcie","description":"Instytuty Polskie","potentialAction":[{"@type":"SearchAction","target":{"@type":"EntryPoint","urlTemplate":"https:\/\/instytutpolski.pl\/bucuresti\/?s={search_term_string}"},"query-input":{"@type":"PropertyValueSpecification","valueRequired":true,"valueName":"search_term_string"}}],"inLanguage":"pl-PL"},{"@type":"Person","@id":"https:\/\/instytutpolski.pl\/bucuresti\/#\/schema\/person\/36eba23bd65c4ed8774deeb285a19272","name":"mirelal","image":{"@type":"ImageObject","inLanguage":"pl-PL","@id":"https:\/\/instytutpolski.pl\/bucuresti\/#\/schema\/person\/image\/","url":"https:\/\/secure.gravatar.com\/avatar\/5838c7614d071fe473f8aeb2de72beb4?s=96&d=mm&r=g","contentUrl":"https:\/\/secure.gravatar.com\/avatar\/5838c7614d071fe473f8aeb2de72beb4?s=96&d=mm&r=g","caption":"mirelal"},"url":"https:\/\/instytutpolski.pl\/bucuresti\/author\/mirelal\/"}]}},"_links":{"self":[{"href":"https:\/\/instytutpolski.pl\/bucuresti\/wp-json\/wp\/v2\/posts\/2580","targetHints":{"allow":["GET"]}}],"collection":[{"href":"https:\/\/instytutpolski.pl\/bucuresti\/wp-json\/wp\/v2\/posts"}],"about":[{"href":"https:\/\/instytutpolski.pl\/bucuresti\/wp-json\/wp\/v2\/types\/post"}],"author":[{"embeddable":true,"href":"https:\/\/instytutpolski.pl\/bucuresti\/wp-json\/wp\/v2\/users\/41"}],"replies":[{"embeddable":true,"href":"https:\/\/instytutpolski.pl\/bucuresti\/wp-json\/wp\/v2\/comments?post=2580"}],"version-history":[{"count":2,"href":"https:\/\/instytutpolski.pl\/bucuresti\/wp-json\/wp\/v2\/posts\/2580\/revisions"}],"predecessor-version":[{"id":2582,"href":"https:\/\/instytutpolski.pl\/bucuresti\/wp-json\/wp\/v2\/posts\/2580\/revisions\/2582"}],"wp:featuredmedia":[{"embeddable":true,"href":"https:\/\/instytutpolski.pl\/bucuresti\/wp-json\/wp\/v2\/media\/2571"}],"wp:attachment":[{"href":"https:\/\/instytutpolski.pl\/bucuresti\/wp-json\/wp\/v2\/media?parent=2580"}],"wp:term":[{"taxonomy":"category","embeddable":true,"href":"https:\/\/instytutpolski.pl\/bucuresti\/wp-json\/wp\/v2\/categories?post=2580"},{"taxonomy":"post_tag","embeddable":true,"href":"https:\/\/instytutpolski.pl\/bucuresti\/wp-json\/wp\/v2\/tags?post=2580"}],"curies":[{"name":"wp","href":"https:\/\/api.w.org\/{rel}","templated":true}]}}