{"id":2594,"date":"2018-03-16T15:21:00","date_gmt":"2018-03-16T14:21:00","guid":{"rendered":"https:\/\/instytutpolski.pl\/bucuresti\/?p=2594"},"modified":"2020-05-29T15:26:28","modified_gmt":"2020-05-29T13:26:28","slug":"o-cichych-bohaterach-ii-wojny-swiatowej-w-kluzu","status":"publish","type":"post","link":"https:\/\/instytutpolski.pl\/bucuresti\/pl\/2018\/03\/16\/o-cichych-bohaterach-ii-wojny-swiatowej-w-kluzu\/","title":{"rendered":"O cichych bohaterach II wojny \u015bwiatowej w Klu\u017cu"},"content":{"rendered":"\n<p>W 1942 roku polscy rolnicy Wiktoria i J\u00f3zef Ulmowie ze wsi Markowa na po\u0142udniu kraju, mimo gro\u017c\u0105cej za to kary \u015bmierci wprowadzonej przez okupuj\u0105cych Polsk\u0119 Niemc\u00f3w, zacz\u0119li ukrywa\u0107 w swoim gospodarstwie o\u015bmioro \u017byd\u00f3w. Ich bohaterska postawa nie by\u0142a odosobniona. Wed\u0142ug historyk\u00f3w, w r\u00f3\u017cne formy pomocy ludno\u015bci \u017cydowskiej w czasie II wojny \u015bwiatowej zaanga\u017cowanych by\u0142o od 300 tysi\u0119cy do miliona Polak\u00f3w.<\/p>\n\n\n\n<p>Ulmowie bezpiecznie ukrywali \u017byd\u00f3w a\u017c do 24 marca 1944 roku. Tego dnia, w wyniku donosu jednego z Polak\u00f3w, Wiktoria i J\u00f3zef Ulmowie, ich sze\u015bcioro dzieci w wieku od o\u015bmiu do p\u00f3\u0142tora roku oraz ukrywane przez nich dwie rodziny \u017cydowskie zostali rozstrzelani przez Niemc\u00f3w. W chwili masakry Wiktoria by\u0142a w 9 miesi\u0105cu ci\u0105\u017cy. Mimo tragedii i niemieckiego terroru panuj\u0105cego na ziemiach okupowanej Polski, do ko\u0144ca wojny w ch\u0142opskich domach w Markowej prze\u017cy\u0142o 21 \u017byd\u00f3w.<\/p>\n\n\n\n<p>Dok\u0142adna liczba Polak\u00f3w zamordowanych przez Niemc\u00f3w za pomoc udzielon\u0105 \u017bydom w czasie II wojny \u015bwiatowej nie jest znana. Du\u017ca cz\u0119\u015b\u0107 ofiar pozosta\u0142a anonimowa. Nie zachowa\u0142a si\u0119 te\u017c pe\u0142na dokumentacja. Szacunki historyk\u00f3w wahaj\u0105 si\u0119 jednak od 2,5 tysi\u0105ca do 50 tysi\u0119cy os\u00f3b. Losy Ulm\u00f3w, prezentowane na wystawie w Klu\u017cu, s\u0105 symbolem ich po\u015bwi\u0119cenia. Od marca 2016 roku w Markowej istnieje muzeum po\u015bwi\u0119cone Polakom ratuj\u0105cym \u017bydow w czasie II wojny \u015bwiatowej, kt\u00f3re znajduje si\u0119 na miejscu dawnego gospodarstwa Ulm\u00f3w.<\/p>\n\n\n\n<p>Polacy do dzi\u015b stanowi\u0105 najliczniejsz\u0105 grup\u0119 uhonorowan\u0105 przez Instytut Yad Vashem w Jerozolimie tytu\u0142em \u201eSprawiedliwy W\u015br\u00f3d Narod\u00f3w \u015awiata\u201d, przyznawanym za bezinteresowne ratowanie \u017byd\u00f3w podczas II wojny \u015bwiatowej (6620 os\u00f3b, czyli 26 proc. wszystkich uhonorowanych). W 1995 roku tytu\u0142 ten po\u015bmiertnie otrzymali tak\u017ce Wiktoria i J\u00f3zef Ulmowie.<\/p>\n\n\n\n<p><strong>Wystawa \u201eSamarytanie z Markowej\u201d<\/strong>&nbsp;przygotowana w rumu\u0144skiej wersji j\u0119zykowej z inicjatywy Instytutu Polskiego z Bukaresztu, prezentowana b\u0119dzie w Klu\u017cu Napoce w dniach 16-31 marca 2018 roku w Bibliotece Wojew\u00f3dzkiej \u201eOctavian Goga\u201d (Calea Doroban\u021bilor nr&nbsp;104), od poniedzia\u0142ku do pi\u0105tku, w godzinach 8.00-20.00. Wernisa\u017c odb\u0119dzie si\u0119 21 marca 2018 r. o godz. 13.00 w foyer biblioteki.<\/p>\n\n\n\n<p>Dodatkowym wydarzeniem towarzyszacym ekspozycji b\u0119dzie&nbsp;<strong>projekcja filmu \u201eAzyl\u201d<\/strong>&nbsp;(The Zookeeper\u2019s Wife, re\u017c. Niki Caro, USA 2017). Niezwyk\u0142a historia opowiada o Antoninie i Janie \u017babi\u0144skich, czyli dyrektorze warszawskiego ZOO i jego \u017conie, kt\u00f3rzy w swojej willi na terenie ogrodu zoologicznego uratowali ponad 300 \u017byd\u00f3w. Film b\u0119dzie mo\u017cna zobaczy\u0107&nbsp;<strong>27 marca<\/strong>&nbsp;<strong>2018 roku<\/strong>&nbsp;o godz. 17.00 w Bibliotece Wojew\u00f3dzkiej \u201eOctavian Goga\u201d w Klu\u017cu-Napoce.<\/p>\n\n\n\n<p>Trailer:&nbsp;<a href=\"https:\/\/www.youtube.com\/watch?v=dfWHg_zK_8A\" target=\"_blank\" rel=\"noreferrer noopener\">www.youtube.com<\/a><\/p>\n","protected":false},"excerpt":{"rendered":"<p>W 1942 roku polscy rolnicy Wiktoria i J\u00f3zef Ulmowie ze wsi Markowa na po\u0142udniu kraju, mimo gro\u017c\u0105cej za to kary \u015bmierci wprowadzonej przez okupuj\u0105cych Polsk\u0119 Niemc\u00f3w, zacz\u0119li ukrywa\u0107 w swoim gospodarstwie o\u015bmioro \u017byd\u00f3w. Ich bohaterska postawa nie by\u0142a odosobniona. Wed\u0142ug historyk\u00f3w, w r\u00f3\u017cne formy pomocy ludno\u015bci \u017cydowskiej w czasie II wojny \u015bwiatowej zaanga\u017cowanych by\u0142o od [&hellip;]<\/p>\n","protected":false},"author":41,"featured_media":2584,"comment_status":"open","ping_status":"open","sticky":false,"template":"","format":"standard","meta":{"inline_featured_image":false,"_monsterinsights_skip_tracking":false,"_monsterinsights_sitenote_active":false,"_monsterinsights_sitenote_note":"","_monsterinsights_sitenote_category":0,"footnotes":""},"categories":[41,45,43,96],"tags":[],"class_list":["post-2594","post","type-post","status-publish","format-standard","has-post-thumbnail","hentry","category-historia","category-kino","category-sztuki-wizualne","category-wydarzenia"],"yoast_head":"<!-- This site is optimized with the Yoast SEO plugin v24.6 - https:\/\/yoast.com\/wordpress\/plugins\/seo\/ -->\n<title>O cichych bohaterach II wojny \u015bwiatowej w Klu\u017cu - Instytut Polski w Bukareszcie<\/title>\n<meta name=\"robots\" content=\"index, follow, max-snippet:-1, max-image-preview:large, max-video-preview:-1\" \/>\n<link rel=\"canonical\" href=\"https:\/\/instytutpolski.pl\/bucuresti\/pl\/2018\/03\/16\/o-cichych-bohaterach-ii-wojny-swiatowej-w-kluzu\/\" \/>\n<meta property=\"og:locale\" content=\"pl_PL\" \/>\n<meta property=\"og:type\" content=\"article\" \/>\n<meta property=\"og:title\" content=\"O cichych bohaterach II wojny \u015bwiatowej w Klu\u017cu - Instytut Polski w Bukareszcie\" \/>\n<meta property=\"og:description\" content=\"W 1942 roku polscy rolnicy Wiktoria i J\u00f3zef Ulmowie ze wsi Markowa na po\u0142udniu kraju, mimo gro\u017c\u0105cej za to kary \u015bmierci wprowadzonej przez okupuj\u0105cych Polsk\u0119 Niemc\u00f3w, zacz\u0119li ukrywa\u0107 w swoim gospodarstwie o\u015bmioro \u017byd\u00f3w. Ich bohaterska postawa nie by\u0142a odosobniona. Wed\u0142ug historyk\u00f3w, w r\u00f3\u017cne formy pomocy ludno\u015bci \u017cydowskiej w czasie II wojny \u015bwiatowej zaanga\u017cowanych by\u0142o od [&hellip;]\" \/>\n<meta property=\"og:url\" content=\"https:\/\/instytutpolski.pl\/bucuresti\/pl\/2018\/03\/16\/o-cichych-bohaterach-ii-wojny-swiatowej-w-kluzu\/\" \/>\n<meta property=\"og:site_name\" content=\"Instytut Polski w Bukareszcie\" \/>\n<meta property=\"article:published_time\" content=\"2018-03-16T14:21:00+00:00\" \/>\n<meta property=\"article:modified_time\" content=\"2020-05-29T13:26:28+00:00\" \/>\n<meta property=\"og:image\" content=\"https:\/\/instytutpolski.pl\/bucuresti\/wp-content\/uploads\/sites\/11\/2020\/05\/despre-eroii-celui-de-al-doilea-razboi-mondial_580a99.jpg\" \/>\n\t<meta property=\"og:image:width\" content=\"660\" \/>\n\t<meta property=\"og:image:height\" content=\"428\" \/>\n\t<meta property=\"og:image:type\" content=\"image\/jpeg\" \/>\n<meta name=\"author\" content=\"mirelal\" \/>\n<meta name=\"twitter:card\" content=\"summary_large_image\" \/>\n<meta name=\"twitter:label1\" content=\"Napisane przez\" \/>\n\t<meta name=\"twitter:data1\" content=\"mirelal\" \/>\n\t<meta name=\"twitter:label2\" content=\"Szacowany czas czytania\" \/>\n\t<meta name=\"twitter:data2\" content=\"2 minuty\" \/>\n<script type=\"application\/ld+json\" class=\"yoast-schema-graph\">{\"@context\":\"https:\/\/schema.org\",\"@graph\":[{\"@type\":\"event\",\"@id\":\"https:\/\/instytutpolski.pl\/bucuresti\/pl\/2018\/03\/16\/o-cichych-bohaterach-ii-wojny-swiatowej-w-kluzu\/\",\"url\":\"https:\/\/instytutpolski.pl\/bucuresti\/pl\/2018\/03\/16\/o-cichych-bohaterach-ii-wojny-swiatowej-w-kluzu\/\",\"name\":\"O cichych bohaterach II wojny \u015bwiatowej w Klu\u017cu\",\"isPartOf\":{\"@id\":\"https:\/\/instytutpolski.pl\/bucuresti\/#website\"},\"primaryImageOfPage\":{\"@id\":\"https:\/\/instytutpolski.pl\/bucuresti\/pl\/2018\/03\/16\/o-cichych-bohaterach-ii-wojny-swiatowej-w-kluzu\/#primaryimage\"},\"image\":[\"https:\/\/instytutpolski.pl\/bucuresti\/wp-content\/uploads\/sites\/11\/2020\/05\/despre-eroii-celui-de-al-doilea-razboi-mondial_580a99.jpg\",\"https:\/\/instytutpolski.pl\/bucuresti\/wp-content\/uploads\/sites\/11\/2020\/05\/despre-eroii-celui-de-al-doilea-razboi-mondial_580a99-300x195.jpg\",\"https:\/\/instytutpolski.pl\/bucuresti\/wp-content\/uploads\/sites\/11\/2020\/05\/despre-eroii-celui-de-al-doilea-razboi-mondial_580a99.jpg\",\"https:\/\/instytutpolski.pl\/bucuresti\/wp-content\/uploads\/sites\/11\/2020\/05\/despre-eroii-celui-de-al-doilea-razboi-mondial_580a99.jpg\"],\"thumbnailUrl\":\"https:\/\/instytutpolski.pl\/bucuresti\/wp-content\/uploads\/sites\/11\/2020\/05\/despre-eroii-celui-de-al-doilea-razboi-mondial_580a99.jpg\",\"datePublished\":\"2018-03-16T14:21:00+02:00\",\"dateModified\":\"2020-05-29T13:26:28+02:00\",\"author\":{\"@id\":\"https:\/\/instytutpolski.pl\/bucuresti\/#\/schema\/person\/36eba23bd65c4ed8774deeb285a19272\"},\"breadcrumb\":{\"@id\":\"https:\/\/instytutpolski.pl\/bucuresti\/pl\/2018\/03\/16\/o-cichych-bohaterach-ii-wojny-swiatowej-w-kluzu\/#breadcrumb\"},\"inLanguage\":\"pl-PL\",\"potentialAction\":[{\"@type\":\"ReadAction\",\"target\":[\"https:\/\/instytutpolski.pl\/bucuresti\/pl\/2018\/03\/16\/o-cichych-bohaterach-ii-wojny-swiatowej-w-kluzu\/\"]}],\"@context\":\"https:\/\/schema.org\",\"startDate\":\"2018-03-16\",\"endDate\":\"2018-03-31\",\"eventStatus\":\"EventScheduled\",\"eventAttendanceMode\":\"OfflineEventAttendanceMode\",\"location\":{\"@type\":\"place\",\"name\":\"\",\"address\":\"\",\"geo\":{\"@type\":\"GeoCoordinates\",\"latitude\":\"\",\"longitude\":\"\"}},\"description\":\"W 1942 roku polscy rolnicy Wiktoria i J\u00f3zef Ulmowie ze wsi Markowa na po\u0142udniu kraju, mimo gro\u017c\u0105cej za to kary \u015bmierci wprowadzonej przez okupuj\u0105cych Polsk\u0119 Niemc\u00f3w, zacz\u0119li ukrywa\u0107 w swoim gospodarstwie o\u015bmioro \u017byd\u00f3w. Ich bohaterska postawa nie by\u0142a odosobniona. Wed\u0142ug historyk\u00f3w, w r\u00f3\u017cne formy pomocy ludno\u015bci \u017cydowskiej w czasie II wojny \u015bwiatowej zaanga\u017cowanych by\u0142o od 300 tysi\u0119cy do miliona Polak\u00f3w.\\nUlmowie bezpiecznie ukrywali \u017byd\u00f3w a\u017c do 24 marca 1944 roku. Tego dnia, w wyniku donosu jednego z Polak\u00f3w, Wiktoria i J\u00f3zef Ulmowie, ich sze\u015bcioro dzieci w wieku od o\u015bmiu do p\u00f3\u0142tora roku oraz ukrywane przez nich dwie rodziny \u017cydowskie zostali rozstrzelani przez Niemc\u00f3w. W chwili masakry Wiktoria by\u0142a w 9 miesi\u0105cu ci\u0105\u017cy. Mimo tragedii i niemieckiego terroru panuj\u0105cego na ziemiach okupowanej Polski, do ko\u0144ca wojny w ch\u0142opskich domach w Markowej prze\u017cy\u0142o 21 \u017byd\u00f3w.\\nDok\u0142adna liczba Polak\u00f3w zamordowanych przez Niemc\u00f3w za pomoc udzielon\u0105 \u017bydom w czasie II wojny \u015bwiatowej nie jest znana. Du\u017ca cz\u0119\u015b\u0107 ofiar pozosta\u0142a anonimowa. Nie zachowa\u0142a si\u0119 te\u017c pe\u0142na dokumentacja. Szacunki historyk\u00f3w wahaj\u0105 si\u0119 jednak od 2,5 tysi\u0105ca do 50 tysi\u0119cy os\u00f3b. Losy Ulm\u00f3w, prezentowane na wystawie w Klu\u017cu, s\u0105 symbolem ich po\u015bwi\u0119cenia. Od marca 2016 roku w Markowej istnieje muzeum po\u015bwi\u0119cone Polakom ratuj\u0105cym \u017bydow w czasie II wojny \u015bwiatowej, kt\u00f3re znajduje si\u0119 na miejscu dawnego gospodarstwa Ulm\u00f3w.\\nPolacy do dzi\u015b stanowi\u0105 najliczniejsz\u0105 grup\u0119 uhonorowan\u0105 przez Instytut Yad Vashem w Jerozolimie tytu\u0142em \u201eSprawiedliwy W\u015br\u00f3d Narod\u00f3w \u015awiata\u201d, przyznawanym za bezinteresowne ratowanie \u017byd\u00f3w podczas II wojny \u015bwiatowej (6620 os\u00f3b, czyli 26 proc. wszystkich uhonorowanych). W 1995 roku tytu\u0142 ten po\u015bmiertnie otrzymali tak\u017ce Wiktoria i J\u00f3zef Ulmowie.\\nWystawa \u201eSamarytanie z Markowej\u201d przygotowana w rumu\u0144skiej wersji j\u0119zykowej z inicjatywy Instytutu Polskiego z Bukaresztu, prezentowana b\u0119dzie w Klu\u017cu Napoce w dniach 16-31 marca 2018 roku w Bibliotece Wojew\u00f3dzkiej \u201eOctavian Goga\u201d (Calea Doroban\u021bilor nr 104), od poniedzia\u0142ku do pi\u0105tku, w godzinach 8.00-20.00. Wernisa\u017c odb\u0119dzie si\u0119 21 marca 2018 r. o godz. 13.00 w foyer biblioteki.\\nDodatkowym wydarzeniem towarzyszacym ekspozycji b\u0119dzie projekcja filmu \u201eAzyl\u201d (The Zookeeper\u2019s Wife, re\u017c. Niki Caro, USA 2017). Niezwyk\u0142a historia opowiada o Antoninie i Janie \u017babi\u0144skich, czyli dyrektorze warszawskiego ZOO i jego \u017conie, kt\u00f3rzy w swojej willi na terenie ogrodu zoologicznego uratowali ponad 300 \u017byd\u00f3w. Film b\u0119dzie mo\u017cna zobaczy\u0107 27 marca 2018 roku o godz. 17.00 w Bibliotece Wojew\u00f3dzkiej \u201eOctavian Goga\u201d w Klu\u017cu-Napoce.\\nTrailer: www.youtube.com\"},{\"@type\":\"ImageObject\",\"inLanguage\":\"pl-PL\",\"@id\":\"https:\/\/instytutpolski.pl\/bucuresti\/pl\/2018\/03\/16\/o-cichych-bohaterach-ii-wojny-swiatowej-w-kluzu\/#primaryimage\",\"url\":\"https:\/\/instytutpolski.pl\/bucuresti\/wp-content\/uploads\/sites\/11\/2020\/05\/despre-eroii-celui-de-al-doilea-razboi-mondial_580a99.jpg\",\"contentUrl\":\"https:\/\/instytutpolski.pl\/bucuresti\/wp-content\/uploads\/sites\/11\/2020\/05\/despre-eroii-celui-de-al-doilea-razboi-mondial_580a99.jpg\",\"width\":660,\"height\":428,\"caption\":\"Foto: Radu Manelici\"},{\"@type\":\"BreadcrumbList\",\"@id\":\"https:\/\/instytutpolski.pl\/bucuresti\/pl\/2018\/03\/16\/o-cichych-bohaterach-ii-wojny-swiatowej-w-kluzu\/#breadcrumb\",\"itemListElement\":[{\"@type\":\"ListItem\",\"position\":1,\"name\":\"Home\",\"item\":\"https:\/\/instytutpolski.pl\/bucuresti\/\"},{\"@type\":\"ListItem\",\"position\":2,\"name\":\"O cichych bohaterach II wojny \u015bwiatowej w Klu\u017cu\"}]},{\"@type\":\"WebSite\",\"@id\":\"https:\/\/instytutpolski.pl\/bucuresti\/#website\",\"url\":\"https:\/\/instytutpolski.pl\/bucuresti\/\",\"name\":\"Instytut Polski w Bukareszcie\",\"description\":\"Instytuty Polskie\",\"potentialAction\":[{\"@type\":\"SearchAction\",\"target\":{\"@type\":\"EntryPoint\",\"urlTemplate\":\"https:\/\/instytutpolski.pl\/bucuresti\/?s={search_term_string}\"},\"query-input\":{\"@type\":\"PropertyValueSpecification\",\"valueRequired\":true,\"valueName\":\"search_term_string\"}}],\"inLanguage\":\"pl-PL\"},{\"@type\":\"Person\",\"@id\":\"https:\/\/instytutpolski.pl\/bucuresti\/#\/schema\/person\/36eba23bd65c4ed8774deeb285a19272\",\"name\":\"mirelal\",\"image\":{\"@type\":\"ImageObject\",\"inLanguage\":\"pl-PL\",\"@id\":\"https:\/\/instytutpolski.pl\/bucuresti\/#\/schema\/person\/image\/\",\"url\":\"https:\/\/secure.gravatar.com\/avatar\/5838c7614d071fe473f8aeb2de72beb4?s=96&d=mm&r=g\",\"contentUrl\":\"https:\/\/secure.gravatar.com\/avatar\/5838c7614d071fe473f8aeb2de72beb4?s=96&d=mm&r=g\",\"caption\":\"mirelal\"},\"url\":\"https:\/\/instytutpolski.pl\/bucuresti\/author\/mirelal\/\"}]}<\/script>\n<!-- \/ Yoast SEO plugin. -->","yoast_head_json":{"title":"O cichych bohaterach II wojny \u015bwiatowej w Klu\u017cu - Instytut Polski w Bukareszcie","robots":{"index":"index","follow":"follow","max-snippet":"max-snippet:-1","max-image-preview":"max-image-preview:large","max-video-preview":"max-video-preview:-1"},"canonical":"https:\/\/instytutpolski.pl\/bucuresti\/pl\/2018\/03\/16\/o-cichych-bohaterach-ii-wojny-swiatowej-w-kluzu\/","og_locale":"pl_PL","og_type":"article","og_title":"O cichych bohaterach II wojny \u015bwiatowej w Klu\u017cu - Instytut Polski w Bukareszcie","og_description":"W 1942 roku polscy rolnicy Wiktoria i J\u00f3zef Ulmowie ze wsi Markowa na po\u0142udniu kraju, mimo gro\u017c\u0105cej za to kary \u015bmierci wprowadzonej przez okupuj\u0105cych Polsk\u0119 Niemc\u00f3w, zacz\u0119li ukrywa\u0107 w swoim gospodarstwie o\u015bmioro \u017byd\u00f3w. Ich bohaterska postawa nie by\u0142a odosobniona. Wed\u0142ug historyk\u00f3w, w r\u00f3\u017cne formy pomocy ludno\u015bci \u017cydowskiej w czasie II wojny \u015bwiatowej zaanga\u017cowanych by\u0142o od [&hellip;]","og_url":"https:\/\/instytutpolski.pl\/bucuresti\/pl\/2018\/03\/16\/o-cichych-bohaterach-ii-wojny-swiatowej-w-kluzu\/","og_site_name":"Instytut Polski w Bukareszcie","article_published_time":"2018-03-16T14:21:00+00:00","article_modified_time":"2020-05-29T13:26:28+00:00","og_image":[{"width":660,"height":428,"url":"https:\/\/instytutpolski.pl\/bucuresti\/wp-content\/uploads\/sites\/11\/2020\/05\/despre-eroii-celui-de-al-doilea-razboi-mondial_580a99.jpg","type":"image\/jpeg"}],"author":"mirelal","twitter_card":"summary_large_image","twitter_misc":{"Napisane przez":"mirelal","Szacowany czas czytania":"2 minuty"},"schema":{"@context":"https:\/\/schema.org","@graph":[{"@type":"event","@id":"https:\/\/instytutpolski.pl\/bucuresti\/pl\/2018\/03\/16\/o-cichych-bohaterach-ii-wojny-swiatowej-w-kluzu\/","url":"https:\/\/instytutpolski.pl\/bucuresti\/pl\/2018\/03\/16\/o-cichych-bohaterach-ii-wojny-swiatowej-w-kluzu\/","name":"O cichych bohaterach II wojny \u015bwiatowej w Klu\u017cu","isPartOf":{"@id":"https:\/\/instytutpolski.pl\/bucuresti\/#website"},"primaryImageOfPage":{"@id":"https:\/\/instytutpolski.pl\/bucuresti\/pl\/2018\/03\/16\/o-cichych-bohaterach-ii-wojny-swiatowej-w-kluzu\/#primaryimage"},"image":["https:\/\/instytutpolski.pl\/bucuresti\/wp-content\/uploads\/sites\/11\/2020\/05\/despre-eroii-celui-de-al-doilea-razboi-mondial_580a99.jpg","https:\/\/instytutpolski.pl\/bucuresti\/wp-content\/uploads\/sites\/11\/2020\/05\/despre-eroii-celui-de-al-doilea-razboi-mondial_580a99-300x195.jpg","https:\/\/instytutpolski.pl\/bucuresti\/wp-content\/uploads\/sites\/11\/2020\/05\/despre-eroii-celui-de-al-doilea-razboi-mondial_580a99.jpg","https:\/\/instytutpolski.pl\/bucuresti\/wp-content\/uploads\/sites\/11\/2020\/05\/despre-eroii-celui-de-al-doilea-razboi-mondial_580a99.jpg"],"thumbnailUrl":"https:\/\/instytutpolski.pl\/bucuresti\/wp-content\/uploads\/sites\/11\/2020\/05\/despre-eroii-celui-de-al-doilea-razboi-mondial_580a99.jpg","datePublished":"2018-03-16T14:21:00+02:00","dateModified":"2020-05-29T13:26:28+02:00","author":{"@id":"https:\/\/instytutpolski.pl\/bucuresti\/#\/schema\/person\/36eba23bd65c4ed8774deeb285a19272"},"breadcrumb":{"@id":"https:\/\/instytutpolski.pl\/bucuresti\/pl\/2018\/03\/16\/o-cichych-bohaterach-ii-wojny-swiatowej-w-kluzu\/#breadcrumb"},"inLanguage":"pl-PL","potentialAction":[{"@type":"ReadAction","target":["https:\/\/instytutpolski.pl\/bucuresti\/pl\/2018\/03\/16\/o-cichych-bohaterach-ii-wojny-swiatowej-w-kluzu\/"]}],"@context":"https:\/\/schema.org","startDate":"2018-03-16","endDate":"2018-03-31","eventStatus":"EventScheduled","eventAttendanceMode":"OfflineEventAttendanceMode","location":{"@type":"place","name":"","address":"","geo":{"@type":"GeoCoordinates","latitude":"","longitude":""}},"description":"W 1942 roku polscy rolnicy Wiktoria i J\u00f3zef Ulmowie ze wsi Markowa na po\u0142udniu kraju, mimo gro\u017c\u0105cej za to kary \u015bmierci wprowadzonej przez okupuj\u0105cych Polsk\u0119 Niemc\u00f3w, zacz\u0119li ukrywa\u0107 w swoim gospodarstwie o\u015bmioro \u017byd\u00f3w. Ich bohaterska postawa nie by\u0142a odosobniona. Wed\u0142ug historyk\u00f3w, w r\u00f3\u017cne formy pomocy ludno\u015bci \u017cydowskiej w czasie II wojny \u015bwiatowej zaanga\u017cowanych by\u0142o od 300 tysi\u0119cy do miliona Polak\u00f3w.\nUlmowie bezpiecznie ukrywali \u017byd\u00f3w a\u017c do 24 marca 1944 roku. Tego dnia, w wyniku donosu jednego z Polak\u00f3w, Wiktoria i J\u00f3zef Ulmowie, ich sze\u015bcioro dzieci w wieku od o\u015bmiu do p\u00f3\u0142tora roku oraz ukrywane przez nich dwie rodziny \u017cydowskie zostali rozstrzelani przez Niemc\u00f3w. W chwili masakry Wiktoria by\u0142a w 9 miesi\u0105cu ci\u0105\u017cy. Mimo tragedii i niemieckiego terroru panuj\u0105cego na ziemiach okupowanej Polski, do ko\u0144ca wojny w ch\u0142opskich domach w Markowej prze\u017cy\u0142o 21 \u017byd\u00f3w.\nDok\u0142adna liczba Polak\u00f3w zamordowanych przez Niemc\u00f3w za pomoc udzielon\u0105 \u017bydom w czasie II wojny \u015bwiatowej nie jest znana. Du\u017ca cz\u0119\u015b\u0107 ofiar pozosta\u0142a anonimowa. Nie zachowa\u0142a si\u0119 te\u017c pe\u0142na dokumentacja. Szacunki historyk\u00f3w wahaj\u0105 si\u0119 jednak od 2,5 tysi\u0105ca do 50 tysi\u0119cy os\u00f3b. Losy Ulm\u00f3w, prezentowane na wystawie w Klu\u017cu, s\u0105 symbolem ich po\u015bwi\u0119cenia. Od marca 2016 roku w Markowej istnieje muzeum po\u015bwi\u0119cone Polakom ratuj\u0105cym \u017bydow w czasie II wojny \u015bwiatowej, kt\u00f3re znajduje si\u0119 na miejscu dawnego gospodarstwa Ulm\u00f3w.\nPolacy do dzi\u015b stanowi\u0105 najliczniejsz\u0105 grup\u0119 uhonorowan\u0105 przez Instytut Yad Vashem w Jerozolimie tytu\u0142em \u201eSprawiedliwy W\u015br\u00f3d Narod\u00f3w \u015awiata\u201d, przyznawanym za bezinteresowne ratowanie \u017byd\u00f3w podczas II wojny \u015bwiatowej (6620 os\u00f3b, czyli 26 proc. wszystkich uhonorowanych). W 1995 roku tytu\u0142 ten po\u015bmiertnie otrzymali tak\u017ce Wiktoria i J\u00f3zef Ulmowie.\nWystawa \u201eSamarytanie z Markowej\u201d przygotowana w rumu\u0144skiej wersji j\u0119zykowej z inicjatywy Instytutu Polskiego z Bukaresztu, prezentowana b\u0119dzie w Klu\u017cu Napoce w dniach 16-31 marca 2018 roku w Bibliotece Wojew\u00f3dzkiej \u201eOctavian Goga\u201d (Calea Doroban\u021bilor nr 104), od poniedzia\u0142ku do pi\u0105tku, w godzinach 8.00-20.00. Wernisa\u017c odb\u0119dzie si\u0119 21 marca 2018 r. o godz. 13.00 w foyer biblioteki.\nDodatkowym wydarzeniem towarzyszacym ekspozycji b\u0119dzie projekcja filmu \u201eAzyl\u201d (The Zookeeper\u2019s Wife, re\u017c. Niki Caro, USA 2017). Niezwyk\u0142a historia opowiada o Antoninie i Janie \u017babi\u0144skich, czyli dyrektorze warszawskiego ZOO i jego \u017conie, kt\u00f3rzy w swojej willi na terenie ogrodu zoologicznego uratowali ponad 300 \u017byd\u00f3w. Film b\u0119dzie mo\u017cna zobaczy\u0107 27 marca 2018 roku o godz. 17.00 w Bibliotece Wojew\u00f3dzkiej \u201eOctavian Goga\u201d w Klu\u017cu-Napoce.\nTrailer: www.youtube.com"},{"@type":"ImageObject","inLanguage":"pl-PL","@id":"https:\/\/instytutpolski.pl\/bucuresti\/pl\/2018\/03\/16\/o-cichych-bohaterach-ii-wojny-swiatowej-w-kluzu\/#primaryimage","url":"https:\/\/instytutpolski.pl\/bucuresti\/wp-content\/uploads\/sites\/11\/2020\/05\/despre-eroii-celui-de-al-doilea-razboi-mondial_580a99.jpg","contentUrl":"https:\/\/instytutpolski.pl\/bucuresti\/wp-content\/uploads\/sites\/11\/2020\/05\/despre-eroii-celui-de-al-doilea-razboi-mondial_580a99.jpg","width":660,"height":428,"caption":"Foto: Radu Manelici"},{"@type":"BreadcrumbList","@id":"https:\/\/instytutpolski.pl\/bucuresti\/pl\/2018\/03\/16\/o-cichych-bohaterach-ii-wojny-swiatowej-w-kluzu\/#breadcrumb","itemListElement":[{"@type":"ListItem","position":1,"name":"Home","item":"https:\/\/instytutpolski.pl\/bucuresti\/"},{"@type":"ListItem","position":2,"name":"O cichych bohaterach II wojny \u015bwiatowej w Klu\u017cu"}]},{"@type":"WebSite","@id":"https:\/\/instytutpolski.pl\/bucuresti\/#website","url":"https:\/\/instytutpolski.pl\/bucuresti\/","name":"Instytut Polski w Bukareszcie","description":"Instytuty Polskie","potentialAction":[{"@type":"SearchAction","target":{"@type":"EntryPoint","urlTemplate":"https:\/\/instytutpolski.pl\/bucuresti\/?s={search_term_string}"},"query-input":{"@type":"PropertyValueSpecification","valueRequired":true,"valueName":"search_term_string"}}],"inLanguage":"pl-PL"},{"@type":"Person","@id":"https:\/\/instytutpolski.pl\/bucuresti\/#\/schema\/person\/36eba23bd65c4ed8774deeb285a19272","name":"mirelal","image":{"@type":"ImageObject","inLanguage":"pl-PL","@id":"https:\/\/instytutpolski.pl\/bucuresti\/#\/schema\/person\/image\/","url":"https:\/\/secure.gravatar.com\/avatar\/5838c7614d071fe473f8aeb2de72beb4?s=96&d=mm&r=g","contentUrl":"https:\/\/secure.gravatar.com\/avatar\/5838c7614d071fe473f8aeb2de72beb4?s=96&d=mm&r=g","caption":"mirelal"},"url":"https:\/\/instytutpolski.pl\/bucuresti\/author\/mirelal\/"}]}},"_links":{"self":[{"href":"https:\/\/instytutpolski.pl\/bucuresti\/wp-json\/wp\/v2\/posts\/2594","targetHints":{"allow":["GET"]}}],"collection":[{"href":"https:\/\/instytutpolski.pl\/bucuresti\/wp-json\/wp\/v2\/posts"}],"about":[{"href":"https:\/\/instytutpolski.pl\/bucuresti\/wp-json\/wp\/v2\/types\/post"}],"author":[{"embeddable":true,"href":"https:\/\/instytutpolski.pl\/bucuresti\/wp-json\/wp\/v2\/users\/41"}],"replies":[{"embeddable":true,"href":"https:\/\/instytutpolski.pl\/bucuresti\/wp-json\/wp\/v2\/comments?post=2594"}],"version-history":[{"count":2,"href":"https:\/\/instytutpolski.pl\/bucuresti\/wp-json\/wp\/v2\/posts\/2594\/revisions"}],"predecessor-version":[{"id":2596,"href":"https:\/\/instytutpolski.pl\/bucuresti\/wp-json\/wp\/v2\/posts\/2594\/revisions\/2596"}],"wp:featuredmedia":[{"embeddable":true,"href":"https:\/\/instytutpolski.pl\/bucuresti\/wp-json\/wp\/v2\/media\/2584"}],"wp:attachment":[{"href":"https:\/\/instytutpolski.pl\/bucuresti\/wp-json\/wp\/v2\/media?parent=2594"}],"wp:term":[{"taxonomy":"category","embeddable":true,"href":"https:\/\/instytutpolski.pl\/bucuresti\/wp-json\/wp\/v2\/categories?post=2594"},{"taxonomy":"post_tag","embeddable":true,"href":"https:\/\/instytutpolski.pl\/bucuresti\/wp-json\/wp\/v2\/tags?post=2594"}],"curies":[{"name":"wp","href":"https:\/\/api.w.org\/{rel}","templated":true}]}}