{"id":2598,"date":"2018-01-19T15:27:00","date_gmt":"2018-01-19T14:27:00","guid":{"rendered":"https:\/\/instytutpolski.pl\/bucuresti\/?p=2598"},"modified":"2020-05-29T15:29:11","modified_gmt":"2020-05-29T13:29:11","slug":"pl100-centenarul-recuceririi-independentei","status":"publish","type":"post","link":"https:\/\/instytutpolski.pl\/bucuresti\/2018\/01\/19\/pl100-centenarul-recuceririi-independentei\/","title":{"rendered":"#PL100 &#8211; centenarul recuceririi independen\u021bei"},"content":{"rendered":"\n<p>\u00cen istoria Poloniei secolului al XX-lea nu exist\u0103 o personalitate mai important\u0103 dec\u00e2t&nbsp;<strong>mare\u0219alul J\u00f3zef Pi\u0142sudski<\/strong>(1867-1935). Renumitul comandant a devenit&nbsp; simbolul redob\u00e2ndirii independen\u021bei Poloniei \u00een anul 1918, atunci c\u00e2nd, dup\u0103 123 de ani de anex\u0103ri, de \u00eemp\u0103r\u021biri ale teritoriilor poloneze \u00eentre Rusia, Prusia \u0219i Austria, care le-au acaparat de trei ori \u0219i au \u00eencercat s\u0103-i priveze pe polonezi nu doar de patria lor, ci \u0219i de limba, tradi\u021biile \u0219i cultura lor, \u021bara a revenit pe harta Europei.<\/p>\n\n\n\n<p><strong>Expozi\u021bia \u201eJ\u00f3zef Pi\u0142sudski \u2013 om de stat al Poloniei \u0219i al Europei\u201d<\/strong>, dedicat\u0103 mare\u0219alului, va vizita \u00een 2018 mai multe ora\u0219e din Rom\u00e2nia. Primul vernisaj va avea loc pe 26 ianuarie, ora 13.00, la Biblioteca Jude\u021bean\u0103 \u201eAntim Ivireanul\u201d din R\u00e2mnicu V\u00e2lcea (str. Carol I nr. 26). Expozi\u021bia poate fi v\u0103zut\u0103 p\u00e2n\u0103 pe 12 martie.<\/p>\n\n\n\n<p>Imediat dup\u0103 vernisaj, cu ocazia Zilei Interna\u021bionale de Comemorare a Victimelor Holocaustului, celebrat\u0103&nbsp; \u00een toat\u0103 lumea pe data de 27 ianuarie, c\u00e2nd se aniverseaz\u0103 eliberarea fostului lag\u0103r nazist german de exterminare Auschwitz-Birkenau, va avea loc&nbsp;<strong>proiec\u021bia filmului \u201eGr\u0103dina speran\u021bei\u201d<\/strong>&nbsp;(The Zookeeper\u2019s Wife, regia Niki Caro, SUA 2017).&nbsp;<\/p>\n\n\n\n<p>Aceast\u0103 poveste neobi\u0219nuit\u0103 vorbe\u0219te despre familia Antoninei \u0219i a lui Jan \u017babi\u0144ski&nbsp; &#8211; directorul Gr\u0103dinii Zoologice din Var\u0219ovia \u0219i so\u021bia lui &#8211; care, \u00een vila lor aflat\u0103 pe terenul gr\u0103dinii zoologice, au salvat peste 300 de evrei.<\/p>\n\n\n\n<p>Trailer (EN):&nbsp;<a href=\"https:\/\/www.youtube.com\/watch?v=rJNFeHHGGN4\" target=\"_blank\" rel=\"noreferrer noopener\">www.youtube.com<\/a><\/p>\n\n\n\n<p>Accesul la cele dou\u0103 evenimente este gratuit.<\/p>\n","protected":false},"excerpt":{"rendered":"<p>\u00cen istoria Poloniei secolului al XX-lea nu exist\u0103 o personalitate mai important\u0103 dec\u00e2t&nbsp;mare\u0219alul J\u00f3zef Pi\u0142sudski(1867-1935). Renumitul comandant a devenit&nbsp; simbolul redob\u00e2ndirii independen\u021bei Poloniei \u00een anul 1918, atunci c\u00e2nd, dup\u0103 123 de ani de anex\u0103ri, de \u00eemp\u0103r\u021biri ale teritoriilor poloneze \u00eentre Rusia, Prusia \u0219i Austria, care le-au acaparat de trei ori \u0219i au \u00eencercat s\u0103-i priveze [&hellip;]<\/p>\n","protected":false},"author":41,"featured_media":2557,"comment_status":"open","ping_status":"open","sticky":false,"template":"","format":"standard","meta":{"inline_featured_image":false,"_monsterinsights_skip_tracking":false,"_monsterinsights_sitenote_active":false,"_monsterinsights_sitenote_note":"","_monsterinsights_sitenote_category":0,"footnotes":""},"categories":[16,18,94,14],"tags":[],"class_list":["post-2598","post","type-post","status-publish","format-standard","has-post-thumbnail","hentry","category-arte-vizuale","category-cinema","category-evenimente","category-istorie"],"yoast_head":"<!-- This site is optimized with the Yoast SEO plugin v24.6 - https:\/\/yoast.com\/wordpress\/plugins\/seo\/ -->\n<title>#PL100 - centenarul recuceririi independen\u021bei - Instytut Polski w Bukareszcie<\/title>\n<meta name=\"robots\" content=\"index, follow, max-snippet:-1, max-image-preview:large, max-video-preview:-1\" \/>\n<link rel=\"canonical\" href=\"https:\/\/instytutpolski.pl\/bucuresti\/2018\/01\/19\/pl100-centenarul-recuceririi-independentei\/\" \/>\n<meta property=\"og:locale\" content=\"pl_PL\" \/>\n<meta property=\"og:type\" content=\"article\" \/>\n<meta property=\"og:title\" content=\"#PL100 - centenarul recuceririi independen\u021bei - Instytut Polski w Bukareszcie\" \/>\n<meta property=\"og:description\" content=\"\u00cen istoria Poloniei secolului al XX-lea nu exist\u0103 o personalitate mai important\u0103 dec\u00e2t&nbsp;mare\u0219alul J\u00f3zef Pi\u0142sudski(1867-1935). Renumitul comandant a devenit&nbsp; simbolul redob\u00e2ndirii independen\u021bei Poloniei \u00een anul 1918, atunci c\u00e2nd, dup\u0103 123 de ani de anex\u0103ri, de \u00eemp\u0103r\u021biri ale teritoriilor poloneze \u00eentre Rusia, Prusia \u0219i Austria, care le-au acaparat de trei ori \u0219i au \u00eencercat s\u0103-i priveze [&hellip;]\" \/>\n<meta property=\"og:url\" content=\"https:\/\/instytutpolski.pl\/bucuresti\/2018\/01\/19\/pl100-centenarul-recuceririi-independentei\/\" \/>\n<meta property=\"og:site_name\" content=\"Instytut Polski w Bukareszcie\" \/>\n<meta property=\"article:published_time\" content=\"2018-01-19T14:27:00+00:00\" \/>\n<meta property=\"article:modified_time\" content=\"2020-05-29T13:29:11+00:00\" \/>\n<meta property=\"og:image\" content=\"https:\/\/instytutpolski.pl\/bucuresti\/wp-content\/uploads\/sites\/11\/2020\/05\/pilsudski-chisinau_c818c5-2.jpg\" \/>\n\t<meta property=\"og:image:width\" content=\"660\" \/>\n\t<meta property=\"og:image:height\" content=\"389\" \/>\n\t<meta property=\"og:image:type\" content=\"image\/jpeg\" \/>\n<meta name=\"author\" content=\"mirelal\" \/>\n<meta name=\"twitter:card\" content=\"summary_large_image\" \/>\n<meta name=\"twitter:label1\" content=\"Napisane przez\" \/>\n\t<meta name=\"twitter:data1\" content=\"mirelal\" \/>\n\t<meta name=\"twitter:label2\" content=\"Szacowany czas czytania\" \/>\n\t<meta name=\"twitter:data2\" content=\"1 minuta\" \/>\n<script type=\"application\/ld+json\" class=\"yoast-schema-graph\">{\"@context\":\"https:\/\/schema.org\",\"@graph\":[{\"@type\":\"event\",\"@id\":\"https:\/\/instytutpolski.pl\/bucuresti\/2018\/01\/19\/pl100-centenarul-recuceririi-independentei\/\",\"url\":\"https:\/\/instytutpolski.pl\/bucuresti\/2018\/01\/19\/pl100-centenarul-recuceririi-independentei\/\",\"name\":\"#PL100 - centenarul recuceririi independen\u021bei\",\"isPartOf\":{\"@id\":\"https:\/\/instytutpolski.pl\/bucuresti\/#website\"},\"primaryImageOfPage\":{\"@id\":\"https:\/\/instytutpolski.pl\/bucuresti\/2018\/01\/19\/pl100-centenarul-recuceririi-independentei\/#primaryimage\"},\"image\":[\"https:\/\/instytutpolski.pl\/bucuresti\/wp-content\/uploads\/sites\/11\/2020\/05\/pilsudski-chisinau_c818c5-2.jpg\",\"https:\/\/instytutpolski.pl\/bucuresti\/wp-content\/uploads\/sites\/11\/2020\/05\/pilsudski-chisinau_c818c5-2-300x177.jpg\",\"https:\/\/instytutpolski.pl\/bucuresti\/wp-content\/uploads\/sites\/11\/2020\/05\/pilsudski-chisinau_c818c5-2.jpg\",\"https:\/\/instytutpolski.pl\/bucuresti\/wp-content\/uploads\/sites\/11\/2020\/05\/pilsudski-chisinau_c818c5-2.jpg\"],\"thumbnailUrl\":\"https:\/\/instytutpolski.pl\/bucuresti\/wp-content\/uploads\/sites\/11\/2020\/05\/pilsudski-chisinau_c818c5-2.jpg\",\"datePublished\":\"2018-01-19T14:27:00+02:00\",\"dateModified\":\"2020-05-29T13:29:11+02:00\",\"author\":{\"@id\":\"https:\/\/instytutpolski.pl\/bucuresti\/#\/schema\/person\/36eba23bd65c4ed8774deeb285a19272\"},\"breadcrumb\":{\"@id\":\"https:\/\/instytutpolski.pl\/bucuresti\/2018\/01\/19\/pl100-centenarul-recuceririi-independentei\/#breadcrumb\"},\"inLanguage\":\"pl-PL\",\"potentialAction\":[{\"@type\":\"ReadAction\",\"target\":[\"https:\/\/instytutpolski.pl\/bucuresti\/2018\/01\/19\/pl100-centenarul-recuceririi-independentei\/\"]}],\"@context\":\"https:\/\/schema.org\",\"startDate\":\"2018-01-26\",\"endDate\":\"2018-03-12\",\"eventStatus\":\"EventScheduled\",\"eventAttendanceMode\":\"OfflineEventAttendanceMode\",\"location\":{\"@type\":\"place\",\"name\":\"\",\"address\":\"\",\"geo\":{\"@type\":\"GeoCoordinates\",\"latitude\":\"\",\"longitude\":\"\"}},\"description\":\"\u00cen istoria Poloniei secolului al XX-lea nu exist\u0103 o personalitate mai important\u0103 dec\u00e2t mare\u0219alul J\u00f3zef Pi\u0142sudski(1867-1935). Renumitul comandant a devenit  simbolul redob\u00e2ndirii independen\u021bei Poloniei \u00een anul 1918, atunci c\u00e2nd, dup\u0103 123 de ani de anex\u0103ri, de \u00eemp\u0103r\u021biri ale teritoriilor poloneze \u00eentre Rusia, Prusia \u0219i Austria, care le-au acaparat de trei ori \u0219i au \u00eencercat s\u0103-i priveze pe polonezi nu doar de patria lor, ci \u0219i de limba, tradi\u021biile \u0219i cultura lor, \u021bara a revenit pe harta Europei.\\nExpozi\u021bia \u201eJ\u00f3zef Pi\u0142sudski \u2013 om de stat al Poloniei \u0219i al Europei\u201d, dedicat\u0103 mare\u0219alului, va vizita \u00een 2018 mai multe ora\u0219e din Rom\u00e2nia. Primul vernisaj va avea loc pe 26 ianuarie, ora 13.00, la Biblioteca Jude\u021bean\u0103 \u201eAntim Ivireanul\u201d din R\u00e2mnicu V\u00e2lcea (str. Carol I nr. 26). Expozi\u021bia poate fi v\u0103zut\u0103 p\u00e2n\u0103 pe 12 martie.\\nImediat dup\u0103 vernisaj, cu ocazia Zilei Interna\u021bionale de Comemorare a Victimelor Holocaustului, celebrat\u0103  \u00een toat\u0103 lumea pe data de 27 ianuarie, c\u00e2nd se aniverseaz\u0103 eliberarea fostului lag\u0103r nazist german de exterminare Auschwitz-Birkenau, va avea loc proiec\u021bia filmului \u201eGr\u0103dina speran\u021bei\u201d (The Zookeeper\u2019s Wife, regia Niki Caro, SUA 2017). \\nAceast\u0103 poveste neobi\u0219nuit\u0103 vorbe\u0219te despre familia Antoninei \u0219i a lui Jan \u017babi\u0144ski  - directorul Gr\u0103dinii Zoologice din Var\u0219ovia \u0219i so\u021bia lui - care, \u00een vila lor aflat\u0103 pe terenul gr\u0103dinii zoologice, au salvat peste 300 de evrei.\\nTrailer (EN): www.youtube.com\\nAccesul la cele dou\u0103 evenimente este gratuit.\"},{\"@type\":\"ImageObject\",\"inLanguage\":\"pl-PL\",\"@id\":\"https:\/\/instytutpolski.pl\/bucuresti\/2018\/01\/19\/pl100-centenarul-recuceririi-independentei\/#primaryimage\",\"url\":\"https:\/\/instytutpolski.pl\/bucuresti\/wp-content\/uploads\/sites\/11\/2020\/05\/pilsudski-chisinau_c818c5-2.jpg\",\"contentUrl\":\"https:\/\/instytutpolski.pl\/bucuresti\/wp-content\/uploads\/sites\/11\/2020\/05\/pilsudski-chisinau_c818c5-2.jpg\",\"width\":660,\"height\":389},{\"@type\":\"BreadcrumbList\",\"@id\":\"https:\/\/instytutpolski.pl\/bucuresti\/2018\/01\/19\/pl100-centenarul-recuceririi-independentei\/#breadcrumb\",\"itemListElement\":[{\"@type\":\"ListItem\",\"position\":1,\"name\":\"Home\",\"item\":\"https:\/\/instytutpolski.pl\/bucuresti\/\"},{\"@type\":\"ListItem\",\"position\":2,\"name\":\"#PL100 &#8211; centenarul recuceririi independen\u021bei\"}]},{\"@type\":\"WebSite\",\"@id\":\"https:\/\/instytutpolski.pl\/bucuresti\/#website\",\"url\":\"https:\/\/instytutpolski.pl\/bucuresti\/\",\"name\":\"Instytut Polski w Bukareszcie\",\"description\":\"Instytuty Polskie\",\"potentialAction\":[{\"@type\":\"SearchAction\",\"target\":{\"@type\":\"EntryPoint\",\"urlTemplate\":\"https:\/\/instytutpolski.pl\/bucuresti\/?s={search_term_string}\"},\"query-input\":{\"@type\":\"PropertyValueSpecification\",\"valueRequired\":true,\"valueName\":\"search_term_string\"}}],\"inLanguage\":\"pl-PL\"},{\"@type\":\"Person\",\"@id\":\"https:\/\/instytutpolski.pl\/bucuresti\/#\/schema\/person\/36eba23bd65c4ed8774deeb285a19272\",\"name\":\"mirelal\",\"image\":{\"@type\":\"ImageObject\",\"inLanguage\":\"pl-PL\",\"@id\":\"https:\/\/instytutpolski.pl\/bucuresti\/#\/schema\/person\/image\/\",\"url\":\"https:\/\/secure.gravatar.com\/avatar\/5838c7614d071fe473f8aeb2de72beb4?s=96&d=mm&r=g\",\"contentUrl\":\"https:\/\/secure.gravatar.com\/avatar\/5838c7614d071fe473f8aeb2de72beb4?s=96&d=mm&r=g\",\"caption\":\"mirelal\"},\"url\":\"https:\/\/instytutpolski.pl\/bucuresti\/author\/mirelal\/\"}]}<\/script>\n<!-- \/ Yoast SEO plugin. -->","yoast_head_json":{"title":"#PL100 - centenarul recuceririi independen\u021bei - Instytut Polski w Bukareszcie","robots":{"index":"index","follow":"follow","max-snippet":"max-snippet:-1","max-image-preview":"max-image-preview:large","max-video-preview":"max-video-preview:-1"},"canonical":"https:\/\/instytutpolski.pl\/bucuresti\/2018\/01\/19\/pl100-centenarul-recuceririi-independentei\/","og_locale":"pl_PL","og_type":"article","og_title":"#PL100 - centenarul recuceririi independen\u021bei - Instytut Polski w Bukareszcie","og_description":"\u00cen istoria Poloniei secolului al XX-lea nu exist\u0103 o personalitate mai important\u0103 dec\u00e2t&nbsp;mare\u0219alul J\u00f3zef Pi\u0142sudski(1867-1935). Renumitul comandant a devenit&nbsp; simbolul redob\u00e2ndirii independen\u021bei Poloniei \u00een anul 1918, atunci c\u00e2nd, dup\u0103 123 de ani de anex\u0103ri, de \u00eemp\u0103r\u021biri ale teritoriilor poloneze \u00eentre Rusia, Prusia \u0219i Austria, care le-au acaparat de trei ori \u0219i au \u00eencercat s\u0103-i priveze [&hellip;]","og_url":"https:\/\/instytutpolski.pl\/bucuresti\/2018\/01\/19\/pl100-centenarul-recuceririi-independentei\/","og_site_name":"Instytut Polski w Bukareszcie","article_published_time":"2018-01-19T14:27:00+00:00","article_modified_time":"2020-05-29T13:29:11+00:00","og_image":[{"width":660,"height":389,"url":"https:\/\/instytutpolski.pl\/bucuresti\/wp-content\/uploads\/sites\/11\/2020\/05\/pilsudski-chisinau_c818c5-2.jpg","type":"image\/jpeg"}],"author":"mirelal","twitter_card":"summary_large_image","twitter_misc":{"Napisane przez":"mirelal","Szacowany czas czytania":"1 minuta"},"schema":{"@context":"https:\/\/schema.org","@graph":[{"@type":"event","@id":"https:\/\/instytutpolski.pl\/bucuresti\/2018\/01\/19\/pl100-centenarul-recuceririi-independentei\/","url":"https:\/\/instytutpolski.pl\/bucuresti\/2018\/01\/19\/pl100-centenarul-recuceririi-independentei\/","name":"#PL100 - centenarul recuceririi independen\u021bei","isPartOf":{"@id":"https:\/\/instytutpolski.pl\/bucuresti\/#website"},"primaryImageOfPage":{"@id":"https:\/\/instytutpolski.pl\/bucuresti\/2018\/01\/19\/pl100-centenarul-recuceririi-independentei\/#primaryimage"},"image":["https:\/\/instytutpolski.pl\/bucuresti\/wp-content\/uploads\/sites\/11\/2020\/05\/pilsudski-chisinau_c818c5-2.jpg","https:\/\/instytutpolski.pl\/bucuresti\/wp-content\/uploads\/sites\/11\/2020\/05\/pilsudski-chisinau_c818c5-2-300x177.jpg","https:\/\/instytutpolski.pl\/bucuresti\/wp-content\/uploads\/sites\/11\/2020\/05\/pilsudski-chisinau_c818c5-2.jpg","https:\/\/instytutpolski.pl\/bucuresti\/wp-content\/uploads\/sites\/11\/2020\/05\/pilsudski-chisinau_c818c5-2.jpg"],"thumbnailUrl":"https:\/\/instytutpolski.pl\/bucuresti\/wp-content\/uploads\/sites\/11\/2020\/05\/pilsudski-chisinau_c818c5-2.jpg","datePublished":"2018-01-19T14:27:00+02:00","dateModified":"2020-05-29T13:29:11+02:00","author":{"@id":"https:\/\/instytutpolski.pl\/bucuresti\/#\/schema\/person\/36eba23bd65c4ed8774deeb285a19272"},"breadcrumb":{"@id":"https:\/\/instytutpolski.pl\/bucuresti\/2018\/01\/19\/pl100-centenarul-recuceririi-independentei\/#breadcrumb"},"inLanguage":"pl-PL","potentialAction":[{"@type":"ReadAction","target":["https:\/\/instytutpolski.pl\/bucuresti\/2018\/01\/19\/pl100-centenarul-recuceririi-independentei\/"]}],"@context":"https:\/\/schema.org","startDate":"2018-01-26","endDate":"2018-03-12","eventStatus":"EventScheduled","eventAttendanceMode":"OfflineEventAttendanceMode","location":{"@type":"place","name":"","address":"","geo":{"@type":"GeoCoordinates","latitude":"","longitude":""}},"description":"\u00cen istoria Poloniei secolului al XX-lea nu exist\u0103 o personalitate mai important\u0103 dec\u00e2t mare\u0219alul J\u00f3zef Pi\u0142sudski(1867-1935). Renumitul comandant a devenit  simbolul redob\u00e2ndirii independen\u021bei Poloniei \u00een anul 1918, atunci c\u00e2nd, dup\u0103 123 de ani de anex\u0103ri, de \u00eemp\u0103r\u021biri ale teritoriilor poloneze \u00eentre Rusia, Prusia \u0219i Austria, care le-au acaparat de trei ori \u0219i au \u00eencercat s\u0103-i priveze pe polonezi nu doar de patria lor, ci \u0219i de limba, tradi\u021biile \u0219i cultura lor, \u021bara a revenit pe harta Europei.\nExpozi\u021bia \u201eJ\u00f3zef Pi\u0142sudski \u2013 om de stat al Poloniei \u0219i al Europei\u201d, dedicat\u0103 mare\u0219alului, va vizita \u00een 2018 mai multe ora\u0219e din Rom\u00e2nia. Primul vernisaj va avea loc pe 26 ianuarie, ora 13.00, la Biblioteca Jude\u021bean\u0103 \u201eAntim Ivireanul\u201d din R\u00e2mnicu V\u00e2lcea (str. Carol I nr. 26). Expozi\u021bia poate fi v\u0103zut\u0103 p\u00e2n\u0103 pe 12 martie.\nImediat dup\u0103 vernisaj, cu ocazia Zilei Interna\u021bionale de Comemorare a Victimelor Holocaustului, celebrat\u0103  \u00een toat\u0103 lumea pe data de 27 ianuarie, c\u00e2nd se aniverseaz\u0103 eliberarea fostului lag\u0103r nazist german de exterminare Auschwitz-Birkenau, va avea loc proiec\u021bia filmului \u201eGr\u0103dina speran\u021bei\u201d (The Zookeeper\u2019s Wife, regia Niki Caro, SUA 2017). \nAceast\u0103 poveste neobi\u0219nuit\u0103 vorbe\u0219te despre familia Antoninei \u0219i a lui Jan \u017babi\u0144ski  - directorul Gr\u0103dinii Zoologice din Var\u0219ovia \u0219i so\u021bia lui - care, \u00een vila lor aflat\u0103 pe terenul gr\u0103dinii zoologice, au salvat peste 300 de evrei.\nTrailer (EN): www.youtube.com\nAccesul la cele dou\u0103 evenimente este gratuit."},{"@type":"ImageObject","inLanguage":"pl-PL","@id":"https:\/\/instytutpolski.pl\/bucuresti\/2018\/01\/19\/pl100-centenarul-recuceririi-independentei\/#primaryimage","url":"https:\/\/instytutpolski.pl\/bucuresti\/wp-content\/uploads\/sites\/11\/2020\/05\/pilsudski-chisinau_c818c5-2.jpg","contentUrl":"https:\/\/instytutpolski.pl\/bucuresti\/wp-content\/uploads\/sites\/11\/2020\/05\/pilsudski-chisinau_c818c5-2.jpg","width":660,"height":389},{"@type":"BreadcrumbList","@id":"https:\/\/instytutpolski.pl\/bucuresti\/2018\/01\/19\/pl100-centenarul-recuceririi-independentei\/#breadcrumb","itemListElement":[{"@type":"ListItem","position":1,"name":"Home","item":"https:\/\/instytutpolski.pl\/bucuresti\/"},{"@type":"ListItem","position":2,"name":"#PL100 &#8211; centenarul recuceririi independen\u021bei"}]},{"@type":"WebSite","@id":"https:\/\/instytutpolski.pl\/bucuresti\/#website","url":"https:\/\/instytutpolski.pl\/bucuresti\/","name":"Instytut Polski w Bukareszcie","description":"Instytuty Polskie","potentialAction":[{"@type":"SearchAction","target":{"@type":"EntryPoint","urlTemplate":"https:\/\/instytutpolski.pl\/bucuresti\/?s={search_term_string}"},"query-input":{"@type":"PropertyValueSpecification","valueRequired":true,"valueName":"search_term_string"}}],"inLanguage":"pl-PL"},{"@type":"Person","@id":"https:\/\/instytutpolski.pl\/bucuresti\/#\/schema\/person\/36eba23bd65c4ed8774deeb285a19272","name":"mirelal","image":{"@type":"ImageObject","inLanguage":"pl-PL","@id":"https:\/\/instytutpolski.pl\/bucuresti\/#\/schema\/person\/image\/","url":"https:\/\/secure.gravatar.com\/avatar\/5838c7614d071fe473f8aeb2de72beb4?s=96&d=mm&r=g","contentUrl":"https:\/\/secure.gravatar.com\/avatar\/5838c7614d071fe473f8aeb2de72beb4?s=96&d=mm&r=g","caption":"mirelal"},"url":"https:\/\/instytutpolski.pl\/bucuresti\/author\/mirelal\/"}]}},"_links":{"self":[{"href":"https:\/\/instytutpolski.pl\/bucuresti\/wp-json\/wp\/v2\/posts\/2598","targetHints":{"allow":["GET"]}}],"collection":[{"href":"https:\/\/instytutpolski.pl\/bucuresti\/wp-json\/wp\/v2\/posts"}],"about":[{"href":"https:\/\/instytutpolski.pl\/bucuresti\/wp-json\/wp\/v2\/types\/post"}],"author":[{"embeddable":true,"href":"https:\/\/instytutpolski.pl\/bucuresti\/wp-json\/wp\/v2\/users\/41"}],"replies":[{"embeddable":true,"href":"https:\/\/instytutpolski.pl\/bucuresti\/wp-json\/wp\/v2\/comments?post=2598"}],"version-history":[{"count":2,"href":"https:\/\/instytutpolski.pl\/bucuresti\/wp-json\/wp\/v2\/posts\/2598\/revisions"}],"predecessor-version":[{"id":2601,"href":"https:\/\/instytutpolski.pl\/bucuresti\/wp-json\/wp\/v2\/posts\/2598\/revisions\/2601"}],"wp:featuredmedia":[{"embeddable":true,"href":"https:\/\/instytutpolski.pl\/bucuresti\/wp-json\/wp\/v2\/media\/2557"}],"wp:attachment":[{"href":"https:\/\/instytutpolski.pl\/bucuresti\/wp-json\/wp\/v2\/media?parent=2598"}],"wp:term":[{"taxonomy":"category","embeddable":true,"href":"https:\/\/instytutpolski.pl\/bucuresti\/wp-json\/wp\/v2\/categories?post=2598"},{"taxonomy":"post_tag","embeddable":true,"href":"https:\/\/instytutpolski.pl\/bucuresti\/wp-json\/wp\/v2\/tags?post=2598"}],"curies":[{"name":"wp","href":"https:\/\/api.w.org\/{rel}","templated":true}]}}