{"id":2645,"date":"2018-02-07T21:03:00","date_gmt":"2018-02-07T20:03:00","guid":{"rendered":"https:\/\/instytutpolski.pl\/bucuresti\/?p=2645"},"modified":"2022-02-10T11:17:26","modified_gmt":"2022-02-10T10:17:26","slug":"pagina-de-internet-educativ-sociala","status":"publish","type":"post","link":"https:\/\/instytutpolski.pl\/bucuresti\/2018\/02\/07\/pagina-de-internet-educativ-sociala\/","title":{"rendered":"Pagin\u0103 de internet educativ-social\u0103"},"content":{"rendered":"\n<p>Pentru a readuce \u00een memorie destinele victimelor, Radio-ul Polonez a creat o pagin\u0103 de internet educativ-social\u0103 (<a href=\"http:\/\/www.germandeathcamps.info\/\" target=\"_blank\" rel=\"noopener noreferrer\">www.germandeathcamps.info<\/a>) cu relat\u0103rile acestora \u00een trei limbi: englez\u0103, german\u0103 \u0219i polon\u0103. De asemenea, prin intermediul acestei pagini pot fi transmise amintiri la care institu\u021biile ce documenteaz\u0103 istoria nu au avut acces p\u00e2n\u0103 acum.<\/p>\n","protected":false},"excerpt":{"rendered":"<p>Pentru a readuce \u00een memorie destinele victimelor, Radio-ul Polonez a creat o pagin\u0103 de internet educativ-social\u0103 (www.germandeathcamps.info) cu relat\u0103rile acestora \u00een trei limbi: englez\u0103, german\u0103 \u0219i polon\u0103. De asemenea, prin intermediul acestei pagini pot fi transmise amintiri la care institu\u021biile ce documenteaz\u0103 istoria nu au avut acces p\u00e2n\u0103 acum.<\/p>\n","protected":false},"author":42,"featured_media":2646,"comment_status":"open","ping_status":"open","sticky":false,"template":"","format":"standard","meta":{"inline_featured_image":false,"_monsterinsights_skip_tracking":false,"_monsterinsights_sitenote_active":false,"_monsterinsights_sitenote_note":"","_monsterinsights_sitenote_category":0,"footnotes":""},"categories":[14],"tags":[],"class_list":["post-2645","post","type-post","status-publish","format-standard","has-post-thumbnail","hentry","category-istorie"],"yoast_head":"<!-- This site is optimized with the Yoast SEO plugin v24.6 - https:\/\/yoast.com\/wordpress\/plugins\/seo\/ -->\n<title>Pagin\u0103 de internet educativ-social\u0103 - Instytut Polski w Bukareszcie<\/title>\n<meta name=\"robots\" content=\"index, follow, max-snippet:-1, max-image-preview:large, max-video-preview:-1\" \/>\n<link rel=\"canonical\" href=\"https:\/\/instytutpolski.pl\/bucuresti\/2018\/02\/07\/pagina-de-internet-educativ-sociala\/\" \/>\n<meta property=\"og:locale\" content=\"pl_PL\" \/>\n<meta property=\"og:type\" content=\"article\" \/>\n<meta property=\"og:title\" content=\"Pagin\u0103 de internet educativ-social\u0103 - Instytut Polski w Bukareszcie\" \/>\n<meta property=\"og:description\" content=\"Pentru a readuce \u00een memorie destinele victimelor, Radio-ul Polonez a creat o pagin\u0103 de internet educativ-social\u0103 (www.germandeathcamps.info) cu relat\u0103rile acestora \u00een trei limbi: englez\u0103, german\u0103 \u0219i polon\u0103. De asemenea, prin intermediul acestei pagini pot fi transmise amintiri la care institu\u021biile ce documenteaz\u0103 istoria nu au avut acces p\u00e2n\u0103 acum.\" \/>\n<meta property=\"og:url\" content=\"https:\/\/instytutpolski.pl\/bucuresti\/2018\/02\/07\/pagina-de-internet-educativ-sociala\/\" \/>\n<meta property=\"og:site_name\" content=\"Instytut Polski w Bukareszcie\" \/>\n<meta property=\"article:published_time\" content=\"2018-02-07T20:03:00+00:00\" \/>\n<meta property=\"article:modified_time\" content=\"2022-02-10T10:17:26+00:00\" \/>\n<meta property=\"og:image\" content=\"https:\/\/instytutpolski.pl\/bucuresti\/wp-content\/uploads\/sites\/11\/2020\/05\/pagina-de-internet-educativ-sociala_4c9d38.png\" \/>\n\t<meta property=\"og:image:width\" content=\"660\" \/>\n\t<meta property=\"og:image:height\" content=\"397\" \/>\n\t<meta property=\"og:image:type\" content=\"image\/png\" \/>\n<meta name=\"author\" content=\"rutkowskip\" \/>\n<meta name=\"twitter:card\" content=\"summary_large_image\" \/>\n<meta name=\"twitter:label1\" content=\"Napisane przez\" \/>\n\t<meta name=\"twitter:data1\" content=\"rutkowskip\" \/>\n\t<meta name=\"twitter:label2\" content=\"Szacowany czas czytania\" \/>\n\t<meta name=\"twitter:data2\" content=\"1 minuta\" \/>\n<script type=\"application\/ld+json\" class=\"yoast-schema-graph\">{\"@context\":\"https:\/\/schema.org\",\"@graph\":[{\"@type\":\"event\",\"@id\":\"https:\/\/instytutpolski.pl\/bucuresti\/2018\/02\/07\/pagina-de-internet-educativ-sociala\/\",\"url\":\"https:\/\/instytutpolski.pl\/bucuresti\/2018\/02\/07\/pagina-de-internet-educativ-sociala\/\",\"name\":\"Pagin\u0103 de internet educativ-social\u0103\",\"isPartOf\":{\"@id\":\"https:\/\/instytutpolski.pl\/bucuresti\/#website\"},\"primaryImageOfPage\":{\"@id\":\"https:\/\/instytutpolski.pl\/bucuresti\/2018\/02\/07\/pagina-de-internet-educativ-sociala\/#primaryimage\"},\"image\":[\"https:\/\/instytutpolski.pl\/bucuresti\/wp-content\/uploads\/sites\/11\/2020\/05\/pagina-de-internet-educativ-sociala_4c9d38.png\",\"https:\/\/instytutpolski.pl\/bucuresti\/wp-content\/uploads\/sites\/11\/2020\/05\/pagina-de-internet-educativ-sociala_4c9d38-300x180.png\",\"https:\/\/instytutpolski.pl\/bucuresti\/wp-content\/uploads\/sites\/11\/2020\/05\/pagina-de-internet-educativ-sociala_4c9d38.png\",\"https:\/\/instytutpolski.pl\/bucuresti\/wp-content\/uploads\/sites\/11\/2020\/05\/pagina-de-internet-educativ-sociala_4c9d38.png\"],\"thumbnailUrl\":\"https:\/\/instytutpolski.pl\/bucuresti\/wp-content\/uploads\/sites\/11\/2020\/05\/pagina-de-internet-educativ-sociala_4c9d38.png\",\"datePublished\":\"2018-02-07T20:03:00+02:00\",\"dateModified\":\"2022-02-10T10:17:26+02:00\",\"author\":{\"@id\":\"https:\/\/instytutpolski.pl\/bucuresti\/#\/schema\/person\/980fdccff6ea3f1cab069becadecca5b\"},\"breadcrumb\":{\"@id\":\"https:\/\/instytutpolski.pl\/bucuresti\/2018\/02\/07\/pagina-de-internet-educativ-sociala\/#breadcrumb\"},\"inLanguage\":\"pl-PL\",\"potentialAction\":[{\"@type\":\"ReadAction\",\"target\":[\"https:\/\/instytutpolski.pl\/bucuresti\/2018\/02\/07\/pagina-de-internet-educativ-sociala\/\"]}],\"@context\":\"https:\/\/schema.org\",\"startDate\":\"2018-02-07\",\"endDate\":\"2018-02-07\",\"eventStatus\":\"EventScheduled\",\"eventAttendanceMode\":\"OfflineEventAttendanceMode\",\"location\":{\"@type\":\"place\",\"name\":\"\",\"address\":\"\",\"geo\":{\"@type\":\"GeoCoordinates\",\"latitude\":\"\",\"longitude\":\"\"}},\"description\":\"Pentru a readuce \u00een memorie destinele victimelor, Radio-ul Polonez a creat o pagin\u0103 de internet educativ-social\u0103 (www.germandeathcamps.info) cu relat\u0103rile acestora \u00een trei limbi: englez\u0103, german\u0103 \u0219i polon\u0103. De asemenea, prin intermediul acestei pagini pot fi transmise amintiri la care institu\u021biile ce documenteaz\u0103 istoria nu au avut acces p\u00e2n\u0103 acum.\"},{\"@type\":\"ImageObject\",\"inLanguage\":\"pl-PL\",\"@id\":\"https:\/\/instytutpolski.pl\/bucuresti\/2018\/02\/07\/pagina-de-internet-educativ-sociala\/#primaryimage\",\"url\":\"https:\/\/instytutpolski.pl\/bucuresti\/wp-content\/uploads\/sites\/11\/2020\/05\/pagina-de-internet-educativ-sociala_4c9d38.png\",\"contentUrl\":\"https:\/\/instytutpolski.pl\/bucuresti\/wp-content\/uploads\/sites\/11\/2020\/05\/pagina-de-internet-educativ-sociala_4c9d38.png\",\"width\":660,\"height\":397},{\"@type\":\"BreadcrumbList\",\"@id\":\"https:\/\/instytutpolski.pl\/bucuresti\/2018\/02\/07\/pagina-de-internet-educativ-sociala\/#breadcrumb\",\"itemListElement\":[{\"@type\":\"ListItem\",\"position\":1,\"name\":\"Home\",\"item\":\"https:\/\/instytutpolski.pl\/bucuresti\/\"},{\"@type\":\"ListItem\",\"position\":2,\"name\":\"Pagin\u0103 de internet educativ-social\u0103\"}]},{\"@type\":\"WebSite\",\"@id\":\"https:\/\/instytutpolski.pl\/bucuresti\/#website\",\"url\":\"https:\/\/instytutpolski.pl\/bucuresti\/\",\"name\":\"Instytut Polski w Bukareszcie\",\"description\":\"Instytuty Polskie\",\"potentialAction\":[{\"@type\":\"SearchAction\",\"target\":{\"@type\":\"EntryPoint\",\"urlTemplate\":\"https:\/\/instytutpolski.pl\/bucuresti\/?s={search_term_string}\"},\"query-input\":{\"@type\":\"PropertyValueSpecification\",\"valueRequired\":true,\"valueName\":\"search_term_string\"}}],\"inLanguage\":\"pl-PL\"},{\"@type\":\"Person\",\"@id\":\"https:\/\/instytutpolski.pl\/bucuresti\/#\/schema\/person\/980fdccff6ea3f1cab069becadecca5b\",\"name\":\"rutkowskip\",\"image\":{\"@type\":\"ImageObject\",\"inLanguage\":\"pl-PL\",\"@id\":\"https:\/\/instytutpolski.pl\/bucuresti\/#\/schema\/person\/image\/\",\"url\":\"https:\/\/secure.gravatar.com\/avatar\/a44cb0329dc71f58530e0890a10f5e4d?s=96&d=mm&r=g\",\"contentUrl\":\"https:\/\/secure.gravatar.com\/avatar\/a44cb0329dc71f58530e0890a10f5e4d?s=96&d=mm&r=g\",\"caption\":\"rutkowskip\"},\"url\":\"https:\/\/instytutpolski.pl\/bucuresti\/author\/rutkowskip\/\"}]}<\/script>\n<!-- \/ Yoast SEO plugin. -->","yoast_head_json":{"title":"Pagin\u0103 de internet educativ-social\u0103 - Instytut Polski w Bukareszcie","robots":{"index":"index","follow":"follow","max-snippet":"max-snippet:-1","max-image-preview":"max-image-preview:large","max-video-preview":"max-video-preview:-1"},"canonical":"https:\/\/instytutpolski.pl\/bucuresti\/2018\/02\/07\/pagina-de-internet-educativ-sociala\/","og_locale":"pl_PL","og_type":"article","og_title":"Pagin\u0103 de internet educativ-social\u0103 - Instytut Polski w Bukareszcie","og_description":"Pentru a readuce \u00een memorie destinele victimelor, Radio-ul Polonez a creat o pagin\u0103 de internet educativ-social\u0103 (www.germandeathcamps.info) cu relat\u0103rile acestora \u00een trei limbi: englez\u0103, german\u0103 \u0219i polon\u0103. De asemenea, prin intermediul acestei pagini pot fi transmise amintiri la care institu\u021biile ce documenteaz\u0103 istoria nu au avut acces p\u00e2n\u0103 acum.","og_url":"https:\/\/instytutpolski.pl\/bucuresti\/2018\/02\/07\/pagina-de-internet-educativ-sociala\/","og_site_name":"Instytut Polski w Bukareszcie","article_published_time":"2018-02-07T20:03:00+00:00","article_modified_time":"2022-02-10T10:17:26+00:00","og_image":[{"width":660,"height":397,"url":"https:\/\/instytutpolski.pl\/bucuresti\/wp-content\/uploads\/sites\/11\/2020\/05\/pagina-de-internet-educativ-sociala_4c9d38.png","type":"image\/png"}],"author":"rutkowskip","twitter_card":"summary_large_image","twitter_misc":{"Napisane przez":"rutkowskip","Szacowany czas czytania":"1 minuta"},"schema":{"@context":"https:\/\/schema.org","@graph":[{"@type":"event","@id":"https:\/\/instytutpolski.pl\/bucuresti\/2018\/02\/07\/pagina-de-internet-educativ-sociala\/","url":"https:\/\/instytutpolski.pl\/bucuresti\/2018\/02\/07\/pagina-de-internet-educativ-sociala\/","name":"Pagin\u0103 de internet educativ-social\u0103","isPartOf":{"@id":"https:\/\/instytutpolski.pl\/bucuresti\/#website"},"primaryImageOfPage":{"@id":"https:\/\/instytutpolski.pl\/bucuresti\/2018\/02\/07\/pagina-de-internet-educativ-sociala\/#primaryimage"},"image":["https:\/\/instytutpolski.pl\/bucuresti\/wp-content\/uploads\/sites\/11\/2020\/05\/pagina-de-internet-educativ-sociala_4c9d38.png","https:\/\/instytutpolski.pl\/bucuresti\/wp-content\/uploads\/sites\/11\/2020\/05\/pagina-de-internet-educativ-sociala_4c9d38-300x180.png","https:\/\/instytutpolski.pl\/bucuresti\/wp-content\/uploads\/sites\/11\/2020\/05\/pagina-de-internet-educativ-sociala_4c9d38.png","https:\/\/instytutpolski.pl\/bucuresti\/wp-content\/uploads\/sites\/11\/2020\/05\/pagina-de-internet-educativ-sociala_4c9d38.png"],"thumbnailUrl":"https:\/\/instytutpolski.pl\/bucuresti\/wp-content\/uploads\/sites\/11\/2020\/05\/pagina-de-internet-educativ-sociala_4c9d38.png","datePublished":"2018-02-07T20:03:00+02:00","dateModified":"2022-02-10T10:17:26+02:00","author":{"@id":"https:\/\/instytutpolski.pl\/bucuresti\/#\/schema\/person\/980fdccff6ea3f1cab069becadecca5b"},"breadcrumb":{"@id":"https:\/\/instytutpolski.pl\/bucuresti\/2018\/02\/07\/pagina-de-internet-educativ-sociala\/#breadcrumb"},"inLanguage":"pl-PL","potentialAction":[{"@type":"ReadAction","target":["https:\/\/instytutpolski.pl\/bucuresti\/2018\/02\/07\/pagina-de-internet-educativ-sociala\/"]}],"@context":"https:\/\/schema.org","startDate":"2018-02-07","endDate":"2018-02-07","eventStatus":"EventScheduled","eventAttendanceMode":"OfflineEventAttendanceMode","location":{"@type":"place","name":"","address":"","geo":{"@type":"GeoCoordinates","latitude":"","longitude":""}},"description":"Pentru a readuce \u00een memorie destinele victimelor, Radio-ul Polonez a creat o pagin\u0103 de internet educativ-social\u0103 (www.germandeathcamps.info) cu relat\u0103rile acestora \u00een trei limbi: englez\u0103, german\u0103 \u0219i polon\u0103. De asemenea, prin intermediul acestei pagini pot fi transmise amintiri la care institu\u021biile ce documenteaz\u0103 istoria nu au avut acces p\u00e2n\u0103 acum."},{"@type":"ImageObject","inLanguage":"pl-PL","@id":"https:\/\/instytutpolski.pl\/bucuresti\/2018\/02\/07\/pagina-de-internet-educativ-sociala\/#primaryimage","url":"https:\/\/instytutpolski.pl\/bucuresti\/wp-content\/uploads\/sites\/11\/2020\/05\/pagina-de-internet-educativ-sociala_4c9d38.png","contentUrl":"https:\/\/instytutpolski.pl\/bucuresti\/wp-content\/uploads\/sites\/11\/2020\/05\/pagina-de-internet-educativ-sociala_4c9d38.png","width":660,"height":397},{"@type":"BreadcrumbList","@id":"https:\/\/instytutpolski.pl\/bucuresti\/2018\/02\/07\/pagina-de-internet-educativ-sociala\/#breadcrumb","itemListElement":[{"@type":"ListItem","position":1,"name":"Home","item":"https:\/\/instytutpolski.pl\/bucuresti\/"},{"@type":"ListItem","position":2,"name":"Pagin\u0103 de internet educativ-social\u0103"}]},{"@type":"WebSite","@id":"https:\/\/instytutpolski.pl\/bucuresti\/#website","url":"https:\/\/instytutpolski.pl\/bucuresti\/","name":"Instytut Polski w Bukareszcie","description":"Instytuty Polskie","potentialAction":[{"@type":"SearchAction","target":{"@type":"EntryPoint","urlTemplate":"https:\/\/instytutpolski.pl\/bucuresti\/?s={search_term_string}"},"query-input":{"@type":"PropertyValueSpecification","valueRequired":true,"valueName":"search_term_string"}}],"inLanguage":"pl-PL"},{"@type":"Person","@id":"https:\/\/instytutpolski.pl\/bucuresti\/#\/schema\/person\/980fdccff6ea3f1cab069becadecca5b","name":"rutkowskip","image":{"@type":"ImageObject","inLanguage":"pl-PL","@id":"https:\/\/instytutpolski.pl\/bucuresti\/#\/schema\/person\/image\/","url":"https:\/\/secure.gravatar.com\/avatar\/a44cb0329dc71f58530e0890a10f5e4d?s=96&d=mm&r=g","contentUrl":"https:\/\/secure.gravatar.com\/avatar\/a44cb0329dc71f58530e0890a10f5e4d?s=96&d=mm&r=g","caption":"rutkowskip"},"url":"https:\/\/instytutpolski.pl\/bucuresti\/author\/rutkowskip\/"}]}},"_links":{"self":[{"href":"https:\/\/instytutpolski.pl\/bucuresti\/wp-json\/wp\/v2\/posts\/2645","targetHints":{"allow":["GET"]}}],"collection":[{"href":"https:\/\/instytutpolski.pl\/bucuresti\/wp-json\/wp\/v2\/posts"}],"about":[{"href":"https:\/\/instytutpolski.pl\/bucuresti\/wp-json\/wp\/v2\/types\/post"}],"author":[{"embeddable":true,"href":"https:\/\/instytutpolski.pl\/bucuresti\/wp-json\/wp\/v2\/users\/42"}],"replies":[{"embeddable":true,"href":"https:\/\/instytutpolski.pl\/bucuresti\/wp-json\/wp\/v2\/comments?post=2645"}],"version-history":[{"count":2,"href":"https:\/\/instytutpolski.pl\/bucuresti\/wp-json\/wp\/v2\/posts\/2645\/revisions"}],"predecessor-version":[{"id":2648,"href":"https:\/\/instytutpolski.pl\/bucuresti\/wp-json\/wp\/v2\/posts\/2645\/revisions\/2648"}],"wp:featuredmedia":[{"embeddable":true,"href":"https:\/\/instytutpolski.pl\/bucuresti\/wp-json\/wp\/v2\/media\/2646"}],"wp:attachment":[{"href":"https:\/\/instytutpolski.pl\/bucuresti\/wp-json\/wp\/v2\/media?parent=2645"}],"wp:term":[{"taxonomy":"category","embeddable":true,"href":"https:\/\/instytutpolski.pl\/bucuresti\/wp-json\/wp\/v2\/categories?post=2645"},{"taxonomy":"post_tag","embeddable":true,"href":"https:\/\/instytutpolski.pl\/bucuresti\/wp-json\/wp\/v2\/tags?post=2645"}],"curies":[{"name":"wp","href":"https:\/\/api.w.org\/{rel}","templated":true}]}}