{"id":2673,"date":"2017-04-26T22:04:00","date_gmt":"2017-04-26T20:04:00","guid":{"rendered":"https:\/\/instytutpolski.pl\/bucuresti\/?p=2673"},"modified":"2020-05-29T22:09:36","modified_gmt":"2020-05-29T20:09:36","slug":"filmul-lui-wajda-la-festivalul-filmului-european","status":"publish","type":"post","link":"https:\/\/instytutpolski.pl\/bucuresti\/2017\/04\/26\/filmul-lui-wajda-la-festivalul-filmului-european\/","title":{"rendered":"Filmul lui Wajda la Festivalul Filmului European"},"content":{"rendered":"\n<p>10 mai, ora 20.30, Bucure\u0219ti &#8211; Cinema Elvire Popesco, bd. Dacia nr. 77<\/p>\n<p>13 mai, ora 18.45, Ia\u0219i &#8211; Casa de Cultur\u0103 \u201eMihai Ursachi\u201d, bd. Carol I, Parcul Copou<\/p>\n<p>20 mai, ora 18.45, T\u00e2rgu Mure\u0219 &#8211; Cinema Arta, Pia\u021ba Trandafirilor nr. 35-37<\/p>\n<p><strong>IMAGINEA DE APOI<\/strong>\u00a0\/ Powidoki \/ Afterimage<\/p>\n<p>2016, 98 min., biografie, dram\u0103, istoric<\/p>\n<p><strong>Regia:<\/strong>\u00a0Andrzej Wajda<\/p>\n<p><strong>Scenariul:\u00a0<\/strong>Andrzej Mularczyk, Andrzej Wajda<\/p>\n<p><strong>Cu:\u00a0<\/strong>Bogus\u0142aw Linda, Bronis\u0142awa Zamachowska, Zofia Wich\u0142acz, Tomasz W\u0142osok \u0219.a.<\/p>\n<p>Filmul este inspirat din biografia pictorului polonez W\u0142adys\u0142aw Strzemi\u0144ski (1893-1952), co-fondator \u0219i profesor al \u0218colii Na\u021bionale Superioare de Arte Plastice din \u0141\u00f3d\u017a. \u00cenf\u0103\u021bi\u0219eaz\u0103 perioada stalinist\u0103 \u00een Polonia, c\u00e2nd W\u0142adys\u0142aw Strzemi\u0144ski s-a opus doctrinei realismului socialist.<\/p>\n<p>\u201eImaginea de apoi\u201d a avut premiera mondial\u0103 anul trecut, \u00een septembrie, la Festivalul Interna\u021bional de Film de la Toronto, \u00een Canada, unde a fost prezentat la sec\u021biunea \u201eMae\u0219tri\u201d. \u00cen aceea\u0219i lun\u0103, filmul a fost prezentat \u00een cadrul prestigiosului Festival de Filme Poloneze din Gdynia, \u00een Polonia, ob\u021bin\u00e2nd premiul special al juriului. A fost ultima proiec\u021bie \u00een prezen\u021ba regizorului, care s-a stins din via\u021b\u0103 \u00een octombrie 2016.<\/p>\n<p>\u201eO completare esen\u021bial\u0103 la tragica istorie cultural\u0103 a epocii comuniste din Europa de Est \u0219i a calamit\u0103\u021bilor provocate de regimul totalitar.\u201d &#8211; Rotten Tomatoes<\/p>\n<p>\u201ePrin \u00abImaginea de apoi\u00bb, Maestrul Jedi al cinematografiei poloneze, Andrzej Wajda, se re\u00eentoarce la \u00eenc\u0103 un episod amar din istoria brutal\u0103 a patriei sale.\u201d &#8211; Hollywood Reporter<\/p>\n<p>https:\/\/www.youtube.com\/watch?v=6rfzPErD1C0&#038;feature=emb_logo<\/p>\n<p><strong>Andrzej Wajda\u00a0<\/strong>(1926-2016), absolvent al prestigioasei \u0218coli de Film din\u00a0\u0141\u00f3d\u017a, a fost un deschiz\u0103tor de drumuri \u00een cinematografia european\u0103 \u0219i unul dintre p\u0103rin\u021bii \u0219colii poloneze de film de dup\u0103 r\u0103zboi. Mul\u021bi ani considerat vocea genera\u021biei sale, a c\u00e2\u0219tigat un Palme d\u2019Or \u00een 1981, un premiu BAFTA \u00een 1984 \u015fi patru dintre filmele lui au fost nominalizate la Oscar la categoria \u201eCel mai bun film str\u0103in\u201d. A fost laureat pentru \u00eentreaga carier\u0103 la Oscar (1999), la Cannes (2011) \u0219i de dou\u0103 ori la Berlin (1996 &#8211; Ursul de Argint pentru contribu\u021bia artistic\u0103, 2006 &#8211; Ursul de Aur pentru \u00eentreaga carier\u0103). \u201eImaginea de apoi\u201d este ultimul s\u0103u film. S-a stins din via\u021b\u0103 \u00een octombrie 2016.<\/p>\n<p>\u00cen cadrul Festivalului Filmului European va fi prezentat \u0219i filmul \u201eToate aceste nop\u021bi nedormite\u201d \u00een regia lui Micha\u0142 Marczak. Proiec\u021biile vor avea loc pe 6 mai, la Bucure\u0219ti (ora 20.30, Centrul Ceh &#8211; str. Ion Ghica nr. 11) \u0219i pe 21 mai, la T\u00e2rgu Mure\u0219 (ora 17.00 &#8211; Cinema Arta, Pia\u021ba Trandafirilor nr. 33-35).<\/p>\n<p><strong>TOATE ACESTE NOP\u021aI NEDORMITE<\/strong>\u00a0\/ Wszystkie nieprzespane noce<\/p>\n<p>2016, 100 min., documentar, dram\u0103<\/p>\n<p><strong>Regia:<\/strong>\u00a0Micha\u0142 Marczak<\/p>\n<p><strong>Scenariul:<\/strong>\u00a0Micha\u0142 Marczak, Katarzyna Szczerba<\/p>\n<p><strong>Cu:<\/strong>\u00a0Krzysztof Bagi\u0144ski, Micha\u0142 Huszcza, Eva Lebuef \u0219.a.<\/p>\n<p>Micha\u0142 Marczak i-a \u00eent\u00e2lnit pe Krzysztof \u0219i Micha\u0142 la o petrecere \u00een Var\u0219ovia. Dup\u0103 trei luni \u00een care au \u021binut leg\u0103tura, regizorul a \u00eenceput s\u0103 \u00eei filmeze \u0219i a continuat s\u0103 o fac\u0103 timp de un an \u0219i jum\u0103tate. Practic, a \u00eenregistrat via\u021ba a doi b\u0103rba\u021bi \u00een devenire, pentru care noaptea \u0219i petrecerea nu se mai termin\u0103 niciodat\u0103. Fumeaz\u0103, se drogheaz\u0103, flirteaz\u0103 cu fete \u0219i sunt campioni la p\u0103l\u0103vr\u0103geal\u0103.<\/p>\n<p>\u201eRegizorul Micha\u0142 Marczak testeaz\u0103 limitele documentarului \u00een acest film care spune povestea a doi elevi afla\u021bi la limita dintre adolescen\u021b\u0103 \u0219i maturitate \u015fi \u00een care niciodat\u0103 nu este foarte clar dac\u0103 evenimentele au fost regizate sau chiar au avut loc.\u201d &#8211; International Documentary Film Festival, Amsterdam<\/p>\n<p>https:\/\/www.youtube.com\/watch?v=toRRACvGp60&#038;feature=emb_logo<\/p>\n<p>Programul complet al festivalului:<a href=\"http:\/\/ffe.ro\/2017\/\" target=\"_blank\" rel=\"noopener noreferrer\">\u00a0ffe.ro<\/a><\/p>\n<h4>Unde \u015fi c\u00e2nd?<\/h4>\n<ul class=\"iconized\">\n<li class=\"event-location\"><a class=\"map-locator\" title=\"Vezi harta\" href=\"https:\/\/maps.google.com\/?q=Bucure%C8%99ti%2C+Cinema+Elvire+Popesco\"><i class=\"fa fa-map-marker\"><\/i><b>\u00a0Bucure\u0219ti, Cinema Elvire Popesco <\/b><span class=\"period\">10-05-2017 (Ora 20:30)<\/span><\/a><\/li>\n\u00a0\n<li class=\"event-location\"><a class=\"map-locator\" title=\"Vezi harta\" href=\"https:\/\/maps.google.com\/?q=Ia%C8%99i%2C+Casa+de+Cultur%C4%83+%E2%80%9EMihai+Ursachi%E2%80%9D\"><i class=\"fa fa-map-marker\"><\/i><b>\u00a0Ia\u0219i, Casa de Cultur\u0103 \u201eMihai Ursachi\u201d <\/b><span class=\"period\">13-05-2017 (Ora 18:45)<\/span><\/a><\/li>\n\u00a0\n<li class=\"event-location\"><a class=\"map-locator\" title=\"Vezi harta\" href=\"https:\/\/maps.google.com\/?q=T%C3%A2rgu+Mure%C8%99%2C+Cinema+Arta\"><i class=\"fa fa-map-marker\"><\/i><b>\u00a0T\u00e2rgu Mure\u0219, Cinema Arta <\/b><span class=\"period\">20-05-2017 (Ora 18:45)<\/span><\/a><\/li>\n<\/ul>\n<h4 class=\"clearfix\">Bilete<\/h4>\n<p>Bucure\u0219ti &#8211; 10 lei, Ia\u0219i \u0219i Timi\u0219oara &#8211; intrare liber\u0103<\/p>\n","protected":false},"excerpt":{"rendered":"<p>10 mai, ora 20.30, Bucure\u0219ti &#8211; Cinema Elvire Popesco, bd. Dacia nr. 77 13 mai, ora 18.45, Ia\u0219i &#8211; Casa de Cultur\u0103 \u201eMihai Ursachi\u201d, bd. Carol I, Parcul Copou 20 mai, ora 18.45, T\u00e2rgu Mure\u0219 &#8211; Cinema Arta, Pia\u021ba Trandafirilor nr. 35-37 IMAGINEA DE APOI\u00a0\/ Powidoki \/ Afterimage 2016, 98 min., biografie, dram\u0103, istoric Regia:\u00a0Andrzej [&hellip;]<\/p>\n","protected":false},"author":42,"featured_media":2674,"comment_status":"open","ping_status":"open","sticky":false,"template":"","format":"standard","meta":{"inline_featured_image":false,"_monsterinsights_skip_tracking":false,"_monsterinsights_sitenote_active":false,"_monsterinsights_sitenote_note":"","_monsterinsights_sitenote_category":0,"footnotes":""},"categories":[18],"tags":[],"class_list":["post-2673","post","type-post","status-publish","format-standard","has-post-thumbnail","hentry","category-cinema"],"yoast_head":"<!-- This site is optimized with the Yoast SEO plugin v24.6 - https:\/\/yoast.com\/wordpress\/plugins\/seo\/ -->\n<title>Filmul lui Wajda la Festivalul Filmului European - Instytut Polski w Bukareszcie<\/title>\n<meta name=\"robots\" content=\"index, follow, max-snippet:-1, max-image-preview:large, max-video-preview:-1\" \/>\n<link rel=\"canonical\" href=\"https:\/\/instytutpolski.pl\/bucuresti\/2017\/04\/26\/filmul-lui-wajda-la-festivalul-filmului-european\/\" \/>\n<meta property=\"og:locale\" content=\"pl_PL\" \/>\n<meta property=\"og:type\" content=\"article\" \/>\n<meta property=\"og:title\" content=\"Filmul lui Wajda la Festivalul Filmului European - Instytut Polski w Bukareszcie\" \/>\n<meta property=\"og:description\" content=\"10 mai, ora 20.30, Bucure\u0219ti &#8211; Cinema Elvire Popesco, bd. Dacia nr. 77 13 mai, ora 18.45, Ia\u0219i &#8211; Casa de Cultur\u0103 \u201eMihai Ursachi\u201d, bd. Carol I, Parcul Copou 20 mai, ora 18.45, T\u00e2rgu Mure\u0219 &#8211; Cinema Arta, Pia\u021ba Trandafirilor nr. 35-37 IMAGINEA DE APOI\u00a0\/ Powidoki \/ Afterimage 2016, 98 min., biografie, dram\u0103, istoric Regia:\u00a0Andrzej [&hellip;]\" \/>\n<meta property=\"og:url\" content=\"https:\/\/instytutpolski.pl\/bucuresti\/2017\/04\/26\/filmul-lui-wajda-la-festivalul-filmului-european\/\" \/>\n<meta property=\"og:site_name\" content=\"Instytut Polski w Bukareszcie\" \/>\n<meta property=\"article:published_time\" content=\"2017-04-26T20:04:00+00:00\" \/>\n<meta property=\"article:modified_time\" content=\"2020-05-29T20:09:36+00:00\" \/>\n<meta property=\"og:image\" content=\"https:\/\/instytutpolski.pl\/bucuresti\/wp-content\/uploads\/sites\/11\/2020\/05\/andrzej-wajda-la-festivalul-filmului-european_80706c.jpg\" \/>\n\t<meta property=\"og:image:width\" content=\"660\" \/>\n\t<meta property=\"og:image:height\" content=\"441\" \/>\n\t<meta property=\"og:image:type\" content=\"image\/jpeg\" \/>\n<meta name=\"author\" content=\"rutkowskip\" \/>\n<meta name=\"twitter:card\" content=\"summary_large_image\" \/>\n<meta name=\"twitter:label1\" content=\"Napisane przez\" \/>\n\t<meta name=\"twitter:data1\" content=\"rutkowskip\" \/>\n\t<meta name=\"twitter:label2\" content=\"Szacowany czas czytania\" \/>\n\t<meta name=\"twitter:data2\" content=\"3 minuty\" \/>\n<script type=\"application\/ld+json\" class=\"yoast-schema-graph\">{\"@context\":\"https:\/\/schema.org\",\"@graph\":[{\"@type\":\"event\",\"@id\":\"https:\/\/instytutpolski.pl\/bucuresti\/2017\/04\/26\/filmul-lui-wajda-la-festivalul-filmului-european\/\",\"url\":\"https:\/\/instytutpolski.pl\/bucuresti\/2017\/04\/26\/filmul-lui-wajda-la-festivalul-filmului-european\/\",\"name\":\"Filmul lui Wajda la Festivalul Filmului European\",\"isPartOf\":{\"@id\":\"https:\/\/instytutpolski.pl\/bucuresti\/#website\"},\"primaryImageOfPage\":{\"@id\":\"https:\/\/instytutpolski.pl\/bucuresti\/2017\/04\/26\/filmul-lui-wajda-la-festivalul-filmului-european\/#primaryimage\"},\"image\":[\"https:\/\/instytutpolski.pl\/bucuresti\/wp-content\/uploads\/sites\/11\/2020\/05\/andrzej-wajda-la-festivalul-filmului-european_80706c.jpg\",\"https:\/\/instytutpolski.pl\/bucuresti\/wp-content\/uploads\/sites\/11\/2020\/05\/andrzej-wajda-la-festivalul-filmului-european_80706c-300x200.jpg\",\"https:\/\/instytutpolski.pl\/bucuresti\/wp-content\/uploads\/sites\/11\/2020\/05\/andrzej-wajda-la-festivalul-filmului-european_80706c.jpg\",\"https:\/\/instytutpolski.pl\/bucuresti\/wp-content\/uploads\/sites\/11\/2020\/05\/andrzej-wajda-la-festivalul-filmului-european_80706c.jpg\"],\"thumbnailUrl\":\"https:\/\/instytutpolski.pl\/bucuresti\/wp-content\/uploads\/sites\/11\/2020\/05\/andrzej-wajda-la-festivalul-filmului-european_80706c.jpg\",\"datePublished\":\"2017-04-26T20:04:00+02:00\",\"dateModified\":\"2020-05-29T20:09:36+02:00\",\"author\":{\"@id\":\"https:\/\/instytutpolski.pl\/bucuresti\/#\/schema\/person\/980fdccff6ea3f1cab069becadecca5b\"},\"breadcrumb\":{\"@id\":\"https:\/\/instytutpolski.pl\/bucuresti\/2017\/04\/26\/filmul-lui-wajda-la-festivalul-filmului-european\/#breadcrumb\"},\"inLanguage\":\"pl-PL\",\"potentialAction\":[{\"@type\":\"ReadAction\",\"target\":[\"https:\/\/instytutpolski.pl\/bucuresti\/2017\/04\/26\/filmul-lui-wajda-la-festivalul-filmului-european\/\"]}],\"@context\":\"https:\/\/schema.org\",\"startDate\":\"2020-05-10\",\"endDate\":\"2020-05-20\",\"eventStatus\":\"EventScheduled\",\"eventAttendanceMode\":\"OfflineEventAttendanceMode\",\"location\":{\"@type\":\"place\",\"name\":\"\",\"address\":\"\",\"geo\":{\"@type\":\"GeoCoordinates\",\"latitude\":\"\",\"longitude\":\"\"}},\"description\":\"10 mai, ora 20.30, Bucure\u0219ti - Cinema Elvire Popesco, bd. Dacia nr. 77\\n13 mai, ora 18.45, Ia\u0219i - Casa de Cultur\u0103 \u201eMihai Ursachi\u201d, bd. Carol I, Parcul Copou\\n20 mai, ora 18.45, T\u00e2rgu Mure\u0219 - Cinema Arta, Pia\u021ba Trandafirilor nr. 35-37\\nIMAGINEA DE APOI\u00a0\/ Powidoki \/ Afterimage\\n2016, 98 min., biografie, dram\u0103, istoric\\nRegia:\u00a0Andrzej Wajda\\nScenariul:\u00a0Andrzej Mularczyk, Andrzej Wajda\\nCu:\u00a0Bogus\u0142aw Linda, Bronis\u0142awa Zamachowska, Zofia Wich\u0142acz, Tomasz W\u0142osok \u0219.a.\\nFilmul este inspirat din biografia pictorului polonez W\u0142adys\u0142aw Strzemi\u0144ski (1893-1952), co-fondator \u0219i profesor al \u0218colii Na\u021bionale Superioare de Arte Plastice din \u0141\u00f3d\u017a. \u00cenf\u0103\u021bi\u0219eaz\u0103 perioada stalinist\u0103 \u00een Polonia, c\u00e2nd W\u0142adys\u0142aw Strzemi\u0144ski s-a opus doctrinei realismului socialist.\\n\u201eImaginea de apoi\u201d a avut premiera mondial\u0103 anul trecut, \u00een septembrie, la Festivalul Interna\u021bional de Film de la Toronto, \u00een Canada, unde a fost prezentat la sec\u021biunea \u201eMae\u0219tri\u201d. \u00cen aceea\u0219i lun\u0103, filmul a fost prezentat \u00een cadrul prestigiosului Festival de Filme Poloneze din Gdynia, \u00een Polonia, ob\u021bin\u00e2nd premiul special al juriului. A fost ultima proiec\u021bie \u00een prezen\u021ba regizorului, care s-a stins din via\u021b\u0103 \u00een octombrie 2016.\\n\u201eO completare esen\u021bial\u0103 la tragica istorie cultural\u0103 a epocii comuniste din Europa de Est \u0219i a calamit\u0103\u021bilor provocate de regimul totalitar.\u201d - Rotten Tomatoes\\n\u201ePrin \u00abImaginea de apoi\u00bb, Maestrul Jedi al cinematografiei poloneze, Andrzej Wajda, se re\u00eentoarce la \u00eenc\u0103 un episod amar din istoria brutal\u0103 a patriei sale.\u201d - Hollywood Reporter\\nhttps:\/\/www.youtube.com\/watch?v=6rfzPErD1C0&amp;feature=emb_logo\\nAndrzej Wajda\u00a0(1926-2016), absolvent al prestigioasei \u0218coli de Film din\u00a0\u0141\u00f3d\u017a, a fost un deschiz\u0103tor de drumuri \u00een cinematografia european\u0103 \u0219i unul dintre p\u0103rin\u021bii \u0219colii poloneze de film de dup\u0103 r\u0103zboi. Mul\u021bi ani considerat vocea genera\u021biei sale, a c\u00e2\u0219tigat un Palme d\u2019Or \u00een 1981, un premiu BAFTA \u00een 1984 \u015fi patru dintre filmele lui au fost nominalizate la Oscar la categoria \u201eCel mai bun film str\u0103in\u201d. A fost laureat pentru \u00eentreaga carier\u0103 la Oscar (1999), la Cannes (2011) \u0219i de dou\u0103 ori la Berlin (1996 - Ursul de Argint pentru contribu\u021bia artistic\u0103, 2006 - Ursul de Aur pentru \u00eentreaga carier\u0103). \u201eImaginea de apoi\u201d este ultimul s\u0103u film. S-a stins din via\u021b\u0103 \u00een octombrie 2016.\\n\u00cen cadrul Festivalului Filmului European va fi prezentat \u0219i filmul \u201eToate aceste nop\u021bi nedormite\u201d \u00een regia lui Micha\u0142 Marczak. Proiec\u021biile vor avea loc pe 6 mai, la Bucure\u0219ti (ora 20.30, Centrul Ceh - str. Ion Ghica nr. 11) \u0219i pe 21 mai, la T\u00e2rgu Mure\u0219 (ora 17.00 - Cinema Arta, Pia\u021ba Trandafirilor nr. 33-35).\\nTOATE ACESTE NOP\u021aI NEDORMITE\u00a0\/ Wszystkie nieprzespane noce\\n2016, 100 min., documentar, dram\u0103\\nRegia:\u00a0Micha\u0142 Marczak\\nScenariul:\u00a0Micha\u0142 Marczak, Katarzyna Szczerba\\nCu:\u00a0Krzysztof Bagi\u0144ski, Micha\u0142 Huszcza, Eva Lebuef \u0219.a.\\nMicha\u0142 Marczak i-a \u00eent\u00e2lnit pe Krzysztof \u0219i Micha\u0142 la o petrecere \u00een Var\u0219ovia. Dup\u0103 trei luni \u00een care au \u021binut leg\u0103tura, regizorul a \u00eenceput s\u0103 \u00eei filmeze \u0219i a continuat s\u0103 o fac\u0103 timp de un an \u0219i jum\u0103tate. Practic, a \u00eenregistrat via\u021ba a doi b\u0103rba\u021bi \u00een devenire, pentru care noaptea \u0219i petrecerea nu se mai termin\u0103 niciodat\u0103. Fumeaz\u0103, se drogheaz\u0103, flirteaz\u0103 cu fete \u0219i sunt campioni la p\u0103l\u0103vr\u0103geal\u0103.\\n\u201eRegizorul Micha\u0142 Marczak testeaz\u0103 limitele documentarului \u00een acest film care spune povestea a doi elevi afla\u021bi la limita dintre adolescen\u021b\u0103 \u0219i maturitate \u015fi \u00een care niciodat\u0103 nu este foarte clar dac\u0103 evenimentele au fost regizate sau chiar au avut loc.\u201d - International Documentary Film Festival, Amsterdam\\nhttps:\/\/www.youtube.com\/watch?v=toRRACvGp60&amp;feature=emb_logo\\nProgramul complet al festivalului:\u00a0ffe.ro\\nUnde \u015fi c\u00e2nd?\\n\u00a0Bucure\u0219ti, Cinema Elvire Popesco 10-05-2017 (Ora 20:30)\\n\u00a0\\n\u00a0Ia\u0219i, Casa de Cultur\u0103 \u201eMihai Ursachi\u201d 13-05-2017 (Ora 18:45)\\n\u00a0\\n\u00a0T\u00e2rgu Mure\u0219, Cinema Arta 20-05-2017 (Ora 18:45)\\nBilete\\nBucure\u0219ti - 10 lei, Ia\u0219i \u0219i Timi\u0219oara - intrare liber\u0103\"},{\"@type\":\"ImageObject\",\"inLanguage\":\"pl-PL\",\"@id\":\"https:\/\/instytutpolski.pl\/bucuresti\/2017\/04\/26\/filmul-lui-wajda-la-festivalul-filmului-european\/#primaryimage\",\"url\":\"https:\/\/instytutpolski.pl\/bucuresti\/wp-content\/uploads\/sites\/11\/2020\/05\/andrzej-wajda-la-festivalul-filmului-european_80706c.jpg\",\"contentUrl\":\"https:\/\/instytutpolski.pl\/bucuresti\/wp-content\/uploads\/sites\/11\/2020\/05\/andrzej-wajda-la-festivalul-filmului-european_80706c.jpg\",\"width\":660,\"height\":441},{\"@type\":\"BreadcrumbList\",\"@id\":\"https:\/\/instytutpolski.pl\/bucuresti\/2017\/04\/26\/filmul-lui-wajda-la-festivalul-filmului-european\/#breadcrumb\",\"itemListElement\":[{\"@type\":\"ListItem\",\"position\":1,\"name\":\"Home\",\"item\":\"https:\/\/instytutpolski.pl\/bucuresti\/\"},{\"@type\":\"ListItem\",\"position\":2,\"name\":\"Filmul lui Wajda la Festivalul Filmului European\"}]},{\"@type\":\"WebSite\",\"@id\":\"https:\/\/instytutpolski.pl\/bucuresti\/#website\",\"url\":\"https:\/\/instytutpolski.pl\/bucuresti\/\",\"name\":\"Instytut Polski w Bukareszcie\",\"description\":\"Instytuty Polskie\",\"potentialAction\":[{\"@type\":\"SearchAction\",\"target\":{\"@type\":\"EntryPoint\",\"urlTemplate\":\"https:\/\/instytutpolski.pl\/bucuresti\/?s={search_term_string}\"},\"query-input\":{\"@type\":\"PropertyValueSpecification\",\"valueRequired\":true,\"valueName\":\"search_term_string\"}}],\"inLanguage\":\"pl-PL\"},{\"@type\":\"Person\",\"@id\":\"https:\/\/instytutpolski.pl\/bucuresti\/#\/schema\/person\/980fdccff6ea3f1cab069becadecca5b\",\"name\":\"rutkowskip\",\"image\":{\"@type\":\"ImageObject\",\"inLanguage\":\"pl-PL\",\"@id\":\"https:\/\/instytutpolski.pl\/bucuresti\/#\/schema\/person\/image\/\",\"url\":\"https:\/\/secure.gravatar.com\/avatar\/a44cb0329dc71f58530e0890a10f5e4d?s=96&d=mm&r=g\",\"contentUrl\":\"https:\/\/secure.gravatar.com\/avatar\/a44cb0329dc71f58530e0890a10f5e4d?s=96&d=mm&r=g\",\"caption\":\"rutkowskip\"},\"url\":\"https:\/\/instytutpolski.pl\/bucuresti\/author\/rutkowskip\/\"}]}<\/script>\n<!-- \/ Yoast SEO plugin. -->","yoast_head_json":{"title":"Filmul lui Wajda la Festivalul Filmului European - Instytut Polski w Bukareszcie","robots":{"index":"index","follow":"follow","max-snippet":"max-snippet:-1","max-image-preview":"max-image-preview:large","max-video-preview":"max-video-preview:-1"},"canonical":"https:\/\/instytutpolski.pl\/bucuresti\/2017\/04\/26\/filmul-lui-wajda-la-festivalul-filmului-european\/","og_locale":"pl_PL","og_type":"article","og_title":"Filmul lui Wajda la Festivalul Filmului European - Instytut Polski w Bukareszcie","og_description":"10 mai, ora 20.30, Bucure\u0219ti &#8211; Cinema Elvire Popesco, bd. Dacia nr. 77 13 mai, ora 18.45, Ia\u0219i &#8211; Casa de Cultur\u0103 \u201eMihai Ursachi\u201d, bd. Carol I, Parcul Copou 20 mai, ora 18.45, T\u00e2rgu Mure\u0219 &#8211; Cinema Arta, Pia\u021ba Trandafirilor nr. 35-37 IMAGINEA DE APOI\u00a0\/ Powidoki \/ Afterimage 2016, 98 min., biografie, dram\u0103, istoric Regia:\u00a0Andrzej [&hellip;]","og_url":"https:\/\/instytutpolski.pl\/bucuresti\/2017\/04\/26\/filmul-lui-wajda-la-festivalul-filmului-european\/","og_site_name":"Instytut Polski w Bukareszcie","article_published_time":"2017-04-26T20:04:00+00:00","article_modified_time":"2020-05-29T20:09:36+00:00","og_image":[{"width":660,"height":441,"url":"https:\/\/instytutpolski.pl\/bucuresti\/wp-content\/uploads\/sites\/11\/2020\/05\/andrzej-wajda-la-festivalul-filmului-european_80706c.jpg","type":"image\/jpeg"}],"author":"rutkowskip","twitter_card":"summary_large_image","twitter_misc":{"Napisane przez":"rutkowskip","Szacowany czas czytania":"3 minuty"},"schema":{"@context":"https:\/\/schema.org","@graph":[{"@type":"event","@id":"https:\/\/instytutpolski.pl\/bucuresti\/2017\/04\/26\/filmul-lui-wajda-la-festivalul-filmului-european\/","url":"https:\/\/instytutpolski.pl\/bucuresti\/2017\/04\/26\/filmul-lui-wajda-la-festivalul-filmului-european\/","name":"Filmul lui Wajda la Festivalul Filmului European","isPartOf":{"@id":"https:\/\/instytutpolski.pl\/bucuresti\/#website"},"primaryImageOfPage":{"@id":"https:\/\/instytutpolski.pl\/bucuresti\/2017\/04\/26\/filmul-lui-wajda-la-festivalul-filmului-european\/#primaryimage"},"image":["https:\/\/instytutpolski.pl\/bucuresti\/wp-content\/uploads\/sites\/11\/2020\/05\/andrzej-wajda-la-festivalul-filmului-european_80706c.jpg","https:\/\/instytutpolski.pl\/bucuresti\/wp-content\/uploads\/sites\/11\/2020\/05\/andrzej-wajda-la-festivalul-filmului-european_80706c-300x200.jpg","https:\/\/instytutpolski.pl\/bucuresti\/wp-content\/uploads\/sites\/11\/2020\/05\/andrzej-wajda-la-festivalul-filmului-european_80706c.jpg","https:\/\/instytutpolski.pl\/bucuresti\/wp-content\/uploads\/sites\/11\/2020\/05\/andrzej-wajda-la-festivalul-filmului-european_80706c.jpg"],"thumbnailUrl":"https:\/\/instytutpolski.pl\/bucuresti\/wp-content\/uploads\/sites\/11\/2020\/05\/andrzej-wajda-la-festivalul-filmului-european_80706c.jpg","datePublished":"2017-04-26T20:04:00+02:00","dateModified":"2020-05-29T20:09:36+02:00","author":{"@id":"https:\/\/instytutpolski.pl\/bucuresti\/#\/schema\/person\/980fdccff6ea3f1cab069becadecca5b"},"breadcrumb":{"@id":"https:\/\/instytutpolski.pl\/bucuresti\/2017\/04\/26\/filmul-lui-wajda-la-festivalul-filmului-european\/#breadcrumb"},"inLanguage":"pl-PL","potentialAction":[{"@type":"ReadAction","target":["https:\/\/instytutpolski.pl\/bucuresti\/2017\/04\/26\/filmul-lui-wajda-la-festivalul-filmului-european\/"]}],"@context":"https:\/\/schema.org","startDate":"2020-05-10","endDate":"2020-05-20","eventStatus":"EventScheduled","eventAttendanceMode":"OfflineEventAttendanceMode","location":{"@type":"place","name":"","address":"","geo":{"@type":"GeoCoordinates","latitude":"","longitude":""}},"description":"10 mai, ora 20.30, Bucure\u0219ti - Cinema Elvire Popesco, bd. Dacia nr. 77\n13 mai, ora 18.45, Ia\u0219i - Casa de Cultur\u0103 \u201eMihai Ursachi\u201d, bd. Carol I, Parcul Copou\n20 mai, ora 18.45, T\u00e2rgu Mure\u0219 - Cinema Arta, Pia\u021ba Trandafirilor nr. 35-37\nIMAGINEA DE APOI\u00a0\/ Powidoki \/ Afterimage\n2016, 98 min., biografie, dram\u0103, istoric\nRegia:\u00a0Andrzej Wajda\nScenariul:\u00a0Andrzej Mularczyk, Andrzej Wajda\nCu:\u00a0Bogus\u0142aw Linda, Bronis\u0142awa Zamachowska, Zofia Wich\u0142acz, Tomasz W\u0142osok \u0219.a.\nFilmul este inspirat din biografia pictorului polonez W\u0142adys\u0142aw Strzemi\u0144ski (1893-1952), co-fondator \u0219i profesor al \u0218colii Na\u021bionale Superioare de Arte Plastice din \u0141\u00f3d\u017a. \u00cenf\u0103\u021bi\u0219eaz\u0103 perioada stalinist\u0103 \u00een Polonia, c\u00e2nd W\u0142adys\u0142aw Strzemi\u0144ski s-a opus doctrinei realismului socialist.\n\u201eImaginea de apoi\u201d a avut premiera mondial\u0103 anul trecut, \u00een septembrie, la Festivalul Interna\u021bional de Film de la Toronto, \u00een Canada, unde a fost prezentat la sec\u021biunea \u201eMae\u0219tri\u201d. \u00cen aceea\u0219i lun\u0103, filmul a fost prezentat \u00een cadrul prestigiosului Festival de Filme Poloneze din Gdynia, \u00een Polonia, ob\u021bin\u00e2nd premiul special al juriului. A fost ultima proiec\u021bie \u00een prezen\u021ba regizorului, care s-a stins din via\u021b\u0103 \u00een octombrie 2016.\n\u201eO completare esen\u021bial\u0103 la tragica istorie cultural\u0103 a epocii comuniste din Europa de Est \u0219i a calamit\u0103\u021bilor provocate de regimul totalitar.\u201d - Rotten Tomatoes\n\u201ePrin \u00abImaginea de apoi\u00bb, Maestrul Jedi al cinematografiei poloneze, Andrzej Wajda, se re\u00eentoarce la \u00eenc\u0103 un episod amar din istoria brutal\u0103 a patriei sale.\u201d - Hollywood Reporter\nhttps:\/\/www.youtube.com\/watch?v=6rfzPErD1C0&amp;feature=emb_logo\nAndrzej Wajda\u00a0(1926-2016), absolvent al prestigioasei \u0218coli de Film din\u00a0\u0141\u00f3d\u017a, a fost un deschiz\u0103tor de drumuri \u00een cinematografia european\u0103 \u0219i unul dintre p\u0103rin\u021bii \u0219colii poloneze de film de dup\u0103 r\u0103zboi. Mul\u021bi ani considerat vocea genera\u021biei sale, a c\u00e2\u0219tigat un Palme d\u2019Or \u00een 1981, un premiu BAFTA \u00een 1984 \u015fi patru dintre filmele lui au fost nominalizate la Oscar la categoria \u201eCel mai bun film str\u0103in\u201d. A fost laureat pentru \u00eentreaga carier\u0103 la Oscar (1999), la Cannes (2011) \u0219i de dou\u0103 ori la Berlin (1996 - Ursul de Argint pentru contribu\u021bia artistic\u0103, 2006 - Ursul de Aur pentru \u00eentreaga carier\u0103). \u201eImaginea de apoi\u201d este ultimul s\u0103u film. S-a stins din via\u021b\u0103 \u00een octombrie 2016.\n\u00cen cadrul Festivalului Filmului European va fi prezentat \u0219i filmul \u201eToate aceste nop\u021bi nedormite\u201d \u00een regia lui Micha\u0142 Marczak. Proiec\u021biile vor avea loc pe 6 mai, la Bucure\u0219ti (ora 20.30, Centrul Ceh - str. Ion Ghica nr. 11) \u0219i pe 21 mai, la T\u00e2rgu Mure\u0219 (ora 17.00 - Cinema Arta, Pia\u021ba Trandafirilor nr. 33-35).\nTOATE ACESTE NOP\u021aI NEDORMITE\u00a0\/ Wszystkie nieprzespane noce\n2016, 100 min., documentar, dram\u0103\nRegia:\u00a0Micha\u0142 Marczak\nScenariul:\u00a0Micha\u0142 Marczak, Katarzyna Szczerba\nCu:\u00a0Krzysztof Bagi\u0144ski, Micha\u0142 Huszcza, Eva Lebuef \u0219.a.\nMicha\u0142 Marczak i-a \u00eent\u00e2lnit pe Krzysztof \u0219i Micha\u0142 la o petrecere \u00een Var\u0219ovia. Dup\u0103 trei luni \u00een care au \u021binut leg\u0103tura, regizorul a \u00eenceput s\u0103 \u00eei filmeze \u0219i a continuat s\u0103 o fac\u0103 timp de un an \u0219i jum\u0103tate. Practic, a \u00eenregistrat via\u021ba a doi b\u0103rba\u021bi \u00een devenire, pentru care noaptea \u0219i petrecerea nu se mai termin\u0103 niciodat\u0103. Fumeaz\u0103, se drogheaz\u0103, flirteaz\u0103 cu fete \u0219i sunt campioni la p\u0103l\u0103vr\u0103geal\u0103.\n\u201eRegizorul Micha\u0142 Marczak testeaz\u0103 limitele documentarului \u00een acest film care spune povestea a doi elevi afla\u021bi la limita dintre adolescen\u021b\u0103 \u0219i maturitate \u015fi \u00een care niciodat\u0103 nu este foarte clar dac\u0103 evenimentele au fost regizate sau chiar au avut loc.\u201d - International Documentary Film Festival, Amsterdam\nhttps:\/\/www.youtube.com\/watch?v=toRRACvGp60&amp;feature=emb_logo\nProgramul complet al festivalului:\u00a0ffe.ro\nUnde \u015fi c\u00e2nd?\n\u00a0Bucure\u0219ti, Cinema Elvire Popesco 10-05-2017 (Ora 20:30)\n\u00a0\n\u00a0Ia\u0219i, Casa de Cultur\u0103 \u201eMihai Ursachi\u201d 13-05-2017 (Ora 18:45)\n\u00a0\n\u00a0T\u00e2rgu Mure\u0219, Cinema Arta 20-05-2017 (Ora 18:45)\nBilete\nBucure\u0219ti - 10 lei, Ia\u0219i \u0219i Timi\u0219oara - intrare liber\u0103"},{"@type":"ImageObject","inLanguage":"pl-PL","@id":"https:\/\/instytutpolski.pl\/bucuresti\/2017\/04\/26\/filmul-lui-wajda-la-festivalul-filmului-european\/#primaryimage","url":"https:\/\/instytutpolski.pl\/bucuresti\/wp-content\/uploads\/sites\/11\/2020\/05\/andrzej-wajda-la-festivalul-filmului-european_80706c.jpg","contentUrl":"https:\/\/instytutpolski.pl\/bucuresti\/wp-content\/uploads\/sites\/11\/2020\/05\/andrzej-wajda-la-festivalul-filmului-european_80706c.jpg","width":660,"height":441},{"@type":"BreadcrumbList","@id":"https:\/\/instytutpolski.pl\/bucuresti\/2017\/04\/26\/filmul-lui-wajda-la-festivalul-filmului-european\/#breadcrumb","itemListElement":[{"@type":"ListItem","position":1,"name":"Home","item":"https:\/\/instytutpolski.pl\/bucuresti\/"},{"@type":"ListItem","position":2,"name":"Filmul lui Wajda la Festivalul Filmului European"}]},{"@type":"WebSite","@id":"https:\/\/instytutpolski.pl\/bucuresti\/#website","url":"https:\/\/instytutpolski.pl\/bucuresti\/","name":"Instytut Polski w Bukareszcie","description":"Instytuty Polskie","potentialAction":[{"@type":"SearchAction","target":{"@type":"EntryPoint","urlTemplate":"https:\/\/instytutpolski.pl\/bucuresti\/?s={search_term_string}"},"query-input":{"@type":"PropertyValueSpecification","valueRequired":true,"valueName":"search_term_string"}}],"inLanguage":"pl-PL"},{"@type":"Person","@id":"https:\/\/instytutpolski.pl\/bucuresti\/#\/schema\/person\/980fdccff6ea3f1cab069becadecca5b","name":"rutkowskip","image":{"@type":"ImageObject","inLanguage":"pl-PL","@id":"https:\/\/instytutpolski.pl\/bucuresti\/#\/schema\/person\/image\/","url":"https:\/\/secure.gravatar.com\/avatar\/a44cb0329dc71f58530e0890a10f5e4d?s=96&d=mm&r=g","contentUrl":"https:\/\/secure.gravatar.com\/avatar\/a44cb0329dc71f58530e0890a10f5e4d?s=96&d=mm&r=g","caption":"rutkowskip"},"url":"https:\/\/instytutpolski.pl\/bucuresti\/author\/rutkowskip\/"}]}},"_links":{"self":[{"href":"https:\/\/instytutpolski.pl\/bucuresti\/wp-json\/wp\/v2\/posts\/2673","targetHints":{"allow":["GET"]}}],"collection":[{"href":"https:\/\/instytutpolski.pl\/bucuresti\/wp-json\/wp\/v2\/posts"}],"about":[{"href":"https:\/\/instytutpolski.pl\/bucuresti\/wp-json\/wp\/v2\/types\/post"}],"author":[{"embeddable":true,"href":"https:\/\/instytutpolski.pl\/bucuresti\/wp-json\/wp\/v2\/users\/42"}],"replies":[{"embeddable":true,"href":"https:\/\/instytutpolski.pl\/bucuresti\/wp-json\/wp\/v2\/comments?post=2673"}],"version-history":[{"count":5,"href":"https:\/\/instytutpolski.pl\/bucuresti\/wp-json\/wp\/v2\/posts\/2673\/revisions"}],"predecessor-version":[{"id":2679,"href":"https:\/\/instytutpolski.pl\/bucuresti\/wp-json\/wp\/v2\/posts\/2673\/revisions\/2679"}],"wp:featuredmedia":[{"embeddable":true,"href":"https:\/\/instytutpolski.pl\/bucuresti\/wp-json\/wp\/v2\/media\/2674"}],"wp:attachment":[{"href":"https:\/\/instytutpolski.pl\/bucuresti\/wp-json\/wp\/v2\/media?parent=2673"}],"wp:term":[{"taxonomy":"category","embeddable":true,"href":"https:\/\/instytutpolski.pl\/bucuresti\/wp-json\/wp\/v2\/categories?post=2673"},{"taxonomy":"post_tag","embeddable":true,"href":"https:\/\/instytutpolski.pl\/bucuresti\/wp-json\/wp\/v2\/tags?post=2673"}],"curies":[{"name":"wp","href":"https:\/\/api.w.org\/{rel}","templated":true}]}}