{"id":2842,"date":"2017-04-03T10:21:00","date_gmt":"2017-04-03T08:21:00","guid":{"rendered":"https:\/\/instytutpolski.pl\/bucuresti\/?p=2842"},"modified":"2020-06-02T10:24:41","modified_gmt":"2020-06-02T08:24:41","slug":"animatii-poloneze-la-timisoara","status":"publish","type":"post","link":"https:\/\/instytutpolski.pl\/bucuresti\/2017\/04\/03\/animatii-poloneze-la-timisoara\/","title":{"rendered":"Anima\u021bii poloneze la Timi\u0219oara"},"content":{"rendered":"\n<p>Programul O!PLA ACROSS THE BORDERS 2016 (97 min.), care va fi proiectat \u00een cadrul Cafekultour, prezint\u0103 laurea\u021bii celei de-a patra edi\u021bii a Festivalului Na\u021bional de Anima\u021bie Polonez\u0103 \u201eO!PLA\u201d, care s-a desf\u0103\u0219urat \u00een 69 ora\u0219e din Polonia \u00een perioada 21 martie-15 mai 2016. O!PLA ACROSS THE BORDERS 2016 cuprinde filme realizate \u00een studiouri profesioniste, anima\u021bii independente, filme studen\u021be\u0219ti, videoclipuri de anima\u021bie. Ini\u021biatorul \u0219i organizatorul principal al festivalului O!PLA este Asocia\u021bia Animation Across Borders din Polonia.<\/p>\n<p>O!PLA este mai \u00eenainte de toate o \u00eencercare de a ob\u021bine un contact \u0219i de a construi o rela\u021bie \u00eentre spectatorul polonez \u0219i anima\u021bia polonez\u0103 de autor, dar \u0219i de a promova, \u00een \u021bar\u0103 \u0219i \u00een str\u0103in\u0103tate, una dintre cele mai mari comori ale culturii poloneze \u2013 filmul de anima\u021bie, care continu\u0103 s\u0103 fie una dintre cele mai importante sfere ale artei poloneze. La baza O!PLA se afl\u0103 concursul na\u021bional al celor mai noi anima\u021bii poloneze pentru adul\u021bi, care este \u00eenso\u021bit de retrospective, proiec\u021bii de anima\u021bii pentru copii \u0219i tineri, ateliere de anima\u021bie, concerte, vernisaje. Ceea ce ofer\u0103 o not\u0103 distinct\u0103 Festivalului este faptul c\u0103 jurizarea este f\u0103cut\u0103 chiar de c\u0103tre publicul prezent la proiec\u021bii, ei fiind cei care aleg c\u00e2\u0219tig\u0103torii.<\/p>\n<p>9 aprilie, ora 19.00 &#8211; Casa Artelor, str. Augustin Pacha nr. 8<\/p>\n","protected":false},"excerpt":{"rendered":"<p>Programul O!PLA ACROSS THE BORDERS 2016 (97 min.), care va fi proiectat \u00een cadrul Cafekultour, prezint\u0103 laurea\u021bii celei de-a patra edi\u021bii a Festivalului Na\u021bional de Anima\u021bie Polonez\u0103 \u201eO!PLA\u201d, care s-a desf\u0103\u0219urat \u00een 69 ora\u0219e din Polonia \u00een perioada 21 martie-15 mai 2016. O!PLA ACROSS THE BORDERS 2016 cuprinde filme realizate \u00een studiouri profesioniste, anima\u021bii independente, [&hellip;]<\/p>\n","protected":false},"author":42,"featured_media":2843,"comment_status":"open","ping_status":"open","sticky":false,"template":"","format":"standard","meta":{"inline_featured_image":false,"_monsterinsights_skip_tracking":false,"_monsterinsights_sitenote_active":false,"_monsterinsights_sitenote_note":"","_monsterinsights_sitenote_category":0,"footnotes":""},"categories":[18],"tags":[],"class_list":["post-2842","post","type-post","status-publish","format-standard","has-post-thumbnail","hentry","category-cinema"],"yoast_head":"<!-- This site is optimized with the Yoast SEO plugin v24.6 - https:\/\/yoast.com\/wordpress\/plugins\/seo\/ -->\n<title>Anima\u021bii poloneze la Timi\u0219oara - Instytut Polski w Bukareszcie<\/title>\n<meta name=\"robots\" content=\"index, follow, max-snippet:-1, max-image-preview:large, max-video-preview:-1\" \/>\n<link rel=\"canonical\" href=\"https:\/\/instytutpolski.pl\/bucuresti\/2017\/04\/03\/animatii-poloneze-la-timisoara\/\" \/>\n<meta property=\"og:locale\" content=\"pl_PL\" \/>\n<meta property=\"og:type\" content=\"article\" \/>\n<meta property=\"og:title\" content=\"Anima\u021bii poloneze la Timi\u0219oara - Instytut Polski w Bukareszcie\" \/>\n<meta property=\"og:description\" content=\"Programul O!PLA ACROSS THE BORDERS 2016 (97 min.), care va fi proiectat \u00een cadrul Cafekultour, prezint\u0103 laurea\u021bii celei de-a patra edi\u021bii a Festivalului Na\u021bional de Anima\u021bie Polonez\u0103 \u201eO!PLA\u201d, care s-a desf\u0103\u0219urat \u00een 69 ora\u0219e din Polonia \u00een perioada 21 martie-15 mai 2016. O!PLA ACROSS THE BORDERS 2016 cuprinde filme realizate \u00een studiouri profesioniste, anima\u021bii independente, [&hellip;]\" \/>\n<meta property=\"og:url\" content=\"https:\/\/instytutpolski.pl\/bucuresti\/2017\/04\/03\/animatii-poloneze-la-timisoara\/\" \/>\n<meta property=\"og:site_name\" content=\"Instytut Polski w Bukareszcie\" \/>\n<meta property=\"article:published_time\" content=\"2017-04-03T08:21:00+00:00\" \/>\n<meta property=\"article:modified_time\" content=\"2020-06-02T08:24:41+00:00\" \/>\n<meta property=\"og:image\" content=\"https:\/\/instytutpolski.pl\/bucuresti\/wp-content\/uploads\/sites\/11\/2020\/06\/cafekultour-2017_d0e557.png\" \/>\n\t<meta property=\"og:image:width\" content=\"660\" \/>\n\t<meta property=\"og:image:height\" content=\"934\" \/>\n\t<meta property=\"og:image:type\" content=\"image\/png\" \/>\n<meta name=\"author\" content=\"rutkowskip\" \/>\n<meta name=\"twitter:card\" content=\"summary_large_image\" \/>\n<meta name=\"twitter:label1\" content=\"Napisane przez\" \/>\n\t<meta name=\"twitter:data1\" content=\"rutkowskip\" \/>\n\t<meta name=\"twitter:label2\" content=\"Szacowany czas czytania\" \/>\n\t<meta name=\"twitter:data2\" content=\"1 minuta\" \/>\n<script type=\"application\/ld+json\" class=\"yoast-schema-graph\">{\"@context\":\"https:\/\/schema.org\",\"@graph\":[{\"@type\":\"event\",\"@id\":\"https:\/\/instytutpolski.pl\/bucuresti\/2017\/04\/03\/animatii-poloneze-la-timisoara\/\",\"url\":\"https:\/\/instytutpolski.pl\/bucuresti\/2017\/04\/03\/animatii-poloneze-la-timisoara\/\",\"name\":\"Anima\u021bii poloneze la Timi\u0219oara\",\"isPartOf\":{\"@id\":\"https:\/\/instytutpolski.pl\/bucuresti\/#website\"},\"primaryImageOfPage\":{\"@id\":\"https:\/\/instytutpolski.pl\/bucuresti\/2017\/04\/03\/animatii-poloneze-la-timisoara\/#primaryimage\"},\"image\":[\"https:\/\/instytutpolski.pl\/bucuresti\/wp-content\/uploads\/sites\/11\/2020\/06\/cafekultour-2017_d0e557.png\",\"https:\/\/instytutpolski.pl\/bucuresti\/wp-content\/uploads\/sites\/11\/2020\/06\/cafekultour-2017_d0e557-212x300.png\",\"https:\/\/instytutpolski.pl\/bucuresti\/wp-content\/uploads\/sites\/11\/2020\/06\/cafekultour-2017_d0e557.png\",\"https:\/\/instytutpolski.pl\/bucuresti\/wp-content\/uploads\/sites\/11\/2020\/06\/cafekultour-2017_d0e557.png\"],\"thumbnailUrl\":\"https:\/\/instytutpolski.pl\/bucuresti\/wp-content\/uploads\/sites\/11\/2020\/06\/cafekultour-2017_d0e557.png\",\"datePublished\":\"2017-04-03T08:21:00+02:00\",\"dateModified\":\"2020-06-02T08:24:41+02:00\",\"author\":{\"@id\":\"https:\/\/instytutpolski.pl\/bucuresti\/#\/schema\/person\/980fdccff6ea3f1cab069becadecca5b\"},\"breadcrumb\":{\"@id\":\"https:\/\/instytutpolski.pl\/bucuresti\/2017\/04\/03\/animatii-poloneze-la-timisoara\/#breadcrumb\"},\"inLanguage\":\"pl-PL\",\"potentialAction\":[{\"@type\":\"ReadAction\",\"target\":[\"https:\/\/instytutpolski.pl\/bucuresti\/2017\/04\/03\/animatii-poloneze-la-timisoara\/\"]}],\"@context\":\"https:\/\/schema.org\",\"startDate\":\"2017-04-09\",\"endDate\":\"2017-04-09\",\"eventStatus\":\"EventScheduled\",\"eventAttendanceMode\":\"OfflineEventAttendanceMode\",\"location\":{\"@type\":\"place\",\"name\":\"\",\"address\":\"\",\"geo\":{\"@type\":\"GeoCoordinates\",\"latitude\":\"\",\"longitude\":\"\"}},\"description\":\"Programul O!PLA ACROSS THE BORDERS 2016 (97 min.), care va fi proiectat \u00een cadrul Cafekultour, prezint\u0103 laurea\u021bii celei de-a patra edi\u021bii a Festivalului Na\u021bional de Anima\u021bie Polonez\u0103 \u201eO!PLA\u201d, care s-a desf\u0103\u0219urat \u00een 69 ora\u0219e din Polonia \u00een perioada 21 martie-15 mai 2016. O!PLA ACROSS THE BORDERS 2016 cuprinde filme realizate \u00een studiouri profesioniste, anima\u021bii independente, filme studen\u021be\u0219ti, videoclipuri de anima\u021bie. Ini\u021biatorul \u0219i organizatorul principal al festivalului O!PLA este Asocia\u021bia Animation Across Borders din Polonia.\\nO!PLA este mai \u00eenainte de toate o \u00eencercare de a ob\u021bine un contact \u0219i de a construi o rela\u021bie \u00eentre spectatorul polonez \u0219i anima\u021bia polonez\u0103 de autor, dar \u0219i de a promova, \u00een \u021bar\u0103 \u0219i \u00een str\u0103in\u0103tate, una dintre cele mai mari comori ale culturii poloneze \u2013 filmul de anima\u021bie, care continu\u0103 s\u0103 fie una dintre cele mai importante sfere ale artei poloneze. La baza O!PLA se afl\u0103 concursul na\u021bional al celor mai noi anima\u021bii poloneze pentru adul\u021bi, care este \u00eenso\u021bit de retrospective, proiec\u021bii de anima\u021bii pentru copii \u0219i tineri, ateliere de anima\u021bie, concerte, vernisaje. Ceea ce ofer\u0103 o not\u0103 distinct\u0103 Festivalului este faptul c\u0103 jurizarea este f\u0103cut\u0103 chiar de c\u0103tre publicul prezent la proiec\u021bii, ei fiind cei care aleg c\u00e2\u0219tig\u0103torii.\\n9 aprilie, ora 19.00 - Casa Artelor, str. Augustin Pacha nr. 8\"},{\"@type\":\"ImageObject\",\"inLanguage\":\"pl-PL\",\"@id\":\"https:\/\/instytutpolski.pl\/bucuresti\/2017\/04\/03\/animatii-poloneze-la-timisoara\/#primaryimage\",\"url\":\"https:\/\/instytutpolski.pl\/bucuresti\/wp-content\/uploads\/sites\/11\/2020\/06\/cafekultour-2017_d0e557.png\",\"contentUrl\":\"https:\/\/instytutpolski.pl\/bucuresti\/wp-content\/uploads\/sites\/11\/2020\/06\/cafekultour-2017_d0e557.png\",\"width\":660,\"height\":934},{\"@type\":\"BreadcrumbList\",\"@id\":\"https:\/\/instytutpolski.pl\/bucuresti\/2017\/04\/03\/animatii-poloneze-la-timisoara\/#breadcrumb\",\"itemListElement\":[{\"@type\":\"ListItem\",\"position\":1,\"name\":\"Home\",\"item\":\"https:\/\/instytutpolski.pl\/bucuresti\/\"},{\"@type\":\"ListItem\",\"position\":2,\"name\":\"Anima\u021bii poloneze la Timi\u0219oara\"}]},{\"@type\":\"WebSite\",\"@id\":\"https:\/\/instytutpolski.pl\/bucuresti\/#website\",\"url\":\"https:\/\/instytutpolski.pl\/bucuresti\/\",\"name\":\"Instytut Polski w Bukareszcie\",\"description\":\"Instytuty Polskie\",\"potentialAction\":[{\"@type\":\"SearchAction\",\"target\":{\"@type\":\"EntryPoint\",\"urlTemplate\":\"https:\/\/instytutpolski.pl\/bucuresti\/?s={search_term_string}\"},\"query-input\":{\"@type\":\"PropertyValueSpecification\",\"valueRequired\":true,\"valueName\":\"search_term_string\"}}],\"inLanguage\":\"pl-PL\"},{\"@type\":\"Person\",\"@id\":\"https:\/\/instytutpolski.pl\/bucuresti\/#\/schema\/person\/980fdccff6ea3f1cab069becadecca5b\",\"name\":\"rutkowskip\",\"image\":{\"@type\":\"ImageObject\",\"inLanguage\":\"pl-PL\",\"@id\":\"https:\/\/instytutpolski.pl\/bucuresti\/#\/schema\/person\/image\/\",\"url\":\"https:\/\/secure.gravatar.com\/avatar\/a44cb0329dc71f58530e0890a10f5e4d?s=96&d=mm&r=g\",\"contentUrl\":\"https:\/\/secure.gravatar.com\/avatar\/a44cb0329dc71f58530e0890a10f5e4d?s=96&d=mm&r=g\",\"caption\":\"rutkowskip\"},\"url\":\"https:\/\/instytutpolski.pl\/bucuresti\/author\/rutkowskip\/\"}]}<\/script>\n<!-- \/ Yoast SEO plugin. -->","yoast_head_json":{"title":"Anima\u021bii poloneze la Timi\u0219oara - Instytut Polski w Bukareszcie","robots":{"index":"index","follow":"follow","max-snippet":"max-snippet:-1","max-image-preview":"max-image-preview:large","max-video-preview":"max-video-preview:-1"},"canonical":"https:\/\/instytutpolski.pl\/bucuresti\/2017\/04\/03\/animatii-poloneze-la-timisoara\/","og_locale":"pl_PL","og_type":"article","og_title":"Anima\u021bii poloneze la Timi\u0219oara - Instytut Polski w Bukareszcie","og_description":"Programul O!PLA ACROSS THE BORDERS 2016 (97 min.), care va fi proiectat \u00een cadrul Cafekultour, prezint\u0103 laurea\u021bii celei de-a patra edi\u021bii a Festivalului Na\u021bional de Anima\u021bie Polonez\u0103 \u201eO!PLA\u201d, care s-a desf\u0103\u0219urat \u00een 69 ora\u0219e din Polonia \u00een perioada 21 martie-15 mai 2016. O!PLA ACROSS THE BORDERS 2016 cuprinde filme realizate \u00een studiouri profesioniste, anima\u021bii independente, [&hellip;]","og_url":"https:\/\/instytutpolski.pl\/bucuresti\/2017\/04\/03\/animatii-poloneze-la-timisoara\/","og_site_name":"Instytut Polski w Bukareszcie","article_published_time":"2017-04-03T08:21:00+00:00","article_modified_time":"2020-06-02T08:24:41+00:00","og_image":[{"width":660,"height":934,"url":"https:\/\/instytutpolski.pl\/bucuresti\/wp-content\/uploads\/sites\/11\/2020\/06\/cafekultour-2017_d0e557.png","type":"image\/png"}],"author":"rutkowskip","twitter_card":"summary_large_image","twitter_misc":{"Napisane przez":"rutkowskip","Szacowany czas czytania":"1 minuta"},"schema":{"@context":"https:\/\/schema.org","@graph":[{"@type":"event","@id":"https:\/\/instytutpolski.pl\/bucuresti\/2017\/04\/03\/animatii-poloneze-la-timisoara\/","url":"https:\/\/instytutpolski.pl\/bucuresti\/2017\/04\/03\/animatii-poloneze-la-timisoara\/","name":"Anima\u021bii poloneze la Timi\u0219oara","isPartOf":{"@id":"https:\/\/instytutpolski.pl\/bucuresti\/#website"},"primaryImageOfPage":{"@id":"https:\/\/instytutpolski.pl\/bucuresti\/2017\/04\/03\/animatii-poloneze-la-timisoara\/#primaryimage"},"image":["https:\/\/instytutpolski.pl\/bucuresti\/wp-content\/uploads\/sites\/11\/2020\/06\/cafekultour-2017_d0e557.png","https:\/\/instytutpolski.pl\/bucuresti\/wp-content\/uploads\/sites\/11\/2020\/06\/cafekultour-2017_d0e557-212x300.png","https:\/\/instytutpolski.pl\/bucuresti\/wp-content\/uploads\/sites\/11\/2020\/06\/cafekultour-2017_d0e557.png","https:\/\/instytutpolski.pl\/bucuresti\/wp-content\/uploads\/sites\/11\/2020\/06\/cafekultour-2017_d0e557.png"],"thumbnailUrl":"https:\/\/instytutpolski.pl\/bucuresti\/wp-content\/uploads\/sites\/11\/2020\/06\/cafekultour-2017_d0e557.png","datePublished":"2017-04-03T08:21:00+02:00","dateModified":"2020-06-02T08:24:41+02:00","author":{"@id":"https:\/\/instytutpolski.pl\/bucuresti\/#\/schema\/person\/980fdccff6ea3f1cab069becadecca5b"},"breadcrumb":{"@id":"https:\/\/instytutpolski.pl\/bucuresti\/2017\/04\/03\/animatii-poloneze-la-timisoara\/#breadcrumb"},"inLanguage":"pl-PL","potentialAction":[{"@type":"ReadAction","target":["https:\/\/instytutpolski.pl\/bucuresti\/2017\/04\/03\/animatii-poloneze-la-timisoara\/"]}],"@context":"https:\/\/schema.org","startDate":"2017-04-09","endDate":"2017-04-09","eventStatus":"EventScheduled","eventAttendanceMode":"OfflineEventAttendanceMode","location":{"@type":"place","name":"","address":"","geo":{"@type":"GeoCoordinates","latitude":"","longitude":""}},"description":"Programul O!PLA ACROSS THE BORDERS 2016 (97 min.), care va fi proiectat \u00een cadrul Cafekultour, prezint\u0103 laurea\u021bii celei de-a patra edi\u021bii a Festivalului Na\u021bional de Anima\u021bie Polonez\u0103 \u201eO!PLA\u201d, care s-a desf\u0103\u0219urat \u00een 69 ora\u0219e din Polonia \u00een perioada 21 martie-15 mai 2016. O!PLA ACROSS THE BORDERS 2016 cuprinde filme realizate \u00een studiouri profesioniste, anima\u021bii independente, filme studen\u021be\u0219ti, videoclipuri de anima\u021bie. Ini\u021biatorul \u0219i organizatorul principal al festivalului O!PLA este Asocia\u021bia Animation Across Borders din Polonia.\nO!PLA este mai \u00eenainte de toate o \u00eencercare de a ob\u021bine un contact \u0219i de a construi o rela\u021bie \u00eentre spectatorul polonez \u0219i anima\u021bia polonez\u0103 de autor, dar \u0219i de a promova, \u00een \u021bar\u0103 \u0219i \u00een str\u0103in\u0103tate, una dintre cele mai mari comori ale culturii poloneze \u2013 filmul de anima\u021bie, care continu\u0103 s\u0103 fie una dintre cele mai importante sfere ale artei poloneze. La baza O!PLA se afl\u0103 concursul na\u021bional al celor mai noi anima\u021bii poloneze pentru adul\u021bi, care este \u00eenso\u021bit de retrospective, proiec\u021bii de anima\u021bii pentru copii \u0219i tineri, ateliere de anima\u021bie, concerte, vernisaje. Ceea ce ofer\u0103 o not\u0103 distinct\u0103 Festivalului este faptul c\u0103 jurizarea este f\u0103cut\u0103 chiar de c\u0103tre publicul prezent la proiec\u021bii, ei fiind cei care aleg c\u00e2\u0219tig\u0103torii.\n9 aprilie, ora 19.00 - Casa Artelor, str. Augustin Pacha nr. 8"},{"@type":"ImageObject","inLanguage":"pl-PL","@id":"https:\/\/instytutpolski.pl\/bucuresti\/2017\/04\/03\/animatii-poloneze-la-timisoara\/#primaryimage","url":"https:\/\/instytutpolski.pl\/bucuresti\/wp-content\/uploads\/sites\/11\/2020\/06\/cafekultour-2017_d0e557.png","contentUrl":"https:\/\/instytutpolski.pl\/bucuresti\/wp-content\/uploads\/sites\/11\/2020\/06\/cafekultour-2017_d0e557.png","width":660,"height":934},{"@type":"BreadcrumbList","@id":"https:\/\/instytutpolski.pl\/bucuresti\/2017\/04\/03\/animatii-poloneze-la-timisoara\/#breadcrumb","itemListElement":[{"@type":"ListItem","position":1,"name":"Home","item":"https:\/\/instytutpolski.pl\/bucuresti\/"},{"@type":"ListItem","position":2,"name":"Anima\u021bii poloneze la Timi\u0219oara"}]},{"@type":"WebSite","@id":"https:\/\/instytutpolski.pl\/bucuresti\/#website","url":"https:\/\/instytutpolski.pl\/bucuresti\/","name":"Instytut Polski w Bukareszcie","description":"Instytuty Polskie","potentialAction":[{"@type":"SearchAction","target":{"@type":"EntryPoint","urlTemplate":"https:\/\/instytutpolski.pl\/bucuresti\/?s={search_term_string}"},"query-input":{"@type":"PropertyValueSpecification","valueRequired":true,"valueName":"search_term_string"}}],"inLanguage":"pl-PL"},{"@type":"Person","@id":"https:\/\/instytutpolski.pl\/bucuresti\/#\/schema\/person\/980fdccff6ea3f1cab069becadecca5b","name":"rutkowskip","image":{"@type":"ImageObject","inLanguage":"pl-PL","@id":"https:\/\/instytutpolski.pl\/bucuresti\/#\/schema\/person\/image\/","url":"https:\/\/secure.gravatar.com\/avatar\/a44cb0329dc71f58530e0890a10f5e4d?s=96&d=mm&r=g","contentUrl":"https:\/\/secure.gravatar.com\/avatar\/a44cb0329dc71f58530e0890a10f5e4d?s=96&d=mm&r=g","caption":"rutkowskip"},"url":"https:\/\/instytutpolski.pl\/bucuresti\/author\/rutkowskip\/"}]}},"_links":{"self":[{"href":"https:\/\/instytutpolski.pl\/bucuresti\/wp-json\/wp\/v2\/posts\/2842","targetHints":{"allow":["GET"]}}],"collection":[{"href":"https:\/\/instytutpolski.pl\/bucuresti\/wp-json\/wp\/v2\/posts"}],"about":[{"href":"https:\/\/instytutpolski.pl\/bucuresti\/wp-json\/wp\/v2\/types\/post"}],"author":[{"embeddable":true,"href":"https:\/\/instytutpolski.pl\/bucuresti\/wp-json\/wp\/v2\/users\/42"}],"replies":[{"embeddable":true,"href":"https:\/\/instytutpolski.pl\/bucuresti\/wp-json\/wp\/v2\/comments?post=2842"}],"version-history":[{"count":3,"href":"https:\/\/instytutpolski.pl\/bucuresti\/wp-json\/wp\/v2\/posts\/2842\/revisions"}],"predecessor-version":[{"id":2846,"href":"https:\/\/instytutpolski.pl\/bucuresti\/wp-json\/wp\/v2\/posts\/2842\/revisions\/2846"}],"wp:featuredmedia":[{"embeddable":true,"href":"https:\/\/instytutpolski.pl\/bucuresti\/wp-json\/wp\/v2\/media\/2843"}],"wp:attachment":[{"href":"https:\/\/instytutpolski.pl\/bucuresti\/wp-json\/wp\/v2\/media?parent=2842"}],"wp:term":[{"taxonomy":"category","embeddable":true,"href":"https:\/\/instytutpolski.pl\/bucuresti\/wp-json\/wp\/v2\/categories?post=2842"},{"taxonomy":"post_tag","embeddable":true,"href":"https:\/\/instytutpolski.pl\/bucuresti\/wp-json\/wp\/v2\/tags?post=2842"}],"curies":[{"name":"wp","href":"https:\/\/api.w.org\/{rel}","templated":true}]}}