{"id":2913,"date":"2017-12-08T11:00:00","date_gmt":"2017-12-08T10:00:00","guid":{"rendered":"https:\/\/instytutpolski.pl\/bucuresti\/?p=2913"},"modified":"2020-06-02T11:04:03","modified_gmt":"2020-06-02T09:04:03","slug":"despre-cercetasii-polonezi-in-bucovina","status":"publish","type":"post","link":"https:\/\/instytutpolski.pl\/bucuresti\/2017\/12\/08\/despre-cercetasii-polonezi-in-bucovina\/","title":{"rendered":"Despre cerceta\u0219ii polonezi \u00een Bucovina"},"content":{"rendered":"\n<p>Expozi\u021bia acord\u0103 o aten\u021bie deosebit\u0103 particip\u0103rii cerceta\u0219ilor la evenimente importante pentru istoria \u0219i independen\u021ba Poloniei. De asemenea, ea este un element al anivers\u0103rii \u00een anul 2018 a 100 de ani de la c\u00e2\u0219tigarea independen\u021bei de c\u0103tre Polonia. Prin intermediul expozi\u021biei putem afla, printre altele, despre includerea cerceta\u0219ilor polonezi \u00een legiuni, despre lupta lor \u00een cadrul R\u00e2ndurilor Cenu\u0219ii sau despre influen\u021ba educa\u021biei cercet\u0103\u0219e\u0219ti asupra genera\u021bii \u00eentregi de tineri polonezi, la baza c\u0103reia se afl\u0103 valori precum patriotismul, tov\u0103r\u0103\u0219ia, prietenia, serviciul \u00een folosul celorlal\u021bi, credin\u021ba, munca, corectitudinea, libertatea \u0219i pacea.<\/p>\n<p>&#8211; Ne-am dorit foarte mult ca expozi\u021bia s\u0103 prezinte \u0219i rela\u021biile dintre cerceta\u0219ii polonezi \u0219i rom\u00e2ni. \u00cenc\u0103 din perioada interbelic\u0103 ele au fost foarte str\u00e2nse.\u00a0Merit\u0103 s\u0103 amintim despre ele &#8211; \u00a0a subliniat Agnieszka Skieterska, directorul Institutului Polonez din Bucure\u0219ti, una dintre cele 24 astfel de institu\u021bii din lume subordonate Ministerului polonez al Afacerilor Externe. Institutul Polonez este ini\u021biatorul expozi\u021biei \u0219i cel care a finan\u021bat realizarea acesteia.<\/p>\n<p>&#8211; Datorit\u0103 accesului la colec\u021biile Muzeului Cercet\u0103\u0219iei ZHP, Arhivei Na\u021bionale Digitale din Polonia \u0219i Asocia\u021biei Cerceta\u0219ilor Tradi\u021bionali din Rom\u00e2nia am putut prelua fotografii \u0219i publica\u021bii unicat care prezint\u0103 pagini ale acestei istorii comune a cerceta\u0219ilor. Am g\u0103sit, de exemplu, o fotografie din anul 1937 cu regele Mihai I printre cerceta\u0219ii polonezi &#8211; a ad\u0103ugat doamna director Skieterska. &#8211; Expozi\u021bia este completat\u0103 de un num\u0103r special al revistei rom\u00e2ne\u0219ti de cercet\u0103\u0219ie, din anul 1936, dedicat \u00een \u00eentregime cercet\u0103\u0219iei poloneze. Revista a fost retip\u0103rit\u0103 \u0219i \u00eenso\u021be\u0219te expozi\u021bia, care este totodat\u0103 un preambul al anivers\u0103rii a 100 de ani de la Rena\u0219terea Statului Polonez \u0219i Centenarul Marii Unirii a Rom\u00e2niei, care vor fi s\u0103rb\u0103torite \u00een anul 2018 &#8211; a declarat doamna director Skieterska.<\/p>\n<p>Expozi\u021bia poate fi vizitat\u0103 la Muzeul Bucovinei din Suceava (str. \u0218tefan cel Mare nr. 33) de mar\u021bi p\u00e2n\u0103 duminic\u0103, \u00eentre orele 10.00-18.00. Mai multe informa\u021bii despre muzeu pot fi g\u0103site pe pagina<a href=\"https:\/\/muzeulbucovinei.ro\/\" target=\"_blank\" rel=\"noopener noreferrer\">\u00a0muzeulbucovinei.ro.<\/a><\/p>\n","protected":false},"excerpt":{"rendered":"<p>Expozi\u021bia acord\u0103 o aten\u021bie deosebit\u0103 particip\u0103rii cerceta\u0219ilor la evenimente importante pentru istoria \u0219i independen\u021ba Poloniei. De asemenea, ea este un element al anivers\u0103rii \u00een anul 2018 a 100 de ani de la c\u00e2\u0219tigarea independen\u021bei de c\u0103tre Polonia. Prin intermediul expozi\u021biei putem afla, printre altele, despre includerea cerceta\u0219ilor polonezi \u00een legiuni, despre lupta lor \u00een cadrul [&hellip;]<\/p>\n","protected":false},"author":42,"featured_media":2919,"comment_status":"open","ping_status":"open","sticky":false,"template":"","format":"standard","meta":{"inline_featured_image":false,"_monsterinsights_skip_tracking":false,"_monsterinsights_sitenote_active":false,"_monsterinsights_sitenote_note":"","_monsterinsights_sitenote_category":0,"footnotes":""},"categories":[14],"tags":[],"class_list":["post-2913","post","type-post","status-publish","format-standard","has-post-thumbnail","hentry","category-istorie"],"yoast_head":"<!-- This site is optimized with the Yoast SEO plugin v24.6 - https:\/\/yoast.com\/wordpress\/plugins\/seo\/ -->\n<title>Despre cerceta\u0219ii polonezi \u00een Bucovina - Instytut Polski w Bukareszcie<\/title>\n<meta name=\"robots\" content=\"index, follow, max-snippet:-1, max-image-preview:large, max-video-preview:-1\" \/>\n<link rel=\"canonical\" href=\"https:\/\/instytutpolski.pl\/bucuresti\/2017\/12\/08\/despre-cercetasii-polonezi-in-bucovina\/\" \/>\n<meta property=\"og:locale\" content=\"pl_PL\" \/>\n<meta property=\"og:type\" content=\"article\" \/>\n<meta property=\"og:title\" content=\"Despre cerceta\u0219ii polonezi \u00een Bucovina - Instytut Polski w Bukareszcie\" \/>\n<meta property=\"og:description\" content=\"Expozi\u021bia acord\u0103 o aten\u021bie deosebit\u0103 particip\u0103rii cerceta\u0219ilor la evenimente importante pentru istoria \u0219i independen\u021ba Poloniei. De asemenea, ea este un element al anivers\u0103rii \u00een anul 2018 a 100 de ani de la c\u00e2\u0219tigarea independen\u021bei de c\u0103tre Polonia. Prin intermediul expozi\u021biei putem afla, printre altele, despre includerea cerceta\u0219ilor polonezi \u00een legiuni, despre lupta lor \u00een cadrul [&hellip;]\" \/>\n<meta property=\"og:url\" content=\"https:\/\/instytutpolski.pl\/bucuresti\/2017\/12\/08\/despre-cercetasii-polonezi-in-bucovina\/\" \/>\n<meta property=\"og:site_name\" content=\"Instytut Polski w Bukareszcie\" \/>\n<meta property=\"article:published_time\" content=\"2017-12-08T10:00:00+00:00\" \/>\n<meta property=\"article:modified_time\" content=\"2020-06-02T09:04:03+00:00\" \/>\n<meta property=\"og:image\" content=\"https:\/\/instytutpolski.pl\/bucuresti\/wp-content\/uploads\/sites\/11\/2020\/06\/despre-cercetasii-polonezi-in-bucovina_ce2208.jpg\" \/>\n\t<meta property=\"og:image:width\" content=\"660\" \/>\n\t<meta property=\"og:image:height\" content=\"438\" \/>\n\t<meta property=\"og:image:type\" content=\"image\/jpeg\" \/>\n<meta name=\"author\" content=\"rutkowskip\" \/>\n<meta name=\"twitter:card\" content=\"summary_large_image\" \/>\n<meta name=\"twitter:label1\" content=\"Napisane przez\" \/>\n\t<meta name=\"twitter:data1\" content=\"rutkowskip\" \/>\n\t<meta name=\"twitter:label2\" content=\"Szacowany czas czytania\" \/>\n\t<meta name=\"twitter:data2\" content=\"2 minuty\" \/>\n<script type=\"application\/ld+json\" class=\"yoast-schema-graph\">{\"@context\":\"https:\/\/schema.org\",\"@graph\":[{\"@type\":\"event\",\"@id\":\"https:\/\/instytutpolski.pl\/bucuresti\/2017\/12\/08\/despre-cercetasii-polonezi-in-bucovina\/\",\"url\":\"https:\/\/instytutpolski.pl\/bucuresti\/2017\/12\/08\/despre-cercetasii-polonezi-in-bucovina\/\",\"name\":\"Despre cerceta\u0219ii polonezi \u00een Bucovina\",\"isPartOf\":{\"@id\":\"https:\/\/instytutpolski.pl\/bucuresti\/#website\"},\"primaryImageOfPage\":{\"@id\":\"https:\/\/instytutpolski.pl\/bucuresti\/2017\/12\/08\/despre-cercetasii-polonezi-in-bucovina\/#primaryimage\"},\"image\":[\"https:\/\/instytutpolski.pl\/bucuresti\/wp-content\/uploads\/sites\/11\/2020\/06\/despre-cercetasii-polonezi-in-bucovina_ce2208.jpg\",\"https:\/\/instytutpolski.pl\/bucuresti\/wp-content\/uploads\/sites\/11\/2020\/06\/despre-cercetasii-polonezi-in-bucovina_ce2208-300x199.jpg\",\"https:\/\/instytutpolski.pl\/bucuresti\/wp-content\/uploads\/sites\/11\/2020\/06\/despre-cercetasii-polonezi-in-bucovina_ce2208.jpg\",\"https:\/\/instytutpolski.pl\/bucuresti\/wp-content\/uploads\/sites\/11\/2020\/06\/despre-cercetasii-polonezi-in-bucovina_ce2208.jpg\"],\"thumbnailUrl\":\"https:\/\/instytutpolski.pl\/bucuresti\/wp-content\/uploads\/sites\/11\/2020\/06\/despre-cercetasii-polonezi-in-bucovina_ce2208.jpg\",\"datePublished\":\"2017-12-08T10:00:00+02:00\",\"dateModified\":\"2020-06-02T09:04:03+02:00\",\"author\":{\"@id\":\"https:\/\/instytutpolski.pl\/bucuresti\/#\/schema\/person\/980fdccff6ea3f1cab069becadecca5b\"},\"breadcrumb\":{\"@id\":\"https:\/\/instytutpolski.pl\/bucuresti\/2017\/12\/08\/despre-cercetasii-polonezi-in-bucovina\/#breadcrumb\"},\"inLanguage\":\"pl-PL\",\"potentialAction\":[{\"@type\":\"ReadAction\",\"target\":[\"https:\/\/instytutpolski.pl\/bucuresti\/2017\/12\/08\/despre-cercetasii-polonezi-in-bucovina\/\"]}],\"@context\":\"https:\/\/schema.org\",\"startDate\":\"2017-12-08\",\"endDate\":\"2018-01-26\",\"eventStatus\":\"EventScheduled\",\"eventAttendanceMode\":\"OfflineEventAttendanceMode\",\"location\":{\"@type\":\"place\",\"name\":\"\",\"address\":\"\",\"geo\":{\"@type\":\"GeoCoordinates\",\"latitude\":\"\",\"longitude\":\"\"}},\"description\":\"Expozi\u021bia acord\u0103 o aten\u021bie deosebit\u0103 particip\u0103rii cerceta\u0219ilor la evenimente importante pentru istoria \u0219i independen\u021ba Poloniei. De asemenea, ea este un element al anivers\u0103rii \u00een anul 2018 a 100 de ani de la c\u00e2\u0219tigarea independen\u021bei de c\u0103tre Polonia. Prin intermediul expozi\u021biei putem afla, printre altele, despre includerea cerceta\u0219ilor polonezi \u00een legiuni, despre lupta lor \u00een cadrul R\u00e2ndurilor Cenu\u0219ii sau despre influen\u021ba educa\u021biei cercet\u0103\u0219e\u0219ti asupra genera\u021bii \u00eentregi de tineri polonezi, la baza c\u0103reia se afl\u0103 valori precum patriotismul, tov\u0103r\u0103\u0219ia, prietenia, serviciul \u00een folosul celorlal\u021bi, credin\u021ba, munca, corectitudinea, libertatea \u0219i pacea.\\n- Ne-am dorit foarte mult ca expozi\u021bia s\u0103 prezinte \u0219i rela\u021biile dintre cerceta\u0219ii polonezi \u0219i rom\u00e2ni. \u00cenc\u0103 din perioada interbelic\u0103 ele au fost foarte str\u00e2nse.\u00a0Merit\u0103 s\u0103 amintim despre ele - \u00a0a subliniat Agnieszka Skieterska, directorul Institutului Polonez din Bucure\u0219ti, una dintre cele 24 astfel de institu\u021bii din lume subordonate Ministerului polonez al Afacerilor Externe. Institutul Polonez este ini\u021biatorul expozi\u021biei \u0219i cel care a finan\u021bat realizarea acesteia.\\n- Datorit\u0103 accesului la colec\u021biile Muzeului Cercet\u0103\u0219iei ZHP, Arhivei Na\u021bionale Digitale din Polonia \u0219i Asocia\u021biei Cerceta\u0219ilor Tradi\u021bionali din Rom\u00e2nia am putut prelua fotografii \u0219i publica\u021bii unicat care prezint\u0103 pagini ale acestei istorii comune a cerceta\u0219ilor. Am g\u0103sit, de exemplu, o fotografie din anul 1937 cu regele Mihai I printre cerceta\u0219ii polonezi - a ad\u0103ugat doamna director Skieterska. - Expozi\u021bia este completat\u0103 de un num\u0103r special al revistei rom\u00e2ne\u0219ti de cercet\u0103\u0219ie, din anul 1936, dedicat \u00een \u00eentregime cercet\u0103\u0219iei poloneze. Revista a fost retip\u0103rit\u0103 \u0219i \u00eenso\u021be\u0219te expozi\u021bia, care este totodat\u0103 un preambul al anivers\u0103rii a 100 de ani de la Rena\u0219terea Statului Polonez \u0219i Centenarul Marii Unirii a Rom\u00e2niei, care vor fi s\u0103rb\u0103torite \u00een anul 2018 - a declarat doamna director Skieterska.\\nExpozi\u021bia poate fi vizitat\u0103 la Muzeul Bucovinei din Suceava (str. \u0218tefan cel Mare nr. 33) de mar\u021bi p\u00e2n\u0103 duminic\u0103, \u00eentre orele 10.00-18.00. Mai multe informa\u021bii despre muzeu pot fi g\u0103site pe pagina\u00a0muzeulbucovinei.ro.\"},{\"@type\":\"ImageObject\",\"inLanguage\":\"pl-PL\",\"@id\":\"https:\/\/instytutpolski.pl\/bucuresti\/2017\/12\/08\/despre-cercetasii-polonezi-in-bucovina\/#primaryimage\",\"url\":\"https:\/\/instytutpolski.pl\/bucuresti\/wp-content\/uploads\/sites\/11\/2020\/06\/despre-cercetasii-polonezi-in-bucovina_ce2208.jpg\",\"contentUrl\":\"https:\/\/instytutpolski.pl\/bucuresti\/wp-content\/uploads\/sites\/11\/2020\/06\/despre-cercetasii-polonezi-in-bucovina_ce2208.jpg\",\"width\":660,\"height\":438},{\"@type\":\"BreadcrumbList\",\"@id\":\"https:\/\/instytutpolski.pl\/bucuresti\/2017\/12\/08\/despre-cercetasii-polonezi-in-bucovina\/#breadcrumb\",\"itemListElement\":[{\"@type\":\"ListItem\",\"position\":1,\"name\":\"Home\",\"item\":\"https:\/\/instytutpolski.pl\/bucuresti\/\"},{\"@type\":\"ListItem\",\"position\":2,\"name\":\"Despre cerceta\u0219ii polonezi \u00een Bucovina\"}]},{\"@type\":\"WebSite\",\"@id\":\"https:\/\/instytutpolski.pl\/bucuresti\/#website\",\"url\":\"https:\/\/instytutpolski.pl\/bucuresti\/\",\"name\":\"Instytut Polski w Bukareszcie\",\"description\":\"Instytuty Polskie\",\"potentialAction\":[{\"@type\":\"SearchAction\",\"target\":{\"@type\":\"EntryPoint\",\"urlTemplate\":\"https:\/\/instytutpolski.pl\/bucuresti\/?s={search_term_string}\"},\"query-input\":{\"@type\":\"PropertyValueSpecification\",\"valueRequired\":true,\"valueName\":\"search_term_string\"}}],\"inLanguage\":\"pl-PL\"},{\"@type\":\"Person\",\"@id\":\"https:\/\/instytutpolski.pl\/bucuresti\/#\/schema\/person\/980fdccff6ea3f1cab069becadecca5b\",\"name\":\"rutkowskip\",\"image\":{\"@type\":\"ImageObject\",\"inLanguage\":\"pl-PL\",\"@id\":\"https:\/\/instytutpolski.pl\/bucuresti\/#\/schema\/person\/image\/\",\"url\":\"https:\/\/secure.gravatar.com\/avatar\/a44cb0329dc71f58530e0890a10f5e4d?s=96&d=mm&r=g\",\"contentUrl\":\"https:\/\/secure.gravatar.com\/avatar\/a44cb0329dc71f58530e0890a10f5e4d?s=96&d=mm&r=g\",\"caption\":\"rutkowskip\"},\"url\":\"https:\/\/instytutpolski.pl\/bucuresti\/author\/rutkowskip\/\"}]}<\/script>\n<!-- \/ Yoast SEO plugin. -->","yoast_head_json":{"title":"Despre cerceta\u0219ii polonezi \u00een Bucovina - Instytut Polski w Bukareszcie","robots":{"index":"index","follow":"follow","max-snippet":"max-snippet:-1","max-image-preview":"max-image-preview:large","max-video-preview":"max-video-preview:-1"},"canonical":"https:\/\/instytutpolski.pl\/bucuresti\/2017\/12\/08\/despre-cercetasii-polonezi-in-bucovina\/","og_locale":"pl_PL","og_type":"article","og_title":"Despre cerceta\u0219ii polonezi \u00een Bucovina - Instytut Polski w Bukareszcie","og_description":"Expozi\u021bia acord\u0103 o aten\u021bie deosebit\u0103 particip\u0103rii cerceta\u0219ilor la evenimente importante pentru istoria \u0219i independen\u021ba Poloniei. De asemenea, ea este un element al anivers\u0103rii \u00een anul 2018 a 100 de ani de la c\u00e2\u0219tigarea independen\u021bei de c\u0103tre Polonia. Prin intermediul expozi\u021biei putem afla, printre altele, despre includerea cerceta\u0219ilor polonezi \u00een legiuni, despre lupta lor \u00een cadrul [&hellip;]","og_url":"https:\/\/instytutpolski.pl\/bucuresti\/2017\/12\/08\/despre-cercetasii-polonezi-in-bucovina\/","og_site_name":"Instytut Polski w Bukareszcie","article_published_time":"2017-12-08T10:00:00+00:00","article_modified_time":"2020-06-02T09:04:03+00:00","og_image":[{"width":660,"height":438,"url":"https:\/\/instytutpolski.pl\/bucuresti\/wp-content\/uploads\/sites\/11\/2020\/06\/despre-cercetasii-polonezi-in-bucovina_ce2208.jpg","type":"image\/jpeg"}],"author":"rutkowskip","twitter_card":"summary_large_image","twitter_misc":{"Napisane przez":"rutkowskip","Szacowany czas czytania":"2 minuty"},"schema":{"@context":"https:\/\/schema.org","@graph":[{"@type":"event","@id":"https:\/\/instytutpolski.pl\/bucuresti\/2017\/12\/08\/despre-cercetasii-polonezi-in-bucovina\/","url":"https:\/\/instytutpolski.pl\/bucuresti\/2017\/12\/08\/despre-cercetasii-polonezi-in-bucovina\/","name":"Despre cerceta\u0219ii polonezi \u00een Bucovina","isPartOf":{"@id":"https:\/\/instytutpolski.pl\/bucuresti\/#website"},"primaryImageOfPage":{"@id":"https:\/\/instytutpolski.pl\/bucuresti\/2017\/12\/08\/despre-cercetasii-polonezi-in-bucovina\/#primaryimage"},"image":["https:\/\/instytutpolski.pl\/bucuresti\/wp-content\/uploads\/sites\/11\/2020\/06\/despre-cercetasii-polonezi-in-bucovina_ce2208.jpg","https:\/\/instytutpolski.pl\/bucuresti\/wp-content\/uploads\/sites\/11\/2020\/06\/despre-cercetasii-polonezi-in-bucovina_ce2208-300x199.jpg","https:\/\/instytutpolski.pl\/bucuresti\/wp-content\/uploads\/sites\/11\/2020\/06\/despre-cercetasii-polonezi-in-bucovina_ce2208.jpg","https:\/\/instytutpolski.pl\/bucuresti\/wp-content\/uploads\/sites\/11\/2020\/06\/despre-cercetasii-polonezi-in-bucovina_ce2208.jpg"],"thumbnailUrl":"https:\/\/instytutpolski.pl\/bucuresti\/wp-content\/uploads\/sites\/11\/2020\/06\/despre-cercetasii-polonezi-in-bucovina_ce2208.jpg","datePublished":"2017-12-08T10:00:00+02:00","dateModified":"2020-06-02T09:04:03+02:00","author":{"@id":"https:\/\/instytutpolski.pl\/bucuresti\/#\/schema\/person\/980fdccff6ea3f1cab069becadecca5b"},"breadcrumb":{"@id":"https:\/\/instytutpolski.pl\/bucuresti\/2017\/12\/08\/despre-cercetasii-polonezi-in-bucovina\/#breadcrumb"},"inLanguage":"pl-PL","potentialAction":[{"@type":"ReadAction","target":["https:\/\/instytutpolski.pl\/bucuresti\/2017\/12\/08\/despre-cercetasii-polonezi-in-bucovina\/"]}],"@context":"https:\/\/schema.org","startDate":"2017-12-08","endDate":"2018-01-26","eventStatus":"EventScheduled","eventAttendanceMode":"OfflineEventAttendanceMode","location":{"@type":"place","name":"","address":"","geo":{"@type":"GeoCoordinates","latitude":"","longitude":""}},"description":"Expozi\u021bia acord\u0103 o aten\u021bie deosebit\u0103 particip\u0103rii cerceta\u0219ilor la evenimente importante pentru istoria \u0219i independen\u021ba Poloniei. De asemenea, ea este un element al anivers\u0103rii \u00een anul 2018 a 100 de ani de la c\u00e2\u0219tigarea independen\u021bei de c\u0103tre Polonia. Prin intermediul expozi\u021biei putem afla, printre altele, despre includerea cerceta\u0219ilor polonezi \u00een legiuni, despre lupta lor \u00een cadrul R\u00e2ndurilor Cenu\u0219ii sau despre influen\u021ba educa\u021biei cercet\u0103\u0219e\u0219ti asupra genera\u021bii \u00eentregi de tineri polonezi, la baza c\u0103reia se afl\u0103 valori precum patriotismul, tov\u0103r\u0103\u0219ia, prietenia, serviciul \u00een folosul celorlal\u021bi, credin\u021ba, munca, corectitudinea, libertatea \u0219i pacea.\n- Ne-am dorit foarte mult ca expozi\u021bia s\u0103 prezinte \u0219i rela\u021biile dintre cerceta\u0219ii polonezi \u0219i rom\u00e2ni. \u00cenc\u0103 din perioada interbelic\u0103 ele au fost foarte str\u00e2nse.\u00a0Merit\u0103 s\u0103 amintim despre ele - \u00a0a subliniat Agnieszka Skieterska, directorul Institutului Polonez din Bucure\u0219ti, una dintre cele 24 astfel de institu\u021bii din lume subordonate Ministerului polonez al Afacerilor Externe. Institutul Polonez este ini\u021biatorul expozi\u021biei \u0219i cel care a finan\u021bat realizarea acesteia.\n- Datorit\u0103 accesului la colec\u021biile Muzeului Cercet\u0103\u0219iei ZHP, Arhivei Na\u021bionale Digitale din Polonia \u0219i Asocia\u021biei Cerceta\u0219ilor Tradi\u021bionali din Rom\u00e2nia am putut prelua fotografii \u0219i publica\u021bii unicat care prezint\u0103 pagini ale acestei istorii comune a cerceta\u0219ilor. Am g\u0103sit, de exemplu, o fotografie din anul 1937 cu regele Mihai I printre cerceta\u0219ii polonezi - a ad\u0103ugat doamna director Skieterska. - Expozi\u021bia este completat\u0103 de un num\u0103r special al revistei rom\u00e2ne\u0219ti de cercet\u0103\u0219ie, din anul 1936, dedicat \u00een \u00eentregime cercet\u0103\u0219iei poloneze. Revista a fost retip\u0103rit\u0103 \u0219i \u00eenso\u021be\u0219te expozi\u021bia, care este totodat\u0103 un preambul al anivers\u0103rii a 100 de ani de la Rena\u0219terea Statului Polonez \u0219i Centenarul Marii Unirii a Rom\u00e2niei, care vor fi s\u0103rb\u0103torite \u00een anul 2018 - a declarat doamna director Skieterska.\nExpozi\u021bia poate fi vizitat\u0103 la Muzeul Bucovinei din Suceava (str. \u0218tefan cel Mare nr. 33) de mar\u021bi p\u00e2n\u0103 duminic\u0103, \u00eentre orele 10.00-18.00. Mai multe informa\u021bii despre muzeu pot fi g\u0103site pe pagina\u00a0muzeulbucovinei.ro."},{"@type":"ImageObject","inLanguage":"pl-PL","@id":"https:\/\/instytutpolski.pl\/bucuresti\/2017\/12\/08\/despre-cercetasii-polonezi-in-bucovina\/#primaryimage","url":"https:\/\/instytutpolski.pl\/bucuresti\/wp-content\/uploads\/sites\/11\/2020\/06\/despre-cercetasii-polonezi-in-bucovina_ce2208.jpg","contentUrl":"https:\/\/instytutpolski.pl\/bucuresti\/wp-content\/uploads\/sites\/11\/2020\/06\/despre-cercetasii-polonezi-in-bucovina_ce2208.jpg","width":660,"height":438},{"@type":"BreadcrumbList","@id":"https:\/\/instytutpolski.pl\/bucuresti\/2017\/12\/08\/despre-cercetasii-polonezi-in-bucovina\/#breadcrumb","itemListElement":[{"@type":"ListItem","position":1,"name":"Home","item":"https:\/\/instytutpolski.pl\/bucuresti\/"},{"@type":"ListItem","position":2,"name":"Despre cerceta\u0219ii polonezi \u00een Bucovina"}]},{"@type":"WebSite","@id":"https:\/\/instytutpolski.pl\/bucuresti\/#website","url":"https:\/\/instytutpolski.pl\/bucuresti\/","name":"Instytut Polski w Bukareszcie","description":"Instytuty Polskie","potentialAction":[{"@type":"SearchAction","target":{"@type":"EntryPoint","urlTemplate":"https:\/\/instytutpolski.pl\/bucuresti\/?s={search_term_string}"},"query-input":{"@type":"PropertyValueSpecification","valueRequired":true,"valueName":"search_term_string"}}],"inLanguage":"pl-PL"},{"@type":"Person","@id":"https:\/\/instytutpolski.pl\/bucuresti\/#\/schema\/person\/980fdccff6ea3f1cab069becadecca5b","name":"rutkowskip","image":{"@type":"ImageObject","inLanguage":"pl-PL","@id":"https:\/\/instytutpolski.pl\/bucuresti\/#\/schema\/person\/image\/","url":"https:\/\/secure.gravatar.com\/avatar\/a44cb0329dc71f58530e0890a10f5e4d?s=96&d=mm&r=g","contentUrl":"https:\/\/secure.gravatar.com\/avatar\/a44cb0329dc71f58530e0890a10f5e4d?s=96&d=mm&r=g","caption":"rutkowskip"},"url":"https:\/\/instytutpolski.pl\/bucuresti\/author\/rutkowskip\/"}]}},"_links":{"self":[{"href":"https:\/\/instytutpolski.pl\/bucuresti\/wp-json\/wp\/v2\/posts\/2913","targetHints":{"allow":["GET"]}}],"collection":[{"href":"https:\/\/instytutpolski.pl\/bucuresti\/wp-json\/wp\/v2\/posts"}],"about":[{"href":"https:\/\/instytutpolski.pl\/bucuresti\/wp-json\/wp\/v2\/types\/post"}],"author":[{"embeddable":true,"href":"https:\/\/instytutpolski.pl\/bucuresti\/wp-json\/wp\/v2\/users\/42"}],"replies":[{"embeddable":true,"href":"https:\/\/instytutpolski.pl\/bucuresti\/wp-json\/wp\/v2\/comments?post=2913"}],"version-history":[{"count":3,"href":"https:\/\/instytutpolski.pl\/bucuresti\/wp-json\/wp\/v2\/posts\/2913\/revisions"}],"predecessor-version":[{"id":2922,"href":"https:\/\/instytutpolski.pl\/bucuresti\/wp-json\/wp\/v2\/posts\/2913\/revisions\/2922"}],"wp:featuredmedia":[{"embeddable":true,"href":"https:\/\/instytutpolski.pl\/bucuresti\/wp-json\/wp\/v2\/media\/2919"}],"wp:attachment":[{"href":"https:\/\/instytutpolski.pl\/bucuresti\/wp-json\/wp\/v2\/media?parent=2913"}],"wp:term":[{"taxonomy":"category","embeddable":true,"href":"https:\/\/instytutpolski.pl\/bucuresti\/wp-json\/wp\/v2\/categories?post=2913"},{"taxonomy":"post_tag","embeddable":true,"href":"https:\/\/instytutpolski.pl\/bucuresti\/wp-json\/wp\/v2\/tags?post=2913"}],"curies":[{"name":"wp","href":"https:\/\/api.w.org\/{rel}","templated":true}]}}