{"id":2980,"date":"2015-08-15T12:10:00","date_gmt":"2015-08-15T10:10:00","guid":{"rendered":"https:\/\/instytutpolski.pl\/bucuresti\/?p=2980"},"modified":"2020-06-02T12:16:20","modified_gmt":"2020-06-02T10:16:20","slug":"festiwal-chopin-i-jego-europa","status":"publish","type":"post","link":"https:\/\/instytutpolski.pl\/bucuresti\/pl\/2015\/08\/15\/festiwal-chopin-i-jego-europa\/","title":{"rendered":"Festiwal CHOPIN I JEGO EUROPA"},"content":{"rendered":"\n<p>Tegoroczna edycja wzorem lat ubieg\u0142ych spojrzy z otwarto\u015bci\u0105 i zaciekawieniem na wiek XIX, by umo\u017cliwi\u0107 odczucie jego dziedzictwa i roli, jak\u0105 odegra\u0142 w nim patron Festiwalu. Nie pominie jednak i wcze\u015bniejszych tw\u00f3rc\u00f3w, z kt\u00f3rych romantyzm wyrasta\u0142, widz\u0105c w nich niejednokrotnie swoje wzorce. Przybli\u017cy tak\u017ce tw\u00f3rczo\u015b\u0107 p\u00f3\u017aniejszych kompozytor\u00f3w \u2013 spadkobierc\u00f3w romantycznej tradycji. Tradycyjnie te\u017c podkre\u015bli znaczenie jubileuszy, kt\u00f3re ca\u0142y muzyczny \u015bwiat obchodzi w tym roku: Piotra Czajkowskiego, Alexandra Skriabina i Jana Sibeliusa.<br \/><br \/>W\u015br\u00f3d wykonawc\u00f3w pojawi\u0105 si\u0119 orkiestry z Moskwy, Londynu, Freiburga i Warszawy, laureaci konkurs\u00f3w chopinowskich, w tym triumfatorzy z ostatniej jego edycji \u2013 ale r\u00f3wnie\u017c inni muzycy o wielkiej mi\u0119dzynarodowej s\u0142awie, jak Alexandre Tharaud, Sergej Krylov, Louis Lortie, Nelson Freire, Andreas Staier, Nikolai Lugansky, Jan Lisiecki, Ivo Pogorelic, Truls Mork, Matthias Goerne, Sol Gobetta i Bertrand Chamayou.<\/p>\n<p>Wyst\u0105pi sensacyjny kwartet Apollon Musagete, zaplanowane s\u0105 r\u00f3wnie\u017c dwa koncerty Tobiasa Kocha \u2013 pianisty, kt\u00f3ry podbi\u0142 serca meloman\u00f3w interpretacjami muzyki polskiej.<br \/>I tym razem wykona on muzyk\u0119 czas\u00f3w chopinowskich na co najmniej 3 fortepianach; nie zapomni tak\u017ce o Michale Kleofasie Ogi\u0144skim \u2013 wybitnym tw\u00f3rcy wiele znacz\u0105cym co najmniej dla 3 narod\u00f3w.<\/p>\n<p>Za sensacj\u0119 uzna\u0107 mo\u017cna koncerty zar\u00f3wno Rosyjskiej Orkiestry Narodowej pod dyrekcj\u0105 Mikhaila Pletneva, kt\u00f3ra wykona m.in. Symfoni\u0119 \u201ePolsk\u0105\u201d Piotra Czajkowskiego, Koncert skrzypcowy Henryka Wieniawskiego i Symfoni\u0119 \u201eOdrodzenie\u201d Mieczys\u0142awa Kar\u0142owicza \u2013 jak i wyst\u0119py jednej z najlepszych europejskich orkiestr: Philharmonia Orchestra z Londynu pod dyrekcja Vladimira Ashkenazego, kt\u00f3ry poprowadzi opr\u00f3cz Polonii Elgara, II Symfoni\u0119 Sibeliusa oraz Koncert fortepianowy Paderewskiego z solist\u0105 Dang Thai Sonem \u2013 zwyci\u0119zc\u0105 Konkursu Chopinowskiego w roku 1980, kt\u00f3ry zagra na fortepianie, b\u0119d\u0105cym niegdy\u015b w\u0142asno\u015bci\u0105 kompozytora.<\/p>\n<p>Do punkt\u00f3w kulminacyjnych Festiwalu nale\u017ce\u0107 b\u0119dzie te\u017c niew\u0105tpliwie wykonanie Wariacji na temat La ci darem la mano Dobrzy\u0144skiego przez Philippe\u2019a Giusiano, recital wokalny Matthiasa Goerne z Piotrem Anderszewskim, wyst\u0119p Freiburger Barockorchester z Concerto Polonaise B-dur Telemanna \u2013 obok 3 Koncert\u00f3w Bacha, z kt\u00f3rych jeden us\u0142yszymy na \u201echopinowskim\u201d fortepianie, czy recital nagrodzonej za wspania\u0142e nagranie Sonaty g-moll Sol Gabetty, kt\u00f3ra na festiwalu Chopin i jego Europa zagra po raz pierwszy.<\/p>\n<p>R\u00f3wnie sensacyjnie zapowiada si\u0119 koncert fina\u0142owy, podczas kt\u00f3rego zestawione zostan\u0105 trzy kontrastowo odmienne typy interpretacji pianistycznej: podczas jednego wieczoru z Orkiestr\u0105 Filharmonii Narodowej pod dyrekcj\u0105 Jacka Kaspszyka zagraj\u0105: Yulianna Avdeeva, Ingolf Wunder i Krzysztof Jab\u0142o\u0144ski.<\/p>\n<p>W edycji Festiwalu opatrzonej podtytu\u0142em \u201ePrzed wielkim Konkursem\u201d prezentowani b\u0119d\u0105 tak\u017ce w specjalny spos\u00f3b polscy uczestnicy tej najwa\u017cniejszej na \u015bwiecie Chopinowskiej rywalizacji, kt\u00f3ra rozpocznie si\u0119 ju\u017c 1 pa\u017adziernika koncertem z udzia\u0142em Marthy Argerich: w dniach 18 \u2013 25 sierpnia, codziennie o godz. 22.00 w Bazylice \u015bw. Krzy\u017ca odbywa\u0107 si\u0119 b\u0119dzie godzinny recital Chopinowski. M\u0142odzi polscy piani\u015bci b\u0119d\u0105 grali przed sercem Chopina na oryginalnym fortepianie z epoki: Erardzie z 1855 roku.<\/p>\n","protected":false},"excerpt":{"rendered":"<p>Tegoroczna edycja wzorem lat ubieg\u0142ych spojrzy z otwarto\u015bci\u0105 i zaciekawieniem na wiek XIX, by umo\u017cliwi\u0107 odczucie jego dziedzictwa i roli, jak\u0105 odegra\u0142 w nim patron Festiwalu. Nie pominie jednak i wcze\u015bniejszych tw\u00f3rc\u00f3w, z kt\u00f3rych romantyzm wyrasta\u0142, widz\u0105c w nich niejednokrotnie swoje wzorce. Przybli\u017cy tak\u017ce tw\u00f3rczo\u015b\u0107 p\u00f3\u017aniejszych kompozytor\u00f3w \u2013 spadkobierc\u00f3w romantycznej tradycji. Tradycyjnie te\u017c podkre\u015bli znaczenie [&hellip;]<\/p>\n","protected":false},"author":40,"featured_media":2974,"comment_status":"open","ping_status":"open","sticky":false,"template":"","format":"standard","meta":{"inline_featured_image":false,"_monsterinsights_skip_tracking":false,"_monsterinsights_sitenote_active":false,"_monsterinsights_sitenote_note":"","_monsterinsights_sitenote_category":0,"footnotes":""},"categories":[125,96],"tags":[],"class_list":["post-2980","post","type-post","status-publish","format-standard","has-post-thumbnail","hentry","category-muzyka","category-wydarzenia"],"yoast_head":"<!-- This site is optimized with the Yoast SEO plugin v24.6 - https:\/\/yoast.com\/wordpress\/plugins\/seo\/ -->\n<title>Festiwal CHOPIN I JEGO EUROPA - Instytut Polski w Bukareszcie<\/title>\n<meta name=\"robots\" content=\"index, follow, max-snippet:-1, max-image-preview:large, max-video-preview:-1\" \/>\n<link rel=\"canonical\" href=\"https:\/\/instytutpolski.pl\/bucuresti\/pl\/2015\/08\/15\/festiwal-chopin-i-jego-europa\/\" \/>\n<meta property=\"og:locale\" content=\"pl_PL\" \/>\n<meta property=\"og:type\" content=\"article\" \/>\n<meta property=\"og:title\" content=\"Festiwal CHOPIN I JEGO EUROPA - Instytut Polski w Bukareszcie\" \/>\n<meta property=\"og:description\" content=\"Tegoroczna edycja wzorem lat ubieg\u0142ych spojrzy z otwarto\u015bci\u0105 i zaciekawieniem na wiek XIX, by umo\u017cliwi\u0107 odczucie jego dziedzictwa i roli, jak\u0105 odegra\u0142 w nim patron Festiwalu. Nie pominie jednak i wcze\u015bniejszych tw\u00f3rc\u00f3w, z kt\u00f3rych romantyzm wyrasta\u0142, widz\u0105c w nich niejednokrotnie swoje wzorce. Przybli\u017cy tak\u017ce tw\u00f3rczo\u015b\u0107 p\u00f3\u017aniejszych kompozytor\u00f3w \u2013 spadkobierc\u00f3w romantycznej tradycji. Tradycyjnie te\u017c podkre\u015bli znaczenie [&hellip;]\" \/>\n<meta property=\"og:url\" content=\"https:\/\/instytutpolski.pl\/bucuresti\/pl\/2015\/08\/15\/festiwal-chopin-i-jego-europa\/\" \/>\n<meta property=\"og:site_name\" content=\"Instytut Polski w Bukareszcie\" \/>\n<meta property=\"article:published_time\" content=\"2015-08-15T10:10:00+00:00\" \/>\n<meta property=\"article:modified_time\" content=\"2020-06-02T10:16:20+00:00\" \/>\n<meta property=\"og:image\" content=\"https:\/\/instytutpolski.pl\/bucuresti\/wp-content\/uploads\/sites\/11\/2020\/06\/festivalul-chopin-si-europa-lui.jpg\" \/>\n\t<meta property=\"og:image:width\" content=\"660\" \/>\n\t<meta property=\"og:image:height\" content=\"770\" \/>\n\t<meta property=\"og:image:type\" content=\"image\/jpeg\" \/>\n<meta name=\"author\" content=\"mrozowskiw\" \/>\n<meta name=\"twitter:card\" content=\"summary_large_image\" \/>\n<meta name=\"twitter:label1\" content=\"Napisane przez\" \/>\n\t<meta name=\"twitter:data1\" content=\"mrozowskiw\" \/>\n\t<meta name=\"twitter:label2\" content=\"Szacowany czas czytania\" \/>\n\t<meta name=\"twitter:data2\" content=\"2 minuty\" \/>\n<script type=\"application\/ld+json\" class=\"yoast-schema-graph\">{\"@context\":\"https:\/\/schema.org\",\"@graph\":[{\"@type\":\"event\",\"@id\":\"https:\/\/instytutpolski.pl\/bucuresti\/pl\/2015\/08\/15\/festiwal-chopin-i-jego-europa\/\",\"url\":\"https:\/\/instytutpolski.pl\/bucuresti\/pl\/2015\/08\/15\/festiwal-chopin-i-jego-europa\/\",\"name\":\"Festiwal CHOPIN I JEGO EUROPA\",\"isPartOf\":{\"@id\":\"https:\/\/instytutpolski.pl\/bucuresti\/#website\"},\"primaryImageOfPage\":{\"@id\":\"https:\/\/instytutpolski.pl\/bucuresti\/pl\/2015\/08\/15\/festiwal-chopin-i-jego-europa\/#primaryimage\"},\"image\":[\"https:\/\/instytutpolski.pl\/bucuresti\/wp-content\/uploads\/sites\/11\/2020\/06\/festivalul-chopin-si-europa-lui.jpg\",\"https:\/\/instytutpolski.pl\/bucuresti\/wp-content\/uploads\/sites\/11\/2020\/06\/festivalul-chopin-si-europa-lui-257x300.jpg\",\"https:\/\/instytutpolski.pl\/bucuresti\/wp-content\/uploads\/sites\/11\/2020\/06\/festivalul-chopin-si-europa-lui.jpg\",\"https:\/\/instytutpolski.pl\/bucuresti\/wp-content\/uploads\/sites\/11\/2020\/06\/festivalul-chopin-si-europa-lui.jpg\"],\"thumbnailUrl\":\"https:\/\/instytutpolski.pl\/bucuresti\/wp-content\/uploads\/sites\/11\/2020\/06\/festivalul-chopin-si-europa-lui.jpg\",\"datePublished\":\"2015-08-15T10:10:00+02:00\",\"dateModified\":\"2020-06-02T10:16:20+02:00\",\"author\":{\"@id\":\"https:\/\/instytutpolski.pl\/bucuresti\/#\/schema\/person\/bb4c505717d34987a9f9d15c79a24bb8\"},\"breadcrumb\":{\"@id\":\"https:\/\/instytutpolski.pl\/bucuresti\/pl\/2015\/08\/15\/festiwal-chopin-i-jego-europa\/#breadcrumb\"},\"inLanguage\":\"pl-PL\",\"potentialAction\":[{\"@type\":\"ReadAction\",\"target\":[\"https:\/\/instytutpolski.pl\/bucuresti\/pl\/2015\/08\/15\/festiwal-chopin-i-jego-europa\/\"]}],\"@context\":\"https:\/\/schema.org\",\"startDate\":\"2015-08-15\",\"endDate\":\"2015-08-29\",\"eventStatus\":\"EventScheduled\",\"eventAttendanceMode\":\"OfflineEventAttendanceMode\",\"location\":{\"@type\":\"place\",\"name\":\"\",\"address\":\"\",\"geo\":{\"@type\":\"GeoCoordinates\",\"latitude\":\"\",\"longitude\":\"\"}},\"description\":\"Tegoroczna edycja wzorem lat ubieg\u0142ych spojrzy z otwarto\u015bci\u0105 i zaciekawieniem na wiek XIX, by umo\u017cliwi\u0107 odczucie jego dziedzictwa i roli, jak\u0105 odegra\u0142 w nim patron Festiwalu. Nie pominie jednak i wcze\u015bniejszych tw\u00f3rc\u00f3w, z kt\u00f3rych romantyzm wyrasta\u0142, widz\u0105c w nich niejednokrotnie swoje wzorce. Przybli\u017cy tak\u017ce tw\u00f3rczo\u015b\u0107 p\u00f3\u017aniejszych kompozytor\u00f3w \u2013 spadkobierc\u00f3w romantycznej tradycji. Tradycyjnie te\u017c podkre\u015bli znaczenie jubileuszy, kt\u00f3re ca\u0142y muzyczny \u015bwiat obchodzi w tym roku: Piotra Czajkowskiego, Alexandra Skriabina i Jana Sibeliusa.W\u015br\u00f3d wykonawc\u00f3w pojawi\u0105 si\u0119 orkiestry z Moskwy, Londynu, Freiburga i Warszawy, laureaci konkurs\u00f3w chopinowskich, w tym triumfatorzy z ostatniej jego edycji \u2013 ale r\u00f3wnie\u017c inni muzycy o wielkiej mi\u0119dzynarodowej s\u0142awie, jak Alexandre Tharaud, Sergej Krylov, Louis Lortie, Nelson Freire, Andreas Staier, Nikolai Lugansky, Jan Lisiecki, Ivo Pogorelic, Truls Mork, Matthias Goerne, Sol Gobetta i Bertrand Chamayou.\\nWyst\u0105pi sensacyjny kwartet Apollon Musagete, zaplanowane s\u0105 r\u00f3wnie\u017c dwa koncerty Tobiasa Kocha \u2013 pianisty, kt\u00f3ry podbi\u0142 serca meloman\u00f3w interpretacjami muzyki polskiej.I tym razem wykona on muzyk\u0119 czas\u00f3w chopinowskich na co najmniej 3 fortepianach; nie zapomni tak\u017ce o Michale Kleofasie Ogi\u0144skim \u2013 wybitnym tw\u00f3rcy wiele znacz\u0105cym co najmniej dla 3 narod\u00f3w.\\nZa sensacj\u0119 uzna\u0107 mo\u017cna koncerty zar\u00f3wno Rosyjskiej Orkiestry Narodowej pod dyrekcj\u0105 Mikhaila Pletneva, kt\u00f3ra wykona m.in. Symfoni\u0119 \u201ePolsk\u0105\u201d Piotra Czajkowskiego, Koncert skrzypcowy Henryka Wieniawskiego i Symfoni\u0119 \u201eOdrodzenie\u201d Mieczys\u0142awa Kar\u0142owicza \u2013 jak i wyst\u0119py jednej z najlepszych europejskich orkiestr: Philharmonia Orchestra z Londynu pod dyrekcja Vladimira Ashkenazego, kt\u00f3ry poprowadzi opr\u00f3cz Polonii Elgara, II Symfoni\u0119 Sibeliusa oraz Koncert fortepianowy Paderewskiego z solist\u0105 Dang Thai Sonem \u2013 zwyci\u0119zc\u0105 Konkursu Chopinowskiego w roku 1980, kt\u00f3ry zagra na fortepianie, b\u0119d\u0105cym niegdy\u015b w\u0142asno\u015bci\u0105 kompozytora.\\nDo punkt\u00f3w kulminacyjnych Festiwalu nale\u017ce\u0107 b\u0119dzie te\u017c niew\u0105tpliwie wykonanie Wariacji na temat La ci darem la mano Dobrzy\u0144skiego przez Philippe\u2019a Giusiano, recital wokalny Matthiasa Goerne z Piotrem Anderszewskim, wyst\u0119p Freiburger Barockorchester z Concerto Polonaise B-dur Telemanna \u2013 obok 3 Koncert\u00f3w Bacha, z kt\u00f3rych jeden us\u0142yszymy na \u201echopinowskim\u201d fortepianie, czy recital nagrodzonej za wspania\u0142e nagranie Sonaty g-moll Sol Gabetty, kt\u00f3ra na festiwalu Chopin i jego Europa zagra po raz pierwszy.\\nR\u00f3wnie sensacyjnie zapowiada si\u0119 koncert fina\u0142owy, podczas kt\u00f3rego zestawione zostan\u0105 trzy kontrastowo odmienne typy interpretacji pianistycznej: podczas jednego wieczoru z Orkiestr\u0105 Filharmonii Narodowej pod dyrekcj\u0105 Jacka Kaspszyka zagraj\u0105: Yulianna Avdeeva, Ingolf Wunder i Krzysztof Jab\u0142o\u0144ski.\\nW edycji Festiwalu opatrzonej podtytu\u0142em \u201ePrzed wielkim Konkursem\u201d prezentowani b\u0119d\u0105 tak\u017ce w specjalny spos\u00f3b polscy uczestnicy tej najwa\u017cniejszej na \u015bwiecie Chopinowskiej rywalizacji, kt\u00f3ra rozpocznie si\u0119 ju\u017c 1 pa\u017adziernika koncertem z udzia\u0142em Marthy Argerich: w dniach 18 \u2013 25 sierpnia, codziennie o godz. 22.00 w Bazylice \u015bw. Krzy\u017ca odbywa\u0107 si\u0119 b\u0119dzie godzinny recital Chopinowski. M\u0142odzi polscy piani\u015bci b\u0119d\u0105 grali przed sercem Chopina na oryginalnym fortepianie z epoki: Erardzie z 1855 roku.\"},{\"@type\":\"ImageObject\",\"inLanguage\":\"pl-PL\",\"@id\":\"https:\/\/instytutpolski.pl\/bucuresti\/pl\/2015\/08\/15\/festiwal-chopin-i-jego-europa\/#primaryimage\",\"url\":\"https:\/\/instytutpolski.pl\/bucuresti\/wp-content\/uploads\/sites\/11\/2020\/06\/festivalul-chopin-si-europa-lui.jpg\",\"contentUrl\":\"https:\/\/instytutpolski.pl\/bucuresti\/wp-content\/uploads\/sites\/11\/2020\/06\/festivalul-chopin-si-europa-lui.jpg\",\"width\":660,\"height\":770},{\"@type\":\"BreadcrumbList\",\"@id\":\"https:\/\/instytutpolski.pl\/bucuresti\/pl\/2015\/08\/15\/festiwal-chopin-i-jego-europa\/#breadcrumb\",\"itemListElement\":[{\"@type\":\"ListItem\",\"position\":1,\"name\":\"Home\",\"item\":\"https:\/\/instytutpolski.pl\/bucuresti\/\"},{\"@type\":\"ListItem\",\"position\":2,\"name\":\"Festiwal CHOPIN I JEGO EUROPA\"}]},{\"@type\":\"WebSite\",\"@id\":\"https:\/\/instytutpolski.pl\/bucuresti\/#website\",\"url\":\"https:\/\/instytutpolski.pl\/bucuresti\/\",\"name\":\"Instytut Polski w Bukareszcie\",\"description\":\"Instytuty Polskie\",\"potentialAction\":[{\"@type\":\"SearchAction\",\"target\":{\"@type\":\"EntryPoint\",\"urlTemplate\":\"https:\/\/instytutpolski.pl\/bucuresti\/?s={search_term_string}\"},\"query-input\":{\"@type\":\"PropertyValueSpecification\",\"valueRequired\":true,\"valueName\":\"search_term_string\"}}],\"inLanguage\":\"pl-PL\"},{\"@type\":\"Person\",\"@id\":\"https:\/\/instytutpolski.pl\/bucuresti\/#\/schema\/person\/bb4c505717d34987a9f9d15c79a24bb8\",\"name\":\"mrozowskiw\",\"image\":{\"@type\":\"ImageObject\",\"inLanguage\":\"pl-PL\",\"@id\":\"https:\/\/instytutpolski.pl\/bucuresti\/#\/schema\/person\/image\/\",\"url\":\"https:\/\/secure.gravatar.com\/avatar\/563584068e0e0cfe9f36feb55c42a1e4?s=96&d=mm&r=g\",\"contentUrl\":\"https:\/\/secure.gravatar.com\/avatar\/563584068e0e0cfe9f36feb55c42a1e4?s=96&d=mm&r=g\",\"caption\":\"mrozowskiw\"},\"sameAs\":[\"http:\/\/instytutpolski.pl\/bucuresti\/\",\"mrozowskiw\"],\"url\":\"https:\/\/instytutpolski.pl\/bucuresti\/author\/mrozowskiw\/\"}]}<\/script>\n<!-- \/ Yoast SEO plugin. -->","yoast_head_json":{"title":"Festiwal CHOPIN I JEGO EUROPA - Instytut Polski w Bukareszcie","robots":{"index":"index","follow":"follow","max-snippet":"max-snippet:-1","max-image-preview":"max-image-preview:large","max-video-preview":"max-video-preview:-1"},"canonical":"https:\/\/instytutpolski.pl\/bucuresti\/pl\/2015\/08\/15\/festiwal-chopin-i-jego-europa\/","og_locale":"pl_PL","og_type":"article","og_title":"Festiwal CHOPIN I JEGO EUROPA - Instytut Polski w Bukareszcie","og_description":"Tegoroczna edycja wzorem lat ubieg\u0142ych spojrzy z otwarto\u015bci\u0105 i zaciekawieniem na wiek XIX, by umo\u017cliwi\u0107 odczucie jego dziedzictwa i roli, jak\u0105 odegra\u0142 w nim patron Festiwalu. Nie pominie jednak i wcze\u015bniejszych tw\u00f3rc\u00f3w, z kt\u00f3rych romantyzm wyrasta\u0142, widz\u0105c w nich niejednokrotnie swoje wzorce. Przybli\u017cy tak\u017ce tw\u00f3rczo\u015b\u0107 p\u00f3\u017aniejszych kompozytor\u00f3w \u2013 spadkobierc\u00f3w romantycznej tradycji. Tradycyjnie te\u017c podkre\u015bli znaczenie [&hellip;]","og_url":"https:\/\/instytutpolski.pl\/bucuresti\/pl\/2015\/08\/15\/festiwal-chopin-i-jego-europa\/","og_site_name":"Instytut Polski w Bukareszcie","article_published_time":"2015-08-15T10:10:00+00:00","article_modified_time":"2020-06-02T10:16:20+00:00","og_image":[{"width":660,"height":770,"url":"https:\/\/instytutpolski.pl\/bucuresti\/wp-content\/uploads\/sites\/11\/2020\/06\/festivalul-chopin-si-europa-lui.jpg","type":"image\/jpeg"}],"author":"mrozowskiw","twitter_card":"summary_large_image","twitter_misc":{"Napisane przez":"mrozowskiw","Szacowany czas czytania":"2 minuty"},"schema":{"@context":"https:\/\/schema.org","@graph":[{"@type":"event","@id":"https:\/\/instytutpolski.pl\/bucuresti\/pl\/2015\/08\/15\/festiwal-chopin-i-jego-europa\/","url":"https:\/\/instytutpolski.pl\/bucuresti\/pl\/2015\/08\/15\/festiwal-chopin-i-jego-europa\/","name":"Festiwal CHOPIN I JEGO EUROPA","isPartOf":{"@id":"https:\/\/instytutpolski.pl\/bucuresti\/#website"},"primaryImageOfPage":{"@id":"https:\/\/instytutpolski.pl\/bucuresti\/pl\/2015\/08\/15\/festiwal-chopin-i-jego-europa\/#primaryimage"},"image":["https:\/\/instytutpolski.pl\/bucuresti\/wp-content\/uploads\/sites\/11\/2020\/06\/festivalul-chopin-si-europa-lui.jpg","https:\/\/instytutpolski.pl\/bucuresti\/wp-content\/uploads\/sites\/11\/2020\/06\/festivalul-chopin-si-europa-lui-257x300.jpg","https:\/\/instytutpolski.pl\/bucuresti\/wp-content\/uploads\/sites\/11\/2020\/06\/festivalul-chopin-si-europa-lui.jpg","https:\/\/instytutpolski.pl\/bucuresti\/wp-content\/uploads\/sites\/11\/2020\/06\/festivalul-chopin-si-europa-lui.jpg"],"thumbnailUrl":"https:\/\/instytutpolski.pl\/bucuresti\/wp-content\/uploads\/sites\/11\/2020\/06\/festivalul-chopin-si-europa-lui.jpg","datePublished":"2015-08-15T10:10:00+02:00","dateModified":"2020-06-02T10:16:20+02:00","author":{"@id":"https:\/\/instytutpolski.pl\/bucuresti\/#\/schema\/person\/bb4c505717d34987a9f9d15c79a24bb8"},"breadcrumb":{"@id":"https:\/\/instytutpolski.pl\/bucuresti\/pl\/2015\/08\/15\/festiwal-chopin-i-jego-europa\/#breadcrumb"},"inLanguage":"pl-PL","potentialAction":[{"@type":"ReadAction","target":["https:\/\/instytutpolski.pl\/bucuresti\/pl\/2015\/08\/15\/festiwal-chopin-i-jego-europa\/"]}],"@context":"https:\/\/schema.org","startDate":"2015-08-15","endDate":"2015-08-29","eventStatus":"EventScheduled","eventAttendanceMode":"OfflineEventAttendanceMode","location":{"@type":"place","name":"","address":"","geo":{"@type":"GeoCoordinates","latitude":"","longitude":""}},"description":"Tegoroczna edycja wzorem lat ubieg\u0142ych spojrzy z otwarto\u015bci\u0105 i zaciekawieniem na wiek XIX, by umo\u017cliwi\u0107 odczucie jego dziedzictwa i roli, jak\u0105 odegra\u0142 w nim patron Festiwalu. Nie pominie jednak i wcze\u015bniejszych tw\u00f3rc\u00f3w, z kt\u00f3rych romantyzm wyrasta\u0142, widz\u0105c w nich niejednokrotnie swoje wzorce. Przybli\u017cy tak\u017ce tw\u00f3rczo\u015b\u0107 p\u00f3\u017aniejszych kompozytor\u00f3w \u2013 spadkobierc\u00f3w romantycznej tradycji. Tradycyjnie te\u017c podkre\u015bli znaczenie jubileuszy, kt\u00f3re ca\u0142y muzyczny \u015bwiat obchodzi w tym roku: Piotra Czajkowskiego, Alexandra Skriabina i Jana Sibeliusa.W\u015br\u00f3d wykonawc\u00f3w pojawi\u0105 si\u0119 orkiestry z Moskwy, Londynu, Freiburga i Warszawy, laureaci konkurs\u00f3w chopinowskich, w tym triumfatorzy z ostatniej jego edycji \u2013 ale r\u00f3wnie\u017c inni muzycy o wielkiej mi\u0119dzynarodowej s\u0142awie, jak Alexandre Tharaud, Sergej Krylov, Louis Lortie, Nelson Freire, Andreas Staier, Nikolai Lugansky, Jan Lisiecki, Ivo Pogorelic, Truls Mork, Matthias Goerne, Sol Gobetta i Bertrand Chamayou.\nWyst\u0105pi sensacyjny kwartet Apollon Musagete, zaplanowane s\u0105 r\u00f3wnie\u017c dwa koncerty Tobiasa Kocha \u2013 pianisty, kt\u00f3ry podbi\u0142 serca meloman\u00f3w interpretacjami muzyki polskiej.I tym razem wykona on muzyk\u0119 czas\u00f3w chopinowskich na co najmniej 3 fortepianach; nie zapomni tak\u017ce o Michale Kleofasie Ogi\u0144skim \u2013 wybitnym tw\u00f3rcy wiele znacz\u0105cym co najmniej dla 3 narod\u00f3w.\nZa sensacj\u0119 uzna\u0107 mo\u017cna koncerty zar\u00f3wno Rosyjskiej Orkiestry Narodowej pod dyrekcj\u0105 Mikhaila Pletneva, kt\u00f3ra wykona m.in. Symfoni\u0119 \u201ePolsk\u0105\u201d Piotra Czajkowskiego, Koncert skrzypcowy Henryka Wieniawskiego i Symfoni\u0119 \u201eOdrodzenie\u201d Mieczys\u0142awa Kar\u0142owicza \u2013 jak i wyst\u0119py jednej z najlepszych europejskich orkiestr: Philharmonia Orchestra z Londynu pod dyrekcja Vladimira Ashkenazego, kt\u00f3ry poprowadzi opr\u00f3cz Polonii Elgara, II Symfoni\u0119 Sibeliusa oraz Koncert fortepianowy Paderewskiego z solist\u0105 Dang Thai Sonem \u2013 zwyci\u0119zc\u0105 Konkursu Chopinowskiego w roku 1980, kt\u00f3ry zagra na fortepianie, b\u0119d\u0105cym niegdy\u015b w\u0142asno\u015bci\u0105 kompozytora.\nDo punkt\u00f3w kulminacyjnych Festiwalu nale\u017ce\u0107 b\u0119dzie te\u017c niew\u0105tpliwie wykonanie Wariacji na temat La ci darem la mano Dobrzy\u0144skiego przez Philippe\u2019a Giusiano, recital wokalny Matthiasa Goerne z Piotrem Anderszewskim, wyst\u0119p Freiburger Barockorchester z Concerto Polonaise B-dur Telemanna \u2013 obok 3 Koncert\u00f3w Bacha, z kt\u00f3rych jeden us\u0142yszymy na \u201echopinowskim\u201d fortepianie, czy recital nagrodzonej za wspania\u0142e nagranie Sonaty g-moll Sol Gabetty, kt\u00f3ra na festiwalu Chopin i jego Europa zagra po raz pierwszy.\nR\u00f3wnie sensacyjnie zapowiada si\u0119 koncert fina\u0142owy, podczas kt\u00f3rego zestawione zostan\u0105 trzy kontrastowo odmienne typy interpretacji pianistycznej: podczas jednego wieczoru z Orkiestr\u0105 Filharmonii Narodowej pod dyrekcj\u0105 Jacka Kaspszyka zagraj\u0105: Yulianna Avdeeva, Ingolf Wunder i Krzysztof Jab\u0142o\u0144ski.\nW edycji Festiwalu opatrzonej podtytu\u0142em \u201ePrzed wielkim Konkursem\u201d prezentowani b\u0119d\u0105 tak\u017ce w specjalny spos\u00f3b polscy uczestnicy tej najwa\u017cniejszej na \u015bwiecie Chopinowskiej rywalizacji, kt\u00f3ra rozpocznie si\u0119 ju\u017c 1 pa\u017adziernika koncertem z udzia\u0142em Marthy Argerich: w dniach 18 \u2013 25 sierpnia, codziennie o godz. 22.00 w Bazylice \u015bw. Krzy\u017ca odbywa\u0107 si\u0119 b\u0119dzie godzinny recital Chopinowski. M\u0142odzi polscy piani\u015bci b\u0119d\u0105 grali przed sercem Chopina na oryginalnym fortepianie z epoki: Erardzie z 1855 roku."},{"@type":"ImageObject","inLanguage":"pl-PL","@id":"https:\/\/instytutpolski.pl\/bucuresti\/pl\/2015\/08\/15\/festiwal-chopin-i-jego-europa\/#primaryimage","url":"https:\/\/instytutpolski.pl\/bucuresti\/wp-content\/uploads\/sites\/11\/2020\/06\/festivalul-chopin-si-europa-lui.jpg","contentUrl":"https:\/\/instytutpolski.pl\/bucuresti\/wp-content\/uploads\/sites\/11\/2020\/06\/festivalul-chopin-si-europa-lui.jpg","width":660,"height":770},{"@type":"BreadcrumbList","@id":"https:\/\/instytutpolski.pl\/bucuresti\/pl\/2015\/08\/15\/festiwal-chopin-i-jego-europa\/#breadcrumb","itemListElement":[{"@type":"ListItem","position":1,"name":"Home","item":"https:\/\/instytutpolski.pl\/bucuresti\/"},{"@type":"ListItem","position":2,"name":"Festiwal CHOPIN I JEGO EUROPA"}]},{"@type":"WebSite","@id":"https:\/\/instytutpolski.pl\/bucuresti\/#website","url":"https:\/\/instytutpolski.pl\/bucuresti\/","name":"Instytut Polski w Bukareszcie","description":"Instytuty Polskie","potentialAction":[{"@type":"SearchAction","target":{"@type":"EntryPoint","urlTemplate":"https:\/\/instytutpolski.pl\/bucuresti\/?s={search_term_string}"},"query-input":{"@type":"PropertyValueSpecification","valueRequired":true,"valueName":"search_term_string"}}],"inLanguage":"pl-PL"},{"@type":"Person","@id":"https:\/\/instytutpolski.pl\/bucuresti\/#\/schema\/person\/bb4c505717d34987a9f9d15c79a24bb8","name":"mrozowskiw","image":{"@type":"ImageObject","inLanguage":"pl-PL","@id":"https:\/\/instytutpolski.pl\/bucuresti\/#\/schema\/person\/image\/","url":"https:\/\/secure.gravatar.com\/avatar\/563584068e0e0cfe9f36feb55c42a1e4?s=96&d=mm&r=g","contentUrl":"https:\/\/secure.gravatar.com\/avatar\/563584068e0e0cfe9f36feb55c42a1e4?s=96&d=mm&r=g","caption":"mrozowskiw"},"sameAs":["http:\/\/instytutpolski.pl\/bucuresti\/","mrozowskiw"],"url":"https:\/\/instytutpolski.pl\/bucuresti\/author\/mrozowskiw\/"}]}},"_links":{"self":[{"href":"https:\/\/instytutpolski.pl\/bucuresti\/wp-json\/wp\/v2\/posts\/2980","targetHints":{"allow":["GET"]}}],"collection":[{"href":"https:\/\/instytutpolski.pl\/bucuresti\/wp-json\/wp\/v2\/posts"}],"about":[{"href":"https:\/\/instytutpolski.pl\/bucuresti\/wp-json\/wp\/v2\/types\/post"}],"author":[{"embeddable":true,"href":"https:\/\/instytutpolski.pl\/bucuresti\/wp-json\/wp\/v2\/users\/40"}],"replies":[{"embeddable":true,"href":"https:\/\/instytutpolski.pl\/bucuresti\/wp-json\/wp\/v2\/comments?post=2980"}],"version-history":[{"count":2,"href":"https:\/\/instytutpolski.pl\/bucuresti\/wp-json\/wp\/v2\/posts\/2980\/revisions"}],"predecessor-version":[{"id":2982,"href":"https:\/\/instytutpolski.pl\/bucuresti\/wp-json\/wp\/v2\/posts\/2980\/revisions\/2982"}],"wp:featuredmedia":[{"embeddable":true,"href":"https:\/\/instytutpolski.pl\/bucuresti\/wp-json\/wp\/v2\/media\/2974"}],"wp:attachment":[{"href":"https:\/\/instytutpolski.pl\/bucuresti\/wp-json\/wp\/v2\/media?parent=2980"}],"wp:term":[{"taxonomy":"category","embeddable":true,"href":"https:\/\/instytutpolski.pl\/bucuresti\/wp-json\/wp\/v2\/categories?post=2980"},{"taxonomy":"post_tag","embeddable":true,"href":"https:\/\/instytutpolski.pl\/bucuresti\/wp-json\/wp\/v2\/tags?post=2980"}],"curies":[{"name":"wp","href":"https:\/\/api.w.org\/{rel}","templated":true}]}}