{"id":3022,"date":"2016-03-15T16:47:00","date_gmt":"2016-03-15T15:47:00","guid":{"rendered":"https:\/\/instytutpolski.pl\/bucuresti\/?p=3022"},"modified":"2020-06-02T16:54:30","modified_gmt":"2020-06-02T14:54:30","slug":"polski-plakat-o-prawach-czlowieka","status":"publish","type":"post","link":"https:\/\/instytutpolski.pl\/bucuresti\/pl\/2016\/03\/15\/polski-plakat-o-prawach-czlowieka\/","title":{"rendered":"Polski Plakat o Prawach Cz\u0142owieka"},"content":{"rendered":"\n<div class=\"post-text-container\">\n<p>Na wystawie prezentowane s\u0105 najwybitniejsze plakaty artyst\u00f3w polskich, kt\u00f3re zosta\u0142y zakwalifikowane na pierwsze trzy edycje Mi\u0119dzynarodowego Biennale Plakatu Spo\u0142eczno-Politycznego w O\u015bwi\u0119cimiu, a tak\u017ce prace nagradzane na wszystkich edycjach oraz plakaty juror\u00f3w Biennale.<\/p>\n<p>Pierwsza edycja tej presti\u017cowej imprezy mia\u0142a miejsce w 2006 roku. Od tego czasu biennale sta\u0142o si\u0119 forum artystycznej wymiany pogl\u0105d\u00f3w na temat najwa\u017cniejszych h problem\u00f3w wsp\u00f3\u0142czesnego \u015bwiata. Spotka\u0142o si\u0119 z zainteresowaniem i \u017cyw\u0105 reakcj\u0105 wielu znakomitych tw\u00f3rc\u00f3w, reprezentuj\u0105cych r\u00f3\u017cne zak\u0105tki Ziemi.<\/p>\n<p>\u201eTw\u00f3rczo dla praw cz\u0142owieka\u201d \u2013 my\u015bl przewodnia, koresponduje z pami\u0119ci\u0105 o tragicznej historii niemieckiego nazistowskiego obozu zag\u0142ady Auschwitz-Birkenau, utworzonego\u00a0 przez nazist\u00f3w w czasie II Wojny \u015awiatowej w O\u015bwi\u0119cimiu, na ziemiach okupowanej Polski .<\/p>\n<p>Artystyczne wypowiedzi, prezentowane w czasie Mi\u0119dzynarodowego Biennale Plakatu Spo\u0142eczno-Politycznego dotycz\u0105 wachlarza zagadnie\u0144 takich jak: tolerancja, ekologia, r\u00f3wnouprawnienie, wp\u0142yw polityki na \u017cycie obywateli, problemy rasizmu, przemocy, \u0142amania praw dzieci, kobiet czy \u00a0mniejszo\u015bci.<\/p>\n<p>Wystawie towarzyszy tak\u017ce wyk\u0142ad nt. spo\u0142ecznego i politycznego wymiaru Polskiej Szko\u0142y Plakatu dr Paw\u0142a Warcho\u0142a, kuratora wystawy, dla student\u00f3w UNArte.<\/p>\n<p><em>Wystawa \u201ePolski Plakat o Prawach Cz\u0142owieka\u201d zrealizowana we wsp\u00f3\u0142pracy z Narodowym Uniwersytetem Sztuk Pi\u0119knych w Bukareszcie (UNArte) jest prezentowana w UNAgaleria, Str. Budisteanu 10, Bukareszt w dniach 15-30 marca 2016.\u00a0<\/em><\/p>\n<\/div>\n","protected":false},"excerpt":{"rendered":"<p>Na wystawie prezentowane s\u0105 najwybitniejsze plakaty artyst\u00f3w polskich, kt\u00f3re zosta\u0142y zakwalifikowane na pierwsze trzy edycje Mi\u0119dzynarodowego Biennale Plakatu Spo\u0142eczno-Politycznego w O\u015bwi\u0119cimiu, a tak\u017ce prace nagradzane na wszystkich edycjach oraz plakaty juror\u00f3w Biennale. Pierwsza edycja tej presti\u017cowej imprezy mia\u0142a miejsce w 2006 roku. Od tego czasu biennale sta\u0142o si\u0119 forum artystycznej wymiany pogl\u0105d\u00f3w na temat najwa\u017cniejszych [&hellip;]<\/p>\n","protected":false},"author":43,"featured_media":3019,"comment_status":"open","ping_status":"open","sticky":false,"template":"","format":"standard","meta":{"inline_featured_image":false,"_monsterinsights_skip_tracking":false,"_monsterinsights_sitenote_active":false,"_monsterinsights_sitenote_note":"","_monsterinsights_sitenote_category":0,"footnotes":""},"categories":[43,96],"tags":[304,467],"class_list":["post-3022","post","type-post","status-publish","format-standard","has-post-thumbnail","hentry","category-sztuki-wizualne","category-wydarzenia","tag-plakat","tag-prawa-czlowieka"],"yoast_head":"<!-- This site is optimized with the Yoast SEO plugin v24.6 - https:\/\/yoast.com\/wordpress\/plugins\/seo\/ -->\n<title>Polski Plakat o Prawach Cz\u0142owieka - Instytut Polski w Bukareszcie<\/title>\n<meta name=\"robots\" content=\"index, follow, max-snippet:-1, max-image-preview:large, max-video-preview:-1\" \/>\n<link rel=\"canonical\" href=\"https:\/\/instytutpolski.pl\/bucuresti\/pl\/2016\/03\/15\/polski-plakat-o-prawach-czlowieka\/\" \/>\n<meta property=\"og:locale\" content=\"pl_PL\" \/>\n<meta property=\"og:type\" content=\"article\" \/>\n<meta property=\"og:title\" content=\"Polski Plakat o Prawach Cz\u0142owieka - Instytut Polski w Bukareszcie\" \/>\n<meta property=\"og:description\" content=\"Na wystawie prezentowane s\u0105 najwybitniejsze plakaty artyst\u00f3w polskich, kt\u00f3re zosta\u0142y zakwalifikowane na pierwsze trzy edycje Mi\u0119dzynarodowego Biennale Plakatu Spo\u0142eczno-Politycznego w O\u015bwi\u0119cimiu, a tak\u017ce prace nagradzane na wszystkich edycjach oraz plakaty juror\u00f3w Biennale. Pierwsza edycja tej presti\u017cowej imprezy mia\u0142a miejsce w 2006 roku. Od tego czasu biennale sta\u0142o si\u0119 forum artystycznej wymiany pogl\u0105d\u00f3w na temat najwa\u017cniejszych [&hellip;]\" \/>\n<meta property=\"og:url\" content=\"https:\/\/instytutpolski.pl\/bucuresti\/pl\/2016\/03\/15\/polski-plakat-o-prawach-czlowieka\/\" \/>\n<meta property=\"og:site_name\" content=\"Instytut Polski w Bukareszcie\" \/>\n<meta property=\"article:published_time\" content=\"2016-03-15T15:47:00+00:00\" \/>\n<meta property=\"article:modified_time\" content=\"2020-06-02T14:54:30+00:00\" \/>\n<meta property=\"og:image\" content=\"https:\/\/instytutpolski.pl\/bucuresti\/wp-content\/uploads\/sites\/11\/2020\/06\/plakat-50x70-mic_e4998d-1.jpg\" \/>\n\t<meta property=\"og:image:width\" content=\"827\" \/>\n\t<meta property=\"og:image:height\" content=\"591\" \/>\n\t<meta property=\"og:image:type\" content=\"image\/jpeg\" \/>\n<meta name=\"author\" content=\"nicolaua\" \/>\n<meta name=\"twitter:card\" content=\"summary_large_image\" \/>\n<meta name=\"twitter:label1\" content=\"Napisane przez\" \/>\n\t<meta name=\"twitter:data1\" content=\"nicolaua\" \/>\n\t<meta name=\"twitter:label2\" content=\"Szacowany czas czytania\" \/>\n\t<meta name=\"twitter:data2\" content=\"1 minuta\" \/>\n<script type=\"application\/ld+json\" class=\"yoast-schema-graph\">{\"@context\":\"https:\/\/schema.org\",\"@graph\":[{\"@type\":\"event\",\"@id\":\"https:\/\/instytutpolski.pl\/bucuresti\/pl\/2016\/03\/15\/polski-plakat-o-prawach-czlowieka\/\",\"url\":\"https:\/\/instytutpolski.pl\/bucuresti\/pl\/2016\/03\/15\/polski-plakat-o-prawach-czlowieka\/\",\"name\":\"Polski Plakat o Prawach Cz\u0142owieka\",\"isPartOf\":{\"@id\":\"https:\/\/instytutpolski.pl\/bucuresti\/#website\"},\"primaryImageOfPage\":{\"@id\":\"https:\/\/instytutpolski.pl\/bucuresti\/pl\/2016\/03\/15\/polski-plakat-o-prawach-czlowieka\/#primaryimage\"},\"image\":[\"https:\/\/instytutpolski.pl\/bucuresti\/wp-content\/uploads\/sites\/11\/2020\/06\/plakat-50x70-mic_e4998d-1.jpg\",\"https:\/\/instytutpolski.pl\/bucuresti\/wp-content\/uploads\/sites\/11\/2020\/06\/plakat-50x70-mic_e4998d-1-300x214.jpg\",\"https:\/\/instytutpolski.pl\/bucuresti\/wp-content\/uploads\/sites\/11\/2020\/06\/plakat-50x70-mic_e4998d-1.jpg\",\"https:\/\/instytutpolski.pl\/bucuresti\/wp-content\/uploads\/sites\/11\/2020\/06\/plakat-50x70-mic_e4998d-1.jpg\"],\"thumbnailUrl\":\"https:\/\/instytutpolski.pl\/bucuresti\/wp-content\/uploads\/sites\/11\/2020\/06\/plakat-50x70-mic_e4998d-1.jpg\",\"datePublished\":\"2016-03-15T15:47:00+02:00\",\"dateModified\":\"2020-06-02T14:54:30+02:00\",\"author\":{\"@id\":\"https:\/\/instytutpolski.pl\/bucuresti\/#\/schema\/person\/a1d5ab39dce466455f60589721519864\"},\"breadcrumb\":{\"@id\":\"https:\/\/instytutpolski.pl\/bucuresti\/pl\/2016\/03\/15\/polski-plakat-o-prawach-czlowieka\/#breadcrumb\"},\"inLanguage\":\"pl-PL\",\"potentialAction\":[{\"@type\":\"ReadAction\",\"target\":[\"https:\/\/instytutpolski.pl\/bucuresti\/pl\/2016\/03\/15\/polski-plakat-o-prawach-czlowieka\/\"]}],\"@context\":\"https:\/\/schema.org\",\"startDate\":\"2016-03-15\",\"endDate\":\"2016-03-30\",\"eventStatus\":\"EventScheduled\",\"eventAttendanceMode\":\"OfflineEventAttendanceMode\",\"location\":{\"@type\":\"place\",\"name\":\"\",\"address\":\"\",\"geo\":{\"@type\":\"GeoCoordinates\",\"latitude\":\"\",\"longitude\":\"\"}},\"description\":\"Na wystawie prezentowane s\u0105 najwybitniejsze plakaty artyst\u00f3w polskich, kt\u00f3re zosta\u0142y zakwalifikowane na pierwsze trzy edycje Mi\u0119dzynarodowego Biennale Plakatu Spo\u0142eczno-Politycznego w O\u015bwi\u0119cimiu, a tak\u017ce prace nagradzane na wszystkich edycjach oraz plakaty juror\u00f3w Biennale.\\nPierwsza edycja tej presti\u017cowej imprezy mia\u0142a miejsce w 2006 roku. Od tego czasu biennale sta\u0142o si\u0119 forum artystycznej wymiany pogl\u0105d\u00f3w na temat najwa\u017cniejszych h problem\u00f3w wsp\u00f3\u0142czesnego \u015bwiata. Spotka\u0142o si\u0119 z zainteresowaniem i \u017cyw\u0105 reakcj\u0105 wielu znakomitych tw\u00f3rc\u00f3w, reprezentuj\u0105cych r\u00f3\u017cne zak\u0105tki Ziemi.\\n\u201eTw\u00f3rczo dla praw cz\u0142owieka\u201d \u2013 my\u015bl przewodnia, koresponduje z pami\u0119ci\u0105 o tragicznej historii niemieckiego nazistowskiego obozu zag\u0142ady Auschwitz-Birkenau, utworzonego\u00a0 przez nazist\u00f3w w czasie II Wojny \u015awiatowej w O\u015bwi\u0119cimiu, na ziemiach okupowanej Polski .\\nArtystyczne wypowiedzi, prezentowane w czasie Mi\u0119dzynarodowego Biennale Plakatu Spo\u0142eczno-Politycznego dotycz\u0105 wachlarza zagadnie\u0144 takich jak: tolerancja, ekologia, r\u00f3wnouprawnienie, wp\u0142yw polityki na \u017cycie obywateli, problemy rasizmu, przemocy, \u0142amania praw dzieci, kobiet czy \u00a0mniejszo\u015bci.\\nWystawie towarzyszy tak\u017ce wyk\u0142ad nt. spo\u0142ecznego i politycznego wymiaru Polskiej Szko\u0142y Plakatu dr Paw\u0142a Warcho\u0142a, kuratora wystawy, dla student\u00f3w UNArte.\\nWystawa \u201ePolski Plakat o Prawach Cz\u0142owieka\u201d zrealizowana we wsp\u00f3\u0142pracy z Narodowym Uniwersytetem Sztuk Pi\u0119knych w Bukareszcie (UNArte) jest prezentowana w UNAgaleria, Str. Budisteanu 10, Bukareszt w dniach 15-30 marca 2016.\u00a0\"},{\"@type\":\"ImageObject\",\"inLanguage\":\"pl-PL\",\"@id\":\"https:\/\/instytutpolski.pl\/bucuresti\/pl\/2016\/03\/15\/polski-plakat-o-prawach-czlowieka\/#primaryimage\",\"url\":\"https:\/\/instytutpolski.pl\/bucuresti\/wp-content\/uploads\/sites\/11\/2020\/06\/plakat-50x70-mic_e4998d-1.jpg\",\"contentUrl\":\"https:\/\/instytutpolski.pl\/bucuresti\/wp-content\/uploads\/sites\/11\/2020\/06\/plakat-50x70-mic_e4998d-1.jpg\",\"width\":827,\"height\":591,\"caption\":\"Foto: Pawe\u0142 Warcho\u0142\"},{\"@type\":\"BreadcrumbList\",\"@id\":\"https:\/\/instytutpolski.pl\/bucuresti\/pl\/2016\/03\/15\/polski-plakat-o-prawach-czlowieka\/#breadcrumb\",\"itemListElement\":[{\"@type\":\"ListItem\",\"position\":1,\"name\":\"Home\",\"item\":\"https:\/\/instytutpolski.pl\/bucuresti\/\"},{\"@type\":\"ListItem\",\"position\":2,\"name\":\"Polski Plakat o Prawach Cz\u0142owieka\"}]},{\"@type\":\"WebSite\",\"@id\":\"https:\/\/instytutpolski.pl\/bucuresti\/#website\",\"url\":\"https:\/\/instytutpolski.pl\/bucuresti\/\",\"name\":\"Instytut Polski w Bukareszcie\",\"description\":\"Instytuty Polskie\",\"potentialAction\":[{\"@type\":\"SearchAction\",\"target\":{\"@type\":\"EntryPoint\",\"urlTemplate\":\"https:\/\/instytutpolski.pl\/bucuresti\/?s={search_term_string}\"},\"query-input\":{\"@type\":\"PropertyValueSpecification\",\"valueRequired\":true,\"valueName\":\"search_term_string\"}}],\"inLanguage\":\"pl-PL\"},{\"@type\":\"Person\",\"@id\":\"https:\/\/instytutpolski.pl\/bucuresti\/#\/schema\/person\/a1d5ab39dce466455f60589721519864\",\"name\":\"nicolaua\",\"image\":{\"@type\":\"ImageObject\",\"inLanguage\":\"pl-PL\",\"@id\":\"https:\/\/instytutpolski.pl\/bucuresti\/#\/schema\/person\/image\/\",\"url\":\"https:\/\/secure.gravatar.com\/avatar\/5029b942a8ac0a6a935e5655abff56ef?s=96&d=mm&r=g\",\"contentUrl\":\"https:\/\/secure.gravatar.com\/avatar\/5029b942a8ac0a6a935e5655abff56ef?s=96&d=mm&r=g\",\"caption\":\"nicolaua\"},\"url\":\"https:\/\/instytutpolski.pl\/bucuresti\/author\/nicolaua\/\"}]}<\/script>\n<!-- \/ Yoast SEO plugin. -->","yoast_head_json":{"title":"Polski Plakat o Prawach Cz\u0142owieka - Instytut Polski w Bukareszcie","robots":{"index":"index","follow":"follow","max-snippet":"max-snippet:-1","max-image-preview":"max-image-preview:large","max-video-preview":"max-video-preview:-1"},"canonical":"https:\/\/instytutpolski.pl\/bucuresti\/pl\/2016\/03\/15\/polski-plakat-o-prawach-czlowieka\/","og_locale":"pl_PL","og_type":"article","og_title":"Polski Plakat o Prawach Cz\u0142owieka - Instytut Polski w Bukareszcie","og_description":"Na wystawie prezentowane s\u0105 najwybitniejsze plakaty artyst\u00f3w polskich, kt\u00f3re zosta\u0142y zakwalifikowane na pierwsze trzy edycje Mi\u0119dzynarodowego Biennale Plakatu Spo\u0142eczno-Politycznego w O\u015bwi\u0119cimiu, a tak\u017ce prace nagradzane na wszystkich edycjach oraz plakaty juror\u00f3w Biennale. Pierwsza edycja tej presti\u017cowej imprezy mia\u0142a miejsce w 2006 roku. Od tego czasu biennale sta\u0142o si\u0119 forum artystycznej wymiany pogl\u0105d\u00f3w na temat najwa\u017cniejszych [&hellip;]","og_url":"https:\/\/instytutpolski.pl\/bucuresti\/pl\/2016\/03\/15\/polski-plakat-o-prawach-czlowieka\/","og_site_name":"Instytut Polski w Bukareszcie","article_published_time":"2016-03-15T15:47:00+00:00","article_modified_time":"2020-06-02T14:54:30+00:00","og_image":[{"width":827,"height":591,"url":"https:\/\/instytutpolski.pl\/bucuresti\/wp-content\/uploads\/sites\/11\/2020\/06\/plakat-50x70-mic_e4998d-1.jpg","type":"image\/jpeg"}],"author":"nicolaua","twitter_card":"summary_large_image","twitter_misc":{"Napisane przez":"nicolaua","Szacowany czas czytania":"1 minuta"},"schema":{"@context":"https:\/\/schema.org","@graph":[{"@type":"event","@id":"https:\/\/instytutpolski.pl\/bucuresti\/pl\/2016\/03\/15\/polski-plakat-o-prawach-czlowieka\/","url":"https:\/\/instytutpolski.pl\/bucuresti\/pl\/2016\/03\/15\/polski-plakat-o-prawach-czlowieka\/","name":"Polski Plakat o Prawach Cz\u0142owieka","isPartOf":{"@id":"https:\/\/instytutpolski.pl\/bucuresti\/#website"},"primaryImageOfPage":{"@id":"https:\/\/instytutpolski.pl\/bucuresti\/pl\/2016\/03\/15\/polski-plakat-o-prawach-czlowieka\/#primaryimage"},"image":["https:\/\/instytutpolski.pl\/bucuresti\/wp-content\/uploads\/sites\/11\/2020\/06\/plakat-50x70-mic_e4998d-1.jpg","https:\/\/instytutpolski.pl\/bucuresti\/wp-content\/uploads\/sites\/11\/2020\/06\/plakat-50x70-mic_e4998d-1-300x214.jpg","https:\/\/instytutpolski.pl\/bucuresti\/wp-content\/uploads\/sites\/11\/2020\/06\/plakat-50x70-mic_e4998d-1.jpg","https:\/\/instytutpolski.pl\/bucuresti\/wp-content\/uploads\/sites\/11\/2020\/06\/plakat-50x70-mic_e4998d-1.jpg"],"thumbnailUrl":"https:\/\/instytutpolski.pl\/bucuresti\/wp-content\/uploads\/sites\/11\/2020\/06\/plakat-50x70-mic_e4998d-1.jpg","datePublished":"2016-03-15T15:47:00+02:00","dateModified":"2020-06-02T14:54:30+02:00","author":{"@id":"https:\/\/instytutpolski.pl\/bucuresti\/#\/schema\/person\/a1d5ab39dce466455f60589721519864"},"breadcrumb":{"@id":"https:\/\/instytutpolski.pl\/bucuresti\/pl\/2016\/03\/15\/polski-plakat-o-prawach-czlowieka\/#breadcrumb"},"inLanguage":"pl-PL","potentialAction":[{"@type":"ReadAction","target":["https:\/\/instytutpolski.pl\/bucuresti\/pl\/2016\/03\/15\/polski-plakat-o-prawach-czlowieka\/"]}],"@context":"https:\/\/schema.org","startDate":"2016-03-15","endDate":"2016-03-30","eventStatus":"EventScheduled","eventAttendanceMode":"OfflineEventAttendanceMode","location":{"@type":"place","name":"","address":"","geo":{"@type":"GeoCoordinates","latitude":"","longitude":""}},"description":"Na wystawie prezentowane s\u0105 najwybitniejsze plakaty artyst\u00f3w polskich, kt\u00f3re zosta\u0142y zakwalifikowane na pierwsze trzy edycje Mi\u0119dzynarodowego Biennale Plakatu Spo\u0142eczno-Politycznego w O\u015bwi\u0119cimiu, a tak\u017ce prace nagradzane na wszystkich edycjach oraz plakaty juror\u00f3w Biennale.\nPierwsza edycja tej presti\u017cowej imprezy mia\u0142a miejsce w 2006 roku. Od tego czasu biennale sta\u0142o si\u0119 forum artystycznej wymiany pogl\u0105d\u00f3w na temat najwa\u017cniejszych h problem\u00f3w wsp\u00f3\u0142czesnego \u015bwiata. Spotka\u0142o si\u0119 z zainteresowaniem i \u017cyw\u0105 reakcj\u0105 wielu znakomitych tw\u00f3rc\u00f3w, reprezentuj\u0105cych r\u00f3\u017cne zak\u0105tki Ziemi.\n\u201eTw\u00f3rczo dla praw cz\u0142owieka\u201d \u2013 my\u015bl przewodnia, koresponduje z pami\u0119ci\u0105 o tragicznej historii niemieckiego nazistowskiego obozu zag\u0142ady Auschwitz-Birkenau, utworzonego\u00a0 przez nazist\u00f3w w czasie II Wojny \u015awiatowej w O\u015bwi\u0119cimiu, na ziemiach okupowanej Polski .\nArtystyczne wypowiedzi, prezentowane w czasie Mi\u0119dzynarodowego Biennale Plakatu Spo\u0142eczno-Politycznego dotycz\u0105 wachlarza zagadnie\u0144 takich jak: tolerancja, ekologia, r\u00f3wnouprawnienie, wp\u0142yw polityki na \u017cycie obywateli, problemy rasizmu, przemocy, \u0142amania praw dzieci, kobiet czy \u00a0mniejszo\u015bci.\nWystawie towarzyszy tak\u017ce wyk\u0142ad nt. spo\u0142ecznego i politycznego wymiaru Polskiej Szko\u0142y Plakatu dr Paw\u0142a Warcho\u0142a, kuratora wystawy, dla student\u00f3w UNArte.\nWystawa \u201ePolski Plakat o Prawach Cz\u0142owieka\u201d zrealizowana we wsp\u00f3\u0142pracy z Narodowym Uniwersytetem Sztuk Pi\u0119knych w Bukareszcie (UNArte) jest prezentowana w UNAgaleria, Str. Budisteanu 10, Bukareszt w dniach 15-30 marca 2016.\u00a0"},{"@type":"ImageObject","inLanguage":"pl-PL","@id":"https:\/\/instytutpolski.pl\/bucuresti\/pl\/2016\/03\/15\/polski-plakat-o-prawach-czlowieka\/#primaryimage","url":"https:\/\/instytutpolski.pl\/bucuresti\/wp-content\/uploads\/sites\/11\/2020\/06\/plakat-50x70-mic_e4998d-1.jpg","contentUrl":"https:\/\/instytutpolski.pl\/bucuresti\/wp-content\/uploads\/sites\/11\/2020\/06\/plakat-50x70-mic_e4998d-1.jpg","width":827,"height":591,"caption":"Foto: Pawe\u0142 Warcho\u0142"},{"@type":"BreadcrumbList","@id":"https:\/\/instytutpolski.pl\/bucuresti\/pl\/2016\/03\/15\/polski-plakat-o-prawach-czlowieka\/#breadcrumb","itemListElement":[{"@type":"ListItem","position":1,"name":"Home","item":"https:\/\/instytutpolski.pl\/bucuresti\/"},{"@type":"ListItem","position":2,"name":"Polski Plakat o Prawach Cz\u0142owieka"}]},{"@type":"WebSite","@id":"https:\/\/instytutpolski.pl\/bucuresti\/#website","url":"https:\/\/instytutpolski.pl\/bucuresti\/","name":"Instytut Polski w Bukareszcie","description":"Instytuty Polskie","potentialAction":[{"@type":"SearchAction","target":{"@type":"EntryPoint","urlTemplate":"https:\/\/instytutpolski.pl\/bucuresti\/?s={search_term_string}"},"query-input":{"@type":"PropertyValueSpecification","valueRequired":true,"valueName":"search_term_string"}}],"inLanguage":"pl-PL"},{"@type":"Person","@id":"https:\/\/instytutpolski.pl\/bucuresti\/#\/schema\/person\/a1d5ab39dce466455f60589721519864","name":"nicolaua","image":{"@type":"ImageObject","inLanguage":"pl-PL","@id":"https:\/\/instytutpolski.pl\/bucuresti\/#\/schema\/person\/image\/","url":"https:\/\/secure.gravatar.com\/avatar\/5029b942a8ac0a6a935e5655abff56ef?s=96&d=mm&r=g","contentUrl":"https:\/\/secure.gravatar.com\/avatar\/5029b942a8ac0a6a935e5655abff56ef?s=96&d=mm&r=g","caption":"nicolaua"},"url":"https:\/\/instytutpolski.pl\/bucuresti\/author\/nicolaua\/"}]}},"_links":{"self":[{"href":"https:\/\/instytutpolski.pl\/bucuresti\/wp-json\/wp\/v2\/posts\/3022","targetHints":{"allow":["GET"]}}],"collection":[{"href":"https:\/\/instytutpolski.pl\/bucuresti\/wp-json\/wp\/v2\/posts"}],"about":[{"href":"https:\/\/instytutpolski.pl\/bucuresti\/wp-json\/wp\/v2\/types\/post"}],"author":[{"embeddable":true,"href":"https:\/\/instytutpolski.pl\/bucuresti\/wp-json\/wp\/v2\/users\/43"}],"replies":[{"embeddable":true,"href":"https:\/\/instytutpolski.pl\/bucuresti\/wp-json\/wp\/v2\/comments?post=3022"}],"version-history":[{"count":2,"href":"https:\/\/instytutpolski.pl\/bucuresti\/wp-json\/wp\/v2\/posts\/3022\/revisions"}],"predecessor-version":[{"id":3024,"href":"https:\/\/instytutpolski.pl\/bucuresti\/wp-json\/wp\/v2\/posts\/3022\/revisions\/3024"}],"wp:featuredmedia":[{"embeddable":true,"href":"https:\/\/instytutpolski.pl\/bucuresti\/wp-json\/wp\/v2\/media\/3019"}],"wp:attachment":[{"href":"https:\/\/instytutpolski.pl\/bucuresti\/wp-json\/wp\/v2\/media?parent=3022"}],"wp:term":[{"taxonomy":"category","embeddable":true,"href":"https:\/\/instytutpolski.pl\/bucuresti\/wp-json\/wp\/v2\/categories?post=3022"},{"taxonomy":"post_tag","embeddable":true,"href":"https:\/\/instytutpolski.pl\/bucuresti\/wp-json\/wp\/v2\/tags?post=3022"}],"curies":[{"name":"wp","href":"https:\/\/api.w.org\/{rel}","templated":true}]}}