{"id":3056,"date":"2016-03-10T17:33:00","date_gmt":"2016-03-10T16:33:00","guid":{"rendered":"https:\/\/instytutpolski.pl\/bucuresti\/?p=3056"},"modified":"2020-06-02T19:14:21","modified_gmt":"2020-06-02T17:14:21","slug":"przeglad-cinepolska-w-osmiu-miastach","status":"publish","type":"post","link":"https:\/\/instytutpolski.pl\/bucuresti\/pl\/2016\/03\/10\/przeglad-cinepolska-w-osmiu-miastach\/","title":{"rendered":"Przegl\u0105d CinePOLSKA w o\u015bmiu miastach"},"content":{"rendered":"\n<div class=\"post-text-container\">\n<div class=\"head\">\u00a0<\/div>\n<div>\n<p>&#8211; Wi\u0119kszo\u015b\u0107 film\u00f3w prezentowanych w czasie tegorocznego CinePOLSKA opowiada autentyczne historie. Ogl\u0105daj\u0105c je mo\u017cna pozna\u0107 ma\u0142o znane wydarzenia z historii Polski i Europy, a tak\u017ce ludzi, kt\u00f3rzy brali w nich udzia\u0142 &#8211; m\u00f3wi Agnieszka Skieterska, dyrektor Instytutu Polskiego w Bukareszcie, kt\u00f3ry jest g\u0142\u00f3wnym organizatorem przegl\u0105du.<\/p>\n<p>Widzowie przegl\u0105du z o\u015bmiu miast b\u0119d\u0105 mogli zobaczy\u0107 trzy polskie filmu fabularne. Dni z polskimi filmami rozpoczyna w tym roku projekcja\u00a0<strong>\u201eBog\u00f3w\u201d<\/strong>, opowie\u015bci o wybitnym kardiochirurgu Zbigniewie Relidze, kt\u00f3ry w latach osiemdziesi\u0105tych XX wieku, sam przeciwko wszystkim, zapocz\u0105tkowa\u0142 w Polsce program transplantacji serca. Ten hollywoodzki w stylu obraz m\u0142odego re\u017cysera \u0141ukasza Palkowskiego zdoby\u0142 pierwsz\u0105 nagrod\u0119 na presti\u017cowym Festiwalu Polskich Film\u00f3w Fabularnych w Gdyni.\u00a0<\/p>\n<p>Przegl\u0105d to tak\u017ce okazja, aby zobaczy\u0107 jedn\u0105 z najwi\u0119kszych polskich superprodukcji ostatnich lata &#8211;\u00a0<strong>\u201eMiasto 44\u201d<\/strong>, epick\u0105 opowie\u015b\u0107 o pokoleniu bardzo m\u0142odych ludzi, kt\u00f3rzy w czasie okupacji Polski przez Niemcy walczyli w Powstaniu Warszawskim w 1944 roku. Jan Komasa, zaledwie 34-letni re\u017cyser, zmierzy\u0142 si\u0119 si\u0119 niebywale trudnym zadaniem, czyli podj\u0105\u0142 dialog z klasycznym dla \u015bwiatowego kina \u201eKana\u0142em\u201d Andrzeja Wajdy. Film Komasy, skierowany do dzisiejszego m\u0142odego widza, m\u00f3wi o bohaterstwie ich r\u00f3wie\u015bnik\u00f3w sprzed lat, ale opowiada o nim j\u0119zykiem, obrazem i muzyk\u0105, kt\u00f3re s\u0105 bliskie wsp\u00f3\u0142czesnemu widzowi.<\/p>\n<p>Trzeci film w programie to komedia, kt\u00f3r\u0105 krytycy por\u00f3wnuj\u0105 do gorzkiej czekolady.\u00a0<strong>\u201eObywatel\u201d<\/strong>\u00a0Jerzego Stuhra, znanego aktora i re\u017cysera, \u015bmieje si\u0119 z polskiej mitologii historycznej. Sam Stuhr graj\u0105c tytu\u0142owego, zwyk\u0142ego, szarego obywatela, prze\u015blizguj\u0105cego si\u0119 mi\u0119dzy wydarzeniami ostatnich 50 lat w Polsce, spogl\u0105da na Polak\u00f3w okiem surowym i krytycznym, ale z otwartym sercem. Prowokuje i bawi. Film zdoby\u0142 w Gdyni nagrod\u0119 specjaln\u0105 za odwag\u0119 podj\u0119cia trudnych temat\u00f3w.<\/p>\n<p>Przegl\u0105d CinePOLSKA jest organizowany przez Instytut Polski z Bukaresztu i Stowarzyszenie Filmowc\u00f3w Polskich oraz przy wsparciu Polskiego Instytutu Sztuki Filmowej. W pe\u0142nej formule jest prezentowany co roku jesieni\u0105 w Bukareszcie i Kiszyniowie, edycja wiosenna w innych miastach Rumunii i Mo\u0142dawii jest skr\u00f3cona.<\/p>\n<p>\u00a0<\/p>\n<p><strong>Gdzie i kiedy zobaczysz polskie filmy (kliknij na nazw\u0119 miasta, by sprawdzi\u0107 plan pokaz\u00f3w)?<\/strong><\/p>\n<p><strong><a href=\"http:\/\/www.culturapoloneza.ro\/pl\/events\/item\/cinepolska-dni-filmu-polskiego-w-braszowie.html\" target=\"_blank\" rel=\"noopener noreferrer\">Brasz\u00f3w<\/a>, 17-19 marca,<\/strong>\u00a0Kino Patria (bd. 15 Noiembrie 50A), godz. 20.00<\/p>\n<p><strong><a href=\"http:\/\/www.culturapoloneza.ro\/pl\/events\/item\/cinepolska-dni-filmu-polskiego-w-timiszoarze.html\" target=\"_blank\" rel=\"noopener noreferrer\">Timiszoara<\/a>, 24-26 marca,<\/strong>\u00a0Centralna Biblioteka Uniwersytecka im. Eugena Todoran (bd. Vasile Parvan 4A), godz. 18.00<\/p>\n<p><strong><a href=\"http:\/\/www.culturapoloneza.ro\/pl\/events\/item\/cinepolska-dni-filmu-polskiego-w-galaczu.html\" target=\"_blank\" rel=\"noopener noreferrer\">Ga\u0142acz<\/a>, 25-27 marca,<\/strong>\u00a0Muzeum Sztuki Wizualnej (ul. Tecuci 7, bl. V3, parter), godz. 18.00<\/p>\n<p><strong><a href=\"http:\/\/www.culturapoloneza.ro\/pl\/events\/item\/_sys_tmp_f807469a01cafd4f9b854b4dd38d9381.html\" target=\"_blank\" rel=\"noopener noreferrer\">Bielce<\/a>\u00a0(Mo\u0142dawia), 31 marca-2 kwietnia,\u00a0<\/strong>Uniwersytet Pa\u0144stwowy\u00a0im. Alecu Russo, Sala Polivalenta (ul. Puskin 38), godz. 11.10 i 14.10<\/p>\n<p><strong><a href=\"http:\/\/www.culturapoloneza.ro\/pl\/events\/item\/cinepolska-program-jassy.html\" target=\"_blank\" rel=\"noopener noreferrer\">Jassy<\/a>, 31 marca-2 kwietnia,<\/strong>\u00a0Dom Kultury im. Mihaia Ursachi (bd. Carol I, Park Copou), godz. 18.30<\/p>\n<p><strong><a href=\"http:\/\/www.culturapoloneza.ro\/pl\/events\/item\/cinepolska-program-oradea.html\" target=\"_blank\" rel=\"noopener noreferrer\">Oradea<\/a>, 7-9 kwietnia,<\/strong>\u00a0Uniwersytet Chrze\u015bcija\u0144ski\u00a0Partium (ul. Primariei 27), godz. 19.00<\/p>\n<p><strong><a href=\"http:\/\/www.culturapoloneza.ro\/pl\/events\/item\/cinepolska-program-targu-muresz.html\" target=\"_blank\" rel=\"noopener noreferrer\">Targu Muresz<\/a>, 8-10 kwietnia,\u00a0<\/strong>Kino Arta (Piata Trandafirilor 35-37), godz. 20.00<\/p>\n<p><strong><a href=\"http:\/\/www.culturapoloneza.ro\/pl\/events\/item\/cinepolska-program-kluz-napoka.html\" target=\"_blank\" rel=\"noopener noreferrer\">Klu\u017c-Napoka<\/a>, 14-16 kwietnia,<\/strong>\u00a0Kino Victoria (bd. Eroilor 51), godz. 18.00 i 20.00<\/p>\n<\/div>\n<\/div>\n","protected":false},"excerpt":{"rendered":"<p>\u00a0 &#8211; Wi\u0119kszo\u015b\u0107 film\u00f3w prezentowanych w czasie tegorocznego CinePOLSKA opowiada autentyczne historie. Ogl\u0105daj\u0105c je mo\u017cna pozna\u0107 ma\u0142o znane wydarzenia z historii Polski i Europy, a tak\u017ce ludzi, kt\u00f3rzy brali w nich udzia\u0142 &#8211; m\u00f3wi Agnieszka Skieterska, dyrektor Instytutu Polskiego w Bukareszcie, kt\u00f3ry jest g\u0142\u00f3wnym organizatorem przegl\u0105du. Widzowie przegl\u0105du z o\u015bmiu miast b\u0119d\u0105 mogli zobaczy\u0107 trzy [&hellip;]<\/p>\n","protected":false},"author":43,"featured_media":3044,"comment_status":"open","ping_status":"open","sticky":false,"template":"","format":"standard","meta":{"inline_featured_image":false,"_monsterinsights_skip_tracking":false,"_monsterinsights_sitenote_active":false,"_monsterinsights_sitenote_note":"","_monsterinsights_sitenote_category":0,"footnotes":""},"categories":[45,96],"tags":[324],"class_list":["post-3056","post","type-post","status-publish","format-standard","has-post-thumbnail","hentry","category-kino","category-wydarzenia","tag-cinepolska"],"yoast_head":"<!-- This site is optimized with the Yoast SEO plugin v24.6 - https:\/\/yoast.com\/wordpress\/plugins\/seo\/ -->\n<title>Przegl\u0105d CinePOLSKA w o\u015bmiu miastach - Instytut Polski w Bukareszcie<\/title>\n<meta name=\"robots\" content=\"index, follow, max-snippet:-1, max-image-preview:large, max-video-preview:-1\" \/>\n<link rel=\"canonical\" href=\"https:\/\/instytutpolski.pl\/bucuresti\/pl\/2016\/03\/10\/przeglad-cinepolska-w-osmiu-miastach\/\" \/>\n<meta property=\"og:locale\" content=\"pl_PL\" \/>\n<meta property=\"og:type\" content=\"article\" \/>\n<meta property=\"og:title\" content=\"Przegl\u0105d CinePOLSKA w o\u015bmiu miastach - Instytut Polski w Bukareszcie\" \/>\n<meta property=\"og:description\" content=\"\u00a0 &#8211; Wi\u0119kszo\u015b\u0107 film\u00f3w prezentowanych w czasie tegorocznego CinePOLSKA opowiada autentyczne historie. Ogl\u0105daj\u0105c je mo\u017cna pozna\u0107 ma\u0142o znane wydarzenia z historii Polski i Europy, a tak\u017ce ludzi, kt\u00f3rzy brali w nich udzia\u0142 &#8211; m\u00f3wi Agnieszka Skieterska, dyrektor Instytutu Polskiego w Bukareszcie, kt\u00f3ry jest g\u0142\u00f3wnym organizatorem przegl\u0105du. Widzowie przegl\u0105du z o\u015bmiu miast b\u0119d\u0105 mogli zobaczy\u0107 trzy [&hellip;]\" \/>\n<meta property=\"og:url\" content=\"https:\/\/instytutpolski.pl\/bucuresti\/pl\/2016\/03\/10\/przeglad-cinepolska-w-osmiu-miastach\/\" \/>\n<meta property=\"og:site_name\" content=\"Instytut Polski w Bukareszcie\" \/>\n<meta property=\"article:published_time\" content=\"2016-03-10T16:33:00+00:00\" \/>\n<meta property=\"article:modified_time\" content=\"2020-06-02T17:14:21+00:00\" \/>\n<meta property=\"og:image\" content=\"https:\/\/instytutpolski.pl\/bucuresti\/wp-content\/uploads\/sites\/11\/2020\/06\/proiectiile-cinepolska-pornesc-la-drum_b670e8-1.jpg\" \/>\n\t<meta property=\"og:image:width\" content=\"662\" \/>\n\t<meta property=\"og:image:height\" content=\"373\" \/>\n\t<meta property=\"og:image:type\" content=\"image\/jpeg\" \/>\n<meta name=\"author\" content=\"nicolaua\" \/>\n<meta name=\"twitter:card\" content=\"summary_large_image\" \/>\n<meta name=\"twitter:label1\" content=\"Napisane przez\" \/>\n\t<meta name=\"twitter:data1\" content=\"nicolaua\" \/>\n\t<meta name=\"twitter:label2\" content=\"Szacowany czas czytania\" \/>\n\t<meta name=\"twitter:data2\" content=\"2 minuty\" \/>\n<script type=\"application\/ld+json\" class=\"yoast-schema-graph\">{\"@context\":\"https:\/\/schema.org\",\"@graph\":[{\"@type\":\"event\",\"@id\":\"https:\/\/instytutpolski.pl\/bucuresti\/pl\/2016\/03\/10\/przeglad-cinepolska-w-osmiu-miastach\/\",\"url\":\"https:\/\/instytutpolski.pl\/bucuresti\/pl\/2016\/03\/10\/przeglad-cinepolska-w-osmiu-miastach\/\",\"name\":\"Przegl\u0105d CinePOLSKA w o\u015bmiu miastach\",\"isPartOf\":{\"@id\":\"https:\/\/instytutpolski.pl\/bucuresti\/#website\"},\"primaryImageOfPage\":{\"@id\":\"https:\/\/instytutpolski.pl\/bucuresti\/pl\/2016\/03\/10\/przeglad-cinepolska-w-osmiu-miastach\/#primaryimage\"},\"image\":[\"https:\/\/instytutpolski.pl\/bucuresti\/wp-content\/uploads\/sites\/11\/2020\/06\/proiectiile-cinepolska-pornesc-la-drum_b670e8-1.jpg\",\"https:\/\/instytutpolski.pl\/bucuresti\/wp-content\/uploads\/sites\/11\/2020\/06\/proiectiile-cinepolska-pornesc-la-drum_b670e8-1-300x169.jpg\",\"https:\/\/instytutpolski.pl\/bucuresti\/wp-content\/uploads\/sites\/11\/2020\/06\/proiectiile-cinepolska-pornesc-la-drum_b670e8-1.jpg\",\"https:\/\/instytutpolski.pl\/bucuresti\/wp-content\/uploads\/sites\/11\/2020\/06\/proiectiile-cinepolska-pornesc-la-drum_b670e8-1.jpg\"],\"thumbnailUrl\":\"https:\/\/instytutpolski.pl\/bucuresti\/wp-content\/uploads\/sites\/11\/2020\/06\/proiectiile-cinepolska-pornesc-la-drum_b670e8-1.jpg\",\"datePublished\":\"2016-03-10T16:33:00+02:00\",\"dateModified\":\"2020-06-02T17:14:21+02:00\",\"author\":{\"@id\":\"https:\/\/instytutpolski.pl\/bucuresti\/#\/schema\/person\/a1d5ab39dce466455f60589721519864\"},\"breadcrumb\":{\"@id\":\"https:\/\/instytutpolski.pl\/bucuresti\/pl\/2016\/03\/10\/przeglad-cinepolska-w-osmiu-miastach\/#breadcrumb\"},\"inLanguage\":\"pl-PL\",\"potentialAction\":[{\"@type\":\"ReadAction\",\"target\":[\"https:\/\/instytutpolski.pl\/bucuresti\/pl\/2016\/03\/10\/przeglad-cinepolska-w-osmiu-miastach\/\"]}],\"@context\":\"https:\/\/schema.org\",\"startDate\":\"2016-03-17\",\"endDate\":\"2016-04-16\",\"eventStatus\":\"EventScheduled\",\"eventAttendanceMode\":\"OfflineEventAttendanceMode\",\"location\":{\"@type\":\"place\",\"name\":\"\",\"address\":\"\",\"geo\":{\"@type\":\"GeoCoordinates\",\"latitude\":\"\",\"longitude\":\"\"}},\"description\":\"\u00a0\\n- Wi\u0119kszo\u015b\u0107 film\u00f3w prezentowanych w czasie tegorocznego CinePOLSKA opowiada autentyczne historie. Ogl\u0105daj\u0105c je mo\u017cna pozna\u0107 ma\u0142o znane wydarzenia z historii Polski i Europy, a tak\u017ce ludzi, kt\u00f3rzy brali w nich udzia\u0142 - m\u00f3wi Agnieszka Skieterska, dyrektor Instytutu Polskiego w Bukareszcie, kt\u00f3ry jest g\u0142\u00f3wnym organizatorem przegl\u0105du.\\nWidzowie przegl\u0105du z o\u015bmiu miast b\u0119d\u0105 mogli zobaczy\u0107 trzy polskie filmu fabularne. Dni z polskimi filmami rozpoczyna w tym roku projekcja\u00a0\u201eBog\u00f3w\u201d, opowie\u015bci o wybitnym kardiochirurgu Zbigniewie Relidze, kt\u00f3ry w latach osiemdziesi\u0105tych XX wieku, sam przeciwko wszystkim, zapocz\u0105tkowa\u0142 w Polsce program transplantacji serca. Ten hollywoodzki w stylu obraz m\u0142odego re\u017cysera \u0141ukasza Palkowskiego zdoby\u0142 pierwsz\u0105 nagrod\u0119 na presti\u017cowym Festiwalu Polskich Film\u00f3w Fabularnych w Gdyni.\u00a0\\nPrzegl\u0105d to tak\u017ce okazja, aby zobaczy\u0107 jedn\u0105 z najwi\u0119kszych polskich superprodukcji ostatnich lata -\u00a0\u201eMiasto 44\u201d, epick\u0105 opowie\u015b\u0107 o pokoleniu bardzo m\u0142odych ludzi, kt\u00f3rzy w czasie okupacji Polski przez Niemcy walczyli w Powstaniu Warszawskim w 1944 roku. Jan Komasa, zaledwie 34-letni re\u017cyser, zmierzy\u0142 si\u0119 si\u0119 niebywale trudnym zadaniem, czyli podj\u0105\u0142 dialog z klasycznym dla \u015bwiatowego kina \u201eKana\u0142em\u201d Andrzeja Wajdy. Film Komasy, skierowany do dzisiejszego m\u0142odego widza, m\u00f3wi o bohaterstwie ich r\u00f3wie\u015bnik\u00f3w sprzed lat, ale opowiada o nim j\u0119zykiem, obrazem i muzyk\u0105, kt\u00f3re s\u0105 bliskie wsp\u00f3\u0142czesnemu widzowi.\\nTrzeci film w programie to komedia, kt\u00f3r\u0105 krytycy por\u00f3wnuj\u0105 do gorzkiej czekolady.\u00a0\u201eObywatel\u201d\u00a0Jerzego Stuhra, znanego aktora i re\u017cysera, \u015bmieje si\u0119 z polskiej mitologii historycznej. Sam Stuhr graj\u0105c tytu\u0142owego, zwyk\u0142ego, szarego obywatela, prze\u015blizguj\u0105cego si\u0119 mi\u0119dzy wydarzeniami ostatnich 50 lat w Polsce, spogl\u0105da na Polak\u00f3w okiem surowym i krytycznym, ale z otwartym sercem. Prowokuje i bawi. Film zdoby\u0142 w Gdyni nagrod\u0119 specjaln\u0105 za odwag\u0119 podj\u0119cia trudnych temat\u00f3w.\\nPrzegl\u0105d CinePOLSKA jest organizowany przez Instytut Polski z Bukaresztu i Stowarzyszenie Filmowc\u00f3w Polskich oraz przy wsparciu Polskiego Instytutu Sztuki Filmowej. W pe\u0142nej formule jest prezentowany co roku jesieni\u0105 w Bukareszcie i Kiszyniowie, edycja wiosenna w innych miastach Rumunii i Mo\u0142dawii jest skr\u00f3cona.\\n\u00a0\\nGdzie i kiedy zobaczysz polskie filmy (kliknij na nazw\u0119 miasta, by sprawdzi\u0107 plan pokaz\u00f3w)?\\nBrasz\u00f3w, 17-19 marca,\u00a0Kino Patria (bd. 15 Noiembrie 50A), godz. 20.00\\nTimiszoara, 24-26 marca,\u00a0Centralna Biblioteka Uniwersytecka im. Eugena Todoran (bd. Vasile Parvan 4A), godz. 18.00\\nGa\u0142acz, 25-27 marca,\u00a0Muzeum Sztuki Wizualnej (ul. Tecuci 7, bl. V3, parter), godz. 18.00\\nBielce\u00a0(Mo\u0142dawia), 31 marca-2 kwietnia,\u00a0Uniwersytet Pa\u0144stwowy\u00a0im. Alecu Russo, Sala Polivalenta (ul. Puskin 38), godz. 11.10 i 14.10\\nJassy, 31 marca-2 kwietnia,\u00a0Dom Kultury im. Mihaia Ursachi (bd. Carol I, Park Copou), godz. 18.30\\nOradea, 7-9 kwietnia,\u00a0Uniwersytet Chrze\u015bcija\u0144ski\u00a0Partium (ul. Primariei 27), godz. 19.00\\nTargu Muresz, 8-10 kwietnia,\u00a0Kino Arta (Piata Trandafirilor 35-37), godz. 20.00\\nKlu\u017c-Napoka, 14-16 kwietnia,\u00a0Kino Victoria (bd. Eroilor 51), godz. 18.00 i 20.00\"},{\"@type\":\"ImageObject\",\"inLanguage\":\"pl-PL\",\"@id\":\"https:\/\/instytutpolski.pl\/bucuresti\/pl\/2016\/03\/10\/przeglad-cinepolska-w-osmiu-miastach\/#primaryimage\",\"url\":\"https:\/\/instytutpolski.pl\/bucuresti\/wp-content\/uploads\/sites\/11\/2020\/06\/proiectiile-cinepolska-pornesc-la-drum_b670e8-1.jpg\",\"contentUrl\":\"https:\/\/instytutpolski.pl\/bucuresti\/wp-content\/uploads\/sites\/11\/2020\/06\/proiectiile-cinepolska-pornesc-la-drum_b670e8-1.jpg\",\"width\":662,\"height\":373,\"caption\":\"Foto: Piotr Bzdura\"},{\"@type\":\"BreadcrumbList\",\"@id\":\"https:\/\/instytutpolski.pl\/bucuresti\/pl\/2016\/03\/10\/przeglad-cinepolska-w-osmiu-miastach\/#breadcrumb\",\"itemListElement\":[{\"@type\":\"ListItem\",\"position\":1,\"name\":\"Home\",\"item\":\"https:\/\/instytutpolski.pl\/bucuresti\/\"},{\"@type\":\"ListItem\",\"position\":2,\"name\":\"Przegl\u0105d CinePOLSKA w o\u015bmiu miastach\"}]},{\"@type\":\"WebSite\",\"@id\":\"https:\/\/instytutpolski.pl\/bucuresti\/#website\",\"url\":\"https:\/\/instytutpolski.pl\/bucuresti\/\",\"name\":\"Instytut Polski w Bukareszcie\",\"description\":\"Instytuty Polskie\",\"potentialAction\":[{\"@type\":\"SearchAction\",\"target\":{\"@type\":\"EntryPoint\",\"urlTemplate\":\"https:\/\/instytutpolski.pl\/bucuresti\/?s={search_term_string}\"},\"query-input\":{\"@type\":\"PropertyValueSpecification\",\"valueRequired\":true,\"valueName\":\"search_term_string\"}}],\"inLanguage\":\"pl-PL\"},{\"@type\":\"Person\",\"@id\":\"https:\/\/instytutpolski.pl\/bucuresti\/#\/schema\/person\/a1d5ab39dce466455f60589721519864\",\"name\":\"nicolaua\",\"image\":{\"@type\":\"ImageObject\",\"inLanguage\":\"pl-PL\",\"@id\":\"https:\/\/instytutpolski.pl\/bucuresti\/#\/schema\/person\/image\/\",\"url\":\"https:\/\/secure.gravatar.com\/avatar\/5029b942a8ac0a6a935e5655abff56ef?s=96&d=mm&r=g\",\"contentUrl\":\"https:\/\/secure.gravatar.com\/avatar\/5029b942a8ac0a6a935e5655abff56ef?s=96&d=mm&r=g\",\"caption\":\"nicolaua\"},\"url\":\"https:\/\/instytutpolski.pl\/bucuresti\/author\/nicolaua\/\"}]}<\/script>\n<!-- \/ Yoast SEO plugin. -->","yoast_head_json":{"title":"Przegl\u0105d CinePOLSKA w o\u015bmiu miastach - Instytut Polski w Bukareszcie","robots":{"index":"index","follow":"follow","max-snippet":"max-snippet:-1","max-image-preview":"max-image-preview:large","max-video-preview":"max-video-preview:-1"},"canonical":"https:\/\/instytutpolski.pl\/bucuresti\/pl\/2016\/03\/10\/przeglad-cinepolska-w-osmiu-miastach\/","og_locale":"pl_PL","og_type":"article","og_title":"Przegl\u0105d CinePOLSKA w o\u015bmiu miastach - Instytut Polski w Bukareszcie","og_description":"\u00a0 &#8211; Wi\u0119kszo\u015b\u0107 film\u00f3w prezentowanych w czasie tegorocznego CinePOLSKA opowiada autentyczne historie. Ogl\u0105daj\u0105c je mo\u017cna pozna\u0107 ma\u0142o znane wydarzenia z historii Polski i Europy, a tak\u017ce ludzi, kt\u00f3rzy brali w nich udzia\u0142 &#8211; m\u00f3wi Agnieszka Skieterska, dyrektor Instytutu Polskiego w Bukareszcie, kt\u00f3ry jest g\u0142\u00f3wnym organizatorem przegl\u0105du. Widzowie przegl\u0105du z o\u015bmiu miast b\u0119d\u0105 mogli zobaczy\u0107 trzy [&hellip;]","og_url":"https:\/\/instytutpolski.pl\/bucuresti\/pl\/2016\/03\/10\/przeglad-cinepolska-w-osmiu-miastach\/","og_site_name":"Instytut Polski w Bukareszcie","article_published_time":"2016-03-10T16:33:00+00:00","article_modified_time":"2020-06-02T17:14:21+00:00","og_image":[{"width":662,"height":373,"url":"https:\/\/instytutpolski.pl\/bucuresti\/wp-content\/uploads\/sites\/11\/2020\/06\/proiectiile-cinepolska-pornesc-la-drum_b670e8-1.jpg","type":"image\/jpeg"}],"author":"nicolaua","twitter_card":"summary_large_image","twitter_misc":{"Napisane przez":"nicolaua","Szacowany czas czytania":"2 minuty"},"schema":{"@context":"https:\/\/schema.org","@graph":[{"@type":"event","@id":"https:\/\/instytutpolski.pl\/bucuresti\/pl\/2016\/03\/10\/przeglad-cinepolska-w-osmiu-miastach\/","url":"https:\/\/instytutpolski.pl\/bucuresti\/pl\/2016\/03\/10\/przeglad-cinepolska-w-osmiu-miastach\/","name":"Przegl\u0105d CinePOLSKA w o\u015bmiu miastach","isPartOf":{"@id":"https:\/\/instytutpolski.pl\/bucuresti\/#website"},"primaryImageOfPage":{"@id":"https:\/\/instytutpolski.pl\/bucuresti\/pl\/2016\/03\/10\/przeglad-cinepolska-w-osmiu-miastach\/#primaryimage"},"image":["https:\/\/instytutpolski.pl\/bucuresti\/wp-content\/uploads\/sites\/11\/2020\/06\/proiectiile-cinepolska-pornesc-la-drum_b670e8-1.jpg","https:\/\/instytutpolski.pl\/bucuresti\/wp-content\/uploads\/sites\/11\/2020\/06\/proiectiile-cinepolska-pornesc-la-drum_b670e8-1-300x169.jpg","https:\/\/instytutpolski.pl\/bucuresti\/wp-content\/uploads\/sites\/11\/2020\/06\/proiectiile-cinepolska-pornesc-la-drum_b670e8-1.jpg","https:\/\/instytutpolski.pl\/bucuresti\/wp-content\/uploads\/sites\/11\/2020\/06\/proiectiile-cinepolska-pornesc-la-drum_b670e8-1.jpg"],"thumbnailUrl":"https:\/\/instytutpolski.pl\/bucuresti\/wp-content\/uploads\/sites\/11\/2020\/06\/proiectiile-cinepolska-pornesc-la-drum_b670e8-1.jpg","datePublished":"2016-03-10T16:33:00+02:00","dateModified":"2020-06-02T17:14:21+02:00","author":{"@id":"https:\/\/instytutpolski.pl\/bucuresti\/#\/schema\/person\/a1d5ab39dce466455f60589721519864"},"breadcrumb":{"@id":"https:\/\/instytutpolski.pl\/bucuresti\/pl\/2016\/03\/10\/przeglad-cinepolska-w-osmiu-miastach\/#breadcrumb"},"inLanguage":"pl-PL","potentialAction":[{"@type":"ReadAction","target":["https:\/\/instytutpolski.pl\/bucuresti\/pl\/2016\/03\/10\/przeglad-cinepolska-w-osmiu-miastach\/"]}],"@context":"https:\/\/schema.org","startDate":"2016-03-17","endDate":"2016-04-16","eventStatus":"EventScheduled","eventAttendanceMode":"OfflineEventAttendanceMode","location":{"@type":"place","name":"","address":"","geo":{"@type":"GeoCoordinates","latitude":"","longitude":""}},"description":"\u00a0\n- Wi\u0119kszo\u015b\u0107 film\u00f3w prezentowanych w czasie tegorocznego CinePOLSKA opowiada autentyczne historie. Ogl\u0105daj\u0105c je mo\u017cna pozna\u0107 ma\u0142o znane wydarzenia z historii Polski i Europy, a tak\u017ce ludzi, kt\u00f3rzy brali w nich udzia\u0142 - m\u00f3wi Agnieszka Skieterska, dyrektor Instytutu Polskiego w Bukareszcie, kt\u00f3ry jest g\u0142\u00f3wnym organizatorem przegl\u0105du.\nWidzowie przegl\u0105du z o\u015bmiu miast b\u0119d\u0105 mogli zobaczy\u0107 trzy polskie filmu fabularne. Dni z polskimi filmami rozpoczyna w tym roku projekcja\u00a0\u201eBog\u00f3w\u201d, opowie\u015bci o wybitnym kardiochirurgu Zbigniewie Relidze, kt\u00f3ry w latach osiemdziesi\u0105tych XX wieku, sam przeciwko wszystkim, zapocz\u0105tkowa\u0142 w Polsce program transplantacji serca. Ten hollywoodzki w stylu obraz m\u0142odego re\u017cysera \u0141ukasza Palkowskiego zdoby\u0142 pierwsz\u0105 nagrod\u0119 na presti\u017cowym Festiwalu Polskich Film\u00f3w Fabularnych w Gdyni.\u00a0\nPrzegl\u0105d to tak\u017ce okazja, aby zobaczy\u0107 jedn\u0105 z najwi\u0119kszych polskich superprodukcji ostatnich lata -\u00a0\u201eMiasto 44\u201d, epick\u0105 opowie\u015b\u0107 o pokoleniu bardzo m\u0142odych ludzi, kt\u00f3rzy w czasie okupacji Polski przez Niemcy walczyli w Powstaniu Warszawskim w 1944 roku. Jan Komasa, zaledwie 34-letni re\u017cyser, zmierzy\u0142 si\u0119 si\u0119 niebywale trudnym zadaniem, czyli podj\u0105\u0142 dialog z klasycznym dla \u015bwiatowego kina \u201eKana\u0142em\u201d Andrzeja Wajdy. Film Komasy, skierowany do dzisiejszego m\u0142odego widza, m\u00f3wi o bohaterstwie ich r\u00f3wie\u015bnik\u00f3w sprzed lat, ale opowiada o nim j\u0119zykiem, obrazem i muzyk\u0105, kt\u00f3re s\u0105 bliskie wsp\u00f3\u0142czesnemu widzowi.\nTrzeci film w programie to komedia, kt\u00f3r\u0105 krytycy por\u00f3wnuj\u0105 do gorzkiej czekolady.\u00a0\u201eObywatel\u201d\u00a0Jerzego Stuhra, znanego aktora i re\u017cysera, \u015bmieje si\u0119 z polskiej mitologii historycznej. Sam Stuhr graj\u0105c tytu\u0142owego, zwyk\u0142ego, szarego obywatela, prze\u015blizguj\u0105cego si\u0119 mi\u0119dzy wydarzeniami ostatnich 50 lat w Polsce, spogl\u0105da na Polak\u00f3w okiem surowym i krytycznym, ale z otwartym sercem. Prowokuje i bawi. Film zdoby\u0142 w Gdyni nagrod\u0119 specjaln\u0105 za odwag\u0119 podj\u0119cia trudnych temat\u00f3w.\nPrzegl\u0105d CinePOLSKA jest organizowany przez Instytut Polski z Bukaresztu i Stowarzyszenie Filmowc\u00f3w Polskich oraz przy wsparciu Polskiego Instytutu Sztuki Filmowej. W pe\u0142nej formule jest prezentowany co roku jesieni\u0105 w Bukareszcie i Kiszyniowie, edycja wiosenna w innych miastach Rumunii i Mo\u0142dawii jest skr\u00f3cona.\n\u00a0\nGdzie i kiedy zobaczysz polskie filmy (kliknij na nazw\u0119 miasta, by sprawdzi\u0107 plan pokaz\u00f3w)?\nBrasz\u00f3w, 17-19 marca,\u00a0Kino Patria (bd. 15 Noiembrie 50A), godz. 20.00\nTimiszoara, 24-26 marca,\u00a0Centralna Biblioteka Uniwersytecka im. Eugena Todoran (bd. Vasile Parvan 4A), godz. 18.00\nGa\u0142acz, 25-27 marca,\u00a0Muzeum Sztuki Wizualnej (ul. Tecuci 7, bl. V3, parter), godz. 18.00\nBielce\u00a0(Mo\u0142dawia), 31 marca-2 kwietnia,\u00a0Uniwersytet Pa\u0144stwowy\u00a0im. Alecu Russo, Sala Polivalenta (ul. Puskin 38), godz. 11.10 i 14.10\nJassy, 31 marca-2 kwietnia,\u00a0Dom Kultury im. Mihaia Ursachi (bd. Carol I, Park Copou), godz. 18.30\nOradea, 7-9 kwietnia,\u00a0Uniwersytet Chrze\u015bcija\u0144ski\u00a0Partium (ul. Primariei 27), godz. 19.00\nTargu Muresz, 8-10 kwietnia,\u00a0Kino Arta (Piata Trandafirilor 35-37), godz. 20.00\nKlu\u017c-Napoka, 14-16 kwietnia,\u00a0Kino Victoria (bd. Eroilor 51), godz. 18.00 i 20.00"},{"@type":"ImageObject","inLanguage":"pl-PL","@id":"https:\/\/instytutpolski.pl\/bucuresti\/pl\/2016\/03\/10\/przeglad-cinepolska-w-osmiu-miastach\/#primaryimage","url":"https:\/\/instytutpolski.pl\/bucuresti\/wp-content\/uploads\/sites\/11\/2020\/06\/proiectiile-cinepolska-pornesc-la-drum_b670e8-1.jpg","contentUrl":"https:\/\/instytutpolski.pl\/bucuresti\/wp-content\/uploads\/sites\/11\/2020\/06\/proiectiile-cinepolska-pornesc-la-drum_b670e8-1.jpg","width":662,"height":373,"caption":"Foto: Piotr Bzdura"},{"@type":"BreadcrumbList","@id":"https:\/\/instytutpolski.pl\/bucuresti\/pl\/2016\/03\/10\/przeglad-cinepolska-w-osmiu-miastach\/#breadcrumb","itemListElement":[{"@type":"ListItem","position":1,"name":"Home","item":"https:\/\/instytutpolski.pl\/bucuresti\/"},{"@type":"ListItem","position":2,"name":"Przegl\u0105d CinePOLSKA w o\u015bmiu miastach"}]},{"@type":"WebSite","@id":"https:\/\/instytutpolski.pl\/bucuresti\/#website","url":"https:\/\/instytutpolski.pl\/bucuresti\/","name":"Instytut Polski w Bukareszcie","description":"Instytuty Polskie","potentialAction":[{"@type":"SearchAction","target":{"@type":"EntryPoint","urlTemplate":"https:\/\/instytutpolski.pl\/bucuresti\/?s={search_term_string}"},"query-input":{"@type":"PropertyValueSpecification","valueRequired":true,"valueName":"search_term_string"}}],"inLanguage":"pl-PL"},{"@type":"Person","@id":"https:\/\/instytutpolski.pl\/bucuresti\/#\/schema\/person\/a1d5ab39dce466455f60589721519864","name":"nicolaua","image":{"@type":"ImageObject","inLanguage":"pl-PL","@id":"https:\/\/instytutpolski.pl\/bucuresti\/#\/schema\/person\/image\/","url":"https:\/\/secure.gravatar.com\/avatar\/5029b942a8ac0a6a935e5655abff56ef?s=96&d=mm&r=g","contentUrl":"https:\/\/secure.gravatar.com\/avatar\/5029b942a8ac0a6a935e5655abff56ef?s=96&d=mm&r=g","caption":"nicolaua"},"url":"https:\/\/instytutpolski.pl\/bucuresti\/author\/nicolaua\/"}]}},"_links":{"self":[{"href":"https:\/\/instytutpolski.pl\/bucuresti\/wp-json\/wp\/v2\/posts\/3056","targetHints":{"allow":["GET"]}}],"collection":[{"href":"https:\/\/instytutpolski.pl\/bucuresti\/wp-json\/wp\/v2\/posts"}],"about":[{"href":"https:\/\/instytutpolski.pl\/bucuresti\/wp-json\/wp\/v2\/types\/post"}],"author":[{"embeddable":true,"href":"https:\/\/instytutpolski.pl\/bucuresti\/wp-json\/wp\/v2\/users\/43"}],"replies":[{"embeddable":true,"href":"https:\/\/instytutpolski.pl\/bucuresti\/wp-json\/wp\/v2\/comments?post=3056"}],"version-history":[{"count":2,"href":"https:\/\/instytutpolski.pl\/bucuresti\/wp-json\/wp\/v2\/posts\/3056\/revisions"}],"predecessor-version":[{"id":3058,"href":"https:\/\/instytutpolski.pl\/bucuresti\/wp-json\/wp\/v2\/posts\/3056\/revisions\/3058"}],"wp:featuredmedia":[{"embeddable":true,"href":"https:\/\/instytutpolski.pl\/bucuresti\/wp-json\/wp\/v2\/media\/3044"}],"wp:attachment":[{"href":"https:\/\/instytutpolski.pl\/bucuresti\/wp-json\/wp\/v2\/media?parent=3056"}],"wp:term":[{"taxonomy":"category","embeddable":true,"href":"https:\/\/instytutpolski.pl\/bucuresti\/wp-json\/wp\/v2\/categories?post=3056"},{"taxonomy":"post_tag","embeddable":true,"href":"https:\/\/instytutpolski.pl\/bucuresti\/wp-json\/wp\/v2\/tags?post=3056"}],"curies":[{"name":"wp","href":"https:\/\/api.w.org\/{rel}","templated":true}]}}