{"id":3063,"date":"2016-03-02T19:16:00","date_gmt":"2016-03-02T18:16:00","guid":{"rendered":"https:\/\/instytutpolski.pl\/bucuresti\/?p=3063"},"modified":"2020-06-02T19:25:33","modified_gmt":"2020-06-02T17:25:33","slug":"wroclaw-now-wszystkie-oblicza-chaosu","status":"publish","type":"post","link":"https:\/\/instytutpolski.pl\/bucuresti\/pl\/2016\/03\/02\/wroclaw-now-wszystkie-oblicza-chaosu\/","title":{"rendered":"Wroc\u0142aw Now. Wszystkie oblicza chaosu"},"content":{"rendered":"\n<div class=\"post-text-container\">\n<p>Powiedzmy to sobie wreszcie jasno, szczerze i dobitnie, bez silenia si\u0119 na eleganckie wst\u0119py i przypudrowan\u0105 kokieteri\u0119 zgrabnych sformu\u0142owa\u0144: specyficzn\u0105 cech\u0105 artystycznego \u015brodowiska Wroc\u0142awia, kt\u00f3rego istotn\u0105 cz\u0119\u015bci\u0105 s\u0105 malarze skupieni w trzech katedrach tutejszej Akademii Sztuk Pi\u0119knych, by\u0142a, jest i pewnie pozostanie anarchia. Praktycznie ka\u017cdy wroc\u0142awski artysta, bez \u017cadnych wyj\u0105tk\u00f3w, niezale\u017cnie od tego, co robi i z jakich pobudek, ho\u0142duj\u0105c czemu\u015b lub b\u0119d\u0105c czemu\u015b wbrew, przyczynia si\u0119 tw\u00f3rczo do rozwoju naszego wsp\u00f3lnego, swojskiego, totalnego chaosu.\u00a0<\/p>\n<p>Wystawa \u00a0\u201eWroc\u0142aw Now. Wszystkie oblicza chaosu\u201d prezentowana w Klu\u017cu Napoce z pewno\u015bci\u0105, nie mam co do tego cienia w\u0105tpliwo\u015bci, zobrazuje rozleg\u0142y, dojrza\u0142y i w pe\u0142ni ju\u017c okrzep\u0142y stan chaosu, jaki do tej pory uda\u0142o nam si\u0119 osi\u0105gn\u0105\u0107. Jest to chaos ogarniaj\u0105cy swoim zasi\u0119giem zar\u00f3wno intelektualne koncepty, jak i nieposkromione l\u0119ki i obsesje; \u015bwiaty jawy i \u015bwiaty sn\u00f3w, harmonie malarskie i ciekawe zgrzyty, konkretne manifesty tw\u00f3rcze i zawoalowane poetyckie niedom\u00f3wienia; minimalizm i barokow\u0105 przesad\u0119, malowanie i niemalowanie b\u0119d\u0105ce malowaniem\u2026 m\u00f3g\u0142bym tak ci\u0105gn\u0105\u0107 bez ko\u0144ca. Zamiast tego, jako motto do naszej obecnej prezentacji, zacytuj\u0119 stwierdzenie wielkiego wizjonera, Marcela Duchampa: Sztuk\u0105 jest to, co artysta wystawi w galerii sztuki\u2026 i basta.&#8221;<\/p>\n<p>Janusz Jaroszewski, &#8222;Zamiast wst\u0119pu&#8221;<\/p>\n<p>Uczestnicy:<\/p>\n<p>Karol Babicz \/ Piotr B\u0142a\u017cejewski \/ Marta Borgosz \/ Adam Chmielowiec \/ Andrzej Klimczak-Dobrzaniecki \/ Waldemar Graczyk \/ Jaros\u0142aw Grulkowski \/ \u0141ukasz Huculak \/ Marek Jakubek \/ Jacek Jarczewski \/ Pawe\u0142 Jarodzki \/ Janusz Jaroszewski \/ Wojciech Kaniowski \/ Piotr Kielan \/ Piotr Kmita \/ Anna Ko\u0142odziejczyk \/ Stanis\u0142aw Kortyka \/ Andrzej Kosto\u0142owski \/ Piotr C. Kowalski \/ Anna Maria Kramm \/ Pawe\u0142 Lewandowski-Palle \/ Wojciech Lupa \/ Marek Kulig \/ Janusz Merkel \/ Micha\u0142 Marek \/ Daria Milecka \/ Kasper Minciel \/ \u0141ukasz Morawski \/ Zdzis\u0142aw Nitka \/ Joanna Pa\u0142ys \/ Przemek Pintal \/ Marlena Promna \/ Wojciech Pukocz \/ Bartosz Radziszewski \/ Andrzej Rafa\u0142owicz \/ Sandra Rzeszutek \/ Piotr Saul \/ Micha\u0142 Sikorski \/ Krzysztof Skarbek \/ Anna Kowalska-Szewczyk \/ Piotr Tyszkowski \/ Krzysztof Wa\u0142aszek \/ Marian Wo\u0142czuk<\/p>\n<p>Kuratorzy:<\/p>\n<p>Krzysztof Wa\u0142aszek<br \/>Janusz Merkel<br \/>Joanna Pa\u0142ys<\/p>\n<\/div>\n","protected":false},"excerpt":{"rendered":"<p>Powiedzmy to sobie wreszcie jasno, szczerze i dobitnie, bez silenia si\u0119 na eleganckie wst\u0119py i przypudrowan\u0105 kokieteri\u0119 zgrabnych sformu\u0142owa\u0144: specyficzn\u0105 cech\u0105 artystycznego \u015brodowiska Wroc\u0142awia, kt\u00f3rego istotn\u0105 cz\u0119\u015bci\u0105 s\u0105 malarze skupieni w trzech katedrach tutejszej Akademii Sztuk Pi\u0119knych, by\u0142a, jest i pewnie pozostanie anarchia. Praktycznie ka\u017cdy wroc\u0142awski artysta, bez \u017cadnych wyj\u0105tk\u00f3w, niezale\u017cnie od tego, co robi [&hellip;]<\/p>\n","protected":false},"author":43,"featured_media":3060,"comment_status":"open","ping_status":"open","sticky":false,"template":"","format":"standard","meta":{"inline_featured_image":false,"_monsterinsights_skip_tracking":false,"_monsterinsights_sitenote_active":false,"_monsterinsights_sitenote_note":"","_monsterinsights_sitenote_category":0,"footnotes":""},"categories":[43,96],"tags":[477],"class_list":["post-3063","post","type-post","status-publish","format-standard","has-post-thumbnail","hentry","category-sztuki-wizualne","category-wydarzenia","tag-wroclaw"],"yoast_head":"<!-- This site is optimized with the Yoast SEO plugin v24.6 - https:\/\/yoast.com\/wordpress\/plugins\/seo\/ -->\n<title>Wroc\u0142aw Now. Wszystkie oblicza chaosu - Instytut Polski w Bukareszcie<\/title>\n<meta name=\"robots\" content=\"index, follow, max-snippet:-1, max-image-preview:large, max-video-preview:-1\" \/>\n<link rel=\"canonical\" href=\"https:\/\/instytutpolski.pl\/bucuresti\/pl\/2016\/03\/02\/wroclaw-now-wszystkie-oblicza-chaosu\/\" \/>\n<meta property=\"og:locale\" content=\"pl_PL\" \/>\n<meta property=\"og:type\" content=\"article\" \/>\n<meta property=\"og:title\" content=\"Wroc\u0142aw Now. Wszystkie oblicza chaosu - Instytut Polski w Bukareszcie\" \/>\n<meta property=\"og:description\" content=\"Powiedzmy to sobie wreszcie jasno, szczerze i dobitnie, bez silenia si\u0119 na eleganckie wst\u0119py i przypudrowan\u0105 kokieteri\u0119 zgrabnych sformu\u0142owa\u0144: specyficzn\u0105 cech\u0105 artystycznego \u015brodowiska Wroc\u0142awia, kt\u00f3rego istotn\u0105 cz\u0119\u015bci\u0105 s\u0105 malarze skupieni w trzech katedrach tutejszej Akademii Sztuk Pi\u0119knych, by\u0142a, jest i pewnie pozostanie anarchia. Praktycznie ka\u017cdy wroc\u0142awski artysta, bez \u017cadnych wyj\u0105tk\u00f3w, niezale\u017cnie od tego, co robi [&hellip;]\" \/>\n<meta property=\"og:url\" content=\"https:\/\/instytutpolski.pl\/bucuresti\/pl\/2016\/03\/02\/wroclaw-now-wszystkie-oblicza-chaosu\/\" \/>\n<meta property=\"og:site_name\" content=\"Instytut Polski w Bukareszcie\" \/>\n<meta property=\"article:published_time\" content=\"2016-03-02T18:16:00+00:00\" \/>\n<meta property=\"article:modified_time\" content=\"2020-06-02T17:25:33+00:00\" \/>\n<meta property=\"og:image\" content=\"https:\/\/instytutpolski.pl\/bucuresti\/wp-content\/uploads\/sites\/11\/2020\/06\/wroclaw-now-toate-fetele-haosului_9eb6ec.jpg\" \/>\n\t<meta property=\"og:image:width\" content=\"899\" \/>\n\t<meta property=\"og:image:height\" content=\"1200\" \/>\n\t<meta property=\"og:image:type\" content=\"image\/jpeg\" \/>\n<meta name=\"author\" content=\"nicolaua\" \/>\n<meta name=\"twitter:card\" content=\"summary_large_image\" \/>\n<meta name=\"twitter:label1\" content=\"Napisane przez\" \/>\n\t<meta name=\"twitter:data1\" content=\"nicolaua\" \/>\n\t<meta name=\"twitter:label2\" content=\"Szacowany czas czytania\" \/>\n\t<meta name=\"twitter:data2\" content=\"2 minuty\" \/>\n<script type=\"application\/ld+json\" class=\"yoast-schema-graph\">{\"@context\":\"https:\/\/schema.org\",\"@graph\":[{\"@type\":\"event\",\"@id\":\"https:\/\/instytutpolski.pl\/bucuresti\/pl\/2016\/03\/02\/wroclaw-now-wszystkie-oblicza-chaosu\/\",\"url\":\"https:\/\/instytutpolski.pl\/bucuresti\/pl\/2016\/03\/02\/wroclaw-now-wszystkie-oblicza-chaosu\/\",\"name\":\"Wroc\u0142aw Now. Wszystkie oblicza chaosu\",\"isPartOf\":{\"@id\":\"https:\/\/instytutpolski.pl\/bucuresti\/#website\"},\"primaryImageOfPage\":{\"@id\":\"https:\/\/instytutpolski.pl\/bucuresti\/pl\/2016\/03\/02\/wroclaw-now-wszystkie-oblicza-chaosu\/#primaryimage\"},\"image\":[\"https:\/\/instytutpolski.pl\/bucuresti\/wp-content\/uploads\/sites\/11\/2020\/06\/wroclaw-now-toate-fetele-haosului_9eb6ec.jpg\",\"https:\/\/instytutpolski.pl\/bucuresti\/wp-content\/uploads\/sites\/11\/2020\/06\/wroclaw-now-toate-fetele-haosului_9eb6ec-225x300.jpg\",\"https:\/\/instytutpolski.pl\/bucuresti\/wp-content\/uploads\/sites\/11\/2020\/06\/wroclaw-now-toate-fetele-haosului_9eb6ec-767x1024.jpg\",\"https:\/\/instytutpolski.pl\/bucuresti\/wp-content\/uploads\/sites\/11\/2020\/06\/wroclaw-now-toate-fetele-haosului_9eb6ec.jpg\"],\"thumbnailUrl\":\"https:\/\/instytutpolski.pl\/bucuresti\/wp-content\/uploads\/sites\/11\/2020\/06\/wroclaw-now-toate-fetele-haosului_9eb6ec.jpg\",\"datePublished\":\"2016-03-02T18:16:00+02:00\",\"dateModified\":\"2020-06-02T17:25:33+02:00\",\"author\":{\"@id\":\"https:\/\/instytutpolski.pl\/bucuresti\/#\/schema\/person\/a1d5ab39dce466455f60589721519864\"},\"breadcrumb\":{\"@id\":\"https:\/\/instytutpolski.pl\/bucuresti\/pl\/2016\/03\/02\/wroclaw-now-wszystkie-oblicza-chaosu\/#breadcrumb\"},\"inLanguage\":\"pl-PL\",\"potentialAction\":[{\"@type\":\"ReadAction\",\"target\":[\"https:\/\/instytutpolski.pl\/bucuresti\/pl\/2016\/03\/02\/wroclaw-now-wszystkie-oblicza-chaosu\/\"]}],\"@context\":\"https:\/\/schema.org\",\"startDate\":\"2016-03-03\",\"endDate\":\"2016-03-23\",\"eventStatus\":\"EventScheduled\",\"eventAttendanceMode\":\"OfflineEventAttendanceMode\",\"location\":{\"@type\":\"place\",\"name\":\"\",\"address\":\"\",\"geo\":{\"@type\":\"GeoCoordinates\",\"latitude\":\"\",\"longitude\":\"\"}},\"description\":\"Powiedzmy to sobie wreszcie jasno, szczerze i dobitnie, bez silenia si\u0119 na eleganckie wst\u0119py i przypudrowan\u0105 kokieteri\u0119 zgrabnych sformu\u0142owa\u0144: specyficzn\u0105 cech\u0105 artystycznego \u015brodowiska Wroc\u0142awia, kt\u00f3rego istotn\u0105 cz\u0119\u015bci\u0105 s\u0105 malarze skupieni w trzech katedrach tutejszej Akademii Sztuk Pi\u0119knych, by\u0142a, jest i pewnie pozostanie anarchia. Praktycznie ka\u017cdy wroc\u0142awski artysta, bez \u017cadnych wyj\u0105tk\u00f3w, niezale\u017cnie od tego, co robi i z jakich pobudek, ho\u0142duj\u0105c czemu\u015b lub b\u0119d\u0105c czemu\u015b wbrew, przyczynia si\u0119 tw\u00f3rczo do rozwoju naszego wsp\u00f3lnego, swojskiego, totalnego chaosu.\u00a0\\nWystawa \u00a0\u201eWroc\u0142aw Now. Wszystkie oblicza chaosu\u201d prezentowana w Klu\u017cu Napoce z pewno\u015bci\u0105, nie mam co do tego cienia w\u0105tpliwo\u015bci, zobrazuje rozleg\u0142y, dojrza\u0142y i w pe\u0142ni ju\u017c okrzep\u0142y stan chaosu, jaki do tej pory uda\u0142o nam si\u0119 osi\u0105gn\u0105\u0107. Jest to chaos ogarniaj\u0105cy swoim zasi\u0119giem zar\u00f3wno intelektualne koncepty, jak i nieposkromione l\u0119ki i obsesje; \u015bwiaty jawy i \u015bwiaty sn\u00f3w, harmonie malarskie i ciekawe zgrzyty, konkretne manifesty tw\u00f3rcze i zawoalowane poetyckie niedom\u00f3wienia; minimalizm i barokow\u0105 przesad\u0119, malowanie i niemalowanie b\u0119d\u0105ce malowaniem\u2026 m\u00f3g\u0142bym tak ci\u0105gn\u0105\u0107 bez ko\u0144ca. Zamiast tego, jako motto do naszej obecnej prezentacji, zacytuj\u0119 stwierdzenie wielkiego wizjonera, Marcela Duchampa: Sztuk\u0105 jest to, co artysta wystawi w galerii sztuki\u2026 i basta.\\\"\\nJanusz Jaroszewski, \\\"Zamiast wst\u0119pu\\\"\\nUczestnicy:\\nKarol Babicz \/ Piotr B\u0142a\u017cejewski \/ Marta Borgosz \/ Adam Chmielowiec \/ Andrzej Klimczak-Dobrzaniecki \/ Waldemar Graczyk \/ Jaros\u0142aw Grulkowski \/ \u0141ukasz Huculak \/ Marek Jakubek \/ Jacek Jarczewski \/ Pawe\u0142 Jarodzki \/ Janusz Jaroszewski \/ Wojciech Kaniowski \/ Piotr Kielan \/ Piotr Kmita \/ Anna Ko\u0142odziejczyk \/ Stanis\u0142aw Kortyka \/ Andrzej Kosto\u0142owski \/ Piotr C. Kowalski \/ Anna Maria Kramm \/ Pawe\u0142 Lewandowski-Palle \/ Wojciech Lupa \/ Marek Kulig \/ Janusz Merkel \/ Micha\u0142 Marek \/ Daria Milecka \/ Kasper Minciel \/ \u0141ukasz Morawski \/ Zdzis\u0142aw Nitka \/ Joanna Pa\u0142ys \/ Przemek Pintal \/ Marlena Promna \/ Wojciech Pukocz \/ Bartosz Radziszewski \/ Andrzej Rafa\u0142owicz \/ Sandra Rzeszutek \/ Piotr Saul \/ Micha\u0142 Sikorski \/ Krzysztof Skarbek \/ Anna Kowalska-Szewczyk \/ Piotr Tyszkowski \/ Krzysztof Wa\u0142aszek \/ Marian Wo\u0142czuk\\nKuratorzy:\\nKrzysztof Wa\u0142aszekJanusz MerkelJoanna Pa\u0142ys\"},{\"@type\":\"ImageObject\",\"inLanguage\":\"pl-PL\",\"@id\":\"https:\/\/instytutpolski.pl\/bucuresti\/pl\/2016\/03\/02\/wroclaw-now-wszystkie-oblicza-chaosu\/#primaryimage\",\"url\":\"https:\/\/instytutpolski.pl\/bucuresti\/wp-content\/uploads\/sites\/11\/2020\/06\/wroclaw-now-toate-fetele-haosului_9eb6ec.jpg\",\"contentUrl\":\"https:\/\/instytutpolski.pl\/bucuresti\/wp-content\/uploads\/sites\/11\/2020\/06\/wroclaw-now-toate-fetele-haosului_9eb6ec.jpg\",\"width\":899,\"height\":1200},{\"@type\":\"BreadcrumbList\",\"@id\":\"https:\/\/instytutpolski.pl\/bucuresti\/pl\/2016\/03\/02\/wroclaw-now-wszystkie-oblicza-chaosu\/#breadcrumb\",\"itemListElement\":[{\"@type\":\"ListItem\",\"position\":1,\"name\":\"Home\",\"item\":\"https:\/\/instytutpolski.pl\/bucuresti\/\"},{\"@type\":\"ListItem\",\"position\":2,\"name\":\"Wroc\u0142aw Now. Wszystkie oblicza chaosu\"}]},{\"@type\":\"WebSite\",\"@id\":\"https:\/\/instytutpolski.pl\/bucuresti\/#website\",\"url\":\"https:\/\/instytutpolski.pl\/bucuresti\/\",\"name\":\"Instytut Polski w Bukareszcie\",\"description\":\"Instytuty Polskie\",\"potentialAction\":[{\"@type\":\"SearchAction\",\"target\":{\"@type\":\"EntryPoint\",\"urlTemplate\":\"https:\/\/instytutpolski.pl\/bucuresti\/?s={search_term_string}\"},\"query-input\":{\"@type\":\"PropertyValueSpecification\",\"valueRequired\":true,\"valueName\":\"search_term_string\"}}],\"inLanguage\":\"pl-PL\"},{\"@type\":\"Person\",\"@id\":\"https:\/\/instytutpolski.pl\/bucuresti\/#\/schema\/person\/a1d5ab39dce466455f60589721519864\",\"name\":\"nicolaua\",\"image\":{\"@type\":\"ImageObject\",\"inLanguage\":\"pl-PL\",\"@id\":\"https:\/\/instytutpolski.pl\/bucuresti\/#\/schema\/person\/image\/\",\"url\":\"https:\/\/secure.gravatar.com\/avatar\/5029b942a8ac0a6a935e5655abff56ef?s=96&d=mm&r=g\",\"contentUrl\":\"https:\/\/secure.gravatar.com\/avatar\/5029b942a8ac0a6a935e5655abff56ef?s=96&d=mm&r=g\",\"caption\":\"nicolaua\"},\"url\":\"https:\/\/instytutpolski.pl\/bucuresti\/author\/nicolaua\/\"}]}<\/script>\n<!-- \/ Yoast SEO plugin. -->","yoast_head_json":{"title":"Wroc\u0142aw Now. Wszystkie oblicza chaosu - Instytut Polski w Bukareszcie","robots":{"index":"index","follow":"follow","max-snippet":"max-snippet:-1","max-image-preview":"max-image-preview:large","max-video-preview":"max-video-preview:-1"},"canonical":"https:\/\/instytutpolski.pl\/bucuresti\/pl\/2016\/03\/02\/wroclaw-now-wszystkie-oblicza-chaosu\/","og_locale":"pl_PL","og_type":"article","og_title":"Wroc\u0142aw Now. Wszystkie oblicza chaosu - Instytut Polski w Bukareszcie","og_description":"Powiedzmy to sobie wreszcie jasno, szczerze i dobitnie, bez silenia si\u0119 na eleganckie wst\u0119py i przypudrowan\u0105 kokieteri\u0119 zgrabnych sformu\u0142owa\u0144: specyficzn\u0105 cech\u0105 artystycznego \u015brodowiska Wroc\u0142awia, kt\u00f3rego istotn\u0105 cz\u0119\u015bci\u0105 s\u0105 malarze skupieni w trzech katedrach tutejszej Akademii Sztuk Pi\u0119knych, by\u0142a, jest i pewnie pozostanie anarchia. Praktycznie ka\u017cdy wroc\u0142awski artysta, bez \u017cadnych wyj\u0105tk\u00f3w, niezale\u017cnie od tego, co robi [&hellip;]","og_url":"https:\/\/instytutpolski.pl\/bucuresti\/pl\/2016\/03\/02\/wroclaw-now-wszystkie-oblicza-chaosu\/","og_site_name":"Instytut Polski w Bukareszcie","article_published_time":"2016-03-02T18:16:00+00:00","article_modified_time":"2020-06-02T17:25:33+00:00","og_image":[{"width":899,"height":1200,"url":"https:\/\/instytutpolski.pl\/bucuresti\/wp-content\/uploads\/sites\/11\/2020\/06\/wroclaw-now-toate-fetele-haosului_9eb6ec.jpg","type":"image\/jpeg"}],"author":"nicolaua","twitter_card":"summary_large_image","twitter_misc":{"Napisane przez":"nicolaua","Szacowany czas czytania":"2 minuty"},"schema":{"@context":"https:\/\/schema.org","@graph":[{"@type":"event","@id":"https:\/\/instytutpolski.pl\/bucuresti\/pl\/2016\/03\/02\/wroclaw-now-wszystkie-oblicza-chaosu\/","url":"https:\/\/instytutpolski.pl\/bucuresti\/pl\/2016\/03\/02\/wroclaw-now-wszystkie-oblicza-chaosu\/","name":"Wroc\u0142aw Now. Wszystkie oblicza chaosu","isPartOf":{"@id":"https:\/\/instytutpolski.pl\/bucuresti\/#website"},"primaryImageOfPage":{"@id":"https:\/\/instytutpolski.pl\/bucuresti\/pl\/2016\/03\/02\/wroclaw-now-wszystkie-oblicza-chaosu\/#primaryimage"},"image":["https:\/\/instytutpolski.pl\/bucuresti\/wp-content\/uploads\/sites\/11\/2020\/06\/wroclaw-now-toate-fetele-haosului_9eb6ec.jpg","https:\/\/instytutpolski.pl\/bucuresti\/wp-content\/uploads\/sites\/11\/2020\/06\/wroclaw-now-toate-fetele-haosului_9eb6ec-225x300.jpg","https:\/\/instytutpolski.pl\/bucuresti\/wp-content\/uploads\/sites\/11\/2020\/06\/wroclaw-now-toate-fetele-haosului_9eb6ec-767x1024.jpg","https:\/\/instytutpolski.pl\/bucuresti\/wp-content\/uploads\/sites\/11\/2020\/06\/wroclaw-now-toate-fetele-haosului_9eb6ec.jpg"],"thumbnailUrl":"https:\/\/instytutpolski.pl\/bucuresti\/wp-content\/uploads\/sites\/11\/2020\/06\/wroclaw-now-toate-fetele-haosului_9eb6ec.jpg","datePublished":"2016-03-02T18:16:00+02:00","dateModified":"2020-06-02T17:25:33+02:00","author":{"@id":"https:\/\/instytutpolski.pl\/bucuresti\/#\/schema\/person\/a1d5ab39dce466455f60589721519864"},"breadcrumb":{"@id":"https:\/\/instytutpolski.pl\/bucuresti\/pl\/2016\/03\/02\/wroclaw-now-wszystkie-oblicza-chaosu\/#breadcrumb"},"inLanguage":"pl-PL","potentialAction":[{"@type":"ReadAction","target":["https:\/\/instytutpolski.pl\/bucuresti\/pl\/2016\/03\/02\/wroclaw-now-wszystkie-oblicza-chaosu\/"]}],"@context":"https:\/\/schema.org","startDate":"2016-03-03","endDate":"2016-03-23","eventStatus":"EventScheduled","eventAttendanceMode":"OfflineEventAttendanceMode","location":{"@type":"place","name":"","address":"","geo":{"@type":"GeoCoordinates","latitude":"","longitude":""}},"description":"Powiedzmy to sobie wreszcie jasno, szczerze i dobitnie, bez silenia si\u0119 na eleganckie wst\u0119py i przypudrowan\u0105 kokieteri\u0119 zgrabnych sformu\u0142owa\u0144: specyficzn\u0105 cech\u0105 artystycznego \u015brodowiska Wroc\u0142awia, kt\u00f3rego istotn\u0105 cz\u0119\u015bci\u0105 s\u0105 malarze skupieni w trzech katedrach tutejszej Akademii Sztuk Pi\u0119knych, by\u0142a, jest i pewnie pozostanie anarchia. Praktycznie ka\u017cdy wroc\u0142awski artysta, bez \u017cadnych wyj\u0105tk\u00f3w, niezale\u017cnie od tego, co robi i z jakich pobudek, ho\u0142duj\u0105c czemu\u015b lub b\u0119d\u0105c czemu\u015b wbrew, przyczynia si\u0119 tw\u00f3rczo do rozwoju naszego wsp\u00f3lnego, swojskiego, totalnego chaosu.\u00a0\nWystawa \u00a0\u201eWroc\u0142aw Now. Wszystkie oblicza chaosu\u201d prezentowana w Klu\u017cu Napoce z pewno\u015bci\u0105, nie mam co do tego cienia w\u0105tpliwo\u015bci, zobrazuje rozleg\u0142y, dojrza\u0142y i w pe\u0142ni ju\u017c okrzep\u0142y stan chaosu, jaki do tej pory uda\u0142o nam si\u0119 osi\u0105gn\u0105\u0107. Jest to chaos ogarniaj\u0105cy swoim zasi\u0119giem zar\u00f3wno intelektualne koncepty, jak i nieposkromione l\u0119ki i obsesje; \u015bwiaty jawy i \u015bwiaty sn\u00f3w, harmonie malarskie i ciekawe zgrzyty, konkretne manifesty tw\u00f3rcze i zawoalowane poetyckie niedom\u00f3wienia; minimalizm i barokow\u0105 przesad\u0119, malowanie i niemalowanie b\u0119d\u0105ce malowaniem\u2026 m\u00f3g\u0142bym tak ci\u0105gn\u0105\u0107 bez ko\u0144ca. Zamiast tego, jako motto do naszej obecnej prezentacji, zacytuj\u0119 stwierdzenie wielkiego wizjonera, Marcela Duchampa: Sztuk\u0105 jest to, co artysta wystawi w galerii sztuki\u2026 i basta.\"\nJanusz Jaroszewski, \"Zamiast wst\u0119pu\"\nUczestnicy:\nKarol Babicz \/ Piotr B\u0142a\u017cejewski \/ Marta Borgosz \/ Adam Chmielowiec \/ Andrzej Klimczak-Dobrzaniecki \/ Waldemar Graczyk \/ Jaros\u0142aw Grulkowski \/ \u0141ukasz Huculak \/ Marek Jakubek \/ Jacek Jarczewski \/ Pawe\u0142 Jarodzki \/ Janusz Jaroszewski \/ Wojciech Kaniowski \/ Piotr Kielan \/ Piotr Kmita \/ Anna Ko\u0142odziejczyk \/ Stanis\u0142aw Kortyka \/ Andrzej Kosto\u0142owski \/ Piotr C. Kowalski \/ Anna Maria Kramm \/ Pawe\u0142 Lewandowski-Palle \/ Wojciech Lupa \/ Marek Kulig \/ Janusz Merkel \/ Micha\u0142 Marek \/ Daria Milecka \/ Kasper Minciel \/ \u0141ukasz Morawski \/ Zdzis\u0142aw Nitka \/ Joanna Pa\u0142ys \/ Przemek Pintal \/ Marlena Promna \/ Wojciech Pukocz \/ Bartosz Radziszewski \/ Andrzej Rafa\u0142owicz \/ Sandra Rzeszutek \/ Piotr Saul \/ Micha\u0142 Sikorski \/ Krzysztof Skarbek \/ Anna Kowalska-Szewczyk \/ Piotr Tyszkowski \/ Krzysztof Wa\u0142aszek \/ Marian Wo\u0142czuk\nKuratorzy:\nKrzysztof Wa\u0142aszekJanusz MerkelJoanna Pa\u0142ys"},{"@type":"ImageObject","inLanguage":"pl-PL","@id":"https:\/\/instytutpolski.pl\/bucuresti\/pl\/2016\/03\/02\/wroclaw-now-wszystkie-oblicza-chaosu\/#primaryimage","url":"https:\/\/instytutpolski.pl\/bucuresti\/wp-content\/uploads\/sites\/11\/2020\/06\/wroclaw-now-toate-fetele-haosului_9eb6ec.jpg","contentUrl":"https:\/\/instytutpolski.pl\/bucuresti\/wp-content\/uploads\/sites\/11\/2020\/06\/wroclaw-now-toate-fetele-haosului_9eb6ec.jpg","width":899,"height":1200},{"@type":"BreadcrumbList","@id":"https:\/\/instytutpolski.pl\/bucuresti\/pl\/2016\/03\/02\/wroclaw-now-wszystkie-oblicza-chaosu\/#breadcrumb","itemListElement":[{"@type":"ListItem","position":1,"name":"Home","item":"https:\/\/instytutpolski.pl\/bucuresti\/"},{"@type":"ListItem","position":2,"name":"Wroc\u0142aw Now. Wszystkie oblicza chaosu"}]},{"@type":"WebSite","@id":"https:\/\/instytutpolski.pl\/bucuresti\/#website","url":"https:\/\/instytutpolski.pl\/bucuresti\/","name":"Instytut Polski w Bukareszcie","description":"Instytuty Polskie","potentialAction":[{"@type":"SearchAction","target":{"@type":"EntryPoint","urlTemplate":"https:\/\/instytutpolski.pl\/bucuresti\/?s={search_term_string}"},"query-input":{"@type":"PropertyValueSpecification","valueRequired":true,"valueName":"search_term_string"}}],"inLanguage":"pl-PL"},{"@type":"Person","@id":"https:\/\/instytutpolski.pl\/bucuresti\/#\/schema\/person\/a1d5ab39dce466455f60589721519864","name":"nicolaua","image":{"@type":"ImageObject","inLanguage":"pl-PL","@id":"https:\/\/instytutpolski.pl\/bucuresti\/#\/schema\/person\/image\/","url":"https:\/\/secure.gravatar.com\/avatar\/5029b942a8ac0a6a935e5655abff56ef?s=96&d=mm&r=g","contentUrl":"https:\/\/secure.gravatar.com\/avatar\/5029b942a8ac0a6a935e5655abff56ef?s=96&d=mm&r=g","caption":"nicolaua"},"url":"https:\/\/instytutpolski.pl\/bucuresti\/author\/nicolaua\/"}]}},"_links":{"self":[{"href":"https:\/\/instytutpolski.pl\/bucuresti\/wp-json\/wp\/v2\/posts\/3063","targetHints":{"allow":["GET"]}}],"collection":[{"href":"https:\/\/instytutpolski.pl\/bucuresti\/wp-json\/wp\/v2\/posts"}],"about":[{"href":"https:\/\/instytutpolski.pl\/bucuresti\/wp-json\/wp\/v2\/types\/post"}],"author":[{"embeddable":true,"href":"https:\/\/instytutpolski.pl\/bucuresti\/wp-json\/wp\/v2\/users\/43"}],"replies":[{"embeddable":true,"href":"https:\/\/instytutpolski.pl\/bucuresti\/wp-json\/wp\/v2\/comments?post=3063"}],"version-history":[{"count":2,"href":"https:\/\/instytutpolski.pl\/bucuresti\/wp-json\/wp\/v2\/posts\/3063\/revisions"}],"predecessor-version":[{"id":3065,"href":"https:\/\/instytutpolski.pl\/bucuresti\/wp-json\/wp\/v2\/posts\/3063\/revisions\/3065"}],"wp:featuredmedia":[{"embeddable":true,"href":"https:\/\/instytutpolski.pl\/bucuresti\/wp-json\/wp\/v2\/media\/3060"}],"wp:attachment":[{"href":"https:\/\/instytutpolski.pl\/bucuresti\/wp-json\/wp\/v2\/media?parent=3063"}],"wp:term":[{"taxonomy":"category","embeddable":true,"href":"https:\/\/instytutpolski.pl\/bucuresti\/wp-json\/wp\/v2\/categories?post=3063"},{"taxonomy":"post_tag","embeddable":true,"href":"https:\/\/instytutpolski.pl\/bucuresti\/wp-json\/wp\/v2\/tags?post=3063"}],"curies":[{"name":"wp","href":"https:\/\/api.w.org\/{rel}","templated":true}]}}