{"id":3178,"date":"2016-10-01T12:48:00","date_gmt":"2016-10-01T10:48:00","guid":{"rendered":"https:\/\/instytutpolski.pl\/bucuresti\/?p=3178"},"modified":"2020-06-03T12:50:17","modified_gmt":"2020-06-03T10:50:17","slug":"teatrul-experimental-din-polonia-la-cluj-napoca","status":"publish","type":"post","link":"https:\/\/instytutpolski.pl\/bucuresti\/2016\/10\/01\/teatrul-experimental-din-polonia-la-cluj-napoca\/","title":{"rendered":"Teatrul experimental din Polonia, la Cluj-Napoca"},"content":{"rendered":"\n<p><strong>\u201eTazm. T\u0103cerea luminii\u201d<\/strong>\u00a0este un spectacol bazat pe romanul lui\u00a0Tahar\u00a0Ben Jelloun,\u00a0\u201eLumina orbitoare \u0219i absent\u0103\u201d, o m\u0103rturie unei a\u00a0unei persoane \u00eencarcerate timp de 18 ani\u00a0\u00een celula \u00eentunecat\u0103 a penitenciarului Tazmamart din Maroc.\u00a0<\/p>\n<p>Performance-ul\u00a0<strong>\u201eINIM\u0102.\u00a0Lini\u0219tea poligonului\u201d\u00a0<\/strong>vorbe\u0219te despre identitatea \u0219i obliga\u021biile umane \u00een situa\u021bii limit\u0103. Este un gest de empatie fa\u021b\u0103 de animalele \u0219i oamenii care sufer\u0103 din cauza r\u0103zboiului, fanatismului \u0219i ideologiilor.\u00a0<\/p>\n<p>Ambele spectacole sunt regizate de prof.\u00a0<strong>Grzegorz Zi\u00f3\u0142kowski<\/strong>\u00a0de la Universitatea \u201eAdam Mickiewicz\u201d din Poznan. Zi\u00f3\u0142kowski a\u00a0fost director de programe la Institutului \u201eJerzy Grotowski\u201d, iar actulamente este profesor, regizor, editor, tr\u0103duc\u0103tor \u0219i autor al c\u0103r\u021bilor despre Peter Brook \u0219i Jerzy Grotowski. Studioul ROSA, pe care-l conduce, este un proiect de teatru experimental \u0219i, \u00een acela\u0219i timp, un seminar practic &#8211; un loc de cercetare a tehnicilor actorice\u0219ti.\u00a0<\/p>\n<p>Festivalul de Teatru pe Drum\u00a0\u201eKaravanAct\u201c propune\u00a0spectacole teatrale \u0219i ateliere artistice, deopotriv\u0103 pentru adul\u021bi \u0219i copii, la\u00a0<strong>Sf\u00e2ntu George, Miercurea-Ciuc, Chidea \u0219i Cluj-Napoca<\/strong>. Programul este organizat de Asocia\u021bia Teatral\u0103 Shoshin, cu sprijinul Institului Polonez din Bucure\u0219ti, Institutului Adam Mickiewicz din Polonia \u0219i al altor institu\u021bii \u0219i asocia\u021bii.<\/p>\n","protected":false},"excerpt":{"rendered":"<p>\u201eTazm. T\u0103cerea luminii\u201d\u00a0este un spectacol bazat pe romanul lui\u00a0Tahar\u00a0Ben Jelloun,\u00a0\u201eLumina orbitoare \u0219i absent\u0103\u201d, o m\u0103rturie unei a\u00a0unei persoane \u00eencarcerate timp de 18 ani\u00a0\u00een celula \u00eentunecat\u0103 a penitenciarului Tazmamart din Maroc.\u00a0 Performance-ul\u00a0\u201eINIM\u0102.\u00a0Lini\u0219tea poligonului\u201d\u00a0vorbe\u0219te despre identitatea \u0219i obliga\u021biile umane \u00een situa\u021bii limit\u0103. Este un gest de empatie fa\u021b\u0103 de animalele \u0219i oamenii care sufer\u0103 din cauza r\u0103zboiului, [&hellip;]<\/p>\n","protected":false},"author":44,"featured_media":3179,"comment_status":"open","ping_status":"open","sticky":false,"template":"","format":"standard","meta":{"inline_featured_image":false,"_monsterinsights_skip_tracking":false,"_monsterinsights_sitenote_active":false,"_monsterinsights_sitenote_note":"","_monsterinsights_sitenote_category":0,"footnotes":""},"categories":[140],"tags":[],"class_list":["post-3178","post","type-post","status-publish","format-standard","has-post-thumbnail","hentry","category-teatru"],"yoast_head":"<!-- This site is optimized with the Yoast SEO plugin v24.6 - https:\/\/yoast.com\/wordpress\/plugins\/seo\/ -->\n<title>Teatrul experimental din Polonia, la Cluj-Napoca - Instytut Polski w Bukareszcie<\/title>\n<meta name=\"robots\" content=\"index, follow, max-snippet:-1, max-image-preview:large, max-video-preview:-1\" \/>\n<link rel=\"canonical\" href=\"https:\/\/instytutpolski.pl\/bucuresti\/2016\/10\/01\/teatrul-experimental-din-polonia-la-cluj-napoca\/\" \/>\n<meta property=\"og:locale\" content=\"pl_PL\" \/>\n<meta property=\"og:type\" content=\"article\" \/>\n<meta property=\"og:title\" content=\"Teatrul experimental din Polonia, la Cluj-Napoca - Instytut Polski w Bukareszcie\" \/>\n<meta property=\"og:description\" content=\"\u201eTazm. T\u0103cerea luminii\u201d\u00a0este un spectacol bazat pe romanul lui\u00a0Tahar\u00a0Ben Jelloun,\u00a0\u201eLumina orbitoare \u0219i absent\u0103\u201d, o m\u0103rturie unei a\u00a0unei persoane \u00eencarcerate timp de 18 ani\u00a0\u00een celula \u00eentunecat\u0103 a penitenciarului Tazmamart din Maroc.\u00a0 Performance-ul\u00a0\u201eINIM\u0102.\u00a0Lini\u0219tea poligonului\u201d\u00a0vorbe\u0219te despre identitatea \u0219i obliga\u021biile umane \u00een situa\u021bii limit\u0103. Este un gest de empatie fa\u021b\u0103 de animalele \u0219i oamenii care sufer\u0103 din cauza r\u0103zboiului, [&hellip;]\" \/>\n<meta property=\"og:url\" content=\"https:\/\/instytutpolski.pl\/bucuresti\/2016\/10\/01\/teatrul-experimental-din-polonia-la-cluj-napoca\/\" \/>\n<meta property=\"og:site_name\" content=\"Instytut Polski w Bukareszcie\" \/>\n<meta property=\"article:published_time\" content=\"2016-10-01T10:48:00+00:00\" \/>\n<meta property=\"article:modified_time\" content=\"2020-06-03T10:50:17+00:00\" \/>\n<meta property=\"og:image\" content=\"https:\/\/instytutpolski.pl\/bucuresti\/wp-content\/uploads\/sites\/11\/2020\/06\/teatrul-study-rosa-la-karavanact_bcce3c.jpg\" \/>\n\t<meta property=\"og:image:width\" content=\"2048\" \/>\n\t<meta property=\"og:image:height\" content=\"1365\" \/>\n\t<meta property=\"og:image:type\" content=\"image\/jpeg\" \/>\n<meta name=\"author\" content=\"zalaszewskak\" \/>\n<meta name=\"twitter:card\" content=\"summary_large_image\" \/>\n<meta name=\"twitter:label1\" content=\"Napisane przez\" \/>\n\t<meta name=\"twitter:data1\" content=\"zalaszewskak\" \/>\n\t<meta name=\"twitter:label2\" content=\"Szacowany czas czytania\" \/>\n\t<meta name=\"twitter:data2\" content=\"1 minuta\" \/>\n<script type=\"application\/ld+json\" class=\"yoast-schema-graph\">{\"@context\":\"https:\/\/schema.org\",\"@graph\":[{\"@type\":\"event\",\"@id\":\"https:\/\/instytutpolski.pl\/bucuresti\/2016\/10\/01\/teatrul-experimental-din-polonia-la-cluj-napoca\/\",\"url\":\"https:\/\/instytutpolski.pl\/bucuresti\/2016\/10\/01\/teatrul-experimental-din-polonia-la-cluj-napoca\/\",\"name\":\"Teatrul experimental din Polonia, la Cluj-Napoca\",\"isPartOf\":{\"@id\":\"https:\/\/instytutpolski.pl\/bucuresti\/#website\"},\"primaryImageOfPage\":{\"@id\":\"https:\/\/instytutpolski.pl\/bucuresti\/2016\/10\/01\/teatrul-experimental-din-polonia-la-cluj-napoca\/#primaryimage\"},\"image\":[\"https:\/\/instytutpolski.pl\/bucuresti\/wp-content\/uploads\/sites\/11\/2020\/06\/teatrul-study-rosa-la-karavanact_bcce3c.jpg\",\"https:\/\/instytutpolski.pl\/bucuresti\/wp-content\/uploads\/sites\/11\/2020\/06\/teatrul-study-rosa-la-karavanact_bcce3c-300x200.jpg\",\"https:\/\/instytutpolski.pl\/bucuresti\/wp-content\/uploads\/sites\/11\/2020\/06\/teatrul-study-rosa-la-karavanact_bcce3c-1024x683.jpg\",\"https:\/\/instytutpolski.pl\/bucuresti\/wp-content\/uploads\/sites\/11\/2020\/06\/teatrul-study-rosa-la-karavanact_bcce3c.jpg\"],\"thumbnailUrl\":\"https:\/\/instytutpolski.pl\/bucuresti\/wp-content\/uploads\/sites\/11\/2020\/06\/teatrul-study-rosa-la-karavanact_bcce3c.jpg\",\"datePublished\":\"2016-10-01T10:48:00+02:00\",\"dateModified\":\"2020-06-03T10:50:17+02:00\",\"author\":{\"@id\":\"https:\/\/instytutpolski.pl\/bucuresti\/#\/schema\/person\/cbf38f4ffa10f919673d0e5f3ee6677d\"},\"breadcrumb\":{\"@id\":\"https:\/\/instytutpolski.pl\/bucuresti\/2016\/10\/01\/teatrul-experimental-din-polonia-la-cluj-napoca\/#breadcrumb\"},\"inLanguage\":\"pl-PL\",\"potentialAction\":[{\"@type\":\"ReadAction\",\"target\":[\"https:\/\/instytutpolski.pl\/bucuresti\/2016\/10\/01\/teatrul-experimental-din-polonia-la-cluj-napoca\/\"]}],\"@context\":\"https:\/\/schema.org\",\"startDate\":\"2016-10-03\",\"endDate\":\"2016-10-04\",\"eventStatus\":\"EventScheduled\",\"eventAttendanceMode\":\"OfflineEventAttendanceMode\",\"location\":{\"@type\":\"place\",\"name\":\"\",\"address\":\"\",\"geo\":{\"@type\":\"GeoCoordinates\",\"latitude\":\"\",\"longitude\":\"\"}},\"description\":\"\u201eTazm. T\u0103cerea luminii\u201d\u00a0este un spectacol bazat pe romanul lui\u00a0Tahar\u00a0Ben Jelloun,\u00a0\u201eLumina orbitoare \u0219i absent\u0103\u201d, o m\u0103rturie unei a\u00a0unei persoane \u00eencarcerate timp de 18 ani\u00a0\u00een celula \u00eentunecat\u0103 a penitenciarului Tazmamart din Maroc.\u00a0\\nPerformance-ul\u00a0\u201eINIM\u0102.\u00a0Lini\u0219tea poligonului\u201d\u00a0vorbe\u0219te despre identitatea \u0219i obliga\u021biile umane \u00een situa\u021bii limit\u0103. Este un gest de empatie fa\u021b\u0103 de animalele \u0219i oamenii care sufer\u0103 din cauza r\u0103zboiului, fanatismului \u0219i ideologiilor.\u00a0\\nAmbele spectacole sunt regizate de prof.\u00a0Grzegorz Zi\u00f3\u0142kowski\u00a0de la Universitatea \u201eAdam Mickiewicz\u201d din Poznan. Zi\u00f3\u0142kowski a\u00a0fost director de programe la Institutului \u201eJerzy Grotowski\u201d, iar actulamente este profesor, regizor, editor, tr\u0103duc\u0103tor \u0219i autor al c\u0103r\u021bilor despre Peter Brook \u0219i Jerzy Grotowski. Studioul ROSA, pe care-l conduce, este un proiect de teatru experimental \u0219i, \u00een acela\u0219i timp, un seminar practic - un loc de cercetare a tehnicilor actorice\u0219ti.\u00a0\\nFestivalul de Teatru pe Drum\u00a0\u201eKaravanAct\u201c propune\u00a0spectacole teatrale \u0219i ateliere artistice, deopotriv\u0103 pentru adul\u021bi \u0219i copii, la\u00a0Sf\u00e2ntu George, Miercurea-Ciuc, Chidea \u0219i Cluj-Napoca. Programul este organizat de Asocia\u021bia Teatral\u0103 Shoshin, cu sprijinul Institului Polonez din Bucure\u0219ti, Institutului Adam Mickiewicz din Polonia \u0219i al altor institu\u021bii \u0219i asocia\u021bii.\"},{\"@type\":\"ImageObject\",\"inLanguage\":\"pl-PL\",\"@id\":\"https:\/\/instytutpolski.pl\/bucuresti\/2016\/10\/01\/teatrul-experimental-din-polonia-la-cluj-napoca\/#primaryimage\",\"url\":\"https:\/\/instytutpolski.pl\/bucuresti\/wp-content\/uploads\/sites\/11\/2020\/06\/teatrul-study-rosa-la-karavanact_bcce3c.jpg\",\"contentUrl\":\"https:\/\/instytutpolski.pl\/bucuresti\/wp-content\/uploads\/sites\/11\/2020\/06\/teatrul-study-rosa-la-karavanact_bcce3c.jpg\",\"width\":2048,\"height\":1365},{\"@type\":\"BreadcrumbList\",\"@id\":\"https:\/\/instytutpolski.pl\/bucuresti\/2016\/10\/01\/teatrul-experimental-din-polonia-la-cluj-napoca\/#breadcrumb\",\"itemListElement\":[{\"@type\":\"ListItem\",\"position\":1,\"name\":\"Home\",\"item\":\"https:\/\/instytutpolski.pl\/bucuresti\/\"},{\"@type\":\"ListItem\",\"position\":2,\"name\":\"Teatrul experimental din Polonia, la Cluj-Napoca\"}]},{\"@type\":\"WebSite\",\"@id\":\"https:\/\/instytutpolski.pl\/bucuresti\/#website\",\"url\":\"https:\/\/instytutpolski.pl\/bucuresti\/\",\"name\":\"Instytut Polski w Bukareszcie\",\"description\":\"Instytuty Polskie\",\"potentialAction\":[{\"@type\":\"SearchAction\",\"target\":{\"@type\":\"EntryPoint\",\"urlTemplate\":\"https:\/\/instytutpolski.pl\/bucuresti\/?s={search_term_string}\"},\"query-input\":{\"@type\":\"PropertyValueSpecification\",\"valueRequired\":true,\"valueName\":\"search_term_string\"}}],\"inLanguage\":\"pl-PL\"},{\"@type\":\"Person\",\"@id\":\"https:\/\/instytutpolski.pl\/bucuresti\/#\/schema\/person\/cbf38f4ffa10f919673d0e5f3ee6677d\",\"name\":\"zalaszewskak\",\"image\":{\"@type\":\"ImageObject\",\"inLanguage\":\"pl-PL\",\"@id\":\"https:\/\/instytutpolski.pl\/bucuresti\/#\/schema\/person\/image\/\",\"url\":\"https:\/\/secure.gravatar.com\/avatar\/c2e847fb86e9b9e6a80aa771ff34772f?s=96&d=mm&r=g\",\"contentUrl\":\"https:\/\/secure.gravatar.com\/avatar\/c2e847fb86e9b9e6a80aa771ff34772f?s=96&d=mm&r=g\",\"caption\":\"zalaszewskak\"},\"url\":\"https:\/\/instytutpolski.pl\/bucuresti\/author\/zalaszewskak\/\"}]}<\/script>\n<!-- \/ Yoast SEO plugin. -->","yoast_head_json":{"title":"Teatrul experimental din Polonia, la Cluj-Napoca - Instytut Polski w Bukareszcie","robots":{"index":"index","follow":"follow","max-snippet":"max-snippet:-1","max-image-preview":"max-image-preview:large","max-video-preview":"max-video-preview:-1"},"canonical":"https:\/\/instytutpolski.pl\/bucuresti\/2016\/10\/01\/teatrul-experimental-din-polonia-la-cluj-napoca\/","og_locale":"pl_PL","og_type":"article","og_title":"Teatrul experimental din Polonia, la Cluj-Napoca - Instytut Polski w Bukareszcie","og_description":"\u201eTazm. T\u0103cerea luminii\u201d\u00a0este un spectacol bazat pe romanul lui\u00a0Tahar\u00a0Ben Jelloun,\u00a0\u201eLumina orbitoare \u0219i absent\u0103\u201d, o m\u0103rturie unei a\u00a0unei persoane \u00eencarcerate timp de 18 ani\u00a0\u00een celula \u00eentunecat\u0103 a penitenciarului Tazmamart din Maroc.\u00a0 Performance-ul\u00a0\u201eINIM\u0102.\u00a0Lini\u0219tea poligonului\u201d\u00a0vorbe\u0219te despre identitatea \u0219i obliga\u021biile umane \u00een situa\u021bii limit\u0103. Este un gest de empatie fa\u021b\u0103 de animalele \u0219i oamenii care sufer\u0103 din cauza r\u0103zboiului, [&hellip;]","og_url":"https:\/\/instytutpolski.pl\/bucuresti\/2016\/10\/01\/teatrul-experimental-din-polonia-la-cluj-napoca\/","og_site_name":"Instytut Polski w Bukareszcie","article_published_time":"2016-10-01T10:48:00+00:00","article_modified_time":"2020-06-03T10:50:17+00:00","og_image":[{"width":2048,"height":1365,"url":"https:\/\/instytutpolski.pl\/bucuresti\/wp-content\/uploads\/sites\/11\/2020\/06\/teatrul-study-rosa-la-karavanact_bcce3c.jpg","type":"image\/jpeg"}],"author":"zalaszewskak","twitter_card":"summary_large_image","twitter_misc":{"Napisane przez":"zalaszewskak","Szacowany czas czytania":"1 minuta"},"schema":{"@context":"https:\/\/schema.org","@graph":[{"@type":"event","@id":"https:\/\/instytutpolski.pl\/bucuresti\/2016\/10\/01\/teatrul-experimental-din-polonia-la-cluj-napoca\/","url":"https:\/\/instytutpolski.pl\/bucuresti\/2016\/10\/01\/teatrul-experimental-din-polonia-la-cluj-napoca\/","name":"Teatrul experimental din Polonia, la Cluj-Napoca","isPartOf":{"@id":"https:\/\/instytutpolski.pl\/bucuresti\/#website"},"primaryImageOfPage":{"@id":"https:\/\/instytutpolski.pl\/bucuresti\/2016\/10\/01\/teatrul-experimental-din-polonia-la-cluj-napoca\/#primaryimage"},"image":["https:\/\/instytutpolski.pl\/bucuresti\/wp-content\/uploads\/sites\/11\/2020\/06\/teatrul-study-rosa-la-karavanact_bcce3c.jpg","https:\/\/instytutpolski.pl\/bucuresti\/wp-content\/uploads\/sites\/11\/2020\/06\/teatrul-study-rosa-la-karavanact_bcce3c-300x200.jpg","https:\/\/instytutpolski.pl\/bucuresti\/wp-content\/uploads\/sites\/11\/2020\/06\/teatrul-study-rosa-la-karavanact_bcce3c-1024x683.jpg","https:\/\/instytutpolski.pl\/bucuresti\/wp-content\/uploads\/sites\/11\/2020\/06\/teatrul-study-rosa-la-karavanact_bcce3c.jpg"],"thumbnailUrl":"https:\/\/instytutpolski.pl\/bucuresti\/wp-content\/uploads\/sites\/11\/2020\/06\/teatrul-study-rosa-la-karavanact_bcce3c.jpg","datePublished":"2016-10-01T10:48:00+02:00","dateModified":"2020-06-03T10:50:17+02:00","author":{"@id":"https:\/\/instytutpolski.pl\/bucuresti\/#\/schema\/person\/cbf38f4ffa10f919673d0e5f3ee6677d"},"breadcrumb":{"@id":"https:\/\/instytutpolski.pl\/bucuresti\/2016\/10\/01\/teatrul-experimental-din-polonia-la-cluj-napoca\/#breadcrumb"},"inLanguage":"pl-PL","potentialAction":[{"@type":"ReadAction","target":["https:\/\/instytutpolski.pl\/bucuresti\/2016\/10\/01\/teatrul-experimental-din-polonia-la-cluj-napoca\/"]}],"@context":"https:\/\/schema.org","startDate":"2016-10-03","endDate":"2016-10-04","eventStatus":"EventScheduled","eventAttendanceMode":"OfflineEventAttendanceMode","location":{"@type":"place","name":"","address":"","geo":{"@type":"GeoCoordinates","latitude":"","longitude":""}},"description":"\u201eTazm. T\u0103cerea luminii\u201d\u00a0este un spectacol bazat pe romanul lui\u00a0Tahar\u00a0Ben Jelloun,\u00a0\u201eLumina orbitoare \u0219i absent\u0103\u201d, o m\u0103rturie unei a\u00a0unei persoane \u00eencarcerate timp de 18 ani\u00a0\u00een celula \u00eentunecat\u0103 a penitenciarului Tazmamart din Maroc.\u00a0\nPerformance-ul\u00a0\u201eINIM\u0102.\u00a0Lini\u0219tea poligonului\u201d\u00a0vorbe\u0219te despre identitatea \u0219i obliga\u021biile umane \u00een situa\u021bii limit\u0103. Este un gest de empatie fa\u021b\u0103 de animalele \u0219i oamenii care sufer\u0103 din cauza r\u0103zboiului, fanatismului \u0219i ideologiilor.\u00a0\nAmbele spectacole sunt regizate de prof.\u00a0Grzegorz Zi\u00f3\u0142kowski\u00a0de la Universitatea \u201eAdam Mickiewicz\u201d din Poznan. Zi\u00f3\u0142kowski a\u00a0fost director de programe la Institutului \u201eJerzy Grotowski\u201d, iar actulamente este profesor, regizor, editor, tr\u0103duc\u0103tor \u0219i autor al c\u0103r\u021bilor despre Peter Brook \u0219i Jerzy Grotowski. Studioul ROSA, pe care-l conduce, este un proiect de teatru experimental \u0219i, \u00een acela\u0219i timp, un seminar practic - un loc de cercetare a tehnicilor actorice\u0219ti.\u00a0\nFestivalul de Teatru pe Drum\u00a0\u201eKaravanAct\u201c propune\u00a0spectacole teatrale \u0219i ateliere artistice, deopotriv\u0103 pentru adul\u021bi \u0219i copii, la\u00a0Sf\u00e2ntu George, Miercurea-Ciuc, Chidea \u0219i Cluj-Napoca. Programul este organizat de Asocia\u021bia Teatral\u0103 Shoshin, cu sprijinul Institului Polonez din Bucure\u0219ti, Institutului Adam Mickiewicz din Polonia \u0219i al altor institu\u021bii \u0219i asocia\u021bii."},{"@type":"ImageObject","inLanguage":"pl-PL","@id":"https:\/\/instytutpolski.pl\/bucuresti\/2016\/10\/01\/teatrul-experimental-din-polonia-la-cluj-napoca\/#primaryimage","url":"https:\/\/instytutpolski.pl\/bucuresti\/wp-content\/uploads\/sites\/11\/2020\/06\/teatrul-study-rosa-la-karavanact_bcce3c.jpg","contentUrl":"https:\/\/instytutpolski.pl\/bucuresti\/wp-content\/uploads\/sites\/11\/2020\/06\/teatrul-study-rosa-la-karavanact_bcce3c.jpg","width":2048,"height":1365},{"@type":"BreadcrumbList","@id":"https:\/\/instytutpolski.pl\/bucuresti\/2016\/10\/01\/teatrul-experimental-din-polonia-la-cluj-napoca\/#breadcrumb","itemListElement":[{"@type":"ListItem","position":1,"name":"Home","item":"https:\/\/instytutpolski.pl\/bucuresti\/"},{"@type":"ListItem","position":2,"name":"Teatrul experimental din Polonia, la Cluj-Napoca"}]},{"@type":"WebSite","@id":"https:\/\/instytutpolski.pl\/bucuresti\/#website","url":"https:\/\/instytutpolski.pl\/bucuresti\/","name":"Instytut Polski w Bukareszcie","description":"Instytuty Polskie","potentialAction":[{"@type":"SearchAction","target":{"@type":"EntryPoint","urlTemplate":"https:\/\/instytutpolski.pl\/bucuresti\/?s={search_term_string}"},"query-input":{"@type":"PropertyValueSpecification","valueRequired":true,"valueName":"search_term_string"}}],"inLanguage":"pl-PL"},{"@type":"Person","@id":"https:\/\/instytutpolski.pl\/bucuresti\/#\/schema\/person\/cbf38f4ffa10f919673d0e5f3ee6677d","name":"zalaszewskak","image":{"@type":"ImageObject","inLanguage":"pl-PL","@id":"https:\/\/instytutpolski.pl\/bucuresti\/#\/schema\/person\/image\/","url":"https:\/\/secure.gravatar.com\/avatar\/c2e847fb86e9b9e6a80aa771ff34772f?s=96&d=mm&r=g","contentUrl":"https:\/\/secure.gravatar.com\/avatar\/c2e847fb86e9b9e6a80aa771ff34772f?s=96&d=mm&r=g","caption":"zalaszewskak"},"url":"https:\/\/instytutpolski.pl\/bucuresti\/author\/zalaszewskak\/"}]}},"_links":{"self":[{"href":"https:\/\/instytutpolski.pl\/bucuresti\/wp-json\/wp\/v2\/posts\/3178","targetHints":{"allow":["GET"]}}],"collection":[{"href":"https:\/\/instytutpolski.pl\/bucuresti\/wp-json\/wp\/v2\/posts"}],"about":[{"href":"https:\/\/instytutpolski.pl\/bucuresti\/wp-json\/wp\/v2\/types\/post"}],"author":[{"embeddable":true,"href":"https:\/\/instytutpolski.pl\/bucuresti\/wp-json\/wp\/v2\/users\/44"}],"replies":[{"embeddable":true,"href":"https:\/\/instytutpolski.pl\/bucuresti\/wp-json\/wp\/v2\/comments?post=3178"}],"version-history":[{"count":2,"href":"https:\/\/instytutpolski.pl\/bucuresti\/wp-json\/wp\/v2\/posts\/3178\/revisions"}],"predecessor-version":[{"id":3181,"href":"https:\/\/instytutpolski.pl\/bucuresti\/wp-json\/wp\/v2\/posts\/3178\/revisions\/3181"}],"wp:featuredmedia":[{"embeddable":true,"href":"https:\/\/instytutpolski.pl\/bucuresti\/wp-json\/wp\/v2\/media\/3179"}],"wp:attachment":[{"href":"https:\/\/instytutpolski.pl\/bucuresti\/wp-json\/wp\/v2\/media?parent=3178"}],"wp:term":[{"taxonomy":"category","embeddable":true,"href":"https:\/\/instytutpolski.pl\/bucuresti\/wp-json\/wp\/v2\/categories?post=3178"},{"taxonomy":"post_tag","embeddable":true,"href":"https:\/\/instytutpolski.pl\/bucuresti\/wp-json\/wp\/v2\/tags?post=3178"}],"curies":[{"name":"wp","href":"https:\/\/api.w.org\/{rel}","templated":true}]}}