{"id":3224,"date":"2016-01-20T13:55:00","date_gmt":"2016-01-20T12:55:00","guid":{"rendered":"https:\/\/instytutpolski.pl\/bucuresti\/?p=3224"},"modified":"2020-06-03T14:01:54","modified_gmt":"2020-06-03T12:01:54","slug":"plakat-wojenny-i-antywojenny-w-kluzu","status":"publish","type":"post","link":"https:\/\/instytutpolski.pl\/bucuresti\/pl\/2016\/01\/20\/plakat-wojenny-i-antywojenny-w-kluzu\/","title":{"rendered":"Plakat wojenny i antywojenny w Klu\u017cu"},"content":{"rendered":"\n<div class=\"post-text-container\">\n<p>Wystawa zawiera <strong>52 plakaty z okresu\u00a01939-2014,<\/strong>\u00a0wybrane\u00a0z kolekcji\u00a0<strong>Krzysztofa Dydo<\/strong>. Znawca sztuki plakatu,\u00a0autor licznych opracowa\u0144 na ten temat i wsp\u00f3\u0142tw\u00f3rca Krakowskiej Galerii plakatu jest w\u0142a\u015bcicielen najwi\u0119kszej, prywatnej kolekcji w Polsce, zawieraj\u0105cej ponad\u00a020.000 prac.<\/p>\n<p>Wystawa sk\u0142ada si\u0119 z dw\u00f3ch wyra\u017anych cz\u0119\u015bci. Pierwsza &#8211; to plakaty po\u015bwi\u0119cone latom 1939 \u2013 1945, wybuchowi wojny, Zbrodni Katy\u0144skiej, obozom zag\u0142ady, powstaniu w Getcie Warszawskim a przede wszystkim Powstaniu Warszawskiemu. Druga &#8211; to plakaty z lat 1955 \u2013 2004, po\u015bwi\u0119cone obronie pokoju, konfliktom mi\u0119dzynarodowym, terroryzmowi. Tybet, Korea, Chile, Czeczenia, konflikt Palestyna-Izrael, 11 wrze\u015bnia 2001.\u00a0<\/p>\n<p>W ponad stuletniej historii polskiego plakatu, ten rodzaj jest jego m\u0142odsz\u0105 postaci\u0105, a narodziny \u015bci\u015ble zwi\u0105zan\u0105 z II Wojn\u0105 \u015awiatow\u0105 i jej skutkami.\u00a0Straszliwe cierpienia jakich dozna\u0142a Polska, w toku kolejnych wojen, w szczeg\u00f3lny spos\u00f3b upowa\u017cnia nas do dzia\u0142ania w obronie pokoju na wszystkie mo\u017cliwe sposoby, r\u00f3wnie\u017c poprzez dzia\u0142ania plastyczne. Nale\u017cy do nich plakat. Plakat wo\u0142aj\u0105cy o pok\u00f3j, antywojenny, walcz\u0105cy o rozbrojenie, przypominaj\u0105cy o okrucie\u0144stwach wojny i przestrzegaj\u0105cy przed nimi, ukazuj\u0105cy zadawnione i nowe konflikty, pot\u0119piaj\u0105cy terroryzm i agresj\u0119, bez wzgl\u0119du jak by\u015bmy go nazwali, by tylko ni\u00f3s\u0142 ducha i wol\u0119 pokoju. Jest dzie\u0142em plastycznym chyba naj\u017cywiej przemawiaj\u0105cym do cz\u0142owieka. W przypadku plakatu zaanga\u017cowanego, no\u015bnikiem wielkich politycznych tre\u015bci o stale aktualnej wymowie. Nawi\u0105zywanie do tragedii wojny, tragedii ludzi, kt\u00f3rzy cierpieli i gin\u0119li, ma w plakacie uzasadnienie. Jego celem jest bowiem ostrzeganie i informowanie, i\u017c los tamtych ofiar mo\u017ce sta\u0107 si\u0119 kiedy\u015b i naszym, \u017ce nie ma alternatywy dla pokoju.\u00a0<\/p>\n<p>Wernisa\u017c: czwartek, 21 stycznia 2016, godz. 18.<\/p>\n<\/div>\n","protected":false},"excerpt":{"rendered":"<p>Wystawa zawiera 52 plakaty z okresu\u00a01939-2014,\u00a0wybrane\u00a0z kolekcji\u00a0Krzysztofa Dydo. Znawca sztuki plakatu,\u00a0autor licznych opracowa\u0144 na ten temat i wsp\u00f3\u0142tw\u00f3rca Krakowskiej Galerii plakatu jest w\u0142a\u015bcicielen najwi\u0119kszej, prywatnej kolekcji w Polsce, zawieraj\u0105cej ponad\u00a020.000 prac. Wystawa sk\u0142ada si\u0119 z dw\u00f3ch wyra\u017anych cz\u0119\u015bci. Pierwsza &#8211; to plakaty po\u015bwi\u0119cone latom 1939 \u2013 1945, wybuchowi wojny, Zbrodni Katy\u0144skiej, obozom zag\u0142ady, powstaniu w [&hellip;]<\/p>\n","protected":false},"author":43,"featured_media":3219,"comment_status":"open","ping_status":"open","sticky":false,"template":"","format":"standard","meta":{"inline_featured_image":false,"_monsterinsights_skip_tracking":false,"_monsterinsights_sitenote_active":false,"_monsterinsights_sitenote_note":"","_monsterinsights_sitenote_category":0,"footnotes":""},"categories":[43,96],"tags":[304],"class_list":["post-3224","post","type-post","status-publish","format-standard","has-post-thumbnail","hentry","category-sztuki-wizualne","category-wydarzenia","tag-plakat"],"yoast_head":"<!-- This site is optimized with the Yoast SEO plugin v24.6 - https:\/\/yoast.com\/wordpress\/plugins\/seo\/ -->\n<title>Plakat wojenny i antywojenny w Klu\u017cu - Instytut Polski w Bukareszcie<\/title>\n<meta name=\"robots\" content=\"index, follow, max-snippet:-1, max-image-preview:large, max-video-preview:-1\" \/>\n<link rel=\"canonical\" href=\"https:\/\/instytutpolski.pl\/bucuresti\/pl\/2016\/01\/20\/plakat-wojenny-i-antywojenny-w-kluzu\/\" \/>\n<meta property=\"og:locale\" content=\"pl_PL\" \/>\n<meta property=\"og:type\" content=\"article\" \/>\n<meta property=\"og:title\" content=\"Plakat wojenny i antywojenny w Klu\u017cu - Instytut Polski w Bukareszcie\" \/>\n<meta property=\"og:description\" content=\"Wystawa zawiera 52 plakaty z okresu\u00a01939-2014,\u00a0wybrane\u00a0z kolekcji\u00a0Krzysztofa Dydo. Znawca sztuki plakatu,\u00a0autor licznych opracowa\u0144 na ten temat i wsp\u00f3\u0142tw\u00f3rca Krakowskiej Galerii plakatu jest w\u0142a\u015bcicielen najwi\u0119kszej, prywatnej kolekcji w Polsce, zawieraj\u0105cej ponad\u00a020.000 prac. Wystawa sk\u0142ada si\u0119 z dw\u00f3ch wyra\u017anych cz\u0119\u015bci. Pierwsza &#8211; to plakaty po\u015bwi\u0119cone latom 1939 \u2013 1945, wybuchowi wojny, Zbrodni Katy\u0144skiej, obozom zag\u0142ady, powstaniu w [&hellip;]\" \/>\n<meta property=\"og:url\" content=\"https:\/\/instytutpolski.pl\/bucuresti\/pl\/2016\/01\/20\/plakat-wojenny-i-antywojenny-w-kluzu\/\" \/>\n<meta property=\"og:site_name\" content=\"Instytut Polski w Bukareszcie\" \/>\n<meta property=\"article:published_time\" content=\"2016-01-20T12:55:00+00:00\" \/>\n<meta property=\"article:modified_time\" content=\"2020-06-03T12:01:54+00:00\" \/>\n<meta property=\"og:image\" content=\"https:\/\/instytutpolski.pl\/bucuresti\/wp-content\/uploads\/sites\/11\/2020\/06\/afisul-despre-razboi-la-cluj-napoca_0be632.jpg\" \/>\n\t<meta property=\"og:image:width\" content=\"702\" \/>\n\t<meta property=\"og:image:height\" content=\"642\" \/>\n\t<meta property=\"og:image:type\" content=\"image\/jpeg\" \/>\n<meta name=\"author\" content=\"nicolaua\" \/>\n<meta name=\"twitter:card\" content=\"summary_large_image\" \/>\n<meta name=\"twitter:label1\" content=\"Napisane przez\" \/>\n\t<meta name=\"twitter:data1\" content=\"nicolaua\" \/>\n\t<meta name=\"twitter:label2\" content=\"Szacowany czas czytania\" \/>\n\t<meta name=\"twitter:data2\" content=\"1 minuta\" \/>\n<script type=\"application\/ld+json\" class=\"yoast-schema-graph\">{\"@context\":\"https:\/\/schema.org\",\"@graph\":[{\"@type\":\"event\",\"@id\":\"https:\/\/instytutpolski.pl\/bucuresti\/pl\/2016\/01\/20\/plakat-wojenny-i-antywojenny-w-kluzu\/\",\"url\":\"https:\/\/instytutpolski.pl\/bucuresti\/pl\/2016\/01\/20\/plakat-wojenny-i-antywojenny-w-kluzu\/\",\"name\":\"Plakat wojenny i antywojenny w Klu\u017cu\",\"isPartOf\":{\"@id\":\"https:\/\/instytutpolski.pl\/bucuresti\/#website\"},\"primaryImageOfPage\":{\"@id\":\"https:\/\/instytutpolski.pl\/bucuresti\/pl\/2016\/01\/20\/plakat-wojenny-i-antywojenny-w-kluzu\/#primaryimage\"},\"image\":[\"https:\/\/instytutpolski.pl\/bucuresti\/wp-content\/uploads\/sites\/11\/2020\/06\/afisul-despre-razboi-la-cluj-napoca_0be632.jpg\",\"https:\/\/instytutpolski.pl\/bucuresti\/wp-content\/uploads\/sites\/11\/2020\/06\/afisul-despre-razboi-la-cluj-napoca_0be632-300x274.jpg\",\"https:\/\/instytutpolski.pl\/bucuresti\/wp-content\/uploads\/sites\/11\/2020\/06\/afisul-despre-razboi-la-cluj-napoca_0be632.jpg\",\"https:\/\/instytutpolski.pl\/bucuresti\/wp-content\/uploads\/sites\/11\/2020\/06\/afisul-despre-razboi-la-cluj-napoca_0be632.jpg\"],\"thumbnailUrl\":\"https:\/\/instytutpolski.pl\/bucuresti\/wp-content\/uploads\/sites\/11\/2020\/06\/afisul-despre-razboi-la-cluj-napoca_0be632.jpg\",\"datePublished\":\"2016-01-20T12:55:00+02:00\",\"dateModified\":\"2020-06-03T12:01:54+02:00\",\"author\":{\"@id\":\"https:\/\/instytutpolski.pl\/bucuresti\/#\/schema\/person\/a1d5ab39dce466455f60589721519864\"},\"breadcrumb\":{\"@id\":\"https:\/\/instytutpolski.pl\/bucuresti\/pl\/2016\/01\/20\/plakat-wojenny-i-antywojenny-w-kluzu\/#breadcrumb\"},\"inLanguage\":\"pl-PL\",\"potentialAction\":[{\"@type\":\"ReadAction\",\"target\":[\"https:\/\/instytutpolski.pl\/bucuresti\/pl\/2016\/01\/20\/plakat-wojenny-i-antywojenny-w-kluzu\/\"]}],\"@context\":\"https:\/\/schema.org\",\"startDate\":\"2016-01-21\",\"endDate\":\"2016-02-21\",\"eventStatus\":\"EventScheduled\",\"eventAttendanceMode\":\"OfflineEventAttendanceMode\",\"location\":{\"@type\":\"place\",\"name\":\"\",\"address\":\"\",\"geo\":{\"@type\":\"GeoCoordinates\",\"latitude\":\"\",\"longitude\":\"\"}},\"description\":\"Wystawa zawiera 52 plakaty z okresu\u00a01939-2014,\u00a0wybrane\u00a0z kolekcji\u00a0Krzysztofa Dydo. Znawca sztuki plakatu,\u00a0autor licznych opracowa\u0144 na ten temat i wsp\u00f3\u0142tw\u00f3rca Krakowskiej Galerii plakatu jest w\u0142a\u015bcicielen najwi\u0119kszej, prywatnej kolekcji w Polsce, zawieraj\u0105cej ponad\u00a020.000 prac.\\nWystawa sk\u0142ada si\u0119 z dw\u00f3ch wyra\u017anych cz\u0119\u015bci. Pierwsza - to plakaty po\u015bwi\u0119cone latom 1939 \u2013 1945, wybuchowi wojny, Zbrodni Katy\u0144skiej, obozom zag\u0142ady, powstaniu w Getcie Warszawskim a przede wszystkim Powstaniu Warszawskiemu. Druga - to plakaty z lat 1955 \u2013 2004, po\u015bwi\u0119cone obronie pokoju, konfliktom mi\u0119dzynarodowym, terroryzmowi. Tybet, Korea, Chile, Czeczenia, konflikt Palestyna-Izrael, 11 wrze\u015bnia 2001.\u00a0\\nW ponad stuletniej historii polskiego plakatu, ten rodzaj jest jego m\u0142odsz\u0105 postaci\u0105, a narodziny \u015bci\u015ble zwi\u0105zan\u0105 z II Wojn\u0105 \u015awiatow\u0105 i jej skutkami.\u00a0Straszliwe cierpienia jakich dozna\u0142a Polska, w toku kolejnych wojen, w szczeg\u00f3lny spos\u00f3b upowa\u017cnia nas do dzia\u0142ania w obronie pokoju na wszystkie mo\u017cliwe sposoby, r\u00f3wnie\u017c poprzez dzia\u0142ania plastyczne. Nale\u017cy do nich plakat. Plakat wo\u0142aj\u0105cy o pok\u00f3j, antywojenny, walcz\u0105cy o rozbrojenie, przypominaj\u0105cy o okrucie\u0144stwach wojny i przestrzegaj\u0105cy przed nimi, ukazuj\u0105cy zadawnione i nowe konflikty, pot\u0119piaj\u0105cy terroryzm i agresj\u0119, bez wzgl\u0119du jak by\u015bmy go nazwali, by tylko ni\u00f3s\u0142 ducha i wol\u0119 pokoju. Jest dzie\u0142em plastycznym chyba naj\u017cywiej przemawiaj\u0105cym do cz\u0142owieka. W przypadku plakatu zaanga\u017cowanego, no\u015bnikiem wielkich politycznych tre\u015bci o stale aktualnej wymowie. Nawi\u0105zywanie do tragedii wojny, tragedii ludzi, kt\u00f3rzy cierpieli i gin\u0119li, ma w plakacie uzasadnienie. Jego celem jest bowiem ostrzeganie i informowanie, i\u017c los tamtych ofiar mo\u017ce sta\u0107 si\u0119 kiedy\u015b i naszym, \u017ce nie ma alternatywy dla pokoju.\u00a0\\nWernisa\u017c: czwartek, 21 stycznia 2016, godz. 18.\"},{\"@type\":\"ImageObject\",\"inLanguage\":\"pl-PL\",\"@id\":\"https:\/\/instytutpolski.pl\/bucuresti\/pl\/2016\/01\/20\/plakat-wojenny-i-antywojenny-w-kluzu\/#primaryimage\",\"url\":\"https:\/\/instytutpolski.pl\/bucuresti\/wp-content\/uploads\/sites\/11\/2020\/06\/afisul-despre-razboi-la-cluj-napoca_0be632.jpg\",\"contentUrl\":\"https:\/\/instytutpolski.pl\/bucuresti\/wp-content\/uploads\/sites\/11\/2020\/06\/afisul-despre-razboi-la-cluj-napoca_0be632.jpg\",\"width\":702,\"height\":642,\"caption\":\"Foto: Sebastian Kubica\"},{\"@type\":\"BreadcrumbList\",\"@id\":\"https:\/\/instytutpolski.pl\/bucuresti\/pl\/2016\/01\/20\/plakat-wojenny-i-antywojenny-w-kluzu\/#breadcrumb\",\"itemListElement\":[{\"@type\":\"ListItem\",\"position\":1,\"name\":\"Home\",\"item\":\"https:\/\/instytutpolski.pl\/bucuresti\/\"},{\"@type\":\"ListItem\",\"position\":2,\"name\":\"Plakat wojenny i antywojenny w Klu\u017cu\"}]},{\"@type\":\"WebSite\",\"@id\":\"https:\/\/instytutpolski.pl\/bucuresti\/#website\",\"url\":\"https:\/\/instytutpolski.pl\/bucuresti\/\",\"name\":\"Instytut Polski w Bukareszcie\",\"description\":\"Instytuty Polskie\",\"potentialAction\":[{\"@type\":\"SearchAction\",\"target\":{\"@type\":\"EntryPoint\",\"urlTemplate\":\"https:\/\/instytutpolski.pl\/bucuresti\/?s={search_term_string}\"},\"query-input\":{\"@type\":\"PropertyValueSpecification\",\"valueRequired\":true,\"valueName\":\"search_term_string\"}}],\"inLanguage\":\"pl-PL\"},{\"@type\":\"Person\",\"@id\":\"https:\/\/instytutpolski.pl\/bucuresti\/#\/schema\/person\/a1d5ab39dce466455f60589721519864\",\"name\":\"nicolaua\",\"image\":{\"@type\":\"ImageObject\",\"inLanguage\":\"pl-PL\",\"@id\":\"https:\/\/instytutpolski.pl\/bucuresti\/#\/schema\/person\/image\/\",\"url\":\"https:\/\/secure.gravatar.com\/avatar\/5029b942a8ac0a6a935e5655abff56ef?s=96&d=mm&r=g\",\"contentUrl\":\"https:\/\/secure.gravatar.com\/avatar\/5029b942a8ac0a6a935e5655abff56ef?s=96&d=mm&r=g\",\"caption\":\"nicolaua\"},\"url\":\"https:\/\/instytutpolski.pl\/bucuresti\/author\/nicolaua\/\"}]}<\/script>\n<!-- \/ Yoast SEO plugin. -->","yoast_head_json":{"title":"Plakat wojenny i antywojenny w Klu\u017cu - Instytut Polski w Bukareszcie","robots":{"index":"index","follow":"follow","max-snippet":"max-snippet:-1","max-image-preview":"max-image-preview:large","max-video-preview":"max-video-preview:-1"},"canonical":"https:\/\/instytutpolski.pl\/bucuresti\/pl\/2016\/01\/20\/plakat-wojenny-i-antywojenny-w-kluzu\/","og_locale":"pl_PL","og_type":"article","og_title":"Plakat wojenny i antywojenny w Klu\u017cu - Instytut Polski w Bukareszcie","og_description":"Wystawa zawiera 52 plakaty z okresu\u00a01939-2014,\u00a0wybrane\u00a0z kolekcji\u00a0Krzysztofa Dydo. Znawca sztuki plakatu,\u00a0autor licznych opracowa\u0144 na ten temat i wsp\u00f3\u0142tw\u00f3rca Krakowskiej Galerii plakatu jest w\u0142a\u015bcicielen najwi\u0119kszej, prywatnej kolekcji w Polsce, zawieraj\u0105cej ponad\u00a020.000 prac. Wystawa sk\u0142ada si\u0119 z dw\u00f3ch wyra\u017anych cz\u0119\u015bci. Pierwsza &#8211; to plakaty po\u015bwi\u0119cone latom 1939 \u2013 1945, wybuchowi wojny, Zbrodni Katy\u0144skiej, obozom zag\u0142ady, powstaniu w [&hellip;]","og_url":"https:\/\/instytutpolski.pl\/bucuresti\/pl\/2016\/01\/20\/plakat-wojenny-i-antywojenny-w-kluzu\/","og_site_name":"Instytut Polski w Bukareszcie","article_published_time":"2016-01-20T12:55:00+00:00","article_modified_time":"2020-06-03T12:01:54+00:00","og_image":[{"width":702,"height":642,"url":"https:\/\/instytutpolski.pl\/bucuresti\/wp-content\/uploads\/sites\/11\/2020\/06\/afisul-despre-razboi-la-cluj-napoca_0be632.jpg","type":"image\/jpeg"}],"author":"nicolaua","twitter_card":"summary_large_image","twitter_misc":{"Napisane przez":"nicolaua","Szacowany czas czytania":"1 minuta"},"schema":{"@context":"https:\/\/schema.org","@graph":[{"@type":"event","@id":"https:\/\/instytutpolski.pl\/bucuresti\/pl\/2016\/01\/20\/plakat-wojenny-i-antywojenny-w-kluzu\/","url":"https:\/\/instytutpolski.pl\/bucuresti\/pl\/2016\/01\/20\/plakat-wojenny-i-antywojenny-w-kluzu\/","name":"Plakat wojenny i antywojenny w Klu\u017cu","isPartOf":{"@id":"https:\/\/instytutpolski.pl\/bucuresti\/#website"},"primaryImageOfPage":{"@id":"https:\/\/instytutpolski.pl\/bucuresti\/pl\/2016\/01\/20\/plakat-wojenny-i-antywojenny-w-kluzu\/#primaryimage"},"image":["https:\/\/instytutpolski.pl\/bucuresti\/wp-content\/uploads\/sites\/11\/2020\/06\/afisul-despre-razboi-la-cluj-napoca_0be632.jpg","https:\/\/instytutpolski.pl\/bucuresti\/wp-content\/uploads\/sites\/11\/2020\/06\/afisul-despre-razboi-la-cluj-napoca_0be632-300x274.jpg","https:\/\/instytutpolski.pl\/bucuresti\/wp-content\/uploads\/sites\/11\/2020\/06\/afisul-despre-razboi-la-cluj-napoca_0be632.jpg","https:\/\/instytutpolski.pl\/bucuresti\/wp-content\/uploads\/sites\/11\/2020\/06\/afisul-despre-razboi-la-cluj-napoca_0be632.jpg"],"thumbnailUrl":"https:\/\/instytutpolski.pl\/bucuresti\/wp-content\/uploads\/sites\/11\/2020\/06\/afisul-despre-razboi-la-cluj-napoca_0be632.jpg","datePublished":"2016-01-20T12:55:00+02:00","dateModified":"2020-06-03T12:01:54+02:00","author":{"@id":"https:\/\/instytutpolski.pl\/bucuresti\/#\/schema\/person\/a1d5ab39dce466455f60589721519864"},"breadcrumb":{"@id":"https:\/\/instytutpolski.pl\/bucuresti\/pl\/2016\/01\/20\/plakat-wojenny-i-antywojenny-w-kluzu\/#breadcrumb"},"inLanguage":"pl-PL","potentialAction":[{"@type":"ReadAction","target":["https:\/\/instytutpolski.pl\/bucuresti\/pl\/2016\/01\/20\/plakat-wojenny-i-antywojenny-w-kluzu\/"]}],"@context":"https:\/\/schema.org","startDate":"2016-01-21","endDate":"2016-02-21","eventStatus":"EventScheduled","eventAttendanceMode":"OfflineEventAttendanceMode","location":{"@type":"place","name":"","address":"","geo":{"@type":"GeoCoordinates","latitude":"","longitude":""}},"description":"Wystawa zawiera 52 plakaty z okresu\u00a01939-2014,\u00a0wybrane\u00a0z kolekcji\u00a0Krzysztofa Dydo. Znawca sztuki plakatu,\u00a0autor licznych opracowa\u0144 na ten temat i wsp\u00f3\u0142tw\u00f3rca Krakowskiej Galerii plakatu jest w\u0142a\u015bcicielen najwi\u0119kszej, prywatnej kolekcji w Polsce, zawieraj\u0105cej ponad\u00a020.000 prac.\nWystawa sk\u0142ada si\u0119 z dw\u00f3ch wyra\u017anych cz\u0119\u015bci. Pierwsza - to plakaty po\u015bwi\u0119cone latom 1939 \u2013 1945, wybuchowi wojny, Zbrodni Katy\u0144skiej, obozom zag\u0142ady, powstaniu w Getcie Warszawskim a przede wszystkim Powstaniu Warszawskiemu. Druga - to plakaty z lat 1955 \u2013 2004, po\u015bwi\u0119cone obronie pokoju, konfliktom mi\u0119dzynarodowym, terroryzmowi. Tybet, Korea, Chile, Czeczenia, konflikt Palestyna-Izrael, 11 wrze\u015bnia 2001.\u00a0\nW ponad stuletniej historii polskiego plakatu, ten rodzaj jest jego m\u0142odsz\u0105 postaci\u0105, a narodziny \u015bci\u015ble zwi\u0105zan\u0105 z II Wojn\u0105 \u015awiatow\u0105 i jej skutkami.\u00a0Straszliwe cierpienia jakich dozna\u0142a Polska, w toku kolejnych wojen, w szczeg\u00f3lny spos\u00f3b upowa\u017cnia nas do dzia\u0142ania w obronie pokoju na wszystkie mo\u017cliwe sposoby, r\u00f3wnie\u017c poprzez dzia\u0142ania plastyczne. Nale\u017cy do nich plakat. Plakat wo\u0142aj\u0105cy o pok\u00f3j, antywojenny, walcz\u0105cy o rozbrojenie, przypominaj\u0105cy o okrucie\u0144stwach wojny i przestrzegaj\u0105cy przed nimi, ukazuj\u0105cy zadawnione i nowe konflikty, pot\u0119piaj\u0105cy terroryzm i agresj\u0119, bez wzgl\u0119du jak by\u015bmy go nazwali, by tylko ni\u00f3s\u0142 ducha i wol\u0119 pokoju. Jest dzie\u0142em plastycznym chyba naj\u017cywiej przemawiaj\u0105cym do cz\u0142owieka. W przypadku plakatu zaanga\u017cowanego, no\u015bnikiem wielkich politycznych tre\u015bci o stale aktualnej wymowie. Nawi\u0105zywanie do tragedii wojny, tragedii ludzi, kt\u00f3rzy cierpieli i gin\u0119li, ma w plakacie uzasadnienie. Jego celem jest bowiem ostrzeganie i informowanie, i\u017c los tamtych ofiar mo\u017ce sta\u0107 si\u0119 kiedy\u015b i naszym, \u017ce nie ma alternatywy dla pokoju.\u00a0\nWernisa\u017c: czwartek, 21 stycznia 2016, godz. 18."},{"@type":"ImageObject","inLanguage":"pl-PL","@id":"https:\/\/instytutpolski.pl\/bucuresti\/pl\/2016\/01\/20\/plakat-wojenny-i-antywojenny-w-kluzu\/#primaryimage","url":"https:\/\/instytutpolski.pl\/bucuresti\/wp-content\/uploads\/sites\/11\/2020\/06\/afisul-despre-razboi-la-cluj-napoca_0be632.jpg","contentUrl":"https:\/\/instytutpolski.pl\/bucuresti\/wp-content\/uploads\/sites\/11\/2020\/06\/afisul-despre-razboi-la-cluj-napoca_0be632.jpg","width":702,"height":642,"caption":"Foto: Sebastian Kubica"},{"@type":"BreadcrumbList","@id":"https:\/\/instytutpolski.pl\/bucuresti\/pl\/2016\/01\/20\/plakat-wojenny-i-antywojenny-w-kluzu\/#breadcrumb","itemListElement":[{"@type":"ListItem","position":1,"name":"Home","item":"https:\/\/instytutpolski.pl\/bucuresti\/"},{"@type":"ListItem","position":2,"name":"Plakat wojenny i antywojenny w Klu\u017cu"}]},{"@type":"WebSite","@id":"https:\/\/instytutpolski.pl\/bucuresti\/#website","url":"https:\/\/instytutpolski.pl\/bucuresti\/","name":"Instytut Polski w Bukareszcie","description":"Instytuty Polskie","potentialAction":[{"@type":"SearchAction","target":{"@type":"EntryPoint","urlTemplate":"https:\/\/instytutpolski.pl\/bucuresti\/?s={search_term_string}"},"query-input":{"@type":"PropertyValueSpecification","valueRequired":true,"valueName":"search_term_string"}}],"inLanguage":"pl-PL"},{"@type":"Person","@id":"https:\/\/instytutpolski.pl\/bucuresti\/#\/schema\/person\/a1d5ab39dce466455f60589721519864","name":"nicolaua","image":{"@type":"ImageObject","inLanguage":"pl-PL","@id":"https:\/\/instytutpolski.pl\/bucuresti\/#\/schema\/person\/image\/","url":"https:\/\/secure.gravatar.com\/avatar\/5029b942a8ac0a6a935e5655abff56ef?s=96&d=mm&r=g","contentUrl":"https:\/\/secure.gravatar.com\/avatar\/5029b942a8ac0a6a935e5655abff56ef?s=96&d=mm&r=g","caption":"nicolaua"},"url":"https:\/\/instytutpolski.pl\/bucuresti\/author\/nicolaua\/"}]}},"_links":{"self":[{"href":"https:\/\/instytutpolski.pl\/bucuresti\/wp-json\/wp\/v2\/posts\/3224","targetHints":{"allow":["GET"]}}],"collection":[{"href":"https:\/\/instytutpolski.pl\/bucuresti\/wp-json\/wp\/v2\/posts"}],"about":[{"href":"https:\/\/instytutpolski.pl\/bucuresti\/wp-json\/wp\/v2\/types\/post"}],"author":[{"embeddable":true,"href":"https:\/\/instytutpolski.pl\/bucuresti\/wp-json\/wp\/v2\/users\/43"}],"replies":[{"embeddable":true,"href":"https:\/\/instytutpolski.pl\/bucuresti\/wp-json\/wp\/v2\/comments?post=3224"}],"version-history":[{"count":2,"href":"https:\/\/instytutpolski.pl\/bucuresti\/wp-json\/wp\/v2\/posts\/3224\/revisions"}],"predecessor-version":[{"id":3226,"href":"https:\/\/instytutpolski.pl\/bucuresti\/wp-json\/wp\/v2\/posts\/3224\/revisions\/3226"}],"wp:featuredmedia":[{"embeddable":true,"href":"https:\/\/instytutpolski.pl\/bucuresti\/wp-json\/wp\/v2\/media\/3219"}],"wp:attachment":[{"href":"https:\/\/instytutpolski.pl\/bucuresti\/wp-json\/wp\/v2\/media?parent=3224"}],"wp:term":[{"taxonomy":"category","embeddable":true,"href":"https:\/\/instytutpolski.pl\/bucuresti\/wp-json\/wp\/v2\/categories?post=3224"},{"taxonomy":"post_tag","embeddable":true,"href":"https:\/\/instytutpolski.pl\/bucuresti\/wp-json\/wp\/v2\/tags?post=3224"}],"curies":[{"name":"wp","href":"https:\/\/api.w.org\/{rel}","templated":true}]}}