{"id":3282,"date":"2015-10-22T16:48:00","date_gmt":"2015-10-22T14:48:00","guid":{"rendered":"https:\/\/instytutpolski.pl\/bucuresti\/?p=3282"},"modified":"2020-06-03T16:51:43","modified_gmt":"2020-06-03T14:51:43","slug":"film-mut-cu-muzica-live-la-festivalul-timishort","status":"publish","type":"post","link":"https:\/\/instytutpolski.pl\/bucuresti\/2015\/10\/22\/film-mut-cu-muzica-live-la-festivalul-timishort\/","title":{"rendered":"Film mut cu muzic\u0103 live la Festivalul Timishort"},"content":{"rendered":"\n<div class=\"post-text-container\">\n<p><strong>16 octombrie, ora 22.00 &#8211; Teatrul Na\u021bional, str. M\u0103r\u0103\u0219e\u0219ti nr. 2, Timi\u0219oara<\/strong><\/p>\n<p><strong>Alb\u0103 ca Z\u0103pada<\/strong><br \/>Belgia, Fran\u021ba, Spania, 2012, 104 min.<br \/>Regia: Pablo Berger<\/p>\n<p>Filmul mut \u201eAlb\u0103 ca Z\u0103pada\u201d se bazeaz\u0103 pe cunoscutul basm scris de Fra\u021bii Grimm.<\/p>\n<p><strong>Miss God<\/strong>\u00a0\u00eembin\u0103 elemente etno cu sunete moderne, realiz\u00e2nd o muzic\u0103 pe care jurnalista Agnieszka Szyd\u0142owska a descris-o foarte succint a\u0219a: \u201eam g\u0103sit ceva ce m-a tulburat, am g\u0103sit \u00een sf\u00e2r\u0219it o muzic\u0103 care s\u0103 m\u0103 fac\u0103 s\u0103 \u00eennebunesc\u2026\u201d.<br \/>Artista a sus\u021binut concerte \u00een cadrul Heineken Opener Festival 2013, filmPolska Festival (Berlin), Ambition Festival (Londra), Electronic Beats (Pozna\u0144). Muzica ei poate fi auzit\u0103 \u0219i \u00een spectacole de teatru.<\/p>\n<p>https:\/\/youtu.be\/d6aqyivjs14<\/p>\n<div class=\"addthis_sharing_toolbox\" data-url=\"https:\/\/www.culturapoloneza.ro\/events\/item\/film-mut-cu-muzica-live-la-timishort.html\" data-title=\"Film mut cu muzic\u0103 live la Festivalul Timishort\" data-description=\"\u00cen cadrul Festivalului Interna\u021bional de Film Timishort din Timi\u0219oara (15-18 octombrie), artista polonez\u0103 Miss God va realiza coloana sonor\u0103 a filmului mut \u201eAlb\u0103 ca Z\u0103pada\u201d chiar \u00een timpul proiec\u021biei.\">\n<div id=\"atstbx\" class=\"at-share-tbx-element addthis-smartlayers addthis-animated at4-show\" role=\"region\" aria-labelledby=\"at-830e04eb-09d0-4135-b833-a0c21441b57d\"><span id=\"at-830e04eb-09d0-4135-b833-a0c21441b57d\" class=\"at4-visually-hidden\"><\/span>\n<div class=\"at-share-btn-elements\">\u00a0<\/div>\n<\/div>\n<\/div>\n<\/div>\n<div class=\"event-sidebar\">\u00a0<\/div>\n","protected":false},"excerpt":{"rendered":"<p>16 octombrie, ora 22.00 &#8211; Teatrul Na\u021bional, str. M\u0103r\u0103\u0219e\u0219ti nr. 2, Timi\u0219oara Alb\u0103 ca Z\u0103padaBelgia, Fran\u021ba, Spania, 2012, 104 min.Regia: Pablo Berger Filmul mut \u201eAlb\u0103 ca Z\u0103pada\u201d se bazeaz\u0103 pe cunoscutul basm scris de Fra\u021bii Grimm. Miss God\u00a0\u00eembin\u0103 elemente etno cu sunete moderne, realiz\u00e2nd o muzic\u0103 pe care jurnalista Agnieszka Szyd\u0142owska a descris-o foarte succint [&hellip;]<\/p>\n","protected":false},"author":43,"featured_media":3283,"comment_status":"open","ping_status":"open","sticky":false,"template":"","format":"standard","meta":{"inline_featured_image":false,"_monsterinsights_skip_tracking":false,"_monsterinsights_sitenote_active":false,"_monsterinsights_sitenote_note":"","_monsterinsights_sitenote_category":0,"footnotes":""},"categories":[18,94,123],"tags":[513],"class_list":["post-3282","post","type-post","status-publish","format-standard","has-post-thumbnail","hentry","category-cinema","category-evenimente","category-muzica","tag-film-mut"],"yoast_head":"<!-- This site is optimized with the Yoast SEO plugin v24.6 - https:\/\/yoast.com\/wordpress\/plugins\/seo\/ -->\n<title>Film mut cu muzic\u0103 live la Festivalul Timishort - Instytut Polski w Bukareszcie<\/title>\n<meta name=\"robots\" content=\"index, follow, max-snippet:-1, max-image-preview:large, max-video-preview:-1\" \/>\n<link rel=\"canonical\" href=\"https:\/\/instytutpolski.pl\/bucuresti\/2015\/10\/22\/film-mut-cu-muzica-live-la-festivalul-timishort\/\" \/>\n<meta property=\"og:locale\" content=\"pl_PL\" \/>\n<meta property=\"og:type\" content=\"article\" \/>\n<meta property=\"og:title\" content=\"Film mut cu muzic\u0103 live la Festivalul Timishort - Instytut Polski w Bukareszcie\" \/>\n<meta property=\"og:description\" content=\"16 octombrie, ora 22.00 &#8211; Teatrul Na\u021bional, str. M\u0103r\u0103\u0219e\u0219ti nr. 2, Timi\u0219oara Alb\u0103 ca Z\u0103padaBelgia, Fran\u021ba, Spania, 2012, 104 min.Regia: Pablo Berger Filmul mut \u201eAlb\u0103 ca Z\u0103pada\u201d se bazeaz\u0103 pe cunoscutul basm scris de Fra\u021bii Grimm. Miss God\u00a0\u00eembin\u0103 elemente etno cu sunete moderne, realiz\u00e2nd o muzic\u0103 pe care jurnalista Agnieszka Szyd\u0142owska a descris-o foarte succint [&hellip;]\" \/>\n<meta property=\"og:url\" content=\"https:\/\/instytutpolski.pl\/bucuresti\/2015\/10\/22\/film-mut-cu-muzica-live-la-festivalul-timishort\/\" \/>\n<meta property=\"og:site_name\" content=\"Instytut Polski w Bukareszcie\" \/>\n<meta property=\"article:published_time\" content=\"2015-10-22T14:48:00+00:00\" \/>\n<meta property=\"article:modified_time\" content=\"2020-06-03T14:51:43+00:00\" \/>\n<meta property=\"og:image\" content=\"https:\/\/instytutpolski.pl\/bucuresti\/wp-content\/uploads\/sites\/11\/2020\/06\/film-mut-cu-muzica-live-la-timishort.jpg\" \/>\n\t<meta property=\"og:image:width\" content=\"592\" \/>\n\t<meta property=\"og:image:height\" content=\"287\" \/>\n\t<meta property=\"og:image:type\" content=\"image\/jpeg\" \/>\n<meta name=\"author\" content=\"nicolaua\" \/>\n<meta name=\"twitter:card\" content=\"summary_large_image\" \/>\n<meta name=\"twitter:label1\" content=\"Napisane przez\" \/>\n\t<meta name=\"twitter:data1\" content=\"nicolaua\" \/>\n\t<meta name=\"twitter:label2\" content=\"Szacowany czas czytania\" \/>\n\t<meta name=\"twitter:data2\" content=\"1 minuta\" \/>\n<script type=\"application\/ld+json\" class=\"yoast-schema-graph\">{\"@context\":\"https:\/\/schema.org\",\"@graph\":[{\"@type\":\"event\",\"@id\":\"https:\/\/instytutpolski.pl\/bucuresti\/2015\/10\/22\/film-mut-cu-muzica-live-la-festivalul-timishort\/\",\"url\":\"https:\/\/instytutpolski.pl\/bucuresti\/2015\/10\/22\/film-mut-cu-muzica-live-la-festivalul-timishort\/\",\"name\":\"Film mut cu muzic\u0103 live la Festivalul Timishort\",\"isPartOf\":{\"@id\":\"https:\/\/instytutpolski.pl\/bucuresti\/#website\"},\"primaryImageOfPage\":{\"@id\":\"https:\/\/instytutpolski.pl\/bucuresti\/2015\/10\/22\/film-mut-cu-muzica-live-la-festivalul-timishort\/#primaryimage\"},\"image\":[\"https:\/\/instytutpolski.pl\/bucuresti\/wp-content\/uploads\/sites\/11\/2020\/06\/film-mut-cu-muzica-live-la-timishort.jpg\",\"https:\/\/instytutpolski.pl\/bucuresti\/wp-content\/uploads\/sites\/11\/2020\/06\/film-mut-cu-muzica-live-la-timishort-300x145.jpg\",\"https:\/\/instytutpolski.pl\/bucuresti\/wp-content\/uploads\/sites\/11\/2020\/06\/film-mut-cu-muzica-live-la-timishort.jpg\",\"https:\/\/instytutpolski.pl\/bucuresti\/wp-content\/uploads\/sites\/11\/2020\/06\/film-mut-cu-muzica-live-la-timishort.jpg\"],\"thumbnailUrl\":\"https:\/\/instytutpolski.pl\/bucuresti\/wp-content\/uploads\/sites\/11\/2020\/06\/film-mut-cu-muzica-live-la-timishort.jpg\",\"datePublished\":\"2015-10-22T14:48:00+02:00\",\"dateModified\":\"2020-06-03T14:51:43+02:00\",\"author\":{\"@id\":\"https:\/\/instytutpolski.pl\/bucuresti\/#\/schema\/person\/a1d5ab39dce466455f60589721519864\"},\"breadcrumb\":{\"@id\":\"https:\/\/instytutpolski.pl\/bucuresti\/2015\/10\/22\/film-mut-cu-muzica-live-la-festivalul-timishort\/#breadcrumb\"},\"inLanguage\":\"pl-PL\",\"potentialAction\":[{\"@type\":\"ReadAction\",\"target\":[\"https:\/\/instytutpolski.pl\/bucuresti\/2015\/10\/22\/film-mut-cu-muzica-live-la-festivalul-timishort\/\"]}],\"@context\":\"https:\/\/schema.org\",\"startDate\":\"2015-10-16\",\"endDate\":\"2015-10-16\",\"eventStatus\":\"EventScheduled\",\"eventAttendanceMode\":\"OfflineEventAttendanceMode\",\"location\":{\"@type\":\"place\",\"name\":\"\",\"address\":\"\",\"geo\":{\"@type\":\"GeoCoordinates\",\"latitude\":\"\",\"longitude\":\"\"}},\"description\":\"16 octombrie, ora 22.00 - Teatrul Na\u021bional, str. M\u0103r\u0103\u0219e\u0219ti nr. 2, Timi\u0219oara\\nAlb\u0103 ca Z\u0103padaBelgia, Fran\u021ba, Spania, 2012, 104 min.Regia: Pablo Berger\\nFilmul mut \u201eAlb\u0103 ca Z\u0103pada\u201d se bazeaz\u0103 pe cunoscutul basm scris de Fra\u021bii Grimm.\\nMiss God\u00a0\u00eembin\u0103 elemente etno cu sunete moderne, realiz\u00e2nd o muzic\u0103 pe care jurnalista Agnieszka Szyd\u0142owska a descris-o foarte succint a\u0219a: \u201eam g\u0103sit ceva ce m-a tulburat, am g\u0103sit \u00een sf\u00e2r\u0219it o muzic\u0103 care s\u0103 m\u0103 fac\u0103 s\u0103 \u00eennebunesc\u2026\u201d.Artista a sus\u021binut concerte \u00een cadrul Heineken Opener Festival 2013, filmPolska Festival (Berlin), Ambition Festival (Londra), Electronic Beats (Pozna\u0144). Muzica ei poate fi auzit\u0103 \u0219i \u00een spectacole de teatru.\\nhttps:\/\/youtu.be\/d6aqyivjs14\\n\u00a0\\n\u00a0\"},{\"@type\":\"ImageObject\",\"inLanguage\":\"pl-PL\",\"@id\":\"https:\/\/instytutpolski.pl\/bucuresti\/2015\/10\/22\/film-mut-cu-muzica-live-la-festivalul-timishort\/#primaryimage\",\"url\":\"https:\/\/instytutpolski.pl\/bucuresti\/wp-content\/uploads\/sites\/11\/2020\/06\/film-mut-cu-muzica-live-la-timishort.jpg\",\"contentUrl\":\"https:\/\/instytutpolski.pl\/bucuresti\/wp-content\/uploads\/sites\/11\/2020\/06\/film-mut-cu-muzica-live-la-timishort.jpg\",\"width\":592,\"height\":287},{\"@type\":\"BreadcrumbList\",\"@id\":\"https:\/\/instytutpolski.pl\/bucuresti\/2015\/10\/22\/film-mut-cu-muzica-live-la-festivalul-timishort\/#breadcrumb\",\"itemListElement\":[{\"@type\":\"ListItem\",\"position\":1,\"name\":\"Home\",\"item\":\"https:\/\/instytutpolski.pl\/bucuresti\/\"},{\"@type\":\"ListItem\",\"position\":2,\"name\":\"Film mut cu muzic\u0103 live la Festivalul Timishort\"}]},{\"@type\":\"WebSite\",\"@id\":\"https:\/\/instytutpolski.pl\/bucuresti\/#website\",\"url\":\"https:\/\/instytutpolski.pl\/bucuresti\/\",\"name\":\"Instytut Polski w Bukareszcie\",\"description\":\"Instytuty Polskie\",\"potentialAction\":[{\"@type\":\"SearchAction\",\"target\":{\"@type\":\"EntryPoint\",\"urlTemplate\":\"https:\/\/instytutpolski.pl\/bucuresti\/?s={search_term_string}\"},\"query-input\":{\"@type\":\"PropertyValueSpecification\",\"valueRequired\":true,\"valueName\":\"search_term_string\"}}],\"inLanguage\":\"pl-PL\"},{\"@type\":\"Person\",\"@id\":\"https:\/\/instytutpolski.pl\/bucuresti\/#\/schema\/person\/a1d5ab39dce466455f60589721519864\",\"name\":\"nicolaua\",\"image\":{\"@type\":\"ImageObject\",\"inLanguage\":\"pl-PL\",\"@id\":\"https:\/\/instytutpolski.pl\/bucuresti\/#\/schema\/person\/image\/\",\"url\":\"https:\/\/secure.gravatar.com\/avatar\/5029b942a8ac0a6a935e5655abff56ef?s=96&d=mm&r=g\",\"contentUrl\":\"https:\/\/secure.gravatar.com\/avatar\/5029b942a8ac0a6a935e5655abff56ef?s=96&d=mm&r=g\",\"caption\":\"nicolaua\"},\"url\":\"https:\/\/instytutpolski.pl\/bucuresti\/author\/nicolaua\/\"}]}<\/script>\n<!-- \/ Yoast SEO plugin. -->","yoast_head_json":{"title":"Film mut cu muzic\u0103 live la Festivalul Timishort - Instytut Polski w Bukareszcie","robots":{"index":"index","follow":"follow","max-snippet":"max-snippet:-1","max-image-preview":"max-image-preview:large","max-video-preview":"max-video-preview:-1"},"canonical":"https:\/\/instytutpolski.pl\/bucuresti\/2015\/10\/22\/film-mut-cu-muzica-live-la-festivalul-timishort\/","og_locale":"pl_PL","og_type":"article","og_title":"Film mut cu muzic\u0103 live la Festivalul Timishort - Instytut Polski w Bukareszcie","og_description":"16 octombrie, ora 22.00 &#8211; Teatrul Na\u021bional, str. M\u0103r\u0103\u0219e\u0219ti nr. 2, Timi\u0219oara Alb\u0103 ca Z\u0103padaBelgia, Fran\u021ba, Spania, 2012, 104 min.Regia: Pablo Berger Filmul mut \u201eAlb\u0103 ca Z\u0103pada\u201d se bazeaz\u0103 pe cunoscutul basm scris de Fra\u021bii Grimm. Miss God\u00a0\u00eembin\u0103 elemente etno cu sunete moderne, realiz\u00e2nd o muzic\u0103 pe care jurnalista Agnieszka Szyd\u0142owska a descris-o foarte succint [&hellip;]","og_url":"https:\/\/instytutpolski.pl\/bucuresti\/2015\/10\/22\/film-mut-cu-muzica-live-la-festivalul-timishort\/","og_site_name":"Instytut Polski w Bukareszcie","article_published_time":"2015-10-22T14:48:00+00:00","article_modified_time":"2020-06-03T14:51:43+00:00","og_image":[{"width":592,"height":287,"url":"https:\/\/instytutpolski.pl\/bucuresti\/wp-content\/uploads\/sites\/11\/2020\/06\/film-mut-cu-muzica-live-la-timishort.jpg","type":"image\/jpeg"}],"author":"nicolaua","twitter_card":"summary_large_image","twitter_misc":{"Napisane przez":"nicolaua","Szacowany czas czytania":"1 minuta"},"schema":{"@context":"https:\/\/schema.org","@graph":[{"@type":"event","@id":"https:\/\/instytutpolski.pl\/bucuresti\/2015\/10\/22\/film-mut-cu-muzica-live-la-festivalul-timishort\/","url":"https:\/\/instytutpolski.pl\/bucuresti\/2015\/10\/22\/film-mut-cu-muzica-live-la-festivalul-timishort\/","name":"Film mut cu muzic\u0103 live la Festivalul Timishort","isPartOf":{"@id":"https:\/\/instytutpolski.pl\/bucuresti\/#website"},"primaryImageOfPage":{"@id":"https:\/\/instytutpolski.pl\/bucuresti\/2015\/10\/22\/film-mut-cu-muzica-live-la-festivalul-timishort\/#primaryimage"},"image":["https:\/\/instytutpolski.pl\/bucuresti\/wp-content\/uploads\/sites\/11\/2020\/06\/film-mut-cu-muzica-live-la-timishort.jpg","https:\/\/instytutpolski.pl\/bucuresti\/wp-content\/uploads\/sites\/11\/2020\/06\/film-mut-cu-muzica-live-la-timishort-300x145.jpg","https:\/\/instytutpolski.pl\/bucuresti\/wp-content\/uploads\/sites\/11\/2020\/06\/film-mut-cu-muzica-live-la-timishort.jpg","https:\/\/instytutpolski.pl\/bucuresti\/wp-content\/uploads\/sites\/11\/2020\/06\/film-mut-cu-muzica-live-la-timishort.jpg"],"thumbnailUrl":"https:\/\/instytutpolski.pl\/bucuresti\/wp-content\/uploads\/sites\/11\/2020\/06\/film-mut-cu-muzica-live-la-timishort.jpg","datePublished":"2015-10-22T14:48:00+02:00","dateModified":"2020-06-03T14:51:43+02:00","author":{"@id":"https:\/\/instytutpolski.pl\/bucuresti\/#\/schema\/person\/a1d5ab39dce466455f60589721519864"},"breadcrumb":{"@id":"https:\/\/instytutpolski.pl\/bucuresti\/2015\/10\/22\/film-mut-cu-muzica-live-la-festivalul-timishort\/#breadcrumb"},"inLanguage":"pl-PL","potentialAction":[{"@type":"ReadAction","target":["https:\/\/instytutpolski.pl\/bucuresti\/2015\/10\/22\/film-mut-cu-muzica-live-la-festivalul-timishort\/"]}],"@context":"https:\/\/schema.org","startDate":"2015-10-16","endDate":"2015-10-16","eventStatus":"EventScheduled","eventAttendanceMode":"OfflineEventAttendanceMode","location":{"@type":"place","name":"","address":"","geo":{"@type":"GeoCoordinates","latitude":"","longitude":""}},"description":"16 octombrie, ora 22.00 - Teatrul Na\u021bional, str. M\u0103r\u0103\u0219e\u0219ti nr. 2, Timi\u0219oara\nAlb\u0103 ca Z\u0103padaBelgia, Fran\u021ba, Spania, 2012, 104 min.Regia: Pablo Berger\nFilmul mut \u201eAlb\u0103 ca Z\u0103pada\u201d se bazeaz\u0103 pe cunoscutul basm scris de Fra\u021bii Grimm.\nMiss God\u00a0\u00eembin\u0103 elemente etno cu sunete moderne, realiz\u00e2nd o muzic\u0103 pe care jurnalista Agnieszka Szyd\u0142owska a descris-o foarte succint a\u0219a: \u201eam g\u0103sit ceva ce m-a tulburat, am g\u0103sit \u00een sf\u00e2r\u0219it o muzic\u0103 care s\u0103 m\u0103 fac\u0103 s\u0103 \u00eennebunesc\u2026\u201d.Artista a sus\u021binut concerte \u00een cadrul Heineken Opener Festival 2013, filmPolska Festival (Berlin), Ambition Festival (Londra), Electronic Beats (Pozna\u0144). Muzica ei poate fi auzit\u0103 \u0219i \u00een spectacole de teatru.\nhttps:\/\/youtu.be\/d6aqyivjs14\n\u00a0\n\u00a0"},{"@type":"ImageObject","inLanguage":"pl-PL","@id":"https:\/\/instytutpolski.pl\/bucuresti\/2015\/10\/22\/film-mut-cu-muzica-live-la-festivalul-timishort\/#primaryimage","url":"https:\/\/instytutpolski.pl\/bucuresti\/wp-content\/uploads\/sites\/11\/2020\/06\/film-mut-cu-muzica-live-la-timishort.jpg","contentUrl":"https:\/\/instytutpolski.pl\/bucuresti\/wp-content\/uploads\/sites\/11\/2020\/06\/film-mut-cu-muzica-live-la-timishort.jpg","width":592,"height":287},{"@type":"BreadcrumbList","@id":"https:\/\/instytutpolski.pl\/bucuresti\/2015\/10\/22\/film-mut-cu-muzica-live-la-festivalul-timishort\/#breadcrumb","itemListElement":[{"@type":"ListItem","position":1,"name":"Home","item":"https:\/\/instytutpolski.pl\/bucuresti\/"},{"@type":"ListItem","position":2,"name":"Film mut cu muzic\u0103 live la Festivalul Timishort"}]},{"@type":"WebSite","@id":"https:\/\/instytutpolski.pl\/bucuresti\/#website","url":"https:\/\/instytutpolski.pl\/bucuresti\/","name":"Instytut Polski w Bukareszcie","description":"Instytuty Polskie","potentialAction":[{"@type":"SearchAction","target":{"@type":"EntryPoint","urlTemplate":"https:\/\/instytutpolski.pl\/bucuresti\/?s={search_term_string}"},"query-input":{"@type":"PropertyValueSpecification","valueRequired":true,"valueName":"search_term_string"}}],"inLanguage":"pl-PL"},{"@type":"Person","@id":"https:\/\/instytutpolski.pl\/bucuresti\/#\/schema\/person\/a1d5ab39dce466455f60589721519864","name":"nicolaua","image":{"@type":"ImageObject","inLanguage":"pl-PL","@id":"https:\/\/instytutpolski.pl\/bucuresti\/#\/schema\/person\/image\/","url":"https:\/\/secure.gravatar.com\/avatar\/5029b942a8ac0a6a935e5655abff56ef?s=96&d=mm&r=g","contentUrl":"https:\/\/secure.gravatar.com\/avatar\/5029b942a8ac0a6a935e5655abff56ef?s=96&d=mm&r=g","caption":"nicolaua"},"url":"https:\/\/instytutpolski.pl\/bucuresti\/author\/nicolaua\/"}]}},"_links":{"self":[{"href":"https:\/\/instytutpolski.pl\/bucuresti\/wp-json\/wp\/v2\/posts\/3282","targetHints":{"allow":["GET"]}}],"collection":[{"href":"https:\/\/instytutpolski.pl\/bucuresti\/wp-json\/wp\/v2\/posts"}],"about":[{"href":"https:\/\/instytutpolski.pl\/bucuresti\/wp-json\/wp\/v2\/types\/post"}],"author":[{"embeddable":true,"href":"https:\/\/instytutpolski.pl\/bucuresti\/wp-json\/wp\/v2\/users\/43"}],"replies":[{"embeddable":true,"href":"https:\/\/instytutpolski.pl\/bucuresti\/wp-json\/wp\/v2\/comments?post=3282"}],"version-history":[{"count":2,"href":"https:\/\/instytutpolski.pl\/bucuresti\/wp-json\/wp\/v2\/posts\/3282\/revisions"}],"predecessor-version":[{"id":3285,"href":"https:\/\/instytutpolski.pl\/bucuresti\/wp-json\/wp\/v2\/posts\/3282\/revisions\/3285"}],"wp:featuredmedia":[{"embeddable":true,"href":"https:\/\/instytutpolski.pl\/bucuresti\/wp-json\/wp\/v2\/media\/3283"}],"wp:attachment":[{"href":"https:\/\/instytutpolski.pl\/bucuresti\/wp-json\/wp\/v2\/media?parent=3282"}],"wp:term":[{"taxonomy":"category","embeddable":true,"href":"https:\/\/instytutpolski.pl\/bucuresti\/wp-json\/wp\/v2\/categories?post=3282"},{"taxonomy":"post_tag","embeddable":true,"href":"https:\/\/instytutpolski.pl\/bucuresti\/wp-json\/wp\/v2\/tags?post=3282"}],"curies":[{"name":"wp","href":"https:\/\/api.w.org\/{rel}","templated":true}]}}