{"id":3301,"date":"2015-10-12T17:15:00","date_gmt":"2015-10-12T15:15:00","guid":{"rendered":"https:\/\/instytutpolski.pl\/bucuresti\/?p=3301"},"modified":"2020-06-03T17:26:42","modified_gmt":"2020-06-03T15:26:42","slug":"orfeusz-i-eurydyka-spektakl-w-jassach","status":"publish","type":"post","link":"https:\/\/instytutpolski.pl\/bucuresti\/pl\/2015\/10\/12\/orfeusz-i-eurydyka-spektakl-w-jassach\/","title":{"rendered":"\u201eOrfeusz i Eurydyka\u201d &#8211; spektakl w Jassach"},"content":{"rendered":"\n<div class=\"post-text-container\">\n<p>Spektakl jest wypowiedzi\u0105 trzech tw\u00f3rc\u00f3w: Janusza Stolarskiego (re\u017cyser i aktor), Tomasza Jarosza (videomaker) i Patryka Lichoty (kompozytor i muzyk). Ka\u017cdy z nich pr\u00f3buje rozwik\u0142a\u0107 tajemnice, odpowiedzie\u0107 na pytania, kt\u00f3re odnalaz\u0142 w poemacie Mi\u0142osza. Wizje artyst\u00f3w tworz\u0105cych spektakl wzajemnie si\u0119 przenikaj\u0105 i uzupe\u0142niaj\u0105. Pos\u0142uguj\u0105c si\u0119 j\u0119zykiem w\u0142a\u015bciwym poezji &#8211; j\u0119zykiem metafory, niedopowiedzenia, my\u015blowego skr\u00f3tu, tw\u00f3rcy chc\u0105 pobudzi\u0107 wyobra\u017ani\u0119 widz\u00f3w i sprowokowa\u0107 ich do stawiania w\u0142asnych pyta\u0144 i dawania w\u0142asnych odpowiedzi. To spektakl multimedialny, w kt\u00f3rym u\u017cywaj\u0105c nowoczesnych \u015brodk\u00f3w artystycznego wyrazu, bliskich i zrozumia\u0142ych wsp\u00f3\u0142czesnemu odbiorcy, autorzy pr\u00f3buj\u0105 zmierzy\u0107 si\u0119 z tym co ukryte w micie, odwieczne i uniwersalne, z tajemnic\u0105 ludzkiej egzystencji, z kt\u00f3r\u0105 od wiek\u00f3w mocuj\u0105 si\u0119 poeci i filozofowie.<\/p>\n<p>Nagrody:<\/p>\n<p>&#8211; Z\u0142oty medal na 35. Mi\u0119dzynarodowym Festiwalu Monodram\u00f3w w Belgradzie.<\/p>\n<p>&#8211; Nagroda Wydzia\u0142u Kreatywno\u015bci Akademii Teatralne za inwencj\u0119 tw\u00f3rcz\u0105.<\/p>\n<p>Spektakl w j\u0119zyku rumu\u0144skim.<\/p>\n<p>Poemat \u201eOrfeusz i Eurydyka\u201d Czes\u0142awa Mi\u0142osza w t\u0142umaczeniu Constantina Geamba\u0219u i Passionarii Stoicescu czyta Lari Giorgescu.<\/p>\n<p>https:\/\/youtu.be\/zW-CnINRBvY<\/p>\n<h4>Gdzie i kiedy?<\/h4>\n<ul class=\"iconized\">\n<li class=\"event-location\"><a class=\"map-locator\" title=\"Vezi harta\" href=\"https:\/\/maps.google.com\/?q=Ia%C8%99i%2C+Teatrul+Fix%2C+str.+Cuza+Vod%C4%83+10\"><i class=\"fa fa-map-marker\"><\/i><b>Ia\u0219i, Teatrul Fix, str. Cuza Vod\u0103 10<\/b><\/a><\/li>\n<li class=\"event-location\"><a class=\"map-locator\" title=\"Vezi harta\" href=\"https:\/\/maps.google.com\/?q=Ia%C8%99i%2C+Teatrul+Fix%2C+str.+Cuza+Vod%C4%83+10\"><span class=\"period\">10-10-2015 (Ora 19:00)<\/span><\/a><\/li>\n<\/ul>\n<h4 class=\"clearfix\">Bilety<\/h4>\n<p>20 lei &#8211; rezerwacja 0724921212<\/p>\n<\/div>\n","protected":false},"excerpt":{"rendered":"<p>Spektakl jest wypowiedzi\u0105 trzech tw\u00f3rc\u00f3w: Janusza Stolarskiego (re\u017cyser i aktor), Tomasza Jarosza (videomaker) i Patryka Lichoty (kompozytor i muzyk). Ka\u017cdy z nich pr\u00f3buje rozwik\u0142a\u0107 tajemnice, odpowiedzie\u0107 na pytania, kt\u00f3re odnalaz\u0142 w poemacie Mi\u0142osza. Wizje artyst\u00f3w tworz\u0105cych spektakl wzajemnie si\u0119 przenikaj\u0105 i uzupe\u0142niaj\u0105. Pos\u0142uguj\u0105c si\u0119 j\u0119zykiem w\u0142a\u015bciwym poezji &#8211; j\u0119zykiem metafory, niedopowiedzenia, my\u015blowego skr\u00f3tu, tw\u00f3rcy chc\u0105 [&hellip;]<\/p>\n","protected":false},"author":43,"featured_media":3298,"comment_status":"open","ping_status":"open","sticky":false,"template":"","format":"standard","meta":{"inline_featured_image":false,"_monsterinsights_skip_tracking":false,"_monsterinsights_sitenote_active":false,"_monsterinsights_sitenote_note":"","_monsterinsights_sitenote_category":0,"footnotes":""},"categories":[142,96],"tags":[518],"class_list":["post-3301","post","type-post","status-publish","format-standard","has-post-thumbnail","hentry","category-teatr","category-wydarzenia","tag-milosz"],"yoast_head":"<!-- This site is optimized with the Yoast SEO plugin v24.6 - https:\/\/yoast.com\/wordpress\/plugins\/seo\/ -->\n<title>\u201eOrfeusz i Eurydyka\u201d - spektakl w Jassach - Instytut Polski w Bukareszcie<\/title>\n<meta name=\"robots\" content=\"index, follow, max-snippet:-1, max-image-preview:large, max-video-preview:-1\" \/>\n<link rel=\"canonical\" href=\"https:\/\/instytutpolski.pl\/bucuresti\/pl\/2015\/10\/12\/orfeusz-i-eurydyka-spektakl-w-jassach\/\" \/>\n<meta property=\"og:locale\" content=\"pl_PL\" \/>\n<meta property=\"og:type\" content=\"article\" \/>\n<meta property=\"og:title\" content=\"\u201eOrfeusz i Eurydyka\u201d - spektakl w Jassach - Instytut Polski w Bukareszcie\" \/>\n<meta property=\"og:description\" content=\"Spektakl jest wypowiedzi\u0105 trzech tw\u00f3rc\u00f3w: Janusza Stolarskiego (re\u017cyser i aktor), Tomasza Jarosza (videomaker) i Patryka Lichoty (kompozytor i muzyk). Ka\u017cdy z nich pr\u00f3buje rozwik\u0142a\u0107 tajemnice, odpowiedzie\u0107 na pytania, kt\u00f3re odnalaz\u0142 w poemacie Mi\u0142osza. Wizje artyst\u00f3w tworz\u0105cych spektakl wzajemnie si\u0119 przenikaj\u0105 i uzupe\u0142niaj\u0105. Pos\u0142uguj\u0105c si\u0119 j\u0119zykiem w\u0142a\u015bciwym poezji &#8211; j\u0119zykiem metafory, niedopowiedzenia, my\u015blowego skr\u00f3tu, tw\u00f3rcy chc\u0105 [&hellip;]\" \/>\n<meta property=\"og:url\" content=\"https:\/\/instytutpolski.pl\/bucuresti\/pl\/2015\/10\/12\/orfeusz-i-eurydyka-spektakl-w-jassach\/\" \/>\n<meta property=\"og:site_name\" content=\"Instytut Polski w Bukareszcie\" \/>\n<meta property=\"article:published_time\" content=\"2015-10-12T15:15:00+00:00\" \/>\n<meta property=\"article:modified_time\" content=\"2020-06-03T15:26:42+00:00\" \/>\n<meta property=\"og:image\" content=\"https:\/\/instytutpolski.pl\/bucuresti\/wp-content\/uploads\/sites\/11\/2020\/06\/janusz-stolarski-orfeu-si-euridice-la-iasi.jpg\" \/>\n\t<meta property=\"og:image:width\" content=\"682\" \/>\n\t<meta property=\"og:image:height\" content=\"632\" \/>\n\t<meta property=\"og:image:type\" content=\"image\/jpeg\" \/>\n<meta name=\"author\" content=\"nicolaua\" \/>\n<meta name=\"twitter:card\" content=\"summary_large_image\" \/>\n<meta name=\"twitter:label1\" content=\"Napisane przez\" \/>\n\t<meta name=\"twitter:data1\" content=\"nicolaua\" \/>\n\t<meta name=\"twitter:label2\" content=\"Szacowany czas czytania\" \/>\n\t<meta name=\"twitter:data2\" content=\"1 minuta\" \/>\n<script type=\"application\/ld+json\" class=\"yoast-schema-graph\">{\"@context\":\"https:\/\/schema.org\",\"@graph\":[{\"@type\":\"event\",\"@id\":\"https:\/\/instytutpolski.pl\/bucuresti\/pl\/2015\/10\/12\/orfeusz-i-eurydyka-spektakl-w-jassach\/\",\"url\":\"https:\/\/instytutpolski.pl\/bucuresti\/pl\/2015\/10\/12\/orfeusz-i-eurydyka-spektakl-w-jassach\/\",\"name\":\"\u201eOrfeusz i Eurydyka\u201d - spektakl w Jassach\",\"isPartOf\":{\"@id\":\"https:\/\/instytutpolski.pl\/bucuresti\/#website\"},\"primaryImageOfPage\":{\"@id\":\"https:\/\/instytutpolski.pl\/bucuresti\/pl\/2015\/10\/12\/orfeusz-i-eurydyka-spektakl-w-jassach\/#primaryimage\"},\"image\":[\"https:\/\/instytutpolski.pl\/bucuresti\/wp-content\/uploads\/sites\/11\/2020\/06\/janusz-stolarski-orfeu-si-euridice-la-iasi.jpg\",\"https:\/\/instytutpolski.pl\/bucuresti\/wp-content\/uploads\/sites\/11\/2020\/06\/janusz-stolarski-orfeu-si-euridice-la-iasi-300x278.jpg\",\"https:\/\/instytutpolski.pl\/bucuresti\/wp-content\/uploads\/sites\/11\/2020\/06\/janusz-stolarski-orfeu-si-euridice-la-iasi.jpg\",\"https:\/\/instytutpolski.pl\/bucuresti\/wp-content\/uploads\/sites\/11\/2020\/06\/janusz-stolarski-orfeu-si-euridice-la-iasi.jpg\"],\"thumbnailUrl\":\"https:\/\/instytutpolski.pl\/bucuresti\/wp-content\/uploads\/sites\/11\/2020\/06\/janusz-stolarski-orfeu-si-euridice-la-iasi.jpg\",\"datePublished\":\"2015-10-12T15:15:00+02:00\",\"dateModified\":\"2020-06-03T15:26:42+02:00\",\"author\":{\"@id\":\"https:\/\/instytutpolski.pl\/bucuresti\/#\/schema\/person\/a1d5ab39dce466455f60589721519864\"},\"breadcrumb\":{\"@id\":\"https:\/\/instytutpolski.pl\/bucuresti\/pl\/2015\/10\/12\/orfeusz-i-eurydyka-spektakl-w-jassach\/#breadcrumb\"},\"inLanguage\":\"pl-PL\",\"potentialAction\":[{\"@type\":\"ReadAction\",\"target\":[\"https:\/\/instytutpolski.pl\/bucuresti\/pl\/2015\/10\/12\/orfeusz-i-eurydyka-spektakl-w-jassach\/\"]}],\"@context\":\"https:\/\/schema.org\",\"startDate\":\"2015-10-10\",\"endDate\":\"2015-10-10\",\"eventStatus\":\"EventScheduled\",\"eventAttendanceMode\":\"OfflineEventAttendanceMode\",\"location\":{\"@type\":\"place\",\"name\":\"\",\"address\":\"\",\"geo\":{\"@type\":\"GeoCoordinates\",\"latitude\":\"\",\"longitude\":\"\"}},\"description\":\"Spektakl jest wypowiedzi\u0105 trzech tw\u00f3rc\u00f3w: Janusza Stolarskiego (re\u017cyser i aktor), Tomasza Jarosza (videomaker) i Patryka Lichoty (kompozytor i muzyk). Ka\u017cdy z nich pr\u00f3buje rozwik\u0142a\u0107 tajemnice, odpowiedzie\u0107 na pytania, kt\u00f3re odnalaz\u0142 w poemacie Mi\u0142osza. Wizje artyst\u00f3w tworz\u0105cych spektakl wzajemnie si\u0119 przenikaj\u0105 i uzupe\u0142niaj\u0105. Pos\u0142uguj\u0105c si\u0119 j\u0119zykiem w\u0142a\u015bciwym poezji - j\u0119zykiem metafory, niedopowiedzenia, my\u015blowego skr\u00f3tu, tw\u00f3rcy chc\u0105 pobudzi\u0107 wyobra\u017ani\u0119 widz\u00f3w i sprowokowa\u0107 ich do stawiania w\u0142asnych pyta\u0144 i dawania w\u0142asnych odpowiedzi. To spektakl multimedialny, w kt\u00f3rym u\u017cywaj\u0105c nowoczesnych \u015brodk\u00f3w artystycznego wyrazu, bliskich i zrozumia\u0142ych wsp\u00f3\u0142czesnemu odbiorcy, autorzy pr\u00f3buj\u0105 zmierzy\u0107 si\u0119 z tym co ukryte w micie, odwieczne i uniwersalne, z tajemnic\u0105 ludzkiej egzystencji, z kt\u00f3r\u0105 od wiek\u00f3w mocuj\u0105 si\u0119 poeci i filozofowie.\\nNagrody:\\n- Z\u0142oty medal na 35. Mi\u0119dzynarodowym Festiwalu Monodram\u00f3w w Belgradzie.\\n- Nagroda Wydzia\u0142u Kreatywno\u015bci Akademii Teatralne za inwencj\u0119 tw\u00f3rcz\u0105.\\nSpektakl w j\u0119zyku rumu\u0144skim.\\nPoemat \u201eOrfeusz i Eurydyka\u201d Czes\u0142awa Mi\u0142osza w t\u0142umaczeniu Constantina Geamba\u0219u i Passionarii Stoicescu czyta Lari Giorgescu.\\nhttps:\/\/youtu.be\/zW-CnINRBvY\\nGdzie i kiedy?\\nIa\u0219i, Teatrul Fix, str. Cuza Vod\u0103 10\\n10-10-2015 (Ora 19:00)\\nBilety\\n20 lei - rezerwacja 0724921212\"},{\"@type\":\"ImageObject\",\"inLanguage\":\"pl-PL\",\"@id\":\"https:\/\/instytutpolski.pl\/bucuresti\/pl\/2015\/10\/12\/orfeusz-i-eurydyka-spektakl-w-jassach\/#primaryimage\",\"url\":\"https:\/\/instytutpolski.pl\/bucuresti\/wp-content\/uploads\/sites\/11\/2020\/06\/janusz-stolarski-orfeu-si-euridice-la-iasi.jpg\",\"contentUrl\":\"https:\/\/instytutpolski.pl\/bucuresti\/wp-content\/uploads\/sites\/11\/2020\/06\/janusz-stolarski-orfeu-si-euridice-la-iasi.jpg\",\"width\":682,\"height\":632,\"caption\":\"Foto: Tomasz Jarosz\"},{\"@type\":\"BreadcrumbList\",\"@id\":\"https:\/\/instytutpolski.pl\/bucuresti\/pl\/2015\/10\/12\/orfeusz-i-eurydyka-spektakl-w-jassach\/#breadcrumb\",\"itemListElement\":[{\"@type\":\"ListItem\",\"position\":1,\"name\":\"Home\",\"item\":\"https:\/\/instytutpolski.pl\/bucuresti\/\"},{\"@type\":\"ListItem\",\"position\":2,\"name\":\"\u201eOrfeusz i Eurydyka\u201d &#8211; spektakl w Jassach\"}]},{\"@type\":\"WebSite\",\"@id\":\"https:\/\/instytutpolski.pl\/bucuresti\/#website\",\"url\":\"https:\/\/instytutpolski.pl\/bucuresti\/\",\"name\":\"Instytut Polski w Bukareszcie\",\"description\":\"Instytuty Polskie\",\"potentialAction\":[{\"@type\":\"SearchAction\",\"target\":{\"@type\":\"EntryPoint\",\"urlTemplate\":\"https:\/\/instytutpolski.pl\/bucuresti\/?s={search_term_string}\"},\"query-input\":{\"@type\":\"PropertyValueSpecification\",\"valueRequired\":true,\"valueName\":\"search_term_string\"}}],\"inLanguage\":\"pl-PL\"},{\"@type\":\"Person\",\"@id\":\"https:\/\/instytutpolski.pl\/bucuresti\/#\/schema\/person\/a1d5ab39dce466455f60589721519864\",\"name\":\"nicolaua\",\"image\":{\"@type\":\"ImageObject\",\"inLanguage\":\"pl-PL\",\"@id\":\"https:\/\/instytutpolski.pl\/bucuresti\/#\/schema\/person\/image\/\",\"url\":\"https:\/\/secure.gravatar.com\/avatar\/5029b942a8ac0a6a935e5655abff56ef?s=96&d=mm&r=g\",\"contentUrl\":\"https:\/\/secure.gravatar.com\/avatar\/5029b942a8ac0a6a935e5655abff56ef?s=96&d=mm&r=g\",\"caption\":\"nicolaua\"},\"url\":\"https:\/\/instytutpolski.pl\/bucuresti\/author\/nicolaua\/\"}]}<\/script>\n<!-- \/ Yoast SEO plugin. -->","yoast_head_json":{"title":"\u201eOrfeusz i Eurydyka\u201d - spektakl w Jassach - Instytut Polski w Bukareszcie","robots":{"index":"index","follow":"follow","max-snippet":"max-snippet:-1","max-image-preview":"max-image-preview:large","max-video-preview":"max-video-preview:-1"},"canonical":"https:\/\/instytutpolski.pl\/bucuresti\/pl\/2015\/10\/12\/orfeusz-i-eurydyka-spektakl-w-jassach\/","og_locale":"pl_PL","og_type":"article","og_title":"\u201eOrfeusz i Eurydyka\u201d - spektakl w Jassach - Instytut Polski w Bukareszcie","og_description":"Spektakl jest wypowiedzi\u0105 trzech tw\u00f3rc\u00f3w: Janusza Stolarskiego (re\u017cyser i aktor), Tomasza Jarosza (videomaker) i Patryka Lichoty (kompozytor i muzyk). Ka\u017cdy z nich pr\u00f3buje rozwik\u0142a\u0107 tajemnice, odpowiedzie\u0107 na pytania, kt\u00f3re odnalaz\u0142 w poemacie Mi\u0142osza. Wizje artyst\u00f3w tworz\u0105cych spektakl wzajemnie si\u0119 przenikaj\u0105 i uzupe\u0142niaj\u0105. Pos\u0142uguj\u0105c si\u0119 j\u0119zykiem w\u0142a\u015bciwym poezji &#8211; j\u0119zykiem metafory, niedopowiedzenia, my\u015blowego skr\u00f3tu, tw\u00f3rcy chc\u0105 [&hellip;]","og_url":"https:\/\/instytutpolski.pl\/bucuresti\/pl\/2015\/10\/12\/orfeusz-i-eurydyka-spektakl-w-jassach\/","og_site_name":"Instytut Polski w Bukareszcie","article_published_time":"2015-10-12T15:15:00+00:00","article_modified_time":"2020-06-03T15:26:42+00:00","og_image":[{"width":682,"height":632,"url":"https:\/\/instytutpolski.pl\/bucuresti\/wp-content\/uploads\/sites\/11\/2020\/06\/janusz-stolarski-orfeu-si-euridice-la-iasi.jpg","type":"image\/jpeg"}],"author":"nicolaua","twitter_card":"summary_large_image","twitter_misc":{"Napisane przez":"nicolaua","Szacowany czas czytania":"1 minuta"},"schema":{"@context":"https:\/\/schema.org","@graph":[{"@type":"event","@id":"https:\/\/instytutpolski.pl\/bucuresti\/pl\/2015\/10\/12\/orfeusz-i-eurydyka-spektakl-w-jassach\/","url":"https:\/\/instytutpolski.pl\/bucuresti\/pl\/2015\/10\/12\/orfeusz-i-eurydyka-spektakl-w-jassach\/","name":"\u201eOrfeusz i Eurydyka\u201d - spektakl w Jassach","isPartOf":{"@id":"https:\/\/instytutpolski.pl\/bucuresti\/#website"},"primaryImageOfPage":{"@id":"https:\/\/instytutpolski.pl\/bucuresti\/pl\/2015\/10\/12\/orfeusz-i-eurydyka-spektakl-w-jassach\/#primaryimage"},"image":["https:\/\/instytutpolski.pl\/bucuresti\/wp-content\/uploads\/sites\/11\/2020\/06\/janusz-stolarski-orfeu-si-euridice-la-iasi.jpg","https:\/\/instytutpolski.pl\/bucuresti\/wp-content\/uploads\/sites\/11\/2020\/06\/janusz-stolarski-orfeu-si-euridice-la-iasi-300x278.jpg","https:\/\/instytutpolski.pl\/bucuresti\/wp-content\/uploads\/sites\/11\/2020\/06\/janusz-stolarski-orfeu-si-euridice-la-iasi.jpg","https:\/\/instytutpolski.pl\/bucuresti\/wp-content\/uploads\/sites\/11\/2020\/06\/janusz-stolarski-orfeu-si-euridice-la-iasi.jpg"],"thumbnailUrl":"https:\/\/instytutpolski.pl\/bucuresti\/wp-content\/uploads\/sites\/11\/2020\/06\/janusz-stolarski-orfeu-si-euridice-la-iasi.jpg","datePublished":"2015-10-12T15:15:00+02:00","dateModified":"2020-06-03T15:26:42+02:00","author":{"@id":"https:\/\/instytutpolski.pl\/bucuresti\/#\/schema\/person\/a1d5ab39dce466455f60589721519864"},"breadcrumb":{"@id":"https:\/\/instytutpolski.pl\/bucuresti\/pl\/2015\/10\/12\/orfeusz-i-eurydyka-spektakl-w-jassach\/#breadcrumb"},"inLanguage":"pl-PL","potentialAction":[{"@type":"ReadAction","target":["https:\/\/instytutpolski.pl\/bucuresti\/pl\/2015\/10\/12\/orfeusz-i-eurydyka-spektakl-w-jassach\/"]}],"@context":"https:\/\/schema.org","startDate":"2015-10-10","endDate":"2015-10-10","eventStatus":"EventScheduled","eventAttendanceMode":"OfflineEventAttendanceMode","location":{"@type":"place","name":"","address":"","geo":{"@type":"GeoCoordinates","latitude":"","longitude":""}},"description":"Spektakl jest wypowiedzi\u0105 trzech tw\u00f3rc\u00f3w: Janusza Stolarskiego (re\u017cyser i aktor), Tomasza Jarosza (videomaker) i Patryka Lichoty (kompozytor i muzyk). Ka\u017cdy z nich pr\u00f3buje rozwik\u0142a\u0107 tajemnice, odpowiedzie\u0107 na pytania, kt\u00f3re odnalaz\u0142 w poemacie Mi\u0142osza. Wizje artyst\u00f3w tworz\u0105cych spektakl wzajemnie si\u0119 przenikaj\u0105 i uzupe\u0142niaj\u0105. Pos\u0142uguj\u0105c si\u0119 j\u0119zykiem w\u0142a\u015bciwym poezji - j\u0119zykiem metafory, niedopowiedzenia, my\u015blowego skr\u00f3tu, tw\u00f3rcy chc\u0105 pobudzi\u0107 wyobra\u017ani\u0119 widz\u00f3w i sprowokowa\u0107 ich do stawiania w\u0142asnych pyta\u0144 i dawania w\u0142asnych odpowiedzi. To spektakl multimedialny, w kt\u00f3rym u\u017cywaj\u0105c nowoczesnych \u015brodk\u00f3w artystycznego wyrazu, bliskich i zrozumia\u0142ych wsp\u00f3\u0142czesnemu odbiorcy, autorzy pr\u00f3buj\u0105 zmierzy\u0107 si\u0119 z tym co ukryte w micie, odwieczne i uniwersalne, z tajemnic\u0105 ludzkiej egzystencji, z kt\u00f3r\u0105 od wiek\u00f3w mocuj\u0105 si\u0119 poeci i filozofowie.\nNagrody:\n- Z\u0142oty medal na 35. Mi\u0119dzynarodowym Festiwalu Monodram\u00f3w w Belgradzie.\n- Nagroda Wydzia\u0142u Kreatywno\u015bci Akademii Teatralne za inwencj\u0119 tw\u00f3rcz\u0105.\nSpektakl w j\u0119zyku rumu\u0144skim.\nPoemat \u201eOrfeusz i Eurydyka\u201d Czes\u0142awa Mi\u0142osza w t\u0142umaczeniu Constantina Geamba\u0219u i Passionarii Stoicescu czyta Lari Giorgescu.\nhttps:\/\/youtu.be\/zW-CnINRBvY\nGdzie i kiedy?\nIa\u0219i, Teatrul Fix, str. Cuza Vod\u0103 10\n10-10-2015 (Ora 19:00)\nBilety\n20 lei - rezerwacja 0724921212"},{"@type":"ImageObject","inLanguage":"pl-PL","@id":"https:\/\/instytutpolski.pl\/bucuresti\/pl\/2015\/10\/12\/orfeusz-i-eurydyka-spektakl-w-jassach\/#primaryimage","url":"https:\/\/instytutpolski.pl\/bucuresti\/wp-content\/uploads\/sites\/11\/2020\/06\/janusz-stolarski-orfeu-si-euridice-la-iasi.jpg","contentUrl":"https:\/\/instytutpolski.pl\/bucuresti\/wp-content\/uploads\/sites\/11\/2020\/06\/janusz-stolarski-orfeu-si-euridice-la-iasi.jpg","width":682,"height":632,"caption":"Foto: Tomasz Jarosz"},{"@type":"BreadcrumbList","@id":"https:\/\/instytutpolski.pl\/bucuresti\/pl\/2015\/10\/12\/orfeusz-i-eurydyka-spektakl-w-jassach\/#breadcrumb","itemListElement":[{"@type":"ListItem","position":1,"name":"Home","item":"https:\/\/instytutpolski.pl\/bucuresti\/"},{"@type":"ListItem","position":2,"name":"\u201eOrfeusz i Eurydyka\u201d &#8211; spektakl w Jassach"}]},{"@type":"WebSite","@id":"https:\/\/instytutpolski.pl\/bucuresti\/#website","url":"https:\/\/instytutpolski.pl\/bucuresti\/","name":"Instytut Polski w Bukareszcie","description":"Instytuty Polskie","potentialAction":[{"@type":"SearchAction","target":{"@type":"EntryPoint","urlTemplate":"https:\/\/instytutpolski.pl\/bucuresti\/?s={search_term_string}"},"query-input":{"@type":"PropertyValueSpecification","valueRequired":true,"valueName":"search_term_string"}}],"inLanguage":"pl-PL"},{"@type":"Person","@id":"https:\/\/instytutpolski.pl\/bucuresti\/#\/schema\/person\/a1d5ab39dce466455f60589721519864","name":"nicolaua","image":{"@type":"ImageObject","inLanguage":"pl-PL","@id":"https:\/\/instytutpolski.pl\/bucuresti\/#\/schema\/person\/image\/","url":"https:\/\/secure.gravatar.com\/avatar\/5029b942a8ac0a6a935e5655abff56ef?s=96&d=mm&r=g","contentUrl":"https:\/\/secure.gravatar.com\/avatar\/5029b942a8ac0a6a935e5655abff56ef?s=96&d=mm&r=g","caption":"nicolaua"},"url":"https:\/\/instytutpolski.pl\/bucuresti\/author\/nicolaua\/"}]}},"_links":{"self":[{"href":"https:\/\/instytutpolski.pl\/bucuresti\/wp-json\/wp\/v2\/posts\/3301","targetHints":{"allow":["GET"]}}],"collection":[{"href":"https:\/\/instytutpolski.pl\/bucuresti\/wp-json\/wp\/v2\/posts"}],"about":[{"href":"https:\/\/instytutpolski.pl\/bucuresti\/wp-json\/wp\/v2\/types\/post"}],"author":[{"embeddable":true,"href":"https:\/\/instytutpolski.pl\/bucuresti\/wp-json\/wp\/v2\/users\/43"}],"replies":[{"embeddable":true,"href":"https:\/\/instytutpolski.pl\/bucuresti\/wp-json\/wp\/v2\/comments?post=3301"}],"version-history":[{"count":6,"href":"https:\/\/instytutpolski.pl\/bucuresti\/wp-json\/wp\/v2\/posts\/3301\/revisions"}],"predecessor-version":[{"id":3309,"href":"https:\/\/instytutpolski.pl\/bucuresti\/wp-json\/wp\/v2\/posts\/3301\/revisions\/3309"}],"wp:featuredmedia":[{"embeddable":true,"href":"https:\/\/instytutpolski.pl\/bucuresti\/wp-json\/wp\/v2\/media\/3298"}],"wp:attachment":[{"href":"https:\/\/instytutpolski.pl\/bucuresti\/wp-json\/wp\/v2\/media?parent=3301"}],"wp:term":[{"taxonomy":"category","embeddable":true,"href":"https:\/\/instytutpolski.pl\/bucuresti\/wp-json\/wp\/v2\/categories?post=3301"},{"taxonomy":"post_tag","embeddable":true,"href":"https:\/\/instytutpolski.pl\/bucuresti\/wp-json\/wp\/v2\/tags?post=3301"}],"curies":[{"name":"wp","href":"https:\/\/api.w.org\/{rel}","templated":true}]}}