{"id":3366,"date":"2015-09-28T18:21:00","date_gmt":"2015-09-28T16:21:00","guid":{"rendered":"https:\/\/instytutpolski.pl\/bucuresti\/?p=3366"},"modified":"2020-06-03T18:26:24","modified_gmt":"2020-06-03T16:26:24","slug":"koncerty-mikromusic-w-bukareszcie-i-kluzu","status":"publish","type":"post","link":"https:\/\/instytutpolski.pl\/bucuresti\/pl\/2015\/09\/28\/koncerty-mikromusic-w-bukareszcie-i-kluzu\/","title":{"rendered":"Koncerty Mikromusic w Bukareszcie i Klu\u017cu"},"content":{"rendered":"\n<div class=\"post-text-container\">\n<p><strong>25 wrze\u015bnia, godz. 22.00 \u2013 Teatr Godot, str. Bl\u0103nari 14, Bukareszt<br \/>26 wrze\u015bnia, godz. 19.45 \u2013 Park Cet\u0103\u021buie, Klu\u017c<\/strong><\/p>\n<p>Grupa \u0142\u0105cz\u0105ca pi\u0119kne melodie, kunszt warsztatowy oraz wspania\u0142\u0105 koncertow\u0105 energi\u0119. Muzyka zespo\u0142u to fuzja jazzu, trip-hopu, rocka, czasem te\u017c muzyki ludowej. Okazuje si\u0119, \u017ce takie pozornie r\u00f3\u017cne gatunki muzyki tutaj wsp\u00f3\u0142brzmi\u0105 nadspodziewanie sp\u00f3jnie. Enigmatyczny g\u0142os wokalistki \u2013 Natalii Grosiak jest prawdziw\u0105 wizyt\u00f3wk\u0105 zespo\u0142u, kt\u00f3ry z roku na rok zyskuje coraz wi\u0119ksze uznanie.<\/p>\n<p>Na swoim koncie maj\u0105 piec p\u0142yt, w tym DVD koncertowe.<\/p>\n<p>Natalia Grosiak &#8211; \u015bpiew<br \/>Dawid Korbaczy\u0144ski &#8211; gitara<br \/>Robert Szyd\u0142o &#8211; kontrabas<br \/>Robert Jarmu\u017cek &#8211; fortepian<br \/>Adam Lepka \u2013 tr\u0105bka, instrumenty perkusyjne<br \/>\u0141ukasz Sobolak &#8211; perkusja<\/p>\n<p>https:\/\/youtu.be\/iflE9VWNX3E<\/p>\n<div class=\"addthis_sharing_toolbox\" data-url=\"https:\/\/www.culturapoloneza.ro\/pl\/events\/item\/koncerty-mikromusic-w-bukareszcie-i-kluzu.html\" data-title=\"Concerte Mikromusic la Bucure\u0219ti \u0219i Cluj\" data-description=\"Jazz, trip-hop, rock \u0219i un stil cu totul special. A\u0219a a cucerit Mikromusic lumea \u00een ultimii 12 ani. Iar vineri, 25 septembrie, \u0219i s\u00e2mb\u0103t\u0103, 26 septembrie, vor sus\u021bine concerte la Bucure\u0219ti \u0219i Cluj. \">\n<div id=\"atstbx\" class=\"at-share-tbx-element addthis-smartlayers addthis-animated at4-show\" role=\"region\" aria-labelledby=\"at-aab338f6-a9b3-4a4f-b327-d409867b9712\"><span id=\"at-aab338f6-a9b3-4a4f-b327-d409867b9712\" class=\"at4-visually-hidden\"><\/span>\n<div class=\"at-share-btn-elements\">\u00a0<\/div>\n<\/div>\n<\/div>\n<\/div>\n<div class=\"event-sidebar\">\n<section class=\"meta\"><br \/>\n<h4>Gdzie i kiedy?<\/h4>\n<ul class=\"iconized\">\n<li class=\"event-location\"><a class=\"map-locator\" title=\"Zobacz na mapie\" href=\"https:\/\/maps.google.com\/?q=Bucure%C8%99ti%2C+Teatrul+Godot\"><i class=\"fa fa-map-marker\"><\/i><b>Bucure\u0219ti, Teatrul Godot<\/b><\/a><\/li>\n<li class=\"event-location\"><a class=\"map-locator\" title=\"Zobacz na mapie\" href=\"https:\/\/maps.google.com\/?q=Bucure%C8%99ti%2C+Teatrul+Godot\"><span class=\"period\">25-09-2015 (Godzina 22:00)<\/span><\/a><\/li>\n\u00a0\n<li class=\"event-location\"><a class=\"map-locator\" title=\"Zobacz na mapie\" href=\"https:\/\/maps.google.com\/?q=Cluj%2C+Parcul+Cet%C4%83%C8%9Buie\"><i class=\"fa fa-map-marker\"><\/i><b>Cluj, Parcul Cet\u0103\u021buie<\/b><\/a><\/li>\n<li class=\"event-location\"><a class=\"map-locator\" title=\"Zobacz na mapie\" href=\"https:\/\/maps.google.com\/?q=Cluj%2C+Parcul+Cet%C4%83%C8%9Buie\"><span class=\"period\">26-09-2015 (Godzina 19:45)<\/span><\/a><\/li>\n<\/ul>\n<h4 class=\"clearfix\">Bilety<\/h4>\n<p>Bukareszt &#8211; 45 RON | Klu\u017c &#8211; wst\u0119p wolny<\/p>\n<\/section>\n<\/div>\n","protected":false},"excerpt":{"rendered":"<p>25 wrze\u015bnia, godz. 22.00 \u2013 Teatr Godot, str. Bl\u0103nari 14, Bukareszt26 wrze\u015bnia, godz. 19.45 \u2013 Park Cet\u0103\u021buie, Klu\u017c Grupa \u0142\u0105cz\u0105ca pi\u0119kne melodie, kunszt warsztatowy oraz wspania\u0142\u0105 koncertow\u0105 energi\u0119. Muzyka zespo\u0142u to fuzja jazzu, trip-hopu, rocka, czasem te\u017c muzyki ludowej. Okazuje si\u0119, \u017ce takie pozornie r\u00f3\u017cne gatunki muzyki tutaj wsp\u00f3\u0142brzmi\u0105 nadspodziewanie sp\u00f3jnie. Enigmatyczny g\u0142os wokalistki \u2013 [&hellip;]<\/p>\n","protected":false},"author":43,"featured_media":3363,"comment_status":"open","ping_status":"open","sticky":false,"template":"","format":"standard","meta":{"inline_featured_image":false,"_monsterinsights_skip_tracking":false,"_monsterinsights_sitenote_active":false,"_monsterinsights_sitenote_note":"","_monsterinsights_sitenote_category":0,"footnotes":""},"categories":[125,96],"tags":[],"class_list":["post-3366","post","type-post","status-publish","format-standard","has-post-thumbnail","hentry","category-muzyka","category-wydarzenia"],"yoast_head":"<!-- This site is optimized with the Yoast SEO plugin v24.6 - https:\/\/yoast.com\/wordpress\/plugins\/seo\/ -->\n<title>Koncerty Mikromusic w Bukareszcie i Klu\u017cu - Instytut Polski w Bukareszcie<\/title>\n<meta name=\"robots\" content=\"index, follow, max-snippet:-1, max-image-preview:large, max-video-preview:-1\" \/>\n<link rel=\"canonical\" href=\"https:\/\/instytutpolski.pl\/bucuresti\/pl\/2015\/09\/28\/koncerty-mikromusic-w-bukareszcie-i-kluzu\/\" \/>\n<meta property=\"og:locale\" content=\"pl_PL\" \/>\n<meta property=\"og:type\" content=\"article\" \/>\n<meta property=\"og:title\" content=\"Koncerty Mikromusic w Bukareszcie i Klu\u017cu - Instytut Polski w Bukareszcie\" \/>\n<meta property=\"og:description\" content=\"25 wrze\u015bnia, godz. 22.00 \u2013 Teatr Godot, str. Bl\u0103nari 14, Bukareszt26 wrze\u015bnia, godz. 19.45 \u2013 Park Cet\u0103\u021buie, Klu\u017c Grupa \u0142\u0105cz\u0105ca pi\u0119kne melodie, kunszt warsztatowy oraz wspania\u0142\u0105 koncertow\u0105 energi\u0119. Muzyka zespo\u0142u to fuzja jazzu, trip-hopu, rocka, czasem te\u017c muzyki ludowej. Okazuje si\u0119, \u017ce takie pozornie r\u00f3\u017cne gatunki muzyki tutaj wsp\u00f3\u0142brzmi\u0105 nadspodziewanie sp\u00f3jnie. Enigmatyczny g\u0142os wokalistki \u2013 [&hellip;]\" \/>\n<meta property=\"og:url\" content=\"https:\/\/instytutpolski.pl\/bucuresti\/pl\/2015\/09\/28\/koncerty-mikromusic-w-bukareszcie-i-kluzu\/\" \/>\n<meta property=\"og:site_name\" content=\"Instytut Polski w Bukareszcie\" \/>\n<meta property=\"article:published_time\" content=\"2015-09-28T16:21:00+00:00\" \/>\n<meta property=\"article:modified_time\" content=\"2020-06-03T16:26:24+00:00\" \/>\n<meta property=\"og:image\" content=\"https:\/\/instytutpolski.pl\/bucuresti\/wp-content\/uploads\/sites\/11\/2020\/06\/concerte-mikromusic-la-bucuresti-si-cluj.jpg\" \/>\n\t<meta property=\"og:image:width\" content=\"2362\" \/>\n\t<meta property=\"og:image:height\" content=\"1571\" \/>\n\t<meta property=\"og:image:type\" content=\"image\/jpeg\" \/>\n<meta name=\"author\" content=\"nicolaua\" \/>\n<meta name=\"twitter:card\" content=\"summary_large_image\" \/>\n<meta name=\"twitter:label1\" content=\"Napisane przez\" \/>\n\t<meta name=\"twitter:data1\" content=\"nicolaua\" \/>\n\t<meta name=\"twitter:label2\" content=\"Szacowany czas czytania\" \/>\n\t<meta name=\"twitter:data2\" content=\"1 minuta\" \/>\n<script type=\"application\/ld+json\" class=\"yoast-schema-graph\">{\"@context\":\"https:\/\/schema.org\",\"@graph\":[{\"@type\":\"event\",\"@id\":\"https:\/\/instytutpolski.pl\/bucuresti\/pl\/2015\/09\/28\/koncerty-mikromusic-w-bukareszcie-i-kluzu\/\",\"url\":\"https:\/\/instytutpolski.pl\/bucuresti\/pl\/2015\/09\/28\/koncerty-mikromusic-w-bukareszcie-i-kluzu\/\",\"name\":\"Koncerty Mikromusic w Bukareszcie i Klu\u017cu\",\"isPartOf\":{\"@id\":\"https:\/\/instytutpolski.pl\/bucuresti\/#website\"},\"primaryImageOfPage\":{\"@id\":\"https:\/\/instytutpolski.pl\/bucuresti\/pl\/2015\/09\/28\/koncerty-mikromusic-w-bukareszcie-i-kluzu\/#primaryimage\"},\"image\":[\"https:\/\/instytutpolski.pl\/bucuresti\/wp-content\/uploads\/sites\/11\/2020\/06\/concerte-mikromusic-la-bucuresti-si-cluj.jpg\",\"https:\/\/instytutpolski.pl\/bucuresti\/wp-content\/uploads\/sites\/11\/2020\/06\/concerte-mikromusic-la-bucuresti-si-cluj-300x200.jpg\",\"https:\/\/instytutpolski.pl\/bucuresti\/wp-content\/uploads\/sites\/11\/2020\/06\/concerte-mikromusic-la-bucuresti-si-cluj-1024x681.jpg\",\"https:\/\/instytutpolski.pl\/bucuresti\/wp-content\/uploads\/sites\/11\/2020\/06\/concerte-mikromusic-la-bucuresti-si-cluj.jpg\"],\"thumbnailUrl\":\"https:\/\/instytutpolski.pl\/bucuresti\/wp-content\/uploads\/sites\/11\/2020\/06\/concerte-mikromusic-la-bucuresti-si-cluj.jpg\",\"datePublished\":\"2015-09-28T16:21:00+02:00\",\"dateModified\":\"2020-06-03T16:26:24+02:00\",\"author\":{\"@id\":\"https:\/\/instytutpolski.pl\/bucuresti\/#\/schema\/person\/a1d5ab39dce466455f60589721519864\"},\"breadcrumb\":{\"@id\":\"https:\/\/instytutpolski.pl\/bucuresti\/pl\/2015\/09\/28\/koncerty-mikromusic-w-bukareszcie-i-kluzu\/#breadcrumb\"},\"inLanguage\":\"pl-PL\",\"potentialAction\":[{\"@type\":\"ReadAction\",\"target\":[\"https:\/\/instytutpolski.pl\/bucuresti\/pl\/2015\/09\/28\/koncerty-mikromusic-w-bukareszcie-i-kluzu\/\"]}],\"@context\":\"https:\/\/schema.org\",\"startDate\":\"2015-09-25\",\"endDate\":\"2015-09-26\",\"eventStatus\":\"EventScheduled\",\"eventAttendanceMode\":\"OfflineEventAttendanceMode\",\"location\":{\"@type\":\"place\",\"name\":\"\",\"address\":\"\",\"geo\":{\"@type\":\"GeoCoordinates\",\"latitude\":\"\",\"longitude\":\"\"}},\"description\":\"25 wrze\u015bnia, godz. 22.00 \u2013 Teatr Godot, str. Bl\u0103nari 14, Bukareszt26 wrze\u015bnia, godz. 19.45 \u2013 Park Cet\u0103\u021buie, Klu\u017c\\nGrupa \u0142\u0105cz\u0105ca pi\u0119kne melodie, kunszt warsztatowy oraz wspania\u0142\u0105 koncertow\u0105 energi\u0119. Muzyka zespo\u0142u to fuzja jazzu, trip-hopu, rocka, czasem te\u017c muzyki ludowej. Okazuje si\u0119, \u017ce takie pozornie r\u00f3\u017cne gatunki muzyki tutaj wsp\u00f3\u0142brzmi\u0105 nadspodziewanie sp\u00f3jnie. Enigmatyczny g\u0142os wokalistki \u2013 Natalii Grosiak jest prawdziw\u0105 wizyt\u00f3wk\u0105 zespo\u0142u, kt\u00f3ry z roku na rok zyskuje coraz wi\u0119ksze uznanie.\\nNa swoim koncie maj\u0105 piec p\u0142yt, w tym DVD koncertowe.\\nNatalia Grosiak - \u015bpiewDawid Korbaczy\u0144ski - gitaraRobert Szyd\u0142o - kontrabasRobert Jarmu\u017cek - fortepianAdam Lepka \u2013 tr\u0105bka, instrumenty perkusyjne\u0141ukasz Sobolak - perkusja\\nhttps:\/\/youtu.be\/iflE9VWNX3E\\n\u00a0\\nGdzie i kiedy?\\nBucure\u0219ti, Teatrul Godot\\n25-09-2015 (Godzina 22:00)\\n\u00a0\\nCluj, Parcul Cet\u0103\u021buie\\n26-09-2015 (Godzina 19:45)\\nBilety\\nBukareszt - 45 RON | Klu\u017c - wst\u0119p wolny\"},{\"@type\":\"ImageObject\",\"inLanguage\":\"pl-PL\",\"@id\":\"https:\/\/instytutpolski.pl\/bucuresti\/pl\/2015\/09\/28\/koncerty-mikromusic-w-bukareszcie-i-kluzu\/#primaryimage\",\"url\":\"https:\/\/instytutpolski.pl\/bucuresti\/wp-content\/uploads\/sites\/11\/2020\/06\/concerte-mikromusic-la-bucuresti-si-cluj.jpg\",\"contentUrl\":\"https:\/\/instytutpolski.pl\/bucuresti\/wp-content\/uploads\/sites\/11\/2020\/06\/concerte-mikromusic-la-bucuresti-si-cluj.jpg\",\"width\":2362,\"height\":1571},{\"@type\":\"BreadcrumbList\",\"@id\":\"https:\/\/instytutpolski.pl\/bucuresti\/pl\/2015\/09\/28\/koncerty-mikromusic-w-bukareszcie-i-kluzu\/#breadcrumb\",\"itemListElement\":[{\"@type\":\"ListItem\",\"position\":1,\"name\":\"Home\",\"item\":\"https:\/\/instytutpolski.pl\/bucuresti\/\"},{\"@type\":\"ListItem\",\"position\":2,\"name\":\"Koncerty Mikromusic w Bukareszcie i Klu\u017cu\"}]},{\"@type\":\"WebSite\",\"@id\":\"https:\/\/instytutpolski.pl\/bucuresti\/#website\",\"url\":\"https:\/\/instytutpolski.pl\/bucuresti\/\",\"name\":\"Instytut Polski w Bukareszcie\",\"description\":\"Instytuty Polskie\",\"potentialAction\":[{\"@type\":\"SearchAction\",\"target\":{\"@type\":\"EntryPoint\",\"urlTemplate\":\"https:\/\/instytutpolski.pl\/bucuresti\/?s={search_term_string}\"},\"query-input\":{\"@type\":\"PropertyValueSpecification\",\"valueRequired\":true,\"valueName\":\"search_term_string\"}}],\"inLanguage\":\"pl-PL\"},{\"@type\":\"Person\",\"@id\":\"https:\/\/instytutpolski.pl\/bucuresti\/#\/schema\/person\/a1d5ab39dce466455f60589721519864\",\"name\":\"nicolaua\",\"image\":{\"@type\":\"ImageObject\",\"inLanguage\":\"pl-PL\",\"@id\":\"https:\/\/instytutpolski.pl\/bucuresti\/#\/schema\/person\/image\/\",\"url\":\"https:\/\/secure.gravatar.com\/avatar\/5029b942a8ac0a6a935e5655abff56ef?s=96&d=mm&r=g\",\"contentUrl\":\"https:\/\/secure.gravatar.com\/avatar\/5029b942a8ac0a6a935e5655abff56ef?s=96&d=mm&r=g\",\"caption\":\"nicolaua\"},\"url\":\"https:\/\/instytutpolski.pl\/bucuresti\/author\/nicolaua\/\"}]}<\/script>\n<!-- \/ Yoast SEO plugin. -->","yoast_head_json":{"title":"Koncerty Mikromusic w Bukareszcie i Klu\u017cu - Instytut Polski w Bukareszcie","robots":{"index":"index","follow":"follow","max-snippet":"max-snippet:-1","max-image-preview":"max-image-preview:large","max-video-preview":"max-video-preview:-1"},"canonical":"https:\/\/instytutpolski.pl\/bucuresti\/pl\/2015\/09\/28\/koncerty-mikromusic-w-bukareszcie-i-kluzu\/","og_locale":"pl_PL","og_type":"article","og_title":"Koncerty Mikromusic w Bukareszcie i Klu\u017cu - Instytut Polski w Bukareszcie","og_description":"25 wrze\u015bnia, godz. 22.00 \u2013 Teatr Godot, str. Bl\u0103nari 14, Bukareszt26 wrze\u015bnia, godz. 19.45 \u2013 Park Cet\u0103\u021buie, Klu\u017c Grupa \u0142\u0105cz\u0105ca pi\u0119kne melodie, kunszt warsztatowy oraz wspania\u0142\u0105 koncertow\u0105 energi\u0119. Muzyka zespo\u0142u to fuzja jazzu, trip-hopu, rocka, czasem te\u017c muzyki ludowej. Okazuje si\u0119, \u017ce takie pozornie r\u00f3\u017cne gatunki muzyki tutaj wsp\u00f3\u0142brzmi\u0105 nadspodziewanie sp\u00f3jnie. Enigmatyczny g\u0142os wokalistki \u2013 [&hellip;]","og_url":"https:\/\/instytutpolski.pl\/bucuresti\/pl\/2015\/09\/28\/koncerty-mikromusic-w-bukareszcie-i-kluzu\/","og_site_name":"Instytut Polski w Bukareszcie","article_published_time":"2015-09-28T16:21:00+00:00","article_modified_time":"2020-06-03T16:26:24+00:00","og_image":[{"width":2362,"height":1571,"url":"https:\/\/instytutpolski.pl\/bucuresti\/wp-content\/uploads\/sites\/11\/2020\/06\/concerte-mikromusic-la-bucuresti-si-cluj.jpg","type":"image\/jpeg"}],"author":"nicolaua","twitter_card":"summary_large_image","twitter_misc":{"Napisane przez":"nicolaua","Szacowany czas czytania":"1 minuta"},"schema":{"@context":"https:\/\/schema.org","@graph":[{"@type":"event","@id":"https:\/\/instytutpolski.pl\/bucuresti\/pl\/2015\/09\/28\/koncerty-mikromusic-w-bukareszcie-i-kluzu\/","url":"https:\/\/instytutpolski.pl\/bucuresti\/pl\/2015\/09\/28\/koncerty-mikromusic-w-bukareszcie-i-kluzu\/","name":"Koncerty Mikromusic w Bukareszcie i Klu\u017cu","isPartOf":{"@id":"https:\/\/instytutpolski.pl\/bucuresti\/#website"},"primaryImageOfPage":{"@id":"https:\/\/instytutpolski.pl\/bucuresti\/pl\/2015\/09\/28\/koncerty-mikromusic-w-bukareszcie-i-kluzu\/#primaryimage"},"image":["https:\/\/instytutpolski.pl\/bucuresti\/wp-content\/uploads\/sites\/11\/2020\/06\/concerte-mikromusic-la-bucuresti-si-cluj.jpg","https:\/\/instytutpolski.pl\/bucuresti\/wp-content\/uploads\/sites\/11\/2020\/06\/concerte-mikromusic-la-bucuresti-si-cluj-300x200.jpg","https:\/\/instytutpolski.pl\/bucuresti\/wp-content\/uploads\/sites\/11\/2020\/06\/concerte-mikromusic-la-bucuresti-si-cluj-1024x681.jpg","https:\/\/instytutpolski.pl\/bucuresti\/wp-content\/uploads\/sites\/11\/2020\/06\/concerte-mikromusic-la-bucuresti-si-cluj.jpg"],"thumbnailUrl":"https:\/\/instytutpolski.pl\/bucuresti\/wp-content\/uploads\/sites\/11\/2020\/06\/concerte-mikromusic-la-bucuresti-si-cluj.jpg","datePublished":"2015-09-28T16:21:00+02:00","dateModified":"2020-06-03T16:26:24+02:00","author":{"@id":"https:\/\/instytutpolski.pl\/bucuresti\/#\/schema\/person\/a1d5ab39dce466455f60589721519864"},"breadcrumb":{"@id":"https:\/\/instytutpolski.pl\/bucuresti\/pl\/2015\/09\/28\/koncerty-mikromusic-w-bukareszcie-i-kluzu\/#breadcrumb"},"inLanguage":"pl-PL","potentialAction":[{"@type":"ReadAction","target":["https:\/\/instytutpolski.pl\/bucuresti\/pl\/2015\/09\/28\/koncerty-mikromusic-w-bukareszcie-i-kluzu\/"]}],"@context":"https:\/\/schema.org","startDate":"2015-09-25","endDate":"2015-09-26","eventStatus":"EventScheduled","eventAttendanceMode":"OfflineEventAttendanceMode","location":{"@type":"place","name":"","address":"","geo":{"@type":"GeoCoordinates","latitude":"","longitude":""}},"description":"25 wrze\u015bnia, godz. 22.00 \u2013 Teatr Godot, str. Bl\u0103nari 14, Bukareszt26 wrze\u015bnia, godz. 19.45 \u2013 Park Cet\u0103\u021buie, Klu\u017c\nGrupa \u0142\u0105cz\u0105ca pi\u0119kne melodie, kunszt warsztatowy oraz wspania\u0142\u0105 koncertow\u0105 energi\u0119. Muzyka zespo\u0142u to fuzja jazzu, trip-hopu, rocka, czasem te\u017c muzyki ludowej. Okazuje si\u0119, \u017ce takie pozornie r\u00f3\u017cne gatunki muzyki tutaj wsp\u00f3\u0142brzmi\u0105 nadspodziewanie sp\u00f3jnie. Enigmatyczny g\u0142os wokalistki \u2013 Natalii Grosiak jest prawdziw\u0105 wizyt\u00f3wk\u0105 zespo\u0142u, kt\u00f3ry z roku na rok zyskuje coraz wi\u0119ksze uznanie.\nNa swoim koncie maj\u0105 piec p\u0142yt, w tym DVD koncertowe.\nNatalia Grosiak - \u015bpiewDawid Korbaczy\u0144ski - gitaraRobert Szyd\u0142o - kontrabasRobert Jarmu\u017cek - fortepianAdam Lepka \u2013 tr\u0105bka, instrumenty perkusyjne\u0141ukasz Sobolak - perkusja\nhttps:\/\/youtu.be\/iflE9VWNX3E\n\u00a0\nGdzie i kiedy?\nBucure\u0219ti, Teatrul Godot\n25-09-2015 (Godzina 22:00)\n\u00a0\nCluj, Parcul Cet\u0103\u021buie\n26-09-2015 (Godzina 19:45)\nBilety\nBukareszt - 45 RON | Klu\u017c - wst\u0119p wolny"},{"@type":"ImageObject","inLanguage":"pl-PL","@id":"https:\/\/instytutpolski.pl\/bucuresti\/pl\/2015\/09\/28\/koncerty-mikromusic-w-bukareszcie-i-kluzu\/#primaryimage","url":"https:\/\/instytutpolski.pl\/bucuresti\/wp-content\/uploads\/sites\/11\/2020\/06\/concerte-mikromusic-la-bucuresti-si-cluj.jpg","contentUrl":"https:\/\/instytutpolski.pl\/bucuresti\/wp-content\/uploads\/sites\/11\/2020\/06\/concerte-mikromusic-la-bucuresti-si-cluj.jpg","width":2362,"height":1571},{"@type":"BreadcrumbList","@id":"https:\/\/instytutpolski.pl\/bucuresti\/pl\/2015\/09\/28\/koncerty-mikromusic-w-bukareszcie-i-kluzu\/#breadcrumb","itemListElement":[{"@type":"ListItem","position":1,"name":"Home","item":"https:\/\/instytutpolski.pl\/bucuresti\/"},{"@type":"ListItem","position":2,"name":"Koncerty Mikromusic w Bukareszcie i Klu\u017cu"}]},{"@type":"WebSite","@id":"https:\/\/instytutpolski.pl\/bucuresti\/#website","url":"https:\/\/instytutpolski.pl\/bucuresti\/","name":"Instytut Polski w Bukareszcie","description":"Instytuty Polskie","potentialAction":[{"@type":"SearchAction","target":{"@type":"EntryPoint","urlTemplate":"https:\/\/instytutpolski.pl\/bucuresti\/?s={search_term_string}"},"query-input":{"@type":"PropertyValueSpecification","valueRequired":true,"valueName":"search_term_string"}}],"inLanguage":"pl-PL"},{"@type":"Person","@id":"https:\/\/instytutpolski.pl\/bucuresti\/#\/schema\/person\/a1d5ab39dce466455f60589721519864","name":"nicolaua","image":{"@type":"ImageObject","inLanguage":"pl-PL","@id":"https:\/\/instytutpolski.pl\/bucuresti\/#\/schema\/person\/image\/","url":"https:\/\/secure.gravatar.com\/avatar\/5029b942a8ac0a6a935e5655abff56ef?s=96&d=mm&r=g","contentUrl":"https:\/\/secure.gravatar.com\/avatar\/5029b942a8ac0a6a935e5655abff56ef?s=96&d=mm&r=g","caption":"nicolaua"},"url":"https:\/\/instytutpolski.pl\/bucuresti\/author\/nicolaua\/"}]}},"_links":{"self":[{"href":"https:\/\/instytutpolski.pl\/bucuresti\/wp-json\/wp\/v2\/posts\/3366","targetHints":{"allow":["GET"]}}],"collection":[{"href":"https:\/\/instytutpolski.pl\/bucuresti\/wp-json\/wp\/v2\/posts"}],"about":[{"href":"https:\/\/instytutpolski.pl\/bucuresti\/wp-json\/wp\/v2\/types\/post"}],"author":[{"embeddable":true,"href":"https:\/\/instytutpolski.pl\/bucuresti\/wp-json\/wp\/v2\/users\/43"}],"replies":[{"embeddable":true,"href":"https:\/\/instytutpolski.pl\/bucuresti\/wp-json\/wp\/v2\/comments?post=3366"}],"version-history":[{"count":2,"href":"https:\/\/instytutpolski.pl\/bucuresti\/wp-json\/wp\/v2\/posts\/3366\/revisions"}],"predecessor-version":[{"id":3368,"href":"https:\/\/instytutpolski.pl\/bucuresti\/wp-json\/wp\/v2\/posts\/3366\/revisions\/3368"}],"wp:featuredmedia":[{"embeddable":true,"href":"https:\/\/instytutpolski.pl\/bucuresti\/wp-json\/wp\/v2\/media\/3363"}],"wp:attachment":[{"href":"https:\/\/instytutpolski.pl\/bucuresti\/wp-json\/wp\/v2\/media?parent=3366"}],"wp:term":[{"taxonomy":"category","embeddable":true,"href":"https:\/\/instytutpolski.pl\/bucuresti\/wp-json\/wp\/v2\/categories?post=3366"},{"taxonomy":"post_tag","embeddable":true,"href":"https:\/\/instytutpolski.pl\/bucuresti\/wp-json\/wp\/v2\/tags?post=3366"}],"curies":[{"name":"wp","href":"https:\/\/api.w.org\/{rel}","templated":true}]}}