{"id":3423,"date":"2015-09-04T10:25:00","date_gmt":"2015-09-04T08:25:00","guid":{"rendered":"https:\/\/instytutpolski.pl\/bucuresti\/?p=3423"},"modified":"2020-06-04T10:37:54","modified_gmt":"2020-06-04T08:37:54","slug":"polski-plakat-wojenny-wystawa-w-sibiu","status":"publish","type":"post","link":"https:\/\/instytutpolski.pl\/bucuresti\/pl\/2015\/09\/04\/polski-plakat-wojenny-wystawa-w-sibiu\/","title":{"rendered":"Polski plakat wojenny. Wystawa w Sibiu"},"content":{"rendered":"\n<p><strong>Wystawa \u201ePolski plakat o wojnie\u201d\u00a0 w Muzeum Brukenthal w Sibiu, 1-31 pa\u017adziernika 2015.<\/strong><\/p>\n<p>W historii plakatu \u015bwiatowego, plakaty pokazuj\u0105ce groz\u0119 wojny i przestrzegaj\u0105ce przed ni\u0105, pojawi\u0142y si\u0119 po raz pierwszy w wielu krajach podczas I Wojny \u015awiatowej. Po jej zako\u0144czeniu nie zapominano o jej skutkach, typowym przyk\u0142adem z tego okresu sta\u0142 si\u0119 plakat Kaethe Kollwitz \u201eNie wieder Krieg\u201d. \u00a0<\/p>\n<p>Straszliwe cierpienia jakich dozna\u0142a Polska w trakcie II Wojny \u015awiatowej \u00a0w szczeg\u00f3lny spos\u00f3b upowa\u017cnia\u0142o j\u0105 do dzia\u0142ania w obronie pokoju na wszystkie mo\u017cliwe sposoby, r\u00f3wnie\u017c poprzez dzia\u0142ania plastyczne, do kt\u00f3rych nale\u017cy tak\u017ce \u00a0plakat. Plakat wo\u0142aj\u0105cy o pok\u00f3j, antywojenny, walcz\u0105cy o rozbrojenie, przypominaj\u0105cy o okrucie\u0144stwach wojny i przestrzegaj\u0105cy przed nimi, ukazuj\u0105cy zadawnione i nowe konflikty, a wreszcie pot\u0119piaj\u0105cy terroryzm i wszelk\u0105 mi\u0119dzynarodow\u0105 agresj\u0119, sta\u0142 si\u0119 poniek\u0105d polsk\u0105 specjalno\u015bci\u0105. Zwa\u017cywszy, \u017ce plakat jest jedn\u0105 z form plastycznych naj\u017cywiej przemawiaj\u0105cych do widza, jego zaanga\u017cowanie w pot\u0119pienie wojny i obron\u0119 pokoju mia\u0142o przy tym &#8211; i ma nadal &#8211; g\u0142\u0119boki, nie tylko artystyczny sens.<\/p>\n<p>Pokazywana w Muzeum Brukenthal w Sibiu\u00a0 wystawa \u201ePolski plakat o wojnie\u201d, zorganizowana we wsp\u00f3\u0142pracy z Instytutem Polskim w Bukareszcie, ma charakter retrospektywny, obejmuje okres 1939 \u2013 2014. Sk\u0142ada si\u0119 z dw\u00f3ch wyra\u017anych cz\u0119\u015bci. Pierwsza &#8211; to plakaty po\u015bwi\u0119cone latom 1939 \u2013 1945, wybuchowi wojny, zbrodni Katy\u0144skiej, obozom<\/p>\n<p>zag\u0142ady, powstaniu w Getcie Warszawskim i Powstaniu Warszawskiemu, druga &#8211; to plakaty z lat 1955 \u2013 2014, po\u015bwi\u0119cone obronie pokoju, konfliktom mi\u0119dzynarodowym, i r\u00f3\u017cnym formom wsp\u00f3\u0142czesnego terroryzmu. Prezentowane na tej wystawie plakaty to dzie\u0142a ca\u0142ej plejady artyst\u00f3w r\u00f3\u017cnych generacji tworz\u0105cych tak zwan\u0105 Polsk\u0105 Szko\u0142\u0119 Plakatu, w tym r\u00f3wnie\u017c tak wybitnych, jak Henryk Tomaszewski, Tadeusz Trepkowski, Andrzej Paw\u0142owski, Maciej Urbaniec, Marian Nowi\u0144ski, Jan Sawka, Rafa\u0142 Olbi\u0144ski, Janusz Stanny, Tomasz Bogus\u0142awski, Franciszek Starowieyski\u00a0 czy Sebastian Kubica.\u00a0<\/p>\n<p>Wszystkie prezentowane dzie\u0142a pochodz\u0105 z najwi\u0119kszej w Polsce, licz\u0105cej ponad 20 000 dzie\u0142, prywatnej kolekcji wybitnego znawcy sztuki plakatu i autora wielu publikacji na ten temat, pana Krzysztofa Dydo, wsp\u00f3\u0142tw\u00f3rcy Galerii Plakatu w Krakowie, kt\u00f3ry do tej pory pokazywa\u0142 swoje zbiory na ponad 350 wystawach,\u00a0 w niemal wszystkich krajach Europy, jak r\u00f3wnie\u017c w Australii, Chinach, Iranie, Kanadzie i USA.\u00a0<\/p>\n","protected":false},"excerpt":{"rendered":"<p>Wystawa \u201ePolski plakat o wojnie\u201d\u00a0 w Muzeum Brukenthal w Sibiu, 1-31 pa\u017adziernika 2015. W historii plakatu \u015bwiatowego, plakaty pokazuj\u0105ce groz\u0119 wojny i przestrzegaj\u0105ce przed ni\u0105, pojawi\u0142y si\u0119 po raz pierwszy w wielu krajach podczas I Wojny \u015awiatowej. Po jej zako\u0144czeniu nie zapominano o jej skutkach, typowym przyk\u0142adem z tego okresu sta\u0142 si\u0119 plakat Kaethe Kollwitz [&hellip;]<\/p>\n","protected":false},"author":44,"featured_media":3417,"comment_status":"open","ping_status":"open","sticky":false,"template":"","format":"standard","meta":{"inline_featured_image":false,"_monsterinsights_skip_tracking":false,"_monsterinsights_sitenote_active":false,"_monsterinsights_sitenote_note":"","_monsterinsights_sitenote_category":0,"footnotes":""},"categories":[43],"tags":[],"class_list":["post-3423","post","type-post","status-publish","format-standard","has-post-thumbnail","hentry","category-sztuki-wizualne"],"yoast_head":"<!-- This site is optimized with the Yoast SEO plugin v24.6 - https:\/\/yoast.com\/wordpress\/plugins\/seo\/ -->\n<title>Polski plakat wojenny. Wystawa w Sibiu - Instytut Polski w Bukareszcie<\/title>\n<meta name=\"robots\" content=\"index, follow, max-snippet:-1, max-image-preview:large, max-video-preview:-1\" \/>\n<link rel=\"canonical\" href=\"https:\/\/instytutpolski.pl\/bucuresti\/pl\/2015\/09\/04\/polski-plakat-wojenny-wystawa-w-sibiu\/\" \/>\n<meta property=\"og:locale\" content=\"pl_PL\" \/>\n<meta property=\"og:type\" content=\"article\" \/>\n<meta property=\"og:title\" content=\"Polski plakat wojenny. Wystawa w Sibiu - Instytut Polski w Bukareszcie\" \/>\n<meta property=\"og:description\" content=\"Wystawa \u201ePolski plakat o wojnie\u201d\u00a0 w Muzeum Brukenthal w Sibiu, 1-31 pa\u017adziernika 2015. W historii plakatu \u015bwiatowego, plakaty pokazuj\u0105ce groz\u0119 wojny i przestrzegaj\u0105ce przed ni\u0105, pojawi\u0142y si\u0119 po raz pierwszy w wielu krajach podczas I Wojny \u015awiatowej. Po jej zako\u0144czeniu nie zapominano o jej skutkach, typowym przyk\u0142adem z tego okresu sta\u0142 si\u0119 plakat Kaethe Kollwitz [&hellip;]\" \/>\n<meta property=\"og:url\" content=\"https:\/\/instytutpolski.pl\/bucuresti\/pl\/2015\/09\/04\/polski-plakat-wojenny-wystawa-w-sibiu\/\" \/>\n<meta property=\"og:site_name\" content=\"Instytut Polski w Bukareszcie\" \/>\n<meta property=\"article:published_time\" content=\"2015-09-04T08:25:00+00:00\" \/>\n<meta property=\"article:modified_time\" content=\"2020-06-04T08:37:54+00:00\" \/>\n<meta property=\"og:image\" content=\"https:\/\/instytutpolski.pl\/bucuresti\/wp-content\/uploads\/sites\/11\/2020\/06\/afisul-polonez-de-razboi-expozitia-la-sibiu.jpg\" \/>\n\t<meta property=\"og:image:width\" content=\"1446\" \/>\n\t<meta property=\"og:image:height\" content=\"1066\" \/>\n\t<meta property=\"og:image:type\" content=\"image\/jpeg\" \/>\n<meta name=\"author\" content=\"zalaszewskak\" \/>\n<meta name=\"twitter:card\" content=\"summary_large_image\" \/>\n<meta name=\"twitter:label1\" content=\"Napisane przez\" \/>\n\t<meta name=\"twitter:data1\" content=\"zalaszewskak\" \/>\n\t<meta name=\"twitter:label2\" content=\"Szacowany czas czytania\" \/>\n\t<meta name=\"twitter:data2\" content=\"2 minuty\" \/>\n<script type=\"application\/ld+json\" class=\"yoast-schema-graph\">{\"@context\":\"https:\/\/schema.org\",\"@graph\":[{\"@type\":\"event\",\"@id\":\"https:\/\/instytutpolski.pl\/bucuresti\/pl\/2015\/09\/04\/polski-plakat-wojenny-wystawa-w-sibiu\/\",\"url\":\"https:\/\/instytutpolski.pl\/bucuresti\/pl\/2015\/09\/04\/polski-plakat-wojenny-wystawa-w-sibiu\/\",\"name\":\"Polski plakat wojenny. Wystawa w Sibiu\",\"isPartOf\":{\"@id\":\"https:\/\/instytutpolski.pl\/bucuresti\/#website\"},\"primaryImageOfPage\":{\"@id\":\"https:\/\/instytutpolski.pl\/bucuresti\/pl\/2015\/09\/04\/polski-plakat-wojenny-wystawa-w-sibiu\/#primaryimage\"},\"image\":[\"https:\/\/instytutpolski.pl\/bucuresti\/wp-content\/uploads\/sites\/11\/2020\/06\/afisul-polonez-de-razboi-expozitia-la-sibiu.jpg\",\"https:\/\/instytutpolski.pl\/bucuresti\/wp-content\/uploads\/sites\/11\/2020\/06\/afisul-polonez-de-razboi-expozitia-la-sibiu-300x221.jpg\",\"https:\/\/instytutpolski.pl\/bucuresti\/wp-content\/uploads\/sites\/11\/2020\/06\/afisul-polonez-de-razboi-expozitia-la-sibiu-1024x755.jpg\",\"https:\/\/instytutpolski.pl\/bucuresti\/wp-content\/uploads\/sites\/11\/2020\/06\/afisul-polonez-de-razboi-expozitia-la-sibiu.jpg\"],\"thumbnailUrl\":\"https:\/\/instytutpolski.pl\/bucuresti\/wp-content\/uploads\/sites\/11\/2020\/06\/afisul-polonez-de-razboi-expozitia-la-sibiu.jpg\",\"datePublished\":\"2015-09-04T08:25:00+02:00\",\"dateModified\":\"2020-06-04T08:37:54+02:00\",\"author\":{\"@id\":\"https:\/\/instytutpolski.pl\/bucuresti\/#\/schema\/person\/cbf38f4ffa10f919673d0e5f3ee6677d\"},\"breadcrumb\":{\"@id\":\"https:\/\/instytutpolski.pl\/bucuresti\/pl\/2015\/09\/04\/polski-plakat-wojenny-wystawa-w-sibiu\/#breadcrumb\"},\"inLanguage\":\"pl-PL\",\"potentialAction\":[{\"@type\":\"ReadAction\",\"target\":[\"https:\/\/instytutpolski.pl\/bucuresti\/pl\/2015\/09\/04\/polski-plakat-wojenny-wystawa-w-sibiu\/\"]}],\"@context\":\"https:\/\/schema.org\",\"startDate\":\"2015-10-01\",\"endDate\":\"2015-10-31\",\"eventStatus\":\"EventScheduled\",\"eventAttendanceMode\":\"OfflineEventAttendanceMode\",\"location\":{\"@type\":\"place\",\"name\":\"\",\"address\":\"\",\"geo\":{\"@type\":\"GeoCoordinates\",\"latitude\":\"\",\"longitude\":\"\"}},\"description\":\"Wystawa \u201ePolski plakat o wojnie\u201d\u00a0 w Muzeum Brukenthal w Sibiu, 1-31 pa\u017adziernika 2015.\\nW historii plakatu \u015bwiatowego, plakaty pokazuj\u0105ce groz\u0119 wojny i przestrzegaj\u0105ce przed ni\u0105, pojawi\u0142y si\u0119 po raz pierwszy w wielu krajach podczas I Wojny \u015awiatowej. Po jej zako\u0144czeniu nie zapominano o jej skutkach, typowym przyk\u0142adem z tego okresu sta\u0142 si\u0119 plakat Kaethe Kollwitz \u201eNie wieder Krieg\u201d. \u00a0\\nStraszliwe cierpienia jakich dozna\u0142a Polska w trakcie II Wojny \u015awiatowej \u00a0w szczeg\u00f3lny spos\u00f3b upowa\u017cnia\u0142o j\u0105 do dzia\u0142ania w obronie pokoju na wszystkie mo\u017cliwe sposoby, r\u00f3wnie\u017c poprzez dzia\u0142ania plastyczne, do kt\u00f3rych nale\u017cy tak\u017ce \u00a0plakat. Plakat wo\u0142aj\u0105cy o pok\u00f3j, antywojenny, walcz\u0105cy o rozbrojenie, przypominaj\u0105cy o okrucie\u0144stwach wojny i przestrzegaj\u0105cy przed nimi, ukazuj\u0105cy zadawnione i nowe konflikty, a wreszcie pot\u0119piaj\u0105cy terroryzm i wszelk\u0105 mi\u0119dzynarodow\u0105 agresj\u0119, sta\u0142 si\u0119 poniek\u0105d polsk\u0105 specjalno\u015bci\u0105. Zwa\u017cywszy, \u017ce plakat jest jedn\u0105 z form plastycznych naj\u017cywiej przemawiaj\u0105cych do widza, jego zaanga\u017cowanie w pot\u0119pienie wojny i obron\u0119 pokoju mia\u0142o przy tym - i ma nadal - g\u0142\u0119boki, nie tylko artystyczny sens.\\nPokazywana w Muzeum Brukenthal w Sibiu\u00a0 wystawa \u201ePolski plakat o wojnie\u201d, zorganizowana we wsp\u00f3\u0142pracy z Instytutem Polskim w Bukareszcie, ma charakter retrospektywny, obejmuje okres 1939 \u2013 2014. Sk\u0142ada si\u0119 z dw\u00f3ch wyra\u017anych cz\u0119\u015bci. Pierwsza - to plakaty po\u015bwi\u0119cone latom 1939 \u2013 1945, wybuchowi wojny, zbrodni Katy\u0144skiej, obozom\\nzag\u0142ady, powstaniu w Getcie Warszawskim i Powstaniu Warszawskiemu, druga - to plakaty z lat 1955 \u2013 2014, po\u015bwi\u0119cone obronie pokoju, konfliktom mi\u0119dzynarodowym, i r\u00f3\u017cnym formom wsp\u00f3\u0142czesnego terroryzmu. Prezentowane na tej wystawie plakaty to dzie\u0142a ca\u0142ej plejady artyst\u00f3w r\u00f3\u017cnych generacji tworz\u0105cych tak zwan\u0105 Polsk\u0105 Szko\u0142\u0119 Plakatu, w tym r\u00f3wnie\u017c tak wybitnych, jak Henryk Tomaszewski, Tadeusz Trepkowski, Andrzej Paw\u0142owski, Maciej Urbaniec, Marian Nowi\u0144ski, Jan Sawka, Rafa\u0142 Olbi\u0144ski, Janusz Stanny, Tomasz Bogus\u0142awski, Franciszek Starowieyski\u00a0 czy Sebastian Kubica.\u00a0\\nWszystkie prezentowane dzie\u0142a pochodz\u0105 z najwi\u0119kszej w Polsce, licz\u0105cej ponad 20 000 dzie\u0142, prywatnej kolekcji wybitnego znawcy sztuki plakatu i autora wielu publikacji na ten temat, pana Krzysztofa Dydo, wsp\u00f3\u0142tw\u00f3rcy Galerii Plakatu w Krakowie, kt\u00f3ry do tej pory pokazywa\u0142 swoje zbiory na ponad 350 wystawach,\u00a0 w niemal wszystkich krajach Europy, jak r\u00f3wnie\u017c w Australii, Chinach, Iranie, Kanadzie i USA.\u00a0\"},{\"@type\":\"ImageObject\",\"inLanguage\":\"pl-PL\",\"@id\":\"https:\/\/instytutpolski.pl\/bucuresti\/pl\/2015\/09\/04\/polski-plakat-wojenny-wystawa-w-sibiu\/#primaryimage\",\"url\":\"https:\/\/instytutpolski.pl\/bucuresti\/wp-content\/uploads\/sites\/11\/2020\/06\/afisul-polonez-de-razboi-expozitia-la-sibiu.jpg\",\"contentUrl\":\"https:\/\/instytutpolski.pl\/bucuresti\/wp-content\/uploads\/sites\/11\/2020\/06\/afisul-polonez-de-razboi-expozitia-la-sibiu.jpg\",\"width\":1446,\"height\":1066,\"caption\":\"Sebastian Kubica\"},{\"@type\":\"BreadcrumbList\",\"@id\":\"https:\/\/instytutpolski.pl\/bucuresti\/pl\/2015\/09\/04\/polski-plakat-wojenny-wystawa-w-sibiu\/#breadcrumb\",\"itemListElement\":[{\"@type\":\"ListItem\",\"position\":1,\"name\":\"Home\",\"item\":\"https:\/\/instytutpolski.pl\/bucuresti\/\"},{\"@type\":\"ListItem\",\"position\":2,\"name\":\"Polski plakat wojenny. Wystawa w Sibiu\"}]},{\"@type\":\"WebSite\",\"@id\":\"https:\/\/instytutpolski.pl\/bucuresti\/#website\",\"url\":\"https:\/\/instytutpolski.pl\/bucuresti\/\",\"name\":\"Instytut Polski w Bukareszcie\",\"description\":\"Instytuty Polskie\",\"potentialAction\":[{\"@type\":\"SearchAction\",\"target\":{\"@type\":\"EntryPoint\",\"urlTemplate\":\"https:\/\/instytutpolski.pl\/bucuresti\/?s={search_term_string}\"},\"query-input\":{\"@type\":\"PropertyValueSpecification\",\"valueRequired\":true,\"valueName\":\"search_term_string\"}}],\"inLanguage\":\"pl-PL\"},{\"@type\":\"Person\",\"@id\":\"https:\/\/instytutpolski.pl\/bucuresti\/#\/schema\/person\/cbf38f4ffa10f919673d0e5f3ee6677d\",\"name\":\"zalaszewskak\",\"image\":{\"@type\":\"ImageObject\",\"inLanguage\":\"pl-PL\",\"@id\":\"https:\/\/instytutpolski.pl\/bucuresti\/#\/schema\/person\/image\/\",\"url\":\"https:\/\/secure.gravatar.com\/avatar\/c2e847fb86e9b9e6a80aa771ff34772f?s=96&d=mm&r=g\",\"contentUrl\":\"https:\/\/secure.gravatar.com\/avatar\/c2e847fb86e9b9e6a80aa771ff34772f?s=96&d=mm&r=g\",\"caption\":\"zalaszewskak\"},\"url\":\"https:\/\/instytutpolski.pl\/bucuresti\/author\/zalaszewskak\/\"}]}<\/script>\n<!-- \/ Yoast SEO plugin. -->","yoast_head_json":{"title":"Polski plakat wojenny. Wystawa w Sibiu - Instytut Polski w Bukareszcie","robots":{"index":"index","follow":"follow","max-snippet":"max-snippet:-1","max-image-preview":"max-image-preview:large","max-video-preview":"max-video-preview:-1"},"canonical":"https:\/\/instytutpolski.pl\/bucuresti\/pl\/2015\/09\/04\/polski-plakat-wojenny-wystawa-w-sibiu\/","og_locale":"pl_PL","og_type":"article","og_title":"Polski plakat wojenny. Wystawa w Sibiu - Instytut Polski w Bukareszcie","og_description":"Wystawa \u201ePolski plakat o wojnie\u201d\u00a0 w Muzeum Brukenthal w Sibiu, 1-31 pa\u017adziernika 2015. W historii plakatu \u015bwiatowego, plakaty pokazuj\u0105ce groz\u0119 wojny i przestrzegaj\u0105ce przed ni\u0105, pojawi\u0142y si\u0119 po raz pierwszy w wielu krajach podczas I Wojny \u015awiatowej. Po jej zako\u0144czeniu nie zapominano o jej skutkach, typowym przyk\u0142adem z tego okresu sta\u0142 si\u0119 plakat Kaethe Kollwitz [&hellip;]","og_url":"https:\/\/instytutpolski.pl\/bucuresti\/pl\/2015\/09\/04\/polski-plakat-wojenny-wystawa-w-sibiu\/","og_site_name":"Instytut Polski w Bukareszcie","article_published_time":"2015-09-04T08:25:00+00:00","article_modified_time":"2020-06-04T08:37:54+00:00","og_image":[{"width":1446,"height":1066,"url":"https:\/\/instytutpolski.pl\/bucuresti\/wp-content\/uploads\/sites\/11\/2020\/06\/afisul-polonez-de-razboi-expozitia-la-sibiu.jpg","type":"image\/jpeg"}],"author":"zalaszewskak","twitter_card":"summary_large_image","twitter_misc":{"Napisane przez":"zalaszewskak","Szacowany czas czytania":"2 minuty"},"schema":{"@context":"https:\/\/schema.org","@graph":[{"@type":"event","@id":"https:\/\/instytutpolski.pl\/bucuresti\/pl\/2015\/09\/04\/polski-plakat-wojenny-wystawa-w-sibiu\/","url":"https:\/\/instytutpolski.pl\/bucuresti\/pl\/2015\/09\/04\/polski-plakat-wojenny-wystawa-w-sibiu\/","name":"Polski plakat wojenny. Wystawa w Sibiu","isPartOf":{"@id":"https:\/\/instytutpolski.pl\/bucuresti\/#website"},"primaryImageOfPage":{"@id":"https:\/\/instytutpolski.pl\/bucuresti\/pl\/2015\/09\/04\/polski-plakat-wojenny-wystawa-w-sibiu\/#primaryimage"},"image":["https:\/\/instytutpolski.pl\/bucuresti\/wp-content\/uploads\/sites\/11\/2020\/06\/afisul-polonez-de-razboi-expozitia-la-sibiu.jpg","https:\/\/instytutpolski.pl\/bucuresti\/wp-content\/uploads\/sites\/11\/2020\/06\/afisul-polonez-de-razboi-expozitia-la-sibiu-300x221.jpg","https:\/\/instytutpolski.pl\/bucuresti\/wp-content\/uploads\/sites\/11\/2020\/06\/afisul-polonez-de-razboi-expozitia-la-sibiu-1024x755.jpg","https:\/\/instytutpolski.pl\/bucuresti\/wp-content\/uploads\/sites\/11\/2020\/06\/afisul-polonez-de-razboi-expozitia-la-sibiu.jpg"],"thumbnailUrl":"https:\/\/instytutpolski.pl\/bucuresti\/wp-content\/uploads\/sites\/11\/2020\/06\/afisul-polonez-de-razboi-expozitia-la-sibiu.jpg","datePublished":"2015-09-04T08:25:00+02:00","dateModified":"2020-06-04T08:37:54+02:00","author":{"@id":"https:\/\/instytutpolski.pl\/bucuresti\/#\/schema\/person\/cbf38f4ffa10f919673d0e5f3ee6677d"},"breadcrumb":{"@id":"https:\/\/instytutpolski.pl\/bucuresti\/pl\/2015\/09\/04\/polski-plakat-wojenny-wystawa-w-sibiu\/#breadcrumb"},"inLanguage":"pl-PL","potentialAction":[{"@type":"ReadAction","target":["https:\/\/instytutpolski.pl\/bucuresti\/pl\/2015\/09\/04\/polski-plakat-wojenny-wystawa-w-sibiu\/"]}],"@context":"https:\/\/schema.org","startDate":"2015-10-01","endDate":"2015-10-31","eventStatus":"EventScheduled","eventAttendanceMode":"OfflineEventAttendanceMode","location":{"@type":"place","name":"","address":"","geo":{"@type":"GeoCoordinates","latitude":"","longitude":""}},"description":"Wystawa \u201ePolski plakat o wojnie\u201d\u00a0 w Muzeum Brukenthal w Sibiu, 1-31 pa\u017adziernika 2015.\nW historii plakatu \u015bwiatowego, plakaty pokazuj\u0105ce groz\u0119 wojny i przestrzegaj\u0105ce przed ni\u0105, pojawi\u0142y si\u0119 po raz pierwszy w wielu krajach podczas I Wojny \u015awiatowej. Po jej zako\u0144czeniu nie zapominano o jej skutkach, typowym przyk\u0142adem z tego okresu sta\u0142 si\u0119 plakat Kaethe Kollwitz \u201eNie wieder Krieg\u201d. \u00a0\nStraszliwe cierpienia jakich dozna\u0142a Polska w trakcie II Wojny \u015awiatowej \u00a0w szczeg\u00f3lny spos\u00f3b upowa\u017cnia\u0142o j\u0105 do dzia\u0142ania w obronie pokoju na wszystkie mo\u017cliwe sposoby, r\u00f3wnie\u017c poprzez dzia\u0142ania plastyczne, do kt\u00f3rych nale\u017cy tak\u017ce \u00a0plakat. Plakat wo\u0142aj\u0105cy o pok\u00f3j, antywojenny, walcz\u0105cy o rozbrojenie, przypominaj\u0105cy o okrucie\u0144stwach wojny i przestrzegaj\u0105cy przed nimi, ukazuj\u0105cy zadawnione i nowe konflikty, a wreszcie pot\u0119piaj\u0105cy terroryzm i wszelk\u0105 mi\u0119dzynarodow\u0105 agresj\u0119, sta\u0142 si\u0119 poniek\u0105d polsk\u0105 specjalno\u015bci\u0105. Zwa\u017cywszy, \u017ce plakat jest jedn\u0105 z form plastycznych naj\u017cywiej przemawiaj\u0105cych do widza, jego zaanga\u017cowanie w pot\u0119pienie wojny i obron\u0119 pokoju mia\u0142o przy tym - i ma nadal - g\u0142\u0119boki, nie tylko artystyczny sens.\nPokazywana w Muzeum Brukenthal w Sibiu\u00a0 wystawa \u201ePolski plakat o wojnie\u201d, zorganizowana we wsp\u00f3\u0142pracy z Instytutem Polskim w Bukareszcie, ma charakter retrospektywny, obejmuje okres 1939 \u2013 2014. Sk\u0142ada si\u0119 z dw\u00f3ch wyra\u017anych cz\u0119\u015bci. Pierwsza - to plakaty po\u015bwi\u0119cone latom 1939 \u2013 1945, wybuchowi wojny, zbrodni Katy\u0144skiej, obozom\nzag\u0142ady, powstaniu w Getcie Warszawskim i Powstaniu Warszawskiemu, druga - to plakaty z lat 1955 \u2013 2014, po\u015bwi\u0119cone obronie pokoju, konfliktom mi\u0119dzynarodowym, i r\u00f3\u017cnym formom wsp\u00f3\u0142czesnego terroryzmu. Prezentowane na tej wystawie plakaty to dzie\u0142a ca\u0142ej plejady artyst\u00f3w r\u00f3\u017cnych generacji tworz\u0105cych tak zwan\u0105 Polsk\u0105 Szko\u0142\u0119 Plakatu, w tym r\u00f3wnie\u017c tak wybitnych, jak Henryk Tomaszewski, Tadeusz Trepkowski, Andrzej Paw\u0142owski, Maciej Urbaniec, Marian Nowi\u0144ski, Jan Sawka, Rafa\u0142 Olbi\u0144ski, Janusz Stanny, Tomasz Bogus\u0142awski, Franciszek Starowieyski\u00a0 czy Sebastian Kubica.\u00a0\nWszystkie prezentowane dzie\u0142a pochodz\u0105 z najwi\u0119kszej w Polsce, licz\u0105cej ponad 20 000 dzie\u0142, prywatnej kolekcji wybitnego znawcy sztuki plakatu i autora wielu publikacji na ten temat, pana Krzysztofa Dydo, wsp\u00f3\u0142tw\u00f3rcy Galerii Plakatu w Krakowie, kt\u00f3ry do tej pory pokazywa\u0142 swoje zbiory na ponad 350 wystawach,\u00a0 w niemal wszystkich krajach Europy, jak r\u00f3wnie\u017c w Australii, Chinach, Iranie, Kanadzie i USA.\u00a0"},{"@type":"ImageObject","inLanguage":"pl-PL","@id":"https:\/\/instytutpolski.pl\/bucuresti\/pl\/2015\/09\/04\/polski-plakat-wojenny-wystawa-w-sibiu\/#primaryimage","url":"https:\/\/instytutpolski.pl\/bucuresti\/wp-content\/uploads\/sites\/11\/2020\/06\/afisul-polonez-de-razboi-expozitia-la-sibiu.jpg","contentUrl":"https:\/\/instytutpolski.pl\/bucuresti\/wp-content\/uploads\/sites\/11\/2020\/06\/afisul-polonez-de-razboi-expozitia-la-sibiu.jpg","width":1446,"height":1066,"caption":"Sebastian Kubica"},{"@type":"BreadcrumbList","@id":"https:\/\/instytutpolski.pl\/bucuresti\/pl\/2015\/09\/04\/polski-plakat-wojenny-wystawa-w-sibiu\/#breadcrumb","itemListElement":[{"@type":"ListItem","position":1,"name":"Home","item":"https:\/\/instytutpolski.pl\/bucuresti\/"},{"@type":"ListItem","position":2,"name":"Polski plakat wojenny. Wystawa w Sibiu"}]},{"@type":"WebSite","@id":"https:\/\/instytutpolski.pl\/bucuresti\/#website","url":"https:\/\/instytutpolski.pl\/bucuresti\/","name":"Instytut Polski w Bukareszcie","description":"Instytuty Polskie","potentialAction":[{"@type":"SearchAction","target":{"@type":"EntryPoint","urlTemplate":"https:\/\/instytutpolski.pl\/bucuresti\/?s={search_term_string}"},"query-input":{"@type":"PropertyValueSpecification","valueRequired":true,"valueName":"search_term_string"}}],"inLanguage":"pl-PL"},{"@type":"Person","@id":"https:\/\/instytutpolski.pl\/bucuresti\/#\/schema\/person\/cbf38f4ffa10f919673d0e5f3ee6677d","name":"zalaszewskak","image":{"@type":"ImageObject","inLanguage":"pl-PL","@id":"https:\/\/instytutpolski.pl\/bucuresti\/#\/schema\/person\/image\/","url":"https:\/\/secure.gravatar.com\/avatar\/c2e847fb86e9b9e6a80aa771ff34772f?s=96&d=mm&r=g","contentUrl":"https:\/\/secure.gravatar.com\/avatar\/c2e847fb86e9b9e6a80aa771ff34772f?s=96&d=mm&r=g","caption":"zalaszewskak"},"url":"https:\/\/instytutpolski.pl\/bucuresti\/author\/zalaszewskak\/"}]}},"_links":{"self":[{"href":"https:\/\/instytutpolski.pl\/bucuresti\/wp-json\/wp\/v2\/posts\/3423","targetHints":{"allow":["GET"]}}],"collection":[{"href":"https:\/\/instytutpolski.pl\/bucuresti\/wp-json\/wp\/v2\/posts"}],"about":[{"href":"https:\/\/instytutpolski.pl\/bucuresti\/wp-json\/wp\/v2\/types\/post"}],"author":[{"embeddable":true,"href":"https:\/\/instytutpolski.pl\/bucuresti\/wp-json\/wp\/v2\/users\/44"}],"replies":[{"embeddable":true,"href":"https:\/\/instytutpolski.pl\/bucuresti\/wp-json\/wp\/v2\/comments?post=3423"}],"version-history":[{"count":2,"href":"https:\/\/instytutpolski.pl\/bucuresti\/wp-json\/wp\/v2\/posts\/3423\/revisions"}],"predecessor-version":[{"id":3430,"href":"https:\/\/instytutpolski.pl\/bucuresti\/wp-json\/wp\/v2\/posts\/3423\/revisions\/3430"}],"wp:featuredmedia":[{"embeddable":true,"href":"https:\/\/instytutpolski.pl\/bucuresti\/wp-json\/wp\/v2\/media\/3417"}],"wp:attachment":[{"href":"https:\/\/instytutpolski.pl\/bucuresti\/wp-json\/wp\/v2\/media?parent=3423"}],"wp:term":[{"taxonomy":"category","embeddable":true,"href":"https:\/\/instytutpolski.pl\/bucuresti\/wp-json\/wp\/v2\/categories?post=3423"},{"taxonomy":"post_tag","embeddable":true,"href":"https:\/\/instytutpolski.pl\/bucuresti\/wp-json\/wp\/v2\/tags?post=3423"}],"curies":[{"name":"wp","href":"https:\/\/api.w.org\/{rel}","templated":true}]}}