{"id":3458,"date":"2017-10-25T10:54:00","date_gmt":"2017-10-25T08:54:00","guid":{"rendered":"https:\/\/instytutpolski.pl\/bucuresti\/?p=3458"},"modified":"2020-06-04T10:57:22","modified_gmt":"2020-06-04T08:57:22","slug":"anul-jozef-pilsudski-la-iasi","status":"publish","type":"post","link":"https:\/\/instytutpolski.pl\/bucuresti\/2017\/10\/25\/anul-jozef-pilsudski-la-iasi\/","title":{"rendered":"Anul J\u00f3zef Pi\u0142sudski la Ia\u0219i"},"content":{"rendered":"\n<p>\u00cen istoria Poloniei secolului al XX-lea nu exist\u0103 o personalitate mai cunoscut\u0103 dec\u00e2t mare\u0219alul J\u00f3zef Pi\u0142sudski (1867-1935). Renumitul comandant a devenit&nbsp; simbolul cuceririi independen\u021bei Poloniei \u00een anul 1918, atunci c\u00e2nd, dup\u0103 123 de ani de anex\u0103ri, adic\u0103 \u00eemp\u0103r\u021biri ale teritoriilor poloneze \u00eentre Rusia, Prusia \u0219i Austria, care le-au acaparat de trei ori \u0219i au \u00eencercat s\u0103-i priveze pe polonezi nu doar de patria lor, ci \u0219i de limba, tradi\u021biile \u0219i cultura lor, \u021bara a revenit pe harta Europei.<\/p>\n\n\n\n<p>De asemenea, Pi\u0142sudski a avut un rol decisiv asupra configura\u021biei Poloniei dup\u0103 Primul R\u0103zboi Mondial.<br>Bucur\u00e2ndu-se de o deosebit\u0103 apreciere pe plan interna\u021bional, conduc\u0103torul s-a aflat \u00een fruntea statului polonez ren\u0103scut, a \u00eenfiin\u021bat armata \u0219i a creat bazele democratice ale acestuia (de ex., \u00een noiembrie 1918 a recunoscut femeilor dreptul la vot). Ulterior a guvernat cu o m\u00e2n\u0103 de fier, trezind nu o dat\u0103 controverse, dar \u0219i admira\u021bie \u2013 chiar \u0219i printre adversarii s\u0103i.<\/p>\n\n\n\n<p>J\u00f3zef Pi\u0142sudski a fost prieten al familiei regale a Rom\u00e2niei, s-a aflat \u00een Rom\u00e2nia \u00een lungi vacan\u021be, iar de patru ori \u00een cadrul unor vizite oficiale (1922, 1928, 1931, 1932). De asemenea, a avut merite deosebite pentru \u00eentregul continent \u2013 \u00een anul 1920, c\u00e2\u0219tig\u00e2nd B\u0103t\u0103lia pentru Var\u0219ovia, cunoscut\u0103 \u00een Polonia ca \u201eMiracolul de pe Vistula\u201d, \u0219i-a ap\u0103rat propria \u021bar\u0103 dar a ap\u0103rat \u0219i Europa \u00een fa\u021ba bol\u0219evicilor &#8211; timp de c\u00e2teva decenii.<\/p>\n\n\n\n<p>\u00cen anul 2017, la 5 decembrie, se vor \u00eemplini 150 de ani de la na\u0219terea sa. Cu acest prilej, parlamentul polonez a declarat anul curent Anul J\u00f3zef Pi\u0142sudski, iar Institutul Polonez din Bucure\u0219ti, \u00eempreun\u0103 cu partenerii s\u0103i a preg\u0103tit o serie de manifest\u0103ri dedicate renumitului polonez. Cea mai important\u0103 dintre ele este&nbsp;<strong>conferin\u021ba \u0219tiin\u021bific\u0103 de la Ia\u0219i<\/strong>, organizat\u0103 cu c\u00e2teva zile \u00eenainte de aniversarea a 99 de ani de la cucerirea independen\u021bei Poloniei, de Institutul Polonez \u00een colaborare cu Ambasada Republicii Polone \u00een Rom\u00e2nia \u0219i Muzeul Unirii, precum \u0219i Centrul de Studii Europene din cadrul Facult\u0103\u021bii de Drept a Universit\u0103\u021bii \u201eAlexandru Ioan Cuza\u201d \u0219i Centrul de Istorie a Secolului XX din cadrul Facult\u0103\u021bii de Istorie a Universit\u0103\u021bii \u201eAlexandru Ioan Cuza\u201d. La eveniment vor participa istorici din Polonia \u0219i Rom\u00e2nia.&nbsp;<\/p>\n\n\n\n<p>Conferin\u021ba va avea, ca eveniment conex, vernisajul expozi\u021biei dedicate lui J\u00f3zef Pi\u0142sudski la Muzeul Unirii, la care vor fi prezen\u021bi, printre al\u021bii, Ambasadorul Republicii Polone, domnul Marcin Wilczek precum \u0219i directorul Institutului Polonez din Bucure\u0219ti, doamna Agnieszka Skieterska.<\/p>\n\n\n\n<p>Se cuvine subliniat faptul c\u0103 Muzeul Unirii din Ia\u0219i se afl\u0103 \u00eentr-un loc cu o mare \u00eenc\u0103rc\u0103tur\u0103 simbolic\u0103 \u2013 \u00een palatul care, \u00eentre anii 1859-1862 a fost sediul c\u00e2rmuitorului principatelor unite ale Moldovei \u0219i \u021a\u0103rii Rom\u00e2ne\u0219ti, domnitorul Alexandru Ioan Cuza. \u00cen timpul Primului R\u0103zboi Mondial, dup\u0103 evacuarea la Ia\u0219i a autorit\u0103\u021bilor rom\u00e2ne, cl\u0103direa a fost re\u0219edin\u021ba regelui Ferdinand al Rom\u00e2niei.&nbsp;<\/p>\n\n\n\n<p>Expozi\u021bia dedicat\u0103 omului de stat polonez va fi deschis\u0103 p\u00e2n\u0103 la 27 noiembrie 2017.<\/p>\n\n\n\n<p><strong>Programul conferin\u021bei \u201eJ\u00f3zef Pi\u0142sudski \u2013 om de stat al Poloniei \u0219i Europei\u201d din data de 3 noiembrie 2017:&nbsp;<\/strong><\/p>\n\n\n\n<p><strong>10.30<\/strong>&nbsp;\u2013 vernisajul expozi\u021biei \u201eJ\u00f3zef Pi\u0142sudski \u2013 om de stat al Poloniei \u0219i Europei\u201d, cu participarea Ambasadorului Republicii Polone la Bucure\u0219ti, domnul Marcin Wilczek \u0219i a Directorului Institutului Polonez din Bucure\u0219ti, doamna Agnieszka Skieterska.<\/p>\n\n\n\n<p><strong>11.30&nbsp;<\/strong>\u2013 deschiderea conferin\u021bei polono-rom\u00e2ne \u201eJ\u00f3zef Pi\u0142sudski \u2013 om de stat al Poloniei \u0219i Europei\u201d<br>1)&nbsp;<strong>Prof. Micha\u0142 Klimeck<\/strong>i, Universitatea \u201eNicolaus Copernic\u201d din Toru\u0144, \u201eJ\u00f3zef Pi\u0142sudski \u00een istoria Poloniei \u0219i a Europei\u201d<br>2)&nbsp;<strong>Prof. Silviu Miloiu<\/strong>, Universitatea Valahia din T\u00e2rgovi\u0219te, \u201eJ\u00f3zef Pi\u0142sudski &#8211;&nbsp; comandant militar, \u00een literatura \u0219tiin\u021bific\u0103 rom\u00e2n\u0103 interbelic\u0103\u201d<br>3)&nbsp;<strong>Prof. Adrian Vitalaru<\/strong>, Universitatea \u201eAlexandru Ioan Cuza\u201d din Ia\u0219i, \u201eCea mai renumit\u0103 personalitate polonez\u0103. J\u00f3zef Pi\u0142sudski \u00een rapoartele diplomatice \u0219i memoriile lui&nbsp; Alexandru Iacovachi\u201d<br>4)&nbsp;<strong>Prof. Lucian Leu\u0219tean<\/strong>, Universiteatea \u201eAlexandru Ioan Cuza\u201d din Ia\u0219i, Vizita Mare\u0219alului Pi\u0142sudski \u00een Rom\u00e2nia din anul 1922\u201d<br>5)&nbsp;<strong>Dr. Bogdan-Alexandru Schipor<\/strong>, Institutul de Istorie \u201eA. D. Xenopol\u201d din Ia\u0219i, \u201eJ\u00f3zef Pi\u0142sudski \u0219i alian\u021ba polono-rom\u00e2n\u0103 \u00een Europa dup\u0103 Locarno 1926\u201d<br>6)&nbsp;<strong>Prof. Henryk Walczak<\/strong>, Universitatea din Szczecin, \u201eVizita Mare\u0219alului Pi\u0142sudski \u00een Rom\u00e2nia din anul 1928\u201d&nbsp;<br>7)&nbsp;<strong>Dr. Daniel Hrenciuc<\/strong>, Colegiul Tehnic din R\u0103d\u0103u\u021bi, \u201eVizita Mare\u0219alului Pi\u0142sudski \u00een Rom\u00e2nia din anul 1932\u201d<\/p>\n\n\n\n<p><strong>15.00<\/strong>&nbsp;\u2013 \u00eenchiderea lucr\u0103rilor conferin\u021bei.<\/p>\n\n\n\n<p>Referatele vor fi prezentate \u00een limbile rom\u00e2n\u0103 \u0219i englez\u0103.<\/p>\n\n\n\n<p><strong>Vernisajul expozi\u021biei \u0219i conferin\u021ba vor avea loc \u00een&nbsp;<a href=\"http:\/\/palatulculturii.ro\/muzeul-unirii\" target=\"_blank\" rel=\"noreferrer noopener\">Muzeul Unirii<\/a>&nbsp;din Ia\u0219i, str. Alexandru L\u0103pu\u0219neanu 14.<\/strong>Expozi\u021bia va putea fi vizitat\u0103 p\u00e2n\u0103 la data de 27 noiembrie, de miercuri p\u00e2n\u0103 duminic\u0103, \u00eentre orele 10.00 \u2013 17.00.<\/p>\n","protected":false},"excerpt":{"rendered":"<p>\u00cen istoria Poloniei secolului al XX-lea nu exist\u0103 o personalitate mai cunoscut\u0103 dec\u00e2t mare\u0219alul J\u00f3zef Pi\u0142sudski (1867-1935). Renumitul comandant a devenit&nbsp; simbolul cuceririi independen\u021bei Poloniei \u00een anul 1918, atunci c\u00e2nd, dup\u0103 123 de ani de anex\u0103ri, adic\u0103 \u00eemp\u0103r\u021biri ale teritoriilor poloneze \u00eentre Rusia, Prusia \u0219i Austria, care le-au acaparat de trei ori \u0219i au \u00eencercat [&hellip;]<\/p>\n","protected":false},"author":41,"featured_media":2557,"comment_status":"open","ping_status":"open","sticky":false,"template":"","format":"standard","meta":{"inline_featured_image":false,"_monsterinsights_skip_tracking":false,"_monsterinsights_sitenote_active":false,"_monsterinsights_sitenote_note":"","_monsterinsights_sitenote_category":0,"footnotes":""},"categories":[16,94,14],"tags":[],"class_list":["post-3458","post","type-post","status-publish","format-standard","has-post-thumbnail","hentry","category-arte-vizuale","category-evenimente","category-istorie"],"yoast_head":"<!-- This site is optimized with the Yoast SEO plugin v24.6 - https:\/\/yoast.com\/wordpress\/plugins\/seo\/ -->\n<title>Anul J\u00f3zef Pi\u0142sudski la Ia\u0219i - Instytut Polski w Bukareszcie<\/title>\n<meta name=\"robots\" content=\"index, follow, max-snippet:-1, max-image-preview:large, max-video-preview:-1\" \/>\n<link rel=\"canonical\" href=\"https:\/\/instytutpolski.pl\/bucuresti\/2017\/10\/25\/anul-jozef-pilsudski-la-iasi\/\" \/>\n<meta property=\"og:locale\" content=\"pl_PL\" \/>\n<meta property=\"og:type\" content=\"article\" \/>\n<meta property=\"og:title\" content=\"Anul J\u00f3zef Pi\u0142sudski la Ia\u0219i - Instytut Polski w Bukareszcie\" \/>\n<meta property=\"og:description\" content=\"\u00cen istoria Poloniei secolului al XX-lea nu exist\u0103 o personalitate mai cunoscut\u0103 dec\u00e2t mare\u0219alul J\u00f3zef Pi\u0142sudski (1867-1935). Renumitul comandant a devenit&nbsp; simbolul cuceririi independen\u021bei Poloniei \u00een anul 1918, atunci c\u00e2nd, dup\u0103 123 de ani de anex\u0103ri, adic\u0103 \u00eemp\u0103r\u021biri ale teritoriilor poloneze \u00eentre Rusia, Prusia \u0219i Austria, care le-au acaparat de trei ori \u0219i au \u00eencercat [&hellip;]\" \/>\n<meta property=\"og:url\" content=\"https:\/\/instytutpolski.pl\/bucuresti\/2017\/10\/25\/anul-jozef-pilsudski-la-iasi\/\" \/>\n<meta property=\"og:site_name\" content=\"Instytut Polski w Bukareszcie\" \/>\n<meta property=\"article:published_time\" content=\"2017-10-25T08:54:00+00:00\" \/>\n<meta property=\"article:modified_time\" content=\"2020-06-04T08:57:22+00:00\" \/>\n<meta property=\"og:image\" content=\"https:\/\/instytutpolski.pl\/bucuresti\/wp-content\/uploads\/sites\/11\/2020\/05\/pilsudski-chisinau_c818c5-2.jpg\" \/>\n\t<meta property=\"og:image:width\" content=\"660\" \/>\n\t<meta property=\"og:image:height\" content=\"389\" \/>\n\t<meta property=\"og:image:type\" content=\"image\/jpeg\" \/>\n<meta name=\"author\" content=\"mirelal\" \/>\n<meta name=\"twitter:card\" content=\"summary_large_image\" \/>\n<meta name=\"twitter:label1\" content=\"Napisane przez\" \/>\n\t<meta name=\"twitter:data1\" content=\"mirelal\" \/>\n\t<meta name=\"twitter:label2\" content=\"Szacowany czas czytania\" \/>\n\t<meta name=\"twitter:data2\" content=\"4 minuty\" \/>\n<script type=\"application\/ld+json\" class=\"yoast-schema-graph\">{\"@context\":\"https:\/\/schema.org\",\"@graph\":[{\"@type\":\"event\",\"@id\":\"https:\/\/instytutpolski.pl\/bucuresti\/2017\/10\/25\/anul-jozef-pilsudski-la-iasi\/\",\"url\":\"https:\/\/instytutpolski.pl\/bucuresti\/2017\/10\/25\/anul-jozef-pilsudski-la-iasi\/\",\"name\":\"Anul J\u00f3zef Pi\u0142sudski la Ia\u0219i\",\"isPartOf\":{\"@id\":\"https:\/\/instytutpolski.pl\/bucuresti\/#website\"},\"primaryImageOfPage\":{\"@id\":\"https:\/\/instytutpolski.pl\/bucuresti\/2017\/10\/25\/anul-jozef-pilsudski-la-iasi\/#primaryimage\"},\"image\":[\"https:\/\/instytutpolski.pl\/bucuresti\/wp-content\/uploads\/sites\/11\/2020\/05\/pilsudski-chisinau_c818c5-2.jpg\",\"https:\/\/instytutpolski.pl\/bucuresti\/wp-content\/uploads\/sites\/11\/2020\/05\/pilsudski-chisinau_c818c5-2-300x177.jpg\",\"https:\/\/instytutpolski.pl\/bucuresti\/wp-content\/uploads\/sites\/11\/2020\/05\/pilsudski-chisinau_c818c5-2.jpg\",\"https:\/\/instytutpolski.pl\/bucuresti\/wp-content\/uploads\/sites\/11\/2020\/05\/pilsudski-chisinau_c818c5-2.jpg\"],\"thumbnailUrl\":\"https:\/\/instytutpolski.pl\/bucuresti\/wp-content\/uploads\/sites\/11\/2020\/05\/pilsudski-chisinau_c818c5-2.jpg\",\"datePublished\":\"2017-10-25T08:54:00+02:00\",\"dateModified\":\"2020-06-04T08:57:22+02:00\",\"author\":{\"@id\":\"https:\/\/instytutpolski.pl\/bucuresti\/#\/schema\/person\/36eba23bd65c4ed8774deeb285a19272\"},\"breadcrumb\":{\"@id\":\"https:\/\/instytutpolski.pl\/bucuresti\/2017\/10\/25\/anul-jozef-pilsudski-la-iasi\/#breadcrumb\"},\"inLanguage\":\"pl-PL\",\"potentialAction\":[{\"@type\":\"ReadAction\",\"target\":[\"https:\/\/instytutpolski.pl\/bucuresti\/2017\/10\/25\/anul-jozef-pilsudski-la-iasi\/\"]}],\"@context\":\"https:\/\/schema.org\",\"startDate\":\"2017-10-31\",\"endDate\":\"2017-11-27\",\"eventStatus\":\"EventScheduled\",\"eventAttendanceMode\":\"OfflineEventAttendanceMode\",\"location\":{\"@type\":\"place\",\"name\":\"\",\"address\":\"\",\"geo\":{\"@type\":\"GeoCoordinates\",\"latitude\":\"\",\"longitude\":\"\"}},\"description\":\"\u00cen istoria Poloniei secolului al XX-lea nu exist\u0103 o personalitate mai cunoscut\u0103 dec\u00e2t mare\u0219alul J\u00f3zef Pi\u0142sudski (1867-1935). Renumitul comandant a devenit  simbolul cuceririi independen\u021bei Poloniei \u00een anul 1918, atunci c\u00e2nd, dup\u0103 123 de ani de anex\u0103ri, adic\u0103 \u00eemp\u0103r\u021biri ale teritoriilor poloneze \u00eentre Rusia, Prusia \u0219i Austria, care le-au acaparat de trei ori \u0219i au \u00eencercat s\u0103-i priveze pe polonezi nu doar de patria lor, ci \u0219i de limba, tradi\u021biile \u0219i cultura lor, \u021bara a revenit pe harta Europei.\\nDe asemenea, Pi\u0142sudski a avut un rol decisiv asupra configura\u021biei Poloniei dup\u0103 Primul R\u0103zboi Mondial.Bucur\u00e2ndu-se de o deosebit\u0103 apreciere pe plan interna\u021bional, conduc\u0103torul s-a aflat \u00een fruntea statului polonez ren\u0103scut, a \u00eenfiin\u021bat armata \u0219i a creat bazele democratice ale acestuia (de ex., \u00een noiembrie 1918 a recunoscut femeilor dreptul la vot). Ulterior a guvernat cu o m\u00e2n\u0103 de fier, trezind nu o dat\u0103 controverse, dar \u0219i admira\u021bie \u2013 chiar \u0219i printre adversarii s\u0103i.\\nJ\u00f3zef Pi\u0142sudski a fost prieten al familiei regale a Rom\u00e2niei, s-a aflat \u00een Rom\u00e2nia \u00een lungi vacan\u021be, iar de patru ori \u00een cadrul unor vizite oficiale (1922, 1928, 1931, 1932). De asemenea, a avut merite deosebite pentru \u00eentregul continent \u2013 \u00een anul 1920, c\u00e2\u0219tig\u00e2nd B\u0103t\u0103lia pentru Var\u0219ovia, cunoscut\u0103 \u00een Polonia ca \u201eMiracolul de pe Vistula\u201d, \u0219i-a ap\u0103rat propria \u021bar\u0103 dar a ap\u0103rat \u0219i Europa \u00een fa\u021ba bol\u0219evicilor - timp de c\u00e2teva decenii.\\n\u00cen anul 2017, la 5 decembrie, se vor \u00eemplini 150 de ani de la na\u0219terea sa. Cu acest prilej, parlamentul polonez a declarat anul curent Anul J\u00f3zef Pi\u0142sudski, iar Institutul Polonez din Bucure\u0219ti, \u00eempreun\u0103 cu partenerii s\u0103i a preg\u0103tit o serie de manifest\u0103ri dedicate renumitului polonez. Cea mai important\u0103 dintre ele este conferin\u021ba \u0219tiin\u021bific\u0103 de la Ia\u0219i, organizat\u0103 cu c\u00e2teva zile \u00eenainte de aniversarea a 99 de ani de la cucerirea independen\u021bei Poloniei, de Institutul Polonez \u00een colaborare cu Ambasada Republicii Polone \u00een Rom\u00e2nia \u0219i Muzeul Unirii, precum \u0219i Centrul de Studii Europene din cadrul Facult\u0103\u021bii de Drept a Universit\u0103\u021bii \u201eAlexandru Ioan Cuza\u201d \u0219i Centrul de Istorie a Secolului XX din cadrul Facult\u0103\u021bii de Istorie a Universit\u0103\u021bii \u201eAlexandru Ioan Cuza\u201d. La eveniment vor participa istorici din Polonia \u0219i Rom\u00e2nia. \\nConferin\u021ba va avea, ca eveniment conex, vernisajul expozi\u021biei dedicate lui J\u00f3zef Pi\u0142sudski la Muzeul Unirii, la care vor fi prezen\u021bi, printre al\u021bii, Ambasadorul Republicii Polone, domnul Marcin Wilczek precum \u0219i directorul Institutului Polonez din Bucure\u0219ti, doamna Agnieszka Skieterska.\\nSe cuvine subliniat faptul c\u0103 Muzeul Unirii din Ia\u0219i se afl\u0103 \u00eentr-un loc cu o mare \u00eenc\u0103rc\u0103tur\u0103 simbolic\u0103 \u2013 \u00een palatul care, \u00eentre anii 1859-1862 a fost sediul c\u00e2rmuitorului principatelor unite ale Moldovei \u0219i \u021a\u0103rii Rom\u00e2ne\u0219ti, domnitorul Alexandru Ioan Cuza. \u00cen timpul Primului R\u0103zboi Mondial, dup\u0103 evacuarea la Ia\u0219i a autorit\u0103\u021bilor rom\u00e2ne, cl\u0103direa a fost re\u0219edin\u021ba regelui Ferdinand al Rom\u00e2niei. \\nExpozi\u021bia dedicat\u0103 omului de stat polonez va fi deschis\u0103 p\u00e2n\u0103 la 27 noiembrie 2017.\\nProgramul conferin\u021bei \u201eJ\u00f3zef Pi\u0142sudski \u2013 om de stat al Poloniei \u0219i Europei\u201d din data de 3 noiembrie 2017: \\n10.30 \u2013 vernisajul expozi\u021biei \u201eJ\u00f3zef Pi\u0142sudski \u2013 om de stat al Poloniei \u0219i Europei\u201d, cu participarea Ambasadorului Republicii Polone la Bucure\u0219ti, domnul Marcin Wilczek \u0219i a Directorului Institutului Polonez din Bucure\u0219ti, doamna Agnieszka Skieterska.\\n11.30 \u2013 deschiderea conferin\u021bei polono-rom\u00e2ne \u201eJ\u00f3zef Pi\u0142sudski \u2013 om de stat al Poloniei \u0219i Europei\u201d1) Prof. Micha\u0142 Klimecki, Universitatea \u201eNicolaus Copernic\u201d din Toru\u0144, \u201eJ\u00f3zef Pi\u0142sudski \u00een istoria Poloniei \u0219i a Europei\u201d2) Prof. Silviu Miloiu, Universitatea Valahia din T\u00e2rgovi\u0219te, \u201eJ\u00f3zef Pi\u0142sudski -  comandant militar, \u00een literatura \u0219tiin\u021bific\u0103 rom\u00e2n\u0103 interbelic\u0103\u201d3) Prof. Adrian Vitalaru, Universitatea \u201eAlexandru Ioan Cuza\u201d din Ia\u0219i, \u201eCea mai renumit\u0103 personalitate polonez\u0103. J\u00f3zef Pi\u0142sudski \u00een rapoartele diplomatice \u0219i memoriile lui  Alexandru Iacovachi\u201d4) Prof. Lucian Leu\u0219tean, Universiteatea \u201eAlexandru Ioan Cuza\u201d din Ia\u0219i, Vizita Mare\u0219alului Pi\u0142sudski \u00een Rom\u00e2nia din anul 1922\u201d5) Dr. Bogdan-Alexandru Schipor, Institutul de Istorie \u201eA. D. Xenopol\u201d din Ia\u0219i, \u201eJ\u00f3zef Pi\u0142sudski \u0219i alian\u021ba polono-rom\u00e2n\u0103 \u00een Europa dup\u0103 Locarno 1926\u201d6) Prof. Henryk Walczak, Universitatea din Szczecin, \u201eVizita Mare\u0219alului Pi\u0142sudski \u00een Rom\u00e2nia din anul 1928\u201d 7) Dr. Daniel Hrenciuc, Colegiul Tehnic din R\u0103d\u0103u\u021bi, \u201eVizita Mare\u0219alului Pi\u0142sudski \u00een Rom\u00e2nia din anul 1932\u201d\\n15.00 \u2013 \u00eenchiderea lucr\u0103rilor conferin\u021bei.\\nReferatele vor fi prezentate \u00een limbile rom\u00e2n\u0103 \u0219i englez\u0103.\\nVernisajul expozi\u021biei \u0219i conferin\u021ba vor avea loc \u00een Muzeul Unirii din Ia\u0219i, str. Alexandru L\u0103pu\u0219neanu 14.Expozi\u021bia va putea fi vizitat\u0103 p\u00e2n\u0103 la data de 27 noiembrie, de miercuri p\u00e2n\u0103 duminic\u0103, \u00eentre orele 10.00 \u2013 17.00.\"},{\"@type\":\"ImageObject\",\"inLanguage\":\"pl-PL\",\"@id\":\"https:\/\/instytutpolski.pl\/bucuresti\/2017\/10\/25\/anul-jozef-pilsudski-la-iasi\/#primaryimage\",\"url\":\"https:\/\/instytutpolski.pl\/bucuresti\/wp-content\/uploads\/sites\/11\/2020\/05\/pilsudski-chisinau_c818c5-2.jpg\",\"contentUrl\":\"https:\/\/instytutpolski.pl\/bucuresti\/wp-content\/uploads\/sites\/11\/2020\/05\/pilsudski-chisinau_c818c5-2.jpg\",\"width\":660,\"height\":389},{\"@type\":\"BreadcrumbList\",\"@id\":\"https:\/\/instytutpolski.pl\/bucuresti\/2017\/10\/25\/anul-jozef-pilsudski-la-iasi\/#breadcrumb\",\"itemListElement\":[{\"@type\":\"ListItem\",\"position\":1,\"name\":\"Home\",\"item\":\"https:\/\/instytutpolski.pl\/bucuresti\/\"},{\"@type\":\"ListItem\",\"position\":2,\"name\":\"Anul J\u00f3zef Pi\u0142sudski la Ia\u0219i\"}]},{\"@type\":\"WebSite\",\"@id\":\"https:\/\/instytutpolski.pl\/bucuresti\/#website\",\"url\":\"https:\/\/instytutpolski.pl\/bucuresti\/\",\"name\":\"Instytut Polski w Bukareszcie\",\"description\":\"Instytuty Polskie\",\"potentialAction\":[{\"@type\":\"SearchAction\",\"target\":{\"@type\":\"EntryPoint\",\"urlTemplate\":\"https:\/\/instytutpolski.pl\/bucuresti\/?s={search_term_string}\"},\"query-input\":{\"@type\":\"PropertyValueSpecification\",\"valueRequired\":true,\"valueName\":\"search_term_string\"}}],\"inLanguage\":\"pl-PL\"},{\"@type\":\"Person\",\"@id\":\"https:\/\/instytutpolski.pl\/bucuresti\/#\/schema\/person\/36eba23bd65c4ed8774deeb285a19272\",\"name\":\"mirelal\",\"image\":{\"@type\":\"ImageObject\",\"inLanguage\":\"pl-PL\",\"@id\":\"https:\/\/instytutpolski.pl\/bucuresti\/#\/schema\/person\/image\/\",\"url\":\"https:\/\/secure.gravatar.com\/avatar\/5838c7614d071fe473f8aeb2de72beb4?s=96&d=mm&r=g\",\"contentUrl\":\"https:\/\/secure.gravatar.com\/avatar\/5838c7614d071fe473f8aeb2de72beb4?s=96&d=mm&r=g\",\"caption\":\"mirelal\"},\"url\":\"https:\/\/instytutpolski.pl\/bucuresti\/author\/mirelal\/\"}]}<\/script>\n<!-- \/ Yoast SEO plugin. -->","yoast_head_json":{"title":"Anul J\u00f3zef Pi\u0142sudski la Ia\u0219i - Instytut Polski w Bukareszcie","robots":{"index":"index","follow":"follow","max-snippet":"max-snippet:-1","max-image-preview":"max-image-preview:large","max-video-preview":"max-video-preview:-1"},"canonical":"https:\/\/instytutpolski.pl\/bucuresti\/2017\/10\/25\/anul-jozef-pilsudski-la-iasi\/","og_locale":"pl_PL","og_type":"article","og_title":"Anul J\u00f3zef Pi\u0142sudski la Ia\u0219i - Instytut Polski w Bukareszcie","og_description":"\u00cen istoria Poloniei secolului al XX-lea nu exist\u0103 o personalitate mai cunoscut\u0103 dec\u00e2t mare\u0219alul J\u00f3zef Pi\u0142sudski (1867-1935). Renumitul comandant a devenit&nbsp; simbolul cuceririi independen\u021bei Poloniei \u00een anul 1918, atunci c\u00e2nd, dup\u0103 123 de ani de anex\u0103ri, adic\u0103 \u00eemp\u0103r\u021biri ale teritoriilor poloneze \u00eentre Rusia, Prusia \u0219i Austria, care le-au acaparat de trei ori \u0219i au \u00eencercat [&hellip;]","og_url":"https:\/\/instytutpolski.pl\/bucuresti\/2017\/10\/25\/anul-jozef-pilsudski-la-iasi\/","og_site_name":"Instytut Polski w Bukareszcie","article_published_time":"2017-10-25T08:54:00+00:00","article_modified_time":"2020-06-04T08:57:22+00:00","og_image":[{"width":660,"height":389,"url":"https:\/\/instytutpolski.pl\/bucuresti\/wp-content\/uploads\/sites\/11\/2020\/05\/pilsudski-chisinau_c818c5-2.jpg","type":"image\/jpeg"}],"author":"mirelal","twitter_card":"summary_large_image","twitter_misc":{"Napisane przez":"mirelal","Szacowany czas czytania":"4 minuty"},"schema":{"@context":"https:\/\/schema.org","@graph":[{"@type":"event","@id":"https:\/\/instytutpolski.pl\/bucuresti\/2017\/10\/25\/anul-jozef-pilsudski-la-iasi\/","url":"https:\/\/instytutpolski.pl\/bucuresti\/2017\/10\/25\/anul-jozef-pilsudski-la-iasi\/","name":"Anul J\u00f3zef Pi\u0142sudski la Ia\u0219i","isPartOf":{"@id":"https:\/\/instytutpolski.pl\/bucuresti\/#website"},"primaryImageOfPage":{"@id":"https:\/\/instytutpolski.pl\/bucuresti\/2017\/10\/25\/anul-jozef-pilsudski-la-iasi\/#primaryimage"},"image":["https:\/\/instytutpolski.pl\/bucuresti\/wp-content\/uploads\/sites\/11\/2020\/05\/pilsudski-chisinau_c818c5-2.jpg","https:\/\/instytutpolski.pl\/bucuresti\/wp-content\/uploads\/sites\/11\/2020\/05\/pilsudski-chisinau_c818c5-2-300x177.jpg","https:\/\/instytutpolski.pl\/bucuresti\/wp-content\/uploads\/sites\/11\/2020\/05\/pilsudski-chisinau_c818c5-2.jpg","https:\/\/instytutpolski.pl\/bucuresti\/wp-content\/uploads\/sites\/11\/2020\/05\/pilsudski-chisinau_c818c5-2.jpg"],"thumbnailUrl":"https:\/\/instytutpolski.pl\/bucuresti\/wp-content\/uploads\/sites\/11\/2020\/05\/pilsudski-chisinau_c818c5-2.jpg","datePublished":"2017-10-25T08:54:00+02:00","dateModified":"2020-06-04T08:57:22+02:00","author":{"@id":"https:\/\/instytutpolski.pl\/bucuresti\/#\/schema\/person\/36eba23bd65c4ed8774deeb285a19272"},"breadcrumb":{"@id":"https:\/\/instytutpolski.pl\/bucuresti\/2017\/10\/25\/anul-jozef-pilsudski-la-iasi\/#breadcrumb"},"inLanguage":"pl-PL","potentialAction":[{"@type":"ReadAction","target":["https:\/\/instytutpolski.pl\/bucuresti\/2017\/10\/25\/anul-jozef-pilsudski-la-iasi\/"]}],"@context":"https:\/\/schema.org","startDate":"2017-10-31","endDate":"2017-11-27","eventStatus":"EventScheduled","eventAttendanceMode":"OfflineEventAttendanceMode","location":{"@type":"place","name":"","address":"","geo":{"@type":"GeoCoordinates","latitude":"","longitude":""}},"description":"\u00cen istoria Poloniei secolului al XX-lea nu exist\u0103 o personalitate mai cunoscut\u0103 dec\u00e2t mare\u0219alul J\u00f3zef Pi\u0142sudski (1867-1935). Renumitul comandant a devenit  simbolul cuceririi independen\u021bei Poloniei \u00een anul 1918, atunci c\u00e2nd, dup\u0103 123 de ani de anex\u0103ri, adic\u0103 \u00eemp\u0103r\u021biri ale teritoriilor poloneze \u00eentre Rusia, Prusia \u0219i Austria, care le-au acaparat de trei ori \u0219i au \u00eencercat s\u0103-i priveze pe polonezi nu doar de patria lor, ci \u0219i de limba, tradi\u021biile \u0219i cultura lor, \u021bara a revenit pe harta Europei.\nDe asemenea, Pi\u0142sudski a avut un rol decisiv asupra configura\u021biei Poloniei dup\u0103 Primul R\u0103zboi Mondial.Bucur\u00e2ndu-se de o deosebit\u0103 apreciere pe plan interna\u021bional, conduc\u0103torul s-a aflat \u00een fruntea statului polonez ren\u0103scut, a \u00eenfiin\u021bat armata \u0219i a creat bazele democratice ale acestuia (de ex., \u00een noiembrie 1918 a recunoscut femeilor dreptul la vot). Ulterior a guvernat cu o m\u00e2n\u0103 de fier, trezind nu o dat\u0103 controverse, dar \u0219i admira\u021bie \u2013 chiar \u0219i printre adversarii s\u0103i.\nJ\u00f3zef Pi\u0142sudski a fost prieten al familiei regale a Rom\u00e2niei, s-a aflat \u00een Rom\u00e2nia \u00een lungi vacan\u021be, iar de patru ori \u00een cadrul unor vizite oficiale (1922, 1928, 1931, 1932). De asemenea, a avut merite deosebite pentru \u00eentregul continent \u2013 \u00een anul 1920, c\u00e2\u0219tig\u00e2nd B\u0103t\u0103lia pentru Var\u0219ovia, cunoscut\u0103 \u00een Polonia ca \u201eMiracolul de pe Vistula\u201d, \u0219i-a ap\u0103rat propria \u021bar\u0103 dar a ap\u0103rat \u0219i Europa \u00een fa\u021ba bol\u0219evicilor - timp de c\u00e2teva decenii.\n\u00cen anul 2017, la 5 decembrie, se vor \u00eemplini 150 de ani de la na\u0219terea sa. Cu acest prilej, parlamentul polonez a declarat anul curent Anul J\u00f3zef Pi\u0142sudski, iar Institutul Polonez din Bucure\u0219ti, \u00eempreun\u0103 cu partenerii s\u0103i a preg\u0103tit o serie de manifest\u0103ri dedicate renumitului polonez. Cea mai important\u0103 dintre ele este conferin\u021ba \u0219tiin\u021bific\u0103 de la Ia\u0219i, organizat\u0103 cu c\u00e2teva zile \u00eenainte de aniversarea a 99 de ani de la cucerirea independen\u021bei Poloniei, de Institutul Polonez \u00een colaborare cu Ambasada Republicii Polone \u00een Rom\u00e2nia \u0219i Muzeul Unirii, precum \u0219i Centrul de Studii Europene din cadrul Facult\u0103\u021bii de Drept a Universit\u0103\u021bii \u201eAlexandru Ioan Cuza\u201d \u0219i Centrul de Istorie a Secolului XX din cadrul Facult\u0103\u021bii de Istorie a Universit\u0103\u021bii \u201eAlexandru Ioan Cuza\u201d. La eveniment vor participa istorici din Polonia \u0219i Rom\u00e2nia. \nConferin\u021ba va avea, ca eveniment conex, vernisajul expozi\u021biei dedicate lui J\u00f3zef Pi\u0142sudski la Muzeul Unirii, la care vor fi prezen\u021bi, printre al\u021bii, Ambasadorul Republicii Polone, domnul Marcin Wilczek precum \u0219i directorul Institutului Polonez din Bucure\u0219ti, doamna Agnieszka Skieterska.\nSe cuvine subliniat faptul c\u0103 Muzeul Unirii din Ia\u0219i se afl\u0103 \u00eentr-un loc cu o mare \u00eenc\u0103rc\u0103tur\u0103 simbolic\u0103 \u2013 \u00een palatul care, \u00eentre anii 1859-1862 a fost sediul c\u00e2rmuitorului principatelor unite ale Moldovei \u0219i \u021a\u0103rii Rom\u00e2ne\u0219ti, domnitorul Alexandru Ioan Cuza. \u00cen timpul Primului R\u0103zboi Mondial, dup\u0103 evacuarea la Ia\u0219i a autorit\u0103\u021bilor rom\u00e2ne, cl\u0103direa a fost re\u0219edin\u021ba regelui Ferdinand al Rom\u00e2niei. \nExpozi\u021bia dedicat\u0103 omului de stat polonez va fi deschis\u0103 p\u00e2n\u0103 la 27 noiembrie 2017.\nProgramul conferin\u021bei \u201eJ\u00f3zef Pi\u0142sudski \u2013 om de stat al Poloniei \u0219i Europei\u201d din data de 3 noiembrie 2017: \n10.30 \u2013 vernisajul expozi\u021biei \u201eJ\u00f3zef Pi\u0142sudski \u2013 om de stat al Poloniei \u0219i Europei\u201d, cu participarea Ambasadorului Republicii Polone la Bucure\u0219ti, domnul Marcin Wilczek \u0219i a Directorului Institutului Polonez din Bucure\u0219ti, doamna Agnieszka Skieterska.\n11.30 \u2013 deschiderea conferin\u021bei polono-rom\u00e2ne \u201eJ\u00f3zef Pi\u0142sudski \u2013 om de stat al Poloniei \u0219i Europei\u201d1) Prof. Micha\u0142 Klimecki, Universitatea \u201eNicolaus Copernic\u201d din Toru\u0144, \u201eJ\u00f3zef Pi\u0142sudski \u00een istoria Poloniei \u0219i a Europei\u201d2) Prof. Silviu Miloiu, Universitatea Valahia din T\u00e2rgovi\u0219te, \u201eJ\u00f3zef Pi\u0142sudski -  comandant militar, \u00een literatura \u0219tiin\u021bific\u0103 rom\u00e2n\u0103 interbelic\u0103\u201d3) Prof. Adrian Vitalaru, Universitatea \u201eAlexandru Ioan Cuza\u201d din Ia\u0219i, \u201eCea mai renumit\u0103 personalitate polonez\u0103. J\u00f3zef Pi\u0142sudski \u00een rapoartele diplomatice \u0219i memoriile lui  Alexandru Iacovachi\u201d4) Prof. Lucian Leu\u0219tean, Universiteatea \u201eAlexandru Ioan Cuza\u201d din Ia\u0219i, Vizita Mare\u0219alului Pi\u0142sudski \u00een Rom\u00e2nia din anul 1922\u201d5) Dr. Bogdan-Alexandru Schipor, Institutul de Istorie \u201eA. D. Xenopol\u201d din Ia\u0219i, \u201eJ\u00f3zef Pi\u0142sudski \u0219i alian\u021ba polono-rom\u00e2n\u0103 \u00een Europa dup\u0103 Locarno 1926\u201d6) Prof. Henryk Walczak, Universitatea din Szczecin, \u201eVizita Mare\u0219alului Pi\u0142sudski \u00een Rom\u00e2nia din anul 1928\u201d 7) Dr. Daniel Hrenciuc, Colegiul Tehnic din R\u0103d\u0103u\u021bi, \u201eVizita Mare\u0219alului Pi\u0142sudski \u00een Rom\u00e2nia din anul 1932\u201d\n15.00 \u2013 \u00eenchiderea lucr\u0103rilor conferin\u021bei.\nReferatele vor fi prezentate \u00een limbile rom\u00e2n\u0103 \u0219i englez\u0103.\nVernisajul expozi\u021biei \u0219i conferin\u021ba vor avea loc \u00een Muzeul Unirii din Ia\u0219i, str. Alexandru L\u0103pu\u0219neanu 14.Expozi\u021bia va putea fi vizitat\u0103 p\u00e2n\u0103 la data de 27 noiembrie, de miercuri p\u00e2n\u0103 duminic\u0103, \u00eentre orele 10.00 \u2013 17.00."},{"@type":"ImageObject","inLanguage":"pl-PL","@id":"https:\/\/instytutpolski.pl\/bucuresti\/2017\/10\/25\/anul-jozef-pilsudski-la-iasi\/#primaryimage","url":"https:\/\/instytutpolski.pl\/bucuresti\/wp-content\/uploads\/sites\/11\/2020\/05\/pilsudski-chisinau_c818c5-2.jpg","contentUrl":"https:\/\/instytutpolski.pl\/bucuresti\/wp-content\/uploads\/sites\/11\/2020\/05\/pilsudski-chisinau_c818c5-2.jpg","width":660,"height":389},{"@type":"BreadcrumbList","@id":"https:\/\/instytutpolski.pl\/bucuresti\/2017\/10\/25\/anul-jozef-pilsudski-la-iasi\/#breadcrumb","itemListElement":[{"@type":"ListItem","position":1,"name":"Home","item":"https:\/\/instytutpolski.pl\/bucuresti\/"},{"@type":"ListItem","position":2,"name":"Anul J\u00f3zef Pi\u0142sudski la Ia\u0219i"}]},{"@type":"WebSite","@id":"https:\/\/instytutpolski.pl\/bucuresti\/#website","url":"https:\/\/instytutpolski.pl\/bucuresti\/","name":"Instytut Polski w Bukareszcie","description":"Instytuty Polskie","potentialAction":[{"@type":"SearchAction","target":{"@type":"EntryPoint","urlTemplate":"https:\/\/instytutpolski.pl\/bucuresti\/?s={search_term_string}"},"query-input":{"@type":"PropertyValueSpecification","valueRequired":true,"valueName":"search_term_string"}}],"inLanguage":"pl-PL"},{"@type":"Person","@id":"https:\/\/instytutpolski.pl\/bucuresti\/#\/schema\/person\/36eba23bd65c4ed8774deeb285a19272","name":"mirelal","image":{"@type":"ImageObject","inLanguage":"pl-PL","@id":"https:\/\/instytutpolski.pl\/bucuresti\/#\/schema\/person\/image\/","url":"https:\/\/secure.gravatar.com\/avatar\/5838c7614d071fe473f8aeb2de72beb4?s=96&d=mm&r=g","contentUrl":"https:\/\/secure.gravatar.com\/avatar\/5838c7614d071fe473f8aeb2de72beb4?s=96&d=mm&r=g","caption":"mirelal"},"url":"https:\/\/instytutpolski.pl\/bucuresti\/author\/mirelal\/"}]}},"_links":{"self":[{"href":"https:\/\/instytutpolski.pl\/bucuresti\/wp-json\/wp\/v2\/posts\/3458","targetHints":{"allow":["GET"]}}],"collection":[{"href":"https:\/\/instytutpolski.pl\/bucuresti\/wp-json\/wp\/v2\/posts"}],"about":[{"href":"https:\/\/instytutpolski.pl\/bucuresti\/wp-json\/wp\/v2\/types\/post"}],"author":[{"embeddable":true,"href":"https:\/\/instytutpolski.pl\/bucuresti\/wp-json\/wp\/v2\/users\/41"}],"replies":[{"embeddable":true,"href":"https:\/\/instytutpolski.pl\/bucuresti\/wp-json\/wp\/v2\/comments?post=3458"}],"version-history":[{"count":2,"href":"https:\/\/instytutpolski.pl\/bucuresti\/wp-json\/wp\/v2\/posts\/3458\/revisions"}],"predecessor-version":[{"id":3462,"href":"https:\/\/instytutpolski.pl\/bucuresti\/wp-json\/wp\/v2\/posts\/3458\/revisions\/3462"}],"wp:featuredmedia":[{"embeddable":true,"href":"https:\/\/instytutpolski.pl\/bucuresti\/wp-json\/wp\/v2\/media\/2557"}],"wp:attachment":[{"href":"https:\/\/instytutpolski.pl\/bucuresti\/wp-json\/wp\/v2\/media?parent=3458"}],"wp:term":[{"taxonomy":"category","embeddable":true,"href":"https:\/\/instytutpolski.pl\/bucuresti\/wp-json\/wp\/v2\/categories?post=3458"},{"taxonomy":"post_tag","embeddable":true,"href":"https:\/\/instytutpolski.pl\/bucuresti\/wp-json\/wp\/v2\/tags?post=3458"}],"curies":[{"name":"wp","href":"https:\/\/api.w.org\/{rel}","templated":true}]}}