{"id":3501,"date":"2016-06-24T11:11:00","date_gmt":"2016-06-24T09:11:00","guid":{"rendered":"https:\/\/instytutpolski.pl\/bucuresti\/?p=3501"},"modified":"2022-02-10T14:58:16","modified_gmt":"2022-02-10T13:58:16","slug":"lato-z-kinem-krzysztofa-kieslowskiego","status":"publish","type":"post","link":"https:\/\/instytutpolski.pl\/bucuresti\/pl\/2016\/06\/24\/lato-z-kinem-krzysztofa-kieslowskiego\/","title":{"rendered":"Lato z kinem Krzysztofa Kie\u015blowskiego"},"content":{"rendered":"\n<p><strong>Krzysztof Kie\u015blowski&nbsp;<\/strong>(1941-1996) by\u0142 wybitnym polskim dokumentalist\u0105 i re\u017cyserem film\u00f3w fabularnych. Uko\u0144czy\u0142 Pa\u0144stwow\u0105 Wy\u017csz\u0105 Szko\u0142\u0119 Filmow\u0105 w \u0141odzi, a jego dzie\u0142a by\u0142y nagradzane m.in. Z\u0142otymi Lwami w Wenecji i Europejsk\u0105 Nagrod\u0105 Filmow\u0105 \u201eFelix\u201d, wielokrotnie zdobywa\u0142 te\u017c nagrod\u0119 FIPRESCI i polskie laury filmowe.<\/p>\n<p>Rok 2016, w kt\u00f3rym przypada 75 rocznica urodzin i 20 rocznica \u015bmierci re\u017cysera, jest obchodzony w Polsce i wielu krajach \u015bwiata jako Rok Krzysztofa Kie\u015blowskiego.<\/p>\n<p>Z tej okazji w po\u0142owie lipca w ramach&nbsp;<a href=\"http:\/\/www.ceaucinema.ro\/\" target=\"_blank\" rel=\"noopener noreferrer\">Festiwalu Ceau, Cinema!&nbsp;<\/a>w Timiszoarze przypomnimy na du\u017cym ekranie&nbsp; jego s\u0142ynn\u0105 trylogi\u0119 \u201eTrzy kolory\u201d \u2013 \u201eNiebieski\u201d, \u201eBia\u0142y\u201d i \u201eCzerwony\u201d, kt\u00f3rej tytu\u0142y nawi\u0105zuj\u0105 do kolor\u00f3w francuskiej flagi i hase\u0142 rewolucji francuskiej \u201ewolno\u015b\u0107, r\u00f3wno\u015b\u0107, braterstwo\u201d. Cho\u0107 od jej nakr\u0119cenia min\u0119\u0142o ponad 20 lat, filmy nadal dotykaj\u0105 spraw fundamentalnych, wa\u017cnych dla ka\u017cdego cz\u0142owieka, a ich oszcz\u0119dna forma i doskona\u0142a muzyka Zbigniewa Preisnera powoduj\u0105, \u017ce widzowie wci\u0105\u017c doceniaj\u0105 warto\u015b\u0107 artystyczn\u0105 \u201eTrzech kolor\u00f3w\u201d. Uczestniczy imprezy zobacz\u0105 trylogi\u0119 Kie\u015blowskiego w dniach 14-16 lipca.<\/p>\n<p><img loading=\"lazy\" decoding=\"async\" class=\"alignleft\" src=\"https:\/\/www.culturapoloneza.ro\/uploads\/events\/i\/kieslowski-msz-jacek-kucharczyk-forum.jpg\" alt=\"Fot.Jacek_Kucharczyk_FORUM\" width=\"190\" height=\"299\"><\/p>\n<p>Festiwalowi b\u0119dzie towarzyszy\u0142a wystawa fotografii \u201eKrzysztof Kie\u015blowski\u201d przygotowana przez Fundacj\u0119 In Situ, kt\u00f3ra w Soko\u0142owsku na Dolnym \u015al\u0105sku w Polsce tworzy Archiwum Tw\u00f3rczo\u015bci Krzysztofa Kie\u015blowskiego i od prawie 6 lat organizuje festiwal \u201eHommage \u00e0 Kie\u015blowski\u201d. Ekspozycja przybli\u017ca posta\u0107 wybitnego re\u017cysera, jego pogl\u0105dy na kino i warto\u015bci, kt\u00f3rymi kierowa\u0142 si\u0119 podczas pracy. Rumu\u0144sk\u0105 wersj\u0119 wystawy przygotowa\u0142 Instytut Polski w Bukareszcie, a w Timiszoarze b\u0119dzie ona pokazywana w klubie Ambasada (strada Anton Seiller nr 2).<\/p>\n<p>Mi\u0142o\u015bnicy innego z dzie\u0142 Kie\u015blowskiego, \u201eDekalogu\u201d, w konkursach organizowanych przez Instytut Polski w serwisie spo\u0142eczno\u015bciowym Facebook b\u0119d\u0105 mogli wygra\u0107 odnowione cyfrowo wszystkie odcinki serii, wzbogacone o film dokumentalny o polskim re\u017cyserze. Wystarczy w dniach 27 czerwca \u2013 8 lipca odwiedzi\u0107 stron\u0119&nbsp;<a href=\"http:\/\/www.facebook.com\/institutulpolonez\" target=\"_blank\" rel=\"noopener noreferrer\">www.facebook.com\/institutulpolonez<\/a>&nbsp;i odpowiedzie\u0107 na proste pytania dotycz\u0105ce tw\u00f3rczo\u015bci Kie\u015blowskiego. Do wygrania 10 komplet\u00f3w film\u00f3w DVD z napisami m.in. w j\u0119zykach angielskim, francuskim, niemieckim i hiszpa\u0144skim.<\/p>\n<p>Jesieni\u0105 \u201eTrzy kolory\u201d przypomni te\u017c kana\u0142 TVR2, a o dok\u0142adnych terminach projekcji b\u0119dziemy informowali na naszej stronie&nbsp;<a href=\"http:\/\/www.culturapoloneza.ro\/\">www.culturapoloneza.ro<\/a>.<\/p>\n<p>https:\/\/www.youtube.com\/watch?v=qVvkix-asFo&#038;feature=emb_logo<\/p>\n","protected":false},"excerpt":{"rendered":"<p>Krzysztof Kie\u015blowski&nbsp;(1941-1996) by\u0142 wybitnym polskim dokumentalist\u0105 i re\u017cyserem film\u00f3w fabularnych. Uko\u0144czy\u0142 Pa\u0144stwow\u0105 Wy\u017csz\u0105 Szko\u0142\u0119 Filmow\u0105 w \u0141odzi, a jego dzie\u0142a by\u0142y nagradzane m.in. Z\u0142otymi Lwami w Wenecji i Europejsk\u0105 Nagrod\u0105 Filmow\u0105 \u201eFelix\u201d, wielokrotnie zdobywa\u0142 te\u017c nagrod\u0119 FIPRESCI i polskie laury filmowe. Rok 2016, w kt\u00f3rym przypada 75 rocznica urodzin i 20 rocznica \u015bmierci re\u017cysera, jest [&hellip;]<\/p>\n","protected":false},"author":42,"featured_media":3496,"comment_status":"open","ping_status":"open","sticky":false,"template":"","format":"standard","meta":{"inline_featured_image":false,"_monsterinsights_skip_tracking":false,"_monsterinsights_sitenote_active":false,"_monsterinsights_sitenote_note":"","_monsterinsights_sitenote_category":0,"footnotes":""},"categories":[45],"tags":[],"class_list":["post-3501","post","type-post","status-publish","format-standard","has-post-thumbnail","hentry","category-kino"],"yoast_head":"<!-- This site is optimized with the Yoast SEO plugin v24.6 - https:\/\/yoast.com\/wordpress\/plugins\/seo\/ -->\n<title>Lato z kinem Krzysztofa Kie\u015blowskiego - Instytut Polski w Bukareszcie<\/title>\n<meta name=\"robots\" content=\"index, follow, max-snippet:-1, max-image-preview:large, max-video-preview:-1\" \/>\n<link rel=\"canonical\" href=\"https:\/\/instytutpolski.pl\/bucuresti\/pl\/2016\/06\/24\/lato-z-kinem-krzysztofa-kieslowskiego\/\" \/>\n<meta property=\"og:locale\" content=\"pl_PL\" \/>\n<meta property=\"og:type\" content=\"article\" \/>\n<meta property=\"og:title\" content=\"Lato z kinem Krzysztofa Kie\u015blowskiego - Instytut Polski w Bukareszcie\" \/>\n<meta property=\"og:description\" content=\"Krzysztof Kie\u015blowski&nbsp;(1941-1996) by\u0142 wybitnym polskim dokumentalist\u0105 i re\u017cyserem film\u00f3w fabularnych. Uko\u0144czy\u0142 Pa\u0144stwow\u0105 Wy\u017csz\u0105 Szko\u0142\u0119 Filmow\u0105 w \u0141odzi, a jego dzie\u0142a by\u0142y nagradzane m.in. Z\u0142otymi Lwami w Wenecji i Europejsk\u0105 Nagrod\u0105 Filmow\u0105 \u201eFelix\u201d, wielokrotnie zdobywa\u0142 te\u017c nagrod\u0119 FIPRESCI i polskie laury filmowe. Rok 2016, w kt\u00f3rym przypada 75 rocznica urodzin i 20 rocznica \u015bmierci re\u017cysera, jest [&hellip;]\" \/>\n<meta property=\"og:url\" content=\"https:\/\/instytutpolski.pl\/bucuresti\/pl\/2016\/06\/24\/lato-z-kinem-krzysztofa-kieslowskiego\/\" \/>\n<meta property=\"og:site_name\" content=\"Instytut Polski w Bukareszcie\" \/>\n<meta property=\"article:published_time\" content=\"2016-06-24T09:11:00+00:00\" \/>\n<meta property=\"article:modified_time\" content=\"2022-02-10T13:58:16+00:00\" \/>\n<meta property=\"og:image\" content=\"https:\/\/instytutpolski.pl\/bucuresti\/wp-content\/uploads\/sites\/11\/2020\/06\/o-vara-cu-filmele-lui-krzysztof-kieslowski_000d23.jpg\" \/>\n\t<meta property=\"og:image:width\" content=\"660\" \/>\n\t<meta property=\"og:image:height\" content=\"518\" \/>\n\t<meta property=\"og:image:type\" content=\"image\/jpeg\" \/>\n<meta name=\"author\" content=\"rutkowskip\" \/>\n<meta name=\"twitter:card\" content=\"summary_large_image\" \/>\n<meta name=\"twitter:label1\" content=\"Napisane przez\" \/>\n\t<meta name=\"twitter:data1\" content=\"rutkowskip\" \/>\n\t<meta name=\"twitter:label2\" content=\"Szacowany czas czytania\" \/>\n\t<meta name=\"twitter:data2\" content=\"3 minuty\" \/>\n<script type=\"application\/ld+json\" class=\"yoast-schema-graph\">{\"@context\":\"https:\/\/schema.org\",\"@graph\":[{\"@type\":\"event\",\"@id\":\"https:\/\/instytutpolski.pl\/bucuresti\/pl\/2016\/06\/24\/lato-z-kinem-krzysztofa-kieslowskiego\/\",\"url\":\"https:\/\/instytutpolski.pl\/bucuresti\/pl\/2016\/06\/24\/lato-z-kinem-krzysztofa-kieslowskiego\/\",\"name\":\"Lato z kinem Krzysztofa Kie\u015blowskiego\",\"isPartOf\":{\"@id\":\"https:\/\/instytutpolski.pl\/bucuresti\/#website\"},\"primaryImageOfPage\":{\"@id\":\"https:\/\/instytutpolski.pl\/bucuresti\/pl\/2016\/06\/24\/lato-z-kinem-krzysztofa-kieslowskiego\/#primaryimage\"},\"image\":[\"https:\/\/instytutpolski.pl\/bucuresti\/wp-content\/uploads\/sites\/11\/2020\/06\/o-vara-cu-filmele-lui-krzysztof-kieslowski_000d23.jpg\",\"https:\/\/instytutpolski.pl\/bucuresti\/wp-content\/uploads\/sites\/11\/2020\/06\/o-vara-cu-filmele-lui-krzysztof-kieslowski_000d23-300x235.jpg\",\"https:\/\/instytutpolski.pl\/bucuresti\/wp-content\/uploads\/sites\/11\/2020\/06\/o-vara-cu-filmele-lui-krzysztof-kieslowski_000d23.jpg\",\"https:\/\/instytutpolski.pl\/bucuresti\/wp-content\/uploads\/sites\/11\/2020\/06\/o-vara-cu-filmele-lui-krzysztof-kieslowski_000d23.jpg\"],\"thumbnailUrl\":\"https:\/\/instytutpolski.pl\/bucuresti\/wp-content\/uploads\/sites\/11\/2020\/06\/o-vara-cu-filmele-lui-krzysztof-kieslowski_000d23.jpg\",\"datePublished\":\"2016-06-24T09:11:00+02:00\",\"dateModified\":\"2022-02-10T13:58:16+02:00\",\"author\":{\"@id\":\"https:\/\/instytutpolski.pl\/bucuresti\/#\/schema\/person\/980fdccff6ea3f1cab069becadecca5b\"},\"breadcrumb\":{\"@id\":\"https:\/\/instytutpolski.pl\/bucuresti\/pl\/2016\/06\/24\/lato-z-kinem-krzysztofa-kieslowskiego\/#breadcrumb\"},\"inLanguage\":\"pl-PL\",\"potentialAction\":[{\"@type\":\"ReadAction\",\"target\":[\"https:\/\/instytutpolski.pl\/bucuresti\/pl\/2016\/06\/24\/lato-z-kinem-krzysztofa-kieslowskiego\/\"]}],\"@context\":\"https:\/\/schema.org\",\"startDate\":\"2016-07-14\",\"endDate\":\"2016-07-17\",\"eventStatus\":\"EventScheduled\",\"eventAttendanceMode\":\"OfflineEventAttendanceMode\",\"location\":{\"@type\":\"place\",\"name\":\"\",\"address\":\"\",\"geo\":{\"@type\":\"GeoCoordinates\",\"latitude\":\"\",\"longitude\":\"\"}},\"description\":\"Krzysztof Kie\u015blowski (1941-1996) by\u0142 wybitnym polskim dokumentalist\u0105 i re\u017cyserem film\u00f3w fabularnych. Uko\u0144czy\u0142 Pa\u0144stwow\u0105 Wy\u017csz\u0105 Szko\u0142\u0119 Filmow\u0105 w \u0141odzi, a jego dzie\u0142a by\u0142y nagradzane m.in. Z\u0142otymi Lwami w Wenecji i Europejsk\u0105 Nagrod\u0105 Filmow\u0105 \u201eFelix\u201d, wielokrotnie zdobywa\u0142 te\u017c nagrod\u0119 FIPRESCI i polskie laury filmowe.\\nRok 2016, w kt\u00f3rym przypada 75 rocznica urodzin i 20 rocznica \u015bmierci re\u017cysera, jest obchodzony w Polsce i wielu krajach \u015bwiata jako Rok Krzysztofa Kie\u015blowskiego.\\nZ tej okazji w po\u0142owie lipca w ramach Festiwalu Ceau, Cinema! w Timiszoarze przypomnimy na du\u017cym ekranie  jego s\u0142ynn\u0105 trylogi\u0119 \u201eTrzy kolory\u201d \u2013 \u201eNiebieski\u201d, \u201eBia\u0142y\u201d i \u201eCzerwony\u201d, kt\u00f3rej tytu\u0142y nawi\u0105zuj\u0105 do kolor\u00f3w francuskiej flagi i hase\u0142 rewolucji francuskiej \u201ewolno\u015b\u0107, r\u00f3wno\u015b\u0107, braterstwo\u201d. Cho\u0107 od jej nakr\u0119cenia min\u0119\u0142o ponad 20 lat, filmy nadal dotykaj\u0105 spraw fundamentalnych, wa\u017cnych dla ka\u017cdego cz\u0142owieka, a ich oszcz\u0119dna forma i doskona\u0142a muzyka Zbigniewa Preisnera powoduj\u0105, \u017ce widzowie wci\u0105\u017c doceniaj\u0105 warto\u015b\u0107 artystyczn\u0105 \u201eTrzech kolor\u00f3w\u201d. Uczestniczy imprezy zobacz\u0105 trylogi\u0119 Kie\u015blowskiego w dniach 14-16 lipca.\\nFestiwalowi b\u0119dzie towarzyszy\u0142a wystawa fotografii \u201eKrzysztof Kie\u015blowski\u201d przygotowana przez Fundacj\u0119 In Situ, kt\u00f3ra w Soko\u0142owsku na Dolnym \u015al\u0105sku w Polsce tworzy Archiwum Tw\u00f3rczo\u015bci Krzysztofa Kie\u015blowskiego i od prawie 6 lat organizuje festiwal \u201eHommage \u00e0 Kie\u015blowski\u201d. Ekspozycja przybli\u017ca posta\u0107 wybitnego re\u017cysera, jego pogl\u0105dy na kino i warto\u015bci, kt\u00f3rymi kierowa\u0142 si\u0119 podczas pracy. Rumu\u0144sk\u0105 wersj\u0119 wystawy przygotowa\u0142 Instytut Polski w Bukareszcie, a w Timiszoarze b\u0119dzie ona pokazywana w klubie Ambasada (strada Anton Seiller nr 2).\\nMi\u0142o\u015bnicy innego z dzie\u0142 Kie\u015blowskiego, \u201eDekalogu\u201d, w konkursach organizowanych przez Instytut Polski w serwisie spo\u0142eczno\u015bciowym Facebook b\u0119d\u0105 mogli wygra\u0107 odnowione cyfrowo wszystkie odcinki serii, wzbogacone o film dokumentalny o polskim re\u017cyserze. Wystarczy w dniach 27 czerwca \u2013 8 lipca odwiedzi\u0107 stron\u0119 www.facebook.com\/institutulpolonez i odpowiedzie\u0107 na proste pytania dotycz\u0105ce tw\u00f3rczo\u015bci Kie\u015blowskiego. Do wygrania 10 komplet\u00f3w film\u00f3w DVD z napisami m.in. w j\u0119zykach angielskim, francuskim, niemieckim i hiszpa\u0144skim.\\nJesieni\u0105 \u201eTrzy kolory\u201d przypomni te\u017c kana\u0142 TVR2, a o dok\u0142adnych terminach projekcji b\u0119dziemy informowali na naszej stronie www.culturapoloneza.ro.\\nhttps:\/\/www.youtube.com\/watch?v=qVvkix-asFo&amp;feature=emb_logo\"},{\"@type\":\"ImageObject\",\"inLanguage\":\"pl-PL\",\"@id\":\"https:\/\/instytutpolski.pl\/bucuresti\/pl\/2016\/06\/24\/lato-z-kinem-krzysztofa-kieslowskiego\/#primaryimage\",\"url\":\"https:\/\/instytutpolski.pl\/bucuresti\/wp-content\/uploads\/sites\/11\/2020\/06\/o-vara-cu-filmele-lui-krzysztof-kieslowski_000d23.jpg\",\"contentUrl\":\"https:\/\/instytutpolski.pl\/bucuresti\/wp-content\/uploads\/sites\/11\/2020\/06\/o-vara-cu-filmele-lui-krzysztof-kieslowski_000d23.jpg\",\"width\":660,\"height\":518},{\"@type\":\"BreadcrumbList\",\"@id\":\"https:\/\/instytutpolski.pl\/bucuresti\/pl\/2016\/06\/24\/lato-z-kinem-krzysztofa-kieslowskiego\/#breadcrumb\",\"itemListElement\":[{\"@type\":\"ListItem\",\"position\":1,\"name\":\"Home\",\"item\":\"https:\/\/instytutpolski.pl\/bucuresti\/\"},{\"@type\":\"ListItem\",\"position\":2,\"name\":\"Lato z kinem Krzysztofa Kie\u015blowskiego\"}]},{\"@type\":\"WebSite\",\"@id\":\"https:\/\/instytutpolski.pl\/bucuresti\/#website\",\"url\":\"https:\/\/instytutpolski.pl\/bucuresti\/\",\"name\":\"Instytut Polski w Bukareszcie\",\"description\":\"Instytuty Polskie\",\"potentialAction\":[{\"@type\":\"SearchAction\",\"target\":{\"@type\":\"EntryPoint\",\"urlTemplate\":\"https:\/\/instytutpolski.pl\/bucuresti\/?s={search_term_string}\"},\"query-input\":{\"@type\":\"PropertyValueSpecification\",\"valueRequired\":true,\"valueName\":\"search_term_string\"}}],\"inLanguage\":\"pl-PL\"},{\"@type\":\"Person\",\"@id\":\"https:\/\/instytutpolski.pl\/bucuresti\/#\/schema\/person\/980fdccff6ea3f1cab069becadecca5b\",\"name\":\"rutkowskip\",\"image\":{\"@type\":\"ImageObject\",\"inLanguage\":\"pl-PL\",\"@id\":\"https:\/\/instytutpolski.pl\/bucuresti\/#\/schema\/person\/image\/\",\"url\":\"https:\/\/secure.gravatar.com\/avatar\/a44cb0329dc71f58530e0890a10f5e4d?s=96&d=mm&r=g\",\"contentUrl\":\"https:\/\/secure.gravatar.com\/avatar\/a44cb0329dc71f58530e0890a10f5e4d?s=96&d=mm&r=g\",\"caption\":\"rutkowskip\"},\"url\":\"https:\/\/instytutpolski.pl\/bucuresti\/author\/rutkowskip\/\"}]}<\/script>\n<!-- \/ Yoast SEO plugin. -->","yoast_head_json":{"title":"Lato z kinem Krzysztofa Kie\u015blowskiego - Instytut Polski w Bukareszcie","robots":{"index":"index","follow":"follow","max-snippet":"max-snippet:-1","max-image-preview":"max-image-preview:large","max-video-preview":"max-video-preview:-1"},"canonical":"https:\/\/instytutpolski.pl\/bucuresti\/pl\/2016\/06\/24\/lato-z-kinem-krzysztofa-kieslowskiego\/","og_locale":"pl_PL","og_type":"article","og_title":"Lato z kinem Krzysztofa Kie\u015blowskiego - Instytut Polski w Bukareszcie","og_description":"Krzysztof Kie\u015blowski&nbsp;(1941-1996) by\u0142 wybitnym polskim dokumentalist\u0105 i re\u017cyserem film\u00f3w fabularnych. Uko\u0144czy\u0142 Pa\u0144stwow\u0105 Wy\u017csz\u0105 Szko\u0142\u0119 Filmow\u0105 w \u0141odzi, a jego dzie\u0142a by\u0142y nagradzane m.in. Z\u0142otymi Lwami w Wenecji i Europejsk\u0105 Nagrod\u0105 Filmow\u0105 \u201eFelix\u201d, wielokrotnie zdobywa\u0142 te\u017c nagrod\u0119 FIPRESCI i polskie laury filmowe. Rok 2016, w kt\u00f3rym przypada 75 rocznica urodzin i 20 rocznica \u015bmierci re\u017cysera, jest [&hellip;]","og_url":"https:\/\/instytutpolski.pl\/bucuresti\/pl\/2016\/06\/24\/lato-z-kinem-krzysztofa-kieslowskiego\/","og_site_name":"Instytut Polski w Bukareszcie","article_published_time":"2016-06-24T09:11:00+00:00","article_modified_time":"2022-02-10T13:58:16+00:00","og_image":[{"width":660,"height":518,"url":"https:\/\/instytutpolski.pl\/bucuresti\/wp-content\/uploads\/sites\/11\/2020\/06\/o-vara-cu-filmele-lui-krzysztof-kieslowski_000d23.jpg","type":"image\/jpeg"}],"author":"rutkowskip","twitter_card":"summary_large_image","twitter_misc":{"Napisane przez":"rutkowskip","Szacowany czas czytania":"3 minuty"},"schema":{"@context":"https:\/\/schema.org","@graph":[{"@type":"event","@id":"https:\/\/instytutpolski.pl\/bucuresti\/pl\/2016\/06\/24\/lato-z-kinem-krzysztofa-kieslowskiego\/","url":"https:\/\/instytutpolski.pl\/bucuresti\/pl\/2016\/06\/24\/lato-z-kinem-krzysztofa-kieslowskiego\/","name":"Lato z kinem Krzysztofa Kie\u015blowskiego","isPartOf":{"@id":"https:\/\/instytutpolski.pl\/bucuresti\/#website"},"primaryImageOfPage":{"@id":"https:\/\/instytutpolski.pl\/bucuresti\/pl\/2016\/06\/24\/lato-z-kinem-krzysztofa-kieslowskiego\/#primaryimage"},"image":["https:\/\/instytutpolski.pl\/bucuresti\/wp-content\/uploads\/sites\/11\/2020\/06\/o-vara-cu-filmele-lui-krzysztof-kieslowski_000d23.jpg","https:\/\/instytutpolski.pl\/bucuresti\/wp-content\/uploads\/sites\/11\/2020\/06\/o-vara-cu-filmele-lui-krzysztof-kieslowski_000d23-300x235.jpg","https:\/\/instytutpolski.pl\/bucuresti\/wp-content\/uploads\/sites\/11\/2020\/06\/o-vara-cu-filmele-lui-krzysztof-kieslowski_000d23.jpg","https:\/\/instytutpolski.pl\/bucuresti\/wp-content\/uploads\/sites\/11\/2020\/06\/o-vara-cu-filmele-lui-krzysztof-kieslowski_000d23.jpg"],"thumbnailUrl":"https:\/\/instytutpolski.pl\/bucuresti\/wp-content\/uploads\/sites\/11\/2020\/06\/o-vara-cu-filmele-lui-krzysztof-kieslowski_000d23.jpg","datePublished":"2016-06-24T09:11:00+02:00","dateModified":"2022-02-10T13:58:16+02:00","author":{"@id":"https:\/\/instytutpolski.pl\/bucuresti\/#\/schema\/person\/980fdccff6ea3f1cab069becadecca5b"},"breadcrumb":{"@id":"https:\/\/instytutpolski.pl\/bucuresti\/pl\/2016\/06\/24\/lato-z-kinem-krzysztofa-kieslowskiego\/#breadcrumb"},"inLanguage":"pl-PL","potentialAction":[{"@type":"ReadAction","target":["https:\/\/instytutpolski.pl\/bucuresti\/pl\/2016\/06\/24\/lato-z-kinem-krzysztofa-kieslowskiego\/"]}],"@context":"https:\/\/schema.org","startDate":"2016-07-14","endDate":"2016-07-17","eventStatus":"EventScheduled","eventAttendanceMode":"OfflineEventAttendanceMode","location":{"@type":"place","name":"","address":"","geo":{"@type":"GeoCoordinates","latitude":"","longitude":""}},"description":"Krzysztof Kie\u015blowski (1941-1996) by\u0142 wybitnym polskim dokumentalist\u0105 i re\u017cyserem film\u00f3w fabularnych. Uko\u0144czy\u0142 Pa\u0144stwow\u0105 Wy\u017csz\u0105 Szko\u0142\u0119 Filmow\u0105 w \u0141odzi, a jego dzie\u0142a by\u0142y nagradzane m.in. Z\u0142otymi Lwami w Wenecji i Europejsk\u0105 Nagrod\u0105 Filmow\u0105 \u201eFelix\u201d, wielokrotnie zdobywa\u0142 te\u017c nagrod\u0119 FIPRESCI i polskie laury filmowe.\nRok 2016, w kt\u00f3rym przypada 75 rocznica urodzin i 20 rocznica \u015bmierci re\u017cysera, jest obchodzony w Polsce i wielu krajach \u015bwiata jako Rok Krzysztofa Kie\u015blowskiego.\nZ tej okazji w po\u0142owie lipca w ramach Festiwalu Ceau, Cinema! w Timiszoarze przypomnimy na du\u017cym ekranie  jego s\u0142ynn\u0105 trylogi\u0119 \u201eTrzy kolory\u201d \u2013 \u201eNiebieski\u201d, \u201eBia\u0142y\u201d i \u201eCzerwony\u201d, kt\u00f3rej tytu\u0142y nawi\u0105zuj\u0105 do kolor\u00f3w francuskiej flagi i hase\u0142 rewolucji francuskiej \u201ewolno\u015b\u0107, r\u00f3wno\u015b\u0107, braterstwo\u201d. Cho\u0107 od jej nakr\u0119cenia min\u0119\u0142o ponad 20 lat, filmy nadal dotykaj\u0105 spraw fundamentalnych, wa\u017cnych dla ka\u017cdego cz\u0142owieka, a ich oszcz\u0119dna forma i doskona\u0142a muzyka Zbigniewa Preisnera powoduj\u0105, \u017ce widzowie wci\u0105\u017c doceniaj\u0105 warto\u015b\u0107 artystyczn\u0105 \u201eTrzech kolor\u00f3w\u201d. Uczestniczy imprezy zobacz\u0105 trylogi\u0119 Kie\u015blowskiego w dniach 14-16 lipca.\nFestiwalowi b\u0119dzie towarzyszy\u0142a wystawa fotografii \u201eKrzysztof Kie\u015blowski\u201d przygotowana przez Fundacj\u0119 In Situ, kt\u00f3ra w Soko\u0142owsku na Dolnym \u015al\u0105sku w Polsce tworzy Archiwum Tw\u00f3rczo\u015bci Krzysztofa Kie\u015blowskiego i od prawie 6 lat organizuje festiwal \u201eHommage \u00e0 Kie\u015blowski\u201d. Ekspozycja przybli\u017ca posta\u0107 wybitnego re\u017cysera, jego pogl\u0105dy na kino i warto\u015bci, kt\u00f3rymi kierowa\u0142 si\u0119 podczas pracy. Rumu\u0144sk\u0105 wersj\u0119 wystawy przygotowa\u0142 Instytut Polski w Bukareszcie, a w Timiszoarze b\u0119dzie ona pokazywana w klubie Ambasada (strada Anton Seiller nr 2).\nMi\u0142o\u015bnicy innego z dzie\u0142 Kie\u015blowskiego, \u201eDekalogu\u201d, w konkursach organizowanych przez Instytut Polski w serwisie spo\u0142eczno\u015bciowym Facebook b\u0119d\u0105 mogli wygra\u0107 odnowione cyfrowo wszystkie odcinki serii, wzbogacone o film dokumentalny o polskim re\u017cyserze. Wystarczy w dniach 27 czerwca \u2013 8 lipca odwiedzi\u0107 stron\u0119 www.facebook.com\/institutulpolonez i odpowiedzie\u0107 na proste pytania dotycz\u0105ce tw\u00f3rczo\u015bci Kie\u015blowskiego. Do wygrania 10 komplet\u00f3w film\u00f3w DVD z napisami m.in. w j\u0119zykach angielskim, francuskim, niemieckim i hiszpa\u0144skim.\nJesieni\u0105 \u201eTrzy kolory\u201d przypomni te\u017c kana\u0142 TVR2, a o dok\u0142adnych terminach projekcji b\u0119dziemy informowali na naszej stronie www.culturapoloneza.ro.\nhttps:\/\/www.youtube.com\/watch?v=qVvkix-asFo&amp;feature=emb_logo"},{"@type":"ImageObject","inLanguage":"pl-PL","@id":"https:\/\/instytutpolski.pl\/bucuresti\/pl\/2016\/06\/24\/lato-z-kinem-krzysztofa-kieslowskiego\/#primaryimage","url":"https:\/\/instytutpolski.pl\/bucuresti\/wp-content\/uploads\/sites\/11\/2020\/06\/o-vara-cu-filmele-lui-krzysztof-kieslowski_000d23.jpg","contentUrl":"https:\/\/instytutpolski.pl\/bucuresti\/wp-content\/uploads\/sites\/11\/2020\/06\/o-vara-cu-filmele-lui-krzysztof-kieslowski_000d23.jpg","width":660,"height":518},{"@type":"BreadcrumbList","@id":"https:\/\/instytutpolski.pl\/bucuresti\/pl\/2016\/06\/24\/lato-z-kinem-krzysztofa-kieslowskiego\/#breadcrumb","itemListElement":[{"@type":"ListItem","position":1,"name":"Home","item":"https:\/\/instytutpolski.pl\/bucuresti\/"},{"@type":"ListItem","position":2,"name":"Lato z kinem Krzysztofa Kie\u015blowskiego"}]},{"@type":"WebSite","@id":"https:\/\/instytutpolski.pl\/bucuresti\/#website","url":"https:\/\/instytutpolski.pl\/bucuresti\/","name":"Instytut Polski w Bukareszcie","description":"Instytuty Polskie","potentialAction":[{"@type":"SearchAction","target":{"@type":"EntryPoint","urlTemplate":"https:\/\/instytutpolski.pl\/bucuresti\/?s={search_term_string}"},"query-input":{"@type":"PropertyValueSpecification","valueRequired":true,"valueName":"search_term_string"}}],"inLanguage":"pl-PL"},{"@type":"Person","@id":"https:\/\/instytutpolski.pl\/bucuresti\/#\/schema\/person\/980fdccff6ea3f1cab069becadecca5b","name":"rutkowskip","image":{"@type":"ImageObject","inLanguage":"pl-PL","@id":"https:\/\/instytutpolski.pl\/bucuresti\/#\/schema\/person\/image\/","url":"https:\/\/secure.gravatar.com\/avatar\/a44cb0329dc71f58530e0890a10f5e4d?s=96&d=mm&r=g","contentUrl":"https:\/\/secure.gravatar.com\/avatar\/a44cb0329dc71f58530e0890a10f5e4d?s=96&d=mm&r=g","caption":"rutkowskip"},"url":"https:\/\/instytutpolski.pl\/bucuresti\/author\/rutkowskip\/"}]}},"_links":{"self":[{"href":"https:\/\/instytutpolski.pl\/bucuresti\/wp-json\/wp\/v2\/posts\/3501","targetHints":{"allow":["GET"]}}],"collection":[{"href":"https:\/\/instytutpolski.pl\/bucuresti\/wp-json\/wp\/v2\/posts"}],"about":[{"href":"https:\/\/instytutpolski.pl\/bucuresti\/wp-json\/wp\/v2\/types\/post"}],"author":[{"embeddable":true,"href":"https:\/\/instytutpolski.pl\/bucuresti\/wp-json\/wp\/v2\/users\/42"}],"replies":[{"embeddable":true,"href":"https:\/\/instytutpolski.pl\/bucuresti\/wp-json\/wp\/v2\/comments?post=3501"}],"version-history":[{"count":3,"href":"https:\/\/instytutpolski.pl\/bucuresti\/wp-json\/wp\/v2\/posts\/3501\/revisions"}],"predecessor-version":[{"id":7677,"href":"https:\/\/instytutpolski.pl\/bucuresti\/wp-json\/wp\/v2\/posts\/3501\/revisions\/7677"}],"wp:featuredmedia":[{"embeddable":true,"href":"https:\/\/instytutpolski.pl\/bucuresti\/wp-json\/wp\/v2\/media\/3496"}],"wp:attachment":[{"href":"https:\/\/instytutpolski.pl\/bucuresti\/wp-json\/wp\/v2\/media?parent=3501"}],"wp:term":[{"taxonomy":"category","embeddable":true,"href":"https:\/\/instytutpolski.pl\/bucuresti\/wp-json\/wp\/v2\/categories?post=3501"},{"taxonomy":"post_tag","embeddable":true,"href":"https:\/\/instytutpolski.pl\/bucuresti\/wp-json\/wp\/v2\/tags?post=3501"}],"curies":[{"name":"wp","href":"https:\/\/api.w.org\/{rel}","templated":true}]}}