{"id":3548,"date":"2016-05-27T11:43:00","date_gmt":"2016-05-27T09:43:00","guid":{"rendered":"https:\/\/instytutpolski.pl\/bucuresti\/?p=3548"},"modified":"2020-06-04T11:50:11","modified_gmt":"2020-06-04T09:50:11","slug":"jakub-jakowicz-koncerty-w-bukareszcie","status":"publish","type":"post","link":"https:\/\/instytutpolski.pl\/bucuresti\/pl\/2016\/05\/27\/jakub-jakowicz-koncerty-w-bukareszcie\/","title":{"rendered":"Jakub Jakowicz &#8211; koncerty w Bukareszcie"},"content":{"rendered":"\n<p>Czwartek,\u00a02 czerwca,\u00a0<\/p>\n<p>Pi\u0105tek, 3 czerwca 2016<\/p>\n<p>\u00a0godz. 19:00\u00a0&#8211;\u00a021:00<\/p>\n<p>Du\u017ca Sala Ateneum Rumu\u0144skiego<\/p>\n<p>Orkiestra Symfoniczna Filharmonii Bukareszte\u0144skiej im.\u00a0George Enescu<br \/>Dyrygent<br \/>HORIA ANDREESCU<br \/>Solista<br \/>JAKUB JAKOWICZ<br \/>\u00a0<br \/>Program<br \/>Otto Nicolai<br \/>Uwertura &#8222;Weso\u0142e kumoszki z Windsoru&#8221;\u00a0<br \/>Henryk Wieniawski<br \/>I Koncert\u00a0na skrzypce i orkiestr\u0119<br \/>Johannes Brahms\u00a0<br \/>II Symfonia\u00a0D-dur, op. 73<\/p>\n<p>\u00a0<br \/><strong>Jakub Jakowicz<\/strong><br \/>skrzypce\u00a0<br \/>Gry na\u00a0skrzypcach uczy\u0142 si\u0119 u\u00a0swojego ojca Krzysztofa Jakowicza, pod\u00a0kierunkiem kt\u00f3rego\u00a0studiowa\u0142 w\u00a0Akademii Muzycznej im.\u00a0Fryderyka Chopina w\u00a0Warszawie. By\u0142 r\u00f3wnie\u017c ostatnim uczniem jednego z\u00a0tw\u00f3rc\u00f3w polskiej szko\u0142y skrzypcowej, prof.\u00a0Tadeusza Wro\u0144skiego.<br \/>Koncertuje od\u00a011 roku \u017cycia. Gra\u0142 ze\u00a0wszystkimi czo\u0142owymi polskimi orkiestrami. W\u00a01998 roku na\u00a0zaproszenie Krzysztofa Pendereckiego, wyst\u0105pi\u0142 na\u00a0festiwalu imienia kompozytora w\u00a0Krakowie, wykonuj\u0105c \u201eCapriccio per violino e orchestra\u201d pod\u00a0batut\u0105 Jerzego Maksymiuka. W\u00a02001 roku skrzypek zadebiutowa\u0142 z\u00a0Filharmonikami Monachijskimi pod\u00a0dyrekcj\u0105 Pinchasa Steinberga, wykonuj\u0105c I\u00a0Koncert skrzypcowy Karola Szymanowskiego. Od\u00a0tego czasu wyst\u0119powa\u0142 jako solista z\u00a0wieloma renomowanymi orkiestrami, m. in. z\u00a0Orkiestr\u0105 Filharmonii Narodowej w\u00a0Warszawie, Orchestra del Maggio Musicale we\u00a0Florencji, Filharmoni\u0105 Czesk\u0105 w\u00a0Pradze, Orchestra di Santa Cecilia w\u00a0Rzymie, Filharmoni\u0105 Drezde\u0144sk\u0105, Orchestre de la Suisse Romande w\u00a0Genewie, Orquesta Nacional w\u00a0Madrycie, Royal Stockholm Philharmonic, Orquestra Sinf\u00f4nica do\u00a0Estado de S\u00e3o Paulo i\u00a0Concerto K\u00f6ln. Wsp\u00f3\u0142pracowa\u0142 z\u00a0takimi dyrygentami jak Pinchas Steinberg, Jerzy Semkow, Antoni Wit, Jerzy Maksymiuk, Jacek Kaspszyk, Kazimierz Kord, Jan Krenz, Yan Pascal Tortellier, Eiji Oue, Marek Pijarowski, Krzysztof Penderecki, Agnieszka Duczmal, Kirill Karabits, Michail Jurovski, Marc Minkowski czy Stefan Solyom. W\u00a0latach 2009 oraz\u00a02011 na\u00a0zaproszenie Antoniego Wita artysta bra\u0142 udzia\u0142 jako solista w\u00a0tourn\u00e9es koncertowych Orkiestry Filharmonii Narodowej w\u00a0Wielkiej Brytanii.<br \/>Jako kameralista Jakub Jakowicz od\u00a0lat tworzy skrzypcowy duet z\u00a0ojcem, Krzysztofem. Od\u00a02000 roku gra z\u00a0pianist\u0105 Bartoszem Bednarczykiem \u2013 wsp\u00f3lnie nagrali p\u0142yty \u201eSubito\u201d (Polskie Radio), \u201eBeethoven Violin Sonatas\u201d (Subito Records), oraz\u00a0kr\u0105\u017cek z\u00a0\u201ePartit\u0105\u201d Witolda Lutos\u0142awskiego (CD Accord). Artysta wyst\u0119powa\u0142 ponadto z\u00a0takimi muzykami jak Heinz Holliger, Paul Gulda, Jan Krzysztof Broja, Michel Lethiec, Anna Maria Sta\u015bkiewicz, Ruth Kilius, Katarzyna Budnik-Ga\u0142\u0105zka, Ryszard Groblewski, Avri Levitan, Ursula Smith, Daniel M\u00f6ller-Schott, Andrzej Bauer, Rafa\u0142 Kwiatkowski, Marcin Zdunik, Karol Marianowski oraz\u00a0Zvi Plessev.<br \/>Od\u00a02006 roku muzyk jest cz\u0142onkiem Zehetmair Quartett, zespo\u0142u stworzonego przez austriackiego skrzypka i\u00a0dyrygenta Thomasa Zehetmaira. Kwartet ten przygotowuje zwykle jeden program koncertowy rocznie, wi\u0119kszo\u015b\u0107 utwor\u00f3w wykonuj\u0105c z\u00a0pami\u0119ci. P\u0142yta zespo\u0142u (ECM) z\u00a0utworami B\u00e9li Bart\u00f3ka i\u00a0Paula Hindemitha otrzyma\u0142a nagrod\u0119 Diapason d\u2019Or de l\u2019Anne\u00e9 2007. Jakub Jakowicz w\u00a0Zehetmair Quartett wyst\u0119powa\u0142 m.in.\u00a0w\u00a0Filharmonii Berli\u0144skiej, Wigmore Hall w\u00a0Londynie, Santory Hall w\u00a0Tokio, Gulbenkian Center w\u00a0Lizbonie, Konzerthaus w\u00a0Wiedniu, Zankel Hall i\u00a0Y Hall w\u00a0Nowym Jorku, a\u00a0tak\u017ce na\u00a0s\u0142ynnych festiwalach muzycznych,\u00a0 m. in. w\u00a0Schleswig-Holstein, Salzburgu, Lucernie, Aldeburgh czy Edynburgu. W\u00a02014 roku zesp\u00f3\u0142 otrzyma\u0142 presti\u017cow\u0105 Nagrod\u0119 im.\u00a0Paula Hindemitha Miasta Hanau.<br \/>Jakub Jakowicz jest laureatem pierwszych nagr\u00f3d na\u00a0konkursach skrzypcowych w\u00a0Lublinie (1993), Wattrelos we\u00a0Francji (1995) i\u00a0Takasaki w\u00a0Japonii (1999). W\u00a02001 roku zosta\u0142 jednym z\u00a0trzech zwyci\u0119zc\u00f3w Mi\u0119dzynarodowej Trybuny M\u0142odych Wykonawc\u00f3w w\u00a0Bratys\u0142awie, organizowanej pod\u00a0auspicjami Europejskiej Unii Radiowej i\u00a0Mi\u0119dzynarodowej Rady Muzyki UNESCO. W\u00a02002 roku otrzyma\u0142 nagrod\u0119 Fundacji polsko-japo\u0144skiej dla najlepiej zapowiadaj\u0105cego si\u0119 skrzypka m\u0142odej generacji. Jest tak\u017ce laureatem Paszportu \u201ePolityki\u201d za\u00a0rok 2003. W\u00a02007 roku zosta\u0142 uhonorowany nagrod\u0105 \u201eOrfeusz\u201d podczas Festiwalu \u201eWarszawska Jesie\u0144\u201d.<br \/>Artysta nosi tytu\u0142 doktora sztuk muzycznych, od\u00a02004 roku uczy gry skrzypcowej na\u00a0Uniwersytecie Muzycznym Fryderyka Chopina w\u00a0Warszawie.<br \/><a href=\"http:\/\/www.muzyczneaspiracje.pl\/artysci\/jakub-jakowicz\/\" target=\"_blank\" rel=\"noopener noreferrer\">http:\/\/www.muzyczneaspiracje.pl\/artysci\/jakub-jakowicz\/<\/a><\/p>\n","protected":false},"excerpt":{"rendered":"<p>Czwartek,\u00a02 czerwca,\u00a0 Pi\u0105tek, 3 czerwca 2016 \u00a0godz. 19:00\u00a0&#8211;\u00a021:00 Du\u017ca Sala Ateneum Rumu\u0144skiego Orkiestra Symfoniczna Filharmonii Bukareszte\u0144skiej im.\u00a0George EnescuDyrygentHORIA ANDREESCUSolistaJAKUB JAKOWICZ\u00a0ProgramOtto NicolaiUwertura &#8222;Weso\u0142e kumoszki z Windsoru&#8221;\u00a0Henryk WieniawskiI Koncert\u00a0na skrzypce i orkiestr\u0119Johannes Brahms\u00a0II Symfonia\u00a0D-dur, op. 73 \u00a0Jakub Jakowiczskrzypce\u00a0Gry na\u00a0skrzypcach uczy\u0142 si\u0119 u\u00a0swojego ojca Krzysztofa Jakowicza, pod\u00a0kierunkiem kt\u00f3rego\u00a0studiowa\u0142 w\u00a0Akademii Muzycznej im.\u00a0Fryderyka Chopina w\u00a0Warszawie. By\u0142 r\u00f3wnie\u017c ostatnim uczniem jednego [&hellip;]<\/p>\n","protected":false},"author":42,"featured_media":3544,"comment_status":"open","ping_status":"open","sticky":false,"template":"","format":"standard","meta":{"inline_featured_image":false,"_monsterinsights_skip_tracking":false,"_monsterinsights_sitenote_active":false,"_monsterinsights_sitenote_note":"","_monsterinsights_sitenote_category":0,"footnotes":""},"categories":[125],"tags":[],"class_list":["post-3548","post","type-post","status-publish","format-standard","has-post-thumbnail","hentry","category-muzyka"],"yoast_head":"<!-- This site is optimized with the Yoast SEO plugin v24.6 - https:\/\/yoast.com\/wordpress\/plugins\/seo\/ -->\n<title>Jakub Jakowicz - koncerty w Bukareszcie - Instytut Polski w Bukareszcie<\/title>\n<meta name=\"robots\" content=\"index, follow, max-snippet:-1, max-image-preview:large, max-video-preview:-1\" \/>\n<link rel=\"canonical\" href=\"https:\/\/instytutpolski.pl\/bucuresti\/pl\/2016\/05\/27\/jakub-jakowicz-koncerty-w-bukareszcie\/\" \/>\n<meta property=\"og:locale\" content=\"pl_PL\" \/>\n<meta property=\"og:type\" content=\"article\" \/>\n<meta property=\"og:title\" content=\"Jakub Jakowicz - koncerty w Bukareszcie - Instytut Polski w Bukareszcie\" \/>\n<meta property=\"og:description\" content=\"Czwartek,\u00a02 czerwca,\u00a0 Pi\u0105tek, 3 czerwca 2016 \u00a0godz. 19:00\u00a0&#8211;\u00a021:00 Du\u017ca Sala Ateneum Rumu\u0144skiego Orkiestra Symfoniczna Filharmonii Bukareszte\u0144skiej im.\u00a0George EnescuDyrygentHORIA ANDREESCUSolistaJAKUB JAKOWICZ\u00a0ProgramOtto NicolaiUwertura &#8222;Weso\u0142e kumoszki z Windsoru&#8221;\u00a0Henryk WieniawskiI Koncert\u00a0na skrzypce i orkiestr\u0119Johannes Brahms\u00a0II Symfonia\u00a0D-dur, op. 73 \u00a0Jakub Jakowiczskrzypce\u00a0Gry na\u00a0skrzypcach uczy\u0142 si\u0119 u\u00a0swojego ojca Krzysztofa Jakowicza, pod\u00a0kierunkiem kt\u00f3rego\u00a0studiowa\u0142 w\u00a0Akademii Muzycznej im.\u00a0Fryderyka Chopina w\u00a0Warszawie. By\u0142 r\u00f3wnie\u017c ostatnim uczniem jednego [&hellip;]\" \/>\n<meta property=\"og:url\" content=\"https:\/\/instytutpolski.pl\/bucuresti\/pl\/2016\/05\/27\/jakub-jakowicz-koncerty-w-bukareszcie\/\" \/>\n<meta property=\"og:site_name\" content=\"Instytut Polski w Bukareszcie\" \/>\n<meta property=\"article:published_time\" content=\"2016-05-27T09:43:00+00:00\" \/>\n<meta property=\"article:modified_time\" content=\"2020-06-04T09:50:11+00:00\" \/>\n<meta property=\"og:image\" content=\"https:\/\/instytutpolski.pl\/bucuresti\/wp-content\/uploads\/sites\/11\/2020\/06\/jakub-jakowicz-concerteaza-la-ateneul-roman_5352d8.jpg\" \/>\n\t<meta property=\"og:image:width\" content=\"660\" \/>\n\t<meta property=\"og:image:height\" content=\"431\" \/>\n\t<meta property=\"og:image:type\" content=\"image\/jpeg\" \/>\n<meta name=\"author\" content=\"rutkowskip\" \/>\n<meta name=\"twitter:card\" content=\"summary_large_image\" \/>\n<meta name=\"twitter:label1\" content=\"Napisane przez\" \/>\n\t<meta name=\"twitter:data1\" content=\"rutkowskip\" \/>\n\t<meta name=\"twitter:label2\" content=\"Szacowany czas czytania\" \/>\n\t<meta name=\"twitter:data2\" content=\"3 minuty\" \/>\n<script type=\"application\/ld+json\" class=\"yoast-schema-graph\">{\"@context\":\"https:\/\/schema.org\",\"@graph\":[{\"@type\":\"event\",\"@id\":\"https:\/\/instytutpolski.pl\/bucuresti\/pl\/2016\/05\/27\/jakub-jakowicz-koncerty-w-bukareszcie\/\",\"url\":\"https:\/\/instytutpolski.pl\/bucuresti\/pl\/2016\/05\/27\/jakub-jakowicz-koncerty-w-bukareszcie\/\",\"name\":\"Jakub Jakowicz - koncerty w Bukareszcie\",\"isPartOf\":{\"@id\":\"https:\/\/instytutpolski.pl\/bucuresti\/#website\"},\"primaryImageOfPage\":{\"@id\":\"https:\/\/instytutpolski.pl\/bucuresti\/pl\/2016\/05\/27\/jakub-jakowicz-koncerty-w-bukareszcie\/#primaryimage\"},\"image\":[\"https:\/\/instytutpolski.pl\/bucuresti\/wp-content\/uploads\/sites\/11\/2020\/06\/jakub-jakowicz-concerteaza-la-ateneul-roman_5352d8.jpg\",\"https:\/\/instytutpolski.pl\/bucuresti\/wp-content\/uploads\/sites\/11\/2020\/06\/jakub-jakowicz-concerteaza-la-ateneul-roman_5352d8-300x196.jpg\",\"https:\/\/instytutpolski.pl\/bucuresti\/wp-content\/uploads\/sites\/11\/2020\/06\/jakub-jakowicz-concerteaza-la-ateneul-roman_5352d8.jpg\",\"https:\/\/instytutpolski.pl\/bucuresti\/wp-content\/uploads\/sites\/11\/2020\/06\/jakub-jakowicz-concerteaza-la-ateneul-roman_5352d8.jpg\"],\"thumbnailUrl\":\"https:\/\/instytutpolski.pl\/bucuresti\/wp-content\/uploads\/sites\/11\/2020\/06\/jakub-jakowicz-concerteaza-la-ateneul-roman_5352d8.jpg\",\"datePublished\":\"2016-05-27T09:43:00+02:00\",\"dateModified\":\"2020-06-04T09:50:11+02:00\",\"author\":{\"@id\":\"https:\/\/instytutpolski.pl\/bucuresti\/#\/schema\/person\/980fdccff6ea3f1cab069becadecca5b\"},\"breadcrumb\":{\"@id\":\"https:\/\/instytutpolski.pl\/bucuresti\/pl\/2016\/05\/27\/jakub-jakowicz-koncerty-w-bukareszcie\/#breadcrumb\"},\"inLanguage\":\"pl-PL\",\"potentialAction\":[{\"@type\":\"ReadAction\",\"target\":[\"https:\/\/instytutpolski.pl\/bucuresti\/pl\/2016\/05\/27\/jakub-jakowicz-koncerty-w-bukareszcie\/\"]}],\"@context\":\"https:\/\/schema.org\",\"startDate\":\"2016-06-02\",\"endDate\":\"2016-06-03\",\"eventStatus\":\"EventScheduled\",\"eventAttendanceMode\":\"OfflineEventAttendanceMode\",\"location\":{\"@type\":\"place\",\"name\":\"\",\"address\":\"\",\"geo\":{\"@type\":\"GeoCoordinates\",\"latitude\":\"\",\"longitude\":\"\"}},\"description\":\"Czwartek,\u00a02 czerwca,\u00a0\\nPi\u0105tek, 3 czerwca 2016\\n\u00a0godz. 19:00\u00a0-\u00a021:00\\nDu\u017ca Sala Ateneum Rumu\u0144skiego\\nOrkiestra Symfoniczna Filharmonii Bukareszte\u0144skiej im.\u00a0George EnescuDyrygentHORIA ANDREESCUSolistaJAKUB JAKOWICZ\u00a0ProgramOtto NicolaiUwertura \\\"Weso\u0142e kumoszki z Windsoru\\\"\u00a0Henryk WieniawskiI Koncert\u00a0na skrzypce i orkiestr\u0119Johannes Brahms\u00a0II Symfonia\u00a0D-dur, op. 73\\n\u00a0Jakub Jakowiczskrzypce\u00a0Gry na\u00a0skrzypcach uczy\u0142 si\u0119 u\u00a0swojego ojca Krzysztofa Jakowicza, pod\u00a0kierunkiem kt\u00f3rego\u00a0studiowa\u0142 w\u00a0Akademii Muzycznej im.\u00a0Fryderyka Chopina w\u00a0Warszawie. By\u0142 r\u00f3wnie\u017c ostatnim uczniem jednego z\u00a0tw\u00f3rc\u00f3w polskiej szko\u0142y skrzypcowej, prof.\u00a0Tadeusza Wro\u0144skiego.Koncertuje od\u00a011 roku \u017cycia. Gra\u0142 ze\u00a0wszystkimi czo\u0142owymi polskimi orkiestrami. W\u00a01998 roku na\u00a0zaproszenie Krzysztofa Pendereckiego, wyst\u0105pi\u0142 na\u00a0festiwalu imienia kompozytora w\u00a0Krakowie, wykonuj\u0105c \u201eCapriccio per violino e orchestra\u201d pod\u00a0batut\u0105 Jerzego Maksymiuka. W\u00a02001 roku skrzypek zadebiutowa\u0142 z\u00a0Filharmonikami Monachijskimi pod\u00a0dyrekcj\u0105 Pinchasa Steinberga, wykonuj\u0105c I\u00a0Koncert skrzypcowy Karola Szymanowskiego. Od\u00a0tego czasu wyst\u0119powa\u0142 jako solista z\u00a0wieloma renomowanymi orkiestrami, m. in. z\u00a0Orkiestr\u0105 Filharmonii Narodowej w\u00a0Warszawie, Orchestra del Maggio Musicale we\u00a0Florencji, Filharmoni\u0105 Czesk\u0105 w\u00a0Pradze, Orchestra di Santa Cecilia w\u00a0Rzymie, Filharmoni\u0105 Drezde\u0144sk\u0105, Orchestre de la Suisse Romande w\u00a0Genewie, Orquesta Nacional w\u00a0Madrycie, Royal Stockholm Philharmonic, Orquestra Sinf\u00f4nica do\u00a0Estado de S\u00e3o Paulo i\u00a0Concerto K\u00f6ln. Wsp\u00f3\u0142pracowa\u0142 z\u00a0takimi dyrygentami jak Pinchas Steinberg, Jerzy Semkow, Antoni Wit, Jerzy Maksymiuk, Jacek Kaspszyk, Kazimierz Kord, Jan Krenz, Yan Pascal Tortellier, Eiji Oue, Marek Pijarowski, Krzysztof Penderecki, Agnieszka Duczmal, Kirill Karabits, Michail Jurovski, Marc Minkowski czy Stefan Solyom. W\u00a0latach 2009 oraz\u00a02011 na\u00a0zaproszenie Antoniego Wita artysta bra\u0142 udzia\u0142 jako solista w\u00a0tourn\u00e9es koncertowych Orkiestry Filharmonii Narodowej w\u00a0Wielkiej Brytanii.Jako kameralista Jakub Jakowicz od\u00a0lat tworzy skrzypcowy duet z\u00a0ojcem, Krzysztofem. Od\u00a02000 roku gra z\u00a0pianist\u0105 Bartoszem Bednarczykiem \u2013 wsp\u00f3lnie nagrali p\u0142yty \u201eSubito\u201d (Polskie Radio), \u201eBeethoven Violin Sonatas\u201d (Subito Records), oraz\u00a0kr\u0105\u017cek z\u00a0\u201ePartit\u0105\u201d Witolda Lutos\u0142awskiego (CD Accord). Artysta wyst\u0119powa\u0142 ponadto z\u00a0takimi muzykami jak Heinz Holliger, Paul Gulda, Jan Krzysztof Broja, Michel Lethiec, Anna Maria Sta\u015bkiewicz, Ruth Kilius, Katarzyna Budnik-Ga\u0142\u0105zka, Ryszard Groblewski, Avri Levitan, Ursula Smith, Daniel M\u00f6ller-Schott, Andrzej Bauer, Rafa\u0142 Kwiatkowski, Marcin Zdunik, Karol Marianowski oraz\u00a0Zvi Plessev.Od\u00a02006 roku muzyk jest cz\u0142onkiem Zehetmair Quartett, zespo\u0142u stworzonego przez austriackiego skrzypka i\u00a0dyrygenta Thomasa Zehetmaira. Kwartet ten przygotowuje zwykle jeden program koncertowy rocznie, wi\u0119kszo\u015b\u0107 utwor\u00f3w wykonuj\u0105c z\u00a0pami\u0119ci. P\u0142yta zespo\u0142u (ECM) z\u00a0utworami B\u00e9li Bart\u00f3ka i\u00a0Paula Hindemitha otrzyma\u0142a nagrod\u0119 Diapason d\u2019Or de l\u2019Anne\u00e9 2007. Jakub Jakowicz w\u00a0Zehetmair Quartett wyst\u0119powa\u0142 m.in.\u00a0w\u00a0Filharmonii Berli\u0144skiej, Wigmore Hall w\u00a0Londynie, Santory Hall w\u00a0Tokio, Gulbenkian Center w\u00a0Lizbonie, Konzerthaus w\u00a0Wiedniu, Zankel Hall i\u00a0Y Hall w\u00a0Nowym Jorku, a\u00a0tak\u017ce na\u00a0s\u0142ynnych festiwalach muzycznych,\u00a0 m. in. w\u00a0Schleswig-Holstein, Salzburgu, Lucernie, Aldeburgh czy Edynburgu. W\u00a02014 roku zesp\u00f3\u0142 otrzyma\u0142 presti\u017cow\u0105 Nagrod\u0119 im.\u00a0Paula Hindemitha Miasta Hanau.Jakub Jakowicz jest laureatem pierwszych nagr\u00f3d na\u00a0konkursach skrzypcowych w\u00a0Lublinie (1993), Wattrelos we\u00a0Francji (1995) i\u00a0Takasaki w\u00a0Japonii (1999). W\u00a02001 roku zosta\u0142 jednym z\u00a0trzech zwyci\u0119zc\u00f3w Mi\u0119dzynarodowej Trybuny M\u0142odych Wykonawc\u00f3w w\u00a0Bratys\u0142awie, organizowanej pod\u00a0auspicjami Europejskiej Unii Radiowej i\u00a0Mi\u0119dzynarodowej Rady Muzyki UNESCO. W\u00a02002 roku otrzyma\u0142 nagrod\u0119 Fundacji polsko-japo\u0144skiej dla najlepiej zapowiadaj\u0105cego si\u0119 skrzypka m\u0142odej generacji. Jest tak\u017ce laureatem Paszportu \u201ePolityki\u201d za\u00a0rok 2003. W\u00a02007 roku zosta\u0142 uhonorowany nagrod\u0105 \u201eOrfeusz\u201d podczas Festiwalu \u201eWarszawska Jesie\u0144\u201d.Artysta nosi tytu\u0142 doktora sztuk muzycznych, od\u00a02004 roku uczy gry skrzypcowej na\u00a0Uniwersytecie Muzycznym Fryderyka Chopina w\u00a0Warszawie.http:\/\/www.muzyczneaspiracje.pl\/artysci\/jakub-jakowicz\/\"},{\"@type\":\"ImageObject\",\"inLanguage\":\"pl-PL\",\"@id\":\"https:\/\/instytutpolski.pl\/bucuresti\/pl\/2016\/05\/27\/jakub-jakowicz-koncerty-w-bukareszcie\/#primaryimage\",\"url\":\"https:\/\/instytutpolski.pl\/bucuresti\/wp-content\/uploads\/sites\/11\/2020\/06\/jakub-jakowicz-concerteaza-la-ateneul-roman_5352d8.jpg\",\"contentUrl\":\"https:\/\/instytutpolski.pl\/bucuresti\/wp-content\/uploads\/sites\/11\/2020\/06\/jakub-jakowicz-concerteaza-la-ateneul-roman_5352d8.jpg\",\"width\":660,\"height\":431},{\"@type\":\"BreadcrumbList\",\"@id\":\"https:\/\/instytutpolski.pl\/bucuresti\/pl\/2016\/05\/27\/jakub-jakowicz-koncerty-w-bukareszcie\/#breadcrumb\",\"itemListElement\":[{\"@type\":\"ListItem\",\"position\":1,\"name\":\"Home\",\"item\":\"https:\/\/instytutpolski.pl\/bucuresti\/\"},{\"@type\":\"ListItem\",\"position\":2,\"name\":\"Jakub Jakowicz &#8211; koncerty w Bukareszcie\"}]},{\"@type\":\"WebSite\",\"@id\":\"https:\/\/instytutpolski.pl\/bucuresti\/#website\",\"url\":\"https:\/\/instytutpolski.pl\/bucuresti\/\",\"name\":\"Instytut Polski w Bukareszcie\",\"description\":\"Instytuty Polskie\",\"potentialAction\":[{\"@type\":\"SearchAction\",\"target\":{\"@type\":\"EntryPoint\",\"urlTemplate\":\"https:\/\/instytutpolski.pl\/bucuresti\/?s={search_term_string}\"},\"query-input\":{\"@type\":\"PropertyValueSpecification\",\"valueRequired\":true,\"valueName\":\"search_term_string\"}}],\"inLanguage\":\"pl-PL\"},{\"@type\":\"Person\",\"@id\":\"https:\/\/instytutpolski.pl\/bucuresti\/#\/schema\/person\/980fdccff6ea3f1cab069becadecca5b\",\"name\":\"rutkowskip\",\"image\":{\"@type\":\"ImageObject\",\"inLanguage\":\"pl-PL\",\"@id\":\"https:\/\/instytutpolski.pl\/bucuresti\/#\/schema\/person\/image\/\",\"url\":\"https:\/\/secure.gravatar.com\/avatar\/a44cb0329dc71f58530e0890a10f5e4d?s=96&d=mm&r=g\",\"contentUrl\":\"https:\/\/secure.gravatar.com\/avatar\/a44cb0329dc71f58530e0890a10f5e4d?s=96&d=mm&r=g\",\"caption\":\"rutkowskip\"},\"url\":\"https:\/\/instytutpolski.pl\/bucuresti\/author\/rutkowskip\/\"}]}<\/script>\n<!-- \/ Yoast SEO plugin. -->","yoast_head_json":{"title":"Jakub Jakowicz - koncerty w Bukareszcie - Instytut Polski w Bukareszcie","robots":{"index":"index","follow":"follow","max-snippet":"max-snippet:-1","max-image-preview":"max-image-preview:large","max-video-preview":"max-video-preview:-1"},"canonical":"https:\/\/instytutpolski.pl\/bucuresti\/pl\/2016\/05\/27\/jakub-jakowicz-koncerty-w-bukareszcie\/","og_locale":"pl_PL","og_type":"article","og_title":"Jakub Jakowicz - koncerty w Bukareszcie - Instytut Polski w Bukareszcie","og_description":"Czwartek,\u00a02 czerwca,\u00a0 Pi\u0105tek, 3 czerwca 2016 \u00a0godz. 19:00\u00a0&#8211;\u00a021:00 Du\u017ca Sala Ateneum Rumu\u0144skiego Orkiestra Symfoniczna Filharmonii Bukareszte\u0144skiej im.\u00a0George EnescuDyrygentHORIA ANDREESCUSolistaJAKUB JAKOWICZ\u00a0ProgramOtto NicolaiUwertura &#8222;Weso\u0142e kumoszki z Windsoru&#8221;\u00a0Henryk WieniawskiI Koncert\u00a0na skrzypce i orkiestr\u0119Johannes Brahms\u00a0II Symfonia\u00a0D-dur, op. 73 \u00a0Jakub Jakowiczskrzypce\u00a0Gry na\u00a0skrzypcach uczy\u0142 si\u0119 u\u00a0swojego ojca Krzysztofa Jakowicza, pod\u00a0kierunkiem kt\u00f3rego\u00a0studiowa\u0142 w\u00a0Akademii Muzycznej im.\u00a0Fryderyka Chopina w\u00a0Warszawie. By\u0142 r\u00f3wnie\u017c ostatnim uczniem jednego [&hellip;]","og_url":"https:\/\/instytutpolski.pl\/bucuresti\/pl\/2016\/05\/27\/jakub-jakowicz-koncerty-w-bukareszcie\/","og_site_name":"Instytut Polski w Bukareszcie","article_published_time":"2016-05-27T09:43:00+00:00","article_modified_time":"2020-06-04T09:50:11+00:00","og_image":[{"width":660,"height":431,"url":"https:\/\/instytutpolski.pl\/bucuresti\/wp-content\/uploads\/sites\/11\/2020\/06\/jakub-jakowicz-concerteaza-la-ateneul-roman_5352d8.jpg","type":"image\/jpeg"}],"author":"rutkowskip","twitter_card":"summary_large_image","twitter_misc":{"Napisane przez":"rutkowskip","Szacowany czas czytania":"3 minuty"},"schema":{"@context":"https:\/\/schema.org","@graph":[{"@type":"event","@id":"https:\/\/instytutpolski.pl\/bucuresti\/pl\/2016\/05\/27\/jakub-jakowicz-koncerty-w-bukareszcie\/","url":"https:\/\/instytutpolski.pl\/bucuresti\/pl\/2016\/05\/27\/jakub-jakowicz-koncerty-w-bukareszcie\/","name":"Jakub Jakowicz - koncerty w Bukareszcie","isPartOf":{"@id":"https:\/\/instytutpolski.pl\/bucuresti\/#website"},"primaryImageOfPage":{"@id":"https:\/\/instytutpolski.pl\/bucuresti\/pl\/2016\/05\/27\/jakub-jakowicz-koncerty-w-bukareszcie\/#primaryimage"},"image":["https:\/\/instytutpolski.pl\/bucuresti\/wp-content\/uploads\/sites\/11\/2020\/06\/jakub-jakowicz-concerteaza-la-ateneul-roman_5352d8.jpg","https:\/\/instytutpolski.pl\/bucuresti\/wp-content\/uploads\/sites\/11\/2020\/06\/jakub-jakowicz-concerteaza-la-ateneul-roman_5352d8-300x196.jpg","https:\/\/instytutpolski.pl\/bucuresti\/wp-content\/uploads\/sites\/11\/2020\/06\/jakub-jakowicz-concerteaza-la-ateneul-roman_5352d8.jpg","https:\/\/instytutpolski.pl\/bucuresti\/wp-content\/uploads\/sites\/11\/2020\/06\/jakub-jakowicz-concerteaza-la-ateneul-roman_5352d8.jpg"],"thumbnailUrl":"https:\/\/instytutpolski.pl\/bucuresti\/wp-content\/uploads\/sites\/11\/2020\/06\/jakub-jakowicz-concerteaza-la-ateneul-roman_5352d8.jpg","datePublished":"2016-05-27T09:43:00+02:00","dateModified":"2020-06-04T09:50:11+02:00","author":{"@id":"https:\/\/instytutpolski.pl\/bucuresti\/#\/schema\/person\/980fdccff6ea3f1cab069becadecca5b"},"breadcrumb":{"@id":"https:\/\/instytutpolski.pl\/bucuresti\/pl\/2016\/05\/27\/jakub-jakowicz-koncerty-w-bukareszcie\/#breadcrumb"},"inLanguage":"pl-PL","potentialAction":[{"@type":"ReadAction","target":["https:\/\/instytutpolski.pl\/bucuresti\/pl\/2016\/05\/27\/jakub-jakowicz-koncerty-w-bukareszcie\/"]}],"@context":"https:\/\/schema.org","startDate":"2016-06-02","endDate":"2016-06-03","eventStatus":"EventScheduled","eventAttendanceMode":"OfflineEventAttendanceMode","location":{"@type":"place","name":"","address":"","geo":{"@type":"GeoCoordinates","latitude":"","longitude":""}},"description":"Czwartek,\u00a02 czerwca,\u00a0\nPi\u0105tek, 3 czerwca 2016\n\u00a0godz. 19:00\u00a0-\u00a021:00\nDu\u017ca Sala Ateneum Rumu\u0144skiego\nOrkiestra Symfoniczna Filharmonii Bukareszte\u0144skiej im.\u00a0George EnescuDyrygentHORIA ANDREESCUSolistaJAKUB JAKOWICZ\u00a0ProgramOtto NicolaiUwertura \"Weso\u0142e kumoszki z Windsoru\"\u00a0Henryk WieniawskiI Koncert\u00a0na skrzypce i orkiestr\u0119Johannes Brahms\u00a0II Symfonia\u00a0D-dur, op. 73\n\u00a0Jakub Jakowiczskrzypce\u00a0Gry na\u00a0skrzypcach uczy\u0142 si\u0119 u\u00a0swojego ojca Krzysztofa Jakowicza, pod\u00a0kierunkiem kt\u00f3rego\u00a0studiowa\u0142 w\u00a0Akademii Muzycznej im.\u00a0Fryderyka Chopina w\u00a0Warszawie. By\u0142 r\u00f3wnie\u017c ostatnim uczniem jednego z\u00a0tw\u00f3rc\u00f3w polskiej szko\u0142y skrzypcowej, prof.\u00a0Tadeusza Wro\u0144skiego.Koncertuje od\u00a011 roku \u017cycia. Gra\u0142 ze\u00a0wszystkimi czo\u0142owymi polskimi orkiestrami. W\u00a01998 roku na\u00a0zaproszenie Krzysztofa Pendereckiego, wyst\u0105pi\u0142 na\u00a0festiwalu imienia kompozytora w\u00a0Krakowie, wykonuj\u0105c \u201eCapriccio per violino e orchestra\u201d pod\u00a0batut\u0105 Jerzego Maksymiuka. W\u00a02001 roku skrzypek zadebiutowa\u0142 z\u00a0Filharmonikami Monachijskimi pod\u00a0dyrekcj\u0105 Pinchasa Steinberga, wykonuj\u0105c I\u00a0Koncert skrzypcowy Karola Szymanowskiego. Od\u00a0tego czasu wyst\u0119powa\u0142 jako solista z\u00a0wieloma renomowanymi orkiestrami, m. in. z\u00a0Orkiestr\u0105 Filharmonii Narodowej w\u00a0Warszawie, Orchestra del Maggio Musicale we\u00a0Florencji, Filharmoni\u0105 Czesk\u0105 w\u00a0Pradze, Orchestra di Santa Cecilia w\u00a0Rzymie, Filharmoni\u0105 Drezde\u0144sk\u0105, Orchestre de la Suisse Romande w\u00a0Genewie, Orquesta Nacional w\u00a0Madrycie, Royal Stockholm Philharmonic, Orquestra Sinf\u00f4nica do\u00a0Estado de S\u00e3o Paulo i\u00a0Concerto K\u00f6ln. Wsp\u00f3\u0142pracowa\u0142 z\u00a0takimi dyrygentami jak Pinchas Steinberg, Jerzy Semkow, Antoni Wit, Jerzy Maksymiuk, Jacek Kaspszyk, Kazimierz Kord, Jan Krenz, Yan Pascal Tortellier, Eiji Oue, Marek Pijarowski, Krzysztof Penderecki, Agnieszka Duczmal, Kirill Karabits, Michail Jurovski, Marc Minkowski czy Stefan Solyom. W\u00a0latach 2009 oraz\u00a02011 na\u00a0zaproszenie Antoniego Wita artysta bra\u0142 udzia\u0142 jako solista w\u00a0tourn\u00e9es koncertowych Orkiestry Filharmonii Narodowej w\u00a0Wielkiej Brytanii.Jako kameralista Jakub Jakowicz od\u00a0lat tworzy skrzypcowy duet z\u00a0ojcem, Krzysztofem. Od\u00a02000 roku gra z\u00a0pianist\u0105 Bartoszem Bednarczykiem \u2013 wsp\u00f3lnie nagrali p\u0142yty \u201eSubito\u201d (Polskie Radio), \u201eBeethoven Violin Sonatas\u201d (Subito Records), oraz\u00a0kr\u0105\u017cek z\u00a0\u201ePartit\u0105\u201d Witolda Lutos\u0142awskiego (CD Accord). Artysta wyst\u0119powa\u0142 ponadto z\u00a0takimi muzykami jak Heinz Holliger, Paul Gulda, Jan Krzysztof Broja, Michel Lethiec, Anna Maria Sta\u015bkiewicz, Ruth Kilius, Katarzyna Budnik-Ga\u0142\u0105zka, Ryszard Groblewski, Avri Levitan, Ursula Smith, Daniel M\u00f6ller-Schott, Andrzej Bauer, Rafa\u0142 Kwiatkowski, Marcin Zdunik, Karol Marianowski oraz\u00a0Zvi Plessev.Od\u00a02006 roku muzyk jest cz\u0142onkiem Zehetmair Quartett, zespo\u0142u stworzonego przez austriackiego skrzypka i\u00a0dyrygenta Thomasa Zehetmaira. Kwartet ten przygotowuje zwykle jeden program koncertowy rocznie, wi\u0119kszo\u015b\u0107 utwor\u00f3w wykonuj\u0105c z\u00a0pami\u0119ci. P\u0142yta zespo\u0142u (ECM) z\u00a0utworami B\u00e9li Bart\u00f3ka i\u00a0Paula Hindemitha otrzyma\u0142a nagrod\u0119 Diapason d\u2019Or de l\u2019Anne\u00e9 2007. Jakub Jakowicz w\u00a0Zehetmair Quartett wyst\u0119powa\u0142 m.in.\u00a0w\u00a0Filharmonii Berli\u0144skiej, Wigmore Hall w\u00a0Londynie, Santory Hall w\u00a0Tokio, Gulbenkian Center w\u00a0Lizbonie, Konzerthaus w\u00a0Wiedniu, Zankel Hall i\u00a0Y Hall w\u00a0Nowym Jorku, a\u00a0tak\u017ce na\u00a0s\u0142ynnych festiwalach muzycznych,\u00a0 m. in. w\u00a0Schleswig-Holstein, Salzburgu, Lucernie, Aldeburgh czy Edynburgu. W\u00a02014 roku zesp\u00f3\u0142 otrzyma\u0142 presti\u017cow\u0105 Nagrod\u0119 im.\u00a0Paula Hindemitha Miasta Hanau.Jakub Jakowicz jest laureatem pierwszych nagr\u00f3d na\u00a0konkursach skrzypcowych w\u00a0Lublinie (1993), Wattrelos we\u00a0Francji (1995) i\u00a0Takasaki w\u00a0Japonii (1999). W\u00a02001 roku zosta\u0142 jednym z\u00a0trzech zwyci\u0119zc\u00f3w Mi\u0119dzynarodowej Trybuny M\u0142odych Wykonawc\u00f3w w\u00a0Bratys\u0142awie, organizowanej pod\u00a0auspicjami Europejskiej Unii Radiowej i\u00a0Mi\u0119dzynarodowej Rady Muzyki UNESCO. W\u00a02002 roku otrzyma\u0142 nagrod\u0119 Fundacji polsko-japo\u0144skiej dla najlepiej zapowiadaj\u0105cego si\u0119 skrzypka m\u0142odej generacji. Jest tak\u017ce laureatem Paszportu \u201ePolityki\u201d za\u00a0rok 2003. W\u00a02007 roku zosta\u0142 uhonorowany nagrod\u0105 \u201eOrfeusz\u201d podczas Festiwalu \u201eWarszawska Jesie\u0144\u201d.Artysta nosi tytu\u0142 doktora sztuk muzycznych, od\u00a02004 roku uczy gry skrzypcowej na\u00a0Uniwersytecie Muzycznym Fryderyka Chopina w\u00a0Warszawie.http:\/\/www.muzyczneaspiracje.pl\/artysci\/jakub-jakowicz\/"},{"@type":"ImageObject","inLanguage":"pl-PL","@id":"https:\/\/instytutpolski.pl\/bucuresti\/pl\/2016\/05\/27\/jakub-jakowicz-koncerty-w-bukareszcie\/#primaryimage","url":"https:\/\/instytutpolski.pl\/bucuresti\/wp-content\/uploads\/sites\/11\/2020\/06\/jakub-jakowicz-concerteaza-la-ateneul-roman_5352d8.jpg","contentUrl":"https:\/\/instytutpolski.pl\/bucuresti\/wp-content\/uploads\/sites\/11\/2020\/06\/jakub-jakowicz-concerteaza-la-ateneul-roman_5352d8.jpg","width":660,"height":431},{"@type":"BreadcrumbList","@id":"https:\/\/instytutpolski.pl\/bucuresti\/pl\/2016\/05\/27\/jakub-jakowicz-koncerty-w-bukareszcie\/#breadcrumb","itemListElement":[{"@type":"ListItem","position":1,"name":"Home","item":"https:\/\/instytutpolski.pl\/bucuresti\/"},{"@type":"ListItem","position":2,"name":"Jakub Jakowicz &#8211; koncerty w Bukareszcie"}]},{"@type":"WebSite","@id":"https:\/\/instytutpolski.pl\/bucuresti\/#website","url":"https:\/\/instytutpolski.pl\/bucuresti\/","name":"Instytut Polski w Bukareszcie","description":"Instytuty Polskie","potentialAction":[{"@type":"SearchAction","target":{"@type":"EntryPoint","urlTemplate":"https:\/\/instytutpolski.pl\/bucuresti\/?s={search_term_string}"},"query-input":{"@type":"PropertyValueSpecification","valueRequired":true,"valueName":"search_term_string"}}],"inLanguage":"pl-PL"},{"@type":"Person","@id":"https:\/\/instytutpolski.pl\/bucuresti\/#\/schema\/person\/980fdccff6ea3f1cab069becadecca5b","name":"rutkowskip","image":{"@type":"ImageObject","inLanguage":"pl-PL","@id":"https:\/\/instytutpolski.pl\/bucuresti\/#\/schema\/person\/image\/","url":"https:\/\/secure.gravatar.com\/avatar\/a44cb0329dc71f58530e0890a10f5e4d?s=96&d=mm&r=g","contentUrl":"https:\/\/secure.gravatar.com\/avatar\/a44cb0329dc71f58530e0890a10f5e4d?s=96&d=mm&r=g","caption":"rutkowskip"},"url":"https:\/\/instytutpolski.pl\/bucuresti\/author\/rutkowskip\/"}]}},"_links":{"self":[{"href":"https:\/\/instytutpolski.pl\/bucuresti\/wp-json\/wp\/v2\/posts\/3548","targetHints":{"allow":["GET"]}}],"collection":[{"href":"https:\/\/instytutpolski.pl\/bucuresti\/wp-json\/wp\/v2\/posts"}],"about":[{"href":"https:\/\/instytutpolski.pl\/bucuresti\/wp-json\/wp\/v2\/types\/post"}],"author":[{"embeddable":true,"href":"https:\/\/instytutpolski.pl\/bucuresti\/wp-json\/wp\/v2\/users\/42"}],"replies":[{"embeddable":true,"href":"https:\/\/instytutpolski.pl\/bucuresti\/wp-json\/wp\/v2\/comments?post=3548"}],"version-history":[{"count":2,"href":"https:\/\/instytutpolski.pl\/bucuresti\/wp-json\/wp\/v2\/posts\/3548\/revisions"}],"predecessor-version":[{"id":3550,"href":"https:\/\/instytutpolski.pl\/bucuresti\/wp-json\/wp\/v2\/posts\/3548\/revisions\/3550"}],"wp:featuredmedia":[{"embeddable":true,"href":"https:\/\/instytutpolski.pl\/bucuresti\/wp-json\/wp\/v2\/media\/3544"}],"wp:attachment":[{"href":"https:\/\/instytutpolski.pl\/bucuresti\/wp-json\/wp\/v2\/media?parent=3548"}],"wp:term":[{"taxonomy":"category","embeddable":true,"href":"https:\/\/instytutpolski.pl\/bucuresti\/wp-json\/wp\/v2\/categories?post=3548"},{"taxonomy":"post_tag","embeddable":true,"href":"https:\/\/instytutpolski.pl\/bucuresti\/wp-json\/wp\/v2\/tags?post=3548"}],"curies":[{"name":"wp","href":"https:\/\/api.w.org\/{rel}","templated":true}]}}