{"id":3567,"date":"2016-09-24T12:16:00","date_gmt":"2016-09-24T10:16:00","guid":{"rendered":"https:\/\/instytutpolski.pl\/bucuresti\/?p=3567"},"modified":"2020-06-04T12:21:53","modified_gmt":"2020-06-04T10:21:53","slug":"sarbatorim-diversitatea-lingvistica-a-europei","status":"publish","type":"post","link":"https:\/\/instytutpolski.pl\/bucuresti\/2016\/09\/24\/sarbatorim-diversitatea-lingvistica-a-europei\/","title":{"rendered":"S\u0103rb\u0103torim diversitatea lingvistic\u0103 a Europei"},"content":{"rendered":"\n<p>\u00cen cadrul celei de-a 15-a edi\u021bii, care se va desf\u0103\u0219ura pe tema c\u0103l\u0103toriei printre stereotipurile Europei, publicul este invitat s\u0103 descopere bog\u0103\u021bia cultural\u0103 a continentului prin jocuri lingvistice \u0219i concursuri. Participan\u021bii, adul\u021bi \u0219i copii, sunt a\u015ftepta\u0163i s\u0103 treac\u0103 pe la toate cele 14 standuri \u0219i s\u0103 participe la activit\u0103\u021bile propuse, pentru a descoperi cuv\u00e2ntul-cheie al c\u0103l\u0103toriei. Premii atractive, const\u00e2nd \u00een c\u0103r\u021bi, dic\u021bionare, ghiduri turistice sau de conversa\u021bie, CD-uri \u0219i multe alte surprize vor r\u0103spl\u0103ti efortul detectivilor.<\/p>\n<p>La ini\u021biativa Uniunii Europene \u0219i a Consiliului Europei, Ziua European\u0103 a Limbilor este s\u0103rb\u0103torit\u0103 \u00een fiecare an \u00een preajma zilei de 26 septembrie, \u00eencep\u00e2nd cu 2001. Cet\u0103\u021benii europeni sunt invita\u021bi s\u0103 \u00eenve\u021be c\u00e2t mai multe limbi, la orice v\u00e2rst\u0103, at\u00e2t la \u0219coal\u0103 c\u00e2t \u0219i \u00een afara ei. Diversitatea lingvistic\u0103 reprezint\u0103 cheia unei mai bune comunic\u0103ri interculturale \u0219i este unul din elementele principale ale bogatului patrimoniu cultural al Uniunii Europene.<\/p>\n<p>Ziua European\u0103 a Limbilor la Bucure\u0219ti 2016 este un proiect al clusterului EUNIC Bucure\u0219ti, coordonat de Reprezentan\u021ba Comisiei Europene \u00een Rom\u00e2nia, Goethe-Institut \u0219i Institutul Francez \u0219i organizat \u00eempreun\u0103 cu: Centrul Ceh, Centrul Cultural Turc \u201eYunus Emre\u201d, Forumul Cultural Austriac, Funda\u021bia Cultural\u0103 Greac\u0103, Institutul Italian de Cultur\u0103 &#8222;Vito Grasso&#8221;, British Council, Institutul Polonez, Institutul Cultural Rom\u00e2n, Institutul Cervantes, Institutul Cam\u00f5es, Institutul Balassi &#8211; Institutul Maghiar din Bucure\u0219ti \u0219i Delega\u0163ia Valonia-Bruxelles.<\/p>\n<p>Programul Zilei Europene a Limbilor la Bucure\u0219ti \u0219i alte informa\u021bii sunt disponibile pe site-urile organizatorilor, pe pagina:&nbsp;<a href=\"http:\/\/www.facebook.com\/ZiuaLimbilorBucuresti\" target=\"_blank\" rel=\"noopener noreferrer\">www.facebook.com\/ZiuaLimbilorBucuresti<\/a>, precum \u0219i pe cea dedicat\u0103 evenimentului:&nbsp;<a href=\"https:\/\/www.facebook.com\/events\/330781330589685\" target=\"_blank\" rel=\"noopener noreferrer\">https:\/\/www.facebook.com\/events\/330781330589685<\/a>. Accesul la eveniment este liber \u0219i are loc \u00een limita locurilor disponibile, f\u0103r\u0103 \u00eenscriere prealabil\u0103.<\/p>\n","protected":false},"excerpt":{"rendered":"<p>\u00cen cadrul celei de-a 15-a edi\u021bii, care se va desf\u0103\u0219ura pe tema c\u0103l\u0103toriei printre stereotipurile Europei, publicul este invitat s\u0103 descopere bog\u0103\u021bia cultural\u0103 a continentului prin jocuri lingvistice \u0219i concursuri. Participan\u021bii, adul\u021bi \u0219i copii, sunt a\u015ftepta\u0163i s\u0103 treac\u0103 pe la toate cele 14 standuri \u0219i s\u0103 participe la activit\u0103\u021bile propuse, pentru a descoperi cuv\u00e2ntul-cheie al [&hellip;]<\/p>\n","protected":false},"author":44,"featured_media":3568,"comment_status":"open","ping_status":"open","sticky":false,"template":"","format":"standard","meta":{"inline_featured_image":false,"_monsterinsights_skip_tracking":false,"_monsterinsights_sitenote_active":false,"_monsterinsights_sitenote_note":"","_monsterinsights_sitenote_category":0,"footnotes":""},"categories":[1],"tags":[],"class_list":["post-3567","post","type-post","status-publish","format-standard","has-post-thumbnail","hentry","category-alte"],"yoast_head":"<!-- This site is optimized with the Yoast SEO plugin v24.6 - https:\/\/yoast.com\/wordpress\/plugins\/seo\/ -->\n<title>S\u0103rb\u0103torim diversitatea lingvistic\u0103 a Europei - Instytut Polski w Bukareszcie<\/title>\n<meta name=\"robots\" content=\"index, follow, max-snippet:-1, max-image-preview:large, max-video-preview:-1\" \/>\n<link rel=\"canonical\" href=\"https:\/\/instytutpolski.pl\/bucuresti\/2016\/09\/24\/sarbatorim-diversitatea-lingvistica-a-europei\/\" \/>\n<meta property=\"og:locale\" content=\"pl_PL\" \/>\n<meta property=\"og:type\" content=\"article\" \/>\n<meta property=\"og:title\" content=\"S\u0103rb\u0103torim diversitatea lingvistic\u0103 a Europei - Instytut Polski w Bukareszcie\" \/>\n<meta property=\"og:description\" content=\"\u00cen cadrul celei de-a 15-a edi\u021bii, care se va desf\u0103\u0219ura pe tema c\u0103l\u0103toriei printre stereotipurile Europei, publicul este invitat s\u0103 descopere bog\u0103\u021bia cultural\u0103 a continentului prin jocuri lingvistice \u0219i concursuri. Participan\u021bii, adul\u021bi \u0219i copii, sunt a\u015ftepta\u0163i s\u0103 treac\u0103 pe la toate cele 14 standuri \u0219i s\u0103 participe la activit\u0103\u021bile propuse, pentru a descoperi cuv\u00e2ntul-cheie al [&hellip;]\" \/>\n<meta property=\"og:url\" content=\"https:\/\/instytutpolski.pl\/bucuresti\/2016\/09\/24\/sarbatorim-diversitatea-lingvistica-a-europei\/\" \/>\n<meta property=\"og:site_name\" content=\"Instytut Polski w Bukareszcie\" \/>\n<meta property=\"article:published_time\" content=\"2016-09-24T10:16:00+00:00\" \/>\n<meta property=\"article:modified_time\" content=\"2020-06-04T10:21:53+00:00\" \/>\n<meta property=\"og:image\" content=\"https:\/\/instytutpolski.pl\/bucuresti\/wp-content\/uploads\/sites\/11\/2020\/06\/sarbatorim-diversitatea-lingvistica-a-europei_ff4316.jpg\" \/>\n\t<meta property=\"og:image:width\" content=\"937\" \/>\n\t<meta property=\"og:image:height\" content=\"607\" \/>\n\t<meta property=\"og:image:type\" content=\"image\/jpeg\" \/>\n<meta name=\"author\" content=\"zalaszewskak\" \/>\n<meta name=\"twitter:card\" content=\"summary_large_image\" \/>\n<meta name=\"twitter:label1\" content=\"Napisane przez\" \/>\n\t<meta name=\"twitter:data1\" content=\"zalaszewskak\" \/>\n\t<meta name=\"twitter:label2\" content=\"Szacowany czas czytania\" \/>\n\t<meta name=\"twitter:data2\" content=\"2 minuty\" \/>\n<script type=\"application\/ld+json\" class=\"yoast-schema-graph\">{\"@context\":\"https:\/\/schema.org\",\"@graph\":[{\"@type\":\"event\",\"@id\":\"https:\/\/instytutpolski.pl\/bucuresti\/2016\/09\/24\/sarbatorim-diversitatea-lingvistica-a-europei\/\",\"url\":\"https:\/\/instytutpolski.pl\/bucuresti\/2016\/09\/24\/sarbatorim-diversitatea-lingvistica-a-europei\/\",\"name\":\"S\u0103rb\u0103torim diversitatea lingvistic\u0103 a Europei\",\"isPartOf\":{\"@id\":\"https:\/\/instytutpolski.pl\/bucuresti\/#website\"},\"primaryImageOfPage\":{\"@id\":\"https:\/\/instytutpolski.pl\/bucuresti\/2016\/09\/24\/sarbatorim-diversitatea-lingvistica-a-europei\/#primaryimage\"},\"image\":[\"https:\/\/instytutpolski.pl\/bucuresti\/wp-content\/uploads\/sites\/11\/2020\/06\/sarbatorim-diversitatea-lingvistica-a-europei_ff4316.jpg\",\"https:\/\/instytutpolski.pl\/bucuresti\/wp-content\/uploads\/sites\/11\/2020\/06\/sarbatorim-diversitatea-lingvistica-a-europei_ff4316-300x194.jpg\",\"https:\/\/instytutpolski.pl\/bucuresti\/wp-content\/uploads\/sites\/11\/2020\/06\/sarbatorim-diversitatea-lingvistica-a-europei_ff4316.jpg\",\"https:\/\/instytutpolski.pl\/bucuresti\/wp-content\/uploads\/sites\/11\/2020\/06\/sarbatorim-diversitatea-lingvistica-a-europei_ff4316.jpg\"],\"thumbnailUrl\":\"https:\/\/instytutpolski.pl\/bucuresti\/wp-content\/uploads\/sites\/11\/2020\/06\/sarbatorim-diversitatea-lingvistica-a-europei_ff4316.jpg\",\"datePublished\":\"2016-09-24T10:16:00+02:00\",\"dateModified\":\"2020-06-04T10:21:53+02:00\",\"author\":{\"@id\":\"https:\/\/instytutpolski.pl\/bucuresti\/#\/schema\/person\/cbf38f4ffa10f919673d0e5f3ee6677d\"},\"breadcrumb\":{\"@id\":\"https:\/\/instytutpolski.pl\/bucuresti\/2016\/09\/24\/sarbatorim-diversitatea-lingvistica-a-europei\/#breadcrumb\"},\"inLanguage\":\"pl-PL\",\"potentialAction\":[{\"@type\":\"ReadAction\",\"target\":[\"https:\/\/instytutpolski.pl\/bucuresti\/2016\/09\/24\/sarbatorim-diversitatea-lingvistica-a-europei\/\"]}],\"@context\":\"https:\/\/schema.org\",\"startDate\":\"2016-09-24\",\"endDate\":\"2016-09-24\",\"eventStatus\":\"EventScheduled\",\"eventAttendanceMode\":\"OfflineEventAttendanceMode\",\"location\":{\"@type\":\"place\",\"name\":\"\",\"address\":\"\",\"geo\":{\"@type\":\"GeoCoordinates\",\"latitude\":\"\",\"longitude\":\"\"}},\"description\":\"\u00cen cadrul celei de-a 15-a edi\u021bii, care se va desf\u0103\u0219ura pe tema c\u0103l\u0103toriei printre stereotipurile Europei, publicul este invitat s\u0103 descopere bog\u0103\u021bia cultural\u0103 a continentului prin jocuri lingvistice \u0219i concursuri. Participan\u021bii, adul\u021bi \u0219i copii, sunt a\u015ftepta\u0163i s\u0103 treac\u0103 pe la toate cele 14 standuri \u0219i s\u0103 participe la activit\u0103\u021bile propuse, pentru a descoperi cuv\u00e2ntul-cheie al c\u0103l\u0103toriei. Premii atractive, const\u00e2nd \u00een c\u0103r\u021bi, dic\u021bionare, ghiduri turistice sau de conversa\u021bie, CD-uri \u0219i multe alte surprize vor r\u0103spl\u0103ti efortul detectivilor.\\nLa ini\u021biativa Uniunii Europene \u0219i a Consiliului Europei, Ziua European\u0103 a Limbilor este s\u0103rb\u0103torit\u0103 \u00een fiecare an \u00een preajma zilei de 26 septembrie, \u00eencep\u00e2nd cu 2001. Cet\u0103\u021benii europeni sunt invita\u021bi s\u0103 \u00eenve\u021be c\u00e2t mai multe limbi, la orice v\u00e2rst\u0103, at\u00e2t la \u0219coal\u0103 c\u00e2t \u0219i \u00een afara ei. Diversitatea lingvistic\u0103 reprezint\u0103 cheia unei mai bune comunic\u0103ri interculturale \u0219i este unul din elementele principale ale bogatului patrimoniu cultural al Uniunii Europene.\\nZiua European\u0103 a Limbilor la Bucure\u0219ti 2016 este un proiect al clusterului EUNIC Bucure\u0219ti, coordonat de Reprezentan\u021ba Comisiei Europene \u00een Rom\u00e2nia, Goethe-Institut \u0219i Institutul Francez \u0219i organizat \u00eempreun\u0103 cu: Centrul Ceh, Centrul Cultural Turc \u201eYunus Emre\u201d, Forumul Cultural Austriac, Funda\u021bia Cultural\u0103 Greac\u0103, Institutul Italian de Cultur\u0103 \\\"Vito Grasso\\\", British Council, Institutul Polonez, Institutul Cultural Rom\u00e2n, Institutul Cervantes, Institutul Cam\u00f5es, Institutul Balassi - Institutul Maghiar din Bucure\u0219ti \u0219i Delega\u0163ia Valonia-Bruxelles.\\nProgramul Zilei Europene a Limbilor la Bucure\u0219ti \u0219i alte informa\u021bii sunt disponibile pe site-urile organizatorilor, pe pagina: www.facebook.com\/ZiuaLimbilorBucuresti, precum \u0219i pe cea dedicat\u0103 evenimentului: https:\/\/www.facebook.com\/events\/330781330589685. Accesul la eveniment este liber \u0219i are loc \u00een limita locurilor disponibile, f\u0103r\u0103 \u00eenscriere prealabil\u0103.\"},{\"@type\":\"ImageObject\",\"inLanguage\":\"pl-PL\",\"@id\":\"https:\/\/instytutpolski.pl\/bucuresti\/2016\/09\/24\/sarbatorim-diversitatea-lingvistica-a-europei\/#primaryimage\",\"url\":\"https:\/\/instytutpolski.pl\/bucuresti\/wp-content\/uploads\/sites\/11\/2020\/06\/sarbatorim-diversitatea-lingvistica-a-europei_ff4316.jpg\",\"contentUrl\":\"https:\/\/instytutpolski.pl\/bucuresti\/wp-content\/uploads\/sites\/11\/2020\/06\/sarbatorim-diversitatea-lingvistica-a-europei_ff4316.jpg\",\"width\":937,\"height\":607},{\"@type\":\"BreadcrumbList\",\"@id\":\"https:\/\/instytutpolski.pl\/bucuresti\/2016\/09\/24\/sarbatorim-diversitatea-lingvistica-a-europei\/#breadcrumb\",\"itemListElement\":[{\"@type\":\"ListItem\",\"position\":1,\"name\":\"Home\",\"item\":\"https:\/\/instytutpolski.pl\/bucuresti\/\"},{\"@type\":\"ListItem\",\"position\":2,\"name\":\"S\u0103rb\u0103torim diversitatea lingvistic\u0103 a Europei\"}]},{\"@type\":\"WebSite\",\"@id\":\"https:\/\/instytutpolski.pl\/bucuresti\/#website\",\"url\":\"https:\/\/instytutpolski.pl\/bucuresti\/\",\"name\":\"Instytut Polski w Bukareszcie\",\"description\":\"Instytuty Polskie\",\"potentialAction\":[{\"@type\":\"SearchAction\",\"target\":{\"@type\":\"EntryPoint\",\"urlTemplate\":\"https:\/\/instytutpolski.pl\/bucuresti\/?s={search_term_string}\"},\"query-input\":{\"@type\":\"PropertyValueSpecification\",\"valueRequired\":true,\"valueName\":\"search_term_string\"}}],\"inLanguage\":\"pl-PL\"},{\"@type\":\"Person\",\"@id\":\"https:\/\/instytutpolski.pl\/bucuresti\/#\/schema\/person\/cbf38f4ffa10f919673d0e5f3ee6677d\",\"name\":\"zalaszewskak\",\"image\":{\"@type\":\"ImageObject\",\"inLanguage\":\"pl-PL\",\"@id\":\"https:\/\/instytutpolski.pl\/bucuresti\/#\/schema\/person\/image\/\",\"url\":\"https:\/\/secure.gravatar.com\/avatar\/c2e847fb86e9b9e6a80aa771ff34772f?s=96&d=mm&r=g\",\"contentUrl\":\"https:\/\/secure.gravatar.com\/avatar\/c2e847fb86e9b9e6a80aa771ff34772f?s=96&d=mm&r=g\",\"caption\":\"zalaszewskak\"},\"url\":\"https:\/\/instytutpolski.pl\/bucuresti\/author\/zalaszewskak\/\"}]}<\/script>\n<!-- \/ Yoast SEO plugin. -->","yoast_head_json":{"title":"S\u0103rb\u0103torim diversitatea lingvistic\u0103 a Europei - Instytut Polski w Bukareszcie","robots":{"index":"index","follow":"follow","max-snippet":"max-snippet:-1","max-image-preview":"max-image-preview:large","max-video-preview":"max-video-preview:-1"},"canonical":"https:\/\/instytutpolski.pl\/bucuresti\/2016\/09\/24\/sarbatorim-diversitatea-lingvistica-a-europei\/","og_locale":"pl_PL","og_type":"article","og_title":"S\u0103rb\u0103torim diversitatea lingvistic\u0103 a Europei - Instytut Polski w Bukareszcie","og_description":"\u00cen cadrul celei de-a 15-a edi\u021bii, care se va desf\u0103\u0219ura pe tema c\u0103l\u0103toriei printre stereotipurile Europei, publicul este invitat s\u0103 descopere bog\u0103\u021bia cultural\u0103 a continentului prin jocuri lingvistice \u0219i concursuri. Participan\u021bii, adul\u021bi \u0219i copii, sunt a\u015ftepta\u0163i s\u0103 treac\u0103 pe la toate cele 14 standuri \u0219i s\u0103 participe la activit\u0103\u021bile propuse, pentru a descoperi cuv\u00e2ntul-cheie al [&hellip;]","og_url":"https:\/\/instytutpolski.pl\/bucuresti\/2016\/09\/24\/sarbatorim-diversitatea-lingvistica-a-europei\/","og_site_name":"Instytut Polski w Bukareszcie","article_published_time":"2016-09-24T10:16:00+00:00","article_modified_time":"2020-06-04T10:21:53+00:00","og_image":[{"width":937,"height":607,"url":"https:\/\/instytutpolski.pl\/bucuresti\/wp-content\/uploads\/sites\/11\/2020\/06\/sarbatorim-diversitatea-lingvistica-a-europei_ff4316.jpg","type":"image\/jpeg"}],"author":"zalaszewskak","twitter_card":"summary_large_image","twitter_misc":{"Napisane przez":"zalaszewskak","Szacowany czas czytania":"2 minuty"},"schema":{"@context":"https:\/\/schema.org","@graph":[{"@type":"event","@id":"https:\/\/instytutpolski.pl\/bucuresti\/2016\/09\/24\/sarbatorim-diversitatea-lingvistica-a-europei\/","url":"https:\/\/instytutpolski.pl\/bucuresti\/2016\/09\/24\/sarbatorim-diversitatea-lingvistica-a-europei\/","name":"S\u0103rb\u0103torim diversitatea lingvistic\u0103 a Europei","isPartOf":{"@id":"https:\/\/instytutpolski.pl\/bucuresti\/#website"},"primaryImageOfPage":{"@id":"https:\/\/instytutpolski.pl\/bucuresti\/2016\/09\/24\/sarbatorim-diversitatea-lingvistica-a-europei\/#primaryimage"},"image":["https:\/\/instytutpolski.pl\/bucuresti\/wp-content\/uploads\/sites\/11\/2020\/06\/sarbatorim-diversitatea-lingvistica-a-europei_ff4316.jpg","https:\/\/instytutpolski.pl\/bucuresti\/wp-content\/uploads\/sites\/11\/2020\/06\/sarbatorim-diversitatea-lingvistica-a-europei_ff4316-300x194.jpg","https:\/\/instytutpolski.pl\/bucuresti\/wp-content\/uploads\/sites\/11\/2020\/06\/sarbatorim-diversitatea-lingvistica-a-europei_ff4316.jpg","https:\/\/instytutpolski.pl\/bucuresti\/wp-content\/uploads\/sites\/11\/2020\/06\/sarbatorim-diversitatea-lingvistica-a-europei_ff4316.jpg"],"thumbnailUrl":"https:\/\/instytutpolski.pl\/bucuresti\/wp-content\/uploads\/sites\/11\/2020\/06\/sarbatorim-diversitatea-lingvistica-a-europei_ff4316.jpg","datePublished":"2016-09-24T10:16:00+02:00","dateModified":"2020-06-04T10:21:53+02:00","author":{"@id":"https:\/\/instytutpolski.pl\/bucuresti\/#\/schema\/person\/cbf38f4ffa10f919673d0e5f3ee6677d"},"breadcrumb":{"@id":"https:\/\/instytutpolski.pl\/bucuresti\/2016\/09\/24\/sarbatorim-diversitatea-lingvistica-a-europei\/#breadcrumb"},"inLanguage":"pl-PL","potentialAction":[{"@type":"ReadAction","target":["https:\/\/instytutpolski.pl\/bucuresti\/2016\/09\/24\/sarbatorim-diversitatea-lingvistica-a-europei\/"]}],"@context":"https:\/\/schema.org","startDate":"2016-09-24","endDate":"2016-09-24","eventStatus":"EventScheduled","eventAttendanceMode":"OfflineEventAttendanceMode","location":{"@type":"place","name":"","address":"","geo":{"@type":"GeoCoordinates","latitude":"","longitude":""}},"description":"\u00cen cadrul celei de-a 15-a edi\u021bii, care se va desf\u0103\u0219ura pe tema c\u0103l\u0103toriei printre stereotipurile Europei, publicul este invitat s\u0103 descopere bog\u0103\u021bia cultural\u0103 a continentului prin jocuri lingvistice \u0219i concursuri. Participan\u021bii, adul\u021bi \u0219i copii, sunt a\u015ftepta\u0163i s\u0103 treac\u0103 pe la toate cele 14 standuri \u0219i s\u0103 participe la activit\u0103\u021bile propuse, pentru a descoperi cuv\u00e2ntul-cheie al c\u0103l\u0103toriei. Premii atractive, const\u00e2nd \u00een c\u0103r\u021bi, dic\u021bionare, ghiduri turistice sau de conversa\u021bie, CD-uri \u0219i multe alte surprize vor r\u0103spl\u0103ti efortul detectivilor.\nLa ini\u021biativa Uniunii Europene \u0219i a Consiliului Europei, Ziua European\u0103 a Limbilor este s\u0103rb\u0103torit\u0103 \u00een fiecare an \u00een preajma zilei de 26 septembrie, \u00eencep\u00e2nd cu 2001. Cet\u0103\u021benii europeni sunt invita\u021bi s\u0103 \u00eenve\u021be c\u00e2t mai multe limbi, la orice v\u00e2rst\u0103, at\u00e2t la \u0219coal\u0103 c\u00e2t \u0219i \u00een afara ei. Diversitatea lingvistic\u0103 reprezint\u0103 cheia unei mai bune comunic\u0103ri interculturale \u0219i este unul din elementele principale ale bogatului patrimoniu cultural al Uniunii Europene.\nZiua European\u0103 a Limbilor la Bucure\u0219ti 2016 este un proiect al clusterului EUNIC Bucure\u0219ti, coordonat de Reprezentan\u021ba Comisiei Europene \u00een Rom\u00e2nia, Goethe-Institut \u0219i Institutul Francez \u0219i organizat \u00eempreun\u0103 cu: Centrul Ceh, Centrul Cultural Turc \u201eYunus Emre\u201d, Forumul Cultural Austriac, Funda\u021bia Cultural\u0103 Greac\u0103, Institutul Italian de Cultur\u0103 \"Vito Grasso\", British Council, Institutul Polonez, Institutul Cultural Rom\u00e2n, Institutul Cervantes, Institutul Cam\u00f5es, Institutul Balassi - Institutul Maghiar din Bucure\u0219ti \u0219i Delega\u0163ia Valonia-Bruxelles.\nProgramul Zilei Europene a Limbilor la Bucure\u0219ti \u0219i alte informa\u021bii sunt disponibile pe site-urile organizatorilor, pe pagina: www.facebook.com\/ZiuaLimbilorBucuresti, precum \u0219i pe cea dedicat\u0103 evenimentului: https:\/\/www.facebook.com\/events\/330781330589685. Accesul la eveniment este liber \u0219i are loc \u00een limita locurilor disponibile, f\u0103r\u0103 \u00eenscriere prealabil\u0103."},{"@type":"ImageObject","inLanguage":"pl-PL","@id":"https:\/\/instytutpolski.pl\/bucuresti\/2016\/09\/24\/sarbatorim-diversitatea-lingvistica-a-europei\/#primaryimage","url":"https:\/\/instytutpolski.pl\/bucuresti\/wp-content\/uploads\/sites\/11\/2020\/06\/sarbatorim-diversitatea-lingvistica-a-europei_ff4316.jpg","contentUrl":"https:\/\/instytutpolski.pl\/bucuresti\/wp-content\/uploads\/sites\/11\/2020\/06\/sarbatorim-diversitatea-lingvistica-a-europei_ff4316.jpg","width":937,"height":607},{"@type":"BreadcrumbList","@id":"https:\/\/instytutpolski.pl\/bucuresti\/2016\/09\/24\/sarbatorim-diversitatea-lingvistica-a-europei\/#breadcrumb","itemListElement":[{"@type":"ListItem","position":1,"name":"Home","item":"https:\/\/instytutpolski.pl\/bucuresti\/"},{"@type":"ListItem","position":2,"name":"S\u0103rb\u0103torim diversitatea lingvistic\u0103 a Europei"}]},{"@type":"WebSite","@id":"https:\/\/instytutpolski.pl\/bucuresti\/#website","url":"https:\/\/instytutpolski.pl\/bucuresti\/","name":"Instytut Polski w Bukareszcie","description":"Instytuty Polskie","potentialAction":[{"@type":"SearchAction","target":{"@type":"EntryPoint","urlTemplate":"https:\/\/instytutpolski.pl\/bucuresti\/?s={search_term_string}"},"query-input":{"@type":"PropertyValueSpecification","valueRequired":true,"valueName":"search_term_string"}}],"inLanguage":"pl-PL"},{"@type":"Person","@id":"https:\/\/instytutpolski.pl\/bucuresti\/#\/schema\/person\/cbf38f4ffa10f919673d0e5f3ee6677d","name":"zalaszewskak","image":{"@type":"ImageObject","inLanguage":"pl-PL","@id":"https:\/\/instytutpolski.pl\/bucuresti\/#\/schema\/person\/image\/","url":"https:\/\/secure.gravatar.com\/avatar\/c2e847fb86e9b9e6a80aa771ff34772f?s=96&d=mm&r=g","contentUrl":"https:\/\/secure.gravatar.com\/avatar\/c2e847fb86e9b9e6a80aa771ff34772f?s=96&d=mm&r=g","caption":"zalaszewskak"},"url":"https:\/\/instytutpolski.pl\/bucuresti\/author\/zalaszewskak\/"}]}},"_links":{"self":[{"href":"https:\/\/instytutpolski.pl\/bucuresti\/wp-json\/wp\/v2\/posts\/3567","targetHints":{"allow":["GET"]}}],"collection":[{"href":"https:\/\/instytutpolski.pl\/bucuresti\/wp-json\/wp\/v2\/posts"}],"about":[{"href":"https:\/\/instytutpolski.pl\/bucuresti\/wp-json\/wp\/v2\/types\/post"}],"author":[{"embeddable":true,"href":"https:\/\/instytutpolski.pl\/bucuresti\/wp-json\/wp\/v2\/users\/44"}],"replies":[{"embeddable":true,"href":"https:\/\/instytutpolski.pl\/bucuresti\/wp-json\/wp\/v2\/comments?post=3567"}],"version-history":[{"count":4,"href":"https:\/\/instytutpolski.pl\/bucuresti\/wp-json\/wp\/v2\/posts\/3567\/revisions"}],"predecessor-version":[{"id":3575,"href":"https:\/\/instytutpolski.pl\/bucuresti\/wp-json\/wp\/v2\/posts\/3567\/revisions\/3575"}],"wp:featuredmedia":[{"embeddable":true,"href":"https:\/\/instytutpolski.pl\/bucuresti\/wp-json\/wp\/v2\/media\/3568"}],"wp:attachment":[{"href":"https:\/\/instytutpolski.pl\/bucuresti\/wp-json\/wp\/v2\/media?parent=3567"}],"wp:term":[{"taxonomy":"category","embeddable":true,"href":"https:\/\/instytutpolski.pl\/bucuresti\/wp-json\/wp\/v2\/categories?post=3567"},{"taxonomy":"post_tag","embeddable":true,"href":"https:\/\/instytutpolski.pl\/bucuresti\/wp-json\/wp\/v2\/tags?post=3567"}],"curies":[{"name":"wp","href":"https:\/\/api.w.org\/{rel}","templated":true}]}}