{"id":3576,"date":"2015-09-14T12:22:00","date_gmt":"2015-09-14T10:22:00","guid":{"rendered":"https:\/\/instytutpolski.pl\/bucuresti\/?p=3576"},"modified":"2020-06-04T12:24:30","modified_gmt":"2020-06-04T10:24:30","slug":"filmul-katyn-la-tv-moldova-1","status":"publish","type":"post","link":"https:\/\/instytutpolski.pl\/bucuresti\/2015\/09\/14\/filmul-katyn-la-tv-moldova-1\/","title":{"rendered":"Filmul \u201eKaty\u0144&#8221; la TV Moldova 1"},"content":{"rendered":"\n<p><strong>KATY\u0143<\/strong><br \/>Polonia, 2007, 117 min.<br \/>Regia: Andrzej Wajda<\/p>\n<p>\u201eKaty\u0144\u201d este o pelicul\u0103 artistic\u0103,\u00a0<strong>bazat\u0103 pe fapte reale<\/strong>. Poveste\u0219te despre arestarea \u0219i uciderea a\u00a0<strong>22.000 de ofi\u021beri<\/strong>\u00a0\u0219i intelectuali polonezi de c\u0103tre serviciile secrete sovietice \u0219i despre calvarul familiilor lor care \u00eencearc\u0103 s\u0103 afle adev\u0103rul despre soarta acestora.<\/p>\n<p>Pe 17 septembrie 1939, conform Protocolului adi\u0163ional secret al Pactului Ribbentrop-Molotov, care prevedea \u00eemp\u0103r\u0163irea Poloniei \u00eentre Germania \u015fi URSS, Armata Ro\u015fie a invadat partea de est a acestei \u0163\u0103ri. Militarii polonezi, o mare parte dintre ei ofi\u021beri \u00een rezerv\u0103 \u2013\u00a0<strong>elita intelectual\u0103 a poporului polonez<\/strong>, au fost \u00eentemni\u0163a\u0163i \u00een lag\u0103re. Considera\u021bi de Moscova un nucleul poten\u0163ial al unei primejdioase elite na\u0163ionaliste, au fost executa\u021bi \u00een mas\u0103 \u00een decursul lunilor aprilie \u0219i mai 1940. Din motive politice, aceast\u0103\u00a0<strong>crim\u0103 a r\u0103mas tabu\u00a0<\/strong>p\u00e2n\u0103 \u00een anul 1990.<\/p>\n<p>\u201eKaty\u0144\u201d a primit, printre altele premiul Globul de Aur pentru Cel Mai Bun Film \u0219i Premiul European Cinematografic pentru Cele Mai Bune Costume. A fost \u0219i nominalizat la\u00a0<strong>premiul Oscar<\/strong>. A c\u00e2\u0219tigat Premiul Cinematografic Polonez Vulturul la \u0219apte categorii, printre care \u0219i cea pentru Cel Mai Bun Film.<\/p>\n<p><strong>Andrzej Wajda<\/strong>\u00a0este un renumit regizor polonez. De\u021bin\u0103tor al unui\u00a0<strong>Oscar pentru \u00eentreaga carier\u0103<\/strong>\u00a0\u0219i c\u00e2\u0219tig\u0103tor al unui Palme d&#8217;Or la Cannes (1981, pentru Cz\u0142owiek z \u017celaza), este cel mai proeminent membru al \u201e\u0218colii poloneze de film\u201d. Este cunoscut mai ales pentru o trilogie de r\u0103zboi: \u201ePokolenie\u201d (O genera\u021bie) -1955, \u201eKana\u0142\u201d (Canalul) &#8211; 1956 \u0219i \u201ePopi\u00f3\u0142 i diament\u201d (Cenu\u0219\u0103 \u0219i diamant) &#8211; 1958. Patru dintre filmele sale au fost nominalizate la Premiul Oscar pentru Cel Mai Bun Film Str\u0103in.<\/p>\n<p>Filmul va fi difuzat la ini\u021biativa \u0219i mul\u021bumit\u0103 sprijinului Institutului Polonez din Bucuresti. Emisiunea va fi precedat\u0103 de o scurt\u0103\u00a0<strong>introducere \u00een contextul<\/strong>\u00a0evenimentelor prezentate \u00een pelicul\u0103, oferit\u0103 de c\u0103tre Artur Michalski, ambasadorul Poloniei \u00een Republica Moldova \u0219i Leszek Bia\u0142y, director adjunct al Institutului Polonez din Bucure\u0219ti. \u00a0\u00a0<\/p>\n","protected":false},"excerpt":{"rendered":"<p>KATY\u0143Polonia, 2007, 117 min.Regia: Andrzej Wajda \u201eKaty\u0144\u201d este o pelicul\u0103 artistic\u0103,\u00a0bazat\u0103 pe fapte reale. Poveste\u0219te despre arestarea \u0219i uciderea a\u00a022.000 de ofi\u021beri\u00a0\u0219i intelectuali polonezi de c\u0103tre serviciile secrete sovietice \u0219i despre calvarul familiilor lor care \u00eencearc\u0103 s\u0103 afle adev\u0103rul despre soarta acestora. Pe 17 septembrie 1939, conform Protocolului adi\u0163ional secret al Pactului Ribbentrop-Molotov, care prevedea [&hellip;]<\/p>\n","protected":false},"author":44,"featured_media":3577,"comment_status":"open","ping_status":"open","sticky":false,"template":"","format":"standard","meta":{"inline_featured_image":false,"_monsterinsights_skip_tracking":false,"_monsterinsights_sitenote_active":false,"_monsterinsights_sitenote_note":"","_monsterinsights_sitenote_category":0,"footnotes":""},"categories":[18,14],"tags":[],"class_list":["post-3576","post","type-post","status-publish","format-standard","has-post-thumbnail","hentry","category-cinema","category-istorie"],"yoast_head":"<!-- This site is optimized with the Yoast SEO plugin v24.6 - https:\/\/yoast.com\/wordpress\/plugins\/seo\/ -->\n<title>Filmul \u201eKaty\u0144&quot; la TV Moldova 1 - Instytut Polski w Bukareszcie<\/title>\n<meta name=\"robots\" content=\"index, follow, max-snippet:-1, max-image-preview:large, max-video-preview:-1\" \/>\n<link rel=\"canonical\" href=\"https:\/\/instytutpolski.pl\/bucuresti\/2015\/09\/14\/filmul-katyn-la-tv-moldova-1\/\" \/>\n<meta property=\"og:locale\" content=\"pl_PL\" \/>\n<meta property=\"og:type\" content=\"article\" \/>\n<meta property=\"og:title\" content=\"Filmul \u201eKaty\u0144&quot; la TV Moldova 1 - Instytut Polski w Bukareszcie\" \/>\n<meta property=\"og:description\" content=\"KATY\u0143Polonia, 2007, 117 min.Regia: Andrzej Wajda \u201eKaty\u0144\u201d este o pelicul\u0103 artistic\u0103,\u00a0bazat\u0103 pe fapte reale. Poveste\u0219te despre arestarea \u0219i uciderea a\u00a022.000 de ofi\u021beri\u00a0\u0219i intelectuali polonezi de c\u0103tre serviciile secrete sovietice \u0219i despre calvarul familiilor lor care \u00eencearc\u0103 s\u0103 afle adev\u0103rul despre soarta acestora. Pe 17 septembrie 1939, conform Protocolului adi\u0163ional secret al Pactului Ribbentrop-Molotov, care prevedea [&hellip;]\" \/>\n<meta property=\"og:url\" content=\"https:\/\/instytutpolski.pl\/bucuresti\/2015\/09\/14\/filmul-katyn-la-tv-moldova-1\/\" \/>\n<meta property=\"og:site_name\" content=\"Instytut Polski w Bukareszcie\" \/>\n<meta property=\"article:published_time\" content=\"2015-09-14T10:22:00+00:00\" \/>\n<meta property=\"article:modified_time\" content=\"2020-06-04T10:24:30+00:00\" \/>\n<meta property=\"og:image\" content=\"https:\/\/instytutpolski.pl\/bucuresti\/wp-content\/uploads\/sites\/11\/2020\/06\/filmul-katyn-la-tv-moldova-1.jpg\" \/>\n\t<meta property=\"og:image:width\" content=\"658\" \/>\n\t<meta property=\"og:image:height\" content=\"652\" \/>\n\t<meta property=\"og:image:type\" content=\"image\/jpeg\" \/>\n<meta name=\"author\" content=\"zalaszewskak\" \/>\n<meta name=\"twitter:card\" content=\"summary_large_image\" \/>\n<meta name=\"twitter:label1\" content=\"Napisane przez\" \/>\n\t<meta name=\"twitter:data1\" content=\"zalaszewskak\" \/>\n\t<meta name=\"twitter:label2\" content=\"Szacowany czas czytania\" \/>\n\t<meta name=\"twitter:data2\" content=\"2 minuty\" \/>\n<script type=\"application\/ld+json\" class=\"yoast-schema-graph\">{\"@context\":\"https:\/\/schema.org\",\"@graph\":[{\"@type\":\"event\",\"@id\":\"https:\/\/instytutpolski.pl\/bucuresti\/2015\/09\/14\/filmul-katyn-la-tv-moldova-1\/\",\"url\":\"https:\/\/instytutpolski.pl\/bucuresti\/2015\/09\/14\/filmul-katyn-la-tv-moldova-1\/\",\"name\":\"Filmul \u201eKaty\u0144\\\" la TV Moldova 1\",\"isPartOf\":{\"@id\":\"https:\/\/instytutpolski.pl\/bucuresti\/#website\"},\"primaryImageOfPage\":{\"@id\":\"https:\/\/instytutpolski.pl\/bucuresti\/2015\/09\/14\/filmul-katyn-la-tv-moldova-1\/#primaryimage\"},\"image\":[\"https:\/\/instytutpolski.pl\/bucuresti\/wp-content\/uploads\/sites\/11\/2020\/06\/filmul-katyn-la-tv-moldova-1.jpg\",\"https:\/\/instytutpolski.pl\/bucuresti\/wp-content\/uploads\/sites\/11\/2020\/06\/filmul-katyn-la-tv-moldova-1-300x297.jpg\",\"https:\/\/instytutpolski.pl\/bucuresti\/wp-content\/uploads\/sites\/11\/2020\/06\/filmul-katyn-la-tv-moldova-1.jpg\",\"https:\/\/instytutpolski.pl\/bucuresti\/wp-content\/uploads\/sites\/11\/2020\/06\/filmul-katyn-la-tv-moldova-1.jpg\"],\"thumbnailUrl\":\"https:\/\/instytutpolski.pl\/bucuresti\/wp-content\/uploads\/sites\/11\/2020\/06\/filmul-katyn-la-tv-moldova-1.jpg\",\"datePublished\":\"2015-09-14T10:22:00+02:00\",\"dateModified\":\"2020-06-04T10:24:30+02:00\",\"author\":{\"@id\":\"https:\/\/instytutpolski.pl\/bucuresti\/#\/schema\/person\/cbf38f4ffa10f919673d0e5f3ee6677d\"},\"breadcrumb\":{\"@id\":\"https:\/\/instytutpolski.pl\/bucuresti\/2015\/09\/14\/filmul-katyn-la-tv-moldova-1\/#breadcrumb\"},\"inLanguage\":\"pl-PL\",\"potentialAction\":[{\"@type\":\"ReadAction\",\"target\":[\"https:\/\/instytutpolski.pl\/bucuresti\/2015\/09\/14\/filmul-katyn-la-tv-moldova-1\/\"]}],\"@context\":\"https:\/\/schema.org\",\"startDate\":\"2015-09-17\",\"endDate\":\"2015-09-17\",\"eventStatus\":\"EventScheduled\",\"eventAttendanceMode\":\"OfflineEventAttendanceMode\",\"location\":{\"@type\":\"place\",\"name\":\"\",\"address\":\"\",\"geo\":{\"@type\":\"GeoCoordinates\",\"latitude\":\"\",\"longitude\":\"\"}},\"description\":\"KATY\u0143Polonia, 2007, 117 min.Regia: Andrzej Wajda\\n\u201eKaty\u0144\u201d este o pelicul\u0103 artistic\u0103,\u00a0bazat\u0103 pe fapte reale. Poveste\u0219te despre arestarea \u0219i uciderea a\u00a022.000 de ofi\u021beri\u00a0\u0219i intelectuali polonezi de c\u0103tre serviciile secrete sovietice \u0219i despre calvarul familiilor lor care \u00eencearc\u0103 s\u0103 afle adev\u0103rul despre soarta acestora.\\nPe 17 septembrie 1939, conform Protocolului adi\u0163ional secret al Pactului Ribbentrop-Molotov, care prevedea \u00eemp\u0103r\u0163irea Poloniei \u00eentre Germania \u015fi URSS, Armata Ro\u015fie a invadat partea de est a acestei \u0163\u0103ri. Militarii polonezi, o mare parte dintre ei ofi\u021beri \u00een rezerv\u0103 \u2013\u00a0elita intelectual\u0103 a poporului polonez, au fost \u00eentemni\u0163a\u0163i \u00een lag\u0103re. Considera\u021bi de Moscova un nucleul poten\u0163ial al unei primejdioase elite na\u0163ionaliste, au fost executa\u021bi \u00een mas\u0103 \u00een decursul lunilor aprilie \u0219i mai 1940. Din motive politice, aceast\u0103\u00a0crim\u0103 a r\u0103mas tabu\u00a0p\u00e2n\u0103 \u00een anul 1990.\\n\u201eKaty\u0144\u201d a primit, printre altele premiul Globul de Aur pentru Cel Mai Bun Film \u0219i Premiul European Cinematografic pentru Cele Mai Bune Costume. A fost \u0219i nominalizat la\u00a0premiul Oscar. A c\u00e2\u0219tigat Premiul Cinematografic Polonez Vulturul la \u0219apte categorii, printre care \u0219i cea pentru Cel Mai Bun Film.\\nAndrzej Wajda\u00a0este un renumit regizor polonez. De\u021bin\u0103tor al unui\u00a0Oscar pentru \u00eentreaga carier\u0103\u00a0\u0219i c\u00e2\u0219tig\u0103tor al unui Palme d'Or la Cannes (1981, pentru Cz\u0142owiek z \u017celaza), este cel mai proeminent membru al \u201e\u0218colii poloneze de film\u201d. Este cunoscut mai ales pentru o trilogie de r\u0103zboi: \u201ePokolenie\u201d (O genera\u021bie) -1955, \u201eKana\u0142\u201d (Canalul) - 1956 \u0219i \u201ePopi\u00f3\u0142 i diament\u201d (Cenu\u0219\u0103 \u0219i diamant) - 1958. Patru dintre filmele sale au fost nominalizate la Premiul Oscar pentru Cel Mai Bun Film Str\u0103in.\\nFilmul va fi difuzat la ini\u021biativa \u0219i mul\u021bumit\u0103 sprijinului Institutului Polonez din Bucuresti. Emisiunea va fi precedat\u0103 de o scurt\u0103\u00a0introducere \u00een contextul\u00a0evenimentelor prezentate \u00een pelicul\u0103, oferit\u0103 de c\u0103tre Artur Michalski, ambasadorul Poloniei \u00een Republica Moldova \u0219i Leszek Bia\u0142y, director adjunct al Institutului Polonez din Bucure\u0219ti. \u00a0\u00a0\"},{\"@type\":\"ImageObject\",\"inLanguage\":\"pl-PL\",\"@id\":\"https:\/\/instytutpolski.pl\/bucuresti\/2015\/09\/14\/filmul-katyn-la-tv-moldova-1\/#primaryimage\",\"url\":\"https:\/\/instytutpolski.pl\/bucuresti\/wp-content\/uploads\/sites\/11\/2020\/06\/filmul-katyn-la-tv-moldova-1.jpg\",\"contentUrl\":\"https:\/\/instytutpolski.pl\/bucuresti\/wp-content\/uploads\/sites\/11\/2020\/06\/filmul-katyn-la-tv-moldova-1.jpg\",\"width\":658,\"height\":652},{\"@type\":\"BreadcrumbList\",\"@id\":\"https:\/\/instytutpolski.pl\/bucuresti\/2015\/09\/14\/filmul-katyn-la-tv-moldova-1\/#breadcrumb\",\"itemListElement\":[{\"@type\":\"ListItem\",\"position\":1,\"name\":\"Home\",\"item\":\"https:\/\/instytutpolski.pl\/bucuresti\/\"},{\"@type\":\"ListItem\",\"position\":2,\"name\":\"Filmul \u201eKaty\u0144&#8221; la TV Moldova 1\"}]},{\"@type\":\"WebSite\",\"@id\":\"https:\/\/instytutpolski.pl\/bucuresti\/#website\",\"url\":\"https:\/\/instytutpolski.pl\/bucuresti\/\",\"name\":\"Instytut Polski w Bukareszcie\",\"description\":\"Instytuty Polskie\",\"potentialAction\":[{\"@type\":\"SearchAction\",\"target\":{\"@type\":\"EntryPoint\",\"urlTemplate\":\"https:\/\/instytutpolski.pl\/bucuresti\/?s={search_term_string}\"},\"query-input\":{\"@type\":\"PropertyValueSpecification\",\"valueRequired\":true,\"valueName\":\"search_term_string\"}}],\"inLanguage\":\"pl-PL\"},{\"@type\":\"Person\",\"@id\":\"https:\/\/instytutpolski.pl\/bucuresti\/#\/schema\/person\/cbf38f4ffa10f919673d0e5f3ee6677d\",\"name\":\"zalaszewskak\",\"image\":{\"@type\":\"ImageObject\",\"inLanguage\":\"pl-PL\",\"@id\":\"https:\/\/instytutpolski.pl\/bucuresti\/#\/schema\/person\/image\/\",\"url\":\"https:\/\/secure.gravatar.com\/avatar\/c2e847fb86e9b9e6a80aa771ff34772f?s=96&d=mm&r=g\",\"contentUrl\":\"https:\/\/secure.gravatar.com\/avatar\/c2e847fb86e9b9e6a80aa771ff34772f?s=96&d=mm&r=g\",\"caption\":\"zalaszewskak\"},\"url\":\"https:\/\/instytutpolski.pl\/bucuresti\/author\/zalaszewskak\/\"}]}<\/script>\n<!-- \/ Yoast SEO plugin. -->","yoast_head_json":{"title":"Filmul \u201eKaty\u0144\" la TV Moldova 1 - Instytut Polski w Bukareszcie","robots":{"index":"index","follow":"follow","max-snippet":"max-snippet:-1","max-image-preview":"max-image-preview:large","max-video-preview":"max-video-preview:-1"},"canonical":"https:\/\/instytutpolski.pl\/bucuresti\/2015\/09\/14\/filmul-katyn-la-tv-moldova-1\/","og_locale":"pl_PL","og_type":"article","og_title":"Filmul \u201eKaty\u0144\" la TV Moldova 1 - Instytut Polski w Bukareszcie","og_description":"KATY\u0143Polonia, 2007, 117 min.Regia: Andrzej Wajda \u201eKaty\u0144\u201d este o pelicul\u0103 artistic\u0103,\u00a0bazat\u0103 pe fapte reale. Poveste\u0219te despre arestarea \u0219i uciderea a\u00a022.000 de ofi\u021beri\u00a0\u0219i intelectuali polonezi de c\u0103tre serviciile secrete sovietice \u0219i despre calvarul familiilor lor care \u00eencearc\u0103 s\u0103 afle adev\u0103rul despre soarta acestora. Pe 17 septembrie 1939, conform Protocolului adi\u0163ional secret al Pactului Ribbentrop-Molotov, care prevedea [&hellip;]","og_url":"https:\/\/instytutpolski.pl\/bucuresti\/2015\/09\/14\/filmul-katyn-la-tv-moldova-1\/","og_site_name":"Instytut Polski w Bukareszcie","article_published_time":"2015-09-14T10:22:00+00:00","article_modified_time":"2020-06-04T10:24:30+00:00","og_image":[{"width":658,"height":652,"url":"https:\/\/instytutpolski.pl\/bucuresti\/wp-content\/uploads\/sites\/11\/2020\/06\/filmul-katyn-la-tv-moldova-1.jpg","type":"image\/jpeg"}],"author":"zalaszewskak","twitter_card":"summary_large_image","twitter_misc":{"Napisane przez":"zalaszewskak","Szacowany czas czytania":"2 minuty"},"schema":{"@context":"https:\/\/schema.org","@graph":[{"@type":"event","@id":"https:\/\/instytutpolski.pl\/bucuresti\/2015\/09\/14\/filmul-katyn-la-tv-moldova-1\/","url":"https:\/\/instytutpolski.pl\/bucuresti\/2015\/09\/14\/filmul-katyn-la-tv-moldova-1\/","name":"Filmul \u201eKaty\u0144\" la TV Moldova 1","isPartOf":{"@id":"https:\/\/instytutpolski.pl\/bucuresti\/#website"},"primaryImageOfPage":{"@id":"https:\/\/instytutpolski.pl\/bucuresti\/2015\/09\/14\/filmul-katyn-la-tv-moldova-1\/#primaryimage"},"image":["https:\/\/instytutpolski.pl\/bucuresti\/wp-content\/uploads\/sites\/11\/2020\/06\/filmul-katyn-la-tv-moldova-1.jpg","https:\/\/instytutpolski.pl\/bucuresti\/wp-content\/uploads\/sites\/11\/2020\/06\/filmul-katyn-la-tv-moldova-1-300x297.jpg","https:\/\/instytutpolski.pl\/bucuresti\/wp-content\/uploads\/sites\/11\/2020\/06\/filmul-katyn-la-tv-moldova-1.jpg","https:\/\/instytutpolski.pl\/bucuresti\/wp-content\/uploads\/sites\/11\/2020\/06\/filmul-katyn-la-tv-moldova-1.jpg"],"thumbnailUrl":"https:\/\/instytutpolski.pl\/bucuresti\/wp-content\/uploads\/sites\/11\/2020\/06\/filmul-katyn-la-tv-moldova-1.jpg","datePublished":"2015-09-14T10:22:00+02:00","dateModified":"2020-06-04T10:24:30+02:00","author":{"@id":"https:\/\/instytutpolski.pl\/bucuresti\/#\/schema\/person\/cbf38f4ffa10f919673d0e5f3ee6677d"},"breadcrumb":{"@id":"https:\/\/instytutpolski.pl\/bucuresti\/2015\/09\/14\/filmul-katyn-la-tv-moldova-1\/#breadcrumb"},"inLanguage":"pl-PL","potentialAction":[{"@type":"ReadAction","target":["https:\/\/instytutpolski.pl\/bucuresti\/2015\/09\/14\/filmul-katyn-la-tv-moldova-1\/"]}],"@context":"https:\/\/schema.org","startDate":"2015-09-17","endDate":"2015-09-17","eventStatus":"EventScheduled","eventAttendanceMode":"OfflineEventAttendanceMode","location":{"@type":"place","name":"","address":"","geo":{"@type":"GeoCoordinates","latitude":"","longitude":""}},"description":"KATY\u0143Polonia, 2007, 117 min.Regia: Andrzej Wajda\n\u201eKaty\u0144\u201d este o pelicul\u0103 artistic\u0103,\u00a0bazat\u0103 pe fapte reale. Poveste\u0219te despre arestarea \u0219i uciderea a\u00a022.000 de ofi\u021beri\u00a0\u0219i intelectuali polonezi de c\u0103tre serviciile secrete sovietice \u0219i despre calvarul familiilor lor care \u00eencearc\u0103 s\u0103 afle adev\u0103rul despre soarta acestora.\nPe 17 septembrie 1939, conform Protocolului adi\u0163ional secret al Pactului Ribbentrop-Molotov, care prevedea \u00eemp\u0103r\u0163irea Poloniei \u00eentre Germania \u015fi URSS, Armata Ro\u015fie a invadat partea de est a acestei \u0163\u0103ri. Militarii polonezi, o mare parte dintre ei ofi\u021beri \u00een rezerv\u0103 \u2013\u00a0elita intelectual\u0103 a poporului polonez, au fost \u00eentemni\u0163a\u0163i \u00een lag\u0103re. Considera\u021bi de Moscova un nucleul poten\u0163ial al unei primejdioase elite na\u0163ionaliste, au fost executa\u021bi \u00een mas\u0103 \u00een decursul lunilor aprilie \u0219i mai 1940. Din motive politice, aceast\u0103\u00a0crim\u0103 a r\u0103mas tabu\u00a0p\u00e2n\u0103 \u00een anul 1990.\n\u201eKaty\u0144\u201d a primit, printre altele premiul Globul de Aur pentru Cel Mai Bun Film \u0219i Premiul European Cinematografic pentru Cele Mai Bune Costume. A fost \u0219i nominalizat la\u00a0premiul Oscar. A c\u00e2\u0219tigat Premiul Cinematografic Polonez Vulturul la \u0219apte categorii, printre care \u0219i cea pentru Cel Mai Bun Film.\nAndrzej Wajda\u00a0este un renumit regizor polonez. De\u021bin\u0103tor al unui\u00a0Oscar pentru \u00eentreaga carier\u0103\u00a0\u0219i c\u00e2\u0219tig\u0103tor al unui Palme d'Or la Cannes (1981, pentru Cz\u0142owiek z \u017celaza), este cel mai proeminent membru al \u201e\u0218colii poloneze de film\u201d. Este cunoscut mai ales pentru o trilogie de r\u0103zboi: \u201ePokolenie\u201d (O genera\u021bie) -1955, \u201eKana\u0142\u201d (Canalul) - 1956 \u0219i \u201ePopi\u00f3\u0142 i diament\u201d (Cenu\u0219\u0103 \u0219i diamant) - 1958. Patru dintre filmele sale au fost nominalizate la Premiul Oscar pentru Cel Mai Bun Film Str\u0103in.\nFilmul va fi difuzat la ini\u021biativa \u0219i mul\u021bumit\u0103 sprijinului Institutului Polonez din Bucuresti. Emisiunea va fi precedat\u0103 de o scurt\u0103\u00a0introducere \u00een contextul\u00a0evenimentelor prezentate \u00een pelicul\u0103, oferit\u0103 de c\u0103tre Artur Michalski, ambasadorul Poloniei \u00een Republica Moldova \u0219i Leszek Bia\u0142y, director adjunct al Institutului Polonez din Bucure\u0219ti. \u00a0\u00a0"},{"@type":"ImageObject","inLanguage":"pl-PL","@id":"https:\/\/instytutpolski.pl\/bucuresti\/2015\/09\/14\/filmul-katyn-la-tv-moldova-1\/#primaryimage","url":"https:\/\/instytutpolski.pl\/bucuresti\/wp-content\/uploads\/sites\/11\/2020\/06\/filmul-katyn-la-tv-moldova-1.jpg","contentUrl":"https:\/\/instytutpolski.pl\/bucuresti\/wp-content\/uploads\/sites\/11\/2020\/06\/filmul-katyn-la-tv-moldova-1.jpg","width":658,"height":652},{"@type":"BreadcrumbList","@id":"https:\/\/instytutpolski.pl\/bucuresti\/2015\/09\/14\/filmul-katyn-la-tv-moldova-1\/#breadcrumb","itemListElement":[{"@type":"ListItem","position":1,"name":"Home","item":"https:\/\/instytutpolski.pl\/bucuresti\/"},{"@type":"ListItem","position":2,"name":"Filmul \u201eKaty\u0144&#8221; la TV Moldova 1"}]},{"@type":"WebSite","@id":"https:\/\/instytutpolski.pl\/bucuresti\/#website","url":"https:\/\/instytutpolski.pl\/bucuresti\/","name":"Instytut Polski w Bukareszcie","description":"Instytuty Polskie","potentialAction":[{"@type":"SearchAction","target":{"@type":"EntryPoint","urlTemplate":"https:\/\/instytutpolski.pl\/bucuresti\/?s={search_term_string}"},"query-input":{"@type":"PropertyValueSpecification","valueRequired":true,"valueName":"search_term_string"}}],"inLanguage":"pl-PL"},{"@type":"Person","@id":"https:\/\/instytutpolski.pl\/bucuresti\/#\/schema\/person\/cbf38f4ffa10f919673d0e5f3ee6677d","name":"zalaszewskak","image":{"@type":"ImageObject","inLanguage":"pl-PL","@id":"https:\/\/instytutpolski.pl\/bucuresti\/#\/schema\/person\/image\/","url":"https:\/\/secure.gravatar.com\/avatar\/c2e847fb86e9b9e6a80aa771ff34772f?s=96&d=mm&r=g","contentUrl":"https:\/\/secure.gravatar.com\/avatar\/c2e847fb86e9b9e6a80aa771ff34772f?s=96&d=mm&r=g","caption":"zalaszewskak"},"url":"https:\/\/instytutpolski.pl\/bucuresti\/author\/zalaszewskak\/"}]}},"_links":{"self":[{"href":"https:\/\/instytutpolski.pl\/bucuresti\/wp-json\/wp\/v2\/posts\/3576","targetHints":{"allow":["GET"]}}],"collection":[{"href":"https:\/\/instytutpolski.pl\/bucuresti\/wp-json\/wp\/v2\/posts"}],"about":[{"href":"https:\/\/instytutpolski.pl\/bucuresti\/wp-json\/wp\/v2\/types\/post"}],"author":[{"embeddable":true,"href":"https:\/\/instytutpolski.pl\/bucuresti\/wp-json\/wp\/v2\/users\/44"}],"replies":[{"embeddable":true,"href":"https:\/\/instytutpolski.pl\/bucuresti\/wp-json\/wp\/v2\/comments?post=3576"}],"version-history":[{"count":2,"href":"https:\/\/instytutpolski.pl\/bucuresti\/wp-json\/wp\/v2\/posts\/3576\/revisions"}],"predecessor-version":[{"id":3579,"href":"https:\/\/instytutpolski.pl\/bucuresti\/wp-json\/wp\/v2\/posts\/3576\/revisions\/3579"}],"wp:featuredmedia":[{"embeddable":true,"href":"https:\/\/instytutpolski.pl\/bucuresti\/wp-json\/wp\/v2\/media\/3577"}],"wp:attachment":[{"href":"https:\/\/instytutpolski.pl\/bucuresti\/wp-json\/wp\/v2\/media?parent=3576"}],"wp:term":[{"taxonomy":"category","embeddable":true,"href":"https:\/\/instytutpolski.pl\/bucuresti\/wp-json\/wp\/v2\/categories?post=3576"},{"taxonomy":"post_tag","embeddable":true,"href":"https:\/\/instytutpolski.pl\/bucuresti\/wp-json\/wp\/v2\/tags?post=3576"}],"curies":[{"name":"wp","href":"https:\/\/api.w.org\/{rel}","templated":true}]}}