{"id":3597,"date":"2015-08-10T12:31:00","date_gmt":"2015-08-10T10:31:00","guid":{"rendered":"https:\/\/instytutpolski.pl\/bucuresti\/?p=3597"},"modified":"2020-06-04T12:34:23","modified_gmt":"2020-06-04T10:34:23","slug":"documentare-poloneze-la-vatra-dornei","status":"publish","type":"post","link":"https:\/\/instytutpolski.pl\/bucuresti\/2015\/08\/10\/documentare-poloneze-la-vatra-dornei\/","title":{"rendered":"Documentare poloneze la Vatra-Dornei"},"content":{"rendered":"\n<p>Sala Oglinzilor, Prim\u0103ria Municipiului Vatra-Dornei<\/p>\n<p><strong>14 august, ora 18.00<\/strong><\/p>\n<p><strong>Moda politic\u0103<\/strong>\u00a0\/ Political dress<\/p>\n<p>Polonia, 2011, 63 min.<br \/>Regia: Judyta Fibiger<\/p>\n<p>Documentarul relateaz\u0103 pove\u015ftile celor identifica\u0163i ca \u201esaboteuri\u201d ideologici de c\u0103tre autorit\u0103\u0163i, urm\u0103rind evolu\u0163ia modei din anii \u00een care \u015fosetele colorate atr\u0103geau observa\u0163ii din partea autorit\u0103\u0163ilor, la fascina\u0163ia fa\u0163\u0103 de moda parizian\u0103 a anilor &#8217;60, copiii teribili ai anilor &#8217;70 \u015fi stilul punk rock al perioadei mar\u0163iale.<\/p>\n<p><strong>ora 22.00, P\u00e2rtia Veveri\u021ba<\/strong><\/p>\n<p><strong>Strig\u0103tul libert\u0103\u021bii\u00a0<\/strong>\/ Beats of freedom<\/p>\n<p>Polonia 2010, 72 min.<br \/>Regia: Leszek Gnoi\u0144ski, Wojciech S\u0142ota<\/p>\n<p>\u201eStrig\u0103tul libert\u0103\u021bii\u201d spune povestea muzicii rock \u00een perioada comunist\u0103 a Poloniei, prezentat\u0103 din perspectiva ziaristului englez de origine polonez\u0103, Chris Salewicz. Un film despre sound-ul care a oferit oamenilor o doz\u0103 de libertate, un respiro \u00eentr-o lume plin\u0103 de constr\u00e2ngeri \u0219i interdic\u021bii. O c\u0103l\u0103torie muzical\u0103 \u00een timp, cu \u00eenregistr\u0103ri unicat, extrem de emo\u0163ionante, din ultimii 50 de ani.<\/p>\n<p><strong>15 august, ora 19.00<\/strong><\/p>\n<p><strong>Arta libert\u0103\u021bii\u00a0<\/strong>\/ Art of freedom<\/p>\n<p>Polonia, 2011, 70 min.<br \/>Regia: Wojciech S\u0142ota, Marek K\u0142osowicz<\/p>\n<p>\u201eArta libert\u0103\u021bii\u201d prezint\u0103 fenomenul alpinismului \u00een anii \u201970 \u015fi \u201980, c\u00e2nd socialismul atinsese apogeul \u00een Polonia. \u00cen ciuda situa\u0163iei economice dificile din \u0163ar\u0103, polonezii organizau expedi\u0163ii costisitoare \u00een Mun\u0163ii Himalaya, devenind unii dintre cei mai aprecia\u0163i alpini\u015fti din lume. Felul \u00een care priva\u0163iunile zilnice ale polonezilor au influen\u0163at \u00eencrederea lor \u00een sine sau diferen\u0163a dintre echipele din Polonia \u015fi cele din alte \u0163\u0103ri sunt c\u00e2teva dintre temele abordate \u00een film.<\/p>\n<p><strong>16 august, ora 9.00<\/strong><\/p>\n<p><strong>Juc\u0103rii<\/strong>\u00a0\/ Toys<\/p>\n<p>Polonia, 2011, 52 min.<br \/>Regia: Andrzej Wolski<\/p>\n<p>Cum \u015fi cu ce se jucau copiii \u00een Polonia, \u00een perioada comunist\u0103? Se bucurau oare ace\u015ftia de acelea\u015fi juc\u0103rii ca cei din Vest?<br \/>Joaca este un moment fundamental pentru dezvoltarea personal\u0103 cu at\u00e2t mai mult cu c\u00e2t sub presiunea unui regim autoritar libertatea \u015fi identitatea personal\u0103 sunt p\u0103strate cu greu. Documentarul prezint\u0103 leg\u0103tura dintre creativitatea adul\u0163ilor de ast\u0103zi \u015fi juc\u0103riile pe care le-au avut \u00een copil\u0103rie.<\/p>\n<p>Programul complet al evenimentului poate fi consultat aici:\u00a0<a href=\"http:\/\/www.ericvoegelin.ro\/zilelefilmului.php\" target=\"_blank\" rel=\"noopener noreferrer\">http:\/\/www.ericvoegelin.ro\/zilelefilmului.php<\/a><\/p>\n","protected":false},"excerpt":{"rendered":"<p>Sala Oglinzilor, Prim\u0103ria Municipiului Vatra-Dornei 14 august, ora 18.00 Moda politic\u0103\u00a0\/ Political dress Polonia, 2011, 63 min.Regia: Judyta Fibiger Documentarul relateaz\u0103 pove\u015ftile celor identifica\u0163i ca \u201esaboteuri\u201d ideologici de c\u0103tre autorit\u0103\u0163i, urm\u0103rind evolu\u0163ia modei din anii \u00een care \u015fosetele colorate atr\u0103geau observa\u0163ii din partea autorit\u0103\u0163ilor, la fascina\u0163ia fa\u0163\u0103 de moda parizian\u0103 a anilor &#8217;60, copiii teribili [&hellip;]<\/p>\n","protected":false},"author":44,"featured_media":3598,"comment_status":"open","ping_status":"open","sticky":false,"template":"","format":"standard","meta":{"inline_featured_image":false,"_monsterinsights_skip_tracking":false,"_monsterinsights_sitenote_active":false,"_monsterinsights_sitenote_note":"","_monsterinsights_sitenote_category":0,"footnotes":""},"categories":[18],"tags":[],"class_list":["post-3597","post","type-post","status-publish","format-standard","has-post-thumbnail","hentry","category-cinema"],"yoast_head":"<!-- This site is optimized with the Yoast SEO plugin v24.6 - https:\/\/yoast.com\/wordpress\/plugins\/seo\/ -->\n<title>Documentare poloneze la Vatra-Dornei - Instytut Polski w Bukareszcie<\/title>\n<meta name=\"robots\" content=\"index, follow, max-snippet:-1, max-image-preview:large, max-video-preview:-1\" \/>\n<link rel=\"canonical\" href=\"https:\/\/instytutpolski.pl\/bucuresti\/2015\/08\/10\/documentare-poloneze-la-vatra-dornei\/\" \/>\n<meta property=\"og:locale\" content=\"pl_PL\" \/>\n<meta property=\"og:type\" content=\"article\" \/>\n<meta property=\"og:title\" content=\"Documentare poloneze la Vatra-Dornei - Instytut Polski w Bukareszcie\" \/>\n<meta property=\"og:description\" content=\"Sala Oglinzilor, Prim\u0103ria Municipiului Vatra-Dornei 14 august, ora 18.00 Moda politic\u0103\u00a0\/ Political dress Polonia, 2011, 63 min.Regia: Judyta Fibiger Documentarul relateaz\u0103 pove\u015ftile celor identifica\u0163i ca \u201esaboteuri\u201d ideologici de c\u0103tre autorit\u0103\u0163i, urm\u0103rind evolu\u0163ia modei din anii \u00een care \u015fosetele colorate atr\u0103geau observa\u0163ii din partea autorit\u0103\u0163ilor, la fascina\u0163ia fa\u0163\u0103 de moda parizian\u0103 a anilor &#8217;60, copiii teribili [&hellip;]\" \/>\n<meta property=\"og:url\" content=\"https:\/\/instytutpolski.pl\/bucuresti\/2015\/08\/10\/documentare-poloneze-la-vatra-dornei\/\" \/>\n<meta property=\"og:site_name\" content=\"Instytut Polski w Bukareszcie\" \/>\n<meta property=\"article:published_time\" content=\"2015-08-10T10:31:00+00:00\" \/>\n<meta property=\"article:modified_time\" content=\"2020-06-04T10:34:23+00:00\" \/>\n<meta property=\"og:image\" content=\"https:\/\/instytutpolski.pl\/bucuresti\/wp-content\/uploads\/sites\/11\/2020\/06\/documentare-poloneze-la-vatra-dornei-2.jpg\" \/>\n\t<meta property=\"og:image:width\" content=\"1181\" \/>\n\t<meta property=\"og:image:height\" content=\"1670\" \/>\n\t<meta property=\"og:image:type\" content=\"image\/jpeg\" \/>\n<meta name=\"author\" content=\"zalaszewskak\" \/>\n<meta name=\"twitter:card\" content=\"summary_large_image\" \/>\n<meta name=\"twitter:label1\" content=\"Napisane przez\" \/>\n\t<meta name=\"twitter:data1\" content=\"zalaszewskak\" \/>\n\t<meta name=\"twitter:label2\" content=\"Szacowany czas czytania\" \/>\n\t<meta name=\"twitter:data2\" content=\"2 minuty\" \/>\n<script type=\"application\/ld+json\" class=\"yoast-schema-graph\">{\"@context\":\"https:\/\/schema.org\",\"@graph\":[{\"@type\":\"event\",\"@id\":\"https:\/\/instytutpolski.pl\/bucuresti\/2015\/08\/10\/documentare-poloneze-la-vatra-dornei\/\",\"url\":\"https:\/\/instytutpolski.pl\/bucuresti\/2015\/08\/10\/documentare-poloneze-la-vatra-dornei\/\",\"name\":\"Documentare poloneze la Vatra-Dornei\",\"isPartOf\":{\"@id\":\"https:\/\/instytutpolski.pl\/bucuresti\/#website\"},\"primaryImageOfPage\":{\"@id\":\"https:\/\/instytutpolski.pl\/bucuresti\/2015\/08\/10\/documentare-poloneze-la-vatra-dornei\/#primaryimage\"},\"image\":[\"https:\/\/instytutpolski.pl\/bucuresti\/wp-content\/uploads\/sites\/11\/2020\/06\/documentare-poloneze-la-vatra-dornei-2.jpg\",\"https:\/\/instytutpolski.pl\/bucuresti\/wp-content\/uploads\/sites\/11\/2020\/06\/documentare-poloneze-la-vatra-dornei-2-212x300.jpg\",\"https:\/\/instytutpolski.pl\/bucuresti\/wp-content\/uploads\/sites\/11\/2020\/06\/documentare-poloneze-la-vatra-dornei-2-724x1024.jpg\",\"https:\/\/instytutpolski.pl\/bucuresti\/wp-content\/uploads\/sites\/11\/2020\/06\/documentare-poloneze-la-vatra-dornei-2.jpg\"],\"thumbnailUrl\":\"https:\/\/instytutpolski.pl\/bucuresti\/wp-content\/uploads\/sites\/11\/2020\/06\/documentare-poloneze-la-vatra-dornei-2.jpg\",\"datePublished\":\"2015-08-10T10:31:00+02:00\",\"dateModified\":\"2020-06-04T10:34:23+02:00\",\"author\":{\"@id\":\"https:\/\/instytutpolski.pl\/bucuresti\/#\/schema\/person\/cbf38f4ffa10f919673d0e5f3ee6677d\"},\"breadcrumb\":{\"@id\":\"https:\/\/instytutpolski.pl\/bucuresti\/2015\/08\/10\/documentare-poloneze-la-vatra-dornei\/#breadcrumb\"},\"inLanguage\":\"pl-PL\",\"potentialAction\":[{\"@type\":\"ReadAction\",\"target\":[\"https:\/\/instytutpolski.pl\/bucuresti\/2015\/08\/10\/documentare-poloneze-la-vatra-dornei\/\"]}],\"@context\":\"https:\/\/schema.org\",\"startDate\":\"2015-08-14\",\"endDate\":\"2015-08-16\",\"eventStatus\":\"EventScheduled\",\"eventAttendanceMode\":\"OfflineEventAttendanceMode\",\"location\":{\"@type\":\"place\",\"name\":\"\",\"address\":\"\",\"geo\":{\"@type\":\"GeoCoordinates\",\"latitude\":\"\",\"longitude\":\"\"}},\"description\":\"Sala Oglinzilor, Prim\u0103ria Municipiului Vatra-Dornei\\n14 august, ora 18.00\\nModa politic\u0103\u00a0\/ Political dress\\nPolonia, 2011, 63 min.Regia: Judyta Fibiger\\nDocumentarul relateaz\u0103 pove\u015ftile celor identifica\u0163i ca \u201esaboteuri\u201d ideologici de c\u0103tre autorit\u0103\u0163i, urm\u0103rind evolu\u0163ia modei din anii \u00een care \u015fosetele colorate atr\u0103geau observa\u0163ii din partea autorit\u0103\u0163ilor, la fascina\u0163ia fa\u0163\u0103 de moda parizian\u0103 a anilor '60, copiii teribili ai anilor '70 \u015fi stilul punk rock al perioadei mar\u0163iale.\\nora 22.00, P\u00e2rtia Veveri\u021ba\\nStrig\u0103tul libert\u0103\u021bii\u00a0\/ Beats of freedom\\nPolonia 2010, 72 min.Regia: Leszek Gnoi\u0144ski, Wojciech S\u0142ota\\n\u201eStrig\u0103tul libert\u0103\u021bii\u201d spune povestea muzicii rock \u00een perioada comunist\u0103 a Poloniei, prezentat\u0103 din perspectiva ziaristului englez de origine polonez\u0103, Chris Salewicz. Un film despre sound-ul care a oferit oamenilor o doz\u0103 de libertate, un respiro \u00eentr-o lume plin\u0103 de constr\u00e2ngeri \u0219i interdic\u021bii. O c\u0103l\u0103torie muzical\u0103 \u00een timp, cu \u00eenregistr\u0103ri unicat, extrem de emo\u0163ionante, din ultimii 50 de ani.\\n15 august, ora 19.00\\nArta libert\u0103\u021bii\u00a0\/ Art of freedom\\nPolonia, 2011, 70 min.Regia: Wojciech S\u0142ota, Marek K\u0142osowicz\\n\u201eArta libert\u0103\u021bii\u201d prezint\u0103 fenomenul alpinismului \u00een anii \u201970 \u015fi \u201980, c\u00e2nd socialismul atinsese apogeul \u00een Polonia. \u00cen ciuda situa\u0163iei economice dificile din \u0163ar\u0103, polonezii organizau expedi\u0163ii costisitoare \u00een Mun\u0163ii Himalaya, devenind unii dintre cei mai aprecia\u0163i alpini\u015fti din lume. Felul \u00een care priva\u0163iunile zilnice ale polonezilor au influen\u0163at \u00eencrederea lor \u00een sine sau diferen\u0163a dintre echipele din Polonia \u015fi cele din alte \u0163\u0103ri sunt c\u00e2teva dintre temele abordate \u00een film.\\n16 august, ora 9.00\\nJuc\u0103rii\u00a0\/ Toys\\nPolonia, 2011, 52 min.Regia: Andrzej Wolski\\nCum \u015fi cu ce se jucau copiii \u00een Polonia, \u00een perioada comunist\u0103? Se bucurau oare ace\u015ftia de acelea\u015fi juc\u0103rii ca cei din Vest?Joaca este un moment fundamental pentru dezvoltarea personal\u0103 cu at\u00e2t mai mult cu c\u00e2t sub presiunea unui regim autoritar libertatea \u015fi identitatea personal\u0103 sunt p\u0103strate cu greu. Documentarul prezint\u0103 leg\u0103tura dintre creativitatea adul\u0163ilor de ast\u0103zi \u015fi juc\u0103riile pe care le-au avut \u00een copil\u0103rie.\\nProgramul complet al evenimentului poate fi consultat aici:\u00a0http:\/\/www.ericvoegelin.ro\/zilelefilmului.php\"},{\"@type\":\"ImageObject\",\"inLanguage\":\"pl-PL\",\"@id\":\"https:\/\/instytutpolski.pl\/bucuresti\/2015\/08\/10\/documentare-poloneze-la-vatra-dornei\/#primaryimage\",\"url\":\"https:\/\/instytutpolski.pl\/bucuresti\/wp-content\/uploads\/sites\/11\/2020\/06\/documentare-poloneze-la-vatra-dornei-2.jpg\",\"contentUrl\":\"https:\/\/instytutpolski.pl\/bucuresti\/wp-content\/uploads\/sites\/11\/2020\/06\/documentare-poloneze-la-vatra-dornei-2.jpg\",\"width\":1181,\"height\":1670},{\"@type\":\"BreadcrumbList\",\"@id\":\"https:\/\/instytutpolski.pl\/bucuresti\/2015\/08\/10\/documentare-poloneze-la-vatra-dornei\/#breadcrumb\",\"itemListElement\":[{\"@type\":\"ListItem\",\"position\":1,\"name\":\"Home\",\"item\":\"https:\/\/instytutpolski.pl\/bucuresti\/\"},{\"@type\":\"ListItem\",\"position\":2,\"name\":\"Documentare poloneze la Vatra-Dornei\"}]},{\"@type\":\"WebSite\",\"@id\":\"https:\/\/instytutpolski.pl\/bucuresti\/#website\",\"url\":\"https:\/\/instytutpolski.pl\/bucuresti\/\",\"name\":\"Instytut Polski w Bukareszcie\",\"description\":\"Instytuty Polskie\",\"potentialAction\":[{\"@type\":\"SearchAction\",\"target\":{\"@type\":\"EntryPoint\",\"urlTemplate\":\"https:\/\/instytutpolski.pl\/bucuresti\/?s={search_term_string}\"},\"query-input\":{\"@type\":\"PropertyValueSpecification\",\"valueRequired\":true,\"valueName\":\"search_term_string\"}}],\"inLanguage\":\"pl-PL\"},{\"@type\":\"Person\",\"@id\":\"https:\/\/instytutpolski.pl\/bucuresti\/#\/schema\/person\/cbf38f4ffa10f919673d0e5f3ee6677d\",\"name\":\"zalaszewskak\",\"image\":{\"@type\":\"ImageObject\",\"inLanguage\":\"pl-PL\",\"@id\":\"https:\/\/instytutpolski.pl\/bucuresti\/#\/schema\/person\/image\/\",\"url\":\"https:\/\/secure.gravatar.com\/avatar\/c2e847fb86e9b9e6a80aa771ff34772f?s=96&d=mm&r=g\",\"contentUrl\":\"https:\/\/secure.gravatar.com\/avatar\/c2e847fb86e9b9e6a80aa771ff34772f?s=96&d=mm&r=g\",\"caption\":\"zalaszewskak\"},\"url\":\"https:\/\/instytutpolski.pl\/bucuresti\/author\/zalaszewskak\/\"}]}<\/script>\n<!-- \/ Yoast SEO plugin. -->","yoast_head_json":{"title":"Documentare poloneze la Vatra-Dornei - Instytut Polski w Bukareszcie","robots":{"index":"index","follow":"follow","max-snippet":"max-snippet:-1","max-image-preview":"max-image-preview:large","max-video-preview":"max-video-preview:-1"},"canonical":"https:\/\/instytutpolski.pl\/bucuresti\/2015\/08\/10\/documentare-poloneze-la-vatra-dornei\/","og_locale":"pl_PL","og_type":"article","og_title":"Documentare poloneze la Vatra-Dornei - Instytut Polski w Bukareszcie","og_description":"Sala Oglinzilor, Prim\u0103ria Municipiului Vatra-Dornei 14 august, ora 18.00 Moda politic\u0103\u00a0\/ Political dress Polonia, 2011, 63 min.Regia: Judyta Fibiger Documentarul relateaz\u0103 pove\u015ftile celor identifica\u0163i ca \u201esaboteuri\u201d ideologici de c\u0103tre autorit\u0103\u0163i, urm\u0103rind evolu\u0163ia modei din anii \u00een care \u015fosetele colorate atr\u0103geau observa\u0163ii din partea autorit\u0103\u0163ilor, la fascina\u0163ia fa\u0163\u0103 de moda parizian\u0103 a anilor &#8217;60, copiii teribili [&hellip;]","og_url":"https:\/\/instytutpolski.pl\/bucuresti\/2015\/08\/10\/documentare-poloneze-la-vatra-dornei\/","og_site_name":"Instytut Polski w Bukareszcie","article_published_time":"2015-08-10T10:31:00+00:00","article_modified_time":"2020-06-04T10:34:23+00:00","og_image":[{"width":1181,"height":1670,"url":"https:\/\/instytutpolski.pl\/bucuresti\/wp-content\/uploads\/sites\/11\/2020\/06\/documentare-poloneze-la-vatra-dornei-2.jpg","type":"image\/jpeg"}],"author":"zalaszewskak","twitter_card":"summary_large_image","twitter_misc":{"Napisane przez":"zalaszewskak","Szacowany czas czytania":"2 minuty"},"schema":{"@context":"https:\/\/schema.org","@graph":[{"@type":"event","@id":"https:\/\/instytutpolski.pl\/bucuresti\/2015\/08\/10\/documentare-poloneze-la-vatra-dornei\/","url":"https:\/\/instytutpolski.pl\/bucuresti\/2015\/08\/10\/documentare-poloneze-la-vatra-dornei\/","name":"Documentare poloneze la Vatra-Dornei","isPartOf":{"@id":"https:\/\/instytutpolski.pl\/bucuresti\/#website"},"primaryImageOfPage":{"@id":"https:\/\/instytutpolski.pl\/bucuresti\/2015\/08\/10\/documentare-poloneze-la-vatra-dornei\/#primaryimage"},"image":["https:\/\/instytutpolski.pl\/bucuresti\/wp-content\/uploads\/sites\/11\/2020\/06\/documentare-poloneze-la-vatra-dornei-2.jpg","https:\/\/instytutpolski.pl\/bucuresti\/wp-content\/uploads\/sites\/11\/2020\/06\/documentare-poloneze-la-vatra-dornei-2-212x300.jpg","https:\/\/instytutpolski.pl\/bucuresti\/wp-content\/uploads\/sites\/11\/2020\/06\/documentare-poloneze-la-vatra-dornei-2-724x1024.jpg","https:\/\/instytutpolski.pl\/bucuresti\/wp-content\/uploads\/sites\/11\/2020\/06\/documentare-poloneze-la-vatra-dornei-2.jpg"],"thumbnailUrl":"https:\/\/instytutpolski.pl\/bucuresti\/wp-content\/uploads\/sites\/11\/2020\/06\/documentare-poloneze-la-vatra-dornei-2.jpg","datePublished":"2015-08-10T10:31:00+02:00","dateModified":"2020-06-04T10:34:23+02:00","author":{"@id":"https:\/\/instytutpolski.pl\/bucuresti\/#\/schema\/person\/cbf38f4ffa10f919673d0e5f3ee6677d"},"breadcrumb":{"@id":"https:\/\/instytutpolski.pl\/bucuresti\/2015\/08\/10\/documentare-poloneze-la-vatra-dornei\/#breadcrumb"},"inLanguage":"pl-PL","potentialAction":[{"@type":"ReadAction","target":["https:\/\/instytutpolski.pl\/bucuresti\/2015\/08\/10\/documentare-poloneze-la-vatra-dornei\/"]}],"@context":"https:\/\/schema.org","startDate":"2015-08-14","endDate":"2015-08-16","eventStatus":"EventScheduled","eventAttendanceMode":"OfflineEventAttendanceMode","location":{"@type":"place","name":"","address":"","geo":{"@type":"GeoCoordinates","latitude":"","longitude":""}},"description":"Sala Oglinzilor, Prim\u0103ria Municipiului Vatra-Dornei\n14 august, ora 18.00\nModa politic\u0103\u00a0\/ Political dress\nPolonia, 2011, 63 min.Regia: Judyta Fibiger\nDocumentarul relateaz\u0103 pove\u015ftile celor identifica\u0163i ca \u201esaboteuri\u201d ideologici de c\u0103tre autorit\u0103\u0163i, urm\u0103rind evolu\u0163ia modei din anii \u00een care \u015fosetele colorate atr\u0103geau observa\u0163ii din partea autorit\u0103\u0163ilor, la fascina\u0163ia fa\u0163\u0103 de moda parizian\u0103 a anilor '60, copiii teribili ai anilor '70 \u015fi stilul punk rock al perioadei mar\u0163iale.\nora 22.00, P\u00e2rtia Veveri\u021ba\nStrig\u0103tul libert\u0103\u021bii\u00a0\/ Beats of freedom\nPolonia 2010, 72 min.Regia: Leszek Gnoi\u0144ski, Wojciech S\u0142ota\n\u201eStrig\u0103tul libert\u0103\u021bii\u201d spune povestea muzicii rock \u00een perioada comunist\u0103 a Poloniei, prezentat\u0103 din perspectiva ziaristului englez de origine polonez\u0103, Chris Salewicz. Un film despre sound-ul care a oferit oamenilor o doz\u0103 de libertate, un respiro \u00eentr-o lume plin\u0103 de constr\u00e2ngeri \u0219i interdic\u021bii. O c\u0103l\u0103torie muzical\u0103 \u00een timp, cu \u00eenregistr\u0103ri unicat, extrem de emo\u0163ionante, din ultimii 50 de ani.\n15 august, ora 19.00\nArta libert\u0103\u021bii\u00a0\/ Art of freedom\nPolonia, 2011, 70 min.Regia: Wojciech S\u0142ota, Marek K\u0142osowicz\n\u201eArta libert\u0103\u021bii\u201d prezint\u0103 fenomenul alpinismului \u00een anii \u201970 \u015fi \u201980, c\u00e2nd socialismul atinsese apogeul \u00een Polonia. \u00cen ciuda situa\u0163iei economice dificile din \u0163ar\u0103, polonezii organizau expedi\u0163ii costisitoare \u00een Mun\u0163ii Himalaya, devenind unii dintre cei mai aprecia\u0163i alpini\u015fti din lume. Felul \u00een care priva\u0163iunile zilnice ale polonezilor au influen\u0163at \u00eencrederea lor \u00een sine sau diferen\u0163a dintre echipele din Polonia \u015fi cele din alte \u0163\u0103ri sunt c\u00e2teva dintre temele abordate \u00een film.\n16 august, ora 9.00\nJuc\u0103rii\u00a0\/ Toys\nPolonia, 2011, 52 min.Regia: Andrzej Wolski\nCum \u015fi cu ce se jucau copiii \u00een Polonia, \u00een perioada comunist\u0103? Se bucurau oare ace\u015ftia de acelea\u015fi juc\u0103rii ca cei din Vest?Joaca este un moment fundamental pentru dezvoltarea personal\u0103 cu at\u00e2t mai mult cu c\u00e2t sub presiunea unui regim autoritar libertatea \u015fi identitatea personal\u0103 sunt p\u0103strate cu greu. Documentarul prezint\u0103 leg\u0103tura dintre creativitatea adul\u0163ilor de ast\u0103zi \u015fi juc\u0103riile pe care le-au avut \u00een copil\u0103rie.\nProgramul complet al evenimentului poate fi consultat aici:\u00a0http:\/\/www.ericvoegelin.ro\/zilelefilmului.php"},{"@type":"ImageObject","inLanguage":"pl-PL","@id":"https:\/\/instytutpolski.pl\/bucuresti\/2015\/08\/10\/documentare-poloneze-la-vatra-dornei\/#primaryimage","url":"https:\/\/instytutpolski.pl\/bucuresti\/wp-content\/uploads\/sites\/11\/2020\/06\/documentare-poloneze-la-vatra-dornei-2.jpg","contentUrl":"https:\/\/instytutpolski.pl\/bucuresti\/wp-content\/uploads\/sites\/11\/2020\/06\/documentare-poloneze-la-vatra-dornei-2.jpg","width":1181,"height":1670},{"@type":"BreadcrumbList","@id":"https:\/\/instytutpolski.pl\/bucuresti\/2015\/08\/10\/documentare-poloneze-la-vatra-dornei\/#breadcrumb","itemListElement":[{"@type":"ListItem","position":1,"name":"Home","item":"https:\/\/instytutpolski.pl\/bucuresti\/"},{"@type":"ListItem","position":2,"name":"Documentare poloneze la Vatra-Dornei"}]},{"@type":"WebSite","@id":"https:\/\/instytutpolski.pl\/bucuresti\/#website","url":"https:\/\/instytutpolski.pl\/bucuresti\/","name":"Instytut Polski w Bukareszcie","description":"Instytuty Polskie","potentialAction":[{"@type":"SearchAction","target":{"@type":"EntryPoint","urlTemplate":"https:\/\/instytutpolski.pl\/bucuresti\/?s={search_term_string}"},"query-input":{"@type":"PropertyValueSpecification","valueRequired":true,"valueName":"search_term_string"}}],"inLanguage":"pl-PL"},{"@type":"Person","@id":"https:\/\/instytutpolski.pl\/bucuresti\/#\/schema\/person\/cbf38f4ffa10f919673d0e5f3ee6677d","name":"zalaszewskak","image":{"@type":"ImageObject","inLanguage":"pl-PL","@id":"https:\/\/instytutpolski.pl\/bucuresti\/#\/schema\/person\/image\/","url":"https:\/\/secure.gravatar.com\/avatar\/c2e847fb86e9b9e6a80aa771ff34772f?s=96&d=mm&r=g","contentUrl":"https:\/\/secure.gravatar.com\/avatar\/c2e847fb86e9b9e6a80aa771ff34772f?s=96&d=mm&r=g","caption":"zalaszewskak"},"url":"https:\/\/instytutpolski.pl\/bucuresti\/author\/zalaszewskak\/"}]}},"_links":{"self":[{"href":"https:\/\/instytutpolski.pl\/bucuresti\/wp-json\/wp\/v2\/posts\/3597","targetHints":{"allow":["GET"]}}],"collection":[{"href":"https:\/\/instytutpolski.pl\/bucuresti\/wp-json\/wp\/v2\/posts"}],"about":[{"href":"https:\/\/instytutpolski.pl\/bucuresti\/wp-json\/wp\/v2\/types\/post"}],"author":[{"embeddable":true,"href":"https:\/\/instytutpolski.pl\/bucuresti\/wp-json\/wp\/v2\/users\/44"}],"replies":[{"embeddable":true,"href":"https:\/\/instytutpolski.pl\/bucuresti\/wp-json\/wp\/v2\/comments?post=3597"}],"version-history":[{"count":2,"href":"https:\/\/instytutpolski.pl\/bucuresti\/wp-json\/wp\/v2\/posts\/3597\/revisions"}],"predecessor-version":[{"id":3600,"href":"https:\/\/instytutpolski.pl\/bucuresti\/wp-json\/wp\/v2\/posts\/3597\/revisions\/3600"}],"wp:featuredmedia":[{"embeddable":true,"href":"https:\/\/instytutpolski.pl\/bucuresti\/wp-json\/wp\/v2\/media\/3598"}],"wp:attachment":[{"href":"https:\/\/instytutpolski.pl\/bucuresti\/wp-json\/wp\/v2\/media?parent=3597"}],"wp:term":[{"taxonomy":"category","embeddable":true,"href":"https:\/\/instytutpolski.pl\/bucuresti\/wp-json\/wp\/v2\/categories?post=3597"},{"taxonomy":"post_tag","embeddable":true,"href":"https:\/\/instytutpolski.pl\/bucuresti\/wp-json\/wp\/v2\/tags?post=3597"}],"curies":[{"name":"wp","href":"https:\/\/api.w.org\/{rel}","templated":true}]}}