{"id":3653,"date":"2016-05-19T13:16:00","date_gmt":"2016-05-19T11:16:00","guid":{"rendered":"https:\/\/instytutpolski.pl\/bucuresti\/?p=3653"},"modified":"2020-06-04T13:19:55","modified_gmt":"2020-06-04T11:19:55","slug":"polonezii-la-primavara-europeana-a-poetilor","status":"publish","type":"post","link":"https:\/\/instytutpolski.pl\/bucuresti\/2016\/05\/19\/polonezii-la-primavara-europeana-a-poetilor\/","title":{"rendered":"Polonezii la Prim\u0103vara European\u0103 a Poe\u021bilor"},"content":{"rendered":"\n<p align=\"center\"><strong>Festivalul Interna\u021bional \u201ePrim<\/strong><strong>\u0103vara European\u0103 a Poe\u021bilor<\/strong><strong>\u201d,<\/strong><\/p>\n<p align=\"center\"><strong>ed. a VI-a, Chi\u0219in\u0103u, 16-19 mai 2016<\/strong><\/p>\n<p>Organizatori: Uniunea Scriitorilor din Moldova, Ministerul Culturii al Republicii Moldova, Institutul Cultural Rom\u00e2n \u201eMihai Eminescu\u201d, Prim\u0103ria Municipiului Chi\u0219in\u0103u<\/p>\n<p>Aproape toate manifestarile incluse in program vor avea loc la sediul Uniunii Scriitorilor din Moldova, str. 31 August 1989 nr. 98.<\/p>\n<p>Programul Festivalului va cuprinde simpozioanele \u201e<em>Dialoguri europene \u2013 poe\u021bi \u0219i traduc\u0103tori<\/em>\u201d \u0219i \u201e<em>Poetul \u0219i traduc\u0103torul Paul Mihnea \u2013 \u00een noul context literar<\/em>\u201d, colocviul \u201e<em>Poetul \u0219i cetatea<\/em>\u201d, precum \u0219i lecturi publice, \u00eent\u00e2lniri cu cititorii, lans\u0103ri de carte \u0219.a.<\/p>\n<p>La festival vor participa, al\u0103turi de poe\u021bi din Rom\u00e2nia, \u0219i invita\u021bi din Belgia, Fran\u021ba, Italia, Marea Britanie, Olanda, Polonia, Spania, Ucraina.<\/p>\n<p>Invita\u021bi din Polonia: Joanna Korna\u015b-Warwas \u0219i Jakub Kornhauser.<\/p>\n<p><strong>Joanna\u00a0<\/strong><strong>Korna\u015b-Warwas<\/strong>\u00a0&#8211; traduc\u0103toare, lector de limba rom\u00e2n\u0103. A studiat filologia rom\u00e2n\u0103 la Universitatea Jagiellon\u0103. Conduce \u0219coala de limbi CALITATE din Cracovia. A tradus proz\u0103, poezie, dramaturgie. Este autoarea traducerilor unor volume semnate de unii dinre cei mai aprecia\u021bi scriitori rm\u00e2ni, precum Max Blecher, Mircea C\u0103rt\u0103rescu, Dan Lungu, Ioan Es. Pop, Varujan Vosganian, Lucian Boia. Romanul\u00a0<em>Sunt o bab\u0103 comunist\u0103!<\/em>\u00a0De Dan Lungu a fost nominalizat \u00een semifinala Premiului Angelus pentru cea mai bun\u0103 carte din Europa Central\u0103 \u00een anul 2010. \u00cen martie 2016, Joanna Korna\u015b-Warwas a fost distins\u0103 cu Premiul pentru traducere acordat \u00een cadrul competi\u021biei \u201ePoetul European al Libert\u0103\u021bii 2016\u201d, pentru traducerea \u00een limba polon\u0103 a volumului\u00a0<em>Patria mea A4<\/em>\u00a0de Ana Blandiana (publicat \u00een ianuarie 2016). \u00cen cursul lunii aprilie 2016 a avut loc la Katowice, Cracovia \u0219i Var\u0219ovia, cu participarea autorului, lansarea edi\u021biei poloneze a volumului reputatului istoric Lucian Boia,\u00a0<em>De ce este Rom\u00e2nia altfel?<\/em>, \u00een traducerea Joannei Korna\u015b-Warwas. Cartea a fost publicat\u0103 de Centrul Interna\u021bional pentru Cultur\u0103 de la Cracovia.<\/p>\n<p><strong>Jakub Kornhauser<\/strong>\u00a0este teoretician si istoric literar polonez, poet si traduc\u0103tor. A tradus din scriitorii rom\u00e2ni Gellu Naum, Gherasim Luca, Geo Bogza, Ilarie Voronca. Textele traduse au ap\u0103rut \u00een volumul\u00a0<em>Cerneala surd\u0103<\/em>\u00a0(2014), antologie de manifeste ale avangardei central- europene. Este redactor la revista \u201eLiteratura na \u015bwiecie\u201d\/Literatura \u00een lume. \u00cen anul 2017, un num\u0103r al acestei reviste va fi dedicat literaturii rom\u00e2ne din Rom\u00e2nia \u0219i Republica Moldova.<\/p>\n<p>Foto: JKW Korta Studio<\/p>\n","protected":false},"excerpt":{"rendered":"<p>Festivalul Interna\u021bional \u201ePrim\u0103vara European\u0103 a Poe\u021bilor\u201d, ed. a VI-a, Chi\u0219in\u0103u, 16-19 mai 2016 Organizatori: Uniunea Scriitorilor din Moldova, Ministerul Culturii al Republicii Moldova, Institutul Cultural Rom\u00e2n \u201eMihai Eminescu\u201d, Prim\u0103ria Municipiului Chi\u0219in\u0103u Aproape toate manifestarile incluse in program vor avea loc la sediul Uniunii Scriitorilor din Moldova, str. 31 August 1989 nr. 98. Programul Festivalului va [&hellip;]<\/p>\n","protected":false},"author":42,"featured_media":3656,"comment_status":"open","ping_status":"open","sticky":false,"template":"","format":"standard","meta":{"inline_featured_image":false,"_monsterinsights_skip_tracking":false,"_monsterinsights_sitenote_active":false,"_monsterinsights_sitenote_note":"","_monsterinsights_sitenote_category":0,"footnotes":""},"categories":[1,157],"tags":[],"class_list":["post-3653","post","type-post","status-publish","format-standard","has-post-thumbnail","hentry","category-alte","category-literatura"],"yoast_head":"<!-- This site is optimized with the Yoast SEO plugin v24.6 - https:\/\/yoast.com\/wordpress\/plugins\/seo\/ -->\n<title>Polonezii la Prim\u0103vara European\u0103 a Poe\u021bilor - Instytut Polski w Bukareszcie<\/title>\n<meta name=\"robots\" content=\"index, follow, max-snippet:-1, max-image-preview:large, max-video-preview:-1\" \/>\n<link rel=\"canonical\" href=\"https:\/\/instytutpolski.pl\/bucuresti\/2016\/05\/19\/polonezii-la-primavara-europeana-a-poetilor\/\" \/>\n<meta property=\"og:locale\" content=\"pl_PL\" \/>\n<meta property=\"og:type\" content=\"article\" \/>\n<meta property=\"og:title\" content=\"Polonezii la Prim\u0103vara European\u0103 a Poe\u021bilor - Instytut Polski w Bukareszcie\" \/>\n<meta property=\"og:description\" content=\"Festivalul Interna\u021bional \u201ePrim\u0103vara European\u0103 a Poe\u021bilor\u201d, ed. a VI-a, Chi\u0219in\u0103u, 16-19 mai 2016 Organizatori: Uniunea Scriitorilor din Moldova, Ministerul Culturii al Republicii Moldova, Institutul Cultural Rom\u00e2n \u201eMihai Eminescu\u201d, Prim\u0103ria Municipiului Chi\u0219in\u0103u Aproape toate manifestarile incluse in program vor avea loc la sediul Uniunii Scriitorilor din Moldova, str. 31 August 1989 nr. 98. Programul Festivalului va [&hellip;]\" \/>\n<meta property=\"og:url\" content=\"https:\/\/instytutpolski.pl\/bucuresti\/2016\/05\/19\/polonezii-la-primavara-europeana-a-poetilor\/\" \/>\n<meta property=\"og:site_name\" content=\"Instytut Polski w Bukareszcie\" \/>\n<meta property=\"article:published_time\" content=\"2016-05-19T11:16:00+00:00\" \/>\n<meta property=\"article:modified_time\" content=\"2020-06-04T11:19:55+00:00\" \/>\n<meta property=\"og:image\" content=\"https:\/\/instytutpolski.pl\/bucuresti\/wp-content\/uploads\/sites\/11\/2020\/06\/zdjecie-jkw-korta-studio-2016_01d9a8.jpg\" \/>\n\t<meta property=\"og:image:width\" content=\"660\" \/>\n\t<meta property=\"og:image:height\" content=\"469\" \/>\n\t<meta property=\"og:image:type\" content=\"image\/jpeg\" \/>\n<meta name=\"author\" content=\"rutkowskip\" \/>\n<meta name=\"twitter:card\" content=\"summary_large_image\" \/>\n<meta name=\"twitter:label1\" content=\"Napisane przez\" \/>\n\t<meta name=\"twitter:data1\" content=\"rutkowskip\" \/>\n\t<meta name=\"twitter:label2\" content=\"Szacowany czas czytania\" \/>\n\t<meta name=\"twitter:data2\" content=\"2 minuty\" \/>\n<script type=\"application\/ld+json\" class=\"yoast-schema-graph\">{\"@context\":\"https:\/\/schema.org\",\"@graph\":[{\"@type\":\"event\",\"@id\":\"https:\/\/instytutpolski.pl\/bucuresti\/2016\/05\/19\/polonezii-la-primavara-europeana-a-poetilor\/\",\"url\":\"https:\/\/instytutpolski.pl\/bucuresti\/2016\/05\/19\/polonezii-la-primavara-europeana-a-poetilor\/\",\"name\":\"Polonezii la Prim\u0103vara European\u0103 a Poe\u021bilor\",\"isPartOf\":{\"@id\":\"https:\/\/instytutpolski.pl\/bucuresti\/#website\"},\"primaryImageOfPage\":{\"@id\":\"https:\/\/instytutpolski.pl\/bucuresti\/2016\/05\/19\/polonezii-la-primavara-europeana-a-poetilor\/#primaryimage\"},\"image\":[\"https:\/\/instytutpolski.pl\/bucuresti\/wp-content\/uploads\/sites\/11\/2020\/06\/zdjecie-jkw-korta-studio-2016_01d9a8.jpg\",\"https:\/\/instytutpolski.pl\/bucuresti\/wp-content\/uploads\/sites\/11\/2020\/06\/zdjecie-jkw-korta-studio-2016_01d9a8-300x213.jpg\",\"https:\/\/instytutpolski.pl\/bucuresti\/wp-content\/uploads\/sites\/11\/2020\/06\/zdjecie-jkw-korta-studio-2016_01d9a8.jpg\",\"https:\/\/instytutpolski.pl\/bucuresti\/wp-content\/uploads\/sites\/11\/2020\/06\/zdjecie-jkw-korta-studio-2016_01d9a8.jpg\"],\"thumbnailUrl\":\"https:\/\/instytutpolski.pl\/bucuresti\/wp-content\/uploads\/sites\/11\/2020\/06\/zdjecie-jkw-korta-studio-2016_01d9a8.jpg\",\"datePublished\":\"2016-05-19T11:16:00+02:00\",\"dateModified\":\"2020-06-04T11:19:55+02:00\",\"author\":{\"@id\":\"https:\/\/instytutpolski.pl\/bucuresti\/#\/schema\/person\/980fdccff6ea3f1cab069becadecca5b\"},\"breadcrumb\":{\"@id\":\"https:\/\/instytutpolski.pl\/bucuresti\/2016\/05\/19\/polonezii-la-primavara-europeana-a-poetilor\/#breadcrumb\"},\"inLanguage\":\"pl-PL\",\"potentialAction\":[{\"@type\":\"ReadAction\",\"target\":[\"https:\/\/instytutpolski.pl\/bucuresti\/2016\/05\/19\/polonezii-la-primavara-europeana-a-poetilor\/\"]}],\"@context\":\"https:\/\/schema.org\",\"startDate\":\"2016-05-16\",\"endDate\":\"2016-05-19\",\"eventStatus\":\"EventScheduled\",\"eventAttendanceMode\":\"OfflineEventAttendanceMode\",\"location\":{\"@type\":\"place\",\"name\":\"\",\"address\":\"\",\"geo\":{\"@type\":\"GeoCoordinates\",\"latitude\":\"\",\"longitude\":\"\"}},\"description\":\"Festivalul Interna\u021bional \u201ePrim\u0103vara European\u0103 a Poe\u021bilor\u201d,\\ned. a VI-a, Chi\u0219in\u0103u, 16-19 mai 2016\\nOrganizatori: Uniunea Scriitorilor din Moldova, Ministerul Culturii al Republicii Moldova, Institutul Cultural Rom\u00e2n \u201eMihai Eminescu\u201d, Prim\u0103ria Municipiului Chi\u0219in\u0103u\\nAproape toate manifestarile incluse in program vor avea loc la sediul Uniunii Scriitorilor din Moldova, str. 31 August 1989 nr. 98.\\nProgramul Festivalului va cuprinde simpozioanele \u201eDialoguri europene \u2013 poe\u021bi \u0219i traduc\u0103tori\u201d \u0219i \u201ePoetul \u0219i traduc\u0103torul Paul Mihnea \u2013 \u00een noul context literar\u201d, colocviul \u201ePoetul \u0219i cetatea\u201d, precum \u0219i lecturi publice, \u00eent\u00e2lniri cu cititorii, lans\u0103ri de carte \u0219.a.\\nLa festival vor participa, al\u0103turi de poe\u021bi din Rom\u00e2nia, \u0219i invita\u021bi din Belgia, Fran\u021ba, Italia, Marea Britanie, Olanda, Polonia, Spania, Ucraina.\\nInvita\u021bi din Polonia: Joanna Korna\u015b-Warwas \u0219i Jakub Kornhauser.\\nJoanna\u00a0Korna\u015b-Warwas\u00a0- traduc\u0103toare, lector de limba rom\u00e2n\u0103. A studiat filologia rom\u00e2n\u0103 la Universitatea Jagiellon\u0103. Conduce \u0219coala de limbi CALITATE din Cracovia. A tradus proz\u0103, poezie, dramaturgie. Este autoarea traducerilor unor volume semnate de unii dinre cei mai aprecia\u021bi scriitori rm\u00e2ni, precum Max Blecher, Mircea C\u0103rt\u0103rescu, Dan Lungu, Ioan Es. Pop, Varujan Vosganian, Lucian Boia. Romanul\u00a0Sunt o bab\u0103 comunist\u0103!\u00a0De Dan Lungu a fost nominalizat \u00een semifinala Premiului Angelus pentru cea mai bun\u0103 carte din Europa Central\u0103 \u00een anul 2010. \u00cen martie 2016, Joanna Korna\u015b-Warwas a fost distins\u0103 cu Premiul pentru traducere acordat \u00een cadrul competi\u021biei \u201ePoetul European al Libert\u0103\u021bii 2016\u201d, pentru traducerea \u00een limba polon\u0103 a volumului\u00a0Patria mea A4\u00a0de Ana Blandiana (publicat \u00een ianuarie 2016). \u00cen cursul lunii aprilie 2016 a avut loc la Katowice, Cracovia \u0219i Var\u0219ovia, cu participarea autorului, lansarea edi\u021biei poloneze a volumului reputatului istoric Lucian Boia,\u00a0De ce este Rom\u00e2nia altfel?, \u00een traducerea Joannei Korna\u015b-Warwas. Cartea a fost publicat\u0103 de Centrul Interna\u021bional pentru Cultur\u0103 de la Cracovia.\\nJakub Kornhauser\u00a0este teoretician si istoric literar polonez, poet si traduc\u0103tor. A tradus din scriitorii rom\u00e2ni Gellu Naum, Gherasim Luca, Geo Bogza, Ilarie Voronca. Textele traduse au ap\u0103rut \u00een volumul\u00a0Cerneala surd\u0103\u00a0(2014), antologie de manifeste ale avangardei central- europene. Este redactor la revista \u201eLiteratura na \u015bwiecie\u201d\/Literatura \u00een lume. \u00cen anul 2017, un num\u0103r al acestei reviste va fi dedicat literaturii rom\u00e2ne din Rom\u00e2nia \u0219i Republica Moldova.\\nFoto: JKW Korta Studio\"},{\"@type\":\"ImageObject\",\"inLanguage\":\"pl-PL\",\"@id\":\"https:\/\/instytutpolski.pl\/bucuresti\/2016\/05\/19\/polonezii-la-primavara-europeana-a-poetilor\/#primaryimage\",\"url\":\"https:\/\/instytutpolski.pl\/bucuresti\/wp-content\/uploads\/sites\/11\/2020\/06\/zdjecie-jkw-korta-studio-2016_01d9a8.jpg\",\"contentUrl\":\"https:\/\/instytutpolski.pl\/bucuresti\/wp-content\/uploads\/sites\/11\/2020\/06\/zdjecie-jkw-korta-studio-2016_01d9a8.jpg\",\"width\":660,\"height\":469},{\"@type\":\"BreadcrumbList\",\"@id\":\"https:\/\/instytutpolski.pl\/bucuresti\/2016\/05\/19\/polonezii-la-primavara-europeana-a-poetilor\/#breadcrumb\",\"itemListElement\":[{\"@type\":\"ListItem\",\"position\":1,\"name\":\"Home\",\"item\":\"https:\/\/instytutpolski.pl\/bucuresti\/\"},{\"@type\":\"ListItem\",\"position\":2,\"name\":\"Polonezii la Prim\u0103vara European\u0103 a Poe\u021bilor\"}]},{\"@type\":\"WebSite\",\"@id\":\"https:\/\/instytutpolski.pl\/bucuresti\/#website\",\"url\":\"https:\/\/instytutpolski.pl\/bucuresti\/\",\"name\":\"Instytut Polski w Bukareszcie\",\"description\":\"Instytuty Polskie\",\"potentialAction\":[{\"@type\":\"SearchAction\",\"target\":{\"@type\":\"EntryPoint\",\"urlTemplate\":\"https:\/\/instytutpolski.pl\/bucuresti\/?s={search_term_string}\"},\"query-input\":{\"@type\":\"PropertyValueSpecification\",\"valueRequired\":true,\"valueName\":\"search_term_string\"}}],\"inLanguage\":\"pl-PL\"},{\"@type\":\"Person\",\"@id\":\"https:\/\/instytutpolski.pl\/bucuresti\/#\/schema\/person\/980fdccff6ea3f1cab069becadecca5b\",\"name\":\"rutkowskip\",\"image\":{\"@type\":\"ImageObject\",\"inLanguage\":\"pl-PL\",\"@id\":\"https:\/\/instytutpolski.pl\/bucuresti\/#\/schema\/person\/image\/\",\"url\":\"https:\/\/secure.gravatar.com\/avatar\/a44cb0329dc71f58530e0890a10f5e4d?s=96&d=mm&r=g\",\"contentUrl\":\"https:\/\/secure.gravatar.com\/avatar\/a44cb0329dc71f58530e0890a10f5e4d?s=96&d=mm&r=g\",\"caption\":\"rutkowskip\"},\"url\":\"https:\/\/instytutpolski.pl\/bucuresti\/author\/rutkowskip\/\"}]}<\/script>\n<!-- \/ Yoast SEO plugin. -->","yoast_head_json":{"title":"Polonezii la Prim\u0103vara European\u0103 a Poe\u021bilor - Instytut Polski w Bukareszcie","robots":{"index":"index","follow":"follow","max-snippet":"max-snippet:-1","max-image-preview":"max-image-preview:large","max-video-preview":"max-video-preview:-1"},"canonical":"https:\/\/instytutpolski.pl\/bucuresti\/2016\/05\/19\/polonezii-la-primavara-europeana-a-poetilor\/","og_locale":"pl_PL","og_type":"article","og_title":"Polonezii la Prim\u0103vara European\u0103 a Poe\u021bilor - Instytut Polski w Bukareszcie","og_description":"Festivalul Interna\u021bional \u201ePrim\u0103vara European\u0103 a Poe\u021bilor\u201d, ed. a VI-a, Chi\u0219in\u0103u, 16-19 mai 2016 Organizatori: Uniunea Scriitorilor din Moldova, Ministerul Culturii al Republicii Moldova, Institutul Cultural Rom\u00e2n \u201eMihai Eminescu\u201d, Prim\u0103ria Municipiului Chi\u0219in\u0103u Aproape toate manifestarile incluse in program vor avea loc la sediul Uniunii Scriitorilor din Moldova, str. 31 August 1989 nr. 98. Programul Festivalului va [&hellip;]","og_url":"https:\/\/instytutpolski.pl\/bucuresti\/2016\/05\/19\/polonezii-la-primavara-europeana-a-poetilor\/","og_site_name":"Instytut Polski w Bukareszcie","article_published_time":"2016-05-19T11:16:00+00:00","article_modified_time":"2020-06-04T11:19:55+00:00","og_image":[{"width":660,"height":469,"url":"https:\/\/instytutpolski.pl\/bucuresti\/wp-content\/uploads\/sites\/11\/2020\/06\/zdjecie-jkw-korta-studio-2016_01d9a8.jpg","type":"image\/jpeg"}],"author":"rutkowskip","twitter_card":"summary_large_image","twitter_misc":{"Napisane przez":"rutkowskip","Szacowany czas czytania":"2 minuty"},"schema":{"@context":"https:\/\/schema.org","@graph":[{"@type":"event","@id":"https:\/\/instytutpolski.pl\/bucuresti\/2016\/05\/19\/polonezii-la-primavara-europeana-a-poetilor\/","url":"https:\/\/instytutpolski.pl\/bucuresti\/2016\/05\/19\/polonezii-la-primavara-europeana-a-poetilor\/","name":"Polonezii la Prim\u0103vara European\u0103 a Poe\u021bilor","isPartOf":{"@id":"https:\/\/instytutpolski.pl\/bucuresti\/#website"},"primaryImageOfPage":{"@id":"https:\/\/instytutpolski.pl\/bucuresti\/2016\/05\/19\/polonezii-la-primavara-europeana-a-poetilor\/#primaryimage"},"image":["https:\/\/instytutpolski.pl\/bucuresti\/wp-content\/uploads\/sites\/11\/2020\/06\/zdjecie-jkw-korta-studio-2016_01d9a8.jpg","https:\/\/instytutpolski.pl\/bucuresti\/wp-content\/uploads\/sites\/11\/2020\/06\/zdjecie-jkw-korta-studio-2016_01d9a8-300x213.jpg","https:\/\/instytutpolski.pl\/bucuresti\/wp-content\/uploads\/sites\/11\/2020\/06\/zdjecie-jkw-korta-studio-2016_01d9a8.jpg","https:\/\/instytutpolski.pl\/bucuresti\/wp-content\/uploads\/sites\/11\/2020\/06\/zdjecie-jkw-korta-studio-2016_01d9a8.jpg"],"thumbnailUrl":"https:\/\/instytutpolski.pl\/bucuresti\/wp-content\/uploads\/sites\/11\/2020\/06\/zdjecie-jkw-korta-studio-2016_01d9a8.jpg","datePublished":"2016-05-19T11:16:00+02:00","dateModified":"2020-06-04T11:19:55+02:00","author":{"@id":"https:\/\/instytutpolski.pl\/bucuresti\/#\/schema\/person\/980fdccff6ea3f1cab069becadecca5b"},"breadcrumb":{"@id":"https:\/\/instytutpolski.pl\/bucuresti\/2016\/05\/19\/polonezii-la-primavara-europeana-a-poetilor\/#breadcrumb"},"inLanguage":"pl-PL","potentialAction":[{"@type":"ReadAction","target":["https:\/\/instytutpolski.pl\/bucuresti\/2016\/05\/19\/polonezii-la-primavara-europeana-a-poetilor\/"]}],"@context":"https:\/\/schema.org","startDate":"2016-05-16","endDate":"2016-05-19","eventStatus":"EventScheduled","eventAttendanceMode":"OfflineEventAttendanceMode","location":{"@type":"place","name":"","address":"","geo":{"@type":"GeoCoordinates","latitude":"","longitude":""}},"description":"Festivalul Interna\u021bional \u201ePrim\u0103vara European\u0103 a Poe\u021bilor\u201d,\ned. a VI-a, Chi\u0219in\u0103u, 16-19 mai 2016\nOrganizatori: Uniunea Scriitorilor din Moldova, Ministerul Culturii al Republicii Moldova, Institutul Cultural Rom\u00e2n \u201eMihai Eminescu\u201d, Prim\u0103ria Municipiului Chi\u0219in\u0103u\nAproape toate manifestarile incluse in program vor avea loc la sediul Uniunii Scriitorilor din Moldova, str. 31 August 1989 nr. 98.\nProgramul Festivalului va cuprinde simpozioanele \u201eDialoguri europene \u2013 poe\u021bi \u0219i traduc\u0103tori\u201d \u0219i \u201ePoetul \u0219i traduc\u0103torul Paul Mihnea \u2013 \u00een noul context literar\u201d, colocviul \u201ePoetul \u0219i cetatea\u201d, precum \u0219i lecturi publice, \u00eent\u00e2lniri cu cititorii, lans\u0103ri de carte \u0219.a.\nLa festival vor participa, al\u0103turi de poe\u021bi din Rom\u00e2nia, \u0219i invita\u021bi din Belgia, Fran\u021ba, Italia, Marea Britanie, Olanda, Polonia, Spania, Ucraina.\nInvita\u021bi din Polonia: Joanna Korna\u015b-Warwas \u0219i Jakub Kornhauser.\nJoanna\u00a0Korna\u015b-Warwas\u00a0- traduc\u0103toare, lector de limba rom\u00e2n\u0103. A studiat filologia rom\u00e2n\u0103 la Universitatea Jagiellon\u0103. Conduce \u0219coala de limbi CALITATE din Cracovia. A tradus proz\u0103, poezie, dramaturgie. Este autoarea traducerilor unor volume semnate de unii dinre cei mai aprecia\u021bi scriitori rm\u00e2ni, precum Max Blecher, Mircea C\u0103rt\u0103rescu, Dan Lungu, Ioan Es. Pop, Varujan Vosganian, Lucian Boia. Romanul\u00a0Sunt o bab\u0103 comunist\u0103!\u00a0De Dan Lungu a fost nominalizat \u00een semifinala Premiului Angelus pentru cea mai bun\u0103 carte din Europa Central\u0103 \u00een anul 2010. \u00cen martie 2016, Joanna Korna\u015b-Warwas a fost distins\u0103 cu Premiul pentru traducere acordat \u00een cadrul competi\u021biei \u201ePoetul European al Libert\u0103\u021bii 2016\u201d, pentru traducerea \u00een limba polon\u0103 a volumului\u00a0Patria mea A4\u00a0de Ana Blandiana (publicat \u00een ianuarie 2016). \u00cen cursul lunii aprilie 2016 a avut loc la Katowice, Cracovia \u0219i Var\u0219ovia, cu participarea autorului, lansarea edi\u021biei poloneze a volumului reputatului istoric Lucian Boia,\u00a0De ce este Rom\u00e2nia altfel?, \u00een traducerea Joannei Korna\u015b-Warwas. Cartea a fost publicat\u0103 de Centrul Interna\u021bional pentru Cultur\u0103 de la Cracovia.\nJakub Kornhauser\u00a0este teoretician si istoric literar polonez, poet si traduc\u0103tor. A tradus din scriitorii rom\u00e2ni Gellu Naum, Gherasim Luca, Geo Bogza, Ilarie Voronca. Textele traduse au ap\u0103rut \u00een volumul\u00a0Cerneala surd\u0103\u00a0(2014), antologie de manifeste ale avangardei central- europene. Este redactor la revista \u201eLiteratura na \u015bwiecie\u201d\/Literatura \u00een lume. \u00cen anul 2017, un num\u0103r al acestei reviste va fi dedicat literaturii rom\u00e2ne din Rom\u00e2nia \u0219i Republica Moldova.\nFoto: JKW Korta Studio"},{"@type":"ImageObject","inLanguage":"pl-PL","@id":"https:\/\/instytutpolski.pl\/bucuresti\/2016\/05\/19\/polonezii-la-primavara-europeana-a-poetilor\/#primaryimage","url":"https:\/\/instytutpolski.pl\/bucuresti\/wp-content\/uploads\/sites\/11\/2020\/06\/zdjecie-jkw-korta-studio-2016_01d9a8.jpg","contentUrl":"https:\/\/instytutpolski.pl\/bucuresti\/wp-content\/uploads\/sites\/11\/2020\/06\/zdjecie-jkw-korta-studio-2016_01d9a8.jpg","width":660,"height":469},{"@type":"BreadcrumbList","@id":"https:\/\/instytutpolski.pl\/bucuresti\/2016\/05\/19\/polonezii-la-primavara-europeana-a-poetilor\/#breadcrumb","itemListElement":[{"@type":"ListItem","position":1,"name":"Home","item":"https:\/\/instytutpolski.pl\/bucuresti\/"},{"@type":"ListItem","position":2,"name":"Polonezii la Prim\u0103vara European\u0103 a Poe\u021bilor"}]},{"@type":"WebSite","@id":"https:\/\/instytutpolski.pl\/bucuresti\/#website","url":"https:\/\/instytutpolski.pl\/bucuresti\/","name":"Instytut Polski w Bukareszcie","description":"Instytuty Polskie","potentialAction":[{"@type":"SearchAction","target":{"@type":"EntryPoint","urlTemplate":"https:\/\/instytutpolski.pl\/bucuresti\/?s={search_term_string}"},"query-input":{"@type":"PropertyValueSpecification","valueRequired":true,"valueName":"search_term_string"}}],"inLanguage":"pl-PL"},{"@type":"Person","@id":"https:\/\/instytutpolski.pl\/bucuresti\/#\/schema\/person\/980fdccff6ea3f1cab069becadecca5b","name":"rutkowskip","image":{"@type":"ImageObject","inLanguage":"pl-PL","@id":"https:\/\/instytutpolski.pl\/bucuresti\/#\/schema\/person\/image\/","url":"https:\/\/secure.gravatar.com\/avatar\/a44cb0329dc71f58530e0890a10f5e4d?s=96&d=mm&r=g","contentUrl":"https:\/\/secure.gravatar.com\/avatar\/a44cb0329dc71f58530e0890a10f5e4d?s=96&d=mm&r=g","caption":"rutkowskip"},"url":"https:\/\/instytutpolski.pl\/bucuresti\/author\/rutkowskip\/"}]}},"_links":{"self":[{"href":"https:\/\/instytutpolski.pl\/bucuresti\/wp-json\/wp\/v2\/posts\/3653","targetHints":{"allow":["GET"]}}],"collection":[{"href":"https:\/\/instytutpolski.pl\/bucuresti\/wp-json\/wp\/v2\/posts"}],"about":[{"href":"https:\/\/instytutpolski.pl\/bucuresti\/wp-json\/wp\/v2\/types\/post"}],"author":[{"embeddable":true,"href":"https:\/\/instytutpolski.pl\/bucuresti\/wp-json\/wp\/v2\/users\/42"}],"replies":[{"embeddable":true,"href":"https:\/\/instytutpolski.pl\/bucuresti\/wp-json\/wp\/v2\/comments?post=3653"}],"version-history":[{"count":4,"href":"https:\/\/instytutpolski.pl\/bucuresti\/wp-json\/wp\/v2\/posts\/3653\/revisions"}],"predecessor-version":[{"id":3662,"href":"https:\/\/instytutpolski.pl\/bucuresti\/wp-json\/wp\/v2\/posts\/3653\/revisions\/3662"}],"wp:featuredmedia":[{"embeddable":true,"href":"https:\/\/instytutpolski.pl\/bucuresti\/wp-json\/wp\/v2\/media\/3656"}],"wp:attachment":[{"href":"https:\/\/instytutpolski.pl\/bucuresti\/wp-json\/wp\/v2\/media?parent=3653"}],"wp:term":[{"taxonomy":"category","embeddable":true,"href":"https:\/\/instytutpolski.pl\/bucuresti\/wp-json\/wp\/v2\/categories?post=3653"},{"taxonomy":"post_tag","embeddable":true,"href":"https:\/\/instytutpolski.pl\/bucuresti\/wp-json\/wp\/v2\/tags?post=3653"}],"curies":[{"name":"wp","href":"https:\/\/api.w.org\/{rel}","templated":true}]}}