{"id":3739,"date":"2016-12-07T13:45:00","date_gmt":"2016-12-07T12:45:00","guid":{"rendered":"https:\/\/instytutpolski.pl\/bucuresti\/?p=3739"},"modified":"2020-06-04T13:47:39","modified_gmt":"2020-06-04T11:47:39","slug":"premiile-janusz-korczak-2016","status":"publish","type":"post","link":"https:\/\/instytutpolski.pl\/bucuresti\/2016\/12\/07\/premiile-janusz-korczak-2016\/","title":{"rendered":"Premiile \u201eJanusz Korczak\u201d 2016"},"content":{"rendered":"\n<p>Premiile Federa\u0163iei Organiza\u0163iilor Neguvernamentale Pentru Copil (FONPC) se acord\u0103 \u00een Rom\u00e2nia de \u0219apte ani, dar de cinci ani, din ini\u021biativa Institutului Polonez din Bucure\u015fti, poart\u0103 numele lui Janusz Korczak (1878-1942), pedagogul care \u0219i-a devansat epoca printr-o abordare modern\u0103 a educa\u021biei copiilor.&nbsp;Premiile \u201eKorczak\u201d au fost acordate \u00een 2016 pentru cinci categorii: pentru \u00eentreaga activitate dedicat\u0103 protec\u0163iei drepturilor copiilor, pentru un profesionist din cadrul institu\u021biilor\/autorit\u0103\u021bilor publice locale sau centrale, pentru un profesionist din cadrul unui ONG, pentru un jurnalist \u0219i pentru un t\u00e2n\u0103r debutant.<\/p>\n\n\n\n<p>Gala \u00eenm\u00e2n\u0103rii premiilor \u201eKorczak\u201d a avut loc la Galeriile Artmark din Palatul Cesianu Racovi\u021b\u0103, evenimentul desf\u0103\u0219ur\u00e2ndu-se \u00een cadrul Festivalului Drepturilor Copilului. \u00cen timpul festivit\u0103\u021bii de premiere a fost prezentat un scurt film de anima\u021bie despre Janusz Korczak. \u00cen cadrul aceluia\u0219i festival au loc \u00een fiecare an evenimente destinate celor mai tineri din mediile defavorizate, \u00eent\u00e2lniri \u015fi conferin\u0163e pentru organiza\u0163iile sau persoanele din Rom\u00e2nia care activeaz\u0103 \u00een beneficiul copiilor.<\/p>\n\n\n\n<p>Organizatorul festivalului este Federa\u0163ia Organiza\u0163iilor Neguvernamentale Pentru Copil (FONPC) care, \u00een cadrul activit\u0103\u0163ii sale monitorizeaz\u0103, protejeaz\u0103 \u015fi promoveaz\u0103 drepturile copiilor pe teritoriul Rom\u00e2niei. Federa\u021bia colaboreaz\u0103, printre altele, cu institu\u0163iile de stat \u00een scopul elabor\u0103rii \u0219i aplic\u0103rii legisla\u021biei din acest domeniu. Una dintre cele mai importante ini\u021biative ale FONCP este \u00een prezent proiectul de lege cu privire la \u00eenfiin\u021barea institu\u021biei avocatului copilului \u00een Rom\u00e2nia. Proiectul, redactat, printre altele, dup\u0103 modelul solu\u021biilor poloneze care au fost f\u0103cute cunoscute \u00een Rom\u00e2nia de c\u0103tre Institutul Polonez, este depus la Parlamentul Rom\u00e2niei.<\/p>\n\n\n\n<p>Festivalul Drepturilor Copiilor se desf\u0103\u015foar\u0103 la Bucure\u015fti de \u015fapte ani. \u00cen &nbsp;organizarea acestuia sunt implicate reprezentan\u0163ele diplomatice ale multor state europene. Institutul Polonez a \u00eenceput colaborarea cu FONPC \u00eenc\u0103 din 2012, care a fost Anul Korczak, propun\u00e2nd atunci ca premiile acordate pentru activitatea din Rom\u00e2nia desf\u0103\u0219urat\u0103 \u00een beneficiul drepturilor copilului s\u0103 poarte numele renumitului pedagog polonez. De la acea dat\u0103, Institutul Polonez este partener al FONPC, finan\u021b\u00e2nd, printre altele, realizarea statuetelor reprezent\u00e2nd premiile respective, crea\u021bie a artistei rom\u00e2nce Anca Benera. \u020an 2015, Ambasada Republicii Polone s-a al\u0103turat co-organizatorilor acestui eveniment, fiind gazda galei premiilor Korczak.<\/p>\n\n\n\n<p><strong>Laurea\u0163ii premiilor \u201eKorczak\u201d:<\/strong><br>\u2022 pentru \u00eentreaga activitate dedicat\u0103 protec\u0163iei drepturilor copiilor:&nbsp;<strong>Gabriela Coman<\/strong>&nbsp;&#8211; pre\u0219edintele Autorit\u0103\u021bii Na\u021bionale pentru Protec\u021bia Drepturilor Copilului si Adop\u021bie<br>\u2022 pentru profesionist din cadrul institu\u021biilor\/autorit\u0103\u0163ilor publice locale sau centrale:&nbsp;<strong>Cosmina Simiean Nicolaescu<\/strong>&nbsp;&#8211; Direc\u021bia Generala de Asistenta Social\u0103 \u0219i Protec\u021bia Copilului a Municipiului Bucure\u0219ti<br>\u2022 pentru profesionist ONG:&nbsp;<strong>Oriana Goleanu<\/strong>&nbsp;&#8211; Funda\u021bia de Ajutor Medical Profilaxis Timi\u0219oara<br>\u2022 pentru jurnalist:&nbsp;<strong>Mihaela Chiper<\/strong>&nbsp;&#8211; ziarul \u201eSursa zilei\u201d din Constan\u021ba<br>\u2022 pentru t\u00e2n\u0103r debutant:<strong>&nbsp;Simina Marina Voicu<\/strong>&nbsp;&#8211; coordonator al Centrului Comunitar Obor din Bucure\u0219ti.<\/p>\n\n\n\n<p>Vizioneaz\u0103 filmul despre Janusz Korczak:<\/p>\n\n\n\n<figure class=\"wp-block-embed-youtube wp-block-embed is-type-video is-provider-youtube wp-embed-aspect-16-9 wp-has-aspect-ratio\"><div class=\"wp-block-embed__wrapper\">\nhttps:\/\/www.youtube.com\/watch?v=y5t0nkJ7WfY\n<\/div><\/figure>\n","protected":false},"excerpt":{"rendered":"<p>Premiile Federa\u0163iei Organiza\u0163iilor Neguvernamentale Pentru Copil (FONPC) se acord\u0103 \u00een Rom\u00e2nia de \u0219apte ani, dar de cinci ani, din ini\u021biativa Institutului Polonez din Bucure\u015fti, poart\u0103 numele lui Janusz Korczak (1878-1942), pedagogul care \u0219i-a devansat epoca printr-o abordare modern\u0103 a educa\u021biei copiilor.&nbsp;Premiile \u201eKorczak\u201d au fost acordate \u00een 2016 pentru cinci categorii: pentru \u00eentreaga activitate dedicat\u0103 protec\u0163iei [&hellip;]<\/p>\n","protected":false},"author":41,"featured_media":3744,"comment_status":"open","ping_status":"open","sticky":false,"template":"","format":"standard","meta":{"inline_featured_image":false,"_monsterinsights_skip_tracking":false,"_monsterinsights_sitenote_active":false,"_monsterinsights_sitenote_note":"","_monsterinsights_sitenote_category":0,"footnotes":""},"categories":[1,94],"tags":[],"class_list":["post-3739","post","type-post","status-publish","format-standard","has-post-thumbnail","hentry","category-alte","category-evenimente"],"yoast_head":"<!-- This site is optimized with the Yoast SEO plugin v24.6 - https:\/\/yoast.com\/wordpress\/plugins\/seo\/ -->\n<title>Premiile \u201eJanusz Korczak\u201d 2016 - Instytut Polski w Bukareszcie<\/title>\n<meta name=\"robots\" content=\"index, follow, max-snippet:-1, max-image-preview:large, max-video-preview:-1\" \/>\n<link rel=\"canonical\" href=\"https:\/\/instytutpolski.pl\/bucuresti\/2016\/12\/07\/premiile-janusz-korczak-2016\/\" \/>\n<meta property=\"og:locale\" content=\"pl_PL\" \/>\n<meta property=\"og:type\" content=\"article\" \/>\n<meta property=\"og:title\" content=\"Premiile \u201eJanusz Korczak\u201d 2016 - Instytut Polski w Bukareszcie\" \/>\n<meta property=\"og:description\" content=\"Premiile Federa\u0163iei Organiza\u0163iilor Neguvernamentale Pentru Copil (FONPC) se acord\u0103 \u00een Rom\u00e2nia de \u0219apte ani, dar de cinci ani, din ini\u021biativa Institutului Polonez din Bucure\u015fti, poart\u0103 numele lui Janusz Korczak (1878-1942), pedagogul care \u0219i-a devansat epoca printr-o abordare modern\u0103 a educa\u021biei copiilor.&nbsp;Premiile \u201eKorczak\u201d au fost acordate \u00een 2016 pentru cinci categorii: pentru \u00eentreaga activitate dedicat\u0103 protec\u0163iei [&hellip;]\" \/>\n<meta property=\"og:url\" content=\"https:\/\/instytutpolski.pl\/bucuresti\/2016\/12\/07\/premiile-janusz-korczak-2016\/\" \/>\n<meta property=\"og:site_name\" content=\"Instytut Polski w Bukareszcie\" \/>\n<meta property=\"article:published_time\" content=\"2016-12-07T12:45:00+00:00\" \/>\n<meta property=\"article:modified_time\" content=\"2020-06-04T11:47:39+00:00\" \/>\n<meta property=\"og:image\" content=\"https:\/\/instytutpolski.pl\/bucuresti\/wp-content\/uploads\/sites\/11\/2020\/06\/premiile-korczak-pentru-drepturile-copilului-2016_398c57.jpg\" \/>\n\t<meta property=\"og:image:width\" content=\"660\" \/>\n\t<meta property=\"og:image:height\" content=\"441\" \/>\n\t<meta property=\"og:image:type\" content=\"image\/jpeg\" \/>\n<meta name=\"author\" content=\"mirelal\" \/>\n<meta name=\"twitter:card\" content=\"summary_large_image\" \/>\n<meta name=\"twitter:label1\" content=\"Napisane przez\" \/>\n\t<meta name=\"twitter:data1\" content=\"mirelal\" \/>\n\t<meta name=\"twitter:label2\" content=\"Szacowany czas czytania\" \/>\n\t<meta name=\"twitter:data2\" content=\"3 minuty\" \/>\n<script type=\"application\/ld+json\" class=\"yoast-schema-graph\">{\"@context\":\"https:\/\/schema.org\",\"@graph\":[{\"@type\":\"event\",\"@id\":\"https:\/\/instytutpolski.pl\/bucuresti\/2016\/12\/07\/premiile-janusz-korczak-2016\/\",\"url\":\"https:\/\/instytutpolski.pl\/bucuresti\/2016\/12\/07\/premiile-janusz-korczak-2016\/\",\"name\":\"Premiile \u201eJanusz Korczak\u201d 2016\",\"isPartOf\":{\"@id\":\"https:\/\/instytutpolski.pl\/bucuresti\/#website\"},\"primaryImageOfPage\":{\"@id\":\"https:\/\/instytutpolski.pl\/bucuresti\/2016\/12\/07\/premiile-janusz-korczak-2016\/#primaryimage\"},\"image\":[\"https:\/\/instytutpolski.pl\/bucuresti\/wp-content\/uploads\/sites\/11\/2020\/06\/premiile-korczak-pentru-drepturile-copilului-2016_398c57.jpg\",\"https:\/\/instytutpolski.pl\/bucuresti\/wp-content\/uploads\/sites\/11\/2020\/06\/premiile-korczak-pentru-drepturile-copilului-2016_398c57-300x200.jpg\",\"https:\/\/instytutpolski.pl\/bucuresti\/wp-content\/uploads\/sites\/11\/2020\/06\/premiile-korczak-pentru-drepturile-copilului-2016_398c57.jpg\",\"https:\/\/instytutpolski.pl\/bucuresti\/wp-content\/uploads\/sites\/11\/2020\/06\/premiile-korczak-pentru-drepturile-copilului-2016_398c57.jpg\"],\"thumbnailUrl\":\"https:\/\/instytutpolski.pl\/bucuresti\/wp-content\/uploads\/sites\/11\/2020\/06\/premiile-korczak-pentru-drepturile-copilului-2016_398c57.jpg\",\"datePublished\":\"2016-12-07T12:45:00+02:00\",\"dateModified\":\"2020-06-04T11:47:39+02:00\",\"author\":{\"@id\":\"https:\/\/instytutpolski.pl\/bucuresti\/#\/schema\/person\/36eba23bd65c4ed8774deeb285a19272\"},\"breadcrumb\":{\"@id\":\"https:\/\/instytutpolski.pl\/bucuresti\/2016\/12\/07\/premiile-janusz-korczak-2016\/#breadcrumb\"},\"inLanguage\":\"pl-PL\",\"potentialAction\":[{\"@type\":\"ReadAction\",\"target\":[\"https:\/\/instytutpolski.pl\/bucuresti\/2016\/12\/07\/premiile-janusz-korczak-2016\/\"]}],\"@context\":\"https:\/\/schema.org\",\"startDate\":\"2016-12-07\",\"endDate\":\"2017-01-13\",\"eventStatus\":\"EventScheduled\",\"eventAttendanceMode\":\"OfflineEventAttendanceMode\",\"location\":{\"@type\":\"place\",\"name\":\"\",\"address\":\"\",\"geo\":{\"@type\":\"GeoCoordinates\",\"latitude\":\"\",\"longitude\":\"\"}},\"description\":\"Premiile Federa\u0163iei Organiza\u0163iilor Neguvernamentale Pentru Copil (FONPC) se acord\u0103 \u00een Rom\u00e2nia de \u0219apte ani, dar de cinci ani, din ini\u021biativa Institutului Polonez din Bucure\u015fti, poart\u0103 numele lui Janusz Korczak (1878-1942), pedagogul care \u0219i-a devansat epoca printr-o abordare modern\u0103 a educa\u021biei copiilor. Premiile \u201eKorczak\u201d au fost acordate \u00een 2016 pentru cinci categorii: pentru \u00eentreaga activitate dedicat\u0103 protec\u0163iei drepturilor copiilor, pentru un profesionist din cadrul institu\u021biilor\/autorit\u0103\u021bilor publice locale sau centrale, pentru un profesionist din cadrul unui ONG, pentru un jurnalist \u0219i pentru un t\u00e2n\u0103r debutant.\\nGala \u00eenm\u00e2n\u0103rii premiilor \u201eKorczak\u201d a avut loc la Galeriile Artmark din Palatul Cesianu Racovi\u021b\u0103, evenimentul desf\u0103\u0219ur\u00e2ndu-se \u00een cadrul Festivalului Drepturilor Copilului. \u00cen timpul festivit\u0103\u021bii de premiere a fost prezentat un scurt film de anima\u021bie despre Janusz Korczak. \u00cen cadrul aceluia\u0219i festival au loc \u00een fiecare an evenimente destinate celor mai tineri din mediile defavorizate, \u00eent\u00e2lniri \u015fi conferin\u0163e pentru organiza\u0163iile sau persoanele din Rom\u00e2nia care activeaz\u0103 \u00een beneficiul copiilor.\\nOrganizatorul festivalului este Federa\u0163ia Organiza\u0163iilor Neguvernamentale Pentru Copil (FONPC) care, \u00een cadrul activit\u0103\u0163ii sale monitorizeaz\u0103, protejeaz\u0103 \u015fi promoveaz\u0103 drepturile copiilor pe teritoriul Rom\u00e2niei. Federa\u021bia colaboreaz\u0103, printre altele, cu institu\u0163iile de stat \u00een scopul elabor\u0103rii \u0219i aplic\u0103rii legisla\u021biei din acest domeniu. Una dintre cele mai importante ini\u021biative ale FONCP este \u00een prezent proiectul de lege cu privire la \u00eenfiin\u021barea institu\u021biei avocatului copilului \u00een Rom\u00e2nia. Proiectul, redactat, printre altele, dup\u0103 modelul solu\u021biilor poloneze care au fost f\u0103cute cunoscute \u00een Rom\u00e2nia de c\u0103tre Institutul Polonez, este depus la Parlamentul Rom\u00e2niei.\\nFestivalul Drepturilor Copiilor se desf\u0103\u015foar\u0103 la Bucure\u015fti de \u015fapte ani. \u00cen  organizarea acestuia sunt implicate reprezentan\u0163ele diplomatice ale multor state europene. Institutul Polonez a \u00eenceput colaborarea cu FONPC \u00eenc\u0103 din 2012, care a fost Anul Korczak, propun\u00e2nd atunci ca premiile acordate pentru activitatea din Rom\u00e2nia desf\u0103\u0219urat\u0103 \u00een beneficiul drepturilor copilului s\u0103 poarte numele renumitului pedagog polonez. De la acea dat\u0103, Institutul Polonez este partener al FONPC, finan\u021b\u00e2nd, printre altele, realizarea statuetelor reprezent\u00e2nd premiile respective, crea\u021bie a artistei rom\u00e2nce Anca Benera. \u020an 2015, Ambasada Republicii Polone s-a al\u0103turat co-organizatorilor acestui eveniment, fiind gazda galei premiilor Korczak.\\nLaurea\u0163ii premiilor \u201eKorczak\u201d:\u2022 pentru \u00eentreaga activitate dedicat\u0103 protec\u0163iei drepturilor copiilor: Gabriela Coman - pre\u0219edintele Autorit\u0103\u021bii Na\u021bionale pentru Protec\u021bia Drepturilor Copilului si Adop\u021bie\u2022 pentru profesionist din cadrul institu\u021biilor\/autorit\u0103\u0163ilor publice locale sau centrale: Cosmina Simiean Nicolaescu - Direc\u021bia Generala de Asistenta Social\u0103 \u0219i Protec\u021bia Copilului a Municipiului Bucure\u0219ti\u2022 pentru profesionist ONG: Oriana Goleanu - Funda\u021bia de Ajutor Medical Profilaxis Timi\u0219oara\u2022 pentru jurnalist: Mihaela Chiper - ziarul \u201eSursa zilei\u201d din Constan\u021ba\u2022 pentru t\u00e2n\u0103r debutant: Simina Marina Voicu - coordonator al Centrului Comunitar Obor din Bucure\u0219ti.\\nVizioneaz\u0103 filmul despre Janusz Korczak:\"},{\"@type\":\"ImageObject\",\"inLanguage\":\"pl-PL\",\"@id\":\"https:\/\/instytutpolski.pl\/bucuresti\/2016\/12\/07\/premiile-janusz-korczak-2016\/#primaryimage\",\"url\":\"https:\/\/instytutpolski.pl\/bucuresti\/wp-content\/uploads\/sites\/11\/2020\/06\/premiile-korczak-pentru-drepturile-copilului-2016_398c57.jpg\",\"contentUrl\":\"https:\/\/instytutpolski.pl\/bucuresti\/wp-content\/uploads\/sites\/11\/2020\/06\/premiile-korczak-pentru-drepturile-copilului-2016_398c57.jpg\",\"width\":660,\"height\":441,\"caption\":\"Foto: Anca Benera\"},{\"@type\":\"BreadcrumbList\",\"@id\":\"https:\/\/instytutpolski.pl\/bucuresti\/2016\/12\/07\/premiile-janusz-korczak-2016\/#breadcrumb\",\"itemListElement\":[{\"@type\":\"ListItem\",\"position\":1,\"name\":\"Home\",\"item\":\"https:\/\/instytutpolski.pl\/bucuresti\/\"},{\"@type\":\"ListItem\",\"position\":2,\"name\":\"Premiile \u201eJanusz Korczak\u201d 2016\"}]},{\"@type\":\"WebSite\",\"@id\":\"https:\/\/instytutpolski.pl\/bucuresti\/#website\",\"url\":\"https:\/\/instytutpolski.pl\/bucuresti\/\",\"name\":\"Instytut Polski w Bukareszcie\",\"description\":\"Instytuty Polskie\",\"potentialAction\":[{\"@type\":\"SearchAction\",\"target\":{\"@type\":\"EntryPoint\",\"urlTemplate\":\"https:\/\/instytutpolski.pl\/bucuresti\/?s={search_term_string}\"},\"query-input\":{\"@type\":\"PropertyValueSpecification\",\"valueRequired\":true,\"valueName\":\"search_term_string\"}}],\"inLanguage\":\"pl-PL\"},{\"@type\":\"Person\",\"@id\":\"https:\/\/instytutpolski.pl\/bucuresti\/#\/schema\/person\/36eba23bd65c4ed8774deeb285a19272\",\"name\":\"mirelal\",\"image\":{\"@type\":\"ImageObject\",\"inLanguage\":\"pl-PL\",\"@id\":\"https:\/\/instytutpolski.pl\/bucuresti\/#\/schema\/person\/image\/\",\"url\":\"https:\/\/secure.gravatar.com\/avatar\/5838c7614d071fe473f8aeb2de72beb4?s=96&d=mm&r=g\",\"contentUrl\":\"https:\/\/secure.gravatar.com\/avatar\/5838c7614d071fe473f8aeb2de72beb4?s=96&d=mm&r=g\",\"caption\":\"mirelal\"},\"url\":\"https:\/\/instytutpolski.pl\/bucuresti\/author\/mirelal\/\"}]}<\/script>\n<!-- \/ Yoast SEO plugin. -->","yoast_head_json":{"title":"Premiile \u201eJanusz Korczak\u201d 2016 - Instytut Polski w Bukareszcie","robots":{"index":"index","follow":"follow","max-snippet":"max-snippet:-1","max-image-preview":"max-image-preview:large","max-video-preview":"max-video-preview:-1"},"canonical":"https:\/\/instytutpolski.pl\/bucuresti\/2016\/12\/07\/premiile-janusz-korczak-2016\/","og_locale":"pl_PL","og_type":"article","og_title":"Premiile \u201eJanusz Korczak\u201d 2016 - Instytut Polski w Bukareszcie","og_description":"Premiile Federa\u0163iei Organiza\u0163iilor Neguvernamentale Pentru Copil (FONPC) se acord\u0103 \u00een Rom\u00e2nia de \u0219apte ani, dar de cinci ani, din ini\u021biativa Institutului Polonez din Bucure\u015fti, poart\u0103 numele lui Janusz Korczak (1878-1942), pedagogul care \u0219i-a devansat epoca printr-o abordare modern\u0103 a educa\u021biei copiilor.&nbsp;Premiile \u201eKorczak\u201d au fost acordate \u00een 2016 pentru cinci categorii: pentru \u00eentreaga activitate dedicat\u0103 protec\u0163iei [&hellip;]","og_url":"https:\/\/instytutpolski.pl\/bucuresti\/2016\/12\/07\/premiile-janusz-korczak-2016\/","og_site_name":"Instytut Polski w Bukareszcie","article_published_time":"2016-12-07T12:45:00+00:00","article_modified_time":"2020-06-04T11:47:39+00:00","og_image":[{"width":660,"height":441,"url":"https:\/\/instytutpolski.pl\/bucuresti\/wp-content\/uploads\/sites\/11\/2020\/06\/premiile-korczak-pentru-drepturile-copilului-2016_398c57.jpg","type":"image\/jpeg"}],"author":"mirelal","twitter_card":"summary_large_image","twitter_misc":{"Napisane przez":"mirelal","Szacowany czas czytania":"3 minuty"},"schema":{"@context":"https:\/\/schema.org","@graph":[{"@type":"event","@id":"https:\/\/instytutpolski.pl\/bucuresti\/2016\/12\/07\/premiile-janusz-korczak-2016\/","url":"https:\/\/instytutpolski.pl\/bucuresti\/2016\/12\/07\/premiile-janusz-korczak-2016\/","name":"Premiile \u201eJanusz Korczak\u201d 2016","isPartOf":{"@id":"https:\/\/instytutpolski.pl\/bucuresti\/#website"},"primaryImageOfPage":{"@id":"https:\/\/instytutpolski.pl\/bucuresti\/2016\/12\/07\/premiile-janusz-korczak-2016\/#primaryimage"},"image":["https:\/\/instytutpolski.pl\/bucuresti\/wp-content\/uploads\/sites\/11\/2020\/06\/premiile-korczak-pentru-drepturile-copilului-2016_398c57.jpg","https:\/\/instytutpolski.pl\/bucuresti\/wp-content\/uploads\/sites\/11\/2020\/06\/premiile-korczak-pentru-drepturile-copilului-2016_398c57-300x200.jpg","https:\/\/instytutpolski.pl\/bucuresti\/wp-content\/uploads\/sites\/11\/2020\/06\/premiile-korczak-pentru-drepturile-copilului-2016_398c57.jpg","https:\/\/instytutpolski.pl\/bucuresti\/wp-content\/uploads\/sites\/11\/2020\/06\/premiile-korczak-pentru-drepturile-copilului-2016_398c57.jpg"],"thumbnailUrl":"https:\/\/instytutpolski.pl\/bucuresti\/wp-content\/uploads\/sites\/11\/2020\/06\/premiile-korczak-pentru-drepturile-copilului-2016_398c57.jpg","datePublished":"2016-12-07T12:45:00+02:00","dateModified":"2020-06-04T11:47:39+02:00","author":{"@id":"https:\/\/instytutpolski.pl\/bucuresti\/#\/schema\/person\/36eba23bd65c4ed8774deeb285a19272"},"breadcrumb":{"@id":"https:\/\/instytutpolski.pl\/bucuresti\/2016\/12\/07\/premiile-janusz-korczak-2016\/#breadcrumb"},"inLanguage":"pl-PL","potentialAction":[{"@type":"ReadAction","target":["https:\/\/instytutpolski.pl\/bucuresti\/2016\/12\/07\/premiile-janusz-korczak-2016\/"]}],"@context":"https:\/\/schema.org","startDate":"2016-12-07","endDate":"2017-01-13","eventStatus":"EventScheduled","eventAttendanceMode":"OfflineEventAttendanceMode","location":{"@type":"place","name":"","address":"","geo":{"@type":"GeoCoordinates","latitude":"","longitude":""}},"description":"Premiile Federa\u0163iei Organiza\u0163iilor Neguvernamentale Pentru Copil (FONPC) se acord\u0103 \u00een Rom\u00e2nia de \u0219apte ani, dar de cinci ani, din ini\u021biativa Institutului Polonez din Bucure\u015fti, poart\u0103 numele lui Janusz Korczak (1878-1942), pedagogul care \u0219i-a devansat epoca printr-o abordare modern\u0103 a educa\u021biei copiilor. Premiile \u201eKorczak\u201d au fost acordate \u00een 2016 pentru cinci categorii: pentru \u00eentreaga activitate dedicat\u0103 protec\u0163iei drepturilor copiilor, pentru un profesionist din cadrul institu\u021biilor\/autorit\u0103\u021bilor publice locale sau centrale, pentru un profesionist din cadrul unui ONG, pentru un jurnalist \u0219i pentru un t\u00e2n\u0103r debutant.\nGala \u00eenm\u00e2n\u0103rii premiilor \u201eKorczak\u201d a avut loc la Galeriile Artmark din Palatul Cesianu Racovi\u021b\u0103, evenimentul desf\u0103\u0219ur\u00e2ndu-se \u00een cadrul Festivalului Drepturilor Copilului. \u00cen timpul festivit\u0103\u021bii de premiere a fost prezentat un scurt film de anima\u021bie despre Janusz Korczak. \u00cen cadrul aceluia\u0219i festival au loc \u00een fiecare an evenimente destinate celor mai tineri din mediile defavorizate, \u00eent\u00e2lniri \u015fi conferin\u0163e pentru organiza\u0163iile sau persoanele din Rom\u00e2nia care activeaz\u0103 \u00een beneficiul copiilor.\nOrganizatorul festivalului este Federa\u0163ia Organiza\u0163iilor Neguvernamentale Pentru Copil (FONPC) care, \u00een cadrul activit\u0103\u0163ii sale monitorizeaz\u0103, protejeaz\u0103 \u015fi promoveaz\u0103 drepturile copiilor pe teritoriul Rom\u00e2niei. Federa\u021bia colaboreaz\u0103, printre altele, cu institu\u0163iile de stat \u00een scopul elabor\u0103rii \u0219i aplic\u0103rii legisla\u021biei din acest domeniu. Una dintre cele mai importante ini\u021biative ale FONCP este \u00een prezent proiectul de lege cu privire la \u00eenfiin\u021barea institu\u021biei avocatului copilului \u00een Rom\u00e2nia. Proiectul, redactat, printre altele, dup\u0103 modelul solu\u021biilor poloneze care au fost f\u0103cute cunoscute \u00een Rom\u00e2nia de c\u0103tre Institutul Polonez, este depus la Parlamentul Rom\u00e2niei.\nFestivalul Drepturilor Copiilor se desf\u0103\u015foar\u0103 la Bucure\u015fti de \u015fapte ani. \u00cen  organizarea acestuia sunt implicate reprezentan\u0163ele diplomatice ale multor state europene. Institutul Polonez a \u00eenceput colaborarea cu FONPC \u00eenc\u0103 din 2012, care a fost Anul Korczak, propun\u00e2nd atunci ca premiile acordate pentru activitatea din Rom\u00e2nia desf\u0103\u0219urat\u0103 \u00een beneficiul drepturilor copilului s\u0103 poarte numele renumitului pedagog polonez. De la acea dat\u0103, Institutul Polonez este partener al FONPC, finan\u021b\u00e2nd, printre altele, realizarea statuetelor reprezent\u00e2nd premiile respective, crea\u021bie a artistei rom\u00e2nce Anca Benera. \u020an 2015, Ambasada Republicii Polone s-a al\u0103turat co-organizatorilor acestui eveniment, fiind gazda galei premiilor Korczak.\nLaurea\u0163ii premiilor \u201eKorczak\u201d:\u2022 pentru \u00eentreaga activitate dedicat\u0103 protec\u0163iei drepturilor copiilor: Gabriela Coman - pre\u0219edintele Autorit\u0103\u021bii Na\u021bionale pentru Protec\u021bia Drepturilor Copilului si Adop\u021bie\u2022 pentru profesionist din cadrul institu\u021biilor\/autorit\u0103\u0163ilor publice locale sau centrale: Cosmina Simiean Nicolaescu - Direc\u021bia Generala de Asistenta Social\u0103 \u0219i Protec\u021bia Copilului a Municipiului Bucure\u0219ti\u2022 pentru profesionist ONG: Oriana Goleanu - Funda\u021bia de Ajutor Medical Profilaxis Timi\u0219oara\u2022 pentru jurnalist: Mihaela Chiper - ziarul \u201eSursa zilei\u201d din Constan\u021ba\u2022 pentru t\u00e2n\u0103r debutant: Simina Marina Voicu - coordonator al Centrului Comunitar Obor din Bucure\u0219ti.\nVizioneaz\u0103 filmul despre Janusz Korczak:"},{"@type":"ImageObject","inLanguage":"pl-PL","@id":"https:\/\/instytutpolski.pl\/bucuresti\/2016\/12\/07\/premiile-janusz-korczak-2016\/#primaryimage","url":"https:\/\/instytutpolski.pl\/bucuresti\/wp-content\/uploads\/sites\/11\/2020\/06\/premiile-korczak-pentru-drepturile-copilului-2016_398c57.jpg","contentUrl":"https:\/\/instytutpolski.pl\/bucuresti\/wp-content\/uploads\/sites\/11\/2020\/06\/premiile-korczak-pentru-drepturile-copilului-2016_398c57.jpg","width":660,"height":441,"caption":"Foto: Anca Benera"},{"@type":"BreadcrumbList","@id":"https:\/\/instytutpolski.pl\/bucuresti\/2016\/12\/07\/premiile-janusz-korczak-2016\/#breadcrumb","itemListElement":[{"@type":"ListItem","position":1,"name":"Home","item":"https:\/\/instytutpolski.pl\/bucuresti\/"},{"@type":"ListItem","position":2,"name":"Premiile \u201eJanusz Korczak\u201d 2016"}]},{"@type":"WebSite","@id":"https:\/\/instytutpolski.pl\/bucuresti\/#website","url":"https:\/\/instytutpolski.pl\/bucuresti\/","name":"Instytut Polski w Bukareszcie","description":"Instytuty Polskie","potentialAction":[{"@type":"SearchAction","target":{"@type":"EntryPoint","urlTemplate":"https:\/\/instytutpolski.pl\/bucuresti\/?s={search_term_string}"},"query-input":{"@type":"PropertyValueSpecification","valueRequired":true,"valueName":"search_term_string"}}],"inLanguage":"pl-PL"},{"@type":"Person","@id":"https:\/\/instytutpolski.pl\/bucuresti\/#\/schema\/person\/36eba23bd65c4ed8774deeb285a19272","name":"mirelal","image":{"@type":"ImageObject","inLanguage":"pl-PL","@id":"https:\/\/instytutpolski.pl\/bucuresti\/#\/schema\/person\/image\/","url":"https:\/\/secure.gravatar.com\/avatar\/5838c7614d071fe473f8aeb2de72beb4?s=96&d=mm&r=g","contentUrl":"https:\/\/secure.gravatar.com\/avatar\/5838c7614d071fe473f8aeb2de72beb4?s=96&d=mm&r=g","caption":"mirelal"},"url":"https:\/\/instytutpolski.pl\/bucuresti\/author\/mirelal\/"}]}},"_links":{"self":[{"href":"https:\/\/instytutpolski.pl\/bucuresti\/wp-json\/wp\/v2\/posts\/3739","targetHints":{"allow":["GET"]}}],"collection":[{"href":"https:\/\/instytutpolski.pl\/bucuresti\/wp-json\/wp\/v2\/posts"}],"about":[{"href":"https:\/\/instytutpolski.pl\/bucuresti\/wp-json\/wp\/v2\/types\/post"}],"author":[{"embeddable":true,"href":"https:\/\/instytutpolski.pl\/bucuresti\/wp-json\/wp\/v2\/users\/41"}],"replies":[{"embeddable":true,"href":"https:\/\/instytutpolski.pl\/bucuresti\/wp-json\/wp\/v2\/comments?post=3739"}],"version-history":[{"count":2,"href":"https:\/\/instytutpolski.pl\/bucuresti\/wp-json\/wp\/v2\/posts\/3739\/revisions"}],"predecessor-version":[{"id":3749,"href":"https:\/\/instytutpolski.pl\/bucuresti\/wp-json\/wp\/v2\/posts\/3739\/revisions\/3749"}],"wp:featuredmedia":[{"embeddable":true,"href":"https:\/\/instytutpolski.pl\/bucuresti\/wp-json\/wp\/v2\/media\/3744"}],"wp:attachment":[{"href":"https:\/\/instytutpolski.pl\/bucuresti\/wp-json\/wp\/v2\/media?parent=3739"}],"wp:term":[{"taxonomy":"category","embeddable":true,"href":"https:\/\/instytutpolski.pl\/bucuresti\/wp-json\/wp\/v2\/categories?post=3739"},{"taxonomy":"post_tag","embeddable":true,"href":"https:\/\/instytutpolski.pl\/bucuresti\/wp-json\/wp\/v2\/tags?post=3739"}],"curies":[{"name":"wp","href":"https:\/\/api.w.org\/{rel}","templated":true}]}}