{"id":3743,"date":"2015-04-24T13:46:00","date_gmt":"2015-04-24T11:46:00","guid":{"rendered":"https:\/\/instytutpolski.pl\/bucuresti\/?p=3743"},"modified":"2020-06-04T13:49:12","modified_gmt":"2020-06-04T11:49:12","slug":"pietnastka-concert-la-festivalul-rokolectiv","status":"publish","type":"post","link":"https:\/\/instytutpolski.pl\/bucuresti\/2015\/04\/24\/pietnastka-concert-la-festivalul-rokolectiv\/","title":{"rendered":"Pi\u0119tnastka, concert la Festivalul Rokolectiv"},"content":{"rendered":"\n<p>O \u021bes\u0103tur\u0103 dens\u0103 \u00eentre sunetele produse de sintezatoare \u0219i percu\u021bie &#8211; a\u0219a poate fi descris proiectul lui Piotr Kurek, cu care muzicianul polonez a debutat \u00een anul 2011, lans\u00e2nd cu aceast\u0103 ocazie albumul \u201eDalia\u201d, scos la casa de discuri Sangoplasmo Records. Pi\u0119tnastka (Piotr Kurek &#8211; sintetizatoare, Hubert Zempler &#8211; percu\u021bie) exploreaz\u0103 orizonturi sonore psihedelice, cre\u00e2nd o muzic\u0103 minimalist\u0103 cu o linie melodic\u0103 plin\u0103 de nostalgie. Dup\u0103 cum spune \u00eensu\u0219i\u00a0Piotr Kurek, \u201ePi\u0119tnastka este un proiect n\u0103scut din dragostea pentru lucrurile vechi \u0219i misterioase\u201d.<\/p>\n<p>https:\/\/www.youtube.com\/watch?v=-ep1DV_v-7k&#038;feature=emb_logo<\/p>\n<p>\u201eM-au fermecat \u00a0melodiile pozna\u0219e \u0219i pot s\u0103 afirm cu t\u0103rie c\u0103 este cel mai interesant album pe care l-am ascultat \u00een ultimii ani.\u201d &#8211; Niezal Codzienny<\/p>\n","protected":false},"excerpt":{"rendered":"<p>O \u021bes\u0103tur\u0103 dens\u0103 \u00eentre sunetele produse de sintezatoare \u0219i percu\u021bie &#8211; a\u0219a poate fi descris proiectul lui Piotr Kurek, cu care muzicianul polonez a debutat \u00een anul 2011, lans\u00e2nd cu aceast\u0103 ocazie albumul \u201eDalia\u201d, scos la casa de discuri Sangoplasmo Records. Pi\u0119tnastka (Piotr Kurek &#8211; sintetizatoare, Hubert Zempler &#8211; percu\u021bie) exploreaz\u0103 orizonturi sonore psihedelice, cre\u00e2nd [&hellip;]<\/p>\n","protected":false},"author":42,"featured_media":3754,"comment_status":"open","ping_status":"open","sticky":false,"template":"","format":"standard","meta":{"inline_featured_image":false,"_monsterinsights_skip_tracking":false,"_monsterinsights_sitenote_active":false,"_monsterinsights_sitenote_note":"","_monsterinsights_sitenote_category":0,"footnotes":""},"categories":[123],"tags":[],"class_list":["post-3743","post","type-post","status-publish","format-standard","has-post-thumbnail","hentry","category-muzica"],"yoast_head":"<!-- This site is optimized with the Yoast SEO plugin v24.6 - https:\/\/yoast.com\/wordpress\/plugins\/seo\/ -->\n<title>Pi\u0119tnastka, concert la Festivalul Rokolectiv - Instytut Polski w Bukareszcie<\/title>\n<meta name=\"robots\" content=\"index, follow, max-snippet:-1, max-image-preview:large, max-video-preview:-1\" \/>\n<link rel=\"canonical\" href=\"https:\/\/instytutpolski.pl\/bucuresti\/2015\/04\/24\/pietnastka-concert-la-festivalul-rokolectiv\/\" \/>\n<meta property=\"og:locale\" content=\"pl_PL\" \/>\n<meta property=\"og:type\" content=\"article\" \/>\n<meta property=\"og:title\" content=\"Pi\u0119tnastka, concert la Festivalul Rokolectiv - Instytut Polski w Bukareszcie\" \/>\n<meta property=\"og:description\" content=\"O \u021bes\u0103tur\u0103 dens\u0103 \u00eentre sunetele produse de sintezatoare \u0219i percu\u021bie &#8211; a\u0219a poate fi descris proiectul lui Piotr Kurek, cu care muzicianul polonez a debutat \u00een anul 2011, lans\u00e2nd cu aceast\u0103 ocazie albumul \u201eDalia\u201d, scos la casa de discuri Sangoplasmo Records. Pi\u0119tnastka (Piotr Kurek &#8211; sintetizatoare, Hubert Zempler &#8211; percu\u021bie) exploreaz\u0103 orizonturi sonore psihedelice, cre\u00e2nd [&hellip;]\" \/>\n<meta property=\"og:url\" content=\"https:\/\/instytutpolski.pl\/bucuresti\/2015\/04\/24\/pietnastka-concert-la-festivalul-rokolectiv\/\" \/>\n<meta property=\"og:site_name\" content=\"Instytut Polski w Bukareszcie\" \/>\n<meta property=\"article:published_time\" content=\"2015-04-24T11:46:00+00:00\" \/>\n<meta property=\"article:modified_time\" content=\"2020-06-04T11:49:12+00:00\" \/>\n<meta property=\"og:image\" content=\"https:\/\/instytutpolski.pl\/bucuresti\/wp-content\/uploads\/sites\/11\/2020\/06\/pietnastka-concert-la-rokolectiv.jpg\" \/>\n\t<meta property=\"og:image:width\" content=\"660\" \/>\n\t<meta property=\"og:image:height\" content=\"673\" \/>\n\t<meta property=\"og:image:type\" content=\"image\/jpeg\" \/>\n<meta name=\"author\" content=\"rutkowskip\" \/>\n<meta name=\"twitter:card\" content=\"summary_large_image\" \/>\n<meta name=\"twitter:label1\" content=\"Napisane przez\" \/>\n\t<meta name=\"twitter:data1\" content=\"rutkowskip\" \/>\n\t<meta name=\"twitter:label2\" content=\"Szacowany czas czytania\" \/>\n\t<meta name=\"twitter:data2\" content=\"1 minuta\" \/>\n<script type=\"application\/ld+json\" class=\"yoast-schema-graph\">{\"@context\":\"https:\/\/schema.org\",\"@graph\":[{\"@type\":\"event\",\"@id\":\"https:\/\/instytutpolski.pl\/bucuresti\/2015\/04\/24\/pietnastka-concert-la-festivalul-rokolectiv\/\",\"url\":\"https:\/\/instytutpolski.pl\/bucuresti\/2015\/04\/24\/pietnastka-concert-la-festivalul-rokolectiv\/\",\"name\":\"Pi\u0119tnastka, concert la Festivalul Rokolectiv\",\"isPartOf\":{\"@id\":\"https:\/\/instytutpolski.pl\/bucuresti\/#website\"},\"primaryImageOfPage\":{\"@id\":\"https:\/\/instytutpolski.pl\/bucuresti\/2015\/04\/24\/pietnastka-concert-la-festivalul-rokolectiv\/#primaryimage\"},\"image\":[\"https:\/\/instytutpolski.pl\/bucuresti\/wp-content\/uploads\/sites\/11\/2020\/06\/pietnastka-concert-la-rokolectiv.jpg\",\"https:\/\/instytutpolski.pl\/bucuresti\/wp-content\/uploads\/sites\/11\/2020\/06\/pietnastka-concert-la-rokolectiv-294x300.jpg\",\"https:\/\/instytutpolski.pl\/bucuresti\/wp-content\/uploads\/sites\/11\/2020\/06\/pietnastka-concert-la-rokolectiv.jpg\",\"https:\/\/instytutpolski.pl\/bucuresti\/wp-content\/uploads\/sites\/11\/2020\/06\/pietnastka-concert-la-rokolectiv.jpg\"],\"thumbnailUrl\":\"https:\/\/instytutpolski.pl\/bucuresti\/wp-content\/uploads\/sites\/11\/2020\/06\/pietnastka-concert-la-rokolectiv.jpg\",\"datePublished\":\"2015-04-24T11:46:00+02:00\",\"dateModified\":\"2020-06-04T11:49:12+02:00\",\"author\":{\"@id\":\"https:\/\/instytutpolski.pl\/bucuresti\/#\/schema\/person\/980fdccff6ea3f1cab069becadecca5b\"},\"breadcrumb\":{\"@id\":\"https:\/\/instytutpolski.pl\/bucuresti\/2015\/04\/24\/pietnastka-concert-la-festivalul-rokolectiv\/#breadcrumb\"},\"inLanguage\":\"pl-PL\",\"potentialAction\":[{\"@type\":\"ReadAction\",\"target\":[\"https:\/\/instytutpolski.pl\/bucuresti\/2015\/04\/24\/pietnastka-concert-la-festivalul-rokolectiv\/\"]}],\"@context\":\"https:\/\/schema.org\",\"startDate\":\"2015-04-23\",\"endDate\":\"2015-04-23\",\"eventStatus\":\"EventScheduled\",\"eventAttendanceMode\":\"OfflineEventAttendanceMode\",\"location\":{\"@type\":\"place\",\"name\":\"\",\"address\":\"\",\"geo\":{\"@type\":\"GeoCoordinates\",\"latitude\":\"\",\"longitude\":\"\"}},\"description\":\"O \u021bes\u0103tur\u0103 dens\u0103 \u00eentre sunetele produse de sintezatoare \u0219i percu\u021bie - a\u0219a poate fi descris proiectul lui Piotr Kurek, cu care muzicianul polonez a debutat \u00een anul 2011, lans\u00e2nd cu aceast\u0103 ocazie albumul \u201eDalia\u201d, scos la casa de discuri Sangoplasmo Records. Pi\u0119tnastka (Piotr Kurek - sintetizatoare, Hubert Zempler - percu\u021bie) exploreaz\u0103 orizonturi sonore psihedelice, cre\u00e2nd o muzic\u0103 minimalist\u0103 cu o linie melodic\u0103 plin\u0103 de nostalgie. Dup\u0103 cum spune \u00eensu\u0219i\u00a0Piotr Kurek, \u201ePi\u0119tnastka este un proiect n\u0103scut din dragostea pentru lucrurile vechi \u0219i misterioase\u201d.\\nhttps:\/\/www.youtube.com\/watch?v=-ep1DV_v-7k&amp;feature=emb_logo\\n\u201eM-au fermecat \u00a0melodiile pozna\u0219e \u0219i pot s\u0103 afirm cu t\u0103rie c\u0103 este cel mai interesant album pe care l-am ascultat \u00een ultimii ani.\u201d - Niezal Codzienny\"},{\"@type\":\"ImageObject\",\"inLanguage\":\"pl-PL\",\"@id\":\"https:\/\/instytutpolski.pl\/bucuresti\/2015\/04\/24\/pietnastka-concert-la-festivalul-rokolectiv\/#primaryimage\",\"url\":\"https:\/\/instytutpolski.pl\/bucuresti\/wp-content\/uploads\/sites\/11\/2020\/06\/pietnastka-concert-la-rokolectiv.jpg\",\"contentUrl\":\"https:\/\/instytutpolski.pl\/bucuresti\/wp-content\/uploads\/sites\/11\/2020\/06\/pietnastka-concert-la-rokolectiv.jpg\",\"width\":660,\"height\":673},{\"@type\":\"BreadcrumbList\",\"@id\":\"https:\/\/instytutpolski.pl\/bucuresti\/2015\/04\/24\/pietnastka-concert-la-festivalul-rokolectiv\/#breadcrumb\",\"itemListElement\":[{\"@type\":\"ListItem\",\"position\":1,\"name\":\"Home\",\"item\":\"https:\/\/instytutpolski.pl\/bucuresti\/\"},{\"@type\":\"ListItem\",\"position\":2,\"name\":\"Pi\u0119tnastka, concert la Festivalul Rokolectiv\"}]},{\"@type\":\"WebSite\",\"@id\":\"https:\/\/instytutpolski.pl\/bucuresti\/#website\",\"url\":\"https:\/\/instytutpolski.pl\/bucuresti\/\",\"name\":\"Instytut Polski w Bukareszcie\",\"description\":\"Instytuty Polskie\",\"potentialAction\":[{\"@type\":\"SearchAction\",\"target\":{\"@type\":\"EntryPoint\",\"urlTemplate\":\"https:\/\/instytutpolski.pl\/bucuresti\/?s={search_term_string}\"},\"query-input\":{\"@type\":\"PropertyValueSpecification\",\"valueRequired\":true,\"valueName\":\"search_term_string\"}}],\"inLanguage\":\"pl-PL\"},{\"@type\":\"Person\",\"@id\":\"https:\/\/instytutpolski.pl\/bucuresti\/#\/schema\/person\/980fdccff6ea3f1cab069becadecca5b\",\"name\":\"rutkowskip\",\"image\":{\"@type\":\"ImageObject\",\"inLanguage\":\"pl-PL\",\"@id\":\"https:\/\/instytutpolski.pl\/bucuresti\/#\/schema\/person\/image\/\",\"url\":\"https:\/\/secure.gravatar.com\/avatar\/a44cb0329dc71f58530e0890a10f5e4d?s=96&d=mm&r=g\",\"contentUrl\":\"https:\/\/secure.gravatar.com\/avatar\/a44cb0329dc71f58530e0890a10f5e4d?s=96&d=mm&r=g\",\"caption\":\"rutkowskip\"},\"url\":\"https:\/\/instytutpolski.pl\/bucuresti\/author\/rutkowskip\/\"}]}<\/script>\n<!-- \/ Yoast SEO plugin. -->","yoast_head_json":{"title":"Pi\u0119tnastka, concert la Festivalul Rokolectiv - Instytut Polski w Bukareszcie","robots":{"index":"index","follow":"follow","max-snippet":"max-snippet:-1","max-image-preview":"max-image-preview:large","max-video-preview":"max-video-preview:-1"},"canonical":"https:\/\/instytutpolski.pl\/bucuresti\/2015\/04\/24\/pietnastka-concert-la-festivalul-rokolectiv\/","og_locale":"pl_PL","og_type":"article","og_title":"Pi\u0119tnastka, concert la Festivalul Rokolectiv - Instytut Polski w Bukareszcie","og_description":"O \u021bes\u0103tur\u0103 dens\u0103 \u00eentre sunetele produse de sintezatoare \u0219i percu\u021bie &#8211; a\u0219a poate fi descris proiectul lui Piotr Kurek, cu care muzicianul polonez a debutat \u00een anul 2011, lans\u00e2nd cu aceast\u0103 ocazie albumul \u201eDalia\u201d, scos la casa de discuri Sangoplasmo Records. Pi\u0119tnastka (Piotr Kurek &#8211; sintetizatoare, Hubert Zempler &#8211; percu\u021bie) exploreaz\u0103 orizonturi sonore psihedelice, cre\u00e2nd [&hellip;]","og_url":"https:\/\/instytutpolski.pl\/bucuresti\/2015\/04\/24\/pietnastka-concert-la-festivalul-rokolectiv\/","og_site_name":"Instytut Polski w Bukareszcie","article_published_time":"2015-04-24T11:46:00+00:00","article_modified_time":"2020-06-04T11:49:12+00:00","og_image":[{"width":660,"height":673,"url":"https:\/\/instytutpolski.pl\/bucuresti\/wp-content\/uploads\/sites\/11\/2020\/06\/pietnastka-concert-la-rokolectiv.jpg","type":"image\/jpeg"}],"author":"rutkowskip","twitter_card":"summary_large_image","twitter_misc":{"Napisane przez":"rutkowskip","Szacowany czas czytania":"1 minuta"},"schema":{"@context":"https:\/\/schema.org","@graph":[{"@type":"event","@id":"https:\/\/instytutpolski.pl\/bucuresti\/2015\/04\/24\/pietnastka-concert-la-festivalul-rokolectiv\/","url":"https:\/\/instytutpolski.pl\/bucuresti\/2015\/04\/24\/pietnastka-concert-la-festivalul-rokolectiv\/","name":"Pi\u0119tnastka, concert la Festivalul Rokolectiv","isPartOf":{"@id":"https:\/\/instytutpolski.pl\/bucuresti\/#website"},"primaryImageOfPage":{"@id":"https:\/\/instytutpolski.pl\/bucuresti\/2015\/04\/24\/pietnastka-concert-la-festivalul-rokolectiv\/#primaryimage"},"image":["https:\/\/instytutpolski.pl\/bucuresti\/wp-content\/uploads\/sites\/11\/2020\/06\/pietnastka-concert-la-rokolectiv.jpg","https:\/\/instytutpolski.pl\/bucuresti\/wp-content\/uploads\/sites\/11\/2020\/06\/pietnastka-concert-la-rokolectiv-294x300.jpg","https:\/\/instytutpolski.pl\/bucuresti\/wp-content\/uploads\/sites\/11\/2020\/06\/pietnastka-concert-la-rokolectiv.jpg","https:\/\/instytutpolski.pl\/bucuresti\/wp-content\/uploads\/sites\/11\/2020\/06\/pietnastka-concert-la-rokolectiv.jpg"],"thumbnailUrl":"https:\/\/instytutpolski.pl\/bucuresti\/wp-content\/uploads\/sites\/11\/2020\/06\/pietnastka-concert-la-rokolectiv.jpg","datePublished":"2015-04-24T11:46:00+02:00","dateModified":"2020-06-04T11:49:12+02:00","author":{"@id":"https:\/\/instytutpolski.pl\/bucuresti\/#\/schema\/person\/980fdccff6ea3f1cab069becadecca5b"},"breadcrumb":{"@id":"https:\/\/instytutpolski.pl\/bucuresti\/2015\/04\/24\/pietnastka-concert-la-festivalul-rokolectiv\/#breadcrumb"},"inLanguage":"pl-PL","potentialAction":[{"@type":"ReadAction","target":["https:\/\/instytutpolski.pl\/bucuresti\/2015\/04\/24\/pietnastka-concert-la-festivalul-rokolectiv\/"]}],"@context":"https:\/\/schema.org","startDate":"2015-04-23","endDate":"2015-04-23","eventStatus":"EventScheduled","eventAttendanceMode":"OfflineEventAttendanceMode","location":{"@type":"place","name":"","address":"","geo":{"@type":"GeoCoordinates","latitude":"","longitude":""}},"description":"O \u021bes\u0103tur\u0103 dens\u0103 \u00eentre sunetele produse de sintezatoare \u0219i percu\u021bie - a\u0219a poate fi descris proiectul lui Piotr Kurek, cu care muzicianul polonez a debutat \u00een anul 2011, lans\u00e2nd cu aceast\u0103 ocazie albumul \u201eDalia\u201d, scos la casa de discuri Sangoplasmo Records. Pi\u0119tnastka (Piotr Kurek - sintetizatoare, Hubert Zempler - percu\u021bie) exploreaz\u0103 orizonturi sonore psihedelice, cre\u00e2nd o muzic\u0103 minimalist\u0103 cu o linie melodic\u0103 plin\u0103 de nostalgie. Dup\u0103 cum spune \u00eensu\u0219i\u00a0Piotr Kurek, \u201ePi\u0119tnastka este un proiect n\u0103scut din dragostea pentru lucrurile vechi \u0219i misterioase\u201d.\nhttps:\/\/www.youtube.com\/watch?v=-ep1DV_v-7k&amp;feature=emb_logo\n\u201eM-au fermecat \u00a0melodiile pozna\u0219e \u0219i pot s\u0103 afirm cu t\u0103rie c\u0103 este cel mai interesant album pe care l-am ascultat \u00een ultimii ani.\u201d - Niezal Codzienny"},{"@type":"ImageObject","inLanguage":"pl-PL","@id":"https:\/\/instytutpolski.pl\/bucuresti\/2015\/04\/24\/pietnastka-concert-la-festivalul-rokolectiv\/#primaryimage","url":"https:\/\/instytutpolski.pl\/bucuresti\/wp-content\/uploads\/sites\/11\/2020\/06\/pietnastka-concert-la-rokolectiv.jpg","contentUrl":"https:\/\/instytutpolski.pl\/bucuresti\/wp-content\/uploads\/sites\/11\/2020\/06\/pietnastka-concert-la-rokolectiv.jpg","width":660,"height":673},{"@type":"BreadcrumbList","@id":"https:\/\/instytutpolski.pl\/bucuresti\/2015\/04\/24\/pietnastka-concert-la-festivalul-rokolectiv\/#breadcrumb","itemListElement":[{"@type":"ListItem","position":1,"name":"Home","item":"https:\/\/instytutpolski.pl\/bucuresti\/"},{"@type":"ListItem","position":2,"name":"Pi\u0119tnastka, concert la Festivalul Rokolectiv"}]},{"@type":"WebSite","@id":"https:\/\/instytutpolski.pl\/bucuresti\/#website","url":"https:\/\/instytutpolski.pl\/bucuresti\/","name":"Instytut Polski w Bukareszcie","description":"Instytuty Polskie","potentialAction":[{"@type":"SearchAction","target":{"@type":"EntryPoint","urlTemplate":"https:\/\/instytutpolski.pl\/bucuresti\/?s={search_term_string}"},"query-input":{"@type":"PropertyValueSpecification","valueRequired":true,"valueName":"search_term_string"}}],"inLanguage":"pl-PL"},{"@type":"Person","@id":"https:\/\/instytutpolski.pl\/bucuresti\/#\/schema\/person\/980fdccff6ea3f1cab069becadecca5b","name":"rutkowskip","image":{"@type":"ImageObject","inLanguage":"pl-PL","@id":"https:\/\/instytutpolski.pl\/bucuresti\/#\/schema\/person\/image\/","url":"https:\/\/secure.gravatar.com\/avatar\/a44cb0329dc71f58530e0890a10f5e4d?s=96&d=mm&r=g","contentUrl":"https:\/\/secure.gravatar.com\/avatar\/a44cb0329dc71f58530e0890a10f5e4d?s=96&d=mm&r=g","caption":"rutkowskip"},"url":"https:\/\/instytutpolski.pl\/bucuresti\/author\/rutkowskip\/"}]}},"_links":{"self":[{"href":"https:\/\/instytutpolski.pl\/bucuresti\/wp-json\/wp\/v2\/posts\/3743","targetHints":{"allow":["GET"]}}],"collection":[{"href":"https:\/\/instytutpolski.pl\/bucuresti\/wp-json\/wp\/v2\/posts"}],"about":[{"href":"https:\/\/instytutpolski.pl\/bucuresti\/wp-json\/wp\/v2\/types\/post"}],"author":[{"embeddable":true,"href":"https:\/\/instytutpolski.pl\/bucuresti\/wp-json\/wp\/v2\/users\/42"}],"replies":[{"embeddable":true,"href":"https:\/\/instytutpolski.pl\/bucuresti\/wp-json\/wp\/v2\/comments?post=3743"}],"version-history":[{"count":2,"href":"https:\/\/instytutpolski.pl\/bucuresti\/wp-json\/wp\/v2\/posts\/3743\/revisions"}],"predecessor-version":[{"id":3757,"href":"https:\/\/instytutpolski.pl\/bucuresti\/wp-json\/wp\/v2\/posts\/3743\/revisions\/3757"}],"wp:featuredmedia":[{"embeddable":true,"href":"https:\/\/instytutpolski.pl\/bucuresti\/wp-json\/wp\/v2\/media\/3754"}],"wp:attachment":[{"href":"https:\/\/instytutpolski.pl\/bucuresti\/wp-json\/wp\/v2\/media?parent=3743"}],"wp:term":[{"taxonomy":"category","embeddable":true,"href":"https:\/\/instytutpolski.pl\/bucuresti\/wp-json\/wp\/v2\/categories?post=3743"},{"taxonomy":"post_tag","embeddable":true,"href":"https:\/\/instytutpolski.pl\/bucuresti\/wp-json\/wp\/v2\/tags?post=3743"}],"curies":[{"name":"wp","href":"https:\/\/api.w.org\/{rel}","templated":true}]}}