{"id":3778,"date":"2015-06-24T13:51:00","date_gmt":"2015-06-24T11:51:00","guid":{"rendered":"https:\/\/instytutpolski.pl\/bucuresti\/?p=3778"},"modified":"2020-06-04T13:53:59","modified_gmt":"2020-06-04T11:53:59","slug":"emigranci-mrozka-premiera-spektaklu-teatru-tvr","status":"publish","type":"post","link":"https:\/\/instytutpolski.pl\/bucuresti\/pl\/2015\/06\/24\/emigranci-mrozka-premiera-spektaklu-teatru-tvr\/","title":{"rendered":"\u201eEmigranci\u201d Mro\u017cka &#8211; premiera spektaklu teatru TVR"},"content":{"rendered":"\n<p>Emisja tego spektaklu upami\u0119tnia te\u017c Rok Teatru Polskiego &#8211; 250 lat od za\u0142o\u017cenia Teatru Narodowego w Warszawie.<\/p>\n<p><strong>Teatr TV<\/strong><\/p>\n<p><strong>TVR2 \u2013 poniedzia\u0142ek, 29 czerwca, godz 20:10 i<\/strong><\/p>\n<p><strong>TVR HD \u2013<\/strong><strong>poniedzia\u0142ek, 29 czerwca, godz<\/strong><strong>\u00a020\u00a0:10 oraz, wtorek 30 czerwca, godz 14\u00a0:00<\/strong><\/p>\n<p>\u00a0<\/p>\n<p><strong>EMIGRANCI<\/strong><\/p>\n<p>S\u0142awomir Mro\u017cek.<\/p>\n<p>Spektakl zrealizowany w Teatrze Arca-La Scena w Bukareszcie, we wsp\u00f3\u0142pracy z Instytutem Polskim<\/p>\n<p>Obsada: Lari Giorgescu i Silvian V\u00e2lcu<\/p>\n<p>Scenografia: Vladimir Turturic\u0103<\/p>\n<p>Ekipa TV<\/p>\n<p>Producent:Lucia Constantinescu<\/p>\n<p>Zdj\u0119cia:Mugur Nedelescu<\/p>\n<p>D\u017awi\u0119k:Valentin Bartolomeu<\/p>\n<p>Monta\u017c:Rodica R\u0103dulescu<\/p>\n<p>Postprodukcja d\u017awi\u0119k:Gigi Melinte<\/p>\n<p>Ilustracja d\u017awi\u0119kowa:Tudor St\u0103nescu<\/p>\n<p>Organizator produkcji:Sorin Cristea<\/p>\n<p>Producent koordynator:Andras Demeter<\/p>\n<p>Re\u017cyseria TV: Andrei M\u0103galie<\/p>\n","protected":false},"excerpt":{"rendered":"<p>Emisja tego spektaklu upami\u0119tnia te\u017c Rok Teatru Polskiego &#8211; 250 lat od za\u0142o\u017cenia Teatru Narodowego w Warszawie. Teatr TV TVR2 \u2013 poniedzia\u0142ek, 29 czerwca, godz 20:10 i TVR HD \u2013poniedzia\u0142ek, 29 czerwca, godz\u00a020\u00a0:10 oraz, wtorek 30 czerwca, godz 14\u00a0:00 \u00a0 EMIGRANCI S\u0142awomir Mro\u017cek. Spektakl zrealizowany w Teatrze Arca-La Scena w Bukareszcie, we wsp\u00f3\u0142pracy z Instytutem [&hellip;]<\/p>\n","protected":false},"author":44,"featured_media":3774,"comment_status":"open","ping_status":"open","sticky":false,"template":"","format":"standard","meta":{"inline_featured_image":false,"_monsterinsights_skip_tracking":false,"_monsterinsights_sitenote_active":false,"_monsterinsights_sitenote_note":"","_monsterinsights_sitenote_category":0,"footnotes":""},"categories":[142],"tags":[],"class_list":["post-3778","post","type-post","status-publish","format-standard","has-post-thumbnail","hentry","category-teatr"],"yoast_head":"<!-- This site is optimized with the Yoast SEO plugin v24.6 - https:\/\/yoast.com\/wordpress\/plugins\/seo\/ -->\n<title>\u201eEmigranci\u201d Mro\u017cka - premiera spektaklu teatru TVR - Instytut Polski w Bukareszcie<\/title>\n<meta name=\"robots\" content=\"index, follow, max-snippet:-1, max-image-preview:large, max-video-preview:-1\" \/>\n<link rel=\"canonical\" href=\"https:\/\/instytutpolski.pl\/bucuresti\/pl\/2015\/06\/24\/emigranci-mrozka-premiera-spektaklu-teatru-tvr\/\" \/>\n<meta property=\"og:locale\" content=\"pl_PL\" \/>\n<meta property=\"og:type\" content=\"article\" \/>\n<meta property=\"og:title\" content=\"\u201eEmigranci\u201d Mro\u017cka - premiera spektaklu teatru TVR - Instytut Polski w Bukareszcie\" \/>\n<meta property=\"og:description\" content=\"Emisja tego spektaklu upami\u0119tnia te\u017c Rok Teatru Polskiego &#8211; 250 lat od za\u0142o\u017cenia Teatru Narodowego w Warszawie. Teatr TV TVR2 \u2013 poniedzia\u0142ek, 29 czerwca, godz 20:10 i TVR HD \u2013poniedzia\u0142ek, 29 czerwca, godz\u00a020\u00a0:10 oraz, wtorek 30 czerwca, godz 14\u00a0:00 \u00a0 EMIGRANCI S\u0142awomir Mro\u017cek. Spektakl zrealizowany w Teatrze Arca-La Scena w Bukareszcie, we wsp\u00f3\u0142pracy z Instytutem [&hellip;]\" \/>\n<meta property=\"og:url\" content=\"https:\/\/instytutpolski.pl\/bucuresti\/pl\/2015\/06\/24\/emigranci-mrozka-premiera-spektaklu-teatru-tvr\/\" \/>\n<meta property=\"og:site_name\" content=\"Instytut Polski w Bukareszcie\" \/>\n<meta property=\"article:published_time\" content=\"2015-06-24T11:51:00+00:00\" \/>\n<meta property=\"article:modified_time\" content=\"2020-06-04T11:53:59+00:00\" \/>\n<meta property=\"og:image\" content=\"https:\/\/instytutpolski.pl\/bucuresti\/wp-content\/uploads\/sites\/11\/2020\/06\/emigrantii-in-premiera-la-teatru-tv.jpg\" \/>\n\t<meta property=\"og:image:width\" content=\"1626\" \/>\n\t<meta property=\"og:image:height\" content=\"1080\" \/>\n\t<meta property=\"og:image:type\" content=\"image\/jpeg\" \/>\n<meta name=\"author\" content=\"zalaszewskak\" \/>\n<meta name=\"twitter:card\" content=\"summary_large_image\" \/>\n<meta name=\"twitter:label1\" content=\"Napisane przez\" \/>\n\t<meta name=\"twitter:data1\" content=\"zalaszewskak\" \/>\n\t<meta name=\"twitter:label2\" content=\"Szacowany czas czytania\" \/>\n\t<meta name=\"twitter:data2\" content=\"1 minuta\" \/>\n<script type=\"application\/ld+json\" class=\"yoast-schema-graph\">{\"@context\":\"https:\/\/schema.org\",\"@graph\":[{\"@type\":\"event\",\"@id\":\"https:\/\/instytutpolski.pl\/bucuresti\/pl\/2015\/06\/24\/emigranci-mrozka-premiera-spektaklu-teatru-tvr\/\",\"url\":\"https:\/\/instytutpolski.pl\/bucuresti\/pl\/2015\/06\/24\/emigranci-mrozka-premiera-spektaklu-teatru-tvr\/\",\"name\":\"\u201eEmigranci\u201d Mro\u017cka - premiera spektaklu teatru TVR\",\"isPartOf\":{\"@id\":\"https:\/\/instytutpolski.pl\/bucuresti\/#website\"},\"primaryImageOfPage\":{\"@id\":\"https:\/\/instytutpolski.pl\/bucuresti\/pl\/2015\/06\/24\/emigranci-mrozka-premiera-spektaklu-teatru-tvr\/#primaryimage\"},\"image\":[\"https:\/\/instytutpolski.pl\/bucuresti\/wp-content\/uploads\/sites\/11\/2020\/06\/emigrantii-in-premiera-la-teatru-tv.jpg\",\"https:\/\/instytutpolski.pl\/bucuresti\/wp-content\/uploads\/sites\/11\/2020\/06\/emigrantii-in-premiera-la-teatru-tv-300x199.jpg\",\"https:\/\/instytutpolski.pl\/bucuresti\/wp-content\/uploads\/sites\/11\/2020\/06\/emigrantii-in-premiera-la-teatru-tv-1024x680.jpg\",\"https:\/\/instytutpolski.pl\/bucuresti\/wp-content\/uploads\/sites\/11\/2020\/06\/emigrantii-in-premiera-la-teatru-tv.jpg\"],\"thumbnailUrl\":\"https:\/\/instytutpolski.pl\/bucuresti\/wp-content\/uploads\/sites\/11\/2020\/06\/emigrantii-in-premiera-la-teatru-tv.jpg\",\"datePublished\":\"2015-06-24T11:51:00+02:00\",\"dateModified\":\"2020-06-04T11:53:59+02:00\",\"author\":{\"@id\":\"https:\/\/instytutpolski.pl\/bucuresti\/#\/schema\/person\/cbf38f4ffa10f919673d0e5f3ee6677d\"},\"breadcrumb\":{\"@id\":\"https:\/\/instytutpolski.pl\/bucuresti\/pl\/2015\/06\/24\/emigranci-mrozka-premiera-spektaklu-teatru-tvr\/#breadcrumb\"},\"inLanguage\":\"pl-PL\",\"potentialAction\":[{\"@type\":\"ReadAction\",\"target\":[\"https:\/\/instytutpolski.pl\/bucuresti\/pl\/2015\/06\/24\/emigranci-mrozka-premiera-spektaklu-teatru-tvr\/\"]}],\"@context\":\"https:\/\/schema.org\",\"startDate\":\"2015-06-29\",\"endDate\":\"2015-06-29\",\"eventStatus\":\"EventScheduled\",\"eventAttendanceMode\":\"OfflineEventAttendanceMode\",\"location\":{\"@type\":\"place\",\"name\":\"\",\"address\":\"\",\"geo\":{\"@type\":\"GeoCoordinates\",\"latitude\":\"\",\"longitude\":\"\"}},\"description\":\"Emisja tego spektaklu upami\u0119tnia te\u017c Rok Teatru Polskiego - 250 lat od za\u0142o\u017cenia Teatru Narodowego w Warszawie.\\nTeatr TV\\nTVR2 \u2013 poniedzia\u0142ek, 29 czerwca, godz 20:10 i\\nTVR HD \u2013poniedzia\u0142ek, 29 czerwca, godz\u00a020\u00a0:10 oraz, wtorek 30 czerwca, godz 14\u00a0:00\\n\u00a0\\nEMIGRANCI\\nS\u0142awomir Mro\u017cek.\\nSpektakl zrealizowany w Teatrze Arca-La Scena w Bukareszcie, we wsp\u00f3\u0142pracy z Instytutem Polskim\\nObsada: Lari Giorgescu i Silvian V\u00e2lcu\\nScenografia: Vladimir Turturic\u0103\\nEkipa TV\\nProducent:Lucia Constantinescu\\nZdj\u0119cia:Mugur Nedelescu\\nD\u017awi\u0119k:Valentin Bartolomeu\\nMonta\u017c:Rodica R\u0103dulescu\\nPostprodukcja d\u017awi\u0119k:Gigi Melinte\\nIlustracja d\u017awi\u0119kowa:Tudor St\u0103nescu\\nOrganizator produkcji:Sorin Cristea\\nProducent koordynator:Andras Demeter\\nRe\u017cyseria TV: Andrei M\u0103galie\"},{\"@type\":\"ImageObject\",\"inLanguage\":\"pl-PL\",\"@id\":\"https:\/\/instytutpolski.pl\/bucuresti\/pl\/2015\/06\/24\/emigranci-mrozka-premiera-spektaklu-teatru-tvr\/#primaryimage\",\"url\":\"https:\/\/instytutpolski.pl\/bucuresti\/wp-content\/uploads\/sites\/11\/2020\/06\/emigrantii-in-premiera-la-teatru-tv.jpg\",\"contentUrl\":\"https:\/\/instytutpolski.pl\/bucuresti\/wp-content\/uploads\/sites\/11\/2020\/06\/emigrantii-in-premiera-la-teatru-tv.jpg\",\"width\":1626,\"height\":1080},{\"@type\":\"BreadcrumbList\",\"@id\":\"https:\/\/instytutpolski.pl\/bucuresti\/pl\/2015\/06\/24\/emigranci-mrozka-premiera-spektaklu-teatru-tvr\/#breadcrumb\",\"itemListElement\":[{\"@type\":\"ListItem\",\"position\":1,\"name\":\"Home\",\"item\":\"https:\/\/instytutpolski.pl\/bucuresti\/\"},{\"@type\":\"ListItem\",\"position\":2,\"name\":\"\u201eEmigranci\u201d Mro\u017cka &#8211; premiera spektaklu teatru TVR\"}]},{\"@type\":\"WebSite\",\"@id\":\"https:\/\/instytutpolski.pl\/bucuresti\/#website\",\"url\":\"https:\/\/instytutpolski.pl\/bucuresti\/\",\"name\":\"Instytut Polski w Bukareszcie\",\"description\":\"Instytuty Polskie\",\"potentialAction\":[{\"@type\":\"SearchAction\",\"target\":{\"@type\":\"EntryPoint\",\"urlTemplate\":\"https:\/\/instytutpolski.pl\/bucuresti\/?s={search_term_string}\"},\"query-input\":{\"@type\":\"PropertyValueSpecification\",\"valueRequired\":true,\"valueName\":\"search_term_string\"}}],\"inLanguage\":\"pl-PL\"},{\"@type\":\"Person\",\"@id\":\"https:\/\/instytutpolski.pl\/bucuresti\/#\/schema\/person\/cbf38f4ffa10f919673d0e5f3ee6677d\",\"name\":\"zalaszewskak\",\"image\":{\"@type\":\"ImageObject\",\"inLanguage\":\"pl-PL\",\"@id\":\"https:\/\/instytutpolski.pl\/bucuresti\/#\/schema\/person\/image\/\",\"url\":\"https:\/\/secure.gravatar.com\/avatar\/c2e847fb86e9b9e6a80aa771ff34772f?s=96&d=mm&r=g\",\"contentUrl\":\"https:\/\/secure.gravatar.com\/avatar\/c2e847fb86e9b9e6a80aa771ff34772f?s=96&d=mm&r=g\",\"caption\":\"zalaszewskak\"},\"url\":\"https:\/\/instytutpolski.pl\/bucuresti\/author\/zalaszewskak\/\"}]}<\/script>\n<!-- \/ Yoast SEO plugin. -->","yoast_head_json":{"title":"\u201eEmigranci\u201d Mro\u017cka - premiera spektaklu teatru TVR - Instytut Polski w Bukareszcie","robots":{"index":"index","follow":"follow","max-snippet":"max-snippet:-1","max-image-preview":"max-image-preview:large","max-video-preview":"max-video-preview:-1"},"canonical":"https:\/\/instytutpolski.pl\/bucuresti\/pl\/2015\/06\/24\/emigranci-mrozka-premiera-spektaklu-teatru-tvr\/","og_locale":"pl_PL","og_type":"article","og_title":"\u201eEmigranci\u201d Mro\u017cka - premiera spektaklu teatru TVR - Instytut Polski w Bukareszcie","og_description":"Emisja tego spektaklu upami\u0119tnia te\u017c Rok Teatru Polskiego &#8211; 250 lat od za\u0142o\u017cenia Teatru Narodowego w Warszawie. Teatr TV TVR2 \u2013 poniedzia\u0142ek, 29 czerwca, godz 20:10 i TVR HD \u2013poniedzia\u0142ek, 29 czerwca, godz\u00a020\u00a0:10 oraz, wtorek 30 czerwca, godz 14\u00a0:00 \u00a0 EMIGRANCI S\u0142awomir Mro\u017cek. Spektakl zrealizowany w Teatrze Arca-La Scena w Bukareszcie, we wsp\u00f3\u0142pracy z Instytutem [&hellip;]","og_url":"https:\/\/instytutpolski.pl\/bucuresti\/pl\/2015\/06\/24\/emigranci-mrozka-premiera-spektaklu-teatru-tvr\/","og_site_name":"Instytut Polski w Bukareszcie","article_published_time":"2015-06-24T11:51:00+00:00","article_modified_time":"2020-06-04T11:53:59+00:00","og_image":[{"width":1626,"height":1080,"url":"https:\/\/instytutpolski.pl\/bucuresti\/wp-content\/uploads\/sites\/11\/2020\/06\/emigrantii-in-premiera-la-teatru-tv.jpg","type":"image\/jpeg"}],"author":"zalaszewskak","twitter_card":"summary_large_image","twitter_misc":{"Napisane przez":"zalaszewskak","Szacowany czas czytania":"1 minuta"},"schema":{"@context":"https:\/\/schema.org","@graph":[{"@type":"event","@id":"https:\/\/instytutpolski.pl\/bucuresti\/pl\/2015\/06\/24\/emigranci-mrozka-premiera-spektaklu-teatru-tvr\/","url":"https:\/\/instytutpolski.pl\/bucuresti\/pl\/2015\/06\/24\/emigranci-mrozka-premiera-spektaklu-teatru-tvr\/","name":"\u201eEmigranci\u201d Mro\u017cka - premiera spektaklu teatru TVR","isPartOf":{"@id":"https:\/\/instytutpolski.pl\/bucuresti\/#website"},"primaryImageOfPage":{"@id":"https:\/\/instytutpolski.pl\/bucuresti\/pl\/2015\/06\/24\/emigranci-mrozka-premiera-spektaklu-teatru-tvr\/#primaryimage"},"image":["https:\/\/instytutpolski.pl\/bucuresti\/wp-content\/uploads\/sites\/11\/2020\/06\/emigrantii-in-premiera-la-teatru-tv.jpg","https:\/\/instytutpolski.pl\/bucuresti\/wp-content\/uploads\/sites\/11\/2020\/06\/emigrantii-in-premiera-la-teatru-tv-300x199.jpg","https:\/\/instytutpolski.pl\/bucuresti\/wp-content\/uploads\/sites\/11\/2020\/06\/emigrantii-in-premiera-la-teatru-tv-1024x680.jpg","https:\/\/instytutpolski.pl\/bucuresti\/wp-content\/uploads\/sites\/11\/2020\/06\/emigrantii-in-premiera-la-teatru-tv.jpg"],"thumbnailUrl":"https:\/\/instytutpolski.pl\/bucuresti\/wp-content\/uploads\/sites\/11\/2020\/06\/emigrantii-in-premiera-la-teatru-tv.jpg","datePublished":"2015-06-24T11:51:00+02:00","dateModified":"2020-06-04T11:53:59+02:00","author":{"@id":"https:\/\/instytutpolski.pl\/bucuresti\/#\/schema\/person\/cbf38f4ffa10f919673d0e5f3ee6677d"},"breadcrumb":{"@id":"https:\/\/instytutpolski.pl\/bucuresti\/pl\/2015\/06\/24\/emigranci-mrozka-premiera-spektaklu-teatru-tvr\/#breadcrumb"},"inLanguage":"pl-PL","potentialAction":[{"@type":"ReadAction","target":["https:\/\/instytutpolski.pl\/bucuresti\/pl\/2015\/06\/24\/emigranci-mrozka-premiera-spektaklu-teatru-tvr\/"]}],"@context":"https:\/\/schema.org","startDate":"2015-06-29","endDate":"2015-06-29","eventStatus":"EventScheduled","eventAttendanceMode":"OfflineEventAttendanceMode","location":{"@type":"place","name":"","address":"","geo":{"@type":"GeoCoordinates","latitude":"","longitude":""}},"description":"Emisja tego spektaklu upami\u0119tnia te\u017c Rok Teatru Polskiego - 250 lat od za\u0142o\u017cenia Teatru Narodowego w Warszawie.\nTeatr TV\nTVR2 \u2013 poniedzia\u0142ek, 29 czerwca, godz 20:10 i\nTVR HD \u2013poniedzia\u0142ek, 29 czerwca, godz\u00a020\u00a0:10 oraz, wtorek 30 czerwca, godz 14\u00a0:00\n\u00a0\nEMIGRANCI\nS\u0142awomir Mro\u017cek.\nSpektakl zrealizowany w Teatrze Arca-La Scena w Bukareszcie, we wsp\u00f3\u0142pracy z Instytutem Polskim\nObsada: Lari Giorgescu i Silvian V\u00e2lcu\nScenografia: Vladimir Turturic\u0103\nEkipa TV\nProducent:Lucia Constantinescu\nZdj\u0119cia:Mugur Nedelescu\nD\u017awi\u0119k:Valentin Bartolomeu\nMonta\u017c:Rodica R\u0103dulescu\nPostprodukcja d\u017awi\u0119k:Gigi Melinte\nIlustracja d\u017awi\u0119kowa:Tudor St\u0103nescu\nOrganizator produkcji:Sorin Cristea\nProducent koordynator:Andras Demeter\nRe\u017cyseria TV: Andrei M\u0103galie"},{"@type":"ImageObject","inLanguage":"pl-PL","@id":"https:\/\/instytutpolski.pl\/bucuresti\/pl\/2015\/06\/24\/emigranci-mrozka-premiera-spektaklu-teatru-tvr\/#primaryimage","url":"https:\/\/instytutpolski.pl\/bucuresti\/wp-content\/uploads\/sites\/11\/2020\/06\/emigrantii-in-premiera-la-teatru-tv.jpg","contentUrl":"https:\/\/instytutpolski.pl\/bucuresti\/wp-content\/uploads\/sites\/11\/2020\/06\/emigrantii-in-premiera-la-teatru-tv.jpg","width":1626,"height":1080},{"@type":"BreadcrumbList","@id":"https:\/\/instytutpolski.pl\/bucuresti\/pl\/2015\/06\/24\/emigranci-mrozka-premiera-spektaklu-teatru-tvr\/#breadcrumb","itemListElement":[{"@type":"ListItem","position":1,"name":"Home","item":"https:\/\/instytutpolski.pl\/bucuresti\/"},{"@type":"ListItem","position":2,"name":"\u201eEmigranci\u201d Mro\u017cka &#8211; premiera spektaklu teatru TVR"}]},{"@type":"WebSite","@id":"https:\/\/instytutpolski.pl\/bucuresti\/#website","url":"https:\/\/instytutpolski.pl\/bucuresti\/","name":"Instytut Polski w Bukareszcie","description":"Instytuty Polskie","potentialAction":[{"@type":"SearchAction","target":{"@type":"EntryPoint","urlTemplate":"https:\/\/instytutpolski.pl\/bucuresti\/?s={search_term_string}"},"query-input":{"@type":"PropertyValueSpecification","valueRequired":true,"valueName":"search_term_string"}}],"inLanguage":"pl-PL"},{"@type":"Person","@id":"https:\/\/instytutpolski.pl\/bucuresti\/#\/schema\/person\/cbf38f4ffa10f919673d0e5f3ee6677d","name":"zalaszewskak","image":{"@type":"ImageObject","inLanguage":"pl-PL","@id":"https:\/\/instytutpolski.pl\/bucuresti\/#\/schema\/person\/image\/","url":"https:\/\/secure.gravatar.com\/avatar\/c2e847fb86e9b9e6a80aa771ff34772f?s=96&d=mm&r=g","contentUrl":"https:\/\/secure.gravatar.com\/avatar\/c2e847fb86e9b9e6a80aa771ff34772f?s=96&d=mm&r=g","caption":"zalaszewskak"},"url":"https:\/\/instytutpolski.pl\/bucuresti\/author\/zalaszewskak\/"}]}},"_links":{"self":[{"href":"https:\/\/instytutpolski.pl\/bucuresti\/wp-json\/wp\/v2\/posts\/3778","targetHints":{"allow":["GET"]}}],"collection":[{"href":"https:\/\/instytutpolski.pl\/bucuresti\/wp-json\/wp\/v2\/posts"}],"about":[{"href":"https:\/\/instytutpolski.pl\/bucuresti\/wp-json\/wp\/v2\/types\/post"}],"author":[{"embeddable":true,"href":"https:\/\/instytutpolski.pl\/bucuresti\/wp-json\/wp\/v2\/users\/44"}],"replies":[{"embeddable":true,"href":"https:\/\/instytutpolski.pl\/bucuresti\/wp-json\/wp\/v2\/comments?post=3778"}],"version-history":[{"count":2,"href":"https:\/\/instytutpolski.pl\/bucuresti\/wp-json\/wp\/v2\/posts\/3778\/revisions"}],"predecessor-version":[{"id":3782,"href":"https:\/\/instytutpolski.pl\/bucuresti\/wp-json\/wp\/v2\/posts\/3778\/revisions\/3782"}],"wp:featuredmedia":[{"embeddable":true,"href":"https:\/\/instytutpolski.pl\/bucuresti\/wp-json\/wp\/v2\/media\/3774"}],"wp:attachment":[{"href":"https:\/\/instytutpolski.pl\/bucuresti\/wp-json\/wp\/v2\/media?parent=3778"}],"wp:term":[{"taxonomy":"category","embeddable":true,"href":"https:\/\/instytutpolski.pl\/bucuresti\/wp-json\/wp\/v2\/categories?post=3778"},{"taxonomy":"post_tag","embeddable":true,"href":"https:\/\/instytutpolski.pl\/bucuresti\/wp-json\/wp\/v2\/tags?post=3778"}],"curies":[{"name":"wp","href":"https:\/\/api.w.org\/{rel}","templated":true}]}}