{"id":3977,"date":"2015-03-03T07:13:00","date_gmt":"2015-03-03T06:13:00","guid":{"rendered":"https:\/\/instytutpolski.pl\/bucuresti\/?p=3977"},"modified":"2022-02-10T14:02:34","modified_gmt":"2022-02-10T13:02:34","slug":"olga-tokarczuk-dom-dzienny-dom-nocny","status":"publish","type":"post","link":"https:\/\/instytutpolski.pl\/bucuresti\/pl\/2015\/03\/03\/olga-tokarczuk-dom-dzienny-dom-nocny\/","title":{"rendered":"Olga Tokarczuk: Dom dzienny, dom nocny"},"content":{"rendered":"\n<p>Ksi\u0105\u017ck\u0119, w cenie ok. 30 lei mo\u017cna naby\u0107 w dobrych ksi\u0119garniach oraz online,\u00a0<a href=\"http:\/\/www.casacartii.ro\/detalii_1698_Casa-de-zi-casa-de-noapte.html\" target=\"_blank\" rel=\"noopener noreferrer\">na stronie wydawnictwa<\/a>.<\/p>\n","protected":false},"excerpt":{"rendered":"<p>Ksi\u0105\u017ck\u0119, w cenie ok. 30 lei mo\u017cna naby\u0107 w dobrych ksi\u0119garniach oraz online,\u00a0na stronie wydawnictwa.<\/p>\n","protected":false},"author":40,"featured_media":3974,"comment_status":"open","ping_status":"open","sticky":false,"template":"","format":"standard","meta":{"inline_featured_image":false,"_monsterinsights_skip_tracking":false,"_monsterinsights_sitenote_active":false,"_monsterinsights_sitenote_note":"","_monsterinsights_sitenote_category":0,"footnotes":""},"categories":[120],"tags":[],"class_list":["post-3977","post","type-post","status-publish","format-standard","has-post-thumbnail","hentry","category-aktualnosc"],"yoast_head":"<!-- This site is optimized with the Yoast SEO plugin v24.6 - https:\/\/yoast.com\/wordpress\/plugins\/seo\/ -->\n<title>Olga Tokarczuk: Dom dzienny, dom nocny - Instytut Polski w Bukareszcie<\/title>\n<meta name=\"robots\" content=\"index, follow, max-snippet:-1, max-image-preview:large, max-video-preview:-1\" \/>\n<link rel=\"canonical\" href=\"https:\/\/instytutpolski.pl\/bucuresti\/pl\/2015\/03\/03\/olga-tokarczuk-dom-dzienny-dom-nocny\/\" \/>\n<meta property=\"og:locale\" content=\"pl_PL\" \/>\n<meta property=\"og:type\" content=\"article\" \/>\n<meta property=\"og:title\" content=\"Olga Tokarczuk: Dom dzienny, dom nocny - Instytut Polski w Bukareszcie\" \/>\n<meta property=\"og:description\" content=\"Ksi\u0105\u017ck\u0119, w cenie ok. 30 lei mo\u017cna naby\u0107 w dobrych ksi\u0119garniach oraz online,\u00a0na stronie wydawnictwa.\" \/>\n<meta property=\"og:url\" content=\"https:\/\/instytutpolski.pl\/bucuresti\/pl\/2015\/03\/03\/olga-tokarczuk-dom-dzienny-dom-nocny\/\" \/>\n<meta property=\"og:site_name\" content=\"Instytut Polski w Bukareszcie\" \/>\n<meta property=\"article:published_time\" content=\"2015-03-03T06:13:00+00:00\" \/>\n<meta property=\"article:modified_time\" content=\"2022-02-10T13:02:34+00:00\" \/>\n<meta property=\"og:image\" content=\"https:\/\/instytutpolski.pl\/bucuresti\/wp-content\/uploads\/sites\/11\/2020\/06\/olga-tokarczuk-casa-de-zi-casa-de-noapte.jpg\" \/>\n\t<meta property=\"og:image:width\" content=\"1137\" \/>\n\t<meta property=\"og:image:height\" content=\"802\" \/>\n\t<meta property=\"og:image:type\" content=\"image\/jpeg\" \/>\n<meta name=\"author\" content=\"mrozowskiw\" \/>\n<meta name=\"twitter:card\" content=\"summary_large_image\" \/>\n<meta name=\"twitter:label1\" content=\"Napisane przez\" \/>\n\t<meta name=\"twitter:data1\" content=\"mrozowskiw\" \/>\n\t<meta name=\"twitter:label2\" content=\"Szacowany czas czytania\" \/>\n\t<meta name=\"twitter:data2\" content=\"1 minuta\" \/>\n<script type=\"application\/ld+json\" class=\"yoast-schema-graph\">{\"@context\":\"https:\/\/schema.org\",\"@graph\":[{\"@type\":\"event\",\"@id\":\"https:\/\/instytutpolski.pl\/bucuresti\/pl\/2015\/03\/03\/olga-tokarczuk-dom-dzienny-dom-nocny\/\",\"url\":\"https:\/\/instytutpolski.pl\/bucuresti\/pl\/2015\/03\/03\/olga-tokarczuk-dom-dzienny-dom-nocny\/\",\"name\":\"Olga Tokarczuk: Dom dzienny, dom nocny\",\"isPartOf\":{\"@id\":\"https:\/\/instytutpolski.pl\/bucuresti\/#website\"},\"primaryImageOfPage\":{\"@id\":\"https:\/\/instytutpolski.pl\/bucuresti\/pl\/2015\/03\/03\/olga-tokarczuk-dom-dzienny-dom-nocny\/#primaryimage\"},\"image\":[\"https:\/\/instytutpolski.pl\/bucuresti\/wp-content\/uploads\/sites\/11\/2020\/06\/olga-tokarczuk-casa-de-zi-casa-de-noapte.jpg\",\"https:\/\/instytutpolski.pl\/bucuresti\/wp-content\/uploads\/sites\/11\/2020\/06\/olga-tokarczuk-casa-de-zi-casa-de-noapte-300x212.jpg\",\"https:\/\/instytutpolski.pl\/bucuresti\/wp-content\/uploads\/sites\/11\/2020\/06\/olga-tokarczuk-casa-de-zi-casa-de-noapte-1024x722.jpg\",\"https:\/\/instytutpolski.pl\/bucuresti\/wp-content\/uploads\/sites\/11\/2020\/06\/olga-tokarczuk-casa-de-zi-casa-de-noapte.jpg\"],\"thumbnailUrl\":\"https:\/\/instytutpolski.pl\/bucuresti\/wp-content\/uploads\/sites\/11\/2020\/06\/olga-tokarczuk-casa-de-zi-casa-de-noapte.jpg\",\"datePublished\":\"2015-03-03T06:13:00+02:00\",\"dateModified\":\"2022-02-10T13:02:34+02:00\",\"author\":{\"@id\":\"https:\/\/instytutpolski.pl\/bucuresti\/#\/schema\/person\/bb4c505717d34987a9f9d15c79a24bb8\"},\"breadcrumb\":{\"@id\":\"https:\/\/instytutpolski.pl\/bucuresti\/pl\/2015\/03\/03\/olga-tokarczuk-dom-dzienny-dom-nocny\/#breadcrumb\"},\"inLanguage\":\"pl-PL\",\"potentialAction\":[{\"@type\":\"ReadAction\",\"target\":[\"https:\/\/instytutpolski.pl\/bucuresti\/pl\/2015\/03\/03\/olga-tokarczuk-dom-dzienny-dom-nocny\/\"]}],\"@context\":\"https:\/\/schema.org\",\"startDate\":\"2015-03-03\",\"endDate\":\"2015-03-03\",\"eventStatus\":\"EventScheduled\",\"eventAttendanceMode\":\"OfflineEventAttendanceMode\",\"location\":{\"@type\":\"place\",\"name\":\"\",\"address\":\"\",\"geo\":{\"@type\":\"GeoCoordinates\",\"latitude\":\"\",\"longitude\":\"\"}},\"description\":\"Ksi\u0105\u017ck\u0119, w cenie ok. 30 lei mo\u017cna naby\u0107 w dobrych ksi\u0119garniach oraz online,\u00a0na stronie wydawnictwa.\"},{\"@type\":\"ImageObject\",\"inLanguage\":\"pl-PL\",\"@id\":\"https:\/\/instytutpolski.pl\/bucuresti\/pl\/2015\/03\/03\/olga-tokarczuk-dom-dzienny-dom-nocny\/#primaryimage\",\"url\":\"https:\/\/instytutpolski.pl\/bucuresti\/wp-content\/uploads\/sites\/11\/2020\/06\/olga-tokarczuk-casa-de-zi-casa-de-noapte.jpg\",\"contentUrl\":\"https:\/\/instytutpolski.pl\/bucuresti\/wp-content\/uploads\/sites\/11\/2020\/06\/olga-tokarczuk-casa-de-zi-casa-de-noapte.jpg\",\"width\":1137,\"height\":802},{\"@type\":\"BreadcrumbList\",\"@id\":\"https:\/\/instytutpolski.pl\/bucuresti\/pl\/2015\/03\/03\/olga-tokarczuk-dom-dzienny-dom-nocny\/#breadcrumb\",\"itemListElement\":[{\"@type\":\"ListItem\",\"position\":1,\"name\":\"Home\",\"item\":\"https:\/\/instytutpolski.pl\/bucuresti\/\"},{\"@type\":\"ListItem\",\"position\":2,\"name\":\"Olga Tokarczuk: Dom dzienny, dom nocny\"}]},{\"@type\":\"WebSite\",\"@id\":\"https:\/\/instytutpolski.pl\/bucuresti\/#website\",\"url\":\"https:\/\/instytutpolski.pl\/bucuresti\/\",\"name\":\"Instytut Polski w Bukareszcie\",\"description\":\"Instytuty Polskie\",\"potentialAction\":[{\"@type\":\"SearchAction\",\"target\":{\"@type\":\"EntryPoint\",\"urlTemplate\":\"https:\/\/instytutpolski.pl\/bucuresti\/?s={search_term_string}\"},\"query-input\":{\"@type\":\"PropertyValueSpecification\",\"valueRequired\":true,\"valueName\":\"search_term_string\"}}],\"inLanguage\":\"pl-PL\"},{\"@type\":\"Person\",\"@id\":\"https:\/\/instytutpolski.pl\/bucuresti\/#\/schema\/person\/bb4c505717d34987a9f9d15c79a24bb8\",\"name\":\"mrozowskiw\",\"image\":{\"@type\":\"ImageObject\",\"inLanguage\":\"pl-PL\",\"@id\":\"https:\/\/instytutpolski.pl\/bucuresti\/#\/schema\/person\/image\/\",\"url\":\"https:\/\/secure.gravatar.com\/avatar\/563584068e0e0cfe9f36feb55c42a1e4?s=96&d=mm&r=g\",\"contentUrl\":\"https:\/\/secure.gravatar.com\/avatar\/563584068e0e0cfe9f36feb55c42a1e4?s=96&d=mm&r=g\",\"caption\":\"mrozowskiw\"},\"sameAs\":[\"http:\/\/instytutpolski.pl\/bucuresti\/\",\"mrozowskiw\"],\"url\":\"https:\/\/instytutpolski.pl\/bucuresti\/author\/mrozowskiw\/\"}]}<\/script>\n<!-- \/ Yoast SEO plugin. -->","yoast_head_json":{"title":"Olga Tokarczuk: Dom dzienny, dom nocny - Instytut Polski w Bukareszcie","robots":{"index":"index","follow":"follow","max-snippet":"max-snippet:-1","max-image-preview":"max-image-preview:large","max-video-preview":"max-video-preview:-1"},"canonical":"https:\/\/instytutpolski.pl\/bucuresti\/pl\/2015\/03\/03\/olga-tokarczuk-dom-dzienny-dom-nocny\/","og_locale":"pl_PL","og_type":"article","og_title":"Olga Tokarczuk: Dom dzienny, dom nocny - Instytut Polski w Bukareszcie","og_description":"Ksi\u0105\u017ck\u0119, w cenie ok. 30 lei mo\u017cna naby\u0107 w dobrych ksi\u0119garniach oraz online,\u00a0na stronie wydawnictwa.","og_url":"https:\/\/instytutpolski.pl\/bucuresti\/pl\/2015\/03\/03\/olga-tokarczuk-dom-dzienny-dom-nocny\/","og_site_name":"Instytut Polski w Bukareszcie","article_published_time":"2015-03-03T06:13:00+00:00","article_modified_time":"2022-02-10T13:02:34+00:00","og_image":[{"width":1137,"height":802,"url":"https:\/\/instytutpolski.pl\/bucuresti\/wp-content\/uploads\/sites\/11\/2020\/06\/olga-tokarczuk-casa-de-zi-casa-de-noapte.jpg","type":"image\/jpeg"}],"author":"mrozowskiw","twitter_card":"summary_large_image","twitter_misc":{"Napisane przez":"mrozowskiw","Szacowany czas czytania":"1 minuta"},"schema":{"@context":"https:\/\/schema.org","@graph":[{"@type":"event","@id":"https:\/\/instytutpolski.pl\/bucuresti\/pl\/2015\/03\/03\/olga-tokarczuk-dom-dzienny-dom-nocny\/","url":"https:\/\/instytutpolski.pl\/bucuresti\/pl\/2015\/03\/03\/olga-tokarczuk-dom-dzienny-dom-nocny\/","name":"Olga Tokarczuk: Dom dzienny, dom nocny","isPartOf":{"@id":"https:\/\/instytutpolski.pl\/bucuresti\/#website"},"primaryImageOfPage":{"@id":"https:\/\/instytutpolski.pl\/bucuresti\/pl\/2015\/03\/03\/olga-tokarczuk-dom-dzienny-dom-nocny\/#primaryimage"},"image":["https:\/\/instytutpolski.pl\/bucuresti\/wp-content\/uploads\/sites\/11\/2020\/06\/olga-tokarczuk-casa-de-zi-casa-de-noapte.jpg","https:\/\/instytutpolski.pl\/bucuresti\/wp-content\/uploads\/sites\/11\/2020\/06\/olga-tokarczuk-casa-de-zi-casa-de-noapte-300x212.jpg","https:\/\/instytutpolski.pl\/bucuresti\/wp-content\/uploads\/sites\/11\/2020\/06\/olga-tokarczuk-casa-de-zi-casa-de-noapte-1024x722.jpg","https:\/\/instytutpolski.pl\/bucuresti\/wp-content\/uploads\/sites\/11\/2020\/06\/olga-tokarczuk-casa-de-zi-casa-de-noapte.jpg"],"thumbnailUrl":"https:\/\/instytutpolski.pl\/bucuresti\/wp-content\/uploads\/sites\/11\/2020\/06\/olga-tokarczuk-casa-de-zi-casa-de-noapte.jpg","datePublished":"2015-03-03T06:13:00+02:00","dateModified":"2022-02-10T13:02:34+02:00","author":{"@id":"https:\/\/instytutpolski.pl\/bucuresti\/#\/schema\/person\/bb4c505717d34987a9f9d15c79a24bb8"},"breadcrumb":{"@id":"https:\/\/instytutpolski.pl\/bucuresti\/pl\/2015\/03\/03\/olga-tokarczuk-dom-dzienny-dom-nocny\/#breadcrumb"},"inLanguage":"pl-PL","potentialAction":[{"@type":"ReadAction","target":["https:\/\/instytutpolski.pl\/bucuresti\/pl\/2015\/03\/03\/olga-tokarczuk-dom-dzienny-dom-nocny\/"]}],"@context":"https:\/\/schema.org","startDate":"2015-03-03","endDate":"2015-03-03","eventStatus":"EventScheduled","eventAttendanceMode":"OfflineEventAttendanceMode","location":{"@type":"place","name":"","address":"","geo":{"@type":"GeoCoordinates","latitude":"","longitude":""}},"description":"Ksi\u0105\u017ck\u0119, w cenie ok. 30 lei mo\u017cna naby\u0107 w dobrych ksi\u0119garniach oraz online,\u00a0na stronie wydawnictwa."},{"@type":"ImageObject","inLanguage":"pl-PL","@id":"https:\/\/instytutpolski.pl\/bucuresti\/pl\/2015\/03\/03\/olga-tokarczuk-dom-dzienny-dom-nocny\/#primaryimage","url":"https:\/\/instytutpolski.pl\/bucuresti\/wp-content\/uploads\/sites\/11\/2020\/06\/olga-tokarczuk-casa-de-zi-casa-de-noapte.jpg","contentUrl":"https:\/\/instytutpolski.pl\/bucuresti\/wp-content\/uploads\/sites\/11\/2020\/06\/olga-tokarczuk-casa-de-zi-casa-de-noapte.jpg","width":1137,"height":802},{"@type":"BreadcrumbList","@id":"https:\/\/instytutpolski.pl\/bucuresti\/pl\/2015\/03\/03\/olga-tokarczuk-dom-dzienny-dom-nocny\/#breadcrumb","itemListElement":[{"@type":"ListItem","position":1,"name":"Home","item":"https:\/\/instytutpolski.pl\/bucuresti\/"},{"@type":"ListItem","position":2,"name":"Olga Tokarczuk: Dom dzienny, dom nocny"}]},{"@type":"WebSite","@id":"https:\/\/instytutpolski.pl\/bucuresti\/#website","url":"https:\/\/instytutpolski.pl\/bucuresti\/","name":"Instytut Polski w Bukareszcie","description":"Instytuty Polskie","potentialAction":[{"@type":"SearchAction","target":{"@type":"EntryPoint","urlTemplate":"https:\/\/instytutpolski.pl\/bucuresti\/?s={search_term_string}"},"query-input":{"@type":"PropertyValueSpecification","valueRequired":true,"valueName":"search_term_string"}}],"inLanguage":"pl-PL"},{"@type":"Person","@id":"https:\/\/instytutpolski.pl\/bucuresti\/#\/schema\/person\/bb4c505717d34987a9f9d15c79a24bb8","name":"mrozowskiw","image":{"@type":"ImageObject","inLanguage":"pl-PL","@id":"https:\/\/instytutpolski.pl\/bucuresti\/#\/schema\/person\/image\/","url":"https:\/\/secure.gravatar.com\/avatar\/563584068e0e0cfe9f36feb55c42a1e4?s=96&d=mm&r=g","contentUrl":"https:\/\/secure.gravatar.com\/avatar\/563584068e0e0cfe9f36feb55c42a1e4?s=96&d=mm&r=g","caption":"mrozowskiw"},"sameAs":["http:\/\/instytutpolski.pl\/bucuresti\/","mrozowskiw"],"url":"https:\/\/instytutpolski.pl\/bucuresti\/author\/mrozowskiw\/"}]}},"_links":{"self":[{"href":"https:\/\/instytutpolski.pl\/bucuresti\/wp-json\/wp\/v2\/posts\/3977","targetHints":{"allow":["GET"]}}],"collection":[{"href":"https:\/\/instytutpolski.pl\/bucuresti\/wp-json\/wp\/v2\/posts"}],"about":[{"href":"https:\/\/instytutpolski.pl\/bucuresti\/wp-json\/wp\/v2\/types\/post"}],"author":[{"embeddable":true,"href":"https:\/\/instytutpolski.pl\/bucuresti\/wp-json\/wp\/v2\/users\/40"}],"replies":[{"embeddable":true,"href":"https:\/\/instytutpolski.pl\/bucuresti\/wp-json\/wp\/v2\/comments?post=3977"}],"version-history":[{"count":2,"href":"https:\/\/instytutpolski.pl\/bucuresti\/wp-json\/wp\/v2\/posts\/3977\/revisions"}],"predecessor-version":[{"id":3979,"href":"https:\/\/instytutpolski.pl\/bucuresti\/wp-json\/wp\/v2\/posts\/3977\/revisions\/3979"}],"wp:featuredmedia":[{"embeddable":true,"href":"https:\/\/instytutpolski.pl\/bucuresti\/wp-json\/wp\/v2\/media\/3974"}],"wp:attachment":[{"href":"https:\/\/instytutpolski.pl\/bucuresti\/wp-json\/wp\/v2\/media?parent=3977"}],"wp:term":[{"taxonomy":"category","embeddable":true,"href":"https:\/\/instytutpolski.pl\/bucuresti\/wp-json\/wp\/v2\/categories?post=3977"},{"taxonomy":"post_tag","embeddable":true,"href":"https:\/\/instytutpolski.pl\/bucuresti\/wp-json\/wp\/v2\/tags?post=3977"}],"curies":[{"name":"wp","href":"https:\/\/api.w.org\/{rel}","templated":true}]}}