{"id":4028,"date":"2015-12-03T10:02:00","date_gmt":"2015-12-03T09:02:00","guid":{"rendered":"https:\/\/instytutpolski.pl\/bucuresti\/?p=4028"},"modified":"2020-06-05T10:07:41","modified_gmt":"2020-06-05T08:07:41","slug":"polska-sztuka-wspolczesna-w-bukareszcie","status":"publish","type":"post","link":"https:\/\/instytutpolski.pl\/bucuresti\/pl\/2015\/12\/03\/polska-sztuka-wspolczesna-w-bukareszcie\/","title":{"rendered":"Polska sztuka wsp\u00f3\u0142czesna w Bukareszcie"},"content":{"rendered":"\n<p>ANNA KONIK<br>W tym samym mie\u015bcie, pod tym samym niebem&#8230;<br>Kurator wystawy: Suzana Dan<br>Koordynator MNAC: Cerasela Barbone<br>Architekt: Attila Kim<br>Wystawa zorganizowana przez Narodowe Muzeum Sztuki Wsp\u00f3\u0142czesnej oraz Instytut Polski w Bukareszcie<br>Partner: New Europe College<br>&nbsp;<\/p>\n\n\n\n<p><a href=\"http:\/\/www.culturapoloneza.ro\/events\/item\/arta-cu-angajament-social-dezbatere.html\">Na pocz\u0105tku 2016 roku w Narodowym Muzeum Sztuki Wsp\u00f3\u0142czesnej odb\u0119d\u0105 si\u0119 spotkania i debaty z udzia\u0142em artystki, na temat imigracji i imigrant\u00f3w, zorganizowane we wsp\u00f3\u0142pracy z New Europe College oraz Instytutem Polskim.<\/a><\/p>\n\n\n\n<p>Mecenasi poszczeg\u00f3lnych cz\u0119\u015bci projektu:<br>w Szwecji: Mobile Art Production; Polish Institute in Stockholm; Iaspis Stockholms Kulturf\u00f6vatning.<br>w Polsce: Arsenal Gallery, Bialystok; Ministry of Culture and National Heritage; Ministry of Culture and National Heritage Funds.<br>w Turcji: Arsenal Gallery as part of the cultural programme accompanying the 600th anniversary of Polish-Turkish diplomatic relations.<br>w Rumunii: Kulturstiftung Landis &amp; Gyr, Zug; NEC -New Europe College\/ Institute for Advanced Study, Bucharest; Polish Institute in Bucharest.<br>we Francji: Institut d\u2019Etudes Avanc\u00e9es de Nantes and by Polish Institute, Paris; M\u00e9decins du Monde, Nantes; \u00c9cole sup\u00e9rieure des beaux-arts de Nantes M\u00e9tropole<\/p>\n\n\n\n<p><strong>Anna Konik&nbsp;<\/strong>\u2013 tworzy wideoinstalacje, obiekty, uprawia wideo, fotografi\u0119, rysunek. Mieszka i&nbsp;pracuje w&nbsp;Berlinie, Warszawie oraz Dobrodzieniu. Studiowa\u0142a w&nbsp;Akademii Sztuk Pi\u0119knych w&nbsp;Warszawie w&nbsp;pracowniach Krzysztofa M. Bednarskiego i&nbsp;prof. Grzegorza Kowalskiego, i&nbsp;tam w&nbsp;2000 roku obroni\u0142a prac\u0119 dyplomow\u0105.<\/p>\n\n\n\n<p>W&nbsp;latach 1999\u20132001 pracowa\u0142a jako asystentka prof. Zofii Glazer w&nbsp;Katedrze Rysunku warszawskiej ASP. W&nbsp;latach 1999\u20132004 wsp\u00f3\u0142pracowa\u0142a z&nbsp;Teatrem Academia, grup\u0105 teatraln\u0105 Opera Buffa i&nbsp;formacj\u0105 Teatr Bez Nazwy. W&nbsp;2012 uzyska\u0142a tytu\u0142 doktora sztuk pi\u0119knych na Wydziale Sztuki Medi\u00f3w i&nbsp;Scenografii warszawskiej ASP. W&nbsp;semestrach letnich 2012 oraz 2013 prowadzi seminaria wideo na Wydziale Literatury i&nbsp;Lingwistyki Uniwersytetu w&nbsp;Bielefeld, w&nbsp;roku 2010\/2011 prowadzi\u0142a go\u015bcinne zaj\u0119cia wideo w&nbsp;Katedrze Mody przy Wydziale Wzornictwa warszawskiej ASP. W&nbsp;semestrze letnim 2009 zaproszona zosta\u0142a jako Rudolf Arnheim Visiting Professor w&nbsp;Instytucie Sztuki i&nbsp;Historii Obrazu (Institut f\u00fcr Kunst- und Bildgeschichte) Uniwersytetu Humboldta w&nbsp;Berlinie, a&nbsp;w latach 2008\/2009 jako wyk\u0142adowca na International Summer Academy w&nbsp;Salzburgu.<\/p>\n\n\n\n<p>W&nbsp;roku 2009 by\u0142a nominowana do&nbsp;nagrody Deutsche Banku \u201eSpojrzenia 2009\u201d oraz do&nbsp;Paszportu Polityki. Laureatka stypendi\u00f3w artystycznych i&nbsp;naukowych: Stypendium Ministra Kultury i&nbsp;Dziedzictwa Narodowego (2013), IASPIS, Sztokholm (2011\/2012), ZiF Center for Interdisciplinary Research, Uniwersytet w&nbsp;Bielefeld (2011), Wissenschaftskolleg zu Berlin (2008\/2009), Zuger Kulturstiftung Landis &amp; Gyr, Zug (2007), M\u0142oda Polska (2007), SPACES World Artists Program, Cleveland, USA (2005), Stypendium Ministra Kultury i&nbsp;Sztuki (2005), Leube Artist in Residency (2004), Akademie Schloss Solitude (2003\/2004).<\/p>\n\n\n\n<p>Jej prace by\u0142y pokazywane w&nbsp;wielu galeriach polskich i&nbsp;europejskich. Wybrane wystawy indywidualne:&nbsp;<em>In the same city, under the same sky&#8230;<\/em>, Parlament Szwedzki, Sztokholm (2012);&nbsp;<em>Fear and Entranced<\/em>, Atlas Sztuki, \u0141\u00f3d\u017a (2011);&nbsp;<em>Our Lady\u2019s Forever<\/em>, Instytut Polski w&nbsp;D\u00fcsseldorfie (2011),&nbsp;<em>Willa Zauroczonych<\/em>, Max Liebermann Haus, Berlin (2010);&nbsp;<em>Our Lady\u2019s Forever<\/em>, Miejska Galeria Sztuki, Wolfsburg (2009); 61. Mi\u0119dzynarodowy Festiwal Filmowy w&nbsp;Locarno (2008);&nbsp;<em>Our Lady\u2019s Forever<\/em>, Galeria Kronika, Bytom (2008); Zach\u0119ta Narodowa Galeria Sztuki, Warszawa (2007);&nbsp;<em>Przezroczysto\u015b\u0107<\/em>, Centrum Sztuki Wsp\u00f3\u0142czesnej Zamek Ujazdowski, Warszawa; Akademie Schloss Solitude, Stuttgart (2004). Wybrane wystawy zbiorowe:&nbsp;<em>Divina Commedia<\/em>, Museo Arcos, Benewent (2013)<em>; United States of Europe<\/em>, \u0141\u00f3d\u017a; Lapinlahti Helsinki; Mekas Vilnius; Plataforma das Artes Portugal; Old Market Pallouriotissa Cypr; Motorenhalle Dresden; The Red House Sofia; Les Ecluses, fabrique culturelle et numerique France (2013\u20132012\u20132011);&nbsp;<em>T\u00fcr an T\u00fcr, Polen \u2013 Deutschland. 1000 Jahre Kunst und Geschichte<\/em>, Martin-Gropius-Bau, Berlin (2011);&nbsp;<em>Divina Commedia<\/em>, PAN Palazzo Delle Arti, Neapol (2011);&nbsp;<em>Mediacje\/przestrze\u0144<\/em>, Galeria Szara, Cieszyn (2010);&nbsp;<em>Territories of the In\/Human<\/em>, W\u00fcrttembergischer Kunstverein Stuttgart (2010);&nbsp;<em>K\u00fcnstler in der KunstGesellschaft<\/em>, Motorenhalle, Drezno (2010);&nbsp;<em>Spojrzenia 2009<\/em>, Zach\u0119ta Narodowa Galeria Sztuki, Warszawa; Kolekcja 5, Centrum Sztuki Wsp\u00f3\u0142czesnej Zamek Ujazdowski, Warszawa;<em>Isolated<\/em>, The Golden Thread Gallery, Belfast (2009).<\/p>\n\n\n\n<p>Jej prace znajduj\u0105 si\u0119 w&nbsp;prywatnych oraz instytucjonalnych kolekcjach sztuki, m.in: Centrum Sztuki Wsp\u00f3\u0142czesnej Zamek Ujazdowski w&nbsp;Warszawie, Fundacji Leube w&nbsp;Gartenau-Salzburg, Muzeum G\u00f3rno\u015bl\u0105skiego w&nbsp;Bytomiu, Art Stations Foundation w&nbsp;Poznaniu, Lubelskiego Towarzystwa Zach\u0119ty Sztuk Pi\u0119knych, Podlaskiego Towarzystwa Zach\u0119ty Sztuk Pi\u0119knych.<\/p>\n\n\n\n<p>Dodatkowe informacje na:&nbsp;<a href=\"http:\/\/www.annakonik.art.pl\/\" target=\"_blank\" rel=\"noreferrer noopener\">www.annakonik.art.pl<\/a><\/p>\n","protected":false},"excerpt":{"rendered":"<p>ANNA KONIKW tym samym mie\u015bcie, pod tym samym niebem&#8230;Kurator wystawy: Suzana DanKoordynator MNAC: Cerasela BarboneArchitekt: Attila KimWystawa zorganizowana przez Narodowe Muzeum Sztuki Wsp\u00f3\u0142czesnej oraz Instytut Polski w BukareszciePartner: New Europe College&nbsp; Na pocz\u0105tku 2016 roku w Narodowym Muzeum Sztuki Wsp\u00f3\u0142czesnej odb\u0119d\u0105 si\u0119 spotkania i debaty z udzia\u0142em artystki, na temat imigracji i imigrant\u00f3w, zorganizowane we [&hellip;]<\/p>\n","protected":false},"author":41,"featured_media":4023,"comment_status":"open","ping_status":"open","sticky":false,"template":"","format":"standard","meta":{"inline_featured_image":false,"_monsterinsights_skip_tracking":false,"_monsterinsights_sitenote_active":false,"_monsterinsights_sitenote_note":"","_monsterinsights_sitenote_category":0,"footnotes":""},"categories":[43,96],"tags":[],"class_list":["post-4028","post","type-post","status-publish","format-standard","has-post-thumbnail","hentry","category-sztuki-wizualne","category-wydarzenia"],"yoast_head":"<!-- This site is optimized with the Yoast SEO plugin v24.6 - https:\/\/yoast.com\/wordpress\/plugins\/seo\/ -->\n<title>Polska sztuka wsp\u00f3\u0142czesna w Bukareszcie - Instytut Polski w Bukareszcie<\/title>\n<meta name=\"robots\" content=\"index, follow, max-snippet:-1, max-image-preview:large, max-video-preview:-1\" \/>\n<link rel=\"canonical\" href=\"https:\/\/instytutpolski.pl\/bucuresti\/pl\/2015\/12\/03\/polska-sztuka-wspolczesna-w-bukareszcie\/\" \/>\n<meta property=\"og:locale\" content=\"pl_PL\" \/>\n<meta property=\"og:type\" content=\"article\" \/>\n<meta property=\"og:title\" content=\"Polska sztuka wsp\u00f3\u0142czesna w Bukareszcie - Instytut Polski w Bukareszcie\" \/>\n<meta property=\"og:description\" content=\"ANNA KONIKW tym samym mie\u015bcie, pod tym samym niebem&#8230;Kurator wystawy: Suzana DanKoordynator MNAC: Cerasela BarboneArchitekt: Attila KimWystawa zorganizowana przez Narodowe Muzeum Sztuki Wsp\u00f3\u0142czesnej oraz Instytut Polski w BukareszciePartner: New Europe College&nbsp; Na pocz\u0105tku 2016 roku w Narodowym Muzeum Sztuki Wsp\u00f3\u0142czesnej odb\u0119d\u0105 si\u0119 spotkania i debaty z udzia\u0142em artystki, na temat imigracji i imigrant\u00f3w, zorganizowane we [&hellip;]\" \/>\n<meta property=\"og:url\" content=\"https:\/\/instytutpolski.pl\/bucuresti\/pl\/2015\/12\/03\/polska-sztuka-wspolczesna-w-bukareszcie\/\" \/>\n<meta property=\"og:site_name\" content=\"Instytut Polski w Bukareszcie\" \/>\n<meta property=\"article:published_time\" content=\"2015-12-03T09:02:00+00:00\" \/>\n<meta property=\"article:modified_time\" content=\"2020-06-05T08:07:41+00:00\" \/>\n<meta property=\"og:image\" content=\"https:\/\/instytutpolski.pl\/bucuresti\/wp-content\/uploads\/sites\/11\/2020\/06\/vernisaj-in-acelasi-oras-sub-acelasi-cer.jpg\" \/>\n\t<meta property=\"og:image:width\" content=\"660\" \/>\n\t<meta property=\"og:image:height\" content=\"473\" \/>\n\t<meta property=\"og:image:type\" content=\"image\/jpeg\" \/>\n<meta name=\"author\" content=\"mirelal\" \/>\n<meta name=\"twitter:card\" content=\"summary_large_image\" \/>\n<meta name=\"twitter:label1\" content=\"Napisane przez\" \/>\n\t<meta name=\"twitter:data1\" content=\"mirelal\" \/>\n\t<meta name=\"twitter:label2\" content=\"Szacowany czas czytania\" \/>\n\t<meta name=\"twitter:data2\" content=\"4 minuty\" \/>\n<script type=\"application\/ld+json\" class=\"yoast-schema-graph\">{\"@context\":\"https:\/\/schema.org\",\"@graph\":[{\"@type\":\"event\",\"@id\":\"https:\/\/instytutpolski.pl\/bucuresti\/pl\/2015\/12\/03\/polska-sztuka-wspolczesna-w-bukareszcie\/\",\"url\":\"https:\/\/instytutpolski.pl\/bucuresti\/pl\/2015\/12\/03\/polska-sztuka-wspolczesna-w-bukareszcie\/\",\"name\":\"Polska sztuka wsp\u00f3\u0142czesna w Bukareszcie\",\"isPartOf\":{\"@id\":\"https:\/\/instytutpolski.pl\/bucuresti\/#website\"},\"primaryImageOfPage\":{\"@id\":\"https:\/\/instytutpolski.pl\/bucuresti\/pl\/2015\/12\/03\/polska-sztuka-wspolczesna-w-bukareszcie\/#primaryimage\"},\"image\":[\"https:\/\/instytutpolski.pl\/bucuresti\/wp-content\/uploads\/sites\/11\/2020\/06\/vernisaj-in-acelasi-oras-sub-acelasi-cer.jpg\",\"https:\/\/instytutpolski.pl\/bucuresti\/wp-content\/uploads\/sites\/11\/2020\/06\/vernisaj-in-acelasi-oras-sub-acelasi-cer-300x215.jpg\",\"https:\/\/instytutpolski.pl\/bucuresti\/wp-content\/uploads\/sites\/11\/2020\/06\/vernisaj-in-acelasi-oras-sub-acelasi-cer.jpg\",\"https:\/\/instytutpolski.pl\/bucuresti\/wp-content\/uploads\/sites\/11\/2020\/06\/vernisaj-in-acelasi-oras-sub-acelasi-cer.jpg\"],\"thumbnailUrl\":\"https:\/\/instytutpolski.pl\/bucuresti\/wp-content\/uploads\/sites\/11\/2020\/06\/vernisaj-in-acelasi-oras-sub-acelasi-cer.jpg\",\"datePublished\":\"2015-12-03T09:02:00+02:00\",\"dateModified\":\"2020-06-05T08:07:41+02:00\",\"author\":{\"@id\":\"https:\/\/instytutpolski.pl\/bucuresti\/#\/schema\/person\/36eba23bd65c4ed8774deeb285a19272\"},\"breadcrumb\":{\"@id\":\"https:\/\/instytutpolski.pl\/bucuresti\/pl\/2015\/12\/03\/polska-sztuka-wspolczesna-w-bukareszcie\/#breadcrumb\"},\"inLanguage\":\"pl-PL\",\"potentialAction\":[{\"@type\":\"ReadAction\",\"target\":[\"https:\/\/instytutpolski.pl\/bucuresti\/pl\/2015\/12\/03\/polska-sztuka-wspolczesna-w-bukareszcie\/\"]}],\"@context\":\"https:\/\/schema.org\",\"startDate\":\"2015-12-03\",\"endDate\":\"2016-04-10\",\"eventStatus\":\"EventScheduled\",\"eventAttendanceMode\":\"OfflineEventAttendanceMode\",\"location\":{\"@type\":\"place\",\"name\":\"\",\"address\":\"\",\"geo\":{\"@type\":\"GeoCoordinates\",\"latitude\":\"\",\"longitude\":\"\"}},\"description\":\"ANNA KONIKW tym samym mie\u015bcie, pod tym samym niebem...Kurator wystawy: Suzana DanKoordynator MNAC: Cerasela BarboneArchitekt: Attila KimWystawa zorganizowana przez Narodowe Muzeum Sztuki Wsp\u00f3\u0142czesnej oraz Instytut Polski w BukareszciePartner: New Europe College \\nNa pocz\u0105tku 2016 roku w Narodowym Muzeum Sztuki Wsp\u00f3\u0142czesnej odb\u0119d\u0105 si\u0119 spotkania i debaty z udzia\u0142em artystki, na temat imigracji i imigrant\u00f3w, zorganizowane we wsp\u00f3\u0142pracy z New Europe College oraz Instytutem Polskim.\\nMecenasi poszczeg\u00f3lnych cz\u0119\u015bci projektu:w Szwecji: Mobile Art Production; Polish Institute in Stockholm; Iaspis Stockholms Kulturf\u00f6vatning.w Polsce: Arsenal Gallery, Bialystok; Ministry of Culture and National Heritage; Ministry of Culture and National Heritage Funds.w Turcji: Arsenal Gallery as part of the cultural programme accompanying the 600th anniversary of Polish-Turkish diplomatic relations.w Rumunii: Kulturstiftung Landis &amp; Gyr, Zug; NEC -New Europe College\/ Institute for Advanced Study, Bucharest; Polish Institute in Bucharest.we Francji: Institut d\u2019Etudes Avanc\u00e9es de Nantes and by Polish Institute, Paris; M\u00e9decins du Monde, Nantes; \u00c9cole sup\u00e9rieure des beaux-arts de Nantes M\u00e9tropole\\nAnna Konik \u2013 tworzy wideoinstalacje, obiekty, uprawia wideo, fotografi\u0119, rysunek. Mieszka i pracuje w Berlinie, Warszawie oraz Dobrodzieniu. Studiowa\u0142a w Akademii Sztuk Pi\u0119knych w Warszawie w pracowniach Krzysztofa M. Bednarskiego i prof. Grzegorza Kowalskiego, i tam w 2000 roku obroni\u0142a prac\u0119 dyplomow\u0105.\\nW latach 1999\u20132001 pracowa\u0142a jako asystentka prof. Zofii Glazer w Katedrze Rysunku warszawskiej ASP. W latach 1999\u20132004 wsp\u00f3\u0142pracowa\u0142a z Teatrem Academia, grup\u0105 teatraln\u0105 Opera Buffa i formacj\u0105 Teatr Bez Nazwy. W 2012 uzyska\u0142a tytu\u0142 doktora sztuk pi\u0119knych na Wydziale Sztuki Medi\u00f3w i Scenografii warszawskiej ASP. W semestrach letnich 2012 oraz 2013 prowadzi seminaria wideo na Wydziale Literatury i Lingwistyki Uniwersytetu w Bielefeld, w roku 2010\/2011 prowadzi\u0142a go\u015bcinne zaj\u0119cia wideo w Katedrze Mody przy Wydziale Wzornictwa warszawskiej ASP. W semestrze letnim 2009 zaproszona zosta\u0142a jako Rudolf Arnheim Visiting Professor w Instytucie Sztuki i Historii Obrazu (Institut f\u00fcr Kunst- und Bildgeschichte) Uniwersytetu Humboldta w Berlinie, a w latach 2008\/2009 jako wyk\u0142adowca na International Summer Academy w Salzburgu.\\nW roku 2009 by\u0142a nominowana do nagrody Deutsche Banku \u201eSpojrzenia 2009\u201d oraz do Paszportu Polityki. Laureatka stypendi\u00f3w artystycznych i naukowych: Stypendium Ministra Kultury i Dziedzictwa Narodowego (2013), IASPIS, Sztokholm (2011\/2012), ZiF Center for Interdisciplinary Research, Uniwersytet w Bielefeld (2011), Wissenschaftskolleg zu Berlin (2008\/2009), Zuger Kulturstiftung Landis &amp; Gyr, Zug (2007), M\u0142oda Polska (2007), SPACES World Artists Program, Cleveland, USA (2005), Stypendium Ministra Kultury i Sztuki (2005), Leube Artist in Residency (2004), Akademie Schloss Solitude (2003\/2004).\\nJej prace by\u0142y pokazywane w wielu galeriach polskich i europejskich. Wybrane wystawy indywidualne: In the same city, under the same sky..., Parlament Szwedzki, Sztokholm (2012); Fear and Entranced, Atlas Sztuki, \u0141\u00f3d\u017a (2011); Our Lady\u2019s Forever, Instytut Polski w D\u00fcsseldorfie (2011), Willa Zauroczonych, Max Liebermann Haus, Berlin (2010); Our Lady\u2019s Forever, Miejska Galeria Sztuki, Wolfsburg (2009); 61. Mi\u0119dzynarodowy Festiwal Filmowy w Locarno (2008); Our Lady\u2019s Forever, Galeria Kronika, Bytom (2008); Zach\u0119ta Narodowa Galeria Sztuki, Warszawa (2007); Przezroczysto\u015b\u0107, Centrum Sztuki Wsp\u00f3\u0142czesnej Zamek Ujazdowski, Warszawa; Akademie Schloss Solitude, Stuttgart (2004). Wybrane wystawy zbiorowe: Divina Commedia, Museo Arcos, Benewent (2013); United States of Europe, \u0141\u00f3d\u017a; Lapinlahti Helsinki; Mekas Vilnius; Plataforma das Artes Portugal; Old Market Pallouriotissa Cypr; Motorenhalle Dresden; The Red House Sofia; Les Ecluses, fabrique culturelle et numerique France (2013\u20132012\u20132011); T\u00fcr an T\u00fcr, Polen \u2013 Deutschland. 1000 Jahre Kunst und Geschichte, Martin-Gropius-Bau, Berlin (2011); Divina Commedia, PAN Palazzo Delle Arti, Neapol (2011); Mediacje\/przestrze\u0144, Galeria Szara, Cieszyn (2010); Territories of the In\/Human, W\u00fcrttembergischer Kunstverein Stuttgart (2010); K\u00fcnstler in der KunstGesellschaft, Motorenhalle, Drezno (2010); Spojrzenia 2009, Zach\u0119ta Narodowa Galeria Sztuki, Warszawa; Kolekcja 5, Centrum Sztuki Wsp\u00f3\u0142czesnej Zamek Ujazdowski, Warszawa;Isolated, The Golden Thread Gallery, Belfast (2009).\\nJej prace znajduj\u0105 si\u0119 w prywatnych oraz instytucjonalnych kolekcjach sztuki, m.in: Centrum Sztuki Wsp\u00f3\u0142czesnej Zamek Ujazdowski w Warszawie, Fundacji Leube w Gartenau-Salzburg, Muzeum G\u00f3rno\u015bl\u0105skiego w Bytomiu, Art Stations Foundation w Poznaniu, Lubelskiego Towarzystwa Zach\u0119ty Sztuk Pi\u0119knych, Podlaskiego Towarzystwa Zach\u0119ty Sztuk Pi\u0119knych.\\nDodatkowe informacje na: www.annakonik.art.pl\"},{\"@type\":\"ImageObject\",\"inLanguage\":\"pl-PL\",\"@id\":\"https:\/\/instytutpolski.pl\/bucuresti\/pl\/2015\/12\/03\/polska-sztuka-wspolczesna-w-bukareszcie\/#primaryimage\",\"url\":\"https:\/\/instytutpolski.pl\/bucuresti\/wp-content\/uploads\/sites\/11\/2020\/06\/vernisaj-in-acelasi-oras-sub-acelasi-cer.jpg\",\"contentUrl\":\"https:\/\/instytutpolski.pl\/bucuresti\/wp-content\/uploads\/sites\/11\/2020\/06\/vernisaj-in-acelasi-oras-sub-acelasi-cer.jpg\",\"width\":660,\"height\":473,\"caption\":\"Foto: Anna Konik\"},{\"@type\":\"BreadcrumbList\",\"@id\":\"https:\/\/instytutpolski.pl\/bucuresti\/pl\/2015\/12\/03\/polska-sztuka-wspolczesna-w-bukareszcie\/#breadcrumb\",\"itemListElement\":[{\"@type\":\"ListItem\",\"position\":1,\"name\":\"Home\",\"item\":\"https:\/\/instytutpolski.pl\/bucuresti\/\"},{\"@type\":\"ListItem\",\"position\":2,\"name\":\"Polska sztuka wsp\u00f3\u0142czesna w Bukareszcie\"}]},{\"@type\":\"WebSite\",\"@id\":\"https:\/\/instytutpolski.pl\/bucuresti\/#website\",\"url\":\"https:\/\/instytutpolski.pl\/bucuresti\/\",\"name\":\"Instytut Polski w Bukareszcie\",\"description\":\"Instytuty Polskie\",\"potentialAction\":[{\"@type\":\"SearchAction\",\"target\":{\"@type\":\"EntryPoint\",\"urlTemplate\":\"https:\/\/instytutpolski.pl\/bucuresti\/?s={search_term_string}\"},\"query-input\":{\"@type\":\"PropertyValueSpecification\",\"valueRequired\":true,\"valueName\":\"search_term_string\"}}],\"inLanguage\":\"pl-PL\"},{\"@type\":\"Person\",\"@id\":\"https:\/\/instytutpolski.pl\/bucuresti\/#\/schema\/person\/36eba23bd65c4ed8774deeb285a19272\",\"name\":\"mirelal\",\"image\":{\"@type\":\"ImageObject\",\"inLanguage\":\"pl-PL\",\"@id\":\"https:\/\/instytutpolski.pl\/bucuresti\/#\/schema\/person\/image\/\",\"url\":\"https:\/\/secure.gravatar.com\/avatar\/5838c7614d071fe473f8aeb2de72beb4?s=96&d=mm&r=g\",\"contentUrl\":\"https:\/\/secure.gravatar.com\/avatar\/5838c7614d071fe473f8aeb2de72beb4?s=96&d=mm&r=g\",\"caption\":\"mirelal\"},\"url\":\"https:\/\/instytutpolski.pl\/bucuresti\/author\/mirelal\/\"}]}<\/script>\n<!-- \/ Yoast SEO plugin. -->","yoast_head_json":{"title":"Polska sztuka wsp\u00f3\u0142czesna w Bukareszcie - Instytut Polski w Bukareszcie","robots":{"index":"index","follow":"follow","max-snippet":"max-snippet:-1","max-image-preview":"max-image-preview:large","max-video-preview":"max-video-preview:-1"},"canonical":"https:\/\/instytutpolski.pl\/bucuresti\/pl\/2015\/12\/03\/polska-sztuka-wspolczesna-w-bukareszcie\/","og_locale":"pl_PL","og_type":"article","og_title":"Polska sztuka wsp\u00f3\u0142czesna w Bukareszcie - Instytut Polski w Bukareszcie","og_description":"ANNA KONIKW tym samym mie\u015bcie, pod tym samym niebem&#8230;Kurator wystawy: Suzana DanKoordynator MNAC: Cerasela BarboneArchitekt: Attila KimWystawa zorganizowana przez Narodowe Muzeum Sztuki Wsp\u00f3\u0142czesnej oraz Instytut Polski w BukareszciePartner: New Europe College&nbsp; Na pocz\u0105tku 2016 roku w Narodowym Muzeum Sztuki Wsp\u00f3\u0142czesnej odb\u0119d\u0105 si\u0119 spotkania i debaty z udzia\u0142em artystki, na temat imigracji i imigrant\u00f3w, zorganizowane we [&hellip;]","og_url":"https:\/\/instytutpolski.pl\/bucuresti\/pl\/2015\/12\/03\/polska-sztuka-wspolczesna-w-bukareszcie\/","og_site_name":"Instytut Polski w Bukareszcie","article_published_time":"2015-12-03T09:02:00+00:00","article_modified_time":"2020-06-05T08:07:41+00:00","og_image":[{"width":660,"height":473,"url":"https:\/\/instytutpolski.pl\/bucuresti\/wp-content\/uploads\/sites\/11\/2020\/06\/vernisaj-in-acelasi-oras-sub-acelasi-cer.jpg","type":"image\/jpeg"}],"author":"mirelal","twitter_card":"summary_large_image","twitter_misc":{"Napisane przez":"mirelal","Szacowany czas czytania":"4 minuty"},"schema":{"@context":"https:\/\/schema.org","@graph":[{"@type":"event","@id":"https:\/\/instytutpolski.pl\/bucuresti\/pl\/2015\/12\/03\/polska-sztuka-wspolczesna-w-bukareszcie\/","url":"https:\/\/instytutpolski.pl\/bucuresti\/pl\/2015\/12\/03\/polska-sztuka-wspolczesna-w-bukareszcie\/","name":"Polska sztuka wsp\u00f3\u0142czesna w Bukareszcie","isPartOf":{"@id":"https:\/\/instytutpolski.pl\/bucuresti\/#website"},"primaryImageOfPage":{"@id":"https:\/\/instytutpolski.pl\/bucuresti\/pl\/2015\/12\/03\/polska-sztuka-wspolczesna-w-bukareszcie\/#primaryimage"},"image":["https:\/\/instytutpolski.pl\/bucuresti\/wp-content\/uploads\/sites\/11\/2020\/06\/vernisaj-in-acelasi-oras-sub-acelasi-cer.jpg","https:\/\/instytutpolski.pl\/bucuresti\/wp-content\/uploads\/sites\/11\/2020\/06\/vernisaj-in-acelasi-oras-sub-acelasi-cer-300x215.jpg","https:\/\/instytutpolski.pl\/bucuresti\/wp-content\/uploads\/sites\/11\/2020\/06\/vernisaj-in-acelasi-oras-sub-acelasi-cer.jpg","https:\/\/instytutpolski.pl\/bucuresti\/wp-content\/uploads\/sites\/11\/2020\/06\/vernisaj-in-acelasi-oras-sub-acelasi-cer.jpg"],"thumbnailUrl":"https:\/\/instytutpolski.pl\/bucuresti\/wp-content\/uploads\/sites\/11\/2020\/06\/vernisaj-in-acelasi-oras-sub-acelasi-cer.jpg","datePublished":"2015-12-03T09:02:00+02:00","dateModified":"2020-06-05T08:07:41+02:00","author":{"@id":"https:\/\/instytutpolski.pl\/bucuresti\/#\/schema\/person\/36eba23bd65c4ed8774deeb285a19272"},"breadcrumb":{"@id":"https:\/\/instytutpolski.pl\/bucuresti\/pl\/2015\/12\/03\/polska-sztuka-wspolczesna-w-bukareszcie\/#breadcrumb"},"inLanguage":"pl-PL","potentialAction":[{"@type":"ReadAction","target":["https:\/\/instytutpolski.pl\/bucuresti\/pl\/2015\/12\/03\/polska-sztuka-wspolczesna-w-bukareszcie\/"]}],"@context":"https:\/\/schema.org","startDate":"2015-12-03","endDate":"2016-04-10","eventStatus":"EventScheduled","eventAttendanceMode":"OfflineEventAttendanceMode","location":{"@type":"place","name":"","address":"","geo":{"@type":"GeoCoordinates","latitude":"","longitude":""}},"description":"ANNA KONIKW tym samym mie\u015bcie, pod tym samym niebem...Kurator wystawy: Suzana DanKoordynator MNAC: Cerasela BarboneArchitekt: Attila KimWystawa zorganizowana przez Narodowe Muzeum Sztuki Wsp\u00f3\u0142czesnej oraz Instytut Polski w BukareszciePartner: New Europe College \nNa pocz\u0105tku 2016 roku w Narodowym Muzeum Sztuki Wsp\u00f3\u0142czesnej odb\u0119d\u0105 si\u0119 spotkania i debaty z udzia\u0142em artystki, na temat imigracji i imigrant\u00f3w, zorganizowane we wsp\u00f3\u0142pracy z New Europe College oraz Instytutem Polskim.\nMecenasi poszczeg\u00f3lnych cz\u0119\u015bci projektu:w Szwecji: Mobile Art Production; Polish Institute in Stockholm; Iaspis Stockholms Kulturf\u00f6vatning.w Polsce: Arsenal Gallery, Bialystok; Ministry of Culture and National Heritage; Ministry of Culture and National Heritage Funds.w Turcji: Arsenal Gallery as part of the cultural programme accompanying the 600th anniversary of Polish-Turkish diplomatic relations.w Rumunii: Kulturstiftung Landis &amp; Gyr, Zug; NEC -New Europe College\/ Institute for Advanced Study, Bucharest; Polish Institute in Bucharest.we Francji: Institut d\u2019Etudes Avanc\u00e9es de Nantes and by Polish Institute, Paris; M\u00e9decins du Monde, Nantes; \u00c9cole sup\u00e9rieure des beaux-arts de Nantes M\u00e9tropole\nAnna Konik \u2013 tworzy wideoinstalacje, obiekty, uprawia wideo, fotografi\u0119, rysunek. Mieszka i pracuje w Berlinie, Warszawie oraz Dobrodzieniu. Studiowa\u0142a w Akademii Sztuk Pi\u0119knych w Warszawie w pracowniach Krzysztofa M. Bednarskiego i prof. Grzegorza Kowalskiego, i tam w 2000 roku obroni\u0142a prac\u0119 dyplomow\u0105.\nW latach 1999\u20132001 pracowa\u0142a jako asystentka prof. Zofii Glazer w Katedrze Rysunku warszawskiej ASP. W latach 1999\u20132004 wsp\u00f3\u0142pracowa\u0142a z Teatrem Academia, grup\u0105 teatraln\u0105 Opera Buffa i formacj\u0105 Teatr Bez Nazwy. W 2012 uzyska\u0142a tytu\u0142 doktora sztuk pi\u0119knych na Wydziale Sztuki Medi\u00f3w i Scenografii warszawskiej ASP. W semestrach letnich 2012 oraz 2013 prowadzi seminaria wideo na Wydziale Literatury i Lingwistyki Uniwersytetu w Bielefeld, w roku 2010\/2011 prowadzi\u0142a go\u015bcinne zaj\u0119cia wideo w Katedrze Mody przy Wydziale Wzornictwa warszawskiej ASP. W semestrze letnim 2009 zaproszona zosta\u0142a jako Rudolf Arnheim Visiting Professor w Instytucie Sztuki i Historii Obrazu (Institut f\u00fcr Kunst- und Bildgeschichte) Uniwersytetu Humboldta w Berlinie, a w latach 2008\/2009 jako wyk\u0142adowca na International Summer Academy w Salzburgu.\nW roku 2009 by\u0142a nominowana do nagrody Deutsche Banku \u201eSpojrzenia 2009\u201d oraz do Paszportu Polityki. Laureatka stypendi\u00f3w artystycznych i naukowych: Stypendium Ministra Kultury i Dziedzictwa Narodowego (2013), IASPIS, Sztokholm (2011\/2012), ZiF Center for Interdisciplinary Research, Uniwersytet w Bielefeld (2011), Wissenschaftskolleg zu Berlin (2008\/2009), Zuger Kulturstiftung Landis &amp; Gyr, Zug (2007), M\u0142oda Polska (2007), SPACES World Artists Program, Cleveland, USA (2005), Stypendium Ministra Kultury i Sztuki (2005), Leube Artist in Residency (2004), Akademie Schloss Solitude (2003\/2004).\nJej prace by\u0142y pokazywane w wielu galeriach polskich i europejskich. Wybrane wystawy indywidualne: In the same city, under the same sky..., Parlament Szwedzki, Sztokholm (2012); Fear and Entranced, Atlas Sztuki, \u0141\u00f3d\u017a (2011); Our Lady\u2019s Forever, Instytut Polski w D\u00fcsseldorfie (2011), Willa Zauroczonych, Max Liebermann Haus, Berlin (2010); Our Lady\u2019s Forever, Miejska Galeria Sztuki, Wolfsburg (2009); 61. Mi\u0119dzynarodowy Festiwal Filmowy w Locarno (2008); Our Lady\u2019s Forever, Galeria Kronika, Bytom (2008); Zach\u0119ta Narodowa Galeria Sztuki, Warszawa (2007); Przezroczysto\u015b\u0107, Centrum Sztuki Wsp\u00f3\u0142czesnej Zamek Ujazdowski, Warszawa; Akademie Schloss Solitude, Stuttgart (2004). Wybrane wystawy zbiorowe: Divina Commedia, Museo Arcos, Benewent (2013); United States of Europe, \u0141\u00f3d\u017a; Lapinlahti Helsinki; Mekas Vilnius; Plataforma das Artes Portugal; Old Market Pallouriotissa Cypr; Motorenhalle Dresden; The Red House Sofia; Les Ecluses, fabrique culturelle et numerique France (2013\u20132012\u20132011); T\u00fcr an T\u00fcr, Polen \u2013 Deutschland. 1000 Jahre Kunst und Geschichte, Martin-Gropius-Bau, Berlin (2011); Divina Commedia, PAN Palazzo Delle Arti, Neapol (2011); Mediacje\/przestrze\u0144, Galeria Szara, Cieszyn (2010); Territories of the In\/Human, W\u00fcrttembergischer Kunstverein Stuttgart (2010); K\u00fcnstler in der KunstGesellschaft, Motorenhalle, Drezno (2010); Spojrzenia 2009, Zach\u0119ta Narodowa Galeria Sztuki, Warszawa; Kolekcja 5, Centrum Sztuki Wsp\u00f3\u0142czesnej Zamek Ujazdowski, Warszawa;Isolated, The Golden Thread Gallery, Belfast (2009).\nJej prace znajduj\u0105 si\u0119 w prywatnych oraz instytucjonalnych kolekcjach sztuki, m.in: Centrum Sztuki Wsp\u00f3\u0142czesnej Zamek Ujazdowski w Warszawie, Fundacji Leube w Gartenau-Salzburg, Muzeum G\u00f3rno\u015bl\u0105skiego w Bytomiu, Art Stations Foundation w Poznaniu, Lubelskiego Towarzystwa Zach\u0119ty Sztuk Pi\u0119knych, Podlaskiego Towarzystwa Zach\u0119ty Sztuk Pi\u0119knych.\nDodatkowe informacje na: www.annakonik.art.pl"},{"@type":"ImageObject","inLanguage":"pl-PL","@id":"https:\/\/instytutpolski.pl\/bucuresti\/pl\/2015\/12\/03\/polska-sztuka-wspolczesna-w-bukareszcie\/#primaryimage","url":"https:\/\/instytutpolski.pl\/bucuresti\/wp-content\/uploads\/sites\/11\/2020\/06\/vernisaj-in-acelasi-oras-sub-acelasi-cer.jpg","contentUrl":"https:\/\/instytutpolski.pl\/bucuresti\/wp-content\/uploads\/sites\/11\/2020\/06\/vernisaj-in-acelasi-oras-sub-acelasi-cer.jpg","width":660,"height":473,"caption":"Foto: Anna Konik"},{"@type":"BreadcrumbList","@id":"https:\/\/instytutpolski.pl\/bucuresti\/pl\/2015\/12\/03\/polska-sztuka-wspolczesna-w-bukareszcie\/#breadcrumb","itemListElement":[{"@type":"ListItem","position":1,"name":"Home","item":"https:\/\/instytutpolski.pl\/bucuresti\/"},{"@type":"ListItem","position":2,"name":"Polska sztuka wsp\u00f3\u0142czesna w Bukareszcie"}]},{"@type":"WebSite","@id":"https:\/\/instytutpolski.pl\/bucuresti\/#website","url":"https:\/\/instytutpolski.pl\/bucuresti\/","name":"Instytut Polski w Bukareszcie","description":"Instytuty Polskie","potentialAction":[{"@type":"SearchAction","target":{"@type":"EntryPoint","urlTemplate":"https:\/\/instytutpolski.pl\/bucuresti\/?s={search_term_string}"},"query-input":{"@type":"PropertyValueSpecification","valueRequired":true,"valueName":"search_term_string"}}],"inLanguage":"pl-PL"},{"@type":"Person","@id":"https:\/\/instytutpolski.pl\/bucuresti\/#\/schema\/person\/36eba23bd65c4ed8774deeb285a19272","name":"mirelal","image":{"@type":"ImageObject","inLanguage":"pl-PL","@id":"https:\/\/instytutpolski.pl\/bucuresti\/#\/schema\/person\/image\/","url":"https:\/\/secure.gravatar.com\/avatar\/5838c7614d071fe473f8aeb2de72beb4?s=96&d=mm&r=g","contentUrl":"https:\/\/secure.gravatar.com\/avatar\/5838c7614d071fe473f8aeb2de72beb4?s=96&d=mm&r=g","caption":"mirelal"},"url":"https:\/\/instytutpolski.pl\/bucuresti\/author\/mirelal\/"}]}},"_links":{"self":[{"href":"https:\/\/instytutpolski.pl\/bucuresti\/wp-json\/wp\/v2\/posts\/4028","targetHints":{"allow":["GET"]}}],"collection":[{"href":"https:\/\/instytutpolski.pl\/bucuresti\/wp-json\/wp\/v2\/posts"}],"about":[{"href":"https:\/\/instytutpolski.pl\/bucuresti\/wp-json\/wp\/v2\/types\/post"}],"author":[{"embeddable":true,"href":"https:\/\/instytutpolski.pl\/bucuresti\/wp-json\/wp\/v2\/users\/41"}],"replies":[{"embeddable":true,"href":"https:\/\/instytutpolski.pl\/bucuresti\/wp-json\/wp\/v2\/comments?post=4028"}],"version-history":[{"count":2,"href":"https:\/\/instytutpolski.pl\/bucuresti\/wp-json\/wp\/v2\/posts\/4028\/revisions"}],"predecessor-version":[{"id":4030,"href":"https:\/\/instytutpolski.pl\/bucuresti\/wp-json\/wp\/v2\/posts\/4028\/revisions\/4030"}],"wp:featuredmedia":[{"embeddable":true,"href":"https:\/\/instytutpolski.pl\/bucuresti\/wp-json\/wp\/v2\/media\/4023"}],"wp:attachment":[{"href":"https:\/\/instytutpolski.pl\/bucuresti\/wp-json\/wp\/v2\/media?parent=4028"}],"wp:term":[{"taxonomy":"category","embeddable":true,"href":"https:\/\/instytutpolski.pl\/bucuresti\/wp-json\/wp\/v2\/categories?post=4028"},{"taxonomy":"post_tag","embeddable":true,"href":"https:\/\/instytutpolski.pl\/bucuresti\/wp-json\/wp\/v2\/tags?post=4028"}],"curies":[{"name":"wp","href":"https:\/\/api.w.org\/{rel}","templated":true}]}}