{"id":4031,"date":"2015-08-20T10:08:00","date_gmt":"2015-08-20T08:08:00","guid":{"rendered":"https:\/\/instytutpolski.pl\/bucuresti\/?p=4031"},"modified":"2020-06-05T10:11:56","modified_gmt":"2020-06-05T08:11:56","slug":"polonezi-la-festivalul-dilema-veche","status":"publish","type":"post","link":"https:\/\/instytutpolski.pl\/bucuresti\/2015\/08\/20\/polonezi-la-festivalul-dilema-veche\/","title":{"rendered":"Polonezi la Festivalul Dilema Veche"},"content":{"rendered":"\n<p>Din 1993, Dilema a cultivat confruntarea de opinii \u0219i dialogul. \u00cempreun\u0103 cu Reprezentan\u021ba Comisiei Europene \u00een Rom\u00e2nia, explor\u0103m, \u00een aceast\u0103 dezbatere, rela\u021bia dintre Uniunea European\u0103 \u0219i \u201emarginile\u201d ei. Particip\u0103: Angela Filote, \u0219efa Reprezentan\u021bei CE \u00een Rom\u00e2nia; Piotr Pogorzelski, corespondent Radio Polonia la Kiev, autorul c\u0103r\u021bii Bor\u0219 ucrainean; Andrea Pipino (jurnalist, Internazionale), Carl Henrik Fredriksson (Eurozine, re\u021beaua revistelor culturale europene); Luca Niculescu (RFI Rom\u00e2nia).<\/p>\n\n\n\n<p>V\u0103 a\u015ftept\u0103m de la 17:00, pe Esplanada din fa\u021ba Catedralei Romano-Catolice.<\/p>\n\n\n\n<p>Piotr Pogorzelski, jurnalist al Radioului Polonez. Corespondent la Kiev \u00een perioada 1 martie 2006 &#8211; 31 iulie 2015<\/p>\n\n\n\n<p>N\u0103scut \u00een 1977, la Var\u0219ovia. \u00cen 2000 a absolvit Institutul de \u0218tiin\u021be Sociale Aplicate al Universit\u0103\u021bii din Var\u0219ovia, iar un an mai t\u00e2rziu \u2013 cursurile de masterat \u00een Studii Estice \u2013 dedicate statelor fostei URSS, la aceea\u0219i universitate. Din 2000 este angajat la Radioul Polonez, la Agen\u021bia de Informa\u021bii Radio. Lucr\u00e2nd la Var\u0219ovia, s-a ocupat, printre altele, de tematica interna\u021bional\u0103, \u0219i i-a \u00eenlocuit, temporar, pe coresponden\u021bii Radio de la Minsk, Moscova \u0219i Kiev. Din anul 2006 a fost reprezentantul Radioului Polonez \u00een capitala Ucrainei. Public\u0103 regulat \u00een revista bilunar\u0103 \u201eNowa Europa Wschodnia\u201d (\u201eNoua Europ\u0103 R\u0103s\u0103ritean\u0103\u201d). Lucr\u00e2nd \u00een Ucraina, a c\u0103l\u0103torit foarte mult, pentru a putea observa cum arat\u0103 via\u021ba ucrainenilor obi\u0219nui\u021bi din diferite regiuni ale \u021b\u0103rii lor uria\u0219e. Practic, a str\u0103b\u0103tut \u00eentreaga Ucrain\u0103, de la Doneck p\u00e2n\u0103 la Uzzhorod, \u0219i de la Czernichov la Sevastopol. A relatat despre evenimente importante, cum ar fi: Euro 2012, revolu\u021bia demnit\u0103\u021bii precum \u0219i r\u0103zboiul din estul Ucrainei \u0219i anexarea Crimeii. Piotr Pogorzelski este&nbsp;\u0219i laureat al&nbsp;prestigiosului premiu &#8222;Ambasador al&nbsp;Noii&nbsp;Europe&#8221;, acordat de Colegiul Europei de Est din Wroc\u0142aw \u0219i Centrul&nbsp;European&nbsp;al Solidarit\u0103\u021bii din Gda\u0144sk, pentru volumul&nbsp;<em>Bor\u0219 ucrainean.<\/em><\/p>\n","protected":false},"excerpt":{"rendered":"<p>Din 1993, Dilema a cultivat confruntarea de opinii \u0219i dialogul. \u00cempreun\u0103 cu Reprezentan\u021ba Comisiei Europene \u00een Rom\u00e2nia, explor\u0103m, \u00een aceast\u0103 dezbatere, rela\u021bia dintre Uniunea European\u0103 \u0219i \u201emarginile\u201d ei. Particip\u0103: Angela Filote, \u0219efa Reprezentan\u021bei CE \u00een Rom\u00e2nia; Piotr Pogorzelski, corespondent Radio Polonia la Kiev, autorul c\u0103r\u021bii Bor\u0219 ucrainean; Andrea Pipino (jurnalist, Internazionale), Carl Henrik Fredriksson (Eurozine, [&hellip;]<\/p>\n","protected":false},"author":41,"featured_media":4032,"comment_status":"open","ping_status":"open","sticky":false,"template":"","format":"standard","meta":{"inline_featured_image":false,"_monsterinsights_skip_tracking":false,"_monsterinsights_sitenote_active":false,"_monsterinsights_sitenote_note":"","_monsterinsights_sitenote_category":0,"footnotes":""},"categories":[94,157],"tags":[],"class_list":["post-4031","post","type-post","status-publish","format-standard","has-post-thumbnail","hentry","category-evenimente","category-literatura"],"yoast_head":"<!-- This site is optimized with the Yoast SEO plugin v24.6 - https:\/\/yoast.com\/wordpress\/plugins\/seo\/ -->\n<title>Polonezi la Festivalul Dilema Veche - Instytut Polski w Bukareszcie<\/title>\n<meta name=\"robots\" content=\"index, follow, max-snippet:-1, max-image-preview:large, max-video-preview:-1\" \/>\n<link rel=\"canonical\" href=\"https:\/\/instytutpolski.pl\/bucuresti\/2015\/08\/20\/polonezi-la-festivalul-dilema-veche\/\" \/>\n<meta property=\"og:locale\" content=\"pl_PL\" \/>\n<meta property=\"og:type\" content=\"article\" \/>\n<meta property=\"og:title\" content=\"Polonezi la Festivalul Dilema Veche - Instytut Polski w Bukareszcie\" \/>\n<meta property=\"og:description\" content=\"Din 1993, Dilema a cultivat confruntarea de opinii \u0219i dialogul. \u00cempreun\u0103 cu Reprezentan\u021ba Comisiei Europene \u00een Rom\u00e2nia, explor\u0103m, \u00een aceast\u0103 dezbatere, rela\u021bia dintre Uniunea European\u0103 \u0219i \u201emarginile\u201d ei. Particip\u0103: Angela Filote, \u0219efa Reprezentan\u021bei CE \u00een Rom\u00e2nia; Piotr Pogorzelski, corespondent Radio Polonia la Kiev, autorul c\u0103r\u021bii Bor\u0219 ucrainean; Andrea Pipino (jurnalist, Internazionale), Carl Henrik Fredriksson (Eurozine, [&hellip;]\" \/>\n<meta property=\"og:url\" content=\"https:\/\/instytutpolski.pl\/bucuresti\/2015\/08\/20\/polonezi-la-festivalul-dilema-veche\/\" \/>\n<meta property=\"og:site_name\" content=\"Instytut Polski w Bukareszcie\" \/>\n<meta property=\"article:published_time\" content=\"2015-08-20T08:08:00+00:00\" \/>\n<meta property=\"article:modified_time\" content=\"2020-06-05T08:11:56+00:00\" \/>\n<meta property=\"og:image\" content=\"https:\/\/instytutpolski.pl\/bucuresti\/wp-content\/uploads\/sites\/11\/2020\/06\/polonezii-la-festivalul-dilema-veche.jpg\" \/>\n\t<meta property=\"og:image:width\" content=\"660\" \/>\n\t<meta property=\"og:image:height\" content=\"440\" \/>\n\t<meta property=\"og:image:type\" content=\"image\/jpeg\" \/>\n<meta name=\"author\" content=\"mirelal\" \/>\n<meta name=\"twitter:card\" content=\"summary_large_image\" \/>\n<meta name=\"twitter:label1\" content=\"Napisane przez\" \/>\n\t<meta name=\"twitter:data1\" content=\"mirelal\" \/>\n\t<meta name=\"twitter:label2\" content=\"Szacowany czas czytania\" \/>\n\t<meta name=\"twitter:data2\" content=\"2 minuty\" \/>\n<script type=\"application\/ld+json\" class=\"yoast-schema-graph\">{\"@context\":\"https:\/\/schema.org\",\"@graph\":[{\"@type\":\"event\",\"@id\":\"https:\/\/instytutpolski.pl\/bucuresti\/2015\/08\/20\/polonezi-la-festivalul-dilema-veche\/\",\"url\":\"https:\/\/instytutpolski.pl\/bucuresti\/2015\/08\/20\/polonezi-la-festivalul-dilema-veche\/\",\"name\":\"Polonezi la Festivalul Dilema Veche\",\"isPartOf\":{\"@id\":\"https:\/\/instytutpolski.pl\/bucuresti\/#website\"},\"primaryImageOfPage\":{\"@id\":\"https:\/\/instytutpolski.pl\/bucuresti\/2015\/08\/20\/polonezi-la-festivalul-dilema-veche\/#primaryimage\"},\"image\":[\"https:\/\/instytutpolski.pl\/bucuresti\/wp-content\/uploads\/sites\/11\/2020\/06\/polonezii-la-festivalul-dilema-veche.jpg\",\"https:\/\/instytutpolski.pl\/bucuresti\/wp-content\/uploads\/sites\/11\/2020\/06\/polonezii-la-festivalul-dilema-veche-300x200.jpg\",\"https:\/\/instytutpolski.pl\/bucuresti\/wp-content\/uploads\/sites\/11\/2020\/06\/polonezii-la-festivalul-dilema-veche.jpg\",\"https:\/\/instytutpolski.pl\/bucuresti\/wp-content\/uploads\/sites\/11\/2020\/06\/polonezii-la-festivalul-dilema-veche.jpg\"],\"thumbnailUrl\":\"https:\/\/instytutpolski.pl\/bucuresti\/wp-content\/uploads\/sites\/11\/2020\/06\/polonezii-la-festivalul-dilema-veche.jpg\",\"datePublished\":\"2015-08-20T08:08:00+02:00\",\"dateModified\":\"2020-06-05T08:11:56+02:00\",\"author\":{\"@id\":\"https:\/\/instytutpolski.pl\/bucuresti\/#\/schema\/person\/36eba23bd65c4ed8774deeb285a19272\"},\"breadcrumb\":{\"@id\":\"https:\/\/instytutpolski.pl\/bucuresti\/2015\/08\/20\/polonezi-la-festivalul-dilema-veche\/#breadcrumb\"},\"inLanguage\":\"pl-PL\",\"potentialAction\":[{\"@type\":\"ReadAction\",\"target\":[\"https:\/\/instytutpolski.pl\/bucuresti\/2015\/08\/20\/polonezi-la-festivalul-dilema-veche\/\"]}],\"@context\":\"https:\/\/schema.org\",\"startDate\":\"2015-08-21\",\"endDate\":\"2015-08-23\",\"eventStatus\":\"EventScheduled\",\"eventAttendanceMode\":\"OfflineEventAttendanceMode\",\"location\":{\"@type\":\"place\",\"name\":\"\",\"address\":\"\",\"geo\":{\"@type\":\"GeoCoordinates\",\"latitude\":\"\",\"longitude\":\"\"}},\"description\":\"Din 1993, Dilema a cultivat confruntarea de opinii \u0219i dialogul. \u00cempreun\u0103 cu Reprezentan\u021ba Comisiei Europene \u00een Rom\u00e2nia, explor\u0103m, \u00een aceast\u0103 dezbatere, rela\u021bia dintre Uniunea European\u0103 \u0219i \u201emarginile\u201d ei. Particip\u0103: Angela Filote, \u0219efa Reprezentan\u021bei CE \u00een Rom\u00e2nia; Piotr Pogorzelski, corespondent Radio Polonia la Kiev, autorul c\u0103r\u021bii Bor\u0219 ucrainean; Andrea Pipino (jurnalist, Internazionale), Carl Henrik Fredriksson (Eurozine, re\u021beaua revistelor culturale europene); Luca Niculescu (RFI Rom\u00e2nia).\\nV\u0103 a\u015ftept\u0103m de la 17:00, pe Esplanada din fa\u021ba Catedralei Romano-Catolice.\\nPiotr Pogorzelski, jurnalist al Radioului Polonez. Corespondent la Kiev \u00een perioada 1 martie 2006 - 31 iulie 2015\\nN\u0103scut \u00een 1977, la Var\u0219ovia. \u00cen 2000 a absolvit Institutul de \u0218tiin\u021be Sociale Aplicate al Universit\u0103\u021bii din Var\u0219ovia, iar un an mai t\u00e2rziu \u2013 cursurile de masterat \u00een Studii Estice \u2013 dedicate statelor fostei URSS, la aceea\u0219i universitate. Din 2000 este angajat la Radioul Polonez, la Agen\u021bia de Informa\u021bii Radio. Lucr\u00e2nd la Var\u0219ovia, s-a ocupat, printre altele, de tematica interna\u021bional\u0103, \u0219i i-a \u00eenlocuit, temporar, pe coresponden\u021bii Radio de la Minsk, Moscova \u0219i Kiev. Din anul 2006 a fost reprezentantul Radioului Polonez \u00een capitala Ucrainei. Public\u0103 regulat \u00een revista bilunar\u0103 \u201eNowa Europa Wschodnia\u201d (\u201eNoua Europ\u0103 R\u0103s\u0103ritean\u0103\u201d). Lucr\u00e2nd \u00een Ucraina, a c\u0103l\u0103torit foarte mult, pentru a putea observa cum arat\u0103 via\u021ba ucrainenilor obi\u0219nui\u021bi din diferite regiuni ale \u021b\u0103rii lor uria\u0219e. Practic, a str\u0103b\u0103tut \u00eentreaga Ucrain\u0103, de la Doneck p\u00e2n\u0103 la Uzzhorod, \u0219i de la Czernichov la Sevastopol. A relatat despre evenimente importante, cum ar fi: Euro 2012, revolu\u021bia demnit\u0103\u021bii precum \u0219i r\u0103zboiul din estul Ucrainei \u0219i anexarea Crimeii. Piotr Pogorzelski este \u0219i laureat al prestigiosului premiu \\\"Ambasador al Noii Europe\\\", acordat de Colegiul Europei de Est din Wroc\u0142aw \u0219i Centrul European al Solidarit\u0103\u021bii din Gda\u0144sk, pentru volumul Bor\u0219 ucrainean.\"},{\"@type\":\"ImageObject\",\"inLanguage\":\"pl-PL\",\"@id\":\"https:\/\/instytutpolski.pl\/bucuresti\/2015\/08\/20\/polonezi-la-festivalul-dilema-veche\/#primaryimage\",\"url\":\"https:\/\/instytutpolski.pl\/bucuresti\/wp-content\/uploads\/sites\/11\/2020\/06\/polonezii-la-festivalul-dilema-veche.jpg\",\"contentUrl\":\"https:\/\/instytutpolski.pl\/bucuresti\/wp-content\/uploads\/sites\/11\/2020\/06\/polonezii-la-festivalul-dilema-veche.jpg\",\"width\":660,\"height\":440},{\"@type\":\"BreadcrumbList\",\"@id\":\"https:\/\/instytutpolski.pl\/bucuresti\/2015\/08\/20\/polonezi-la-festivalul-dilema-veche\/#breadcrumb\",\"itemListElement\":[{\"@type\":\"ListItem\",\"position\":1,\"name\":\"Home\",\"item\":\"https:\/\/instytutpolski.pl\/bucuresti\/\"},{\"@type\":\"ListItem\",\"position\":2,\"name\":\"Polonezi la Festivalul Dilema Veche\"}]},{\"@type\":\"WebSite\",\"@id\":\"https:\/\/instytutpolski.pl\/bucuresti\/#website\",\"url\":\"https:\/\/instytutpolski.pl\/bucuresti\/\",\"name\":\"Instytut Polski w Bukareszcie\",\"description\":\"Instytuty Polskie\",\"potentialAction\":[{\"@type\":\"SearchAction\",\"target\":{\"@type\":\"EntryPoint\",\"urlTemplate\":\"https:\/\/instytutpolski.pl\/bucuresti\/?s={search_term_string}\"},\"query-input\":{\"@type\":\"PropertyValueSpecification\",\"valueRequired\":true,\"valueName\":\"search_term_string\"}}],\"inLanguage\":\"pl-PL\"},{\"@type\":\"Person\",\"@id\":\"https:\/\/instytutpolski.pl\/bucuresti\/#\/schema\/person\/36eba23bd65c4ed8774deeb285a19272\",\"name\":\"mirelal\",\"image\":{\"@type\":\"ImageObject\",\"inLanguage\":\"pl-PL\",\"@id\":\"https:\/\/instytutpolski.pl\/bucuresti\/#\/schema\/person\/image\/\",\"url\":\"https:\/\/secure.gravatar.com\/avatar\/5838c7614d071fe473f8aeb2de72beb4?s=96&d=mm&r=g\",\"contentUrl\":\"https:\/\/secure.gravatar.com\/avatar\/5838c7614d071fe473f8aeb2de72beb4?s=96&d=mm&r=g\",\"caption\":\"mirelal\"},\"url\":\"https:\/\/instytutpolski.pl\/bucuresti\/author\/mirelal\/\"}]}<\/script>\n<!-- \/ Yoast SEO plugin. -->","yoast_head_json":{"title":"Polonezi la Festivalul Dilema Veche - Instytut Polski w Bukareszcie","robots":{"index":"index","follow":"follow","max-snippet":"max-snippet:-1","max-image-preview":"max-image-preview:large","max-video-preview":"max-video-preview:-1"},"canonical":"https:\/\/instytutpolski.pl\/bucuresti\/2015\/08\/20\/polonezi-la-festivalul-dilema-veche\/","og_locale":"pl_PL","og_type":"article","og_title":"Polonezi la Festivalul Dilema Veche - Instytut Polski w Bukareszcie","og_description":"Din 1993, Dilema a cultivat confruntarea de opinii \u0219i dialogul. \u00cempreun\u0103 cu Reprezentan\u021ba Comisiei Europene \u00een Rom\u00e2nia, explor\u0103m, \u00een aceast\u0103 dezbatere, rela\u021bia dintre Uniunea European\u0103 \u0219i \u201emarginile\u201d ei. Particip\u0103: Angela Filote, \u0219efa Reprezentan\u021bei CE \u00een Rom\u00e2nia; Piotr Pogorzelski, corespondent Radio Polonia la Kiev, autorul c\u0103r\u021bii Bor\u0219 ucrainean; Andrea Pipino (jurnalist, Internazionale), Carl Henrik Fredriksson (Eurozine, [&hellip;]","og_url":"https:\/\/instytutpolski.pl\/bucuresti\/2015\/08\/20\/polonezi-la-festivalul-dilema-veche\/","og_site_name":"Instytut Polski w Bukareszcie","article_published_time":"2015-08-20T08:08:00+00:00","article_modified_time":"2020-06-05T08:11:56+00:00","og_image":[{"width":660,"height":440,"url":"https:\/\/instytutpolski.pl\/bucuresti\/wp-content\/uploads\/sites\/11\/2020\/06\/polonezii-la-festivalul-dilema-veche.jpg","type":"image\/jpeg"}],"author":"mirelal","twitter_card":"summary_large_image","twitter_misc":{"Napisane przez":"mirelal","Szacowany czas czytania":"2 minuty"},"schema":{"@context":"https:\/\/schema.org","@graph":[{"@type":"event","@id":"https:\/\/instytutpolski.pl\/bucuresti\/2015\/08\/20\/polonezi-la-festivalul-dilema-veche\/","url":"https:\/\/instytutpolski.pl\/bucuresti\/2015\/08\/20\/polonezi-la-festivalul-dilema-veche\/","name":"Polonezi la Festivalul Dilema Veche","isPartOf":{"@id":"https:\/\/instytutpolski.pl\/bucuresti\/#website"},"primaryImageOfPage":{"@id":"https:\/\/instytutpolski.pl\/bucuresti\/2015\/08\/20\/polonezi-la-festivalul-dilema-veche\/#primaryimage"},"image":["https:\/\/instytutpolski.pl\/bucuresti\/wp-content\/uploads\/sites\/11\/2020\/06\/polonezii-la-festivalul-dilema-veche.jpg","https:\/\/instytutpolski.pl\/bucuresti\/wp-content\/uploads\/sites\/11\/2020\/06\/polonezii-la-festivalul-dilema-veche-300x200.jpg","https:\/\/instytutpolski.pl\/bucuresti\/wp-content\/uploads\/sites\/11\/2020\/06\/polonezii-la-festivalul-dilema-veche.jpg","https:\/\/instytutpolski.pl\/bucuresti\/wp-content\/uploads\/sites\/11\/2020\/06\/polonezii-la-festivalul-dilema-veche.jpg"],"thumbnailUrl":"https:\/\/instytutpolski.pl\/bucuresti\/wp-content\/uploads\/sites\/11\/2020\/06\/polonezii-la-festivalul-dilema-veche.jpg","datePublished":"2015-08-20T08:08:00+02:00","dateModified":"2020-06-05T08:11:56+02:00","author":{"@id":"https:\/\/instytutpolski.pl\/bucuresti\/#\/schema\/person\/36eba23bd65c4ed8774deeb285a19272"},"breadcrumb":{"@id":"https:\/\/instytutpolski.pl\/bucuresti\/2015\/08\/20\/polonezi-la-festivalul-dilema-veche\/#breadcrumb"},"inLanguage":"pl-PL","potentialAction":[{"@type":"ReadAction","target":["https:\/\/instytutpolski.pl\/bucuresti\/2015\/08\/20\/polonezi-la-festivalul-dilema-veche\/"]}],"@context":"https:\/\/schema.org","startDate":"2015-08-21","endDate":"2015-08-23","eventStatus":"EventScheduled","eventAttendanceMode":"OfflineEventAttendanceMode","location":{"@type":"place","name":"","address":"","geo":{"@type":"GeoCoordinates","latitude":"","longitude":""}},"description":"Din 1993, Dilema a cultivat confruntarea de opinii \u0219i dialogul. \u00cempreun\u0103 cu Reprezentan\u021ba Comisiei Europene \u00een Rom\u00e2nia, explor\u0103m, \u00een aceast\u0103 dezbatere, rela\u021bia dintre Uniunea European\u0103 \u0219i \u201emarginile\u201d ei. Particip\u0103: Angela Filote, \u0219efa Reprezentan\u021bei CE \u00een Rom\u00e2nia; Piotr Pogorzelski, corespondent Radio Polonia la Kiev, autorul c\u0103r\u021bii Bor\u0219 ucrainean; Andrea Pipino (jurnalist, Internazionale), Carl Henrik Fredriksson (Eurozine, re\u021beaua revistelor culturale europene); Luca Niculescu (RFI Rom\u00e2nia).\nV\u0103 a\u015ftept\u0103m de la 17:00, pe Esplanada din fa\u021ba Catedralei Romano-Catolice.\nPiotr Pogorzelski, jurnalist al Radioului Polonez. Corespondent la Kiev \u00een perioada 1 martie 2006 - 31 iulie 2015\nN\u0103scut \u00een 1977, la Var\u0219ovia. \u00cen 2000 a absolvit Institutul de \u0218tiin\u021be Sociale Aplicate al Universit\u0103\u021bii din Var\u0219ovia, iar un an mai t\u00e2rziu \u2013 cursurile de masterat \u00een Studii Estice \u2013 dedicate statelor fostei URSS, la aceea\u0219i universitate. Din 2000 este angajat la Radioul Polonez, la Agen\u021bia de Informa\u021bii Radio. Lucr\u00e2nd la Var\u0219ovia, s-a ocupat, printre altele, de tematica interna\u021bional\u0103, \u0219i i-a \u00eenlocuit, temporar, pe coresponden\u021bii Radio de la Minsk, Moscova \u0219i Kiev. Din anul 2006 a fost reprezentantul Radioului Polonez \u00een capitala Ucrainei. Public\u0103 regulat \u00een revista bilunar\u0103 \u201eNowa Europa Wschodnia\u201d (\u201eNoua Europ\u0103 R\u0103s\u0103ritean\u0103\u201d). Lucr\u00e2nd \u00een Ucraina, a c\u0103l\u0103torit foarte mult, pentru a putea observa cum arat\u0103 via\u021ba ucrainenilor obi\u0219nui\u021bi din diferite regiuni ale \u021b\u0103rii lor uria\u0219e. Practic, a str\u0103b\u0103tut \u00eentreaga Ucrain\u0103, de la Doneck p\u00e2n\u0103 la Uzzhorod, \u0219i de la Czernichov la Sevastopol. A relatat despre evenimente importante, cum ar fi: Euro 2012, revolu\u021bia demnit\u0103\u021bii precum \u0219i r\u0103zboiul din estul Ucrainei \u0219i anexarea Crimeii. Piotr Pogorzelski este \u0219i laureat al prestigiosului premiu \"Ambasador al Noii Europe\", acordat de Colegiul Europei de Est din Wroc\u0142aw \u0219i Centrul European al Solidarit\u0103\u021bii din Gda\u0144sk, pentru volumul Bor\u0219 ucrainean."},{"@type":"ImageObject","inLanguage":"pl-PL","@id":"https:\/\/instytutpolski.pl\/bucuresti\/2015\/08\/20\/polonezi-la-festivalul-dilema-veche\/#primaryimage","url":"https:\/\/instytutpolski.pl\/bucuresti\/wp-content\/uploads\/sites\/11\/2020\/06\/polonezii-la-festivalul-dilema-veche.jpg","contentUrl":"https:\/\/instytutpolski.pl\/bucuresti\/wp-content\/uploads\/sites\/11\/2020\/06\/polonezii-la-festivalul-dilema-veche.jpg","width":660,"height":440},{"@type":"BreadcrumbList","@id":"https:\/\/instytutpolski.pl\/bucuresti\/2015\/08\/20\/polonezi-la-festivalul-dilema-veche\/#breadcrumb","itemListElement":[{"@type":"ListItem","position":1,"name":"Home","item":"https:\/\/instytutpolski.pl\/bucuresti\/"},{"@type":"ListItem","position":2,"name":"Polonezi la Festivalul Dilema Veche"}]},{"@type":"WebSite","@id":"https:\/\/instytutpolski.pl\/bucuresti\/#website","url":"https:\/\/instytutpolski.pl\/bucuresti\/","name":"Instytut Polski w Bukareszcie","description":"Instytuty Polskie","potentialAction":[{"@type":"SearchAction","target":{"@type":"EntryPoint","urlTemplate":"https:\/\/instytutpolski.pl\/bucuresti\/?s={search_term_string}"},"query-input":{"@type":"PropertyValueSpecification","valueRequired":true,"valueName":"search_term_string"}}],"inLanguage":"pl-PL"},{"@type":"Person","@id":"https:\/\/instytutpolski.pl\/bucuresti\/#\/schema\/person\/36eba23bd65c4ed8774deeb285a19272","name":"mirelal","image":{"@type":"ImageObject","inLanguage":"pl-PL","@id":"https:\/\/instytutpolski.pl\/bucuresti\/#\/schema\/person\/image\/","url":"https:\/\/secure.gravatar.com\/avatar\/5838c7614d071fe473f8aeb2de72beb4?s=96&d=mm&r=g","contentUrl":"https:\/\/secure.gravatar.com\/avatar\/5838c7614d071fe473f8aeb2de72beb4?s=96&d=mm&r=g","caption":"mirelal"},"url":"https:\/\/instytutpolski.pl\/bucuresti\/author\/mirelal\/"}]}},"_links":{"self":[{"href":"https:\/\/instytutpolski.pl\/bucuresti\/wp-json\/wp\/v2\/posts\/4031","targetHints":{"allow":["GET"]}}],"collection":[{"href":"https:\/\/instytutpolski.pl\/bucuresti\/wp-json\/wp\/v2\/posts"}],"about":[{"href":"https:\/\/instytutpolski.pl\/bucuresti\/wp-json\/wp\/v2\/types\/post"}],"author":[{"embeddable":true,"href":"https:\/\/instytutpolski.pl\/bucuresti\/wp-json\/wp\/v2\/users\/41"}],"replies":[{"embeddable":true,"href":"https:\/\/instytutpolski.pl\/bucuresti\/wp-json\/wp\/v2\/comments?post=4031"}],"version-history":[{"count":2,"href":"https:\/\/instytutpolski.pl\/bucuresti\/wp-json\/wp\/v2\/posts\/4031\/revisions"}],"predecessor-version":[{"id":4034,"href":"https:\/\/instytutpolski.pl\/bucuresti\/wp-json\/wp\/v2\/posts\/4031\/revisions\/4034"}],"wp:featuredmedia":[{"embeddable":true,"href":"https:\/\/instytutpolski.pl\/bucuresti\/wp-json\/wp\/v2\/media\/4032"}],"wp:attachment":[{"href":"https:\/\/instytutpolski.pl\/bucuresti\/wp-json\/wp\/v2\/media?parent=4031"}],"wp:term":[{"taxonomy":"category","embeddable":true,"href":"https:\/\/instytutpolski.pl\/bucuresti\/wp-json\/wp\/v2\/categories?post=4031"},{"taxonomy":"post_tag","embeddable":true,"href":"https:\/\/instytutpolski.pl\/bucuresti\/wp-json\/wp\/v2\/tags?post=4031"}],"curies":[{"name":"wp","href":"https:\/\/api.w.org\/{rel}","templated":true}]}}