{"id":4050,"date":"2015-11-18T10:21:00","date_gmt":"2015-11-18T09:21:00","guid":{"rendered":"https:\/\/instytutpolski.pl\/bucuresti\/?p=4050"},"modified":"2020-06-05T10:34:04","modified_gmt":"2020-06-05T08:34:04","slug":"slawomir-zubrzycki-i-viola-organista-w-bukareszcie","status":"publish","type":"post","link":"https:\/\/instytutpolski.pl\/bucuresti\/pl\/2015\/11\/18\/slawomir-zubrzycki-i-viola-organista-w-bukareszcie\/","title":{"rendered":"S\u0142awomir Zubrzycki i viola organista w Bukareszcie"},"content":{"rendered":"\n<p><strong>Viola organista&nbsp;<\/strong>to instrument, kt\u00f3ry \u0142\u0105czy w sobie d\u017awi\u0119k w\u0142a\u015bciwe instrumentom klawiszowym, jak i smyczkowym, zaprojektowany przez Leonardo da Vinci. Egzemplarz wykonany przez S\u0142awomira Zubrzyckiego jest jedyny na \u015bwiecie. Jego histori\u0119 mo\u017cna przeczyta\u0107<a href=\"http:\/\/polska.pl\/kultura-i-sztuka\/muzyka\/polak-odtworzyl-instrument-leonardo-da-vinci\/\" target=\"_blank\" rel=\"noreferrer noopener\">&nbsp;na portalu polska.pl.<\/a><\/p>\n\n\n\n<p>Zapraszamy na koncert, podczas kt\u00f3rego b\u0119dzie mo\u017cna us\u0142ysze\u0107 niepowtarzalne d\u017awi\u0119ki, o niespotykanych barwach, przypominaj\u0105ce rzadko ju\u017c dzi\u015b u\u017cywane instrumenty z rodziny viola da gamba.<\/p>\n\n\n\n<p>W programie utwory Johanna Sebastiana Bacha i Marina Marais<\/p>\n\n\n\n<p><strong>S\u0142awomir Zubrzycki&nbsp;<\/strong>&#8211; pianista, klawikordzista, klawiolinista, kompozytor oraz konstruktor instrument\u00f3w urodzony w Krakowie i przez wi\u0119kszo\u015b\u0107 swojego \u017cycia zwi\u0105zany z tym miastem. W Krakowie uko\u0144czy\u0142 Akademi\u0119 Muzyczn\u0105 (1988) &#8211; gdzie studiowa\u0142 w klasie fortepianu prof. Tadeusza \u017bmudzi\u0144skiego oraz w klasie muzyki wsp\u00f3\u0142czesnej prof. Adama Kaczy\u0144skiego. Jako stypendysta Fundacji Fulbrighta sw\u00f3j warsztat pianistyczny doskonali\u0142 w The Boston Conservatory of Music (1990-91) w Stanach Zjednoczonych pod kierunkiem Janice Weber, a tak\u017ce u Wiktora Mier\u017canowa, W\u0142odzimierza Obidowicza, Michaela Lewina i Jerome Lowenthala oraz u klawesynisty, Johanna Sonnleitnera. Koncertowa\u0142 jako solista (m.in. z Orkiestr\u0105 Polskiego Radia w Krakowie, Orkiestr\u0105 Filharmonii Krakowskiej, Capell\u0105 Cracoviensis, Toru\u0144sk\u0105 Orkiestr\u0105 Kameraln\u0105, Imperial College London Sinfonietta) oraz jako kameralista (z Kwartetem Olgi Szwajgier, kt\u00f3rego jest cz\u0142onkiem, a tak\u017ce z Gwendolin Bradley, Jadwig\u0105 Gadulank\u0105, Andrzejem Hiolskim) w Stanach Zjednoczonych, Niemczech, Austrii, Hiszpanii, Wielkiej Brytanii i na Ukrainie. Nagrywa\u0142 dla Polskich Nagra\u0144, TVP, Polskiego Radia. Bra\u0142 udzia\u0142 w wielu festiwalach, takich jak: Pozna\u0144ska Wiosna Muzyczna, Muzyka w Starym Krakowie, Audio-Art w Krakowie, Fest der Kontinente w Berlinie, Visiting Artist Series w Berklee College of Music w Bostonie, Kolory Polski, Skrzy\u017cowanie Kultur, Turning Sounds w Kolonii i Warszawie, oraz Festiwal Teatralny w Edynburgu. Specjalizuje si\u0119 w wykonywaniu muzyki wsp\u00f3\u0142czesnej, od dodekafonii po teatr instrumentalny, improwizacj\u0119 i performance. By\u0142 wyk\u0142adowc\u0105 Letniej Akademii Muzyki Wsp\u00f3\u0142czesnej &#8211; Avantgarde Tirol w Austrii (2005, 2007). Prowadzi klas\u0119 fortepianu w Pa\u0144stwowej Og\u00f3lnokszta\u0142c\u0105cej Szkole Muzycznej im. Fryderyka Chopina w Krakowie.<\/p>\n\n\n\n<p>Premierowe recitale violi organista (w Krakowie na Mi\u0119dzynarodowym Festiwalu Pianistycznym Kr\u00f3lewskiego Miasta Krakowa &#8211; 18. pa\u017adziernika 2013 i Festiwalu Conrada &#8211; 21. pa\u017adziernika 2013) by\u0142y ogromnym sukcesem artystycznym i medialnym. Materia\u0142 filmowy z pierwszego koncertu violi obejrza\u0142o w serwisie Youtube ponad 2 mln os\u00f3b. W roku 2014 w ramach europejskiego tournee violi organista S\u0142awomir Zubrzycki wystapi\u0142 z recitalami m. in. na Stockholm Early Music Festival, Mantta Music Festival, Ghent festival of Flanders, Wratislavia Cantans, Copernicus Festival, Kotor Art Festival, Musica Anima, Almo Collegio Borromeo Concerts, Five O&#8217;clock &#8211; Polskie Radio Pr. 2, oraz Polish Music Days w Turcji.<\/p>\n\n\n\n<p>Bilety na koncert mo\u017cna kupi\u0107 w sieci Eventim w sklepach Germanos, Orange, Vodafone, Domo, ksi\u0119garniach C\u0103rture\u0219ti, Humanitas oraz online, na stronie&nbsp;<a href=\"http:\/\/www.eventim.ro\/ro\/bilete\/festivalul-de-muzica-veche-bucuresti-palatul-bragadiru-823761\/performance.html\" target=\"_blank\" rel=\"noreferrer noopener\">www.eventim.ro<\/a><\/p>\n","protected":false},"excerpt":{"rendered":"<p>Viola organista&nbsp;to instrument, kt\u00f3ry \u0142\u0105czy w sobie d\u017awi\u0119k w\u0142a\u015bciwe instrumentom klawiszowym, jak i smyczkowym, zaprojektowany przez Leonardo da Vinci. Egzemplarz wykonany przez S\u0142awomira Zubrzyckiego jest jedyny na \u015bwiecie. Jego histori\u0119 mo\u017cna przeczyta\u0107&nbsp;na portalu polska.pl. Zapraszamy na koncert, podczas kt\u00f3rego b\u0119dzie mo\u017cna us\u0142ysze\u0107 niepowtarzalne d\u017awi\u0119ki, o niespotykanych barwach, przypominaj\u0105ce rzadko ju\u017c dzi\u015b u\u017cywane instrumenty z rodziny [&hellip;]<\/p>\n","protected":false},"author":41,"featured_media":4047,"comment_status":"open","ping_status":"open","sticky":false,"template":"","format":"standard","meta":{"inline_featured_image":false,"_monsterinsights_skip_tracking":false,"_monsterinsights_sitenote_active":false,"_monsterinsights_sitenote_note":"","_monsterinsights_sitenote_category":0,"footnotes":""},"categories":[125,96],"tags":[],"class_list":["post-4050","post","type-post","status-publish","format-standard","has-post-thumbnail","hentry","category-muzyka","category-wydarzenia"],"yoast_head":"<!-- This site is optimized with the Yoast SEO plugin v24.6 - https:\/\/yoast.com\/wordpress\/plugins\/seo\/ -->\n<title>S\u0142awomir Zubrzycki i viola organista w Bukareszcie - Instytut Polski w Bukareszcie<\/title>\n<meta name=\"robots\" content=\"index, follow, max-snippet:-1, max-image-preview:large, max-video-preview:-1\" \/>\n<link rel=\"canonical\" href=\"https:\/\/instytutpolski.pl\/bucuresti\/pl\/2015\/11\/18\/slawomir-zubrzycki-i-viola-organista-w-bukareszcie\/\" \/>\n<meta property=\"og:locale\" content=\"pl_PL\" \/>\n<meta property=\"og:type\" content=\"article\" \/>\n<meta property=\"og:title\" content=\"S\u0142awomir Zubrzycki i viola organista w Bukareszcie - Instytut Polski w Bukareszcie\" \/>\n<meta property=\"og:description\" content=\"Viola organista&nbsp;to instrument, kt\u00f3ry \u0142\u0105czy w sobie d\u017awi\u0119k w\u0142a\u015bciwe instrumentom klawiszowym, jak i smyczkowym, zaprojektowany przez Leonardo da Vinci. Egzemplarz wykonany przez S\u0142awomira Zubrzyckiego jest jedyny na \u015bwiecie. Jego histori\u0119 mo\u017cna przeczyta\u0107&nbsp;na portalu polska.pl. Zapraszamy na koncert, podczas kt\u00f3rego b\u0119dzie mo\u017cna us\u0142ysze\u0107 niepowtarzalne d\u017awi\u0119ki, o niespotykanych barwach, przypominaj\u0105ce rzadko ju\u017c dzi\u015b u\u017cywane instrumenty z rodziny [&hellip;]\" \/>\n<meta property=\"og:url\" content=\"https:\/\/instytutpolski.pl\/bucuresti\/pl\/2015\/11\/18\/slawomir-zubrzycki-i-viola-organista-w-bukareszcie\/\" \/>\n<meta property=\"og:site_name\" content=\"Instytut Polski w Bukareszcie\" \/>\n<meta property=\"article:published_time\" content=\"2015-11-18T09:21:00+00:00\" \/>\n<meta property=\"article:modified_time\" content=\"2020-06-05T08:34:04+00:00\" \/>\n<meta property=\"og:image\" content=\"https:\/\/instytutpolski.pl\/bucuresti\/wp-content\/uploads\/sites\/11\/2020\/06\/instrumentul-lui-leonardo-da-vinci-la-bucuresti.jpg\" \/>\n\t<meta property=\"og:image:width\" content=\"660\" \/>\n\t<meta property=\"og:image:height\" content=\"441\" \/>\n\t<meta property=\"og:image:type\" content=\"image\/jpeg\" \/>\n<meta name=\"author\" content=\"mirelal\" \/>\n<meta name=\"twitter:card\" content=\"summary_large_image\" \/>\n<meta name=\"twitter:label1\" content=\"Napisane przez\" \/>\n\t<meta name=\"twitter:data1\" content=\"mirelal\" \/>\n\t<meta name=\"twitter:label2\" content=\"Szacowany czas czytania\" \/>\n\t<meta name=\"twitter:data2\" content=\"2 minuty\" \/>\n<script type=\"application\/ld+json\" class=\"yoast-schema-graph\">{\"@context\":\"https:\/\/schema.org\",\"@graph\":[{\"@type\":\"event\",\"@id\":\"https:\/\/instytutpolski.pl\/bucuresti\/pl\/2015\/11\/18\/slawomir-zubrzycki-i-viola-organista-w-bukareszcie\/\",\"url\":\"https:\/\/instytutpolski.pl\/bucuresti\/pl\/2015\/11\/18\/slawomir-zubrzycki-i-viola-organista-w-bukareszcie\/\",\"name\":\"S\u0142awomir Zubrzycki i viola organista w Bukareszcie\",\"isPartOf\":{\"@id\":\"https:\/\/instytutpolski.pl\/bucuresti\/#website\"},\"primaryImageOfPage\":{\"@id\":\"https:\/\/instytutpolski.pl\/bucuresti\/pl\/2015\/11\/18\/slawomir-zubrzycki-i-viola-organista-w-bukareszcie\/#primaryimage\"},\"image\":[\"https:\/\/instytutpolski.pl\/bucuresti\/wp-content\/uploads\/sites\/11\/2020\/06\/instrumentul-lui-leonardo-da-vinci-la-bucuresti.jpg\",\"https:\/\/instytutpolski.pl\/bucuresti\/wp-content\/uploads\/sites\/11\/2020\/06\/instrumentul-lui-leonardo-da-vinci-la-bucuresti-300x200.jpg\",\"https:\/\/instytutpolski.pl\/bucuresti\/wp-content\/uploads\/sites\/11\/2020\/06\/instrumentul-lui-leonardo-da-vinci-la-bucuresti.jpg\",\"https:\/\/instytutpolski.pl\/bucuresti\/wp-content\/uploads\/sites\/11\/2020\/06\/instrumentul-lui-leonardo-da-vinci-la-bucuresti.jpg\"],\"thumbnailUrl\":\"https:\/\/instytutpolski.pl\/bucuresti\/wp-content\/uploads\/sites\/11\/2020\/06\/instrumentul-lui-leonardo-da-vinci-la-bucuresti.jpg\",\"datePublished\":\"2015-11-18T09:21:00+02:00\",\"dateModified\":\"2020-06-05T08:34:04+02:00\",\"author\":{\"@id\":\"https:\/\/instytutpolski.pl\/bucuresti\/#\/schema\/person\/36eba23bd65c4ed8774deeb285a19272\"},\"breadcrumb\":{\"@id\":\"https:\/\/instytutpolski.pl\/bucuresti\/pl\/2015\/11\/18\/slawomir-zubrzycki-i-viola-organista-w-bukareszcie\/#breadcrumb\"},\"inLanguage\":\"pl-PL\",\"potentialAction\":[{\"@type\":\"ReadAction\",\"target\":[\"https:\/\/instytutpolski.pl\/bucuresti\/pl\/2015\/11\/18\/slawomir-zubrzycki-i-viola-organista-w-bukareszcie\/\"]}],\"@context\":\"https:\/\/schema.org\",\"startDate\":\"2015-11-24\",\"endDate\":\"2015-11-24\",\"eventStatus\":\"EventScheduled\",\"eventAttendanceMode\":\"OfflineEventAttendanceMode\",\"location\":{\"@type\":\"place\",\"name\":\"\",\"address\":\"\",\"geo\":{\"@type\":\"GeoCoordinates\",\"latitude\":\"\",\"longitude\":\"\"}},\"description\":\"Viola organista to instrument, kt\u00f3ry \u0142\u0105czy w sobie d\u017awi\u0119k w\u0142a\u015bciwe instrumentom klawiszowym, jak i smyczkowym, zaprojektowany przez Leonardo da Vinci. Egzemplarz wykonany przez S\u0142awomira Zubrzyckiego jest jedyny na \u015bwiecie. Jego histori\u0119 mo\u017cna przeczyta\u0107 na portalu polska.pl.\\nZapraszamy na koncert, podczas kt\u00f3rego b\u0119dzie mo\u017cna us\u0142ysze\u0107 niepowtarzalne d\u017awi\u0119ki, o niespotykanych barwach, przypominaj\u0105ce rzadko ju\u017c dzi\u015b u\u017cywane instrumenty z rodziny viola da gamba.\\nW programie utwory Johanna Sebastiana Bacha i Marina Marais\\nS\u0142awomir Zubrzycki - pianista, klawikordzista, klawiolinista, kompozytor oraz konstruktor instrument\u00f3w urodzony w Krakowie i przez wi\u0119kszo\u015b\u0107 swojego \u017cycia zwi\u0105zany z tym miastem. W Krakowie uko\u0144czy\u0142 Akademi\u0119 Muzyczn\u0105 (1988) - gdzie studiowa\u0142 w klasie fortepianu prof. Tadeusza \u017bmudzi\u0144skiego oraz w klasie muzyki wsp\u00f3\u0142czesnej prof. Adama Kaczy\u0144skiego. Jako stypendysta Fundacji Fulbrighta sw\u00f3j warsztat pianistyczny doskonali\u0142 w The Boston Conservatory of Music (1990-91) w Stanach Zjednoczonych pod kierunkiem Janice Weber, a tak\u017ce u Wiktora Mier\u017canowa, W\u0142odzimierza Obidowicza, Michaela Lewina i Jerome Lowenthala oraz u klawesynisty, Johanna Sonnleitnera. Koncertowa\u0142 jako solista (m.in. z Orkiestr\u0105 Polskiego Radia w Krakowie, Orkiestr\u0105 Filharmonii Krakowskiej, Capell\u0105 Cracoviensis, Toru\u0144sk\u0105 Orkiestr\u0105 Kameraln\u0105, Imperial College London Sinfonietta) oraz jako kameralista (z Kwartetem Olgi Szwajgier, kt\u00f3rego jest cz\u0142onkiem, a tak\u017ce z Gwendolin Bradley, Jadwig\u0105 Gadulank\u0105, Andrzejem Hiolskim) w Stanach Zjednoczonych, Niemczech, Austrii, Hiszpanii, Wielkiej Brytanii i na Ukrainie. Nagrywa\u0142 dla Polskich Nagra\u0144, TVP, Polskiego Radia. Bra\u0142 udzia\u0142 w wielu festiwalach, takich jak: Pozna\u0144ska Wiosna Muzyczna, Muzyka w Starym Krakowie, Audio-Art w Krakowie, Fest der Kontinente w Berlinie, Visiting Artist Series w Berklee College of Music w Bostonie, Kolory Polski, Skrzy\u017cowanie Kultur, Turning Sounds w Kolonii i Warszawie, oraz Festiwal Teatralny w Edynburgu. Specjalizuje si\u0119 w wykonywaniu muzyki wsp\u00f3\u0142czesnej, od dodekafonii po teatr instrumentalny, improwizacj\u0119 i performance. By\u0142 wyk\u0142adowc\u0105 Letniej Akademii Muzyki Wsp\u00f3\u0142czesnej - Avantgarde Tirol w Austrii (2005, 2007). Prowadzi klas\u0119 fortepianu w Pa\u0144stwowej Og\u00f3lnokszta\u0142c\u0105cej Szkole Muzycznej im. Fryderyka Chopina w Krakowie.\\nPremierowe recitale violi organista (w Krakowie na Mi\u0119dzynarodowym Festiwalu Pianistycznym Kr\u00f3lewskiego Miasta Krakowa - 18. pa\u017adziernika 2013 i Festiwalu Conrada - 21. pa\u017adziernika 2013) by\u0142y ogromnym sukcesem artystycznym i medialnym. Materia\u0142 filmowy z pierwszego koncertu violi obejrza\u0142o w serwisie Youtube ponad 2 mln os\u00f3b. W roku 2014 w ramach europejskiego tournee violi organista S\u0142awomir Zubrzycki wystapi\u0142 z recitalami m. in. na Stockholm Early Music Festival, Mantta Music Festival, Ghent festival of Flanders, Wratislavia Cantans, Copernicus Festival, Kotor Art Festival, Musica Anima, Almo Collegio Borromeo Concerts, Five O'clock - Polskie Radio Pr. 2, oraz Polish Music Days w Turcji.\\nBilety na koncert mo\u017cna kupi\u0107 w sieci Eventim w sklepach Germanos, Orange, Vodafone, Domo, ksi\u0119garniach C\u0103rture\u0219ti, Humanitas oraz online, na stronie www.eventim.ro\"},{\"@type\":\"ImageObject\",\"inLanguage\":\"pl-PL\",\"@id\":\"https:\/\/instytutpolski.pl\/bucuresti\/pl\/2015\/11\/18\/slawomir-zubrzycki-i-viola-organista-w-bukareszcie\/#primaryimage\",\"url\":\"https:\/\/instytutpolski.pl\/bucuresti\/wp-content\/uploads\/sites\/11\/2020\/06\/instrumentul-lui-leonardo-da-vinci-la-bucuresti.jpg\",\"contentUrl\":\"https:\/\/instytutpolski.pl\/bucuresti\/wp-content\/uploads\/sites\/11\/2020\/06\/instrumentul-lui-leonardo-da-vinci-la-bucuresti.jpg\",\"width\":660,\"height\":441,\"caption\":\"Foto: Mariusz Cieszewski\/www.polska.pl\"},{\"@type\":\"BreadcrumbList\",\"@id\":\"https:\/\/instytutpolski.pl\/bucuresti\/pl\/2015\/11\/18\/slawomir-zubrzycki-i-viola-organista-w-bukareszcie\/#breadcrumb\",\"itemListElement\":[{\"@type\":\"ListItem\",\"position\":1,\"name\":\"Home\",\"item\":\"https:\/\/instytutpolski.pl\/bucuresti\/\"},{\"@type\":\"ListItem\",\"position\":2,\"name\":\"S\u0142awomir Zubrzycki i viola organista w Bukareszcie\"}]},{\"@type\":\"WebSite\",\"@id\":\"https:\/\/instytutpolski.pl\/bucuresti\/#website\",\"url\":\"https:\/\/instytutpolski.pl\/bucuresti\/\",\"name\":\"Instytut Polski w Bukareszcie\",\"description\":\"Instytuty Polskie\",\"potentialAction\":[{\"@type\":\"SearchAction\",\"target\":{\"@type\":\"EntryPoint\",\"urlTemplate\":\"https:\/\/instytutpolski.pl\/bucuresti\/?s={search_term_string}\"},\"query-input\":{\"@type\":\"PropertyValueSpecification\",\"valueRequired\":true,\"valueName\":\"search_term_string\"}}],\"inLanguage\":\"pl-PL\"},{\"@type\":\"Person\",\"@id\":\"https:\/\/instytutpolski.pl\/bucuresti\/#\/schema\/person\/36eba23bd65c4ed8774deeb285a19272\",\"name\":\"mirelal\",\"image\":{\"@type\":\"ImageObject\",\"inLanguage\":\"pl-PL\",\"@id\":\"https:\/\/instytutpolski.pl\/bucuresti\/#\/schema\/person\/image\/\",\"url\":\"https:\/\/secure.gravatar.com\/avatar\/5838c7614d071fe473f8aeb2de72beb4?s=96&d=mm&r=g\",\"contentUrl\":\"https:\/\/secure.gravatar.com\/avatar\/5838c7614d071fe473f8aeb2de72beb4?s=96&d=mm&r=g\",\"caption\":\"mirelal\"},\"url\":\"https:\/\/instytutpolski.pl\/bucuresti\/author\/mirelal\/\"}]}<\/script>\n<!-- \/ Yoast SEO plugin. -->","yoast_head_json":{"title":"S\u0142awomir Zubrzycki i viola organista w Bukareszcie - Instytut Polski w Bukareszcie","robots":{"index":"index","follow":"follow","max-snippet":"max-snippet:-1","max-image-preview":"max-image-preview:large","max-video-preview":"max-video-preview:-1"},"canonical":"https:\/\/instytutpolski.pl\/bucuresti\/pl\/2015\/11\/18\/slawomir-zubrzycki-i-viola-organista-w-bukareszcie\/","og_locale":"pl_PL","og_type":"article","og_title":"S\u0142awomir Zubrzycki i viola organista w Bukareszcie - Instytut Polski w Bukareszcie","og_description":"Viola organista&nbsp;to instrument, kt\u00f3ry \u0142\u0105czy w sobie d\u017awi\u0119k w\u0142a\u015bciwe instrumentom klawiszowym, jak i smyczkowym, zaprojektowany przez Leonardo da Vinci. Egzemplarz wykonany przez S\u0142awomira Zubrzyckiego jest jedyny na \u015bwiecie. Jego histori\u0119 mo\u017cna przeczyta\u0107&nbsp;na portalu polska.pl. Zapraszamy na koncert, podczas kt\u00f3rego b\u0119dzie mo\u017cna us\u0142ysze\u0107 niepowtarzalne d\u017awi\u0119ki, o niespotykanych barwach, przypominaj\u0105ce rzadko ju\u017c dzi\u015b u\u017cywane instrumenty z rodziny [&hellip;]","og_url":"https:\/\/instytutpolski.pl\/bucuresti\/pl\/2015\/11\/18\/slawomir-zubrzycki-i-viola-organista-w-bukareszcie\/","og_site_name":"Instytut Polski w Bukareszcie","article_published_time":"2015-11-18T09:21:00+00:00","article_modified_time":"2020-06-05T08:34:04+00:00","og_image":[{"width":660,"height":441,"url":"https:\/\/instytutpolski.pl\/bucuresti\/wp-content\/uploads\/sites\/11\/2020\/06\/instrumentul-lui-leonardo-da-vinci-la-bucuresti.jpg","type":"image\/jpeg"}],"author":"mirelal","twitter_card":"summary_large_image","twitter_misc":{"Napisane przez":"mirelal","Szacowany czas czytania":"2 minuty"},"schema":{"@context":"https:\/\/schema.org","@graph":[{"@type":"event","@id":"https:\/\/instytutpolski.pl\/bucuresti\/pl\/2015\/11\/18\/slawomir-zubrzycki-i-viola-organista-w-bukareszcie\/","url":"https:\/\/instytutpolski.pl\/bucuresti\/pl\/2015\/11\/18\/slawomir-zubrzycki-i-viola-organista-w-bukareszcie\/","name":"S\u0142awomir Zubrzycki i viola organista w Bukareszcie","isPartOf":{"@id":"https:\/\/instytutpolski.pl\/bucuresti\/#website"},"primaryImageOfPage":{"@id":"https:\/\/instytutpolski.pl\/bucuresti\/pl\/2015\/11\/18\/slawomir-zubrzycki-i-viola-organista-w-bukareszcie\/#primaryimage"},"image":["https:\/\/instytutpolski.pl\/bucuresti\/wp-content\/uploads\/sites\/11\/2020\/06\/instrumentul-lui-leonardo-da-vinci-la-bucuresti.jpg","https:\/\/instytutpolski.pl\/bucuresti\/wp-content\/uploads\/sites\/11\/2020\/06\/instrumentul-lui-leonardo-da-vinci-la-bucuresti-300x200.jpg","https:\/\/instytutpolski.pl\/bucuresti\/wp-content\/uploads\/sites\/11\/2020\/06\/instrumentul-lui-leonardo-da-vinci-la-bucuresti.jpg","https:\/\/instytutpolski.pl\/bucuresti\/wp-content\/uploads\/sites\/11\/2020\/06\/instrumentul-lui-leonardo-da-vinci-la-bucuresti.jpg"],"thumbnailUrl":"https:\/\/instytutpolski.pl\/bucuresti\/wp-content\/uploads\/sites\/11\/2020\/06\/instrumentul-lui-leonardo-da-vinci-la-bucuresti.jpg","datePublished":"2015-11-18T09:21:00+02:00","dateModified":"2020-06-05T08:34:04+02:00","author":{"@id":"https:\/\/instytutpolski.pl\/bucuresti\/#\/schema\/person\/36eba23bd65c4ed8774deeb285a19272"},"breadcrumb":{"@id":"https:\/\/instytutpolski.pl\/bucuresti\/pl\/2015\/11\/18\/slawomir-zubrzycki-i-viola-organista-w-bukareszcie\/#breadcrumb"},"inLanguage":"pl-PL","potentialAction":[{"@type":"ReadAction","target":["https:\/\/instytutpolski.pl\/bucuresti\/pl\/2015\/11\/18\/slawomir-zubrzycki-i-viola-organista-w-bukareszcie\/"]}],"@context":"https:\/\/schema.org","startDate":"2015-11-24","endDate":"2015-11-24","eventStatus":"EventScheduled","eventAttendanceMode":"OfflineEventAttendanceMode","location":{"@type":"place","name":"","address":"","geo":{"@type":"GeoCoordinates","latitude":"","longitude":""}},"description":"Viola organista to instrument, kt\u00f3ry \u0142\u0105czy w sobie d\u017awi\u0119k w\u0142a\u015bciwe instrumentom klawiszowym, jak i smyczkowym, zaprojektowany przez Leonardo da Vinci. Egzemplarz wykonany przez S\u0142awomira Zubrzyckiego jest jedyny na \u015bwiecie. Jego histori\u0119 mo\u017cna przeczyta\u0107 na portalu polska.pl.\nZapraszamy na koncert, podczas kt\u00f3rego b\u0119dzie mo\u017cna us\u0142ysze\u0107 niepowtarzalne d\u017awi\u0119ki, o niespotykanych barwach, przypominaj\u0105ce rzadko ju\u017c dzi\u015b u\u017cywane instrumenty z rodziny viola da gamba.\nW programie utwory Johanna Sebastiana Bacha i Marina Marais\nS\u0142awomir Zubrzycki - pianista, klawikordzista, klawiolinista, kompozytor oraz konstruktor instrument\u00f3w urodzony w Krakowie i przez wi\u0119kszo\u015b\u0107 swojego \u017cycia zwi\u0105zany z tym miastem. W Krakowie uko\u0144czy\u0142 Akademi\u0119 Muzyczn\u0105 (1988) - gdzie studiowa\u0142 w klasie fortepianu prof. Tadeusza \u017bmudzi\u0144skiego oraz w klasie muzyki wsp\u00f3\u0142czesnej prof. Adama Kaczy\u0144skiego. Jako stypendysta Fundacji Fulbrighta sw\u00f3j warsztat pianistyczny doskonali\u0142 w The Boston Conservatory of Music (1990-91) w Stanach Zjednoczonych pod kierunkiem Janice Weber, a tak\u017ce u Wiktora Mier\u017canowa, W\u0142odzimierza Obidowicza, Michaela Lewina i Jerome Lowenthala oraz u klawesynisty, Johanna Sonnleitnera. Koncertowa\u0142 jako solista (m.in. z Orkiestr\u0105 Polskiego Radia w Krakowie, Orkiestr\u0105 Filharmonii Krakowskiej, Capell\u0105 Cracoviensis, Toru\u0144sk\u0105 Orkiestr\u0105 Kameraln\u0105, Imperial College London Sinfonietta) oraz jako kameralista (z Kwartetem Olgi Szwajgier, kt\u00f3rego jest cz\u0142onkiem, a tak\u017ce z Gwendolin Bradley, Jadwig\u0105 Gadulank\u0105, Andrzejem Hiolskim) w Stanach Zjednoczonych, Niemczech, Austrii, Hiszpanii, Wielkiej Brytanii i na Ukrainie. Nagrywa\u0142 dla Polskich Nagra\u0144, TVP, Polskiego Radia. Bra\u0142 udzia\u0142 w wielu festiwalach, takich jak: Pozna\u0144ska Wiosna Muzyczna, Muzyka w Starym Krakowie, Audio-Art w Krakowie, Fest der Kontinente w Berlinie, Visiting Artist Series w Berklee College of Music w Bostonie, Kolory Polski, Skrzy\u017cowanie Kultur, Turning Sounds w Kolonii i Warszawie, oraz Festiwal Teatralny w Edynburgu. Specjalizuje si\u0119 w wykonywaniu muzyki wsp\u00f3\u0142czesnej, od dodekafonii po teatr instrumentalny, improwizacj\u0119 i performance. By\u0142 wyk\u0142adowc\u0105 Letniej Akademii Muzyki Wsp\u00f3\u0142czesnej - Avantgarde Tirol w Austrii (2005, 2007). Prowadzi klas\u0119 fortepianu w Pa\u0144stwowej Og\u00f3lnokszta\u0142c\u0105cej Szkole Muzycznej im. Fryderyka Chopina w Krakowie.\nPremierowe recitale violi organista (w Krakowie na Mi\u0119dzynarodowym Festiwalu Pianistycznym Kr\u00f3lewskiego Miasta Krakowa - 18. pa\u017adziernika 2013 i Festiwalu Conrada - 21. pa\u017adziernika 2013) by\u0142y ogromnym sukcesem artystycznym i medialnym. Materia\u0142 filmowy z pierwszego koncertu violi obejrza\u0142o w serwisie Youtube ponad 2 mln os\u00f3b. W roku 2014 w ramach europejskiego tournee violi organista S\u0142awomir Zubrzycki wystapi\u0142 z recitalami m. in. na Stockholm Early Music Festival, Mantta Music Festival, Ghent festival of Flanders, Wratislavia Cantans, Copernicus Festival, Kotor Art Festival, Musica Anima, Almo Collegio Borromeo Concerts, Five O'clock - Polskie Radio Pr. 2, oraz Polish Music Days w Turcji.\nBilety na koncert mo\u017cna kupi\u0107 w sieci Eventim w sklepach Germanos, Orange, Vodafone, Domo, ksi\u0119garniach C\u0103rture\u0219ti, Humanitas oraz online, na stronie www.eventim.ro"},{"@type":"ImageObject","inLanguage":"pl-PL","@id":"https:\/\/instytutpolski.pl\/bucuresti\/pl\/2015\/11\/18\/slawomir-zubrzycki-i-viola-organista-w-bukareszcie\/#primaryimage","url":"https:\/\/instytutpolski.pl\/bucuresti\/wp-content\/uploads\/sites\/11\/2020\/06\/instrumentul-lui-leonardo-da-vinci-la-bucuresti.jpg","contentUrl":"https:\/\/instytutpolski.pl\/bucuresti\/wp-content\/uploads\/sites\/11\/2020\/06\/instrumentul-lui-leonardo-da-vinci-la-bucuresti.jpg","width":660,"height":441,"caption":"Foto: Mariusz Cieszewski\/www.polska.pl"},{"@type":"BreadcrumbList","@id":"https:\/\/instytutpolski.pl\/bucuresti\/pl\/2015\/11\/18\/slawomir-zubrzycki-i-viola-organista-w-bukareszcie\/#breadcrumb","itemListElement":[{"@type":"ListItem","position":1,"name":"Home","item":"https:\/\/instytutpolski.pl\/bucuresti\/"},{"@type":"ListItem","position":2,"name":"S\u0142awomir Zubrzycki i viola organista w Bukareszcie"}]},{"@type":"WebSite","@id":"https:\/\/instytutpolski.pl\/bucuresti\/#website","url":"https:\/\/instytutpolski.pl\/bucuresti\/","name":"Instytut Polski w Bukareszcie","description":"Instytuty Polskie","potentialAction":[{"@type":"SearchAction","target":{"@type":"EntryPoint","urlTemplate":"https:\/\/instytutpolski.pl\/bucuresti\/?s={search_term_string}"},"query-input":{"@type":"PropertyValueSpecification","valueRequired":true,"valueName":"search_term_string"}}],"inLanguage":"pl-PL"},{"@type":"Person","@id":"https:\/\/instytutpolski.pl\/bucuresti\/#\/schema\/person\/36eba23bd65c4ed8774deeb285a19272","name":"mirelal","image":{"@type":"ImageObject","inLanguage":"pl-PL","@id":"https:\/\/instytutpolski.pl\/bucuresti\/#\/schema\/person\/image\/","url":"https:\/\/secure.gravatar.com\/avatar\/5838c7614d071fe473f8aeb2de72beb4?s=96&d=mm&r=g","contentUrl":"https:\/\/secure.gravatar.com\/avatar\/5838c7614d071fe473f8aeb2de72beb4?s=96&d=mm&r=g","caption":"mirelal"},"url":"https:\/\/instytutpolski.pl\/bucuresti\/author\/mirelal\/"}]}},"_links":{"self":[{"href":"https:\/\/instytutpolski.pl\/bucuresti\/wp-json\/wp\/v2\/posts\/4050","targetHints":{"allow":["GET"]}}],"collection":[{"href":"https:\/\/instytutpolski.pl\/bucuresti\/wp-json\/wp\/v2\/posts"}],"about":[{"href":"https:\/\/instytutpolski.pl\/bucuresti\/wp-json\/wp\/v2\/types\/post"}],"author":[{"embeddable":true,"href":"https:\/\/instytutpolski.pl\/bucuresti\/wp-json\/wp\/v2\/users\/41"}],"replies":[{"embeddable":true,"href":"https:\/\/instytutpolski.pl\/bucuresti\/wp-json\/wp\/v2\/comments?post=4050"}],"version-history":[{"count":2,"href":"https:\/\/instytutpolski.pl\/bucuresti\/wp-json\/wp\/v2\/posts\/4050\/revisions"}],"predecessor-version":[{"id":4052,"href":"https:\/\/instytutpolski.pl\/bucuresti\/wp-json\/wp\/v2\/posts\/4050\/revisions\/4052"}],"wp:featuredmedia":[{"embeddable":true,"href":"https:\/\/instytutpolski.pl\/bucuresti\/wp-json\/wp\/v2\/media\/4047"}],"wp:attachment":[{"href":"https:\/\/instytutpolski.pl\/bucuresti\/wp-json\/wp\/v2\/media?parent=4050"}],"wp:term":[{"taxonomy":"category","embeddable":true,"href":"https:\/\/instytutpolski.pl\/bucuresti\/wp-json\/wp\/v2\/categories?post=4050"},{"taxonomy":"post_tag","embeddable":true,"href":"https:\/\/instytutpolski.pl\/bucuresti\/wp-json\/wp\/v2\/tags?post=4050"}],"curies":[{"name":"wp","href":"https:\/\/api.w.org\/{rel}","templated":true}]}}