{"id":4081,"date":"2015-10-29T10:51:00","date_gmt":"2015-10-29T09:51:00","guid":{"rendered":"https:\/\/instytutpolski.pl\/bucuresti\/?p=4081"},"modified":"2020-06-05T10:55:55","modified_gmt":"2020-06-05T08:55:55","slug":"jaroslaw-nadrzycki-koncerty-w-bukareszcie","status":"publish","type":"post","link":"https:\/\/instytutpolski.pl\/bucuresti\/pl\/2015\/10\/29\/jaroslaw-nadrzycki-koncerty-w-bukareszcie\/","title":{"rendered":"Jaros\u0142aw Nadrzycki &#8211; koncerty w Bukareszcie"},"content":{"rendered":"\n<p><a href=\"http:\/\/fge.org.ro\/ro\/component\/jevents\/icalrepeat.detail\/2015\/11\/03\/1376\/-\/MzNiMTlhM2M3YmRjNTc2Yjg3ZDIyNDNmODM2YjA4Zjk=\/recital-cameral.html\" target=\"_blank\" rel=\"noreferrer noopener\"><strong>Recital kameralny&nbsp;<\/strong><\/a>wtorek, 3 listopada 2015, 19:00 &#8211; 21:00<\/p>\n\n\n\n<p>Du\u017ca Sala Ateneum Rumu\u0144skiego<\/p>\n\n\n\n<p>JAROS\u0141AW NADRZYCKI &#8211; skrzypce<br>TOMA POPOVICI &#8211; fortepian<\/p>\n\n\n\n<p>Program:<\/p>\n\n\n\n<p><strong>Johannes Brahms<\/strong>&nbsp;&#8211; I Sonata G-dur, op. 78<br><strong>Henryk Wieniawski<\/strong>&nbsp;&#8211;&nbsp;Fantazja Faust, op. 20<br><strong>Giuseppe Tartini<\/strong>&nbsp;&#8211;&nbsp;Sonata Diabelski tryl<br><strong>Serghei Prokofiev<\/strong>&nbsp;&#8211; II Sonata C-dur, op. 94b<\/p>\n\n\n\n<p><strong><a href=\"http:\/\/fge.org.ro\/ro\/component\/jevents\/icalrepeat.detail\/2015\/11\/05\/1357\/-\/YjM1NWI0ZmNjODNlYmE3Mjk5YjI4MWMxNDBlNTE2YzI=\/concert-simfonic.html\" target=\"_blank\" rel=\"noreferrer noopener\">Koncerty symfoniczne&nbsp;<\/a><\/strong>czwartek, 5.11. i pi\u0105tek, 6.11., godz. 19<\/p>\n\n\n\n<p>Du\u017ca Sala Ateneum Rumu\u0144skiego<br>Orkiestra Symfoniczna Fihlarmonii im. George Enescu<\/p>\n\n\n\n<p>Dyrygent THEO WOLTERS<br>Solista JAROS\u0141AW NADRZYCKI<\/p>\n\n\n\n<p>Program:&nbsp;<br><strong>Johan Wagenaar<\/strong>&nbsp;&#8211;&nbsp;Uwertura &#8222;Cyrano de Bergerac&#8221;<br><strong>Henryk Wieniawski&nbsp;<\/strong>&#8211; II Koncert na skrzypce i orkiestr\u0119<br><strong>Antonin Dvorak<\/strong>&nbsp;&#8211; VIII Symfonia<\/p>\n\n\n\n<p><strong>Jaros\u0142aw Nadrzycki&nbsp;<\/strong>urodzi\u0142 si\u0119 w 1984 roku w \u017baganiu. W wieku 12 lat zadebiutowa\u0142 wykonuj\u0105c Fantazj\u0119 \u201eCarmen\u201d P. Sarasatego z Orkiestr\u0105 Konserwatorium Moskiewskiego w Wielkiej Sali Konserwatorium im. P. Czajkowskiego w Moskwie. Jest absolwentem Akademii Muzycznej im. I.J. Paderewskiego w Poznaniu w klasie prof. Jadwigi Kaliszewskiej, a tak\u017ce absolwentem Uniwersytetu Mozarteum w Salzburgu w klasie prof. Igora Ozima oraz Royal Academy of Music w Londynie w klasie prof. Igora Petrushevskiego.<\/p>\n\n\n\n<p>Jaros\u0142aw Nadrzycki jest zwyci\u0119zc\u0105 wielu presti\u017cowych mi\u0119dzynarodowych konkurs\u00f3w skrzypcowych m.in. w Erewaniu \u2013 im. Arama Chaczaturiana, w Bukareszcie \u2013 im. G. Enescu, w Berlinie \u2013 im. Maxa Rostala, w Wilnie \u2013 im. J. Heifetza, w Varallo \u2013 \u201eValsesia Musica\u201d , oraz Haverhill Sinfonia Soloist Competition w Wielkiej Brytanii. By\u0142 r\u00f3wnie\u017c&nbsp; laureatem konkursu im. T. Vargi w Martigny (Szwajcaria), konkursu im. B. Brittena w Londynie i konkursu im. H. Wieniawskiego w Poznaniu.<\/p>\n\n\n\n<p>W 2010 roku Jaros\u0142aw Nadrzycki zadebiutowa\u0142 z&nbsp;<em>Simon Bolivar Orchestra of Venezuela<\/em>&nbsp;w Caracas u boku Maestro Krzysztofa Pendereckiego, wykonuj\u0105c jego II Koncert Skrzypcowy&nbsp;<em>Metamorphosen<\/em>. W 2013 roku, w ramach 17. Wielkanocnego Festiwalu im L. van Beethovena, Jaros\u0142aw Nadrzycki wykona\u0142 ponownie II Koncert skrzypcowy&nbsp; K. Pendereckiego na trzech koncertach (w Warszawie, w Krakowie i we Wroc\u0142awiu) wraz z&nbsp;<em>MDR Sinfonieorchester<\/em>&nbsp;pod batut\u0105 Kristjana J\u00e4rvi\u2019ego. &nbsp;W ostatnim czasie wyst\u0105pi\u0142 r\u00f3wnie\u017c z&nbsp;<em>London Philharmonic Orchestra<\/em>,&nbsp;<em>Royal Philharmonic Orchestra<\/em>,&nbsp;<em>Symphonisches&nbsp;Orchester Z\u00fcrich<\/em>,&nbsp;<em>Hamburger Philharmoniker<\/em>,<em>\u201eTransylvania\u201d State Philharmonic<\/em>,&nbsp;<em>George Enescu Philharmonic<\/em>,&nbsp;<em>State of Mexico Symphony Orchestra<\/em>,&nbsp;<em>Vilnius State Symphony Orchestra<\/em>,&nbsp;<em>Sinfonia Iuventus<\/em>,&nbsp;<em>State Youth Orchestra of Armenia<\/em>&nbsp;oraz Orkiestr\u0105 Kameraln\u0105 PR \u201e<em>Amadeus<\/em>\u201d, u boku takich artyst\u00f3w jak: Maxim Vengerov, Giancarlo Guerrero, Paul Goodwin, Sergey Smbatyan, Agnieszka Duczmal, Tadeusz Wojciechowski, Horia Andreescu, Enrique Batiz i Mark Fitz-Gerald. Wsp\u00f3\u0142pracowa\u0142 m.in. z&nbsp;<em>Northern Lights Music Festival<\/em>&nbsp;(Minnesota, USA),&nbsp;<em>Allegro Vivo<\/em>( Austria) i&nbsp;<em>Espressivo Summer Festival<\/em>&nbsp;(Czarnog\u00f3ra) gdzie prowadzi\u0142 kursy mistrzowskie.<\/p>\n\n\n\n<p>Przez wiele lat by\u0142 stypendyst\u0105 Krajowego Funduszu na Rzecz Dzieci oraz Ministerstwa Kultury i Dziedzictwa Narodowego. Otrzyma\u0142 te\u017c stypendium&nbsp; w ramach programu \u201eM\u0142oda Polska\u201d i stypendium im. Maxa Rostala.&nbsp;&nbsp; W 2001 roku zosta\u0142 laureatem Nagrody im. ks. Piotra Wawrzyniaka w kategorii \u201eNadzieja Wielkopolski\u201d oraz zosta\u0142 uhonorowany Medalem M\u0142odej Sztuki dziennika G\u0142os Wielkopolski w Poznaniu.<\/p>\n\n\n\n<p>Jaros\u0142aw Nadrzycki koncertowa\u0142 w wielu krajach Europy, w obu Amerykach i Korei P\u0142d. w takich salach, jak<em>Cadogan Hall<\/em>,&nbsp;<em>St. John\u2019s Smith Square<\/em>,&nbsp;<em>Menuhin Hall<\/em>, czy&nbsp;<em>Wigmore Hall<\/em>&nbsp;w Londynie,&nbsp;<em>Ateneum<\/em>&nbsp;w Bukareszcie, Filharmonia im A. Chaczaturiana w Erewaniu, Filharmonia w Bratys\u0142awie, Wielka Sala Konserwatorium w St. Petersburgu i w Moskwie. Wyst\u0105pi\u0142 r\u00f3wnie\u017c na Kremlu oraz w Ambasadach Rzeczypospolitej Polskiej w Moskwie i w Brukseli. Jego nagrania by\u0142y transmitowane przez wiele stacji radiowych i telewizyjnych w Europie m.in.&nbsp;<em>Mezzo<\/em>&nbsp;TV, BBC, TV ORF Austria, TV Montenegro, TVR Romania, TV Armenia.<\/p>\n\n\n\n<p>W 2011 roku dzi\u0119ki staraniom Towarzystwa im. Henryka Wieniawskiego W Poznaniu, nak\u0142adem firmy fonograficznej DUX ukaza\u0142a si\u0119 p\u0142yta nagrana przez artyst\u0119 wsp\u00f3lnie z pianist\u0105 Tadashi Imai z utworami Enescu, Prokofiewa, Tartiniego i Wieniawskiego. P\u0142yta zyska\u0142a znakomite recenzje w\u015br\u00f3d krytyk\u00f3w w Polsce oraz magazynu&nbsp;<em>The Strad<\/em>&nbsp;w Wielkiej Brytanii.<\/p>\n\n\n\n<p>W 2014 roku Jaros\u0142aw Nadrzycki do\u0142\u0105czy\u0142 do cenionego od wielu lat Meccore String Quartet, z kt\u00f3rym ma w planie tourn\u00e9e w USA oraz koncerty w&nbsp; wielu cenionych salach Europy takich, jak Wigmore Hall,&nbsp;<em>Auditorio Nacional de M\u00fasica<\/em>&nbsp;w Madrycie, czy&nbsp;<em>BOZAR<\/em>&nbsp;w Brukseli.&nbsp;<\/p>\n","protected":false},"excerpt":{"rendered":"<p>Recital kameralny&nbsp;wtorek, 3 listopada 2015, 19:00 &#8211; 21:00 Du\u017ca Sala Ateneum Rumu\u0144skiego JAROS\u0141AW NADRZYCKI &#8211; skrzypceTOMA POPOVICI &#8211; fortepian Program: Johannes Brahms&nbsp;&#8211; I Sonata G-dur, op. 78Henryk Wieniawski&nbsp;&#8211;&nbsp;Fantazja Faust, op. 20Giuseppe Tartini&nbsp;&#8211;&nbsp;Sonata Diabelski trylSerghei Prokofiev&nbsp;&#8211; II Sonata C-dur, op. 94b Koncerty symfoniczne&nbsp;czwartek, 5.11. i pi\u0105tek, 6.11., godz. 19 Du\u017ca Sala Ateneum Rumu\u0144skiegoOrkiestra Symfoniczna Fihlarmonii im. [&hellip;]<\/p>\n","protected":false},"author":41,"featured_media":4078,"comment_status":"open","ping_status":"open","sticky":false,"template":"","format":"standard","meta":{"inline_featured_image":false,"_monsterinsights_skip_tracking":false,"_monsterinsights_sitenote_active":false,"_monsterinsights_sitenote_note":"","_monsterinsights_sitenote_category":0,"footnotes":""},"categories":[125,96],"tags":[],"class_list":["post-4081","post","type-post","status-publish","format-standard","has-post-thumbnail","hentry","category-muzyka","category-wydarzenia"],"yoast_head":"<!-- This site is optimized with the Yoast SEO plugin v24.6 - https:\/\/yoast.com\/wordpress\/plugins\/seo\/ -->\n<title>Jaros\u0142aw Nadrzycki - koncerty w Bukareszcie - Instytut Polski w Bukareszcie<\/title>\n<meta name=\"robots\" content=\"index, follow, max-snippet:-1, max-image-preview:large, max-video-preview:-1\" \/>\n<link rel=\"canonical\" href=\"https:\/\/instytutpolski.pl\/bucuresti\/pl\/2015\/10\/29\/jaroslaw-nadrzycki-koncerty-w-bukareszcie\/\" \/>\n<meta property=\"og:locale\" content=\"pl_PL\" \/>\n<meta property=\"og:type\" content=\"article\" \/>\n<meta property=\"og:title\" content=\"Jaros\u0142aw Nadrzycki - koncerty w Bukareszcie - Instytut Polski w Bukareszcie\" \/>\n<meta property=\"og:description\" content=\"Recital kameralny&nbsp;wtorek, 3 listopada 2015, 19:00 &#8211; 21:00 Du\u017ca Sala Ateneum Rumu\u0144skiego JAROS\u0141AW NADRZYCKI &#8211; skrzypceTOMA POPOVICI &#8211; fortepian Program: Johannes Brahms&nbsp;&#8211; I Sonata G-dur, op. 78Henryk Wieniawski&nbsp;&#8211;&nbsp;Fantazja Faust, op. 20Giuseppe Tartini&nbsp;&#8211;&nbsp;Sonata Diabelski trylSerghei Prokofiev&nbsp;&#8211; II Sonata C-dur, op. 94b Koncerty symfoniczne&nbsp;czwartek, 5.11. i pi\u0105tek, 6.11., godz. 19 Du\u017ca Sala Ateneum Rumu\u0144skiegoOrkiestra Symfoniczna Fihlarmonii im. [&hellip;]\" \/>\n<meta property=\"og:url\" content=\"https:\/\/instytutpolski.pl\/bucuresti\/pl\/2015\/10\/29\/jaroslaw-nadrzycki-koncerty-w-bukareszcie\/\" \/>\n<meta property=\"og:site_name\" content=\"Instytut Polski w Bukareszcie\" \/>\n<meta property=\"article:published_time\" content=\"2015-10-29T09:51:00+00:00\" \/>\n<meta property=\"article:modified_time\" content=\"2020-06-05T08:55:55+00:00\" \/>\n<meta property=\"og:image\" content=\"https:\/\/instytutpolski.pl\/bucuresti\/wp-content\/uploads\/sites\/11\/2020\/06\/jaroslaw-nadrzycki-concerte-la-ateneul-roman.jpg\" \/>\n\t<meta property=\"og:image:width\" content=\"660\" \/>\n\t<meta property=\"og:image:height\" content=\"377\" \/>\n\t<meta property=\"og:image:type\" content=\"image\/jpeg\" \/>\n<meta name=\"author\" content=\"mirelal\" \/>\n<meta name=\"twitter:card\" content=\"summary_large_image\" \/>\n<meta name=\"twitter:label1\" content=\"Napisane przez\" \/>\n\t<meta name=\"twitter:data1\" content=\"mirelal\" \/>\n\t<meta name=\"twitter:label2\" content=\"Szacowany czas czytania\" \/>\n\t<meta name=\"twitter:data2\" content=\"4 minuty\" \/>\n<script type=\"application\/ld+json\" class=\"yoast-schema-graph\">{\"@context\":\"https:\/\/schema.org\",\"@graph\":[{\"@type\":\"event\",\"@id\":\"https:\/\/instytutpolski.pl\/bucuresti\/pl\/2015\/10\/29\/jaroslaw-nadrzycki-koncerty-w-bukareszcie\/\",\"url\":\"https:\/\/instytutpolski.pl\/bucuresti\/pl\/2015\/10\/29\/jaroslaw-nadrzycki-koncerty-w-bukareszcie\/\",\"name\":\"Jaros\u0142aw Nadrzycki - koncerty w Bukareszcie\",\"isPartOf\":{\"@id\":\"https:\/\/instytutpolski.pl\/bucuresti\/#website\"},\"primaryImageOfPage\":{\"@id\":\"https:\/\/instytutpolski.pl\/bucuresti\/pl\/2015\/10\/29\/jaroslaw-nadrzycki-koncerty-w-bukareszcie\/#primaryimage\"},\"image\":[\"https:\/\/instytutpolski.pl\/bucuresti\/wp-content\/uploads\/sites\/11\/2020\/06\/jaroslaw-nadrzycki-concerte-la-ateneul-roman.jpg\",\"https:\/\/instytutpolski.pl\/bucuresti\/wp-content\/uploads\/sites\/11\/2020\/06\/jaroslaw-nadrzycki-concerte-la-ateneul-roman-300x171.jpg\",\"https:\/\/instytutpolski.pl\/bucuresti\/wp-content\/uploads\/sites\/11\/2020\/06\/jaroslaw-nadrzycki-concerte-la-ateneul-roman.jpg\",\"https:\/\/instytutpolski.pl\/bucuresti\/wp-content\/uploads\/sites\/11\/2020\/06\/jaroslaw-nadrzycki-concerte-la-ateneul-roman.jpg\"],\"thumbnailUrl\":\"https:\/\/instytutpolski.pl\/bucuresti\/wp-content\/uploads\/sites\/11\/2020\/06\/jaroslaw-nadrzycki-concerte-la-ateneul-roman.jpg\",\"datePublished\":\"2015-10-29T09:51:00+02:00\",\"dateModified\":\"2020-06-05T08:55:55+02:00\",\"author\":{\"@id\":\"https:\/\/instytutpolski.pl\/bucuresti\/#\/schema\/person\/36eba23bd65c4ed8774deeb285a19272\"},\"breadcrumb\":{\"@id\":\"https:\/\/instytutpolski.pl\/bucuresti\/pl\/2015\/10\/29\/jaroslaw-nadrzycki-koncerty-w-bukareszcie\/#breadcrumb\"},\"inLanguage\":\"pl-PL\",\"potentialAction\":[{\"@type\":\"ReadAction\",\"target\":[\"https:\/\/instytutpolski.pl\/bucuresti\/pl\/2015\/10\/29\/jaroslaw-nadrzycki-koncerty-w-bukareszcie\/\"]}],\"@context\":\"https:\/\/schema.org\",\"startDate\":\"2015-11-03\",\"endDate\":\"2015-11-06\",\"eventStatus\":\"EventScheduled\",\"eventAttendanceMode\":\"OfflineEventAttendanceMode\",\"location\":{\"@type\":\"place\",\"name\":\"\",\"address\":\"\",\"geo\":{\"@type\":\"GeoCoordinates\",\"latitude\":\"\",\"longitude\":\"\"}},\"description\":\"Recital kameralny wtorek, 3 listopada 2015, 19:00 - 21:00\\nDu\u017ca Sala Ateneum Rumu\u0144skiego\\nJAROS\u0141AW NADRZYCKI - skrzypceTOMA POPOVICI - fortepian\\nProgram:\\nJohannes Brahms - I Sonata G-dur, op. 78Henryk Wieniawski - Fantazja Faust, op. 20Giuseppe Tartini - Sonata Diabelski trylSerghei Prokofiev - II Sonata C-dur, op. 94b\\nKoncerty symfoniczne czwartek, 5.11. i pi\u0105tek, 6.11., godz. 19\\nDu\u017ca Sala Ateneum Rumu\u0144skiegoOrkiestra Symfoniczna Fihlarmonii im. George Enescu\\nDyrygent THEO WOLTERSSolista JAROS\u0141AW NADRZYCKI\\nProgram: Johan Wagenaar - Uwertura \\\"Cyrano de Bergerac\\\"Henryk Wieniawski - II Koncert na skrzypce i orkiestr\u0119Antonin Dvorak - VIII Symfonia\\nJaros\u0142aw Nadrzycki urodzi\u0142 si\u0119 w 1984 roku w \u017baganiu. W wieku 12 lat zadebiutowa\u0142 wykonuj\u0105c Fantazj\u0119 \u201eCarmen\u201d P. Sarasatego z Orkiestr\u0105 Konserwatorium Moskiewskiego w Wielkiej Sali Konserwatorium im. P. Czajkowskiego w Moskwie. Jest absolwentem Akademii Muzycznej im. I.J. Paderewskiego w Poznaniu w klasie prof. Jadwigi Kaliszewskiej, a tak\u017ce absolwentem Uniwersytetu Mozarteum w Salzburgu w klasie prof. Igora Ozima oraz Royal Academy of Music w Londynie w klasie prof. Igora Petrushevskiego.\\nJaros\u0142aw Nadrzycki jest zwyci\u0119zc\u0105 wielu presti\u017cowych mi\u0119dzynarodowych konkurs\u00f3w skrzypcowych m.in. w Erewaniu \u2013 im. Arama Chaczaturiana, w Bukareszcie \u2013 im. G. Enescu, w Berlinie \u2013 im. Maxa Rostala, w Wilnie \u2013 im. J. Heifetza, w Varallo \u2013 \u201eValsesia Musica\u201d , oraz Haverhill Sinfonia Soloist Competition w Wielkiej Brytanii. By\u0142 r\u00f3wnie\u017c  laureatem konkursu im. T. Vargi w Martigny (Szwajcaria), konkursu im. B. Brittena w Londynie i konkursu im. H. Wieniawskiego w Poznaniu.\\nW 2010 roku Jaros\u0142aw Nadrzycki zadebiutowa\u0142 z Simon Bolivar Orchestra of Venezuela w Caracas u boku Maestro Krzysztofa Pendereckiego, wykonuj\u0105c jego II Koncert Skrzypcowy Metamorphosen. W 2013 roku, w ramach 17. Wielkanocnego Festiwalu im L. van Beethovena, Jaros\u0142aw Nadrzycki wykona\u0142 ponownie II Koncert skrzypcowy  K. Pendereckiego na trzech koncertach (w Warszawie, w Krakowie i we Wroc\u0142awiu) wraz z MDR Sinfonieorchester pod batut\u0105 Kristjana J\u00e4rvi\u2019ego.  W ostatnim czasie wyst\u0105pi\u0142 r\u00f3wnie\u017c z London Philharmonic Orchestra, Royal Philharmonic Orchestra, Symphonisches Orchester Z\u00fcrich, Hamburger Philharmoniker,\u201eTransylvania\u201d State Philharmonic, George Enescu Philharmonic, State of Mexico Symphony Orchestra, Vilnius State Symphony Orchestra, Sinfonia Iuventus, State Youth Orchestra of Armenia oraz Orkiestr\u0105 Kameraln\u0105 PR \u201eAmadeus\u201d, u boku takich artyst\u00f3w jak: Maxim Vengerov, Giancarlo Guerrero, Paul Goodwin, Sergey Smbatyan, Agnieszka Duczmal, Tadeusz Wojciechowski, Horia Andreescu, Enrique Batiz i Mark Fitz-Gerald. Wsp\u00f3\u0142pracowa\u0142 m.in. z Northern Lights Music Festival (Minnesota, USA), Allegro Vivo( Austria) i Espressivo Summer Festival (Czarnog\u00f3ra) gdzie prowadzi\u0142 kursy mistrzowskie.\\nPrzez wiele lat by\u0142 stypendyst\u0105 Krajowego Funduszu na Rzecz Dzieci oraz Ministerstwa Kultury i Dziedzictwa Narodowego. Otrzyma\u0142 te\u017c stypendium  w ramach programu \u201eM\u0142oda Polska\u201d i stypendium im. Maxa Rostala.   W 2001 roku zosta\u0142 laureatem Nagrody im. ks. Piotra Wawrzyniaka w kategorii \u201eNadzieja Wielkopolski\u201d oraz zosta\u0142 uhonorowany Medalem M\u0142odej Sztuki dziennika G\u0142os Wielkopolski w Poznaniu.\\nJaros\u0142aw Nadrzycki koncertowa\u0142 w wielu krajach Europy, w obu Amerykach i Korei P\u0142d. w takich salach, jakCadogan Hall, St. John\u2019s Smith Square, Menuhin Hall, czy Wigmore Hall w Londynie, Ateneum w Bukareszcie, Filharmonia im A. Chaczaturiana w Erewaniu, Filharmonia w Bratys\u0142awie, Wielka Sala Konserwatorium w St. Petersburgu i w Moskwie. Wyst\u0105pi\u0142 r\u00f3wnie\u017c na Kremlu oraz w Ambasadach Rzeczypospolitej Polskiej w Moskwie i w Brukseli. Jego nagrania by\u0142y transmitowane przez wiele stacji radiowych i telewizyjnych w Europie m.in. Mezzo TV, BBC, TV ORF Austria, TV Montenegro, TVR Romania, TV Armenia.\\nW 2011 roku dzi\u0119ki staraniom Towarzystwa im. Henryka Wieniawskiego W Poznaniu, nak\u0142adem firmy fonograficznej DUX ukaza\u0142a si\u0119 p\u0142yta nagrana przez artyst\u0119 wsp\u00f3lnie z pianist\u0105 Tadashi Imai z utworami Enescu, Prokofiewa, Tartiniego i Wieniawskiego. P\u0142yta zyska\u0142a znakomite recenzje w\u015br\u00f3d krytyk\u00f3w w Polsce oraz magazynu The Strad w Wielkiej Brytanii.\\nW 2014 roku Jaros\u0142aw Nadrzycki do\u0142\u0105czy\u0142 do cenionego od wielu lat Meccore String Quartet, z kt\u00f3rym ma w planie tourn\u00e9e w USA oraz koncerty w  wielu cenionych salach Europy takich, jak Wigmore Hall, Auditorio Nacional de M\u00fasica w Madrycie, czy BOZAR w Brukseli. \"},{\"@type\":\"ImageObject\",\"inLanguage\":\"pl-PL\",\"@id\":\"https:\/\/instytutpolski.pl\/bucuresti\/pl\/2015\/10\/29\/jaroslaw-nadrzycki-koncerty-w-bukareszcie\/#primaryimage\",\"url\":\"https:\/\/instytutpolski.pl\/bucuresti\/wp-content\/uploads\/sites\/11\/2020\/06\/jaroslaw-nadrzycki-concerte-la-ateneul-roman.jpg\",\"contentUrl\":\"https:\/\/instytutpolski.pl\/bucuresti\/wp-content\/uploads\/sites\/11\/2020\/06\/jaroslaw-nadrzycki-concerte-la-ateneul-roman.jpg\",\"width\":660,\"height\":377,\"caption\":\"Foto: Arek Berbecki\"},{\"@type\":\"BreadcrumbList\",\"@id\":\"https:\/\/instytutpolski.pl\/bucuresti\/pl\/2015\/10\/29\/jaroslaw-nadrzycki-koncerty-w-bukareszcie\/#breadcrumb\",\"itemListElement\":[{\"@type\":\"ListItem\",\"position\":1,\"name\":\"Home\",\"item\":\"https:\/\/instytutpolski.pl\/bucuresti\/\"},{\"@type\":\"ListItem\",\"position\":2,\"name\":\"Jaros\u0142aw Nadrzycki &#8211; koncerty w Bukareszcie\"}]},{\"@type\":\"WebSite\",\"@id\":\"https:\/\/instytutpolski.pl\/bucuresti\/#website\",\"url\":\"https:\/\/instytutpolski.pl\/bucuresti\/\",\"name\":\"Instytut Polski w Bukareszcie\",\"description\":\"Instytuty Polskie\",\"potentialAction\":[{\"@type\":\"SearchAction\",\"target\":{\"@type\":\"EntryPoint\",\"urlTemplate\":\"https:\/\/instytutpolski.pl\/bucuresti\/?s={search_term_string}\"},\"query-input\":{\"@type\":\"PropertyValueSpecification\",\"valueRequired\":true,\"valueName\":\"search_term_string\"}}],\"inLanguage\":\"pl-PL\"},{\"@type\":\"Person\",\"@id\":\"https:\/\/instytutpolski.pl\/bucuresti\/#\/schema\/person\/36eba23bd65c4ed8774deeb285a19272\",\"name\":\"mirelal\",\"image\":{\"@type\":\"ImageObject\",\"inLanguage\":\"pl-PL\",\"@id\":\"https:\/\/instytutpolski.pl\/bucuresti\/#\/schema\/person\/image\/\",\"url\":\"https:\/\/secure.gravatar.com\/avatar\/5838c7614d071fe473f8aeb2de72beb4?s=96&d=mm&r=g\",\"contentUrl\":\"https:\/\/secure.gravatar.com\/avatar\/5838c7614d071fe473f8aeb2de72beb4?s=96&d=mm&r=g\",\"caption\":\"mirelal\"},\"url\":\"https:\/\/instytutpolski.pl\/bucuresti\/author\/mirelal\/\"}]}<\/script>\n<!-- \/ Yoast SEO plugin. -->","yoast_head_json":{"title":"Jaros\u0142aw Nadrzycki - koncerty w Bukareszcie - Instytut Polski w Bukareszcie","robots":{"index":"index","follow":"follow","max-snippet":"max-snippet:-1","max-image-preview":"max-image-preview:large","max-video-preview":"max-video-preview:-1"},"canonical":"https:\/\/instytutpolski.pl\/bucuresti\/pl\/2015\/10\/29\/jaroslaw-nadrzycki-koncerty-w-bukareszcie\/","og_locale":"pl_PL","og_type":"article","og_title":"Jaros\u0142aw Nadrzycki - koncerty w Bukareszcie - Instytut Polski w Bukareszcie","og_description":"Recital kameralny&nbsp;wtorek, 3 listopada 2015, 19:00 &#8211; 21:00 Du\u017ca Sala Ateneum Rumu\u0144skiego JAROS\u0141AW NADRZYCKI &#8211; skrzypceTOMA POPOVICI &#8211; fortepian Program: Johannes Brahms&nbsp;&#8211; I Sonata G-dur, op. 78Henryk Wieniawski&nbsp;&#8211;&nbsp;Fantazja Faust, op. 20Giuseppe Tartini&nbsp;&#8211;&nbsp;Sonata Diabelski trylSerghei Prokofiev&nbsp;&#8211; II Sonata C-dur, op. 94b Koncerty symfoniczne&nbsp;czwartek, 5.11. i pi\u0105tek, 6.11., godz. 19 Du\u017ca Sala Ateneum Rumu\u0144skiegoOrkiestra Symfoniczna Fihlarmonii im. [&hellip;]","og_url":"https:\/\/instytutpolski.pl\/bucuresti\/pl\/2015\/10\/29\/jaroslaw-nadrzycki-koncerty-w-bukareszcie\/","og_site_name":"Instytut Polski w Bukareszcie","article_published_time":"2015-10-29T09:51:00+00:00","article_modified_time":"2020-06-05T08:55:55+00:00","og_image":[{"width":660,"height":377,"url":"https:\/\/instytutpolski.pl\/bucuresti\/wp-content\/uploads\/sites\/11\/2020\/06\/jaroslaw-nadrzycki-concerte-la-ateneul-roman.jpg","type":"image\/jpeg"}],"author":"mirelal","twitter_card":"summary_large_image","twitter_misc":{"Napisane przez":"mirelal","Szacowany czas czytania":"4 minuty"},"schema":{"@context":"https:\/\/schema.org","@graph":[{"@type":"event","@id":"https:\/\/instytutpolski.pl\/bucuresti\/pl\/2015\/10\/29\/jaroslaw-nadrzycki-koncerty-w-bukareszcie\/","url":"https:\/\/instytutpolski.pl\/bucuresti\/pl\/2015\/10\/29\/jaroslaw-nadrzycki-koncerty-w-bukareszcie\/","name":"Jaros\u0142aw Nadrzycki - koncerty w Bukareszcie","isPartOf":{"@id":"https:\/\/instytutpolski.pl\/bucuresti\/#website"},"primaryImageOfPage":{"@id":"https:\/\/instytutpolski.pl\/bucuresti\/pl\/2015\/10\/29\/jaroslaw-nadrzycki-koncerty-w-bukareszcie\/#primaryimage"},"image":["https:\/\/instytutpolski.pl\/bucuresti\/wp-content\/uploads\/sites\/11\/2020\/06\/jaroslaw-nadrzycki-concerte-la-ateneul-roman.jpg","https:\/\/instytutpolski.pl\/bucuresti\/wp-content\/uploads\/sites\/11\/2020\/06\/jaroslaw-nadrzycki-concerte-la-ateneul-roman-300x171.jpg","https:\/\/instytutpolski.pl\/bucuresti\/wp-content\/uploads\/sites\/11\/2020\/06\/jaroslaw-nadrzycki-concerte-la-ateneul-roman.jpg","https:\/\/instytutpolski.pl\/bucuresti\/wp-content\/uploads\/sites\/11\/2020\/06\/jaroslaw-nadrzycki-concerte-la-ateneul-roman.jpg"],"thumbnailUrl":"https:\/\/instytutpolski.pl\/bucuresti\/wp-content\/uploads\/sites\/11\/2020\/06\/jaroslaw-nadrzycki-concerte-la-ateneul-roman.jpg","datePublished":"2015-10-29T09:51:00+02:00","dateModified":"2020-06-05T08:55:55+02:00","author":{"@id":"https:\/\/instytutpolski.pl\/bucuresti\/#\/schema\/person\/36eba23bd65c4ed8774deeb285a19272"},"breadcrumb":{"@id":"https:\/\/instytutpolski.pl\/bucuresti\/pl\/2015\/10\/29\/jaroslaw-nadrzycki-koncerty-w-bukareszcie\/#breadcrumb"},"inLanguage":"pl-PL","potentialAction":[{"@type":"ReadAction","target":["https:\/\/instytutpolski.pl\/bucuresti\/pl\/2015\/10\/29\/jaroslaw-nadrzycki-koncerty-w-bukareszcie\/"]}],"@context":"https:\/\/schema.org","startDate":"2015-11-03","endDate":"2015-11-06","eventStatus":"EventScheduled","eventAttendanceMode":"OfflineEventAttendanceMode","location":{"@type":"place","name":"","address":"","geo":{"@type":"GeoCoordinates","latitude":"","longitude":""}},"description":"Recital kameralny wtorek, 3 listopada 2015, 19:00 - 21:00\nDu\u017ca Sala Ateneum Rumu\u0144skiego\nJAROS\u0141AW NADRZYCKI - skrzypceTOMA POPOVICI - fortepian\nProgram:\nJohannes Brahms - I Sonata G-dur, op. 78Henryk Wieniawski - Fantazja Faust, op. 20Giuseppe Tartini - Sonata Diabelski trylSerghei Prokofiev - II Sonata C-dur, op. 94b\nKoncerty symfoniczne czwartek, 5.11. i pi\u0105tek, 6.11., godz. 19\nDu\u017ca Sala Ateneum Rumu\u0144skiegoOrkiestra Symfoniczna Fihlarmonii im. George Enescu\nDyrygent THEO WOLTERSSolista JAROS\u0141AW NADRZYCKI\nProgram: Johan Wagenaar - Uwertura \"Cyrano de Bergerac\"Henryk Wieniawski - II Koncert na skrzypce i orkiestr\u0119Antonin Dvorak - VIII Symfonia\nJaros\u0142aw Nadrzycki urodzi\u0142 si\u0119 w 1984 roku w \u017baganiu. W wieku 12 lat zadebiutowa\u0142 wykonuj\u0105c Fantazj\u0119 \u201eCarmen\u201d P. Sarasatego z Orkiestr\u0105 Konserwatorium Moskiewskiego w Wielkiej Sali Konserwatorium im. P. Czajkowskiego w Moskwie. Jest absolwentem Akademii Muzycznej im. I.J. Paderewskiego w Poznaniu w klasie prof. Jadwigi Kaliszewskiej, a tak\u017ce absolwentem Uniwersytetu Mozarteum w Salzburgu w klasie prof. Igora Ozima oraz Royal Academy of Music w Londynie w klasie prof. Igora Petrushevskiego.\nJaros\u0142aw Nadrzycki jest zwyci\u0119zc\u0105 wielu presti\u017cowych mi\u0119dzynarodowych konkurs\u00f3w skrzypcowych m.in. w Erewaniu \u2013 im. Arama Chaczaturiana, w Bukareszcie \u2013 im. G. Enescu, w Berlinie \u2013 im. Maxa Rostala, w Wilnie \u2013 im. J. Heifetza, w Varallo \u2013 \u201eValsesia Musica\u201d , oraz Haverhill Sinfonia Soloist Competition w Wielkiej Brytanii. By\u0142 r\u00f3wnie\u017c  laureatem konkursu im. T. Vargi w Martigny (Szwajcaria), konkursu im. B. Brittena w Londynie i konkursu im. H. Wieniawskiego w Poznaniu.\nW 2010 roku Jaros\u0142aw Nadrzycki zadebiutowa\u0142 z Simon Bolivar Orchestra of Venezuela w Caracas u boku Maestro Krzysztofa Pendereckiego, wykonuj\u0105c jego II Koncert Skrzypcowy Metamorphosen. W 2013 roku, w ramach 17. Wielkanocnego Festiwalu im L. van Beethovena, Jaros\u0142aw Nadrzycki wykona\u0142 ponownie II Koncert skrzypcowy  K. Pendereckiego na trzech koncertach (w Warszawie, w Krakowie i we Wroc\u0142awiu) wraz z MDR Sinfonieorchester pod batut\u0105 Kristjana J\u00e4rvi\u2019ego.  W ostatnim czasie wyst\u0105pi\u0142 r\u00f3wnie\u017c z London Philharmonic Orchestra, Royal Philharmonic Orchestra, Symphonisches Orchester Z\u00fcrich, Hamburger Philharmoniker,\u201eTransylvania\u201d State Philharmonic, George Enescu Philharmonic, State of Mexico Symphony Orchestra, Vilnius State Symphony Orchestra, Sinfonia Iuventus, State Youth Orchestra of Armenia oraz Orkiestr\u0105 Kameraln\u0105 PR \u201eAmadeus\u201d, u boku takich artyst\u00f3w jak: Maxim Vengerov, Giancarlo Guerrero, Paul Goodwin, Sergey Smbatyan, Agnieszka Duczmal, Tadeusz Wojciechowski, Horia Andreescu, Enrique Batiz i Mark Fitz-Gerald. Wsp\u00f3\u0142pracowa\u0142 m.in. z Northern Lights Music Festival (Minnesota, USA), Allegro Vivo( Austria) i Espressivo Summer Festival (Czarnog\u00f3ra) gdzie prowadzi\u0142 kursy mistrzowskie.\nPrzez wiele lat by\u0142 stypendyst\u0105 Krajowego Funduszu na Rzecz Dzieci oraz Ministerstwa Kultury i Dziedzictwa Narodowego. Otrzyma\u0142 te\u017c stypendium  w ramach programu \u201eM\u0142oda Polska\u201d i stypendium im. Maxa Rostala.   W 2001 roku zosta\u0142 laureatem Nagrody im. ks. Piotra Wawrzyniaka w kategorii \u201eNadzieja Wielkopolski\u201d oraz zosta\u0142 uhonorowany Medalem M\u0142odej Sztuki dziennika G\u0142os Wielkopolski w Poznaniu.\nJaros\u0142aw Nadrzycki koncertowa\u0142 w wielu krajach Europy, w obu Amerykach i Korei P\u0142d. w takich salach, jakCadogan Hall, St. John\u2019s Smith Square, Menuhin Hall, czy Wigmore Hall w Londynie, Ateneum w Bukareszcie, Filharmonia im A. Chaczaturiana w Erewaniu, Filharmonia w Bratys\u0142awie, Wielka Sala Konserwatorium w St. Petersburgu i w Moskwie. Wyst\u0105pi\u0142 r\u00f3wnie\u017c na Kremlu oraz w Ambasadach Rzeczypospolitej Polskiej w Moskwie i w Brukseli. Jego nagrania by\u0142y transmitowane przez wiele stacji radiowych i telewizyjnych w Europie m.in. Mezzo TV, BBC, TV ORF Austria, TV Montenegro, TVR Romania, TV Armenia.\nW 2011 roku dzi\u0119ki staraniom Towarzystwa im. Henryka Wieniawskiego W Poznaniu, nak\u0142adem firmy fonograficznej DUX ukaza\u0142a si\u0119 p\u0142yta nagrana przez artyst\u0119 wsp\u00f3lnie z pianist\u0105 Tadashi Imai z utworami Enescu, Prokofiewa, Tartiniego i Wieniawskiego. P\u0142yta zyska\u0142a znakomite recenzje w\u015br\u00f3d krytyk\u00f3w w Polsce oraz magazynu The Strad w Wielkiej Brytanii.\nW 2014 roku Jaros\u0142aw Nadrzycki do\u0142\u0105czy\u0142 do cenionego od wielu lat Meccore String Quartet, z kt\u00f3rym ma w planie tourn\u00e9e w USA oraz koncerty w  wielu cenionych salach Europy takich, jak Wigmore Hall, Auditorio Nacional de M\u00fasica w Madrycie, czy BOZAR w Brukseli. "},{"@type":"ImageObject","inLanguage":"pl-PL","@id":"https:\/\/instytutpolski.pl\/bucuresti\/pl\/2015\/10\/29\/jaroslaw-nadrzycki-koncerty-w-bukareszcie\/#primaryimage","url":"https:\/\/instytutpolski.pl\/bucuresti\/wp-content\/uploads\/sites\/11\/2020\/06\/jaroslaw-nadrzycki-concerte-la-ateneul-roman.jpg","contentUrl":"https:\/\/instytutpolski.pl\/bucuresti\/wp-content\/uploads\/sites\/11\/2020\/06\/jaroslaw-nadrzycki-concerte-la-ateneul-roman.jpg","width":660,"height":377,"caption":"Foto: Arek Berbecki"},{"@type":"BreadcrumbList","@id":"https:\/\/instytutpolski.pl\/bucuresti\/pl\/2015\/10\/29\/jaroslaw-nadrzycki-koncerty-w-bukareszcie\/#breadcrumb","itemListElement":[{"@type":"ListItem","position":1,"name":"Home","item":"https:\/\/instytutpolski.pl\/bucuresti\/"},{"@type":"ListItem","position":2,"name":"Jaros\u0142aw Nadrzycki &#8211; koncerty w Bukareszcie"}]},{"@type":"WebSite","@id":"https:\/\/instytutpolski.pl\/bucuresti\/#website","url":"https:\/\/instytutpolski.pl\/bucuresti\/","name":"Instytut Polski w Bukareszcie","description":"Instytuty Polskie","potentialAction":[{"@type":"SearchAction","target":{"@type":"EntryPoint","urlTemplate":"https:\/\/instytutpolski.pl\/bucuresti\/?s={search_term_string}"},"query-input":{"@type":"PropertyValueSpecification","valueRequired":true,"valueName":"search_term_string"}}],"inLanguage":"pl-PL"},{"@type":"Person","@id":"https:\/\/instytutpolski.pl\/bucuresti\/#\/schema\/person\/36eba23bd65c4ed8774deeb285a19272","name":"mirelal","image":{"@type":"ImageObject","inLanguage":"pl-PL","@id":"https:\/\/instytutpolski.pl\/bucuresti\/#\/schema\/person\/image\/","url":"https:\/\/secure.gravatar.com\/avatar\/5838c7614d071fe473f8aeb2de72beb4?s=96&d=mm&r=g","contentUrl":"https:\/\/secure.gravatar.com\/avatar\/5838c7614d071fe473f8aeb2de72beb4?s=96&d=mm&r=g","caption":"mirelal"},"url":"https:\/\/instytutpolski.pl\/bucuresti\/author\/mirelal\/"}]}},"_links":{"self":[{"href":"https:\/\/instytutpolski.pl\/bucuresti\/wp-json\/wp\/v2\/posts\/4081","targetHints":{"allow":["GET"]}}],"collection":[{"href":"https:\/\/instytutpolski.pl\/bucuresti\/wp-json\/wp\/v2\/posts"}],"about":[{"href":"https:\/\/instytutpolski.pl\/bucuresti\/wp-json\/wp\/v2\/types\/post"}],"author":[{"embeddable":true,"href":"https:\/\/instytutpolski.pl\/bucuresti\/wp-json\/wp\/v2\/users\/41"}],"replies":[{"embeddable":true,"href":"https:\/\/instytutpolski.pl\/bucuresti\/wp-json\/wp\/v2\/comments?post=4081"}],"version-history":[{"count":2,"href":"https:\/\/instytutpolski.pl\/bucuresti\/wp-json\/wp\/v2\/posts\/4081\/revisions"}],"predecessor-version":[{"id":4083,"href":"https:\/\/instytutpolski.pl\/bucuresti\/wp-json\/wp\/v2\/posts\/4081\/revisions\/4083"}],"wp:featuredmedia":[{"embeddable":true,"href":"https:\/\/instytutpolski.pl\/bucuresti\/wp-json\/wp\/v2\/media\/4078"}],"wp:attachment":[{"href":"https:\/\/instytutpolski.pl\/bucuresti\/wp-json\/wp\/v2\/media?parent=4081"}],"wp:term":[{"taxonomy":"category","embeddable":true,"href":"https:\/\/instytutpolski.pl\/bucuresti\/wp-json\/wp\/v2\/categories?post=4081"},{"taxonomy":"post_tag","embeddable":true,"href":"https:\/\/instytutpolski.pl\/bucuresti\/wp-json\/wp\/v2\/tags?post=4081"}],"curies":[{"name":"wp","href":"https:\/\/api.w.org\/{rel}","templated":true}]}}