{"id":4117,"date":"2015-10-12T11:20:00","date_gmt":"2015-10-12T09:20:00","guid":{"rendered":"https:\/\/instytutpolski.pl\/bucuresti\/?p=4117"},"modified":"2020-06-05T11:26:21","modified_gmt":"2020-06-05T09:26:21","slug":"fundusze-europejskie-nowa-przestrzen-dla-kultury","status":"publish","type":"post","link":"https:\/\/instytutpolski.pl\/bucuresti\/pl\/2015\/10\/12\/fundusze-europejskie-nowa-przestrzen-dla-kultury\/","title":{"rendered":"Fundusze europejskie. Nowa przestrze\u0144 dla kultury"},"content":{"rendered":"\n<p>Przyst\u0105pienie Polski do Unii Europejskiej rozszerzy\u0142o mo\u017cliwo\u015bci finansowania inwestycji realizowanych w sektorze kultury. W ci\u0105gu ostatnich lat Polska znalaz\u0142a si\u0119 na pierwszym miejscu w\u015br\u00f3d pa\u0144stw Unii Europejskiej pod wzgl\u0119dem alokowania i wykorzystania \u015brodk\u00f3w finansowych przeznaczonych na kultur\u0119, a fundusze europejskie znacz\u0105co zmieni\u0142y map\u0119 inwestycji kulturalnych. Dzi\u0119ki nim ju\u017c dzi\u017a zrealizowali\u015bmy szereg projekt\u00f3w z zakresu dziedzictwa kulturowego, jak r\u00f3wnie\u017c budowy i rozbudowy nowej infrastruktury kultury, w tym r\u00f3wnie\u017c infrastruktury szkolnictwa artystycznego.<\/p>\n\n\n\n<p>Najwi\u0119ksze i najbardziej presti\u017cowe inwestycje w sektorze kultury wsp\u00f3\u0142finansowane ze \u015brodk\u00f3w Unii Europejskiej w latach 2007-2013 realizowane s\u0105 w ramach XI Priorytetu &#8222;Kultura i dziedzictwo kulturowe&#8221; Programu Operacyjnego &#8222;Infrastruktura i \u015arodowisko&#8221;. Za wdra\u017canie Priorytetu odpowiada Ministerstwo Kultury i Dziedzictwa Narodowego.<\/p>\n\n\n\n<p>W ramach Priorytetu zosta\u0142o zawartych 79 um\u00f3w o dofinansowanie na \u0142\u0105czn\u0105 kwot\u0119 3,87 mld z\u0142, w tym dofinansowanie z Europejskiego Funduszu Rozwoju Regionalnego wynosi 2,28 mld z\u0142. \u015arodki te pozwoli\u0142y na realizacj\u0119 ambitnych plan\u00f3w z ciekaw\u0105 wizj\u0105 ich przysz\u0142ego funkcjonowania, kt\u00f3re s\u0105 szans\u0105 na wzrost uczestnictwa obywateli w kulturze, a tak\u017ce przyczyniaj\u0105 si\u0119 do szybszego rozwoju miast i region\u00f3w. Inwestycje realizowane w Polsce w sektorze kultury wsp\u00f3\u0142tworz\u0105 europejsk\u0105 przestrze\u0144 kulturow\u0105 oraz umo\u017cliwiaj\u0105 artystom i obywatelom pe\u0142ne uczestnictwo w europejskim dialogu kulturowym.<\/p>\n\n\n\n<p>Wystawa stanowi okazj\u0119 do przedstawienia kilku interesuj\u0105cych projekt\u00f3w. Mamy tak\u017ce nadziej\u0119, \u017ce zach\u0119ci ona Pa\u0144stwa do odwiedzenia miejsc, kt\u00f3re prezentujemy. Zapraszamy serdecznie do ich bli\u017cszego poznania!<\/p>\n\n\n\n<p>Ministerstwo Kultury i Dziedzictwa Narodowego<\/p>\n\n\n\n<p>Wystawa finansowana przez Uni\u0119 Europejsk\u0105 ze \u015brodk\u00f3w Europejskiego Funduszu Rozwoju Regionalnego oraz bud\u017cet pa\u0144stwa w ramach Pomocy Technicznej Programu Operacyjnego &#8222;Infrastruktura i \u015arodowisko.<\/p>\n","protected":false},"excerpt":{"rendered":"<p>Przyst\u0105pienie Polski do Unii Europejskiej rozszerzy\u0142o mo\u017cliwo\u015bci finansowania inwestycji realizowanych w sektorze kultury. W ci\u0105gu ostatnich lat Polska znalaz\u0142a si\u0119 na pierwszym miejscu w\u015br\u00f3d pa\u0144stw Unii Europejskiej pod wzgl\u0119dem alokowania i wykorzystania \u015brodk\u00f3w finansowych przeznaczonych na kultur\u0119, a fundusze europejskie znacz\u0105co zmieni\u0142y map\u0119 inwestycji kulturalnych. Dzi\u0119ki nim ju\u017c dzi\u017a zrealizowali\u015bmy szereg projekt\u00f3w z zakresu dziedzictwa [&hellip;]<\/p>\n","protected":false},"author":41,"featured_media":4114,"comment_status":"open","ping_status":"open","sticky":false,"template":"","format":"standard","meta":{"inline_featured_image":false,"_monsterinsights_skip_tracking":false,"_monsterinsights_sitenote_active":false,"_monsterinsights_sitenote_note":"","_monsterinsights_sitenote_category":0,"footnotes":""},"categories":[43,96],"tags":[],"class_list":["post-4117","post","type-post","status-publish","format-standard","has-post-thumbnail","hentry","category-sztuki-wizualne","category-wydarzenia"],"yoast_head":"<!-- This site is optimized with the Yoast SEO plugin v24.6 - https:\/\/yoast.com\/wordpress\/plugins\/seo\/ -->\n<title>Fundusze europejskie. Nowa przestrze\u0144 dla kultury - Instytut Polski w Bukareszcie<\/title>\n<meta name=\"robots\" content=\"index, follow, max-snippet:-1, max-image-preview:large, max-video-preview:-1\" \/>\n<link rel=\"canonical\" href=\"https:\/\/instytutpolski.pl\/bucuresti\/pl\/2015\/10\/12\/fundusze-europejskie-nowa-przestrzen-dla-kultury\/\" \/>\n<meta property=\"og:locale\" content=\"pl_PL\" \/>\n<meta property=\"og:type\" content=\"article\" \/>\n<meta property=\"og:title\" content=\"Fundusze europejskie. Nowa przestrze\u0144 dla kultury - Instytut Polski w Bukareszcie\" \/>\n<meta property=\"og:description\" content=\"Przyst\u0105pienie Polski do Unii Europejskiej rozszerzy\u0142o mo\u017cliwo\u015bci finansowania inwestycji realizowanych w sektorze kultury. W ci\u0105gu ostatnich lat Polska znalaz\u0142a si\u0119 na pierwszym miejscu w\u015br\u00f3d pa\u0144stw Unii Europejskiej pod wzgl\u0119dem alokowania i wykorzystania \u015brodk\u00f3w finansowych przeznaczonych na kultur\u0119, a fundusze europejskie znacz\u0105co zmieni\u0142y map\u0119 inwestycji kulturalnych. Dzi\u0119ki nim ju\u017c dzi\u017a zrealizowali\u015bmy szereg projekt\u00f3w z zakresu dziedzictwa [&hellip;]\" \/>\n<meta property=\"og:url\" content=\"https:\/\/instytutpolski.pl\/bucuresti\/pl\/2015\/10\/12\/fundusze-europejskie-nowa-przestrzen-dla-kultury\/\" \/>\n<meta property=\"og:site_name\" content=\"Instytut Polski w Bukareszcie\" \/>\n<meta property=\"article:published_time\" content=\"2015-10-12T09:20:00+00:00\" \/>\n<meta property=\"article:modified_time\" content=\"2020-06-05T09:26:21+00:00\" \/>\n<meta property=\"og:image\" content=\"https:\/\/instytutpolski.pl\/bucuresti\/wp-content\/uploads\/sites\/11\/2020\/06\/fondurile-europene-un-nou-spatiu-pentru-cultura.jpg\" \/>\n\t<meta property=\"og:image:width\" content=\"660\" \/>\n\t<meta property=\"og:image:height\" content=\"440\" \/>\n\t<meta property=\"og:image:type\" content=\"image\/jpeg\" \/>\n<meta name=\"author\" content=\"mirelal\" \/>\n<meta name=\"twitter:card\" content=\"summary_large_image\" \/>\n<meta name=\"twitter:label1\" content=\"Napisane przez\" \/>\n\t<meta name=\"twitter:data1\" content=\"mirelal\" \/>\n\t<meta name=\"twitter:label2\" content=\"Szacowany czas czytania\" \/>\n\t<meta name=\"twitter:data2\" content=\"1 minuta\" \/>\n<script type=\"application\/ld+json\" class=\"yoast-schema-graph\">{\"@context\":\"https:\/\/schema.org\",\"@graph\":[{\"@type\":\"event\",\"@id\":\"https:\/\/instytutpolski.pl\/bucuresti\/pl\/2015\/10\/12\/fundusze-europejskie-nowa-przestrzen-dla-kultury\/\",\"url\":\"https:\/\/instytutpolski.pl\/bucuresti\/pl\/2015\/10\/12\/fundusze-europejskie-nowa-przestrzen-dla-kultury\/\",\"name\":\"Fundusze europejskie. Nowa przestrze\u0144 dla kultury\",\"isPartOf\":{\"@id\":\"https:\/\/instytutpolski.pl\/bucuresti\/#website\"},\"primaryImageOfPage\":{\"@id\":\"https:\/\/instytutpolski.pl\/bucuresti\/pl\/2015\/10\/12\/fundusze-europejskie-nowa-przestrzen-dla-kultury\/#primaryimage\"},\"image\":[\"https:\/\/instytutpolski.pl\/bucuresti\/wp-content\/uploads\/sites\/11\/2020\/06\/fondurile-europene-un-nou-spatiu-pentru-cultura.jpg\",\"https:\/\/instytutpolski.pl\/bucuresti\/wp-content\/uploads\/sites\/11\/2020\/06\/fondurile-europene-un-nou-spatiu-pentru-cultura-300x200.jpg\",\"https:\/\/instytutpolski.pl\/bucuresti\/wp-content\/uploads\/sites\/11\/2020\/06\/fondurile-europene-un-nou-spatiu-pentru-cultura.jpg\",\"https:\/\/instytutpolski.pl\/bucuresti\/wp-content\/uploads\/sites\/11\/2020\/06\/fondurile-europene-un-nou-spatiu-pentru-cultura.jpg\"],\"thumbnailUrl\":\"https:\/\/instytutpolski.pl\/bucuresti\/wp-content\/uploads\/sites\/11\/2020\/06\/fondurile-europene-un-nou-spatiu-pentru-cultura.jpg\",\"datePublished\":\"2015-10-12T09:20:00+02:00\",\"dateModified\":\"2020-06-05T09:26:21+02:00\",\"author\":{\"@id\":\"https:\/\/instytutpolski.pl\/bucuresti\/#\/schema\/person\/36eba23bd65c4ed8774deeb285a19272\"},\"breadcrumb\":{\"@id\":\"https:\/\/instytutpolski.pl\/bucuresti\/pl\/2015\/10\/12\/fundusze-europejskie-nowa-przestrzen-dla-kultury\/#breadcrumb\"},\"inLanguage\":\"pl-PL\",\"potentialAction\":[{\"@type\":\"ReadAction\",\"target\":[\"https:\/\/instytutpolski.pl\/bucuresti\/pl\/2015\/10\/12\/fundusze-europejskie-nowa-przestrzen-dla-kultury\/\"]}],\"@context\":\"https:\/\/schema.org\",\"startDate\":\"2015-10-26\",\"endDate\":\"2015-11-07\",\"eventStatus\":\"EventScheduled\",\"eventAttendanceMode\":\"OfflineEventAttendanceMode\",\"location\":{\"@type\":\"place\",\"name\":\"\",\"address\":\"\",\"geo\":{\"@type\":\"GeoCoordinates\",\"latitude\":\"\",\"longitude\":\"\"}},\"description\":\"Przyst\u0105pienie Polski do Unii Europejskiej rozszerzy\u0142o mo\u017cliwo\u015bci finansowania inwestycji realizowanych w sektorze kultury. W ci\u0105gu ostatnich lat Polska znalaz\u0142a si\u0119 na pierwszym miejscu w\u015br\u00f3d pa\u0144stw Unii Europejskiej pod wzgl\u0119dem alokowania i wykorzystania \u015brodk\u00f3w finansowych przeznaczonych na kultur\u0119, a fundusze europejskie znacz\u0105co zmieni\u0142y map\u0119 inwestycji kulturalnych. Dzi\u0119ki nim ju\u017c dzi\u017a zrealizowali\u015bmy szereg projekt\u00f3w z zakresu dziedzictwa kulturowego, jak r\u00f3wnie\u017c budowy i rozbudowy nowej infrastruktury kultury, w tym r\u00f3wnie\u017c infrastruktury szkolnictwa artystycznego.\\nNajwi\u0119ksze i najbardziej presti\u017cowe inwestycje w sektorze kultury wsp\u00f3\u0142finansowane ze \u015brodk\u00f3w Unii Europejskiej w latach 2007-2013 realizowane s\u0105 w ramach XI Priorytetu \\\"Kultura i dziedzictwo kulturowe\\\" Programu Operacyjnego \\\"Infrastruktura i \u015arodowisko\\\". Za wdra\u017canie Priorytetu odpowiada Ministerstwo Kultury i Dziedzictwa Narodowego.\\nW ramach Priorytetu zosta\u0142o zawartych 79 um\u00f3w o dofinansowanie na \u0142\u0105czn\u0105 kwot\u0119 3,87 mld z\u0142, w tym dofinansowanie z Europejskiego Funduszu Rozwoju Regionalnego wynosi 2,28 mld z\u0142. \u015arodki te pozwoli\u0142y na realizacj\u0119 ambitnych plan\u00f3w z ciekaw\u0105 wizj\u0105 ich przysz\u0142ego funkcjonowania, kt\u00f3re s\u0105 szans\u0105 na wzrost uczestnictwa obywateli w kulturze, a tak\u017ce przyczyniaj\u0105 si\u0119 do szybszego rozwoju miast i region\u00f3w. Inwestycje realizowane w Polsce w sektorze kultury wsp\u00f3\u0142tworz\u0105 europejsk\u0105 przestrze\u0144 kulturow\u0105 oraz umo\u017cliwiaj\u0105 artystom i obywatelom pe\u0142ne uczestnictwo w europejskim dialogu kulturowym.\\nWystawa stanowi okazj\u0119 do przedstawienia kilku interesuj\u0105cych projekt\u00f3w. Mamy tak\u017ce nadziej\u0119, \u017ce zach\u0119ci ona Pa\u0144stwa do odwiedzenia miejsc, kt\u00f3re prezentujemy. Zapraszamy serdecznie do ich bli\u017cszego poznania!\\nMinisterstwo Kultury i Dziedzictwa Narodowego\\nWystawa finansowana przez Uni\u0119 Europejsk\u0105 ze \u015brodk\u00f3w Europejskiego Funduszu Rozwoju Regionalnego oraz bud\u017cet pa\u0144stwa w ramach Pomocy Technicznej Programu Operacyjnego \\\"Infrastruktura i \u015arodowisko.\"},{\"@type\":\"ImageObject\",\"inLanguage\":\"pl-PL\",\"@id\":\"https:\/\/instytutpolski.pl\/bucuresti\/pl\/2015\/10\/12\/fundusze-europejskie-nowa-przestrzen-dla-kultury\/#primaryimage\",\"url\":\"https:\/\/instytutpolski.pl\/bucuresti\/wp-content\/uploads\/sites\/11\/2020\/06\/fondurile-europene-un-nou-spatiu-pentru-cultura.jpg\",\"contentUrl\":\"https:\/\/instytutpolski.pl\/bucuresti\/wp-content\/uploads\/sites\/11\/2020\/06\/fondurile-europene-un-nou-spatiu-pentru-cultura.jpg\",\"width\":660,\"height\":440,\"caption\":\"Foto: Pawe\u0142 Ulatowski\"},{\"@type\":\"BreadcrumbList\",\"@id\":\"https:\/\/instytutpolski.pl\/bucuresti\/pl\/2015\/10\/12\/fundusze-europejskie-nowa-przestrzen-dla-kultury\/#breadcrumb\",\"itemListElement\":[{\"@type\":\"ListItem\",\"position\":1,\"name\":\"Home\",\"item\":\"https:\/\/instytutpolski.pl\/bucuresti\/\"},{\"@type\":\"ListItem\",\"position\":2,\"name\":\"Fundusze europejskie. Nowa przestrze\u0144 dla kultury\"}]},{\"@type\":\"WebSite\",\"@id\":\"https:\/\/instytutpolski.pl\/bucuresti\/#website\",\"url\":\"https:\/\/instytutpolski.pl\/bucuresti\/\",\"name\":\"Instytut Polski w Bukareszcie\",\"description\":\"Instytuty Polskie\",\"potentialAction\":[{\"@type\":\"SearchAction\",\"target\":{\"@type\":\"EntryPoint\",\"urlTemplate\":\"https:\/\/instytutpolski.pl\/bucuresti\/?s={search_term_string}\"},\"query-input\":{\"@type\":\"PropertyValueSpecification\",\"valueRequired\":true,\"valueName\":\"search_term_string\"}}],\"inLanguage\":\"pl-PL\"},{\"@type\":\"Person\",\"@id\":\"https:\/\/instytutpolski.pl\/bucuresti\/#\/schema\/person\/36eba23bd65c4ed8774deeb285a19272\",\"name\":\"mirelal\",\"image\":{\"@type\":\"ImageObject\",\"inLanguage\":\"pl-PL\",\"@id\":\"https:\/\/instytutpolski.pl\/bucuresti\/#\/schema\/person\/image\/\",\"url\":\"https:\/\/secure.gravatar.com\/avatar\/5838c7614d071fe473f8aeb2de72beb4?s=96&d=mm&r=g\",\"contentUrl\":\"https:\/\/secure.gravatar.com\/avatar\/5838c7614d071fe473f8aeb2de72beb4?s=96&d=mm&r=g\",\"caption\":\"mirelal\"},\"url\":\"https:\/\/instytutpolski.pl\/bucuresti\/author\/mirelal\/\"}]}<\/script>\n<!-- \/ Yoast SEO plugin. -->","yoast_head_json":{"title":"Fundusze europejskie. Nowa przestrze\u0144 dla kultury - Instytut Polski w Bukareszcie","robots":{"index":"index","follow":"follow","max-snippet":"max-snippet:-1","max-image-preview":"max-image-preview:large","max-video-preview":"max-video-preview:-1"},"canonical":"https:\/\/instytutpolski.pl\/bucuresti\/pl\/2015\/10\/12\/fundusze-europejskie-nowa-przestrzen-dla-kultury\/","og_locale":"pl_PL","og_type":"article","og_title":"Fundusze europejskie. Nowa przestrze\u0144 dla kultury - Instytut Polski w Bukareszcie","og_description":"Przyst\u0105pienie Polski do Unii Europejskiej rozszerzy\u0142o mo\u017cliwo\u015bci finansowania inwestycji realizowanych w sektorze kultury. W ci\u0105gu ostatnich lat Polska znalaz\u0142a si\u0119 na pierwszym miejscu w\u015br\u00f3d pa\u0144stw Unii Europejskiej pod wzgl\u0119dem alokowania i wykorzystania \u015brodk\u00f3w finansowych przeznaczonych na kultur\u0119, a fundusze europejskie znacz\u0105co zmieni\u0142y map\u0119 inwestycji kulturalnych. Dzi\u0119ki nim ju\u017c dzi\u017a zrealizowali\u015bmy szereg projekt\u00f3w z zakresu dziedzictwa [&hellip;]","og_url":"https:\/\/instytutpolski.pl\/bucuresti\/pl\/2015\/10\/12\/fundusze-europejskie-nowa-przestrzen-dla-kultury\/","og_site_name":"Instytut Polski w Bukareszcie","article_published_time":"2015-10-12T09:20:00+00:00","article_modified_time":"2020-06-05T09:26:21+00:00","og_image":[{"width":660,"height":440,"url":"https:\/\/instytutpolski.pl\/bucuresti\/wp-content\/uploads\/sites\/11\/2020\/06\/fondurile-europene-un-nou-spatiu-pentru-cultura.jpg","type":"image\/jpeg"}],"author":"mirelal","twitter_card":"summary_large_image","twitter_misc":{"Napisane przez":"mirelal","Szacowany czas czytania":"1 minuta"},"schema":{"@context":"https:\/\/schema.org","@graph":[{"@type":"event","@id":"https:\/\/instytutpolski.pl\/bucuresti\/pl\/2015\/10\/12\/fundusze-europejskie-nowa-przestrzen-dla-kultury\/","url":"https:\/\/instytutpolski.pl\/bucuresti\/pl\/2015\/10\/12\/fundusze-europejskie-nowa-przestrzen-dla-kultury\/","name":"Fundusze europejskie. Nowa przestrze\u0144 dla kultury","isPartOf":{"@id":"https:\/\/instytutpolski.pl\/bucuresti\/#website"},"primaryImageOfPage":{"@id":"https:\/\/instytutpolski.pl\/bucuresti\/pl\/2015\/10\/12\/fundusze-europejskie-nowa-przestrzen-dla-kultury\/#primaryimage"},"image":["https:\/\/instytutpolski.pl\/bucuresti\/wp-content\/uploads\/sites\/11\/2020\/06\/fondurile-europene-un-nou-spatiu-pentru-cultura.jpg","https:\/\/instytutpolski.pl\/bucuresti\/wp-content\/uploads\/sites\/11\/2020\/06\/fondurile-europene-un-nou-spatiu-pentru-cultura-300x200.jpg","https:\/\/instytutpolski.pl\/bucuresti\/wp-content\/uploads\/sites\/11\/2020\/06\/fondurile-europene-un-nou-spatiu-pentru-cultura.jpg","https:\/\/instytutpolski.pl\/bucuresti\/wp-content\/uploads\/sites\/11\/2020\/06\/fondurile-europene-un-nou-spatiu-pentru-cultura.jpg"],"thumbnailUrl":"https:\/\/instytutpolski.pl\/bucuresti\/wp-content\/uploads\/sites\/11\/2020\/06\/fondurile-europene-un-nou-spatiu-pentru-cultura.jpg","datePublished":"2015-10-12T09:20:00+02:00","dateModified":"2020-06-05T09:26:21+02:00","author":{"@id":"https:\/\/instytutpolski.pl\/bucuresti\/#\/schema\/person\/36eba23bd65c4ed8774deeb285a19272"},"breadcrumb":{"@id":"https:\/\/instytutpolski.pl\/bucuresti\/pl\/2015\/10\/12\/fundusze-europejskie-nowa-przestrzen-dla-kultury\/#breadcrumb"},"inLanguage":"pl-PL","potentialAction":[{"@type":"ReadAction","target":["https:\/\/instytutpolski.pl\/bucuresti\/pl\/2015\/10\/12\/fundusze-europejskie-nowa-przestrzen-dla-kultury\/"]}],"@context":"https:\/\/schema.org","startDate":"2015-10-26","endDate":"2015-11-07","eventStatus":"EventScheduled","eventAttendanceMode":"OfflineEventAttendanceMode","location":{"@type":"place","name":"","address":"","geo":{"@type":"GeoCoordinates","latitude":"","longitude":""}},"description":"Przyst\u0105pienie Polski do Unii Europejskiej rozszerzy\u0142o mo\u017cliwo\u015bci finansowania inwestycji realizowanych w sektorze kultury. W ci\u0105gu ostatnich lat Polska znalaz\u0142a si\u0119 na pierwszym miejscu w\u015br\u00f3d pa\u0144stw Unii Europejskiej pod wzgl\u0119dem alokowania i wykorzystania \u015brodk\u00f3w finansowych przeznaczonych na kultur\u0119, a fundusze europejskie znacz\u0105co zmieni\u0142y map\u0119 inwestycji kulturalnych. Dzi\u0119ki nim ju\u017c dzi\u017a zrealizowali\u015bmy szereg projekt\u00f3w z zakresu dziedzictwa kulturowego, jak r\u00f3wnie\u017c budowy i rozbudowy nowej infrastruktury kultury, w tym r\u00f3wnie\u017c infrastruktury szkolnictwa artystycznego.\nNajwi\u0119ksze i najbardziej presti\u017cowe inwestycje w sektorze kultury wsp\u00f3\u0142finansowane ze \u015brodk\u00f3w Unii Europejskiej w latach 2007-2013 realizowane s\u0105 w ramach XI Priorytetu \"Kultura i dziedzictwo kulturowe\" Programu Operacyjnego \"Infrastruktura i \u015arodowisko\". Za wdra\u017canie Priorytetu odpowiada Ministerstwo Kultury i Dziedzictwa Narodowego.\nW ramach Priorytetu zosta\u0142o zawartych 79 um\u00f3w o dofinansowanie na \u0142\u0105czn\u0105 kwot\u0119 3,87 mld z\u0142, w tym dofinansowanie z Europejskiego Funduszu Rozwoju Regionalnego wynosi 2,28 mld z\u0142. \u015arodki te pozwoli\u0142y na realizacj\u0119 ambitnych plan\u00f3w z ciekaw\u0105 wizj\u0105 ich przysz\u0142ego funkcjonowania, kt\u00f3re s\u0105 szans\u0105 na wzrost uczestnictwa obywateli w kulturze, a tak\u017ce przyczyniaj\u0105 si\u0119 do szybszego rozwoju miast i region\u00f3w. Inwestycje realizowane w Polsce w sektorze kultury wsp\u00f3\u0142tworz\u0105 europejsk\u0105 przestrze\u0144 kulturow\u0105 oraz umo\u017cliwiaj\u0105 artystom i obywatelom pe\u0142ne uczestnictwo w europejskim dialogu kulturowym.\nWystawa stanowi okazj\u0119 do przedstawienia kilku interesuj\u0105cych projekt\u00f3w. Mamy tak\u017ce nadziej\u0119, \u017ce zach\u0119ci ona Pa\u0144stwa do odwiedzenia miejsc, kt\u00f3re prezentujemy. Zapraszamy serdecznie do ich bli\u017cszego poznania!\nMinisterstwo Kultury i Dziedzictwa Narodowego\nWystawa finansowana przez Uni\u0119 Europejsk\u0105 ze \u015brodk\u00f3w Europejskiego Funduszu Rozwoju Regionalnego oraz bud\u017cet pa\u0144stwa w ramach Pomocy Technicznej Programu Operacyjnego \"Infrastruktura i \u015arodowisko."},{"@type":"ImageObject","inLanguage":"pl-PL","@id":"https:\/\/instytutpolski.pl\/bucuresti\/pl\/2015\/10\/12\/fundusze-europejskie-nowa-przestrzen-dla-kultury\/#primaryimage","url":"https:\/\/instytutpolski.pl\/bucuresti\/wp-content\/uploads\/sites\/11\/2020\/06\/fondurile-europene-un-nou-spatiu-pentru-cultura.jpg","contentUrl":"https:\/\/instytutpolski.pl\/bucuresti\/wp-content\/uploads\/sites\/11\/2020\/06\/fondurile-europene-un-nou-spatiu-pentru-cultura.jpg","width":660,"height":440,"caption":"Foto: Pawe\u0142 Ulatowski"},{"@type":"BreadcrumbList","@id":"https:\/\/instytutpolski.pl\/bucuresti\/pl\/2015\/10\/12\/fundusze-europejskie-nowa-przestrzen-dla-kultury\/#breadcrumb","itemListElement":[{"@type":"ListItem","position":1,"name":"Home","item":"https:\/\/instytutpolski.pl\/bucuresti\/"},{"@type":"ListItem","position":2,"name":"Fundusze europejskie. Nowa przestrze\u0144 dla kultury"}]},{"@type":"WebSite","@id":"https:\/\/instytutpolski.pl\/bucuresti\/#website","url":"https:\/\/instytutpolski.pl\/bucuresti\/","name":"Instytut Polski w Bukareszcie","description":"Instytuty Polskie","potentialAction":[{"@type":"SearchAction","target":{"@type":"EntryPoint","urlTemplate":"https:\/\/instytutpolski.pl\/bucuresti\/?s={search_term_string}"},"query-input":{"@type":"PropertyValueSpecification","valueRequired":true,"valueName":"search_term_string"}}],"inLanguage":"pl-PL"},{"@type":"Person","@id":"https:\/\/instytutpolski.pl\/bucuresti\/#\/schema\/person\/36eba23bd65c4ed8774deeb285a19272","name":"mirelal","image":{"@type":"ImageObject","inLanguage":"pl-PL","@id":"https:\/\/instytutpolski.pl\/bucuresti\/#\/schema\/person\/image\/","url":"https:\/\/secure.gravatar.com\/avatar\/5838c7614d071fe473f8aeb2de72beb4?s=96&d=mm&r=g","contentUrl":"https:\/\/secure.gravatar.com\/avatar\/5838c7614d071fe473f8aeb2de72beb4?s=96&d=mm&r=g","caption":"mirelal"},"url":"https:\/\/instytutpolski.pl\/bucuresti\/author\/mirelal\/"}]}},"_links":{"self":[{"href":"https:\/\/instytutpolski.pl\/bucuresti\/wp-json\/wp\/v2\/posts\/4117","targetHints":{"allow":["GET"]}}],"collection":[{"href":"https:\/\/instytutpolski.pl\/bucuresti\/wp-json\/wp\/v2\/posts"}],"about":[{"href":"https:\/\/instytutpolski.pl\/bucuresti\/wp-json\/wp\/v2\/types\/post"}],"author":[{"embeddable":true,"href":"https:\/\/instytutpolski.pl\/bucuresti\/wp-json\/wp\/v2\/users\/41"}],"replies":[{"embeddable":true,"href":"https:\/\/instytutpolski.pl\/bucuresti\/wp-json\/wp\/v2\/comments?post=4117"}],"version-history":[{"count":2,"href":"https:\/\/instytutpolski.pl\/bucuresti\/wp-json\/wp\/v2\/posts\/4117\/revisions"}],"predecessor-version":[{"id":4119,"href":"https:\/\/instytutpolski.pl\/bucuresti\/wp-json\/wp\/v2\/posts\/4117\/revisions\/4119"}],"wp:featuredmedia":[{"embeddable":true,"href":"https:\/\/instytutpolski.pl\/bucuresti\/wp-json\/wp\/v2\/media\/4114"}],"wp:attachment":[{"href":"https:\/\/instytutpolski.pl\/bucuresti\/wp-json\/wp\/v2\/media?parent=4117"}],"wp:term":[{"taxonomy":"category","embeddable":true,"href":"https:\/\/instytutpolski.pl\/bucuresti\/wp-json\/wp\/v2\/categories?post=4117"},{"taxonomy":"post_tag","embeddable":true,"href":"https:\/\/instytutpolski.pl\/bucuresti\/wp-json\/wp\/v2\/tags?post=4117"}],"curies":[{"name":"wp","href":"https:\/\/api.w.org\/{rel}","templated":true}]}}