{"id":4192,"date":"2015-03-24T12:33:00","date_gmt":"2015-03-24T11:33:00","guid":{"rendered":"https:\/\/instytutpolski.pl\/bucuresti\/?p=4192"},"modified":"2020-06-05T13:10:17","modified_gmt":"2020-06-05T11:10:17","slug":"teatrul-dada-von-bzdulow-la-reflex3","status":"publish","type":"post","link":"https:\/\/instytutpolski.pl\/bucuresti\/2015\/03\/24\/teatrul-dada-von-bzdulow-la-reflex3\/","title":{"rendered":"Teatrul Dada von Bzd\u00fcl\u00f6w, la Reflex3"},"content":{"rendered":"\n<p>La fel ca \u015fi celelalte recente produc\u0163ii ale Trupei Dada von Bzd\u00fcl\u00f6w, Invisible Duets este un spectacol niciodat\u0103 \u00eencheiat, cu fiecare reprezenta\u0163ie fiind mereu gata pentru surprinz\u0103toare schimb\u0103ri.<\/p>\n<p>Dada von Bzd\u00fcl\u00f6w Theatre din Gdansk a fost fondat \u00een 1993 de Leszek Bzdyl \u015fi Katarzyna Chmielewska \u015fi este una dintre cele mai cunoscute trupe poloneze de teatru-dans. Format\u0103 din dansatori \u015fi actori, Trupa se afl\u0103 \u00eentr-o continu\u0103 c\u0103utare de limbaje \u015fi forme expresive. Deseori, spectacolele se nasc din exerci\u0163ii de improviza\u0163ie, dar arti\u015ftii Dada apeleaz\u0103 \u015fi la surse de inspira\u0163ie literar\u0103. Leszek Bzdyl \u2013 dansator, coregraf \u015fi regizor \u2013 sus\u0163ine prelegeri la Academia de Teatru din Var\u015fovia \u015fi pred\u0103 la \u015ecoala Na\u0163ional\u0103 de Balet din Gda\u0144sk. Katarzyna Chmielewska \u2013 dansatoare, coregraf\u0103 \u015fi profesoar\u0103 de dans \u2013 a colaborat cu numeroase institu\u0163ii culturale poloneze, printre care cu Opera Baltic\u0103 de Stat, Teatrul de Dans \u015fi Teatrul Wybrze\u017ce din Gda\u0144sk. Cei doi fondatori \u015fi lideri dadai\u015fti au contribuit la re\u00eennoirea teatrului polonez, prin continua promovare a unor experien\u0163e artistice inovatoare.<\/p>\n<p><a href=\"http:\/\/www.dadateatr.pl\/\" target=\"_blank\" rel=\"noopener noreferrer\">http:\/\/www.dadateatr.pl\/<\/a><\/p>\n<p>https:\/\/vimeo.com\/121340638<\/p>\n<h3>Duete inexistente<br><br><strong>Teatrul Tam\u00e1si \u00c1ron, Studioul Nou<\/strong><\/h3>\n<p>s\u00e2mb\u0103t\u0103 03\/21 orele 20:00<br>duminic\u0103 03\/22 orele 20:00<\/p>\n<p><em><strong>57 min&nbsp;<\/strong><\/em><\/p>\n<p><em>Recomand\u0103m spectatorilor peste 16 ani<\/em><\/p>\n<p><strong>Concept:<\/strong>&nbsp;Miko\u0142aj Trzaska, Dada von Bzd\u00fcl\u00f6w<\/p>\n<p><strong>Distribu\u0163ia:<\/strong>&nbsp;Katarzyna Chmielewska &amp; Leszek Bzdyl<\/p>\n<p><strong>Muzica:<\/strong>&nbsp;Miko\u0142aj Trzaska<br><strong>Costume:<\/strong>&nbsp;Katarzyna Pi\u0105tek<br><strong>Video:<\/strong>&nbsp;Maciej Salamon<br><strong>Textele:<\/strong>&nbsp;Grzegorz Kwiatkowski<br><strong>Light design:<\/strong>&nbsp;Micha\u0142 Ko\u0142odziej<br><strong>Produc\u0103tori:<\/strong>&nbsp;Dada von Bzd\u00fcl\u00f6w Theatre, Body\/Mind Festival, Warsaw, Teatr Wybrze\u017ce, Gda\u0144sk<\/p>\n","protected":false},"excerpt":{"rendered":"<p>La fel ca \u015fi celelalte recente produc\u0163ii ale Trupei Dada von Bzd\u00fcl\u00f6w, Invisible Duets este un spectacol niciodat\u0103 \u00eencheiat, cu fiecare reprezenta\u0163ie fiind mereu gata pentru surprinz\u0103toare schimb\u0103ri. Dada von Bzd\u00fcl\u00f6w Theatre din Gdansk a fost fondat \u00een 1993 de Leszek Bzdyl \u015fi Katarzyna Chmielewska \u015fi este una dintre cele mai cunoscute trupe poloneze de [&hellip;]<\/p>\n","protected":false},"author":42,"featured_media":4193,"comment_status":"open","ping_status":"open","sticky":false,"template":"","format":"standard","meta":{"inline_featured_image":false,"_monsterinsights_skip_tracking":false,"_monsterinsights_sitenote_active":false,"_monsterinsights_sitenote_note":"","_monsterinsights_sitenote_category":0,"footnotes":""},"categories":[140],"tags":[],"class_list":["post-4192","post","type-post","status-publish","format-standard","has-post-thumbnail","hentry","category-teatru"],"yoast_head":"<!-- This site is optimized with the Yoast SEO plugin v24.6 - https:\/\/yoast.com\/wordpress\/plugins\/seo\/ -->\n<title>Teatrul Dada von Bzd\u00fcl\u00f6w, la Reflex3 - Instytut Polski w Bukareszcie<\/title>\n<meta name=\"robots\" content=\"index, follow, max-snippet:-1, max-image-preview:large, max-video-preview:-1\" \/>\n<link rel=\"canonical\" href=\"https:\/\/instytutpolski.pl\/bucuresti\/2015\/03\/24\/teatrul-dada-von-bzdulow-la-reflex3\/\" \/>\n<meta property=\"og:locale\" content=\"pl_PL\" \/>\n<meta property=\"og:type\" content=\"article\" \/>\n<meta property=\"og:title\" content=\"Teatrul Dada von Bzd\u00fcl\u00f6w, la Reflex3 - Instytut Polski w Bukareszcie\" \/>\n<meta property=\"og:description\" content=\"La fel ca \u015fi celelalte recente produc\u0163ii ale Trupei Dada von Bzd\u00fcl\u00f6w, Invisible Duets este un spectacol niciodat\u0103 \u00eencheiat, cu fiecare reprezenta\u0163ie fiind mereu gata pentru surprinz\u0103toare schimb\u0103ri. Dada von Bzd\u00fcl\u00f6w Theatre din Gdansk a fost fondat \u00een 1993 de Leszek Bzdyl \u015fi Katarzyna Chmielewska \u015fi este una dintre cele mai cunoscute trupe poloneze de [&hellip;]\" \/>\n<meta property=\"og:url\" content=\"https:\/\/instytutpolski.pl\/bucuresti\/2015\/03\/24\/teatrul-dada-von-bzdulow-la-reflex3\/\" \/>\n<meta property=\"og:site_name\" content=\"Instytut Polski w Bukareszcie\" \/>\n<meta property=\"article:published_time\" content=\"2015-03-24T11:33:00+00:00\" \/>\n<meta property=\"article:modified_time\" content=\"2020-06-05T11:10:17+00:00\" \/>\n<meta property=\"og:image\" content=\"https:\/\/instytutpolski.pl\/bucuresti\/wp-content\/uploads\/sites\/11\/2020\/06\/teatrul-dada-von-bzdulow-la-reflex3.jpg\" \/>\n\t<meta property=\"og:image:width\" content=\"660\" \/>\n\t<meta property=\"og:image:height\" content=\"660\" \/>\n\t<meta property=\"og:image:type\" content=\"image\/jpeg\" \/>\n<meta name=\"author\" content=\"rutkowskip\" \/>\n<meta name=\"twitter:card\" content=\"summary_large_image\" \/>\n<meta name=\"twitter:label1\" content=\"Napisane przez\" \/>\n\t<meta name=\"twitter:data1\" content=\"rutkowskip\" \/>\n\t<meta name=\"twitter:label2\" content=\"Szacowany czas czytania\" \/>\n\t<meta name=\"twitter:data2\" content=\"1 minuta\" \/>\n<script type=\"application\/ld+json\" class=\"yoast-schema-graph\">{\"@context\":\"https:\/\/schema.org\",\"@graph\":[{\"@type\":\"event\",\"@id\":\"https:\/\/instytutpolski.pl\/bucuresti\/2015\/03\/24\/teatrul-dada-von-bzdulow-la-reflex3\/\",\"url\":\"https:\/\/instytutpolski.pl\/bucuresti\/2015\/03\/24\/teatrul-dada-von-bzdulow-la-reflex3\/\",\"name\":\"Teatrul Dada von Bzd\u00fcl\u00f6w, la Reflex3\",\"isPartOf\":{\"@id\":\"https:\/\/instytutpolski.pl\/bucuresti\/#website\"},\"primaryImageOfPage\":{\"@id\":\"https:\/\/instytutpolski.pl\/bucuresti\/2015\/03\/24\/teatrul-dada-von-bzdulow-la-reflex3\/#primaryimage\"},\"image\":[\"https:\/\/instytutpolski.pl\/bucuresti\/wp-content\/uploads\/sites\/11\/2020\/06\/teatrul-dada-von-bzdulow-la-reflex3.jpg\",\"https:\/\/instytutpolski.pl\/bucuresti\/wp-content\/uploads\/sites\/11\/2020\/06\/teatrul-dada-von-bzdulow-la-reflex3-300x300.jpg\",\"https:\/\/instytutpolski.pl\/bucuresti\/wp-content\/uploads\/sites\/11\/2020\/06\/teatrul-dada-von-bzdulow-la-reflex3.jpg\",\"https:\/\/instytutpolski.pl\/bucuresti\/wp-content\/uploads\/sites\/11\/2020\/06\/teatrul-dada-von-bzdulow-la-reflex3.jpg\"],\"thumbnailUrl\":\"https:\/\/instytutpolski.pl\/bucuresti\/wp-content\/uploads\/sites\/11\/2020\/06\/teatrul-dada-von-bzdulow-la-reflex3.jpg\",\"datePublished\":\"2015-03-24T11:33:00+02:00\",\"dateModified\":\"2020-06-05T11:10:17+02:00\",\"author\":{\"@id\":\"https:\/\/instytutpolski.pl\/bucuresti\/#\/schema\/person\/980fdccff6ea3f1cab069becadecca5b\"},\"breadcrumb\":{\"@id\":\"https:\/\/instytutpolski.pl\/bucuresti\/2015\/03\/24\/teatrul-dada-von-bzdulow-la-reflex3\/#breadcrumb\"},\"inLanguage\":\"pl-PL\",\"potentialAction\":[{\"@type\":\"ReadAction\",\"target\":[\"https:\/\/instytutpolski.pl\/bucuresti\/2015\/03\/24\/teatrul-dada-von-bzdulow-la-reflex3\/\"]}],\"@context\":\"https:\/\/schema.org\",\"startDate\":\"2015-03-21\",\"endDate\":\"2015-03-22\",\"eventStatus\":\"EventScheduled\",\"eventAttendanceMode\":\"OfflineEventAttendanceMode\",\"location\":{\"@type\":\"place\",\"name\":\"\",\"address\":\"\",\"geo\":{\"@type\":\"GeoCoordinates\",\"latitude\":\"\",\"longitude\":\"\"}},\"description\":\"La fel ca \u015fi celelalte recente produc\u0163ii ale Trupei Dada von Bzd\u00fcl\u00f6w, Invisible Duets este un spectacol niciodat\u0103 \u00eencheiat, cu fiecare reprezenta\u0163ie fiind mereu gata pentru surprinz\u0103toare schimb\u0103ri.\\nDada von Bzd\u00fcl\u00f6w Theatre din Gdansk a fost fondat \u00een 1993 de Leszek Bzdyl \u015fi Katarzyna Chmielewska \u015fi este una dintre cele mai cunoscute trupe poloneze de teatru-dans. Format\u0103 din dansatori \u015fi actori, Trupa se afl\u0103 \u00eentr-o continu\u0103 c\u0103utare de limbaje \u015fi forme expresive. Deseori, spectacolele se nasc din exerci\u0163ii de improviza\u0163ie, dar arti\u015ftii Dada apeleaz\u0103 \u015fi la surse de inspira\u0163ie literar\u0103. Leszek Bzdyl \u2013 dansator, coregraf \u015fi regizor \u2013 sus\u0163ine prelegeri la Academia de Teatru din Var\u015fovia \u015fi pred\u0103 la \u015ecoala Na\u0163ional\u0103 de Balet din Gda\u0144sk. Katarzyna Chmielewska \u2013 dansatoare, coregraf\u0103 \u015fi profesoar\u0103 de dans \u2013 a colaborat cu numeroase institu\u0163ii culturale poloneze, printre care cu Opera Baltic\u0103 de Stat, Teatrul de Dans \u015fi Teatrul Wybrze\u017ce din Gda\u0144sk. Cei doi fondatori \u015fi lideri dadai\u015fti au contribuit la re\u00eennoirea teatrului polonez, prin continua promovare a unor experien\u0163e artistice inovatoare.\\nhttp:\/\/www.dadateatr.pl\/\\nhttps:\/\/vimeo.com\/121340638\\nDuete inexistenteTeatrul Tam\u00e1si \u00c1ron, Studioul Nou\\ns\u00e2mb\u0103t\u0103 03\/21 orele 20:00duminic\u0103 03\/22 orele 20:00\\n57 min \\nRecomand\u0103m spectatorilor peste 16 ani\\nConcept: Miko\u0142aj Trzaska, Dada von Bzd\u00fcl\u00f6w\\nDistribu\u0163ia: Katarzyna Chmielewska &amp; Leszek Bzdyl\\nMuzica: Miko\u0142aj TrzaskaCostume: Katarzyna Pi\u0105tekVideo: Maciej SalamonTextele: Grzegorz KwiatkowskiLight design: Micha\u0142 Ko\u0142odziejProduc\u0103tori: Dada von Bzd\u00fcl\u00f6w Theatre, Body\/Mind Festival, Warsaw, Teatr Wybrze\u017ce, Gda\u0144sk\"},{\"@type\":\"ImageObject\",\"inLanguage\":\"pl-PL\",\"@id\":\"https:\/\/instytutpolski.pl\/bucuresti\/2015\/03\/24\/teatrul-dada-von-bzdulow-la-reflex3\/#primaryimage\",\"url\":\"https:\/\/instytutpolski.pl\/bucuresti\/wp-content\/uploads\/sites\/11\/2020\/06\/teatrul-dada-von-bzdulow-la-reflex3.jpg\",\"contentUrl\":\"https:\/\/instytutpolski.pl\/bucuresti\/wp-content\/uploads\/sites\/11\/2020\/06\/teatrul-dada-von-bzdulow-la-reflex3.jpg\",\"width\":660,\"height\":660},{\"@type\":\"BreadcrumbList\",\"@id\":\"https:\/\/instytutpolski.pl\/bucuresti\/2015\/03\/24\/teatrul-dada-von-bzdulow-la-reflex3\/#breadcrumb\",\"itemListElement\":[{\"@type\":\"ListItem\",\"position\":1,\"name\":\"Home\",\"item\":\"https:\/\/instytutpolski.pl\/bucuresti\/\"},{\"@type\":\"ListItem\",\"position\":2,\"name\":\"Teatrul Dada von Bzd\u00fcl\u00f6w, la Reflex3\"}]},{\"@type\":\"WebSite\",\"@id\":\"https:\/\/instytutpolski.pl\/bucuresti\/#website\",\"url\":\"https:\/\/instytutpolski.pl\/bucuresti\/\",\"name\":\"Instytut Polski w Bukareszcie\",\"description\":\"Instytuty Polskie\",\"potentialAction\":[{\"@type\":\"SearchAction\",\"target\":{\"@type\":\"EntryPoint\",\"urlTemplate\":\"https:\/\/instytutpolski.pl\/bucuresti\/?s={search_term_string}\"},\"query-input\":{\"@type\":\"PropertyValueSpecification\",\"valueRequired\":true,\"valueName\":\"search_term_string\"}}],\"inLanguage\":\"pl-PL\"},{\"@type\":\"Person\",\"@id\":\"https:\/\/instytutpolski.pl\/bucuresti\/#\/schema\/person\/980fdccff6ea3f1cab069becadecca5b\",\"name\":\"rutkowskip\",\"image\":{\"@type\":\"ImageObject\",\"inLanguage\":\"pl-PL\",\"@id\":\"https:\/\/instytutpolski.pl\/bucuresti\/#\/schema\/person\/image\/\",\"url\":\"https:\/\/secure.gravatar.com\/avatar\/a44cb0329dc71f58530e0890a10f5e4d?s=96&d=mm&r=g\",\"contentUrl\":\"https:\/\/secure.gravatar.com\/avatar\/a44cb0329dc71f58530e0890a10f5e4d?s=96&d=mm&r=g\",\"caption\":\"rutkowskip\"},\"url\":\"https:\/\/instytutpolski.pl\/bucuresti\/author\/rutkowskip\/\"}]}<\/script>\n<!-- \/ Yoast SEO plugin. -->","yoast_head_json":{"title":"Teatrul Dada von Bzd\u00fcl\u00f6w, la Reflex3 - Instytut Polski w Bukareszcie","robots":{"index":"index","follow":"follow","max-snippet":"max-snippet:-1","max-image-preview":"max-image-preview:large","max-video-preview":"max-video-preview:-1"},"canonical":"https:\/\/instytutpolski.pl\/bucuresti\/2015\/03\/24\/teatrul-dada-von-bzdulow-la-reflex3\/","og_locale":"pl_PL","og_type":"article","og_title":"Teatrul Dada von Bzd\u00fcl\u00f6w, la Reflex3 - Instytut Polski w Bukareszcie","og_description":"La fel ca \u015fi celelalte recente produc\u0163ii ale Trupei Dada von Bzd\u00fcl\u00f6w, Invisible Duets este un spectacol niciodat\u0103 \u00eencheiat, cu fiecare reprezenta\u0163ie fiind mereu gata pentru surprinz\u0103toare schimb\u0103ri. Dada von Bzd\u00fcl\u00f6w Theatre din Gdansk a fost fondat \u00een 1993 de Leszek Bzdyl \u015fi Katarzyna Chmielewska \u015fi este una dintre cele mai cunoscute trupe poloneze de [&hellip;]","og_url":"https:\/\/instytutpolski.pl\/bucuresti\/2015\/03\/24\/teatrul-dada-von-bzdulow-la-reflex3\/","og_site_name":"Instytut Polski w Bukareszcie","article_published_time":"2015-03-24T11:33:00+00:00","article_modified_time":"2020-06-05T11:10:17+00:00","og_image":[{"width":660,"height":660,"url":"https:\/\/instytutpolski.pl\/bucuresti\/wp-content\/uploads\/sites\/11\/2020\/06\/teatrul-dada-von-bzdulow-la-reflex3.jpg","type":"image\/jpeg"}],"author":"rutkowskip","twitter_card":"summary_large_image","twitter_misc":{"Napisane przez":"rutkowskip","Szacowany czas czytania":"1 minuta"},"schema":{"@context":"https:\/\/schema.org","@graph":[{"@type":"event","@id":"https:\/\/instytutpolski.pl\/bucuresti\/2015\/03\/24\/teatrul-dada-von-bzdulow-la-reflex3\/","url":"https:\/\/instytutpolski.pl\/bucuresti\/2015\/03\/24\/teatrul-dada-von-bzdulow-la-reflex3\/","name":"Teatrul Dada von Bzd\u00fcl\u00f6w, la Reflex3","isPartOf":{"@id":"https:\/\/instytutpolski.pl\/bucuresti\/#website"},"primaryImageOfPage":{"@id":"https:\/\/instytutpolski.pl\/bucuresti\/2015\/03\/24\/teatrul-dada-von-bzdulow-la-reflex3\/#primaryimage"},"image":["https:\/\/instytutpolski.pl\/bucuresti\/wp-content\/uploads\/sites\/11\/2020\/06\/teatrul-dada-von-bzdulow-la-reflex3.jpg","https:\/\/instytutpolski.pl\/bucuresti\/wp-content\/uploads\/sites\/11\/2020\/06\/teatrul-dada-von-bzdulow-la-reflex3-300x300.jpg","https:\/\/instytutpolski.pl\/bucuresti\/wp-content\/uploads\/sites\/11\/2020\/06\/teatrul-dada-von-bzdulow-la-reflex3.jpg","https:\/\/instytutpolski.pl\/bucuresti\/wp-content\/uploads\/sites\/11\/2020\/06\/teatrul-dada-von-bzdulow-la-reflex3.jpg"],"thumbnailUrl":"https:\/\/instytutpolski.pl\/bucuresti\/wp-content\/uploads\/sites\/11\/2020\/06\/teatrul-dada-von-bzdulow-la-reflex3.jpg","datePublished":"2015-03-24T11:33:00+02:00","dateModified":"2020-06-05T11:10:17+02:00","author":{"@id":"https:\/\/instytutpolski.pl\/bucuresti\/#\/schema\/person\/980fdccff6ea3f1cab069becadecca5b"},"breadcrumb":{"@id":"https:\/\/instytutpolski.pl\/bucuresti\/2015\/03\/24\/teatrul-dada-von-bzdulow-la-reflex3\/#breadcrumb"},"inLanguage":"pl-PL","potentialAction":[{"@type":"ReadAction","target":["https:\/\/instytutpolski.pl\/bucuresti\/2015\/03\/24\/teatrul-dada-von-bzdulow-la-reflex3\/"]}],"@context":"https:\/\/schema.org","startDate":"2015-03-21","endDate":"2015-03-22","eventStatus":"EventScheduled","eventAttendanceMode":"OfflineEventAttendanceMode","location":{"@type":"place","name":"","address":"","geo":{"@type":"GeoCoordinates","latitude":"","longitude":""}},"description":"La fel ca \u015fi celelalte recente produc\u0163ii ale Trupei Dada von Bzd\u00fcl\u00f6w, Invisible Duets este un spectacol niciodat\u0103 \u00eencheiat, cu fiecare reprezenta\u0163ie fiind mereu gata pentru surprinz\u0103toare schimb\u0103ri.\nDada von Bzd\u00fcl\u00f6w Theatre din Gdansk a fost fondat \u00een 1993 de Leszek Bzdyl \u015fi Katarzyna Chmielewska \u015fi este una dintre cele mai cunoscute trupe poloneze de teatru-dans. Format\u0103 din dansatori \u015fi actori, Trupa se afl\u0103 \u00eentr-o continu\u0103 c\u0103utare de limbaje \u015fi forme expresive. Deseori, spectacolele se nasc din exerci\u0163ii de improviza\u0163ie, dar arti\u015ftii Dada apeleaz\u0103 \u015fi la surse de inspira\u0163ie literar\u0103. Leszek Bzdyl \u2013 dansator, coregraf \u015fi regizor \u2013 sus\u0163ine prelegeri la Academia de Teatru din Var\u015fovia \u015fi pred\u0103 la \u015ecoala Na\u0163ional\u0103 de Balet din Gda\u0144sk. Katarzyna Chmielewska \u2013 dansatoare, coregraf\u0103 \u015fi profesoar\u0103 de dans \u2013 a colaborat cu numeroase institu\u0163ii culturale poloneze, printre care cu Opera Baltic\u0103 de Stat, Teatrul de Dans \u015fi Teatrul Wybrze\u017ce din Gda\u0144sk. Cei doi fondatori \u015fi lideri dadai\u015fti au contribuit la re\u00eennoirea teatrului polonez, prin continua promovare a unor experien\u0163e artistice inovatoare.\nhttp:\/\/www.dadateatr.pl\/\nhttps:\/\/vimeo.com\/121340638\nDuete inexistenteTeatrul Tam\u00e1si \u00c1ron, Studioul Nou\ns\u00e2mb\u0103t\u0103 03\/21 orele 20:00duminic\u0103 03\/22 orele 20:00\n57 min \nRecomand\u0103m spectatorilor peste 16 ani\nConcept: Miko\u0142aj Trzaska, Dada von Bzd\u00fcl\u00f6w\nDistribu\u0163ia: Katarzyna Chmielewska &amp; Leszek Bzdyl\nMuzica: Miko\u0142aj TrzaskaCostume: Katarzyna Pi\u0105tekVideo: Maciej SalamonTextele: Grzegorz KwiatkowskiLight design: Micha\u0142 Ko\u0142odziejProduc\u0103tori: Dada von Bzd\u00fcl\u00f6w Theatre, Body\/Mind Festival, Warsaw, Teatr Wybrze\u017ce, Gda\u0144sk"},{"@type":"ImageObject","inLanguage":"pl-PL","@id":"https:\/\/instytutpolski.pl\/bucuresti\/2015\/03\/24\/teatrul-dada-von-bzdulow-la-reflex3\/#primaryimage","url":"https:\/\/instytutpolski.pl\/bucuresti\/wp-content\/uploads\/sites\/11\/2020\/06\/teatrul-dada-von-bzdulow-la-reflex3.jpg","contentUrl":"https:\/\/instytutpolski.pl\/bucuresti\/wp-content\/uploads\/sites\/11\/2020\/06\/teatrul-dada-von-bzdulow-la-reflex3.jpg","width":660,"height":660},{"@type":"BreadcrumbList","@id":"https:\/\/instytutpolski.pl\/bucuresti\/2015\/03\/24\/teatrul-dada-von-bzdulow-la-reflex3\/#breadcrumb","itemListElement":[{"@type":"ListItem","position":1,"name":"Home","item":"https:\/\/instytutpolski.pl\/bucuresti\/"},{"@type":"ListItem","position":2,"name":"Teatrul Dada von Bzd\u00fcl\u00f6w, la Reflex3"}]},{"@type":"WebSite","@id":"https:\/\/instytutpolski.pl\/bucuresti\/#website","url":"https:\/\/instytutpolski.pl\/bucuresti\/","name":"Instytut Polski w Bukareszcie","description":"Instytuty Polskie","potentialAction":[{"@type":"SearchAction","target":{"@type":"EntryPoint","urlTemplate":"https:\/\/instytutpolski.pl\/bucuresti\/?s={search_term_string}"},"query-input":{"@type":"PropertyValueSpecification","valueRequired":true,"valueName":"search_term_string"}}],"inLanguage":"pl-PL"},{"@type":"Person","@id":"https:\/\/instytutpolski.pl\/bucuresti\/#\/schema\/person\/980fdccff6ea3f1cab069becadecca5b","name":"rutkowskip","image":{"@type":"ImageObject","inLanguage":"pl-PL","@id":"https:\/\/instytutpolski.pl\/bucuresti\/#\/schema\/person\/image\/","url":"https:\/\/secure.gravatar.com\/avatar\/a44cb0329dc71f58530e0890a10f5e4d?s=96&d=mm&r=g","contentUrl":"https:\/\/secure.gravatar.com\/avatar\/a44cb0329dc71f58530e0890a10f5e4d?s=96&d=mm&r=g","caption":"rutkowskip"},"url":"https:\/\/instytutpolski.pl\/bucuresti\/author\/rutkowskip\/"}]}},"_links":{"self":[{"href":"https:\/\/instytutpolski.pl\/bucuresti\/wp-json\/wp\/v2\/posts\/4192","targetHints":{"allow":["GET"]}}],"collection":[{"href":"https:\/\/instytutpolski.pl\/bucuresti\/wp-json\/wp\/v2\/posts"}],"about":[{"href":"https:\/\/instytutpolski.pl\/bucuresti\/wp-json\/wp\/v2\/types\/post"}],"author":[{"embeddable":true,"href":"https:\/\/instytutpolski.pl\/bucuresti\/wp-json\/wp\/v2\/users\/42"}],"replies":[{"embeddable":true,"href":"https:\/\/instytutpolski.pl\/bucuresti\/wp-json\/wp\/v2\/comments?post=4192"}],"version-history":[{"count":3,"href":"https:\/\/instytutpolski.pl\/bucuresti\/wp-json\/wp\/v2\/posts\/4192\/revisions"}],"predecessor-version":[{"id":4198,"href":"https:\/\/instytutpolski.pl\/bucuresti\/wp-json\/wp\/v2\/posts\/4192\/revisions\/4198"}],"wp:featuredmedia":[{"embeddable":true,"href":"https:\/\/instytutpolski.pl\/bucuresti\/wp-json\/wp\/v2\/media\/4193"}],"wp:attachment":[{"href":"https:\/\/instytutpolski.pl\/bucuresti\/wp-json\/wp\/v2\/media?parent=4192"}],"wp:term":[{"taxonomy":"category","embeddable":true,"href":"https:\/\/instytutpolski.pl\/bucuresti\/wp-json\/wp\/v2\/categories?post=4192"},{"taxonomy":"post_tag","embeddable":true,"href":"https:\/\/instytutpolski.pl\/bucuresti\/wp-json\/wp\/v2\/tags?post=4192"}],"curies":[{"name":"wp","href":"https:\/\/api.w.org\/{rel}","templated":true}]}}