{"id":4546,"date":"2014-11-06T15:27:00","date_gmt":"2014-11-06T14:27:00","guid":{"rendered":"https:\/\/instytutpolski.pl\/bucuresti\/?p=4546"},"modified":"2020-06-15T15:43:41","modified_gmt":"2020-06-15T13:43:41","slug":"filme-despre-libertate-la-chisinau","status":"publish","type":"post","link":"https:\/\/instytutpolski.pl\/bucuresti\/2014\/11\/06\/filme-despre-libertate-la-chisinau\/","title":{"rendered":"Filme despre libertate, la Chi\u0219in\u0103u"},"content":{"rendered":"<p>Festivalul va fi deschis de celebrul \u201eIda\u201d, distins cu peste 40 de premii \u0219i candidatul polonez pentru Oscar. Un film artistic alb-negru despre o t\u00e2n\u0103r\u0103 c\u0103lug\u0103ri\u0163\u0103 de origine evreiasc\u0103 care, atunci c\u00e2nd \u00ee\u015fi \u00eent\u00e2lne\u015fte m\u0103tu\u015fa, un procuror comunist, descoper\u0103 \u00eempreun\u0103 cu aceasta povestea tragic\u0103 a familiei sale. \u201eP\u0103pu\u015fa\u201d ne va prezenta via\u021ba primei poete rrome din Polonia \u015fi pre\u0163ul pl\u0103tit pentru talentul s\u0103u. \u201eS\u0103 vrei s\u0103 tr\u0103ie\u015fti\u201d ne va duce \u00een lumea unui t\u00e2n\u0103r care, de\u015fi suferind de paralizie cerebral\u0103, \u00eei \u00eenva\u0163\u0103 pe cei din jur ce \u00eenseamn\u0103 s\u0103 tr\u0103ie\u015fti o via\u0163\u0103 cu adev\u0103rat liber\u0103. \u201eBaby blues\u201d &#8211; o pelicul\u0103 plin\u0103 de umor despre o mam\u0103 adolescent\u0103 care \u00eenva\u0163\u0103 ce e responsabilitatea, p\u0103str\u00e2ndu-\u0219i \u00een acela\u015fi timp bucuria de a tr\u0103i. Buna dispozi\u0163ie e garantat\u0103 \u015fi de filmul \u201eUn bilet spre lun\u0103&#8221; &#8211; un road movie \u015fi o poveste despre maturizare \u00een Polonia anilor &#8217;60. Ultimul film despre libertate este controversatul \u201e\u00cen numele\u201d &#8211; istoria unui preot catolic care se \u00eendr\u0103goste\u015fte de un t\u00e2n\u0103r aflat \u00een grija sa.<\/p>\n<p>https:\/\/www.youtube.com\/watch?v=82Cqud1GBTU<\/p>\n<p>Zilele Filmului Polonez, un eveniment organizat de Institutul Polonez din Bucure\u0219ti \u0219i Asocia\u021bia Cinea\u0219tilor Polonezi, cu sprijinul Institutului Polonez de Art\u0103 Cinematografic\u0103, vor fi g\u0103zduite la <strong>Chi\u015fin\u0103u <\/strong>de Cinematograful Odeon, \u00een perioada <strong>20-25 noiembrie 2014<\/strong> (\u00een fiecare zi de la ora 19.00). <strong>Toate filmele sunt subtitrate \u00een limba rom\u00e2n\u0103, iar dou\u0103 dintre ele (\u201eIda\u201d \u0219i \u201eP\u0103pu\u015fa\u201d): \u00een rom\u00e2n\u0103 \u0219i rus\u0103.<\/strong><\/p>\n<p>Manifestarea face parte dintr-o serie de evenimente organizate de Institutul Polonez din Bucure\u0219ti \u00eempreun\u0103 cu parteneri din Republica Moldova, cu ocazia anivers\u0103rii a 25 de ani de la c\u0103derea comunismului \u00een Europa Central\u0103. M\u00e2ine, 19 noiembrie, la ora 17:00, la sediul Bibliotecii Na\u021bionale a Republicii Moldova vor fi prezentate 9 c\u0103r\u021bi poloneze proasp\u0103t ap\u0103rute \u00een limba rom\u00e2n\u0103, care au ca tem\u0103 pr\u0103bu\u0219irea comunismului. De asemenea, \u00a0Biblioteca Na\u021bional\u0103 a Republicii Moldova prezint\u0103 publicului \u00een aceast\u0103 perioad\u0103 o expozi\u021bie de fotografie intitulat\u0103 \u201eDe la Solidaritate la Masa Rotund\u0103\u201d, care ilustreaz\u0103 evenimentele din Polonia care au condus la c\u0103derea sistemului comunist.<\/p>\n<p><em>Directorul Institutului Polonez, doamna Maja Wawrzyk, se va afla la Chi\u0219in\u0103u \u00een perioada 19-20 noiembrie \u0219i este disponibil\u0103 pentru a acorda interviuri.<\/em><\/p>\n<p><strong>Filmele din program:<\/strong><\/p>\n<p><strong>Ida<\/strong><\/p>\n<p>Polonia, 2013, 79 min.<\/p>\n<p><strong>Regia:<\/strong> Pawe\u0142 Pawlikowski<\/p>\n<p><strong>Scenariul:<\/strong> Pawe\u0142 Pawlikowski, Rebecca Lenkiewicz<\/p>\n<p><strong>Distribu<\/strong><strong>\u021bia<\/strong><strong>:<\/strong> Agata Kulesza, Agata Trzebuchowska, Dawid Ogrodnik, Joanna Kulig \u0219.a.<\/p>\n<p><em>Subtitrare <\/em><em>\u00een limbile rom\u00e2n\u0103 \u0219i rus\u0103<\/em><\/p>\n<p>20.11., ora 19.00 &#8211; Cinema Odeon, Chi\u0219in\u0103u<\/p>\n<p>Polonia, 1962. Anna este novice, o orfan\u0103 crescut\u0103 de c\u0103lug\u0103ri\u0163e la m\u0103n\u0103stire. \u00cenainte de a se c\u0103lug\u0103ri, Anna trebuie s\u0103 o \u00eent\u00e2lneasc\u0103 pe Wanda, singura ei rud\u0103 \u00een via\u0163\u0103, care \u00eei va spune c\u0103 este evreic\u0103. Cele dou\u0103 femei \u00eencep o c\u0103l\u0103torie pentru a descoperi nu doar povestea tragic\u0103 a familiei lor, ci \u015fi pe ele \u00eensele. \u00ce\u015fi pun sub semnul \u00eentreb\u0103rii religia \u015fi toate ideile \u00een care au crezut p\u00e2n\u0103 atunci.<\/p>\n<p>\u201eIda\u201d lui Pawel Pawlikowski este un film r\u0103v\u0103\u0219itor. Un film de o puritate des\u0103v\u00e2r\u0219it\u0103, cu imagini care \u00ee\u021bi r\u0103m\u00e2n pe veci \u00eencrustate \u00een amintire. Un film despre memorie, traum\u0103, adev\u0103r \u0219i c\u0103utarea sinelui. (\u2026) Psihologic, este o reflec\u021bie asupra diferitelor fa\u021bete ale libert\u0103\u021bii umane, despre ceea ce \u00eenseamn\u0103 s\u0103 fii femeie, cre\u0219tin, evreu \u0219i om \u00eentr-un secol marcat de genocid \u0219i ideologii distructive. <strong>&#8211;\u00a0<\/strong><em><strong>Vladimir Tism\u0103neanu<\/strong><\/em><\/p>\n<p><strong>P\u0103pu\u0219a<\/strong><strong> \/ Papusza<\/strong><\/p>\n<p>Polonia, 2013, 126 min.<\/p>\n<p><strong>Regia \u015fi scenariul<\/strong>: Krzysztof Krauze, Joanna Kos-Krauze<\/p>\n<p><strong>Distribu\u021bia<\/strong>: Antoni Pawlicki, Jowita Miondlikowska, Andrzej Walden, Zbigniew Walerys \u0219.a.<\/p>\n<p><em>Subtitrare <\/em><em>\u00een limbile rom\u00e2n\u0103 \u0219i rus\u0103<\/em><\/p>\n<p>21.11., ora 19.00 &#8211; Cinema Odeon, Chi\u0219in\u0103u<\/p>\n<p>Filmul urm\u0103re\u0219te via\u021ba P\u0103pu\u0219ei &#8211; prima poet\u0103 de etnie rrom\u0103 &#8211; de la na\u0219tere p\u00e2n\u0103 la b\u0103tr\u00e2ne\u021be: c\u0103s\u0103toria aranjat\u0103 c\u00e2nd era \u00eenc\u0103 minor\u0103, via\u021ba ei \u00eentr-o tab\u0103r\u0103 de rromi \u00eenaintea, \u00een timpul \u0219i dup\u0103 cel de-al Doilea R\u0103zboi Mondial, apoi domiciliul for\u021bat \u00een Polonia comunist\u0103 \u0219i via\u021ba \u00een s\u0103r\u0103cie. \u00cent\u00e2lnirea cu poetul Jerzy Ficowski, care i-a descoperit marele talent pentru poezie \u0219i i-a publicat operele, a dus la un paradox tragic: P\u0103pu\u0219a ajunge o poet\u0103 celebr\u0103, respins\u0103 de comunitatea de rromi pentru c\u0103 le-a tr\u0103dat secretele.<\/p>\n<p>Filmul, asemenea versurilor P\u0103pu\u0219ei, poveste\u0219te despre libertatea vie\u021bii \u00een apropierea naturii, libertate nedelimitat\u0103 nici de materialism, nici de politic\u0103. Aceste lucruri au fost absorbite de realitatea schimb\u0103toare \u00een care rromilor le era dat s\u0103 tr\u0103iasc\u0103. <strong>&#8211;\u00a0<\/strong><em><strong>Ewelina \u015awieca<\/strong><\/em><\/p>\n<p><strong>S\u0103 vrei s\u0103 tr\u0103ie\u0219ti \/ Chce si\u0119 \u017cy\u0107<\/strong><\/p>\n<p>Polonia, 2013, 107 min.<\/p>\n<p><strong>Regia \u0219i scenariul:<\/strong> Maciej Pieprzyca<\/p>\n<p><strong>Distribu<\/strong><strong>\u021bia<\/strong><strong>:<\/strong> Dawid Ogrodnik, Kamil Tkacz, Dorota Kolak, Arkadiusz Jakubik \u0219.a.<\/p>\n<p><em>Subtitrare \u00een limba rom<\/em><em>\u00e2n\u0103<\/em><\/p>\n<p>22.11., ora 19.00 &#8211; Cinema Odeon, Chi\u0219in\u0103u<\/p>\n<p>Istoria lui Mateusz, un t\u00e2n\u0103r cu paralizie cerebral\u0103, considerat de medici \u0219i societate ca fiind o \u201elegum\u0103\u201d. Dup\u0103 mul\u021bi ani, se dovede\u0219te c\u0103 el este un om complet normal \u0219i inteligent. Pofta sa de via\u021b\u0103 \u0219i \u00eemp\u0103carea cu sine l-au ajutat s\u0103-\u0219i \u00eenving\u0103 limitele.<\/p>\n<p>Filmul este inspirat din fapte reale.<\/p>\n<p>Maciej Pieprzyca a reu\u0219it un lucru extraordinar. A f\u0103cut un film de fic\u021biune ca un basm, cu o poveste miraculos de optimist\u0103. \u201eS\u0103 vrei s\u0103 tr\u0103ie\u0219ti\u201d este povestea unei lupte pentru demnitate \u0219i \u00een\u021belegere &#8211; a unei lupte grele, de lung\u0103 durat\u0103 \u0219i marcat\u0103 de c\u0103deri, dar \u00een acela\u0219i timp plin\u0103 de umor \u0219i optimism.<strong> &#8211; <\/strong><em><strong>Grzegorz Fortuna<\/strong><\/em><\/p>\n<p><strong>\u00cen numele\u2026 \/ W imi\u0119\u2026<\/strong><\/p>\n<p>Polonia, 2013, 98 min.<\/p>\n<p><strong>Regia:<\/strong> Ma\u0142gorzata Szumowska<\/p>\n<p><strong>Scenariul:<\/strong> Ma\u0142gorzata Szumowska, Micha\u0142 Englert<\/p>\n<p><strong>Distribu<\/strong><strong>\u021bia<\/strong><strong>:<\/strong> Andrzej Chyra, Mateusz Ko\u015bciukiewicz, Maja Ostaszewska, \u0141ukasz Simlat \u0219.a.<\/p>\n<p><em>Subtitrare \u00een limba rom<\/em><em>\u00e2n\u0103<\/em><\/p>\n<p>23.11., ora 19.00 &#8211; Cinema Odeon, Chi\u0219in\u0103u<\/p>\n<p>P\u0103rintele Adam preia o mic\u0103 parohie din mijlocul pustiet\u0103\u0163ii, unde organizeaz\u0103 un centru pentru b\u0103ie\u0163i cu trecut tulbure. Entuziasmul s\u0103u este apreciat, iar localnicii \u00eel accept\u0103 ca pe unul de-ai lor. To\u0163i vor s\u0103 se afle \u00een preajma sa, hr\u0103nindu-se cu vitalitatea \u015fi puterea lui, dar nimeni nu \u015ftie c\u0103 ascunde un secret. Dup\u0103 ce \u00eent\u00e2lne\u015fte un t\u00e2n\u0103r excentric \u015fi t\u0103cut, un paria al micii comunit\u0103\u0163i, p\u0103rintele Adam este for\u0163at s\u0103 se confrunte cu o pasiune de mult uitat\u0103. Pe m\u0103sur\u0103 ce b\u0103nuielile s\u0103tenilor sunt confirmate, p\u0103rintele se transform\u0103 \u00een inamic.<\/p>\n<p>Szumowska evit\u0103 scandalul. Nu bate la ochii cu scene dramatice, ci \u00ee\u0219i potole\u0219te nara\u021biunea pun\u00e2nd \u00eentreb\u0103ri universale, existen\u021biale despre natura voca\u021biei \u0219i pre\u021bul singur\u0103t\u0103\u021bii, despre puterea credin\u021bei \u0219i cinismul sentimentelor, despre emo\u021biile ascunse. <strong>&#8211;\u00a0<\/strong><em><strong>Janusz Wr\u00f3blewski<\/strong><\/em><\/p>\n<p><strong>Un bilet spre lun\u0103 \/ Bilet na ksi\u0119\u017cyc<\/strong><\/p>\n<p>Polonia, 2013, 118 min.<\/p>\n<p><strong>Regia \u0219i scenariul: <\/strong>Jacek Bromski<\/p>\n<p><strong>Distribu<\/strong><strong>\u021bia<\/strong>: Filip P\u0142awiak, Mateusz Ko\u015bciukiewicz, Bo\u017cena Adamek, Krzysztof Stroi\u0144ski \u0219.a.<\/p>\n<p><em>Subtitrare \u00een limba rom<\/em><em>\u00e2n\u0103<\/em><\/p>\n<p>24.11., ora 19.00 &#8211; Cinema Odeon, Chi\u0219in\u0103u<\/p>\n<p>Iulie 1969. Adam este chemat \u00een armat\u0103, fiind repartizat la Marin\u0103. \u00cempreun\u0103 cu fratele lui mai mare, Antoni, pleac\u0103 \u00eenspre \u015awinouj\u015bcie. Planul lui Antoni, \u00een zilele r\u0103mase p\u00e2n\u0103 la \u00eenrolare, este acela de a-l preg\u0103ti pe Adam pentru via\u021ba de militar \u0219i, implicit, de a-l introduce \u00een \u201etainele\u201d vie\u021bii.<\/p>\n<p>Filmul uime\u0219te\u00a0de la bun \u00eenceput prin personajele sale, dar\u00a0devine cu adev\u0103rat interesant atunci c\u00e2nd pe ecran apare Mateusz Ko\u015bciukiewicz. Personajul lui spune cele mai multe replici amuzante \u0219i propulseaz\u0103 ac\u021biunea, fiind persoana care, spre deosebire de fratele lui mai mic \u0219i neexperimentat, \u0219tie s\u0103 se descurce \u00een orice situa\u021bie.<strong> &#8211;\u00a0<\/strong><em><strong>Dorota Kostrzewa<\/strong><\/em><\/p>\n<p><strong>Baby blues \/ Bejbi blues<\/strong><\/p>\n<p>Polonia, 2012, 101 min.<\/p>\n<p><strong>Regia <\/strong><strong>\u0219i scenariul<\/strong>: Katarzyna Ros\u0142aniec<\/p>\n<p><strong>Distribu<\/strong><strong>\u021bia<\/strong>: Magdalena Berus, Nikodem Rozbicki, Klaudia Bu\u0142ka, Micha\u0142 Trzeciakowski \u0219.a.<\/p>\n<p><em>Subtitrare \u00een limba rom<\/em><em>\u00e2n\u0103<\/em><\/p>\n<p>25.11., ora 19.00 &#8211; Cinema Odeon, Chi\u0219in\u0103u<\/p>\n<p>Natalia este o mam\u0103 de doar 17 ani. A n\u0103scut un copil pentru c\u0103 asta \u0219i-a dorit, nu a fost o \u00eent\u00e2mplare. S\u0103 ai un copil este <em>cool<\/em>, po\u021bi s\u0103-l \u00eembraci \u00een haine de designer. Dar cel mai important este c\u0103 ai pe cineva care-\u021bi apar\u021bine doar \u021bie \u0219i care te va iubi toat\u0103 via\u021ba.<\/p>\n<p>\u201eBaby Blues&#8221; de Kasia Ros\u0142aniec nu este un film despre adolescen\u021bi polonezi tipici. Inspirat de blogul americancei Tavi Gevinson, cu r\u0103d\u0103cini \u00een cultura hipsterilor din cluburile berlineze \u0219i marcat profund de stilistica pop, aflat\u0103 sub semnul Lady Gaga \u0219i Alison Goldfrapp, este un film despre pierderea controlului asupra propriei vie\u021bi \u00eentr-un stil rock\u2019n\u2019roll. <strong>&#8211;\u00a0<\/strong><em><strong>Anna Bielak<\/strong><\/em><\/p>\n","protected":false},"excerpt":{"rendered":"<p>Festivalul va fi deschis de celebrul \u201eIda\u201d, distins cu peste 40 de premii \u0219i candidatul polonez pentru Oscar. Un film artistic alb-negru despre o t\u00e2n\u0103r\u0103 c\u0103lug\u0103ri\u0163\u0103 de origine evreiasc\u0103 care, atunci c\u00e2nd \u00ee\u015fi \u00eent\u00e2lne\u015fte m\u0103tu\u015fa, un procuror comunist, descoper\u0103 \u00eempreun\u0103 cu aceasta povestea tragic\u0103 a familiei sale. \u201eP\u0103pu\u015fa\u201d ne va prezenta via\u021ba primei poete rrome [&hellip;]<\/p>\n","protected":false},"author":41,"featured_media":4547,"comment_status":"open","ping_status":"open","sticky":false,"template":"","format":"standard","meta":{"inline_featured_image":false,"_monsterinsights_skip_tracking":false,"_monsterinsights_sitenote_active":false,"_monsterinsights_sitenote_note":"","_monsterinsights_sitenote_category":0,"footnotes":""},"categories":[18,94],"tags":[],"class_list":["post-4546","post","type-post","status-publish","format-standard","has-post-thumbnail","hentry","category-cinema","category-evenimente"],"yoast_head":"<!-- This site is optimized with the Yoast SEO plugin v24.6 - https:\/\/yoast.com\/wordpress\/plugins\/seo\/ -->\n<title>Filme despre libertate, la Chi\u0219in\u0103u - Instytut Polski w Bukareszcie<\/title>\n<meta name=\"robots\" content=\"index, follow, max-snippet:-1, max-image-preview:large, max-video-preview:-1\" \/>\n<link rel=\"canonical\" href=\"https:\/\/instytutpolski.pl\/bucuresti\/2014\/11\/06\/filme-despre-libertate-la-chisinau\/\" \/>\n<meta property=\"og:locale\" content=\"pl_PL\" \/>\n<meta property=\"og:type\" content=\"article\" \/>\n<meta property=\"og:title\" content=\"Filme despre libertate, la Chi\u0219in\u0103u - Instytut Polski w Bukareszcie\" \/>\n<meta property=\"og:description\" content=\"Festivalul va fi deschis de celebrul \u201eIda\u201d, distins cu peste 40 de premii \u0219i candidatul polonez pentru Oscar. Un film artistic alb-negru despre o t\u00e2n\u0103r\u0103 c\u0103lug\u0103ri\u0163\u0103 de origine evreiasc\u0103 care, atunci c\u00e2nd \u00ee\u015fi \u00eent\u00e2lne\u015fte m\u0103tu\u015fa, un procuror comunist, descoper\u0103 \u00eempreun\u0103 cu aceasta povestea tragic\u0103 a familiei sale. \u201eP\u0103pu\u015fa\u201d ne va prezenta via\u021ba primei poete rrome [&hellip;]\" \/>\n<meta property=\"og:url\" content=\"https:\/\/instytutpolski.pl\/bucuresti\/2014\/11\/06\/filme-despre-libertate-la-chisinau\/\" \/>\n<meta property=\"og:site_name\" content=\"Instytut Polski w Bukareszcie\" \/>\n<meta property=\"article:published_time\" content=\"2014-11-06T14:27:00+00:00\" \/>\n<meta property=\"article:modified_time\" content=\"2020-06-15T13:43:41+00:00\" \/>\n<meta property=\"og:image\" content=\"https:\/\/instytutpolski.pl\/bucuresti\/wp-content\/uploads\/sites\/11\/2020\/06\/cinepolska-la-chisinau.jpg\" \/>\n\t<meta property=\"og:image:width\" content=\"941\" \/>\n\t<meta property=\"og:image:height\" content=\"642\" \/>\n\t<meta property=\"og:image:type\" content=\"image\/jpeg\" \/>\n<meta name=\"author\" content=\"mirelal\" \/>\n<meta name=\"twitter:card\" content=\"summary_large_image\" \/>\n<meta name=\"twitter:label1\" content=\"Napisane przez\" \/>\n\t<meta name=\"twitter:data1\" content=\"mirelal\" \/>\n\t<meta name=\"twitter:label2\" content=\"Szacowany czas czytania\" \/>\n\t<meta name=\"twitter:data2\" content=\"7 minut\" \/>\n<script type=\"application\/ld+json\" class=\"yoast-schema-graph\">{\"@context\":\"https:\/\/schema.org\",\"@graph\":[{\"@type\":\"event\",\"@id\":\"https:\/\/instytutpolski.pl\/bucuresti\/2014\/11\/06\/filme-despre-libertate-la-chisinau\/\",\"url\":\"https:\/\/instytutpolski.pl\/bucuresti\/2014\/11\/06\/filme-despre-libertate-la-chisinau\/\",\"name\":\"Filme despre libertate, la Chi\u0219in\u0103u\",\"isPartOf\":{\"@id\":\"https:\/\/instytutpolski.pl\/bucuresti\/#website\"},\"primaryImageOfPage\":{\"@id\":\"https:\/\/instytutpolski.pl\/bucuresti\/2014\/11\/06\/filme-despre-libertate-la-chisinau\/#primaryimage\"},\"image\":[\"https:\/\/instytutpolski.pl\/bucuresti\/wp-content\/uploads\/sites\/11\/2020\/06\/cinepolska-la-chisinau.jpg\",\"https:\/\/instytutpolski.pl\/bucuresti\/wp-content\/uploads\/sites\/11\/2020\/06\/cinepolska-la-chisinau-300x205.jpg\",\"https:\/\/instytutpolski.pl\/bucuresti\/wp-content\/uploads\/sites\/11\/2020\/06\/cinepolska-la-chisinau.jpg\",\"https:\/\/instytutpolski.pl\/bucuresti\/wp-content\/uploads\/sites\/11\/2020\/06\/cinepolska-la-chisinau.jpg\"],\"thumbnailUrl\":\"https:\/\/instytutpolski.pl\/bucuresti\/wp-content\/uploads\/sites\/11\/2020\/06\/cinepolska-la-chisinau.jpg\",\"datePublished\":\"2014-11-06T14:27:00+02:00\",\"dateModified\":\"2020-06-15T13:43:41+02:00\",\"author\":{\"@id\":\"https:\/\/instytutpolski.pl\/bucuresti\/#\/schema\/person\/36eba23bd65c4ed8774deeb285a19272\"},\"breadcrumb\":{\"@id\":\"https:\/\/instytutpolski.pl\/bucuresti\/2014\/11\/06\/filme-despre-libertate-la-chisinau\/#breadcrumb\"},\"inLanguage\":\"pl-PL\",\"potentialAction\":[{\"@type\":\"ReadAction\",\"target\":[\"https:\/\/instytutpolski.pl\/bucuresti\/2014\/11\/06\/filme-despre-libertate-la-chisinau\/\"]}],\"@context\":\"https:\/\/schema.org\",\"startDate\":\"2014-11-20\",\"endDate\":\"2014-11-25\",\"eventStatus\":\"EventScheduled\",\"eventAttendanceMode\":\"OfflineEventAttendanceMode\",\"location\":{\"@type\":\"place\",\"name\":\"\",\"address\":\"\",\"geo\":{\"@type\":\"GeoCoordinates\",\"latitude\":\"\",\"longitude\":\"\"}},\"description\":\"Festivalul va fi deschis de celebrul \u201eIda\u201d, distins cu peste 40 de premii \u0219i candidatul polonez pentru Oscar. Un film artistic alb-negru despre o t\u00e2n\u0103r\u0103 c\u0103lug\u0103ri\u0163\u0103 de origine evreiasc\u0103 care, atunci c\u00e2nd \u00ee\u015fi \u00eent\u00e2lne\u015fte m\u0103tu\u015fa, un procuror comunist, descoper\u0103 \u00eempreun\u0103 cu aceasta povestea tragic\u0103 a familiei sale. \u201eP\u0103pu\u015fa\u201d ne va prezenta via\u021ba primei poete rrome din Polonia \u015fi pre\u0163ul pl\u0103tit pentru talentul s\u0103u. \u201eS\u0103 vrei s\u0103 tr\u0103ie\u015fti\u201d ne va duce \u00een lumea unui t\u00e2n\u0103r care, de\u015fi suferind de paralizie cerebral\u0103, \u00eei \u00eenva\u0163\u0103 pe cei din jur ce \u00eenseamn\u0103 s\u0103 tr\u0103ie\u015fti o via\u0163\u0103 cu adev\u0103rat liber\u0103. \u201eBaby blues\u201d - o pelicul\u0103 plin\u0103 de umor despre o mam\u0103 adolescent\u0103 care \u00eenva\u0163\u0103 ce e responsabilitatea, p\u0103str\u00e2ndu-\u0219i \u00een acela\u015fi timp bucuria de a tr\u0103i. Buna dispozi\u0163ie e garantat\u0103 \u015fi de filmul \u201eUn bilet spre lun\u0103\\\" - un road movie \u015fi o poveste despre maturizare \u00een Polonia anilor '60. Ultimul film despre libertate este controversatul \u201e\u00cen numele\u201d - istoria unui preot catolic care se \u00eendr\u0103goste\u015fte de un t\u00e2n\u0103r aflat \u00een grija sa.\\nhttps:\/\/www.youtube.com\/watch?v=82Cqud1GBTU\\nZilele Filmului Polonez, un eveniment organizat de Institutul Polonez din Bucure\u0219ti \u0219i Asocia\u021bia Cinea\u0219tilor Polonezi, cu sprijinul Institutului Polonez de Art\u0103 Cinematografic\u0103, vor fi g\u0103zduite la Chi\u015fin\u0103u de Cinematograful Odeon, \u00een perioada 20-25 noiembrie 2014 (\u00een fiecare zi de la ora 19.00). Toate filmele sunt subtitrate \u00een limba rom\u00e2n\u0103, iar dou\u0103 dintre ele (\u201eIda\u201d \u0219i \u201eP\u0103pu\u015fa\u201d): \u00een rom\u00e2n\u0103 \u0219i rus\u0103.\\nManifestarea face parte dintr-o serie de evenimente organizate de Institutul Polonez din Bucure\u0219ti \u00eempreun\u0103 cu parteneri din Republica Moldova, cu ocazia anivers\u0103rii a 25 de ani de la c\u0103derea comunismului \u00een Europa Central\u0103. M\u00e2ine, 19 noiembrie, la ora 17:00, la sediul Bibliotecii Na\u021bionale a Republicii Moldova vor fi prezentate 9 c\u0103r\u021bi poloneze proasp\u0103t ap\u0103rute \u00een limba rom\u00e2n\u0103, care au ca tem\u0103 pr\u0103bu\u0219irea comunismului. De asemenea, \u00a0Biblioteca Na\u021bional\u0103 a Republicii Moldova prezint\u0103 publicului \u00een aceast\u0103 perioad\u0103 o expozi\u021bie de fotografie intitulat\u0103 \u201eDe la Solidaritate la Masa Rotund\u0103\u201d, care ilustreaz\u0103 evenimentele din Polonia care au condus la c\u0103derea sistemului comunist.\\nDirectorul Institutului Polonez, doamna Maja Wawrzyk, se va afla la Chi\u0219in\u0103u \u00een perioada 19-20 noiembrie \u0219i este disponibil\u0103 pentru a acorda interviuri.\\nFilmele din program:\\nIda\\nPolonia, 2013, 79 min.\\nRegia: Pawe\u0142 Pawlikowski\\nScenariul: Pawe\u0142 Pawlikowski, Rebecca Lenkiewicz\\nDistribu\u021bia: Agata Kulesza, Agata Trzebuchowska, Dawid Ogrodnik, Joanna Kulig \u0219.a.\\nSubtitrare \u00een limbile rom\u00e2n\u0103 \u0219i rus\u0103\\n20.11., ora 19.00 - Cinema Odeon, Chi\u0219in\u0103u\\nPolonia, 1962. Anna este novice, o orfan\u0103 crescut\u0103 de c\u0103lug\u0103ri\u0163e la m\u0103n\u0103stire. \u00cenainte de a se c\u0103lug\u0103ri, Anna trebuie s\u0103 o \u00eent\u00e2lneasc\u0103 pe Wanda, singura ei rud\u0103 \u00een via\u0163\u0103, care \u00eei va spune c\u0103 este evreic\u0103. Cele dou\u0103 femei \u00eencep o c\u0103l\u0103torie pentru a descoperi nu doar povestea tragic\u0103 a familiei lor, ci \u015fi pe ele \u00eensele. \u00ce\u015fi pun sub semnul \u00eentreb\u0103rii religia \u015fi toate ideile \u00een care au crezut p\u00e2n\u0103 atunci.\\n\u201eIda\u201d lui Pawel Pawlikowski este un film r\u0103v\u0103\u0219itor. Un film de o puritate des\u0103v\u00e2r\u0219it\u0103, cu imagini care \u00ee\u021bi r\u0103m\u00e2n pe veci \u00eencrustate \u00een amintire. Un film despre memorie, traum\u0103, adev\u0103r \u0219i c\u0103utarea sinelui. (\u2026) Psihologic, este o reflec\u021bie asupra diferitelor fa\u021bete ale libert\u0103\u021bii umane, despre ceea ce \u00eenseamn\u0103 s\u0103 fii femeie, cre\u0219tin, evreu \u0219i om \u00eentr-un secol marcat de genocid \u0219i ideologii distructive. -\u00a0Vladimir Tism\u0103neanu\\nP\u0103pu\u0219a \/ Papusza\\nPolonia, 2013, 126 min.\\nRegia \u015fi scenariul: Krzysztof Krauze, Joanna Kos-Krauze\\nDistribu\u021bia: Antoni Pawlicki, Jowita Miondlikowska, Andrzej Walden, Zbigniew Walerys \u0219.a.\\nSubtitrare \u00een limbile rom\u00e2n\u0103 \u0219i rus\u0103\\n21.11., ora 19.00 - Cinema Odeon, Chi\u0219in\u0103u\\nFilmul urm\u0103re\u0219te via\u021ba P\u0103pu\u0219ei - prima poet\u0103 de etnie rrom\u0103 - de la na\u0219tere p\u00e2n\u0103 la b\u0103tr\u00e2ne\u021be: c\u0103s\u0103toria aranjat\u0103 c\u00e2nd era \u00eenc\u0103 minor\u0103, via\u021ba ei \u00eentr-o tab\u0103r\u0103 de rromi \u00eenaintea, \u00een timpul \u0219i dup\u0103 cel de-al Doilea R\u0103zboi Mondial, apoi domiciliul for\u021bat \u00een Polonia comunist\u0103 \u0219i via\u021ba \u00een s\u0103r\u0103cie. \u00cent\u00e2lnirea cu poetul Jerzy Ficowski, care i-a descoperit marele talent pentru poezie \u0219i i-a publicat operele, a dus la un paradox tragic: P\u0103pu\u0219a ajunge o poet\u0103 celebr\u0103, respins\u0103 de comunitatea de rromi pentru c\u0103 le-a tr\u0103dat secretele.\\nFilmul, asemenea versurilor P\u0103pu\u0219ei, poveste\u0219te despre libertatea vie\u021bii \u00een apropierea naturii, libertate nedelimitat\u0103 nici de materialism, nici de politic\u0103. Aceste lucruri au fost absorbite de realitatea schimb\u0103toare \u00een care rromilor le era dat s\u0103 tr\u0103iasc\u0103. -\u00a0Ewelina \u015awieca\\nS\u0103 vrei s\u0103 tr\u0103ie\u0219ti \/ Chce si\u0119 \u017cy\u0107\\nPolonia, 2013, 107 min.\\nRegia \u0219i scenariul: Maciej Pieprzyca\\nDistribu\u021bia: Dawid Ogrodnik, Kamil Tkacz, Dorota Kolak, Arkadiusz Jakubik \u0219.a.\\nSubtitrare \u00een limba rom\u00e2n\u0103\\n22.11., ora 19.00 - Cinema Odeon, Chi\u0219in\u0103u\\nIstoria lui Mateusz, un t\u00e2n\u0103r cu paralizie cerebral\u0103, considerat de medici \u0219i societate ca fiind o \u201elegum\u0103\u201d. Dup\u0103 mul\u021bi ani, se dovede\u0219te c\u0103 el este un om complet normal \u0219i inteligent. Pofta sa de via\u021b\u0103 \u0219i \u00eemp\u0103carea cu sine l-au ajutat s\u0103-\u0219i \u00eenving\u0103 limitele.\\nFilmul este inspirat din fapte reale.\\nMaciej Pieprzyca a reu\u0219it un lucru extraordinar. A f\u0103cut un film de fic\u021biune ca un basm, cu o poveste miraculos de optimist\u0103. \u201eS\u0103 vrei s\u0103 tr\u0103ie\u0219ti\u201d este povestea unei lupte pentru demnitate \u0219i \u00een\u021belegere - a unei lupte grele, de lung\u0103 durat\u0103 \u0219i marcat\u0103 de c\u0103deri, dar \u00een acela\u0219i timp plin\u0103 de umor \u0219i optimism. - Grzegorz Fortuna\\n\u00cen numele\u2026 \/ W imi\u0119\u2026\\nPolonia, 2013, 98 min.\\nRegia: Ma\u0142gorzata Szumowska\\nScenariul: Ma\u0142gorzata Szumowska, Micha\u0142 Englert\\nDistribu\u021bia: Andrzej Chyra, Mateusz Ko\u015bciukiewicz, Maja Ostaszewska, \u0141ukasz Simlat \u0219.a.\\nSubtitrare \u00een limba rom\u00e2n\u0103\\n23.11., ora 19.00 - Cinema Odeon, Chi\u0219in\u0103u\\nP\u0103rintele Adam preia o mic\u0103 parohie din mijlocul pustiet\u0103\u0163ii, unde organizeaz\u0103 un centru pentru b\u0103ie\u0163i cu trecut tulbure. Entuziasmul s\u0103u este apreciat, iar localnicii \u00eel accept\u0103 ca pe unul de-ai lor. To\u0163i vor s\u0103 se afle \u00een preajma sa, hr\u0103nindu-se cu vitalitatea \u015fi puterea lui, dar nimeni nu \u015ftie c\u0103 ascunde un secret. Dup\u0103 ce \u00eent\u00e2lne\u015fte un t\u00e2n\u0103r excentric \u015fi t\u0103cut, un paria al micii comunit\u0103\u0163i, p\u0103rintele Adam este for\u0163at s\u0103 se confrunte cu o pasiune de mult uitat\u0103. Pe m\u0103sur\u0103 ce b\u0103nuielile s\u0103tenilor sunt confirmate, p\u0103rintele se transform\u0103 \u00een inamic.\\nSzumowska evit\u0103 scandalul. Nu bate la ochii cu scene dramatice, ci \u00ee\u0219i potole\u0219te nara\u021biunea pun\u00e2nd \u00eentreb\u0103ri universale, existen\u021biale despre natura voca\u021biei \u0219i pre\u021bul singur\u0103t\u0103\u021bii, despre puterea credin\u021bei \u0219i cinismul sentimentelor, despre emo\u021biile ascunse. -\u00a0Janusz Wr\u00f3blewski\\nUn bilet spre lun\u0103 \/ Bilet na ksi\u0119\u017cyc\\nPolonia, 2013, 118 min.\\nRegia \u0219i scenariul: Jacek Bromski\\nDistribu\u021bia: Filip P\u0142awiak, Mateusz Ko\u015bciukiewicz, Bo\u017cena Adamek, Krzysztof Stroi\u0144ski \u0219.a.\\nSubtitrare \u00een limba rom\u00e2n\u0103\\n24.11., ora 19.00 - Cinema Odeon, Chi\u0219in\u0103u\\nIulie 1969. Adam este chemat \u00een armat\u0103, fiind repartizat la Marin\u0103. \u00cempreun\u0103 cu fratele lui mai mare, Antoni, pleac\u0103 \u00eenspre \u015awinouj\u015bcie. Planul lui Antoni, \u00een zilele r\u0103mase p\u00e2n\u0103 la \u00eenrolare, este acela de a-l preg\u0103ti pe Adam pentru via\u021ba de militar \u0219i, implicit, de a-l introduce \u00een \u201etainele\u201d vie\u021bii.\\nFilmul uime\u0219te\u00a0de la bun \u00eenceput prin personajele sale, dar\u00a0devine cu adev\u0103rat interesant atunci c\u00e2nd pe ecran apare Mateusz Ko\u015bciukiewicz. Personajul lui spune cele mai multe replici amuzante \u0219i propulseaz\u0103 ac\u021biunea, fiind persoana care, spre deosebire de fratele lui mai mic \u0219i neexperimentat, \u0219tie s\u0103 se descurce \u00een orice situa\u021bie. -\u00a0Dorota Kostrzewa\\nBaby blues \/ Bejbi blues\\nPolonia, 2012, 101 min.\\nRegia \u0219i scenariul: Katarzyna Ros\u0142aniec\\nDistribu\u021bia: Magdalena Berus, Nikodem Rozbicki, Klaudia Bu\u0142ka, Micha\u0142 Trzeciakowski \u0219.a.\\nSubtitrare \u00een limba rom\u00e2n\u0103\\n25.11., ora 19.00 - Cinema Odeon, Chi\u0219in\u0103u\\nNatalia este o mam\u0103 de doar 17 ani. A n\u0103scut un copil pentru c\u0103 asta \u0219i-a dorit, nu a fost o \u00eent\u00e2mplare. S\u0103 ai un copil este cool, po\u021bi s\u0103-l \u00eembraci \u00een haine de designer. Dar cel mai important este c\u0103 ai pe cineva care-\u021bi apar\u021bine doar \u021bie \u0219i care te va iubi toat\u0103 via\u021ba.\\n\u201eBaby Blues\\\" de Kasia Ros\u0142aniec nu este un film despre adolescen\u021bi polonezi tipici. Inspirat de blogul americancei Tavi Gevinson, cu r\u0103d\u0103cini \u00een cultura hipsterilor din cluburile berlineze \u0219i marcat profund de stilistica pop, aflat\u0103 sub semnul Lady Gaga \u0219i Alison Goldfrapp, este un film despre pierderea controlului asupra propriei vie\u021bi \u00eentr-un stil rock\u2019n\u2019roll. -\u00a0Anna Bielak\"},{\"@type\":\"ImageObject\",\"inLanguage\":\"pl-PL\",\"@id\":\"https:\/\/instytutpolski.pl\/bucuresti\/2014\/11\/06\/filme-despre-libertate-la-chisinau\/#primaryimage\",\"url\":\"https:\/\/instytutpolski.pl\/bucuresti\/wp-content\/uploads\/sites\/11\/2020\/06\/cinepolska-la-chisinau.jpg\",\"contentUrl\":\"https:\/\/instytutpolski.pl\/bucuresti\/wp-content\/uploads\/sites\/11\/2020\/06\/cinepolska-la-chisinau.jpg\",\"width\":941,\"height\":642,\"caption\":\"Foto: Piotr Bzdura\"},{\"@type\":\"BreadcrumbList\",\"@id\":\"https:\/\/instytutpolski.pl\/bucuresti\/2014\/11\/06\/filme-despre-libertate-la-chisinau\/#breadcrumb\",\"itemListElement\":[{\"@type\":\"ListItem\",\"position\":1,\"name\":\"Home\",\"item\":\"https:\/\/instytutpolski.pl\/bucuresti\/\"},{\"@type\":\"ListItem\",\"position\":2,\"name\":\"Filme despre libertate, la Chi\u0219in\u0103u\"}]},{\"@type\":\"WebSite\",\"@id\":\"https:\/\/instytutpolski.pl\/bucuresti\/#website\",\"url\":\"https:\/\/instytutpolski.pl\/bucuresti\/\",\"name\":\"Instytut Polski w Bukareszcie\",\"description\":\"Instytuty Polskie\",\"potentialAction\":[{\"@type\":\"SearchAction\",\"target\":{\"@type\":\"EntryPoint\",\"urlTemplate\":\"https:\/\/instytutpolski.pl\/bucuresti\/?s={search_term_string}\"},\"query-input\":{\"@type\":\"PropertyValueSpecification\",\"valueRequired\":true,\"valueName\":\"search_term_string\"}}],\"inLanguage\":\"pl-PL\"},{\"@type\":\"Person\",\"@id\":\"https:\/\/instytutpolski.pl\/bucuresti\/#\/schema\/person\/36eba23bd65c4ed8774deeb285a19272\",\"name\":\"mirelal\",\"image\":{\"@type\":\"ImageObject\",\"inLanguage\":\"pl-PL\",\"@id\":\"https:\/\/instytutpolski.pl\/bucuresti\/#\/schema\/person\/image\/\",\"url\":\"https:\/\/secure.gravatar.com\/avatar\/5838c7614d071fe473f8aeb2de72beb4?s=96&d=mm&r=g\",\"contentUrl\":\"https:\/\/secure.gravatar.com\/avatar\/5838c7614d071fe473f8aeb2de72beb4?s=96&d=mm&r=g\",\"caption\":\"mirelal\"},\"url\":\"https:\/\/instytutpolski.pl\/bucuresti\/author\/mirelal\/\"}]}<\/script>\n<!-- \/ Yoast SEO plugin. -->","yoast_head_json":{"title":"Filme despre libertate, la Chi\u0219in\u0103u - Instytut Polski w Bukareszcie","robots":{"index":"index","follow":"follow","max-snippet":"max-snippet:-1","max-image-preview":"max-image-preview:large","max-video-preview":"max-video-preview:-1"},"canonical":"https:\/\/instytutpolski.pl\/bucuresti\/2014\/11\/06\/filme-despre-libertate-la-chisinau\/","og_locale":"pl_PL","og_type":"article","og_title":"Filme despre libertate, la Chi\u0219in\u0103u - Instytut Polski w Bukareszcie","og_description":"Festivalul va fi deschis de celebrul \u201eIda\u201d, distins cu peste 40 de premii \u0219i candidatul polonez pentru Oscar. Un film artistic alb-negru despre o t\u00e2n\u0103r\u0103 c\u0103lug\u0103ri\u0163\u0103 de origine evreiasc\u0103 care, atunci c\u00e2nd \u00ee\u015fi \u00eent\u00e2lne\u015fte m\u0103tu\u015fa, un procuror comunist, descoper\u0103 \u00eempreun\u0103 cu aceasta povestea tragic\u0103 a familiei sale. \u201eP\u0103pu\u015fa\u201d ne va prezenta via\u021ba primei poete rrome [&hellip;]","og_url":"https:\/\/instytutpolski.pl\/bucuresti\/2014\/11\/06\/filme-despre-libertate-la-chisinau\/","og_site_name":"Instytut Polski w Bukareszcie","article_published_time":"2014-11-06T14:27:00+00:00","article_modified_time":"2020-06-15T13:43:41+00:00","og_image":[{"width":941,"height":642,"url":"https:\/\/instytutpolski.pl\/bucuresti\/wp-content\/uploads\/sites\/11\/2020\/06\/cinepolska-la-chisinau.jpg","type":"image\/jpeg"}],"author":"mirelal","twitter_card":"summary_large_image","twitter_misc":{"Napisane przez":"mirelal","Szacowany czas czytania":"7 minut"},"schema":{"@context":"https:\/\/schema.org","@graph":[{"@type":"event","@id":"https:\/\/instytutpolski.pl\/bucuresti\/2014\/11\/06\/filme-despre-libertate-la-chisinau\/","url":"https:\/\/instytutpolski.pl\/bucuresti\/2014\/11\/06\/filme-despre-libertate-la-chisinau\/","name":"Filme despre libertate, la Chi\u0219in\u0103u","isPartOf":{"@id":"https:\/\/instytutpolski.pl\/bucuresti\/#website"},"primaryImageOfPage":{"@id":"https:\/\/instytutpolski.pl\/bucuresti\/2014\/11\/06\/filme-despre-libertate-la-chisinau\/#primaryimage"},"image":["https:\/\/instytutpolski.pl\/bucuresti\/wp-content\/uploads\/sites\/11\/2020\/06\/cinepolska-la-chisinau.jpg","https:\/\/instytutpolski.pl\/bucuresti\/wp-content\/uploads\/sites\/11\/2020\/06\/cinepolska-la-chisinau-300x205.jpg","https:\/\/instytutpolski.pl\/bucuresti\/wp-content\/uploads\/sites\/11\/2020\/06\/cinepolska-la-chisinau.jpg","https:\/\/instytutpolski.pl\/bucuresti\/wp-content\/uploads\/sites\/11\/2020\/06\/cinepolska-la-chisinau.jpg"],"thumbnailUrl":"https:\/\/instytutpolski.pl\/bucuresti\/wp-content\/uploads\/sites\/11\/2020\/06\/cinepolska-la-chisinau.jpg","datePublished":"2014-11-06T14:27:00+02:00","dateModified":"2020-06-15T13:43:41+02:00","author":{"@id":"https:\/\/instytutpolski.pl\/bucuresti\/#\/schema\/person\/36eba23bd65c4ed8774deeb285a19272"},"breadcrumb":{"@id":"https:\/\/instytutpolski.pl\/bucuresti\/2014\/11\/06\/filme-despre-libertate-la-chisinau\/#breadcrumb"},"inLanguage":"pl-PL","potentialAction":[{"@type":"ReadAction","target":["https:\/\/instytutpolski.pl\/bucuresti\/2014\/11\/06\/filme-despre-libertate-la-chisinau\/"]}],"@context":"https:\/\/schema.org","startDate":"2014-11-20","endDate":"2014-11-25","eventStatus":"EventScheduled","eventAttendanceMode":"OfflineEventAttendanceMode","location":{"@type":"place","name":"","address":"","geo":{"@type":"GeoCoordinates","latitude":"","longitude":""}},"description":"Festivalul va fi deschis de celebrul \u201eIda\u201d, distins cu peste 40 de premii \u0219i candidatul polonez pentru Oscar. Un film artistic alb-negru despre o t\u00e2n\u0103r\u0103 c\u0103lug\u0103ri\u0163\u0103 de origine evreiasc\u0103 care, atunci c\u00e2nd \u00ee\u015fi \u00eent\u00e2lne\u015fte m\u0103tu\u015fa, un procuror comunist, descoper\u0103 \u00eempreun\u0103 cu aceasta povestea tragic\u0103 a familiei sale. \u201eP\u0103pu\u015fa\u201d ne va prezenta via\u021ba primei poete rrome din Polonia \u015fi pre\u0163ul pl\u0103tit pentru talentul s\u0103u. \u201eS\u0103 vrei s\u0103 tr\u0103ie\u015fti\u201d ne va duce \u00een lumea unui t\u00e2n\u0103r care, de\u015fi suferind de paralizie cerebral\u0103, \u00eei \u00eenva\u0163\u0103 pe cei din jur ce \u00eenseamn\u0103 s\u0103 tr\u0103ie\u015fti o via\u0163\u0103 cu adev\u0103rat liber\u0103. \u201eBaby blues\u201d - o pelicul\u0103 plin\u0103 de umor despre o mam\u0103 adolescent\u0103 care \u00eenva\u0163\u0103 ce e responsabilitatea, p\u0103str\u00e2ndu-\u0219i \u00een acela\u015fi timp bucuria de a tr\u0103i. Buna dispozi\u0163ie e garantat\u0103 \u015fi de filmul \u201eUn bilet spre lun\u0103\" - un road movie \u015fi o poveste despre maturizare \u00een Polonia anilor '60. Ultimul film despre libertate este controversatul \u201e\u00cen numele\u201d - istoria unui preot catolic care se \u00eendr\u0103goste\u015fte de un t\u00e2n\u0103r aflat \u00een grija sa.\nhttps:\/\/www.youtube.com\/watch?v=82Cqud1GBTU\nZilele Filmului Polonez, un eveniment organizat de Institutul Polonez din Bucure\u0219ti \u0219i Asocia\u021bia Cinea\u0219tilor Polonezi, cu sprijinul Institutului Polonez de Art\u0103 Cinematografic\u0103, vor fi g\u0103zduite la Chi\u015fin\u0103u de Cinematograful Odeon, \u00een perioada 20-25 noiembrie 2014 (\u00een fiecare zi de la ora 19.00). Toate filmele sunt subtitrate \u00een limba rom\u00e2n\u0103, iar dou\u0103 dintre ele (\u201eIda\u201d \u0219i \u201eP\u0103pu\u015fa\u201d): \u00een rom\u00e2n\u0103 \u0219i rus\u0103.\nManifestarea face parte dintr-o serie de evenimente organizate de Institutul Polonez din Bucure\u0219ti \u00eempreun\u0103 cu parteneri din Republica Moldova, cu ocazia anivers\u0103rii a 25 de ani de la c\u0103derea comunismului \u00een Europa Central\u0103. M\u00e2ine, 19 noiembrie, la ora 17:00, la sediul Bibliotecii Na\u021bionale a Republicii Moldova vor fi prezentate 9 c\u0103r\u021bi poloneze proasp\u0103t ap\u0103rute \u00een limba rom\u00e2n\u0103, care au ca tem\u0103 pr\u0103bu\u0219irea comunismului. De asemenea, \u00a0Biblioteca Na\u021bional\u0103 a Republicii Moldova prezint\u0103 publicului \u00een aceast\u0103 perioad\u0103 o expozi\u021bie de fotografie intitulat\u0103 \u201eDe la Solidaritate la Masa Rotund\u0103\u201d, care ilustreaz\u0103 evenimentele din Polonia care au condus la c\u0103derea sistemului comunist.\nDirectorul Institutului Polonez, doamna Maja Wawrzyk, se va afla la Chi\u0219in\u0103u \u00een perioada 19-20 noiembrie \u0219i este disponibil\u0103 pentru a acorda interviuri.\nFilmele din program:\nIda\nPolonia, 2013, 79 min.\nRegia: Pawe\u0142 Pawlikowski\nScenariul: Pawe\u0142 Pawlikowski, Rebecca Lenkiewicz\nDistribu\u021bia: Agata Kulesza, Agata Trzebuchowska, Dawid Ogrodnik, Joanna Kulig \u0219.a.\nSubtitrare \u00een limbile rom\u00e2n\u0103 \u0219i rus\u0103\n20.11., ora 19.00 - Cinema Odeon, Chi\u0219in\u0103u\nPolonia, 1962. Anna este novice, o orfan\u0103 crescut\u0103 de c\u0103lug\u0103ri\u0163e la m\u0103n\u0103stire. \u00cenainte de a se c\u0103lug\u0103ri, Anna trebuie s\u0103 o \u00eent\u00e2lneasc\u0103 pe Wanda, singura ei rud\u0103 \u00een via\u0163\u0103, care \u00eei va spune c\u0103 este evreic\u0103. Cele dou\u0103 femei \u00eencep o c\u0103l\u0103torie pentru a descoperi nu doar povestea tragic\u0103 a familiei lor, ci \u015fi pe ele \u00eensele. \u00ce\u015fi pun sub semnul \u00eentreb\u0103rii religia \u015fi toate ideile \u00een care au crezut p\u00e2n\u0103 atunci.\n\u201eIda\u201d lui Pawel Pawlikowski este un film r\u0103v\u0103\u0219itor. Un film de o puritate des\u0103v\u00e2r\u0219it\u0103, cu imagini care \u00ee\u021bi r\u0103m\u00e2n pe veci \u00eencrustate \u00een amintire. Un film despre memorie, traum\u0103, adev\u0103r \u0219i c\u0103utarea sinelui. (\u2026) Psihologic, este o reflec\u021bie asupra diferitelor fa\u021bete ale libert\u0103\u021bii umane, despre ceea ce \u00eenseamn\u0103 s\u0103 fii femeie, cre\u0219tin, evreu \u0219i om \u00eentr-un secol marcat de genocid \u0219i ideologii distructive. -\u00a0Vladimir Tism\u0103neanu\nP\u0103pu\u0219a \/ Papusza\nPolonia, 2013, 126 min.\nRegia \u015fi scenariul: Krzysztof Krauze, Joanna Kos-Krauze\nDistribu\u021bia: Antoni Pawlicki, Jowita Miondlikowska, Andrzej Walden, Zbigniew Walerys \u0219.a.\nSubtitrare \u00een limbile rom\u00e2n\u0103 \u0219i rus\u0103\n21.11., ora 19.00 - Cinema Odeon, Chi\u0219in\u0103u\nFilmul urm\u0103re\u0219te via\u021ba P\u0103pu\u0219ei - prima poet\u0103 de etnie rrom\u0103 - de la na\u0219tere p\u00e2n\u0103 la b\u0103tr\u00e2ne\u021be: c\u0103s\u0103toria aranjat\u0103 c\u00e2nd era \u00eenc\u0103 minor\u0103, via\u021ba ei \u00eentr-o tab\u0103r\u0103 de rromi \u00eenaintea, \u00een timpul \u0219i dup\u0103 cel de-al Doilea R\u0103zboi Mondial, apoi domiciliul for\u021bat \u00een Polonia comunist\u0103 \u0219i via\u021ba \u00een s\u0103r\u0103cie. \u00cent\u00e2lnirea cu poetul Jerzy Ficowski, care i-a descoperit marele talent pentru poezie \u0219i i-a publicat operele, a dus la un paradox tragic: P\u0103pu\u0219a ajunge o poet\u0103 celebr\u0103, respins\u0103 de comunitatea de rromi pentru c\u0103 le-a tr\u0103dat secretele.\nFilmul, asemenea versurilor P\u0103pu\u0219ei, poveste\u0219te despre libertatea vie\u021bii \u00een apropierea naturii, libertate nedelimitat\u0103 nici de materialism, nici de politic\u0103. Aceste lucruri au fost absorbite de realitatea schimb\u0103toare \u00een care rromilor le era dat s\u0103 tr\u0103iasc\u0103. -\u00a0Ewelina \u015awieca\nS\u0103 vrei s\u0103 tr\u0103ie\u0219ti \/ Chce si\u0119 \u017cy\u0107\nPolonia, 2013, 107 min.\nRegia \u0219i scenariul: Maciej Pieprzyca\nDistribu\u021bia: Dawid Ogrodnik, Kamil Tkacz, Dorota Kolak, Arkadiusz Jakubik \u0219.a.\nSubtitrare \u00een limba rom\u00e2n\u0103\n22.11., ora 19.00 - Cinema Odeon, Chi\u0219in\u0103u\nIstoria lui Mateusz, un t\u00e2n\u0103r cu paralizie cerebral\u0103, considerat de medici \u0219i societate ca fiind o \u201elegum\u0103\u201d. Dup\u0103 mul\u021bi ani, se dovede\u0219te c\u0103 el este un om complet normal \u0219i inteligent. Pofta sa de via\u021b\u0103 \u0219i \u00eemp\u0103carea cu sine l-au ajutat s\u0103-\u0219i \u00eenving\u0103 limitele.\nFilmul este inspirat din fapte reale.\nMaciej Pieprzyca a reu\u0219it un lucru extraordinar. A f\u0103cut un film de fic\u021biune ca un basm, cu o poveste miraculos de optimist\u0103. \u201eS\u0103 vrei s\u0103 tr\u0103ie\u0219ti\u201d este povestea unei lupte pentru demnitate \u0219i \u00een\u021belegere - a unei lupte grele, de lung\u0103 durat\u0103 \u0219i marcat\u0103 de c\u0103deri, dar \u00een acela\u0219i timp plin\u0103 de umor \u0219i optimism. - Grzegorz Fortuna\n\u00cen numele\u2026 \/ W imi\u0119\u2026\nPolonia, 2013, 98 min.\nRegia: Ma\u0142gorzata Szumowska\nScenariul: Ma\u0142gorzata Szumowska, Micha\u0142 Englert\nDistribu\u021bia: Andrzej Chyra, Mateusz Ko\u015bciukiewicz, Maja Ostaszewska, \u0141ukasz Simlat \u0219.a.\nSubtitrare \u00een limba rom\u00e2n\u0103\n23.11., ora 19.00 - Cinema Odeon, Chi\u0219in\u0103u\nP\u0103rintele Adam preia o mic\u0103 parohie din mijlocul pustiet\u0103\u0163ii, unde organizeaz\u0103 un centru pentru b\u0103ie\u0163i cu trecut tulbure. Entuziasmul s\u0103u este apreciat, iar localnicii \u00eel accept\u0103 ca pe unul de-ai lor. To\u0163i vor s\u0103 se afle \u00een preajma sa, hr\u0103nindu-se cu vitalitatea \u015fi puterea lui, dar nimeni nu \u015ftie c\u0103 ascunde un secret. Dup\u0103 ce \u00eent\u00e2lne\u015fte un t\u00e2n\u0103r excentric \u015fi t\u0103cut, un paria al micii comunit\u0103\u0163i, p\u0103rintele Adam este for\u0163at s\u0103 se confrunte cu o pasiune de mult uitat\u0103. Pe m\u0103sur\u0103 ce b\u0103nuielile s\u0103tenilor sunt confirmate, p\u0103rintele se transform\u0103 \u00een inamic.\nSzumowska evit\u0103 scandalul. Nu bate la ochii cu scene dramatice, ci \u00ee\u0219i potole\u0219te nara\u021biunea pun\u00e2nd \u00eentreb\u0103ri universale, existen\u021biale despre natura voca\u021biei \u0219i pre\u021bul singur\u0103t\u0103\u021bii, despre puterea credin\u021bei \u0219i cinismul sentimentelor, despre emo\u021biile ascunse. -\u00a0Janusz Wr\u00f3blewski\nUn bilet spre lun\u0103 \/ Bilet na ksi\u0119\u017cyc\nPolonia, 2013, 118 min.\nRegia \u0219i scenariul: Jacek Bromski\nDistribu\u021bia: Filip P\u0142awiak, Mateusz Ko\u015bciukiewicz, Bo\u017cena Adamek, Krzysztof Stroi\u0144ski \u0219.a.\nSubtitrare \u00een limba rom\u00e2n\u0103\n24.11., ora 19.00 - Cinema Odeon, Chi\u0219in\u0103u\nIulie 1969. Adam este chemat \u00een armat\u0103, fiind repartizat la Marin\u0103. \u00cempreun\u0103 cu fratele lui mai mare, Antoni, pleac\u0103 \u00eenspre \u015awinouj\u015bcie. Planul lui Antoni, \u00een zilele r\u0103mase p\u00e2n\u0103 la \u00eenrolare, este acela de a-l preg\u0103ti pe Adam pentru via\u021ba de militar \u0219i, implicit, de a-l introduce \u00een \u201etainele\u201d vie\u021bii.\nFilmul uime\u0219te\u00a0de la bun \u00eenceput prin personajele sale, dar\u00a0devine cu adev\u0103rat interesant atunci c\u00e2nd pe ecran apare Mateusz Ko\u015bciukiewicz. Personajul lui spune cele mai multe replici amuzante \u0219i propulseaz\u0103 ac\u021biunea, fiind persoana care, spre deosebire de fratele lui mai mic \u0219i neexperimentat, \u0219tie s\u0103 se descurce \u00een orice situa\u021bie. -\u00a0Dorota Kostrzewa\nBaby blues \/ Bejbi blues\nPolonia, 2012, 101 min.\nRegia \u0219i scenariul: Katarzyna Ros\u0142aniec\nDistribu\u021bia: Magdalena Berus, Nikodem Rozbicki, Klaudia Bu\u0142ka, Micha\u0142 Trzeciakowski \u0219.a.\nSubtitrare \u00een limba rom\u00e2n\u0103\n25.11., ora 19.00 - Cinema Odeon, Chi\u0219in\u0103u\nNatalia este o mam\u0103 de doar 17 ani. A n\u0103scut un copil pentru c\u0103 asta \u0219i-a dorit, nu a fost o \u00eent\u00e2mplare. S\u0103 ai un copil este cool, po\u021bi s\u0103-l \u00eembraci \u00een haine de designer. Dar cel mai important este c\u0103 ai pe cineva care-\u021bi apar\u021bine doar \u021bie \u0219i care te va iubi toat\u0103 via\u021ba.\n\u201eBaby Blues\" de Kasia Ros\u0142aniec nu este un film despre adolescen\u021bi polonezi tipici. Inspirat de blogul americancei Tavi Gevinson, cu r\u0103d\u0103cini \u00een cultura hipsterilor din cluburile berlineze \u0219i marcat profund de stilistica pop, aflat\u0103 sub semnul Lady Gaga \u0219i Alison Goldfrapp, este un film despre pierderea controlului asupra propriei vie\u021bi \u00eentr-un stil rock\u2019n\u2019roll. -\u00a0Anna Bielak"},{"@type":"ImageObject","inLanguage":"pl-PL","@id":"https:\/\/instytutpolski.pl\/bucuresti\/2014\/11\/06\/filme-despre-libertate-la-chisinau\/#primaryimage","url":"https:\/\/instytutpolski.pl\/bucuresti\/wp-content\/uploads\/sites\/11\/2020\/06\/cinepolska-la-chisinau.jpg","contentUrl":"https:\/\/instytutpolski.pl\/bucuresti\/wp-content\/uploads\/sites\/11\/2020\/06\/cinepolska-la-chisinau.jpg","width":941,"height":642,"caption":"Foto: Piotr Bzdura"},{"@type":"BreadcrumbList","@id":"https:\/\/instytutpolski.pl\/bucuresti\/2014\/11\/06\/filme-despre-libertate-la-chisinau\/#breadcrumb","itemListElement":[{"@type":"ListItem","position":1,"name":"Home","item":"https:\/\/instytutpolski.pl\/bucuresti\/"},{"@type":"ListItem","position":2,"name":"Filme despre libertate, la Chi\u0219in\u0103u"}]},{"@type":"WebSite","@id":"https:\/\/instytutpolski.pl\/bucuresti\/#website","url":"https:\/\/instytutpolski.pl\/bucuresti\/","name":"Instytut Polski w Bukareszcie","description":"Instytuty Polskie","potentialAction":[{"@type":"SearchAction","target":{"@type":"EntryPoint","urlTemplate":"https:\/\/instytutpolski.pl\/bucuresti\/?s={search_term_string}"},"query-input":{"@type":"PropertyValueSpecification","valueRequired":true,"valueName":"search_term_string"}}],"inLanguage":"pl-PL"},{"@type":"Person","@id":"https:\/\/instytutpolski.pl\/bucuresti\/#\/schema\/person\/36eba23bd65c4ed8774deeb285a19272","name":"mirelal","image":{"@type":"ImageObject","inLanguage":"pl-PL","@id":"https:\/\/instytutpolski.pl\/bucuresti\/#\/schema\/person\/image\/","url":"https:\/\/secure.gravatar.com\/avatar\/5838c7614d071fe473f8aeb2de72beb4?s=96&d=mm&r=g","contentUrl":"https:\/\/secure.gravatar.com\/avatar\/5838c7614d071fe473f8aeb2de72beb4?s=96&d=mm&r=g","caption":"mirelal"},"url":"https:\/\/instytutpolski.pl\/bucuresti\/author\/mirelal\/"}]}},"_links":{"self":[{"href":"https:\/\/instytutpolski.pl\/bucuresti\/wp-json\/wp\/v2\/posts\/4546","targetHints":{"allow":["GET"]}}],"collection":[{"href":"https:\/\/instytutpolski.pl\/bucuresti\/wp-json\/wp\/v2\/posts"}],"about":[{"href":"https:\/\/instytutpolski.pl\/bucuresti\/wp-json\/wp\/v2\/types\/post"}],"author":[{"embeddable":true,"href":"https:\/\/instytutpolski.pl\/bucuresti\/wp-json\/wp\/v2\/users\/41"}],"replies":[{"embeddable":true,"href":"https:\/\/instytutpolski.pl\/bucuresti\/wp-json\/wp\/v2\/comments?post=4546"}],"version-history":[{"count":2,"href":"https:\/\/instytutpolski.pl\/bucuresti\/wp-json\/wp\/v2\/posts\/4546\/revisions"}],"predecessor-version":[{"id":4549,"href":"https:\/\/instytutpolski.pl\/bucuresti\/wp-json\/wp\/v2\/posts\/4546\/revisions\/4549"}],"wp:featuredmedia":[{"embeddable":true,"href":"https:\/\/instytutpolski.pl\/bucuresti\/wp-json\/wp\/v2\/media\/4547"}],"wp:attachment":[{"href":"https:\/\/instytutpolski.pl\/bucuresti\/wp-json\/wp\/v2\/media?parent=4546"}],"wp:term":[{"taxonomy":"category","embeddable":true,"href":"https:\/\/instytutpolski.pl\/bucuresti\/wp-json\/wp\/v2\/categories?post=4546"},{"taxonomy":"post_tag","embeddable":true,"href":"https:\/\/instytutpolski.pl\/bucuresti\/wp-json\/wp\/v2\/tags?post=4546"}],"curies":[{"name":"wp","href":"https:\/\/api.w.org\/{rel}","templated":true}]}}